{"id":61716,"date":"2018-09-25T06:28:09","date_gmt":"2018-09-25T04:28:09","guid":{"rendered":"http:\/\/www.radiopiu.net\/wordpress\/?p=61716"},"modified":"2018-09-25T06:28:20","modified_gmt":"2018-09-25T04:28:20","slug":"marmolada-zaia-difenderemo-i-veneti-e-i-bellunesi-con-ottime-ragioni-anche-giuridiche-45-anni-di-scartoffie-testimoniano-di-un-paese-in-malora","status":"publish","type":"post","link":"https:\/\/www.radiopiu.net\/wordpress\/marmolada-zaia-difenderemo-i-veneti-e-i-bellunesi-con-ottime-ragioni-anche-giuridiche-45-anni-di-scartoffie-testimoniano-di-un-paese-in-malora\/","title":{"rendered":"MARMOLADA. ZAIA, \u201cDIFENDEREMO I VENETI E I BELLUNESI CON OTTIME RAGIONI ANCHE GIURIDICHE. 45 ANNI DI SCARTOFFIE TESTIMONIANO DI UN PAESE IN MALORA\u201d"},"content":{"rendered":"<h1 class=\"western\">ROCCA PIETORE_MARMOLADA<\/h1>\n\n\t\t\t<style type='text\/css'>\n\t\t\t\t#gallery-1 {\n\t\t\t\t\tmargin: auto;\n\t\t\t\t}\n\t\t\t\t#gallery-1 .gallery-item {\n\t\t\t\t\tfloat: left;\n\t\t\t\t\tmargin-top: 10px;\n\t\t\t\t\ttext-align: center;\n\t\t\t\t\twidth: 33%;\n\t\t\t\t}\n\t\t\t\t#gallery-1 img {\n\t\t\t\t\tborder: 2px solid #cfcfcf;\n\t\t\t\t}\n\t\t\t\t#gallery-1 .gallery-caption {\n\t\t\t\t\tmargin-left: 0;\n\t\t\t\t}\n\t\t\t\t\/* see gallery_shortcode() in wp-includes\/media.php *\/\n\t\t\t<\/style>\n\t\t<div id='gallery-1' class='dt-gallery-container gallery galleryid-61716 gallery-columns-3 gallery-size-thumbnail'><dl class='gallery-item'>\n\t\t\t\t<dt class='gallery-icon portrait'>\n\t\t\t\t\t<a class=\"rollover\" href='https:\/\/www.radiopiu.net\/wordpress\/marmolada-zaia-difenderemo-i-veneti-e-i-bellunesi-con-ottime-ragioni-anche-giuridiche-45-anni-di-scartoffie-testimoniano-di-un-paese-in-malora\/whatsapp-image-2018-09-24-at-11-59-37\/'><img loading=\"lazy\" decoding=\"async\" width=\"150\" height=\"150\" src=\"https:\/\/www.radiopiu.net\/wordpress\/wp-content\/uploads\/2018\/09\/WhatsApp-Image-2018-09-24-at-11.59.37-150x150.jpeg\" class=\"attachment-thumbnail size-thumbnail\" alt=\"\" \/><\/a>\n\t\t\t\t<\/dt><\/dl><dl class='gallery-item'>\n\t\t\t\t<dt class='gallery-icon landscape'>\n\t\t\t\t\t<a class=\"rollover\" href='https:\/\/www.radiopiu.net\/wordpress\/marmolada-zaia-difenderemo-i-veneti-e-i-bellunesi-con-ottime-ragioni-anche-giuridiche-45-anni-di-scartoffie-testimoniano-di-un-paese-in-malora\/zaia-in-marmolada\/'><img loading=\"lazy\" decoding=\"async\" width=\"150\" height=\"150\" src=\"https:\/\/www.radiopiu.net\/wordpress\/wp-content\/uploads\/2018\/09\/ZAIA-IN-MARMOLADA-150x150.jpeg\" class=\"attachment-thumbnail size-thumbnail\" alt=\"\" \/><\/a>\n\t\t\t\t<\/dt><\/dl><dl class='gallery-item'>\n\t\t\t\t<dt class='gallery-icon landscape'>\n\t\t\t\t\t<a class=\"rollover\" href='https:\/\/www.radiopiu.net\/wordpress\/marmolada-zaia-difenderemo-i-veneti-e-i-bellunesi-con-ottime-ragioni-anche-giuridiche-45-anni-di-scartoffie-testimoniano-di-un-paese-in-malora\/zaia-in-marmolada-2\/'><img loading=\"lazy\" decoding=\"async\" width=\"150\" height=\"150\" src=\"https:\/\/www.radiopiu.net\/wordpress\/wp-content\/uploads\/2018\/09\/ZAIA-IN-MARMOLADA-2-150x150.jpeg\" class=\"attachment-thumbnail size-thumbnail\" alt=\"\" \/><\/a>\n\t\t\t\t<\/dt><\/dl><br style=\"clear: both\" \/><dl class='gallery-item'>\n\t\t\t\t<dt class='gallery-icon landscape'>\n\t\t\t\t\t<a class=\"rollover\" href='https:\/\/www.radiopiu.net\/wordpress\/marmolada-zaia-difenderemo-i-veneti-e-i-bellunesi-con-ottime-ragioni-anche-giuridiche-45-anni-di-scartoffie-testimoniano-di-un-paese-in-malora\/consiglio-in-marmolada\/'><img loading=\"lazy\" decoding=\"async\" width=\"150\" height=\"150\" src=\"https:\/\/www.radiopiu.net\/wordpress\/wp-content\/uploads\/2018\/09\/CONSIGLIO-IN-MARMOLADA-150x150.jpeg\" class=\"attachment-thumbnail size-thumbnail\" alt=\"\" \/><\/a>\n\t\t\t\t<\/dt><\/dl><dl class='gallery-item'>\n\t\t\t\t<dt class='gallery-icon landscape'>\n\t\t\t\t\t<a class=\"rollover\" href='https:\/\/www.radiopiu.net\/wordpress\/marmolada-zaia-difenderemo-i-veneti-e-i-bellunesi-con-ottime-ragioni-anche-giuridiche-45-anni-di-scartoffie-testimoniano-di-un-paese-in-malora\/consiglio-in-marmolada-2\/'><img loading=\"lazy\" decoding=\"async\" width=\"150\" height=\"150\" src=\"https:\/\/www.radiopiu.net\/wordpress\/wp-content\/uploads\/2018\/09\/CONSIGLIO-IN-MARMOLADA-2-150x150.jpeg\" class=\"attachment-thumbnail size-thumbnail\" alt=\"\" \/><\/a>\n\t\t\t\t<\/dt><\/dl>\n\t\t\t\t<br style='clear: both' \/>\n\t\t\t<\/div>\n\n<p class=\"western\">\u201cPurtroppo oggi siamo qui a celebrare la storia di un paese in malora. Dopo 45 anni di cause e scartoffie per un presunto problema che non dovrebbe esistere, l\u2019ufficio complicazione affari semplici ha colpito di nuovo. Ricorriamo convinti delle nostre buone ragioni contro una rideterminazione di confini da parte dell\u2019Agenzia del Territorio che disattende anche il famoso Decreto Pertini del 1982 e il solenne Protocollo d\u2019Intesa siglato nel 2002 tra Regione Veneto, Provincia Autonoma di Trento e i Comuni interessati\u201d.<\/p>\n<p class=\"western\">Lo ha detto il Presidente della Regione del Veneto Luca Zaia, intervenendo in apertura dei lavori del Consiglio regionale straordinario, convocato in Marmolada per difendere la parte veneta del ghiacciaio, trasferita in competenza a Trento da un atto amministrativo dell\u2019Agenzia del Territorio.<\/p>\n<p class=\"western\">\u201cE\u2019 anche singolare \u2013 ha fatto notare Zaia \u2013 come questa Agenzia sia intervenuta modificando i confini mentre \u00e8 ancora pendente al Tar il nostro ricorso contro la decisione presa da Canazei nel gennaio 2017 di disconoscere il Protocollo del 2002. Sia chiaro a tutti \u2013 ha incalzato il Governatore \u2013 che della Marmolada non \u00e8 fregato a nessuno finch\u00e8 non sono arrivati gli impianti e le piste, e solo dopo \u00e8 cominciato il valzer di carte e scartoffie. Sono un inguaribile ottimista \u2013 ha aggiunto Zaia \u2013 e spero si possa aprire una nuova fase di dialogo con gli amici trentini, come fu nel 2002. Certo \u00e8 che, se si tratta di una questione di business, un accordo non si trover\u00e0 mai, se invece ragioniamo di storia e identit\u00e0, lo si trova subito. La partita non \u00e8 chiusa, e la mozione in discussione oggi, che mi auguro sia votata all\u2019unanimit\u00e0, non \u00e8 aria fritta, ma l\u2019avvio della difesa dei diritti dei veneti e dei bellunesi\u201d.<\/p>\n<p class=\"western\">Non \u00e8 mancato, nell\u2019intervento del Governatore, il riferimento alle storie di eroismo vissute su questa montagna: \u201coggi portiamo quass\u00f9 anche, ancora una volta, il ricordo dei caduti della guerra e delle sofferenze che gli uomini in divisa patirono su questi territori impervi. In fondo, questa assurda battaglia sui confini \u00e8 un oltraggio alla loro memoria.<\/p>\n<p class=\"western\">Allargando il ragionamento ai temi della montagna, Zaia ha rivendicato alla sua Giunta la massima attenzione alle necessit\u00e0 delle terre alte: \u201cAlcuni sembrano non accorgersene \u2013 ha detto \u2013 ma se oggi si parla di Montagna \u00e8 per il nostro impegno. Qualcuno ha mai sentito palare \u2013 si \u00e8 chiesto \u2013 di mondiali di Sci a Cortina 2021? Della candidatura alle Olimpiadi 2026? Dell\u2019elettrificazione ferroviaria? Del Treno delle Dolomiti?. Nei fatti, non a parole, per noi la Montagna \u00e8 sinonimo ed elemento di promozione e di identit\u00e0\u201d.<\/p>\n<div style=\"width: 640px;\" class=\"wp-video\"><video class=\"wp-video-shortcode\" id=\"video-61716-1\" width=\"640\" height=\"368\" preload=\"metadata\" controls=\"controls\"><source type=\"video\/mp4\" src=\"http:\/\/www.radiopiu.net\/wordpress\/wp-content\/uploads\/2018\/09\/WhatsApp-Video-2018-09-24-at-13.33.22.mp4?_=1\" \/><a href=\"http:\/\/www.radiopiu.net\/wordpress\/wp-content\/uploads\/2018\/09\/WhatsApp-Video-2018-09-24-at-13.33.22.mp4\">http:\/\/www.radiopiu.net\/wordpress\/wp-content\/uploads\/2018\/09\/WhatsApp-Video-2018-09-24-at-13.33.22.mp4<\/a><\/video><\/div>\n<p>&nbsp;<\/p>\n<h1 align=\"JUSTIFY\"><span style=\"font-size: medium;\"><b>MARMOLADA. BOTTACIN: \u201cCI SERVE UN\u2019AUTONOMIA VERA\u201d<\/b><\/span><\/h1>\n<p align=\"JUSTIFY\">\u201c<span style=\"font-size: medium;\">Credo che oggi sia una giornata epocale. Siamo qui infatti per raccogliere il grido che parte spesso da questi territori montani\u201d. Lo ha detto l\u2019assessore regionale alla specificit\u00e0 di Belluno Gianpaolo Bottacin intervenendo nel corso della seduta straordinaria del consiglio veneto sulla Marmolada per discutere la mozione relativa al Protocollo d&#8217;intesa sottoscritto il 13 maggio 2002 tra Veneto e Trentino Alto Adige sui confini.\u00a0<\/span><span style=\"font-size: medium;\">Bottacin ha sottolineato che la questione si inserisce in un contesto caratterizzato da \u201cun grande equivoco\u201d, cavalcando il quale \u201cqualcuno ha fatto credere che Venezia avrebbe potuto garantire a Belluno lo stesso trattamento delle province del Trentino Alto Adige concedendo l\u2019autonomia amministrativa. Cos\u00ec non \u00e8. L\u2019autonomia amministrativa \u00e8 gi\u00e0 stata realizzata in gran parte. In materia di urbanistica, caccia e pesca, traporto locale, canoni idrici la Provincia gi\u00e0 decide autonomamente. Ma \u00e8 una cosa diversa da quella delle province della vicina regione a statuto speciale. Per avere le stesse condizioni l\u2019autonomia amministrativa non basta, nonostante l\u2019attenzione che la Regione pone da sempre al territorio montano\u201d.\u00a0<\/span>\u201c<span style=\"font-size: medium;\">Tutte le azioni fatte \u2013 ha aggiunto \u2013 sono poi inficiate da due elementi. Il primo \u00e8 quello che ha fatto il governo Monti eliminando i trasferimenti dello Stato: Belluno \u00e8 passata da 28 milioni all\u2019anno a zero. Il secondo \u00e8 la legge Delrio che ha spogliato le Province delle materie e tagliato il personale. La Regione ha invece portato da 17 a 40 i milioni trasferiti alla provincia bellunese che vengono usati per colmare il gap creato a livello governativo. Il 53% del bilancio provinciale \u00e8 ora costituito da risorse regionali, mentre fino al 2011 le risorse regionali ne costituivano il 19%\u201d.\u00a0<\/span>\u201c<span style=\"font-size: medium;\">Ci\u00f2 che ci serve oggi \u2013 ha concluso Bottacin \u2013 \u00e8 un\u2019autonomia vera, quella che il Veneto ha chiesto con il referendum del 22 ottobre e non \u00e8 solo una questione di soldi, anche se l\u201982% dei tributi oggi va allo Stato, ma anche di regole e di leggi che vorremmo poter fare senza vedercele impugnare dal governo. Abbiamo bisogno di un\u2019autonomia vera perch\u00e9 abbiamo dimostrato di essere un\u2019eccellenza e che potremo fare ancora meglio. La battaglia per il riconoscimento di una maggiore autonomia servir\u00e0 a superare anche il grande equivoco in cui sta vivendo la provincia di Belluno: se la torta sar\u00e0 grande per il Veneto, la fetta di Belluno sar\u00e0 grande. Ma se la torta continua a essere piccola per il Veneto, anche la fetta per Belluno non potr\u00e0 mai esser grande per quanto sforzi faccia il Veneto. Occorre per\u00f2 pensare in grande anche a livello locale per sviluppare questo territorio, altrimenti sar\u00e0 inutile guardare al Trentino Alto Adige\u201d.<\/span><\/p>\n","protected":false},"excerpt":{"rendered":"<p>ROCCA PIETORE_MARMOLADA \u201cPurtroppo oggi siamo qui a celebrare la storia di un paese in malora. Dopo 45 anni di cause e scartoffie per un presunto problema che non dovrebbe esistere, l\u2019ufficio complicazione affari semplici ha colpito di nuovo. Ricorriamo convinti delle nostre buone ragioni contro una rideterminazione di confini da parte dell\u2019Agenzia del Territorio che&hellip;<\/p>\n","protected":false},"author":1,"featured_media":61721,"comment_status":"closed","ping_status":"closed","sticky":false,"template":"","format":"standard","meta":{"_monsterinsights_skip_tracking":false,"_monsterinsights_sitenote_active":false,"_monsterinsights_sitenote_note":"","_monsterinsights_sitenote_category":0,"footnotes":""},"categories":[49],"tags":[],"class_list":["post-61716","post","type-post","status-publish","format-standard","has-post-thumbnail","hentry","category-news-18","category-49","description-off"],"img_url":"https:\/\/www.radiopiu.net\/wordpress\/wp-content\/uploads\/2018\/09\/WhatsApp-Image-2018-09-24-at-11.59.37.jpeg","_links":{"self":[{"href":"https:\/\/www.radiopiu.net\/wordpress\/wp-json\/wp\/v2\/posts\/61716","targetHints":{"allow":["GET"]}}],"collection":[{"href":"https:\/\/www.radiopiu.net\/wordpress\/wp-json\/wp\/v2\/posts"}],"about":[{"href":"https:\/\/www.radiopiu.net\/wordpress\/wp-json\/wp\/v2\/types\/post"}],"author":[{"embeddable":true,"href":"https:\/\/www.radiopiu.net\/wordpress\/wp-json\/wp\/v2\/users\/1"}],"replies":[{"embeddable":true,"href":"https:\/\/www.radiopiu.net\/wordpress\/wp-json\/wp\/v2\/comments?post=61716"}],"version-history":[{"count":0,"href":"https:\/\/www.radiopiu.net\/wordpress\/wp-json\/wp\/v2\/posts\/61716\/revisions"}],"wp:featuredmedia":[{"embeddable":true,"href":"https:\/\/www.radiopiu.net\/wordpress\/wp-json\/wp\/v2\/media\/61721"}],"wp:attachment":[{"href":"https:\/\/www.radiopiu.net\/wordpress\/wp-json\/wp\/v2\/media?parent=61716"}],"wp:term":[{"taxonomy":"category","embeddable":true,"href":"https:\/\/www.radiopiu.net\/wordpress\/wp-json\/wp\/v2\/categories?post=61716"},{"taxonomy":"post_tag","embeddable":true,"href":"https:\/\/www.radiopiu.net\/wordpress\/wp-json\/wp\/v2\/tags?post=61716"}],"curies":[{"name":"wp","href":"https:\/\/api.w.org\/{rel}","templated":true}]}}