{"id":61727,"date":"2018-09-24T06:22:19","date_gmt":"2018-09-24T04:22:19","guid":{"rendered":"http:\/\/www.radiopiu.net\/wordpress\/?p=61727"},"modified":"2018-09-25T06:23:08","modified_gmt":"2018-09-25T04:23:08","slug":"due-giorni-tra-il-rombo-dei-motori-e-leleganza-delle-supercars","status":"publish","type":"post","link":"https:\/\/www.radiopiu.net\/wordpress\/due-giorni-tra-il-rombo-dei-motori-e-leleganza-delle-supercars\/","title":{"rendered":"DUE GIORNI TRA IL ROMBO DEI MOTORI E L&#8217;ELEGANZA DELLE SUPERCARS"},"content":{"rendered":"<p>&nbsp;<\/p>\n<blockquote>\n<h3><em>Dolomites Street \u00e8 il pi\u00f9 grande raduno dinamico d&#8217;Europa, collaudato da 8 precedenti edizioni di successo e la nona \u00e8 in programma per i giorni sabato 6 e domenica 7 ottobre che richiamer\u00e0 supercars e auto sportive; lo scorso anno erano 1029 le auto partecipanti e visto il riscontro crescente si pronostica un numero sempre pi\u00f9 crescente.<\/em><\/h3>\n<\/blockquote>\n<h1><strong><em><a class=\"dt-pswp-item\" href=\"http:\/\/www.radiopiu.net\/wordpress\/wp-content\/uploads\/2018\/09\/DS-1.jpg\" data-dt-img-description=\"\" data-large_image_width=\"851\" data-large_image_height=\"315\"><img loading=\"lazy\" decoding=\"async\" class=\"alignnone wp-image-61728 size-full\" src=\"http:\/\/www.radiopiu.net\/wordpress\/wp-content\/uploads\/2018\/09\/DS-1.jpg\" alt=\"\" width=\"851\" height=\"315\" srcset=\"https:\/\/www.radiopiu.net\/wordpress\/wp-content\/uploads\/2018\/09\/DS-1.jpg 851w, https:\/\/www.radiopiu.net\/wordpress\/wp-content\/uploads\/2018\/09\/DS-1-300x111.jpg 300w, https:\/\/www.radiopiu.net\/wordpress\/wp-content\/uploads\/2018\/09\/DS-1-768x284.jpg 768w\" sizes=\"auto, (max-width: 851px) 100vw, 851px\" \/><\/a><\/em><\/strong><\/h1>\n<h1><\/h1>\n<h1><\/h1>\n<h1><strong><em>SABATO 6 OTTOBRE<\/em><\/strong><\/h1>\n<p><a class=\"dt-pswp-item\" href=\"http:\/\/www.radiopiu.net\/wordpress\/wp-content\/uploads\/2018\/09\/DS-4.jpg\" data-dt-img-description=\"\" data-large_image_width=\"480\" data-large_image_height=\"360\"><img loading=\"lazy\" decoding=\"async\" class=\"size-medium wp-image-61731 alignleft\" src=\"http:\/\/www.radiopiu.net\/wordpress\/wp-content\/uploads\/2018\/09\/DS-4-300x225.jpg\" alt=\"\" width=\"300\" height=\"225\" srcset=\"https:\/\/www.radiopiu.net\/wordpress\/wp-content\/uploads\/2018\/09\/DS-4-300x225.jpg 300w, https:\/\/www.radiopiu.net\/wordpress\/wp-content\/uploads\/2018\/09\/DS-4.jpg 480w\" sizes=\"auto, (max-width: 300px) 100vw, 300px\" \/><\/a>Nella prima giornata la carovana inizier\u00e0 il proprio giro da Malga Ciapela, ai piedi della Marmolada, per percorrere un itinerario di 170 chilometri tra strade e Passi Dolomitici, Patrimonio dell&#8217;Unesco. Garantita l&#8217;assistenza delle Forze dell\u2019Ordine col supporto dell&#8217;elicottero Elikos. Ogni partecipante alla partenza sar\u00e0 omaggiato della Welcome Bag contenente, oltre ai gadget, depliant informativi\/pubblicitari dei partner ed una maglietta personalizzata, il Dolomites Book, un libricino che riporter\u00e0 al suo interno tutte le informazioni utili per l\u2019evento. L\u2019iscrizione all\u2019evento \u00e8 totalmente gratuita per i partecipanti che rispettino il regolamento. Per poter partecipare \u00e8 necessario avere un\u2019auto sportiva con almeno 200 cavalli a libretto, per maggiori informazioni si consiglia di visitare il sito internet\u00a0<a href=\"https:\/\/deref-mail.com\/mail\/client\/ccp0BiC-T4A\/dereferrer\/?redirectUrl=http%3A%2F%2Fwww.dolomitesstreet.com\" target=\"_blank\" rel=\"noopener\">www.dolomitesstreet.com<\/a>\u00a0.<\/p>\n<p><strong><em>VIP PASS<\/em><\/strong><\/p>\n<p>E&#8217; un pacchetto speciale a tiratura limitata per sole 50 auto, con trattamento personalizzato e condizioni prioritarie durante l\u2019evento.<\/p>\n<h1><em>DOMENICA 7 OTTOBRE<\/em><\/h1>\n<p>Punto d&#8217;arrivo sar\u00e0 a Falcade, presso il Dolomites Village, nell&#8217;area del parco giochi adiacente alla Piana. Qui si svolger\u00e0 un ritrovo statico aperto al pubblico, affollato dagli stessi partecipanti e da simpatizzanti dell\u2019ambiente motoristico. Saranno presenti stand di preparatori, dimostrazioni di wrap su auto sportive, car-detailing, simulatori di guida e personalit\u00e0 importanti del panorama automobilistico italiano.<\/p>\n<p><strong><em>LE NOVITA&#8217;<\/em><\/strong><\/p>\n<p>Dal merchandising ufficiale Dolomites Street alla festa di sabato al parco giochi nella tenso-struttura: sin dal pomeriggio di sabato sar\u00e0 allestito un aperitivo accompagnato dalla musica della band locale &#8220;3 got down&#8221; per poi proseguire la serata col gruppo live &#8220;Mamalover&#8221;, concludendo la prima giornata a notte fonda con Dj-set.<\/p>\n<blockquote><p><strong><em>EVENTO BENEFICO<\/em><\/strong><\/p>\n<p><strong>Parte del ricavato di pranzi e cena sotto alla tenso-struttura sar\u00e0 devoluto alla Onlus &#8220;Un cuore Un mondo&#8221; di Padova che segue dei bambini con cardiopatie congenite.<\/strong><\/p><\/blockquote>\n<p><strong><em>GO WHITH THE FLOW!<\/em><\/strong><\/p>\n<p><a class=\"dt-pswp-item\" href=\"http:\/\/www.radiopiu.net\/wordpress\/wp-content\/uploads\/2018\/09\/DS-3.jpg\" data-dt-img-description=\"\" data-large_image_width=\"960\" data-large_image_height=\"640\"><img loading=\"lazy\" decoding=\"async\" class=\"size-medium wp-image-61730 alignright\" src=\"http:\/\/www.radiopiu.net\/wordpress\/wp-content\/uploads\/2018\/09\/DS-3-300x200.jpg\" alt=\"\" width=\"300\" height=\"200\" srcset=\"https:\/\/www.radiopiu.net\/wordpress\/wp-content\/uploads\/2018\/09\/DS-3-300x200.jpg 300w, https:\/\/www.radiopiu.net\/wordpress\/wp-content\/uploads\/2018\/09\/DS-3-768x512.jpg 768w, https:\/\/www.radiopiu.net\/wordpress\/wp-content\/uploads\/2018\/09\/DS-3.jpg 960w\" sizes=\"auto, (max-width: 300px) 100vw, 300px\" \/><\/a>Sar\u00e0 uno spettacolo lungo le strade di montagna in un&#8217;atmosfera vissuta tra i motori, con attenzione ai dettagli garantita da un gruppo di ragazzi che hanno saputo coltivare una passione senza fermarsi ai primi ostacoli.<\/p>\n<p><strong><em>I PARTNERS<\/em><\/strong><\/p>\n<p>Media partner dell\u2019evento, come per le precedenti edizioni, oltre alla rivista automobilistica \u201cEvo\u201d, Radio Pi\u00f9 Emittente Agordina, Radio PeterPan e AutoAvio.eu. Riconfermata la collaborazione con i brand Michelin, Red Bull, La Cura dell\u2019Auto, FPT Industries, Blakleader, BrillSteet Motorsport.<\/p>\n<p>Sito internet:\u00a0<a href=\"https:\/\/deref-mail.com\/mail\/client\/ccp0BiC-T4A\/dereferrer\/?redirectUrl=http%3A%2F%2Fwww.dolomitesstreet.com\" target=\"_blank\" rel=\"noopener\">www.dolomitesstreet.com\u00a0<\/a><\/p>\n<p>&nbsp;<\/p>\n<h2>DAGLI ARCHIVI DI RADIO PIU<\/h2>\n<p><strong>3 OTTOBRE 2017<\/strong><\/p>\n<p>Lo scorso fine settimana Falcade \u00e8 stata invasa dagli animali di ritorno dalle malghe e dalla tradizione che ha portato in valle del Biois migliaia di persone, sabato e domenica si rivedr\u00e0 la folla dei grandi eventi, ma tra motori e piloti richiamati dall&#8217;ottava edizione del Dolomites Street, il raduno dinamico di auto sportive pi\u00f9 grande d&#8217;Europa. Un gruppo di amici del bellunese e del trentino ha fatto scuola: come fare turismo portando in vallata 800 auto con relativi equipaggi, almeno 1600 persone, gli alberghi della Val Cordevole, della Valle del Biois e delle vicine stazioni turistiche confinanti hanno gi\u00e0 fatto il pieno di prenotazioni. Il Dolomites Street \u00e8 nato in sordina tra cinque amici che nel 2010 hanno valicato i passi dolomitici e poi hanno iniziato a pubblicizzare l&#8217;evento sui social network e nel corso di competizioni automobilisitiche nazionali ed internazionali. Negli anni la festa ha preso piede fino a raggiungere i 550 partecipanti nel 2015 e i quasi 700 lo scorso anno. Non \u00e8 richiesta alcuna tassa di partecipazione, piuttosto gli ospiti saranno omaggiati con la welcome bag, la borsa con il logo celebrativo, la maglietta dell&#8217;evento e tanti gadget dei partners. Domenica il raduno sar\u00e0, come un anno fa, a Malga Ciapela, gli ospiti arriveranno da tutta Italia, dalla Svizzera, Germania, Francia, Austria, Inghilterra, Croazia, Slovenia, tutti riuniti nella passione per le auto sportive: Lamborghini, Ferrari, Mc Laren, Aston Martin, Gt-R, Dodge, eccellenze a 4 ruote tra le strade Dolomitiche pi\u00f9 belle d&#8217;Italia. &#8220;Sebbene le adesioni per l&#8217;ottava edizione siano in aumento &#8211; dicono gli organizzatori &#8211; lo spirito del raduno \u00e8 sempre lo stesso: un ritrovo tra amici e appassionati di auto sportive e supercar tra le Dolomiti&#8221;. A Malga Ciapela l&#8217;intera area verde della partenza, prevista per sabato alle 11, \u00e8 stata sfalciata e ripulita dai giovani volontari muniti di tagliaerba e grandi sacchetti per la raccolta dei rifiuti . L&#8217;apparato organizzativo, formato da oltre 100 ragazzi, garantir\u00e0 l&#8217;assistenza nei centri abitati e il controllo agli incroci. La collaborazione di Polizia e Carabinieri delle province di Belluno, Trento e Bolzano, rappresenta una condizione essenziale per garantire ordine ed educazione stradale. &#8220;Dal Comando Carabinieri di Corvara &#8211; dicono gli organizzatori &#8211; \u00e8 assicurato il servizio scorta motociclistica agli ordini del comandante, maresciallo Armando Di Genova&#8221;. Sabato al parco giochi di Falcade, fulcro dell&#8217;evento, verr\u00e0 servito il pranzo con il servizio Catering di Villa Clizia all&#8217;interno di una tensostruttura. Nel tardo pomeriggio festa conclusiva con l&#8217;animazione della New Generation. Domenica il Dolomites Village tra stand espositivi di preparatori automobilistici e per la cura dell&#8217;auto provenienti da tutta Italia.<br \/>\nMirko Mezzacasa<\/p>\n<p><strong>7 0TT0BRE 2017<\/strong><\/p>\n<p>SOTTO ALLA MARMOLADA<br \/>\nAlba rosso Ferrari ieri mattina a Malga Ciapela e una regionale 203 agordina fin dalle prime luci trasformata in un lungo serpentone da migliaia d&#8217;euro di marchi supercar, vertiginose Lamborghini, le mitiche Mustang che hanno riempito chilometri di celluloide americana, Mc Laren giallo cromo, Aston Martin, la potente Nissan Gt-R da 1910 cavalli, Dodge, tutte eccellenze a 4 ruote tra le strade Dolomitiche pi\u00f9 belle d&#8217;Italia: questo \u00e8 il Dolomites Streett giunto all&#8217;ottava edizione, organizzato in ogni minimo particolare da un gruppo di giovani, forse nemmeno loro si aspettavano un alba cos\u00ec chiara fiammante. &#8220;Abbiamo iscritto 1029 vetture &#8211; raccontano con orgoglio Andrea ed Alain &#8211; per scaramanzia gi\u00e0 800 partecipanti rispetto ai 550 dello scorso anno ci sembrava un buon risultato. Siamo andati oltre&#8221;. A chi ipotizza il raddoppio per la nona edizione gli organizzatori rispondono frenando. &#8220;Bhe sarebbe gi\u00e0 sufficiente averne 1500 per l&#8217;edizione che anticipa il decennale&#8221;.<br \/>\nFINO A FALCADE<br \/>\nAlle 11 del mattino la colonna d&#8217;auto scortata dai Carabinieri in motocicletta si \u00e8 messa in strada per il passo Fedaia e gi\u00f9 fino a Canazei per risalire i passi Sella, Gardena e raggiungere Corvara e San Cassiano. Rientro nell&#8217;Agordino da Passo Valparola, Falzarego, Giau, Colle Santa Lucia, Selva di Cadore, Val Fiorentina e quindi Falcade. Gente ovunque lungo le strade, soprattutto da Cencenighe a Falcade, con i bambini a salutare con la mano e i grandi con cartelli a caratteri cubitali &#8220;vai col gas&#8221;, &#8220;a manetta&#8221;, &#8220;fraca&#8221;, ben equilibrati da quelli degli organizzatori con i continui inviti alla prudenza ed a rallentare. I piloti sono arrivati da tutta Italia, anche da Catania, da mezza Europa, Lussemburgo, Lituania e Principato di Monaco.<br \/>\nLA TERZA STAGIONE<br \/>\n&#8220;Lo scorso anno avevamo in prenotazione 4 camere, quest&#8217;anno tutto esaurito e i colleghi qui attono sono nelle stesse condizioni&#8221;. Lo dice una sorridente Antonella Schena dal centralissimo Stella Alpina di Falcade. C&#8217;\u00e8 chi ha saputo sfruttare l&#8217;opportunit\u00e0 allungando la stagione estiva in attesa di quella invernale. Hanno lavorato tutti, alberghi, bar, distributori di benzina, negozi di alimentari, le cucine del grande tendone allestito al parco giochi di Falcade. Hanno lavorato i pochi bar che hanno tenuto aperto a Rocca Pietore e Malga Ciapela, perch\u00e9 in tanti hanno dimostrato di non sapere cogliere le opportunit\u00e0 e soprattutto tenendo le serrande abbassate di non credere nell&#8217;importante lavoro di un gruppo di ragazzi che non sono certo imprenditori turistici. Con l&#8217;auspicio che chi troppo spesso predica che l&#8217;Agordino non offre molto fuori stagione si ricreda, il prossimo anno ci potrebbero essere delle sorprese anche alla luce di quei piloti austriaci che sui loro social contano 100 mila seguaci e ieri hanno innondato la rete di stupendi video di motori e Dolomiti assolate.<br \/>\nL&#8217;OSPITE D&#8217;ONORE<br \/>\nKristian Ghedina con la solita simpatia e il sorriso che lo contraddistingue ha fatto la sua comparsa a Falcade raccontando gli epici successi sugli sci e l&#8217;adrenalina da motori, anche lui ne \u00e8 stato contagiato. &#8220;E&#8217; un gran bell&#8217;evento &#8211; ha detto Ghedina &#8211; fa arrivare un sacco di persone che vedono le nostre vallate. Qui tutto \u00e8 gratuito la gente viene per far vedere il mezzo, fare quattro &#8220;sgasate&#8221;, molto appagante&#8221;.<br \/>\nA Malga Ciapela a dare il buongiorno ai piloti anche il sindaco Andrea De Bernardin. &#8220;Mai vista una simile apoteosi di macchine sotto alla Marmolada. Marche importanti di alto livello. Quanta gente per questa inusuale manifestaizione che non \u00e8 una gara, ma un percorrere le strade con vista sulle Dolomiti. Ci sono tutti i presupposti per un futuro di grande successo. Che giornata memorabile e di festa, in tanti anni non ho mai visto tanta gente a Malga Ciapela, migliaia e migliaia di persone e tanti accenti diversi&#8221;.<br \/>\nL&#8217;assessore veneto Gianpaolo Bottacin, grande appassionato di motori un salto nell&#8217;Agordino lo ha fatto e con piacere. &#8220;Che evento straordinario &#8211; ha detto il rappresentante regionale &#8211; le pi\u00f9 belle auto del mondo tra le montagne pi\u00f9 belle del mondo, evento unico, un impatto meraviglioso nel rispetto del codice della strada perch\u00e9 \u00e8 una gita turistica. Cos\u00ec si veicola l&#8217;immagine dolomitica nel mondo, grande occasione di promozione che non capita tutti i giorni. Se dovessi scegliere l&#8217;auto pi\u00f9 bella sicuramente la Ferrari F40, visto il costo un sogno e ci si accontenta di guardarla&#8221;.<br \/>\nOggi al parco giochi di Falcade gran finale nel Dolomites Village per stare insieme, per condividere una passione.<\/p>\n","protected":false},"excerpt":{"rendered":"<p>&nbsp; Dolomites Street \u00e8 il pi\u00f9 grande raduno dinamico d&#8217;Europa, collaudato da 8 precedenti edizioni di successo e la nona \u00e8 in programma per i giorni sabato 6 e domenica 7 ottobre che richiamer\u00e0 supercars e auto sportive; lo scorso anno erano 1029 le auto partecipanti e visto il riscontro crescente si pronostica un numero&hellip;<\/p>\n","protected":false},"author":1,"featured_media":61729,"comment_status":"closed","ping_status":"closed","sticky":false,"template":"","format":"standard","meta":{"_monsterinsights_skip_tracking":false,"_monsterinsights_sitenote_active":false,"_monsterinsights_sitenote_note":"","_monsterinsights_sitenote_category":0,"footnotes":""},"categories":[2,72],"tags":[],"class_list":["post-61727","post","type-post","status-publish","format-standard","has-post-thumbnail","hentry","category-news","category-sport","category-2","category-72","description-off"],"img_url":"https:\/\/www.radiopiu.net\/wordpress\/wp-content\/uploads\/2018\/09\/DS-2.jpg","_links":{"self":[{"href":"https:\/\/www.radiopiu.net\/wordpress\/wp-json\/wp\/v2\/posts\/61727","targetHints":{"allow":["GET"]}}],"collection":[{"href":"https:\/\/www.radiopiu.net\/wordpress\/wp-json\/wp\/v2\/posts"}],"about":[{"href":"https:\/\/www.radiopiu.net\/wordpress\/wp-json\/wp\/v2\/types\/post"}],"author":[{"embeddable":true,"href":"https:\/\/www.radiopiu.net\/wordpress\/wp-json\/wp\/v2\/users\/1"}],"replies":[{"embeddable":true,"href":"https:\/\/www.radiopiu.net\/wordpress\/wp-json\/wp\/v2\/comments?post=61727"}],"version-history":[{"count":0,"href":"https:\/\/www.radiopiu.net\/wordpress\/wp-json\/wp\/v2\/posts\/61727\/revisions"}],"wp:featuredmedia":[{"embeddable":true,"href":"https:\/\/www.radiopiu.net\/wordpress\/wp-json\/wp\/v2\/media\/61729"}],"wp:attachment":[{"href":"https:\/\/www.radiopiu.net\/wordpress\/wp-json\/wp\/v2\/media?parent=61727"}],"wp:term":[{"taxonomy":"category","embeddable":true,"href":"https:\/\/www.radiopiu.net\/wordpress\/wp-json\/wp\/v2\/categories?post=61727"},{"taxonomy":"post_tag","embeddable":true,"href":"https:\/\/www.radiopiu.net\/wordpress\/wp-json\/wp\/v2\/tags?post=61727"}],"curies":[{"name":"wp","href":"https:\/\/api.w.org\/{rel}","templated":true}]}}