{"id":61738,"date":"2018-09-24T14:36:45","date_gmt":"2018-09-24T12:36:45","guid":{"rendered":"http:\/\/www.radiopiu.net\/wordpress\/?p=61738"},"modified":"2018-09-24T14:36:45","modified_gmt":"2018-09-24T12:36:45","slug":"ricerca-persone-addestramento-a-feltre","status":"publish","type":"post","link":"https:\/\/www.radiopiu.net\/wordpress\/ricerca-persone-addestramento-a-feltre\/","title":{"rendered":"RICERCA PERSONE: ADDESTRAMENTO A FELTRE"},"content":{"rendered":"<p>&nbsp;<\/p>\n<h1>FELTRE<\/h1>\n<p>Conoscersi, operare con modalit\u00e0 condivise, ottimizzare tempi e gestione delle manovre, sono alcuni degli obiettivi prefissati negli incontri tra le diverse forze impegnate nella ricerca dei dispersi. In quest&#8217;ottica, venerd\u00ec e sabato scorsi, 21 e 22 settembre si \u00e8 svolto l&#8217;addestramento congiunto tra il Soccorso alpino di Feltre e le diverse associazioni territoriali raggruppate nel Coordinamento di protezione civile di Feltre. Venerd\u00ec nella sede del Soccorso alpino di Feltre si \u00e8 tenuta la parte di teoria, con l&#8217;illustrazione ai volontari di Protezione civile presenti di nozioni di cartografia, dell&#8217;organizzazione delle zone da perlustrare, di come si reperiscono le informazioni dai testimoni, dei rapporti con i parenti e gli amici di chi scompare, delle modalit\u00e0 di attivazione e di come affrontare una battuta di ricerca a pettine. Sabato \u00e8 stata la volta della pratica nelle vicinanze del greto del fiume Piave a Santa Giustina, dove \u00e8 stata ipotizzata la sparizione di una persona con l&#8217;avvio delle sue ricerche, affidando aree di ricerca a squadre miste. Una volta avvenuto il ritrovamento dell&#8217;infortunato, si \u00e8 provveduto inoltre alla parte sanitaria e alla fase di recupero.<\/p>\n<h1>GALLERIA FOTO CLICCA PER INGRANDIRE<\/h1>\n\n\t\t\t<style type='text\/css'>\n\t\t\t\t#gallery-1 {\n\t\t\t\t\tmargin: auto;\n\t\t\t\t}\n\t\t\t\t#gallery-1 .gallery-item {\n\t\t\t\t\tfloat: left;\n\t\t\t\t\tmargin-top: 10px;\n\t\t\t\t\ttext-align: center;\n\t\t\t\t\twidth: 33%;\n\t\t\t\t}\n\t\t\t\t#gallery-1 img {\n\t\t\t\t\tborder: 2px solid #cfcfcf;\n\t\t\t\t}\n\t\t\t\t#gallery-1 .gallery-caption {\n\t\t\t\t\tmargin-left: 0;\n\t\t\t\t}\n\t\t\t\t\/* see gallery_shortcode() in wp-includes\/media.php *\/\n\t\t\t<\/style>\n\t\t<div id='gallery-1' class='dt-gallery-container gallery galleryid-61738 gallery-columns-3 gallery-size-thumbnail'><dl class='gallery-item'>\n\t\t\t\t<dt class='gallery-icon landscape'>\n\t\t\t\t\t<a class=\"rollover\" href='https:\/\/www.radiopiu.net\/wordpress\/ricerca-persone-addestramento-a-feltre\/img-20180924-wa0000\/'><img loading=\"lazy\" decoding=\"async\" width=\"150\" height=\"150\" src=\"https:\/\/www.radiopiu.net\/wordpress\/wp-content\/uploads\/2018\/09\/IMG-20180924-WA0000-150x150.jpg\" class=\"attachment-thumbnail size-thumbnail\" alt=\"\" \/><\/a>\n\t\t\t\t<\/dt><\/dl><dl class='gallery-item'>\n\t\t\t\t<dt class='gallery-icon landscape'>\n\t\t\t\t\t<a class=\"rollover\" href='https:\/\/www.radiopiu.net\/wordpress\/ricerca-persone-addestramento-a-feltre\/img-20180924-wa0001\/'><img loading=\"lazy\" decoding=\"async\" width=\"150\" height=\"150\" src=\"https:\/\/www.radiopiu.net\/wordpress\/wp-content\/uploads\/2018\/09\/IMG-20180924-WA0001-150x150.jpg\" class=\"attachment-thumbnail size-thumbnail\" alt=\"\" \/><\/a>\n\t\t\t\t<\/dt><\/dl><dl class='gallery-item'>\n\t\t\t\t<dt class='gallery-icon landscape'>\n\t\t\t\t\t<a class=\"rollover\" href='https:\/\/www.radiopiu.net\/wordpress\/ricerca-persone-addestramento-a-feltre\/img-20180924-wa0006\/'><img loading=\"lazy\" decoding=\"async\" width=\"150\" height=\"150\" src=\"https:\/\/www.radiopiu.net\/wordpress\/wp-content\/uploads\/2018\/09\/IMG-20180924-WA0006-150x150.jpg\" class=\"attachment-thumbnail size-thumbnail\" alt=\"\" \/><\/a>\n\t\t\t\t<\/dt><\/dl><br style=\"clear: both\" \/>\n\t\t\t<\/div>\n\n<p>&nbsp;<\/p>\n","protected":false},"excerpt":{"rendered":"<p>&nbsp; FELTRE Conoscersi, operare con modalit\u00e0 condivise, ottimizzare tempi e gestione delle manovre, sono alcuni degli obiettivi prefissati negli incontri tra le diverse forze impegnate nella ricerca dei dispersi. In quest&#8217;ottica, venerd\u00ec e sabato scorsi, 21 e 22 settembre si \u00e8 svolto l&#8217;addestramento congiunto tra il Soccorso alpino di Feltre e le diverse associazioni territoriali&hellip;<\/p>\n","protected":false},"author":1,"featured_media":61740,"comment_status":"closed","ping_status":"closed","sticky":false,"template":"","format":"standard","meta":{"_monsterinsights_skip_tracking":false,"_monsterinsights_sitenote_active":false,"_monsterinsights_sitenote_note":"","_monsterinsights_sitenote_category":0,"footnotes":""},"categories":[49],"tags":[],"class_list":["post-61738","post","type-post","status-publish","format-standard","has-post-thumbnail","hentry","category-news-18","category-49","description-off"],"img_url":"https:\/\/www.radiopiu.net\/wordpress\/wp-content\/uploads\/2018\/09\/IMG-20180924-WA0001.jpg","_links":{"self":[{"href":"https:\/\/www.radiopiu.net\/wordpress\/wp-json\/wp\/v2\/posts\/61738","targetHints":{"allow":["GET"]}}],"collection":[{"href":"https:\/\/www.radiopiu.net\/wordpress\/wp-json\/wp\/v2\/posts"}],"about":[{"href":"https:\/\/www.radiopiu.net\/wordpress\/wp-json\/wp\/v2\/types\/post"}],"author":[{"embeddable":true,"href":"https:\/\/www.radiopiu.net\/wordpress\/wp-json\/wp\/v2\/users\/1"}],"replies":[{"embeddable":true,"href":"https:\/\/www.radiopiu.net\/wordpress\/wp-json\/wp\/v2\/comments?post=61738"}],"version-history":[{"count":0,"href":"https:\/\/www.radiopiu.net\/wordpress\/wp-json\/wp\/v2\/posts\/61738\/revisions"}],"wp:featuredmedia":[{"embeddable":true,"href":"https:\/\/www.radiopiu.net\/wordpress\/wp-json\/wp\/v2\/media\/61740"}],"wp:attachment":[{"href":"https:\/\/www.radiopiu.net\/wordpress\/wp-json\/wp\/v2\/media?parent=61738"}],"wp:term":[{"taxonomy":"category","embeddable":true,"href":"https:\/\/www.radiopiu.net\/wordpress\/wp-json\/wp\/v2\/categories?post=61738"},{"taxonomy":"post_tag","embeddable":true,"href":"https:\/\/www.radiopiu.net\/wordpress\/wp-json\/wp\/v2\/tags?post=61738"}],"curies":[{"name":"wp","href":"https:\/\/api.w.org\/{rel}","templated":true}]}}