{"id":61760,"date":"2018-09-25T06:30:20","date_gmt":"2018-09-25T04:30:20","guid":{"rendered":"http:\/\/www.radiopiu.net\/wordpress\/?p=61760"},"modified":"2018-09-28T19:11:42","modified_gmt":"2018-09-28T17:11:42","slug":"esplosione-nel-cantiere-in-stazione","status":"publish","type":"post","link":"https:\/\/www.radiopiu.net\/wordpress\/esplosione-nel-cantiere-in-stazione\/","title":{"rendered":"ESPLOSIONE NEL CANTIERE IN STAZIONE"},"content":{"rendered":"<p>&nbsp;<\/p>\n<p><strong><a class=\"dt-pswp-item\" href=\"http:\/\/www.radiopiu.net\/wordpress\/wp-content\/uploads\/2018\/09\/WhatsApp-Image-2018-09-24-at-17.12.39.jpeg\" data-dt-img-description=\"\" data-large_image_width=\"900\" data-large_image_height=\"1600\"><img loading=\"lazy\" decoding=\"async\" class=\"size-medium wp-image-61775 alignleft\" src=\"http:\/\/www.radiopiu.net\/wordpress\/wp-content\/uploads\/2018\/09\/WhatsApp-Image-2018-09-24-at-17.12.39-169x300.jpeg\" alt=\"\" width=\"169\" height=\"300\" srcset=\"https:\/\/www.radiopiu.net\/wordpress\/wp-content\/uploads\/2018\/09\/WhatsApp-Image-2018-09-24-at-17.12.39-169x300.jpeg 169w, https:\/\/www.radiopiu.net\/wordpress\/wp-content\/uploads\/2018\/09\/WhatsApp-Image-2018-09-24-at-17.12.39-768x1365.jpeg 768w, https:\/\/www.radiopiu.net\/wordpress\/wp-content\/uploads\/2018\/09\/WhatsApp-Image-2018-09-24-at-17.12.39-576x1024.jpeg 576w, https:\/\/www.radiopiu.net\/wordpress\/wp-content\/uploads\/2018\/09\/WhatsApp-Image-2018-09-24-at-17.12.39.jpeg 900w\" sizes=\"auto, (max-width: 169px) 100vw, 169px\" \/><\/a><\/strong><\/p>\n<p>&nbsp;<\/p>\n<p>&nbsp;<\/p>\n<p>&nbsp;<\/p>\n<p><strong>BELLUNO<\/strong> Erano le 15.45\u00a0 quando la citt\u00e0 di Belluno ha tremato per una fortissima esplosione nel cantiere in stazione ferroviaria. Immediato l&#8217;intervento di ambulanze, elicottero del Suem, Carabinieri e Vigili del fuoco. CI sono purtroppo feriti, le cause dell&#8217;incidente sono al vaglio degli inquirenti. Dei tre feriti due di loro sono in gravissime condizioni e per questo trasportati con l&#8217;elicottero all&#8217;ospedale di Padova nel reparto grandi ustionati. Il terzo\u00a0 \u00e8 assistito dal personale medico dell&#8217;ospedale San Martino.<\/p>\n<p>&nbsp;<\/p>\n<p>&nbsp;<\/p>\n<p>&nbsp;<\/p>\n<p>&nbsp;<\/p>\n<h1>DAL COMANDO VIGILI DEL FUOCO DI BELLUNO<\/h1>\n<p>Dalle 15.47, i vigili del fuoco sono impegnati in via Europa presso la stazione ferroviaria di Belluno per un\u2019esplosione avvenuta sul cofano motore di una macchina operatrice adibita a lavori ferroviari: tre operai sono rimasti feriti. I vigili del fuoco accorsi con tre squadre hanno subito messo in sicurezza il mezzo e prestato i primi soccorsi agli operai colpiti dall\u2019esplosione, che sono stati presi in cura dal personale del suem 118 per essere portati in ospedale. Il comandante dei vigili del fuoco Girolamo Bentivoglio Fiandra insieme con il funzionario di turno hanno coadiuvato i soccorsi fino alla messa in sicurezza dell\u2019area interessata. La zona dell\u2019esplosione \u00e8 lontana diverse centinaia di metri dall\u2019area passeggeri della stazione. Le cause che hanno innescato l\u2019esplosione sono al vaglio dei tecnici dei vigili del fuoco Sul posto la polizia ferroviaria e una squadra della scientifica e personale dello spisal. Nessun passeggero o chi attendeva in stazione\u00a0 \u00e8 stato coinvolto: l&#8217;area del deposito \u00e8 lontana entinaia di metri dall&#8217;area passeggeri.\u00a0 \u00a0Sto alla circolazione dei treni\u00a0 per almeno un&#8217;ora onde\u00a0consentire i soccorsi e gli accertamenti sulle cause del gravissimo incidente.<\/p>\n<p><a class=\"dt-pswp-item\" href=\"http:\/\/www.radiopiu.net\/wordpress\/wp-content\/uploads\/2018\/09\/WhatsApp-Image-2018-09-24-at-17.41.12.jpeg\" data-dt-img-description=\"\" data-large_image_width=\"1280\" data-large_image_height=\"864\"><img loading=\"lazy\" decoding=\"async\" class=\"alignnone size-medium wp-image-61786\" src=\"http:\/\/www.radiopiu.net\/wordpress\/wp-content\/uploads\/2018\/09\/WhatsApp-Image-2018-09-24-at-17.41.12-300x203.jpeg\" alt=\"\" width=\"300\" height=\"203\" srcset=\"https:\/\/www.radiopiu.net\/wordpress\/wp-content\/uploads\/2018\/09\/WhatsApp-Image-2018-09-24-at-17.41.12-300x203.jpeg 300w, https:\/\/www.radiopiu.net\/wordpress\/wp-content\/uploads\/2018\/09\/WhatsApp-Image-2018-09-24-at-17.41.12-768x518.jpeg 768w, https:\/\/www.radiopiu.net\/wordpress\/wp-content\/uploads\/2018\/09\/WhatsApp-Image-2018-09-24-at-17.41.12-1024x691.jpeg 1024w, https:\/\/www.radiopiu.net\/wordpress\/wp-content\/uploads\/2018\/09\/WhatsApp-Image-2018-09-24-at-17.41.12.jpeg 1280w\" sizes=\"auto, (max-width: 300px) 100vw, 300px\" \/><\/a><a class=\"dt-pswp-item\" href=\"http:\/\/www.radiopiu.net\/wordpress\/wp-content\/uploads\/2018\/09\/WhatsApp-Image-2018-09-24-at-17.41.11.jpeg\" data-dt-img-description=\"\" data-large_image_width=\"1280\" data-large_image_height=\"812\"><img loading=\"lazy\" decoding=\"async\" class=\"alignnone wp-image-61787\" src=\"http:\/\/www.radiopiu.net\/wordpress\/wp-content\/uploads\/2018\/09\/WhatsApp-Image-2018-09-24-at-17.41.11-300x190.jpeg\" alt=\"\" width=\"322\" height=\"204\" srcset=\"https:\/\/www.radiopiu.net\/wordpress\/wp-content\/uploads\/2018\/09\/WhatsApp-Image-2018-09-24-at-17.41.11-300x190.jpeg 300w, https:\/\/www.radiopiu.net\/wordpress\/wp-content\/uploads\/2018\/09\/WhatsApp-Image-2018-09-24-at-17.41.11-768x487.jpeg 768w, https:\/\/www.radiopiu.net\/wordpress\/wp-content\/uploads\/2018\/09\/WhatsApp-Image-2018-09-24-at-17.41.11-1024x650.jpeg 1024w, https:\/\/www.radiopiu.net\/wordpress\/wp-content\/uploads\/2018\/09\/WhatsApp-Image-2018-09-24-at-17.41.11.jpeg 1280w\" sizes=\"auto, (max-width: 322px) 100vw, 322px\" \/><\/a><\/p>\n<p align=\"CENTER\"><strong><span style=\"color: #000000;\"><span style=\"font-family: Arial, sans-serif;\"><span style=\"font-size: large;\"><b>Esplosione in stazione, sopralluogo del Sindaco<\/b><\/span><\/span><\/span><\/strong><\/p>\n<audio class=\"wp-audio-shortcode\" id=\"audio-61760-1\" preload=\"none\" style=\"width: 100%;\" controls=\"controls\"><source type=\"audio\/mpeg\" src=\"http:\/\/www.radiopiu.net\/wordpress\/wp-content\/uploads\/2018\/09\/MASSARO-ESPLOSIONE.mp3?_=1\" \/><a href=\"http:\/\/www.radiopiu.net\/wordpress\/wp-content\/uploads\/2018\/09\/MASSARO-ESPLOSIONE.mp3\">http:\/\/www.radiopiu.net\/wordpress\/wp-content\/uploads\/2018\/09\/MASSARO-ESPLOSIONE.mp3<\/a><\/audio>\n<p align=\"CENTER\"><span style=\"font-family: Arial, sans-serif;\"><span style=\"font-size: large;\">Sopralluogo del Sindaco di Belluno sul luogo dell&#8217;esplosione che ha interessato un cantiere nella stazione ferroviaria del capoluogo.<\/span><\/span><span style=\"font-family: Arial, sans-serif;\"><span style=\"font-size: large;\">\u00abEro in municipio, alla riunione di Giunta, quando abbiamo sentito un boato. &#8211; racconta Massaro \u2013 Dopo pochi minuti, ho ricevuto una telefonata e mi sono diretto subito sul posto con il Prefetto\u00bb.<\/span><\/span><span style=\"font-family: Arial, sans-serif;\"><span style=\"font-size: large;\">Tre i feriti in modo grave, che stavano operando nell&#8217;area dell&#8217;esplosione: \u00abStavano lavorando nella zona di fronte ai magazzini, quando c&#8217;\u00e8 stato lo scoppio. Ancora non si sa da cosa possa essere stato originato, pare dal serbatoio di carburante di uno dei mezzi presenti nel cantiere\u00bb, spiega Massaro. \u00abQuando sono arrivato, erano gi\u00e0 presenti il procuratore, polizia, carabinieri, vigili del fuoco e sanitari; toccher\u00e0 a loro ricostruire la dinamica dell&#8217;incidente\u00bb.<\/span><\/span><span style=\"font-family: Arial, sans-serif;\"><span style=\"font-size: large;\">Da Massaro va la vicinanza della citt\u00e0 di Belluno ai feriti e alle loro famiglie: \u00abNon possiamo che essere loro vicini; in un momento cos\u00ec drammatico, la solidariet\u00e0 va a chi \u00e8 rimasto ferito e ai familiari che stanno vivendo momenti di dolore e di apprensione. Fatti del genere \u2013 conclude Massaro \u2013 riaccendono i riflettori sulla questione della sicurezza sul lavoro: se ne continua a parlare, ma concretamente si agisce poco, con molte norme e poca praticit\u00e0, e cos\u00ec ancora oggi siamo qui a soffrire e a sperare per le sorti di tre lavoratori\u00bb.<\/span><\/span><\/p>\n<div style=\"width: 848px;\" class=\"wp-video\"><video class=\"wp-video-shortcode\" id=\"video-61760-1\" width=\"848\" height=\"480\" preload=\"metadata\" controls=\"controls\"><source type=\"video\/mp4\" src=\"http:\/\/www.radiopiu.net\/wordpress\/wp-content\/uploads\/2018\/09\/WhatsApp-Video-2018-09-24-at-16.31.52.mp4?_=1\" \/><a href=\"http:\/\/www.radiopiu.net\/wordpress\/wp-content\/uploads\/2018\/09\/WhatsApp-Video-2018-09-24-at-16.31.52.mp4\">http:\/\/www.radiopiu.net\/wordpress\/wp-content\/uploads\/2018\/09\/WhatsApp-Video-2018-09-24-at-16.31.52.mp4<\/a><\/video><\/div>\n<p>&nbsp;<\/p>\n<p><a class=\"dt-pswp-item\" href=\"http:\/\/www.radiopiu.net\/wordpress\/wp-content\/uploads\/2018\/09\/WhatsApp-Image-2018-09-24-at-17.17.19.jpeg\" data-dt-img-description=\"\" data-large_image_width=\"900\" data-large_image_height=\"1600\"><img loading=\"lazy\" decoding=\"async\" class=\"alignnone wp-image-61779 size-large\" src=\"http:\/\/www.radiopiu.net\/wordpress\/wp-content\/uploads\/2018\/09\/WhatsApp-Image-2018-09-24-at-17.17.19-576x1024.jpeg\" alt=\"\" width=\"576\" height=\"1024\" srcset=\"https:\/\/www.radiopiu.net\/wordpress\/wp-content\/uploads\/2018\/09\/WhatsApp-Image-2018-09-24-at-17.17.19-576x1024.jpeg 576w, https:\/\/www.radiopiu.net\/wordpress\/wp-content\/uploads\/2018\/09\/WhatsApp-Image-2018-09-24-at-17.17.19-169x300.jpeg 169w, https:\/\/www.radiopiu.net\/wordpress\/wp-content\/uploads\/2018\/09\/WhatsApp-Image-2018-09-24-at-17.17.19-768x1365.jpeg 768w, https:\/\/www.radiopiu.net\/wordpress\/wp-content\/uploads\/2018\/09\/WhatsApp-Image-2018-09-24-at-17.17.19.jpeg 900w\" sizes=\"auto, (max-width: 576px) 100vw, 576px\" \/><\/a><\/p>\n","protected":false},"excerpt":{"rendered":"<p>&nbsp; &nbsp; &nbsp; &nbsp; BELLUNO Erano le 15.45\u00a0 quando la citt\u00e0 di Belluno ha tremato per una fortissima esplosione nel cantiere in stazione ferroviaria. Immediato l&#8217;intervento di ambulanze, elicottero del Suem, Carabinieri e Vigili del fuoco. CI sono purtroppo feriti, le cause dell&#8217;incidente sono al vaglio degli inquirenti. Dei tre feriti due di loro sono&hellip;<\/p>\n","protected":false},"author":1,"featured_media":0,"comment_status":"closed","ping_status":"closed","sticky":false,"template":"","format":"standard","meta":{"_monsterinsights_skip_tracking":false,"_monsterinsights_sitenote_active":false,"_monsterinsights_sitenote_note":"","_monsterinsights_sitenote_category":0,"footnotes":""},"categories":[51,49],"tags":[],"class_list":["post-61760","post","type-post","status-publish","format-standard","hentry","category-evidenza-top","category-news-18","category-51","category-49","description-off"],"img_url":false,"_links":{"self":[{"href":"https:\/\/www.radiopiu.net\/wordpress\/wp-json\/wp\/v2\/posts\/61760","targetHints":{"allow":["GET"]}}],"collection":[{"href":"https:\/\/www.radiopiu.net\/wordpress\/wp-json\/wp\/v2\/posts"}],"about":[{"href":"https:\/\/www.radiopiu.net\/wordpress\/wp-json\/wp\/v2\/types\/post"}],"author":[{"embeddable":true,"href":"https:\/\/www.radiopiu.net\/wordpress\/wp-json\/wp\/v2\/users\/1"}],"replies":[{"embeddable":true,"href":"https:\/\/www.radiopiu.net\/wordpress\/wp-json\/wp\/v2\/comments?post=61760"}],"version-history":[{"count":0,"href":"https:\/\/www.radiopiu.net\/wordpress\/wp-json\/wp\/v2\/posts\/61760\/revisions"}],"wp:attachment":[{"href":"https:\/\/www.radiopiu.net\/wordpress\/wp-json\/wp\/v2\/media?parent=61760"}],"wp:term":[{"taxonomy":"category","embeddable":true,"href":"https:\/\/www.radiopiu.net\/wordpress\/wp-json\/wp\/v2\/categories?post=61760"},{"taxonomy":"post_tag","embeddable":true,"href":"https:\/\/www.radiopiu.net\/wordpress\/wp-json\/wp\/v2\/tags?post=61760"}],"curies":[{"name":"wp","href":"https:\/\/api.w.org\/{rel}","templated":true}]}}