{"id":61771,"date":"2018-09-24T17:07:26","date_gmt":"2018-09-24T15:07:26","guid":{"rendered":"http:\/\/www.radiopiu.net\/wordpress\/?p=61771"},"modified":"2018-09-24T17:07:26","modified_gmt":"2018-09-24T15:07:26","slug":"puliamo-il-mondo-e-rottamazione-delle-stufe","status":"publish","type":"post","link":"https:\/\/www.radiopiu.net\/wordpress\/puliamo-il-mondo-e-rottamazione-delle-stufe\/","title":{"rendered":"PULIAMO IL MONDO E ROTTAMAZIONE DELLE STUFE"},"content":{"rendered":"<h1>PULIAMO IL MONDO PER PROMUOVERE LA CULTURA<\/h1>\n<p><strong>FELTRE<\/strong> \u201cNon temerli, raccoglili!\u201d. E&#8217; questo lo slogan dell&#8217;edizione 2019 di \u201cPuliamo il mondo\u201d, l&#8217;iniziativa promossa da Legambiente, in collaborazione con un&#8217;altra ventina di enti e associazioni, per coltivare la sensibilit\u00e0 e l&#8217;educazione ai temi del corretto smaltimento dei rifiuti e della difesa dell&#8217;ambiente naturale e urbano. Quest\u2019anno, la 26esima edizione della manifestazione, che si terr\u00e0 dal 28 al 30 settembre, sar\u00e0 dedicata in particolare al tema dell\u2019abbattimento delle barriere e dei pregiudizi. \u201cPuliamo il mondo\u201d non \u00e8 mai stata infatti solo una iniziativa di cura e di pulizia del territorio dai rifiuti abbandonati, ma ha sempre inteso promuovere, attraverso azioni di cittadinanza attiva, la vivibilit\u00e0 e la bellezza dei luoghi e raccontato quella Italia che si impegna e partecipa per fare comunit\u00e0 e costruire un mondo migliore. Gesti di vero e proprio impegno civile e sociale, che nel tempo si \u00e8 allargato e consolidato anche a comprendere numerose attivit\u00e0 con associazioni che si occupano di migranti, comunit\u00e0 straniere, richiedenti asilo politico, detenuti, disabilit\u00e0, salute mentale, discriminazione basata sull\u2019orientamento sessuale, insieme a scolaresche, gruppi scout e non solo.<br \/>\nIl Comune di Feltre aderisce anche quest&#8217;anno all&#8217;iniziativa: saranno un centinaio le persone complessivamente coinvolte dalle attivit\u00e0 previste nella mattinata di sabato 29 settembre. Una decina di migranti ospitati dalla cooperativa Dumia si occuper\u00e0 della zona tra il Pasquer, il parchetto del Famila e via Belluno; una quarantina di studenti della scuola \u201cRocca\u201d curer\u00e0 la raccolta dei rifiuti nell&#8217;area circostante il plesso e il parcheggio attiguo, spingendosi fino al Bosc drio le Rive e a Pr\u00e0 del Moro; altri 30 allievi dell&#8217;istituto Canossiano passeranno la setaccio la zona della stazione, l&#8217;area circostante l&#8217;ex seminario e il Parco della Rimembranza; infine una dozzina di giovani aderenti al Leo Club di Feltre si occuper\u00e0 della zona tra la chiesa di San Rocco, il Bosc drio le Rive e l&#8217;area del polo bibliotecario. Alle 11, poi, incontro presso il castello di Alboino per il breefing sulle attivit\u00e0 della mattinata e un momento di ristoro in collaborazione con il gruppo alpini di Farra. Saranno presenti anche alcuni membri dell&#8217;associazione Blindsight Project, attiva nella sensibilizzazione verso le persone con disabilit\u00e0 visive, e della Squadra Feltrina Cinofili da Soccorso; durante l&#8217;incontro sar\u00e0 inoltre consegnato un particolare riconoscimento ad un feltrino che si \u00e8 particolarmente distinto nell&#8217;attivit\u00e0 di cura e pulizia del territorio.\u00a0 \u201cPuliamo il mondo rappresenta un&#8217;importante occasione per la sensibilizzazione, soprattutto delle giovani generazioni, ai temi della tutela dell&#8217;ambiente e del rispetto degli spazi civici. Crediamo in iniziative come queste che ci aiutano a promuovere le buone pratiche, coerenti anche con il modello della raccolta dei rifiuti urbani che gi\u00e0 tante soddisfazioni ci ha dato e che stiamo ulteriormente implementando\u201d, commenta l&#8217;assessore alla raccolta differenziata dei rifiuti del Comune di Feltre Adis Zatta. Tutti i partecipanti all&#8217;iniziativa di \u201cPuliamo il mondo\u201d, che raccoglieranno \u2013 va sottolineato \u2013 solo materiali non pericolosi, saranno dotati di pettorina e guanti adatti alle attivit\u00e0 previste.<\/p>\n<p>&nbsp;<\/p>\n<p>&nbsp;<\/p>\n<p>&nbsp;<\/p>\n<p>&nbsp;<\/p>\n<h1>CONTRIBUTO COMUNALE PER LA ROTTAMAZIONE DELLE STUFE: SI CHIUDE LA PRIMA &#8220;FINESTRA&#8221;; LA PROSSIMA SARA&#8217; A FEBBRAIO.<\/h1>\n<p><strong><a class=\"dt-pswp-item\" href=\"http:\/\/www.radiopiu.net\/wordpress\/wp-content\/uploads\/2018\/09\/Rott.-Stufe.png\" data-dt-img-description=\"\" data-large_image_width=\"1649\" data-large_image_height=\"904\"><img loading=\"lazy\" decoding=\"async\" class=\"size-medium wp-image-61764 alignleft\" src=\"http:\/\/www.radiopiu.net\/wordpress\/wp-content\/uploads\/2018\/09\/Rott.-Stufe-300x164.png\" alt=\"\" width=\"300\" height=\"164\" srcset=\"https:\/\/www.radiopiu.net\/wordpress\/wp-content\/uploads\/2018\/09\/Rott.-Stufe-300x164.png 300w, https:\/\/www.radiopiu.net\/wordpress\/wp-content\/uploads\/2018\/09\/Rott.-Stufe-768x421.png 768w, https:\/\/www.radiopiu.net\/wordpress\/wp-content\/uploads\/2018\/09\/Rott.-Stufe-1024x561.png 1024w, https:\/\/www.radiopiu.net\/wordpress\/wp-content\/uploads\/2018\/09\/Rott.-Stufe.png 1649w\" sizes=\"auto, (max-width: 300px) 100vw, 300px\" \/><\/a>FELTRE<\/strong> Si chiude il 1\u00b0 ottobre la prima &#8220;finestra&#8221; del bando comunale. I cittadini che intendono rottamare la propria stufa, caldaia o cucina a legna hanno tempo fino a luned\u00ec per la domanda e poi fino al 31 dicembre per completare l&#8217;intervento. Ma non \u00e8 finita. Chi ha deciso solo ora di cambiare la stufa e non fa in tempo per il 1\u00b0 ottobre, ha subito una nuova\u00a0possibilit\u00e0. La prima finestra infatti, \u00e8 stata aperta anticipando i tempi, al fine di far cogliere ai cittadini di Feltre l&#8217;opportunit\u00e0 del cumulo tra l&#8217;incentivo comunale e quello della Regione Veneto, che scadeva a settembre; a inizio 2019 si aprir\u00e0 tuttavia una nuova &#8220;finestra&#8221; per consentire ai cittadini di chiedere il contributo entro febbraio 2019 e di completare poi l&#8217;intervento entro luglio. Consigliamo per\u00f2 a chi \u00e8 gi\u00e0 nelle condizioni di rottamare ora la propria stufa, di far gi\u00e0 domanda ENTRO QUESTA SETTIMANA!\u00a0Fare domanda \u00e8 semplice: solo un breve modulo da compilare, al quale allegare solo l&#8217;ISEE (l&#8217;indicatore della condizione economica familiare). Ricordiamo che il contributo comunale assieme all&#8217;incentivo statale &#8220;Conto Termico 2.0&#8221;, possono coprire ben oltre il 70% della spesa sostenuta. Lo &#8220;Sportello Energia&#8221; del Comune \u00e8 a disposizione dei cittadini in via Vignigole 21 per ulteriori informazioni.<\/p>\n<p>&nbsp;<\/p>\n","protected":false},"excerpt":{"rendered":"<p>PULIAMO IL MONDO PER PROMUOVERE LA CULTURA FELTRE \u201cNon temerli, raccoglili!\u201d. E&#8217; questo lo slogan dell&#8217;edizione 2019 di \u201cPuliamo il mondo\u201d, l&#8217;iniziativa promossa da Legambiente, in collaborazione con un&#8217;altra ventina di enti e associazioni, per coltivare la sensibilit\u00e0 e l&#8217;educazione ai temi del corretto smaltimento dei rifiuti e della difesa dell&#8217;ambiente naturale e urbano. Quest\u2019anno,&hellip;<\/p>\n","protected":false},"author":1,"featured_media":61764,"comment_status":"closed","ping_status":"closed","sticky":false,"template":"","format":"standard","meta":{"_monsterinsights_skip_tracking":false,"_monsterinsights_sitenote_active":false,"_monsterinsights_sitenote_note":"","_monsterinsights_sitenote_category":0,"footnotes":""},"categories":[49],"tags":[],"class_list":["post-61771","post","type-post","status-publish","format-standard","has-post-thumbnail","hentry","category-news-18","category-49","description-off"],"img_url":"https:\/\/www.radiopiu.net\/wordpress\/wp-content\/uploads\/2018\/09\/Rott.-Stufe.png","_links":{"self":[{"href":"https:\/\/www.radiopiu.net\/wordpress\/wp-json\/wp\/v2\/posts\/61771","targetHints":{"allow":["GET"]}}],"collection":[{"href":"https:\/\/www.radiopiu.net\/wordpress\/wp-json\/wp\/v2\/posts"}],"about":[{"href":"https:\/\/www.radiopiu.net\/wordpress\/wp-json\/wp\/v2\/types\/post"}],"author":[{"embeddable":true,"href":"https:\/\/www.radiopiu.net\/wordpress\/wp-json\/wp\/v2\/users\/1"}],"replies":[{"embeddable":true,"href":"https:\/\/www.radiopiu.net\/wordpress\/wp-json\/wp\/v2\/comments?post=61771"}],"version-history":[{"count":0,"href":"https:\/\/www.radiopiu.net\/wordpress\/wp-json\/wp\/v2\/posts\/61771\/revisions"}],"wp:featuredmedia":[{"embeddable":true,"href":"https:\/\/www.radiopiu.net\/wordpress\/wp-json\/wp\/v2\/media\/61764"}],"wp:attachment":[{"href":"https:\/\/www.radiopiu.net\/wordpress\/wp-json\/wp\/v2\/media?parent=61771"}],"wp:term":[{"taxonomy":"category","embeddable":true,"href":"https:\/\/www.radiopiu.net\/wordpress\/wp-json\/wp\/v2\/categories?post=61771"},{"taxonomy":"post_tag","embeddable":true,"href":"https:\/\/www.radiopiu.net\/wordpress\/wp-json\/wp\/v2\/tags?post=61771"}],"curies":[{"name":"wp","href":"https:\/\/api.w.org\/{rel}","templated":true}]}}