{"id":61826,"date":"2018-09-25T06:29:16","date_gmt":"2018-09-25T04:29:16","guid":{"rendered":"http:\/\/www.radiopiu.net\/wordpress\/?p=61826"},"modified":"2018-09-25T06:30:36","modified_gmt":"2018-09-25T04:30:36","slug":"a-proposito-del-laghetto-alle-peschiere-riceviamo-e-pubblichiamo","status":"publish","type":"post","link":"https:\/\/www.radiopiu.net\/wordpress\/a-proposito-del-laghetto-alle-peschiere-riceviamo-e-pubblichiamo\/","title":{"rendered":"A PROPOSITO DEL LAGHETTO ALLE PESCHIERE, RICEVIAMO E PUBBLICHIAMO."},"content":{"rendered":"<h1><\/h1>\n<p><strong><span style=\"color: #ff0000;\">DI FABIO CAPELLETTI<\/span><\/strong><\/p>\n<p><strong><a class=\"dt-pswp-item\" href=\"http:\/\/www.radiopiu.net\/wordpress\/wp-content\/uploads\/2018\/07\/lac-de-le-peschiere.jpg\" data-dt-img-description=\"\" data-large_image_width=\"800\" data-large_image_height=\"508\"><img loading=\"lazy\" decoding=\"async\" class=\"size-medium wp-image-52871 alignleft\" src=\"http:\/\/www.radiopiu.net\/wordpress\/wp-content\/uploads\/2018\/07\/lac-de-le-peschiere-300x191.jpg\" alt=\"\" width=\"300\" height=\"191\" srcset=\"https:\/\/www.radiopiu.net\/wordpress\/wp-content\/uploads\/2018\/07\/lac-de-le-peschiere-300x191.jpg 300w, https:\/\/www.radiopiu.net\/wordpress\/wp-content\/uploads\/2018\/07\/lac-de-le-peschiere-768x488.jpg 768w, https:\/\/www.radiopiu.net\/wordpress\/wp-content\/uploads\/2018\/07\/lac-de-le-peschiere.jpg 800w\" sizes=\"auto, (max-width: 300px) 100vw, 300px\" \/><\/a><em>TAIBON\u00a0<\/em><\/strong><em>\u00a0Ho seguito la vicenda del laghetto delle Peschiere un po&#8217; a &#8220;spizzichi e bocconi&#8221;&#8230; a quanto pare i lavori sono partiti con il taglio delle piante! questo progetto mi fa venire in mente la centralina idroelettrica in valle del Mis che ha ottenuto parere positivo in Regione all&#8217;interno del territorio Parco, e che adesso dopo sentenze che davano ragione a coloro che dicevano che l&#8217;opera non poteva essere realizzata, il tribunale ha ordinato il ripristino dei luoghi. Sappiamo benissimo che luoghi dove la natura impiega millenni a formarli non saranno mai pi\u00f9 ripristinati. Il caso delle Peschiere \u00e8 ancora recuperabile, l&#8217;unico modo \u00e8 di scavalcare la Regione, visto che il progetto lo ha autorizzato dando parere favorevole agli impatti ambientali. Unico modo di bloccare i lavori \u00e8 che diventi un caso nazionale e lo pu\u00f2 diventare. Serve la stampa, quella scomoda tipo striscia o le iene, e serve che intervenga la magistratura, e deve farlo, in quanto c&#8217;\u00e8 una segnalazione. Bisogna chiamare in causa la segreteria Dolomiti UNESCO ed i vertici del turismo Regione Veneto. Se il sindaco di Taibon non \u00e8 in grado di fermare il progetto, bisogna farlo in altro modo, se quei soldi fossero spesi per una sistemazione ambientale, e per comunicare la bellezza dei molteplici luoghi dolomitici, la ricaduta economica sarebbe su un sistema economico locale, e non sul nulla come in programma. Questo \u00e8 un ennesimo intervento che non porta economia, perch\u00e9 dopo averlo realizzato un progetto simile, poi bisogna farlo funzionare, ma nel progetto \u00e8 esplicitato un busines plan dell&#8217;opera&#8230; dove \u00e8 chi ha fornito i dati <\/em><em>relativi ad un turismo di questo tipo che approda presso la comunit\u00e0 di Taibon?\u00a0 Oggi il turista che potenzialmente potrebbe arrivare a Taibon, \u00e8 quello che vuole sedersi su un tronco, pulito, ma su un tronco. \u00a0<\/em><\/p>\n","protected":false},"excerpt":{"rendered":"<p>DI FABIO CAPELLETTI TAIBON\u00a0\u00a0Ho seguito la vicenda del laghetto delle Peschiere un po&#8217; a &#8220;spizzichi e bocconi&#8221;&#8230; a quanto pare i lavori sono partiti con il taglio delle piante! questo progetto mi fa venire in mente la centralina idroelettrica in valle del Mis che ha ottenuto parere positivo in Regione all&#8217;interno del territorio Parco, e&hellip;<\/p>\n","protected":false},"author":1,"featured_media":58660,"comment_status":"closed","ping_status":"closed","sticky":false,"template":"","format":"standard","meta":{"_monsterinsights_skip_tracking":false,"_monsterinsights_sitenote_active":false,"_monsterinsights_sitenote_note":"","_monsterinsights_sitenote_category":0,"footnotes":""},"categories":[49],"tags":[],"class_list":["post-61826","post","type-post","status-publish","format-standard","has-post-thumbnail","hentry","category-news-18","category-49","description-off"],"img_url":"https:\/\/www.radiopiu.net\/wordpress\/wp-content\/uploads\/2018\/08\/PESCHIERE-9.jpg","_links":{"self":[{"href":"https:\/\/www.radiopiu.net\/wordpress\/wp-json\/wp\/v2\/posts\/61826","targetHints":{"allow":["GET"]}}],"collection":[{"href":"https:\/\/www.radiopiu.net\/wordpress\/wp-json\/wp\/v2\/posts"}],"about":[{"href":"https:\/\/www.radiopiu.net\/wordpress\/wp-json\/wp\/v2\/types\/post"}],"author":[{"embeddable":true,"href":"https:\/\/www.radiopiu.net\/wordpress\/wp-json\/wp\/v2\/users\/1"}],"replies":[{"embeddable":true,"href":"https:\/\/www.radiopiu.net\/wordpress\/wp-json\/wp\/v2\/comments?post=61826"}],"version-history":[{"count":0,"href":"https:\/\/www.radiopiu.net\/wordpress\/wp-json\/wp\/v2\/posts\/61826\/revisions"}],"wp:featuredmedia":[{"embeddable":true,"href":"https:\/\/www.radiopiu.net\/wordpress\/wp-json\/wp\/v2\/media\/58660"}],"wp:attachment":[{"href":"https:\/\/www.radiopiu.net\/wordpress\/wp-json\/wp\/v2\/media?parent=61826"}],"wp:term":[{"taxonomy":"category","embeddable":true,"href":"https:\/\/www.radiopiu.net\/wordpress\/wp-json\/wp\/v2\/categories?post=61826"},{"taxonomy":"post_tag","embeddable":true,"href":"https:\/\/www.radiopiu.net\/wordpress\/wp-json\/wp\/v2\/tags?post=61826"}],"curies":[{"name":"wp","href":"https:\/\/api.w.org\/{rel}","templated":true}]}}