{"id":61854,"date":"2018-09-26T06:00:36","date_gmt":"2018-09-26T04:00:36","guid":{"rendered":"http:\/\/www.radiopiu.net\/wordpress\/?p=61854"},"modified":"2018-09-27T07:18:47","modified_gmt":"2018-09-27T05:18:47","slug":"giornale-radiopiu-26-settembre-2018-direttore-mirko-mezzacasa","status":"publish","type":"post","link":"https:\/\/www.radiopiu.net\/wordpress\/giornale-radiopiu-26-settembre-2018-direttore-mirko-mezzacasa\/","title":{"rendered":"GIORNALE RADIOPIU 26 SETTEMBRE 2018 DIRETTORE MIRKO MEZZACASA"},"content":{"rendered":"<h1>ESCE DI STRADA CON LA BICI E PERDE LA VITA. NON SI ESCLUDE IL MALORE.<\/h1>\n<p><strong><a class=\"dt-pswp-item\" href=\"http:\/\/www.radiopiu.net\/wordpress\/wp-content\/uploads\/2018\/09\/20180925_175221.jpg\" data-dt-img-description=\"\" data-large_image_width=\"1836\" data-large_image_height=\"3264\"><img loading=\"lazy\" decoding=\"async\" class=\"size-medium wp-image-61933 alignleft\" src=\"http:\/\/www.radiopiu.net\/wordpress\/wp-content\/uploads\/2018\/09\/20180925_175221-169x300.jpg\" alt=\"\" width=\"169\" height=\"300\" srcset=\"https:\/\/www.radiopiu.net\/wordpress\/wp-content\/uploads\/2018\/09\/20180925_175221-169x300.jpg 169w, https:\/\/www.radiopiu.net\/wordpress\/wp-content\/uploads\/2018\/09\/20180925_175221-768x1365.jpg 768w, https:\/\/www.radiopiu.net\/wordpress\/wp-content\/uploads\/2018\/09\/20180925_175221-576x1024.jpg 576w, https:\/\/www.radiopiu.net\/wordpress\/wp-content\/uploads\/2018\/09\/20180925_175221.jpg 1836w\" sizes=\"auto, (max-width: 169px) 100vw, 169px\" \/><\/a>SAN PIETRO DI CADORE Dramma in Cadore, in un incidente con la bicicletta muore Caterina Penazzi, 55 anni di Ravenna uscita dalla careggiata e finita contro un albero. La donna \u00e8 morta per all&#8217;istante per politrauma. A trovarla il marito che non vedendola arrivare \u00e8 ritornato sui suoi passi allertando i soccorritori immediatamente intervenuti. Purtroppo le manovre rianimatorie si sono rivelate inutili.<\/strong><\/p>\n<p><strong>DAL SOCCORSO ALPINO<\/strong><\/p>\n<p>Scendendo con la bici lungo una strada, probabilmente dopo avere perso il controllo, Caterina Penazzi di 55 anni \u00e8 ruzzolata nella scarpata laterale in mezzo al bosco, riportando gravi traumi. A dare l&#8217;allarme il marito che la precedeva in bicicletta e, non vedendola arrivare \u00e8 tornato indietro in macchina a cercarla e l&#8217;ha ritrovata esanime, una decina di metri sotto la sede stradale. Sbarcati con un verricello di 50 metri nelle vicinanze dall&#8217;elicottero del Suem di Pieve di Cadore, tecnico di elisoccorso e personale medico hanno subito tentato le manovre di rianimazione, ma purtroppo non c&#8217;\u00e8 stato nulla da fare. Constatato il decesso, la salma \u00e8 stata affidata ai carabinieri di Santo Stefano di Cadore, in attesa del nulla osta per la rimozione e dell&#8217;arrivo del carro funebre.<\/p>\n<p>&nbsp;<\/p>\n<blockquote>\n<h1><\/h1>\n<h1><\/h1>\n<h1><\/h1>\n<h1><\/h1>\n<h1><\/h1>\n<h1><\/h1>\n<h1>ESPLOSIONE NEL DEPOSITO TRENI.<\/h1>\n<\/blockquote>\n<p><strong><a class=\"dt-pswp-item\" href=\"http:\/\/www.radiopiu.net\/wordpress\/wp-content\/uploads\/2018\/09\/WhatsApp-Image-2018-09-24-at-17.41.11.jpeg\" data-dt-img-description=\"\" data-large_image_width=\"1280\" data-large_image_height=\"812\"><img loading=\"lazy\" decoding=\"async\" class=\"size-medium wp-image-61787 alignleft\" src=\"http:\/\/www.radiopiu.net\/wordpress\/wp-content\/uploads\/2018\/09\/WhatsApp-Image-2018-09-24-at-17.41.11-300x190.jpeg\" alt=\"\" width=\"300\" height=\"190\" srcset=\"https:\/\/www.radiopiu.net\/wordpress\/wp-content\/uploads\/2018\/09\/WhatsApp-Image-2018-09-24-at-17.41.11-300x190.jpeg 300w, https:\/\/www.radiopiu.net\/wordpress\/wp-content\/uploads\/2018\/09\/WhatsApp-Image-2018-09-24-at-17.41.11-768x487.jpeg 768w, https:\/\/www.radiopiu.net\/wordpress\/wp-content\/uploads\/2018\/09\/WhatsApp-Image-2018-09-24-at-17.41.11-1024x650.jpeg 1024w, https:\/\/www.radiopiu.net\/wordpress\/wp-content\/uploads\/2018\/09\/WhatsApp-Image-2018-09-24-at-17.41.11.jpeg 1280w\" sizes=\"auto, (max-width: 300px) 100vw, 300px\" \/><\/a>BELLUNO\u00a0<\/strong> I tre operai che sono rimasti coinvolti nello scoppio sono ancora in gravi condizioni, ricoverati negli ospedali di Padova, Verona e Milano, con il corpo coperto di ustioni per il 50, 40 e 25 per cento. Oggi i primi interventi chirurgici. Non sono in imminente pericolo di vita, per\u00f2 le condizioni<br \/>\nrestano gravi. Il pi\u00f9 grave \u00e8 il\u00a0\u00a0trentunenne brasiliano Bruno Buono Da Silva residente a Trevignano, ricoverato all\u2019Ospedale Niguarda di Milano. Il\u00a0cinquantatreenne Natalino Paschetto si trova al Centro grandi ustionati di Padova e il cinquantatreenne Valentino Martina \u00e8 ricoverato nel reparto di Rianimazione dell\u2019ospedale di Verona<\/p>\n<blockquote>\n<h1><\/h1>\n<h1><\/h1>\n<h1><\/h1>\n<h1><\/h1>\n<h1>CISL: &#8220;SERVE UN&#8217;AZIONE EFFICACE DI PREVENZIONE ED EDUCAZIONE ALLA SICUREZZA&#8221;<\/h1>\n<\/blockquote>\n<p><strong><a class=\"dt-pswp-item\" href=\"http:\/\/www.radiopiu.net\/wordpress\/wp-content\/uploads\/2018\/05\/roffare.jpg\" data-dt-img-description=\"\" data-large_image_width=\"960\" data-large_image_height=\"959\"><img loading=\"lazy\" decoding=\"async\" class=\" wp-image-48457 alignleft\" src=\"http:\/\/www.radiopiu.net\/wordpress\/wp-content\/uploads\/2018\/05\/roffare-300x300.jpg\" alt=\"\" width=\"128\" height=\"128\" srcset=\"https:\/\/www.radiopiu.net\/wordpress\/wp-content\/uploads\/2018\/05\/roffare-300x300.jpg 300w, https:\/\/www.radiopiu.net\/wordpress\/wp-content\/uploads\/2018\/05\/roffare-150x150.jpg 150w, https:\/\/www.radiopiu.net\/wordpress\/wp-content\/uploads\/2018\/05\/roffare-768x767.jpg 768w, https:\/\/www.radiopiu.net\/wordpress\/wp-content\/uploads\/2018\/05\/roffare.jpg 960w\" sizes=\"auto, (max-width: 128px) 100vw, 128px\" \/><\/a>BELLUNO<\/strong> La Cisl Belluno Treviso, per voce del segretario generale aggiunto Rudy Roffar\u00e8, esprime la vicinanza ai tre lavoratori feriti nell\u2019esplosione di luned\u00ec pomeriggio al deposito della stazione dei treni di Belluno.\u00a0 Fondamentale, per Roffar\u00e8, \u00e8 aumentare i controlli, come per altro previsto dal Piano strategico per la sicurezza sul lavoro 2018-2020, firmato quest\u2019estate da Regione Veneto, Ispettorato interregionale del lavoro, Inail, Vigili del Fuoco, Ance, Anci e Upi, sindacati confederali, associazioni datoriali, Confcooperative e Legacoop con l\u2019obiettivo di prevenire infortuni e malattie professionali in Veneto. Il Piano, a livello regionale, porter\u00e0 all\u2019assunzione di 30 operatori negli Spisal del Veneto per rafforzare il lavoro di prevenzione e aumentare i controlli ispettivi nelle aziende della regione.<\/p>\n<audio class=\"wp-audio-shortcode\" id=\"audio-61854-1\" preload=\"none\" style=\"width: 100%;\" controls=\"controls\"><source type=\"audio\/mpeg\" src=\"http:\/\/www.radiopiu.net\/wordpress\/wp-content\/uploads\/2018\/09\/RUDY-ROFFARE.mp3?_=1\" \/><a href=\"http:\/\/www.radiopiu.net\/wordpress\/wp-content\/uploads\/2018\/09\/RUDY-ROFFARE.mp3\">http:\/\/www.radiopiu.net\/wordpress\/wp-content\/uploads\/2018\/09\/RUDY-ROFFARE.mp3<\/a><\/audio>\n<p>&nbsp;<\/p>\n<p>&nbsp;<\/p>\n<p>&nbsp;<\/p>\n<p>&nbsp;<\/p>\n<p>&nbsp;<\/p>\n<h1>LICENZIAMENTI ALLA WANBAO DOMANI IL PRESIDIO DAVANTI LA PREFETTURA<\/h1>\n<p><strong><a class=\"dt-pswp-item\" href=\"http:\/\/www.radiopiu.net\/wordpress\/wp-content\/uploads\/2018\/05\/acc-mel-e1481823814280.jpg\" data-dt-img-description=\"\" data-large_image_width=\"823\" data-large_image_height=\"506\"><img loading=\"lazy\" decoding=\"async\" class=\" wp-image-47563 alignleft\" src=\"http:\/\/www.radiopiu.net\/wordpress\/wp-content\/uploads\/2018\/05\/acc-mel-e1481823814280-300x184.jpg\" alt=\"\" width=\"140\" height=\"86\" srcset=\"https:\/\/www.radiopiu.net\/wordpress\/wp-content\/uploads\/2018\/05\/acc-mel-e1481823814280-300x184.jpg 300w, https:\/\/www.radiopiu.net\/wordpress\/wp-content\/uploads\/2018\/05\/acc-mel-e1481823814280-768x472.jpg 768w, https:\/\/www.radiopiu.net\/wordpress\/wp-content\/uploads\/2018\/05\/acc-mel-e1481823814280.jpg 823w\" sizes=\"auto, (max-width: 140px) 100vw, 140px\" \/><\/a>MEL<\/strong> Alla Wanbao (Acc) per oggi sono attese le famigerate lettere di licenziamento causa esuberi. Sono 76 gli operai e quindi le famiglie interessate dalla decisione presa dalla societ\u00e0 cinese, dipendenti che ancora non hanno ben chiara quale sar\u00e0 la procedura. Intanto \u00e8 stata indettia una manifestazione per domani\u00a0 davanti alla Prefettura di Belluno.\u00a0 In fabbrica rimarranno operativi 294 dipendenti. La situazione, per\u00f2, non \u00e8 delle migliori visto che gli addetti presenti alla Wanbao sono per la maggior parte con un\u2019et\u00e0 media di 52 anni. E di questi il 45% sono donne.<\/p>\n<p>&nbsp;<\/p>\n<p>&nbsp;<\/p>\n<p>&nbsp;<\/p>\n<h1>NOTTE DI FURTI NEL FELTRINO<\/h1>\n<p><strong>FELTRE<\/strong> Tre furti in una notte, forzate le finestre dell&#8217;Autoparco e scassinate le casseforti, altri furti sono stati messi a segno alla Pizzeria da Cecco e all&#8217;Eni Caf\u00e8 dove sono state svuotate le casse. Il totale del bottino si aggirerebbe sui 4000 euro di cui 3500 asportati dalle due casseforti dell&#8217;ufficio pratiche automobilistiche di via Brigata Bologna. La banda ha agito attorno alle 3 di notte o almeno a quell&#8217;ora \u00e8 scattato l&#8217;allarme dell&#8217;Eni Caf\u00e8 che ha messo in fuga la banda.<\/p>\n<p>&nbsp;<\/p>\n<p>&nbsp;<\/p>\n<p>&nbsp;<\/p>\n<h1>RACCOLTA FIRME A FALCADE CONTRO LA CHIUSURA DELL&#8217;UFFICIO POSTALE<\/h1>\n<p><strong><a class=\"dt-pswp-item\" href=\"http:\/\/www.radiopiu.net\/wordpress\/wp-content\/uploads\/2018\/09\/download.png\" data-dt-img-description=\"\" data-large_image_width=\"292\" data-large_image_height=\"172\"><img loading=\"lazy\" decoding=\"async\" class=\" wp-image-61884 alignleft\" src=\"http:\/\/www.radiopiu.net\/wordpress\/wp-content\/uploads\/2018\/09\/download.png\" alt=\"\" width=\"207\" height=\"122\" \/><\/a>FALCADE<\/strong> Sono 360 le firme raccolte per chiedere l&#8217;apertura dell&#8217;\u2019ufficio postale di Caviola. La petizione \u00e8 stata indirizzata\u00a0\u00a0\u00a0al sindaco di Falcade, Michele Costa, per sollecitare una protesta nei confronti di Poste Italiane per la improvvisa chiusura parziale dell\u2019ufficio di Caviola durante i mesi estivi. L&#8217;ufficio \u00e8 stato riaperto\u00a0per l\u2019intera settimana dal 1\u00b0 settembre dopo la lunga chiusura in piena stagione.<\/p>\n<h1><a class=\"dt-pswp-item\" href=\"http:\/\/www.radiopiu.net\/wordpress\/wp-content\/uploads\/2018\/08\/SindacoMicheleCosta.jpg\" data-dt-img-description=\"\" data-large_image_width=\"200\" data-large_image_height=\"235\"><img loading=\"lazy\" decoding=\"async\" class=\"alignnone wp-image-56200\" src=\"http:\/\/www.radiopiu.net\/wordpress\/wp-content\/uploads\/2018\/08\/SindacoMicheleCosta.jpg\" alt=\"\" width=\"102\" height=\"120\" \/><\/a>LA RISPOSTA DEL SINDACO DI FALCADE MICHELE COSTA<\/h1>\n<audio class=\"wp-audio-shortcode\" id=\"audio-61854-2\" preload=\"none\" style=\"width: 100%;\" controls=\"controls\"><source type=\"audio\/mpeg\" src=\"http:\/\/www.radiopiu.net\/wordpress\/wp-content\/uploads\/2018\/09\/MICHELE.mp3?_=2\" \/><a href=\"http:\/\/www.radiopiu.net\/wordpress\/wp-content\/uploads\/2018\/09\/MICHELE.mp3\">http:\/\/www.radiopiu.net\/wordpress\/wp-content\/uploads\/2018\/09\/MICHELE.mp3<\/a><\/audio>\n<p>&nbsp;<\/p>\n<p>&nbsp;<\/p>\n<p>&nbsp;<\/p>\n<p>&nbsp;<\/p>\n<h1>OSPEDALE DI AGORDO, OGGI CONFERENZA PUBBLICA IN SALA DELLA BIBLIOTECA<\/h1>\n<p><strong><a class=\"dt-pswp-item\" href=\"http:\/\/www.radiopiu.net\/wordpress\/wp-content\/uploads\/2018\/09\/WhatsApp-Image-2018-09-24-at-20.22.52.jpeg\" data-dt-img-description=\"\" data-large_image_width=\"794\" data-large_image_height=\"1123\"><img loading=\"lazy\" decoding=\"async\" class=\"size-medium wp-image-61819 alignleft\" src=\"http:\/\/www.radiopiu.net\/wordpress\/wp-content\/uploads\/2018\/09\/WhatsApp-Image-2018-09-24-at-20.22.52-212x300.jpeg\" alt=\"\" width=\"212\" height=\"300\" srcset=\"https:\/\/www.radiopiu.net\/wordpress\/wp-content\/uploads\/2018\/09\/WhatsApp-Image-2018-09-24-at-20.22.52-212x300.jpeg 212w, https:\/\/www.radiopiu.net\/wordpress\/wp-content\/uploads\/2018\/09\/WhatsApp-Image-2018-09-24-at-20.22.52-768x1086.jpeg 768w, https:\/\/www.radiopiu.net\/wordpress\/wp-content\/uploads\/2018\/09\/WhatsApp-Image-2018-09-24-at-20.22.52-724x1024.jpeg 724w, https:\/\/www.radiopiu.net\/wordpress\/wp-content\/uploads\/2018\/09\/WhatsApp-Image-2018-09-24-at-20.22.52.jpeg 794w\" sizes=\"auto, (max-width: 212px) 100vw, 212px\" \/><\/a><\/strong><\/p>\n<p><strong>AGORDO\u00a0<\/strong><\/p>\n<p>Questa sera alle 18\u00a0 Guido Trento ed Antonia Ciotti in rappresentanza dei Comitati per l&#8217;Ospedale con i membri attivi per l&#8217;ospedale di Agordo saranno in sala della Biblioteca di via 27 aprile domani alle 18.<\/p>\n<p>&nbsp;<\/p>\n<p>&nbsp;<\/p>\n<p>&nbsp;<\/p>\n<p>&nbsp;<\/p>\n<p>&nbsp;<\/p>\n<p><strong>DENNI DORIGO<\/strong><\/p>\n<audio class=\"wp-audio-shortcode\" id=\"audio-61854-3\" preload=\"none\" style=\"width: 100%;\" controls=\"controls\"><source type=\"audio\/mpeg\" src=\"http:\/\/www.radiopiu.net\/wordpress\/wp-content\/uploads\/2018\/09\/DENNI.mp3?_=3\" \/><a href=\"http:\/\/www.radiopiu.net\/wordpress\/wp-content\/uploads\/2018\/09\/DENNI.mp3\">http:\/\/www.radiopiu.net\/wordpress\/wp-content\/uploads\/2018\/09\/DENNI.mp3<\/a><\/audio>\n<p>&nbsp;<\/p>\n<p>&nbsp;<\/p>\n<p>&nbsp;<\/p>\n<h1>CON L&#8217;ASCA COME VA? INTERROGAZIONE DI SILVANO SAVIO<\/h1>\n<p><strong><a class=\"dt-pswp-item\" href=\"http:\/\/www.radiopiu.net\/wordpress\/wp-content\/uploads\/2018\/09\/savio.jpg\" data-dt-img-description=\"\" data-large_image_width=\"300\" data-large_image_height=\"169\"><img loading=\"lazy\" decoding=\"async\" class=\" wp-image-61890 alignleft\" src=\"http:\/\/www.radiopiu.net\/wordpress\/wp-content\/uploads\/2018\/09\/savio-300x169.jpg\" alt=\"\" width=\"238\" height=\"134\" \/><\/a>FALCADE<\/strong> Silvano Savio, consigliere eletto in Comune di Falcade con nomina in Unione Montana Agordina, ha preparato un&#8217;interrogazione rivolta al sindaco Michele Costa con riferimento all\u2019Azienda Speciale Consortile Agordina (Asca) che si occupa principalmente dell\u2019organizzazione e la gestione dei servizi di assistenza domiciliare, la conduzione della struttura residenziale per anziani non autosufficienti di Agordo, nonch\u00e9 l\u2019espletamento di altri compiti ulteriori di carattere sociale:\u00a0dotata di personalit\u00e0 giuridica, autonomia gestionale e patrimoniale, di un proprio statuto approvato dai consigli comunali dei comuni aderenti, ivi compreso il Comune di Falcade.<\/p>\n<p><strong>SILVANO SAVIO<\/strong><\/p>\n<audio class=\"wp-audio-shortcode\" id=\"audio-61854-4\" preload=\"none\" style=\"width: 100%;\" controls=\"controls\"><source type=\"audio\/mpeg\" src=\"http:\/\/www.radiopiu.net\/wordpress\/wp-content\/uploads\/2018\/09\/SILVANO.mp3?_=4\" \/><a href=\"http:\/\/www.radiopiu.net\/wordpress\/wp-content\/uploads\/2018\/09\/SILVANO.mp3\">http:\/\/www.radiopiu.net\/wordpress\/wp-content\/uploads\/2018\/09\/SILVANO.mp3<\/a><\/audio>\n<h1><a class=\"dt-pswp-item\" href=\"http:\/\/www.radiopiu.net\/wordpress\/wp-content\/uploads\/2017\/03\/SANTIN.jpg\" data-dt-img-description=\"\" data-large_image_width=\"400\" data-large_image_height=\"225\"><img loading=\"lazy\" decoding=\"async\" class=\" wp-image-29973 alignleft\" src=\"http:\/\/www.radiopiu.net\/wordpress\/wp-content\/uploads\/2017\/03\/SANTIN-300x169.jpg\" alt=\"\" width=\"208\" height=\"117\" \/><\/a><\/h1>\n<h1><\/h1>\n<h1><\/h1>\n<h1>L&#8217;AMMINISTRATORE, MARIACHIARA SANTIN<\/h1>\n<audio class=\"wp-audio-shortcode\" id=\"audio-61854-5\" preload=\"none\" style=\"width: 100%;\" controls=\"controls\"><source type=\"audio\/mpeg\" src=\"http:\/\/www.radiopiu.net\/wordpress\/wp-content\/uploads\/2018\/09\/maria-grazia.mp3?_=5\" \/><a href=\"http:\/\/www.radiopiu.net\/wordpress\/wp-content\/uploads\/2018\/09\/maria-grazia.mp3\">http:\/\/www.radiopiu.net\/wordpress\/wp-content\/uploads\/2018\/09\/maria-grazia.mp3<\/a><\/audio>\n<p>&nbsp;<\/p>\n<h3>di GIANNI SANTOMASO<\/h3>\n<audio class=\"wp-audio-shortcode\" id=\"audio-61854-6\" preload=\"none\" style=\"width: 100%;\" controls=\"controls\"><source type=\"audio\/mpeg\" src=\"http:\/\/www.radiopiu.net\/wordpress\/wp-content\/uploads\/2018\/09\/GIANNI-2-1.mp3?_=6\" \/><a href=\"http:\/\/www.radiopiu.net\/wordpress\/wp-content\/uploads\/2018\/09\/GIANNI-2-1.mp3\">http:\/\/www.radiopiu.net\/wordpress\/wp-content\/uploads\/2018\/09\/GIANNI-2-1.mp3<\/a><\/audio>\n<h3><a class=\"dt-pswp-item\" href=\"http:\/\/www.radiopiu.net\/wordpress\/wp-content\/uploads\/2018\/02\/ANDREA-FIOCCO.jpg\" data-dt-img-description=\"\" data-large_image_width=\"960\" data-large_image_height=\"960\"><img loading=\"lazy\" decoding=\"async\" class=\"wp-image-43617 alignleft\" src=\"http:\/\/www.radiopiu.net\/wordpress\/wp-content\/uploads\/2018\/02\/ANDREA-FIOCCO-300x300.jpg\" alt=\"\" width=\"142\" height=\"142\" srcset=\"https:\/\/www.radiopiu.net\/wordpress\/wp-content\/uploads\/2018\/02\/ANDREA-FIOCCO-300x300.jpg 300w, https:\/\/www.radiopiu.net\/wordpress\/wp-content\/uploads\/2018\/02\/ANDREA-FIOCCO-150x150.jpg 150w, https:\/\/www.radiopiu.net\/wordpress\/wp-content\/uploads\/2018\/02\/ANDREA-FIOCCO-768x768.jpg 768w, https:\/\/www.radiopiu.net\/wordpress\/wp-content\/uploads\/2018\/02\/ANDREA-FIOCCO.jpg 960w\" sizes=\"auto, (max-width: 142px) 100vw, 142px\" \/><\/a><\/h3>\n<h3><\/h3>\n<h3><\/h3>\n<h3>AI MICROFONI DI RADIO PIU&#8217; ANDREA FIOCCO DELLA FP CGIL PERPLESSO PER LA PRESENZA DEGLI AMMINISTRATORI ALL&#8217;INCONTRO LAVORATORI-SINDACATI.<\/h3>\n<audio class=\"wp-audio-shortcode\" id=\"audio-61854-7\" preload=\"none\" style=\"width: 100%;\" controls=\"controls\"><source type=\"audio\/mpeg\" src=\"http:\/\/www.radiopiu.net\/wordpress\/wp-content\/uploads\/2018\/09\/FIOCCO.mp3?_=7\" \/><a href=\"http:\/\/www.radiopiu.net\/wordpress\/wp-content\/uploads\/2018\/09\/FIOCCO.mp3\">http:\/\/www.radiopiu.net\/wordpress\/wp-content\/uploads\/2018\/09\/FIOCCO.mp3<\/a><\/audio>\n<p>&nbsp;<\/p>\n<p>&nbsp;<\/p>\n<p>&nbsp;<\/p>\n<p>&nbsp;<\/p>\n<h1>QUANDO IL CIVETTA SI LASCIA PENETRARE DAL SOLE&#8230;ED E&#8217; AUTUNNO NEL RICORDO DI RENZO&#8230;<\/h1>\n<p><strong><a class=\"dt-pswp-item\" href=\"http:\/\/www.radiopiu.net\/wordpress\/wp-content\/uploads\/2018\/09\/42484865_172100293707928_7034132441925156864_n.jpg\" data-dt-img-description=\"\" data-large_image_width=\"2048\" data-large_image_height=\"1152\"><img loading=\"lazy\" decoding=\"async\" class=\"alignnone wp-image-61907 size-large\" src=\"http:\/\/www.radiopiu.net\/wordpress\/wp-content\/uploads\/2018\/09\/42484865_172100293707928_7034132441925156864_n-1024x576.jpg\" alt=\"\" width=\"1024\" height=\"576\" srcset=\"https:\/\/www.radiopiu.net\/wordpress\/wp-content\/uploads\/2018\/09\/42484865_172100293707928_7034132441925156864_n-1024x576.jpg 1024w, https:\/\/www.radiopiu.net\/wordpress\/wp-content\/uploads\/2018\/09\/42484865_172100293707928_7034132441925156864_n-300x169.jpg 300w, https:\/\/www.radiopiu.net\/wordpress\/wp-content\/uploads\/2018\/09\/42484865_172100293707928_7034132441925156864_n-768x432.jpg 768w, https:\/\/www.radiopiu.net\/wordpress\/wp-content\/uploads\/2018\/09\/42484865_172100293707928_7034132441925156864_n.jpg 2048w\" sizes=\"auto, (max-width: 1024px) 100vw, 1024px\" \/><\/a><\/strong><\/p>\n<p><span style=\"color: #ff0000;\"><strong>di Claudio Pra\u00a0<\/strong><\/span><\/p>\n<p><strong>ALLEGHE<\/strong> Come in primavera anche d&#8217;autunno il Civetta annuncia l&#8217;equinozio tramite il suo foro posto tra la Torre di Coldai e la Torre Di Valgrande. Lorenzo De Toni (foto)\u00a0 custode per i decenni dello stupendo fenomeno scoperto dal padre, quest&#8217;anno avr\u00e0 sicuramente osservato da un punto privilegiato lass\u00f9 nel cielo. A lui dedico questo filmato<\/p>\n<div style=\"width: 1200px;\" class=\"wp-video\"><video class=\"wp-video-shortcode\" id=\"video-61854-1\" width=\"1200\" height=\"675\" preload=\"metadata\" controls=\"controls\"><source type=\"video\/mp4\" src=\"http:\/\/www.radiopiu.net\/wordpress\/wp-content\/uploads\/2018\/09\/WhatsApp-Video-2018-09-25-at-18.05.59-1.mp4?_=1\" \/><a href=\"http:\/\/www.radiopiu.net\/wordpress\/wp-content\/uploads\/2018\/09\/WhatsApp-Video-2018-09-25-at-18.05.59-1.mp4\">http:\/\/www.radiopiu.net\/wordpress\/wp-content\/uploads\/2018\/09\/WhatsApp-Video-2018-09-25-at-18.05.59-1.mp4<\/a><\/video><\/div>\n<p>&nbsp;<\/p>\n<p>&nbsp;<\/p>\n<p>&nbsp;<\/p>\n<p>&nbsp;<\/p>\n<p class=\"western\" align=\"LEFT\"><span style=\"font-size: medium;\"><b>LUPO UCCISO: ASSESSORE PAN ,\u201cLA REGIONE HA MESSO IN ATTO OGNI STRUMENTO PERCHE\u2019 QUESTO NON ACCADESSE &#8211; SITUAZIONE ESASPERATA PER LA MANCANZA DI UN PIANO NAZIONALE\u201d<\/b><\/span><\/p>\n<blockquote>\n<p align=\"LEFT\"><strong>LESSINIA Un lupo ucciso da un&#8217;arma da fuoco \u00e8 stato ritrovato a San Rocco di Piegara in un&#8217;area boschiva aperta alla caccia di lepri e caprioli. Ucciso un maschio adulto, poco meno di 50 chilogrammi di peso. I Carabinieri Forestali hanno recuperato e sequestrato l&#8217;animale ucciso con un fucile a pallettoni, infuriati gli animalisti.<\/strong><\/p>\n<p class=\"western\" align=\"JUSTIFY\"><a class=\"dt-pswp-item\" href=\"http:\/\/www.radiopiu.net\/wordpress\/wp-content\/uploads\/2017\/03\/Veneto_assessore_Giuseppe-Pan.jpg\" data-dt-img-description=\"\" data-large_image_width=\"300\" data-large_image_height=\"299\"><img loading=\"lazy\" decoding=\"async\" class=\" wp-image-29244 alignleft\" src=\"http:\/\/www.radiopiu.net\/wordpress\/wp-content\/uploads\/2017\/03\/Veneto_assessore_Giuseppe-Pan-300x299.jpg\" alt=\"\" width=\"176\" height=\"175\" \/><\/a>\u201c<span style=\"font-size: medium;\">Attender\u00f2 il report dei carabinieri forestali e l\u2019esito dei rilievi necroscopici da parte dell\u2019Istituto Zooprofilattico delle Venezie prima di pronunciarmi sulla dinamica dell\u2019episodio che ha portato alla morte di un lupo rinvenuto oggi nei pressi di Rover\u00e9 Veronese, in Lessinia, con evidenti ferite da arma da fuoco. Certo \u00e8 che non posso non mettere in connessione questo grave episodio con l\u2019alto clima di tensione che si \u00e8 venuto a creare nella aree montane del Veneto, tradizionalmente vocate alla pastorizia e all\u2019allevamento, di fronte al proliferare incontrollato del lupo. Purtroppo lo \u2018status\u2019 di protezione totale e di intoccabilit\u00e0 del lupo, sancito dalla legislazione europea e nazionale, mette in crisi l\u2019equilibrio ecologico tra prede e predatori. E il protrarsi delle non decisioni in sede nazionale ed europea non fa che esasperare gli animi\u201d. Cos\u00ec l\u2019assessore all\u2019agricoltura e caccia della Regione Veneto, Giuseppe Pan, reagisce alla notizia del lupo ferito a morte in Lessinia.<\/span>\u201c<span style=\"font-size: medium;\">Da parte nostra, come assessorato regionale &#8211; sottolinea Pan \u2013 abbiamo messo in campo ogni possibile strumento per prevenire incursioni e attacchi, proteggere greggi e allevamenti con recinti elettrificati, con cani da pastore e sistemi di dissuasione e di geolocalizzazione del lupo e con rinforzi ai malgari, nonch\u00e9 stanziando congrui indennizzi per i capi predati\u201d.\u00a0<\/span>\u201c <span style=\"font-size: medium;\">Ma il problema della difficile convivenza tra uomo e lupo \u2013 conclude Pan &#8211; potr\u00e0 essere affrontato in modo serio solo articolando in modo diverso le direttive europee e riaprendo un confronto onesto tra Stato e Regioni sul piano nazionale di gestione del grande carnivoro: direttive e piano dovranno prendere in considerazione l\u2019effettiva presenza territoriale del lupo in Italia e contemplare misure mirate di riequilibrio tra attivit\u00e0 antropiche e fauna predatoria protetta\u201d.<\/span><\/p>\n<\/blockquote>\n<p>&nbsp;<\/p>\n<p>&nbsp;<\/p>\n<p>&nbsp;<\/p>\n<p>&nbsp;<\/p>\n<h1>REDDITO DI CITTADINANZA\u00a0 \u201cSOLO AGLI ITALIANI\u201d<\/h1>\n<p><strong><a class=\"dt-pswp-item\" href=\"http:\/\/www.radiopiu.net\/wordpress\/wp-content\/uploads\/2018\/09\/download-13.jpg\" data-dt-img-description=\"\" data-large_image_width=\"293\" data-large_image_height=\"172\"><img loading=\"lazy\" decoding=\"async\" class=\"size-full wp-image-61875 alignleft\" src=\"http:\/\/www.radiopiu.net\/wordpress\/wp-content\/uploads\/2018\/09\/download-13.jpg\" alt=\"\" width=\"293\" height=\"172\" \/><\/a><\/strong><\/p>\n<p>&nbsp;<\/p>\n<p><strong>ROMA<\/strong> \u201cSe reddito di cittadinanza deve essere, allora che venga assegnato agli italiani. Le misure che si vogliono adottare creano sperequazioni a favore degli stranieri&#8221;: il deputato di Forza Italia, Dario Bond, boccia i vincoli proposti dal Governo per l&#8217;erogazione del reddito di cittadinanza invitandolo a\u00a0rivedere i parametri a\u00a0 difesa dei veri italiani.<\/p>\n<audio class=\"wp-audio-shortcode\" id=\"audio-61854-8\" preload=\"none\" style=\"width: 100%;\" controls=\"controls\"><source type=\"audio\/mpeg\" src=\"http:\/\/www.radiopiu.net\/wordpress\/wp-content\/uploads\/2018\/09\/BOND-REDDITO-CITTADINANZA.mp3?_=8\" \/><a href=\"http:\/\/www.radiopiu.net\/wordpress\/wp-content\/uploads\/2018\/09\/BOND-REDDITO-CITTADINANZA.mp3\">http:\/\/www.radiopiu.net\/wordpress\/wp-content\/uploads\/2018\/09\/BOND-REDDITO-CITTADINANZA.mp3<\/a><\/audio>\n<p>&nbsp;<\/p>\n<p>&nbsp;<\/p>\n<h1><\/h1>\n<p>&nbsp;<\/p>\n<h1>SERVIZI FORESTALI ALLA PROVINCIA<\/h1>\n<p><a class=\"dt-pswp-item\" href=\"http:\/\/www.radiopiu.net\/wordpress\/wp-content\/uploads\/2018\/09\/download-1-4.jpg\" data-dt-img-description=\"\" data-large_image_width=\"259\" data-large_image_height=\"194\"><img loading=\"lazy\" decoding=\"async\" class=\"size-full wp-image-61876 alignleft\" src=\"http:\/\/www.radiopiu.net\/wordpress\/wp-content\/uploads\/2018\/09\/download-1-4.jpg\" alt=\"\" width=\"259\" height=\"194\" \/><\/a>ROMA &#8220;Unificare i Servizi forestali con il Genio civile e assegnare tutte le competenze alla Provincia di Belluno\u00bb. Il deputato bellunese Roger De Menech ha lanciato questa idea luned\u00ec sera durante un incontro con le imprese edili, molte delle quali eseguono lavori sui corsi d\u2019acqua per conto dei Servizi forestali o del Genio. \u00abIl passaggio dei Servizi forestali sotto Veneto Agricoltura\u00bb, afferma De Menech, \u00ab\u00e8 un allontanamento ulteriore dal territorio e dalle sue esigenze. Si allunga la catena di comando, si allungheranno i tempi di intervento e secondo molti addetti ai lavori i Servizi nel loro complesso ne usciranno indeboliti\u00bb. \u00abFrancamente credo\u00bb, aggiunge il deputato, \u00abche bisognasse fare esattamente l\u2019opposto, anche per rispondere alla crescente richiesta di autonomia dei bellunesi, sancita dal referendum del 22 ottobre scorso. La Regione dovrebbe ampliare gli spazi di autonomia di Belluno, non ridurli, come previsto dallo Statuto regionale e dalla legge 25. La divisione tra Servizi Forestali e Genio \u00e8 ormai fuori dal tempo e dalla logica\u00bb, ha detto il deputato all\u2019incontro. \u00abCome noto i primi si occupano dei lavori sugli alvei della rete fluviale secondaria, mentre il primo di quella primaria. La manutenzione del territorio \u00e8 una materia delicata e importante e nessuno meglio della Provincia di Belluno pu\u00f2 garantirla. La giunta regionale pu\u00f2 unificare i due enti, metterli a disposizione della Provincia e trasferirle risorse e uomini a saldo zero, cio\u00e8 senza spendere un centesimo di pi\u00f9 di quanto spende oggi\u00bb. \u00abIl mio\u00a0 &#8211; conclude De Menech &#8211; vuole\u00a0 essere un invito senza polemiche a favore del territorio Bellunese\u00bb. (foto\u00a0MMG Les doo)<\/p>\n<p>&nbsp;<\/p>\n<p>&nbsp;<\/p>\n<p>&nbsp;<\/p>\n<p>&nbsp;<\/p>\n<p>&nbsp;<\/p>\n<p>&nbsp;<\/p>\n<h1>PIOMBO ASSASSINO AL PARI DELLE MUNIZIONI<\/h1>\n<p><strong><a class=\"dt-pswp-item\" href=\"http:\/\/www.radiopiu.net\/wordpress\/wp-content\/uploads\/2018\/09\/download-14.jpg\" data-dt-img-description=\"\" data-large_image_width=\"311\" data-large_image_height=\"162\"><img loading=\"lazy\" decoding=\"async\" class=\" wp-image-61902 alignleft\" src=\"http:\/\/www.radiopiu.net\/wordpress\/wp-content\/uploads\/2018\/09\/download-14-300x156.jpg\" alt=\"\" width=\"252\" height=\"130\" srcset=\"https:\/\/www.radiopiu.net\/wordpress\/wp-content\/uploads\/2018\/09\/download-14-300x156.jpg 300w, https:\/\/www.radiopiu.net\/wordpress\/wp-content\/uploads\/2018\/09\/download-14.jpg 311w\" sizes=\"auto, (max-width: 252px) 100vw, 252px\" \/><\/a>VENEZIA\u00a0<\/strong>\u201cL\u2019ambiente e la salute umana non hanno bisogno della cura del piombo, anzi. Eppure ogni anno nel territori dell\u2019Unione europea se ne disperdono e accumulano oltre 30 mila tonnellate, per colpa delle munizioni usate nella caccia e nei poligoni di tiro. Uno studio svolto dall\u2019Agenzia europea per le sostanze chimiche (Echa) per conto della Commissione europea, pubblicato lo scorso 12 settembre (1), e ripreso subito da \u201cLe Monde\u201d, ha stimato che fino a due milioni di uccelli l\u2019anno muoiono per avvelenamento da piombo, o ingerendo direttamente i granuli o da contaminazione secondaria, come nel caso dei rapaci\u201d. \u00c8 quanto afferma Andrea Zanoni, consigliere regionale del Partito Democratico, che ha presentato un\u2019interrogazione alla Giunta (sottoscritta dalle colleghe Cristina Guarda della Lista AMP e Patrizia Bartelle del Movimento Cinque Stelle) in cui si chiede di intervenire per\u00a0salvaguardare la salute delle persone, ecosistemi, ambiente e fauna selvatica. \u201cIl piombo \u00e8 sempre pericoloso: non esiste una soglia di tossicit\u00e0 prestabilita, oltre la quale \u00e8 dannoso. Lo studio dell\u2019Echa rappresenta un allarme a 360 gradi: \u00e8 scritto come l\u2019accumulo nell\u2019ambiente rappresenti un rischio di contaminazione delle fonti d\u2019acqua e che pure il consumo selvaggina abbattuta \u00e8 problematico, anche pulendo i pallini dalla carcassa dell\u2019animale, poich\u00e9 i frammenti disperdono largamente nei tessuti, sotto forma di particelle microscopiche. Una soluzione potrebbe essere quella di sostituire i pallini di piombo con quelli in acciaio, utilizzabili nella maggior parte dei fucili: i costi per i cacciatori, spiegano dall\u2019Echa, sarebbero risibili. Attualmente 24 dei 28 Stati Membri dell\u2019Ue regolamentano, ciascuno a proprio modo, l\u2019uso delle munizioni di piombo in certe zone. \u00c8 ovvio che per avere un\u2019efficacia massima servirebbe un\u2019azione congiunta, ma anche la Regione, nell\u2019ambito delle proprie competenze, pu\u00f2 intervenire: credo ne valga la pena per tutelare l\u2019ambiente e la salute dei propri cittadini\u201d.<\/p>\n<p>&nbsp;<\/p>\n<p>&nbsp;<\/p>\n<p>&nbsp;<\/p>\n<p>&nbsp;<\/p>\n<h1>9 MILIONI MESSI PER VIABILITA\u2019, SICUREZZA E IMPIANTI SPORTIVI<\/h1>\n<p><strong><a class=\"dt-pswp-item\" href=\"http:\/\/www.radiopiu.net\/wordpress\/wp-content\/uploads\/2018\/05\/rotonda.jpeg\" data-dt-img-description=\"\" data-large_image_width=\"799\" data-large_image_height=\"1599\"><img loading=\"lazy\" decoding=\"async\" class=\"size-medium wp-image-47739 alignleft\" src=\"http:\/\/www.radiopiu.net\/wordpress\/wp-content\/uploads\/2018\/05\/rotonda-150x300.jpeg\" alt=\"\" width=\"150\" height=\"300\" srcset=\"https:\/\/www.radiopiu.net\/wordpress\/wp-content\/uploads\/2018\/05\/rotonda-150x300.jpeg 150w, https:\/\/www.radiopiu.net\/wordpress\/wp-content\/uploads\/2018\/05\/rotonda-768x1537.jpeg 768w, https:\/\/www.radiopiu.net\/wordpress\/wp-content\/uploads\/2018\/05\/rotonda-512x1024.jpeg 512w, https:\/\/www.radiopiu.net\/wordpress\/wp-content\/uploads\/2018\/05\/rotonda.jpeg 799w\" sizes=\"auto, (max-width: 150px) 100vw, 150px\" \/><\/a>VENEZIA\u00a0<\/strong> La giunta regionale ha licenziato oggi il testo di un disegno di legge che apporta al bilancio di previsione 2018-2020 una variazione negli stanziamenti. Ne d\u00e0 notizia il vicepresidente e assessore al bilancio Gianluca Forcolin sottolineandone l\u2019opportunit\u00e0 in relazione all&#8217;andamento delle politiche regionali. \u201cSi tratta infatti di una manovra di circa 9 milioni \u2013 aggiunge \u2013 che porter\u00e0 risorse fresche soprattutto per interventi finalizzati alla manutenzione ed al miglioramento delle nostre strade, ma anche nuova linfa ai comuni in ambito di impianti sportivi e pubblica sicurezza\u201d. Dal punto di vista tecnico-contabile, la variazione \u00e8 resa possibile dalle minori necessit\u00e0 segnalate su alcune autorizzazioni di spesa approvate col bilancio di previsione per un totale di 6.026.000,00 euro e da un maggior introito di quasi 2.900.000,00 euro a valere sui proventi da concessioni su beni demaniali e patrimoniali. Gli importi disponibili permetteranno quindi, nel dettaglio, di soddisfare: &#8211; per euro 7.500.000,00 esigenze di manutenzione ordinaria della rete viaria affidata a Veneto Strade; &#8211; per euro 1.200.000,00 interventi di impiantistica sportiva; &#8211; per euro 300.000,00 interventi di pubblica sicurezza a favore dei comuni; &#8211; per euro 580.000,00 un\u2019integrazione al contributo di funzionamento per la societ\u00e0 Sistemi Territoriali spa; &#8211; per euro 180.000,00 circa interventi in materia di mobilit\u00e0 e trasporti. \u201cAncora una volta \u2013 conclude Forcolin \u2013 non appena si sono resi disponibili degli spazi nel bilancio, la Giunta regionale ha approvato in tempi celeri un provvedimento che, oltre a coprire le spese per le manutenzioni sulla rete viaria, permetter\u00e0 anche lo scorrimento di graduatorie per impianti sportivi e ai comuni di intervenire in materia di sicurezza\u201d. Il disegno di legge passa ora in consiglio regionale per l\u2019approvazione che lo render\u00e0 esecutivo.<\/p>\n<p>&nbsp;<\/p>\n<p>&nbsp;<\/p>\n<h1><\/h1>\n<h1><\/h1>\n<p>&nbsp;<\/p>\n<p>&nbsp;<\/p>\n<p>&nbsp;<\/p>\n<p>&nbsp;<\/p>\n<h1>ALTO ADIGE: FDI, DOPPIA CITTADINANZA E\u2019 ATTO OSTILE SI VUOLE TRASFORMARE ITALIANI IN PROFUGHI<\/h1>\n<p><strong><a class=\"dt-pswp-item\" href=\"http:\/\/www.radiopiu.net\/wordpress\/wp-content\/uploads\/2018\/03\/DE-CARLO.jpg\" data-dt-img-description=\"\" data-large_image_width=\"203\" data-large_image_height=\"248\"><img loading=\"lazy\" decoding=\"async\" class=\" wp-image-44920 alignleft\" src=\"http:\/\/www.radiopiu.net\/wordpress\/wp-content\/uploads\/2018\/03\/DE-CARLO.jpg\" alt=\"\" width=\"169\" height=\"206\" \/><\/a>ROMA<\/strong>\u00a0 \u201cProporre la doppia cittadinanza non \u00e8 un atto di solidariet\u00e0 e non rappresenta neanche lo spirito europeista: \u00e8 un vero e proprio atto ostile e soprattutto \u00e8 il viatico di quello che davvero vogliono gli autonomisti, eredi di un periodo oscuro con l\u2019aiuto di Vienna: trasformare gli italiani di questa parte di Italia in profughi, annettere l\u2019Alto Adige all\u2019Austria significa cancellare 100 anni di Storia. E questo noi non lo accetteremo mai. Chiediamo al governo di mettere in atto tutte le azioni necessarie non solo per impedire la concessione del doppio passaporto, ma anche per salvaguardare la dignit\u00e0 di chi \u00e8 italiano e italiano vuole continuare ad essere. E diciamo agli amici della minoranza tedesca: noi difenderemo la vostra lingua, la vostra cultura e il vostro vivere in Italia con tutte le tutele e le opportunit\u00e0 garantite dagli accordi del 1992, ma dovete far capire a chi non ascolta che l\u2019Alto Adige non \u00e8 una colonia, un protettorato, una provincia senza Patria: l\u2019Alto Adige \u00e8 Italia e questa non \u00e8 una considerazione, \u00e8 un fatto\u201d.\u00a0 Cos\u00ec il deputato di Fratelli d\u2019Italia Luca De Carlo intervenendo in aula nel corso della discussione generale sulla mozione relativa alla concessione del doppio passaporto agli abitanti dell&#8217;Alto Adige.<\/p>\n<p>&nbsp;<\/p>\n<p>&nbsp;<\/p>\n<p>&nbsp;<\/p>\n<h1><\/h1>\n<h1><\/h1>\n<h1><\/h1>\n<h1>ITALIA PIU&#8217; INSICURA CON IL DECRETO SALVINI<\/h1>\n<p>audio, di Brunella Moro<\/p>\n<audio class=\"wp-audio-shortcode\" id=\"audio-61854-9\" preload=\"none\" style=\"width: 100%;\" controls=\"controls\"><source type=\"audio\/mpeg\" src=\"http:\/\/www.radiopiu.net\/wordpress\/wp-content\/uploads\/2018\/09\/gr-25-massaro-italia-insicura-1.mp3?_=9\" \/><a href=\"http:\/\/www.radiopiu.net\/wordpress\/wp-content\/uploads\/2018\/09\/gr-25-massaro-italia-insicura-1.mp3\">http:\/\/www.radiopiu.net\/wordpress\/wp-content\/uploads\/2018\/09\/gr-25-massaro-italia-insicura-1.mp3<\/a><\/audio>\n<p><strong><a class=\"dt-pswp-item\" href=\"http:\/\/www.radiopiu.net\/wordpress\/wp-content\/uploads\/2018\/09\/SALVINI.jpg\" data-dt-img-description=\"\" data-large_image_width=\"190\" data-large_image_height=\"265\"><img loading=\"lazy\" decoding=\"async\" class=\" wp-image-61911 alignleft\" src=\"http:\/\/www.radiopiu.net\/wordpress\/wp-content\/uploads\/2018\/09\/SALVINI.jpg\" alt=\"\" width=\"155\" height=\"216\" \/><\/a>BELLUNO<\/strong> \u00abIl Decreto Salvini sull&#8217;immigrazione non render\u00e0 l&#8217;Italia un Paese pi\u00f9 sicuro, ma al contrario rischia di gettare in mano alla delinquenza organizzata migliaia di persone. \u00c8 un provvedimento calato sul territorio da chi sta seduto dietro un banco o una scrivania a Roma e, per una decisione \u201cdi pancia\u201d, scarica cos\u00ec le future emergenze sociali sui sindaci e sui suoi cittadini\u00bb: il Sindaco di Belluno, Jacopo Massaro, ribadisce la bocciatura al decreto in materia di immigrazione e sicurezza, bocciatura gi\u00e0 illustrata pochi giorni fa. <em>\u00abCi sono aspetti di questo decreto che rischiano di alimentare le tensioni sociali: &#8211; spiega Massaro \u2013 l&#8217;eliminazione dell&#8217;accoglienza diffusa a favore delle grandi concentrazioni, la riduzione delle politiche di integrazione, la riforma dello SPRAR che escluder\u00e0 dal sistema dei progetti di integrazione i richiedenti in attesa di permesso di soggiorno, il \u201csalto\u201d delle quote di riparto e della clausola di salvaguardia. Tutto questo far\u00e0 s\u00ec che, anzich\u00e9 sviluppare i progetti di integrazione che nelle realt\u00e0 come Belluno hanno portato negli anni buoni risultati, i migranti saranno trattati come persone totalmente estranee alla nostra societ\u00e0, senza possibilit\u00e0 di conoscere la cultura, la lingua, cercare un lavoro, ed il loro destino, vista l&#8217;impossibilit\u00e0 dei rimpatri, sar\u00e0 quella di andare a rinfoltire le fila della delinquenza organizzata\u00bb.\u00a0<\/em><em>\u00abIl \u201csistema Belluno\u201d ha funzionato, grazie agli sforzi delle istituzioni e delle realt\u00e0 che si occupano dei richiedenti asilo. &#8211; conclude Massaro \u2013 I nostri progetti di insegnamento della lingua, della cucina, dell&#8217;orientamento civico, l&#8217;obbiettivo di avvicinarli al lavoro e di rendere attiva la loro vita nella citt\u00e0, tutto questo viene ora annientato da un decreto che porter\u00e0 il caos nella gestione dei migranti. Un&#8217;altra decisione calata dall&#8217;alto da un ministro e da un partito che non si confronta con i territori e con chi li coordina, a partire dai sindaci, e prende provvedimenti d&#8217;impeto senza riflettere sui riflessi, anche a breve termine, che questi avranno sul Paese e sulla cittadinanza\u00bb<\/em>.<\/p>\n<p>&nbsp;<\/p>\n<p>&nbsp;<\/p>\n<p>&nbsp;<\/p>\n<p>&nbsp;<\/p>\n<p>&nbsp;<\/p>\n<p>&nbsp;<\/p>\n<blockquote class=\"wp-embedded-content\" data-secret=\"srkVF3Crbf\"><p><a href=\"http:\/\/www.radiopiu.net\/wordpress\/progetto-urbabio-al-via-da-palazzo-rosso\/\">PROGETTO UrbaBio, AL VIA DA PALAZZO ROSSO<\/a><\/p><\/blockquote>\n<p><iframe loading=\"lazy\" class=\"wp-embedded-content\" sandbox=\"allow-scripts\" security=\"restricted\" style=\"position: absolute; clip: rect(1px, 1px, 1px, 1px);\" src=\"http:\/\/www.radiopiu.net\/wordpress\/progetto-urbabio-al-via-da-palazzo-rosso\/embed\/#?secret=srkVF3Crbf\" data-secret=\"srkVF3Crbf\" width=\"600\" height=\"338\" title=\"&#8220;PROGETTO UrbaBio, AL VIA DA PALAZZO ROSSO&#8221; &#8212; Radio Pi\u00f9\" frameborder=\"0\" marginwidth=\"0\" marginheight=\"0\" scrolling=\"no\"><\/iframe><\/p>\n<p>&nbsp;<\/p>\n<p>&nbsp;<\/p>\n<p>&nbsp;<\/p>\n<p>&nbsp;<\/p>\n<blockquote class=\"wp-embedded-content\" data-secret=\"MUHNCgttth\"><p><a href=\"http:\/\/www.radiopiu.net\/wordpress\/segnaletica-orizzontale-terminato-il-primo-stralcio-si-pensa-al-secondo\/\">SEGNALETICA ORIZZONTALE TERMINATO IL  PRIMO STRALCIO SI PENSA AL SECONDO<\/a><\/p><\/blockquote>\n<p><iframe loading=\"lazy\" class=\"wp-embedded-content\" sandbox=\"allow-scripts\" security=\"restricted\" style=\"position: absolute; clip: rect(1px, 1px, 1px, 1px);\" src=\"http:\/\/www.radiopiu.net\/wordpress\/segnaletica-orizzontale-terminato-il-primo-stralcio-si-pensa-al-secondo\/embed\/#?secret=MUHNCgttth\" data-secret=\"MUHNCgttth\" width=\"600\" height=\"338\" title=\"&#8220;SEGNALETICA ORIZZONTALE TERMINATO IL  PRIMO STRALCIO SI PENSA AL SECONDO&#8221; &#8212; Radio Pi\u00f9\" frameborder=\"0\" marginwidth=\"0\" marginheight=\"0\" scrolling=\"no\"><\/iframe><\/p>\n<p>&nbsp;<\/p>\n<p>&nbsp;<\/p>\n<blockquote>\n<h3><\/h3>\n<\/blockquote>\n<p>&nbsp;<\/p>\n<p>&nbsp;<\/p>\n<p><a class=\"dt-pswp-item\" href=\"http:\/\/www.radiopiu.net\/wordpress\/wp-content\/uploads\/2015\/08\/PROSSIMI_APPUNTAMENTI.jpg\" data-dt-img-description=\"\" data-large_image_width=\"397\" data-large_image_height=\"123\"><img loading=\"lazy\" decoding=\"async\" class=\"alignnone wp-image-8642\" src=\"http:\/\/www.radiopiu.net\/wordpress\/wp-content\/uploads\/2015\/08\/PROSSIMI_APPUNTAMENTI-300x93.jpg\" alt=\"\" width=\"394\" height=\"122\" \/><\/a><\/p>\n<p>&nbsp;<\/p>\n<p>&nbsp;<\/p>\n<h1>RADIO PIU IN ESTERNO, DOMANI LA DIRETTA DIFFERITA CON GIORGIO FORNASIER<\/h1>\n<blockquote class=\"wp-embedded-content\" data-secret=\"vWdjStABlX\"><p><a href=\"http:\/\/www.radiopiu.net\/wordpress\/giorgio-fornasier-ha-cantato-a-sostegno-del-nuovo-centro-diurnogiovedi-diretta-differita-su-radio-piu-dalle-20-30\/\">GIORGIO FORNASIER HA CANTATO A SOSTEGNO DEL NUOVO CENTRO DIURNO,GIOVEDI DIRETTA DIFFERITA SU RADIO PIU&#8217; DALLE 20.30<\/a><\/p><\/blockquote>\n<p><iframe loading=\"lazy\" class=\"wp-embedded-content\" sandbox=\"allow-scripts\" security=\"restricted\" style=\"position: absolute; clip: rect(1px, 1px, 1px, 1px);\" src=\"http:\/\/www.radiopiu.net\/wordpress\/giorgio-fornasier-ha-cantato-a-sostegno-del-nuovo-centro-diurnogiovedi-diretta-differita-su-radio-piu-dalle-20-30\/embed\/#?secret=vWdjStABlX\" data-secret=\"vWdjStABlX\" width=\"600\" height=\"338\" title=\"&#8220;GIORGIO FORNASIER HA CANTATO A SOSTEGNO DEL NUOVO CENTRO DIURNO,GIOVEDI DIRETTA DIFFERITA SU RADIO PIU&#8217; DALLE 20.30&#8221; &#8212; Radio Pi\u00f9\" frameborder=\"0\" marginwidth=\"0\" marginheight=\"0\" scrolling=\"no\"><\/iframe><\/p>\n<p>&nbsp;<\/p>\n<p>&nbsp;<\/p>\n<p>&nbsp;<\/p>\n<h1>ZECCHE E ZANZARE AI GIOVEDI DELLA SALUTE<\/h1>\n<p><strong>BELLUNO\u00a0\u00a0<\/strong>Dopo la pausa estiva, riprendono\u00a0 domani\u00a0 alle 18:00, presso la Sala Riunioni dell\u2019Ospedale San Martino di Belluno, \u201cI gioved\u00ec della salute\u201d, sul tema Zecche e zanzare: quali malattie. Il tema, continua a destare interesse, dato, in particolare, il protrarsi della presenza delle zanzare, dovuto alle condizioni climatiche e alle nuove specie che si sono diffuse nel territorio regionale. Relatori dell\u2019incontro saranno: il dr. Ermenegildo Francavilla, Direttore dell\u2019 UOC Malattie Infettive dell\u2019ospedale San Martino, la dott.ssa Rosanna Mel, Responsabile UOSD Epidemiologia Servizio Igiene e Sanit\u00e0 Pubblica e Marco Dal Pont, referente delle professioni sanitarie Area Territoriale.<\/p>\n<p>&nbsp;<\/p>\n<p>&nbsp;<\/p>\n<p>&nbsp;<\/p>\n<h1>EMERGENZA D&#8217;ALTA QUOTA, ULTIMO ATTO<\/h1>\n<p><strong>FELTRE\u00a0<\/strong>Il master di I livello di Prevenzione ed emergenza in territorio montano e d&#8217;alta quota proposto dall&#8217;Ulss1 \u00e8 giunto a conclusione. L&#8217;ultimo atto con l&#8217;attesa cerimonia \u00e8 previsto per sabato alle 11.30 nella sala convegni dell&#8217;ospedale Santa Maria del Prato.<\/p>\n<p>&nbsp;<\/p>\n<p>&nbsp;<\/p>\n<p>&nbsp;<\/p>\n<h1>CINEMA CON\u00a0 LUPI E\u00a0 GRANDI PREDATORI<\/h1>\n<p><strong>LONGARONE<\/strong> Venerd\u00ec alle\u00a0 21 il Centro Culturale di Longarone ospita una importante proiezione di filmati sulla possibilit\u00e0 di convivenza con il lupo e con i grandi predatori carnivori. Lo spettacolo, che si colloca all&#8217;interno del programma per la celebrazione dei 25 anni del Parco Nazionale Dolomiti Bellunesi, vuole essere un contributo alla conoscenza dei grandi animali che, nel corso dei decenni, hanno colonizzato le montagne e mostrare anche un esempio di come la convivenza possa addirittura trasformarsi in opportunit\u00e0. \u00c8 il tema, in particolare, del film Living with wildlife, della regista canadese Leanne Allison, ambientato nella Bow Valley dell&#8217;Alberta, in Canada. L&#8217;altro film \u00e8 L&#8217;aritmetica del lupo, di Alessandro Ingaria. Si tratta di un documentario realizzato nell&#8217;ambito del progetto LIFE WOLFALPS e dedicato al ritorno naturale del lupo sulle Alpi, un&#8217;opera che sta ottenendo numerosi successi.\u00a0 Il film tratta l&#8217;argomento lupo in modo inedito e originale, affidando il tema tanto discusso del ritorno naturale di questo predatore alle parole di tre donne che, da punti di vista differenti, si sono imbattute nel lupo. Una ricercatrice, un&#8217;antropologa e una naturalista appassionata di fotografia riflettono tre prospettive da cui inquadrare il predatore: quella scientifica, quella dell&#8217;immaginario, quella dell&#8217;emozione dell&#8217;incontro in natura.<\/p>\n<p>&nbsp;<\/p>\n<p>&nbsp;<\/p>\n<p>&nbsp;<\/p>\n<p>&nbsp;<\/p>\n<h1>VIABILITA&#8217; STRADE CHIUSE NELL&#8217;ALTO AGORDINO<\/h1>\n<p><strong><a class=\"dt-pswp-item\" href=\"http:\/\/www.radiopiu.net\/wordpress\/wp-content\/uploads\/2018\/04\/passa_fedaia_01marzo.jpg\" data-dt-img-description=\"\" data-large_image_width=\"708\" data-large_image_height=\"531\"><img loading=\"lazy\" decoding=\"async\" class=\"wp-image-47179 alignleft\" src=\"http:\/\/www.radiopiu.net\/wordpress\/wp-content\/uploads\/2018\/04\/passa_fedaia_01marzo-300x225.jpg\" alt=\"\" width=\"167\" height=\"125\" srcset=\"https:\/\/www.radiopiu.net\/wordpress\/wp-content\/uploads\/2018\/04\/passa_fedaia_01marzo-300x225.jpg 300w, https:\/\/www.radiopiu.net\/wordpress\/wp-content\/uploads\/2018\/04\/passa_fedaia_01marzo.jpg 708w\" sizes=\"auto, (max-width: 167px) 100vw, 167px\" \/><\/a>PASSO FEDAIA<\/strong> Fino al 5 ottobre in prossimit\u00e0 del lago di Fedaia (Comune di Canazei) lungo la statale 641\u00a0 chiusura totale al traffico dalle 6.30 alle 18 e senso unico al di fuori degli orari di chiusura.<\/p>\n<p><strong>ROCCA PIETORE<\/strong> Fino al 28 settembre Interdizione totale al traffico sia veicolare che pedonale dalle 7.40 alle 12 e dalle 13.30 alle 17.30\u00a0 all&#8217;altezza della galleria di Saviner<\/p>\n<p>&nbsp;<\/p>\n<p>&nbsp;<\/p>\n<p>&nbsp;<\/p>\n<p>&nbsp;<\/p>\n<p>&nbsp;<\/p>\n<p>&nbsp;<\/p>\n<p><a class=\"dt-pswp-item\" href=\"http:\/\/www.radiopiu.net\/wordpress\/wp-content\/uploads\/2018\/09\/sport.jpg\" data-dt-img-description=\"\" data-large_image_width=\"800\" data-large_image_height=\"100\"><img loading=\"lazy\" decoding=\"async\" class=\"alignnone wp-image-60761 size-full\" src=\"http:\/\/www.radiopiu.net\/wordpress\/wp-content\/uploads\/2018\/09\/sport.jpg\" alt=\"\" width=\"800\" height=\"100\" srcset=\"https:\/\/www.radiopiu.net\/wordpress\/wp-content\/uploads\/2018\/09\/sport.jpg 800w, https:\/\/www.radiopiu.net\/wordpress\/wp-content\/uploads\/2018\/09\/sport-300x38.jpg 300w, https:\/\/www.radiopiu.net\/wordpress\/wp-content\/uploads\/2018\/09\/sport-768x96.jpg 768w\" sizes=\"auto, (max-width: 800px) 100vw, 800px\" \/><\/a><\/p>\n<h1><\/h1>\n<p>&nbsp;<\/p>\n<p>&nbsp;<\/p>\n<h1>MOTORI, 33ESIMO RALLY BELLUNESE<\/h1>\n<p><strong><a class=\"dt-pswp-item\" href=\"http:\/\/www.radiopiu.net\/wordpress\/wp-content\/uploads\/2018\/09\/10290618_324503217702706_2866697028047920675_n.jpg\" data-dt-img-description=\"\" data-large_image_width=\"960\" data-large_image_height=\"640\"><img loading=\"lazy\" decoding=\"async\" class=\" wp-image-61883 alignleft\" src=\"http:\/\/www.radiopiu.net\/wordpress\/wp-content\/uploads\/2018\/09\/10290618_324503217702706_2866697028047920675_n-300x200.jpg\" alt=\"\" width=\"212\" height=\"141\" srcset=\"https:\/\/www.radiopiu.net\/wordpress\/wp-content\/uploads\/2018\/09\/10290618_324503217702706_2866697028047920675_n-300x200.jpg 300w, https:\/\/www.radiopiu.net\/wordpress\/wp-content\/uploads\/2018\/09\/10290618_324503217702706_2866697028047920675_n-768x512.jpg 768w, https:\/\/www.radiopiu.net\/wordpress\/wp-content\/uploads\/2018\/09\/10290618_324503217702706_2866697028047920675_n.jpg 960w\" sizes=\"auto, (max-width: 212px) 100vw, 212px\" \/><\/a><\/strong><\/p>\n<p>&nbsp;<\/p>\n<p>&nbsp;<\/p>\n<p><strong>BELLUNO<\/strong> E&#8217; tempo di rally bellunese numero 33. Via alla fase preliminare con la Tre Cime Promotor. Tutti i particolari sul sito dell&#8217;associazione sportiva dilettantistica. (foto Friul motor)<\/p>\n<p>di Roberto Bona<\/p>\n<audio class=\"wp-audio-shortcode\" id=\"audio-61854-10\" preload=\"none\" style=\"width: 100%;\" controls=\"controls\"><source type=\"audio\/mpeg\" src=\"http:\/\/www.radiopiu.net\/wordpress\/wp-content\/uploads\/2018\/09\/ROBERTO-1.mp3?_=10\" \/><a href=\"http:\/\/www.radiopiu.net\/wordpress\/wp-content\/uploads\/2018\/09\/ROBERTO-1.mp3\">http:\/\/www.radiopiu.net\/wordpress\/wp-content\/uploads\/2018\/09\/ROBERTO-1.mp3<\/a><\/audio>\n<p>&nbsp;<\/p>\n<p>&nbsp;<\/p>\n<p>&nbsp;<\/p>\n<h1>ENRICO FARENZENA, IL RITORNO DEL FUORICLASSE<\/h1>\n<p><a class=\"dt-pswp-item\" href=\"http:\/\/www.radiopiu.net\/wordpress\/wp-content\/uploads\/2018\/09\/image.jpg\" data-dt-img-description=\"\" data-large_image_width=\"558\" data-large_image_height=\"396\"><img loading=\"lazy\" decoding=\"async\" class=\"alignnone wp-image-61913\" src=\"http:\/\/www.radiopiu.net\/wordpress\/wp-content\/uploads\/2018\/09\/image-300x213.jpg\" alt=\"\" width=\"193\" height=\"137\" srcset=\"https:\/\/www.radiopiu.net\/wordpress\/wp-content\/uploads\/2018\/09\/image-300x213.jpg 300w, https:\/\/www.radiopiu.net\/wordpress\/wp-content\/uploads\/2018\/09\/image.jpg 558w\" sizes=\"auto, (max-width: 193px) 100vw, 193px\" \/><\/a><\/p>\n<p><strong>di Marco Gaz<\/strong><\/p>\n<audio class=\"wp-audio-shortcode\" id=\"audio-61854-11\" preload=\"none\" style=\"width: 100%;\" controls=\"controls\"><source type=\"audio\/mpeg\" src=\"http:\/\/www.radiopiu.net\/wordpress\/wp-content\/uploads\/2018\/09\/gr-26-agordina-enrico-farenzena.mp3?_=11\" \/><a href=\"http:\/\/www.radiopiu.net\/wordpress\/wp-content\/uploads\/2018\/09\/gr-26-agordina-enrico-farenzena.mp3\">http:\/\/www.radiopiu.net\/wordpress\/wp-content\/uploads\/2018\/09\/gr-26-agordina-enrico-farenzena.mp3<\/a><\/audio>\n<p>&nbsp;<\/p>\n<p>&nbsp;<\/p>\n<p>&nbsp;<\/p>\n<p>&nbsp;<\/p>\n<h1>HOCKEY, STASERA L&#8217;ALLEGHE A CAVALESE<\/h1>\n<p>Questa sera si gioca la seconda giornata dell&#8217;Italian Hockey League. Alleghe in trasferta a Cavalese, giocher\u00e0 contro il Fiemme. Le civette arrivano dalla vittoria casalinga con il Como e stasera si scontreranno con una squadra pi\u00f9 ostica. Partita che seguiremo in diretta su Radio Pi\u00f9 all&#8217;Interno di \u201cHockey Al Punto Giusto\u201d a partire dalle 20:30.<\/p>\n<audio class=\"wp-audio-shortcode\" id=\"audio-61854-12\" preload=\"none\" style=\"width: 100%;\" controls=\"controls\"><source type=\"audio\/mpeg\" src=\"http:\/\/www.radiopiu.net\/wordpress\/wp-content\/uploads\/2018\/09\/gr-26-alleghe-hockey.mp3?_=12\" \/><a href=\"http:\/\/www.radiopiu.net\/wordpress\/wp-content\/uploads\/2018\/09\/gr-26-alleghe-hockey.mp3\">http:\/\/www.radiopiu.net\/wordpress\/wp-content\/uploads\/2018\/09\/gr-26-alleghe-hockey.mp3<\/a><\/audio>\n<p>&nbsp;<\/p>\n<p>&nbsp;<\/p>\n<p>&nbsp;<\/p>\n<p>&nbsp;<\/p>\n<h1>GRAN PRIX INTERNAZIONALE SKIROLL SPORTFUL<\/h1>\n<p><strong><a class=\"dt-pswp-item\" href=\"http:\/\/www.radiopiu.net\/wordpress\/wp-content\/uploads\/2018\/09\/logo-40\u00b0-Convertito.jpg\" data-dt-img-description=\"\" data-large_image_width=\"842\" data-large_image_height=\"595\"><img loading=\"lazy\" decoding=\"async\" class=\"size-medium wp-image-61880 alignleft\" src=\"http:\/\/www.radiopiu.net\/wordpress\/wp-content\/uploads\/2018\/09\/logo-40\u00b0-Convertito-300x212.jpg\" alt=\"\" width=\"300\" height=\"212\" srcset=\"https:\/\/www.radiopiu.net\/wordpress\/wp-content\/uploads\/2018\/09\/logo-40\u00b0-Convertito-300x212.jpg 300w, https:\/\/www.radiopiu.net\/wordpress\/wp-content\/uploads\/2018\/09\/logo-40\u00b0-Convertito-768x543.jpg 768w, https:\/\/www.radiopiu.net\/wordpress\/wp-content\/uploads\/2018\/09\/logo-40\u00b0-Convertito.jpg 842w\" sizes=\"auto, (max-width: 300px) 100vw, 300px\" \/><\/a>FELTRE\u00a0<\/strong> Ogni anno il Gran Prix Sportful segna un po\u2019 il passaggio dalla stagione estiva a quella invernale. Sui tornanti del Croce d\u2019Aune si sfidano i campioni dello sci nordico che decretano la fine dell\u2019estate e l\u2019inizio della rifinitura della preparazione per la Coppa del Mondo che inizier\u00e0 a novembre. Sono 40 anni che questo accade e quindi oramai per molti di noi tutto questo \u00e8 naturale. Cominciamo a prenderci una giacca, una felpa e iniziamo a prepararci mentalmente alla neve. Il programma del Gran Prix Sportful quest\u2019anno vedr\u00e0 come consueto palcoscenico il centro di Feltre con la salita di Campo Giorgio il sabato 6 ottobre dalle ore 18.00. Mentre l\u2019appuntamento della prova in salita sar\u00e0 la domenica dalle ore 11.00 davanti la Birreria di Pedavena per le categorie assolute.\u00a0 Sono 40 anni che il Dr. Giordano Cremonese organizza con il formidabile supporto dello Sci Nordico Sportful, questo evento unico nel suo genere, che ha fatto scuola ed \u00e8 stato preso ad ispirazione anche da altri eventi di skiroll. La prima edizione del 1979 era nata come test sulla preparazione estiva, per capire se i lavori di forza e resistenza erano in linea con le aspettative della stagione delle gare lunghe.\u00a0 L\u2019idea era partita proprio da questo, definire un momento di verifica e il Dr. Cremonese, pioniere nello sci da fondo, ha replicato questa sua visione anche nello skiroll.<\/p>\n<blockquote><p><em>\u201cRicordo ancora, conferma il Presidente di Sportful Giordano Cremonese, quando pensammo di organizzare la prima edizione. Ci aiutarono due fortissimi atleti del C.S. dei Carabinieri, come Ponza e Kostner. Gli skiroll neri, che si erano costruiti da soli, e tanta voglia di scoprire come potersi allenare per preparare al meglio la Marcialonga. Obiettivo fisso da alcuni anni di noi nuovi fondisti. Poi il tempo \u00e8 passato veloce e dal primo percorso sul Roncon, ci siamo trasferiti dopo nove edizioni sui tornanti del Croce d\u2019Aune, con un percorso pi\u00f9 lungo che poi dopo alcuni anni accorciammo alla misura attuale con la partenza dalla Birreria, dove gli spazi per il sempre maggior numero di partecipanti ci consentivano di dare il miglior servizio a tutti i partecipanti. Quindi oggi, con un sogno che non pensavamo andasse cos\u00ec lontano. Oggi dove mi sento di passare finalmente il testimone ad Alessio, mio figlio, un grande appassionato come me di questo sport. Sicuro che sapr\u00e0 proseguire questo sogno anche in futuro inserendo ogni anno qualcosa di nuovo, come \u00e8 tradizione per noi dello Sci Nordico Sportful\u201d. \u201cUna tradizione che, sottolinea Alessio Cremonese, prosegue con la riconferma del Campionato Italiano Assoluto di prova in salita per la gara di Domenica. Quindi non solo test ufficiale di preparazione per la Nazionale Italiana di Fondo guidata dal nuovo Direttore Tecnico, Marco Selle, ma anche sede di assegnazione di un titolo Tricolore\u201d. <\/em><\/p><\/blockquote>\n<p>Gli ingredienti quindi non mancano per avere uno spettacolare week end sulle strade del Feltrino con i campioni dello sci nordico e dello skiroll. L\u2019elenco dettagliato degli atleti italiani e stranieri che parteciperanno sar\u00e0 svelato a breve dal Comitato Organizzatore, non appena ricevute le ultime conferme.<\/p>\n<p>&nbsp;<\/p>\n<p>&nbsp;<\/p>\n<p>&nbsp;<\/p>\n<p>&nbsp;<\/p>\n<p><a class=\"dt-pswp-item\" href=\"http:\/\/www.radiopiu.net\/wordpress\/wp-content\/uploads\/2018\/09\/WhatsApp-Image-2018-09-20-at-16.04.06.jpeg\" data-dt-img-description=\"\" data-large_image_width=\"800\" data-large_image_height=\"100\"><img loading=\"lazy\" decoding=\"async\" class=\"alignnone wp-image-61378 size-full\" src=\"http:\/\/www.radiopiu.net\/wordpress\/wp-content\/uploads\/2018\/09\/WhatsApp-Image-2018-09-20-at-16.04.06.jpeg\" alt=\"\" width=\"800\" height=\"100\" srcset=\"https:\/\/www.radiopiu.net\/wordpress\/wp-content\/uploads\/2018\/09\/WhatsApp-Image-2018-09-20-at-16.04.06.jpeg 800w, https:\/\/www.radiopiu.net\/wordpress\/wp-content\/uploads\/2018\/09\/WhatsApp-Image-2018-09-20-at-16.04.06-300x38.jpeg 300w, https:\/\/www.radiopiu.net\/wordpress\/wp-content\/uploads\/2018\/09\/WhatsApp-Image-2018-09-20-at-16.04.06-768x96.jpeg 768w\" sizes=\"auto, (max-width: 800px) 100vw, 800px\" \/><\/a><\/p>\n<p>&nbsp;<\/p>\n<h1>PREVISIONI DEL TEMPO DA OGGI A VENERDI<\/h1>\n<p><strong>Mercoledi 26<\/strong><br \/>\nTempo atteso: Giornata pressoch\u00e9 simile a marted\u00ec con sole, cielo sereno al mattino e sole velato da sottilissime velature al pomeriggio. Aria tersa ed ottima visibilit\u00e0. Il clima notturno sar\u00e0 un po&#8217; meno freddo, specie in quota e quello diurno assai pi\u00f9 mite rispetto a marted\u00ec.<br \/>\nPrecipitazioni: Assenti (0\u00b0C).<br \/>\nTemperature: In generale lieve ripresa, eccetto quasi stazionariet\u00e0 delle minime nelle valli, dove le brinate e le gelate saranno ancora probabili (minime comprese tra 2\u00b0C e -2\u00b0C attorno ai 1000\/1200 m). In giornata i massimi toccheranno i 23\/24\u00b0C nelle conche prealpine ed i 19\/20\u00b0C a 1000\/1200 m: su Prealpi a 1500 m min 2\u00b0C max 14\u00b0C, a 2000 m min 1\u00b0C max 11\u00b0C, su Dolomiti a 2000 m 1\u00b0C max 12\u00b0C, a 3000 m min 0\u00b0C max 6\u00b0C.<br \/>\nVenti: Nelle valli da deboli a moderati a regime di brezza; in quota venti da Nord perlopi\u00f9 moderati; a 5-15 km\/h a 2000 m e 15-25 km\/h a 3000 m.<br \/>\n<strong>Giovedi 27<\/strong><br \/>\nTempo atteso: Tempo ben soleggiato con cielo sereno, aria tersa ed ottima visibilit\u00e0. Clima diurno decisamente pi\u00f9 mite a tutte le quote, con valori ben al di sopra della media del periodo.<br \/>\nPrecipitazioni: Assenti (0%).<br \/>\nTemperature: In generale rialzo con clima diurno particolarmente mite. Probabile inversione termica notturna nelle valli. Sono previste punte di 25\/26\u00b0C nelle conche prealpine e di 20\/22\u00b0C a 1000\/1200 m. Su Prealpi a 1500 m min 10\u00b0C max 17\u00b0C, a 2000 m min 8\u00b0C max 14\u00b0C, su Dolomiti a 2000 m 7\u00b0C max 15\u00b0C, a 3000 m min 5\u00b0C max 7\u00b0C.<br \/>\nVenti: Nelle valli da deboli a moderati a regime di brezza; in quota venti da Nord perlopi\u00f9 deboli, a tratti moderati alle quote pi\u00f9 elevate; a 5-10 km\/h a 2000 m e 10-15 km\/h a 3000 m.<br \/>\n<strong>Venerdi 28<\/strong><br \/>\nTempo ben soleggiato con cielo sereno, aria tersa ed ottima visibilit\u00e0. Temperature pressoch\u00e9 stazionarie o in ulteriore leggero aumento, ben al di sopra della media del periodo. Venti deboli da Nord in quota e brezze nelle valli.<br \/>\n<strong>Sabato 29<\/strong><br \/>\nTempo soleggiato al mattino, in seguito qualche annuvolamento in arrivo da Nord, senza fenomeni. Temperature in calo, pi\u00f9 avvertito in quota, con minime osservate alla sera. Venti deboli\/moderati da Nord al mattino, in rotazione da Nord-Ovest al pomeriggio, rafforzandosi fino a essere tesi oltre i 2000\/2400 m di quota. Previsore: R.L.Th.<\/p>\n","protected":false},"excerpt":{"rendered":"<p>ESCE DI STRADA CON LA BICI E PERDE LA VITA. NON SI ESCLUDE IL MALORE. SAN PIETRO DI CADORE Dramma in Cadore, in un incidente con la bicicletta muore Caterina Penazzi, 55 anni di Ravenna uscita dalla careggiata e finita contro un albero. La donna \u00e8 morta per all&#8217;istante per politrauma. A trovarla il marito&hellip;<\/p>\n","protected":false},"author":1,"featured_media":61888,"comment_status":"closed","ping_status":"closed","sticky":false,"template":"","format":"standard","meta":{"_monsterinsights_skip_tracking":false,"_monsterinsights_sitenote_active":false,"_monsterinsights_sitenote_note":"","_monsterinsights_sitenote_category":0,"footnotes":""},"categories":[86],"tags":[],"class_list":["post-61854","post","type-post","status-publish","format-standard","has-post-thumbnail","hentry","category-gr","category-86","description-off"],"img_url":"https:\/\/www.radiopiu.net\/wordpress\/wp-content\/uploads\/2018\/09\/POLIFUNZIONALE1.jpg","_links":{"self":[{"href":"https:\/\/www.radiopiu.net\/wordpress\/wp-json\/wp\/v2\/posts\/61854","targetHints":{"allow":["GET"]}}],"collection":[{"href":"https:\/\/www.radiopiu.net\/wordpress\/wp-json\/wp\/v2\/posts"}],"about":[{"href":"https:\/\/www.radiopiu.net\/wordpress\/wp-json\/wp\/v2\/types\/post"}],"author":[{"embeddable":true,"href":"https:\/\/www.radiopiu.net\/wordpress\/wp-json\/wp\/v2\/users\/1"}],"replies":[{"embeddable":true,"href":"https:\/\/www.radiopiu.net\/wordpress\/wp-json\/wp\/v2\/comments?post=61854"}],"version-history":[{"count":0,"href":"https:\/\/www.radiopiu.net\/wordpress\/wp-json\/wp\/v2\/posts\/61854\/revisions"}],"wp:featuredmedia":[{"embeddable":true,"href":"https:\/\/www.radiopiu.net\/wordpress\/wp-json\/wp\/v2\/media\/61888"}],"wp:attachment":[{"href":"https:\/\/www.radiopiu.net\/wordpress\/wp-json\/wp\/v2\/media?parent=61854"}],"wp:term":[{"taxonomy":"category","embeddable":true,"href":"https:\/\/www.radiopiu.net\/wordpress\/wp-json\/wp\/v2\/categories?post=61854"},{"taxonomy":"post_tag","embeddable":true,"href":"https:\/\/www.radiopiu.net\/wordpress\/wp-json\/wp\/v2\/tags?post=61854"}],"curies":[{"name":"wp","href":"https:\/\/api.w.org\/{rel}","templated":true}]}}