{"id":61855,"date":"2018-09-25T15:57:44","date_gmt":"2018-09-25T13:57:44","guid":{"rendered":"http:\/\/www.radiopiu.net\/wordpress\/?p=61855"},"modified":"2018-09-25T19:25:01","modified_gmt":"2018-09-25T17:25:01","slug":"segnaletica-orizzontale-terminato-il-primo-stralcio-si-pensa-al-secondo","status":"publish","type":"post","link":"https:\/\/www.radiopiu.net\/wordpress\/segnaletica-orizzontale-terminato-il-primo-stralcio-si-pensa-al-secondo\/","title":{"rendered":"SEGNALETICA ORIZZONTALE TERMINATO IL  PRIMO STRALCIO SI PENSA AL SECONDO"},"content":{"rendered":"<p><strong>FELTRE\u00a0<\/strong>Anche grazie al favore del meteo, con giornate dal tenore decisamente estivo, prosegue la realizzazione della segnaletica orizzontale in varie parti della citt\u00e0. Per quanto riguarda lo stralcio in essere, del costo di circa 18 mila euro, sono stati interessati soprattutto i quartieri di Farra, con l&#8217;intero viale Pedavena, e del Boscariz, oltre ad alcune vie delle frazioni di Foen e di Villabruna. Gli operai hanno potuto lavorare senza interruzioni, grazie all&#8217;assenza di precipitazioni, e senza causare particolari intralci e ritardi alla circolazione.\u00a0 Un secondo stralcio di interventi, per i quali \u00e8 stata stanziata la cifra di circa altri 20 mila euro, interesser\u00e0 invece a breve alcune aree del centro citt\u00e0, oltre ad altre porzioni frazionali, in particolar modo tra Mugnai, Tomo, Villaga e la zona industriale di Villapaiera.<a class=\"dt-pswp-item\" href=\"http:\/\/www.radiopiu.net\/wordpress\/wp-content\/uploads\/2018\/09\/IMG_20180918_174029.jpg\" data-dt-img-description=\"\" data-large_image_width=\"5127\" data-large_image_height=\"2914\"><img loading=\"lazy\" decoding=\"async\" class=\"size-medium wp-image-61856 alignleft\" src=\"http:\/\/www.radiopiu.net\/wordpress\/wp-content\/uploads\/2018\/09\/IMG_20180918_174029-300x171.jpg\" alt=\"\" width=\"300\" height=\"171\" srcset=\"https:\/\/www.radiopiu.net\/wordpress\/wp-content\/uploads\/2018\/09\/IMG_20180918_174029-300x171.jpg 300w, https:\/\/www.radiopiu.net\/wordpress\/wp-content\/uploads\/2018\/09\/IMG_20180918_174029-768x437.jpg 768w, https:\/\/www.radiopiu.net\/wordpress\/wp-content\/uploads\/2018\/09\/IMG_20180918_174029-1024x582.jpg 1024w\" sizes=\"auto, (max-width: 300px) 100vw, 300px\" \/><\/a><\/p>\n<blockquote><p>&nbsp;<\/p>\n<p>&nbsp;<\/p>\n<p>&nbsp;<\/p>\n<p>&nbsp;<\/p>\n<p><em>AI MICROFONI DI RADIOPIU L&#8217;ASSESSORE ADIS ZATTA<\/em><\/p>\n<audio class=\"wp-audio-shortcode\" id=\"audio-61855-1\" preload=\"none\" style=\"width: 100%;\" controls=\"controls\"><source type=\"audio\/mpeg\" src=\"http:\/\/www.radiopiu.net\/wordpress\/wp-content\/uploads\/2018\/09\/ADIS-ZATTA.mp3?_=1\" \/><a href=\"http:\/\/www.radiopiu.net\/wordpress\/wp-content\/uploads\/2018\/09\/ADIS-ZATTA.mp3\">http:\/\/www.radiopiu.net\/wordpress\/wp-content\/uploads\/2018\/09\/ADIS-ZATTA.mp3<\/a><\/audio><\/blockquote>\n","protected":false},"excerpt":{"rendered":"<p>FELTRE\u00a0Anche grazie al favore del meteo, con giornate dal tenore decisamente estivo, prosegue la realizzazione della segnaletica orizzontale in varie parti della citt\u00e0. Per quanto riguarda lo stralcio in essere, del costo di circa 18 mila euro, sono stati interessati soprattutto i quartieri di Farra, con l&#8217;intero viale Pedavena, e del Boscariz, oltre ad alcune&hellip;<\/p>\n","protected":false},"author":1,"featured_media":61857,"comment_status":"closed","ping_status":"closed","sticky":false,"template":"","format":"standard","meta":{"_monsterinsights_skip_tracking":false,"_monsterinsights_sitenote_active":false,"_monsterinsights_sitenote_note":"","_monsterinsights_sitenote_category":0,"footnotes":""},"categories":[49],"tags":[],"class_list":["post-61855","post","type-post","status-publish","format-standard","has-post-thumbnail","hentry","category-news-18","category-49","description-off"],"img_url":"https:\/\/www.radiopiu.net\/wordpress\/wp-content\/uploads\/2018\/09\/IMG_20180925_082511.jpg","_links":{"self":[{"href":"https:\/\/www.radiopiu.net\/wordpress\/wp-json\/wp\/v2\/posts\/61855","targetHints":{"allow":["GET"]}}],"collection":[{"href":"https:\/\/www.radiopiu.net\/wordpress\/wp-json\/wp\/v2\/posts"}],"about":[{"href":"https:\/\/www.radiopiu.net\/wordpress\/wp-json\/wp\/v2\/types\/post"}],"author":[{"embeddable":true,"href":"https:\/\/www.radiopiu.net\/wordpress\/wp-json\/wp\/v2\/users\/1"}],"replies":[{"embeddable":true,"href":"https:\/\/www.radiopiu.net\/wordpress\/wp-json\/wp\/v2\/comments?post=61855"}],"version-history":[{"count":0,"href":"https:\/\/www.radiopiu.net\/wordpress\/wp-json\/wp\/v2\/posts\/61855\/revisions"}],"wp:featuredmedia":[{"embeddable":true,"href":"https:\/\/www.radiopiu.net\/wordpress\/wp-json\/wp\/v2\/media\/61857"}],"wp:attachment":[{"href":"https:\/\/www.radiopiu.net\/wordpress\/wp-json\/wp\/v2\/media?parent=61855"}],"wp:term":[{"taxonomy":"category","embeddable":true,"href":"https:\/\/www.radiopiu.net\/wordpress\/wp-json\/wp\/v2\/categories?post=61855"},{"taxonomy":"post_tag","embeddable":true,"href":"https:\/\/www.radiopiu.net\/wordpress\/wp-json\/wp\/v2\/tags?post=61855"}],"curies":[{"name":"wp","href":"https:\/\/api.w.org\/{rel}","templated":true}]}}