{"id":61877,"date":"2018-09-25T16:29:27","date_gmt":"2018-09-25T14:29:27","guid":{"rendered":"http:\/\/www.radiopiu.net\/wordpress\/?p=61877"},"modified":"2018-09-25T16:29:27","modified_gmt":"2018-09-25T14:29:27","slug":"servizi-forestali-alla-provincia","status":"publish","type":"post","link":"https:\/\/www.radiopiu.net\/wordpress\/servizi-forestali-alla-provincia\/","title":{"rendered":"SERVIZI FORESTALI ALLA PROVINCIA"},"content":{"rendered":"<h1><\/h1>\n<p><a class=\"dt-pswp-item\" href=\"http:\/\/www.radiopiu.net\/wordpress\/wp-content\/uploads\/2018\/09\/download-1-4.jpg\" data-dt-img-description=\"\" data-large_image_width=\"259\" data-large_image_height=\"194\"><img loading=\"lazy\" decoding=\"async\" class=\"size-full wp-image-61876 alignleft\" src=\"http:\/\/www.radiopiu.net\/wordpress\/wp-content\/uploads\/2018\/09\/download-1-4.jpg\" alt=\"\" width=\"259\" height=\"194\" \/><\/a>ROMA &#8220;Unificare i Servizi forestali con il Genio civile e assegnare tutte le competenze alla Provincia di Belluno\u00bb. Il deputato bellunese Roger De Menech ha lanciato questa idea luned\u00ec sera durante un incontro con le imprese edili, molte delle quali eseguono lavori sui corsi d\u2019acqua per conto dei Servizi forestali o del Genio. \u00abIl passaggio dei Servizi forestali sotto Veneto Agricoltura\u00bb, afferma De Menech, \u00ab\u00e8 un allontanamento ulteriore dal territorio e dalle sue esigenze. Si allunga la catena di comando, si allungheranno i tempi di intervento e secondo molti addetti ai lavori i Servizi nel loro complesso ne usciranno indeboliti\u00bb. \u00abFrancamente credo\u00bb, aggiunge il deputato, \u00abche bisognasse fare esattamente l\u2019opposto, anche per rispondere alla crescente richiesta di autonomia dei bellunesi, sancita dal referendum del 22 ottobre scorso. La Regione dovrebbe ampliare gli spazi di autonomia di Belluno, non ridurli, come previsto dallo Statuto regionale e dalla legge 25. La divisione tra Servizi Forestali e Genio \u00e8 ormai fuori dal tempo e dalla logica\u00bb, ha detto il deputato all\u2019incontro. \u00abCome noto i primi si occupano dei lavori sugli alvei della rete fluviale secondaria, mentre il primo di quella primaria. La manutenzione del territorio \u00e8 una materia delicata e importante e nessuno meglio della Provincia di Belluno pu\u00f2 garantirla. La giunta regionale pu\u00f2 unificare i due enti, metterli a disposizione della Provincia e trasferirle risorse e uomini a saldo zero, cio\u00e8 senza spendere un centesimo di pi\u00f9 di quanto spende oggi\u00bb. \u00abIl mio\u00a0 &#8211; conclude De Menech &#8211; vuole\u00a0 essere un invito senza polemiche a favore del territorio Bellunese\u00bb. (foto\u00a0MMG Les doo)<\/p>\n","protected":false},"excerpt":{"rendered":"<p>ROMA &#8220;Unificare i Servizi forestali con il Genio civile e assegnare tutte le competenze alla Provincia di Belluno\u00bb. Il deputato bellunese Roger De Menech ha lanciato questa idea luned\u00ec sera durante un incontro con le imprese edili, molte delle quali eseguono lavori sui corsi d\u2019acqua per conto dei Servizi forestali o del Genio. \u00abIl passaggio&hellip;<\/p>\n","protected":false},"author":1,"featured_media":61878,"comment_status":"closed","ping_status":"closed","sticky":false,"template":"","format":"standard","meta":{"_monsterinsights_skip_tracking":false,"_monsterinsights_sitenote_active":false,"_monsterinsights_sitenote_note":"","_monsterinsights_sitenote_category":0,"footnotes":""},"categories":[49],"tags":[],"class_list":["post-61877","post","type-post","status-publish","format-standard","has-post-thumbnail","hentry","category-news-18","category-49","description-off"],"img_url":"https:\/\/www.radiopiu.net\/wordpress\/wp-content\/uploads\/2018\/09\/download-1-5.jpg","_links":{"self":[{"href":"https:\/\/www.radiopiu.net\/wordpress\/wp-json\/wp\/v2\/posts\/61877","targetHints":{"allow":["GET"]}}],"collection":[{"href":"https:\/\/www.radiopiu.net\/wordpress\/wp-json\/wp\/v2\/posts"}],"about":[{"href":"https:\/\/www.radiopiu.net\/wordpress\/wp-json\/wp\/v2\/types\/post"}],"author":[{"embeddable":true,"href":"https:\/\/www.radiopiu.net\/wordpress\/wp-json\/wp\/v2\/users\/1"}],"replies":[{"embeddable":true,"href":"https:\/\/www.radiopiu.net\/wordpress\/wp-json\/wp\/v2\/comments?post=61877"}],"version-history":[{"count":0,"href":"https:\/\/www.radiopiu.net\/wordpress\/wp-json\/wp\/v2\/posts\/61877\/revisions"}],"wp:featuredmedia":[{"embeddable":true,"href":"https:\/\/www.radiopiu.net\/wordpress\/wp-json\/wp\/v2\/media\/61878"}],"wp:attachment":[{"href":"https:\/\/www.radiopiu.net\/wordpress\/wp-json\/wp\/v2\/media?parent=61877"}],"wp:term":[{"taxonomy":"category","embeddable":true,"href":"https:\/\/www.radiopiu.net\/wordpress\/wp-json\/wp\/v2\/categories?post=61877"},{"taxonomy":"post_tag","embeddable":true,"href":"https:\/\/www.radiopiu.net\/wordpress\/wp-json\/wp\/v2\/tags?post=61877"}],"curies":[{"name":"wp","href":"https:\/\/api.w.org\/{rel}","templated":true}]}}