{"id":61976,"date":"2018-09-27T03:00:42","date_gmt":"2018-09-27T01:00:42","guid":{"rendered":"http:\/\/www.radiopiu.net\/wordpress\/?p=61976"},"modified":"2018-09-27T17:50:22","modified_gmt":"2018-09-27T15:50:22","slug":"w-store-taglio-del-nastro","status":"publish","type":"post","link":"https:\/\/www.radiopiu.net\/wordpress\/w-store-taglio-del-nastro\/","title":{"rendered":"&#8220;W STORE&#8221;\u00a0 TAGLIO DEL NASTRO"},"content":{"rendered":"<p>&nbsp;<\/p>\n<h1><\/h1>\n<div style=\"width: 1200px;\" class=\"wp-video\"><video class=\"wp-video-shortcode\" id=\"video-61976-1\" width=\"1200\" height=\"675\" preload=\"metadata\" controls=\"controls\"><source type=\"video\/mp4\" src=\"http:\/\/www.radiopiu.net\/wordpress\/wp-content\/uploads\/2018\/09\/WhatsApp-Video-2018-09-26-at-13.02.07.mp4?_=1\" \/><a href=\"http:\/\/www.radiopiu.net\/wordpress\/wp-content\/uploads\/2018\/09\/WhatsApp-Video-2018-09-26-at-13.02.07.mp4\">http:\/\/www.radiopiu.net\/wordpress\/wp-content\/uploads\/2018\/09\/WhatsApp-Video-2018-09-26-at-13.02.07.mp4<\/a><\/video><\/div>\n<blockquote><p><strong><a class=\"dt-pswp-item\" href=\"http:\/\/www.radiopiu.net\/wordpress\/wp-content\/uploads\/2018\/09\/WhatsApp-Image-2018-09-18-at-18.38.49-1.jpeg\" data-dt-img-description=\"\" data-large_image_width=\"1024\" data-large_image_height=\"768\"><img loading=\"lazy\" decoding=\"async\" class=\"size-medium wp-image-61975 alignleft\" src=\"http:\/\/www.radiopiu.net\/wordpress\/wp-content\/uploads\/2018\/09\/WhatsApp-Image-2018-09-18-at-18.38.49-1-300x225.jpeg\" alt=\"\" width=\"300\" height=\"225\" srcset=\"https:\/\/www.radiopiu.net\/wordpress\/wp-content\/uploads\/2018\/09\/WhatsApp-Image-2018-09-18-at-18.38.49-1-300x225.jpeg 300w, https:\/\/www.radiopiu.net\/wordpress\/wp-content\/uploads\/2018\/09\/WhatsApp-Image-2018-09-18-at-18.38.49-1-768x576.jpeg 768w, https:\/\/www.radiopiu.net\/wordpress\/wp-content\/uploads\/2018\/09\/WhatsApp-Image-2018-09-18-at-18.38.49-1.jpeg 1024w\" sizes=\"auto, (max-width: 300px) 100vw, 300px\" \/><\/a><\/strong><\/p>\n<p>&nbsp;<\/p>\n<p>&nbsp;<\/p>\n<p>&nbsp;<\/p>\n<p><strong>LA VALLE<\/strong> Mattinata di festa in Comune di La Valle Agordina in localit\u00e0 Le Campe, non potrebbe essere diversamente poich\u00e9 apre una nuova attivit\u00e0 commerciale, peraltro in tempi in cui molte saracinesche si sono abbassate, dal centro della vallata capoluogo alle parti pi\u00f9 alte del&#8217;Agordino. Non solo, apre un&#8217;attivit\u00e0 che dar\u00e0 lavoro ad una ventina di persone ed anche questo \u00e8 un motivo per tenere i calici bene in alto. Stamane dunque, alle 10 il taglio del nastro del nuovo W STORE lungo la regionale 203 agordina, alla porte di Agordo accanto alla stazione di servizio, bar e ristorante della Botol Group<\/p><\/blockquote>\n<p><strong>DAL REPORTER DI RADIO PIU L&#8217;INTERVISTA DAL DOTTOR GIOVANNI BIANCO<\/strong><\/p>\n<p>di Claudio Fontanive<\/p>\n<audio class=\"wp-audio-shortcode\" id=\"audio-61976-1\" preload=\"none\" style=\"width: 100%;\" controls=\"controls\"><source type=\"audio\/mpeg\" src=\"http:\/\/www.radiopiu.net\/wordpress\/wp-content\/uploads\/2018\/09\/giovanni-bianco.mp3?_=1\" \/><a href=\"http:\/\/www.radiopiu.net\/wordpress\/wp-content\/uploads\/2018\/09\/giovanni-bianco.mp3\">http:\/\/www.radiopiu.net\/wordpress\/wp-content\/uploads\/2018\/09\/giovanni-bianco.mp3<\/a><\/audio>\n<p><strong>DAL SITO INTERNET DI RADIO PIU, <span style=\"color: #ff0000;\">archivio 23 marzo 2018<\/span><\/strong><\/p>\n<p>di Mirko Mezzacasa<\/p>\n<p><strong><a class=\"dt-pswp-item\" href=\"http:\/\/www.radiopiu.net\/wordpress\/wp-content\/uploads\/2018\/09\/WhatsApp-Image-2018-09-26-at-13.00.57.jpeg\" data-dt-img-description=\"\" data-large_image_width=\"1599\" data-large_image_height=\"799\"><img loading=\"lazy\" decoding=\"async\" class=\" wp-image-61972 alignleft\" src=\"http:\/\/www.radiopiu.net\/wordpress\/wp-content\/uploads\/2018\/09\/WhatsApp-Image-2018-09-26-at-13.00.57-300x150.jpeg\" alt=\"\" width=\"326\" height=\"163\" srcset=\"https:\/\/www.radiopiu.net\/wordpress\/wp-content\/uploads\/2018\/09\/WhatsApp-Image-2018-09-26-at-13.00.57-300x150.jpeg 300w, https:\/\/www.radiopiu.net\/wordpress\/wp-content\/uploads\/2018\/09\/WhatsApp-Image-2018-09-26-at-13.00.57-768x384.jpeg 768w, https:\/\/www.radiopiu.net\/wordpress\/wp-content\/uploads\/2018\/09\/WhatsApp-Image-2018-09-26-at-13.00.57-1024x512.jpeg 1024w, https:\/\/www.radiopiu.net\/wordpress\/wp-content\/uploads\/2018\/09\/WhatsApp-Image-2018-09-26-at-13.00.57.jpeg 1599w\" sizes=\"auto, (max-width: 326px) 100vw, 326px\" \/><\/a>LA VALLE<\/strong>\u00a0La Valle Center sar\u00e0 il nuovo polo commerciale che dar\u00e0 ulteriore impulso alla localit\u00e0 Le Campe, trafficata perch\u00e9 s&#8217;affaccia sulla regionale 203 agordina, appetibile commercialmente perch\u00e9 il baricentro turistico inevitabilmente si modificher\u00e0 con l&#8217;apertura dalla prossima estate dell&#8217;ultimo tratto della tangenziale di Agordo dalla localit\u00e0 Ponte Alto a Taibon, svicolando Ponte Rova, Via Cesare Battisti e Piazza Libert\u00e0, togliendo cos\u00ec peso al centro del capoluogo di vallata. Alla testa dell&#8217;operazione due agordini, Fabrizio Vigilante Patron della Botol Group e Giancarlo Deola Direttore generale del gruppo Walber. L&#8217;idea progettuale del polo commerciale lavallese \u00e8 un centro racchiuso in un perimetro sempre pi\u00f9 porta per l&#8217;Agordino. La Walber costruir\u00e0 il nuovo supermercato di 1500 metri quadrati, il pi\u00f9 grande dell&#8217;Agordino, il 16esimo della famiglia Walber, per dimensioni sar\u00e0 gemello del SuperW di Sedico. &#8220;Non solo il pi\u00f9 grande dell&#8217;Agordino &#8211; sottolinea Giancarlo Deola &#8211; ma anche del tutto nuovo, nelle tecnologie utilizzate, nella struttura e nella nuova serie di servizi che andr\u00e0 a proporre&#8221;. Subito dopo le festivit\u00e0 pasquali il via ai lavori che si dovranno concludere entro l&#8217;inizio della stagione autunnale.<br \/>\nA Nord verso Agordo al posto del capannone-falegnameria, La Botol Group edificher\u00e0 su 1200 metri quadrati la nuova ferrramenta (piazzale esterno di 1500 metri), che sar\u00e0 gestita dai fratelli Sabrina e Claudio che il mestiere lo hanno appreso dai genitori, dal padre Luigino Zasso soprattutto che l&#8217;azienda la fond\u00f2 molti anni fa con punti vendita in piazza Libert\u00e0 e Viale Sommariva. Inizialmente la Botol Group avrebbe voluto investire in localit\u00e0 Pragrande, le note lungaggini burocratiche e le querelle legali hanno portato al cambio di rotta. Il sindaco di La Valle Agordina Ezio Zuanel ha invece aperto le porte alle nuove idee con spirito collaborativo mettendo all&#8217;incasso 76.000 euro in oneri di urbanizzazione, non male per un paese di terza fascia che non gode nemmeno dei fondi di confine.<br \/>\nFilo conduttore dell&#8217;operazione commerciale la previsione che in un solo colpo si potr\u00e0 lavare l&#8217;auto, fare rifornimento, la spesa, pranzare, fare aquisti nelle attivit\u00e0 comerciali. La Valle Center \u00e8 gi\u00e0 un marchio, in Comune di La Valle Agordina ma che apre ad una valle ancora pi\u00f9 grande. Una cittadella commerciale che va dall&#8217;area 203 alla nuova Ferramenta Brico, nel suo interno autolavaggio, area di servizio Botol, ristorante, pasticceria, il nuovo supermercato Walber in linea con i fabbricati esistenti, lo storico Maja Dress Outlet di Romano Bortolini, il negozio Sport 203 e tutto collegato con un percorso pedonale interno, lontano dalle auto in transito sulla regionale 203 agordina, ma vicino alla pista ciclabile che una volta terminata collegher\u00e0 la Valbelluna a Malga Ciapela sotto la Marmolada. Garanzia di successo per i promotori dell&#8217;operazione la comodit\u00e0 della tangenziale, il grande parcheggio con oltre 150 stalli , 80 solo a servizio del supermercato che sar\u00e0 dotato di tutta una serie di novit\u00e0 nell&#8217;assortimento merceologico con particolare attenzione ai prodotti che valorizzano i territorio, orari di apertura continuati dal lunedi di primo mattino alla domenica sera. &#8220;Il nuovo supermercato &#8211; precisa Giancarlo Deola &#8211; andr\u00e0 ad afficancare il SuperW presente in centro ad Agordo in via 27 aprile, che \u00e8 il supermercato degli agordini ormai da 40 anni, c&#8217;\u00e8 chi lo ricorda come CM e chi come Comprameglio. Nel tempo ha subito diverse ristrutturazioni e verr\u00e0 ulteriormente rinnovato&#8221;.<\/p>\n<p>&nbsp;<\/p>\n","protected":false},"excerpt":{"rendered":"<p>&nbsp; &nbsp; &nbsp; &nbsp; LA VALLE Mattinata di festa in Comune di La Valle Agordina in localit\u00e0 Le Campe, non potrebbe essere diversamente poich\u00e9 apre una nuova attivit\u00e0 commerciale, peraltro in tempi in cui molte saracinesche si sono abbassate, dal centro della vallata capoluogo alle parti pi\u00f9 alte del&#8217;Agordino. Non solo, apre un&#8217;attivit\u00e0 che dar\u00e0&hellip;<\/p>\n","protected":false},"author":1,"featured_media":61972,"comment_status":"closed","ping_status":"closed","sticky":false,"template":"","format":"standard","meta":{"_monsterinsights_skip_tracking":false,"_monsterinsights_sitenote_active":false,"_monsterinsights_sitenote_note":"","_monsterinsights_sitenote_category":0,"footnotes":""},"categories":[51,49],"tags":[],"class_list":["post-61976","post","type-post","status-publish","format-standard","has-post-thumbnail","hentry","category-evidenza-top","category-news-18","category-51","category-49","description-off"],"img_url":"https:\/\/www.radiopiu.net\/wordpress\/wp-content\/uploads\/2018\/09\/WhatsApp-Image-2018-09-26-at-13.00.57.jpeg","_links":{"self":[{"href":"https:\/\/www.radiopiu.net\/wordpress\/wp-json\/wp\/v2\/posts\/61976","targetHints":{"allow":["GET"]}}],"collection":[{"href":"https:\/\/www.radiopiu.net\/wordpress\/wp-json\/wp\/v2\/posts"}],"about":[{"href":"https:\/\/www.radiopiu.net\/wordpress\/wp-json\/wp\/v2\/types\/post"}],"author":[{"embeddable":true,"href":"https:\/\/www.radiopiu.net\/wordpress\/wp-json\/wp\/v2\/users\/1"}],"replies":[{"embeddable":true,"href":"https:\/\/www.radiopiu.net\/wordpress\/wp-json\/wp\/v2\/comments?post=61976"}],"version-history":[{"count":0,"href":"https:\/\/www.radiopiu.net\/wordpress\/wp-json\/wp\/v2\/posts\/61976\/revisions"}],"wp:featuredmedia":[{"embeddable":true,"href":"https:\/\/www.radiopiu.net\/wordpress\/wp-json\/wp\/v2\/media\/61972"}],"wp:attachment":[{"href":"https:\/\/www.radiopiu.net\/wordpress\/wp-json\/wp\/v2\/media?parent=61976"}],"wp:term":[{"taxonomy":"category","embeddable":true,"href":"https:\/\/www.radiopiu.net\/wordpress\/wp-json\/wp\/v2\/categories?post=61976"},{"taxonomy":"post_tag","embeddable":true,"href":"https:\/\/www.radiopiu.net\/wordpress\/wp-json\/wp\/v2\/tags?post=61976"}],"curies":[{"name":"wp","href":"https:\/\/api.w.org\/{rel}","templated":true}]}}