{"id":62077,"date":"2018-09-28T05:54:16","date_gmt":"2018-09-28T03:54:16","guid":{"rendered":"http:\/\/www.radiopiu.net\/wordpress\/?p=62077"},"modified":"2018-09-28T16:28:08","modified_gmt":"2018-09-28T14:28:08","slug":"giornale-radiopiu-28-settembre-2018-direttore-mirko-mezzacasa","status":"publish","type":"post","link":"https:\/\/www.radiopiu.net\/wordpress\/giornale-radiopiu-28-settembre-2018-direttore-mirko-mezzacasa\/","title":{"rendered":"GIORNALE RADIOPIU 28 SETTEMBRE 2018 DIRETTORE MIRKO MEZZACASA"},"content":{"rendered":"<p>&nbsp;<\/p>\n<blockquote><p>&nbsp;<\/p><\/blockquote>\n<p>&nbsp;<\/p>\n<p>&nbsp;<\/p>\n<p>&nbsp;<\/p>\n<h1>L&#8217;ALTRA SERA IN CANSIGLIO<\/h1>\n<p><strong><a class=\"dt-pswp-item\" href=\"http:\/\/www.radiopiu.net\/wordpress\/wp-content\/uploads\/2018\/09\/ELI-3.jpg\" data-dt-img-description=\"\" data-large_image_width=\"1368\" data-large_image_height=\"765\"><img loading=\"lazy\" decoding=\"async\" class=\"size-medium wp-image-60262 alignleft\" src=\"http:\/\/www.radiopiu.net\/wordpress\/wp-content\/uploads\/2018\/09\/ELI-3-300x168.jpg\" alt=\"\" width=\"300\" height=\"168\" srcset=\"https:\/\/www.radiopiu.net\/wordpress\/wp-content\/uploads\/2018\/09\/ELI-3-300x168.jpg 300w, https:\/\/www.radiopiu.net\/wordpress\/wp-content\/uploads\/2018\/09\/ELI-3-768x429.jpg 768w, https:\/\/www.radiopiu.net\/wordpress\/wp-content\/uploads\/2018\/09\/ELI-3-1024x573.jpg 1024w, https:\/\/www.radiopiu.net\/wordpress\/wp-content\/uploads\/2018\/09\/ELI-3.jpg 1368w\" sizes=\"auto, (max-width: 300px) 100vw, 300px\" \/><\/a>FREGONA<\/strong> Mercoledi sera attorno alle 20 \u00e8 scattato l&#8217;allarme per una persona non rientrata dal Pizzoc. A dare l&#8217;allarme al 118 il marito di una donna di Ormelle (TV). La coppia era arrivata sulla strada del Taffarel, poi lei, G.M., 70 anni, si era inoltrata nel bosco a funghi, mentre il marito la aspettava vicino alla macchina. Quando per\u00f2 la donna non \u00e8 ritornata, non essendo raggiungibile al cellulare data la totale assenza di copertura telefonica, l&#8217;uomo ha chiesto aiuto. Sul posto si sono portate le squadre del Soccorso alpino delle Prealpi Trevigiane e dell&#8217;Alpago, che hanno iniziato a perlustrare la rete sentieristica. Fortunatamente attorno alle 22 la donna, che, smarrita la direzione corretta per tornare alla macchina, aveva continuato a camminare attraversando la piana del Cansiglio, era riuscita a raggiungere localit\u00e0 Campon e una casa abitata. Il proprietario ha quindi richiamato l&#8217;attenzione di un soccorritore di passaggio e la donna \u00e8 stata riaccompagnata dal marito. Ricordiamo che purtroppo tutta la zona \u00e8 quasi totalmente priva di copertura telefonica, di conseguenza non \u00e8 possibile utilizzare i cellulari, e anche le comunicazioni via radio tra i soccorritori sono spesso estremamente difficili.<\/p>\n<p>&nbsp;<\/p>\n<p>&nbsp;<\/p>\n<p>&nbsp;<\/p>\n<p>&nbsp;<\/p>\n<p>&nbsp;<\/p>\n<h1>TAMPONAMENTO DIFRONTE ALL&#8217;AUTOVELOX, CAPPOTTAMENTO A SALCE<\/h1>\n\n\t\t\t<style type='text\/css'>\n\t\t\t\t#gallery-1 {\n\t\t\t\t\tmargin: auto;\n\t\t\t\t}\n\t\t\t\t#gallery-1 .gallery-item {\n\t\t\t\t\tfloat: left;\n\t\t\t\t\tmargin-top: 10px;\n\t\t\t\t\ttext-align: center;\n\t\t\t\t\twidth: 33%;\n\t\t\t\t}\n\t\t\t\t#gallery-1 img {\n\t\t\t\t\tborder: 2px solid #cfcfcf;\n\t\t\t\t}\n\t\t\t\t#gallery-1 .gallery-caption {\n\t\t\t\t\tmargin-left: 0;\n\t\t\t\t}\n\t\t\t\t\/* see gallery_shortcode() in wp-includes\/media.php *\/\n\t\t\t<\/style>\n\t\t<div id='gallery-1' class='dt-gallery-container gallery galleryid-62077 gallery-columns-3 gallery-size-thumbnail'><dl class='gallery-item'>\n\t\t\t\t<dt class='gallery-icon landscape'>\n\t\t\t\t\t<a class=\"rollover\" href='https:\/\/www.radiopiu.net\/wordpress\/giornale-radiopiu-28-settembre-2018-direttore-mirko-mezzacasa\/per-giornali-5\/'><img loading=\"lazy\" decoding=\"async\" width=\"150\" height=\"150\" src=\"https:\/\/www.radiopiu.net\/wordpress\/wp-content\/uploads\/2018\/09\/PER-GIORNALI-150x150.jpg\" class=\"attachment-thumbnail size-thumbnail\" alt=\"\" \/><\/a>\n\t\t\t\t<\/dt><\/dl>\n\t\t\t\t<br style='clear: both' \/>\n\t\t\t<\/div>\n\n<p><strong>LA VALLE La prima auto ha rallentato, forse per la presenza dell&#8217;autovelox o per la curiosit\u00e0 di vedere il nuovo W STORE appena inaugurato, la seconda non \u00e8 riuscita ad evitare l&#8217;impatto, cos\u00ec&#8217; come il furgone che seguiva. Nel tamponamento a 3 fortunatamente feriti leggeri medicati all&#8217;ospedale di Agordo.\u00a0<\/strong>\u00a0<strong>M.M., di 51 anni di Padova e Z.S., 36 anni di Savona, passeggera di uno dei tre mezzi coinvolti. Le cause sono in corso di accertamento da parte delle pattuglie del Nucleo operativo e radiomobile della Compagnia carabinieri di Belluno.<\/strong><\/p>\n<p><strong>BELLUNO\u00a0 La suzuki \u00e8 finita ruote all&#8217;aria in localit\u00e0 Salce, la donna \u00e8 uscita dal mezzo con le proprie gambe ma con i tremori della paura. Al\u00a0 volante la 79enne che stava viaggiando verso Belluno. Sul posto i vigili del fuoco di Belluno.<\/strong><\/p>\n<p>&nbsp;<\/p>\n<p>&nbsp;<\/p>\n<p>&nbsp;<\/p>\n<h1>CICLISTA CONTRO UN CAMION, PROGNOSI DI OLTRE UN MESE<\/h1>\n<p><strong>FELTRE<\/strong> Incidente alla rotatoria di Tonin Gomme, coinvolto un ciclista M.M., 58 anni, residente a Pedavena<br \/>\nricoverato in ortopedia a Feltre per \u00a0trauma cranico e\u00a0 lesioni a \u00a0due vertebre con una prognosi di 40 giorni. Sul sinistro indagini in corso da parte della polizia. M.M. con la sua bici \u00e8 finito contro un camion, alla guida\u00a0C.D., 65enne di Quero Vas ed\u00a0\u00a0\u00e8 il quinto incidente in due giorni che coinvolge pedoni o ciclisti lungo la circonvallazione del feltrino<\/p>\n<p>&nbsp;<\/p>\n<p>&nbsp;<\/p>\n<p>&nbsp;<\/p>\n<h1>OSPEDALE DI AGORDO, LA PAROLA A FRANCO GIDONI<\/h1>\n<p><strong><a class=\"dt-pswp-item\" href=\"http:\/\/www.radiopiu.net\/wordpress\/wp-content\/uploads\/2015\/10\/1435664134094_Gidoni_Franco.jpg\" data-dt-img-description=\"\" data-large_image_width=\"254\" data-large_image_height=\"350\"><img loading=\"lazy\" decoding=\"async\" class=\" wp-image-11656 alignleft\" src=\"http:\/\/www.radiopiu.net\/wordpress\/wp-content\/uploads\/2015\/10\/1435664134094_Gidoni_Franco-218x300.jpg\" alt=\"\" width=\"109\" height=\"150\" \/><\/a><\/strong><\/p>\n<p>&nbsp;<\/p>\n<p><strong>AGORDO<\/strong> Il consigliere regionale risponde alle domande di Gianni Santomaso e si difende: &#8220;Nel novembre di tre anni fa ad Agordo ho illustrato un progetto da 14 milioni per ristrutturare l&#8217;ospedale ma i sindaci non si sono ancora espressi. Se i sindaci metteranno i soldi di confine\u00a0 (2,5 miioni ndr.) non decideranno loro cosa metterci dentro, per questo c&#8217;\u00e8 la programmazione regionale&#8221;. Gidoni canta vittoria perch\u00e9 quest&#8217;anno la Regione chiude il bilancio con un utile di 500 mila euro rispetto ai 4 milioni di deficit del passato. &#8220;Se i comitati chiedono la cardio chirurgia a Punta Penia diventa difficile. I comitati vogliono l&#8217;automedica? Forse non sanno che non ci sono pi\u00f9 medici al pronto soccorso&#8221;.<\/p>\n<p><strong>di Gianni Santomaso<\/strong><\/p>\n<p>&nbsp;<\/p>\n<audio class=\"wp-audio-shortcode\" id=\"audio-62077-1\" preload=\"none\" style=\"width: 100%;\" controls=\"controls\"><source type=\"audio\/mpeg\" src=\"http:\/\/www.radiopiu.net\/wordpress\/wp-content\/uploads\/2018\/09\/GIANNI-GIDONI.mp3?_=1\" \/><a href=\"http:\/\/www.radiopiu.net\/wordpress\/wp-content\/uploads\/2018\/09\/GIANNI-GIDONI.mp3\">http:\/\/www.radiopiu.net\/wordpress\/wp-content\/uploads\/2018\/09\/GIANNI-GIDONI.mp3<\/a><\/audio>\n<p>&nbsp;<\/p>\n<p>&nbsp;<\/p>\n<p>&nbsp;<\/p>\n<p>&nbsp;<\/p>\n<h1>OLIMPIADI 2026. ZAIA, \u201cGRAZIE A GIORGETTI, DA LUI OTTIMO SEGNALE\u201d<\/h1>\n<p><strong><a class=\"dt-pswp-item\" href=\"http:\/\/www.radiopiu.net\/wordpress\/wp-content\/uploads\/2018\/09\/regione-veneto-giunta-ass-massimo-giorgetti-pdl_1.jpg\" data-dt-img-description=\"\" data-large_image_width=\"1535\" data-large_image_height=\"2244\"><img loading=\"lazy\" decoding=\"async\" class=\" wp-image-62087 alignleft\" src=\"http:\/\/www.radiopiu.net\/wordpress\/wp-content\/uploads\/2018\/09\/regione-veneto-giunta-ass-massimo-giorgetti-pdl_1-205x300.jpg\" alt=\"\" width=\"88\" height=\"129\" srcset=\"https:\/\/www.radiopiu.net\/wordpress\/wp-content\/uploads\/2018\/09\/regione-veneto-giunta-ass-massimo-giorgetti-pdl_1-205x300.jpg 205w, https:\/\/www.radiopiu.net\/wordpress\/wp-content\/uploads\/2018\/09\/regione-veneto-giunta-ass-massimo-giorgetti-pdl_1-768x1123.jpg 768w, https:\/\/www.radiopiu.net\/wordpress\/wp-content\/uploads\/2018\/09\/regione-veneto-giunta-ass-massimo-giorgetti-pdl_1-700x1024.jpg 700w, https:\/\/www.radiopiu.net\/wordpress\/wp-content\/uploads\/2018\/09\/regione-veneto-giunta-ass-massimo-giorgetti-pdl_1.jpg 1535w\" sizes=\"auto, (max-width: 88px) 100vw, 88px\" \/><\/a><\/strong><\/p>\n<p><strong>VENEZIA\u00a0\u00a0<\/strong>\u201cRingraziamo il Sottosegretario Giancarlo Giorgetti, che in tutta questa vicenda ha messo anima e corpo. Adesso la speranza \u00e8 di correre veloci e andare subito alla meta con la candidatura italiana\u201d. Con queste parole, il Presidente della Regione del Veneto Luca Zaia commenta le dichiarazioni rilasciate dal Sottosegretario alla Presidenza del Consiglio che, rispondendo a un\u2019interrogazione in Commissione a Montecitorio, ha tra l\u2019altro dichiarato che il Governo sosterr\u00e0 una candidatura italiana alle Olimpiadi invernali del 2026. \u201cSperiamo ancora che Torino ci ripensi \u2013 dice Zaia \u2013 ma, se Torino conferma il no al tridente, si vada avanti lo stesso con una candidatura italiana forte. Se Torino decide di correre da sola \u2013 puntualizza Zaia \u2013 auspico che il Coni voti e si esprima su due candidature, in modo che rimanga agli atti anche la valutazione dell\u2019Organismo dello sport italiano\u201d. \u201cIl fatto che il Governo ci sostenga \u2013 aggiunge il Governatore del Veneto \u2013 \u00e8 gi\u00e0 un ottimo segnale, perch\u00e9 comunque d\u00e0 impulso e forza a una candidatura che \u00e8 gi\u00e0 forte di suo, e che a questo punto pu\u00f2 diventare invincibile\u201d. \u201cQuindi adesso \u2013 conclude Zaia \u2013 mettiamoci tutti assieme a lavorare pancia a terra verso l\u2019obbiettivo finale\u201d.<\/p>\n<p>&nbsp;<\/p>\n<p>&nbsp;<\/p>\n<p>&nbsp;<\/p>\n<p>&nbsp;<\/p>\n<p>&nbsp;<\/p>\n<p>&nbsp;<\/p>\n<h1>IL SOSTEGNO DELLE GRANDI IMPRESE DI MILANO E BELLUNO<\/h1>\n<p><strong><a class=\"dt-pswp-item\" href=\"http:\/\/www.radiopiu.net\/wordpress\/wp-content\/uploads\/2018\/09\/image002.jpg\" data-dt-img-description=\"\" data-large_image_width=\"466\" data-large_image_height=\"267\"><img loading=\"lazy\" decoding=\"async\" class=\" wp-image-62091 alignleft\" src=\"http:\/\/www.radiopiu.net\/wordpress\/wp-content\/uploads\/2018\/09\/image002-300x172.jpg\" alt=\"\" width=\"190\" height=\"109\" srcset=\"https:\/\/www.radiopiu.net\/wordpress\/wp-content\/uploads\/2018\/09\/image002-300x172.jpg 300w, https:\/\/www.radiopiu.net\/wordpress\/wp-content\/uploads\/2018\/09\/image002.jpg 466w\" sizes=\"auto, (max-width: 190px) 100vw, 190px\" \/><\/a>BELLUNO<\/strong>\u00a0 \u00abLe imprese dei territori della \u201cGrande Milano\u201d e di Belluno &#8211; preso atto che, al momento, l\u2019unica candidatura nazionale rimasta per le prossime Olimpiadi invernali \u00e8 quella di Lombardia e Veneto &#8211; la sostengono a una sola voce. Due regioni virtuose che hanno dimostrato di avere ottime capacit\u00e0 di impresa e investimenti. Due aree che, seppur distanti geograficamente, hanno molto in comune: hanno un forte tessuto manifatturiero di qualit\u00e0 e innovativo (Belluno ha la sua punta d\u2019eccellenza nell\u2019occhialeria mentre Milano coniuga manifatturiero e servizi innovativi propri della knowledge economy); entrambi sono territori ad alta intensit\u00e0 industriale (a Belluno operano ben 7 imprese ogni 100 abitanti, a Milano sono 10 rispetto a una media italiana di 4,5); tutti e due, infine, sono territori dinamici, tanto che in entrambe le aree il tasso di occupazione sfiora il 70% rispetto a una media italiana di 58%. Siamo pronti, dunque, a metterci in gioco affinch\u00e9 questa grande manifestazione possa essere un moltiplicatore di attrattivit\u00e0 non solo per i nostri territori ma per l\u2019intero Paese. La bandiera che \u2018sfilerebbe\u2019 non \u00e8, infatti, quella di Lombardia e Veneto, ma dell\u2019Italia: siamo quindi sicuri che il Governo far\u00e0 la sua parte, come la faranno anche le imprese\u00bb.\u00a0 \u00c8 quanto dichiarano Carlo Bonomi, Presidente di Assolombarda e Luca Barbini Presidente di Confindustria Belluno Dolomiti<\/p>\n<p>&nbsp;<\/p>\n<p>&nbsp;<\/p>\n<p>&nbsp;<\/p>\n<p>&nbsp;<\/p>\n<p><span style=\"color: #ff0000;\"><em>LA LETTERA<\/em><\/span><\/p>\n<h2><a class=\"dt-pswp-item\" href=\"http:\/\/www.radiopiu.net\/wordpress\/wp-content\/uploads\/2018\/09\/CONSIGLIO-IN-MARMOLADA-2.jpeg\" data-dt-img-description=\"\" data-large_image_width=\"1600\" data-large_image_height=\"1200\"><img loading=\"lazy\" decoding=\"async\" class=\"size-medium wp-image-61717 alignleft\" src=\"http:\/\/www.radiopiu.net\/wordpress\/wp-content\/uploads\/2018\/09\/CONSIGLIO-IN-MARMOLADA-2-300x225.jpeg\" alt=\"\" width=\"300\" height=\"225\" srcset=\"https:\/\/www.radiopiu.net\/wordpress\/wp-content\/uploads\/2018\/09\/CONSIGLIO-IN-MARMOLADA-2-300x225.jpeg 300w, https:\/\/www.radiopiu.net\/wordpress\/wp-content\/uploads\/2018\/09\/CONSIGLIO-IN-MARMOLADA-2-768x576.jpeg 768w, https:\/\/www.radiopiu.net\/wordpress\/wp-content\/uploads\/2018\/09\/CONSIGLIO-IN-MARMOLADA-2-1024x768.jpeg 1024w, https:\/\/www.radiopiu.net\/wordpress\/wp-content\/uploads\/2018\/09\/CONSIGLIO-IN-MARMOLADA-2.jpeg 1600w\" sizes=\"auto, (max-width: 300px) 100vw, 300px\" \/><\/a>CASANOVA DI MOUNTAIN WILDERNESS HA DEFINITO L&#8217;INCONTRO IN MARMOLADA UNA &#8220;PAGLIACCIATA&#8221;. PUNTUALE RISPOSTA DAL CONSIGLIO COMUNALE DI LUCIA FARENZENA<\/h2>\n<p>\u201cGentile sig. Casanova,<\/p>\n<p>mi permetta di esprimere il mio dissenso rispetto alla sua opinione ma soprattutto a questo atteggiamento da \u201csocial network\u201d che accantona la buona educazione in ogni momento. Io, da un rappresentante di un\u2019Associazione cos\u00ec importante mi aspetto altro. Mi aspetto un dissenso espresso non con termine \u201cpagliacciata\u201d, bens\u00ec in maniera educata. La sindrome dei like ormai non risparmia pi\u00f9 nessuno. Lei pu\u00f2 avere la sua opinione, ma i suoi modi mi lasciano interdetta. Da chi \u00e8 cos\u00ec vicino all\u2019ambiente mi aspetto altro. Mi aspetto di essere difesa e rappresentata, mi aspetto azioni concrete. Non mi aspetto politica, comunicati stampa distruttivi a difesa di chi non ha adempiuto al suo dovere. Possiamo argomentate ad infinitum le nostre posizioni, ma a mio avviso prima che di destra e di sinistra siamo cittadini Veneti. Non mi aspetto che lei capisca, ne altro, mi aspetterei solo che in futuro i dibattiti siano tenuti con i toni dell\u2019educazione e non con quelli da prime donne oscurate. Mi creda, sono delusa. Sono delusa come quella volta che scendendo in funivia con alcuni di voi vi ho sentiti fare dei commenti poco opportuni a mio modesto avviso. Ho pensato \u201cbello\u201d&#8230;.ci sono rimasta male perch\u00e9 nemmeno chi segue giuste cause \u00e8 esente da ipocrisia. Le montagne come non sono n\u00e9 venete ne trentine, bens\u00ec di tutti, non sono nemmeno vostre. Le divergenze esistono ma buona norma prevede che il rispetto ci sia sempre. Lei cos\u00ec facendo da dei pagliacci a tutti coloro che hanno votato le persone che sono l\u00ec e che hanno con cuore deciso di fare quel consiglio. Lei non detiene la verit\u00e0, come nessuno d\u2019altronde ma come tutti \u00e8 una persona e non una divinit\u00e0 estemporanea che si erige a paladino della giustizia. Mi creda, \u00e8 un attimo passare dalla ragione al torto. Lei non \u00e8 Veneto, lei non pu\u00f2 capire. E questa mancanza di comprensione a mio avviso \u00e8 grave. Ognuno segue i suoi valori, i suoi ideali e vota chi vuole. Ma la prego, la politica \u00e8 altro e se vorr\u00e0 ci sar\u00e0 posto anche per lei . \u00c8 proprio sicuro che nessuno degli iscritti alla sua associazione non sia uno di quelli che ha eletto i \u201cpagliacci\u201d? Lei ha difeso un partito non la Marmolada, questo s\u00ec aspettano le persone da lei. Le cose politiche le lasci a chi \u00e8 stato eletto, anche se a suo avviso sono dei pagliacci.<\/p>\n<p>&nbsp;<\/p>\n<p>&nbsp;<\/p>\n<p>&nbsp;<\/p>\n<p>&nbsp;<\/p>\n<h1>OPERAZIONE TISPOL, IN PROVINCIA 143 VEICOLI CONTROLLATI<\/h1>\n<p style=\"text-align: left;\"><strong><a class=\"dt-pswp-item\" href=\"http:\/\/www.radiopiu.net\/wordpress\/wp-content\/uploads\/2018\/01\/polizia-scientifica.jpg\" data-dt-img-description=\"\" data-large_image_width=\"300\" data-large_image_height=\"149\"><img loading=\"lazy\" decoding=\"async\" class=\"size-medium wp-image-42104 alignleft\" src=\"http:\/\/www.radiopiu.net\/wordpress\/wp-content\/uploads\/2018\/01\/polizia-scientifica-300x149.jpg\" alt=\"\" width=\"300\" height=\"149\" \/><\/a>BELLUNO<\/strong> Il Network Europeo delle Polizie Stradali \u201cTISPOL\u201d ha programmato, dal 17 al 23 settembre 2018, l\u2019effettuazione della campagna europea congiunta denominata \u201cFocus on the road\u201d (Concentrarsi sulla strada), che ha avuto per obbiettivo il corretto uso dei telefoni cellulari durante la guida. Siffatti, errati comportamenti, purtroppo, costituiscono uno dei motivi principali di distrazione e, di conseguenza, una delle pi\u00f9 comuni cause del verificarsi di incidenti stradali, a volte anche con conseguenze luttuose. TISPOL \u00e8 una rete di cooperazione tra le Polizie Stradali, nata nel 1996 sotto l\u2019egida dell\u2019Unione Europea, alla quale aderiscono i 28 Paesi membri dell\u2019Unione nonch\u00e9 la Svizzera e Norvegia, con la Serbia come osservatori. L\u2019Italia \u00e8 rappresentata dal Servizio Polizia Stradale in seno al Ministero dell\u2019Interno. L\u2019Organizzazione sviluppa una cooperazione operativa tra le Polizie Stradali europee con l\u2019obiettivo di ridurre il numero di vittime della strada e degli incidenti stradali, in adesione al Piano d\u2019Azione Europeo 2011 \u2013 2020, attraverso operazioni internazionali congiunte di contrasto delle violazioni e campagne \u201ctematiche\u201d in tutta Europa all\u2019interno di specifiche aree strategiche. L\u2019obiettivo ultimo \u00e8 quello di elevare gli standard di sicurezza stradale, armonizzando l\u2019attivit\u00e0 di prevenzione, informazione e controllo, anche attraverso campagne di comunicazione e operazioni congiunte i cui risultati vengono poi monitorati dal Gruppo Operativo TISPOL. Lo scopo della campagna \u201cFocus on the road\u201d, come gi\u00e0 detto, \u00e8 stato quello di contrastare efficacemente, su tutte le arterie stradali europee di grande viabilit\u00e0, il mancato rispetto delle norme in materia di utilizzo di cellulari e cuffie auricolari da parte dei conducenti dei veicoli a motore, affinch\u00e9 si sviluppasse la coscienza e la consapevolezza che, nello stesso momento, tutte le Forze di Polizia Stradale dell\u2019Unione Europea stessero operando con le medesime modalit\u00e0, strumenti omogenei ed un obiettivo comune. Il Compartimento Polizia Stradale per il \u201cTrentino Alto Adige e Belluno\u201d, da cui lo scrivente Ufficio dipende, nell\u2019ambito delle attivit\u00e0 previste sull\u2019intero territorio nazionale, ha predisposto e coordinato l\u2019effettuazione, sulle ventiquattro ore, di mirati controlli sulle arterie autostradali e su quelle di grande comunicazione nazionale, impiegando tutte le risorse disponibili tratte dai Reparti operanti nelle provincie di propria competenza.<\/p>\n<blockquote><p>La Sezione Polizia Stradale di Belluno, anche in questa circostanza, ha partecipato all\u2019Operazione predisponendo, in date ed orari diversi, esclusivi servizi sulle principali arterie provinciali, concretizzando 21 posti di controllo specifici, sottoponendo a controllo 143 veicoli con il contesto di una sola infrazione, dato veramente confortante, il che fa ben sperare.<\/p><\/blockquote>\n<p>&nbsp;<\/p>\n<p>&nbsp;<\/p>\n<p>&nbsp;<\/p>\n<p>&nbsp;<\/p>\n<blockquote class=\"wp-embedded-content\" data-secret=\"oVQJtaFciJ\"><p><a href=\"http:\/\/www.radiopiu.net\/wordpress\/la-polizia-postale-non-chiude-vinta-la-battaglia-esulta-il-sap\/\">LA POLIZIA POSTALE NON CHIUDE VINTA LA BATTAGLIA, ESULTA IL SAP!<\/a><\/p><\/blockquote>\n<p><iframe loading=\"lazy\" class=\"wp-embedded-content\" sandbox=\"allow-scripts\" security=\"restricted\" style=\"position: absolute; clip: rect(1px, 1px, 1px, 1px);\" src=\"http:\/\/www.radiopiu.net\/wordpress\/la-polizia-postale-non-chiude-vinta-la-battaglia-esulta-il-sap\/embed\/#?secret=oVQJtaFciJ\" data-secret=\"oVQJtaFciJ\" width=\"600\" height=\"338\" title=\"&#8220;LA POLIZIA POSTALE NON CHIUDE VINTA LA BATTAGLIA, ESULTA IL SAP!&#8221; &#8212; Radio Pi\u00f9\" frameborder=\"0\" marginwidth=\"0\" marginheight=\"0\" scrolling=\"no\"><\/iframe><\/p>\n<p>&nbsp;<\/p>\n<p>&nbsp;<\/p>\n<p>&nbsp;<\/p>\n<p>&nbsp;<\/p>\n<h1>DAL COMPRAMEGLIO ALLA DOPPIA VU&#8217;, 40 ANNI DI STORIA NELL&#8217;AGORDINO<\/h1>\n<p><strong><a class=\"dt-pswp-item\" href=\"http:\/\/www.radiopiu.net\/wordpress\/wp-content\/uploads\/2018\/09\/1ff3304b-1858-4d56-8fe9-d115ee319baa.jpg\" data-dt-img-description=\"\" data-large_image_width=\"1440\" data-large_image_height=\"960\"><img loading=\"lazy\" decoding=\"async\" class=\"alignnone wp-image-62050 size-large\" src=\"http:\/\/www.radiopiu.net\/wordpress\/wp-content\/uploads\/2018\/09\/1ff3304b-1858-4d56-8fe9-d115ee319baa-1024x683.jpg\" alt=\"\" width=\"1024\" height=\"683\" srcset=\"https:\/\/www.radiopiu.net\/wordpress\/wp-content\/uploads\/2018\/09\/1ff3304b-1858-4d56-8fe9-d115ee319baa-1024x683.jpg 1024w, https:\/\/www.radiopiu.net\/wordpress\/wp-content\/uploads\/2018\/09\/1ff3304b-1858-4d56-8fe9-d115ee319baa-300x200.jpg 300w, https:\/\/www.radiopiu.net\/wordpress\/wp-content\/uploads\/2018\/09\/1ff3304b-1858-4d56-8fe9-d115ee319baa-768x512.jpg 768w, https:\/\/www.radiopiu.net\/wordpress\/wp-content\/uploads\/2018\/09\/1ff3304b-1858-4d56-8fe9-d115ee319baa.jpg 1440w\" sizes=\"auto, (max-width: 1024px) 100vw, 1024px\" \/><\/a>LA VALLE<\/strong> E&#8217; stato inaugurato il W STORE, il supermercato pi\u00f9 grande dell&#8217;Agordino a marchio WALBER, il 15esimo in provincia di Belluno e non sar\u00e0 l&#8217;ultimo perch\u00e9 a breve nel capoluogo ci sar\u00e0 un altro taglio del nastro, il nuovo punto\u00a0 di riferimento\u00a0 bio e fresco. Protagonista principale dell&#8217;inaugurazione Roberto Bianco, presidente del gruppo Walber che ha ricordato la storia fin dal primo Comprameglio in centro ad Agordo. La Walber ha battuto un record, mai \u00e8 stato completato un punto vendita in 5 mesi: dal primo scavo all&#8217;apertura al pubblico. Bianco ha avuto parole di ringraziamento anche per il Comune di La Valle e per il sindaco Zuanel che si \u00e8 impegnato nel rispetto dei tempi. Parole importanti anche per i collaboratori che hanno sempre lavorato con passione e coscienza.<\/p>\n<audio class=\"wp-audio-shortcode\" id=\"audio-62077-2\" preload=\"none\" style=\"width: 100%;\" controls=\"controls\"><source type=\"audio\/mpeg\" src=\"http:\/\/www.radiopiu.net\/wordpress\/wp-content\/uploads\/2018\/09\/ROBERTO-BIANCO.mp3?_=2\" \/><a href=\"http:\/\/www.radiopiu.net\/wordpress\/wp-content\/uploads\/2018\/09\/ROBERTO-BIANCO.mp3\">http:\/\/www.radiopiu.net\/wordpress\/wp-content\/uploads\/2018\/09\/ROBERTO-BIANCO.mp3<\/a><\/audio>\n<p>Fabrizio Vigilante patron della Botol Group ha avuto parole di elogio per la folla intervenuta a Le Campe, luogo nel quale Vigilante ci ha sempre creduto &#8220;vedendoci giusto&#8221;. Ha inoltre espresso il grazie all&#8217;amministrazione comunale dando appuntamento a tutti alle prossime inagurazioni: la nuova birreria che prender\u00e0 il posto del RistoBarBotol e la nuova grande ferramenta per l&#8217;Agordino.<\/p>\n<audio class=\"wp-audio-shortcode\" id=\"audio-62077-3\" preload=\"none\" style=\"width: 100%;\" controls=\"controls\"><source type=\"audio\/mpeg\" src=\"http:\/\/www.radiopiu.net\/wordpress\/wp-content\/uploads\/2018\/09\/FABRIZIO-VIGILANTE.mp3?_=3\" \/><a href=\"http:\/\/www.radiopiu.net\/wordpress\/wp-content\/uploads\/2018\/09\/FABRIZIO-VIGILANTE.mp3\">http:\/\/www.radiopiu.net\/wordpress\/wp-content\/uploads\/2018\/09\/FABRIZIO-VIGILANTE.mp3<\/a><\/audio>\n<p>Abbiamo preparato la porta per l&#8217;Agordino ha detto invece con giustificato orgoglio il sindaco di La Valle Agordina Ezio Zuanel<\/p>\n<audio class=\"wp-audio-shortcode\" id=\"audio-62077-4\" preload=\"none\" style=\"width: 100%;\" controls=\"controls\"><source type=\"audio\/mpeg\" src=\"http:\/\/www.radiopiu.net\/wordpress\/wp-content\/uploads\/2018\/09\/EZIO-ZUANEL.mp3?_=4\" \/><a href=\"http:\/\/www.radiopiu.net\/wordpress\/wp-content\/uploads\/2018\/09\/EZIO-ZUANEL.mp3\">http:\/\/www.radiopiu.net\/wordpress\/wp-content\/uploads\/2018\/09\/EZIO-ZUANEL.mp3<\/a><\/audio>\n<p>Monsignor Giorgio Lise Arcidiacono di Agordo ha infine benedetto i nuovi locali plaudendo al progresso antidoto al pessimismo che caratterizza chi vive in montagna anche pensando alle vicende dell&#8217;ospedale di Agordo.<br \/>\nTaglio del nastro con Roberto e Giovanni\u00a0 Bianco, Giancarlo e Alessandro Deola, Mauro Fontanive, Fabrizio Vigilante e il sindaco Zuanel.<\/p>\n<audio class=\"wp-audio-shortcode\" id=\"audio-62077-5\" preload=\"none\" style=\"width: 100%;\" controls=\"controls\"><source type=\"audio\/mpeg\" src=\"http:\/\/www.radiopiu.net\/wordpress\/wp-content\/uploads\/2018\/09\/LISE.mp3?_=5\" \/><a href=\"http:\/\/www.radiopiu.net\/wordpress\/wp-content\/uploads\/2018\/09\/LISE.mp3\">http:\/\/www.radiopiu.net\/wordpress\/wp-content\/uploads\/2018\/09\/LISE.mp3<\/a><\/audio>\n<p><span style=\"color: #0000ff;\">GALLERIA FOTO, CLICCA PER INGRANDIRE<\/span><\/p>\n\n\t\t\t<style type='text\/css'>\n\t\t\t\t#gallery-2 {\n\t\t\t\t\tmargin: auto;\n\t\t\t\t}\n\t\t\t\t#gallery-2 .gallery-item {\n\t\t\t\t\tfloat: left;\n\t\t\t\t\tmargin-top: 10px;\n\t\t\t\t\ttext-align: center;\n\t\t\t\t\twidth: 33%;\n\t\t\t\t}\n\t\t\t\t#gallery-2 img {\n\t\t\t\t\tborder: 2px solid #cfcfcf;\n\t\t\t\t}\n\t\t\t\t#gallery-2 .gallery-caption {\n\t\t\t\t\tmargin-left: 0;\n\t\t\t\t}\n\t\t\t\t\/* see gallery_shortcode() in wp-includes\/media.php *\/\n\t\t\t<\/style>\n\t\t<div id='gallery-2' class='dt-gallery-container gallery galleryid-62077 gallery-columns-3 gallery-size-thumbnail'><dl class='gallery-item'>\n\t\t\t\t<dt class='gallery-icon landscape'>\n\t\t\t\t\t<a class=\"rollover\" href='https:\/\/www.radiopiu.net\/wordpress\/dal-comprameglio-alla-doppia-vu-40-anni-di-storia-nellagordino-il-nuovo-w-store-alla-porta-della-vallata\/dig-190\/'><img loading=\"lazy\" decoding=\"async\" width=\"150\" height=\"150\" src=\"https:\/\/www.radiopiu.net\/wordpress\/wp-content\/uploads\/2018\/09\/IMG_20180927_101605-150x150.jpg\" class=\"attachment-thumbnail size-thumbnail\" alt=\"\" aria-describedby=\"gallery-2-62062\" \/><\/a>\n\t\t\t\t<\/dt>\n\t\t\t\t\t<dd class='wp-caption-text gallery-caption' id='gallery-2-62062'>\n\t\t\t\t\tdig\n\t\t\t\t\t<\/dd><\/dl><dl class='gallery-item'>\n\t\t\t\t<dt class='gallery-icon landscape'>\n\t\t\t\t\t<a class=\"rollover\" href='https:\/\/www.radiopiu.net\/wordpress\/dal-comprameglio-alla-doppia-vu-40-anni-di-storia-nellagordino-il-nuovo-w-store-alla-porta-della-vallata\/sdr-63\/'><img loading=\"lazy\" decoding=\"async\" width=\"150\" height=\"150\" src=\"https:\/\/www.radiopiu.net\/wordpress\/wp-content\/uploads\/2018\/09\/IMG_20180927_100018-150x150.jpg\" class=\"attachment-thumbnail size-thumbnail\" alt=\"\" aria-describedby=\"gallery-2-62055\" \/><\/a>\n\t\t\t\t<\/dt>\n\t\t\t\t\t<dd class='wp-caption-text gallery-caption' id='gallery-2-62055'>\n\t\t\t\t\tsdr\n\t\t\t\t\t<\/dd><\/dl><dl class='gallery-item'>\n\t\t\t\t<dt class='gallery-icon landscape'>\n\t\t\t\t\t<a class=\"rollover\" href='https:\/\/www.radiopiu.net\/wordpress\/dal-comprameglio-alla-doppia-vu-40-anni-di-storia-nellagordino-il-nuovo-w-store-alla-porta-della-vallata\/dig-186\/'><img loading=\"lazy\" decoding=\"async\" width=\"150\" height=\"150\" src=\"https:\/\/www.radiopiu.net\/wordpress\/wp-content\/uploads\/2018\/09\/IMG_20180927_100313-150x150.jpg\" class=\"attachment-thumbnail size-thumbnail\" alt=\"\" aria-describedby=\"gallery-2-62056\" \/><\/a>\n\t\t\t\t<\/dt>\n\t\t\t\t\t<dd class='wp-caption-text gallery-caption' id='gallery-2-62056'>\n\t\t\t\t\tdig\n\t\t\t\t\t<\/dd><\/dl><br style=\"clear: both\" \/><dl class='gallery-item'>\n\t\t\t\t<dt class='gallery-icon landscape'>\n\t\t\t\t\t<a class=\"rollover\" href='https:\/\/www.radiopiu.net\/wordpress\/dal-comprameglio-alla-doppia-vu-40-anni-di-storia-nellagordino-il-nuovo-w-store-alla-porta-della-vallata\/dav-64\/'><img loading=\"lazy\" decoding=\"async\" width=\"150\" height=\"150\" src=\"https:\/\/www.radiopiu.net\/wordpress\/wp-content\/uploads\/2018\/09\/IMG_20180927_101405-150x150.jpg\" class=\"attachment-thumbnail size-thumbnail\" alt=\"\" aria-describedby=\"gallery-2-62059\" \/><\/a>\n\t\t\t\t<\/dt>\n\t\t\t\t\t<dd class='wp-caption-text gallery-caption' id='gallery-2-62059'>\n\t\t\t\t\tdav\n\t\t\t\t\t<\/dd><\/dl><dl class='gallery-item'>\n\t\t\t\t<dt class='gallery-icon portrait'>\n\t\t\t\t\t<a class=\"rollover\" href='https:\/\/www.radiopiu.net\/wordpress\/dal-comprameglio-alla-doppia-vu-40-anni-di-storia-nellagordino-il-nuovo-w-store-alla-porta-della-vallata\/dig-187\/'><img loading=\"lazy\" decoding=\"async\" width=\"150\" height=\"150\" src=\"https:\/\/www.radiopiu.net\/wordpress\/wp-content\/uploads\/2018\/09\/IMG_20180927_100733-150x150.jpg\" class=\"attachment-thumbnail size-thumbnail\" alt=\"\" aria-describedby=\"gallery-2-62057\" \/><\/a>\n\t\t\t\t<\/dt>\n\t\t\t\t\t<dd class='wp-caption-text gallery-caption' id='gallery-2-62057'>\n\t\t\t\t\tdig\n\t\t\t\t\t<\/dd><\/dl><dl class='gallery-item'>\n\t\t\t\t<dt class='gallery-icon portrait'>\n\t\t\t\t\t<a class=\"rollover\" href='https:\/\/www.radiopiu.net\/wordpress\/dal-comprameglio-alla-doppia-vu-40-anni-di-storia-nellagordino-il-nuovo-w-store-alla-porta-della-vallata\/dig-189\/'><img loading=\"lazy\" decoding=\"async\" width=\"150\" height=\"150\" src=\"https:\/\/www.radiopiu.net\/wordpress\/wp-content\/uploads\/2018\/09\/IMG_20180927_101546-150x150.jpg\" class=\"attachment-thumbnail size-thumbnail\" alt=\"\" aria-describedby=\"gallery-2-62061\" \/><\/a>\n\t\t\t\t<\/dt>\n\t\t\t\t\t<dd class='wp-caption-text gallery-caption' id='gallery-2-62061'>\n\t\t\t\t\tdig\n\t\t\t\t\t<\/dd><\/dl><br style=\"clear: both\" \/><dl class='gallery-item'>\n\t\t\t\t<dt class='gallery-icon landscape'>\n\t\t\t\t\t<a class=\"rollover\" href='https:\/\/www.radiopiu.net\/wordpress\/dal-comprameglio-alla-doppia-vu-40-anni-di-storia-nellagordino-il-nuovo-w-store-alla-porta-della-vallata\/sdr-64\/'><img loading=\"lazy\" decoding=\"async\" width=\"150\" height=\"150\" src=\"https:\/\/www.radiopiu.net\/wordpress\/wp-content\/uploads\/2018\/09\/IMG_20180927_101411-150x150.jpg\" class=\"attachment-thumbnail size-thumbnail\" alt=\"\" aria-describedby=\"gallery-2-62060\" \/><\/a>\n\t\t\t\t<\/dt>\n\t\t\t\t\t<dd class='wp-caption-text gallery-caption' id='gallery-2-62060'>\n\t\t\t\t\tsdr\n\t\t\t\t\t<\/dd><\/dl><dl class='gallery-item'>\n\t\t\t\t<dt class='gallery-icon portrait'>\n\t\t\t\t\t<a class=\"rollover\" href='https:\/\/www.radiopiu.net\/wordpress\/dal-comprameglio-alla-doppia-vu-40-anni-di-storia-nellagordino-il-nuovo-w-store-alla-porta-della-vallata\/dig-191\/'><img loading=\"lazy\" decoding=\"async\" width=\"150\" height=\"150\" src=\"https:\/\/www.radiopiu.net\/wordpress\/wp-content\/uploads\/2018\/09\/IMG_20180927_101806-150x150.jpg\" class=\"attachment-thumbnail size-thumbnail\" alt=\"\" aria-describedby=\"gallery-2-62063\" \/><\/a>\n\t\t\t\t<\/dt>\n\t\t\t\t\t<dd class='wp-caption-text gallery-caption' id='gallery-2-62063'>\n\t\t\t\t\tdig\n\t\t\t\t\t<\/dd><\/dl><dl class='gallery-item'>\n\t\t\t\t<dt class='gallery-icon landscape'>\n\t\t\t\t\t<a class=\"rollover\" href='https:\/\/www.radiopiu.net\/wordpress\/?attachment_id=62049'><img loading=\"lazy\" decoding=\"async\" width=\"150\" height=\"150\" src=\"https:\/\/www.radiopiu.net\/wordpress\/wp-content\/uploads\/2018\/09\/1c91a209-a0de-4172-bddb-c542a219fce5-150x150.jpg\" class=\"attachment-thumbnail size-thumbnail\" alt=\"\" \/><\/a>\n\t\t\t\t<\/dt><\/dl><br style=\"clear: both\" \/><dl class='gallery-item'>\n\t\t\t\t<dt class='gallery-icon landscape'>\n\t\t\t\t\t<a class=\"rollover\" href='https:\/\/www.radiopiu.net\/wordpress\/dal-comprameglio-alla-doppia-vu-40-anni-di-storia-nellagordino-il-nuovo-w-store-alla-porta-della-vallata\/62c02433-2a7b-4554-9872-834f3563a744\/'><img loading=\"lazy\" decoding=\"async\" width=\"150\" height=\"150\" src=\"https:\/\/www.radiopiu.net\/wordpress\/wp-content\/uploads\/2018\/09\/62c02433-2a7b-4554-9872-834f3563a744-150x150.jpg\" class=\"attachment-thumbnail size-thumbnail\" alt=\"\" \/><\/a>\n\t\t\t\t<\/dt><\/dl><dl class='gallery-item'>\n\t\t\t\t<dt class='gallery-icon landscape'>\n\t\t\t\t\t<a class=\"rollover\" href='https:\/\/www.radiopiu.net\/wordpress\/dal-comprameglio-alla-doppia-vu-40-anni-di-storia-nellagordino-il-nuovo-w-store-alla-porta-della-vallata\/d253a47b-f261-4276-85eb-22fa83b83843\/'><img loading=\"lazy\" decoding=\"async\" width=\"150\" height=\"150\" src=\"https:\/\/www.radiopiu.net\/wordpress\/wp-content\/uploads\/2018\/09\/d253a47b-f261-4276-85eb-22fa83b83843-150x150.jpg\" class=\"attachment-thumbnail size-thumbnail\" alt=\"\" \/><\/a>\n\t\t\t\t<\/dt><\/dl><dl class='gallery-item'>\n\t\t\t\t<dt class='gallery-icon landscape'>\n\t\t\t\t\t<a class=\"rollover\" href='https:\/\/www.radiopiu.net\/wordpress\/dal-comprameglio-alla-doppia-vu-40-anni-di-storia-nellagordino-il-nuovo-w-store-alla-porta-della-vallata\/sdr-65\/'><img loading=\"lazy\" decoding=\"async\" width=\"150\" height=\"150\" src=\"https:\/\/www.radiopiu.net\/wordpress\/wp-content\/uploads\/2018\/09\/IMG_20180927_102432-150x150.jpg\" class=\"attachment-thumbnail size-thumbnail\" alt=\"\" aria-describedby=\"gallery-2-62064\" \/><\/a>\n\t\t\t\t<\/dt>\n\t\t\t\t\t<dd class='wp-caption-text gallery-caption' id='gallery-2-62064'>\n\t\t\t\t\tsdr\n\t\t\t\t\t<\/dd><\/dl><br style=\"clear: both\" \/><dl class='gallery-item'>\n\t\t\t\t<dt class='gallery-icon landscape'>\n\t\t\t\t\t<a class=\"rollover\" href='https:\/\/www.radiopiu.net\/wordpress\/dal-comprameglio-alla-doppia-vu-40-anni-di-storia-nellagordino-il-nuovo-w-store-alla-porta-della-vallata\/sdr-66\/'><img loading=\"lazy\" decoding=\"async\" width=\"150\" height=\"150\" src=\"https:\/\/www.radiopiu.net\/wordpress\/wp-content\/uploads\/2018\/09\/IMG_20180927_102441-150x150.jpg\" class=\"attachment-thumbnail size-thumbnail\" alt=\"\" aria-describedby=\"gallery-2-62065\" \/><\/a>\n\t\t\t\t<\/dt>\n\t\t\t\t\t<dd class='wp-caption-text gallery-caption' id='gallery-2-62065'>\n\t\t\t\t\tsdr\n\t\t\t\t\t<\/dd><\/dl><dl class='gallery-item'>\n\t\t\t\t<dt class='gallery-icon landscape'>\n\t\t\t\t\t<a class=\"rollover\" href='https:\/\/www.radiopiu.net\/wordpress\/?attachment_id=62050'><img loading=\"lazy\" decoding=\"async\" width=\"150\" height=\"150\" src=\"https:\/\/www.radiopiu.net\/wordpress\/wp-content\/uploads\/2018\/09\/1ff3304b-1858-4d56-8fe9-d115ee319baa-150x150.jpg\" class=\"attachment-thumbnail size-thumbnail\" alt=\"\" \/><\/a>\n\t\t\t\t<\/dt><\/dl><dl class='gallery-item'>\n\t\t\t\t<dt class='gallery-icon landscape'>\n\t\t\t\t\t<a class=\"rollover\" href='https:\/\/www.radiopiu.net\/wordpress\/dal-comprameglio-alla-doppia-vu-40-anni-di-storia-nellagordino-il-nuovo-w-store-alla-porta-della-vallata\/dig-192\/'><img loading=\"lazy\" decoding=\"async\" width=\"150\" height=\"150\" src=\"https:\/\/www.radiopiu.net\/wordpress\/wp-content\/uploads\/2018\/09\/IMG_20180927_102627-150x150.jpg\" class=\"attachment-thumbnail size-thumbnail\" alt=\"\" aria-describedby=\"gallery-2-62068\" \/><\/a>\n\t\t\t\t<\/dt>\n\t\t\t\t\t<dd class='wp-caption-text gallery-caption' id='gallery-2-62068'>\n\t\t\t\t\tdig\n\t\t\t\t\t<\/dd><\/dl><br style=\"clear: both\" \/><dl class='gallery-item'>\n\t\t\t\t<dt class='gallery-icon landscape'>\n\t\t\t\t\t<a class=\"rollover\" href='https:\/\/www.radiopiu.net\/wordpress\/dal-comprameglio-alla-doppia-vu-40-anni-di-storia-nellagordino-il-nuovo-w-store-alla-porta-della-vallata\/dav-65\/'><img loading=\"lazy\" decoding=\"async\" width=\"150\" height=\"150\" src=\"https:\/\/www.radiopiu.net\/wordpress\/wp-content\/uploads\/2018\/09\/IMG_20180927_102559-150x150.jpg\" class=\"attachment-thumbnail size-thumbnail\" alt=\"\" aria-describedby=\"gallery-2-62067\" \/><\/a>\n\t\t\t\t<\/dt>\n\t\t\t\t\t<dd class='wp-caption-text gallery-caption' id='gallery-2-62067'>\n\t\t\t\t\tdav\n\t\t\t\t\t<\/dd><\/dl><dl class='gallery-item'>\n\t\t\t\t<dt class='gallery-icon landscape'>\n\t\t\t\t\t<a class=\"rollover\" href='https:\/\/www.radiopiu.net\/wordpress\/dal-comprameglio-alla-doppia-vu-40-anni-di-storia-nellagordino-il-nuovo-w-store-alla-porta-della-vallata\/sdr-67\/'><img loading=\"lazy\" decoding=\"async\" width=\"150\" height=\"150\" src=\"https:\/\/www.radiopiu.net\/wordpress\/wp-content\/uploads\/2018\/09\/IMG_20180927_102535-150x150.jpg\" class=\"attachment-thumbnail size-thumbnail\" alt=\"\" aria-describedby=\"gallery-2-62066\" \/><\/a>\n\t\t\t\t<\/dt>\n\t\t\t\t\t<dd class='wp-caption-text gallery-caption' id='gallery-2-62066'>\n\t\t\t\t\tsdr\n\t\t\t\t\t<\/dd><\/dl><dl class='gallery-item'>\n\t\t\t\t<dt class='gallery-icon portrait'>\n\t\t\t\t\t<a class=\"rollover\" href='https:\/\/www.radiopiu.net\/wordpress\/dal-comprameglio-alla-doppia-vu-40-anni-di-storia-nellagordino-il-nuovo-w-store-alla-porta-della-vallata\/dig-188\/'><img loading=\"lazy\" decoding=\"async\" width=\"150\" height=\"150\" src=\"https:\/\/www.radiopiu.net\/wordpress\/wp-content\/uploads\/2018\/09\/IMG_20180927_101027-150x150.jpg\" class=\"attachment-thumbnail size-thumbnail\" alt=\"\" aria-describedby=\"gallery-2-62058\" \/><\/a>\n\t\t\t\t<\/dt>\n\t\t\t\t\t<dd class='wp-caption-text gallery-caption' id='gallery-2-62058'>\n\t\t\t\t\tdig\n\t\t\t\t\t<\/dd><\/dl><br style=\"clear: both\" \/>\n\t\t\t<\/div>\n\n<p>&nbsp;<\/p>\n<p>&nbsp;<\/p>\n<p>&nbsp;<\/p>\n<p>&nbsp;<\/p>\n<h1>INIZIATI I LAVORI PER LA COSTRUZIONE DELL&#8217;ARENA NELL&#8217;INCANTO DEL LAGHETTO DELLE PESCHIERE.<\/h1>\n<p><strong>TAIBON<\/strong>\u00a0 Ci siamo lo sbancamento ha avuto inizio, a nulla sono servite le perplessit\u00e0 di parte del paese e una raccolta firme on line (oltre 1000). Il sindaco Silvia Tormen a fine agosto\u00a0 ha promesso che incontrer\u00e0 la popolazione, ma ormai la decisione \u00e8 presa, gli alberi tagliati e la costruzione ha avuto inizio. Chi manutenter\u00e0 la struttura? Cosa porter\u00e0 al paese e ad una valle sempre pi\u00f9 in abbandono dove turisti e valligiani hanno accesso a barbecue completamente privi di servizi?<\/p>\n\n\t\t\t<style type='text\/css'>\n\t\t\t\t#gallery-3 {\n\t\t\t\t\tmargin: auto;\n\t\t\t\t}\n\t\t\t\t#gallery-3 .gallery-item {\n\t\t\t\t\tfloat: left;\n\t\t\t\t\tmargin-top: 10px;\n\t\t\t\t\ttext-align: center;\n\t\t\t\t\twidth: 33%;\n\t\t\t\t}\n\t\t\t\t#gallery-3 img {\n\t\t\t\t\tborder: 2px solid #cfcfcf;\n\t\t\t\t}\n\t\t\t\t#gallery-3 .gallery-caption {\n\t\t\t\t\tmargin-left: 0;\n\t\t\t\t}\n\t\t\t\t\/* see gallery_shortcode() in wp-includes\/media.php *\/\n\t\t\t<\/style>\n\t\t<div id='gallery-3' class='dt-gallery-container gallery galleryid-62077 gallery-columns-3 gallery-size-thumbnail'><dl class='gallery-item'>\n\t\t\t\t<dt class='gallery-icon portrait'>\n\t\t\t\t\t<a class=\"rollover\" href='https:\/\/www.radiopiu.net\/wordpress\/giornale-radiopiu-28-settembre-2018-direttore-mirko-mezzacasa\/whatsapp-image-2018-09-27-at-15-05-52-2\/'><img loading=\"lazy\" decoding=\"async\" width=\"150\" height=\"150\" src=\"https:\/\/www.radiopiu.net\/wordpress\/wp-content\/uploads\/2018\/09\/WhatsApp-Image-2018-09-27-at-15.05.52-2-150x150.jpeg\" class=\"attachment-thumbnail size-thumbnail\" alt=\"\" \/><\/a>\n\t\t\t\t<\/dt><\/dl><dl class='gallery-item'>\n\t\t\t\t<dt class='gallery-icon portrait'>\n\t\t\t\t\t<a class=\"rollover\" href='https:\/\/www.radiopiu.net\/wordpress\/giornale-radiopiu-28-settembre-2018-direttore-mirko-mezzacasa\/whatsapp-image-2018-09-27-at-15-05-52-1\/'><img loading=\"lazy\" decoding=\"async\" width=\"150\" height=\"150\" src=\"https:\/\/www.radiopiu.net\/wordpress\/wp-content\/uploads\/2018\/09\/WhatsApp-Image-2018-09-27-at-15.05.52-1-150x150.jpeg\" class=\"attachment-thumbnail size-thumbnail\" alt=\"\" \/><\/a>\n\t\t\t\t<\/dt><\/dl><dl class='gallery-item'>\n\t\t\t\t<dt class='gallery-icon portrait'>\n\t\t\t\t\t<a class=\"rollover\" href='https:\/\/www.radiopiu.net\/wordpress\/giornale-radiopiu-28-settembre-2018-direttore-mirko-mezzacasa\/whatsapp-image-2018-09-27-at-15-05-52\/'><img loading=\"lazy\" decoding=\"async\" width=\"150\" height=\"150\" src=\"https:\/\/www.radiopiu.net\/wordpress\/wp-content\/uploads\/2018\/09\/WhatsApp-Image-2018-09-27-at-15.05.52-150x150.jpeg\" class=\"attachment-thumbnail size-thumbnail\" alt=\"\" \/><\/a>\n\t\t\t\t<\/dt><\/dl><br style=\"clear: both\" \/><dl class='gallery-item'>\n\t\t\t\t<dt class='gallery-icon landscape'>\n\t\t\t\t\t<a class=\"rollover\" href='https:\/\/www.radiopiu.net\/wordpress\/giornale-radiopiu-28-settembre-2018-direttore-mirko-mezzacasa\/whatsapp-image-2018-09-27-at-15-05-26\/'><img loading=\"lazy\" decoding=\"async\" width=\"150\" height=\"150\" src=\"https:\/\/www.radiopiu.net\/wordpress\/wp-content\/uploads\/2018\/09\/WhatsApp-Image-2018-09-27-at-15.05.26-150x150.jpeg\" class=\"attachment-thumbnail size-thumbnail\" alt=\"\" \/><\/a>\n\t\t\t\t<\/dt><\/dl>\n\t\t\t\t<br style='clear: both' \/>\n\t\t\t<\/div>\n\n<p>&nbsp;<\/p>\n<p>&nbsp;<\/p>\n<p>&nbsp;<\/p>\n<p>&nbsp;<\/p>\n<h1><strong>\u201c<\/strong><strong>NUOVO BANDO FONDO COMUNI CONFINANTI<\/strong><\/h1>\n<p><a class=\"dt-pswp-item\" href=\"http:\/\/www.radiopiu.net\/wordpress\/wp-content\/uploads\/2018\/06\/00032712.jpg\" data-dt-img-description=\"00032712\" data-large_image_width=\"180\" data-large_image_height=\"240\"><img loading=\"lazy\" decoding=\"async\" class=\" wp-image-50936 alignleft\" src=\"http:\/\/www.radiopiu.net\/wordpress\/wp-content\/uploads\/2018\/06\/00032712.jpg\" alt=\"\" width=\"115\" height=\"153\" \/><\/a><\/p>\n<p>Il Comitato Paritetico del FONDO COMUNI CONFINANTI, presieduto dal neo presidente il Sen. Paolo Saviane, ha approvato oggi 27 settembre, all\u2019unanimit\u00e0 il nuovo bando finalizzato al finanziamento o cofinanziamento di interventi presentati dai comuni confinanti fino alla concorrenza di un importo massimo di euro 500.000 ciascuno.\u00a0 Le risorse disponibili, con scadenza 01 marzo 2019, ammontano ad euro 24.000.000 e sono riferite esclusivamente all\u2019annualit\u00e0 2019 del FCC. Tale importo permette a tutti i 48 comuni di confine di poter accedere in pari misura al finanziamento dei progetti. Novit\u00e0 del bando \u00e8 la possibilit\u00e0 da parte dei comuni stessi, di abbinare l\u2019annualit\u00e0 del 2019 alle precedenti non ancora utilizzate. \u201cQuesta opportunit\u00e0 va incontro a precise richieste che sono arrivate direttamente dai sindaci\u201d, afferma il presidente Paolo Saviane \u201cIl mio impegno- continua il presidente- \u00e8 cercare di semplificare il pi\u00f9 possibile la materia. In quest\u2019ottica si cercher\u00e0 un accordo che permetta, per il bando 2020, di evitare da parte dei comuni, la presentazione di progetti specifici in modo tale da poter attingere al finanziamento senza una progettazione e poter procedere direttamente e pi\u00f9 velocemente con gli interventi, che una volta eseguiti, richiederanno la rendicontazione in linea con il bando. Oltre all\u2019approvazione del bando 2019 si \u00e8 proceduto a recepire da parte dei comuni, delle variazioni su progetti strategici di area vasta gi\u00e0 presentati e finanziati, accogliendo tutte le richieste. La provincia di Belluno ha una disponibilit\u00e0 residua sulle passate annualit\u00e0 di oltre 7.000.000 euro. Per quanto riguarda i progetti strategici, che hanno una disponibilit\u00e0 di 56.000.000 all\u2019anno, si stanno discutendo modalit\u00e0 e strategie per una efficace pianificazione. \u201cIn tal senso- afferma il sen Saviane- sono in attesa di suggerimenti e proposte dal territorio in modo tale da poter valutare anche l\u2019opportunit\u00e0 di accorpare pi\u00f9 annualit\u00e0.<\/p>\n<p>&nbsp;<\/p>\n<audio class=\"wp-audio-shortcode\" id=\"audio-62077-6\" preload=\"none\" style=\"width: 100%;\" controls=\"controls\"><source type=\"audio\/mpeg\" src=\"http:\/\/www.radiopiu.net\/wordpress\/wp-content\/uploads\/2018\/09\/SAVIANE.mp3?_=6\" \/><a href=\"http:\/\/www.radiopiu.net\/wordpress\/wp-content\/uploads\/2018\/09\/SAVIANE.mp3\">http:\/\/www.radiopiu.net\/wordpress\/wp-content\/uploads\/2018\/09\/SAVIANE.mp3<\/a><\/audio>\n<h3 class=\"post-title entry-title\"><\/h3>\n<p>&nbsp;<\/p>\n<p>&nbsp;<\/p>\n<p>&nbsp;<\/p>\n<p>&nbsp;<\/p>\n<h1>NOVITA&#8217; SERVIZIO NAVETTA PER LUXOTTICA AD AGORDO<\/h1>\n<p><a href=\"https:\/\/2.bp.blogspot.com\/-CFt8KqyXZW0\/W6zg2FPZRhI\/AAAAAAAAAbQ\/gfmbFFVUcUwv2wzYkFziqw4YbUE1Ty8tACLcBGAs\/s1600\/coach-3206326_640.png\"><img loading=\"lazy\" decoding=\"async\" class=\"alignleft\" src=\"https:\/\/2.bp.blogspot.com\/-CFt8KqyXZW0\/W6zg2FPZRhI\/AAAAAAAAAbQ\/gfmbFFVUcUwv2wzYkFziqw4YbUE1Ty8tACLcBGAs\/s320\/coach-3206326_640.png\" width=\"197\" height=\"131\" border=\"0\" data-original-height=\"426\" data-original-width=\"640\" \/><\/a><\/p>\n<div id=\"post-body-6600765243838333013\" class=\"post-body entry-content\">\n<div>Visto il crescente successo della navetta Agordo-Luxottica dedicata ai turnisti del pomeriggio e le richieste provenienti dal mondo degli impiegati, i quali in buona parte non hanno alcun mezzo pubblico in orari compatibili e devono giocoforza arrivare al lavoro con i mezzi propri, dal primo di ottobre l&#8217;orario del servizio navetta sar\u00e0 ampliato. La navetta gratuita sar\u00e0 operativa anche dalle 8.00 alle 8.50 e dalle 17.30 alle 18.15 mentre restano invariate le precedenti fasce orarie per i turnisti pomeriggio.\u00a0 Un servizio navetta in orario compatibile con quello degli impiegati era tra le proposte oggetto della raccolta firme effettuata dalla Commissione Trasporti RSU nei mesi scorsi. Ricordiamo che si tratta comunque di un servizio sperimentale e sar\u00e0 quindi importante che venga utilizzato da quante pi\u00f9 persone per consentirne il mantenimento nel tempo e l&#8217;eventuale estensione ad ulteriori fasce orarie.<\/div>\n<div>CLICCA PER INGRANDIRE<\/div>\n<div>\n\n\t\t\t<style type='text\/css'>\n\t\t\t\t#gallery-4 {\n\t\t\t\t\tmargin: auto;\n\t\t\t\t}\n\t\t\t\t#gallery-4 .gallery-item {\n\t\t\t\t\tfloat: left;\n\t\t\t\t\tmargin-top: 10px;\n\t\t\t\t\ttext-align: center;\n\t\t\t\t\twidth: 33%;\n\t\t\t\t}\n\t\t\t\t#gallery-4 img {\n\t\t\t\t\tborder: 2px solid #cfcfcf;\n\t\t\t\t}\n\t\t\t\t#gallery-4 .gallery-caption {\n\t\t\t\t\tmargin-left: 0;\n\t\t\t\t}\n\t\t\t\t\/* see gallery_shortcode() in wp-includes\/media.php *\/\n\t\t\t<\/style>\n\t\t<div id='gallery-4' class='dt-gallery-container gallery galleryid-62077 gallery-columns-3 gallery-size-thumbnail'><dl class='gallery-item'>\n\t\t\t\t<dt class='gallery-icon portrait'>\n\t\t\t\t\t<a class=\"rollover\" href='https:\/\/www.radiopiu.net\/wordpress\/giornale-radiopiu-28-settembre-2018-direttore-mirko-mezzacasa\/whatsapp-image-2018-09-27-at-18-15-39\/'><img loading=\"lazy\" decoding=\"async\" width=\"150\" height=\"150\" src=\"https:\/\/www.radiopiu.net\/wordpress\/wp-content\/uploads\/2018\/09\/WhatsApp-Image-2018-09-27-at-18.15.39-150x150.jpeg\" class=\"attachment-thumbnail size-thumbnail\" alt=\"\" \/><\/a>\n\t\t\t\t<\/dt><\/dl>\n\t\t\t\t<br style='clear: both' \/>\n\t\t\t<\/div>\n\n<\/div>\n<\/div>\n<div><\/div>\n<div><\/div>\n<p>&nbsp;<\/p>\n<p>&nbsp;<\/p>\n<p>&nbsp;<\/p>\n<h1>ALL&#8217;INTERNO IL DIBATTITO TRASMESSO NEL POMERIGGIO DI IERI A RADIO PIU<\/h1>\n<blockquote class=\"wp-embedded-content\" data-secret=\"FEKlFsF9me\"><p><a href=\"http:\/\/www.radiopiu.net\/wordpress\/il-comitato-per-lospedale-sta-con-i-sindaci-come-la-ristrutturazione-del-pronto-soccorso-sta-al-laboratorio-analisi\/\">IL COMITATO PER L&#8217;OSPEDALE STA CON I SINDACI COME LA RISTRUTTURAZIONE DEL PRONTO SOCCORSO STA AL LABORATORIO ANALISI.<\/a><\/p><\/blockquote>\n<p><iframe loading=\"lazy\" class=\"wp-embedded-content\" sandbox=\"allow-scripts\" security=\"restricted\" style=\"position: absolute; clip: rect(1px, 1px, 1px, 1px);\" src=\"http:\/\/www.radiopiu.net\/wordpress\/il-comitato-per-lospedale-sta-con-i-sindaci-come-la-ristrutturazione-del-pronto-soccorso-sta-al-laboratorio-analisi\/embed\/#?secret=FEKlFsF9me\" data-secret=\"FEKlFsF9me\" width=\"600\" height=\"338\" title=\"&#8220;IL COMITATO PER L&#8217;OSPEDALE STA CON I SINDACI COME LA RISTRUTTURAZIONE DEL PRONTO SOCCORSO STA AL LABORATORIO ANALISI.&#8221; &#8212; Radio Pi\u00f9\" frameborder=\"0\" marginwidth=\"0\" marginheight=\"0\" scrolling=\"no\"><\/iframe><\/p>\n<p>VIDEO 1<span style=\"color: #0000ff;\"> <a style=\"color: #0000ff;\" href=\"https:\/\/www.facebook.com\/mirko.mezzacasa\/videos\/10217900012878804\/\">CLICCA QUI\u00a0<\/a><\/span><\/p>\n<p>VIDEO 2<span style=\"color: #ff0000;\"><a style=\"color: #ff0000;\" href=\"https:\/\/www.facebook.com\/mirko.mezzacasa\/videos\/10217900132081784\/\"> CLICCA QUI\u00a0<\/a><\/span><\/p>\n<p>VIDEO 3 <span style=\"color: #ff00ff;\"><a style=\"color: #ff00ff;\" href=\"https:\/\/www.facebook.com\/mirko.mezzacasa\/videos\/10217900277405417\/\">CLICCA QUI\u00a0<\/a><\/span><\/p>\n<p>&nbsp;<\/p>\n<p>&nbsp;<\/p>\n<p>&nbsp;<\/p>\n<blockquote class=\"wp-embedded-content\" data-secret=\"dKcfSa3CR1\"><p><a href=\"http:\/\/www.radiopiu.net\/wordpress\/218-mila-euro-variazione-al-bilancio-di-previsione-2018-2020\/\">218 MILA EURO: VARIAZIONE AL BILANCIO DI PREVISIONE 2018-2020<\/a><\/p><\/blockquote>\n<p><iframe loading=\"lazy\" class=\"wp-embedded-content\" sandbox=\"allow-scripts\" security=\"restricted\" style=\"position: absolute; clip: rect(1px, 1px, 1px, 1px);\" src=\"http:\/\/www.radiopiu.net\/wordpress\/218-mila-euro-variazione-al-bilancio-di-previsione-2018-2020\/embed\/#?secret=dKcfSa3CR1\" data-secret=\"dKcfSa3CR1\" width=\"600\" height=\"338\" title=\"&#8220;218 MILA EURO: VARIAZIONE AL BILANCIO DI PREVISIONE 2018-2020&#8221; &#8212; Radio Pi\u00f9\" frameborder=\"0\" marginwidth=\"0\" marginheight=\"0\" scrolling=\"no\"><\/iframe><\/p>\n<p>&nbsp;<\/p>\n<p>&nbsp;<\/p>\n<p>&nbsp;<\/p>\n<p>&nbsp;<\/p>\n<blockquote>\n<h1>Rottura di una condotta idrica al Campus \u201cTina Merlin\u201d; i corsi universitari partiranno regolarmente la prossima settimana.<\/h1>\n<p><strong><a class=\"dt-pswp-item\" href=\"http:\/\/www.radiopiu.net\/wordpress\/wp-content\/uploads\/2018\/09\/FELTRE.jpg\" data-dt-img-description=\"\" data-large_image_width=\"354\" data-large_image_height=\"142\"><img loading=\"lazy\" decoding=\"async\" class=\" wp-image-62158 alignleft\" src=\"http:\/\/www.radiopiu.net\/wordpress\/wp-content\/uploads\/2018\/09\/FELTRE-300x120.jpg\" alt=\"\" width=\"310\" height=\"124\" srcset=\"https:\/\/www.radiopiu.net\/wordpress\/wp-content\/uploads\/2018\/09\/FELTRE-300x120.jpg 300w, https:\/\/www.radiopiu.net\/wordpress\/wp-content\/uploads\/2018\/09\/FELTRE.jpg 354w\" sizes=\"auto, (max-width: 310px) 100vw, 310px\" \/><\/a>FELTRE<\/strong> Nella notte dello scorso 24 settembre si \u00e8 guastata, per cause ancora in corso di definizione, la condotta di adduzione principale dell&#8217;impianto idrico antincendio attivo presso la palazzina numero 5 del Campus \u201cTina Merlin\u201d, a Borgo Ruga. L&#8217;ingente fuoriuscita di acqua, segnalata dal personale sopraggiunto al mattino, ha provocato l&#8217;allagamento del piano seminterrato della struttura e danni di rilievo, in particolar modo, ai quadri elettrici, alle centraline Telecom per la gestione della fibra ottica e all&#8217;impianto dell&#8217;ascensore, oltre che agli archivi cartacei dell&#8217;Enaip, ospitati dallo stabile. Questo fatto ha causato in questi giorni non pochi problemi, in particolar modo alla connessione telefonica e dati di alcune scuole della citt\u00e0; al riguardo, l&#8217;amministrazione ha provveduto all&#8217;acquisto di alcuni telefoni cellulari per consentire la deviazione delle chiamate in modo che i plessi interessati dal guasto non rimanessero isolati.\u00a0 Dopo l&#8217;immediato intervento dei Vigili del Fuoco, si sono attivati operai e tecnici del Comune di Feltre per le prime operazioni di rimozione del materiali danneggiati e di pulizia. Ad oggi i locali sono stati liberati dall&#8217;acqua, ma risultano impraticabili e privi di alcuni servizi. Occorrer\u00e0 infatti verificare attentamente lo stato degli impianti presenti nel fabbricato e procedere alla loro messa in funzione in piena sicurezza.\u00a0 Nel frattempo per\u00f2, si \u00e8 posta la questione dell&#8217;imminente partenza di alcuni corsi universitari gestiti dall&#8217;ULSS 1 \u201cDolomiti\u201d, proprio nelle aule della palazzina danneggiata. L&#8217;amministrazione del Comune di Feltre (proprietario dell&#8217;immobile) e l&#8217;Azienda Sanitaria (che lo ha in gestione) hanno cercato una soluzione condivisa per scongiurare ritardi nell&#8217;avvio dei corsi; soluzione che \u00e8 stata trovata grazie ad un&#8217;intesa pronta: durante il periodo necessario per i lavori di ripristino degli impianti e delle stretture danneggiate, le lezioni si terranno presso l&#8217;attigua palazzina \u201cBonsembiante\u201d, che ospita \u2013 tra l&#8217;altro \u2013 il Centro Giovani e i laboratori di cittadinanza e nei locali dell&#8217;Ulss 1 \u201cDolomiti\u201d. Nel frattempo i tecnici comunali cercheranno anche di definire e quantificare con precisione i danni arrecati dal guasto, per il quale \u00e8 stato aperto il relativo ticket con la compagnia di assicurazione.<\/p><\/blockquote>\n<p>&nbsp;<\/p>\n<p>&nbsp;<\/p>\n<p>&nbsp;<\/p>\n<p>&nbsp;<\/p>\n<p>&nbsp;<\/p>\n<h1>Meno burocrazia e pi\u00f9 progetti innovativi<\/h1>\n<p><em>De Menech a Bruxelles per le audizioni sul nuovo programma ambientale dell\u2019Unione europea<\/em><\/p>\n<p>audio<\/p>\n<p>&nbsp;<\/p>\n<audio class=\"wp-audio-shortcode\" id=\"audio-62077-7\" preload=\"none\" style=\"width: 100%;\" controls=\"controls\"><source type=\"audio\/mpeg\" src=\"http:\/\/www.radiopiu.net\/wordpress\/wp-content\/uploads\/2018\/09\/ROGER-7.mp3?_=7\" \/><a href=\"http:\/\/www.radiopiu.net\/wordpress\/wp-content\/uploads\/2018\/09\/ROGER-7.mp3\">http:\/\/www.radiopiu.net\/wordpress\/wp-content\/uploads\/2018\/09\/ROGER-7.mp3<\/a><\/audio>\n<p>&nbsp;<\/p>\n<p><strong><a class=\"dt-pswp-item\" href=\"http:\/\/www.radiopiu.net\/wordpress\/wp-content\/uploads\/2018\/09\/Cor_Brux_de_menech.jpeg\" data-dt-img-description=\"\" data-large_image_width=\"1024\" data-large_image_height=\"768\"><img loading=\"lazy\" decoding=\"async\" class=\" wp-image-62111 alignleft\" src=\"http:\/\/www.radiopiu.net\/wordpress\/wp-content\/uploads\/2018\/09\/Cor_Brux_de_menech-300x225.jpeg\" alt=\"\" width=\"311\" height=\"233\" srcset=\"https:\/\/www.radiopiu.net\/wordpress\/wp-content\/uploads\/2018\/09\/Cor_Brux_de_menech-300x225.jpeg 300w, https:\/\/www.radiopiu.net\/wordpress\/wp-content\/uploads\/2018\/09\/Cor_Brux_de_menech-768x576.jpeg 768w, https:\/\/www.radiopiu.net\/wordpress\/wp-content\/uploads\/2018\/09\/Cor_Brux_de_menech.jpeg 1024w\" sizes=\"auto, (max-width: 311px) 100vw, 311px\" \/><\/a>\u00a0<\/strong><strong>Bruxelles, 27 Settembre 2018<\/strong> _ \u00abRidurre i livelli di burocrazia, sperimentare nuove azioni a salvaguardia dell\u2019ambiente con progetti pilota e stimolare la partecipazione dei territori e delle citt\u00e0 ai programmi di riduzione dell\u2019impatto dei cambiamenti climatici\u00bb. Con queste proposte, il deputato veneto <strong>Roger De Menech<\/strong> ha partecipato questa mattina a Bruxelles alle audizioni del Comitato delle Regioni sulla proposta di riforma del programma LIFE. L\u2019organo consultivo dell\u2019Unione europea che rappresenta le regioni e le citt\u00e0 ha avviato la discussione sul parere che i territori daranno rispetto alla nuova edizione del programma. De Menech ha partecipato in quanto membro supplente della commissione Ambiente della Camera dei deputati e come ex sindaco di Ponte nelle Alpi, comune in cui ha sperimentato per quasi dieci anni politiche di riduzione dei rifiuti, di riciclo e di sviluppo della ciclabilit\u00e0. Il rapporto sul parere del CoR \u00e8 affidato a un altro amministratore veneto, Marco Dus, consigliere comunale di Vittorio Veneto. Per la nostra regione, ricorda De Menech, \u00abil programma LIFE \u00e8 molto importante. Al momento dei 31 progetti italiani finanziati, 4 riguardano direttamente il Veneto e almeno altri tre hanno un valore altissimo per l\u2019economia e l\u2019ambiente regionale\u00bb.\u00a0Si va dal ripristino delle dune costiere dell\u2019Adriatico a quello delle lagune intorno a Venezia, dallo sviluppo di una nuova tecnologia per ridurre l\u2019impatto ambientale delle concerie nel distretto di Arzignano alla riduzione del rischio di alluvioni nel Veneto. Poi ci sono i progetti generali, che riguardano le nuove tecnologie per la coltivazione dei vigneti, per la gestione dei pascoli alpini, per la riduzione del traffico e dell\u2019inquinamento. Nel rapporto, ha spiegato il relatore <strong>Marco Dus<\/strong>, \u00abchiediamo maggiori risorse rispetto ai 3,4 miliardi di euro previsti per tutta Europa e &#8211; visto che il perimetro di attuazione si \u00e8 allargato \u2013 la focalizzazione sui progetti di qualit\u00e0\u00bb. Complessivamente nel 2016, l\u2019Italia ha ottenuto la fetta pi\u00f9 larga dei finanziamenti tra i partner europei, ricorda De Menech: 83 milioni di euro. \u00abOra bisogna lavorare per semplificare le procedure di presentazione e rendicontazione dei progetti e in questo senso va anche il parere di Dus, per progetti di mobilit\u00e0 intelligente che agevolino la transizione gi\u00e0 in corso dal possesso alla condivisione dei mezzi di trasporto privati e per la rete Natura 2000. Qui siamo di fronte a un insieme di aree protette di grande rilevanza soprattutto in Veneto e in provincia di Belluno, ma fragili che rischiano di essere abbandonate o dimenticate. Con il programma LIFE \u00e8 possibile finanziare azioni di conservazione, di tutela della biodiversit\u00e0 ma anche di fruizione da parte dei cittadini e di rilancio economico\u00bb.<\/p>\n<p>&nbsp;<\/p>\n<p>&nbsp;<\/p>\n<p>&nbsp;<\/p>\n<p>&nbsp;<\/p>\n<p>&nbsp;<\/p>\n<h1>QUALITA\u2019 DELL\u2019ARIA. BOTTACIN:SINDACI DISINFORMATI E EUROPA SCHIZOFRENICA\u201d<\/h1>\n<p><strong><a class=\"dt-pswp-item\" href=\"http:\/\/www.radiopiu.net\/wordpress\/wp-content\/uploads\/2018\/09\/1399-2018-Stati-generali-Prot.-Civ.-Verona-ass.-Bottacin.jpg\" data-dt-img-description=\"\" data-large_image_width=\"1600\" data-large_image_height=\"1200\"><img loading=\"lazy\" decoding=\"async\" class=\"size-medium wp-image-61555 alignleft\" src=\"http:\/\/www.radiopiu.net\/wordpress\/wp-content\/uploads\/2018\/09\/1399-2018-Stati-generali-Prot.-Civ.-Verona-ass.-Bottacin-300x225.jpg\" alt=\"\" width=\"300\" height=\"225\" srcset=\"https:\/\/www.radiopiu.net\/wordpress\/wp-content\/uploads\/2018\/09\/1399-2018-Stati-generali-Prot.-Civ.-Verona-ass.-Bottacin-300x225.jpg 300w, https:\/\/www.radiopiu.net\/wordpress\/wp-content\/uploads\/2018\/09\/1399-2018-Stati-generali-Prot.-Civ.-Verona-ass.-Bottacin-768x576.jpg 768w, https:\/\/www.radiopiu.net\/wordpress\/wp-content\/uploads\/2018\/09\/1399-2018-Stati-generali-Prot.-Civ.-Verona-ass.-Bottacin-1024x768.jpg 1024w, https:\/\/www.radiopiu.net\/wordpress\/wp-content\/uploads\/2018\/09\/1399-2018-Stati-generali-Prot.-Civ.-Verona-ass.-Bottacin.jpg 1600w\" sizes=\"auto, (max-width: 300px) 100vw, 300px\" \/><\/a>VENEZIA\u00a0<\/strong> Il 90% delle misure previste dal nostro Piano Aria &#8211; e recepite anche nell\u2019Accordo per il bacino padano siglato l\u2019anno scorso tra il Ministero dell\u2019ambiente e le Regioni Veneto, Lombardia, Piemonte ed Emilia Romagna \u2013 \u00e8 stato attivato ed \u00e8 partito\u201d. E\u2019 la replica dell\u2019assessore regionale all\u2019ambiente Gianpaolo Bottacin in merito alle dichiarazioni contenute in un documento congiunto, ripreso oggi dalla stampa, con cui i sindaci di Verona, Belluno, Padova e Rovigo sollecitano il Ministero e la Regione a fare la loro parte dell\u2019accordo, citando interventi come una campagna informativa, investimenti nel trasporto pubblico locale e la riduzione del bollo auto per i veicoli costretti a restare fermi per le ordinanze antismog che dovranno essere emanate dai comuni a partire dal prossimo 1 ottobre. Una presa di posizione pretestuosa \u2013 ha detto l\u2019assessore \u2013 e per di pi\u00f9 incredibilmente disinformata, per chi \u00e8 chiamato ad avere un ruolo di primaria responsabilit\u00e0 in materia. Non solo la Regione ha gi\u00e0 attivato le misure di sua competenza, ma i sindaci sanno o dovrebbero sapere che il bollo auto lo fissa lo Stato\u201d. L\u2019assessore ha ricordato poi che pende sull\u2019Italia una procedura di infrazione per i valori 2006 e 2007 di smog che vede nel bacino padano l\u2019area di maggior criticit\u00e0. Ma per quanto riguarda il Veneto, grazie alle misure messe in atto, il valore medio (quello che conta veramente anche dal punto di vista sanitario) dei livelli degli inquinanti, a partire dai pm10, negli ultimi dieci anni \u00e8 calato del 40%. \u201cCi\u00f2 non significa che possiamo abbassare la guardia \u2013 ha detto Bottacin \u2013 perch\u00e9 sforamenti se ne registrano ancora. Con il ministro Galletti abbiamo convenuto di procedere assieme e nel 2017 \u00e8 stato firmato l\u2019accordo per il bacino padano che prevede di uniformare le regole per la limitazione delle emissioni in atmosfera, facendo tesoro delle azioni previste dai Piani Aria gi\u00e0 adottati in quel momento dal Veneto e dalla Lombardia. L\u2019accordo viene poi declinato nei Comitati di Indirizzo e Sorveglianza che a livello regionale sovrintendono alla materia con la presenza, tra altro, proprio dei sindaci dei comuni capoluogo. Spetta infatti ai sindaci la potest\u00e0 di emanare ordinanze, non alle Regioni\u201d. \u201cL\u2019accordo che va a regime quest\u2019anno \u2013 ha spiegato Bottacin \u2013 prevede una serie di impegni per i soggetti sottoscrittori. E noi abbiamo investito e investiamo ancora in treni di nuova generazione, autobus a basso impatto ambientale, bike sharing, rottamazione di vecchi autoveicoli e vecchie stufe, campagna informativa e cartellonistica comunale. A breve vareremo incentivi per la rottamazione anche di veicoli commerciali. Complessivamente si pu\u00f2 stimare che abbiamo impegnato nei diversi settori risorse per circa 300 milioni in tre anni. Ma il bollo auto resta una competenza del governo\u201d. Con l\u2019accordo per il bacino padano il ministero si impegnava a cofinanziare le azioni delle Regioni in termini paritari, ma finora non \u00e8 arrivato nessun finanziamento. Il Veneto, sul fronte ambientale, si aspetta un importo per il 2017 di circa 2 milioni di euro, a cui andranno ad aggiungersi gli impegni di spesa avviati quest\u2019anno. \u201cAnche l&#8217;Europa per\u00f2 \u2013 ha concluso Bottacin \u2013 deve mettersi d\u2019accordo con s\u00e9 stessa. Da un lato ci deferisce per i pm10, per\u00f2 dall\u2019altro incentiva le biomasse legnose come fonte energetica rinnovabile. Ma Arpav, con le sue attente rilevazioni, ha messo in evidenza che la prima causa dell\u2019inquinamento dell\u2019aria sono i pm10 provocati dal riscaldamento domestico e, in particolare, dalla combustione delle biomasse legnose\u201d.<\/p>\n<p>&nbsp;<\/p>\n<p>&nbsp;<\/p>\n<h3 class=\"post-title entry-title\"><\/h3>\n<div class=\"post-header\">\n<h1 class=\"post-header-line-1\">I DIVIETI AMPLIATI, LA SORPRESA DI META&#8217; SETTEMBRE<\/h1>\n<div>di Emilio Bez Uiltec-Uil, RSU LUXOTTICA<\/div>\n<\/div>\n<div id=\"post-body-7108095250661753610\" class=\"post-body entry-content\">\n<div class=\"separator\"><a href=\"https:\/\/2.bp.blogspot.com\/-8YF3KhGjQXk\/W5_mm2EEivI\/AAAAAAAAAag\/LmTXD5XMnMwPXo9tXbMJveWOcwTdPtwLgCLcBGAs\/s1600\/flagman-190063_640.jpg\"><img loading=\"lazy\" decoding=\"async\" class=\"alignleft\" src=\"https:\/\/2.bp.blogspot.com\/-8YF3KhGjQXk\/W5_mm2EEivI\/AAAAAAAAAag\/LmTXD5XMnMwPXo9tXbMJveWOcwTdPtwLgCLcBGAs\/s320\/flagman-190063_640.jpg\" width=\"320\" height=\"219\" border=\"0\" data-original-height=\"438\" data-original-width=\"640\" \/><\/a><strong>AGORDO<\/strong> La notizia \u00e8 stata riportata dai media verso met\u00e0 della settimana scorsa, sono tuttavia in molti a non aver compreso una situazione che si presenta ancora piuttosto confusa. Si parla ovviamente delle annunciate limitazioni alla circolazione nel Comune di Belluno, conseguenza di una accordo ambientale regionale che coinvolge Veneto, Lombardia, Piemonte ed Emilia Romagna.\u00a0 Fino all&#8217;inverno scorso non vi erano di norma limitazioni al traffico, salvo eventuali situazioni di sforamento prolungato dei valori limite di inquinamento cittadino, statisticamente poco probabili a Belluno che ha una qualit\u00e0 media dell&#8217;aria ben migliore rispetto a molte metropoli di pianura. Erano invece gi\u00e0 in previsione per i prossimi sei mesi alcune limitazioni in base alla classe di emissioni dei veicoli ma \u00e8 appunto notizia dei giorni scorsi l&#8217;inattesa estensione dei divieti strutturali fino alla classe Euro 3 per i diesel e per i veicoli commerciali. Pu\u00f2 anche essere che le limitazioni originariamente pianificate fossero sfuggite ai meno attenti ma l&#8217;ampliamento improvviso delle categorie soggette allo stop forzato ha subito cominciato a far discutere, viste le migliaia\u00a0di veicoli coinvolti. Trovarsi con l&#8217;auto soggetta a forti limitazioni per 10 ore consecutive al giorno \u00e8 un disagio non indifferente, se poi lo si scopre con pochi giorni di preavviso la cosa pu\u00f2 diventare difficilmente gestibile, nonostante le deroghe annunciate per alcune situazioni.\u00a0 Non sono pochi i colleghi (anche dei vari stabilimenti di Sedico) che quotidianamente si recano al lavoro partendo da Belluno o che comunque arrivano in citt\u00e0 in auto, dalle frazioni esterne o dai paesi vicini, per poi salire verso Agordo con gli autobus. Queste persone si chiedono (e ci chiedono) in che misura cambieranno le cose dal primo di\u00a0ottobre per chi possiede un veicolo soggetto ai blocchi ma, per il momento, non \u00e8 possibile dare una risposta.\u00a0 Infatti l&#8217;ordinanza relativa alle nuove limitazioni del traffico non \u00e8 ancora disponibile, quindi non \u00e8 dato sapere innanzitutto l&#8217;estensione della zona off limits ovvero se interesser\u00e0 solo il centro storico oppure aree pi\u00f9 ampie fino a comprendere l&#8217;intero territorio comunale di Belluno.\u00a0 Nello scenario peggiore, un&#8217;altra questione non da poco riguarda le strade principali che devono restare percorribili per garantire delle vie di transito sul territorio comunale anche negli orari di blocco ed evitare di tagliare in due la provincia. Ci si chiede se verranno mantenuti liberamente raggiungibili anche i principali parcheggi di Belluno o se verr\u00e0 consentito solo il semplice attraversamento del territorio e nulla pi\u00f9. Ai nostri colleghi come al resto dei bellunesi occorrer\u00e0\u00a0attendere la pubblicazione dell&#8217;ordinanza per conoscerne i dettagli e capire quale impatto essa avr\u00e0 e su quante persone. Nell&#8217;attesa\u00a0si potrebbe\u00a0ragionare sul fatto che la tutela dell&#8217;ambiente \u00e8 interesse primario di tutti ma, proprio per questo motivo,\u00a0le azioni in tema vanno studiate per tempo e condivise con largo anticipo per produrre un risultato concreto senza creare una serie di problemi dei quali la gente farebbe volentieri a meno.<\/div>\n<\/div>\n<div><\/div>\n<div><\/div>\n<div><\/div>\n<div><\/div>\n<blockquote>\n<h1>IL TURISMO A DOLOMITI SHOW<\/h1>\n<div>Martedi alle 11 a Palazzo Piloni, sede dell&#8217;amministrazione provinciale sar\u00e0 presentato il convegno \u00abTurismo itinerante nelle Dolomiti Bellunesi: un giusto equilibrio tra natura, attivit\u00e0 fisica e conoscenza\u00bb. Il convegno, promosso dal Campeggio Club Belluno, rientra nel quadro di \u00abDolomiti Show, la fiera della montagna\u00bb che si terr\u00e0 nel Polo fieristico di Longarone il 6 ottobre.<\/div>\n<\/blockquote>\n<div><\/div>\n<div><\/div>\n<div><\/div>\n<div><\/div>\n<p>&nbsp;<\/p>\n<h1>AL GUSTO DELL&#8217;ALTRO CINQUE GIORNI TRA INTEGRAZIONE E CULTURA<\/h1>\n<p><strong><a class=\"dt-pswp-item\" href=\"http:\/\/www.radiopiu.net\/wordpress\/wp-content\/uploads\/2018\/09\/download-15.jpg\" data-dt-img-description=\"\" data-large_image_width=\"297\" data-large_image_height=\"170\"><img loading=\"lazy\" decoding=\"async\" class=\"size-full wp-image-62088 alignleft\" src=\"http:\/\/www.radiopiu.net\/wordpress\/wp-content\/uploads\/2018\/09\/download-15.jpg\" alt=\"\" width=\"297\" height=\"170\" \/><\/a>BELLUNO\u00a0<\/strong> Torna dal 29 settembre al 3 ottobre \u201cIl gusto dell&#8217;Altro\u201d, iniziativa giunta alla sua sesta edizione e promossa dall&#8217;assessorato alla cultura del Comune di Belluno che propone occasioni di approfondimento e di confronto sul tema dell&#8217;immigrazione. \u00abAbbiamo scelto questa collocazione temporale, diversa rispetto a quella tradizionale di maggio, &#8211; spiegano l&#8217;assessore alla cultura, Marco Perale, e l&#8217;assessore alle politiche dei flussi migratori, Valentina Tomasi \u2013 per celebrare in maniera significativa la terza Giornata della Memoria e dell&#8217;Accoglienza, istituita nel 2016 in ricordo di tutte le vittime dell\u2019immigrazione. Una data simbolica, che ricorda il 3 ottobre 2013, quando 368 persone tra bambini, donne e uomini persero la vita in un naufragio a largo di Lampedusa\u00bb. La rassegna, attraverso concerti, conferenze, filmati, momenti culturali,si propone principalmente di favorire l&#8217;integrazione fra immigrati e bellunesi, offrendo momenti di confronto e di festa. \u00abL&#8217;obbiettivo \u2013 spiega Perale \u2013 \u00e8 quello di approfondire la conoscenza e la scoperta dell'&#8221;Altro&#8221; attraverso occasioni di incontro che approfondiscano e confrontino i differenti modelli culturali, usi e costumi. Con la conoscenza si sconfigge la paura dello sconosciuto e del &#8220;diverso\u201d\u00bb. Il programma prende il via nella mattina di sabato 29 settembre, con lo Stand del Coordinamento Rete Immigrazione della provincia di Belluno, che in occasione della manifestazione Sport in Piazza sar\u00e0 ospitato nello spazio adiacente al Teatro comunale, dalle 9.00 alle 13.00 e dalle 15.00 alle 17,30. Alle 18.00, poi, a tutti sar\u00e0 offerto un delizioso rinfresco multietnico. Sempre alle 18.00, alla Libreria La Talpa, in collaborazione con Confezioni Dal Magro e Galleria Caffi, spazio alla letteratura con \u201cAltre letture, Altri linguaggi. Poesie e brani letterari estratti dal mondo\u201d. Letteratura protagonista anche in Libreria Tarantola dalle 18.30 con la presentazione del libro di Patrick Ball, \u201cGenerazione arcobaleno\u201d. La giornata si concluder\u00e0 alle 20.00 in Teatro Comunale, con la \u201cFesta dei popoli \u2013 Musiche e danze di varie etnie\u201d, a cura del Coordinamento Rete Immigrazione della provincia di Belluno e della Caritas Diocesana. Durante la serata verr\u00e0 anche presentato il Progetto Regionale MARI &#8211; Multicultural Action Regional Immigration. Domenica 30 settembre si riproporr\u00e0 lo Stand del Coordinamento Rete Immigrazione della provincia di Belluno, dalle 9.00 alle 13.00 e dalle 14.30 alle 18.00 Luned\u00ec 1 ottobre sar\u00e0 la Sala Bianchi ad ospitare alle 18.00 l&#8217;incontro con un richiedente asilo dal titolo \u201cTi accolgo, Ti ascolto &#8211; Riflessioni sull&#8217;integrazione\u201d, moderato dalla giornalista Cristina Da Rold. Marted\u00ec 2 ottobre nella Sala Affreschi di Palazzo Piloni, sempre con inizio alle 18.00, presentazione di \u201cMongolia: ospiti dei nomadi Tsaatan. Viaggio nella taiga occidentale tra gli ultimi pastori di renne\u201d, con testo e foto di Antonio Bridda e Donatella De Bastiani. Mercoled\u00ec 3 ottobre, infine, la Giornata della memoria e dell\u2019accoglienza sar\u00e0 interamente dedicata agli studenti di tutte le et\u00e0: alla Scuola dell\u2019infanzia di Mussoi ci sar\u00e0 \u201cMusica e colori\u201d, laboratorio di percussioni, danze e musiche a cura di \u201cDanza e Musica senza confini\u201d, mentre dalle 11.00 sar\u00e0 il teatro del Centro Giovanni XXIII ad ospitare \u201cContiamo, raccontiamo\u2026 Storie di vita\u201d, un incontro tra studenti richiedenti asilo e studenti bellunesi, a cura del Centro Provinciale per l&#8217;Istruzione degli Adulti di Belluno. \u00abCon queste iniziative, vogliamo far conoscere ai pi\u00f9 piccoli l&#8217;esistenza di un mondo culturale diverso attraverso linguaggi per loro pi\u00f9 immediati, come la musica e il ballo, &#8211; spiega Tomasi \u2013 mentre con i ragazzi pi\u00f9 grandi vogliamo aprire un ragionamento pi\u00f9 profondo sulla vita e sulla storia dei richiedenti asilo e dei titolari di protezione internazionale. Alcuni di loro, inoltre, sono inseriti nella rete SPRAR del comune di Belluno, attiva dal 2017, e sono anche loro studenti: seguono infatti corsi di lingua italiana che consentiranno loro di integrarsi nella nostra societ\u00e0. Da questo confronto \u201calla pari\u201d potranno nascere riflessioni e considerazioni che confidiamo portino alla costruzione di una societ\u00e0 pi\u00f9 accogliente ed inclusiva\u00bb.<\/p>\n<p>&nbsp;<\/p>\n<p>&nbsp;<\/p>\n<p>&nbsp;<\/p>\n<p>&nbsp;<\/p>\n<h1>ALLA SANDI E&#8217; TEMPO DI LEGGERE IL PENTAGRAMMA<\/h1>\n<p><a class=\"dt-pswp-item\" href=\"http:\/\/www.radiopiu.net\/wordpress\/wp-content\/uploads\/2018\/09\/IMG_20180927_120752.jpg\" data-dt-img-description=\"\" data-large_image_width=\"5081\" data-large_image_height=\"2895\"><img loading=\"lazy\" decoding=\"async\" class=\" wp-image-62079 alignleft\" src=\"http:\/\/www.radiopiu.net\/wordpress\/wp-content\/uploads\/2018\/09\/IMG_20180927_120752-300x171.jpg\" alt=\"\" width=\"325\" height=\"185\" srcset=\"https:\/\/www.radiopiu.net\/wordpress\/wp-content\/uploads\/2018\/09\/IMG_20180927_120752-300x171.jpg 300w, https:\/\/www.radiopiu.net\/wordpress\/wp-content\/uploads\/2018\/09\/IMG_20180927_120752-768x438.jpg 768w, https:\/\/www.radiopiu.net\/wordpress\/wp-content\/uploads\/2018\/09\/IMG_20180927_120752-1024x583.jpg 1024w\" sizes=\"auto, (max-width: 325px) 100vw, 325px\" \/><\/a><\/p>\n<p>&nbsp;<\/p>\n<p><strong>FELTRE<\/strong> Qualit\u00e0 e partecipazione. Sono questi i due pilastri alla base del bando per la gestione della scuola di musica \u201cSandi\u201d che l&#8217;amministrazione comunale di Feltre ha emanato qualche mese fa. Un impegno rappresentato anche dalle risorse che il Colle dleel Capre ha messo sul piatto per il prossimo quinquennio: dai precedenti 16 mila euro si \u00e8 infatti passati ad un contributo annuo di 25 mila euro. \u201cCrediamo nella musica di qualit\u00e0 come strumento di crescita culturale, soprattutto nei confronti delle giovani generazioni\u201d, sottolinea l&#8217;assessore Alessandro Del Bianco, che aggiunge: \u201cLa musica non pu\u00f2 e non deve essere un bene elitario; il contributo comunale ha proprio lo scopo di consentire l&#8217;accesso del maggior numero di famiglie possibile ai corso della scuola \u201cSandi\u201d. A gestirla, anche per i prossimi cinque anni, dopo essersi aggiudicata il bando, sar\u00e0 l&#8217;associazione \u201cFeltre Musica\u201d, ma con alcune importanti novit\u00e0, tra cui la principale \u00e8 rappresentata dalle nuove sinergie messe in campo. Ai nastri di partenza del nuovo anno accademico, l&#8217;associazione si presenta infatti con una partnership inedita e di particolare significato con il Centro di Musica \u201cUnisono\u201d, che consentir\u00e0 di ampliare ulteriormente, grazie soprattutto al suo background jazzistico, ma non solo, l&#8217;offerta formativa dei corsi proposti. Grande soddisfazione \u00e8 stata espressa quest&#8217;oggi, nel corso della conferenza stampa di presentazione della convenzione e del nuovo anno accademico.<\/p>\n<p><strong>AI MICROFONI DI RADIO PIU&#8217; IL DIRETTORE DELLA SCUOLA CLAUDIO CARETTA<\/strong><\/p>\n<audio class=\"wp-audio-shortcode\" id=\"audio-62077-8\" preload=\"none\" style=\"width: 100%;\" controls=\"controls\"><source type=\"audio\/mpeg\" src=\"http:\/\/www.radiopiu.net\/wordpress\/wp-content\/uploads\/2018\/09\/CARETTA.mp3?_=8\" \/><a href=\"http:\/\/www.radiopiu.net\/wordpress\/wp-content\/uploads\/2018\/09\/CARETTA.mp3\">http:\/\/www.radiopiu.net\/wordpress\/wp-content\/uploads\/2018\/09\/CARETTA.mp3<\/a><\/audio>\n<p><strong>NICOLO&#8217; FERRARI BRAVO DEL CENTRO MUSICA UNISONO<\/strong><\/p>\n<audio class=\"wp-audio-shortcode\" id=\"audio-62077-9\" preload=\"none\" style=\"width: 100%;\" controls=\"controls\"><source type=\"audio\/mpeg\" src=\"http:\/\/www.radiopiu.net\/wordpress\/wp-content\/uploads\/2018\/09\/FERRARI.mp3?_=9\" \/><a href=\"http:\/\/www.radiopiu.net\/wordpress\/wp-content\/uploads\/2018\/09\/FERRARI.mp3\">http:\/\/www.radiopiu.net\/wordpress\/wp-content\/uploads\/2018\/09\/FERRARI.mp3<\/a><\/audio>\n<h1><\/h1>\n<p>&nbsp;<\/p>\n<p>&nbsp;<\/p>\n<p>&nbsp;<\/p>\n<h1>DALLA ULSS1: AVVISO AGLI ASSISTITI DEI COMUNI DI LIVINALLONGO, SELVA DI CADORE, ALLEGHE, ROCCA PIETORE E COLLE SANTA LUCIA.<\/h1>\n<p align=\"JUSTIFY\"><span style=\"font-size: medium;\"><span style=\"font-family: Calibri, sans-serif;\"><strong><a class=\"dt-pswp-item\" href=\"http:\/\/www.radiopiu.net\/wordpress\/wp-content\/uploads\/2015\/12\/LIVINALLONGO.jpg\" data-dt-img-description=\"\" data-large_image_width=\"312\" data-large_image_height=\"161\"><img loading=\"lazy\" decoding=\"async\" class=\"size-medium wp-image-13636 alignleft\" src=\"http:\/\/www.radiopiu.net\/wordpress\/wp-content\/uploads\/2015\/12\/LIVINALLONGO-300x155.jpg\" alt=\"\" width=\"300\" height=\"155\" \/><\/a>BELLUNO<\/strong> L&#8217;Azienda ULSS n. 1 Dolomiti informa gli assistiti residenti nell&#8217;ambito territoriale dei Comuni di Livinallongo del Col di Lana, Selva di Cadore, Alleghe, Rocca Pietore e Colle Santa Lucia che il 30 settembre 2018 (ultimo giorno di servizio) la dr.ssa Lucia Pirolo cesser\u00e0 la propria attivit\u00e0 di medico di assistenza primaria con incarico provvisorio presso gli ambulatori di Selva di Cadore e Colle Santa Lucia per conferimento incarico, in qualit\u00e0 di titolare, presso l\u2019ambito territoriale dei Comuni di Belluno, Limana, Ponte nelle Alpi e Soverzene.\u00a0<\/span><\/span><span style=\"font-size: medium; font-family: Calibri, sans-serif;\">Nei giorni<\/span><span style=\"font-size: medium; font-family: Calibri, sans-serif;\"> 1, 2 e 3 ottobre p.v. <\/span><span style=\"font-size: medium; font-family: Calibri, sans-serif;\"> gli assistiti della dr.ssa Pirolo potranno rivolgersi ai medici della Medicina di Rete \u201cALTO AGORDINO-FODOM\u201d Claudio Allegro, Pietro Demattia e Agostino Mascanzoni che si sono resi disponibili presso i propri ambulatori, al fine di assicurare la consueta assistenza di base. Inoltre, verr\u00e0 garantita l\u2019apertura dell\u2019 ambulatorio di Selva di Cadore marted\u00ec 2 dalle 16,00 alle 18,00 e mercoled\u00ec 3 dalle 17,00 alle 18,00.\u00a0<\/span><span style=\"font-size: medium;\"><span style=\"font-family: Calibri, sans-serif;\">La continuit\u00e0 dell&#8217;assistenza di medicina generale verr\u00e0 poi garantita dal dott. Giuliano Federa dal 4 ottobre 2018, presso gli ambulatori di Selva di Cadore e di Colle Santa Lucia.\u00a0<\/span><\/span><span style=\"font-size: medium;\"><span style=\"font-family: Calibri, sans-serif;\">Non vi \u00e8 necessit\u00e0 per quanti erano assistiti dalla dott.ssa Pirolo di rivolgersi agli uffici distrettuali dell\u2019ULSS<\/span><\/span><\/p>\n<h1><\/h1>\n<p>&nbsp;<\/p>\n<p><a class=\"dt-pswp-item\" href=\"http:\/\/www.radiopiu.net\/wordpress\/wp-content\/uploads\/2018\/09\/appuntamenti.jpeg\" data-dt-img-description=\"\" data-large_image_width=\"800\" data-large_image_height=\"100\"><img loading=\"lazy\" decoding=\"async\" class=\"alignnone wp-image-61958 size-full\" src=\"http:\/\/www.radiopiu.net\/wordpress\/wp-content\/uploads\/2018\/09\/appuntamenti.jpeg\" alt=\"\" width=\"800\" height=\"100\" srcset=\"https:\/\/www.radiopiu.net\/wordpress\/wp-content\/uploads\/2018\/09\/appuntamenti.jpeg 800w, https:\/\/www.radiopiu.net\/wordpress\/wp-content\/uploads\/2018\/09\/appuntamenti-300x38.jpeg 300w, https:\/\/www.radiopiu.net\/wordpress\/wp-content\/uploads\/2018\/09\/appuntamenti-768x96.jpeg 768w\" sizes=\"auto, (max-width: 800px) 100vw, 800px\" \/><\/a><\/p>\n<p>&nbsp;<\/p>\n<h1>NEL RICORDO DI PAPA LUCIANI<\/h1>\n<p><strong><a class=\"dt-pswp-item\" href=\"http:\/\/www.radiopiu.net\/wordpress\/wp-content\/uploads\/2018\/08\/papa_luciani.jpg\" data-dt-img-description=\"\" data-large_image_width=\"560\" data-large_image_height=\"315\"><img loading=\"lazy\" decoding=\"async\" class=\"size-medium wp-image-58519 alignleft\" src=\"http:\/\/www.radiopiu.net\/wordpress\/wp-content\/uploads\/2018\/08\/papa_luciani-300x169.jpg\" alt=\"\" width=\"300\" height=\"169\" srcset=\"https:\/\/www.radiopiu.net\/wordpress\/wp-content\/uploads\/2018\/08\/papa_luciani-300x169.jpg 300w, https:\/\/www.radiopiu.net\/wordpress\/wp-content\/uploads\/2018\/08\/papa_luciani.jpg 560w\" sizes=\"auto, (max-width: 300px) 100vw, 300px\" \/><\/a>CANALE D&#8217;AGORDO<\/strong> Nel fine settimana a Canale d&#8217;Agordo altro evento importante nel 40esimo anniversario della morte di Papa Luciani. Oggi alle 17 presentazione del libro &#8220;Cronaca di una morte&#8221; nella chiesa arcipretale alla presenza dell&#8217;autrice Stefania Falasca, vice postulatrice della causa di canonizzazione di Giovanni Paolo I. Alle 18 la messa con i parroci e catechisti dell&#8217;Agordino.<\/p>\n<p>&nbsp;<\/p>\n<p>&nbsp;<\/p>\n<p>&nbsp;<\/p>\n<p>&nbsp;<\/p>\n<p>&nbsp;<\/p>\n<h2>L\u2019INATTIVITA\u2019 FISICA: LA MALATTIA DEL 21\u00b0 SECOLO<br \/>\nIncontro con il Prof. Conconi\u00a0 in sala Don Tamis<\/h2>\n<blockquote><p><em>L\u2019evento, OGGI\u00a0 dalle ore 18, presso la sala \u201cDon Tamis\u201d dell\u2019Unione Montana Agordina, \u00e8 aperto a tutti gli interessati ed \u00e8 gratuito.<\/em><\/p><\/blockquote>\n<p><strong><a class=\"dt-pswp-item\" href=\"http:\/\/www.radiopiu.net\/wordpress\/wp-content\/uploads\/2018\/09\/Conconi-foto1-1.jpg\" data-dt-img-description=\"\" data-large_image_width=\"2370\" data-large_image_height=\"1534\"><img loading=\"lazy\" decoding=\"async\" class=\"size-medium wp-image-62026 alignleft\" src=\"http:\/\/www.radiopiu.net\/wordpress\/wp-content\/uploads\/2018\/09\/Conconi-foto1-1-300x194.jpg\" alt=\"\" width=\"300\" height=\"194\" srcset=\"https:\/\/www.radiopiu.net\/wordpress\/wp-content\/uploads\/2018\/09\/Conconi-foto1-1-300x194.jpg 300w, https:\/\/www.radiopiu.net\/wordpress\/wp-content\/uploads\/2018\/09\/Conconi-foto1-1-768x497.jpg 768w, https:\/\/www.radiopiu.net\/wordpress\/wp-content\/uploads\/2018\/09\/Conconi-foto1-1-1024x663.jpg 1024w\" sizes=\"auto, (max-width: 300px) 100vw, 300px\" \/><\/a>AGORDO<\/strong> L\u20190rganizzazione Mondiale della Sanit\u00e0 (OMS) ha stimato che nel mondo un adulto su quattro non \u00e8 sufficientemente attivo e che l\u2019ottanta per cento degli adolescenti non raggiunge i livelli raccomandati di attivit\u00e0 fisica. Molti studi collegano alla mancanza di attivit\u00e0 fisica l\u2019insorgere di malattie come diabete, ictus, disturbi cardiocircolatori, depressione e cancro: secondo queste ricerche \u00e8 quindi fondamentale promuovere a tutti i livelli forme di attivit\u00e0 fisica, effettuata a ritmi e tempi adeguati. E questo non solo per un migliore benessere personale, ma anche per un vantaggio in termini economici complessivi: recentemente, infatti il Ministero della Salute ha affermato come \u201cun aumento dell\u2019attivit\u00e0 fisica determinerebbe un minor costo per il Servizio Sanitario Nazionale pari a oltre 2, 3 miliardi di euro in termini di prestazioni specialistiche e diagnostiche ambulatoriali, trattamenti ospedalieri e terapie farmacologiche\u201d Di queste importanti tematiche si parler\u00e0 ad Agordo in un incontro con un \u201cguru\u201d dell\u2019attivit\u00e0 fisica: Francesco Conconi, che animer\u00e0 l\u2019evento intitolato \u201cL\u2019inattivit\u00e0 fisica: la malattia del 21\u00b0 secolo\u201d\u00a0 Il prof Francesco Conconi \u2013 classe 1935 \u2013 \u00e8 un medico molto famoso in ambito sportivo, per le sue ricerche sugli aspetti biomedici dello sport: \u00e8 fondatore del Centro di ricerca biomedica applicata allo sport dell\u2019Universit\u00e0 di Ferrara. Ha avuto importanti collaborazioni con il Coni e ha partecipato a molte edizioni delle olimpiadi accompagnando atleti di diverse discipline sportive, e maturando esperienze specifiche in molti sport come Biathlon, Canoa, Ciclismo, Corsa , Sci, e Pallavolo Ha messo a punto un importante test sulle capacit\u00e0 aerobiche degli atleti, che porta il suo nome e viene utilizzato da preparatori atletici in tutto il mondo. Negli ultimi anni ha applicato le sue conoscenze anche alla popolazione dei non atleti, promuovendo l\u2019attivit\u00e0 fisica come strumento importantissimo per migliorare la qualit\u00e0 della vita a tutte le et\u00e0. Nel corso dell\u2019incontro, dopo la presentazione del dott. Cesare Dal Bo &#8211; direttore sanitario del Poliambulatorio Agordino &#8211; Conconi illustrer\u00e0 i suoi studi e porter\u00e0 i risultati di iniziative di promozione dell\u2019attivit\u00e0 fisica nella popolazione di diverse fasce d\u2019et\u00e0.\u00a0 L\u2019incontro con il Prof. Conconi \u00e8 organizzato dal Poliambulatorio Agordino e dal Centro Di Intrattenimento sportivo B-Fit di Agordo, e gode del patrocinio dell\u2019Unione Montana Agordina.<\/p>\n<audio class=\"wp-audio-shortcode\" id=\"audio-62077-10\" preload=\"none\" style=\"width: 100%;\" controls=\"controls\"><source type=\"audio\/mpeg\" src=\"http:\/\/www.radiopiu.net\/wordpress\/wp-content\/uploads\/2018\/09\/948.mp3?_=10\" \/><a href=\"http:\/\/www.radiopiu.net\/wordpress\/wp-content\/uploads\/2018\/09\/948.mp3\">http:\/\/www.radiopiu.net\/wordpress\/wp-content\/uploads\/2018\/09\/948.mp3<\/a><\/audio>\n<p>&nbsp;<\/p>\n<p>&nbsp;<\/p>\n<p>&nbsp;<\/p>\n<h1>OGGI ALLE 20.30 A BELLUNO<\/h1>\n<blockquote class=\"wp-embedded-content\" data-secret=\"p6TOb0VJhL\"><p><a href=\"http:\/\/www.radiopiu.net\/wordpress\/ermenbuc-il-libro-alla-gretti\/\">ERMENBUC IL LIBRO ALLA GRETTI<\/a><\/p><\/blockquote>\n<p><iframe loading=\"lazy\" class=\"wp-embedded-content\" sandbox=\"allow-scripts\" security=\"restricted\" style=\"position: absolute; clip: rect(1px, 1px, 1px, 1px);\" src=\"http:\/\/www.radiopiu.net\/wordpress\/ermenbuc-il-libro-alla-gretti\/embed\/#?secret=p6TOb0VJhL\" data-secret=\"p6TOb0VJhL\" width=\"600\" height=\"338\" title=\"&#8220;ERMENBUC IL LIBRO ALLA GRETTI&#8221; &#8212; Radio Pi\u00f9\" frameborder=\"0\" marginwidth=\"0\" marginheight=\"0\" scrolling=\"no\"><\/iframe><\/p>\n<p>&nbsp;<\/p>\n<p>&nbsp;<\/p>\n<p>&nbsp;<\/p>\n<h1>CINQUE PASSI NELL&#8217;ANIMA CON TEATRANDO<\/h1>\n<p><strong>SAN VITO DI CADORE<\/strong> Il gruppo amatoriale \u201cTeatrando\u201d di Cortina ripropone lo spettacolo \u201cCinque passi nell&#8217;anima\u201d, gi\u00e0 presentato con successo a San Vito di Cadore il 25 maggio scorso, secondo il seguente programma: 1\u00b0 atto (Scena nel camerino) di \u201cTrovarsi\u201d di Pirandello, 1932 (personaggi e interpreti: Donata Genzi: Sara; Marchesa Boveno: Oriana) al Monologo per due di \u201cAddio Cristoforo\u201d (\u201cAddio Cristina\u201d, 1987) di Gaber (Ingrid, Roberta); dall&#8217;atto unico \u201cL&#8217;orso\u201d di Cechov, 1888 (Elena Ivanovna Popova: Sabrina; Luka: Iside; Smirnov: Yolanda) al pezzo di chiusura, il 1\u00b0 atto &#8211; Scena I &#8211; monologo da \u201cIl misantropo\u201d di Moli\u00e8re, 1666 (Alceste: Elena; Edinte: Ingrid). Un \u201cviaggio che si pu\u00f2 comprendere solo dopo averlo vissuto, una sensazione di spensieratezza che ti accompagna durante il giorno, un sentimento che ti avvolge dolcemente, un&#8217;opportunit\u00e0 che ti \u00e8 stata donata inaspettatamente, un riconoscimento verso chi con coraggio ed umilt\u00e0 l&#8217;ha saputo accogliere\u201d, e si svolger\u00e0 venerd\u00ec 28 settembre 2018 alle ore 21.00, presso la Sala Comunale di San Vito di Cadore.<br \/>\nIngresso libero.<\/p>\n<p>&nbsp;<\/p>\n<p>&nbsp;<\/p>\n<p>&nbsp;<\/p>\n<blockquote class=\"wp-embedded-content\" data-secret=\"txAAEr3cJj\"><p><a href=\"http:\/\/www.radiopiu.net\/wordpress\/audio-se-demonteghea-2018\/\">AUDIO &#8211; SE DEMONTEGHEA 2018<\/a><\/p><\/blockquote>\n<p><iframe loading=\"lazy\" class=\"wp-embedded-content\" sandbox=\"allow-scripts\" security=\"restricted\" style=\"position: absolute; clip: rect(1px, 1px, 1px, 1px);\" src=\"http:\/\/www.radiopiu.net\/wordpress\/audio-se-demonteghea-2018\/embed\/#?secret=txAAEr3cJj\" data-secret=\"txAAEr3cJj\" width=\"600\" height=\"338\" title=\"&#8220;AUDIO &#8211; SE DEMONTEGHEA 2018&#8221; &#8212; Radio Pi\u00f9\" frameborder=\"0\" marginwidth=\"0\" marginheight=\"0\" scrolling=\"no\"><\/iframe><\/p>\n<p>&nbsp;<\/p>\n<p>&nbsp;<\/p>\n<p>&nbsp;<\/p>\n<p>&nbsp;<\/p>\n<h1>L&#8217;ULSS IN PIAZZA NEL SEGNO DELLO SPORT<\/h1>\n<p><strong><a class=\"dt-pswp-item\" href=\"http:\/\/www.radiopiu.net\/wordpress\/wp-content\/uploads\/2018\/09\/DSCN9917-e1538058854530.jpg\" data-dt-img-description=\"\" data-large_image_width=\"2448\" data-large_image_height=\"3264\"><img loading=\"lazy\" decoding=\"async\" class=\" wp-image-62092 alignleft\" src=\"http:\/\/www.radiopiu.net\/wordpress\/wp-content\/uploads\/2018\/09\/DSCN9917-e1538058854530-225x300.jpg\" alt=\"\" width=\"164\" height=\"219\" srcset=\"https:\/\/www.radiopiu.net\/wordpress\/wp-content\/uploads\/2018\/09\/DSCN9917-e1538058854530-225x300.jpg 225w, https:\/\/www.radiopiu.net\/wordpress\/wp-content\/uploads\/2018\/09\/DSCN9917-e1538058854530-768x1024.jpg 768w\" sizes=\"auto, (max-width: 164px) 100vw, 164px\" \/><\/a>BELLUNO.<\/strong> A Belluno \u00e8 tempo di rimettersi in attivit\u00e0: Sport in piazza! Sabato 29 settembre e domenica 30 settembre viene riproposto il week-end incentrato sulla promozione dell&#8217;attivit\u00e0 motoria che per due giorni trasformer\u00e0 il centro di Belluno in un \u201ccampo di prova\u201d di tante attivit\u00e0 volte a promuovere il movimento di grandi e piccini.Anche quest&#8217;anno l\u2019Unit\u00e0 Operativa di Attivit\u00e0 Motoria e Promozione della Salute dell&#8217;ULSS1 Dolomiti presentano degli esercizi e giochi, riguardanti l&#8217;alimentazione e il movimento, rivolti alle famiglie, bambini e studenti della Provincia di Belluno. Sar\u00e0 presente per la prima volta il Centro Affidi dell&#8217;ULSS1 Dolomiti che coglier\u00e0 l&#8217;occasione per sensibilizzare le famiglie sul percorso d&#8217;affido. Potete trovare lo stand dell&#8217;ULSS1 Dolomiti in Piazza Duomo all&#8217;uscita dalle scale mobili di Lambioi.<\/p>\n<p>&nbsp;<\/p>\n<p>&nbsp;<\/p>\n<p>&nbsp;<\/p>\n<h1><\/h1>\n<h1><\/h1>\n<h1><\/h1>\n<p>&nbsp;<\/p>\n<p>&nbsp;<\/p>\n<h1><a class=\"dt-pswp-item\" href=\"http:\/\/www.radiopiu.net\/wordpress\/wp-content\/uploads\/2018\/09\/sport.jpg\" data-dt-img-description=\"\" data-large_image_width=\"800\" data-large_image_height=\"100\"><img loading=\"lazy\" decoding=\"async\" class=\"alignnone wp-image-60761 size-full\" src=\"http:\/\/www.radiopiu.net\/wordpress\/wp-content\/uploads\/2018\/09\/sport.jpg\" alt=\"\" width=\"800\" height=\"100\" srcset=\"https:\/\/www.radiopiu.net\/wordpress\/wp-content\/uploads\/2018\/09\/sport.jpg 800w, https:\/\/www.radiopiu.net\/wordpress\/wp-content\/uploads\/2018\/09\/sport-300x38.jpg 300w, https:\/\/www.radiopiu.net\/wordpress\/wp-content\/uploads\/2018\/09\/sport-768x96.jpg 768w\" sizes=\"auto, (max-width: 800px) 100vw, 800px\" \/><\/a><\/h1>\n<h1><\/h1>\n<h1>4 CALCI AD UN PALLONE&#8230; NEL RICORDO DI MANUEL<\/h1>\n<p><span class=\"gmail-s1\"><a class=\"dt-pswp-item\" href=\"http:\/\/www.radiopiu.net\/wordpress\/wp-content\/uploads\/2018\/09\/WhatsApp-Image-2018-09-25-at-10.39.07.jpeg\" data-dt-img-description=\"\" data-large_image_width=\"715\" data-large_image_height=\"1000\"><img loading=\"lazy\" decoding=\"async\" class=\" wp-image-62083 alignleft\" src=\"http:\/\/www.radiopiu.net\/wordpress\/wp-content\/uploads\/2018\/09\/WhatsApp-Image-2018-09-25-at-10.39.07-215x300.jpeg\" alt=\"\" width=\"243\" height=\"339\" srcset=\"https:\/\/www.radiopiu.net\/wordpress\/wp-content\/uploads\/2018\/09\/WhatsApp-Image-2018-09-25-at-10.39.07-215x300.jpeg 215w, https:\/\/www.radiopiu.net\/wordpress\/wp-content\/uploads\/2018\/09\/WhatsApp-Image-2018-09-25-at-10.39.07.jpeg 715w\" sizes=\"auto, (max-width: 243px) 100vw, 243px\" \/><\/a><\/span><\/p>\n<p>&nbsp;<\/p>\n<p>&nbsp;<\/p>\n<p><span class=\"gmail-s1\">Appuntamento da non perdere questo fine settimana San Tomaso. Nuove Leve MC, in collaborazione con San Tommaso 1082 e gli amici di Manuel, organizzano \u201cIn campo sulle ali di un angelo\u201d,<span class=\"gmail-Apple-converted-space\">\u00a0 <\/span>torneo di calcio a 5. Secondo Memorial Manuel Costa, per il torneo maschile, secondo Memorial Sebastiano Vattai per il femminile. Si parte questa sera con la prima giornata di qualificazione del Memorial Manuel Costa. Quattro le partite programma dalle 18.00 alle 21.00. Si continua domani con la qualificazione alla fase finale del torneo. Si gioca dal primo pomeriggio a sera. Alle 14.00 la prima partita e ultimo match alle 21.00. Domenica la fase conclusiva, dalle ore 9:00 i quarti di finale, alle 11 inizia il Memorial Sebastiano Vattai dedicato alle donne con un girone all\u2019italiana dove le prime due si giocheranno il titolo alle 17.00. Il Memorial Manuel Costa invece vede le semifinali in programma alle ore 15:00 e alle ore 18:00 la finalissima. A seguire le premiazioni all\u2019Arena 1082 di San Tomaso.<\/span><\/p>\n<p>&nbsp;<\/p>\n<p>&nbsp;<\/p>\n<p>&nbsp;<\/p>\n<h1>TRAIL DEL NEVEGAL, IL VIA DOMENICA<\/h1>\n<p><strong><a class=\"dt-pswp-item\" href=\"http:\/\/www.radiopiu.net\/wordpress\/wp-content\/uploads\/2018\/09\/20180926_MLp_2018-09-26-19.58.42.jpg\" data-dt-img-description=\"\" data-large_image_width=\"2000\" data-large_image_height=\"1337\"><img loading=\"lazy\" decoding=\"async\" class=\"size-medium wp-image-62121 alignleft\" src=\"http:\/\/www.radiopiu.net\/wordpress\/wp-content\/uploads\/2018\/09\/20180926_MLp_2018-09-26-19.58.42-300x201.jpg\" alt=\"\" width=\"300\" height=\"201\" srcset=\"https:\/\/www.radiopiu.net\/wordpress\/wp-content\/uploads\/2018\/09\/20180926_MLp_2018-09-26-19.58.42-300x201.jpg 300w, https:\/\/www.radiopiu.net\/wordpress\/wp-content\/uploads\/2018\/09\/20180926_MLp_2018-09-26-19.58.42-768x513.jpg 768w, https:\/\/www.radiopiu.net\/wordpress\/wp-content\/uploads\/2018\/09\/20180926_MLp_2018-09-26-19.58.42-1024x685.jpg 1024w, https:\/\/www.radiopiu.net\/wordpress\/wp-content\/uploads\/2018\/09\/20180926_MLp_2018-09-26-19.58.42.jpg 2000w\" sizes=\"auto, (max-width: 300px) 100vw, 300px\" \/><\/a>BELLUNO-<\/strong>\u00a0Il \u201cRe Strava\u201d Gianpietro Barattin non perdona neanche nel 2018 e nonostante non sia riuscito a migliorare il proprio personale, ha comunque messo in riga tutti gli atleti che in questi 9 mesi hanno provato a batterlo lungo la salita del Vallavia in Nevegal, nel segmento creato da Nevegallika nel social sportivo\u00a0Strava.com. Una sfida nata dalla passione per le salite (quelle toste!) e dove i pi\u00f9 forti atleti di corsa in montagna si sono dati battaglia a suon di metri di dislivello, tempi e tanta fatica. L\u2019obiettivo? Salire nel minor tempo possibile per entrare nelle rispettive classifiche \u201cTop Five\u201d maschile e femminile, aggiudicandosi il pettorale gratuito per partecipare domenica 30 settembre alla quarta edizione del Trail del Nevegal.<br \/>\n25 minuti e 10 secondi il tempo del trail runner bellunese Gianpietro Barattin che anche per quest\u2019anno \u00e8 salito sul trono del segmento Strava TDNATUTTA. Alle sue spalle i top five maschili 2018 Manuel De Zan (27:12), Alessio Fontana (27:20), Fiorello Pianon (27:27), Luca Vignazia (27:58) e Daniel De Battista (28:06). Per quanto riguarda la classifica delle migliori cinque donne, la corona viene indossata da Angela De Poi che ha concluso il segmento Strava con il tempo di 32 minuti e 20 secondi. Al seguito Eleonora Candeago (37:28), Enrica Bogo (37:39), Anna Ferrazza (38:04) ed Anna Dal Farra (38:54). Le premiazioni dei migliori cinque atleti assoluti e delle cinque atlete del segmento Strava TDNatutta si sono svolte mercoledi 26 settembre sera presso il bar da Elda a Visome, alla presenza dell&#8217;organizzatore Gianpaolo Garaboni supportati dagli assessori del Comune di Belluno Marco Bogo e Biagio Giannone. Tanta soddisfazione per i forti atleti premiati, ma anche per la macchina organizzativa del Trail del Nevegal, dove la gara regina prender\u00e0 il via dal piazzale domenica mattina: \u201cAbbiamo lavorato per dare al Nevegal una gara che nel tempo sta divenendo sempre pi\u00f9 importante, come lo \u00e8 il Colle per tutti noi bellunesi\u201d, commenta Gianpaolo Garaboni anima dell\u2019associazione Nevegallika. \u201cDopo le vicende che hanno visto il Nevegal al centro dell\u2019attenzione, seppur negative, noi crediamo in questa splendida palestra naturale fruibile 12 mesi l\u2019anno ed anche per questo vogliamo crescere sempre pi\u00f9 con la gara regina del Trail!&#8221; Per chi invece non se la sente di partecipare alla gara lunga, il Trail del Nevegal prevede anche un percorso corto. Il tracciato ripercorre le salite della gara regina, fino al raggiungimento della Malga Faverghera, per poi riprendere il sentiero verso la Casera e gi\u00f9 fino al traguardo. ISCRIZIONI- Le iscrizioni sono aperte online al Link\u00a0http:\/\/traildelnevegal.it\/iscrizioni\/con diverse tipologie di agevolazione.<br \/>\nInfo alla pagina Facebook\u00a0https:\/\/www.facebook.com\/TrailDelNevegal\/e al sito internet\u00a0http:\/\/traildelnevegal.it\/.<\/p>\n<h1><\/h1>\n<h1><\/h1>\n<h1><\/h1>\n<p>&nbsp;<\/p>\n<h1><a class=\"dt-pswp-item\" href=\"http:\/\/www.radiopiu.net\/wordpress\/wp-content\/uploads\/2018\/09\/WhatsApp-Image-2018-09-20-at-16.04.06.jpeg\" data-dt-img-description=\"\" data-large_image_width=\"800\" data-large_image_height=\"100\"><img loading=\"lazy\" decoding=\"async\" class=\"alignnone wp-image-61378 size-full\" src=\"http:\/\/www.radiopiu.net\/wordpress\/wp-content\/uploads\/2018\/09\/WhatsApp-Image-2018-09-20-at-16.04.06.jpeg\" alt=\"\" width=\"800\" height=\"100\" srcset=\"https:\/\/www.radiopiu.net\/wordpress\/wp-content\/uploads\/2018\/09\/WhatsApp-Image-2018-09-20-at-16.04.06.jpeg 800w, https:\/\/www.radiopiu.net\/wordpress\/wp-content\/uploads\/2018\/09\/WhatsApp-Image-2018-09-20-at-16.04.06-300x38.jpeg 300w, https:\/\/www.radiopiu.net\/wordpress\/wp-content\/uploads\/2018\/09\/WhatsApp-Image-2018-09-20-at-16.04.06-768x96.jpeg 768w\" sizes=\"auto, (max-width: 800px) 100vw, 800px\" \/><\/a><\/h1>\n<h1><\/h1>\n<h1>PREVISIONI DEL TEMPO DA OGGI A LUNEDI<\/h1>\n<p><b>Venerdi 28<\/b> <b>Tempo atteso: <\/b>Tempo ben soleggiato con cielo sereno, aria tersa ed ottima visibilit\u00e0. Clima diurno eccezionalmente mite in giornata con forte escursione termica diurna nelle valli pi\u00f9 assolate.<br \/>\n<b>Precipitazioni: <\/b>Assenti (0%).<br \/>\n<b>Temperature: <\/b>Minime in ulteriore lieve rialzo con inversione termica notturna nelle valli ed assenza di brinate o gelate notturne ad eccezione dei soliti posti pi\u00f9 freddi degli altopiani prealpini (doline). Le massime saranno perlopi\u00f9 stazionarie con punte di 22\/23\u00b0C nelle conche prealpine ed i 20\/21\u00b0C a 1000\/1200 m. Su Prealpi a 1500 m min 11\u00b0C max 17\u00b0C, a 2000 m min 10\u00b0C max 14\u00b0C, su Dolomiti a 2000 m 9\u00b0C max 15\u00b0C, a 3000 m min 5\u00b0C max 7\u00b0C.<br \/>\n<b>Venti: <\/b>Nelle valli da deboli a moderati a regime di brezza; in quota venti deboli da Nord-Ovest, a 5-10 km\/h sia a 2000 che a 3000 m.<\/p>\n<hr \/>\n<p><b>Sabato 29<\/b> <b>Tempo atteso: <\/b>Tempo in prevalenza soleggiato con temporaneo passaggio di nubi medie stratiformi al primo mattino e qualche velatura a fine giornata. Clima assai pi\u00f9 fresco al pomeriggio, anche un po&#8217; ventoso in alta quota tra il tardo pomeriggio e la sera.<br \/>\n<b>Precipitazioni: <\/b>Assenti (0%).<br \/>\n<b>Temperature: <\/b>In generale e graduale diminuzione con il passare delle ore, con minime osservate alla sera. Probabile residua inversione termica nelle valli al primo mattino. Le massime toccheranno i 20\/21\u00b0C nelle conche prealpine e i 16\/17\u00b0C a 1000\/1200 m. Su Prealpi a 1500 m min 7\u00b0C max 11\u00b0C, a 2000 m min 5\u00b0C max 8\u00b0C, su Dolomiti a 2000 m min 4\u00b0C max 7\u00b0C, a 3000 m min -1\u00b0C max 0\u00b0C.<br \/>\n<b>Venti: <\/b>Deboli\/moderati per brezze, con qualche rinforzo per eventuale Foehn nel pomeriggio\/sera; moderati da Nord al mattino e tesi oltre i 2400\/2600 m di quota al pomeriggio, a 5-20 km\/h a 2000 m e 15-35 km\/h a 3000 m.<\/p>\n<hr \/>\n<p><b>Domenica 30<\/b>Tempo ben soleggiato con cielo sereno, aria tersa ed ottima visibilit\u00e0. Temperature minime in calo e massime in ripresa e di nuovo superiori alla media del periodo. Venti deboli\/moderati da Nord in quota e brezze nelle valli.<\/p>\n<hr \/>\n<p><b>Lunedi 1<\/b>Tempo soleggiato al mattino, dalle ore centrali in poi aumento della nuvolosit\u00e0 alta e medio-alta fino a cielo molto nuvoloso\/coperto. Alla sera probabili deboli precipitazioni sparse, nevose oltre i 1900\/2100 m, localmente a quote pi\u00f9 basse sulle Dolomiti pi\u00f9 settentrionali. Temperature minime in calo in quota e in aumento nelle valli, massime in generale diminuzione. In quota venti moderati da Nord-Ovest al mattino e da Ovest al pomeriggio; deboli di direzione variabile nelle valli. Previsore: R.L.Th.<\/p>\n<p>&nbsp;<\/p>\n","protected":false},"excerpt":{"rendered":"<p>&nbsp; &nbsp; &nbsp; &nbsp; &nbsp; L&#8217;ALTRA SERA IN CANSIGLIO FREGONA Mercoledi sera attorno alle 20 \u00e8 scattato l&#8217;allarme per una persona non rientrata dal Pizzoc. A dare l&#8217;allarme al 118 il marito di una donna di Ormelle (TV). La coppia era arrivata sulla strada del Taffarel, poi lei, G.M., 70 anni, si era inoltrata nel&hellip;<\/p>\n","protected":false},"author":1,"featured_media":62083,"comment_status":"closed","ping_status":"closed","sticky":false,"template":"","format":"standard","meta":{"_monsterinsights_skip_tracking":false,"_monsterinsights_sitenote_active":false,"_monsterinsights_sitenote_note":"","_monsterinsights_sitenote_category":0,"footnotes":""},"categories":[86],"tags":[],"class_list":["post-62077","post","type-post","status-publish","format-standard","has-post-thumbnail","hentry","category-gr","category-86","description-off"],"img_url":"https:\/\/www.radiopiu.net\/wordpress\/wp-content\/uploads\/2018\/09\/WhatsApp-Image-2018-09-25-at-10.39.07.jpeg","_links":{"self":[{"href":"https:\/\/www.radiopiu.net\/wordpress\/wp-json\/wp\/v2\/posts\/62077","targetHints":{"allow":["GET"]}}],"collection":[{"href":"https:\/\/www.radiopiu.net\/wordpress\/wp-json\/wp\/v2\/posts"}],"about":[{"href":"https:\/\/www.radiopiu.net\/wordpress\/wp-json\/wp\/v2\/types\/post"}],"author":[{"embeddable":true,"href":"https:\/\/www.radiopiu.net\/wordpress\/wp-json\/wp\/v2\/users\/1"}],"replies":[{"embeddable":true,"href":"https:\/\/www.radiopiu.net\/wordpress\/wp-json\/wp\/v2\/comments?post=62077"}],"version-history":[{"count":0,"href":"https:\/\/www.radiopiu.net\/wordpress\/wp-json\/wp\/v2\/posts\/62077\/revisions"}],"wp:featuredmedia":[{"embeddable":true,"href":"https:\/\/www.radiopiu.net\/wordpress\/wp-json\/wp\/v2\/media\/62083"}],"wp:attachment":[{"href":"https:\/\/www.radiopiu.net\/wordpress\/wp-json\/wp\/v2\/media?parent=62077"}],"wp:term":[{"taxonomy":"category","embeddable":true,"href":"https:\/\/www.radiopiu.net\/wordpress\/wp-json\/wp\/v2\/categories?post=62077"},{"taxonomy":"post_tag","embeddable":true,"href":"https:\/\/www.radiopiu.net\/wordpress\/wp-json\/wp\/v2\/tags?post=62077"}],"curies":[{"name":"wp","href":"https:\/\/api.w.org\/{rel}","templated":true}]}}