{"id":62549,"date":"2018-10-03T05:49:31","date_gmt":"2018-10-03T03:49:31","guid":{"rendered":"http:\/\/www.radiopiu.net\/wordpress\/?p=62549"},"modified":"2018-10-03T13:09:50","modified_gmt":"2018-10-03T11:09:50","slug":"giornale-radiopiu-03-ottobre-2018-direttore-mirko-mezzacasa","status":"publish","type":"post","link":"https:\/\/www.radiopiu.net\/wordpress\/giornale-radiopiu-03-ottobre-2018-direttore-mirko-mezzacasa\/","title":{"rendered":"GIORNALE RADIOPIU 03 OTTOBRE 2018 DIRETTORE MIRKO MEZZACASA"},"content":{"rendered":"<h1><a class=\"dt-pswp-item\" href=\"http:\/\/www.radiopiu.net\/wordpress\/wp-content\/uploads\/2018\/09\/viabilita.jpeg\" data-dt-img-description=\"\" data-large_image_width=\"800\" data-large_image_height=\"100\"><img loading=\"lazy\" decoding=\"async\" class=\"alignnone size-medium wp-image-61954\" src=\"http:\/\/www.radiopiu.net\/wordpress\/wp-content\/uploads\/2018\/09\/viabilita-300x38.jpeg\" alt=\"\" width=\"300\" height=\"38\" srcset=\"https:\/\/www.radiopiu.net\/wordpress\/wp-content\/uploads\/2018\/09\/viabilita-300x38.jpeg 300w, https:\/\/www.radiopiu.net\/wordpress\/wp-content\/uploads\/2018\/09\/viabilita-768x96.jpeg 768w, https:\/\/www.radiopiu.net\/wordpress\/wp-content\/uploads\/2018\/09\/viabilita.jpeg 800w\" sizes=\"auto, (max-width: 300px) 100vw, 300px\" \/><\/a>VIABILITA&#8217;<br \/>\nPASSO GIAU: CHIUSURE<\/h1>\n<audio class=\"wp-audio-shortcode\" id=\"audio-62549-1\" preload=\"none\" style=\"width: 100%;\" controls=\"controls\"><source type=\"audio\/mpeg\" src=\"http:\/\/www.radiopiu.net\/wordpress\/wp-content\/uploads\/2018\/10\/gr-03-veneto-strade.mp3?_=1\" \/><a href=\"http:\/\/www.radiopiu.net\/wordpress\/wp-content\/uploads\/2018\/10\/gr-03-veneto-strade.mp3\">http:\/\/www.radiopiu.net\/wordpress\/wp-content\/uploads\/2018\/10\/gr-03-veneto-strade.mp3<\/a><\/audio>\n<p>&nbsp;<\/p>\n<p>&nbsp;<\/p>\n<h1><strong>OPERAZIONE ULTIMO TRENO<\/strong><\/h1>\n<p><strong>BELLUNO<\/strong> I\u00a0Carabinieri del Comando di Belluno\u00a0 hanno portato a termine, con una serie di perquisizioni, l\u2019indagine \u201cUltimo treno\u201d. L\u2019attivit\u00e0 investigativa condotta dagli uomini del Nucleo Operativo e Radiomobile della Compagnia tesa a contrastare l\u2019uso di stupefacenti in citt\u00e0,\u00a0 ha avuto inizio lo scorso maggio a seguito del rinvenimento nel parco cittadino (Lambioi), di un cospicuo quantitativo di sostanza stupefacente, tipo \u201chashish\u201d. Muovono da qui le indagini, coordinate dalla Procura della Repubblica\u00a0 di Belluno, svolte sia \u201csul campo\u201d, con servizi di controllo e pedinamento e mediante intercettazioni telefoniche, che hanno portato all\u2019individuazione di un \u201cgiro\u201d di compravendita di sostanze stupefacenti in tutta la provincia fino a Padova dove gli indagati si rifornivano delle sostanze stupefacenti da rivendere. Sono 12 le perquisizioni eseguite dai 45 militari del Comando Provinciale Carabinieri di Belluno impegnanti nella fase esecutiva in tutta la provincia e coadiuvati dai colleghi di Venezia e di Palermo.\u00a0Nel corso delle stesse, oltre ad essere sequestrati interessanti quantitativi di hashish e marijuana e diversi spinelli gi\u00e0 pronti per essere consumati, anche bilancini di precisione, grinder e materiale per il confezionamento della stesso. Sequestrati computer, tablet, una trentina di cellulari adoperati per i \u201ccontatti\u201d, di cui la provenienza e ora al vaglio degli inquirenti, innumerevoli schede SIM che venivano scambiate fra i diversi acquirenti. Nell\u2019occasione\u00a0 ritrovato il PC di tipo \u201cdesktop\u201d, asportato dalla biblioteca comunale di Agordo, ed un ingente quantitativo di occhiali delle pi\u00f9 prestigiose marche, sicuramente provento di attivit\u00e0 illecite. L\u2019attivit\u00e0 ha portato\u00a0 al deferimento di 3 persone per spaccio di sostanze stupefacenti e ricettazione di merce rubata, nonch\u00e9 alla segnalazione di 15 persone, quali assuntori di sostanze stupefacenti, alla locale Prefettura. L\u2019esito dell\u2019operazione sottolinea ancora una volta l\u2019attenzione che pone l\u2019Arma dei Carabinieri nel contrasto al narcotraffico, specialmente quando questo coinvolge i giovanissimi, vittime sempre pi\u00f9 deboli di fronte alle dipendenze di alcool e droga.<\/p>\n<p>GALLERIA FOTO CLICCA PER INGRANDIRE<\/p>\n\n\t\t\t<style type='text\/css'>\n\t\t\t\t#gallery-1 {\n\t\t\t\t\tmargin: auto;\n\t\t\t\t}\n\t\t\t\t#gallery-1 .gallery-item {\n\t\t\t\t\tfloat: left;\n\t\t\t\t\tmargin-top: 10px;\n\t\t\t\t\ttext-align: center;\n\t\t\t\t\twidth: 33%;\n\t\t\t\t}\n\t\t\t\t#gallery-1 img {\n\t\t\t\t\tborder: 2px solid #cfcfcf;\n\t\t\t\t}\n\t\t\t\t#gallery-1 .gallery-caption {\n\t\t\t\t\tmargin-left: 0;\n\t\t\t\t}\n\t\t\t\t\/* see gallery_shortcode() in wp-includes\/media.php *\/\n\t\t\t<\/style>\n\t\t<div id='gallery-1' class='dt-gallery-container gallery galleryid-62549 gallery-columns-3 gallery-size-thumbnail'><dl class='gallery-item'>\n\t\t\t\t<dt class='gallery-icon portrait'>\n\t\t\t\t\t<a class=\"rollover\" href='https:\/\/www.radiopiu.net\/wordpress\/carabinieri-sequestro-di-stupefacenti-e-refurtiva\/whatsapp-image-2018-10-02-at-10-50-06\/'><img loading=\"lazy\" decoding=\"async\" width=\"150\" height=\"150\" src=\"https:\/\/www.radiopiu.net\/wordpress\/wp-content\/uploads\/2018\/10\/WhatsApp-Image-2018-10-02-at-10.50.06-150x150.jpeg\" class=\"attachment-thumbnail size-thumbnail\" alt=\"\" \/><\/a>\n\t\t\t\t<\/dt><\/dl><dl class='gallery-item'>\n\t\t\t\t<dt class='gallery-icon landscape'>\n\t\t\t\t\t<a class=\"rollover\" href='https:\/\/www.radiopiu.net\/wordpress\/carabinieri-sequestro-di-stupefacenti-e-refurtiva\/whatsapp-image-2018-10-02-at-10-50-06-1\/'><img loading=\"lazy\" decoding=\"async\" width=\"150\" height=\"150\" src=\"https:\/\/www.radiopiu.net\/wordpress\/wp-content\/uploads\/2018\/10\/WhatsApp-Image-2018-10-02-at-10.50.06-1-150x150.jpeg\" class=\"attachment-thumbnail size-thumbnail\" alt=\"\" \/><\/a>\n\t\t\t\t<\/dt><\/dl><dl class='gallery-item'>\n\t\t\t\t<dt class='gallery-icon landscape'>\n\t\t\t\t\t<a class=\"rollover\" href='https:\/\/www.radiopiu.net\/wordpress\/carabinieri-sequestro-di-stupefacenti-e-refurtiva\/whatsapp-image-2018-10-02-at-10-50-06-2\/'><img loading=\"lazy\" decoding=\"async\" width=\"150\" height=\"150\" src=\"https:\/\/www.radiopiu.net\/wordpress\/wp-content\/uploads\/2018\/10\/WhatsApp-Image-2018-10-02-at-10.50.06-2-150x150.jpeg\" class=\"attachment-thumbnail size-thumbnail\" alt=\"\" \/><\/a>\n\t\t\t\t<\/dt><\/dl><br style=\"clear: both\" \/><dl class='gallery-item'>\n\t\t\t\t<dt class='gallery-icon landscape'>\n\t\t\t\t\t<a class=\"rollover\" href='https:\/\/www.radiopiu.net\/wordpress\/carabinieri-sequestro-di-stupefacenti-e-refurtiva\/whatsapp-image-2018-10-02-at-10-50-07\/'><img loading=\"lazy\" decoding=\"async\" width=\"150\" height=\"150\" src=\"https:\/\/www.radiopiu.net\/wordpress\/wp-content\/uploads\/2018\/10\/WhatsApp-Image-2018-10-02-at-10.50.07-150x150.jpeg\" class=\"attachment-thumbnail size-thumbnail\" alt=\"\" \/><\/a>\n\t\t\t\t<\/dt><\/dl><dl class='gallery-item'>\n\t\t\t\t<dt class='gallery-icon landscape'>\n\t\t\t\t\t<a class=\"rollover\" href='https:\/\/www.radiopiu.net\/wordpress\/carabinieri-sequestro-di-stupefacenti-e-refurtiva\/whatsapp-image-2018-10-02-at-10-50-07-1\/'><img loading=\"lazy\" decoding=\"async\" width=\"150\" height=\"150\" src=\"https:\/\/www.radiopiu.net\/wordpress\/wp-content\/uploads\/2018\/10\/WhatsApp-Image-2018-10-02-at-10.50.07-1-150x150.jpeg\" class=\"attachment-thumbnail size-thumbnail\" alt=\"\" \/><\/a>\n\t\t\t\t<\/dt><\/dl><dl class='gallery-item'>\n\t\t\t\t<dt class='gallery-icon landscape'>\n\t\t\t\t\t<a class=\"rollover\" href='https:\/\/www.radiopiu.net\/wordpress\/carabinieri-sequestro-di-stupefacenti-e-refurtiva\/whatsapp-image-2018-10-02-at-10-50-08\/'><img loading=\"lazy\" decoding=\"async\" width=\"150\" height=\"150\" src=\"https:\/\/www.radiopiu.net\/wordpress\/wp-content\/uploads\/2018\/10\/WhatsApp-Image-2018-10-02-at-10.50.08-150x150.jpeg\" class=\"attachment-thumbnail size-thumbnail\" alt=\"\" \/><\/a>\n\t\t\t\t<\/dt><\/dl><br style=\"clear: both\" \/>\n\t\t\t<\/div>\n\n<p>&nbsp;<\/p>\n<p>&nbsp;<\/p>\n<p>&nbsp;<\/p>\n<p>&nbsp;<\/p>\n<h1>CARABINIERI IN CENTRO<\/h1>\n<p><strong><a class=\"dt-pswp-item\" href=\"http:\/\/www.radiopiu.net\/wordpress\/wp-content\/uploads\/2016\/05\/carabinieri-6-2.jpg\" data-dt-img-description=\"\" data-large_image_width=\"1000\" data-large_image_height=\"681\"><img loading=\"lazy\" decoding=\"async\" class=\"wp-image-19346 alignleft\" src=\"http:\/\/www.radiopiu.net\/wordpress\/wp-content\/uploads\/2016\/05\/carabinieri-6-2-300x204.jpg\" alt=\"\" width=\"168\" height=\"114\" \/><\/a>BELLUNO<\/strong>\u00a0 Alle 14.30 di ieri allerta antirapina all\u2019Unicredit di piazza dei Martiri. Ma si \u00e8 trattato di un falso allarme. L&#8217;antifurto \u00e8 entrato in azione ma all&#8217;interno dell&#8217;Istituto di credito non c&#8217;era nessuno poich\u00e9 tutti i dipendenti erano in pausa pranzo.\u00a0 I militari, mitra spianati, sono arrivati sul marciapiede di tutta corsa per andare a presidiare l\u2019ingresso sotto i portici. Gli accertamenti sono proseguiti \u00a0con i dipendenti e i responsabili della filiale all\u2019opera per capire cosa fosse accaduto.<\/p>\n<p>&nbsp;<\/p>\n<p>&nbsp;<\/p>\n<h1><\/h1>\n<h1><\/h1>\n<h1><\/h1>\n<h1><\/h1>\n<h1>TAMPONAMENTO IN VIA MONTE GRAPPA<\/h1>\n<p><strong>FELTRE<\/strong> Tamponamento tra due autoveicoli con un ferito alle 10.30 di ieri mattina in Via Monte Grappa. Coinvolti\u00a0 un autocarro condotto da un 46enne della Basilicata e una Golf condotta da una 26enne feltrina ricoverata presso l&#8217;ospedale di Santa Maria del Prato. Le sue condizioni non sono gravi. Per i rilievi sono intervenuti i Carabinieri di Quero.<\/p>\n<p>&nbsp;<\/p>\n<p>&nbsp;<\/p>\n<p>&nbsp;<\/p>\n<blockquote class=\"wp-embedded-content\" data-secret=\"3CVX9Q9n5Q\"><p><a href=\"http:\/\/www.radiopiu.net\/wordpress\/senza-esito-le-ricerche-sul-san-boldo\/\">SENZA ESITO LE RICERCHE SUL SAN BOLDO<\/a><\/p><\/blockquote>\n<p><iframe loading=\"lazy\" class=\"wp-embedded-content\" sandbox=\"allow-scripts\" security=\"restricted\" style=\"position: absolute; clip: rect(1px, 1px, 1px, 1px);\" src=\"http:\/\/www.radiopiu.net\/wordpress\/senza-esito-le-ricerche-sul-san-boldo\/embed\/#?secret=3CVX9Q9n5Q\" data-secret=\"3CVX9Q9n5Q\" width=\"600\" height=\"338\" title=\"&#8220;SENZA ESITO LE RICERCHE SUL SAN BOLDO&#8221; &#8212; Radio Pi\u00f9\" frameborder=\"0\" marginwidth=\"0\" marginheight=\"0\" scrolling=\"no\"><\/iframe><\/p>\n<h1><\/h1>\n<p>&nbsp;<\/p>\n<p>&nbsp;<\/p>\n<h1><a href=\"https:\/\/www.google.com\/maps\/search\/mozach+agordo\/@46.2785823,12.038827,18.17z\">MOZZACH,<\/a><\/h1>\n<h1>CANTIERE FERMATO DAL TECNICO COMUNALE<\/h1>\n<p><a href=\"https:\/\/www.google.com\/maps\/search\/mozach+agordo\/@46.2785823,12.038827,18.17z\">CARTINA<\/a><\/p>\n<p><strong><a class=\"dt-pswp-item\" href=\"http:\/\/www.radiopiu.net\/wordpress\/wp-content\/uploads\/2018\/10\/laved-2.jpg\" data-dt-img-description=\"\" data-large_image_width=\"647\" data-large_image_height=\"524\"><img loading=\"lazy\" decoding=\"async\" class=\"wp-image-62605 alignleft\" src=\"http:\/\/www.radiopiu.net\/wordpress\/wp-content\/uploads\/2018\/10\/laved-2-300x243.jpg\" alt=\"\" width=\"141\" height=\"114\" srcset=\"https:\/\/www.radiopiu.net\/wordpress\/wp-content\/uploads\/2018\/10\/laved-2-300x243.jpg 300w, https:\/\/www.radiopiu.net\/wordpress\/wp-content\/uploads\/2018\/10\/laved-2.jpg 647w\" sizes=\"auto, (max-width: 141px) 100vw, 141px\" \/><\/a>AGORDO<\/strong> E&#8217; di ieri l&#8217;ordinanza del tecnico del Comune di Agordo per uno sbancamento definito abusivo che stoppa i lavori di costruzione di 12 appartamenti. Storia di diniego e incompatibilit\u00e0 con il prg, in altre parole abuso edilizio e tutto ha inizio da una segnalazione.<\/p>\n<p><strong>DI GIANNI SANTOMASO<\/strong><\/p>\n<audio class=\"wp-audio-shortcode\" id=\"audio-62549-2\" preload=\"none\" style=\"width: 100%;\" controls=\"controls\"><source type=\"audio\/mpeg\" src=\"http:\/\/www.radiopiu.net\/wordpress\/wp-content\/uploads\/2018\/10\/GIANNI-MOZZACH.mp3?_=2\" \/><a href=\"http:\/\/www.radiopiu.net\/wordpress\/wp-content\/uploads\/2018\/10\/GIANNI-MOZZACH.mp3\">http:\/\/www.radiopiu.net\/wordpress\/wp-content\/uploads\/2018\/10\/GIANNI-MOZZACH.mp3<\/a><\/audio>\n<p>&nbsp;<\/p>\n<p>&nbsp;<\/p>\n<p>&nbsp;<\/p>\n<h1>ANDREA PALLA ALLA GUIDA DELLA CROCE BIANCA DI CORTINA<\/h1>\n<p><strong><a class=\"dt-pswp-item\" href=\"http:\/\/www.radiopiu.net\/wordpress\/wp-content\/uploads\/2018\/10\/13427755_10154457793627214_9205477137268860610_n.jpg\" data-dt-img-description=\"\" data-large_image_width=\"960\" data-large_image_height=\"540\"><img loading=\"lazy\" decoding=\"async\" class=\"wp-image-62617 alignleft\" src=\"http:\/\/www.radiopiu.net\/wordpress\/wp-content\/uploads\/2018\/10\/13427755_10154457793627214_9205477137268860610_n-300x169.jpg\" alt=\"\" width=\"272\" height=\"153\" srcset=\"https:\/\/www.radiopiu.net\/wordpress\/wp-content\/uploads\/2018\/10\/13427755_10154457793627214_9205477137268860610_n-300x169.jpg 300w, https:\/\/www.radiopiu.net\/wordpress\/wp-content\/uploads\/2018\/10\/13427755_10154457793627214_9205477137268860610_n-768x432.jpg 768w, https:\/\/www.radiopiu.net\/wordpress\/wp-content\/uploads\/2018\/10\/13427755_10154457793627214_9205477137268860610_n.jpg 960w\" sizes=\"auto, (max-width: 272px) 100vw, 272px\" \/><\/a>CORTINA<\/strong> Andrea Palla, agordino di Livinallongo\u00a0 \u00e8 il nuovo caposervizio della sezione di Cortina della Croce Bianca. Subentra a Carlo Del Monego (pure lui di Livinallongo), in pensione dalla fine di settembre dopo \u00a040 anni di\u00a0servizio iniziato da semplice volontario. Andrea: 34\u00a0anni,\u00a0\u00a0ex dipendente del Comune, ha iniziato come volontario nella Croce Bianca di Arabba a soli 18 anni. Ad Andrea buon lavoro, a Carlo il grazie per i tanti anni di impegno.<\/p>\n<p>&nbsp;<\/p>\n<p>&nbsp;<\/p>\n<h1><\/h1>\n<h1><\/h1>\n<h1><\/h1>\n<h1><\/h1>\n<h1>NASCE IL GRUPPO GIOVANI VIGILI DEL FUOCO<\/h1>\n<p><strong><a class=\"dt-pswp-item\" href=\"http:\/\/www.radiopiu.net\/wordpress\/wp-content\/uploads\/2018\/10\/WhatsApp-Image-2018-10-02-at-15.19.04.jpeg\" data-dt-img-description=\"\" data-large_image_width=\"1024\" data-large_image_height=\"768\"><img loading=\"lazy\" decoding=\"async\" class=\"wp-image-62555 alignleft\" src=\"http:\/\/www.radiopiu.net\/wordpress\/wp-content\/uploads\/2018\/10\/WhatsApp-Image-2018-10-02-at-15.19.04-300x225.jpeg\" alt=\"\" width=\"187\" height=\"140\" srcset=\"https:\/\/www.radiopiu.net\/wordpress\/wp-content\/uploads\/2018\/10\/WhatsApp-Image-2018-10-02-at-15.19.04-300x225.jpeg 300w, https:\/\/www.radiopiu.net\/wordpress\/wp-content\/uploads\/2018\/10\/WhatsApp-Image-2018-10-02-at-15.19.04-768x576.jpeg 768w, https:\/\/www.radiopiu.net\/wordpress\/wp-content\/uploads\/2018\/10\/WhatsApp-Image-2018-10-02-at-15.19.04.jpeg 1024w\" sizes=\"auto, (max-width: 187px) 100vw, 187px\" \/><\/a><\/strong><\/p>\n<p><strong>LIVINALLONGO<\/strong> Un nutrito gruppo di giovani si avvicinano al mondo del volontariato, ai vigili del fuoco in particolare. Il Comune ha gi\u00e0 deliberato di sostenere l&#8217;iniziativa concretamente con un contributo di 3.720 euro a favore dei pompieri Fodom che potranno acquistare quanto necessario per attrezzare le nuove leve. Tutto a inizio a maggio con un&#8217;iniziativa importante che ha avvicinato i ragazzi delle scuole ai vigili del fuoco. Successivamente l&#8217;idea di c reare un gruppo giovani e su questo il capodistaccamento Igor Masarei con gli altri volontari si sta impegnando per cogliere l&#8217;obiettivo. Soddisfatto il sindaco di Livinallongo Leandro Grones.<\/p>\n<p><strong>GRONES1<\/strong><\/p>\n<audio class=\"wp-audio-shortcode\" id=\"audio-62549-3\" preload=\"none\" style=\"width: 100%;\" controls=\"controls\"><source type=\"audio\/mpeg\" src=\"http:\/\/www.radiopiu.net\/wordpress\/wp-content\/uploads\/2018\/10\/LEANDRO-1.mp3?_=3\" \/><a href=\"http:\/\/www.radiopiu.net\/wordpress\/wp-content\/uploads\/2018\/10\/LEANDRO-1.mp3\">http:\/\/www.radiopiu.net\/wordpress\/wp-content\/uploads\/2018\/10\/LEANDRO-1.mp3<\/a><\/audio>\n<p>I vigili del fuoco sono necessari a Fodom, a 45 chilometri dal distaccamento di Agordo e ad altrettanti da quello di Brunico pur considerando l&#8217;importanza dei volontari della Val Cordevole e Corvara.<br \/>\nIl volontariato \u00e8 un movimento fondamentale per il territorio notevole l&#8217;impegno nella Croce Bianca di Bolzano con un gruppo di 40 volontari e tanti giovani. E non dimentichiamo il Soccorso Alpino. Il Comune non manca di dare il suo contributo, e non solo i 3.720 euro recentemente stanziati come conferma il sindaco Grones<br \/>\n<strong>GRONES2<\/strong><\/p>\n<audio class=\"wp-audio-shortcode\" id=\"audio-62549-4\" preload=\"none\" style=\"width: 100%;\" controls=\"controls\"><source type=\"audio\/mpeg\" src=\"http:\/\/www.radiopiu.net\/wordpress\/wp-content\/uploads\/2018\/10\/LEANDRO-2.mp3?_=4\" \/><a href=\"http:\/\/www.radiopiu.net\/wordpress\/wp-content\/uploads\/2018\/10\/LEANDRO-2.mp3\">http:\/\/www.radiopiu.net\/wordpress\/wp-content\/uploads\/2018\/10\/LEANDRO-2.mp3<\/a><\/audio>\n<p><strong>galleria foto, nel video l&#8217;iniziativa della scorsa primavera<\/strong><\/p>\n<div style=\"width: 848px;\" class=\"wp-video\"><video class=\"wp-video-shortcode\" id=\"video-62549-1\" width=\"848\" height=\"480\" preload=\"metadata\" controls=\"controls\"><source type=\"video\/mp4\" src=\"http:\/\/www.radiopiu.net\/wordpress\/wp-content\/uploads\/2018\/10\/WhatsApp-Video-2018-10-02-at-15.16.50.mp4?_=1\" \/><a href=\"http:\/\/www.radiopiu.net\/wordpress\/wp-content\/uploads\/2018\/10\/WhatsApp-Video-2018-10-02-at-15.16.50.mp4\">http:\/\/www.radiopiu.net\/wordpress\/wp-content\/uploads\/2018\/10\/WhatsApp-Video-2018-10-02-at-15.16.50.mp4<\/a><\/video><\/div>\n\n\t\t\t<style type='text\/css'>\n\t\t\t\t#gallery-2 {\n\t\t\t\t\tmargin: auto;\n\t\t\t\t}\n\t\t\t\t#gallery-2 .gallery-item {\n\t\t\t\t\tfloat: left;\n\t\t\t\t\tmargin-top: 10px;\n\t\t\t\t\ttext-align: center;\n\t\t\t\t\twidth: 33%;\n\t\t\t\t}\n\t\t\t\t#gallery-2 img {\n\t\t\t\t\tborder: 2px solid #cfcfcf;\n\t\t\t\t}\n\t\t\t\t#gallery-2 .gallery-caption {\n\t\t\t\t\tmargin-left: 0;\n\t\t\t\t}\n\t\t\t\t\/* see gallery_shortcode() in wp-includes\/media.php *\/\n\t\t\t<\/style>\n\t\t<div id='gallery-2' class='dt-gallery-container gallery galleryid-62549 gallery-columns-3 gallery-size-thumbnail'><dl class='gallery-item'>\n\t\t\t\t<dt class='gallery-icon landscape'>\n\t\t\t\t\t<a class=\"rollover\" href='https:\/\/www.radiopiu.net\/wordpress\/giornale-radiopiu-03-ottobre-2018-direttore-mirko-mezzacasa\/whatsapp-image-2018-10-02-at-15-19-04-4-2\/'><img loading=\"lazy\" decoding=\"async\" width=\"150\" height=\"150\" src=\"https:\/\/www.radiopiu.net\/wordpress\/wp-content\/uploads\/2018\/10\/WhatsApp-Image-2018-10-02-at-15.19.04-4-1-150x150.jpeg\" class=\"attachment-thumbnail size-thumbnail\" alt=\"\" \/><\/a>\n\t\t\t\t<\/dt><\/dl><dl class='gallery-item'>\n\t\t\t\t<dt class='gallery-icon landscape'>\n\t\t\t\t\t<a class=\"rollover\" href='https:\/\/www.radiopiu.net\/wordpress\/giornale-radiopiu-03-ottobre-2018-direttore-mirko-mezzacasa\/whatsapp-image-2018-10-02-at-15-19-04-3-2\/'><img loading=\"lazy\" decoding=\"async\" width=\"150\" height=\"150\" src=\"https:\/\/www.radiopiu.net\/wordpress\/wp-content\/uploads\/2018\/10\/WhatsApp-Image-2018-10-02-at-15.19.04-3-1-150x150.jpeg\" class=\"attachment-thumbnail size-thumbnail\" alt=\"\" \/><\/a>\n\t\t\t\t<\/dt><\/dl><dl class='gallery-item'>\n\t\t\t\t<dt class='gallery-icon landscape'>\n\t\t\t\t\t<a class=\"rollover\" href='https:\/\/www.radiopiu.net\/wordpress\/giornale-radiopiu-03-ottobre-2018-direttore-mirko-mezzacasa\/whatsapp-image-2018-10-02-at-15-19-03-2\/'><img loading=\"lazy\" decoding=\"async\" width=\"150\" height=\"150\" src=\"https:\/\/www.radiopiu.net\/wordpress\/wp-content\/uploads\/2018\/10\/WhatsApp-Image-2018-10-02-at-15.19.03-1-150x150.jpeg\" class=\"attachment-thumbnail size-thumbnail\" alt=\"\" \/><\/a>\n\t\t\t\t<\/dt><\/dl><br style=\"clear: both\" \/>\n\t\t\t<\/div>\n\n<p>&nbsp;<\/p>\n<p>&nbsp;<\/p>\n<h1>IL NUOVO GRAFFITO E IL GRAZIE DEL CAI<\/h1>\n<p>Sono state inaugurati ieri pomeriggio, nonostante il tempo non clemente, presso le scuole elementari di Agordo gli affreschi realizzati dall&#8217;Associazione Culturale per l&#8217;Affresco. Quest&#8217;anno il tema scelto \u00e8 stato la montagna e i Il tema \u00e8 la anni della Sezione Agordina del CAI\u00a0<a class=\"profileLink\" href=\"https:\/\/www.facebook.com\/Club-Alpino-Italiano-Sezione-Agordina-178333106103416\/?__tn__=K-R&amp;eid=ARAUBhEDvbP31kXa34CqwOynXBJxwdbo3GDj4K27H4jSeJ5skik7sEmP80irKSQUzV2zXqFrAq3Vpf1q&amp;fref=mentions&amp;__xts__%5B0%5D=68.ARCX02cchzdwv_ySuXgalkW8LubOjAWYOOTrCOwYVxezOid1nzS5ZK9YRnrOVndpentEdfV5OnyevQWwGQn0UgZ5x8xQgmjdMUgfRjjvW0ZiR8GHxuifFVgwmOlT6HMpUK7P9gb0ZBoNV7Zk0lgFJvVarOqImwb1iILJYlj-0NEDlK_1OzhNh01UKU_OdNLJWy7G6JehcxCdFNhO-nYbcEvG4AiGH6XC8EDW0Iaz6UEZdmcHZYCN\" data-hovercard=\"\/ajax\/hovercard\/page.php?id=178333106103416&amp;extragetparams=%7B%22__tn__%22%3A%22%2CdK-R-R%22%2C%22eid%22%3A%22ARAUBhEDvbP31kXa34CqwOynXBJxwdbo3GDj4K27H4jSeJ5skik7sEmP80irKSQUzV2zXqFrAq3Vpf1q%22%2C%22fref%22%3A%22mentions%22%7D\" data-hovercard-prefer-more-content-show=\"1\">Club Alpino Italiano Sezione Agordina<\/a>!<\/p>\n<p>FOTO DI ANTONELLO CIBIEN<\/p>\n<p><a href=\"https:\/\/www.facebook.com\/ListaAgordoBeneComune\/videos\/333288524073208\/\">VIDEO\u00a0<\/a><\/p>\n<p>SERVIZIO DI PRESENTAZIONE 11 AGOSTO 2018<\/p>\n<p>&nbsp;<\/p>\n<blockquote class=\"wp-embedded-content\" data-secret=\"YXmsQfZnoL\"><p><a href=\"http:\/\/www.radiopiu.net\/wordpress\/affresco-graffito-soprattutto-artisti-appassionati-e-una-storia-che-continua\/\">AFFRESCO, GRAFFITO SOPRATTUTTO ARTISTI APPASSIONATI E UNA STORIA CHE CONTINUA<\/a><\/p><\/blockquote>\n<p><iframe loading=\"lazy\" class=\"wp-embedded-content\" sandbox=\"allow-scripts\" security=\"restricted\" style=\"position: absolute; clip: rect(1px, 1px, 1px, 1px);\" src=\"http:\/\/www.radiopiu.net\/wordpress\/affresco-graffito-soprattutto-artisti-appassionati-e-una-storia-che-continua\/embed\/#?secret=YXmsQfZnoL\" data-secret=\"YXmsQfZnoL\" width=\"600\" height=\"338\" title=\"&#8220;AFFRESCO, GRAFFITO SOPRATTUTTO ARTISTI APPASSIONATI E UNA STORIA CHE CONTINUA&#8221; &#8212; Radio Pi\u00f9\" frameborder=\"0\" marginwidth=\"0\" marginheight=\"0\" scrolling=\"no\"><\/iframe><\/p>\n<p>&nbsp;<\/p>\n<p>&nbsp;<\/p>\n<h1>LA COPERTURA E&#8217; UN SERVIZIO INDISPENSABILE<\/h1>\n<blockquote><p><em>De Menech interroga il ministro dello sviluppo economico chiedendo di intervenire presso le compagnie telefoniche<\/em><\/p><\/blockquote>\n<audio class=\"wp-audio-shortcode\" id=\"audio-62549-5\" preload=\"none\" style=\"width: 100%;\" controls=\"controls\"><source type=\"audio\/mpeg\" src=\"http:\/\/www.radiopiu.net\/wordpress\/wp-content\/uploads\/2018\/10\/ROGER.mp3?_=5\" \/><a href=\"http:\/\/www.radiopiu.net\/wordpress\/wp-content\/uploads\/2018\/10\/ROGER.mp3\">http:\/\/www.radiopiu.net\/wordpress\/wp-content\/uploads\/2018\/10\/ROGER.mp3<\/a><\/audio>\n<p><strong>\u00a0<a class=\"dt-pswp-item\" href=\"http:\/\/www.radiopiu.net\/wordpress\/wp-content\/uploads\/2018\/10\/open_signal_maps.jpg\" data-dt-img-description=\"\" data-large_image_width=\"330\" data-large_image_height=\"220\"><img loading=\"lazy\" decoding=\"async\" class=\"size-medium wp-image-62560 alignleft\" src=\"http:\/\/www.radiopiu.net\/wordpress\/wp-content\/uploads\/2018\/10\/open_signal_maps-300x200.jpg\" alt=\"\" width=\"300\" height=\"200\" srcset=\"https:\/\/www.radiopiu.net\/wordpress\/wp-content\/uploads\/2018\/10\/open_signal_maps-300x200.jpg 300w, https:\/\/www.radiopiu.net\/wordpress\/wp-content\/uploads\/2018\/10\/open_signal_maps.jpg 330w\" sizes=\"auto, (max-width: 300px) 100vw, 300px\" \/><\/a>ROMA\u00a0<\/strong>\u00a0La copertura telefonica \u00e8 un servizio essenziale per garantire la sicurezza di residenti e turisti. Con queste motivazioni il deputato bellunese Roger De Menech ha depositato nei giorni scorsi un\u2019interrogazione al ministro dello sviluppo economico quali iniziative intende adottare per la copertura della rete mobile nelle aree periferiche, in particolare nelle zone del Bellunese e dell\u2019alto Trevigiano.<\/p>\n<p><em>\u00abCi sono intere valli dove non \u00e8 possibile neppure fare le chiamate di emergenza\u00bb, ricorda De Menech. La Val Visdende in provincia di Belluno \u00e8 una di queste, come pure la zona del Cansiglio, l\u2019abitato di Fregona in provincia di Treviso e la zona di Valsalega al confine tra i Comuni di Sarmede e Fregona, il Passo delle Crosetta, zona di confine tra i Comuni di Sarmede, Fregona, Cordignano e Caneva, nonch\u00e9 di confine tra le due regioni, Veneto e Friuli Venezia Giulia, sul Monte Pizzoc\u00a0, alcuni villaggi cimbri del Cansiglio, tra i quali quello di Vallorch nel Comune di Fregona, e Pian Osteria e Campon nel Comune di Farra d&#8217;Alpago. Tutte aree prive della copertura telefonica mobile da parte di tutti gli operatori della telefonia mobile. \u00abDiventa sempre pi\u00f9 impellente garantire a chi vive in queste zone o a chi ci viene in villeggiatura, la possibilit\u00e0 di chiamare i soccorsi in caso di necessit\u00e0\u00bb, afferma il deputato. \u00abI numerosi incidenti in montagna rilevano spesso come la provincia di Belluno sia priva e inaccessibile dal punto di vista delle telecomunicazioni. Anche il Soccorso Alpino Dolomiti bellunesi e l\u2019azienda sanitaria locale hanno sottolineato come sia sempre pi\u00f9 indispensabile un investimento di telecomunicazioni nelle aree non antropizzate, non abitate, cos\u00ec da garantire un servizio di pubblica utilit\u00e0\u00bb.<\/em><\/p>\n<p>L&#8217;economia di molte zone di montagna si basa principalmente sul turismo, sull&#8217;allevamento e la produzione di prodotti caseari di malga, conclude De Menech: \u00abLa montagna vive e non si spopola se riusciamo a garantire almeno i servizi essenziali, come la possibilit\u00e0 di chiamare i soccorsi. Per questo \u00e8 necessario intervenire presso le compagnie telefoniche per potenziare la copertura telefonica nelle zone montane bellunesi e del vittoriese\u00bb.\u00a0 (FOTO taglialabolletta.it)<\/p>\n<p>&nbsp;<\/p>\n<p>&nbsp;<\/p>\n<p>&nbsp;<\/p>\n<p>&nbsp;<\/p>\n<p>&nbsp;<\/p>\n<h1>VIA PARIS BORDONE, SET DEL FILM &#8220;LA VAL CHE URLA&#8221;<\/h1>\n<blockquote><p><em>A Taibon Agordino proseguono le riprese del film \u201cLa Val che Urla\u201d<\/em><\/p><\/blockquote>\n<p><a class=\"dt-pswp-item\" href=\"http:\/\/www.radiopiu.net\/wordpress\/wp-content\/uploads\/2018\/10\/fotografie.jpg\" data-dt-img-description=\"\" data-large_image_width=\"1920\" data-large_image_height=\"1080\"><img loading=\"lazy\" decoding=\"async\" class=\"alignnone wp-image-62575 size-large\" src=\"http:\/\/www.radiopiu.net\/wordpress\/wp-content\/uploads\/2018\/10\/fotografie-1024x576.jpg\" alt=\"\" width=\"1024\" height=\"576\" srcset=\"https:\/\/www.radiopiu.net\/wordpress\/wp-content\/uploads\/2018\/10\/fotografie-1024x576.jpg 1024w, https:\/\/www.radiopiu.net\/wordpress\/wp-content\/uploads\/2018\/10\/fotografie-300x169.jpg 300w, https:\/\/www.radiopiu.net\/wordpress\/wp-content\/uploads\/2018\/10\/fotografie-768x432.jpg 768w, https:\/\/www.radiopiu.net\/wordpress\/wp-content\/uploads\/2018\/10\/fotografie.jpg 1920w\" sizes=\"auto, (max-width: 1024px) 100vw, 1024px\" \/><\/a><\/p>\n<p><strong>TAIBON<\/strong> Continuano le riprese del nuovo film della regista Lucia Zanettin; dopo il primo ciak a Caoria, nella Valle del Vanoi, da domenica 30 settembre, il set si \u00e8 spostano nell\u2019agordino. Infatti a Taibon Agordino, presso gli studi di Radio Pi\u00f9, la regista ha ambientato alcune importanti scene del film. Sar\u00e0 una lunga sessione di riprese, quella che vedr\u00e0 Mirko Mezzacasa e Claudio Fontanive protagonisti in un\u2019inedita veste di attori assieme al noto fotografo bellunese Luca Zanfron. Il set si sposter\u00e0 nuovamente, alla fine di ottobre, presso Passo Brocon, in Trentino, per la registrazione di scene in esterno. La regista dice \u201csi tratta di un lungo lavoro di<br \/>\npazienza, \u00e8 quasi come comporre un puzzle\u2026 alla fine ogni tessera deve andare al proprio posto\u201d. Il progetto ha recentemente ottenuto anche il Patrocinio del Comune di Primiero San Martino di Castrozza ed il sostegno della Gi. Di. Meccanica Spa, di Vazzola (TV), azienda leader nella produzione di leve per scarponi da sci.<\/p>\n<p>&nbsp;<\/p>\n<p>&nbsp;<\/p>\n<p>&nbsp;<\/p>\n<p>&nbsp;<\/p>\n<h1>SCUOLA: NUOVO PROTOCOLLO PER PERCORSI DI ALTERNANZA LAVORATIVA, ASSESSORE DONAZZAN, \u201cANCHE I DOCENTI IN FORMAZIONE IN AZIENDA\u201d<\/h1>\n<p><strong><a class=\"dt-pswp-item\" href=\"http:\/\/www.radiopiu.net\/wordpress\/wp-content\/uploads\/2018\/10\/download.png\" data-dt-img-description=\"\" data-large_image_width=\"279\" data-large_image_height=\"180\"><img loading=\"lazy\" decoding=\"async\" class=\"size-full wp-image-62569 alignleft\" src=\"http:\/\/www.radiopiu.net\/wordpress\/wp-content\/uploads\/2018\/10\/download.png\" alt=\"\" width=\"279\" height=\"180\" \/><\/a>VENEZIA\u00a0\u00a0<\/strong>Si rafforza in Veneto l\u2019esperienza dell\u2019alternanza scuola-lavoro. A quindici anni dal primo avvio sperimentale su scala regionale dell\u2019alternanza tra scuola e aziende e a tre dall\u2019entrata in vigore dell\u2019obbligatoriet\u00e0 estesa a tutte le scuole superiori di ogni ordine e grado, la Giunta regionale del Veneto ha aggiornato e potenziato il protocollo di intesa con l\u2019Ufficio scolastico regionale, Unioncamere, le parti sociali e le associazioni datoriali dei diversi comparti, per qualificare ulteriormente la proposta formativa. <em>\u201cOltre il 90 per cento delle scuole in Veneto ha posto in essere i percorsi di alternanza \u2013 spiega l\u2019assessore regionale all\u2019Istruzione e formazione, Elena Donazzan \u2013 con positivi risultati sia per i ragazzi sia per le aziende. Alla luce delle esperienze in atto e del precedente accordo regionale del giugno 2016, vogliamo rafforzare la qualit\u00e0 e l\u2019efficacia delle proposte offerte alle scuole e incentivare ulteriormente il mondo del lavoro ad aprire le proprie porte agli studenti. Con il nuovo accordo i percorsi di formazione in alternanza verranno estesi anche ai docenti, che nei mesi estivi, in via sperimentale, potranno fare conoscenza diretta del mondo del lavoro. E\u2019 prevista, inoltre, pi\u00f9 formazione per i tutor aziendali. Investire su docenti e tutor aiuter\u00e0 ad avvicinare scuola e aziende e faciliter\u00e0 la progettazione di percorsi validi, che rispondano alle esigenze e alle aspettative dei diversi soggetti in campo\u201d.\u00a0<\/em>Il protocollo veneto ha validit\u00e0 triennale e coinvolge, oltre all\u2019Ufficio scolastico reginale al quale compete la programmazione territoriale dei percorsi, Unioncamere, i sindacati, Confindustria, Confapi, le associazioni datoriale dell\u2019agricoltura, dell\u2019artigianato e del commercio, il mondo delle cooperative e delle professioni, le associazioni dei manager e dei dirigenti d\u2019azienda. <em>\u201cL\u2019alternanza scuola-lavoro \u00e8 una esperienza utile per l\u2019orientamento e la crescita dei ragazzi, la scoperta e lo sviluppo di attitudini e competenze, l\u2019incontro tra domanda e offerta, ma prima di tutto \u00e8 una proposta educativa \u2013 sottolinea l\u2019assessore \u2013 che fa fare esperienza diretta della realt\u00e0 e dei valori del lavoro, qualunque sia l\u2019ambito professionale nel quale i giovani vengono coinvolti. Per questo va allargata a tutto il territorio regionale e potenziata per tutti gli indirizzi. Il protocollo, che prevede l\u2019istituzione di un tavolo regionale e di tavoli provinciali di coordinamento, serve appunto per aiutare scuole e aziende a progettare insieme gli interventi educativi, nonch\u00e9 a mettere in atto tutte le misure e gli accorgimenti per favorire queste esperienze, comprese forme di aiuto economico agli studenti per assicurazioni e trasporti, e incentivi alle aziende per i costi aggiuntivi che vanno a sostenere\u201d.\u00a0<\/em>A vigilare sulla buona programmazione e sugli esiti dei percorsi di alternanza sar\u00e0 la \u2018cabina di reg\u00eca\u2019 regionale, composta da tutti i soggetti che hanno firmato il protocollo, oltre a Inail e Spisal. Perch\u00e9 prevenzione e sicurezza sono prioritari anche per studenti e stagisti che si affacciano al mondo del lavoro.bacii<\/p>\n<p>&nbsp;<\/p>\n<p>&nbsp;<\/p>\n<p>&nbsp;<\/p>\n<p>&nbsp;<\/p>\n<h1>LUXOTTICA, LA FUSIONE E WELFARE, OGGI A RADIO PIU ALLE 10.30 E 1900 IN CISL LA VOCE DEI LAVORATORI<\/h1>\n<p><strong><a class=\"dt-pswp-item\" href=\"http:\/\/www.radiopiu.net\/wordpress\/wp-content\/uploads\/2018\/05\/luxottica.jpg\" data-dt-img-description=\"\" data-large_image_width=\"244\" data-large_image_height=\"207\"><img loading=\"lazy\" decoding=\"async\" class=\"wp-image-48459 alignleft\" src=\"http:\/\/www.radiopiu.net\/wordpress\/wp-content\/uploads\/2018\/05\/luxottica.jpg\" alt=\"\" width=\"172\" height=\"146\" \/><\/a><\/strong><\/p>\n<p><strong>TAIBON<\/strong> Quindicinale appuntamento con Cisl la Voce dei Lavoratori a RADIO PIU, immancabile i riferimenti alle nuove operazioni welfare, ne parler\u00e0 dettagliatamente Paolo Chissal\u00e8 della Rsu Luxottica di Agordo. Purtroppo ancora una volta emergono le criticit\u00e0 della sanit\u00e0 di montagna con un ospedale di Agordo sempre pi\u00f9 depotenziato come lo stesso Chissal\u00e8 metter\u00e0 in evidenza parlando l&#8217;ormai famoso check up: iniziativa riservata\u00a0 ai dipendenti over 50 e a breve sar\u00e0 estesa agli over 40 ampliando la platea<\/p>\n<audio class=\"wp-audio-shortcode\" id=\"audio-62549-6\" preload=\"none\" style=\"width: 100%;\" controls=\"controls\"><source type=\"audio\/mpeg\" src=\"http:\/\/www.radiopiu.net\/wordpress\/wp-content\/uploads\/2018\/10\/CHISSA-1.mp3?_=6\" \/><a href=\"http:\/\/www.radiopiu.net\/wordpress\/wp-content\/uploads\/2018\/10\/CHISSA-1.mp3\">http:\/\/www.radiopiu.net\/wordpress\/wp-content\/uploads\/2018\/10\/CHISSA-1.mp3<\/a><\/audio>\n<p>&nbsp;<\/p>\n<p>&nbsp;<\/p>\n<p>&nbsp;<\/p>\n<p>&nbsp;<\/p>\n<p>&nbsp;<\/p>\n<h1>CORSO DI FORMAZIONE GRATUITO SU PROGETTAZIONE E GESTIONE IMPIANTI A BIOMASSA.<\/h1>\n<p><strong><a class=\"dt-pswp-item\" href=\"http:\/\/www.radiopiu.net\/wordpress\/wp-content\/uploads\/2018\/10\/download-3.jpg\" data-dt-img-description=\"\" data-large_image_width=\"270\" data-large_image_height=\"187\"><img loading=\"lazy\" decoding=\"async\" class=\" wp-image-62572 alignleft\" src=\"http:\/\/www.radiopiu.net\/wordpress\/wp-content\/uploads\/2018\/10\/download-3.jpg\" alt=\"\" width=\"167\" height=\"116\" \/><\/a>VENEZIA<\/strong> Un corso di formazione gratuito per progettisti, installatori e manutentori di impianti termici civili alimentati a biomassa \u00e8 stato organizzato dall\u2019Assessorato all\u2019Ambiente della Regione Veneto con l\u2019obiettivo di fornire ai professionisti e alle imprese del settore la consapevolezza del potenziale impatto degli impianti a biomassa sulla qualit\u00e0 dell\u2019aria, affinch\u00e9 progettino e gestiscano impianti rispettosi della salute umana e dell\u2019ambiente. \u201cSi tratta di una delle tante iniziative messe in campo per migliorare la qualit\u00e0 dell\u2019aria \u2013 spiega l\u2019assessore regionale Gianpaolo Bottacin \u2013 con le quali puntiamo non solo a migliorare l\u2019ambiente, ma anche a creare una cultura corretta in tale ambito\u201d. Il corso di formazione tecnica e specialistica della durata di 64 ore partir\u00e0 nella seconda settimana di ottobre e si terr\u00e0 a Padova presso il Collegio dei periti industriali e periti industriali laureati (in via della Crocerossa, 112), ma sar\u00e0 preceduto da un seminario propedeutico di 4 ore, obbligatorio, che si terr\u00e0 venerd\u00ec 5 ottobre presso la sede regionale di Palazzo Linetti (in Calle Priuli Cannaregio 99) a Venezia. Durante il seminario propedeutico intitolato \u201cLa qualit\u00e0 dell\u2019aria e gli impianti a biomasse\u201d si provveder\u00e0 alla presentazione del corso a tutti i potenziali interessati, illustrando obiettivi, contenuti e tipo di impegno richiesto, dando informazioni in merito al team di progetto, ma anche raccogliendo aspettative ed esigenze.<\/p>\n<p>&nbsp;<\/p>\n<p>&nbsp;<\/p>\n<p>&nbsp;<\/p>\n<p>&nbsp;<\/p>\n<p>&nbsp;<\/p>\n<h1>UNA NUOVA LEGGE PER L\u2019ARTIGIANATO VENETO: ZAIA<\/h1>\n<p><strong>VENEZIA<\/strong>\u00a0Una specifica legge per l\u2019artigianato \u00e8 il segno dell\u2019attenzione con cui la Regione guarda a questo settore. Lo sottolinea il presidente veneto Luca Zaia commentando l\u2019approvazione in Consiglio regionale della nuova normativa per l\u2019artigianato in Veneto. \u201cAbbiamo voluto che questa legislatura regionale \u2013 aggiunge \u2013 fosse caratterizzata anche da uno strumento normativo pensato per promuovere in maniera peculiare il ruolo economico, sociale e culturale delle imprese artigiane. Sono imprese che costituiscono ancora oggi un volano fondamentale dell\u2019economia veneta e rappresentano un serbatoio occupazionale che non possiamo e non dobbiamo sottovalutare, oltre che un patrimonio in termini di creativit\u00e0 e tradizione da non disperdere\u201d. \u201cLa legge \u2013 conclude Zaia &#8211; riconosce quindi il ruolo dell\u2019artigianato veneto. Se da un lato si punta alla semplificazione delle procedure burocratiche, dall\u2019altro lo strumento normativo vuole sostenere il settore, che ha conosciuto un lungo periodo di crisi con la chiusura di migliaia di imprese. L\u2019obiettivo comune \u00e8 far conoscere meglio e di pi\u00f9 la qualit\u00e0 del prodotto artigianale veneto nel mondo e favorire la crescita del settore\u201d.<\/p>\n<p>&nbsp;<\/p>\n<p>&nbsp;<\/p>\n<p>&nbsp;<\/p>\n<p>&nbsp;<\/p>\n<h1>PRODOTTO DI MONTAGNA &#8220;NUOVA OPPORTUNITA&#8217; PER IL BELLUNESE&#8221;<\/h1>\n<p>audio<\/p>\n<audio class=\"wp-audio-shortcode\" id=\"audio-62549-7\" preload=\"none\" style=\"width: 100%;\" controls=\"controls\"><source type=\"audio\/mpeg\" src=\"http:\/\/www.radiopiu.net\/wordpress\/wp-content\/uploads\/2018\/10\/INCA-1.mp3?_=7\" \/><a href=\"http:\/\/www.radiopiu.net\/wordpress\/wp-content\/uploads\/2018\/10\/INCA-1.mp3\">http:\/\/www.radiopiu.net\/wordpress\/wp-content\/uploads\/2018\/10\/INCA-1.mp3<\/a><\/audio>\n<p><strong><a class=\"dt-pswp-item\" href=\"http:\/\/www.radiopiu.net\/wordpress\/wp-content\/uploads\/2018\/05\/trail-sovramontino-2017.jpg\" data-dt-img-description=\"\" data-large_image_width=\"1600\" data-large_image_height=\"1066\"><img loading=\"lazy\" decoding=\"async\" class=\"size-medium wp-image-47467 alignleft\" src=\"http:\/\/www.radiopiu.net\/wordpress\/wp-content\/uploads\/2018\/05\/trail-sovramontino-2017-300x200.jpg\" alt=\"\" width=\"300\" height=\"200\" srcset=\"https:\/\/www.radiopiu.net\/wordpress\/wp-content\/uploads\/2018\/05\/trail-sovramontino-2017-300x200.jpg 300w, https:\/\/www.radiopiu.net\/wordpress\/wp-content\/uploads\/2018\/05\/trail-sovramontino-2017-768x512.jpg 768w, https:\/\/www.radiopiu.net\/wordpress\/wp-content\/uploads\/2018\/05\/trail-sovramontino-2017-1024x682.jpg 1024w, https:\/\/www.radiopiu.net\/wordpress\/wp-content\/uploads\/2018\/05\/trail-sovramontino-2017.jpg 1600w\" sizes=\"auto, (max-width: 300px) 100vw, 300px\" \/><\/a>ROMA<\/strong>\u00a0 Il deputato M5S Federico D&#8217;Inc\u00e0 \u00e8 impegnato con i suoi collaboratori in un ciclo di incontri con i sindaci della montagna bellunese e ha posto all\u2019attenzione dei primi cittadini la possibilit\u00e0 di ottenere il marchio \u201cprodotto di montagna\u201d. Dopo i sindaci, sar\u00e0 la volta delle associazioni di categoria, dei consorzi e produttori. <em>\u201cPer la montagna \u00e8 un\u2019occasione unica e sarebbe un peccato non coglierla \u2013 interviene il deputato del Movimento 5 Stelle \u2013 Grazie alla pubblicazione del regolamento che ha introdotto il marchio \u201cprodotto di montagna\u201d per indicare quei prodotti realizzati in aree montane, si aprono nuove prospettive per l\u2019economia del nostro territorio\u201d.\u00a0<\/em><em>\u201cNon si tratta di una formalit\u00e0 perch\u00e9 i criteri e i paramenti da rispettare sono molto rigorosi a tutela proprio della peculiarit\u00e0 e delle caratteristiche dei prodotti, ma soprattutto a tutela dei consumatori \u2013prosegue il deputato bellunese \u2013 Il regolamento prevede l\u2019apposizione di un logo, verde con una montagna stilizzata, che andr\u00e0 a tutelare la qualit\u00e0 del prodotto e a valorizzare il lavoro di tante imprese sparse sulle nostre montagne che producono eccellenze che altrimenti rimarrebbero escluse dai circuiti enogastronomici nazionali ed esteri contribuendo al tempo stesso a sviluppare economicamente, turisticamente e socialmente queste aree\u201d.\u00a0<\/em>\u201cE un modo per uscire dall\u2019anonimato garantendo ai consumatori qualit\u00e0 e tracciabilit\u00e0 nel massimo della trasparenza <em>\u2013 commenta D\u2019Inc\u00e0 \u2013 Il logo, infatti, potr\u00e0 essere utilizzato solo per prodotti e materie prime che provengono da zone montane o, nel caso degli alimenti trasformati, quando trasformazione, stagionatura e maturazione hanno luogo in montagna\u201d.\u00a0<\/em>Se parliamo di prodotti di origine animale, i parametri indicati dal regolamento dispongono che l\u2019indicazione &#8211; che rimane facoltativa &#8211; di \u201cprodotto di montagna\u201d potr\u00e0 essere applicata ai prodotti ottenuti da animali allevati nelle zone di montagna e trasformati in tali zone, a quelli derivanti da animali allevati, per almeno gli ultimi due terzi del loro ciclo di vita, in zone di montagna, o a quei\u00a0 prodotti se sono trasformati in tali zone e derivanti da animali transumanti allevati, per almeno un quarto della loro vita, in pascoli di transumanza nelle zone di montagna.\u00a0<em>\u201cQuando parliamo di economia agricola montana stiamo parlando del 17% del totale delle imprese agricole italiane e di un terzo degli allevamenti \u2013 prosegue il parlamentare pentastellato \u2013 Non stiamo parlando di un settore marginale, quindi, se consideriamo che il prodotto interno lordo dell&#8217;agricoltura montana in Italia \u00e8 di 9,1 miliardi di euro di cui 6,7 miliardi dagli Appennini e 2,4 miliardi dalle Alpi, secondo la Fondazione Montagne Italia. Sono cifre che rendono chiaro quale sia l\u2019apporto di questo comparto sia a livello di settore agricolo in generale che di PIL nazionale, oltre ad essere un presidio importante dal punto di vista del controllo ambientale del territorio\u201d.\u00a0\u201cEd \u00e8 per questo \u2013 conclude D\u2019Inc\u00e0 \u2013 che nel ciclo di incontri che stiamo facendo con le Amministrazioni comunali poniamo all\u2019attenzione dei sindaci questa opportunit\u00e0 importantissima. Un\u2019opportunit\u00e0 che per il nostro territorio \u00e8 quasi un obbligo per dare il giusto riconoscimento al quotidiano e faticoso impegno di tante lavoratrici e lavoratori di montagna che assicurano sulle nostre tavolo un prodotto sano e di qualit\u00e0\u201d.<\/em><\/p>\n<p>&nbsp;<\/p>\n<p>&nbsp;<\/p>\n<p>&nbsp;<\/p>\n<p>&nbsp;<\/p>\n<h1>COSA RESTA DEL CONSIGLIO REGIONALE IN MARMOLADA?<\/h1>\n<p><strong><a class=\"dt-pswp-item\" href=\"http:\/\/www.radiopiu.net\/wordpress\/wp-content\/uploads\/2018\/09\/ZAIA-IN-MARMOLADA-2.jpeg\" data-dt-img-description=\"\" data-large_image_width=\"1600\" data-large_image_height=\"1200\"><img loading=\"lazy\" decoding=\"async\" class=\" wp-image-61719 alignleft\" src=\"http:\/\/www.radiopiu.net\/wordpress\/wp-content\/uploads\/2018\/09\/ZAIA-IN-MARMOLADA-2-300x225.jpeg\" alt=\"\" width=\"235\" height=\"176\" srcset=\"https:\/\/www.radiopiu.net\/wordpress\/wp-content\/uploads\/2018\/09\/ZAIA-IN-MARMOLADA-2-300x225.jpeg 300w, https:\/\/www.radiopiu.net\/wordpress\/wp-content\/uploads\/2018\/09\/ZAIA-IN-MARMOLADA-2-768x576.jpeg 768w, https:\/\/www.radiopiu.net\/wordpress\/wp-content\/uploads\/2018\/09\/ZAIA-IN-MARMOLADA-2-1024x768.jpeg 1024w, https:\/\/www.radiopiu.net\/wordpress\/wp-content\/uploads\/2018\/09\/ZAIA-IN-MARMOLADA-2.jpeg 1600w\" sizes=\"auto, (max-width: 235px) 100vw, 235px\" \/><\/a>ROCCA PIETORE<\/strong>\u00a0 A distanza di giorni, a bocce ferme, il sindaco di Rocca Pietore, Andrea De Bernardin si propone di fare un ultimo bilancio anche a seguito delle dure critiche del presidente di Mountain Wilderness,\u00a0 peraltro a suo tempo Casanova si era alleato col primo cittadino di Rocca Pietore nella guerra allo sfruttamento idroelettrico. In questa occasione ha per\u00f2 definito l&#8217;evento una pagliacciata d&#8217;alta quota. Il nodo del contendere sono 50 metri di ghiacciaio, che non sono paragonabili ad un territorio ampio come Sappada ormai friulano, ma decisamente fondamentali per il futuro sviluppo impiantistico-sciistico.<\/p>\n<p>ANDREA DE BERNARDIN<\/p>\n<audio class=\"wp-audio-shortcode\" id=\"audio-62549-8\" preload=\"none\" style=\"width: 100%;\" controls=\"controls\"><source type=\"audio\/mpeg\" src=\"http:\/\/www.radiopiu.net\/wordpress\/wp-content\/uploads\/2018\/10\/BERNARDO.mp3?_=8\" \/><a href=\"http:\/\/www.radiopiu.net\/wordpress\/wp-content\/uploads\/2018\/10\/BERNARDO.mp3\">http:\/\/www.radiopiu.net\/wordpress\/wp-content\/uploads\/2018\/10\/BERNARDO.mp3<\/a><\/audio>\n<p>&nbsp;<\/p>\n<p>&nbsp;<\/p>\n<p>&nbsp;<\/p>\n<p>&nbsp;<\/p>\n<h1>HACKATHON RURALE<\/h1>\n<p><strong>FELTRE<\/strong> Venerdi alle 11.30 a Palazzo Guarnieri\u00a0 presentazione Finale dell&#8217;Hackathon Rurale dell\u2019iniziativa SIparte, percorso di innovazione sociale e imprenditoria giovanile, realizzata nell\u2019ambito del progetto europeo SIMRA e organizzata da Etifor e dal GAL Prealpi e Dolomiti in collaborazione con l\u2019Universit\u00e0 degli Studi di Padova. All&#8217;iniziativa prenderanno parte una ventina di giovani che hanno avuto modo durante quest&#8217;esperienza formativa di progettare nuove idee imprenditoriali legate allo sviluppo sostenibile del territorio e all\u2019innovazione sociale.\u00a0 La presentazione prevede la descrizione del progetto, l&#8217;illustrazione delle idee da parte dei<br \/>\npartecipanti dell\u2019Hackathon, una riflessione sulle opportunit\u00e0 di sviluppo future<\/p>\n<p>&nbsp;<\/p>\n<p>&nbsp;<\/p>\n<p>&nbsp;<\/p>\n<p>&nbsp;<\/p>\n<p>&nbsp;<\/p>\n<h1>QUANDO UN SOGNO DIVENTA REALTA&#8217;<\/h1>\n<p><strong><a class=\"dt-pswp-item\" href=\"http:\/\/www.radiopiu.net\/wordpress\/wp-content\/uploads\/2018\/10\/download-1-1.jpg\" data-dt-img-description=\"\" data-large_image_width=\"275\" data-large_image_height=\"183\"><img loading=\"lazy\" decoding=\"async\" class=\"size-full wp-image-62568 alignleft\" src=\"http:\/\/www.radiopiu.net\/wordpress\/wp-content\/uploads\/2018\/10\/download-1-1.jpg\" alt=\"\" width=\"275\" height=\"183\" \/><\/a>PONTE NELLE ALPI<\/strong> La Casa di accoglienza Pollicino compie 10 anni. Celebrazione a Cadola La Casa Pollicino, il nostro sogno, il sogno di tutti noi volontari, compie 10 anni. Sembra ieri quando abbiamo dato il via al progetto, poi ai lavori e infine l&#8217;inaugurazione il 4 ottobre 2008. Quanti ricordi. Un decennio fatto di idee ardite, di grande lavoro, di enormi soddisfazioni, di molti sacrifici, di cupi pensieri da non dormir di notte, ma soprattutto di innumerevoli gioie. Da quel 4 ottobre i bambini di Petrosani, gli ultimi, quelli colpiti da handicap e i pi\u00f9 derelitti hanno una casa. Sanno di averla. E\u2019 Casa Pollicino. Oggi accoglie 92 bambini seguiti da 14 dipendenti del luogo.\u00a0 E&#8217; questo l&#8217;incipit dell&#8217;opuscolo redatto dall&#8217;associazione Pollicino che sar\u00e0 presentato a Ponte nelle Alpi, dove tutto \u00e8 nato, in coincidenza con la data che ricorda il taglio del nastro della Casa di accoglienza di Petrosani in Romania.<br \/>\nCos\u00ec venerd\u00ec 5 ottobre, alle 19, nella chiesa arcipretale di Cadola sar\u00e0 celebrata una messa di ringraziamento accompagnata dal Coro Femminile di Codissago. Seguir\u00e0 in sala Savio la presentazione dell&#8217;opuscolo che ricorda non solo i dieci anni di vita della Casa ma anche l&#8217;evento di quasi vent&#8217;anni fa da cui \u00e8 scaturita l&#8217;idea di Morena Pavei ed Enrico Collarin di realizzare il progetto. Un buffet chiuder\u00e0 la manifestazione, a cui tutti sono invitati a partecipare.\u00a0 La ricorrenza del decennio di attivit\u00e0 della Casa vuole essere anche l&#8217;elogio a tutte quelle persone, uomini e donne bellunesi di ogni estrazione sociale, che durante i tre anni della costruzione lavorarono con impegno e passione per completarla. Circa sessanta volontari fecero la spola tra l\u2019Italia e la Romania, intrapresero viaggi che non finivano mai lungo strade che vent\u2019anni fa erano poco meglio delle nostre interpoderali. Si adattarono ad alloggiare alla bell\u2019e meglio in condizioni a dir poco precarie, ben lontane dagli standard a cui sono abituati. E tutto a proprie spese. Ma realizzarono un goiellino. Nei suoi quasi mille metri quadrati disposti su tre piani la Casa comprende sale per le attivit\u00e0 didattiche e ludiche, una palestra con funzioni fisioterapiche, una moderna e ampia cucina con adiacente l\u2019area pranzo, camere da letto, guardaroba, uffici e sala riunioni, tanti servizi igienici con docce e bagni. All\u2019esterno c\u2019\u00e8 un ampio giardino con giochi vari e un grande castello gonfiabile. L&#8217;area verde \u00e8 dedicata a Vittorio Fregona, il sindaco di Ponte nelle Alpi che sostenne il progetto Pollicino. Da alcuni anni d\u00e0 i suoi frutti anche un gande orto didattico che d\u2019inverno diventa serra.\u00a0 &#8220;Mantenere attiva ai massimi livelli la Casa Pollicino &#8211; spiega il segretario Enrico Collarin &#8211; comporta un impegno economico straordinario di oltre 120 mila euro all\u2019anno \u2013 finora sono stati investiti un milione e 600 mila euro &#8211; fondi raccolti attraverso donazioni, attivit\u00e0 quotidiane di fundrasing ed organizzazioni di eventi da parte di decine di persone che si mobilitano da tutta la Val Belluna. L\u2019associazione, negli anni, ha potuto contare su oltre 400 iscritti tra i mille sostenitori&#8221;.<\/p>\n<p>&nbsp;<\/p>\n<p>&nbsp;<\/p>\n<p>&nbsp;<\/p>\n<p>&nbsp;<\/p>\n<p>&nbsp;<\/p>\n<h1><strong>START: PRIMI PASSI TRANFRONTALIERI PER IL SOCCORSO ALPINO DI DOMANI\u00a0<\/strong><\/h1>\n<p><a class=\"dt-pswp-item\" href=\"http:\/\/www.radiopiu.net\/wordpress\/wp-content\/uploads\/2018\/10\/start_29_09_18.jpg\" data-dt-img-description=\"\" data-large_image_width=\"2048\" data-large_image_height=\"1360\"><img loading=\"lazy\" decoding=\"async\" class=\"alignnone wp-image-62573 size-large\" src=\"http:\/\/www.radiopiu.net\/wordpress\/wp-content\/uploads\/2018\/10\/start_29_09_18-1024x680.jpg\" alt=\"\" width=\"1024\" height=\"680\" srcset=\"https:\/\/www.radiopiu.net\/wordpress\/wp-content\/uploads\/2018\/10\/start_29_09_18-1024x680.jpg 1024w, https:\/\/www.radiopiu.net\/wordpress\/wp-content\/uploads\/2018\/10\/start_29_09_18-300x199.jpg 300w, https:\/\/www.radiopiu.net\/wordpress\/wp-content\/uploads\/2018\/10\/start_29_09_18-768x510.jpg 768w, https:\/\/www.radiopiu.net\/wordpress\/wp-content\/uploads\/2018\/10\/start_29_09_18.jpg 2048w\" sizes=\"auto, (max-width: 1024px) 100vw, 1024px\" \/><\/a><\/p>\n<p><strong>BELLUNO.<\/strong> L\u2019Ulss Dolomiti e il Soccorso Alpino Dolomiti Bellunesi CNSAS hanno partecipato all\u2019incontro di avvio del progetto europeo Interreg Italia &#8211; Austria \u201cSTART\u201d che si \u00e8 svolto lo scorso weekend a Kals in Austria.<br \/>\nIl progetto vede il coinvolgimento di 7 partner afferenti a 4 province di paesi diversi che svilupperanno, attraverso una stretta cooperazione transfrontaliera, una collaborazione per migliorare l\u2019operativit\u00e0 del soccorso alpino e la sperimentazione di nuove tecnologie di soccorso. I partner del progetto sono: Soccorso Alpino e Speleologico Alto Adige CNSAS, Soccorso Alpino dell&#8217;Alpenverein S\u00fcdtirol, Azienda ULSS 1 Dolomiti con il Soccorso Alpino Dolimiti Bellunesi CNSAS, IDM Sudtirol &#8211; Alto Adige, Universit\u00e4t Klagenfurt e Eurac Research. Il progetto \u00e8 partito a gennaio 2018 durer\u00e0 36 mesi ed \u00e8 un iniziativa finanziata dal Fondo Europeo di Sviluppo Regionale e programma Interreg Italia Austria 2014-2020. Gli obiettivi di START sono: rafforzare la collaborazione istituzionale transfrontaliera e coordinare gli interventi di soccorso transfrontalieri; elaborare metodologie comuni per l\u2019introduzione e lo sviluppo di nuove tecnologie e processi; creare una regione pilota per esaminare tecnologie innovative secondo protocolli di test standardizzati; sviluppare applicazioni e supporti IT per migliorare il soccorso alpino e facilitare la collaborazione tra squadre di soccorso nelle zone di confine; favorire, anche oltre la durata del progetto, la collaborazione tra i soggetti che si occupano di soccorso lpino in modo da rendere pi\u00f9 efficiente e anche economicamente vantaggioso l\u2019utilizzo di nuove tecnologie che ottimizzano la catena di soccorso nell\u2019ambiente alpino. In occasione dell\u2019incontro dei partner in Austria dello scorso weekend, attraverso la metodologia del design thinking, si \u00e8 entrati nel vivo del progetto attraverso la creazione di gruppi di lavoro operativi che si sono dati obiettivi e scadenze precise per i prossimi mesi sulle seguenti tematiche: comunicazione, formazione, e-mobility, test area, hardware, innovazione organizzativa. La delegazione del Soccorso Alpini Dolomiti Bellunesi CNSAS e dell\u2019Ulss Dolomiti hanno potuto portare il contributo nei vari gruppi attraverso il confronto con gli altri soccorsi alpini partner di progetto e di scambiare buone pratiche.\u00a0 \u00ab\u00c8 stato interessante confrontarsi e scambiare idee e progetti su metodi organizzativi, uso di attrezzature, supporti tecnologici con i soccorritori di altre realt\u00e0 che condividono per\u00f2 le stesse problematiche del nostro territorio\u00bb, spiega il delegato del Soccorso Alpini Dolomiti Bellunesi, Alex Barattin, \u00abinoltre, abbiamo istaurato nuove relazioni di collaborazione e approfondito la conoscenza dei Soccorsi Alpini a noi limitrofi. Confido che questo progetto possa portare innovazioni concrete sia sullo sviluppo di nuovi. Ringrazio la Ulss 1 per la continua e proficua collaborazione e gli altri partner che con noi porteranno avanti questo progetto \u00bb<br \/>\nBelluno, 1 ottobre 2018<\/p>\n<p>&nbsp;<\/p>\n<p>&nbsp;<\/p>\n<p>&nbsp;<\/p>\n<p>&nbsp;<\/p>\n<p>&nbsp;<\/p>\n<p>&nbsp;<\/p>\n<h1>LA LUCCIOLATA DI CANALE D&#8217;AGORDO PER LA SLA E IL PARKINSON<\/h1>\n<p><strong><a class=\"dt-pswp-item\" href=\"http:\/\/www.radiopiu.net\/wordpress\/wp-content\/uploads\/2016\/04\/Canale_d_Agordo_dolomiti_stars.jpg\" data-dt-img-description=\"\" data-large_image_width=\"800\" data-large_image_height=\"600\"><img loading=\"lazy\" decoding=\"async\" class=\" wp-image-18333 alignleft\" src=\"http:\/\/www.radiopiu.net\/wordpress\/wp-content\/uploads\/2016\/04\/Canale_d_Agordo_dolomiti_stars-300x225.jpg\" alt=\"\" width=\"177\" height=\"133\" \/><\/a><\/strong><\/p>\n<p><strong>CANALE D&#8217;AGORDO<\/strong>\u00a0Sono stati donati i proventi della Lucciolata 2018 per la ricerca a favore della SLA e della malattia di Parkinson. Il tradizionale evento, giunto quest&#8217;anno alla dodicesima edizione, si \u00e8 svolto venerd\u00ec 3 agosto organizzato dalla Pro Loco di Canale d&#8217;Agordo e dalle Pro Loco di vallata in collaborazione con la classe 1951. La manifestazione \u00e8 stata dedicata a Giovanni Serafini e Giuseppe De Ventura (Bepino da Fregona), rispettivamente vice presidente e consigliere della Pro Loco di Canale d&#8217;Agordo, mancati improvvisamente. Proprio per questo motivo gli organizzatori hanno deciso di devolvere i proventi della serata alle associazioni che combattono la Sla e il Parkinson, malattie che avevano colpito Giovanni e Giuseppe, membri della Pro Loco. Non viene in ogni caso a mancare il sostegno all&#8217;associazione &#8220;Via di Natale Onlus&#8221; di Aviano, con la vendita dei tappi, la cui raccolta continua nei numerosi centri di raccolta. Al termine della manifestazione sono stati premiati &#8220;I Discreti&#8221;, gruppi volontaristici e persone che si sono distinte in Valle del Biois. In questa edizione sono stati riconosciuti i valori del Soccorso Alpino Val Biois, dei Pompieri Volontari di Canale d&#8217;Agordo e di Dante Fiocco, presidente dal Circolo Auser Val Biois. Un ringraziamento particolare a Cinzia e Nazzarena per la loro sensibilit\u00e0 e Franco Murer per la realizzazione del premio. Durante la serata \u00e8 stato infine presentata la raccolta di poesie scritte da Bepino da Fregona, il cui ricavato della vendita verr\u00e0 donato alla Pro Loco di Canale d&#8217;Agordo grazie alla moglie e ai figli. Un auspicio che la manifestazione abbia sempre una cos\u00ec grande partecipazione e che la Pro Loco abbia sempre il sostegno per la realizzazione di queste importanti iniziative.<\/p>\n<p>&nbsp;<\/p>\n<p>&nbsp;<\/p>\n<p>&nbsp;<\/p>\n<p>&nbsp;<\/p>\n<p>&nbsp;<\/p>\n<h1>LA COMUNANZA INCONTRA IL BOSCO<\/h1>\n<blockquote><p><em>Giornata di esibizione, formazione e approfondimento sulle tematiche forestali<\/em><\/p><\/blockquote>\n<p><strong><a class=\"dt-pswp-item\" href=\"http:\/\/www.radiopiu.net\/wordpress\/wp-content\/uploads\/2018\/10\/La-Comunanza-racconta-le-Regole-al-Centro-estivo-a-Pian-Formosa.jpg\" data-dt-img-description=\"\" data-large_image_width=\"763\" data-large_image_height=\"540\"><img loading=\"lazy\" decoding=\"async\" class=\" wp-image-62574 alignleft\" src=\"http:\/\/www.radiopiu.net\/wordpress\/wp-content\/uploads\/2018\/10\/La-Comunanza-racconta-le-Regole-al-Centro-estivo-a-Pian-Formosa-300x212.jpg\" alt=\"\" width=\"249\" height=\"176\" srcset=\"https:\/\/www.radiopiu.net\/wordpress\/wp-content\/uploads\/2018\/10\/La-Comunanza-racconta-le-Regole-al-Centro-estivo-a-Pian-Formosa-300x212.jpg 300w, https:\/\/www.radiopiu.net\/wordpress\/wp-content\/uploads\/2018\/10\/La-Comunanza-racconta-le-Regole-al-Centro-estivo-a-Pian-Formosa.jpg 763w\" sizes=\"auto, (max-width: 249px) 100vw, 249px\" \/><\/a>ALPAGO<\/strong> Nella mattinata di domenica prossima, 7 ottobre, si terranno presso la suggestiva localit\u00e0 di Pian Formosa, nel Comune di Chies d\u2019Alpago, alcuni momenti dedicati al settore forestale, importante tassello della nostra economia bellunese. A partire dalle ore 9.00, infatti si terranno dimostrazioni di taglio e sezionatura dei trochi con l\u2019ausilio di una segheria mobile con l\u2019intervento di Elia de Pr\u00e0 e un mini corso sulla manutenzione ordinaria della motosega e affilatura comprensivo di dimostrazioni tecniche e pratiche grazie alla partecipazione della ditta Da Canal Gilberto in collaborazione con X-Vertical. La partecipazione sar\u00e0 libera e gratuita e sar\u00e0 possibile iscriversi in loco. Mentre dalle ore 11.00 si svolger\u00e0 il convegno curato da Coldiretti Belluno dal titolo \u201cLa Certificazione Ambientale: importanza, finalit\u00e0 e prospettive future di un modello di sostenibilit\u00e0\u201d con la partecipazione del direttore Michele Nenz. Ad organizzare questo evento, che \u00e8 aperto a tutti e che si terr\u00e0 anche in caso di maltempo, dal titolo \u201cLa Comunanza incontra\u2026 IL BOSCO\u201d \u00e8 appunto la Comunanza delle Regole dell\u2019Alpago che dal 2016 raccoglie le istanze delle sette Regole ricostituitesi nella Conca dell\u2019Alpago. Il territorio regoliero occupa una superficie complessiva di circa 3000 ha, che si estende lungo la fascia montana e pedemontana dell\u2019Alpago. Gran parte dell\u2019attivit\u00e0 ordinaria delle Regole in Alpago consiste nella gestione dei boschi di faggio, finalizzata soprattutto alla produzione di legna, nello sfruttamento dei pascoli, con l\u2019allevamento della pecora alpagota e nella realizzazione e manutenzione della viabilit\u00e0 forestale di accesso alle aree montane. La gestione della propriet\u00e0 collettiva in forma tradizionale ha impedito nel recente passato la sua trasformazione, ed ha permesso la conservazione delle testimonianze dell\u2019antica vita rurale, oltre che il mantenimento di una straordinaria integrit\u00e0 e qualit\u00e0 ambientale. Accanto alla gestione del patrimonio antico, oggi le Regole dell\u2019Alpago sono attive con vari progetti a favorire la ristrutturazione e la conservazione del patrimonio edilizio delle malghe e degli alpeggi connessi, e di recente si sono impegnate con la Comunanza a sviluppare un progetto di valorizzazione ed infrastrutturazione del territorio, per favorire la sua fruizione mediante iniziative di turismo sostenibile, con l\u2019obiettivo di guardare ad un futuro lungo almeno quanto il loro passato.<\/p>\n<p>&nbsp;<\/p>\n<p>&nbsp;<\/p>\n<p>&nbsp;<\/p>\n<p>&nbsp;<\/p>\n<h1>CONCORSO PUBBLICO, ASSUNZIONE A TEMPO INDETERMINATO DELL&#8217; ISTRUTTORE DIRETTIVO TECNICO<\/h1>\n<p><strong><a class=\"dt-pswp-item\" href=\"http:\/\/www.radiopiu.net\/wordpress\/wp-content\/uploads\/2016\/11\/bandi-e-concorsi-1.jpg\" data-dt-img-description=\"\" data-large_image_width=\"285\" data-large_image_height=\"270\"><img loading=\"lazy\" decoding=\"async\" class=\" wp-image-25480 alignleft\" src=\"http:\/\/www.radiopiu.net\/wordpress\/wp-content\/uploads\/2016\/11\/bandi-e-concorsi-1.jpg\" alt=\"\" width=\"116\" height=\"110\" \/><\/a>FELTRE<\/strong> Via al concorso per un posto di istruttore direttivo presso l&#8217;U.O. Ambiente settore gestione territorio.\u00a0 Requisiti: possesso dei titoli di studio riportati nel testo del bando. Sono stati integrati i titoli di studio richiesti per la partecipazione al concorso pubblico sopra indicato, ammettendo anche le lauree in chimica &#8211; chimica industriale e scienze geologiche; il possesso di: patente di guida di cat. B.\u00a0 La data certa di scadenza per la presentazione delle domande sar\u00e0 pubblicata sul sito del Comune di Feltre al seguente indirizzo www.comune.feltre.bl.it (link: Amministrazione Trasparente \u2013 Bandi di concorso). Le domande di partecipazione presentate entro il termine originario di scadenza (ore 12.00 del 17\/09\/2018) restano acquisite, pertanto i candidati che hanno gi\u00e0 inoltrato la domanda di ammissione sulla base del precedente avviso non sono tenuti alla ripresentazione di nuova istanza. Il bando integrale \u00e8 scaricabile dal sito del Comune di Feltre www.comune.feltre.bl.it. Per informazioni rivolgersi all&#8217;Ufficio del Personale del Comune di Feltre &#8211; Tel. 0439\/885223. &#8221;<\/p>\n<p>&nbsp;<\/p>\n<p>&nbsp;<\/p>\n<p>&nbsp;<\/p>\n<p>&nbsp;<\/p>\n<p>&nbsp;<\/p>\n<h1>CORSI DI ITALIANO PER STRANIERI<\/h1>\n<p><strong><a class=\"dt-pswp-item\" href=\"http:\/\/www.radiopiu.net\/wordpress\/wp-content\/uploads\/2018\/10\/download-2.jpg\" data-dt-img-description=\"\" data-large_image_width=\"225\" data-large_image_height=\"225\"><img loading=\"lazy\" decoding=\"async\" class=\" wp-image-62566 alignleft\" src=\"http:\/\/www.radiopiu.net\/wordpress\/wp-content\/uploads\/2018\/10\/download-2.jpg\" alt=\"\" width=\"118\" height=\"118\" srcset=\"https:\/\/www.radiopiu.net\/wordpress\/wp-content\/uploads\/2018\/10\/download-2.jpg 225w, https:\/\/www.radiopiu.net\/wordpress\/wp-content\/uploads\/2018\/10\/download-2-150x150.jpg 150w\" sizes=\"auto, (max-width: 118px) 100vw, 118px\" \/><\/a><\/strong><\/p>\n<p><strong>AGORDO<\/strong> il Centro Provinciale per l&#8217;Istruzione degli Adulti di Belluno, in collaborazione con il Comune di Agordo e con lo Sportello Informa Immigrati dei Comuni dell&#8217;Agordino organizza a partire da questo mese dei corsi di italiano per adulti stranieri: gratuiti.\u00a0\u00a0INCONTRO DI PRESENTAZIONE MARTED\u00cc 9 OTTOBRE ALLE 14:30 presso la biblioteca.\u00a0 Per informazioni: Sportello Informa Immigrati di Agordo presso il Comune di Agordo (nelle giornate di marted\u00ec ore 11\/13 e di gioved\u00ec 16:30\/18\/30) \u2013 0437\/643097<\/p>\n<p><strong>L&#8217;ASSESSORE NADIA DELL&#8217;AGNOLA<\/strong><\/p>\n<audio class=\"wp-audio-shortcode\" id=\"audio-62549-9\" preload=\"none\" style=\"width: 100%;\" controls=\"controls\"><source type=\"audio\/mpeg\" src=\"http:\/\/www.radiopiu.net\/wordpress\/wp-content\/uploads\/2018\/10\/NADIA.mp3?_=9\" \/><a href=\"http:\/\/www.radiopiu.net\/wordpress\/wp-content\/uploads\/2018\/10\/NADIA.mp3\">http:\/\/www.radiopiu.net\/wordpress\/wp-content\/uploads\/2018\/10\/NADIA.mp3<\/a><\/audio>\n<p>&nbsp;<\/p>\n<p>&nbsp;<\/p>\n<p>&nbsp;<\/p>\n<p>&nbsp;<\/p>\n<p><a class=\"dt-pswp-item\" href=\"http:\/\/www.radiopiu.net\/wordpress\/wp-content\/uploads\/2018\/09\/appuntamenti.jpeg\" data-dt-img-description=\"\" data-large_image_width=\"800\" data-large_image_height=\"100\"><img loading=\"lazy\" decoding=\"async\" class=\"alignnone wp-image-61958 size-full\" src=\"http:\/\/www.radiopiu.net\/wordpress\/wp-content\/uploads\/2018\/09\/appuntamenti.jpeg\" alt=\"\" width=\"800\" height=\"100\" srcset=\"https:\/\/www.radiopiu.net\/wordpress\/wp-content\/uploads\/2018\/09\/appuntamenti.jpeg 800w, https:\/\/www.radiopiu.net\/wordpress\/wp-content\/uploads\/2018\/09\/appuntamenti-300x38.jpeg 300w, https:\/\/www.radiopiu.net\/wordpress\/wp-content\/uploads\/2018\/09\/appuntamenti-768x96.jpeg 768w\" sizes=\"auto, (max-width: 800px) 100vw, 800px\" \/><\/a><\/p>\n<h1><\/h1>\n<h1>LO STARE BENE CON I MERCOLEDI DA LEONE DEL GAS<\/h1>\n<p><strong><a class=\"dt-pswp-item\" href=\"http:\/\/www.radiopiu.net\/wordpress\/wp-content\/uploads\/2018\/03\/LIMANA.jpg\" data-dt-img-description=\"\" data-large_image_width=\"254\" data-large_image_height=\"198\"><img loading=\"lazy\" decoding=\"async\" class=\"size-full wp-image-44429 alignleft\" src=\"http:\/\/www.radiopiu.net\/wordpress\/wp-content\/uploads\/2018\/03\/LIMANA.jpg\" alt=\"\" width=\"254\" height=\"198\" \/><\/a><\/strong><\/p>\n<p>&nbsp;<\/p>\n<p>&nbsp;<\/p>\n<p>&nbsp;<\/p>\n<p><strong>LIMANA Nuovi appuntamenti con il Gruppo Acquisto solidale. Seconda edizione con filo conduttore la salute: nutrizione, benessere sport con Laura Fantozzi.<\/strong><\/p>\n<p>di Damiano Tormen<\/p>\n<audio class=\"wp-audio-shortcode\" id=\"audio-62549-10\" preload=\"none\" style=\"width: 100%;\" controls=\"controls\"><source type=\"audio\/mpeg\" src=\"http:\/\/www.radiopiu.net\/wordpress\/wp-content\/uploads\/2018\/10\/DAMIANO-LIMANA.mp3?_=10\" \/><a href=\"http:\/\/www.radiopiu.net\/wordpress\/wp-content\/uploads\/2018\/10\/DAMIANO-LIMANA.mp3\">http:\/\/www.radiopiu.net\/wordpress\/wp-content\/uploads\/2018\/10\/DAMIANO-LIMANA.mp3<\/a><\/audio>\n<p>&nbsp;<\/p>\n<p>&nbsp;<\/p>\n<p>&nbsp;<\/p>\n<p>&nbsp;<\/p>\n<p>&nbsp;<\/p>\n<h1>MERCOLEDI DELLA SALUTE<\/h1>\n<blockquote><p><em>Sclerosi multipla: nuove prospettive terapeutiche<\/em><\/p><\/blockquote>\n<p><strong>FELTRE<\/strong>. Per il ciclo Mercoled\u00ec della salute, mercoled\u00ec 3 ottobre alle 18.00 nella sala convegni dell\u2019ospedale di Feltre, si parler\u00e0 delle nuove prospettive di cura della sclerosi multipla con il direttore FF della neurologia di Feltre Piero Nicolao.<\/p>\n<p>&nbsp;<\/p>\n<p>&nbsp;<\/p>\n<p>&nbsp;<\/p>\n<h1>DA VENERDI SERA D&#8217;AUTUNNO CON IL CAI DI AGORDO<\/h1>\n\n\t\t\t<style type='text\/css'>\n\t\t\t\t#gallery-3 {\n\t\t\t\t\tmargin: auto;\n\t\t\t\t}\n\t\t\t\t#gallery-3 .gallery-item {\n\t\t\t\t\tfloat: left;\n\t\t\t\t\tmargin-top: 10px;\n\t\t\t\t\ttext-align: center;\n\t\t\t\t\twidth: 33%;\n\t\t\t\t}\n\t\t\t\t#gallery-3 img {\n\t\t\t\t\tborder: 2px solid #cfcfcf;\n\t\t\t\t}\n\t\t\t\t#gallery-3 .gallery-caption {\n\t\t\t\t\tmargin-left: 0;\n\t\t\t\t}\n\t\t\t\t\/* see gallery_shortcode() in wp-includes\/media.php *\/\n\t\t\t<\/style>\n\t\t<div id='gallery-3' class='dt-gallery-container gallery galleryid-62549 gallery-columns-3 gallery-size-thumbnail'><dl class='gallery-item'>\n\t\t\t\t<dt class='gallery-icon portrait'>\n\t\t\t\t\t<a class=\"rollover\" href='https:\/\/www.radiopiu.net\/wordpress\/giornale-radiopiu-03-ottobre-2018-direttore-mirko-mezzacasa\/whatsapp-image-2018-10-02-at-12-14-38\/'><img loading=\"lazy\" decoding=\"async\" width=\"150\" height=\"150\" src=\"https:\/\/www.radiopiu.net\/wordpress\/wp-content\/uploads\/2018\/10\/WhatsApp-Image-2018-10-02-at-12.14.38-e1538495737738-150x150.jpeg\" class=\"attachment-thumbnail size-thumbnail\" alt=\"\" \/><\/a>\n\t\t\t\t<\/dt><\/dl>\n\t\t\t\t<br style='clear: both' \/>\n\t\t\t<\/div>\n\n<p><strong>AGORDO<\/strong> Ritornano le serate di successo in Sala Don Tamis dedicate alla montagna, da venerdi al via Sere d&#8217;Autunno con un ricco programma (vedi manifesto). Presentazione ufficiale su Radio Pi\u00f9 con Anna Magro (presidente della sezione) e Antonello Cibien\u00a0 domani alle 15.30 e alle 21, venerdi alle 13.<\/p>\n<p>sintesi dell&#8217;intervista con Claudio Fontanive in occasione delle 12esima edizione.<\/p>\n<audio class=\"wp-audio-shortcode\" id=\"audio-62549-11\" preload=\"none\" style=\"width: 100%;\" controls=\"controls\"><source type=\"audio\/mpeg\" src=\"http:\/\/www.radiopiu.net\/wordpress\/wp-content\/uploads\/2018\/10\/SNNS.mp3?_=11\" \/><a href=\"http:\/\/www.radiopiu.net\/wordpress\/wp-content\/uploads\/2018\/10\/SNNS.mp3\">http:\/\/www.radiopiu.net\/wordpress\/wp-content\/uploads\/2018\/10\/SNNS.mp3<\/a><\/audio>\n<p>&nbsp;<\/p>\n<p>&nbsp;<\/p>\n<p>&nbsp;<\/p>\n<p>&nbsp;<\/p>\n<h1>IL RISVEGLIO DELLA FORESTA CON IL ROTARY CLUB BELLUNO<\/h1>\n<p><strong><a class=\"dt-pswp-item\" href=\"http:\/\/www.radiopiu.net\/wordpress\/wp-content\/uploads\/2018\/10\/download-2-1.jpg\" data-dt-img-description=\"\" data-large_image_width=\"229\" data-large_image_height=\"220\"><img loading=\"lazy\" decoding=\"async\" class=\" wp-image-62571 alignleft\" src=\"http:\/\/www.radiopiu.net\/wordpress\/wp-content\/uploads\/2018\/10\/download-2-1.jpg\" alt=\"\" width=\"119\" height=\"114\" \/><\/a>BELLUNO<\/strong> Domani alle 19.30 al Centro Giovanni XXIII (sala Muccina) incontro pubblico nell\u2019ambito degli incontri culturali anno 2018-19 (Presidente Angelo Paganin). Sar\u00e0 presente Giustino Mezzalira, direttore della sezione ricerca di Veneto Agricoltura. Per secoli le foreste ed il loro prodotto principale, il legno, sono stati parte integrante dell\u2019economia della montagna veneta. Poi, con le profonde trasformazioni socio- economiche del dopoguerra, il ruolo delle foreste e del legno nell\u2019economia locale sono venuti via via affievolendosi, fino a diventare del tutto marginali. Da qualche tempo per\u00f2 arrivano segnali che ci fanno pensare che le foreste potrebbero tornare al centro dei processi di sviluppo delle aree montane. Basti solo pensare all\u2019attenzione per il legno, al centro di tutti i ragionamenti sull\u2019economia circolare e sulla bioeconomia od all\u2019importanza che esse assumono per il turismo, le attivit\u00e0 all\u2019aria aperta, la conservazione della biodiversit\u00e0, la mitigazione degli impatti del cambiamento climatico. Durante la serata Giustino Mezzalira, Direttore della sezione Ricerca di Veneto Agricoltura, presenter\u00e0 il contenuto di un recente studio intitolato \u201cIl risveglio della foresta\u201d ed in particolare illustrer\u00e0 l\u2019analisi SWOT (punti di forza, le debolezze, le opportunit\u00e0 e le minacce), relativa alla foresta veneta.\u00a0\u00a0<strong>GIUSTINO MEZZALIRA\u00a0<\/strong>Nato a Vicenza, si \u00e8 laureato in Scienze Forestali all\u2019Universit\u00e0 di Padova nel 1982. Vanta 30 anni di attivit\u00e0 professionale, sia come funzionario pubblico (1986 \u2013 1999 presso l\u2019Azienda Regionale delle Foreste della Regione Veneto e, dal 2008, presso Veneto Agricoltura) sia come libero professionista (anni 1982-1986 e 1999-2008). La sua attivit\u00e0 professionale ha riguardato principalmente i temi delle ricerche faunistiche, delle attivit\u00e0 forestali nelle aziende agricole e dell\u2019utilizzo delle biomasse a fini energetici. E\u2019 stato tra i fondatori dell\u2019Associazione Italiana Energia dal Legno<\/p>\n<p>&nbsp;<\/p>\n<p>&nbsp;<\/p>\n<p>&nbsp;<\/p>\n<p>&nbsp;<\/p>\n<h1>W I NOSTRI NONNI!<\/h1>\n<p><a class=\"dt-pswp-item\" href=\"http:\/\/www.radiopiu.net\/wordpress\/wp-content\/uploads\/2018\/10\/WhatsApp-Image-2018-10-02-at-18.57.35.jpeg\" data-dt-img-description=\"\" data-large_image_width=\"768\" data-large_image_height=\"591\"><img loading=\"lazy\" decoding=\"async\" class=\"wp-image-62586 alignleft\" src=\"http:\/\/www.radiopiu.net\/wordpress\/wp-content\/uploads\/2018\/10\/WhatsApp-Image-2018-10-02-at-18.57.35-300x231.jpeg\" alt=\"\" width=\"323\" height=\"249\" srcset=\"https:\/\/www.radiopiu.net\/wordpress\/wp-content\/uploads\/2018\/10\/WhatsApp-Image-2018-10-02-at-18.57.35-300x231.jpeg 300w, https:\/\/www.radiopiu.net\/wordpress\/wp-content\/uploads\/2018\/10\/WhatsApp-Image-2018-10-02-at-18.57.35.jpeg 768w\" sizes=\"auto, (max-width: 323px) 100vw, 323px\" \/><\/a><\/p>\n<p>&nbsp;<\/p>\n<p>&nbsp;<\/p>\n<p>&nbsp;<\/p>\n<p><strong>VAL CORDEVOLE\u00a0 Ieri 2 ottobre era la festa dei nonni e in Alto Agordino i giovani di una volta saranno festeggiati domenica (giorno di festa) in palestra a Caprile, con la messa e il pranzo. Una festa riservata ai nati nell&#8217;anno 1951 e precedenti. Per motivi organizzati la presenza va confermata entro sabato telefonando oppure recandosi presso gli uffici comunali di Alleghe, Rocca Pietore e Selva di Cadore<\/strong><\/p>\n<p>L&#8217;INVITO DEL SINDACO DI SELVA DI CADORE, SILVIA CESTARO<\/p>\n<audio class=\"wp-audio-shortcode\" id=\"audio-62549-12\" preload=\"none\" style=\"width: 100%;\" controls=\"controls\"><source type=\"audio\/mpeg\" src=\"http:\/\/www.radiopiu.net\/wordpress\/wp-content\/uploads\/2018\/10\/SILVIA.mp3?_=12\" \/><a href=\"http:\/\/www.radiopiu.net\/wordpress\/wp-content\/uploads\/2018\/10\/SILVIA.mp3\">http:\/\/www.radiopiu.net\/wordpress\/wp-content\/uploads\/2018\/10\/SILVIA.mp3<\/a><\/audio>\n<p>E IERI A RADIO PIU&#8230;.. L&#8217;AUGURIO DI MONSIGNOR GIORGIO LISE<\/p>\n<audio class=\"wp-audio-shortcode\" id=\"audio-62549-13\" preload=\"none\" style=\"width: 100%;\" controls=\"controls\"><source type=\"audio\/ogg\" src=\"http:\/\/www.radiopiu.net\/wordpress\/wp-content\/uploads\/2018\/10\/WhatsApp-Ptt-2018-10-02-at-18.34.49.ogg?_=13\" \/><a href=\"http:\/\/www.radiopiu.net\/wordpress\/wp-content\/uploads\/2018\/10\/WhatsApp-Ptt-2018-10-02-at-18.34.49.ogg\">http:\/\/www.radiopiu.net\/wordpress\/wp-content\/uploads\/2018\/10\/WhatsApp-Ptt-2018-10-02-at-18.34.49.ogg<\/a><\/audio>\n<p>&nbsp;<\/p>\n<p>&nbsp;<\/p>\n<p>&nbsp;<\/p>\n<p>&nbsp;<\/p>\n<p>&nbsp;<\/p>\n<p>&nbsp;<\/p>\n<p>&nbsp;<\/p>\n<h1>MOVETE<\/h1>\n<p><strong><a class=\"dt-pswp-item\" href=\"http:\/\/www.radiopiu.net\/wordpress\/wp-content\/uploads\/2018\/10\/Movete-A3-2018-1-001.jpg\" data-dt-img-description=\"\" data-large_image_width=\"1684\" data-large_image_height=\"2381\"><img loading=\"lazy\" decoding=\"async\" class=\"size-medium wp-image-62570 alignleft\" src=\"http:\/\/www.radiopiu.net\/wordpress\/wp-content\/uploads\/2018\/10\/Movete-A3-2018-1-001-212x300.jpg\" alt=\"\" width=\"212\" height=\"300\" srcset=\"https:\/\/www.radiopiu.net\/wordpress\/wp-content\/uploads\/2018\/10\/Movete-A3-2018-1-001-212x300.jpg 212w, https:\/\/www.radiopiu.net\/wordpress\/wp-content\/uploads\/2018\/10\/Movete-A3-2018-1-001-768x1086.jpg 768w, https:\/\/www.radiopiu.net\/wordpress\/wp-content\/uploads\/2018\/10\/Movete-A3-2018-1-001-724x1024.jpg 724w, https:\/\/www.radiopiu.net\/wordpress\/wp-content\/uploads\/2018\/10\/Movete-A3-2018-1-001.jpg 1684w\" sizes=\"auto, (max-width: 212px) 100vw, 212px\" \/><\/a>LAMON Una giornata di sport e divertimetno per bambini\u00a0 e ragazzi domenica nella zona degli impianti sportivi, Dalle 10 alle 17 atletica, rugby, equitazione, zumba, arti marziali, yoga, calcio, danza, arrampicata, mountain bike, pesca sportiva, ginnastica, tennis e molto altro. Dalle 12 alle 14 cucina aperta con men\u00f9 completo.<\/strong><\/p>\n<p>&nbsp;<\/p>\n<p>&nbsp;<\/p>\n<h1><\/h1>\n<h1><\/h1>\n<h1><\/h1>\n<h1><\/h1>\n<h1><\/h1>\n<h1><\/h1>\n<p>&nbsp;<\/p>\n<p>&nbsp;<\/p>\n<p>&nbsp;<\/p>\n<p>&nbsp;<\/p>\n<h1>CON LA FIERA DEL BESTIAM AL SECONDO SABATO DI OTTOBRE TORNA &#8220;FORMAI E VIN&#8221;<\/h1>\n<p><strong><a class=\"dt-pswp-item\" href=\"http:\/\/www.radiopiu.net\/wordpress\/wp-content\/uploads\/2018\/10\/42787705_1739931949451148_1077264221168730112_n.jpg\" data-dt-img-description=\"\" data-large_image_width=\"877\" data-large_image_height=\"459\"><img loading=\"lazy\" decoding=\"async\" class=\" wp-image-62567 alignleft\" src=\"http:\/\/www.radiopiu.net\/wordpress\/wp-content\/uploads\/2018\/10\/42787705_1739931949451148_1077264221168730112_n-300x157.jpg\" alt=\"\" width=\"287\" height=\"150\" srcset=\"https:\/\/www.radiopiu.net\/wordpress\/wp-content\/uploads\/2018\/10\/42787705_1739931949451148_1077264221168730112_n-300x157.jpg 300w, https:\/\/www.radiopiu.net\/wordpress\/wp-content\/uploads\/2018\/10\/42787705_1739931949451148_1077264221168730112_n-768x402.jpg 768w, https:\/\/www.radiopiu.net\/wordpress\/wp-content\/uploads\/2018\/10\/42787705_1739931949451148_1077264221168730112_n.jpg 877w\" sizes=\"auto, (max-width: 287px) 100vw, 287px\" \/><\/a>AGORDO\u00a0<\/strong> Quarta edizione dell&#8217;evento pi\u00f9 saporito dell&#8217;anno. Ad Agordo Proloco organizza Formai e Vin, la rassegna eno-gastronomica dell&#8217;agordino, in concomitanza con la Fiera del Bestiam. <strong>GIOVED\u00ec 11 OTTOBRE<\/strong> dalle\u00a0 18 nel chiostro del Palazzo Crotta &#8211; De&#8217; Manzoni degustazione di formaggi dei produttori agordini in abbinata a vini di importanti cantine del Triveneto. L&#8217;entrata alla serata ha un costo di 5 euro fino ad esaurimento scorte.\u00a0<strong>VENERD\u00ec 12 E SABATO 13 OTTOBRE 2018\u00a0<\/strong>Tutto il giorno nei bar e ristoranti aderenti assaggio del formaggio e del vino proposto dal locale. Inoltre sabato 13 ottobre alle ore 10:30 sotto al tendone sul Broi sar\u00e0 presentata la preparazione in tutte le sue fasi del piatto tipico Gnocchi di Zucca.<\/p>\n<p>&nbsp;<\/p>\n<p>&nbsp;<\/p>\n<p>&nbsp;<\/p>\n<p>&nbsp;<\/p>\n<p>&nbsp;<\/p>\n<p>&nbsp;<\/p>\n<p>&nbsp;<\/p>\n<h1>TURISMO ITINERANTE NELLE DOLOMITI BELLUNESI<\/h1>\n<blockquote><p><em>\u00abTurismo itinerante nelle Dolomiti Bellunesi: un giusto equilibrio tra natura, attivit\u00e0 fisica e conoscenza\u00bb<\/em><\/p><\/blockquote>\n<p><strong>LONGARONE<\/strong> \u00c8 il titolo del convegno nel quadro di \u00abDolomiti Show\u00bb che si terr\u00e0 all\u2019interno del Polo fieristico di Longarone il 6-7 ottobre 2018. Il convegno \u00e8 promosso dal Campeggio Club Belluno. Nel corso dei lavori sono previsti, tra l\u2019altro, gli interventi di alcuni imprenditori del settore: agro-turistico e commerciale, imprenditori artigiani che propongono beni e mestieri della tradizione bellunese oltre che alcuni operatori del settore socio-culturale e ricreativo con le loro offerte per presentare, al turismo itinerante, le peculiarit\u00e0 della nostra provincia.<br \/>\nNel corso dei lavori, Ezio Paganin e Alessio Salatin illustreranno un progetto per dotare i campeggi e aree camper della provincia di Belluno di un sistema telematico per la prenotazione degli stalli e dei servizi turistici favorendo lo sviluppo del turismo itinerante nella provincia di Belluno. In questo modo il turista pu\u00f2 organizzare gi\u00e0 da casa il proprio itinerario prenotando: aree di sosta, eventuali visite guidate collegate a quell\u2019area di interesse e dei servizi offerti e, soprattutto, godere delle bellezze naturali e architettoniche presenti nel territorio.<\/p>\n<blockquote>\n<h1><\/h1>\n<\/blockquote>\n<h1><\/h1>\n<p>&nbsp;<\/p>\n<p>&nbsp;<\/p>\n<blockquote><p>&nbsp;<\/p><\/blockquote>\n<h1><a class=\"dt-pswp-item\" href=\"http:\/\/www.radiopiu.net\/wordpress\/wp-content\/uploads\/2018\/09\/sport.jpg\" data-dt-img-description=\"\" data-large_image_width=\"800\" data-large_image_height=\"100\"><img loading=\"lazy\" decoding=\"async\" class=\"alignnone wp-image-60761 size-full\" src=\"http:\/\/www.radiopiu.net\/wordpress\/wp-content\/uploads\/2018\/09\/sport.jpg\" alt=\"\" width=\"800\" height=\"100\" srcset=\"https:\/\/www.radiopiu.net\/wordpress\/wp-content\/uploads\/2018\/09\/sport.jpg 800w, https:\/\/www.radiopiu.net\/wordpress\/wp-content\/uploads\/2018\/09\/sport-300x38.jpg 300w, https:\/\/www.radiopiu.net\/wordpress\/wp-content\/uploads\/2018\/09\/sport-768x96.jpg 768w\" sizes=\"auto, (max-width: 800px) 100vw, 800px\" \/><\/a><\/h1>\n<h1><\/h1>\n<p>&nbsp;<\/p>\n<h1>SKIROLL INTERNAZIONALE SPORTFUL, 40ESIMA EDIZIONE CON ALCUNI TRA I MIGLIORI ATLETI AL MONDO<\/h1>\n<p><a class=\"dt-pswp-item\" href=\"http:\/\/www.radiopiu.net\/wordpress\/wp-content\/uploads\/2018\/10\/IMG_20181002_122241.jpg\" data-dt-img-description=\"\" data-large_image_width=\"5310\" data-large_image_height=\"2987\"><img loading=\"lazy\" decoding=\"async\" class=\"wp-image-62562 alignleft\" src=\"http:\/\/www.radiopiu.net\/wordpress\/wp-content\/uploads\/2018\/10\/IMG_20181002_122241.jpg\" alt=\"\" width=\"323\" height=\"182\" srcset=\"https:\/\/www.radiopiu.net\/wordpress\/wp-content\/uploads\/2018\/10\/IMG_20181002_122241.jpg 5310w, https:\/\/www.radiopiu.net\/wordpress\/wp-content\/uploads\/2018\/10\/IMG_20181002_122241-300x169.jpg 300w, https:\/\/www.radiopiu.net\/wordpress\/wp-content\/uploads\/2018\/10\/IMG_20181002_122241-768x432.jpg 768w, https:\/\/www.radiopiu.net\/wordpress\/wp-content\/uploads\/2018\/10\/IMG_20181002_122241-1024x576.jpg 1024w\" sizes=\"auto, (max-width: 323px) 100vw, 323px\" \/><\/a><strong>FELTRE<\/strong>\u00a0Conto alla rovescia per la 40esima edizione della \u201cGara Internazionale di Skiroll Sportful\u201d, una classicissima della disciplina, addirittura un appuntamento storico per lo sport feltrino e bellunese. Grazie al costante impegno della famiglia Cremonese e degli organizzatori (Sci Nordico Sportful, Polisportiva Sovramonte ed Enal Sport Villaga), la due giorni di gare (sabato 6 ottobre alle 18 la \u201cSprint dei Campioni\u201d in Campogiorgio, domenica mattina dalle 10 la tradizionale ascesa da Pedavena a Croce d\u2019Aune) si annuncia anche quest\u2019anno come un appuntamento di assoluto livello e richiamo a livello nazionale e non solo. La competizione sar\u00e0 infatti valida anche come campionato italiano assoluto in salita della disciplina e rappresenta una sorta di ultimo test in vista dell\u2019avvio della stagione invernale degli sci stretti, oramai alle porte. Anche per questo nel fine settimana arriver\u00e0 a Feltre e Pedavena tutta la nazionale italiana maschile di fondo, con atleti del calibro di Federico Pellegrino, Dietmar Noeckler, Maicol Rastelli, Francesco Defabiani, Mirco Bertolina e Giandomenico Salvadori. Con loro le atlete della nazionale femminile Elisa Brocard, Greta Laurent, Ilaria Debertolis, Lucia Scardoni, Anna Comarella, Caterina Ganz, Sara Pellegrini, Virginia De Martin Topranin. Sulle rampe del Passo Croce d\u2019Aune si sfideranno poi anche gli atleti delle nazionali di Ucraina, Spagna e Andorra, oltre ai migliori giovani del circuito e due campioni norvegesi del calibro di e Anders Gl\u00f8ersen e Eide Mari.<\/p>\n<blockquote><p>\u201c<em>Non possiamo che essere soddisfatti per un appuntamento che ha saputo resistere e rafforzarsi lungo 40 anni di storia, tanto da accreditarsi come uno dei punti di riferimento assoluti a livello nazionale per la disciplina dello skiroll\u201d, le parole di Alessio Cremonese, amministratore delegato di Manifattura Valcismon. \u201cVedere cos\u00ec tanti campioni alle partenze di Feltre e Pedavena, ha aggiunto Cremonese, ci rende orgogliosi e ci sprona ad andare avanti, ben oltre il traguardo dei 40 anni\u201d.<\/em><\/p><\/blockquote>\n<p><strong>AI MICROFONI DI RADIO PIU&#8217; IL SINDACO PAOLO PERENZIN<\/strong><\/p>\n<audio class=\"wp-audio-shortcode\" id=\"audio-62549-14\" preload=\"none\" style=\"width: 100%;\" controls=\"controls\"><source type=\"audio\/mpeg\" src=\"http:\/\/www.radiopiu.net\/wordpress\/wp-content\/uploads\/2018\/10\/PERENZIN.mp3?_=14\" \/><a href=\"http:\/\/www.radiopiu.net\/wordpress\/wp-content\/uploads\/2018\/10\/PERENZIN.mp3\">http:\/\/www.radiopiu.net\/wordpress\/wp-content\/uploads\/2018\/10\/PERENZIN.mp3<\/a><\/audio>\n<p>&nbsp;<\/p>\n<p>&nbsp;<\/p>\n<p>&nbsp;<\/p>\n<p>&nbsp;<\/p>\n<h1>NEL TEMPIO DELLA VELOCITA\u2019 FONTANA PUNTA AL RISCATTO<\/h1>\n<p><strong>audio ROBERTO BONA<\/strong><\/p>\n<audio class=\"wp-audio-shortcode\" id=\"audio-62549-15\" preload=\"none\" style=\"width: 100%;\" controls=\"controls\"><source type=\"audio\/mpeg\" src=\"http:\/\/www.radiopiu.net\/wordpress\/wp-content\/uploads\/2018\/10\/ANDREA-FONTANA.mp3?_=15\" \/><a href=\"http:\/\/www.radiopiu.net\/wordpress\/wp-content\/uploads\/2018\/10\/ANDREA-FONTANA.mp3\">http:\/\/www.radiopiu.net\/wordpress\/wp-content\/uploads\/2018\/10\/ANDREA-FONTANA.mp3<\/a><\/audio>\n<p>&nbsp;<\/p>\n<p><a class=\"dt-pswp-item\" href=\"http:\/\/www.radiopiu.net\/wordpress\/wp-content\/uploads\/2018\/10\/20992789_10207439662869484_4580338666297395275_n-e1538499741234.jpg\" data-dt-img-description=\"\" data-large_image_width=\"960\" data-large_image_height=\"960\"><img loading=\"lazy\" decoding=\"async\" class=\" wp-image-62585 alignleft\" src=\"http:\/\/www.radiopiu.net\/wordpress\/wp-content\/uploads\/2018\/10\/20992789_10207439662869484_4580338666297395275_n-e1538499741234-300x300.jpg\" alt=\"\" width=\"154\" height=\"154\" srcset=\"https:\/\/www.radiopiu.net\/wordpress\/wp-content\/uploads\/2018\/10\/20992789_10207439662869484_4580338666297395275_n-e1538499741234-300x300.jpg 300w, https:\/\/www.radiopiu.net\/wordpress\/wp-content\/uploads\/2018\/10\/20992789_10207439662869484_4580338666297395275_n-e1538499741234-150x150.jpg 150w, https:\/\/www.radiopiu.net\/wordpress\/wp-content\/uploads\/2018\/10\/20992789_10207439662869484_4580338666297395275_n-e1538499741234-768x768.jpg 768w, https:\/\/www.radiopiu.net\/wordpress\/wp-content\/uploads\/2018\/10\/20992789_10207439662869484_4580338666297395275_n-e1538499741234.jpg 960w\" sizes=\"auto, (max-width: 154px) 100vw, 154px\" \/><\/a>E\u2019 tempo di tornare in pista per Andrea Fontana questo week end alla guida della sua bellissima Ferrari 488 GT3 del Team Easy Race sul tracciato pi\u00f9 famoso d\u2019Italia: Monza ENI Circuit. In quello che tutti considerano a livello internazionale il \u201ctempio della velocit\u00e0\u201d, il bellunese punta dritto al podio e a recuperare alcuni punti perso nel corso della stagione a seguito di episodi sfortunati. Come sempre, a rendere molto intensa la battaglia, ci saranno i molti piloti e team impegnati nella categoria GT3 che, proprio in questa gara, vedr\u00e0 l\u2019arrivo di altre due vetture identiche a quella di Fontana schierate dal Team AF Corse, usualmente impegnato come team ufficiale Ferrari nel World Endurance Championship. Il velocissimo tracciato lombardo potrebbe esaltare le doti velocistiche del pilota veneto che dovr\u00e0 comunque fare sempre i conti con il Balance of Performance deciso dal Bureau Tecnico di ACI che, sino ad oggi, ha spesso penalizzato le prestazioni motoristiche del propulsore sovralimentato di Maranello. Fontana, insieme al compagno di squadra Daniel Mancinelli, occupa ora la quinta piazza in classifica generale con due round ancora da disputare in questa stagione. Andrea Fontana: \u201cSono molto carico e non vedo l\u2019ora di correre questo week end. Monza \u00e8 sempre una pista molto spettacolare ed emozionante per cui sar\u00e0 sicuramente un week end speciale. Sar\u00e0 una gara indubbiamente complessa per noi perch\u00e9 il BOP sino ad oggi ci ha penalizzato molto in termini di velocit\u00e0 di punta, la nostra vettura si esalta nei circuiti tecnici grazie alla buona aereodinamica perci\u00f2 non sar\u00e0 facile colmare il gap di potenza a Monza. Spero che cambi qualcosa in questa ultima parte della stagione per poter centrare l\u2019obiettivo del terzo posto assoluto in campionato. Alcuni episodi sfortunati durante la stagione ci hanno fatto perdere punti importanti ma siamo sempre stati molto competitivi ed ora cercheremo il riscatto nel finale di stagione\u201d Il programma del week end monzese prevede l\u2019accensione dei motori Venerd\u00ec 5 Ottobre con le due sessioni di prove libere (10:45-14:45) per poi proseguire l\u2019indomani, Sabato 6, con le qualifiche (09:45) e con lo start di Gara 1 (14:00) che avr\u00e0 durata 48\u2019+1 giro. Domenica 7 avr\u00e0 poi luogo Gara 2, sempre della durata di 48\u2019+1 giro, che partir\u00e0 sempre alle ore 14. Entrambe le manche di gara saranno trasmesse LIVE sul canale RAI Sport 2 (canale 58 \u2013 DTT) e in LIVE Streaming sul sito www.acisport.it e sulla pagina FB Campionato Italiano GT.<\/p>\n<p>&nbsp;<\/p>\n<p>&nbsp;<\/p>\n<h1>VOLLEY UNDER 16<\/h1>\n<p><a class=\"dt-pswp-item\" href=\"http:\/\/www.radiopiu.net\/wordpress\/wp-content\/uploads\/2018\/09\/download-12.jpg\" data-dt-img-description=\"\" data-large_image_width=\"290\" data-large_image_height=\"173\"><img loading=\"lazy\" decoding=\"async\" class=\"size-full wp-image-61801 alignleft\" src=\"http:\/\/www.radiopiu.net\/wordpress\/wp-content\/uploads\/2018\/09\/download-12.jpg\" alt=\"\" width=\"290\" height=\"173\" \/><\/a><\/p>\n<p>&nbsp;<\/p>\n<p>&nbsp;<\/p>\n<p>Seconda partita di campionato Mareno-Volley Club Agordino. Le ragazze lottano per 3 set e poi crollano cedendo al Mareno. Sabato al Palarova arriva il Codogn\u00e8.<\/p>\n<p><strong>di Marco Gaz<\/strong><\/p>\n<audio class=\"wp-audio-shortcode\" id=\"audio-62549-16\" preload=\"none\" style=\"width: 100%;\" controls=\"controls\"><source type=\"audio\/mpeg\" src=\"http:\/\/www.radiopiu.net\/wordpress\/wp-content\/uploads\/2018\/10\/gr-03-volley-club-agordino-under-16.mp3?_=16\" \/><a href=\"http:\/\/www.radiopiu.net\/wordpress\/wp-content\/uploads\/2018\/10\/gr-03-volley-club-agordino-under-16.mp3\">http:\/\/www.radiopiu.net\/wordpress\/wp-content\/uploads\/2018\/10\/gr-03-volley-club-agordino-under-16.mp3<\/a><\/audio>\n<p>&nbsp;<\/p>\n<p>&nbsp;<\/p>\n<p>&nbsp;<\/p>\n<p>&nbsp;<\/p>\n<p><a class=\"dt-pswp-item\" href=\"http:\/\/www.radiopiu.net\/wordpress\/wp-content\/uploads\/2018\/09\/WhatsApp-Image-2018-09-20-at-16.04.06.jpeg\" data-dt-img-description=\"\" data-large_image_width=\"800\" data-large_image_height=\"100\"><img loading=\"lazy\" decoding=\"async\" class=\"alignnone wp-image-61378 size-full\" src=\"http:\/\/www.radiopiu.net\/wordpress\/wp-content\/uploads\/2018\/09\/WhatsApp-Image-2018-09-20-at-16.04.06.jpeg\" alt=\"\" width=\"800\" height=\"100\" srcset=\"https:\/\/www.radiopiu.net\/wordpress\/wp-content\/uploads\/2018\/09\/WhatsApp-Image-2018-09-20-at-16.04.06.jpeg 800w, https:\/\/www.radiopiu.net\/wordpress\/wp-content\/uploads\/2018\/09\/WhatsApp-Image-2018-09-20-at-16.04.06-300x38.jpeg 300w, https:\/\/www.radiopiu.net\/wordpress\/wp-content\/uploads\/2018\/09\/WhatsApp-Image-2018-09-20-at-16.04.06-768x96.jpeg 768w\" sizes=\"auto, (max-width: 800px) 100vw, 800px\" \/><\/a><\/p>\n<h1>PREVISIONI DEL TEMPO DA OGGI A SABATO<\/h1>\n<p><strong>Mercoledi 3<\/strong><br \/>\nTempo atteso: Cielo sereno o poco nuvoloso, salvo qualche annuvolamento un po&#8217; pi\u00f9 esteso sulle Dolomiti settentrionali. Probabile nebbia in Val Belluna al primo mattino, in lento dissolvimento. Clima diurno relativamente caldo per la stagione.<br \/>\nPrecipitazioni: Assenti (0%).<br \/>\nTemperature: In aumento, anche sensibile nei valori massimi, salvo rimanere stazionarie o diminuire leggermente le minime a fondovalle, con conseguente inversione termica notturna. Su Prealpi a 1500 m min 7\u00b0C max 13\u00b0C, a 2000 m min 6\u00b0C max 8\u00b0C, su Dolomiti a 2000 m 2\u00b0C max 8\u00b0C, a 3000 m min -1\u00b0C max 2\u00b0C.<br \/>\nVenti: Nelle valli generalmente deboli; in quota moderati o tesi da Nord Nord-Ovest, 10-30 km\/h a 2000 m, 25-40 km\/h a 3000 m.<br \/>\n<strong>Giovedi 4<\/strong><br \/>\nTempo atteso: Cielo sereno o poco nuvoloso, con possibile nebbia in Val Belluna al primo mattino.<br \/>\nPrecipitazioni: Assenti (0%)<br \/>\nTemperature: Massime in diminuzione in quota, per il resto senza variazioni di rilievo. Su Prealpi a 1500 m min 4\u00b0C max 9\u00b0C, a 2000 m min 3\u00b0C max 7\u00b0C, su Dolomiti a 2000 m 1\u00b0C max 10\u00b0C, a 3000 m min 1\u00b0C max 3\u00b0C.<br \/>\nVenti: Nelle valli da deboli a moderati a regime di brezza; in quota deboli o moderati da Nord-Est, a 10\/15 km\/h a 2000 m, a 15-20 km\/h a 3000 m.<br \/>\n<strong>Venerdi 5<\/strong><br \/>\nAltra bella giornata di sole, con temperature nella norma. In serata possibile aumento della nuvolosit\u00e0 medio\/alta, ad iniziare dalle Prealpi. Venti in quota in genere deboli orientali, in rotazione a Sud.<br \/>\n<strong>Sabato 6<\/strong><br \/>\nEvoluzione incerta, probabilmente cielo molto nuvoloso con possibili deboli precipitazioni. Temperature stazionarie. Venti in quota deboli o moderati meridionali. Previsore: B.R.<\/p>\n","protected":false},"excerpt":{"rendered":"<p>VIABILITA&#8217; PASSO GIAU: CHIUSURE &nbsp; &nbsp; OPERAZIONE ULTIMO TRENO BELLUNO I\u00a0Carabinieri del Comando di Belluno\u00a0 hanno portato a termine, con una serie di perquisizioni, l\u2019indagine \u201cUltimo treno\u201d. L\u2019attivit\u00e0 investigativa condotta dagli uomini del Nucleo Operativo e Radiomobile della Compagnia tesa a contrastare l\u2019uso di stupefacenti in citt\u00e0,\u00a0 ha avuto inizio lo scorso maggio a seguito&hellip;<\/p>\n","protected":false},"author":1,"featured_media":62625,"comment_status":"closed","ping_status":"closed","sticky":false,"template":"","format":"standard","meta":{"_monsterinsights_skip_tracking":false,"_monsterinsights_sitenote_active":false,"_monsterinsights_sitenote_note":"","_monsterinsights_sitenote_category":0,"footnotes":""},"categories":[1,86],"tags":[],"class_list":["post-62549","post","type-post","status-publish","format-standard","has-post-thumbnail","hentry","category-senza-categoria","category-gr","category-1","category-86","description-off"],"img_url":"https:\/\/www.radiopiu.net\/wordpress\/wp-content\/uploads\/2018\/10\/WhatsApp-Image-2018-10-03-at-08.36.52.jpeg","_links":{"self":[{"href":"https:\/\/www.radiopiu.net\/wordpress\/wp-json\/wp\/v2\/posts\/62549","targetHints":{"allow":["GET"]}}],"collection":[{"href":"https:\/\/www.radiopiu.net\/wordpress\/wp-json\/wp\/v2\/posts"}],"about":[{"href":"https:\/\/www.radiopiu.net\/wordpress\/wp-json\/wp\/v2\/types\/post"}],"author":[{"embeddable":true,"href":"https:\/\/www.radiopiu.net\/wordpress\/wp-json\/wp\/v2\/users\/1"}],"replies":[{"embeddable":true,"href":"https:\/\/www.radiopiu.net\/wordpress\/wp-json\/wp\/v2\/comments?post=62549"}],"version-history":[{"count":0,"href":"https:\/\/www.radiopiu.net\/wordpress\/wp-json\/wp\/v2\/posts\/62549\/revisions"}],"wp:featuredmedia":[{"embeddable":true,"href":"https:\/\/www.radiopiu.net\/wordpress\/wp-json\/wp\/v2\/media\/62625"}],"wp:attachment":[{"href":"https:\/\/www.radiopiu.net\/wordpress\/wp-json\/wp\/v2\/media?parent=62549"}],"wp:term":[{"taxonomy":"category","embeddable":true,"href":"https:\/\/www.radiopiu.net\/wordpress\/wp-json\/wp\/v2\/categories?post=62549"},{"taxonomy":"post_tag","embeddable":true,"href":"https:\/\/www.radiopiu.net\/wordpress\/wp-json\/wp\/v2\/tags?post=62549"}],"curies":[{"name":"wp","href":"https:\/\/api.w.org\/{rel}","templated":true}]}}