{"id":62593,"date":"2018-10-03T04:59:52","date_gmt":"2018-10-03T02:59:52","guid":{"rendered":"http:\/\/www.radiopiu.net\/wordpress\/?p=62593"},"modified":"2018-10-04T05:01:45","modified_gmt":"2018-10-04T03:01:45","slug":"luxottica-la-fusione-e-welfare-oggi-a-radio-piu-alle-10-30-e-1900-in-cisl-la-voce-dei-lavoratori","status":"publish","type":"post","link":"https:\/\/www.radiopiu.net\/wordpress\/luxottica-la-fusione-e-welfare-oggi-a-radio-piu-alle-10-30-e-1900-in-cisl-la-voce-dei-lavoratori\/","title":{"rendered":"LUXOTTICA, LA FUSIONE E WELFARE, OGGI A RADIO PIU ALLE 10.30 E 1900 IN CISL LA VOCE DEI LAVORATORI\u00a0"},"content":{"rendered":"<h1><\/h1>\n<p><strong><a class=\"dt-pswp-item\" href=\"http:\/\/www.radiopiu.net\/wordpress\/wp-content\/uploads\/2018\/05\/luxottica.jpg\" data-dt-img-description=\"\" data-large_image_width=\"244\" data-large_image_height=\"207\"><img loading=\"lazy\" decoding=\"async\" class=\"wp-image-48459 alignleft\" src=\"http:\/\/www.radiopiu.net\/wordpress\/wp-content\/uploads\/2018\/05\/luxottica.jpg\" alt=\"\" width=\"172\" height=\"146\" \/><\/a><\/strong><\/p>\n<p><strong>TAIBON<\/strong> Quindicinale appuntamento con Cisl la Voce dei Lavoratori a RADIO PIU, immancabile i riferimenti alle nuove operazioni welfare, ne parler\u00e0 dettagliatamente Paolo Chissal\u00e8 della Rsu Luxottica di Agordo. Purtroppo ancora una volta emergono le criticit\u00e0 della sanit\u00e0 di montagna con un ospedale di Agordo sempre pi\u00f9 depotenziato come lo stesso Chissal\u00e8 metter\u00e0 in evidenza parlando l&#8217;ormai famoso check up: iniziativa riservata\u00a0 ai dipendenti over 50 e a breve sar\u00e0 estesa agli over 40 ampliando la platea<\/p>\n<audio class=\"wp-audio-shortcode\" id=\"audio-62593-1\" preload=\"none\" style=\"width: 100%;\" controls=\"controls\"><source type=\"audio\/mpeg\" src=\"http:\/\/www.radiopiu.net\/wordpress\/wp-content\/uploads\/2018\/10\/CHISSA-1.mp3?_=1\" \/><a href=\"http:\/\/www.radiopiu.net\/wordpress\/wp-content\/uploads\/2018\/10\/CHISSA-1.mp3\">http:\/\/www.radiopiu.net\/wordpress\/wp-content\/uploads\/2018\/10\/CHISSA-1.mp3<\/a><\/audio>\n<p>&nbsp;<\/p>\n<p>&nbsp;<\/p>\n<p>&nbsp;<\/p>\n","protected":false},"excerpt":{"rendered":"<p>TAIBON Quindicinale appuntamento con Cisl la Voce dei Lavoratori a RADIO PIU, immancabile i riferimenti alle nuove operazioni welfare, ne parler\u00e0 dettagliatamente Paolo Chissal\u00e8 della Rsu Luxottica di Agordo. Purtroppo ancora una volta emergono le criticit\u00e0 della sanit\u00e0 di montagna con un ospedale di Agordo sempre pi\u00f9 depotenziato come lo stesso Chissal\u00e8 metter\u00e0 in evidenza&hellip;<\/p>\n","protected":false},"author":1,"featured_media":48459,"comment_status":"closed","ping_status":"closed","sticky":false,"template":"","format":"standard","meta":{"_monsterinsights_skip_tracking":false,"_monsterinsights_sitenote_active":false,"_monsterinsights_sitenote_note":"","_monsterinsights_sitenote_category":0,"footnotes":""},"categories":[49],"tags":[],"class_list":["post-62593","post","type-post","status-publish","format-standard","has-post-thumbnail","hentry","category-news-18","category-49","description-off"],"img_url":"https:\/\/www.radiopiu.net\/wordpress\/wp-content\/uploads\/2018\/05\/luxottica.jpg","_links":{"self":[{"href":"https:\/\/www.radiopiu.net\/wordpress\/wp-json\/wp\/v2\/posts\/62593","targetHints":{"allow":["GET"]}}],"collection":[{"href":"https:\/\/www.radiopiu.net\/wordpress\/wp-json\/wp\/v2\/posts"}],"about":[{"href":"https:\/\/www.radiopiu.net\/wordpress\/wp-json\/wp\/v2\/types\/post"}],"author":[{"embeddable":true,"href":"https:\/\/www.radiopiu.net\/wordpress\/wp-json\/wp\/v2\/users\/1"}],"replies":[{"embeddable":true,"href":"https:\/\/www.radiopiu.net\/wordpress\/wp-json\/wp\/v2\/comments?post=62593"}],"version-history":[{"count":0,"href":"https:\/\/www.radiopiu.net\/wordpress\/wp-json\/wp\/v2\/posts\/62593\/revisions"}],"wp:featuredmedia":[{"embeddable":true,"href":"https:\/\/www.radiopiu.net\/wordpress\/wp-json\/wp\/v2\/media\/48459"}],"wp:attachment":[{"href":"https:\/\/www.radiopiu.net\/wordpress\/wp-json\/wp\/v2\/media?parent=62593"}],"wp:term":[{"taxonomy":"category","embeddable":true,"href":"https:\/\/www.radiopiu.net\/wordpress\/wp-json\/wp\/v2\/categories?post=62593"},{"taxonomy":"post_tag","embeddable":true,"href":"https:\/\/www.radiopiu.net\/wordpress\/wp-json\/wp\/v2\/tags?post=62593"}],"curies":[{"name":"wp","href":"https:\/\/api.w.org\/{rel}","templated":true}]}}