{"id":62658,"date":"2018-10-04T06:08:17","date_gmt":"2018-10-04T04:08:17","guid":{"rendered":"http:\/\/www.radiopiu.net\/wordpress\/?p=62658"},"modified":"2018-10-04T09:56:56","modified_gmt":"2018-10-04T07:56:56","slug":"giornale-radiopiu-04-ottobre-2018-direttore-mirko-mezzacasa","status":"publish","type":"post","link":"https:\/\/www.radiopiu.net\/wordpress\/giornale-radiopiu-04-ottobre-2018-direttore-mirko-mezzacasa\/","title":{"rendered":"GIORNALE RADIOPIU 04 OTTOBRE 2018 DIRETTORE MIRKO MEZZACASA"},"content":{"rendered":"<p>&nbsp;<\/p>\n<p>&nbsp;<\/p>\n<p>&nbsp;<\/p>\n<h1><\/h1>\n<h1><\/h1>\n<h1>SAN BOLDO: TROVATO SENZA VITA CERCATORE DI FUNGHI<\/h1>\n<p><strong><a class=\"dt-pswp-item\" href=\"http:\/\/www.radiopiu.net\/wordpress\/wp-content\/uploads\/2018\/10\/IMG-20181003-WA0001.jpg\" data-dt-img-description=\"\" data-large_image_width=\"1600\" data-large_image_height=\"1200\"><img loading=\"lazy\" decoding=\"async\" class=\" wp-image-62655 alignleft\" src=\"http:\/\/www.radiopiu.net\/wordpress\/wp-content\/uploads\/2018\/10\/IMG-20181003-WA0001-300x225.jpg\" alt=\"\" width=\"195\" height=\"146\" srcset=\"https:\/\/www.radiopiu.net\/wordpress\/wp-content\/uploads\/2018\/10\/IMG-20181003-WA0001-300x225.jpg 300w, https:\/\/www.radiopiu.net\/wordpress\/wp-content\/uploads\/2018\/10\/IMG-20181003-WA0001-768x576.jpg 768w, https:\/\/www.radiopiu.net\/wordpress\/wp-content\/uploads\/2018\/10\/IMG-20181003-WA0001-1024x768.jpg 1024w, https:\/\/www.radiopiu.net\/wordpress\/wp-content\/uploads\/2018\/10\/IMG-20181003-WA0001.jpg 1600w\" sizes=\"auto, (max-width: 195px) 100vw, 195px\" \/><\/a>CISMON DI VALMARINO<\/strong> E&#8217;\u00a0\u00a0stato purtroppo ritrovato senza vita Roberto Migotto, 72 anni, di Oderzo (TV), scomparso luned\u00ec scorso mentre andava in cerca di funghi con due amici sopra il San Boldo, non distante da Malga Campo. Nel pomeriggio di ieri una camionetta ferma al semaforo ha intravisto qualcosa sopra la strada all&#8217;altezza della prima galleria e alla verifica \u00e8 risultato essere il corpo dello sfortunato fungaiolo, finito in un punto impossibile da individuare anche con i mezzi aerei. L&#8217;uomo deve essere scivolato dal pendio, ruzzolando e cadendo da un salto di una cinquantina di metri.<\/p>\n<p>&nbsp;<\/p>\n<p>&nbsp;<\/p>\n<div class=\"page-title title-left solid-bg breadcrumbs-mobile-off page-title-responsive-enabled\">\n<div class=\"wf-wrap\">\n<div class=\"page-title-head hgroup\">\n<h1><\/h1>\n<\/div>\n<h1><\/h1>\n<\/div>\n<\/div>\n<h1><\/h1>\n<h1>BARISTA MORTO A VENEZIA, CORDOGLIO ANCHE A FALCADE<\/h1>\n<p><strong>FALCADE<\/strong> E&#8217; morto stroncato da infarto Roberto Furlan. Si \u00e8 sentito male nel posto di lavoro aveva 52 anni e tempo lavorava dietro al bancone dell\u2019hotel La Fenice di Venezia. Furlan aveva lavorato in diversi locali anche a Falcade.<\/p>\n<h1><\/h1>\n<p>&nbsp;<\/p>\n<h1>FUORI STRADA AL PASQUER, NON SI ESCLUDE IL MALORE. DUE DONNE IN OSPEDALE<\/h1>\n<p><strong>FELTRE<\/strong> Come hanno confermato alcuni testimoni la Ford Fiesta \u00a0zigzagava poi l\u2019uscita di strada con il ferimento sia della conducente, sia della passeggera, entrambe trasportate all\u2019ospedale di Feltre. Pi\u00f9 grave \u00e8 la conducente, D.S. di 27 anni, che ha riportato traumi importanti, la prognosi \u00e8 riservata. La passeggera, C.N. di 25 anni, \u00e8 stata tenuta in<br \/>\nosservazione fino al tardo pomeriggio al pronto soccorso, ma le sue condizioni non destano preoccupazioni. Incidente nel pomeriggio di ieri\u00a0\u00a0al Pasquer (Sr 50), uscita di strada autonoma con l&#8217;auto finita nella propriet\u00e0 privata in fondo a una scarpata. Forse la donna\u00a0\u00a0\u00e8 stata colta da malore.<\/p>\n<p>&nbsp;<\/p>\n<p>&nbsp;<\/p>\n<h1>BIMBO CADE DALLA BICI, E&#8217; GRAVE<\/h1>\n<p><strong>SANTA GIUSTINA<\/strong> Un bambino di sette anni \u00e8 caduto mentre pedalava lungo la pista ciclabile di Meano, ma non sembra essere in pericolo di vita i traumi sono di un certo rilievo causa l\u2019impatto del corpo con il manubrio della bici.\u00a0 E&#8217; intervenuto anche l&#8217;elicottero del Suem che ha trasportato il bambino, intubato al ospedale C\u00e0 Foncello di Treviso. Nel pomeriggio \u00e8 stato operato in seguito al politrauma.<\/p>\n<p>&nbsp;<\/p>\n<p>&nbsp;<\/p>\n<div class=\"page-title-head hgroup\">\n<h1 class=\"entry-title\">QUERO VAS \u2013 CADE DALL\u2019IMPALCATURA, \u00c8 GRAVE.<\/h1>\n<\/div>\n<div class=\"page-title-breadcrumbs\"><strong>QUERO Ancora un incidente sul lavoro che ha coinvolto un operaio edile: Armando Bagatella 72enne di Quero.\u00a0<\/strong>\u00a0Ieri dopo essere salito su impalcatura alta quasi 2 metri, all\u2019esterno della sua abitazione \u00e8\u00a0 caduto al suolo riportando un trauma. L&#8217;uomo \u00e8 stato elitrasportato urgentemnete al pronto soccorso dell\u2019ospedale civile di Treviso.L\u2019impalcatura era stata eretta per effettuare lavori edili da parte impresa individuale \u201cRoman Romeo\u201d che informata da personale spisal Ulls 1 Dolomiti sezione di Feltre interveniva sul posto. Attualmente l\u2019uomo \u00e8 in prognosi riservata.<\/div>\n<p>&nbsp;<\/p>\n<h1><\/h1>\n<h1>5 PATENTI RITIRATE IN POCHI GIORNI<\/h1>\n<p><strong><a class=\"dt-pswp-item\" href=\"http:\/\/www.radiopiu.net\/wordpress\/wp-content\/uploads\/2018\/10\/WhatsApp-Image-2018-10-03-at-12.16.41.jpeg\" data-dt-img-description=\"\" data-large_image_width=\"567\" data-large_image_height=\"419\"><img loading=\"lazy\" decoding=\"async\" class=\"size-medium wp-image-62645 alignleft\" src=\"http:\/\/www.radiopiu.net\/wordpress\/wp-content\/uploads\/2018\/10\/WhatsApp-Image-2018-10-03-at-12.16.41-300x222.jpeg\" alt=\"\" width=\"300\" height=\"222\" srcset=\"https:\/\/www.radiopiu.net\/wordpress\/wp-content\/uploads\/2018\/10\/WhatsApp-Image-2018-10-03-at-12.16.41-300x222.jpeg 300w, https:\/\/www.radiopiu.net\/wordpress\/wp-content\/uploads\/2018\/10\/WhatsApp-Image-2018-10-03-at-12.16.41.jpeg 567w\" sizes=\"auto, (max-width: 300px) 100vw, 300px\" \/><\/a>BELLUNO\u00a0<\/strong>L&#8217;attento controllo dei Carabinieri e le conseguenze di incidenti stradali hanno portato negli ultimi giorni al ritiro di 5 documenti di guida, altrettante le vetture messe sotto sequestro e 5 persone denunciate in stato di libert\u00e0. Tre gli incidenti stradali. Tutte le denunce per guida in stato di ebrezza contestate dai Carabinieri di Feltre e Belluno.\u00a0<strong>FELTRE<\/strong>\u00a0l&#8217;altra notte alle 2.15 incidente senza feriti in Viale Pedavena, una Alfa Romeo Giulietta condotta da\u00a0 T.S.\u00a0 24enne di Belluno si \u00e8 scontrata con l&#8217;auto condotta da H.H.\u00a0 21 anni residente a Fonzaso (entrambi stranieri ). Il primo veniva trovato con un tasso alcolico di 1,05,\u00a0 l&#8217; altro con 1,21.\u00a0<strong>TRICHIANA<\/strong>\u00a0 P.M.\u00a0 63enne di Trichiana a bordo di una Fiat Punto ha omesso\u00a0 di dare la precedenza ad altro veicolo. Il suo tasso alcolico era di 2,43\u00a0<strong>SEDICO\u00a0 <\/strong>\u00a0sempre all&#8217;un dell&#8217;altra notte ha\u00a0 incidente senza feriti causato da E.V. 56enne del luogo entrato in collisione con altro mezzo. Tasso alcoolico 2.09. <strong>PONTE NELLE ALPI<\/strong> Alle 21 di martedi sera\u00a0 sottoposto a controllo alcolimetrico,\u00a0 R.M. 50enne residente nel feltrino a bordo del suo Fiat Doblo \u00e8 stato\u00a0 trovato con un tasso alcolico di 2.18<\/p>\n<p>&nbsp;<\/p>\n<p>&nbsp;<\/p>\n<p>&nbsp;<\/p>\n<p>&nbsp;<\/p>\n<h1><\/h1>\n<h1><\/h1>\n<h1>E&#8217; SCOMPARSO ALDO SPONGA,<\/h1>\n<p><strong><a class=\"dt-pswp-item\" href=\"http:\/\/www.radiopiu.net\/wordpress\/wp-content\/uploads\/2018\/10\/aldo_sponga.jpg\" data-dt-img-description=\"\" data-large_image_width=\"1629\" data-large_image_height=\"1800\"><img loading=\"lazy\" decoding=\"async\" class=\" wp-image-62687 alignleft\" src=\"http:\/\/www.radiopiu.net\/wordpress\/wp-content\/uploads\/2018\/10\/aldo_sponga-272x300.jpg\" alt=\"\" width=\"132\" height=\"146\" srcset=\"https:\/\/www.radiopiu.net\/wordpress\/wp-content\/uploads\/2018\/10\/aldo_sponga-272x300.jpg 272w, https:\/\/www.radiopiu.net\/wordpress\/wp-content\/uploads\/2018\/10\/aldo_sponga-768x849.jpg 768w, https:\/\/www.radiopiu.net\/wordpress\/wp-content\/uploads\/2018\/10\/aldo_sponga-927x1024.jpg 927w, https:\/\/www.radiopiu.net\/wordpress\/wp-content\/uploads\/2018\/10\/aldo_sponga.jpg 1629w\" sizes=\"auto, (max-width: 132px) 100vw, 132px\" \/><\/a>SEDICO\u00a0<\/strong>Un altro pezzo della storia dell\u2019Associazione Bellunesi nel Mondo viene a mancare. Aldo Sponga, nato il 9 settembre 1931 a Sedico, si e spento il 23 settembre 2018 all&#8217;et\u00e0 di 87 anni a Biel\/Bienne nel canton Berna, Svizzera. Nel lontano 1956 emigr\u00f2 in Svizzera come muratore. Nel 1958 si spos\u00f2 con Odetta Ferrari, ebbero due figli, Claudio e Enzo. Aldo incontr\u00f2 diversi bellunesi a Bienne e cos\u00ec, nel 1968, \u00e8 stato uno dei soci fondatori della Famiglia Bellunese di Bienne. Aldo era un assiduo socio, amava l&#8217;amicizia e la gioia di vivere in compagnia e non mancava alle Assemblee e ai consigli direttivi. Fino al 1981 era attivo come segretario della Famiglia Bellunese di Bienne, e in occasione del rinnovo delle cariche associative nel 1982 viene eletto presidente della stessa Famiglia. <em>\u00abDi certo ricorderemo l\u2019amico Aldo &#8211; comunica sempre De Bona &#8211; alla XIX edizione del Premio internazionale Bellunesi che hanno onorato la provincia di Belluno in Italia e all\u2019estero in programma il 15 dicembre a San Gregorio nelle Alpi\u00bb.\u00a0<\/em>I funerali di Aldo Sponga saranno celebrati sabato 13 ottobre alle ore 11 nella chiesa di Cristo Re, Geyisriedweg 31, 2504 Biel\/Bienne, Berna, Svizzera.<\/p>\n<p>&nbsp;<\/p>\n<p>&nbsp;<\/p>\n<p>&nbsp;<\/p>\n<h1><\/h1>\n<p>&nbsp;<\/p>\n<p>&nbsp;<\/p>\n<h1>LA PROTESTA DI DIGOMAN PER DISTURBO ALLA QUIETE PUBBLICA , CHIESTO L&#8217;INTERVENTO DI SINDACO E CARABINIERI<\/h1>\n<p><strong><a class=\"dt-pswp-item\" href=\"http:\/\/www.radiopiu.net\/wordpress\/wp-content\/uploads\/2018\/10\/images.jpg\" data-dt-img-description=\"\" data-large_image_width=\"275\" data-large_image_height=\"183\"><img loading=\"lazy\" decoding=\"async\" class=\"size-full wp-image-62659 alignleft\" src=\"http:\/\/www.radiopiu.net\/wordpress\/wp-content\/uploads\/2018\/10\/images.jpg\" alt=\"\" width=\"275\" height=\"183\" \/><\/a><\/strong><\/p>\n<p><strong>VOLTAGO<\/strong> Non porta alcuna firma ed \u00e8 quindi documento anonimo quello inviato al sindaco di Voltago Bruno Zanvit, al Comandante dei Carabinieri di Agordo, luogotenente Antonio D&#8217;Alcamo e alla redazione di Radio Pi\u00f9. O meglio la firma ci sarebbe &#8220;un gruppo di Digomaner&#8221;, ovvero gli abitanti della piccola frazione fra Voltago e Rivamonte. E&#8217; comunque una denuncia importante e i Carabinieri gi\u00e0 stanno acquisendo notizie in proposito. Questo il testo dattiloscritto: &#8220;Da circa due mesi al sabato pomeriggio e anche di domenica in localit\u00e0 Mariot di Digoman alcuni giovani si esercitano su una pista abusiva con moto da cross con marmitta alterata, addirittura assente e il rumore \u00e8 assordante. In frazione Digoman il disturbo \u00e8 notevole, ma anche fino al paese di Voltago in spregio all&#8217;articolo 659 e 660 del codice penale. Per questo l&#8217;invito alle autorit\u00e0 di intervenire per porre fine a simili manifestazioni, i caso contrario i residenti di Digoman sono intenzionati a intraprendere altre azioni legali. (foto archivio, Pixnio)<\/p>\n<blockquote>\n<h2 class=\"tab-title\">Il dispositivo dell&#8217;art. 659 Codice penale\u00a0 \u00a0\u00a0<a style=\"font-size: 14px; font-weight: normal;\" title=\"Dizionario Giuridico: Schiamazzi e rumori\" href=\"https:\/\/www.brocardi.it\/dizionario\/5389.html\">schiamazzi o rumori<\/a><span style=\"font-size: 14px; font-weight: normal;\">, Chiunque mediante schiamazzi o rumori, ovvero abusando di strumenti sonori o di segnalazioni acustiche&#8230;.. disturba le occupazioni o il riposo delle persone &#8230;..<\/span><span style=\"font-size: 14px; font-weight: normal;\">\u00a0\u00e8 punito con l&#8217;<\/span><a style=\"font-size: 14px; font-weight: normal;\" title=\"Dizionario Giuridico: Arresto\" href=\"https:\/\/www.brocardi.it\/dizionario\/5505.html\">arresto<\/a><span style=\"font-size: 14px; font-weight: normal;\">\u00a0fino a tre mesi o con l&#8217;<\/span><a style=\"font-size: 14px; font-weight: normal;\" title=\"Dizionario Giuridico: Ammenda\" href=\"https:\/\/www.brocardi.it\/dizionario\/6032.html\">ammenda<\/a><span style=\"font-size: 14px; font-weight: normal;\">\u00a0fino a trecentonove euro. Si applica l&#8217;ammenda da 103 auto a 516 euro&#8230;.\u00a0<\/span><\/h2>\n<p>&nbsp;<\/p><\/blockquote>\n<h1>RICEVIAMO E PUBBLICHIAMO<\/h1>\n<p><strong>DA CATERINA DE BIASIO CENCENIGHE\u00a0<\/strong><\/p>\n<p><strong>Ho appena sentito la notizia che a Digoman qualcuno disturba con i motorini da cross e vorrei segnalare che ieri pomeriggio a Cencenighe mentre passeggiavo col cane in zona Coi mi son trovata davanti 2 motorini rumorosi e puzzolenti oltre che pericolosi visto il sentiero su cui stavo .Ho urlato loro contro e son spariti .P.S son De Biasio Caterina ,capisco che son ragazzi ma in quella zona ci sono tanti bambini che giocano fuori e appena dopo un sentiero appena sistemato con i fondi Europei e non certo per le moto da cross.<\/strong><\/p>\n<p>&nbsp;<\/p>\n<p>&nbsp;<\/p>\n<p>&nbsp;<\/p>\n<h1><\/h1>\n<h1><\/h1>\n<h1><\/h1>\n<h1>SELVA DI CADORE, OGGI SENZ&#8217;ACQUA<\/h1>\n<blockquote><p>Gestione Servizi Pubblici informa che, per lavori alla rete idrica comunale, OGGI dalle 9 a FINE LAVORI potrebbe mancare l&#8217;acqua a SELVA DI CADORE, frazioni FILIP, RIVA, VIDOT, ZAMBELLI, ZANATA e ZARDIN.<\/p><\/blockquote>\n<p>&nbsp;<\/p>\n<p>&nbsp;<\/p>\n<h1><\/h1>\n<h1><\/h1>\n<h1>80 MILA EURO ALL&#8217;ANNO PER 5 ANNI, QUESTO IL CONTRIBUTO LUXOTTICA PER I SERVIZI A NEONATI ED ANZIANI AFFETTI DA GRAVI PATOLOGIE DEGENERATIVE.<\/h1>\n<p><strong>AGORDO<\/strong> Luxottica, Comune di Agordo e Asca guardano con ottimismo al futuro sia dell&#8217;Asilo Nido con nuovi servizi anche presso lo stabilimento dell&#8217;azienda dell&#8217;occhiale, che del centro diurno presso il polifunzionale di Agordo.<\/p>\n\n\t\t\t<style type='text\/css'>\n\t\t\t\t#gallery-1 {\n\t\t\t\t\tmargin: auto;\n\t\t\t\t}\n\t\t\t\t#gallery-1 .gallery-item {\n\t\t\t\t\tfloat: left;\n\t\t\t\t\tmargin-top: 10px;\n\t\t\t\t\ttext-align: center;\n\t\t\t\t\twidth: 33%;\n\t\t\t\t}\n\t\t\t\t#gallery-1 img {\n\t\t\t\t\tborder: 2px solid #cfcfcf;\n\t\t\t\t}\n\t\t\t\t#gallery-1 .gallery-caption {\n\t\t\t\t\tmargin-left: 0;\n\t\t\t\t}\n\t\t\t\t\/* see gallery_shortcode() in wp-includes\/media.php *\/\n\t\t\t<\/style>\n\t\t<div id='gallery-1' class='dt-gallery-container gallery galleryid-62658 gallery-columns-3 gallery-size-thumbnail'><dl class='gallery-item'>\n\t\t\t\t<dt class='gallery-icon landscape'>\n\t\t\t\t\t<a class=\"rollover\" href='https:\/\/www.radiopiu.net\/wordpress\/giornale-radiopiu-04-ottobre-2018-direttore-mirko-mezzacasa\/whatsapp-image-2018-10-03-at-18-40-24\/'><img loading=\"lazy\" decoding=\"async\" width=\"150\" height=\"150\" src=\"https:\/\/www.radiopiu.net\/wordpress\/wp-content\/uploads\/2018\/10\/WhatsApp-Image-2018-10-03-at-18.40.24-150x150.jpeg\" class=\"attachment-thumbnail size-thumbnail\" alt=\"\" \/><\/a>\n\t\t\t\t<\/dt><\/dl><dl class='gallery-item'>\n\t\t\t\t<dt class='gallery-icon landscape'>\n\t\t\t\t\t<a class=\"rollover\" href='https:\/\/www.radiopiu.net\/wordpress\/giornale-radiopiu-04-ottobre-2018-direttore-mirko-mezzacasa\/whatsapp-image-2018-10-03-at-17-40-42\/'><img loading=\"lazy\" decoding=\"async\" width=\"150\" height=\"150\" src=\"https:\/\/www.radiopiu.net\/wordpress\/wp-content\/uploads\/2018\/10\/WhatsApp-Image-2018-10-03-at-17.40.42-150x150.jpeg\" class=\"attachment-thumbnail size-thumbnail\" alt=\"\" \/><\/a>\n\t\t\t\t<\/dt><\/dl><dl class='gallery-item'>\n\t\t\t\t<dt class='gallery-icon landscape'>\n\t\t\t\t\t<a class=\"rollover\" href='https:\/\/www.radiopiu.net\/wordpress\/giornale-radiopiu-04-ottobre-2018-direttore-mirko-mezzacasa\/whatsapp-image-2018-10-03-at-17-40-19\/'><img loading=\"lazy\" decoding=\"async\" width=\"150\" height=\"150\" src=\"https:\/\/www.radiopiu.net\/wordpress\/wp-content\/uploads\/2018\/10\/WhatsApp-Image-2018-10-03-at-17.40.19-150x150.jpeg\" class=\"attachment-thumbnail size-thumbnail\" alt=\"\" \/><\/a>\n\t\t\t\t<\/dt><\/dl><br style=\"clear: both\" \/>\n\t\t\t<\/div>\n\n<p><strong>DI GIANNI SANTOMASO<\/strong><\/p>\n<audio class=\"wp-audio-shortcode\" id=\"audio-62658-1\" preload=\"none\" style=\"width: 100%;\" controls=\"controls\"><source type=\"audio\/mpeg\" src=\"http:\/\/www.radiopiu.net\/wordpress\/wp-content\/uploads\/2018\/10\/gianni-1.mp3?_=1\" \/><a href=\"http:\/\/www.radiopiu.net\/wordpress\/wp-content\/uploads\/2018\/10\/gianni-1.mp3\">http:\/\/www.radiopiu.net\/wordpress\/wp-content\/uploads\/2018\/10\/gianni-1.mp3<\/a><\/audio>\n<p><strong>A SEDICO TROPPI BAMBINI, AD AGORDO CI SONO ANCORA POSTI&#8230;<\/strong><\/p>\n<audio class=\"wp-audio-shortcode\" id=\"audio-62658-2\" preload=\"none\" style=\"width: 100%;\" controls=\"controls\"><source type=\"audio\/ogg\" src=\"http:\/\/www.radiopiu.net\/wordpress\/wp-content\/uploads\/2018\/10\/GIANNI-2.ogg?_=2\" \/><a href=\"http:\/\/www.radiopiu.net\/wordpress\/wp-content\/uploads\/2018\/10\/GIANNI-2.ogg\">http:\/\/www.radiopiu.net\/wordpress\/wp-content\/uploads\/2018\/10\/GIANNI-2.ogg<\/a><\/audio>\n<p><strong>IL SINDACO DI AGORDO, SISTO DA ROIT<\/strong><\/p>\n<audio class=\"wp-audio-shortcode\" id=\"audio-62658-3\" preload=\"none\" style=\"width: 100%;\" controls=\"controls\"><source type=\"audio\/mpeg\" src=\"http:\/\/www.radiopiu.net\/wordpress\/wp-content\/uploads\/2018\/10\/SISTO.mp3?_=3\" \/><a href=\"http:\/\/www.radiopiu.net\/wordpress\/wp-content\/uploads\/2018\/10\/SISTO.mp3\">http:\/\/www.radiopiu.net\/wordpress\/wp-content\/uploads\/2018\/10\/SISTO.mp3<\/a><\/audio>\n<blockquote><p><em><strong>Martedi alle 15.10 speciale a\u00a0 RADIO PIU con tutte le spiegazioni dell&#8217;amministratore unico dell&#8217;Asca, Maria Chiara Santin e del presidente dell&#8217;azienda Agordo Servizi (asilo nido e farmacia comuanle) Sergio De Riva.<\/strong><\/em><\/p><\/blockquote>\n<p>&nbsp;<\/p>\n<p>&nbsp;<\/p>\n<p>&nbsp;<\/p>\n<p>&nbsp;<\/p>\n<h1>QUANDO IL COLLE SCENDE IN LAGUNA<\/h1>\n<p><strong><a class=\"dt-pswp-item\" href=\"http:\/\/www.radiopiu.net\/wordpress\/wp-content\/uploads\/2018\/10\/NEVEGAL.jpg\" data-dt-img-description=\"\" data-large_image_width=\"275\" data-large_image_height=\"183\"><img loading=\"lazy\" decoding=\"async\" class=\"size-full wp-image-62712 alignleft\" src=\"http:\/\/www.radiopiu.net\/wordpress\/wp-content\/uploads\/2018\/10\/NEVEGAL.jpg\" alt=\"\" width=\"275\" height=\"183\" \/><\/a><\/strong><\/p>\n<p>&nbsp;<\/p>\n<p>&nbsp;<\/p>\n<p><strong>BELLUNO Ma il Colle chiude davvero? 11.000 euro raccolti dalla Proloco e intervento del Comune con 30 mila euro in acquisto skipass, saranno sufficienti?<\/strong><\/p>\n<p><strong>DI DAMIANO TORMEN<\/strong><\/p>\n<audio class=\"wp-audio-shortcode\" id=\"audio-62658-4\" preload=\"none\" style=\"width: 100%;\" controls=\"controls\"><source type=\"audio\/mpeg\" src=\"http:\/\/www.radiopiu.net\/wordpress\/wp-content\/uploads\/2018\/10\/DAMIANO.mp3?_=4\" \/><a href=\"http:\/\/www.radiopiu.net\/wordpress\/wp-content\/uploads\/2018\/10\/DAMIANO.mp3\">http:\/\/www.radiopiu.net\/wordpress\/wp-content\/uploads\/2018\/10\/DAMIANO.mp3<\/a><\/audio>\n<blockquote>\n<h1><\/h1>\n<\/blockquote>\n<h1><\/h1>\n<p>&nbsp;<\/p>\n<p>&nbsp;<\/p>\n<p>&nbsp;<\/p>\n<blockquote><p>&nbsp;<\/p><\/blockquote>\n<h1>AUDIO, INTERVISTA A RADIO PIU<\/h1>\n<blockquote class=\"wp-embedded-content\" data-secret=\"Yv7KY0dDsd\"><p><a href=\"http:\/\/www.radiopiu.net\/wordpress\/dolomites-street-2-sabato-e-domenica-motori-e-festa-da-malga-ciapela-a-falcade\/\">DOLOMITES STREET -2, SABATO E DOMENICA MOTORI E FESTA! DA MALGA CIAPELA A FALCADE<\/a><\/p><\/blockquote>\n<p><iframe loading=\"lazy\" class=\"wp-embedded-content\" sandbox=\"allow-scripts\" security=\"restricted\" style=\"position: absolute; clip: rect(1px, 1px, 1px, 1px);\" src=\"http:\/\/www.radiopiu.net\/wordpress\/dolomites-street-2-sabato-e-domenica-motori-e-festa-da-malga-ciapela-a-falcade\/embed\/#?secret=Yv7KY0dDsd\" data-secret=\"Yv7KY0dDsd\" width=\"600\" height=\"338\" title=\"&#8220;DOLOMITES STREET -2, SABATO E DOMENICA MOTORI E FESTA! DA MALGA CIAPELA A FALCADE&#8221; &#8212; Radio Pi\u00f9\" frameborder=\"0\" marginwidth=\"0\" marginheight=\"0\" scrolling=\"no\"><\/iframe><\/p>\n<h1><\/h1>\n<p>&nbsp;<\/p>\n<p>&nbsp;<\/p>\n<h1>APERTO L&#8217;ANNO ACCADEMICO DI INFERMIERISTICA<\/h1>\n<p><strong><a class=\"dt-pswp-item\" href=\"http:\/\/www.radiopiu.net\/wordpress\/wp-content\/uploads\/2018\/10\/IMG_20181003_090532.jpg\" data-dt-img-description=\"\" data-large_image_width=\"3968\" data-large_image_height=\"2976\"><img loading=\"lazy\" decoding=\"async\" class=\"size-medium wp-image-62682 alignleft\" src=\"http:\/\/www.radiopiu.net\/wordpress\/wp-content\/uploads\/2018\/10\/IMG_20181003_090532-300x225.jpg\" alt=\"\" width=\"300\" height=\"225\" srcset=\"https:\/\/www.radiopiu.net\/wordpress\/wp-content\/uploads\/2018\/10\/IMG_20181003_090532-300x225.jpg 300w, https:\/\/www.radiopiu.net\/wordpress\/wp-content\/uploads\/2018\/10\/IMG_20181003_090532-768x576.jpg 768w, https:\/\/www.radiopiu.net\/wordpress\/wp-content\/uploads\/2018\/10\/IMG_20181003_090532-1024x768.jpg 1024w\" sizes=\"auto, (max-width: 300px) 100vw, 300px\" \/><\/a>FELTRE<\/strong>. Oggi \u00e8 stato ufficialmente aperto l\u2019anno accademico del corso di laurea triennale in infermieristica nella sede di Feltre. Quest\u2019anno i posti a disposizione della sede erano 80 e, anche se alcune iscrizioni devono ancora essere perfezionate, dovrebbero essere coperti totalmente perch\u00e9 le richieste erano di gran lunga superiori ai posti disponibili.<\/p>\n<p>Gli studenti sono stati accolti dal direttore generale dell\u2019Ulss Dolomiti, Adriano Rasi Caldogno, che ha spronato gli studenti ad essere curiosi per imparare il pi\u00f9 possibile in questi anni e ha tratteggiato l\u2019evoluzione della figura dell\u2019infermiere, professionista sempre pi\u00f9 importante nel team di cura non solo per le competenze specialistiche ma anche per il rapporto umano privilegiato con i pazienti e i loro familiari. Presente anche il consigliere regionale Franco Gidoni che ha evidenziato come il nuovo Piano Socio Sanitario Regionale potenzi la figura dell\u2019infermiere. Ha portato il suo saluto anche il vicesindaco di Feltre, Alessandro Del Bianco, che ha confermato che il campus di Borgo Ruga torner\u00e0 presto agibile e ha invitato gli studenti, per la maggior parte non feltrini, a vivere la citt\u00e0 che ha tradizione universitaria. Ad accogliere gli studenti erano presenti anche il direttore sanitario dell\u2019Ulss Dolomiti Giovanni Maria Pittoni, che ha sottolineato che la formazioni dei professionisti sanitari deve essere continua, e il professor Oriano Marin dell\u2019Universit\u00e0 di Padova, che ha evidenziato come lo stringersi della comunit\u00e0 attorno agli studenti sia uno stimolo a fare sempre meglio. Infine, hanno dato il benvenuto e offerto la loro collaborazione la direttrice dell\u2019ospedale di Feltre Marianna Lorenzoni, la responsabile delle professioni sanitarie Marilisa Corso e la vicepresidente dell\u2019Ordine degli infermieri Irene Gallon.<\/p>\n<p>&nbsp;<\/p>\n<p>&nbsp;<\/p>\n<p>&nbsp;<\/p>\n<p>&nbsp;<\/p>\n<p>&nbsp;<\/p>\n<h1>TRE MANIFESTAZIONI DI INTERESSE PER IL NUOVO BAR A VALLADA, FORSE E&#8217; LA VOLTA BUONA<\/h1>\n\n\t\t\t<style type='text\/css'>\n\t\t\t\t#gallery-2 {\n\t\t\t\t\tmargin: auto;\n\t\t\t\t}\n\t\t\t\t#gallery-2 .gallery-item {\n\t\t\t\t\tfloat: left;\n\t\t\t\t\tmargin-top: 10px;\n\t\t\t\t\ttext-align: center;\n\t\t\t\t\twidth: 33%;\n\t\t\t\t}\n\t\t\t\t#gallery-2 img {\n\t\t\t\t\tborder: 2px solid #cfcfcf;\n\t\t\t\t}\n\t\t\t\t#gallery-2 .gallery-caption {\n\t\t\t\t\tmargin-left: 0;\n\t\t\t\t}\n\t\t\t\t\/* see gallery_shortcode() in wp-includes\/media.php *\/\n\t\t\t<\/style>\n\t\t<div id='gallery-2' class='dt-gallery-container gallery galleryid-62658 gallery-columns-3 gallery-size-thumbnail'><dl class='gallery-item'>\n\t\t\t\t<dt class='gallery-icon landscape'>\n\t\t\t\t\t<a class=\"rollover\" href='https:\/\/www.radiopiu.net\/wordpress\/giornale-radiopiu-04-ottobre-2018-direttore-mirko-mezzacasa\/download-447\/'><img loading=\"lazy\" decoding=\"async\" width=\"150\" height=\"150\" src=\"https:\/\/www.radiopiu.net\/wordpress\/wp-content\/uploads\/2018\/10\/download-4-150x150.jpg\" class=\"attachment-thumbnail size-thumbnail\" alt=\"\" \/><\/a>\n\t\t\t\t<\/dt><\/dl><dl class='gallery-item'>\n\t\t\t\t<dt class='gallery-icon landscape'>\n\t\t\t\t\t<a class=\"rollover\" href='https:\/\/www.radiopiu.net\/wordpress\/giornale-radiopiu-04-ottobre-2018-direttore-mirko-mezzacasa\/image-149\/'><img loading=\"lazy\" decoding=\"async\" width=\"150\" height=\"150\" src=\"https:\/\/www.radiopiu.net\/wordpress\/wp-content\/uploads\/2018\/10\/image-150x150.jpg\" class=\"attachment-thumbnail size-thumbnail\" alt=\"\" \/><\/a>\n\t\t\t\t<\/dt><\/dl>\n\t\t\t\t<br style='clear: both' \/>\n\t\t\t<\/div>\n\n<p><strong>VALLADA<\/strong> Il vecchio fienile con 760 mila euro di fondi sei campanili \u00e8 oggi un Bar che cerca gestore. In tre hanno deciso di provarci per la futura gestione. Soddisfazione in Municipio dove tecnico e amministrazione valuteranno le offerte<\/p>\n<p><strong>di GIANNI SANTOMASO<\/strong><\/p>\n<audio class=\"wp-audio-shortcode\" id=\"audio-62658-5\" preload=\"none\" style=\"width: 100%;\" controls=\"controls\"><source type=\"audio\/mpeg\" src=\"http:\/\/www.radiopiu.net\/wordpress\/wp-content\/uploads\/2018\/10\/GIANNI-VALLADA.mp3?_=5\" \/><a href=\"http:\/\/www.radiopiu.net\/wordpress\/wp-content\/uploads\/2018\/10\/GIANNI-VALLADA.mp3\">http:\/\/www.radiopiu.net\/wordpress\/wp-content\/uploads\/2018\/10\/GIANNI-VALLADA.mp3<\/a><\/audio>\n<p>&nbsp;<\/p>\n<p>&nbsp;<\/p>\n<p>&nbsp;<\/p>\n<p>&nbsp;<\/p>\n<h1>DISPORRE DI\u00a0 4,5 MILIONI DI EURO DI AVANZO DI AMMINISTRAZIONE, 1 MILIARDO IN REGIONE. &#8220;VERO FEDERALISMO&#8221; DICE ROCCON<\/h1>\n<p>audio<\/p>\n<audio class=\"wp-audio-shortcode\" id=\"audio-62658-6\" preload=\"none\" style=\"width: 100%;\" controls=\"controls\"><source type=\"audio\/ogg\" src=\"http:\/\/www.radiopiu.net\/wordpress\/wp-content\/uploads\/2018\/10\/roccon.ogg?_=6\" \/><a href=\"http:\/\/www.radiopiu.net\/wordpress\/wp-content\/uploads\/2018\/10\/roccon.ogg\">http:\/\/www.radiopiu.net\/wordpress\/wp-content\/uploads\/2018\/10\/roccon.ogg<\/a><\/audio>\n<p><strong>BELLUNO\u00a0 Il consigliere comunale Franco Roccon che gi\u00e0 aveva presentato in consiglio comunale un ordine del giorno (approvato) circa l&#8217;avanzo di amministrazione oggi canta vittoria.<\/strong><\/p>\n<p align=\"JUSTIFY\"><span style=\"font-family: Arial, sans-serif;\"><span style=\"font-size: small;\">Chiedeva l\u2019applicazione delle due sentenze della Corte Costituzionale, emesse dopo il ricorso delle regioni Veneto, FVG e Trentino, in materia di equilibri di bilancio degli enti territoriali, che indicavano chiaramente ai comuni di disporre senza limiti di utilizzo l\u2019avanzo di amministrazione e il Fondo Pluriennale Vincolato del bilancio 2017, dando avvio immediatamente alle opere messe nel Piano triennale delle Opere Pubbliche. <\/span><\/span><\/p>\n<p align=\"JUSTIFY\"><em><span style=\"font-family: Arial, sans-serif;\"><span style=\"font-size: small;\"><a class=\"dt-pswp-item\" href=\"http:\/\/www.radiopiu.net\/wordpress\/wp-content\/uploads\/2018\/06\/Roccon-Franco.jpg\" data-dt-img-description=\"\" data-large_image_width=\"402\" data-large_image_height=\"483\"><img loading=\"lazy\" decoding=\"async\" class=\" wp-image-52102 alignleft\" src=\"http:\/\/www.radiopiu.net\/wordpress\/wp-content\/uploads\/2018\/06\/Roccon-Franco-250x300.jpg\" alt=\"\" width=\"163\" height=\"196\" srcset=\"https:\/\/www.radiopiu.net\/wordpress\/wp-content\/uploads\/2018\/06\/Roccon-Franco-250x300.jpg 250w, https:\/\/www.radiopiu.net\/wordpress\/wp-content\/uploads\/2018\/06\/Roccon-Franco.jpg 402w\" sizes=\"auto, (max-width: 163px) 100vw, 163px\" \/><\/a>&#8220;Malgrado l\u2019assessore al bilancio <\/span><\/span><span style=\"font-family: Arial, sans-serif;\"><span style=\"font-size: small;\"><b>Lucia OLIVOTTO<\/b><\/span><\/span><span style=\"font-family: Arial, sans-serif;\"><span style=\"font-size: small;\"> fosse contraria all\u2019approvazione di una specifica delibera, cos\u00ec come qualche componente della maggioranza \u2013 <\/span><\/span><span style=\"font-family: Arial, sans-serif;\"><span style=\"font-size: small;\"><b>afferma ROCCON<\/b><\/span><\/span><span style=\"font-family: Arial, sans-serif;\"><span style=\"font-size: small;\">&#8211; l\u2019Ordine del Giorno presentato in sostituzione \u00e8 passato all\u2019unanimit\u00e0, facendo proprie le considerazioni riportate nelle mie premesse frutto di un certosino lavoro documentale, capitanato dal prof. <\/span><\/span><span style=\"font-family: Arial, sans-serif;\"><span style=\"font-size: small;\"><b>Luca ANTONINI <\/b><\/span><\/span><span style=\"font-family: Arial, sans-serif;\"><span style=\"font-size: small;\">esperto costituzionalista<\/span><\/span><span style=\"font-family: Arial, sans-serif;\"><span style=\"font-size: small;\"><b>,<\/b><\/span><\/span><span style=\"font-family: Arial, sans-serif;\"><span style=\"font-size: small;\"> che valutava assolutamente necessario disporre di una delibera per l\u2019utilizzo di tale avanzo. L\u2019assessore <\/span><\/span><span style=\"font-family: Arial, sans-serif;\"><span style=\"font-size: small;\"><b>Olivotto<\/b><\/span><\/span><span style=\"font-family: Arial, sans-serif;\"><span style=\"font-size: small;\"> riteneva di non aprire fronti di rischio sanzione per il comune e per i consiglieri che avrebbero votato la delibera pur sapendo che la Corte indicava proprio l\u2019impossibilit\u00e0 del Ministero di avviare sanzioni nei confronti dei comuni che avrebbero liberato queste risorse. L\u2019ordine del giorno proposto da me e votato all\u2019unanimit\u00e0 ha portato alla luce una grande possibilit\u00e0 per il comune di poter applicare l\u2019avanzo ( 4,5 milioni) alle numerose Opere Pubbliche inserite nel Piano triennale e nel Fondo Pluriennale Vincolato\u201d.\u00a0<\/span><\/span>\u201c<span style=\"font-family: Arial, sans-serif;\"><span style=\"font-size: small;\">Oggi il Ministero delle Finanze, attraverso il Ragioniere Generale dello Stato, <\/span><\/span><span style=\"font-family: Arial, sans-serif;\"><span style=\"font-size: small;\"><b>Daniele FRANCO<\/b><\/span><\/span><span style=\"font-family: Arial, sans-serif;\"><span style=\"font-size: small;\">, &#8211; continua <\/span><\/span><span style=\"font-family: Arial, sans-serif;\"><span style=\"font-size: small;\"><b>Franco<\/b><\/span><\/span> <span style=\"font-family: Arial, sans-serif;\"><span style=\"font-size: small;\"><b>ROCCON <\/b><\/span><\/span><span style=\"font-family: Arial, sans-serif;\"><span style=\"font-size: small;\">&#8211; ha emanato una circolare a tutti gli Enti Pubblici, soprattutto ai comuni, dove dispone di utilizzare l\u2019avanzo del 2017 gi\u00e0 da quest\u2019anno e non dal 2020. Spero che gli assessori al Bilancio e le strutture di contabilit\u00e0, di tutti i comuni bellunesi ora si adeguino, entro il 30 novembre, portando la delibera di applicazione. Nel Veneto si liberano circa <\/span><\/span><span style=\"font-family: Arial, sans-serif;\"><span style=\"font-size: small;\"><b>980 milioni di euro<\/b><\/span><\/span><span style=\"font-family: Arial, sans-serif;\"><span style=\"font-size: small;\"> per opere pubbliche, solo dai bilanci comunali. Sto pensando ai nostri 65 comuni montani che hanno subito, come tutti in questi anni, le imposizioni del Patto di Stabilit\u00e0 che li ha obbligati ad accantonare ingenti somme per una rapporto di Finanza Locale partecipativa all\u2019indebitamento nazionale necessaria per rimanere all\u2019interno dei patti europei sul debito pubblico\u201d.\u00a0<\/span><\/span>\u201c<span style=\"font-family: Arial, sans-serif;\"><span style=\"font-size: small;\">Ora tutto \u00e8 cancellato, finalmente, da queste due sentenze e dalla circolare del MEF che dispongono chiaramente senza alcun dubbio \u2013 conclude <\/span><\/span><span style=\"font-family: Arial, sans-serif;\"><span style=\"font-size: small;\"><b>ROCCON<\/b><\/span><\/span><span style=\"font-family: Arial, sans-serif;\"><span style=\"font-size: small;\">&#8211; che l\u2019avanzo di amministrazione \u00e8 in disponibilit\u00e0 dell\u2019Ente che lo ha creato e fa parte del bilancio di previsione del\u00a0\u00a0<\/span><\/span><span style=\"font-family: Arial, sans-serif;\"><span style=\"font-size: small;\">medesimo esercizio. Una bella vittoria che premia i Comuni virtuosi e chiama alle responsabilit\u00e0 dirette i Comuni in deficit strutturale e d\u2019esercizio. Ne vedremo delle belle\u2026\u201d<\/span><\/span><\/em><\/p>\n<h1 align=\"JUSTIFY\">LA REPLICA DEL SINDACO JACOPO MASSARO<\/h1>\n<blockquote><audio class=\"wp-audio-shortcode\" id=\"audio-62658-7\" preload=\"none\" style=\"width: 100%;\" controls=\"controls\"><source type=\"audio\/ogg\" src=\"http:\/\/www.radiopiu.net\/wordpress\/wp-content\/uploads\/2018\/10\/jacopo.ogg?_=7\" \/><a href=\"http:\/\/www.radiopiu.net\/wordpress\/wp-content\/uploads\/2018\/10\/jacopo.ogg\">http:\/\/www.radiopiu.net\/wordpress\/wp-content\/uploads\/2018\/10\/jacopo.ogg<\/a><\/audio><\/blockquote>\n<h1><\/h1>\n<blockquote>\n<h1><\/h1>\n<\/blockquote>\n<p>&nbsp;<\/p>\n<p>&nbsp;<\/p>\n<p>&nbsp;<\/p>\n<h1>PATTO DI STABILIT\u00c0 La Regione ferma gli avanzi dei comuni<\/h1>\n<blockquote><p>De Menech e Zottis: \u00abDopo aver tolto al Veneto 143,5 mln del bando periferie, per le amministrazioni locali arriva la beffa\u00bb<\/p>\n<p>AUDIO<\/p>\n<audio class=\"wp-audio-shortcode\" id=\"audio-62658-8\" preload=\"none\" style=\"width: 100%;\" controls=\"controls\"><source type=\"audio\/mpeg\" src=\"http:\/\/www.radiopiu.net\/wordpress\/wp-content\/uploads\/2018\/10\/ROGER-1.mp3?_=8\" \/><a href=\"http:\/\/www.radiopiu.net\/wordpress\/wp-content\/uploads\/2018\/10\/ROGER-1.mp3\">http:\/\/www.radiopiu.net\/wordpress\/wp-content\/uploads\/2018\/10\/ROGER-1.mp3<\/a><\/audio><\/blockquote>\n<p><strong><a class=\"dt-pswp-item\" href=\"http:\/\/www.radiopiu.net\/wordpress\/wp-content\/uploads\/2016\/01\/slider_01-roger-de-menech-07-07-620x248-e1454393337533.jpg\" data-dt-img-description=\"\" data-large_image_width=\"620\" data-large_image_height=\"248\"><img loading=\"lazy\" decoding=\"async\" class=\"size-medium wp-image-16099 alignleft\" src=\"http:\/\/www.radiopiu.net\/wordpress\/wp-content\/uploads\/2016\/01\/slider_01-roger-de-menech-07-07-620x248-e1454393337533-300x120.jpg\" alt=\"\" width=\"300\" height=\"120\" \/><\/a>\u00a0VENEZIA\u00a0<\/strong> \u00abA questo punto non sappiamo se a Roma siano pi\u00f9 incapaci o in malafede. In ogni caso la mancata comunicazione tra Governo e Regione, nonostante siano dello stesso partito, \u00e8 grave, perch\u00e9 il gioco delle tre carte viene fatto sulla pelle dei sindaci e quindi dei cittadini\u00bb. A dichiararlo sono la consigliera regionale del Partito Democratico Francesca Zottis e il deputato veneto Roger De Menech, che tornano sul caso del bando periferie attaccando l\u2019esecutivo che aveva promesso soluzioni alternative.\u00a0\u00a0\u00abLa Lega imbroglia i Comuni\u00bb, dicono Zottis e De Menech. \u00abIl viceministro dell\u2019Economia Garavaglia aveva rassicurato le amministrazioni locali sostenendo che il blocco dei finanziamenti, 1,6 miliardi in tutta Italia, 143,5 milioni di euro in Veneto, sarebbe stato ampiamente compensato dallo sblocco degli avanzi dei Comuni previsto con la prossima Legge di bilancio, permettendo cos\u00ec di avviare le opere pi\u00f9 urgenti. Ad anticipare le risorse per quanto riguarda lo sblocco verticale sarebbero state le Regioni. Peccato che sia un libro delle favole perch\u00e9 almeno in Veneto non sar\u00e0 possibile: l\u2019assessore Forcolin ha gi\u00e0 risposto \u2018picche\u2019 ed \u00e8 stata approvata all\u2019unanimit\u00e0 una delibera di Giunta che boccia questa ipotesi. Ci chiediamo come mai, prima di fare proclami, non sia stata verificata la fattibilit\u00e0 regionale: a distanza di sette mesi dal 4 marzo, la campagna elettorale dovrebbe essere finita\u00bb. In questo modo, oltre a togliere 143,5 milioni al Veneto, il governo impedisce ai comuni di utilizzare gli eventuali avanzi di amministrazione<\/p>\n<p>&nbsp;<\/p>\n<p>&nbsp;<\/p>\n<p>&nbsp;<\/p>\n<p>&nbsp;<\/p>\n<blockquote>\n<h1><\/h1>\n<\/blockquote>\n<h1><\/h1>\n<h1>TRAFFICO NELLE ZONE INDUSTRIALI, AZIENDE A CONFRONTO<\/h1>\n<p><strong><a class=\"dt-pswp-item\" href=\"http:\/\/www.radiopiu.net\/wordpress\/wp-content\/uploads\/2015\/10\/Confindustria_BL.gif\" data-dt-img-description=\"\" data-large_image_width=\"793\" data-large_image_height=\"211\"><img loading=\"lazy\" decoding=\"async\" class=\"size-medium wp-image-12471 alignleft\" src=\"http:\/\/www.radiopiu.net\/wordpress\/wp-content\/uploads\/2015\/10\/Confindustria_BL-300x80.gif\" alt=\"\" width=\"300\" height=\"80\" \/><\/a>BELLUNO<\/strong>\u00a0\u00a0 Confindustria Belluno Dolomiti, ascoltando le esigenze delle principali aziende che hanno sede nella zona Industriale di Longarone, ha attivato tre mesi fa un tavolo di confronto per affrontare il tema della mobilit\u00e0 territoriale. L\u2019obiettivo del tavolo al quale hanno partecipato Marcolin Group, Safilo, De Rigo Vision, Th\u00e9lios, NPE e Dolomitibus era di trovare una soluzione ai problemi di traffico e viabilit\u00e0 cercando di intervenire sul Servizio di Trasporto Pubblico Locale ampliandone l\u2019offerta a beneficio dei lavoratori impiegati in queste aziende. Confindustria Belluno Dolomiti, in un\u2019ottica di scambio reciproco, ha raccolto ed elaborato tutti i dati riguardanti i flussi e gli orari di spostamento dei dipendenti che lavorano nell\u2019area industriale di Longarone mettendoli a disposizione della Dolomitibus. L\u2019azienda in questo modo ha migliorato il servizio gi\u00e0 esistente modificando gli orari e implementato l\u2019offerta con nuove proposte adeguate alle richieste delle imprese. Dolomitibus ha attivato, infatti, dallo scorso 12 settembre alcune nuove corse: la prima a servizio della tratta destra e sinistra Piave, con percorrenza tra Bribano, Trichiana e arrivo nella Zona Industriale Villanova; la seconda da Vittorio Veneto diretta sempre a Longarone, ma che prevede fermate anche nelle aree industriali dell\u2019Alpago. \u00abI risultati sino ad ora riscontratati\u2013 affermano i referenti del tavolo di confronto &#8211; sono incoraggianti, anche se il margine di un\u2019ulteriore e progressiva crescita \u00e8 ampio. A questo proposito \u00e8 importante che tutti i lavoratori siano consapevoli che i problemi di traffico e di parcheggio, che quotidianamente affrontano utilizzando l\u2019auto di propriet\u00e0, sono evitabili o che possono essere ridotti avvalendosi di un servizio di trasporto pubblico locale studiato ad hoc. Questo tavolo \u00e8 un esempio di come attraverso la collaborazione tra aziende e associazione di categoria si possano raggiungere risultati concreti in tempi brevi. Proseguiremo il nostro percorso attivando dei desk nelle aziende per fornire un\u2019adeguata informazione su tutti i servizi proposti da Dolomitibus e auspichiamo che altre aziende vogliano aderire a questa iniziativa\u00bb.<\/p>\n<p>&nbsp;<\/p>\n<h1><\/h1>\n<p>&nbsp;<\/p>\n<p>&nbsp;<\/p>\n<p>&nbsp;<\/p>\n<h1>OCCHIALERIA: IL SILMO D\u2019OR 2018 A STORICA AZIENDA DI FORNO DI ZOLDO, ASSESSORE DONAZZAN, \u201cSUCCESSO DEL MADE IN ITALY E DELLA CAPACIT\u00c0 DI INNOVAZIONE\u201d<\/h1>\n<p><strong><a class=\"dt-pswp-item\" href=\"http:\/\/www.radiopiu.net\/wordpress\/wp-content\/uploads\/2018\/10\/SILMO-2018-MONTATURA-VINCENTE.jpg\" data-dt-img-description=\"\" data-large_image_width=\"626\" data-large_image_height=\"935\"><img loading=\"lazy\" decoding=\"async\" class=\" wp-image-62650 alignleft\" src=\"http:\/\/www.radiopiu.net\/wordpress\/wp-content\/uploads\/2018\/10\/SILMO-2018-MONTATURA-VINCENTE-201x300.jpg\" alt=\"\" width=\"120\" height=\"179\" srcset=\"https:\/\/www.radiopiu.net\/wordpress\/wp-content\/uploads\/2018\/10\/SILMO-2018-MONTATURA-VINCENTE-201x300.jpg 201w, https:\/\/www.radiopiu.net\/wordpress\/wp-content\/uploads\/2018\/10\/SILMO-2018-MONTATURA-VINCENTE.jpg 626w\" sizes=\"auto, (max-width: 120px) 100vw, 120px\" \/><\/a>VENEZIA\u00a0\u00a0<\/strong><span style=\"font-size: medium;\">Per la terza volta la Silcon Plastic, azienda dell\u2019occhialeria di Forno di Zoldo, entra nel palmar\u00e9s del Silmo d\u2019Or, l\u2019oscar parigino dell\u2019occhiale assegnato ogni anno in occasione dell\u2019omonima fiera internazionale. Quest\u2019anno <span style=\"color: #000000;\">ad aggiudicarsi il prestigioso premio della categoria \u2018montature\u2019 premiate per l\u2019innovazione e la tecnologia \u00e8 stato il Gruppo francese L\u2019Amy, con l\u2019occhiale McLaren Ultimate Vision.\u00a0\u00a0<\/span>Il prodotto \u00e8 frutto dell\u2019assemblaggio di tre parti realizzate alla Silcon, azienda di Forno di Zoldo che da 30 anni \u00e8 in continua evoluzione e offre alle aziende un alto livello di innovazione sia per quanto riguarda i materiali, che per le soluzioni tecnologiche.\u00a0\u00a0<\/span><span style=\"font-size: medium;\"><span style=\"color: #000000;\">L\u2019occhiale L\u2019Amy \u00e8 una sintesi di componenti realizzate da Silcon Plastic: un frontale in titanio stampato in\u00a03D e una particolare cerniera in titanio, realizzata dopo due anni di tentativi, dove si inserisce con un fissaggio senza viti un\u2019asta stampata su tre strati.\u00a0<\/span><\/span><span style=\"color: #000000;\">\u201c<span style=\"font-size: medium;\">Il premio internazionale valorizza l\u2019alta qualit\u00e0 della ricerca e delle soluzioni tecnologiche messe a punto da Silcon Plastic \u2013 sottolinea l\u2019assessore al lavoro Elena Donazzan, nel complimentarsi con i titolari dell\u2019azienda Arcangelo Costantin e Pietro Battistin \u2013 L\u2019azienda bellunese \u00e8 espressione della laboriosit\u00e0 e delle capacit\u00e0 di evoluzione dell\u2019intero distretto dell\u2019occhialeria, fiore all\u2019occhiello dell\u2019imprenditoria veneta e del \u2018made in Italy\u201d.\u00a0<\/span><\/span><span style=\"color: #000000;\">\u201c<span style=\"font-size: medium;\">Se il distretto dell\u2019occhiale \u00e8 ai primi posti per dinamicit\u00e0 ed export nella classifica dei distretti italiani \u2013 conclude l\u2019assessore &#8211; il merito sta senza dubbio nell\u2019intelligenza dei nostri imprenditori, ma anche nel forte e riuscito connubio tra imprese, fo<\/span><\/span><\/p>\n<p><span style=\"color: #000000;\"><span style=\"font-size: medium;\">rmazione e politiche attive di sostegno alle reti produttive, all\u2019internazionalizzazione, alla ricerca e all\u2019innovazione\u201d.<\/span><\/span><\/p>\n<p>&nbsp;<\/p>\n<p>&nbsp;<\/p>\n<p>&nbsp;<\/p>\n<blockquote>\n<h1>OLIMPIADI 2026. A VENEZIA VERTICE VENETO-LOMBARDIA PRESENTI ZAIA, FONTANA, SALA E GHEDINA.<\/h1>\n<p>VENEZIA\u00a0 Si terr\u00e0\u00a0 oggi a Venezia, a Palazzo Balbi, sede della Giunta regionale, un vertice tra le Regioni Veneto e Lombardia e i Comuni di Milano e Cortina d\u2019Ampezzo per l\u2019istruttoria sul dossier della candidatura alle Olimpiadi invernali del 2026. Vi parteciperanno il Presidente della Regione Veneto, Luca Zaia, il Presidente della Regione Lombardia, Attilio Fontana, il Sindaco di Milano Giuseppe Sala e il Sindaco di Cortina Gianpietro Ghedina.<\/p><\/blockquote>\n<p>&nbsp;<\/p>\n<p>&nbsp;<\/p>\n<p>&nbsp;<\/p>\n<h1>NUOVA PAC \u2013 DARIO BOND: \u201cSI TROVI AL PIU&#8217; PRESTO L&#8217;ACCORDO\u201d<\/h1>\n<p><strong>AUDIO<\/strong><\/p>\n<audio class=\"wp-audio-shortcode\" id=\"audio-62658-9\" preload=\"none\" style=\"width: 100%;\" controls=\"controls\"><source type=\"audio\/ogg\" src=\"http:\/\/www.radiopiu.net\/wordpress\/wp-content\/uploads\/2018\/10\/BOND.ogg?_=9\" \/><a href=\"http:\/\/www.radiopiu.net\/wordpress\/wp-content\/uploads\/2018\/10\/BOND.ogg\">http:\/\/www.radiopiu.net\/wordpress\/wp-content\/uploads\/2018\/10\/BOND.ogg<\/a><\/audio>\n<p><strong><a class=\"dt-pswp-item\" href=\"http:\/\/www.radiopiu.net\/wordpress\/wp-content\/uploads\/2018\/09\/BOND.jpg\" data-dt-img-description=\"\" data-large_image_width=\"109\" data-large_image_height=\"160\"><img loading=\"lazy\" decoding=\"async\" class=\"size-full wp-image-59772 alignleft\" src=\"http:\/\/www.radiopiu.net\/wordpress\/wp-content\/uploads\/2018\/09\/BOND.jpg\" alt=\"\" width=\"109\" height=\"160\" \/><\/a>ROMA<\/strong> \u201cMi preoccupa l&#8217;ipotesi di prorogare l&#8217;attuale Politica Agricola Comune di altri due o tre anni, con il rischio di congelamento dei fondi per lo sviluppo rurale. Per questo, lancio un appello a tutti gli europarlamentari affinch\u00e8 trovino al pi\u00f9 presto un accordo che dia certezze al mondo agricolo\u201d: il deputato di Forza Italia, Dario Bond, chiede l&#8217;intervento di tutti i parlamentari europei italiani, a pochi mesi dalle elezioni, per definire il futuro della nuova PAC.<br \/>\n\u201cL&#8217;agricoltura \u00e8 un settore trainante del Veneto e della nostra montagna\u201d, ricorda Bond \u201cun settore che conta sul sostegno dell&#8217;Europa, sia per sostenere il reddito che per promuovere politiche di sviluppo e di investimento, soprattutto nelle aree montane dove \u00e8 sempre pi\u00f9 difficile fare reddito con l&#8217;agricoltura\u201d. \u201cQuesto stallo sulla nuova PAC \u00e8 preoccupante per me e per tutto il mondo agricolo\u201d, conclude Bond. \u201cServono maggiori investimenti e continuit\u00e0, una proroga non porterebbe nulla di questo, anzi: metterebbe in difficolt\u00e0 migliaia di aziende con lo stop di un anno dell&#8217;erogazione dei pagamenti dello sviluppo rurale. L&#8217;accordo va trovato al pi\u00f9 presto, per garantire ai nostri agricoltori un futuro pi\u00f9 sereno\u201d.<\/p>\n<p>&nbsp;<\/p>\n<p>&nbsp;<\/p>\n<p>&nbsp;<\/p>\n<p>&nbsp;<\/p>\n<p>&nbsp;<\/p>\n<h1>CORSI DI ITALIANO PER STRANIERI<\/h1>\n<p><strong><a class=\"dt-pswp-item\" href=\"http:\/\/www.radiopiu.net\/wordpress\/wp-content\/uploads\/2018\/10\/download-2.jpg\" data-dt-img-description=\"\" data-large_image_width=\"225\" data-large_image_height=\"225\"><img loading=\"lazy\" decoding=\"async\" class=\" wp-image-62566 alignleft\" src=\"http:\/\/www.radiopiu.net\/wordpress\/wp-content\/uploads\/2018\/10\/download-2.jpg\" alt=\"\" width=\"118\" height=\"118\" srcset=\"https:\/\/www.radiopiu.net\/wordpress\/wp-content\/uploads\/2018\/10\/download-2.jpg 225w, https:\/\/www.radiopiu.net\/wordpress\/wp-content\/uploads\/2018\/10\/download-2-150x150.jpg 150w\" sizes=\"auto, (max-width: 118px) 100vw, 118px\" \/><\/a><\/strong><\/p>\n<p><strong>AGORDO<\/strong> il Centro Provinciale per l&#8217;Istruzione degli Adulti di Belluno, in collaborazione con il Comune di Agordo e con lo Sportello Informa Immigrati dei Comuni dell&#8217;Agordino organizza a partire da questo mese dei corsi di italiano per adulti stranieri: gratuiti.\u00a0\u00a0INCONTRO DI PRESENTAZIONE MARTED\u00cc 9 OTTOBRE ALLE 14:30 presso la biblioteca.\u00a0 Per informazioni: Sportello Informa Immigrati di Agordo presso il Comune di Agordo (nelle giornate di marted\u00ec ore 11\/13 e di gioved\u00ec 16:30\/18\/30) \u2013 0437\/643097\u00a0<strong>L&#8217;ASSESSORE NADIA DELL&#8217;AGNOLA<\/strong><\/p>\n<audio class=\"wp-audio-shortcode\" id=\"audio-62658-10\" preload=\"none\" style=\"width: 100%;\" controls=\"controls\"><source type=\"audio\/mpeg\" src=\"http:\/\/www.radiopiu.net\/wordpress\/wp-content\/uploads\/2018\/10\/NADIA.mp3?_=10\" \/><a href=\"http:\/\/www.radiopiu.net\/wordpress\/wp-content\/uploads\/2018\/10\/NADIA.mp3\">http:\/\/www.radiopiu.net\/wordpress\/wp-content\/uploads\/2018\/10\/NADIA.mp3<\/a><\/audio>\n<p>&nbsp;<\/p>\n<p>&nbsp;<\/p>\n<p>&nbsp;<\/p>\n<blockquote>\n<h1>CONVEGNO A MEL<\/h1>\n<div><em><strong>TURISMO<\/strong> <\/em>&#8220;<em>COSTRUIRE E VALORIZZARE LE AREE E I CIRCUITI TURISTICI<\/em>&#8221; \u00e8 il tilolo e filo conduttore dell&#8217;incontro che si terr\u00e0 il\u00a0<strong>16 ottobre\u00a0\u00a0<\/strong>presso sala convegni del<strong> Palazzo delle Contesse di MEL.\u00a0<\/strong>Il convegno \u00e8 organizzato dal <strong>Centro Studi Bellunese<\/strong> con la collaborazione di <strong>Maggioli<\/strong> con il fondamentale contributo del <strong>Consorzio BIM Piave di Belluno <\/strong>ed \u00e8 a totale partecipazione <strong>gratuita<\/strong> al fine di favorire la pi\u00f9 ampia partecipazione di tutti i soggetti interessati. Il convegno \u00e8 rivolto a tutti gli Enti della provincia ed \u00e8 aperto alla cittadinanza.<\/div>\n<\/blockquote>\n<p>&nbsp;<\/p>\n<p>&nbsp;<\/p>\n<p>&nbsp;<\/p>\n<blockquote class=\"wp-embedded-content\" data-secret=\"c8hXwGzIgf\"><p><a href=\"http:\/\/www.radiopiu.net\/wordpress\/sempre-piu-numerosi-sono-i-veneti-che-hanno-il-diabete\/\">SEMPRE PI\u00d9 NUMEROSI SONO I VENETI CHE HANNO IL DIABETE<\/a><\/p><\/blockquote>\n<p><iframe loading=\"lazy\" class=\"wp-embedded-content\" sandbox=\"allow-scripts\" security=\"restricted\" style=\"position: absolute; clip: rect(1px, 1px, 1px, 1px);\" src=\"http:\/\/www.radiopiu.net\/wordpress\/sempre-piu-numerosi-sono-i-veneti-che-hanno-il-diabete\/embed\/#?secret=c8hXwGzIgf\" data-secret=\"c8hXwGzIgf\" width=\"600\" height=\"338\" title=\"&#8220;SEMPRE PI\u00d9 NUMEROSI SONO I VENETI CHE HANNO IL DIABETE&#8221; &#8212; Radio Pi\u00f9\" frameborder=\"0\" marginwidth=\"0\" marginheight=\"0\" scrolling=\"no\"><\/iframe><\/p>\n<p>&nbsp;<\/p>\n<blockquote><p>&nbsp;<\/p><\/blockquote>\n<p>&nbsp;<\/p>\n<p>&nbsp;<\/p>\n<blockquote>\n<h1><\/h1>\n<\/blockquote>\n<h1><\/h1>\n<h1>DI BALLO IN BALLO<\/h1>\n\n\t\t\t<style type='text\/css'>\n\t\t\t\t#gallery-3 {\n\t\t\t\t\tmargin: auto;\n\t\t\t\t}\n\t\t\t\t#gallery-3 .gallery-item {\n\t\t\t\t\tfloat: left;\n\t\t\t\t\tmargin-top: 10px;\n\t\t\t\t\ttext-align: center;\n\t\t\t\t\twidth: 33%;\n\t\t\t\t}\n\t\t\t\t#gallery-3 img {\n\t\t\t\t\tborder: 2px solid #cfcfcf;\n\t\t\t\t}\n\t\t\t\t#gallery-3 .gallery-caption {\n\t\t\t\t\tmargin-left: 0;\n\t\t\t\t}\n\t\t\t\t\/* see gallery_shortcode() in wp-includes\/media.php *\/\n\t\t\t<\/style>\n\t\t<div id='gallery-3' class='dt-gallery-container gallery galleryid-62658 gallery-columns-3 gallery-size-thumbnail'><dl class='gallery-item'>\n\t\t\t\t<dt class='gallery-icon portrait'>\n\t\t\t\t\t<a class=\"rollover\" href='https:\/\/www.radiopiu.net\/wordpress\/giornale-radiopiu-04-ottobre-2018-direttore-mirko-mezzacasa\/print-7\/'><img loading=\"lazy\" decoding=\"async\" width=\"150\" height=\"150\" src=\"https:\/\/www.radiopiu.net\/wordpress\/wp-content\/uploads\/2018\/10\/DiBalloInBallo-150x150.jpg\" class=\"attachment-thumbnail size-thumbnail\" alt=\"\" \/><\/a>\n\t\t\t\t<\/dt><\/dl><dl class='gallery-item'>\n\t\t\t\t<dt class='gallery-icon landscape'>\n\t\t\t\t\t<a class=\"rollover\" href='https:\/\/www.radiopiu.net\/wordpress\/giornale-radiopiu-04-ottobre-2018-direttore-mirko-mezzacasa\/diballoinballo1\/'><img loading=\"lazy\" decoding=\"async\" width=\"150\" height=\"150\" src=\"https:\/\/www.radiopiu.net\/wordpress\/wp-content\/uploads\/2018\/10\/DiBalloInBallo1-150x150.jpg\" class=\"attachment-thumbnail size-thumbnail\" alt=\"\" \/><\/a>\n\t\t\t\t<\/dt><\/dl><dl class='gallery-item'>\n\t\t\t\t<dt class='gallery-icon landscape'>\n\t\t\t\t\t<a class=\"rollover\" href='https:\/\/www.radiopiu.net\/wordpress\/giornale-radiopiu-04-ottobre-2018-direttore-mirko-mezzacasa\/diballoinballo2\/'><img loading=\"lazy\" decoding=\"async\" width=\"150\" height=\"150\" src=\"https:\/\/www.radiopiu.net\/wordpress\/wp-content\/uploads\/2018\/10\/DiBalloInBallo2-150x150.jpeg\" class=\"attachment-thumbnail size-thumbnail\" alt=\"\" \/><\/a>\n\t\t\t\t<\/dt><\/dl><br style=\"clear: both\" \/>\n\t\t\t<\/div>\n\n<p><strong>VOLTAGO<\/strong> Dopo il successo ottenuto con \u201cDI POLKA IN POLKA\u201d l\u2019Union dei Ladin de Oltach (Voltago Agordino) organizza nelle domeniche pomeriggio del 4, 11 e 25 novembre, \u201cDI BALLO IN BALLO\u201d, un nuovo stage di balli tradizionali per riscoprire le danze di coppia nello spirito della tradizione. L\u2019iniziativa si rivolge a tutti, principianti ed esperti del ballo, giovani e meno giovani, per promuovere il modo antico di ballare in coppia.\u00a0 Nonostante il ballo legato tradizionale (polca, valzer, mazurca) sia ancora diffuso e praticato in provincia, anche nel nostro territorio si stanno verificando profondi cambiamenti culturali che rischiano di snaturare il modo tradizionale di eseguire i balli, determinando anche la scomparsa dei tratti pi\u00f9 originali e positivi della festa sociale del passato.\u00a0 Il corso si propone, quindi, di recuperare questa dimensione originaria e pi\u00f9 libera per dare la possibilit\u00e0 alle persone di esprimersi e di interagire nel ballo in modo creativo e divertente.\u00a0 Nei tre incontri verranno proposti i tre balli di coppia della tradizione: polca, valzer, mazurca. Ogni incontro sar\u00e0 focalizzato su uno dei balli in programma. Nell\u2019ultimo incontro verr\u00e0 dato ampio spazio a un momento di festa per mettere in pratica quanto appreso e per concludere degnamente l\u2019esperienza.<br \/>\nLo stage si svolger\u00e0 nella sala \u201cGianni De Col\u201d di Voltago Agordino (a 200 metri dalla chiesa parrocchiale in direzione Rivamonte), il 4, 11 e 25 novembre, dalle 14.30 alle 18.30, sotto la guida di Attilio Baccarin, fondatore e animatore del Gruppo Danze Popolari di Castelfranco Veneto, ricercatore e ottimo conoscitore dei balli tradizionali italiani. La partecipazione \u00e8 aperta a tutti, fino ad esaurimento posti. Si consiglia la prenotazione al 349.4934799.<\/p>\n<p>&nbsp;<\/p>\n<p>&nbsp;<\/p>\n<p>&nbsp;<\/p>\n<p>&nbsp;<\/p>\n<h1><a class=\"dt-pswp-item\" href=\"http:\/\/www.radiopiu.net\/wordpress\/wp-content\/uploads\/2018\/09\/viabilita.jpeg\" data-dt-img-description=\"\" data-large_image_width=\"800\" data-large_image_height=\"100\"><img loading=\"lazy\" decoding=\"async\" class=\"alignnone size-medium wp-image-61954\" src=\"http:\/\/www.radiopiu.net\/wordpress\/wp-content\/uploads\/2018\/09\/viabilita-300x38.jpeg\" alt=\"\" width=\"300\" height=\"38\" srcset=\"https:\/\/www.radiopiu.net\/wordpress\/wp-content\/uploads\/2018\/09\/viabilita-300x38.jpeg 300w, https:\/\/www.radiopiu.net\/wordpress\/wp-content\/uploads\/2018\/09\/viabilita-768x96.jpeg 768w, https:\/\/www.radiopiu.net\/wordpress\/wp-content\/uploads\/2018\/09\/viabilita.jpeg 800w\" sizes=\"auto, (max-width: 300px) 100vw, 300px\" \/><\/a>VIABILITA&#8217;<br \/>\nPASSO GIAU: CHIUSURE<\/h1>\n<audio class=\"wp-audio-shortcode\" id=\"audio-62658-11\" preload=\"none\" style=\"width: 100%;\" controls=\"controls\"><source type=\"audio\/mpeg\" src=\"http:\/\/www.radiopiu.net\/wordpress\/wp-content\/uploads\/2018\/10\/gr-03-veneto-strade.mp3?_=11\" \/><a href=\"http:\/\/www.radiopiu.net\/wordpress\/wp-content\/uploads\/2018\/10\/gr-03-veneto-strade.mp3\">http:\/\/www.radiopiu.net\/wordpress\/wp-content\/uploads\/2018\/10\/gr-03-veneto-strade.mp3<\/a><\/audio>\n<p>&nbsp;<\/p>\n<p>&nbsp;<\/p>\n<p>&nbsp;<\/p>\n<p>&nbsp;<\/p>\n<p><a class=\"dt-pswp-item\" href=\"http:\/\/www.radiopiu.net\/wordpress\/wp-content\/uploads\/2018\/09\/appuntamenti.jpeg\" data-dt-img-description=\"\" data-large_image_width=\"800\" data-large_image_height=\"100\"><img loading=\"lazy\" decoding=\"async\" class=\"alignnone wp-image-61958 size-full\" src=\"http:\/\/www.radiopiu.net\/wordpress\/wp-content\/uploads\/2018\/09\/appuntamenti.jpeg\" alt=\"\" width=\"800\" height=\"100\" srcset=\"https:\/\/www.radiopiu.net\/wordpress\/wp-content\/uploads\/2018\/09\/appuntamenti.jpeg 800w, https:\/\/www.radiopiu.net\/wordpress\/wp-content\/uploads\/2018\/09\/appuntamenti-300x38.jpeg 300w, https:\/\/www.radiopiu.net\/wordpress\/wp-content\/uploads\/2018\/09\/appuntamenti-768x96.jpeg 768w\" sizes=\"auto, (max-width: 800px) 100vw, 800px\" \/><\/a><\/p>\n<p>&nbsp;<\/p>\n<h1>DOMENICA LA FESTA DEI NONNI, INFORMAZIONI NEI COMUNI DI ALLEGHE, ROCCA PIETORE E SELVA DI CADORE<\/h1>\n<p><a class=\"dt-pswp-item\" href=\"http:\/\/www.radiopiu.net\/wordpress\/wp-content\/uploads\/2018\/10\/WhatsApp-Image-2018-10-02-at-18.57.35.jpeg\" data-dt-img-description=\"\" data-large_image_width=\"768\" data-large_image_height=\"591\"><img loading=\"lazy\" decoding=\"async\" class=\"wp-image-62586 alignleft\" src=\"http:\/\/www.radiopiu.net\/wordpress\/wp-content\/uploads\/2018\/10\/WhatsApp-Image-2018-10-02-at-18.57.35-300x231.jpeg\" alt=\"\" width=\"323\" height=\"249\" srcset=\"https:\/\/www.radiopiu.net\/wordpress\/wp-content\/uploads\/2018\/10\/WhatsApp-Image-2018-10-02-at-18.57.35-300x231.jpeg 300w, https:\/\/www.radiopiu.net\/wordpress\/wp-content\/uploads\/2018\/10\/WhatsApp-Image-2018-10-02-at-18.57.35.jpeg 768w\" sizes=\"auto, (max-width: 323px) 100vw, 323px\" \/><\/a><\/p>\n<p><strong>VAL CORDEVOLE\u00a0 Ieri 2 ottobre era la festa dei nonni e in Alto Agordino i giovani di una volta saranno festeggiati domenica (giorno di festa) in palestra a Caprile, con la messa e il pranzo. Una festa riservata ai nati nell&#8217;anno 1951 e precedenti. Per motivi organizzati la presenza va confermata entro sabato telefonando oppure recandosi presso gli uffici comunali di Alleghe, Rocca Pietore e Selva di Cadore<\/strong><\/p>\n<p><strong>L&#8217;INVITO DEL SINDACO DI SELVA DI CADORE, SILVIA CESTARO<\/strong><\/p>\n<audio class=\"wp-audio-shortcode\" id=\"audio-62658-12\" preload=\"none\" style=\"width: 100%;\" controls=\"controls\"><source type=\"audio\/mpeg\" src=\"http:\/\/www.radiopiu.net\/wordpress\/wp-content\/uploads\/2018\/10\/SILVIA.mp3?_=12\" \/><a href=\"http:\/\/www.radiopiu.net\/wordpress\/wp-content\/uploads\/2018\/10\/SILVIA.mp3\">http:\/\/www.radiopiu.net\/wordpress\/wp-content\/uploads\/2018\/10\/SILVIA.mp3<\/a><\/audio>\n<p>&nbsp;<\/p>\n<p>&nbsp;<\/p>\n<p>&nbsp;<\/p>\n<p>&nbsp;<\/p>\n<blockquote>\n<h1>DOMANI HACKATHON RURALE<\/h1>\n<p><strong>FELTRE<\/strong>\u00a0Domani alle 11.30 a Palazzo Guarnieri\u00a0 presentazione Finale dell&#8217;Hackathon Rurale dell\u2019iniziativa SIparte, percorso di innovazione sociale e imprenditoria giovanile, realizzata nell\u2019ambito del progetto europeo SIMRA e organizzata da Etifor e dal GAL Prealpi e Dolomiti in collaborazione con l\u2019Universit\u00e0 degli Studi di Padova. All&#8217;iniziativa prenderanno parte una ventina di giovani che hanno avuto modo durante quest&#8217;esperienza formativa di progettare nuove idee imprenditoriali legate allo sviluppo sostenibile del territorio e all\u2019innovazione sociale.\u00a0 La presentazione prevede la descrizione del progetto, l&#8217;illustrazione delle idee da parte dei partecipanti dell\u2019Hackathon, una riflessione sulle opportunit\u00e0 di sviluppo future<\/p><\/blockquote>\n<p>&nbsp;<\/p>\n<p>&nbsp;<\/p>\n<p>&nbsp;<\/p>\n<h1>DA VENERDI SERA D&#8217;AUTUNNO CON IL CAI DI AGORDO<\/h1>\n\n\t\t\t<style type='text\/css'>\n\t\t\t\t#gallery-4 {\n\t\t\t\t\tmargin: auto;\n\t\t\t\t}\n\t\t\t\t#gallery-4 .gallery-item {\n\t\t\t\t\tfloat: left;\n\t\t\t\t\tmargin-top: 10px;\n\t\t\t\t\ttext-align: center;\n\t\t\t\t\twidth: 33%;\n\t\t\t\t}\n\t\t\t\t#gallery-4 img {\n\t\t\t\t\tborder: 2px solid #cfcfcf;\n\t\t\t\t}\n\t\t\t\t#gallery-4 .gallery-caption {\n\t\t\t\t\tmargin-left: 0;\n\t\t\t\t}\n\t\t\t\t\/* see gallery_shortcode() in wp-includes\/media.php *\/\n\t\t\t<\/style>\n\t\t<div id='gallery-4' class='dt-gallery-container gallery galleryid-62658 gallery-columns-3 gallery-size-thumbnail'><dl class='gallery-item'>\n\t\t\t\t<dt class='gallery-icon portrait'>\n\t\t\t\t\t<a class=\"rollover\" href='https:\/\/www.radiopiu.net\/wordpress\/giornale-radiopiu-03-ottobre-2018-direttore-mirko-mezzacasa\/whatsapp-image-2018-10-02-at-12-14-38\/'><img loading=\"lazy\" decoding=\"async\" width=\"150\" height=\"150\" src=\"https:\/\/www.radiopiu.net\/wordpress\/wp-content\/uploads\/2018\/10\/WhatsApp-Image-2018-10-02-at-12.14.38-e1538495737738-150x150.jpeg\" class=\"attachment-thumbnail size-thumbnail\" alt=\"\" \/><\/a>\n\t\t\t\t<\/dt><\/dl>\n\t\t\t\t<br style='clear: both' \/>\n\t\t\t<\/div>\n\n<p><strong>AGORDO<\/strong> Ritornano le serate di successo in Sala Don Tamis dedicate alla montagna, da venerdi al via Sere d&#8217;Autunno con un ricco programma (vedi manifesto). Presentazione ufficiale su Radio Pi\u00f9 con Anna Magro (presidente della sezione) e Antonello Cibien\u00a0 OGGI alle 15.30 e alle 21, DOMANI alle 18. sintesi dell&#8217;intervista con Claudio Fontanive in occasione delle 12esima edizione.<\/p>\n<audio class=\"wp-audio-shortcode\" id=\"audio-62658-13\" preload=\"none\" style=\"width: 100%;\" controls=\"controls\"><source type=\"audio\/mpeg\" src=\"http:\/\/www.radiopiu.net\/wordpress\/wp-content\/uploads\/2018\/10\/SNNS.mp3?_=13\" \/><a href=\"http:\/\/www.radiopiu.net\/wordpress\/wp-content\/uploads\/2018\/10\/SNNS.mp3\">http:\/\/www.radiopiu.net\/wordpress\/wp-content\/uploads\/2018\/10\/SNNS.mp3<\/a><\/audio>\n<p>&nbsp;<\/p>\n<p>&nbsp;<\/p>\n<p>&nbsp;<\/p>\n<blockquote>\n<h1>MOVETE<\/h1>\n<p><strong>LAMON Una giornata di sport e divertimetno per bambini\u00a0 e ragazzi domenica nella zona degli impianti sportivi, Dalle 10 alle 17 atletica, rugby, equitazione, zumba, arti marziali, yoga, calcio, danza, arrampicata, mountain bike, pesca sportiva, ginnastica, tennis e molto altro. Dalle 12 alle 14 cucina aperta con men\u00f9 completo.<\/strong><\/p><\/blockquote>\n<p>&nbsp;<\/p>\n<p>&nbsp;<\/p>\n<p>&nbsp;<\/p>\n<h1>TURISMO ITINERANTE NELLE DOLOMITI BELLUNESI<\/h1>\n<blockquote><p><em>\u00abTurismo itinerante nelle Dolomiti Bellunesi: un giusto equilibrio tra natura, attivit\u00e0 fisica e conoscenza\u00bb<\/em><\/p><\/blockquote>\n<p><strong>LONGARONE<\/strong> \u00c8 il titolo del convegno nel quadro di \u00abDolomiti Show\u00bb che si terr\u00e0 all\u2019interno del Polo fieristico di Longarone il 6-7 ottobre 2018. Il convegno \u00e8 promosso dal Campeggio Club Belluno. Nel corso dei lavori sono previsti, tra l\u2019altro, gli interventi di alcuni imprenditori del settore: agro-turistico e commerciale, imprenditori artigiani che propongono beni e mestieri della tradizione bellunese oltre che alcuni operatori del settore socio-culturale e ricreativo con le loro offerte per presentare, al turismo itinerante, le peculiarit\u00e0 della nostra provincia.<\/p>\n<p>&nbsp;<\/p>\n<p>&nbsp;<\/p>\n<p>&nbsp;<\/p>\n<h1><a class=\"dt-pswp-item\" href=\"http:\/\/www.radiopiu.net\/wordpress\/wp-content\/uploads\/2018\/09\/sport.jpg\" data-dt-img-description=\"\" data-large_image_width=\"800\" data-large_image_height=\"100\"><img loading=\"lazy\" decoding=\"async\" class=\"alignnone wp-image-60761 size-full\" src=\"http:\/\/www.radiopiu.net\/wordpress\/wp-content\/uploads\/2018\/09\/sport.jpg\" alt=\"\" width=\"800\" height=\"100\" srcset=\"https:\/\/www.radiopiu.net\/wordpress\/wp-content\/uploads\/2018\/09\/sport.jpg 800w, https:\/\/www.radiopiu.net\/wordpress\/wp-content\/uploads\/2018\/09\/sport-300x38.jpg 300w, https:\/\/www.radiopiu.net\/wordpress\/wp-content\/uploads\/2018\/09\/sport-768x96.jpg 768w\" sizes=\"auto, (max-width: 800px) 100vw, 800px\" \/><\/a><\/h1>\n<p>&nbsp;<\/p>\n<p>&nbsp;<\/p>\n<p>&nbsp;<\/p>\n<h1>FELTRE E PEDAVENA TUTTO PRONTO PER LA 40ESIMA SPORTUFUL, NE PARLIAMO CON ALESSIO CREMONESE AMMINSTRATORE DELLA MANIFATTURA VALCISMON<\/h1>\n\n\t\t\t<style type='text\/css'>\n\t\t\t\t#gallery-5 {\n\t\t\t\t\tmargin: auto;\n\t\t\t\t}\n\t\t\t\t#gallery-5 .gallery-item {\n\t\t\t\t\tfloat: left;\n\t\t\t\t\tmargin-top: 10px;\n\t\t\t\t\ttext-align: center;\n\t\t\t\t\twidth: 33%;\n\t\t\t\t}\n\t\t\t\t#gallery-5 img {\n\t\t\t\t\tborder: 2px solid #cfcfcf;\n\t\t\t\t}\n\t\t\t\t#gallery-5 .gallery-caption {\n\t\t\t\t\tmargin-left: 0;\n\t\t\t\t}\n\t\t\t\t\/* see gallery_shortcode() in wp-includes\/media.php *\/\n\t\t\t<\/style>\n\t\t<div id='gallery-5' class='dt-gallery-container gallery galleryid-62658 gallery-columns-3 gallery-size-thumbnail'><dl class='gallery-item'>\n\t\t\t\t<dt class='gallery-icon landscape'>\n\t\t\t\t\t<a class=\"rollover\" href='https:\/\/www.radiopiu.net\/wordpress\/skiroll-internazionale-sportful-40esima-edizione-con-alcuni-tra-i-migliori-atleti-al-mondo\/img_20181002_120246\/'><img loading=\"lazy\" decoding=\"async\" width=\"150\" height=\"150\" src=\"https:\/\/www.radiopiu.net\/wordpress\/wp-content\/uploads\/2018\/10\/IMG_20181002_120246-150x150.jpg\" class=\"attachment-thumbnail size-thumbnail\" alt=\"\" \/><\/a>\n\t\t\t\t<\/dt><\/dl><dl class='gallery-item'>\n\t\t\t\t<dt class='gallery-icon landscape'>\n\t\t\t\t\t<a class=\"rollover\" href='https:\/\/www.radiopiu.net\/wordpress\/skiroll-internazionale-sportful-40esima-edizione-con-alcuni-tra-i-migliori-atleti-al-mondo\/img_20181002_122241\/'><img loading=\"lazy\" decoding=\"async\" width=\"150\" height=\"150\" src=\"https:\/\/www.radiopiu.net\/wordpress\/wp-content\/uploads\/2018\/10\/IMG_20181002_122241-150x150.jpg\" class=\"attachment-thumbnail size-thumbnail\" alt=\"\" \/><\/a>\n\t\t\t\t<\/dt><\/dl>\n\t\t\t\t<br style='clear: both' \/>\n\t\t\t<\/div>\n\n<p><strong>DUE DUNQUE I PUNTI DI RITROVO E PARTENZA DELLE COMPETIZIONI<\/strong><\/p>\n<audio class=\"wp-audio-shortcode\" id=\"audio-62658-14\" preload=\"none\" style=\"width: 100%;\" controls=\"controls\"><source type=\"audio\/mpeg\" src=\"http:\/\/www.radiopiu.net\/wordpress\/wp-content\/uploads\/2018\/10\/alessio-cremonese-skiroll.mp3?_=14\" \/><a href=\"http:\/\/www.radiopiu.net\/wordpress\/wp-content\/uploads\/2018\/10\/alessio-cremonese-skiroll.mp3\">http:\/\/www.radiopiu.net\/wordpress\/wp-content\/uploads\/2018\/10\/alessio-cremonese-skiroll.mp3<\/a><\/audio>\n<p>&nbsp;<\/p>\n<p>&nbsp;<\/p>\n<p>&nbsp;<\/p>\n<p>&nbsp;<\/p>\n<p><a class=\"dt-pswp-item\" href=\"http:\/\/www.radiopiu.net\/wordpress\/wp-content\/uploads\/2018\/09\/WhatsApp-Image-2018-09-20-at-16.04.06.jpeg\" data-dt-img-description=\"\" data-large_image_width=\"800\" data-large_image_height=\"100\"><img loading=\"lazy\" decoding=\"async\" class=\"alignnone wp-image-61378 size-full\" src=\"http:\/\/www.radiopiu.net\/wordpress\/wp-content\/uploads\/2018\/09\/WhatsApp-Image-2018-09-20-at-16.04.06.jpeg\" alt=\"\" width=\"800\" height=\"100\" srcset=\"https:\/\/www.radiopiu.net\/wordpress\/wp-content\/uploads\/2018\/09\/WhatsApp-Image-2018-09-20-at-16.04.06.jpeg 800w, https:\/\/www.radiopiu.net\/wordpress\/wp-content\/uploads\/2018\/09\/WhatsApp-Image-2018-09-20-at-16.04.06-300x38.jpeg 300w, https:\/\/www.radiopiu.net\/wordpress\/wp-content\/uploads\/2018\/09\/WhatsApp-Image-2018-09-20-at-16.04.06-768x96.jpeg 768w\" sizes=\"auto, (max-width: 800px) 100vw, 800px\" \/><\/a><\/p>\n<p>&nbsp;<\/p>\n<h1>PREVISIONI DEL TEMPO DA OGGI A DOMENICA<\/h1>\n<p><strong>Giovedi 4<\/strong><br \/>\nTempo atteso: Cielo sereno o al pi\u00f9 temporaneamente poco nuvoloso, con possibile nebbia in Val Belluna al primo mattino, in dissolvimento in mattinata.<br \/>\nPrecipitazioni: Assenti (0%)<br \/>\nTemperature: Massime in lieve diminuzione in quota, specie sulle Prealpi, per il resto senza variazioni di rilievo, con modesta inversione termica mattutina nelle valli. Su Prealpi a 1500 m min 8\u00b0C max 12\u00b0C, a 2000 m min 6\u00b0C max 9\u00b0C. Su Dolomiti a 2000 m min 4\u00b0C max 10\u00b0C, a 3000 m min 1\u00b0C max 4\u00b0C.<br \/>\nVenti: Nelle valli da deboli a moderati a regime di brezza; in quota deboli settentrionali, in rotazione a Sud alla sera, a 5-15 km\/h a 2000 m, 10-25 km\/h a 3000 m.<br \/>\n<strong>Venerdi 5<\/strong><br \/>\nTempo atteso: Altra bella giornata di sole, con temperature nella norma. In giornata cielo sereno, in serata possibile aumento della nuvolosit\u00e0 medio\/alta ad iniziare dalle Prealpi.<br \/>\nPrecipitazioni: Assenti (0%).<br \/>\nTemperature: Minime in lieve aumento, massime stazionarie. Su Prealpi a 1500 m min 9\u00b0C max 13\u00b0C, a 2000 m min 6\u00b0C max 9\u00b0C. Su Dolomiti a 2000 m min 6\u00b0C max 10\u00b0C, a 3000 m min 2\u00b0C max 5\u00b0C.<br \/>\nVenti: Nelle valli da deboli a moderati a regime di brezza; in quota deboli meridionali, a 5-10 km\/h a 2000 m, 10-15 km\/h a 3000 m.<br \/>\n<strong>Sabato 6<\/strong><br \/>\nPossibile peggioramento, con cielo da nuvoloso a molto nuvoloso\/coperto e possibilit\u00e0 di precipitazioni perlopi\u00f9 deboli e a tratti diffuse, in risalita dalle Prealpi alle Dolomiti in giornata; possibili deboli nevicate oltre i 2700\/2900 m. Clima diurno pi\u00f9 fresco. Venti deboli o moderati meridionali in quota.<br \/>\n<strong>Domenica 7<\/strong><br \/>\nNuvolosit\u00e0 irregolare pi\u00f9 presente al mattino, anche per nubi basse, con schiarite pi\u00f9 ampie in giornata. In questo contesto umido qualche breve e residua precipitazione non sar\u00e0 esclusa. Rialzo termico diurno. Previsore: G.M.<\/p>\n","protected":false},"excerpt":{"rendered":"<p>&nbsp; &nbsp; &nbsp; SAN BOLDO: TROVATO SENZA VITA CERCATORE DI FUNGHI CISMON DI VALMARINO E&#8217;\u00a0\u00a0stato purtroppo ritrovato senza vita Roberto Migotto, 72 anni, di Oderzo (TV), scomparso luned\u00ec scorso mentre andava in cerca di funghi con due amici sopra il San Boldo, non distante da Malga Campo. Nel pomeriggio di ieri una camionetta ferma al&hellip;<\/p>\n","protected":false},"author":1,"featured_media":62712,"comment_status":"closed","ping_status":"closed","sticky":false,"template":"","format":"standard","meta":{"_monsterinsights_skip_tracking":false,"_monsterinsights_sitenote_active":false,"_monsterinsights_sitenote_note":"","_monsterinsights_sitenote_category":0,"footnotes":""},"categories":[1,86],"tags":[],"class_list":["post-62658","post","type-post","status-publish","format-standard","has-post-thumbnail","hentry","category-senza-categoria","category-gr","category-1","category-86","description-off"],"img_url":"https:\/\/www.radiopiu.net\/wordpress\/wp-content\/uploads\/2018\/10\/NEVEGAL.jpg","_links":{"self":[{"href":"https:\/\/www.radiopiu.net\/wordpress\/wp-json\/wp\/v2\/posts\/62658","targetHints":{"allow":["GET"]}}],"collection":[{"href":"https:\/\/www.radiopiu.net\/wordpress\/wp-json\/wp\/v2\/posts"}],"about":[{"href":"https:\/\/www.radiopiu.net\/wordpress\/wp-json\/wp\/v2\/types\/post"}],"author":[{"embeddable":true,"href":"https:\/\/www.radiopiu.net\/wordpress\/wp-json\/wp\/v2\/users\/1"}],"replies":[{"embeddable":true,"href":"https:\/\/www.radiopiu.net\/wordpress\/wp-json\/wp\/v2\/comments?post=62658"}],"version-history":[{"count":0,"href":"https:\/\/www.radiopiu.net\/wordpress\/wp-json\/wp\/v2\/posts\/62658\/revisions"}],"wp:featuredmedia":[{"embeddable":true,"href":"https:\/\/www.radiopiu.net\/wordpress\/wp-json\/wp\/v2\/media\/62712"}],"wp:attachment":[{"href":"https:\/\/www.radiopiu.net\/wordpress\/wp-json\/wp\/v2\/media?parent=62658"}],"wp:term":[{"taxonomy":"category","embeddable":true,"href":"https:\/\/www.radiopiu.net\/wordpress\/wp-json\/wp\/v2\/categories?post=62658"},{"taxonomy":"post_tag","embeddable":true,"href":"https:\/\/www.radiopiu.net\/wordpress\/wp-json\/wp\/v2\/tags?post=62658"}],"curies":[{"name":"wp","href":"https:\/\/api.w.org\/{rel}","templated":true}]}}