{"id":62825,"date":"2018-10-05T05:38:06","date_gmt":"2018-10-05T03:38:06","guid":{"rendered":"http:\/\/www.radiopiu.net\/wordpress\/?p=62825"},"modified":"2018-10-05T09:46:49","modified_gmt":"2018-10-05T07:46:49","slug":"giornale-radiopiu-05-ottobre-2018-direttore-mirko-mezzacasa","status":"publish","type":"post","link":"https:\/\/www.radiopiu.net\/wordpress\/giornale-radiopiu-05-ottobre-2018-direttore-mirko-mezzacasa\/","title":{"rendered":"GIORNALE RADIOPIU 05 OTTOBRE 2018 DIRETTORE MIRKO MEZZACASA"},"content":{"rendered":"<h1>INCIDENTE MORTALE LUNGO LA RIVA DEL BOSCON<\/h1>\n<p>&nbsp;<\/p>\n<p><strong><a class=\"dt-pswp-item\" href=\"http:\/\/www.radiopiu.net\/wordpress\/wp-content\/uploads\/2018\/10\/4.jpg\" data-dt-img-description=\"\" data-large_image_width=\"4128\" data-large_image_height=\"3096\"><img loading=\"lazy\" decoding=\"async\" class=\"size-medium wp-image-62902 alignleft\" src=\"http:\/\/www.radiopiu.net\/wordpress\/wp-content\/uploads\/2018\/10\/4-300x225.jpg\" alt=\"\" width=\"300\" height=\"225\" srcset=\"https:\/\/www.radiopiu.net\/wordpress\/wp-content\/uploads\/2018\/10\/4-300x225.jpg 300w, https:\/\/www.radiopiu.net\/wordpress\/wp-content\/uploads\/2018\/10\/4-768x576.jpg 768w, https:\/\/www.radiopiu.net\/wordpress\/wp-content\/uploads\/2018\/10\/4-1024x768.jpg 1024w\" sizes=\"auto, (max-width: 300px) 100vw, 300px\" \/><\/a>BELLUNO<\/strong> Un uomo di\u00a0 75 anni\u00a0\u00a0Antonio Tamburlin, residente nella zona di San Fermo in comune di Belluno\u00a0 \u00a0\u00e8 morto\u00a0 nel drammatico incidente lungo la riva del Boscon (statale 50 tra Belluno e Sedico). Alle 10.15\u00a0 di ieri l&#8217;uomo alla guida della sua panda si \u00e8 scontrato con un&#8217;altra panda condotta da Pietro Deola di Salce\u00a0 di 86 anni. Immediati gli interventi di soccorso, ma l&#8217;uomo non ce l&#8217;ha fatta \u00e8 morto dopo il ricovero al San Martino di Belluno. La dinamica \u00e8 al vaglio dei Carabinieri di Belluno.\u00a0 L&#8217;incidente nei pressi\u00a0del\u00a0 piccolo incrocio che porta a San fermo (dopo la discarica sulla sinistra andando verso Sedico ).\u00a0 Disagi per la viabilit\u00e0 lungo l&#8217;arteria viabilistica pi\u00f9 importante della provincia di Belluno Sul posto carabinieri, vigili del fuoco e Suem 118. Si ipotizza che la Panda di Tamburlin abbia fatto per girare e imboccare la svolta verso la frazione, allo svincolo per San Fermo, invadendo la corsia nella quale sopraggiungeva Deola. C\u2019\u00e8 da capire se l\u2019uomo si sia sentito male, considerando\u00a0che qualche acciacco lo accusava, soffriva infatti di cuore e ieri mattina stava tornando a casa dopo essere stato dal medico di fiducia. Ferito Deola, trattenuto in osservazione e sotto choc: \u00abMi ha tagliato la strada, mi ha tagliato la strada\u00bb continuava a ripetere a chi gli era vicino.(foto facebook &#8220;sei di belluno se)<\/p>\n\n\t\t\t<style type='text\/css'>\n\t\t\t\t#gallery-1 {\n\t\t\t\t\tmargin: auto;\n\t\t\t\t}\n\t\t\t\t#gallery-1 .gallery-item {\n\t\t\t\t\tfloat: left;\n\t\t\t\t\tmargin-top: 10px;\n\t\t\t\t\ttext-align: center;\n\t\t\t\t\twidth: 33%;\n\t\t\t\t}\n\t\t\t\t#gallery-1 img {\n\t\t\t\t\tborder: 2px solid #cfcfcf;\n\t\t\t\t}\n\t\t\t\t#gallery-1 .gallery-caption {\n\t\t\t\t\tmargin-left: 0;\n\t\t\t\t}\n\t\t\t\t\/* see gallery_shortcode() in wp-includes\/media.php *\/\n\t\t\t<\/style>\n\t\t<div id='gallery-1' class='dt-gallery-container gallery galleryid-62825 gallery-columns-3 gallery-size-thumbnail'><dl class='gallery-item'>\n\t\t\t\t<dt class='gallery-icon landscape'>\n\t\t\t\t\t<a class=\"rollover\" href='https:\/\/www.radiopiu.net\/wordpress\/incidente-mortale-lungo-la-riva-del-boscon\/43138785_2179415445714348_6885818356381777920_n\/'><img loading=\"lazy\" decoding=\"async\" width=\"150\" height=\"150\" src=\"https:\/\/www.radiopiu.net\/wordpress\/wp-content\/uploads\/2018\/10\/43138785_2179415445714348_6885818356381777920_n-150x150.jpg\" class=\"attachment-thumbnail size-thumbnail\" alt=\"\" \/><\/a>\n\t\t\t\t<\/dt><\/dl><dl class='gallery-item'>\n\t\t\t\t<dt class='gallery-icon portrait'>\n\t\t\t\t\t<a class=\"rollover\" href='https:\/\/www.radiopiu.net\/wordpress\/incidente-mortale-lungo-la-riva-del-boscon\/43053175_10155516190426916_3190199680520683520_n\/'><img loading=\"lazy\" decoding=\"async\" width=\"150\" height=\"150\" src=\"https:\/\/www.radiopiu.net\/wordpress\/wp-content\/uploads\/2018\/10\/43053175_10155516190426916_3190199680520683520_n-150x150.jpg\" class=\"attachment-thumbnail size-thumbnail\" alt=\"\" \/><\/a>\n\t\t\t\t<\/dt><\/dl><dl class='gallery-item'>\n\t\t\t\t<dt class='gallery-icon portrait'>\n\t\t\t\t\t<a class=\"rollover\" href='https:\/\/www.radiopiu.net\/wordpress\/incidente-mortale-lungo-la-riva-del-boscon\/43117039_2024356471188294_2212463153113989120_n\/'><img loading=\"lazy\" decoding=\"async\" width=\"150\" height=\"150\" src=\"https:\/\/www.radiopiu.net\/wordpress\/wp-content\/uploads\/2018\/10\/43117039_2024356471188294_2212463153113989120_n-150x150.jpg\" class=\"attachment-thumbnail size-thumbnail\" alt=\"\" \/><\/a>\n\t\t\t\t<\/dt><\/dl><br style=\"clear: both\" \/>\n\t\t\t<\/div>\n\n<p>Antonio &#8220;Toni&#8221; Tamburlin, custode di Villa Gaggia\u00a0 era da sempre una delle colonne portanti del gruppo Alpini Salce.\u00a0 Socio, amico e consigliere del gruppo alpini per anni alfiere del gruppo, sempre presente ad ogni manifestazione. Una tragica notizia che ha sconvolto le famiglie e anche gli ambienti che i due anziani frequentavano. Tamburlin cantava in un coro ed era l\u2019alfiere del gruppo alpini Salce. Lascia la moglie Ada con la quale a giugno aveva festeggiato i 50 anni di matrimonio e due figlie, immerse nel dolore che si rinnova implacabile 17 anni dopo la scomparsa di Giampaolo morto a soli 22 anni anche lui in un drammatico incidente stradale.<\/p>\n<p>&nbsp;<\/p>\n<p>&nbsp;<\/p>\n<h1>SCUOLA GUIDA FINITA MALE<\/h1>\n<p><strong>FONZASO<\/strong> Incidente ad Arten durante una lezione di scuola guida su auto privata.\u00a0 La conducente dell&#8217;auto M.J. di 21 anni di Feltre\u00a0 \u00e8 finita contro un albero, a bordo dell&#8217;auto anche l&#8217; &#8220;istruttore&#8221; un cittadino senegalese di 69 anni, nessun ferito. La paura deve aver fatto 90, i due sono rimasti nell&#8217;auto fino all&#8217;arrivo dei Carabinieri.<\/p>\n<h1><\/h1>\n<p>&nbsp;<\/p>\n<h1>INCIDENTI DI MERCOLEDI, PROGNOSI RISERVATA<\/h1>\n<p><strong>FELTRE\u00a0<\/strong> Restano ancora riservate le prognosi di D.S. 27 anni vittima dell&#8217;incidente dell&#8217;altro ieri\u00a0\u00a0al Casonetto. Prognosi sempre riservata anche per l&#8217;anziano\u00a0\u00a0caduto da un\u2019impalcatura nella sua casa di Quero. La ragazza al\u00a0 Santa Maria del Prato \u00e8 stata stabilizzata e non corre pericolo di vita ma i sanitari hanno deciso di attendere ancora prima di sciogliere la riserva sulla prognosi. Il 72enne A.B., di Quero, \u00e8 invece ricoverato in terapia intensiva al Ca\u2019 Foncello di Treviso.<\/p>\n<h1><\/h1>\n<p>&nbsp;<\/p>\n<p>&nbsp;<\/p>\n<blockquote>\n<h3>Gestione Servizi Pubblici informa che a LIVINALLONGO DEL COL DI LANA in LOCALITA&#8217; VARDA, SALESEI DI SOPRA, SALESEI DI SOTTO, PIAN DI SALESEI, SALESEI, SOTTOCREPA e FOPPA, l&#8217;acqua erogata dall&#8217;acquedotto \u00e8 di nuovo potabile e pu\u00f2 essere usata, quindi, per scopi alimentari.<\/h3>\n<\/blockquote>\n<p>&nbsp;<\/p>\n<p>&nbsp;<\/p>\n<p>&nbsp;<\/p>\n<h1>intervento SUEM-SOCCORSO ALPINO\u00a0 sul Bec di Mezzod\u00ec, ieri. Foto Claudio Pra.<\/h1>\n<p><a class=\"dt-pswp-item\" href=\"http:\/\/www.radiopiu.net\/wordpress\/wp-content\/uploads\/2018\/10\/WhatsApp-Image-2018-10-04-at-18.03.19.jpeg\" data-dt-img-description=\"\" data-large_image_width=\"1600\" data-large_image_height=\"900\"><img loading=\"lazy\" decoding=\"async\" class=\"alignnone wp-image-62911 size-large\" src=\"http:\/\/www.radiopiu.net\/wordpress\/wp-content\/uploads\/2018\/10\/WhatsApp-Image-2018-10-04-at-18.03.19-1024x576.jpeg\" alt=\"\" width=\"1024\" height=\"576\" srcset=\"https:\/\/www.radiopiu.net\/wordpress\/wp-content\/uploads\/2018\/10\/WhatsApp-Image-2018-10-04-at-18.03.19-1024x576.jpeg 1024w, https:\/\/www.radiopiu.net\/wordpress\/wp-content\/uploads\/2018\/10\/WhatsApp-Image-2018-10-04-at-18.03.19-300x169.jpeg 300w, https:\/\/www.radiopiu.net\/wordpress\/wp-content\/uploads\/2018\/10\/WhatsApp-Image-2018-10-04-at-18.03.19-768x432.jpeg 768w, https:\/\/www.radiopiu.net\/wordpress\/wp-content\/uploads\/2018\/10\/WhatsApp-Image-2018-10-04-at-18.03.19.jpeg 1600w\" sizes=\"auto, (max-width: 1024px) 100vw, 1024px\" \/><\/a><\/p>\n<p>&nbsp;<\/p>\n<p>&nbsp;<\/p>\n<p>&nbsp;<\/p>\n<p>&nbsp;<\/p>\n<p>&nbsp;<\/p>\n<h2>OLIMPIADI 2026. UFFICILIZZATA DA ZAIA, FONTANA, SALA E GHEDINA LA CANDIDATURA MILANO\/CORTINA. LANCIATA DA VENEZIA LA SFIDA A STOCCOLMA E CALGARY. DOSSIER FORTE, SQUADRA COMPATTA, TUTTI CI CREDONO<\/h2>\n<h1><a class=\"dt-pswp-item\" href=\"http:\/\/www.radiopiu.net\/wordpress\/wp-content\/uploads\/2018\/10\/OLIMPIADI-TERRAZZO.jpg\" data-dt-img-description=\"\" data-large_image_width=\"1600\" data-large_image_height=\"1067\"><img loading=\"lazy\" decoding=\"async\" class=\"alignnone wp-image-62841 size-large\" src=\"http:\/\/www.radiopiu.net\/wordpress\/wp-content\/uploads\/2018\/10\/OLIMPIADI-TERRAZZO-1024x683.jpg\" alt=\"\" width=\"1024\" height=\"683\" srcset=\"https:\/\/www.radiopiu.net\/wordpress\/wp-content\/uploads\/2018\/10\/OLIMPIADI-TERRAZZO-1024x683.jpg 1024w, https:\/\/www.radiopiu.net\/wordpress\/wp-content\/uploads\/2018\/10\/OLIMPIADI-TERRAZZO-300x200.jpg 300w, https:\/\/www.radiopiu.net\/wordpress\/wp-content\/uploads\/2018\/10\/OLIMPIADI-TERRAZZO-768x512.jpg 768w, https:\/\/www.radiopiu.net\/wordpress\/wp-content\/uploads\/2018\/10\/OLIMPIADI-TERRAZZO.jpg 1600w\" sizes=\"auto, (max-width: 1024px) 100vw, 1024px\" \/><\/a><\/h1>\n<p><strong>VENEZIA<\/strong>\u00a0<em> \u201cI particolari ce li teniamo stretti perch\u00e9 non vogliamo avvantaggiare avversari gi\u00e0 di per s\u00e9 forti come Stoccolma, e Calgary, ma la candidatura di Milano e Cortina alle Olimpiadi Invernali del 2026 \u00e8 pronta e ha nel cassetto un gran bel dossier\u201d.\u00a0<\/em>Parola di Luca Zaia, Presidente della Regione Veneto, Attilio Fontana, Presidente della Regione Lombardia, Giuseppe Sala, Sindaco di Milano e Gianpietro Ghedina, Sindaco di Cortina, che ieri si sono ritrovati nella sede della Giunta veneta, a Venezia, per una valutazione collegiale sulle prossime mosse e azioni da intraprendere e per lanciare ufficialmente, di fronte a una foltissima platea di giornalisti, la candidatura \u201clombardo veneta\u201d a ospitare i 5 Cerchi della neve nel 2026, data che, tra l\u2019altro, cadr\u00e0 nel 70\u00b0 anniversario delle Olimpiadi di Cortina 1956.<\/p>\n<p><strong>IL GOVERNATORE\u00a0 VENETO LUCA ZAIA<\/strong><\/p>\n<audio class=\"wp-audio-shortcode\" id=\"audio-62825-1\" preload=\"none\" style=\"width: 100%;\" controls=\"controls\"><source type=\"audio\/mpeg\" src=\"http:\/\/www.radiopiu.net\/wordpress\/wp-content\/uploads\/2018\/10\/ZAUA.mp3?_=1\" \/><a href=\"http:\/\/www.radiopiu.net\/wordpress\/wp-content\/uploads\/2018\/10\/ZAUA.mp3\">http:\/\/www.radiopiu.net\/wordpress\/wp-content\/uploads\/2018\/10\/ZAUA.mp3<\/a><\/audio>\n<p><a class=\"dt-pswp-item\" href=\"http:\/\/www.radiopiu.net\/wordpress\/wp-content\/uploads\/2018\/10\/OLIMPIADI-PRESENTAZIONE-1.jpg\" data-dt-img-description=\"\" data-large_image_width=\"1600\" data-large_image_height=\"1067\"><img loading=\"lazy\" decoding=\"async\" class=\"size-medium wp-image-62839 alignleft\" src=\"http:\/\/www.radiopiu.net\/wordpress\/wp-content\/uploads\/2018\/10\/OLIMPIADI-PRESENTAZIONE-1-300x200.jpg\" alt=\"\" width=\"300\" height=\"200\" srcset=\"https:\/\/www.radiopiu.net\/wordpress\/wp-content\/uploads\/2018\/10\/OLIMPIADI-PRESENTAZIONE-1-300x200.jpg 300w, https:\/\/www.radiopiu.net\/wordpress\/wp-content\/uploads\/2018\/10\/OLIMPIADI-PRESENTAZIONE-1-768x512.jpg 768w, https:\/\/www.radiopiu.net\/wordpress\/wp-content\/uploads\/2018\/10\/OLIMPIADI-PRESENTAZIONE-1-1024x683.jpg 1024w, https:\/\/www.radiopiu.net\/wordpress\/wp-content\/uploads\/2018\/10\/OLIMPIADI-PRESENTAZIONE-1.jpg 1600w\" sizes=\"auto, (max-width: 300px) 100vw, 300px\" \/><\/a><\/p>\n<p>Il dossier che si sta limando dovr\u00e0 rispondere in maniera esaustiva a un pacchetto di ben 132 domande specifiche avanzate dal Cio ma, hanno detto all\u2019unisono Zaia, Fontana, Sala e Ghedina, \u201cMilano\/Cortina \u00e8 davvero una candidatura nuova, che risponde in ogni aspetto alla direttiva Cio 2020\u201d. Una direttiva che non guarda pi\u00f9 alle edizioni faraoniche degli anni passati, ma a un\u2019Olimpiade rispettosa dell\u2019ambiente e basata strutturalmente sull\u2019utilizzo di tutto l\u2019esistente, dove necessario opportunamente ammodernato, e su bassi costi di realizzazione.<\/p>\n<p><strong>GIUSEPPE SALA SINDACO DI MILANO<\/strong><\/p>\n<audio class=\"wp-audio-shortcode\" id=\"audio-62825-2\" preload=\"none\" style=\"width: 100%;\" controls=\"controls\"><source type=\"audio\/mpeg\" src=\"http:\/\/www.radiopiu.net\/wordpress\/wp-content\/uploads\/2018\/10\/SALA-1.mp3?_=2\" \/><a href=\"http:\/\/www.radiopiu.net\/wordpress\/wp-content\/uploads\/2018\/10\/SALA-1.mp3\">http:\/\/www.radiopiu.net\/wordpress\/wp-content\/uploads\/2018\/10\/SALA-1.mp3<\/a><\/audio>\n<p><a class=\"dt-pswp-item\" href=\"http:\/\/www.radiopiu.net\/wordpress\/wp-content\/uploads\/2018\/10\/OLIMPIADI-INCONTRO-RISERVATO.jpg\" data-dt-img-description=\"\" data-large_image_width=\"1600\" data-large_image_height=\"1067\"><img loading=\"lazy\" decoding=\"async\" class=\"size-medium wp-image-62838 alignleft\" src=\"http:\/\/www.radiopiu.net\/wordpress\/wp-content\/uploads\/2018\/10\/OLIMPIADI-INCONTRO-RISERVATO-300x200.jpg\" alt=\"\" width=\"300\" height=\"200\" srcset=\"https:\/\/www.radiopiu.net\/wordpress\/wp-content\/uploads\/2018\/10\/OLIMPIADI-INCONTRO-RISERVATO-300x200.jpg 300w, https:\/\/www.radiopiu.net\/wordpress\/wp-content\/uploads\/2018\/10\/OLIMPIADI-INCONTRO-RISERVATO-768x512.jpg 768w, https:\/\/www.radiopiu.net\/wordpress\/wp-content\/uploads\/2018\/10\/OLIMPIADI-INCONTRO-RISERVATO-1024x683.jpg 1024w, https:\/\/www.radiopiu.net\/wordpress\/wp-content\/uploads\/2018\/10\/OLIMPIADI-INCONTRO-RISERVATO.jpg 1600w\" sizes=\"auto, (max-width: 300px) 100vw, 300px\" \/><\/a><\/p>\n<p>La documentazione resa nota, pur rispettando la necessit\u00e0 della riservatezza, ha svelato comunque particolari interessanti. Il \u201ccluster\u201d Milano-Valtellina prevede di ospitare 79 giorni di gara e 2.756 tra atleti e tecnici e di assegnare 46 medaglie. Due i villaggi olimpici in Lombardia, per 1.315 posti a Milano e per altri 1.441 a Livigno. Cortina risponde con numeri molto simili: 76 giorni di gara, 49 medaglie da assegnare, 2.225 atleti e tecnici da ospitare, un villaggio olimpico a Cortina per 1.176 posti.\u00a0<strong>Per il sindaco di Cortina Gianpietro Ghedina l&#8217;obiettivo \u00e8 anche festeggiare i 70 anni dal 1956<\/strong><\/p>\n<audio class=\"wp-audio-shortcode\" id=\"audio-62825-3\" preload=\"none\" style=\"width: 100%;\" controls=\"controls\"><source type=\"audio\/mpeg\" src=\"http:\/\/www.radiopiu.net\/wordpress\/wp-content\/uploads\/2018\/10\/GHEDINA.mp3?_=3\" \/><a href=\"http:\/\/www.radiopiu.net\/wordpress\/wp-content\/uploads\/2018\/10\/GHEDINA.mp3\">http:\/\/www.radiopiu.net\/wordpress\/wp-content\/uploads\/2018\/10\/GHEDINA.mp3<\/a><\/audio>\n<p>Tra i presenti tre grandi figure dello Sport italiano, oggi in altre vesti, visti anche come di buon auspicio per la candidatura: la schermitrice Diana Bianchedi, oggi dirigente del Coni a rappresentare il Presidente Malag\u00f2 gi\u00e0 partito per Buenos Aires, l\u2019indimenticata nuotatrice Novella Calligaris nelle vesti di inviata televisiva, il canoista Antonio Rossi, oggi sottosegretario della Regione Lombardia per i grandi eventi, certamente pi\u00f9 famoso per le sue imprese in acqua e per essere stato il protagonista di epiche telecronache di \u201cbisteccone\u201d Galeazzi, che alzavano al massimo la pressione degli sportivi davanti ai teleschermi.<\/p>\n<div style=\"width: 480px;\" class=\"wp-video\"><video class=\"wp-video-shortcode\" id=\"video-62825-1\" width=\"480\" height=\"320\" preload=\"metadata\" controls=\"controls\"><source type=\"video\/mp4\" src=\"http:\/\/www.radiopiu.net\/wordpress\/wp-content\/uploads\/2018\/10\/Arrivo-Fontana-Sala-Zaia1.mp4?_=1\" \/><a href=\"http:\/\/www.radiopiu.net\/wordpress\/wp-content\/uploads\/2018\/10\/Arrivo-Fontana-Sala-Zaia1.mp4\">http:\/\/www.radiopiu.net\/wordpress\/wp-content\/uploads\/2018\/10\/Arrivo-Fontana-Sala-Zaia1.mp4<\/a><\/video><\/div>\n<p>&nbsp;<\/p>\n<p>&nbsp;<\/p>\n<p>&nbsp;<\/p>\n<p>&nbsp;<\/p>\n<p>&nbsp;<\/p>\n<p>&nbsp;<\/p>\n<blockquote class=\"wp-embedded-content\" data-secret=\"khloClz596\"><p><a href=\"http:\/\/www.radiopiu.net\/wordpress\/incontro-massaro-caner-il-sindaco-con-lo-scaricabarile-non-si-va-da-nessuna-parte\/\">INCONTRO MASSARO-CANER . IL SINDACO &#8220;Con lo scaricabarile non si va da nessuna parte&#8221;.<\/a><\/p><\/blockquote>\n<p><iframe loading=\"lazy\" class=\"wp-embedded-content\" sandbox=\"allow-scripts\" security=\"restricted\" style=\"position: absolute; clip: rect(1px, 1px, 1px, 1px);\" src=\"http:\/\/www.radiopiu.net\/wordpress\/incontro-massaro-caner-il-sindaco-con-lo-scaricabarile-non-si-va-da-nessuna-parte\/embed\/#?secret=khloClz596\" data-secret=\"khloClz596\" width=\"600\" height=\"338\" title=\"&#8220;INCONTRO MASSARO-CANER . IL SINDACO &#8220;Con lo scaricabarile non si va da nessuna parte&#8221;.&#8221; &#8212; Radio Pi\u00f9\" frameborder=\"0\" marginwidth=\"0\" marginheight=\"0\" scrolling=\"no\"><\/iframe><\/p>\n<p>&nbsp;<\/p>\n<p>&nbsp;<\/p>\n<p>&nbsp;<\/p>\n<h1>IL CENTRO DIURNO COMPLETA LA RETE DEI SERVIZI ASSISTENZIALI NELL&#8217;AGORDINO<\/h1>\n<p><strong><a class=\"dt-pswp-item\" href=\"http:\/\/www.radiopiu.net\/wordpress\/wp-content\/uploads\/2018\/10\/WhatsApp-Image-2018-10-03-at-17.40.19.jpeg\" data-dt-img-description=\"\" data-large_image_width=\"1599\" data-large_image_height=\"1200\"><img loading=\"lazy\" decoding=\"async\" class=\" wp-image-62689 alignleft\" src=\"http:\/\/www.radiopiu.net\/wordpress\/wp-content\/uploads\/2018\/10\/WhatsApp-Image-2018-10-03-at-17.40.19-300x225.jpeg\" alt=\"\" width=\"235\" height=\"176\" srcset=\"https:\/\/www.radiopiu.net\/wordpress\/wp-content\/uploads\/2018\/10\/WhatsApp-Image-2018-10-03-at-17.40.19-300x225.jpeg 300w, https:\/\/www.radiopiu.net\/wordpress\/wp-content\/uploads\/2018\/10\/WhatsApp-Image-2018-10-03-at-17.40.19-768x576.jpeg 768w, https:\/\/www.radiopiu.net\/wordpress\/wp-content\/uploads\/2018\/10\/WhatsApp-Image-2018-10-03-at-17.40.19-1024x768.jpeg 1024w, https:\/\/www.radiopiu.net\/wordpress\/wp-content\/uploads\/2018\/10\/WhatsApp-Image-2018-10-03-at-17.40.19.jpeg 1599w\" sizes=\"auto, (max-width: 235px) 100vw, 235px\" \/><\/a><\/strong><\/p>\n<p>&nbsp;<\/p>\n<p>&nbsp;<\/p>\n<p>&nbsp;<\/p>\n<p><strong>AGORDO<\/strong> Di nuovo l&#8217;accordo Comune-Luxottica, parla Maria Chiara Santin, amministratore unico di Asca.<\/p>\n<p><strong>DI GIANNI SANTOMASO\u00a0<\/strong><\/p>\n<audio class=\"wp-audio-shortcode\" id=\"audio-62825-4\" preload=\"none\" style=\"width: 100%;\" controls=\"controls\"><source type=\"audio\/mpeg\" src=\"http:\/\/www.radiopiu.net\/wordpress\/wp-content\/uploads\/2018\/10\/GIANNI.mp3?_=4\" \/><a href=\"http:\/\/www.radiopiu.net\/wordpress\/wp-content\/uploads\/2018\/10\/GIANNI.mp3\">http:\/\/www.radiopiu.net\/wordpress\/wp-content\/uploads\/2018\/10\/GIANNI.mp3<\/a><\/audio>\n<blockquote><p><strong>Martedi alle 15.10 speciale a\u00a0 RADIO PIU con tutte le spiegazioni dell&#8217;amministratore unico dell&#8217;Asca, Maria Chiara Santin e del presidente dell&#8217;azienda Agordo Servizi (asilo nido e farmacia comunale) Sergio De Riva.<\/strong><\/p><\/blockquote>\n<p>&nbsp;<\/p>\n<p>&nbsp;<\/p>\n<p>&nbsp;<\/p>\n<p>&nbsp;<\/p>\n<h1>GRANDE GUERRA, ALLA RICERCA DEL RISPETTO DI CHI CI HA PRECEDUTO.<\/h1>\n<p><strong><a class=\"dt-pswp-item\" href=\"http:\/\/www.radiopiu.net\/wordpress\/wp-content\/uploads\/2018\/03\/DE-CARLO.jpg\" data-dt-img-description=\"\" data-large_image_width=\"203\" data-large_image_height=\"248\"><img loading=\"lazy\" decoding=\"async\" class=\" wp-image-44920 alignleft\" src=\"http:\/\/www.radiopiu.net\/wordpress\/wp-content\/uploads\/2018\/03\/DE-CARLO.jpg\" alt=\"\" width=\"130\" height=\"159\" \/><\/a>ROMA<\/strong> Intervento in Aula del deputato di Fratelli d\u2019Italia Luca De Carlo sulle iniziative per la celebrazione del centesimo anniversario della vittoria della Prima guerra mondiale. Il parlamentare bellunese ha inoltre rivolto l\u2019appello a tutte le amministrazioni comunali della nostra provincia \u201cPerch\u00e9 organizzino eventi commemorativi nelle piazze e nelle scuole a ricordo dei tanti caduti sulle nostre montagne\u201d.<\/p>\n<p><strong>AUDIO<\/strong><\/p>\n<audio class=\"wp-audio-shortcode\" id=\"audio-62825-5\" preload=\"none\" style=\"width: 100%;\" controls=\"controls\"><source type=\"audio\/ogg\" src=\"http:\/\/www.radiopiu.net\/wordpress\/wp-content\/uploads\/2018\/10\/DE-CARLO.ogg?_=5\" \/><a href=\"http:\/\/www.radiopiu.net\/wordpress\/wp-content\/uploads\/2018\/10\/DE-CARLO.ogg\">http:\/\/www.radiopiu.net\/wordpress\/wp-content\/uploads\/2018\/10\/DE-CARLO.ogg<\/a><\/audio>\n<p>&nbsp;<\/p>\n<p>&nbsp;<\/p>\n<p>&nbsp;<\/p>\n<p>&nbsp;<\/p>\n<h1>RIDUZIONE PARLAMENTARI \u2013 DARIO BOND : \u201cSI PUO&#8217; FARE DI PIU&#8217;, RIDUCIAMO DEL 50%\u201d<\/h1>\n<p><strong><a class=\"dt-pswp-item\" href=\"http:\/\/www.radiopiu.net\/wordpress\/wp-content\/uploads\/2018\/10\/download-6.jpg\" data-dt-img-description=\"\" data-large_image_width=\"318\" data-large_image_height=\"159\"><img loading=\"lazy\" decoding=\"async\" class=\" wp-image-62891 alignleft\" src=\"http:\/\/www.radiopiu.net\/wordpress\/wp-content\/uploads\/2018\/10\/download-6-300x150.jpg\" alt=\"\" width=\"262\" height=\"131\" srcset=\"https:\/\/www.radiopiu.net\/wordpress\/wp-content\/uploads\/2018\/10\/download-6-300x150.jpg 300w, https:\/\/www.radiopiu.net\/wordpress\/wp-content\/uploads\/2018\/10\/download-6.jpg 318w\" sizes=\"auto, (max-width: 262px) 100vw, 262px\" \/><\/a>ROMA<\/strong>\u00a0 \u201cBene il risparmio sui costi, anche con il taglio del numero dei parlamentari, ma si pu\u00f2 fare di pi\u00f9 in termini di riduzione e garantendo la produttivit\u00e0 parlamentare\u201d: il deputato di Forza Italia, Dario Bond, commenta cos\u00ec la proposta del Governo di una legge costituzionale per ridurre di un terzo il numero dei parlamentari, da 630 a 400 deputati e da 315 a 200 senatori.\u00a0<strong>AUDIO<\/strong><\/p>\n<audio class=\"wp-audio-shortcode\" id=\"audio-62825-6\" preload=\"none\" style=\"width: 100%;\" controls=\"controls\"><source type=\"audio\/mpeg\" src=\"http:\/\/www.radiopiu.net\/wordpress\/wp-content\/uploads\/2018\/10\/BOND.mp3?_=6\" \/><a href=\"http:\/\/www.radiopiu.net\/wordpress\/wp-content\/uploads\/2018\/10\/BOND.mp3\">http:\/\/www.radiopiu.net\/wordpress\/wp-content\/uploads\/2018\/10\/BOND.mp3<\/a><\/audio>\n<p>&nbsp;<\/p>\n<p>&nbsp;<\/p>\n<p>&nbsp;<\/p>\n<p>&nbsp;<\/p>\n<h1>LUXOTTICA, DALL&#8217;8 OTTOBRE IN PRENOTAZIONE IL CARRELLO DELLA SPESA<\/h1>\n<p><strong><a class=\"dt-pswp-item\" href=\"http:\/\/www.radiopiu.net\/wordpress\/wp-content\/uploads\/2018\/10\/WhatsApp-Image-2018-10-04-at-16.16.36.jpeg\" data-dt-img-description=\"\" data-large_image_width=\"688\" data-large_image_height=\"1024\"><img loading=\"lazy\" decoding=\"async\" class=\" wp-image-62845 alignleft\" src=\"http:\/\/www.radiopiu.net\/wordpress\/wp-content\/uploads\/2018\/10\/WhatsApp-Image-2018-10-04-at-16.16.36-202x300.jpeg\" alt=\"\" width=\"135\" height=\"200\" srcset=\"https:\/\/www.radiopiu.net\/wordpress\/wp-content\/uploads\/2018\/10\/WhatsApp-Image-2018-10-04-at-16.16.36-202x300.jpeg 202w, https:\/\/www.radiopiu.net\/wordpress\/wp-content\/uploads\/2018\/10\/WhatsApp-Image-2018-10-04-at-16.16.36.jpeg 688w\" sizes=\"auto, (max-width: 135px) 100vw, 135px\" \/><\/a>AGORDO<\/strong>\u00a0 Da alcuni anni, i mesi di ottobre e novembre sono particolari per i dipendenti Luxottica. Sono i mesi in cui si va a ritirare il \u201ccarrello della spesa\u201d che fa parte del welfare aziendale. Da luned\u00ec 8 ottobre tutti i dipendenti dei vari stabilimenti Luxottica potranno prenotare il proprio ritiro della spesa nei negozi convenzionati. Per prenotare il dipendente dovr\u00e0 accedere al portale <em>One Luxottica<\/em> con le credenziali e all&#8217;interno della sezione welfare potr\u00e0 prenotare il ritiro del pacco alimentare. Ritiro del \u201ccarrello\u201d che potr\u00e0 essere effettuato dal 15 ottobre al 23 novembre prossimi. All&#8217;interno del pacco i dipendenti troveranno: Parmigiano Reggiano, formaggio \u201cPiave\u201d, 5 litri di olio d&#8217;oliva extra vergine, marmellata, caff\u00e8, miele, pasta, tonno, nutella e riso. Inoltre un buono spesa del 10% da consumare entro fine anno presso i supermercati Coop aderenti.<\/p>\n<blockquote><p>&nbsp;<\/p><\/blockquote>\n<h1><\/h1>\n<h1><\/h1>\n<p>&nbsp;<\/p>\n<blockquote><p>&nbsp;<\/p><\/blockquote>\n<h1><\/h1>\n<h1>CON L&#8217;USCITA DAL BANCONE DI MARIA CHIUDE IL BAR DI FALCADE ALTO<\/h1>\n<p><strong>FALCADE\u00a0 Dopo 32 anni dietro al bancone del Bar Maria ha deciso di lasciare, \u00e8 arrivato il tempo del riposo, da dedicare ai nipotini e anche al volontariato. Chiude l&#8217;ultimo Bar di Falcade Alto, importante punto di ritrovo per la comunit\u00e0. Un&#8217;Osteria che ha almeno 200 anni di storia. Maria Cagnati cos\u00ec ha risposto alle nostre domande salutando tutti coloro che in tanti anni non hanno mancato di far visita al Bar per un&#8217;ombra, una partita a carte, soprattutto una chiacchierata che non Maria non \u00e8 poi cos\u00ec difficile intavolare.<\/strong><\/p>\n<audio class=\"wp-audio-shortcode\" id=\"audio-62825-7\" preload=\"none\" style=\"width: 100%;\" controls=\"controls\"><source type=\"audio\/mpeg\" src=\"http:\/\/www.radiopiu.net\/wordpress\/wp-content\/uploads\/2018\/10\/MARIA.mp3?_=7\" \/><a href=\"http:\/\/www.radiopiu.net\/wordpress\/wp-content\/uploads\/2018\/10\/MARIA.mp3\">http:\/\/www.radiopiu.net\/wordpress\/wp-content\/uploads\/2018\/10\/MARIA.mp3<\/a><\/audio>\n<p>&nbsp;<\/p>\n<p><a class=\"dt-pswp-item\" href=\"http:\/\/www.radiopiu.net\/wordpress\/wp-content\/uploads\/2018\/10\/WhatsApp-Image-2018-10-04-at-17.05.21-1.jpeg\" data-dt-img-description=\"\" data-large_image_width=\"1600\" data-large_image_height=\"900\"><img loading=\"lazy\" decoding=\"async\" class=\"alignnone wp-image-62829 \" src=\"http:\/\/www.radiopiu.net\/wordpress\/wp-content\/uploads\/2018\/10\/WhatsApp-Image-2018-10-04-at-17.05.21-1-1024x576.jpeg\" alt=\"\" width=\"414\" height=\"233\" srcset=\"https:\/\/www.radiopiu.net\/wordpress\/wp-content\/uploads\/2018\/10\/WhatsApp-Image-2018-10-04-at-17.05.21-1-1024x576.jpeg 1024w, https:\/\/www.radiopiu.net\/wordpress\/wp-content\/uploads\/2018\/10\/WhatsApp-Image-2018-10-04-at-17.05.21-1-300x169.jpeg 300w, https:\/\/www.radiopiu.net\/wordpress\/wp-content\/uploads\/2018\/10\/WhatsApp-Image-2018-10-04-at-17.05.21-1-768x432.jpeg 768w, https:\/\/www.radiopiu.net\/wordpress\/wp-content\/uploads\/2018\/10\/WhatsApp-Image-2018-10-04-at-17.05.21-1.jpeg 1600w\" sizes=\"auto, (max-width: 414px) 100vw, 414px\" \/><\/a><a class=\"dt-pswp-item\" href=\"http:\/\/www.radiopiu.net\/wordpress\/wp-content\/uploads\/2018\/10\/WhatsApp-Image-2018-10-04-at-17.05.21.jpeg\" data-dt-img-description=\"\" data-large_image_width=\"1600\" data-large_image_height=\"900\"><img loading=\"lazy\" decoding=\"async\" class=\"alignnone wp-image-62830 \" src=\"http:\/\/www.radiopiu.net\/wordpress\/wp-content\/uploads\/2018\/10\/WhatsApp-Image-2018-10-04-at-17.05.21-1024x576.jpeg\" alt=\"\" width=\"412\" height=\"232\" srcset=\"https:\/\/www.radiopiu.net\/wordpress\/wp-content\/uploads\/2018\/10\/WhatsApp-Image-2018-10-04-at-17.05.21-1024x576.jpeg 1024w, https:\/\/www.radiopiu.net\/wordpress\/wp-content\/uploads\/2018\/10\/WhatsApp-Image-2018-10-04-at-17.05.21-300x169.jpeg 300w, https:\/\/www.radiopiu.net\/wordpress\/wp-content\/uploads\/2018\/10\/WhatsApp-Image-2018-10-04-at-17.05.21-768x432.jpeg 768w, https:\/\/www.radiopiu.net\/wordpress\/wp-content\/uploads\/2018\/10\/WhatsApp-Image-2018-10-04-at-17.05.21.jpeg 1600w\" sizes=\"auto, (max-width: 412px) 100vw, 412px\" \/><\/a><\/p>\n<p>&nbsp;<\/p>\n<p><a class=\"dt-pswp-item\" href=\"http:\/\/www.radiopiu.net\/wordpress\/wp-content\/uploads\/2018\/10\/WhatsApp-Image-2018-10-04-at-17.05.20.jpeg\" data-dt-img-description=\"\" data-large_image_width=\"1600\" data-large_image_height=\"900\"><img loading=\"lazy\" decoding=\"async\" class=\"alignnone wp-image-62837\" src=\"http:\/\/www.radiopiu.net\/wordpress\/wp-content\/uploads\/2018\/10\/WhatsApp-Image-2018-10-04-at-17.05.20-300x169.jpeg\" alt=\"\" width=\"371\" height=\"209\" srcset=\"https:\/\/www.radiopiu.net\/wordpress\/wp-content\/uploads\/2018\/10\/WhatsApp-Image-2018-10-04-at-17.05.20-300x169.jpeg 300w, https:\/\/www.radiopiu.net\/wordpress\/wp-content\/uploads\/2018\/10\/WhatsApp-Image-2018-10-04-at-17.05.20-768x432.jpeg 768w, https:\/\/www.radiopiu.net\/wordpress\/wp-content\/uploads\/2018\/10\/WhatsApp-Image-2018-10-04-at-17.05.20-1024x576.jpeg 1024w, https:\/\/www.radiopiu.net\/wordpress\/wp-content\/uploads\/2018\/10\/WhatsApp-Image-2018-10-04-at-17.05.20.jpeg 1600w\" sizes=\"auto, (max-width: 371px) 100vw, 371px\" \/><\/a><a class=\"dt-pswp-item\" href=\"http:\/\/www.radiopiu.net\/wordpress\/wp-content\/uploads\/2018\/10\/WhatsApp-Image-2018-10-04-at-17.05.21-2.jpeg\" data-dt-img-description=\"\" data-large_image_width=\"1600\" data-large_image_height=\"900\"><img loading=\"lazy\" decoding=\"async\" class=\"alignnone wp-image-62828 \" src=\"http:\/\/www.radiopiu.net\/wordpress\/wp-content\/uploads\/2018\/10\/WhatsApp-Image-2018-10-04-at-17.05.21-2.jpeg\" alt=\"\" width=\"373\" height=\"210\" srcset=\"https:\/\/www.radiopiu.net\/wordpress\/wp-content\/uploads\/2018\/10\/WhatsApp-Image-2018-10-04-at-17.05.21-2.jpeg 1600w, https:\/\/www.radiopiu.net\/wordpress\/wp-content\/uploads\/2018\/10\/WhatsApp-Image-2018-10-04-at-17.05.21-2-300x169.jpeg 300w, https:\/\/www.radiopiu.net\/wordpress\/wp-content\/uploads\/2018\/10\/WhatsApp-Image-2018-10-04-at-17.05.21-2-768x432.jpeg 768w, https:\/\/www.radiopiu.net\/wordpress\/wp-content\/uploads\/2018\/10\/WhatsApp-Image-2018-10-04-at-17.05.21-2-1024x576.jpeg 1024w\" sizes=\"auto, (max-width: 373px) 100vw, 373px\" \/><\/a><\/p>\n<p>&nbsp;<\/p>\n<p>&nbsp;<\/p>\n<p>&nbsp;<\/p>\n<p>&nbsp;<\/p>\n<h1>TANTI AUGURI EMMA! TANTI AUGURI FAMIGLIA SERAFINI, TUTTI MOLTIPLICATI PER 50<\/h1>\n<h1><a class=\"dt-pswp-item\" href=\"http:\/\/www.radiopiu.net\/wordpress\/wp-content\/uploads\/2018\/10\/Immagine2.jpg\" data-dt-img-description=\"\" data-large_image_width=\"2504\" data-large_image_height=\"1566\"><img loading=\"lazy\" decoding=\"async\" class=\"alignnone wp-image-62878 size-large\" src=\"http:\/\/www.radiopiu.net\/wordpress\/wp-content\/uploads\/2018\/10\/Immagine2-1024x640.jpg\" alt=\"\" width=\"1024\" height=\"640\" srcset=\"https:\/\/www.radiopiu.net\/wordpress\/wp-content\/uploads\/2018\/10\/Immagine2-1024x640.jpg 1024w, https:\/\/www.radiopiu.net\/wordpress\/wp-content\/uploads\/2018\/10\/Immagine2-300x188.jpg 300w, https:\/\/www.radiopiu.net\/wordpress\/wp-content\/uploads\/2018\/10\/Immagine2-768x480.jpg 768w\" sizes=\"auto, (max-width: 1024px) 100vw, 1024px\" \/><\/a><\/h1>\n<p><strong>FALCADE<\/strong> Domenica l\u2019Hotel Stella Alpina di Falcade festegger\u00e0 50 anni di attivit\u00e0.\u00a0 Dalle 15 sono tutti invitati a partecipare alla festa presso l\u2019hotel, in piazza municipio 6 a Falcade, in cui verr\u00e0 celebrato il mezzo secolo di storia in compagnia del Coro Val Biois e con l\u2019accompagnamento di musica dal vivo. I fondatori, Emma De Pellegrini e Giovanni Serafini, entrambi falcadini, nel 1968 hanno aperto le porte dell\u2019hotel nel centro di Falcade con tutti i servizi per gli ospiti. L\u2019hotel era funzionante gi\u00e0 da due anni ma solamente con il servizio di pernottamento. Emma era un\u2019emigrante: lavorava in Svizzera e che per qualche stagione ha fatto pratica come cameriera presso il Passo Sella, Giovanni era invece piastrellista.\u00a0 Dopo il matrimonio hanno acquistato il terreno davanti al municipio, anche grazie all\u2019aiuto del padre di Giovanni, per poter costruire la propria casa ma in quegli anni il terreno aveva il vincolo di costruzione di negozi o pensioni, decisero cos\u00ec di aprire un piccolo albergo, all\u2019inizio solo con 17 camere.<br \/>\nEmma portava avanti l\u2019albergo e Giovanni con il suo lavoro di piastrellista pagava il materiale con cui era stato edificato. Nel 1968 furono aggiunte le cucine ed il ristorante e l\u2019hotel Stella Alpina pot\u00e8 offrire ai suoi ospiti tutti i servizi. Il nome scelto era Hotel Edelweiss ma poich\u00e9 era di origine tedesca dovettero cambiarlo in Stella Alpina.<br \/>\nAll\u2019inizio non c\u2019era molto lavoro, il turismo era perlopi\u00f9 estivo, tanto che Emma per due inverni and\u00f2 a lavorare sul Passo Pordoi dove pot\u00e8 imparare molti segreti della cucina. Successivamente in inverno l\u2019albergo era aperto nei weekend grazie alle piste di fondo e al piccolo skilift in paese, l\u2019estate invece portava molti turisti che si fermavano per pi\u00f9 di un mese. Con la costruzione degli impianti di risalita di Molino anche la stagione invernale prese il via.<br \/>\nNel 1975 l\u2019hotel \u00e8 stato ampliato con altre 21 stanze e nel frattempo anche i figli Giulia e Fabio sono divenuti parte integrante dell\u2019hotel, Giulia in sala e alla reception e Fabio in cucina. Nel 1989 ci fu un nuovo ampliamento con l\u2019aggiunta del bar pasticceria. Negli anni \u201990 inizi\u00f2 il progetto di costruire un nuovo hotel per permettere ai due figli di poter lavorare insieme alle loro famiglie. Fu cos\u00ec che nel 2001 fu inaugurato lo Sport Hotel Cristal. L\u2019Hotel Stella Alpina ha continuato l\u2019attivit\u00e0, dopo la scomparsa nel 2004 del fondatore Giovanni, grazie alla figlia Giulia che nel 2005 ha intrapreso lavori di ampliamento e ristrutturazione. Dopo 50 anni di accoglienza la famiglia Serafini vuole ringraziare i tanti collaboratori che negli anni hanno contributo alla crescita dell\u2019hotel e i molti ospiti, spesso divenuti amici, che per mezzo secolo hanno scelto Falcade.Domenica 07 ottobre l\u2019Hotel Stella Alpina di Falcade festegger\u00e0 50 anni di attivit\u00e0.\u00a0 Dalle 15.00 sono tutti invitati a partecipare alla festa presso l\u2019hotel, in piazza municipio 6 a Falcade, in cui verr\u00e0 celebrato il mezzo secolo di storia in compagnia del Coro Val Biois e con l\u2019accompagnamento di musica dal vivo. I fondatori, Emma De Pellegrini e Giovanni Serafini, entrambi falcadini, nel 1968 hanno aperto le porte dell\u2019hotel nel centro di Falcade con tutti i servizi per gli ospiti. L\u2019hotel era funzionante gi\u00e0 da due anni ma solamente con il servizio di pernottamento. Emma era un\u2019emigrante: lavorava in Svizzera e che per qualche stagione ha fatto pratica come cameriera presso il Passo Sella, Giovanni era invece piastrellista.\u00a0 Dopo il matrimonio hanno acquistato il terreno davanti al municipio, anche grazie all\u2019aiuto del padre di Giovanni, per poter costruire la propria casa ma in quegli anni il terreno aveva il vincolo di costruzione di negozi o pensioni, decisero cos\u00ec di aprire un piccolo albergo, all\u2019inizio solo con 17 camere. Emma portava avanti l\u2019albergo e Giovanni con il suo lavoro di piastrellista pagava il materiale con cui era stato edificato. Nel 1968 furono aggiunte le cucine ed il ristorante e l\u2019hotel Stella Alpina pot\u00e8 offrire ai suoi ospiti tutti i servizi. Il nome scelto era Hotel Edelweiss ma poich\u00e9 era di origine tedesca dovettero cambiarlo in Stella Alpina. All\u2019inizio non c\u2019era molto lavoro, il turismo era perlopi\u00f9 estivo, tanto che Emma per due inverni and\u00f2 a lavorare sul Passo Pordoi dove pot\u00e8 imparare molti segreti della cucina. Successivamente in inverno l\u2019albergo era aperto nei weekend grazie alle piste di fondo e al piccolo skilift in paese, l\u2019estate invece portava molti turisti che si fermavano per pi\u00f9 di un mese. Con la costruzione degli impianti di risalita di Molino anche la stagione invernale prese il via. Nel 1975 l\u2019hotel \u00e8 stato ampliato con altre 21 stanze e nel frattempo anche i figli Giulia e Fabio sono divenuti parte integrante dell\u2019hotel, Giulia in sala e alla reception e Fabio in cucina. Nel 1989 ci fu un nuovo ampliamento con l\u2019aggiunta del bar pasticceria. Negli anni \u201990 inizi\u00f2 il progetto di costruire un nuovo hotel per permettere ai due figli di poter lavorare insieme alle loro famiglie. Fu cos\u00ec che nel 2001 fu inaugurato lo Sport Hotel Cristal. L\u2019Hotel Stella Alpina ha continuato l\u2019attivit\u00e0, dopo la scomparsa nel 2004 del fondatore Giovanni, grazie alla figlia Giulia che nel 2005 ha intrapreso lavori di ampliamento e ristrutturazione.<br \/>\nDopo 50 anni di accoglienza la famiglia Serafini vuole ringraziare i tanti collaboratori che negli anni hanno contributo alla crescita dell\u2019hotel e i molti ospiti, spesso divenuti amici, che per mezzo secolo hanno scelto Falcade.<\/p>\n<p>&nbsp;<\/p>\n<p>&nbsp;<\/p>\n<p>&nbsp;<\/p>\n<p>&nbsp;<\/p>\n<blockquote><p>&nbsp;<\/p><\/blockquote>\n<h1>VIOLENZA DI GENERE, ULSS1 DOLOMITI E ARMA DEI CARABINIERI COESI NELLA FORMAZIONE<\/h1>\n<p><strong><a class=\"dt-pswp-item\" href=\"http:\/\/www.radiopiu.net\/wordpress\/wp-content\/uploads\/2018\/10\/WhatsApp-Image-2018-10-04-at-11.52.03-1.jpeg\" data-dt-img-description=\"\" data-large_image_width=\"1200\" data-large_image_height=\"1600\"><img loading=\"lazy\" decoding=\"async\" class=\"size-medium wp-image-62808 alignright\" src=\"http:\/\/www.radiopiu.net\/wordpress\/wp-content\/uploads\/2018\/10\/WhatsApp-Image-2018-10-04-at-11.52.03-1-225x300.jpeg\" alt=\"\" width=\"225\" height=\"300\" srcset=\"https:\/\/www.radiopiu.net\/wordpress\/wp-content\/uploads\/2018\/10\/WhatsApp-Image-2018-10-04-at-11.52.03-1-225x300.jpeg 225w, https:\/\/www.radiopiu.net\/wordpress\/wp-content\/uploads\/2018\/10\/WhatsApp-Image-2018-10-04-at-11.52.03-1-768x1024.jpeg 768w, https:\/\/www.radiopiu.net\/wordpress\/wp-content\/uploads\/2018\/10\/WhatsApp-Image-2018-10-04-at-11.52.03-1.jpeg 1200w\" sizes=\"auto, (max-width: 225px) 100vw, 225px\" \/><\/a>BELLUNO<\/strong> Nei giorni 2 e 3 ottobre l&#8217;Arma dei Carabinieri di Belluno ha fornito il proprio contributo al corso organizzato dall&#8217;Ulss1 Dolomiti Belluno sul tema &#8220;La violenza di genere ne sistema dell&#8217;emergenza, dal riconoscimento alla risposta operativa&#8221;. Gli incontri sono stati attuati in ottemperanza al Decreto Regionale con il quale la Regione ha scelto di investire sulla formazione del personale medico infermieristico avvalendosi anche di figure esterne i(in questo caso l&#8217;Arma dei Carabinieri), nell&#8217;ottica di promuovere una rete multidisciplinare di servizi che risponda in maniera uniforme ed integrata al problema della violenza di genere. con rierimento all&#8217;Arma dei Carabinieri, il Comandante del Nucleo Investigativo di Belluno, coadiuvato dai militari specializzati nello specifico settore, si \u00e8 intrattenuto per circa un&#8217;ora presso i locali della Ulss a Cusighe, illustrando a circa 30 persone il ruolo dei Carabinieri nella gestione delle violenze di genere.<br \/>\nGli incontri proseguiranno anche nei prossimi mesi e verranno coinvolte altre figure mediche.<br \/>\nQuesti alcuni argomenti trattati: fenomeno della violenza di genere: inquadramento generale, effetti sulla salute della donna, identificazione dei sintomi. Accoglienza e permanenza in Pronto Soccorso delle donne vittime di violenze, procedure di riferimento. Comunicazione con la vittima di violenza, disagi e opportunit\u00e0. Procedure di riferimento nei casi di violenza sessuale. Il rischio infettivologico. Le procedure di riferimento nei casi sospetti o dichiarati di violenza sui minori.La rete intraospedaliera. Aspetti legali nella violenza di genere e sessuale. Il ruolo delle forze dell&#8217;ordine. Valutazione del rischio di recidiva di violenza. Il ruolo del centro antiviolenza. I punti chiave del percorso assistenziale.<\/p>\n\n\t\t\t<style type='text\/css'>\n\t\t\t\t#gallery-2 {\n\t\t\t\t\tmargin: auto;\n\t\t\t\t}\n\t\t\t\t#gallery-2 .gallery-item {\n\t\t\t\t\tfloat: left;\n\t\t\t\t\tmargin-top: 10px;\n\t\t\t\t\ttext-align: center;\n\t\t\t\t\twidth: 33%;\n\t\t\t\t}\n\t\t\t\t#gallery-2 img {\n\t\t\t\t\tborder: 2px solid #cfcfcf;\n\t\t\t\t}\n\t\t\t\t#gallery-2 .gallery-caption {\n\t\t\t\t\tmargin-left: 0;\n\t\t\t\t}\n\t\t\t\t\/* see gallery_shortcode() in wp-includes\/media.php *\/\n\t\t\t<\/style>\n\t\t<div id='gallery-2' class='dt-gallery-container gallery galleryid-62825 gallery-columns-3 gallery-size-thumbnail'><dl class='gallery-item'>\n\t\t\t\t<dt class='gallery-icon landscape'>\n\t\t\t\t\t<a class=\"rollover\" href='https:\/\/www.radiopiu.net\/wordpress\/violenza-di-genere-ulss1-dolomiti-e-arma-dei-carabinieri-coesi-nella-formazione\/whatsapp-image-2018-10-04-at-11-52-03\/'><img loading=\"lazy\" decoding=\"async\" width=\"150\" height=\"150\" src=\"https:\/\/www.radiopiu.net\/wordpress\/wp-content\/uploads\/2018\/10\/WhatsApp-Image-2018-10-04-at-11.52.03-150x150.jpeg\" class=\"attachment-thumbnail size-thumbnail\" alt=\"\" \/><\/a>\n\t\t\t\t<\/dt><\/dl><dl class='gallery-item'>\n\t\t\t\t<dt class='gallery-icon portrait'>\n\t\t\t\t\t<a class=\"rollover\" href='https:\/\/www.radiopiu.net\/wordpress\/violenza-di-genere-ulss1-dolomiti-e-arma-dei-carabinieri-coesi-nella-formazione\/whatsapp-image-2018-10-04-at-11-52-03-1\/'><img loading=\"lazy\" decoding=\"async\" width=\"150\" height=\"150\" src=\"https:\/\/www.radiopiu.net\/wordpress\/wp-content\/uploads\/2018\/10\/WhatsApp-Image-2018-10-04-at-11.52.03-1-150x150.jpeg\" class=\"attachment-thumbnail size-thumbnail\" alt=\"\" \/><\/a>\n\t\t\t\t<\/dt><\/dl><dl class='gallery-item'>\n\t\t\t\t<dt class='gallery-icon landscape'>\n\t\t\t\t\t<a class=\"rollover\" href='https:\/\/www.radiopiu.net\/wordpress\/violenza-di-genere-ulss1-dolomiti-e-arma-dei-carabinieri-coesi-nella-formazione\/whatsapp-image-2018-10-04-at-11-52-04\/'><img loading=\"lazy\" decoding=\"async\" width=\"150\" height=\"150\" src=\"https:\/\/www.radiopiu.net\/wordpress\/wp-content\/uploads\/2018\/10\/WhatsApp-Image-2018-10-04-at-11.52.04-150x150.jpeg\" class=\"attachment-thumbnail size-thumbnail\" alt=\"\" \/><\/a>\n\t\t\t\t<\/dt><\/dl><br style=\"clear: both\" \/>\n\t\t\t<\/div>\n\n<p>Agli incontri formativi con La Ulss 1 Dolomiti hanno partecipato: dottoressa Erika Leone medico legale- dottoressa Francesca De Biasi psicologa ospedaliera &#8211; dottoressa Francesca Quaglia presidente Belluno Donna e altri professionisti del settore<\/p>\n<p>&nbsp;<\/p>\n<p>&nbsp;<\/p>\n<p>&nbsp;<\/p>\n<p>&nbsp;<\/p>\n<p>&nbsp;<\/p>\n<h1><strong>ESTATE PARTECIPANDO<\/strong><\/h1>\n<p><strong>BELLUNO<\/strong> Tempo di premiazioni per i ragazzi di &#8220;Estate Partecipando&#8221;, ieri la cerimonia conclusiva in sala del consiglio a Palazzo Rosso,ai nostri microfoni l&#8217;assessore Valentina Tomasi<\/p>\n<audio class=\"wp-audio-shortcode\" id=\"audio-62825-8\" preload=\"none\" style=\"width: 100%;\" controls=\"controls\"><source type=\"audio\/mpeg\" src=\"http:\/\/www.radiopiu.net\/wordpress\/wp-content\/uploads\/2018\/10\/TOMASI-ESTATE-PARTECIPANDO.mp3?_=8\" \/><a href=\"http:\/\/www.radiopiu.net\/wordpress\/wp-content\/uploads\/2018\/10\/TOMASI-ESTATE-PARTECIPANDO.mp3\">http:\/\/www.radiopiu.net\/wordpress\/wp-content\/uploads\/2018\/10\/TOMASI-ESTATE-PARTECIPANDO.mp3<\/a><\/audio>\n<p><strong>GALLERIA FOTO CLICCA PER INGRANDIRE<\/strong><\/p>\n\n\t\t\t<style type='text\/css'>\n\t\t\t\t#gallery-3 {\n\t\t\t\t\tmargin: auto;\n\t\t\t\t}\n\t\t\t\t#gallery-3 .gallery-item {\n\t\t\t\t\tfloat: left;\n\t\t\t\t\tmargin-top: 10px;\n\t\t\t\t\ttext-align: center;\n\t\t\t\t\twidth: 33%;\n\t\t\t\t}\n\t\t\t\t#gallery-3 img {\n\t\t\t\t\tborder: 2px solid #cfcfcf;\n\t\t\t\t}\n\t\t\t\t#gallery-3 .gallery-caption {\n\t\t\t\t\tmargin-left: 0;\n\t\t\t\t}\n\t\t\t\t\/* see gallery_shortcode() in wp-includes\/media.php *\/\n\t\t\t<\/style>\n\t\t<div id='gallery-3' class='dt-gallery-container gallery galleryid-62825 gallery-columns-3 gallery-size-thumbnail'><dl class='gallery-item'>\n\t\t\t\t<dt class='gallery-icon landscape'>\n\t\t\t\t\t<a class=\"rollover\" href='https:\/\/www.radiopiu.net\/wordpress\/giornale-radiopiu-05-ottobre-2018-direttore-mirko-mezzacasa\/whatsapp-image-2018-10-04-at-17-42-10\/'><img loading=\"lazy\" decoding=\"async\" width=\"150\" height=\"150\" src=\"https:\/\/www.radiopiu.net\/wordpress\/wp-content\/uploads\/2018\/10\/WhatsApp-Image-2018-10-04-at-17.42.10-150x150.jpeg\" class=\"attachment-thumbnail size-thumbnail\" alt=\"\" \/><\/a>\n\t\t\t\t<\/dt><\/dl><dl class='gallery-item'>\n\t\t\t\t<dt class='gallery-icon landscape'>\n\t\t\t\t\t<a class=\"rollover\" href='https:\/\/www.radiopiu.net\/wordpress\/giornale-radiopiu-05-ottobre-2018-direttore-mirko-mezzacasa\/whatsapp-image-2018-10-04-at-17-42-09\/'><img loading=\"lazy\" decoding=\"async\" width=\"150\" height=\"150\" src=\"https:\/\/www.radiopiu.net\/wordpress\/wp-content\/uploads\/2018\/10\/WhatsApp-Image-2018-10-04-at-17.42.09-150x150.jpeg\" class=\"attachment-thumbnail size-thumbnail\" alt=\"\" \/><\/a>\n\t\t\t\t<\/dt><\/dl><dl class='gallery-item'>\n\t\t\t\t<dt class='gallery-icon landscape'>\n\t\t\t\t\t<a class=\"rollover\" href='https:\/\/www.radiopiu.net\/wordpress\/giornale-radiopiu-05-ottobre-2018-direttore-mirko-mezzacasa\/whatsapp-image-2018-10-04-at-17-42-19\/'><img loading=\"lazy\" decoding=\"async\" width=\"150\" height=\"150\" src=\"https:\/\/www.radiopiu.net\/wordpress\/wp-content\/uploads\/2018\/10\/WhatsApp-Image-2018-10-04-at-17.42.19-150x150.jpeg\" class=\"attachment-thumbnail size-thumbnail\" alt=\"\" \/><\/a>\n\t\t\t\t<\/dt><\/dl><br style=\"clear: both\" \/>\n\t\t\t<\/div>\n\n<p>&nbsp;<\/p>\n<p>&nbsp;<\/p>\n<p>&nbsp;<\/p>\n<p>&nbsp;<\/p>\n<p>&nbsp;<\/p>\n<p>&nbsp;<\/p>\n<h1>AL FULCIS 2 QUADRI DEL RICCI, IN COMODATO PER 5 ANNI RINNOVABILI<\/h1>\n<h1><a class=\"dt-pswp-item\" href=\"http:\/\/www.radiopiu.net\/wordpress\/wp-content\/uploads\/2018\/10\/WhatsApp-Image-2018-10-04-at-17.29.26-2.jpeg\" data-dt-img-description=\"\" data-large_image_width=\"1600\" data-large_image_height=\"1200\"><img loading=\"lazy\" decoding=\"async\" class=\"alignnone wp-image-62863 size-large\" src=\"http:\/\/www.radiopiu.net\/wordpress\/wp-content\/uploads\/2018\/10\/WhatsApp-Image-2018-10-04-at-17.29.26-2-1024x768.jpeg\" alt=\"\" width=\"1024\" height=\"768\" srcset=\"https:\/\/www.radiopiu.net\/wordpress\/wp-content\/uploads\/2018\/10\/WhatsApp-Image-2018-10-04-at-17.29.26-2-1024x768.jpeg 1024w, https:\/\/www.radiopiu.net\/wordpress\/wp-content\/uploads\/2018\/10\/WhatsApp-Image-2018-10-04-at-17.29.26-2-300x225.jpeg 300w, https:\/\/www.radiopiu.net\/wordpress\/wp-content\/uploads\/2018\/10\/WhatsApp-Image-2018-10-04-at-17.29.26-2-768x576.jpeg 768w, https:\/\/www.radiopiu.net\/wordpress\/wp-content\/uploads\/2018\/10\/WhatsApp-Image-2018-10-04-at-17.29.26-2.jpeg 1600w\" sizes=\"auto, (max-width: 1024px) 100vw, 1024px\" \/><\/a><\/h1>\n<p><em>Attraverso donazioni e comodati, il museo, dalla sua apertura, sta ampliando e rinnovando la sua raccolta, con l&#8217;obiettivo di porsi sempre pi\u00f9 quale riferimento per l&#8217;arte del territorio, nella provincia di Belluno e in Veneto.<\/em><\/p>\n<p><strong>BELLUNO\u00a0\u00a0<\/strong>\u00a0Oggi alla presenza dell&#8217;assessore Marco Perale e Denis Ton, curatore dei musei civici, con il dirigente del Comune Carlo Erranti\u00a0 \u00e8 stata posta la firma per il comodato\u00a0 di due quadri di\u00a0 Sebastiano Ricci. Un privato mantiene quindi la propriet\u00e0 ma li mette a disposizione per un certo periodo di anni.<\/p>\n<p><strong>MARCO PERALE<\/strong><\/p>\n<audio class=\"wp-audio-shortcode\" id=\"audio-62825-9\" preload=\"none\" style=\"width: 100%;\" controls=\"controls\"><source type=\"audio\/mpeg\" src=\"http:\/\/www.radiopiu.net\/wordpress\/wp-content\/uploads\/2018\/10\/PERALE-FULCIS.mp3?_=9\" \/><a href=\"http:\/\/www.radiopiu.net\/wordpress\/wp-content\/uploads\/2018\/10\/PERALE-FULCIS.mp3\">http:\/\/www.radiopiu.net\/wordpress\/wp-content\/uploads\/2018\/10\/PERALE-FULCIS.mp3<\/a><\/audio>\n<p><strong>DENIS TON\u00a0<\/strong> &#8220;I quadri arrivano da una importante collezione privata del Veneto. La durata del comodato \u00e8 intanto quinquennale, rinnovabile. Arriveranno a Belluno appena acquisita l&#8217;autorizzazione della Soprintendenza. Le opere rappresentano La morte di Seneca e Alessandro e Diogene e sono degli inizi del Settecento. Vanno a integrare una raccolta gi\u00e0 straordinaria conservata a Palazzo Fulcis di un artista strettamente legato alla storia di Belluno ma capace di imprimere una svolta decisiva alla storia della pittura europea&#8221;.<\/p>\n\n\t\t\t<style type='text\/css'>\n\t\t\t\t#gallery-4 {\n\t\t\t\t\tmargin: auto;\n\t\t\t\t}\n\t\t\t\t#gallery-4 .gallery-item {\n\t\t\t\t\tfloat: left;\n\t\t\t\t\tmargin-top: 10px;\n\t\t\t\t\ttext-align: center;\n\t\t\t\t\twidth: 33%;\n\t\t\t\t}\n\t\t\t\t#gallery-4 img {\n\t\t\t\t\tborder: 2px solid #cfcfcf;\n\t\t\t\t}\n\t\t\t\t#gallery-4 .gallery-caption {\n\t\t\t\t\tmargin-left: 0;\n\t\t\t\t}\n\t\t\t\t\/* see gallery_shortcode() in wp-includes\/media.php *\/\n\t\t\t<\/style>\n\t\t<div id='gallery-4' class='dt-gallery-container gallery galleryid-62825 gallery-columns-3 gallery-size-thumbnail'><dl class='gallery-item'>\n\t\t\t\t<dt class='gallery-icon landscape'>\n\t\t\t\t\t<a class=\"rollover\" href='https:\/\/www.radiopiu.net\/wordpress\/giornale-radiopiu-05-ottobre-2018-direttore-mirko-mezzacasa\/whatsapp-image-2018-10-04-at-17-29-26-1\/'><img loading=\"lazy\" decoding=\"async\" width=\"150\" height=\"150\" src=\"https:\/\/www.radiopiu.net\/wordpress\/wp-content\/uploads\/2018\/10\/WhatsApp-Image-2018-10-04-at-17.29.26-1-150x150.jpeg\" class=\"attachment-thumbnail size-thumbnail\" alt=\"\" \/><\/a>\n\t\t\t\t<\/dt><\/dl><dl class='gallery-item'>\n\t\t\t\t<dt class='gallery-icon portrait'>\n\t\t\t\t\t<a class=\"rollover\" href='https:\/\/www.radiopiu.net\/wordpress\/giornale-radiopiu-05-ottobre-2018-direttore-mirko-mezzacasa\/whatsapp-image-2018-10-04-at-17-29-59\/'><img loading=\"lazy\" decoding=\"async\" width=\"150\" height=\"150\" src=\"https:\/\/www.radiopiu.net\/wordpress\/wp-content\/uploads\/2018\/10\/WhatsApp-Image-2018-10-04-at-17.29.59-150x150.jpeg\" class=\"attachment-thumbnail size-thumbnail\" alt=\"\" \/><\/a>\n\t\t\t\t<\/dt><\/dl><dl class='gallery-item'>\n\t\t\t\t<dt class='gallery-icon portrait'>\n\t\t\t\t\t<a class=\"rollover\" href='https:\/\/www.radiopiu.net\/wordpress\/giornale-radiopiu-05-ottobre-2018-direttore-mirko-mezzacasa\/whatsapp-image-2018-10-04-at-17-30-07\/'><img loading=\"lazy\" decoding=\"async\" width=\"150\" height=\"150\" src=\"https:\/\/www.radiopiu.net\/wordpress\/wp-content\/uploads\/2018\/10\/WhatsApp-Image-2018-10-04-at-17.30.07-150x150.jpeg\" class=\"attachment-thumbnail size-thumbnail\" alt=\"\" \/><\/a>\n\t\t\t\t<\/dt><\/dl><br style=\"clear: both\" \/>\n\t\t\t<\/div>\n\n<p>&nbsp;<\/p>\n<p>&nbsp;<\/p>\n<p>&nbsp;<\/p>\n<p>&nbsp;<\/p>\n<p>&nbsp;<\/p>\n<h1>SABATO SPORT IN PIAZZA<\/h1>\n<p><a class=\"dt-pswp-item\" href=\"http:\/\/www.radiopiu.net\/wordpress\/wp-content\/uploads\/2018\/10\/IMG-20181004-WA00041.jpg\" data-dt-img-description=\"\" data-large_image_width=\"1200\" data-large_image_height=\"1599\"><img loading=\"lazy\" decoding=\"async\" class=\"size-medium wp-image-62885 alignleft\" src=\"http:\/\/www.radiopiu.net\/wordpress\/wp-content\/uploads\/2018\/10\/IMG-20181004-WA00041-225x300.jpg\" alt=\"\" width=\"225\" height=\"300\" srcset=\"https:\/\/www.radiopiu.net\/wordpress\/wp-content\/uploads\/2018\/10\/IMG-20181004-WA00041-225x300.jpg 225w, https:\/\/www.radiopiu.net\/wordpress\/wp-content\/uploads\/2018\/10\/IMG-20181004-WA00041-768x1024.jpg 768w, https:\/\/www.radiopiu.net\/wordpress\/wp-content\/uploads\/2018\/10\/IMG-20181004-WA00041.jpg 1200w\" sizes=\"auto, (max-width: 225px) 100vw, 225px\" \/><\/a><strong>FELTRE\u00a0<\/strong> Saranno pi\u00f9 di 900 i protagonisti, per quanto riguarda la sola mattinata di sabato, dell\u2019edizione 2018 di \u201cSport in Piazza\u201d a Feltre, La citt\u00e0 si appresta ad accogliere gli alunni di alcuni istituti scolastici della Valbelluna, da Mel a Lentai, da Cesiomaggiore a Meano, da Santa Giustina a Lamon, Fonzaso e Pedavena, oltre, naturalmente, a quelli di alcuni plessi della citt\u00e0. Ventisette le associazioni presenti quest\u2019anno alla kermesse sportiva che proporranno ai ragazzi e, nel pomeriggio, alle loro famiglie, le discipline pi\u00f9 disparate, da quelle pi\u00f9 tradizionali a quelle pi\u00f9 innovative. Ad attenderli allenatori ed esperti di calcio, basket, pallavolo e nuoto, ma anche arrampicata sportiva, sport subacquei, pattinaggio ed orienteering \u2013 solo per citare alcune delle discipline che sar\u00e0 possibile vedere e provare durante la giornata. Tra le novit\u00e0 di quest\u2019anno vi \u00e8 la disposizione logistica della manifestazione: tutti gli stand degli sport proposti verranno infatti raccolti nell\u2019area compresa tra Pr\u00e0 del Moro, parte di Pr\u00e0 del Vescovo, Viale Marconi, il Palaghiaccio \u201cDrio le Rive\u201d e Piazza Maggiore. Proprio qui, alle 18, avr\u00e0 luogo la chiusura della manifestazione, con la premiazione degli atleti feltrini che si sono particolarmente distinti durante l\u2019annata.\u00a0 Nuova di zecca anche la maglietta stampata in occasione dell\u2019evento: su un vivace fondo verde chiaro si trova il disegno di alcuni luoghi ed opere simbolo della citt\u00e0, realizzato da Arianna Pegoraro, dell\u2019ufficio cultura del Comune di Feltre.<\/p>\n<p><strong>AI MICROFONI DI RADIO PIU&#8217; L&#8217;ASSESSORE ALLO SPORT\u00a0 ANNA MARIA ROSSI<\/strong><\/p>\n<audio class=\"wp-audio-shortcode\" id=\"audio-62825-10\" preload=\"none\" style=\"width: 100%;\" controls=\"controls\"><source type=\"audio\/mpeg\" src=\"http:\/\/www.radiopiu.net\/wordpress\/wp-content\/uploads\/2018\/10\/MARIA-ROSSI-SPORT-PIAZZA-FELTRE.mp3?_=10\" \/><a href=\"http:\/\/www.radiopiu.net\/wordpress\/wp-content\/uploads\/2018\/10\/MARIA-ROSSI-SPORT-PIAZZA-FELTRE.mp3\">http:\/\/www.radiopiu.net\/wordpress\/wp-content\/uploads\/2018\/10\/MARIA-ROSSI-SPORT-PIAZZA-FELTRE.mp3<\/a><\/audio>\n<p>&nbsp;<\/p>\n<p>&nbsp;<\/p>\n<p>&nbsp;<\/p>\n<p>&nbsp;<\/p>\n<p>&nbsp;<\/p>\n<h1>100 GIORNI DI STORIA.<\/h1>\n<p><strong><a class=\"dt-pswp-item\" href=\"http:\/\/www.radiopiu.net\/wordpress\/wp-content\/uploads\/2018\/10\/IMG-20181004-WA0001.jpg\" data-dt-img-description=\"\" data-large_image_width=\"768\" data-large_image_height=\"1024\"><img loading=\"lazy\" decoding=\"async\" class=\"size-medium wp-image-62870 alignleft\" src=\"http:\/\/www.radiopiu.net\/wordpress\/wp-content\/uploads\/2018\/10\/IMG-20181004-WA0001-225x300.jpg\" alt=\"\" width=\"225\" height=\"300\" srcset=\"https:\/\/www.radiopiu.net\/wordpress\/wp-content\/uploads\/2018\/10\/IMG-20181004-WA0001-225x300.jpg 225w, https:\/\/www.radiopiu.net\/wordpress\/wp-content\/uploads\/2018\/10\/IMG-20181004-WA0001.jpg 768w\" sizes=\"auto, (max-width: 225px) 100vw, 225px\" \/><\/a>CESIOMAGGIORE<\/strong> Una storia per la storia. Giocando con le parole, si potrebbe iniziare cos\u00ec il racconto della serata che, alla Confraternita del Formaggio Piave Dop, ha visto l\u2019intervento di Gianpaolo Tomio col suo \u2018La strada dei 100 giorni\u2019. Il volume documenta la realizzazione \u2013 durata, appunto, 100 giorni \u2013 della strada che collegava (e ancor oggi collega), Trichiana e Follina, nel Trevigiano; nota come strada del Passo San Boldo. Pochi mesi, all\u2019inizio del 1928, furono sufficienti per trasformare una rudimentale mulattiera in una strada lungo la quale far passare uomini e mezzi per tentare la definitiva \u2018spallata\u2019 sul Grappa. Perch\u00e9, dopo lo sfondamento di Caporetto, la necessit\u00e0 di avere linee di rifornimento \u2013 agevoli e protette \u2013 era assolutamente prioritaria per il Comando austriaco. Un obiettivo centrato in 100 giorni, appunto. Tanti bastarono per realizzare i sei ponti e le cinque gallerie utili a superare i cento metri di parete verticale. Fin qui le note storiche, riprese anche in altre ricerche. L\u2019assoluta novit\u00e0 del volume, scritto a quattro mani da Tomio e Alessia Cerentin, \u00e8 rappresentata dall\u2019eccezionale apparato fotografico che lo caratterizza.<br \/>\nE qui, appunto, prende le mosse un\u2019altra storia, quella del materiale. A 1000 chilometri dal San Boldo, nella cittadina boema di Bila Tremesna ai confini con la Polonia, mettendo ordine nella casa di famiglia, Jan Kaiser trova documenti che erano appartenuti al bisnonno, il mastro carpentiere imperiale Frantisek Kreusina. Grafici, note e soprattutto foto (perfettamente conservate) che davano conto di lavori che il bisnonno aveva curato nell\u2019area di Nord Est, tra Italia e Slovenia, durante la Grande Guerra. Spinto dalla curiosit\u00e0 di scoprire se, e in che modo, le opere dell\u2019avo fossero sopravvissute, Kaiser arriv\u00f2 a Trichiana dove ebbe la ventura di incontrare Tomio. Un incontro che diede vita a un lungo e proficuo rapporto di collaborazione (\u201cAll\u2019inizio, usando due portatili per tradurre dall\u2019italiano al ceco e viceversa\u201d) che ha permesso l\u2019uscita del volume. Un volume che \u00e8, prevalentemente, fotografico. Vi appaiono decine di immagini, inedite e di grande qualit\u00e0 (molte datate con precisione), che riproducono con accuratezza e dovizia di particolari i lavori progettati e diretti dal Genio militare austro-ungarico; e realizzati \u2013 e in soli cento giorni, appunto \u2013 grazie soprattutto al contributo di centinaia e centinaia di donne e uomini bellunesi, giovani e meno giovani, che riuscirono a dare concreta attuazione a un progetto capace di suscitare \u2013 ancora oggi &#8211; curiosit\u00e0 e stupore.<\/p>\n<p>&nbsp;<\/p>\n<p>&nbsp;<\/p>\n<p>&nbsp;<\/p>\n<p>&nbsp;<\/p>\n<p>&nbsp;<\/p>\n<h1><a class=\"dt-pswp-item\" href=\"http:\/\/www.radiopiu.net\/wordpress\/wp-content\/uploads\/2018\/09\/viabilita.jpeg\" data-dt-img-description=\"\" data-large_image_width=\"800\" data-large_image_height=\"100\"><img loading=\"lazy\" decoding=\"async\" class=\"alignnone size-medium wp-image-61954\" src=\"http:\/\/www.radiopiu.net\/wordpress\/wp-content\/uploads\/2018\/09\/viabilita-300x38.jpeg\" alt=\"\" width=\"300\" height=\"38\" srcset=\"https:\/\/www.radiopiu.net\/wordpress\/wp-content\/uploads\/2018\/09\/viabilita-300x38.jpeg 300w, https:\/\/www.radiopiu.net\/wordpress\/wp-content\/uploads\/2018\/09\/viabilita-768x96.jpeg 768w, https:\/\/www.radiopiu.net\/wordpress\/wp-content\/uploads\/2018\/09\/viabilita.jpeg 800w\" sizes=\"auto, (max-width: 300px) 100vw, 300px\" \/><\/a>VIABILITA&#8217;<br \/>\nPASSO GIAU: CHIUSURE<\/h1>\n<audio class=\"wp-audio-shortcode\" id=\"audio-62825-11\" preload=\"none\" style=\"width: 100%;\" controls=\"controls\"><source type=\"audio\/mpeg\" src=\"http:\/\/www.radiopiu.net\/wordpress\/wp-content\/uploads\/2018\/10\/gr-03-veneto-strade.mp3?_=11\" \/><a href=\"http:\/\/www.radiopiu.net\/wordpress\/wp-content\/uploads\/2018\/10\/gr-03-veneto-strade.mp3\">http:\/\/www.radiopiu.net\/wordpress\/wp-content\/uploads\/2018\/10\/gr-03-veneto-strade.mp3<\/a><\/audio>\n<p>&nbsp;<\/p>\n<p>&nbsp;<\/p>\n<p>&nbsp;<\/p>\n<p>&nbsp;<\/p>\n<p>&nbsp;<\/p>\n<p><a class=\"dt-pswp-item\" href=\"http:\/\/www.radiopiu.net\/wordpress\/wp-content\/uploads\/2018\/09\/appuntamenti.jpeg\" data-dt-img-description=\"\" data-large_image_width=\"800\" data-large_image_height=\"100\"><img loading=\"lazy\" decoding=\"async\" class=\"alignnone wp-image-61958 size-full\" src=\"http:\/\/www.radiopiu.net\/wordpress\/wp-content\/uploads\/2018\/09\/appuntamenti.jpeg\" alt=\"\" width=\"800\" height=\"100\" srcset=\"https:\/\/www.radiopiu.net\/wordpress\/wp-content\/uploads\/2018\/09\/appuntamenti.jpeg 800w, https:\/\/www.radiopiu.net\/wordpress\/wp-content\/uploads\/2018\/09\/appuntamenti-300x38.jpeg 300w, https:\/\/www.radiopiu.net\/wordpress\/wp-content\/uploads\/2018\/09\/appuntamenti-768x96.jpeg 768w\" sizes=\"auto, (max-width: 800px) 100vw, 800px\" \/><\/a><\/p>\n<p>&nbsp;<\/p>\n<h1>DOMENICA LA FESTA DEI NONNI, INFORMAZIONI NEI COMUNI DI ALLEGHE, ROCCA PIETORE E SELVA DI CADORE<\/h1>\n<p><a class=\"dt-pswp-item\" href=\"http:\/\/www.radiopiu.net\/wordpress\/wp-content\/uploads\/2018\/10\/WhatsApp-Image-2018-10-02-at-18.57.35.jpeg\" data-dt-img-description=\"\" data-large_image_width=\"768\" data-large_image_height=\"591\"><img loading=\"lazy\" decoding=\"async\" class=\"wp-image-62586 alignleft\" src=\"http:\/\/www.radiopiu.net\/wordpress\/wp-content\/uploads\/2018\/10\/WhatsApp-Image-2018-10-02-at-18.57.35-300x231.jpeg\" alt=\"\" width=\"323\" height=\"249\" srcset=\"https:\/\/www.radiopiu.net\/wordpress\/wp-content\/uploads\/2018\/10\/WhatsApp-Image-2018-10-02-at-18.57.35-300x231.jpeg 300w, https:\/\/www.radiopiu.net\/wordpress\/wp-content\/uploads\/2018\/10\/WhatsApp-Image-2018-10-02-at-18.57.35.jpeg 768w\" sizes=\"auto, (max-width: 323px) 100vw, 323px\" \/><\/a><\/p>\n<p><strong>VAL CORDEVOLE\u00a0 Ieri 2 ottobre era la festa dei nonni e in Alto Agordino i giovani di una volta saranno festeggiati domenica (giorno di festa) in palestra a Caprile, con la messa e il pranzo. Una festa riservata ai nati nell&#8217;anno 1951 e precedenti. Per motivi organizzati la presenza va confermata entro sabato telefonando oppure recandosi presso gli uffici comunali di Alleghe, Rocca Pietore e Selva di Cadore<\/strong><\/p>\n<p><strong>L&#8217;INVITO DEL SINDACO DI SELVA DI CADORE, SILVIA CESTARO<\/strong><\/p>\n<audio class=\"wp-audio-shortcode\" id=\"audio-62825-12\" preload=\"none\" style=\"width: 100%;\" controls=\"controls\"><source type=\"audio\/mpeg\" src=\"http:\/\/www.radiopiu.net\/wordpress\/wp-content\/uploads\/2018\/10\/SILVIA.mp3?_=12\" \/><a href=\"http:\/\/www.radiopiu.net\/wordpress\/wp-content\/uploads\/2018\/10\/SILVIA.mp3\">http:\/\/www.radiopiu.net\/wordpress\/wp-content\/uploads\/2018\/10\/SILVIA.mp3<\/a><\/audio>\n<p>&nbsp;<\/p>\n<p>&nbsp;<\/p>\n<p>&nbsp;<\/p>\n<p>&nbsp;<\/p>\n<p>&nbsp;<\/p>\n<h1>QUESTA SERA A BELLUNO<br \/>\necco l&#8217;articolo di ieri, ovviamente il domani fa riferimento a oggi alle 18<\/h1>\n<blockquote class=\"wp-embedded-content\" data-secret=\"DCgy1YPtoQ\"><p><a href=\"http:\/\/www.radiopiu.net\/wordpress\/ottobre-da-voce-al-monologo-epistolare-di-mozart\/\">OTTOBRE DA VOCE AL MONOLOGO EPISTOLARE DI MOZART<\/a><\/p><\/blockquote>\n<p><iframe loading=\"lazy\" class=\"wp-embedded-content\" sandbox=\"allow-scripts\" security=\"restricted\" style=\"position: absolute; clip: rect(1px, 1px, 1px, 1px);\" src=\"http:\/\/www.radiopiu.net\/wordpress\/ottobre-da-voce-al-monologo-epistolare-di-mozart\/embed\/#?secret=DCgy1YPtoQ\" data-secret=\"DCgy1YPtoQ\" width=\"600\" height=\"338\" title=\"&#8220;OTTOBRE DA VOCE AL MONOLOGO EPISTOLARE DI MOZART&#8221; &#8212; Radio Pi\u00f9\" frameborder=\"0\" marginwidth=\"0\" marginheight=\"0\" scrolling=\"no\"><\/iframe><\/p>\n<p>&nbsp;<\/p>\n<p>&nbsp;<\/p>\n<p>&nbsp;<\/p>\n<p>&nbsp;<\/p>\n<p>&nbsp;<\/p>\n<h1>DA SABATO AL VIA &#8220;SENA RIDENS &amp; SENA PATHOS&#8221;<\/h1>\n<p><strong><a class=\"dt-pswp-item\" href=\"http:\/\/www.radiopiu.net\/wordpress\/wp-content\/uploads\/2018\/10\/LOST-F-BN-ligh.jpg\" data-dt-img-description=\"\" data-large_image_width=\"4134\" data-large_image_height=\"2820\"><img loading=\"lazy\" decoding=\"async\" class=\"size-medium wp-image-62875 alignleft\" src=\"http:\/\/www.radiopiu.net\/wordpress\/wp-content\/uploads\/2018\/10\/LOST-F-BN-ligh-300x205.jpg\" alt=\"\" width=\"300\" height=\"205\" srcset=\"https:\/\/www.radiopiu.net\/wordpress\/wp-content\/uploads\/2018\/10\/LOST-F-BN-ligh-300x205.jpg 300w, https:\/\/www.radiopiu.net\/wordpress\/wp-content\/uploads\/2018\/10\/LOST-F-BN-ligh-768x524.jpg 768w, https:\/\/www.radiopiu.net\/wordpress\/wp-content\/uploads\/2018\/10\/LOST-F-BN-ligh-1024x699.jpg 1024w\" sizes=\"auto, (max-width: 300px) 100vw, 300px\" \/><\/a>FELTRE\u00a0<\/strong> Nella splendida cornice del Teatro de La Sena, a Feltre, sabato 6 ottobre prende il via la rassegna \u201cSena Ridens &amp; Sena Pathos\u201d. Si tratta, come si evince dal titolo, dell\u2019edizione 2018 della consolidata rassegna, ampliata quest\u2019anno ad una parte non solo comica e brillante. Nel corso degli spettacoli vi sar\u00e0 infatti modo di ridere, ma anche di riflettere e di commuoversi, a partire da \u201cLost in Veneto\u201d, lo spettacolo che aprir\u00e0 il cartellone sabato 6 ottobre alle 21.00, scritto a quattro mani dal celebre scrittore Massimo Carlotto e da Loris Contarini (qui ancora in scena; attore gi\u00e0 apprezzato nella precedente edizione con \u201cLe allegre comari di Windsor\u201d). Lo spettacolo, che si avvale anche di splendide musiche e canzoni dal vivo, sintetizza una sorta di ricerca di una possibile identit\u00e0 veneta profonda e non ideologica, attraverso alcune figure, da Meneghello ad Amleto.\u00a0 L\u2019edizione 2018 di \u201cSena ridens e Sena Pathos\u201d suggella una felice e ormai quadriennale collaborazione fra l&#8217;Amministrazione comunale di Feltre e l&#8217;associazione culturale \u201cTeatro del Cuore\u201d, per la direzione artistica di Roberto Faoro. Gli altri 4 spettacoli in cartellone sono poi in programma, sempre nell\u2019arco del mese di ottobre, sabato 13, sabato 20, domenica 21 e venerd\u00ec 26. \u201cRiproponiamo una formula che ci ha gi\u00e0 dato soddisfazioni sia in termini di partecipazione che di qualit\u00e0 degli spettacoli negli scorsi anni, ampliandola a dei contenuti nuovi; un\u2019occasione da non perdere, rivolta anche e soprattutto per le famiglie, per avvicinarsi al teatro nella splendida location de la Sena\u201d, commenta l\u2019assessore alla cultura del Comune di Feltre Alessandro Del Bianco Le prenotazioni, obbligatorie, possono essere effettuate sul sito www.visitfeltre.info; per informazioni, l\u2019acquisto e il ritiro dei biglietti ci si potr\u00e0 rivolgere invece all\u2019Ufficio Turistico situato in Piazza Maggiore.<\/p>\n<p>&nbsp;<\/p>\n<p>&nbsp;<\/p>\n<p>&nbsp;<\/p>\n<p>&nbsp;<\/p>\n<p>&nbsp;<\/p>\n<h1>AL TEATRO COMUNALE DI BELLUNO LA MONTAGNA RACCONTATA DA CHI LA VIVE QUOTIDIANAMENTE<\/h1>\n<p><strong><a class=\"dt-pswp-item\" href=\"http:\/\/www.radiopiu.net\/wordpress\/wp-content\/uploads\/2018\/10\/locandina_9x1_dolomiti_11ottobre_belluno.jpg\" data-dt-img-description=\"\" data-large_image_width=\"1241\" data-large_image_height=\"1754\"><img loading=\"lazy\" decoding=\"async\" class=\"size-medium wp-image-62884 alignleft\" src=\"http:\/\/www.radiopiu.net\/wordpress\/wp-content\/uploads\/2018\/10\/locandina_9x1_dolomiti_11ottobre_belluno-212x300.jpg\" alt=\"\" width=\"212\" height=\"300\" srcset=\"https:\/\/www.radiopiu.net\/wordpress\/wp-content\/uploads\/2018\/10\/locandina_9x1_dolomiti_11ottobre_belluno-212x300.jpg 212w, https:\/\/www.radiopiu.net\/wordpress\/wp-content\/uploads\/2018\/10\/locandina_9x1_dolomiti_11ottobre_belluno-768x1085.jpg 768w, https:\/\/www.radiopiu.net\/wordpress\/wp-content\/uploads\/2018\/10\/locandina_9x1_dolomiti_11ottobre_belluno-725x1024.jpg 725w, https:\/\/www.radiopiu.net\/wordpress\/wp-content\/uploads\/2018\/10\/locandina_9x1_dolomiti_11ottobre_belluno.jpg 1241w\" sizes=\"auto, (max-width: 212px) 100vw, 212px\" \/><\/a>BELLUNO<\/strong> Immagini, suoni, volti e voci. Non solo per ribadirequello che gi\u00e0 sappiamo, ovvero che le Dolomiti sono un Patrimonio Mondiale dell&#8217;Umanit\u00e0, ma anche per interrogarci su come lo stiamo vivendo. Oltre Le Vette, la rassegna del Comune di Belluno che dal 1997 racconta \u201cmetafore, uomini e luoghi della montagna\u201d, ospiter\u00e0 gioved\u00ec 11 ottobre alle 21.00 al Teatro Comunale di Belluno, una conferenza spettacolo organizzata dalla Fondazione Dolomiti UNESCO: 9&#215;1=DOLOMITI. Nove sono i Sistemi riconosciuti dall&#8217;UNESCO nel 2009, uno \u00e8 il Bene che vanno a comporre: un unico Bene, oltre i confini amministrativi delle cinque province che lo racchiudono. Ma anche un Bene unico al mondo, riconosciuto come tale per il suo valore geologico e paesaggistico. Partir\u00e0 proprio da qui il programma della serata che vedr\u00e0, dopo i saluti delle autorit\u00e0, l&#8217;intervento del geologo Piero Gianolla, dell&#8217;architetto Cesare Micheletti, del botanico Cesare Lasen e del direttore del Parco Nazionale Dolomiti Bellunesi Antonio Andrich. L&#8217;aspetto scientifico lascer\u00e0 poi posto a quello antropico. Toccher\u00e0 al sociologo Diego Cason delineare i chiaroscuri del vivere in montagna, con analisi e spunti che daranno alla serata un risvolto estremamente concreto. Interverranno quindi l&#8217;antropologa Daniela Perco, l&#8217;albergatore Walter De Cassan, l&#8217;imprenditrice Claudia Scarzanella e l&#8217;apicoltore Andrea Lorusso. Spazio naturalmente anche alla montagna vissuta, dal punto di vista alpinistico, e rappresentata, dal punto di vista artistico, con la presidente del CAIdi Agordo Anna Magro,la Guida Alpinae membro del Soccorso AlpinoMichele Zandegiacomo,il regista Giovanni Carraro, il fotografo Moreno Geremetta, l&#8217;artista Silvia de Bastiani e lo scrittore Matteo Melchiorre.<\/p>\n<p>&nbsp;<\/p>\n<p>&nbsp;<\/p>\n<p>&nbsp;<\/p>\n<p>&nbsp;<\/p>\n<h1>CONSULENZA PER 10 ASSOCIAZIONI SULLA NUOVA PRIVACY<\/h1>\n<blockquote><p><em>Solo 10 posti disponibili: iscrizioni entro il 19 ottobre<\/em><\/p><\/blockquote>\n<p><strong><a class=\"dt-pswp-item\" href=\"http:\/\/www.radiopiu.net\/wordpress\/wp-content\/uploads\/2018\/10\/Corso-nuova-privacy-Belluno-2018.jpg\" data-dt-img-description=\"\" data-large_image_width=\"3968\" data-large_image_height=\"2976\"><img loading=\"lazy\" decoding=\"async\" class=\"size-medium wp-image-62893 alignleft\" src=\"http:\/\/www.radiopiu.net\/wordpress\/wp-content\/uploads\/2018\/10\/Corso-nuova-privacy-Belluno-2018-300x225.jpg\" alt=\"\" width=\"300\" height=\"225\" srcset=\"https:\/\/www.radiopiu.net\/wordpress\/wp-content\/uploads\/2018\/10\/Corso-nuova-privacy-Belluno-2018-300x225.jpg 300w, https:\/\/www.radiopiu.net\/wordpress\/wp-content\/uploads\/2018\/10\/Corso-nuova-privacy-Belluno-2018-768x576.jpg 768w, https:\/\/www.radiopiu.net\/wordpress\/wp-content\/uploads\/2018\/10\/Corso-nuova-privacy-Belluno-2018-1024x768.jpg 1024w\" sizes=\"auto, (max-width: 300px) 100vw, 300px\" \/><\/a>BELLUNO<\/strong> Marted\u00ec 23 ottobre dalle 15 alle 18 al secondo piano della Casa del Volontariato la dottoressa Cinzia Cassiadoro terr\u00e0 una consulenza per un numero massimo di 10 associazioni sul nuovo Regolamento sulla protezione dei dati personali (GDPR), che obbliga anche le associazioni di volontariato a tutta una serie di adempimenti e di buone prassi da adottare. I posti sono limitati: per prenotare il proprio chiamare il Csv Belluno allo 0437 950374 (Valeria) o scrivere a info@csvbelluno.it entro il 19 ottobre. Si raccomanda la massima seriet\u00e0: qualora il referente dell&#8217;associazione sia impossibilitato a presenziare si prega di farlo sapere all&#8217;organizzazione quanto prima per lasciare il posto. Possono partecipare anche altri interessati, purch\u00e9 appartenenti alla stessa associazione: importante sar\u00e0 individuare al proprio interno la figura responsabile per l&#8217;ambito privacy, gi\u00e0 in vista dell&#8217;incontro di fine ottobre. I referenti sono pregati di arrivare avendo ben chiara la propria e le proprie specifiche necessit\u00e0, magari anche con una serie di domande gi\u00e0 pronte da porre. Per ulteriori delucidazioni, il Csv \u00e8 sempre a disposizione.<\/p>\n<p>&nbsp;<\/p>\n<p>&nbsp;<\/p>\n<p>&nbsp;<\/p>\n<p>&nbsp;<\/p>\n<p>&nbsp;<\/p>\n<h1><a class=\"dt-pswp-item\" href=\"http:\/\/www.radiopiu.net\/wordpress\/wp-content\/uploads\/2018\/09\/sport.jpg\" data-dt-img-description=\"\" data-large_image_width=\"800\" data-large_image_height=\"100\"><img loading=\"lazy\" decoding=\"async\" class=\"alignnone wp-image-60761 size-full\" src=\"http:\/\/www.radiopiu.net\/wordpress\/wp-content\/uploads\/2018\/09\/sport.jpg\" alt=\"\" width=\"800\" height=\"100\" srcset=\"https:\/\/www.radiopiu.net\/wordpress\/wp-content\/uploads\/2018\/09\/sport.jpg 800w, https:\/\/www.radiopiu.net\/wordpress\/wp-content\/uploads\/2018\/09\/sport-300x38.jpg 300w, https:\/\/www.radiopiu.net\/wordpress\/wp-content\/uploads\/2018\/09\/sport-768x96.jpg 768w\" sizes=\"auto, (max-width: 800px) 100vw, 800px\" \/><\/a><\/h1>\n<p>&nbsp;<\/p>\n<p>&nbsp;<\/p>\n<h1><span style=\"font-family: verdana, sans-serif;\"><b>SABATO 6 OTTOBRE A LONGARONE LA CONSEGNA DEL FAIR PLAY E LA PRESENTAZIONE DELLE SQUADRE 2018-2019<\/b><\/span><\/h1>\n<div dir=\"ltr\"><span style=\"font-family: verdana, sans-serif;\"><strong>BELLUNO\u00a0<\/strong> Si svolger\u00e0 sabato, 6 ottobre la consegna del premio Fair Play, il riconoscimento che il Comitato Fisi Veneto dal 1990 assegna a personalit\u00e0 che si sono distinte nel mondo degli sport invernali. La consegna del premio, giunto alla <a href=\"http:\/\/29.ma\">29.ma<\/a> edizione avverr\u00e0 alle 16, a Longarone Fiere, in occasione di Dolomiti Show, la fiera sulla montagna e sugli sport outdoor proposta da I Buoni Motivi.\u00a0\u00a0<\/span><span style=\"font-family: verdana, sans-serif;\">Il Fair Play 2018 andr\u00e0 ad Andrea Schenal, tecnico che per trent&#8217;anni e fino alla scorsa stagione ha allenato le squadre del comitato veneto dello sci alpino. Con &#8220;Skena&#8221; saliranno sul palco di Longarone anche quei ragazzi che, sotto la sua guida tecnica, sono riusciti a vestire l&#8217;azzurro nella varie squadre nazionali.\u00a0<\/span><\/div>\n<div dir=\"ltr\"><\/div>\n<p>&nbsp;<\/p>\n<p>&nbsp;<\/p>\n<p>&nbsp;<\/p>\n<p><span style=\"font-family: verdana, sans-serif; font-size: large;\"><span style=\"color: #000000;\"><span lang=\"zxx\"><b>La <\/b><\/span><\/span><span style=\"color: #000000;\"><span lang=\"zxx\"><i><b>Camigada poi si\u00e8 refuge<\/b><\/i><\/span><\/span><\/span><\/p>\n<p><span style=\"font-family: verdana, sans-serif;\"><b>L&#8217;evento proposto dal Cai di Auronzo presenter\u00e0 l&#8217;edizione numero 47 a Dolomiti Show, fiera di Longarone, il 6 e 7 ottobre<\/b><\/span><\/p>\n<p><span style=\"font-family: verdana, sans-serif;\"><b><br \/>\n<\/b><\/span><span style=\"font-family: verdana, sans-serif;\"><span style=\"color: #000000;\"><span lang=\"zxx\"><b><a class=\"dt-pswp-item\" href=\"http:\/\/www.radiopiu.net\/wordpress\/wp-content\/uploads\/2018\/10\/\u00a9Ti-Comunicazione-182-CAMIGNADA-2018.jpg\" data-dt-img-description=\"\" data-large_image_width=\"1400\" data-large_image_height=\"933\"><img loading=\"lazy\" decoding=\"async\" class=\"size-medium wp-image-62894 alignleft\" src=\"http:\/\/www.radiopiu.net\/wordpress\/wp-content\/uploads\/2018\/10\/\u00a9Ti-Comunicazione-182-CAMIGNADA-2018-300x200.jpg\" alt=\"\" width=\"300\" height=\"200\" srcset=\"https:\/\/www.radiopiu.net\/wordpress\/wp-content\/uploads\/2018\/10\/\u00a9Ti-Comunicazione-182-CAMIGNADA-2018-300x200.jpg 300w, https:\/\/www.radiopiu.net\/wordpress\/wp-content\/uploads\/2018\/10\/\u00a9Ti-Comunicazione-182-CAMIGNADA-2018-768x512.jpg 768w, https:\/\/www.radiopiu.net\/wordpress\/wp-content\/uploads\/2018\/10\/\u00a9Ti-Comunicazione-182-CAMIGNADA-2018-1024x682.jpg 1024w, https:\/\/www.radiopiu.net\/wordpress\/wp-content\/uploads\/2018\/10\/\u00a9Ti-Comunicazione-182-CAMIGNADA-2018.jpg 1400w\" sizes=\"auto, (max-width: 300px) 100vw, 300px\" \/><\/a>Auronzo di Cadore (Belluno), 4 ottobre 2019 \u2013<\/b><\/span><\/span><span lang=\"zxx\"><span style=\"color: #000000;\"> Si \u00e8 messa in moto la macchina organizzativa della Camignada poi si\u00e8 refuge, storica corsa in montagna proposta dalla Sezione Cadorina di Auronzo del Club alpino italiano. Lo staff organizzativo dell&#8217;evento bellunese promuover\u00e0 l&#8217;edizione 2019, in programma il 3 e 4 agosto, a partire dall&#8217;imminente fine settimana: sabato 6 e domenica 7 ottobre la Camignada sar\u00e0 infatti a Dolomiti Show di Longarone, fiera dedicata all&#8217;outdoor.<\/span>\u00a0<\/span><\/span><span style=\"color: #000000; font-family: verdana, sans-serif;\">Quella della prossima estate sar\u00e0 la Camignada del ritorno al percorso originario con partenza da Misurina, salita al rifugio Auronzo, poi passaggi per Lavaredo, Locatelli, Pian di Cengia, Comici e Carducci approdo finale al palaghiaccio di Auronzo. Dal 2015 fino allo scorso agosto, infatti, si \u00e8 corso su un tracciato alternativo che non passava per i i rifugi Comici e Carducci a causa della frana che nell&#8221;estate del 2015 aveva reso impraticabile la Val Giralba.\u00a0<\/span><span style=\"font-family: verdana, sans-serif;\"><span style=\"color: #000000;\"><span lang=\"zxx\">\u00abFin da subito, dopo le frane del 2015, come Cai ci siamo messi al lavoro per trovare una soluzione che consentisse di tornare in Val Giralba e dunque toccare i due rifugi Comici e Carducci\u00bb spieg Stefano Muzzi, presidente della sezione Cai di Auronzo. \u00abLa prossima estate, stante anche le assicurazioni arrivate dall&#8217;amministrazione comunale al&#8217;l&#8217;indomani dell&#8217;ultima edizione, dovrebbe essere la volta buona per tornare sul percorso originario. In collaborazione con il gestore del Carducci e altri esperti della zona, tra le possibili soluzioni abbiamo individuato un sentiero che si stacca dal fondo del torrente all\u2019altezza di Pian de le Salere e poi prosegue in quota fin quasi all\u2019uscita della Val Giralba. \u00c8 un sentiero che per diversi tratti ripercorre una via militare realizzata dai soldati italiani nel 1915, all\u2019inizio della Grande Guerra. <\/span><\/span><span style=\"color: #000000;\"><span lang=\"zxx\">\u00ab<\/span><\/span><span style=\"color: #000000;\"><span lang=\"zxx\">Vedremo se potr\u00e0 essere questa la soluzione per il 2019<\/span><\/span><span style=\"color: #000000;\"><span lang=\"zxx\">\u00bb<\/span><\/span><span style=\"color: #000000;\"><span lang=\"zxx\"> conclude Muzzi. <\/span><\/span><span style=\"color: #000000;\"><span lang=\"zxx\">\u00ab<\/span><\/span><span style=\"color: #000000;\"><span lang=\"zxx\">Da parte nostra e dei diversi volontari che collaborano con noi, c&#8217;\u00e8 la massima disponibilit\u00e0 a lavorare fin da subito\u00bb.\u00a0<\/span><\/span><\/span><span style=\"color: #000000;\"><span style=\"font-family: verdana, sans-serif;\"><span lang=\"zxx\">La Camignada 2019 riproporr\u00e0 anche l&#8217;evento dedicato ai pi\u00f9 piccoli, la Camignada Kids, in programma nel pomeriggio di sabato 3 agosto.\u00a0<\/span><\/span><\/span><\/p>\n<p>&nbsp;<\/p>\n<p>&nbsp;<\/p>\n<p>&nbsp;<\/p>\n<p><a class=\"dt-pswp-item\" href=\"http:\/\/www.radiopiu.net\/wordpress\/wp-content\/uploads\/2018\/09\/banner-speciali.png\" data-dt-img-description=\"\" data-large_image_width=\"250\" data-large_image_height=\"175\"><img loading=\"lazy\" decoding=\"async\" class=\"alignnone wp-image-59738\" src=\"http:\/\/www.radiopiu.net\/wordpress\/wp-content\/uploads\/2018\/09\/banner-speciali.png\" alt=\"\" width=\"344\" height=\"241\" \/><\/a><\/p>\n<p>&nbsp;<\/p>\n<blockquote class=\"wp-embedded-content\" data-secret=\"XdqoMi96JA\"><p><a href=\"http:\/\/www.radiopiu.net\/wordpress\/gli-speciali-di-radio-piu-chiesa-di-santa-fosca-a-pescul-di-renato-bona\/\">GLI SPECIALI DI RADIO PIU. CHIESA DI SANTA FOSCA A PESCUL, DI RENATO BONA<\/a><\/p><\/blockquote>\n<p><iframe loading=\"lazy\" class=\"wp-embedded-content\" sandbox=\"allow-scripts\" security=\"restricted\" style=\"position: absolute; clip: rect(1px, 1px, 1px, 1px);\" src=\"http:\/\/www.radiopiu.net\/wordpress\/gli-speciali-di-radio-piu-chiesa-di-santa-fosca-a-pescul-di-renato-bona\/embed\/#?secret=XdqoMi96JA\" data-secret=\"XdqoMi96JA\" width=\"600\" height=\"338\" title=\"&#8220;GLI SPECIALI DI RADIO PIU. CHIESA DI SANTA FOSCA A PESCUL, DI RENATO BONA&#8221; &#8212; Radio Pi\u00f9\" frameborder=\"0\" marginwidth=\"0\" marginheight=\"0\" scrolling=\"no\"><\/iframe><\/p>\n<p>&nbsp;<\/p>\n<p>&nbsp;<\/p>\n<p>&nbsp;<\/p>\n<p>&nbsp;<\/p>\n<p><a class=\"dt-pswp-item\" href=\"http:\/\/www.radiopiu.net\/wordpress\/wp-content\/uploads\/2018\/09\/WhatsApp-Image-2018-09-20-at-16.04.06.jpeg\" data-dt-img-description=\"\" data-large_image_width=\"800\" data-large_image_height=\"100\"><img loading=\"lazy\" decoding=\"async\" class=\"alignnone wp-image-61378 size-full\" src=\"http:\/\/www.radiopiu.net\/wordpress\/wp-content\/uploads\/2018\/09\/WhatsApp-Image-2018-09-20-at-16.04.06.jpeg\" alt=\"\" width=\"800\" height=\"100\" srcset=\"https:\/\/www.radiopiu.net\/wordpress\/wp-content\/uploads\/2018\/09\/WhatsApp-Image-2018-09-20-at-16.04.06.jpeg 800w, https:\/\/www.radiopiu.net\/wordpress\/wp-content\/uploads\/2018\/09\/WhatsApp-Image-2018-09-20-at-16.04.06-300x38.jpeg 300w, https:\/\/www.radiopiu.net\/wordpress\/wp-content\/uploads\/2018\/09\/WhatsApp-Image-2018-09-20-at-16.04.06-768x96.jpeg 768w\" sizes=\"auto, (max-width: 800px) 100vw, 800px\" \/><\/a><\/p>\n<h1>PREVISIONI DEL TEMPO DA OGGI A LUNEDI<\/h1>\n<p><center><b>Venerdi 5<\/b><\/center><b>Tempo atteso: <\/b>Altra bella giornata di sole, con temperature un po&#8217; superiori alla norma. In giornata cielo del tutto sereno, con rischio contenuto di qualche banco di nebbia mattutino in Val Belluna; in serata aumento della nuvolosit\u00e0 ad iniziare dalle Prealpi, dove non sar\u00e0 escluso del tutto qualche fenomeno.<br \/>\n<b>Precipitazioni: <\/b>Assenti fino al tardo pomeriggio (0%). In serata non escluso del tutto qualche locale piovasco sulle Prealpi, specie orientali (20\/30%).<br \/>\n<b>Temperature: <\/b>Minime in lieve aumento, massime stazionarie. Su Prealpi a 1500 m min 9\u00b0C max 13\u00b0C, a 2000 m min 6\u00b0C max 9\u00b0C. Su Dolomiti a 2000 m min 5\u00b0C max 10\u00b0C, a 3000 m min 1\u00b0C max 4\u00b0C.<br \/>\n<b>Venti: <\/b>Nelle valli da deboli a moderati a regime di brezza; in quota da deboli a moderati in serata, meridionali, a 5-15 km\/h a 2000 m, 10-35 km\/h a 3000 m.<\/p>\n<hr \/>\n<p><center><b>Sabato 6<\/b><\/center><b>Tempo atteso: <\/b>Cielo perlopi\u00f9 molto nuvoloso, a tratti coperto specie al mattino, con fenomeni temporaneamente anche diffusi. Clima diurno pi\u00f9 fresco.<br \/>\n<b>Precipitazioni: <\/b>Sulle Prealpi a tratti diffuse e localmente moderate, soprattutto al mattino (70\/90%), con possibili accumuli nelle 24 ore mediamente di 15\/35 mm. Sulle Dolomiti fenomeni a carattere pi\u00f9 sparso e generalmente deboli (60\/70%). Limite delle deboli nevicate a 2700\/2900 m. I fenomeni saranno in attenuazione dal tardo pomeriggio\/sera a partire dalle Dolomiti.<br \/>\n<b>Temperature: <\/b>Minime in aumento nelle valli, in lieve calo in quota; massime in calo. Su Prealpi a 1500 m min 8\u00b0C max 10\u00b0C, a 2000 m min 4\u00b0C max 7\u00b0C. Su Dolomiti a 2000 m min 4\u00b0C max 7\u00b0C, a 3000 m min -1\u00b0C max 1\u00b0C.<br \/>\n<b>Venti: <\/b>Nelle valli deboli di direzione variabile; in quota in attenuazione da moderati a deboli meridionali, a 5-15 km\/h a 2000 m, 10-35 km\/h a 3000 m.<\/p>\n<hr \/>\n<p><center><b>Domenica 7<\/b><\/center>Tempo in miglioramento, nonostante possibili nubi basse mattutine specie sui settori prealpini, in particolare quelli occidentali, dove qualche residuo fenomeno sar\u00e0 possibile nella notte. In giornata formazione di qualche addensamento che potr\u00e0 produrre qualche isolato e breve piovasco, sempre maggiormente probabile sulle Prealpi. Clima diurno pi\u00f9 mite. Venti deboli.<\/p>\n<hr \/>\n<p><center><b>Lunedi 8<\/b><\/center>Tempo in ulteriore miglioramento, anche se persister\u00e0 una nuvolosit\u00e0 variabile sia per locali nubi basse che per modesti addensamenti diurni, con un rischio quasi assente di qualche isolato e breve piovasco. Temperature mattutine pi\u00f9 fresche, stazionarie attorno alle medie del periodo di giorno. Previsore: G.M.<\/p>\n<p>&nbsp;<\/p>\n","protected":false},"excerpt":{"rendered":"<p>INCIDENTE MORTALE LUNGO LA RIVA DEL BOSCON &nbsp; BELLUNO Un uomo di\u00a0 75 anni\u00a0\u00a0Antonio Tamburlin, residente nella zona di San Fermo in comune di Belluno\u00a0 \u00a0\u00e8 morto\u00a0 nel drammatico incidente lungo la riva del Boscon (statale 50 tra Belluno e Sedico). Alle 10.15\u00a0 di ieri l&#8217;uomo alla guida della sua panda si \u00e8 scontrato con&hellip;<\/p>\n","protected":false},"author":1,"featured_media":62839,"comment_status":"closed","ping_status":"closed","sticky":false,"template":"","format":"standard","meta":{"_monsterinsights_skip_tracking":false,"_monsterinsights_sitenote_active":false,"_monsterinsights_sitenote_note":"","_monsterinsights_sitenote_category":0,"footnotes":""},"categories":[86],"tags":[],"class_list":["post-62825","post","type-post","status-publish","format-standard","has-post-thumbnail","hentry","category-gr","category-86","description-off"],"img_url":"https:\/\/www.radiopiu.net\/wordpress\/wp-content\/uploads\/2018\/10\/OLIMPIADI-PRESENTAZIONE-1.jpg","_links":{"self":[{"href":"https:\/\/www.radiopiu.net\/wordpress\/wp-json\/wp\/v2\/posts\/62825","targetHints":{"allow":["GET"]}}],"collection":[{"href":"https:\/\/www.radiopiu.net\/wordpress\/wp-json\/wp\/v2\/posts"}],"about":[{"href":"https:\/\/www.radiopiu.net\/wordpress\/wp-json\/wp\/v2\/types\/post"}],"author":[{"embeddable":true,"href":"https:\/\/www.radiopiu.net\/wordpress\/wp-json\/wp\/v2\/users\/1"}],"replies":[{"embeddable":true,"href":"https:\/\/www.radiopiu.net\/wordpress\/wp-json\/wp\/v2\/comments?post=62825"}],"version-history":[{"count":0,"href":"https:\/\/www.radiopiu.net\/wordpress\/wp-json\/wp\/v2\/posts\/62825\/revisions"}],"wp:featuredmedia":[{"embeddable":true,"href":"https:\/\/www.radiopiu.net\/wordpress\/wp-json\/wp\/v2\/media\/62839"}],"wp:attachment":[{"href":"https:\/\/www.radiopiu.net\/wordpress\/wp-json\/wp\/v2\/media?parent=62825"}],"wp:term":[{"taxonomy":"category","embeddable":true,"href":"https:\/\/www.radiopiu.net\/wordpress\/wp-json\/wp\/v2\/categories?post=62825"},{"taxonomy":"post_tag","embeddable":true,"href":"https:\/\/www.radiopiu.net\/wordpress\/wp-json\/wp\/v2\/tags?post=62825"}],"curies":[{"name":"wp","href":"https:\/\/api.w.org\/{rel}","templated":true}]}}