{"id":62935,"date":"2018-10-06T05:23:33","date_gmt":"2018-10-06T03:23:33","guid":{"rendered":"http:\/\/www.radiopiu.net\/wordpress\/?p=62935"},"modified":"2018-10-06T08:50:22","modified_gmt":"2018-10-06T06:50:22","slug":"giornale-radiopiu-06-ottobre-2018-direttore-mirko-mezzacasagiornale-radiopiu-06-ottobre-2018-direttore-mirko-mezzacasa","status":"publish","type":"post","link":"https:\/\/www.radiopiu.net\/wordpress\/giornale-radiopiu-06-ottobre-2018-direttore-mirko-mezzacasagiornale-radiopiu-06-ottobre-2018-direttore-mirko-mezzacasa\/","title":{"rendered":"GIORNALE RADIOPIU 06 OTTOBRE 2018 DIRETTORE MIRKO MEZZACASA"},"content":{"rendered":"<h1>I NOTIZIARI ALLA RADIO: 8 05 RASSEGNA STAMPA. 9 30 GIORNALE RADIO MATTINA. 12.30 GIORNALE RADIO PRINCIPALE. 14 30 E 16 30 GIORNALE RADIO POMERIGGIO, 18 30 GIORNALE RADIO SERA. ALLA MEZZANOTTE IL GR DELLA MEZZANOTTE. ALLE 10.30 E 1900 LA RASSEGNA STAMPA DA L&#8217;AMICO DEL POPOLO DI GIANNI SANTOMASO. QUESTA SERA 20.30 HOCKEY AL PUNTO GIUSTO, ALLEGHE IHL<\/h1>\n<h1>INCIDENTE COL PARAPENDIO<\/h1>\n<p><strong>LA VALLE<\/strong> Un trentenne di Agordo, Alessandro Del Din, ha probabilmente sbagliato la manovra di atterraggio e ieri con il parapendio prima \u00e8 finito contro il tetto di una casa e poi sull&#8217;asfalto. E&#8217; stato trasportato con l&#8217;elicottero all&#8217;ospedale di Treviso per un politrauma ma non \u00e8 in pericolo di vita. L&#8217;incidente come documentato dalla foto di Rosy Bortoluzzi in localit\u00e0 Cugnago.<\/p>\n<p>&nbsp;<\/p>\n<p><a class=\"dt-pswp-item\" href=\"http:\/\/www.radiopiu.net\/wordpress\/wp-content\/uploads\/2018\/10\/WhatsApp-Image-2018-10-05-at-15.09.51.jpeg\" data-dt-img-description=\"\" data-large_image_width=\"900\" data-large_image_height=\"1600\"><img loading=\"lazy\" decoding=\"async\" class=\"alignnone size-medium wp-image-62984 alignright\" src=\"http:\/\/www.radiopiu.net\/wordpress\/wp-content\/uploads\/2018\/10\/WhatsApp-Image-2018-10-05-at-15.09.51-169x300.jpeg\" alt=\"\" width=\"169\" height=\"300\" srcset=\"https:\/\/www.radiopiu.net\/wordpress\/wp-content\/uploads\/2018\/10\/WhatsApp-Image-2018-10-05-at-15.09.51-169x300.jpeg 169w, https:\/\/www.radiopiu.net\/wordpress\/wp-content\/uploads\/2018\/10\/WhatsApp-Image-2018-10-05-at-15.09.51-768x1365.jpeg 768w, https:\/\/www.radiopiu.net\/wordpress\/wp-content\/uploads\/2018\/10\/WhatsApp-Image-2018-10-05-at-15.09.51-576x1024.jpeg 576w, https:\/\/www.radiopiu.net\/wordpress\/wp-content\/uploads\/2018\/10\/WhatsApp-Image-2018-10-05-at-15.09.51.jpeg 900w\" sizes=\"auto, (max-width: 169px) 100vw, 169px\" \/><\/a><\/p>\n<h1>INCIDENTE ALL&#8217;IMBOCCO DELLA TANGENZIALE, STOP NON RISPETTATO<\/h1>\n<p>Uno stop non rispettato, quello che dal centro di Agordo immette nella tangenziale davanti al mobilificio Roccon e il botto \u00e8 inevitabile. E&#8217; successo stamane all&#8217;incrocio di Ponte Rova lungo la regione 203 agordina. La Fiat Panda condotta da G.C. 70enne di Sospirolo entrata in collisione con la\u00a0 la betoniera condotta da un 56enne di Belluno . Il conducente della Panda e i suoi due trasportati ( un uomo e una donna Di 67 e\u00a0 72 anni sono ricorsi alle cure dei sanitari di Agordo per ferite lievi<\/p>\n<p>foto<\/p>\n\n\t\t\t<style type='text\/css'>\n\t\t\t\t#gallery-1 {\n\t\t\t\t\tmargin: auto;\n\t\t\t\t}\n\t\t\t\t#gallery-1 .gallery-item {\n\t\t\t\t\tfloat: left;\n\t\t\t\t\tmargin-top: 10px;\n\t\t\t\t\ttext-align: center;\n\t\t\t\t\twidth: 33%;\n\t\t\t\t}\n\t\t\t\t#gallery-1 img {\n\t\t\t\t\tborder: 2px solid #cfcfcf;\n\t\t\t\t}\n\t\t\t\t#gallery-1 .gallery-caption {\n\t\t\t\t\tmargin-left: 0;\n\t\t\t\t}\n\t\t\t\t\/* see gallery_shortcode() in wp-includes\/media.php *\/\n\t\t\t<\/style>\n\t\t<div id='gallery-1' class='dt-gallery-container gallery galleryid-62935 gallery-columns-3 gallery-size-thumbnail'><dl class='gallery-item'>\n\t\t\t\t<dt class='gallery-icon portrait'>\n\t\t\t\t\t<a class=\"rollover\" href='https:\/\/www.radiopiu.net\/wordpress\/incidente-allimbocco-della-tangenziale-stop-non-rispettato\/whatsapp-image-2018-10-05-at-11-36-16-3\/'><img loading=\"lazy\" decoding=\"async\" width=\"150\" height=\"150\" src=\"https:\/\/www.radiopiu.net\/wordpress\/wp-content\/uploads\/2018\/10\/WhatsApp-Image-2018-10-05-at-11.36.16-2-150x150.jpeg\" class=\"attachment-thumbnail size-thumbnail\" alt=\"\" \/><\/a>\n\t\t\t\t<\/dt><\/dl><dl class='gallery-item'>\n\t\t\t\t<dt class='gallery-icon landscape'>\n\t\t\t\t\t<a class=\"rollover\" href='https:\/\/www.radiopiu.net\/wordpress\/incidente-allimbocco-della-tangenziale-stop-non-rispettato\/whatsapp-image-2018-10-05-at-11-30-25-3\/'><img loading=\"lazy\" decoding=\"async\" width=\"150\" height=\"150\" src=\"https:\/\/www.radiopiu.net\/wordpress\/wp-content\/uploads\/2018\/10\/WhatsApp-Image-2018-10-05-at-11.30.25-2-150x150.jpeg\" class=\"attachment-thumbnail size-thumbnail\" alt=\"\" \/><\/a>\n\t\t\t\t<\/dt><\/dl><dl class='gallery-item'>\n\t\t\t\t<dt class='gallery-icon portrait'>\n\t\t\t\t\t<a class=\"rollover\" href='https:\/\/www.radiopiu.net\/wordpress\/incidente-allimbocco-della-tangenziale-stop-non-rispettato\/whatsapp-image-2018-10-05-at-16-29-18-2\/'><img loading=\"lazy\" decoding=\"async\" width=\"150\" height=\"150\" src=\"https:\/\/www.radiopiu.net\/wordpress\/wp-content\/uploads\/2018\/10\/WhatsApp-Image-2018-10-05-at-16.29.18-1-150x150.jpeg\" class=\"attachment-thumbnail size-thumbnail\" alt=\"\" \/><\/a>\n\t\t\t\t<\/dt><\/dl><br style=\"clear: both\" \/><dl class='gallery-item'>\n\t\t\t\t<dt class='gallery-icon portrait'>\n\t\t\t\t\t<a class=\"rollover\" href='https:\/\/www.radiopiu.net\/wordpress\/incidente-allimbocco-della-tangenziale-stop-non-rispettato\/whatsapp-image-2018-10-05-at-16-29-20-2\/'><img loading=\"lazy\" decoding=\"async\" width=\"150\" height=\"150\" src=\"https:\/\/www.radiopiu.net\/wordpress\/wp-content\/uploads\/2018\/10\/WhatsApp-Image-2018-10-05-at-16.29.20-1-150x150.jpeg\" class=\"attachment-thumbnail size-thumbnail\" alt=\"\" \/><\/a>\n\t\t\t\t<\/dt><\/dl><dl class='gallery-item'>\n\t\t\t\t<dt class='gallery-icon portrait'>\n\t\t\t\t\t<a class=\"rollover\" href='https:\/\/www.radiopiu.net\/wordpress\/incidente-allimbocco-della-tangenziale-stop-non-rispettato\/whatsapp-image-2018-10-05-at-11-36-17-3\/'><img loading=\"lazy\" decoding=\"async\" width=\"150\" height=\"150\" src=\"https:\/\/www.radiopiu.net\/wordpress\/wp-content\/uploads\/2018\/10\/WhatsApp-Image-2018-10-05-at-11.36.17-2-150x150.jpeg\" class=\"attachment-thumbnail size-thumbnail\" alt=\"\" \/><\/a>\n\t\t\t\t<\/dt><\/dl>\n\t\t\t\t<br style='clear: both' \/>\n\t\t\t<\/div>\n\n<p>&nbsp;<\/p>\n<p>&nbsp;<\/p>\n<p>&nbsp;<\/p>\n<h1>INCIDENTE A LEVEGO<\/h1>\n\n\t\t\t<style type='text\/css'>\n\t\t\t\t#gallery-2 {\n\t\t\t\t\tmargin: auto;\n\t\t\t\t}\n\t\t\t\t#gallery-2 .gallery-item {\n\t\t\t\t\tfloat: left;\n\t\t\t\t\tmargin-top: 10px;\n\t\t\t\t\ttext-align: center;\n\t\t\t\t\twidth: 33%;\n\t\t\t\t}\n\t\t\t\t#gallery-2 img {\n\t\t\t\t\tborder: 2px solid #cfcfcf;\n\t\t\t\t}\n\t\t\t\t#gallery-2 .gallery-caption {\n\t\t\t\t\tmargin-left: 0;\n\t\t\t\t}\n\t\t\t\t\/* see gallery_shortcode() in wp-includes\/media.php *\/\n\t\t\t<\/style>\n\t\t<div id='gallery-2' class='dt-gallery-container gallery galleryid-62935 gallery-columns-3 gallery-size-thumbnail'><dl class='gallery-item'>\n\t\t\t\t<dt class='gallery-icon portrait'>\n\t\t\t\t\t<a class=\"rollover\" href='https:\/\/www.radiopiu.net\/wordpress\/lavori-allex-follador-con-i-fondi-di-confine-il-ritardo-di-un-anno-e-mezzo-per-linquinamento-del-sottosuolo-chi-paghera\/43231291_2496146037070958_3370377879324983296_n\/'><img loading=\"lazy\" decoding=\"async\" width=\"150\" height=\"150\" src=\"https:\/\/www.radiopiu.net\/wordpress\/wp-content\/uploads\/2018\/10\/43231291_2496146037070958_3370377879324983296_n-150x150.jpg\" class=\"attachment-thumbnail size-thumbnail\" alt=\"\" \/><\/a>\n\t\t\t\t<\/dt><\/dl><dl class='gallery-item'>\n\t\t\t\t<dt class='gallery-icon portrait'>\n\t\t\t\t\t<a class=\"rollover\" href='https:\/\/www.radiopiu.net\/wordpress\/giornale-radiopiu-06-ottobre-2018-direttore-mirko-mezzacasagiornale-radiopiu-06-ottobre-2018-direttore-mirko-mezzacasa\/43173581_162460194690813_1747235542606544896_n\/'><img loading=\"lazy\" decoding=\"async\" width=\"150\" height=\"150\" src=\"https:\/\/www.radiopiu.net\/wordpress\/wp-content\/uploads\/2018\/10\/43173581_162460194690813_1747235542606544896_n-150x150.jpg\" class=\"attachment-thumbnail size-thumbnail\" alt=\"\" \/><\/a>\n\t\t\t\t<\/dt><\/dl>\n\t\t\t\t<br style='clear: both' \/>\n\t\t\t<\/div>\n\n<p><strong>BELLUNO<\/strong> Lungo la strada provinciale tra Belluno e Santa Caterina due auto si sono scontrate, una Punto avrebbe invaso l&#8217;opposta corsia di marcia,\u00a0 due feriti sono stati trasferiti all&#8217;ospedale San Martino fortunatamente non in condizioni gravi.\u00a0Si tratta di Y.Z., di 26 anni e residente in Alpago, il conducente della Punto; e di una donna di Belluno di 35 anni, C.M.S.F.<\/p>\n<p>&nbsp;<\/p>\n<p>&nbsp;<\/p>\n<p>&nbsp;<\/p>\n<h1>AUTO A FUOCO<\/h1>\n\n\t\t\t<style type='text\/css'>\n\t\t\t\t#gallery-3 {\n\t\t\t\t\tmargin: auto;\n\t\t\t\t}\n\t\t\t\t#gallery-3 .gallery-item {\n\t\t\t\t\tfloat: left;\n\t\t\t\t\tmargin-top: 10px;\n\t\t\t\t\ttext-align: center;\n\t\t\t\t\twidth: 33%;\n\t\t\t\t}\n\t\t\t\t#gallery-3 img {\n\t\t\t\t\tborder: 2px solid #cfcfcf;\n\t\t\t\t}\n\t\t\t\t#gallery-3 .gallery-caption {\n\t\t\t\t\tmargin-left: 0;\n\t\t\t\t}\n\t\t\t\t\/* see gallery_shortcode() in wp-includes\/media.php *\/\n\t\t\t<\/style>\n\t\t<div id='gallery-3' class='dt-gallery-container gallery galleryid-62935 gallery-columns-3 gallery-size-thumbnail'><dl class='gallery-item'>\n\t\t\t\t<dt class='gallery-icon landscape'>\n\t\t\t\t\t<a class=\"rollover\" href='https:\/\/www.radiopiu.net\/wordpress\/giornale-radiopiu-06-ottobre-2018-direttore-mirko-mezzacasagiornale-radiopiu-06-ottobre-2018-direttore-mirko-mezzacasa\/logo2-12\/'><img loading=\"lazy\" decoding=\"async\" width=\"150\" height=\"150\" src=\"https:\/\/www.radiopiu.net\/wordpress\/wp-content\/uploads\/2018\/10\/logo2-150x150.jpg\" class=\"attachment-thumbnail size-thumbnail\" alt=\"\" \/><\/a>\n\t\t\t\t<\/dt><\/dl><dl class='gallery-item'>\n\t\t\t\t<dt class='gallery-icon landscape'>\n\t\t\t\t\t<a class=\"rollover\" href='https:\/\/www.radiopiu.net\/wordpress\/giornale-radiopiu-06-ottobre-2018-direttore-mirko-mezzacasagiornale-radiopiu-06-ottobre-2018-direttore-mirko-mezzacasa\/logo1-17\/'><img loading=\"lazy\" decoding=\"async\" width=\"150\" height=\"150\" src=\"https:\/\/www.radiopiu.net\/wordpress\/wp-content\/uploads\/2018\/10\/logo1-150x150.jpg\" class=\"attachment-thumbnail size-thumbnail\" alt=\"\" \/><\/a>\n\t\t\t\t<\/dt><\/dl>\n\t\t\t\t<br style='clear: both' \/>\n\t\t\t<\/div>\n\n<p><strong>BELLUNO<\/strong> Vigili del fuoco all&#8217;opera ieri in Piazzale Cesare Battisti, a fuoco il motore di una Mazda. I pompieri hanno terminato l&#8217;operazione spegnimento iniziata dal conducente dell&#8217;auto con l&#8217;estintore, ma non sufficiente a domare l&#8217;incendio.<\/p>\n<p>&nbsp;<\/p>\n<p>&nbsp;<\/p>\n<p>&nbsp;<\/p>\n<h1><\/h1>\n<h1>CAVALLA SPROFONDA NEL FANGO, LA SALVANO I VIGILI DEL FUOCO<\/h1>\n<p><strong><a class=\"dt-pswp-item\" href=\"http:\/\/www.radiopiu.net\/wordpress\/wp-content\/uploads\/2018\/10\/photo_2018-10-05_15-28-50.jpg\" data-dt-img-description=\"\" data-large_image_width=\"1280\" data-large_image_height=\"960\"><img loading=\"lazy\" decoding=\"async\" class=\" wp-image-62961 alignleft\" src=\"http:\/\/www.radiopiu.net\/wordpress\/wp-content\/uploads\/2018\/10\/photo_2018-10-05_15-28-50-300x225.jpg\" alt=\"\" width=\"295\" height=\"221\" srcset=\"https:\/\/www.radiopiu.net\/wordpress\/wp-content\/uploads\/2018\/10\/photo_2018-10-05_15-28-50-300x225.jpg 300w, https:\/\/www.radiopiu.net\/wordpress\/wp-content\/uploads\/2018\/10\/photo_2018-10-05_15-28-50-768x576.jpg 768w, https:\/\/www.radiopiu.net\/wordpress\/wp-content\/uploads\/2018\/10\/photo_2018-10-05_15-28-50-1024x768.jpg 1024w, https:\/\/www.radiopiu.net\/wordpress\/wp-content\/uploads\/2018\/10\/photo_2018-10-05_15-28-50.jpg 1280w\" sizes=\"auto, (max-width: 295px) 100vw, 295px\" \/><\/a>AURONZO<\/strong>\u00a0 Ieri\u00a0 mattina i vigili del fuoco sono intervenuti in un pascolo nei pressi del lago di Misurina nel territorio comunale di Auronzo di Cadore per soccorrere e salvare una cavalla sprofondata in una zona paludosa. La squadra intervenuta da Cortina ha raggiunto l\u2019animale, che si trovava immerso fino alla schiena nella torba del pascolo di malga Popena. Visto l\u2019impossibilita di liberarlo con un verricello \u00e8 stato fatto intervenire l\u2019elicottero Drago 71 del reparto volo di Venezia. La cavalla \u00e8 stata imbragata e sollevata con il gancio baricentrico dell\u2019elicottero e adagiata in zona sicura. L\u2019animale si \u00e8 subito ripreso mettendosi subito a correre per i prati con il proprio puledrino, ma riavvicinandosi per delle carezze vicino agli operatori che l\u2019hanno tratta in salvo.<\/p>\n<p>FOTO CLICCA PER INGRANDIRE<\/p>\n\n\t\t\t<style type='text\/css'>\n\t\t\t\t#gallery-4 {\n\t\t\t\t\tmargin: auto;\n\t\t\t\t}\n\t\t\t\t#gallery-4 .gallery-item {\n\t\t\t\t\tfloat: left;\n\t\t\t\t\tmargin-top: 10px;\n\t\t\t\t\ttext-align: center;\n\t\t\t\t\twidth: 33%;\n\t\t\t\t}\n\t\t\t\t#gallery-4 img {\n\t\t\t\t\tborder: 2px solid #cfcfcf;\n\t\t\t\t}\n\t\t\t\t#gallery-4 .gallery-caption {\n\t\t\t\t\tmargin-left: 0;\n\t\t\t\t}\n\t\t\t\t\/* see gallery_shortcode() in wp-includes\/media.php *\/\n\t\t\t<\/style>\n\t\t<div id='gallery-4' class='dt-gallery-container gallery galleryid-62935 gallery-columns-3 gallery-size-thumbnail'><dl class='gallery-item'>\n\t\t\t\t<dt class='gallery-icon portrait'>\n\t\t\t\t\t<a class=\"rollover\" href='https:\/\/www.radiopiu.net\/wordpress\/cavalla-sprofonda-nel-fango-la-salvano-i-vigili-del-fuoco\/46079941-def6-4de7-9c2c-0029cbb5e97c\/'><img loading=\"lazy\" decoding=\"async\" width=\"150\" height=\"150\" src=\"https:\/\/www.radiopiu.net\/wordpress\/wp-content\/uploads\/2018\/10\/46079941-def6-4de7-9c2c-0029cbb5e97c-150x150.jpg\" class=\"attachment-thumbnail size-thumbnail\" alt=\"\" \/><\/a>\n\t\t\t\t<\/dt><\/dl><dl class='gallery-item'>\n\t\t\t\t<dt class='gallery-icon landscape'>\n\t\t\t\t\t<a class=\"rollover\" href='https:\/\/www.radiopiu.net\/wordpress\/cavalla-sprofonda-nel-fango-la-salvano-i-vigili-del-fuoco\/e2201c46-0e83-4f16-9f43-a9609688c768\/'><img loading=\"lazy\" decoding=\"async\" width=\"150\" height=\"150\" src=\"https:\/\/www.radiopiu.net\/wordpress\/wp-content\/uploads\/2018\/10\/e2201c46-0e83-4f16-9f43-a9609688c768-150x150.jpg\" class=\"attachment-thumbnail size-thumbnail\" alt=\"\" \/><\/a>\n\t\t\t\t<\/dt><\/dl><dl class='gallery-item'>\n\t\t\t\t<dt class='gallery-icon landscape'>\n\t\t\t\t\t<a class=\"rollover\" href='https:\/\/www.radiopiu.net\/wordpress\/cavalla-sprofonda-nel-fango-la-salvano-i-vigili-del-fuoco\/c9cf6fb4-5acc-47eb-abe4-c242db1516e5\/'><img loading=\"lazy\" decoding=\"async\" width=\"150\" height=\"150\" src=\"https:\/\/www.radiopiu.net\/wordpress\/wp-content\/uploads\/2018\/10\/c9cf6fb4-5acc-47eb-abe4-c242db1516e5-150x150.jpg\" class=\"attachment-thumbnail size-thumbnail\" alt=\"\" \/><\/a>\n\t\t\t\t<\/dt><\/dl><br style=\"clear: both\" \/>\n\t\t\t<\/div>\n\n<p>&nbsp;<\/p>\n<p>&nbsp;<\/p>\n<p>&nbsp;<\/p>\n<p>&nbsp;<\/p>\n<p>&nbsp;<\/p>\n<p>&nbsp;<\/p>\n<h1>TRE DOMANDE AD ANDREA DE BERNARDIN<\/h1>\n<p><strong><a class=\"dt-pswp-item\" href=\"http:\/\/www.radiopiu.net\/wordpress\/wp-content\/uploads\/2018\/10\/nuovo-ponte-al-posto-della-passerella.jpg\" data-dt-img-description=\"\" data-large_image_width=\"3989\" data-large_image_height=\"2244\"><img loading=\"lazy\" decoding=\"async\" class=\" wp-image-62437 alignleft\" src=\"http:\/\/www.radiopiu.net\/wordpress\/wp-content\/uploads\/2018\/10\/nuovo-ponte-al-posto-della-passerella-300x169.jpg\" alt=\"\" width=\"256\" height=\"144\" srcset=\"https:\/\/www.radiopiu.net\/wordpress\/wp-content\/uploads\/2018\/10\/nuovo-ponte-al-posto-della-passerella-300x169.jpg 300w, https:\/\/www.radiopiu.net\/wordpress\/wp-content\/uploads\/2018\/10\/nuovo-ponte-al-posto-della-passerella-768x432.jpg 768w, https:\/\/www.radiopiu.net\/wordpress\/wp-content\/uploads\/2018\/10\/nuovo-ponte-al-posto-della-passerella-1024x576.jpg 1024w\" sizes=\"auto, (max-width: 256px) 100vw, 256px\" \/><\/a>ROCCA PIETORE-ALLEGHE IL LAGO DOPO I LAVORI\u00a0 \u00a0<\/strong>Nuovi lavori per il rifacimento del ponte sul torrente Cordevole che ha sostituito la vecchia passerella &#8220;tibetana&#8221;. Un ottimo lavoro, lo dicono tutti, perch\u00e9 la passerella era ormai obsoleta e perch\u00e9 esteticamente il nuovo ponte fa la sua bella figura. Ma c&#8217;\u00e8 un problema, con il cantiere ci sono stati spostamenti di materiale finito nel lago, l&#8217;effetto \u00e8 bene evidente soprattutto nei periodi di abbassamento del lago. Abbiamo fatto presente la segnalazione al sindaco di Rocca Pietore che \u00e8 a capo (con il Comune che amministra) del progettone che prevede la realizzazione della ciclabile.<\/p>\n<audio class=\"wp-audio-shortcode\" id=\"audio-62935-1\" preload=\"none\" style=\"width: 100%;\" controls=\"controls\"><source type=\"audio\/mpeg\" src=\"http:\/\/www.radiopiu.net\/wordpress\/wp-content\/uploads\/2018\/10\/ANDREA1.mp3?_=1\" \/><a href=\"http:\/\/www.radiopiu.net\/wordpress\/wp-content\/uploads\/2018\/10\/ANDREA1.mp3\">http:\/\/www.radiopiu.net\/wordpress\/wp-content\/uploads\/2018\/10\/ANDREA1.mp3<\/a><\/audio>\n\n\t\t\t<style type='text\/css'>\n\t\t\t\t#gallery-5 {\n\t\t\t\t\tmargin: auto;\n\t\t\t\t}\n\t\t\t\t#gallery-5 .gallery-item {\n\t\t\t\t\tfloat: left;\n\t\t\t\t\tmargin-top: 10px;\n\t\t\t\t\ttext-align: center;\n\t\t\t\t\twidth: 33%;\n\t\t\t\t}\n\t\t\t\t#gallery-5 img {\n\t\t\t\t\tborder: 2px solid #cfcfcf;\n\t\t\t\t}\n\t\t\t\t#gallery-5 .gallery-caption {\n\t\t\t\t\tmargin-left: 0;\n\t\t\t\t}\n\t\t\t\t\/* see gallery_shortcode() in wp-includes\/media.php *\/\n\t\t\t<\/style>\n\t\t<div id='gallery-5' class='dt-gallery-container gallery galleryid-62935 gallery-columns-3 gallery-size-thumbnail'><dl class='gallery-item'>\n\t\t\t\t<dt class='gallery-icon landscape'>\n\t\t\t\t\t<a class=\"rollover\" href='https:\/\/www.radiopiu.net\/wordpress\/giornale-radiopiu-06-ottobre-2018-direttore-mirko-mezzacasagiornale-radiopiu-06-ottobre-2018-direttore-mirko-mezzacasa\/e1b4f2eb-f6ff-45bd-8a46-911e5adb7c0d\/'><img loading=\"lazy\" decoding=\"async\" width=\"150\" height=\"150\" src=\"https:\/\/www.radiopiu.net\/wordpress\/wp-content\/uploads\/2018\/10\/e1b4f2eb-f6ff-45bd-8a46-911e5adb7c0d-150x150.jpg\" class=\"attachment-thumbnail size-thumbnail\" alt=\"\" \/><\/a>\n\t\t\t\t<\/dt><\/dl><dl class='gallery-item'>\n\t\t\t\t<dt class='gallery-icon landscape'>\n\t\t\t\t\t<a class=\"rollover\" href='https:\/\/www.radiopiu.net\/wordpress\/giornale-radiopiu-06-ottobre-2018-direttore-mirko-mezzacasagiornale-radiopiu-06-ottobre-2018-direttore-mirko-mezzacasa\/5114e40b-f50c-4fdf-ba15-465741c414d0\/'><img loading=\"lazy\" decoding=\"async\" width=\"150\" height=\"150\" src=\"https:\/\/www.radiopiu.net\/wordpress\/wp-content\/uploads\/2018\/10\/5114e40b-f50c-4fdf-ba15-465741c414d0-150x150.jpg\" class=\"attachment-thumbnail size-thumbnail\" alt=\"\" \/><\/a>\n\t\t\t\t<\/dt><\/dl><dl class='gallery-item'>\n\t\t\t\t<dt class='gallery-icon landscape'>\n\t\t\t\t\t<a class=\"rollover\" href='https:\/\/www.radiopiu.net\/wordpress\/giornale-radiopiu-06-ottobre-2018-direttore-mirko-mezzacasagiornale-radiopiu-06-ottobre-2018-direttore-mirko-mezzacasa\/2ee2aac3-d301-4086-9b55-bb7270718c35\/'><img loading=\"lazy\" decoding=\"async\" width=\"150\" height=\"150\" src=\"https:\/\/www.radiopiu.net\/wordpress\/wp-content\/uploads\/2018\/10\/2ee2aac3-d301-4086-9b55-bb7270718c35-150x150.jpg\" class=\"attachment-thumbnail size-thumbnail\" alt=\"\" \/><\/a>\n\t\t\t\t<\/dt><\/dl><br style=\"clear: both\" \/>\n\t\t\t<\/div>\n\n<p><strong>VAL CORDEVOLE, LA SCUOLA\u00a0 DOPO LA PROPOSTA ALLEGHESE\u00a0<\/strong>I genitori di Alleghe propongono un&#8217;unica scuola Alleghe-Rocca Pietore senza alcun riferimento a Colle Santa Lucia e Selva di Cadore e tutti i comuni hanno lo stesso problema, per questo l&#8217;idea non piace al sindaco di Rocca Pietore che rilancia invitando gli alleghesi a iscrivere i propri figli a Rocca Pietore. Esiste un edificio in grado eventualmente di ospitare tutti gli alunni\u00a0 dei Comuni della Val Cordevole?<\/p>\n<audio class=\"wp-audio-shortcode\" id=\"audio-62935-2\" preload=\"none\" style=\"width: 100%;\" controls=\"controls\"><source type=\"audio\/mpeg\" src=\"http:\/\/www.radiopiu.net\/wordpress\/wp-content\/uploads\/2018\/10\/ANDREA2.mp3?_=2\" \/><a href=\"http:\/\/www.radiopiu.net\/wordpress\/wp-content\/uploads\/2018\/10\/ANDREA2.mp3\">http:\/\/www.radiopiu.net\/wordpress\/wp-content\/uploads\/2018\/10\/ANDREA2.mp3<\/a><\/audio>\n<p><strong>ROCCA PIETORE LA MARMOLADA\u00a0 UN NUOVO RICORSO TRENTINO <\/strong>Canazei torna al Tar contro l&#8217;Agenzia delle entrate contestando anche l&#8217;ultimo decreto chiedendo anche le stazioni a monte. Per il sindaco De Bernardin \u00e8 ora di opporsi di nuovo rimettendo tutto in discussione<\/p>\n<blockquote><p><em>ora i trentini pretendono le stazioni di Punta Rocca e Serauta<\/em><\/p><\/blockquote>\n<audio class=\"wp-audio-shortcode\" id=\"audio-62935-3\" preload=\"none\" style=\"width: 100%;\" controls=\"controls\"><source type=\"audio\/mpeg\" src=\"http:\/\/www.radiopiu.net\/wordpress\/wp-content\/uploads\/2018\/10\/ANDREA3.mp3?_=3\" \/><a href=\"http:\/\/www.radiopiu.net\/wordpress\/wp-content\/uploads\/2018\/10\/ANDREA3.mp3\">http:\/\/www.radiopiu.net\/wordpress\/wp-content\/uploads\/2018\/10\/ANDREA3.mp3<\/a><\/audio>\n<p>&nbsp;<\/p>\n<p>&nbsp;<\/p>\n<p>&nbsp;<\/p>\n<p>&nbsp;<\/p>\n<h1>LAVORI ALL&#8217;EX FOLLADOR CON I FONDI DI CONFINE, IL RITARDO DI UN ANNO E MEZZO PER L&#8217;INQUINAMENTO DEL SOTTOSUOLO. CHI PAGHERA&#8217;?<\/h1>\n<p><strong><a class=\"dt-pswp-item\" href=\"http:\/\/www.radiopiu.net\/wordpress\/wp-content\/uploads\/2018\/07\/37652010_2054466788149994_2164759853300449280_o.jpg\" data-dt-img-description=\"\" data-large_image_width=\"1440\" data-large_image_height=\"1080\"><img loading=\"lazy\" decoding=\"async\" class=\"size-medium wp-image-55088 alignleft\" src=\"http:\/\/www.radiopiu.net\/wordpress\/wp-content\/uploads\/2018\/07\/37652010_2054466788149994_2164759853300449280_o-300x225.jpg\" alt=\"\" width=\"300\" height=\"225\" srcset=\"https:\/\/www.radiopiu.net\/wordpress\/wp-content\/uploads\/2018\/07\/37652010_2054466788149994_2164759853300449280_o-300x225.jpg 300w, https:\/\/www.radiopiu.net\/wordpress\/wp-content\/uploads\/2018\/07\/37652010_2054466788149994_2164759853300449280_o-768x576.jpg 768w, https:\/\/www.radiopiu.net\/wordpress\/wp-content\/uploads\/2018\/07\/37652010_2054466788149994_2164759853300449280_o-1024x768.jpg 1024w, https:\/\/www.radiopiu.net\/wordpress\/wp-content\/uploads\/2018\/07\/37652010_2054466788149994_2164759853300449280_o.jpg 1440w\" sizes=\"auto, (max-width: 300px) 100vw, 300px\" \/><\/a><\/strong><\/p>\n<p>&nbsp;<\/p>\n<p><strong>AGORDO<\/strong> Indagini e sondaggio all&#8217;ex istituto minerario. Storia nota, due cisternoni sistemati nel giardino dello storico Follador sono gi\u00e0 costati al Comune oltre 11 mila euro, ma il peggio \u00e8 che il sottosuolo \u00e8 risultato inquinato e da bonificare. Chi pagher\u00e0? Quale sar\u00e0 l&#8217;atteggiamento della ditta incaricata dei lavori che per un anno e mezzo non ha potuto lavorare?<\/p>\n<p><strong>L&#8217;INTERROGAZIONE DI ROBERTO CHISSALE&#8217;<\/strong><\/p>\n<audio class=\"wp-audio-shortcode\" id=\"audio-62935-4\" preload=\"none\" style=\"width: 100%;\" controls=\"controls\"><source type=\"audio\/mpeg\" src=\"http:\/\/www.radiopiu.net\/wordpress\/wp-content\/uploads\/2018\/10\/CHISSALE-3.mp3?_=4\" \/><a href=\"http:\/\/www.radiopiu.net\/wordpress\/wp-content\/uploads\/2018\/10\/CHISSALE-3.mp3\">http:\/\/www.radiopiu.net\/wordpress\/wp-content\/uploads\/2018\/10\/CHISSALE-3.mp3<\/a><\/audio>\n<p>All&#8217;interrogazione di Chissal\u00e8 ha risposto il vicesindaco Stefano Tome&#8217;<\/p>\n<audio class=\"wp-audio-shortcode\" id=\"audio-62935-5\" preload=\"none\" style=\"width: 100%;\" controls=\"controls\"><source type=\"audio\/mpeg\" src=\"http:\/\/www.radiopiu.net\/wordpress\/wp-content\/uploads\/2018\/10\/TOME-1.mp3?_=5\" \/><a href=\"http:\/\/www.radiopiu.net\/wordpress\/wp-content\/uploads\/2018\/10\/TOME-1.mp3\">http:\/\/www.radiopiu.net\/wordpress\/wp-content\/uploads\/2018\/10\/TOME-1.mp3<\/a><\/audio>\n<p>&nbsp;<\/p>\n<p>&nbsp;<\/p>\n<p>&nbsp;<\/p>\n<p>&nbsp;<\/p>\n<p>&nbsp;<\/p>\n<p><strong>ARTICOLO 25 LUGLIO 2018<\/strong><\/p>\n<blockquote class=\"wp-embedded-content\" data-secret=\"vpOHQMh6G7\"><p><a href=\"http:\/\/www.radiopiu.net\/wordpress\/lavori-allex-minerario\/\">LAVORI ALL&#8217;EX MINERARIO<\/a><\/p><\/blockquote>\n<p><iframe loading=\"lazy\" class=\"wp-embedded-content\" sandbox=\"allow-scripts\" security=\"restricted\" style=\"position: absolute; clip: rect(1px, 1px, 1px, 1px);\" src=\"http:\/\/www.radiopiu.net\/wordpress\/lavori-allex-minerario\/embed\/#?secret=vpOHQMh6G7\" data-secret=\"vpOHQMh6G7\" width=\"600\" height=\"338\" title=\"&#8220;LAVORI ALL&#8217;EX MINERARIO&#8221; &#8212; Radio Pi\u00f9\" frameborder=\"0\" marginwidth=\"0\" marginheight=\"0\" scrolling=\"no\"><\/iframe><\/p>\n<p>&nbsp;<\/p>\n<p><strong>ARTICOLO 15 APRILE 2018<\/strong><\/p>\n<blockquote class=\"wp-embedded-content\" data-secret=\"UMEgxhZyQs\"><p><a href=\"http:\/\/www.radiopiu.net\/wordpress\/minerario-tutto-fermo\/\">MINERARIO, TUTTO FERMO<\/a><\/p><\/blockquote>\n<p><iframe loading=\"lazy\" class=\"wp-embedded-content\" sandbox=\"allow-scripts\" security=\"restricted\" style=\"position: absolute; clip: rect(1px, 1px, 1px, 1px);\" src=\"http:\/\/www.radiopiu.net\/wordpress\/minerario-tutto-fermo\/embed\/#?secret=UMEgxhZyQs\" data-secret=\"UMEgxhZyQs\" width=\"600\" height=\"338\" title=\"&#8220;MINERARIO, TUTTO FERMO&#8221; &#8212; Radio Pi\u00f9\" frameborder=\"0\" marginwidth=\"0\" marginheight=\"0\" scrolling=\"no\"><\/iframe><\/p>\n<p>&nbsp;<\/p>\n<p>&nbsp;<\/p>\n<p>&nbsp;<\/p>\n<p>&nbsp;<\/p>\n<h1><\/h1>\n<h1>Carcere di Belluno: stop allo sciopero della mensa, ma lo stato di agitazione continua<\/h1>\n<p><strong><a class=\"dt-pswp-item\" href=\"http:\/\/www.radiopiu.net\/wordpress\/wp-content\/uploads\/2016\/01\/carcere-bl.jpg\" data-dt-img-description=\"\" data-large_image_width=\"1600\" data-large_image_height=\"1067\"><img loading=\"lazy\" decoding=\"async\" class=\"size-medium wp-image-15619 alignleft\" src=\"http:\/\/www.radiopiu.net\/wordpress\/wp-content\/uploads\/2016\/01\/carcere-bl-300x200.jpg\" alt=\"\" width=\"300\" height=\"200\" \/><\/a>BELLUNO\u00a0<\/strong>\u00a0La protesta era scattata all\u2019inizio di settembre per denunciare la situazione critica in cui versa la sezione Articolazione per la Tutela della Salute Mentale del penitenziario di Baldenich, della quale sindacati e personale chiedono la chiusura e il trasferimento in altra sede. \u201cDopo un mese &#8211; spiegano i rappresentanti di Cisl Fns, Cgil Fp, Uspp, Sappe, Osapp e Fsa Cnpp &#8211; abbiamo deciso di tornare a mangiare nella mensa di servizio, ma metteremo in atto altre forme di protesta per porre rimedio a una situazione drammatica e insostenibile che concretizza ogni giorno di pi\u00f9 il rischio per l\u2019incolumit\u00e0 del personale del corpo e il fallimento complessivo nella gestione dei detenuti con problemi psichici\u201d. Lo scorso 20 settembre le sigle sindacali hanno potuto finalmente incontrare il provveditore regionale dell\u2019amministrazione penitenziaria per il Triveneto Enrico Sbriglia, il quale ha assicurato l\u2019imminenza di un sopralluogo da parte dei commissari del dipartimento amministrazione penitenziaria per l\u2019individuazione dell\u2019istituto in cui spostare la sezione bellunese per la tutela di salute mentale. \u201cAbbiamo apprezzato la disponibilit\u00e0 e l\u2019impegno dimostrato dal provveditore &#8211; spiegano i rappresentanti sindacali &#8211; ma ci siamo anche resi conto ancora una volta del peso delle lungaggini della burocrazia di fronte a questioni che invece richiedono soluzioni efficaci e veloci perch\u00e9 mettono a rischio l\u2019incolumit\u00e0 del personale\u201d.<\/p>\n<blockquote><p><em>Nella sofferta e dibattuta assemblea sindacale dello scorso 28 settembre, \u00e8 emersa tutta l\u2019insofferenza che grava sui poliziotti che \u201cespletano i turni all\u2019interno della Sezione in esame, senza alcuna protezione per se stessi n\u00e9 per gli altri operatori che vi accedono\u201d, denunciano i sindacati. \u201cIn sostanza &#8211; proseguono &#8211; sui poliziotti bellunesi, scippati in 5 anni di 27 unit\u00e0 dall\u2019organico, a causa di scelte unilaterali del Dipartimento dell\u2019amministrazione penitenziaria, e pi\u00f9 in generale su tutta la struttura, ricadono le carenze e inadeguatezze gestionali e organizzative delle istituzioni, inclusa l\u2019azienda socio-sanitaria. Questo dal punto di vista professionale scoraggia ed affligge i poliziotti, perch\u00e9 sono stati i primi a rendersi conto che la sezione in esame non \u00e8 conforme alle necessit\u00e0 gestionali e terapeutiche di questi pazienti-detenuti, che rischiano di peggiorare la loro situazione di disagio, depauperati della speranza e delle legittime aspettative sul proprio percorso di vita con la conseguenza di sentirsi sempre pi\u00f9 isolati dalla societ\u00e0 che dovrebbe proteggerli e curarli\u201d.<\/em><\/p><\/blockquote>\n<p>&nbsp;<\/p>\n<p>&nbsp;<\/p>\n<p>&nbsp;<\/p>\n<h1>AREE INTERNE, &#8220;OCCASIONE PER MIGLIORARE LA QUALITA&#8217; E LA QUANTITA&#8217; DEI SERVIZI PRIMARI&#8221;<\/h1>\n<p><strong><a class=\"dt-pswp-item\" href=\"http:\/\/www.radiopiu.net\/wordpress\/wp-content\/uploads\/2018\/07\/DInc\u00e0-festa-vitalizi.jpg\" data-dt-img-description=\"\" data-large_image_width=\"1264\" data-large_image_height=\"1280\"><img loading=\"lazy\" decoding=\"async\" class=\"size-medium wp-image-53845 alignleft\" src=\"http:\/\/www.radiopiu.net\/wordpress\/wp-content\/uploads\/2018\/07\/DInc\u00e0-festa-vitalizi-296x300.jpg\" alt=\"\" width=\"296\" height=\"300\" srcset=\"https:\/\/www.radiopiu.net\/wordpress\/wp-content\/uploads\/2018\/07\/DInc\u00e0-festa-vitalizi-296x300.jpg 296w, https:\/\/www.radiopiu.net\/wordpress\/wp-content\/uploads\/2018\/07\/DInc\u00e0-festa-vitalizi-768x778.jpg 768w, https:\/\/www.radiopiu.net\/wordpress\/wp-content\/uploads\/2018\/07\/DInc\u00e0-festa-vitalizi-1011x1024.jpg 1011w, https:\/\/www.radiopiu.net\/wordpress\/wp-content\/uploads\/2018\/07\/DInc\u00e0-festa-vitalizi.jpg 1264w\" sizes=\"auto, (max-width: 296px) 100vw, 296px\" \/><\/a>ROMA<\/strong>\u00a0 Sono quattro le aree venete selezionate nell&#8217;ambito della Strategia Nazionale per le Aree Interne. \u201cLe aree interne venete \u2013 commenta il deputato bellunese del Movimento 5 Stelle \u2013 sono un&#8217;occasione per migliorare la qualit\u00e0 dei servizi primari e per promuovere il patrimonio naturale e culturale\u201d. \u201cTra le aree selezionate \u2013 dichiara D&#8217;Inc\u00e0 \u2013 quella facente capo ai sette Comuni dell\u2019altopiano di Asiago, in quanto aerea pilota, ha concluso l\u2019iter e a breve firmer\u00e0 l\u2019accordo di programma quadro che potr\u00e0 contare su oltre 11 milioni di euro per una serie di progetti finalizzati a valorizzare l\u2019identit\u00e0 del territorio e a migliorare l\u2019offerta scolastica, i servizi sanitari e la mobilit\u00e0\u201d. \u201cSi tratta \u2013 prosegue il deputato pentastellato \u2013 di uno strumento formidabile per migliorare la qualit\u00e0 e quantit\u00e0 dei servizi nel settore dell\u2019istruzione, della sanit\u00e0 e della mobilit\u00e0, oltre che per valorizzare il nostro patrimonio naturale e culturale, che dobbiamo assolutamente valorizzare proprio in quelle zone che pi\u00f9 risentono del crescente decremento demografico e di una dotazione di servizi alla persona che sta sempre pi\u00f9 mostrando evidenti limiti qualitativi e quantitativi\u201d. \u201cA fronte di ci\u00f2, questi territori &#8211; ha proseguito D\u2019Inc\u00e0 \u2013 presentano, tuttavia, potenzialit\u00e0 enormi dal punto vista delle ricchezze sul fronte agro-silvo-pastorale e turistici che grazie a queste risorse possono essere oltremodo valorizzate. L\u2019iter delle altre tre aree interne venete al momento registra: per il Comelico Sappada e per il Contratto di Foce Delta del Po si \u00e8 in fase avanzata nella bozza di strategia mentre per l\u2019Agordino si sta lavorando sul preliminare di strategia ma per arrivare alla definizione della strategia d&#8217;area ci vorr\u00e0 ancora un anno. \u201cDa un confronto avuto con il Dipartimento Aree Interne sono emerse luci ed ombre \u2013 conclude D\u2019Inc\u00e0 \u2013 Mi sono stati segnalati alcuni \u201ccolli di bottiglia\u201d che tenter\u00f2 di eliminare in quanto rallentano le procedure per lo sviluppo delle aree interne. \u00c8 necessaria una visione pi\u00f9 flessibile a livello centrale dei requisiti richiesti per consentire per esempio la creazione di progetti educativi piuttosto che il mantenimento dei servizi delle strutture ospedalieri, nonch\u00e9 la necessit\u00e0 di un rafforzamento degli uffici delle aree interne nelle regioni che devono essere forza portante per lo sviluppo di idee in grado di mantenere la vita nella aree interne del Paese\u201d.<\/p>\n<p>&nbsp;<\/p>\n<p>&nbsp;<\/p>\n<p>&nbsp;<\/p>\n<h1><\/h1>\n<h1><\/h1>\n<h1><\/h1>\n<h1><\/h1>\n<h1>APPALTI, DORFMANN: UE SOSTIENE I PRODOTTI ALIMENTARI LOCALI<\/h1>\n<p><strong><a class=\"dt-pswp-item\" href=\"http:\/\/www.radiopiu.net\/wordpress\/wp-content\/uploads\/2018\/10\/18-04-16-Dorfmann-2.jpg\" data-dt-img-description=\"\" data-large_image_width=\"2000\" data-large_image_height=\"1333\"><img loading=\"lazy\" decoding=\"async\" class=\"size-medium wp-image-62975 alignleft\" src=\"http:\/\/www.radiopiu.net\/wordpress\/wp-content\/uploads\/2018\/10\/18-04-16-Dorfmann-2-300x200.jpg\" alt=\"\" width=\"300\" height=\"200\" srcset=\"https:\/\/www.radiopiu.net\/wordpress\/wp-content\/uploads\/2018\/10\/18-04-16-Dorfmann-2-300x200.jpg 300w, https:\/\/www.radiopiu.net\/wordpress\/wp-content\/uploads\/2018\/10\/18-04-16-Dorfmann-2-768x512.jpg 768w, https:\/\/www.radiopiu.net\/wordpress\/wp-content\/uploads\/2018\/10\/18-04-16-Dorfmann-2-1024x682.jpg 1024w, https:\/\/www.radiopiu.net\/wordpress\/wp-content\/uploads\/2018\/10\/18-04-16-Dorfmann-2.jpg 2000w\" sizes=\"auto, (max-width: 300px) 100vw, 300px\" \/><\/a>BRUXELLES:<\/strong>\u00a0 Il Parlamento europeo ha approvato una relazione sugli appalti pubblici, alla quale l\u2019eurodeputato sudtirolese Herbert Dorfmann ha contribuito in quanto relatore nella commissione ambiente. L\u2019obbiettivo della relazione \u00e8 di valutare e proporre dei miglioramenti alla direttiva europea sugli appalti entrata in vigore nel 2014. \u201cNella mia relazione mi sono concentrato sugli appalti in materia di prodotti alimentari\u201d, spiega Dorfmann. \u201cAnche nel mercato unico europeo deve essere possibile rafforzare i prodotti regionali, i circuiti brevi e, pi\u00f9 in generale, l\u2019economia sostenibile. Le mense nelle scuole, negli asili e negli ospedali devono avere la possibilit\u00e0 di offrire prodotti locali. Questo approccio \u00e8 stato adottato a grande maggioranza dall\u2019aula plenaria. Abbiamo chiesto alla Commissione europea di avanzare proposte per sostenere i circuiti brevi nell\u2019approvvigionamento dei prodotti alimentari\u201d, continua<br \/>\nDorfmann. Il Parlamento europeo vede in maniera critica la lentezza con cui gli stati membri si stanno adattando alla direttiva del 2014.<br \/>\nDa questo punto di vista, il Sudtirolo rappresenta sicuramente un\u2019esperienza virtuosa, con il consiglio provinciale che ha adottato la direttiva europea gi\u00e0 nel 2015. Da allora, le piccole e medie imprese locali hanno visto aumentare gli ordini in maniera consistente, mentre i ricorsi si sono dimezzati. Questo dimostra che la direttiva europea produce i suoi risultati quando implementata a livello locale.<br \/>\n\u201cOra finalmente comuni ed enti pubblici dovrebbero riuscire a rifornirsi di prodotti locali alimentari senza troppe pratiche burocratiche. Con il voto di oggi, questo obiettivo sembra pi\u00f9 vicino\u201d, conclude Dorfmann.<\/p>\n<p>&nbsp;<\/p>\n<p>&nbsp;<\/p>\n<p>&nbsp;<\/p>\n<p>&nbsp;<\/p>\n<p>&nbsp;<\/p>\n<h1>GOVERNO SBLOCCA AVANZI DI AMMINISTRAZIONE. FORCOLIN: \u201cUN VOLANO PER GLI INVESTIMENTI E LA CRESCITA DEL VENETO\u201d<\/h1>\n<p><strong><a class=\"dt-pswp-item\" href=\"http:\/\/www.radiopiu.net\/wordpress\/wp-content\/uploads\/2016\/06\/1435664065538_Forcolin_Gianluca-2.jpg\" data-dt-img-description=\"\" data-large_image_width=\"580\" data-large_image_height=\"800\"><img loading=\"lazy\" decoding=\"async\" class=\"size-medium wp-image-20331 alignleft\" src=\"http:\/\/www.radiopiu.net\/wordpress\/wp-content\/uploads\/2016\/06\/1435664065538_Forcolin_Gianluca-2-218x300.jpg\" alt=\"\" width=\"218\" height=\"300\" \/><\/a>VENEZIA<\/strong>\u00a0 \u201cIl via libera dato dal Governo e dal MEF al rilancio degli investimenti degli Enti locali costituisce una risposta concreta, attesa da anni, alle esigenze manifestate pi\u00f9 volte dalle autonomie locali ed un volano per l\u2019ammodernamento del Veneto e per la crescita economica di cui l\u2019intero Paese ha bisogno\u201d. E\u2019 il vicepresidente della Regione del Veneto, Gianluca Forcolin, a commentare in questi termini lo sblocco degli avanzi di amministrazione operato dal Governo. \u201cFinalmente \u2013 spiega &#8211; si dispone lo sblocco di entrate vere e spendibili che per i Comuni veneti sono quantificabili in circa 800 milioni di euro, date dagli avanzi di amministrazione certificati da anni, e si applicano le sentenze della Corte Costituzionale (n. 247\/2017 e n. 101\/2018) che hanno ribadito la piena disponibilit\u00e0 ed utilizzabilit\u00e0 degli stessi senza passare dalla \u201ctagliola\u201d del Fiscal Compact. Ora ci attendiamo che tale disponibilit\u00e0 venga estesa anche alle Regioni. La Regione del Veneto dispone di ben 621 milioni di euro di avanzo vincolato per investimenti\u201d. \u201cSe ci\u00f2 avvenisse \u2013 conclude Forcolin &#8211; gli investimenti mobilitabili con lo sblocco degli avanzi accumulati ammonterebbero per il Veneto a oltre 1,4 miliardi che, come evidenziato nel corso dell\u2019ultima assemblea nazionale Anci e come risulta dalla ricerca presentata dell\u2019Universit\u00e0 di Venezia, rappresentano una forte iniezione di risorse utili a sostenere la crescita economica del Veneto, oltre che pi\u00f9 in generale del Paese. L\u2019importo cumulativo degli avanzi degli enti locali veneti e della Regione immesso nei processi di spesa finalizzati agli investimenti consentirebbe una crescita del PIL veneto stimabile nello 0,75%, con un incremento di posti di lavoro di oltre 18.000 unit\u00e0 e un aumento di entrate fiscali di circa mezzo miliardo\u201d.<\/p>\n<p>&nbsp;<\/p>\n<h1><\/h1>\n<h1><\/h1>\n<h1><\/h1>\n<h1><\/h1>\n<p>&nbsp;<\/p>\n<p>&nbsp;<\/p>\n<h1>NUOVA NORMATIVA FORESTALE, CONVEGNO A LONGARONE. BOTTACIN: &#8220;FONDAMENTALE RESPONSABILIZZARE E SEMPLIFICARE&#8221;<\/h1>\n<p><strong><a class=\"dt-pswp-item\" href=\"http:\/\/www.radiopiu.net\/wordpress\/wp-content\/uploads\/2018\/10\/Normativa-forestale_Longarone_1.jpg\" data-dt-img-description=\"\" data-large_image_width=\"1004\" data-large_image_height=\"1336\"><img loading=\"lazy\" decoding=\"async\" class=\" wp-image-62963 alignleft\" src=\"http:\/\/www.radiopiu.net\/wordpress\/wp-content\/uploads\/2018\/10\/Normativa-forestale_Longarone_1-225x300.jpg\" alt=\"\" width=\"172\" height=\"229\" srcset=\"https:\/\/www.radiopiu.net\/wordpress\/wp-content\/uploads\/2018\/10\/Normativa-forestale_Longarone_1-225x300.jpg 225w, https:\/\/www.radiopiu.net\/wordpress\/wp-content\/uploads\/2018\/10\/Normativa-forestale_Longarone_1-768x1022.jpg 768w, https:\/\/www.radiopiu.net\/wordpress\/wp-content\/uploads\/2018\/10\/Normativa-forestale_Longarone_1-770x1024.jpg 770w, https:\/\/www.radiopiu.net\/wordpress\/wp-content\/uploads\/2018\/10\/Normativa-forestale_Longarone_1.jpg 1004w\" sizes=\"auto, (max-width: 172px) 100vw, 172px\" \/><\/a>VENEZIA\u00a0<\/strong> &#8220;Non si pu\u00f2 pi\u00f9 accettare il concetto del \u2018lasciamo cos\u00ec le cose per preservare la natura\u2019, altrimenti il rischio pi\u00f9 grande \u00e8 il degrado&#8221;. E\u2019 una delle sottolineature dell\u2019l&#8217;assessore regionale all&#8217;Ambiente Gianpaolo Bottacin nel tracciare le conclusioni del convegno tenutosi oggi a Longarone (Belluno) e dedicato al Decreto Legislativo 3 aprile 2018, n. 34, che recepisce il nuovo Codice Forestale dedicato alla materia e che riguarda 12 milioni gli ettari di territorio italiano forestato. L&#8217;assessore ha messo per\u00f2 l&#8217;accento soprattutto sui concetti di &#8220;responsabilizzazione e semplificazione&#8221;, evidenziandone l&#8217;importanza anche in materia forestale, cosa che la Regione del Veneto sta portando avanti nel declinare in particolare il concetto di bosco. &#8220;Non c&#8217;\u00e8 la necessit\u00e0 di avere un carabiniere in ogni angolo &#8211; ha esemplificato Bottacin \u2013 ma, quando parliamo di responsabilizzazione, intendiamo la volont\u00e0 di incentivare una cultura della correttezza. Per questo coinvolgendo gli stakeholders, intesi sia come aziende forestali che come professionisti, cercheremo di dare vita a una normativa territoriale che non preveda metri cubi di carta, ma semplifichi le procedure&#8221;. &#8220;Purtroppo a volte i limiti della normativa statale ci impediscono di agire &#8211; ha concluso Bottacin &#8211; e per questo noi puntiamo molto sull&#8217;autonomia chiesta con il referendum e che prevede anche queste materie. Autonomia che non significa solo maggiori risorse, ma anche sburocratizzare e semplificare. Se avremo questa possibilit\u00e0, noi saremo pronti&#8221;.<\/p>\n<p>&nbsp;<\/p>\n<p>&nbsp;<\/p>\n<p>&nbsp;<\/p>\n<p>&nbsp;<\/p>\n<p>&nbsp;<\/p>\n<p>&nbsp;<\/p>\n<p>&nbsp;<\/p>\n<h1>ANNULLATO L&#8217;APPUNTAMENTO DI SABATO 6 OTTOBRE CON &#8220;SPORT IN PIAZZA&#8221;<\/h1>\n<p><strong><a class=\"dt-pswp-item\" href=\"http:\/\/www.radiopiu.net\/wordpress\/wp-content\/uploads\/2018\/10\/DSCF1876-Kenshukai-Dolomiti-.jpg\" data-dt-img-description=\"\" data-large_image_width=\"800\" data-large_image_height=\"600\"><img loading=\"lazy\" decoding=\"async\" class=\"size-medium wp-image-62933 alignleft\" src=\"http:\/\/www.radiopiu.net\/wordpress\/wp-content\/uploads\/2018\/10\/DSCF1876-Kenshukai-Dolomiti--300x225.jpg\" alt=\"\" width=\"300\" height=\"225\" srcset=\"https:\/\/www.radiopiu.net\/wordpress\/wp-content\/uploads\/2018\/10\/DSCF1876-Kenshukai-Dolomiti--300x225.jpg 300w, https:\/\/www.radiopiu.net\/wordpress\/wp-content\/uploads\/2018\/10\/DSCF1876-Kenshukai-Dolomiti--768x576.jpg 768w, https:\/\/www.radiopiu.net\/wordpress\/wp-content\/uploads\/2018\/10\/DSCF1876-Kenshukai-Dolomiti-.jpg 800w\" sizes=\"auto, (max-width: 300px) 100vw, 300px\" \/><\/a>FELTRE<\/strong>\u00a0 A causa delle avverse previsioni meteorologiche, che potrebbero causare problemi di sicurezza al buon esito della manifestazione, l&#8217;edizione 2018 di &#8220;Sport in Piazza&#8221; &#8211; in programma a Feltre oggi &#8211; E&#8217; STATA ANNULLATA. La decisione \u00e8 stata assunta dal Comune di Feltre di concerto l&#8217;Ufficio MIUR di Belluno, dopo aver interpellato pi\u00f9 volte direttamente l&#8217;Aeornautica Militare di Istrana. La decisione \u00e8 stata assunta anche in relazione al grosso afflusso di ragazzi previsto in citt\u00e0 per la mattinata (attesi oltre mille studenti). Rimane invece in programma la cerimonia di consegna dei riconoscimenti ai giovani sportivi che si sono distinti durante l&#8217;anno, che si terr\u00e0 alle 18 in Sala degli Stemmi del municipio.<\/p>\n<p>&nbsp;<\/p>\n<p>&nbsp;<\/p>\n<p>&nbsp;<\/p>\n<p>&nbsp;<\/p>\n<p>&nbsp;<\/p>\n<p>&nbsp;<\/p>\n<p>&nbsp;<\/p>\n<p>&nbsp;<\/p>\n<p>&nbsp;<\/p>\n<h1>PROPOSTA DI LEGGE PER SOSTENERE L&#8217;EDUCAZIONE CIVICA NELLE SCUOLE<\/h1>\n<p style=\"text-align: left;\"><strong>BELLUNO<\/strong> Pro<a class=\"dt-pswp-item\" href=\"http:\/\/www.radiopiu.net\/wordpress\/wp-content\/uploads\/2018\/10\/download-7.jpg\" data-dt-img-description=\"\" data-large_image_width=\"264\" data-large_image_height=\"191\"><img loading=\"lazy\" decoding=\"async\" class=\"size-full wp-image-62962 alignleft\" src=\"http:\/\/www.radiopiu.net\/wordpress\/wp-content\/uploads\/2018\/10\/download-7.jpg\" alt=\"\" width=\"264\" height=\"191\" \/><\/a>posta di legge di iniziativa popolare In Movimento e Belluno di Pi\u00f9 raccolgono firme per sostenere l\u2019educazione civica nelle scuole.\u00a0 Il Sindaco di Belluno, Jacopo Massaro, si \u00e8 fatto portavoce presso tutte le forzepolitiche bellunesi dell\u2019iniziativa promossa e organizzata da tutti i Sindaci dell\u2019ANCI relativa all\u2019istituzione dell\u2019educazione alla cittadinanza come materia autonoma con voto, nei curricula scolastici di ogni ordine e grado. Tale proposta di legge di iniziativa popolare mira a recuperare tra le giovani<br \/>\ngenerazioni quel senso di appartenenza al Paese che va dalla conoscenza approfondita delle Istituzioni, all\u2019educazione ambientale, alla condivisione di valori fondanti della nostra Costituzione quali i principi di pace, fratellanza, libert\u00e0. L\u2019Associazione politico-culturale In Movimento e il Gruppo Consiliare Belluno di Pi\u00f9 rispondono all\u2019appello organizzando un gazebo per la raccolta delle firme in piazza dei Martiri a Belluno sabato 6 ottobre dalle ore 9.00 alle ore 13.00. Si tratta di una proposta di legge di fondamentale importanza, in linea con i valori etici dei nostri Gruppi, mirata a valorizzare tra le nuove generazioni l\u2019educazione alla cittadinanza e a promuovere una tensione fiduciosa verso il futuro che affondi le sue radici nella conoscenza del patrimonio umano, sociale e culturale che contraddistingue la nostra identit\u00e0 nazionale. In una fase di grandi cambiamenti e incertezze, occorre infatti impegnarsi attivamente affinch\u00e9 i cittadini Italiani ed Europei di domani non smarriscano il senso di responsabilit\u00e0 e del rispetto reciproco, per mezzo dei quali \u00e8 stato possibile costruire faticosamente la nostra esperienza di comunit\u00e0 democratica. Senza nulla togliere a quanto gi\u00e0 in opera negli ordinamenti scolastici, la proposta di recuperare la centralit\u00e0 e la simbologia dell\u2019educazione civica equiparandola alle altre materie di insegnamento vuole cos\u00ec esprimere l\u2019urgenza di operare per contrastare fin dall\u2019et\u00e0 scolare segnali di disgregazione sociale, dinamiche individualiste e sprezzo delle Istituzioni che rischiano di minare in profondit\u00e0 i fondamenti della nostra Repubblica.<\/p>\n<p>&nbsp;<\/p>\n<p>&nbsp;<\/p>\n<p>&nbsp;<\/p>\n<p>&nbsp;<\/p>\n<blockquote>\n<h1>SETTIMANA MONDIALE DELL&#8217;ALLATTAMENTO, INCONTRO CON LE MAMME<\/h1>\n<p><strong>FELTRE.<\/strong> In occasione della settimana mondiale per l\u2019allattamento, il distretto di Feltre dell\u2019Ulss Dolomiti propone un incontro dedicato a tutte le mamme che hanno nutrito il loro bambino in modo diverso. Luned\u00ec 8 ottobre dalle 10 alle 12 al consultorio di Feltre (in via Marconi) ci sar\u00e0 un incontro con le ostetriche e la psicologa per dare voce alle esperienze e creare un momento di ascolto e condivisione con le mamme che allattano o hanno allattato col biberon. All\u2019incontro \u00e8 stato dato il titolo \u201cnutrire con il cuore: perch\u00e9 la bravura materna non si misura certo con il numero di poppate\u201d. Questa iniziativa si affianca ai molti servizi e i momenti dedicati all\u2019allattamento al seno e alle diverse le iniziative per incentivarlo anche attraverso il percorso di certificazione di Ospedale amico del bambino.<\/p><\/blockquote>\n<p>&nbsp;<\/p>\n<p>&nbsp;<\/p>\n<p>&nbsp;<\/p>\n<h1>ANCHE BELLUNO CELEBRA GLI ERASMUS DAYS CON TRE EVENTI IN TRE GIORNI<\/h1>\n<p style=\"text-align: left;\"><a class=\"dt-pswp-item\" href=\"http:\/\/www.radiopiu.net\/wordpress\/wp-content\/uploads\/2018\/10\/Scambio-Georgia-Csv-Comitato-dIntesa-Belluno-agosto-2018-2.jpg\" data-dt-img-description=\"\" data-large_image_width=\"1024\" data-large_image_height=\"751\"><img loading=\"lazy\" decoding=\"async\" class=\"size-medium wp-image-62972 alignleft\" src=\"http:\/\/www.radiopiu.net\/wordpress\/wp-content\/uploads\/2018\/10\/Scambio-Georgia-Csv-Comitato-dIntesa-Belluno-agosto-2018-2-300x220.jpg\" alt=\"\" width=\"300\" height=\"220\" srcset=\"https:\/\/www.radiopiu.net\/wordpress\/wp-content\/uploads\/2018\/10\/Scambio-Georgia-Csv-Comitato-dIntesa-Belluno-agosto-2018-2-300x220.jpg 300w, https:\/\/www.radiopiu.net\/wordpress\/wp-content\/uploads\/2018\/10\/Scambio-Georgia-Csv-Comitato-dIntesa-Belluno-agosto-2018-2-768x563.jpg 768w, https:\/\/www.radiopiu.net\/wordpress\/wp-content\/uploads\/2018\/10\/Scambio-Georgia-Csv-Comitato-dIntesa-Belluno-agosto-2018-2.jpg 1024w\" sizes=\"auto, (max-width: 300px) 100vw, 300px\" \/><\/a><\/p>\n<p><strong>BELLUNO<\/strong> Il 12 e 13 ottobre in tutta Europa si celebrano gli \u201cErasmus days\u201d, due giornate per raccontare ai giovani di oltre venti Paesi cos&#8217;\u00e8 il programma Erasmus+, quali opportunit\u00e0 offre e come \u00e8 cresciuto nel corso degli anni, anche qui in provincia. Grazie al lavoro dell&#8217;area Europa e del Centro documentazione del Csv, con il supporto delle quattro volontarie SVE attualmente ospitate alla casa del Volontariato dal Comitato d&#8217;Intesa, sono in programma tre iniziative per raccontare i passi fatti e anticipare quelli che saranno percorsi nei prossimi mesi. Prologo del fine settimana \u00e8 la presentazione del libro \u201cTales of inclusion\u201d (storie di inclusione) che si svolger\u00e0 gioved\u00ec 11 ottobre alle 18.30 nello spazio Ex di via Tiziano Vecellio. Frutto dello scambio Erasmus+ omonimo che si \u00e8 svolto a Mezzano (TN) a met\u00e0 aprile, il testo contiene 30 poesie scritte dai partecipanti (italiani, slovacchi, bulgari, ungheresi e rumeni) nelle rispettive lingue, costruite partendo da acrostici nati dall&#8217;osservazione di opere d&#8217;arte e testi letterari. Alle liriche si abbinano i disegni realizzati dalla classe quarta F dell&#8217;istituto Catullo durante un percorso di alternanza scuola-lavoro che si \u00e8 svolto nello stesso periodo. La presentazione sar\u00e0 ospitata dalla Casa dei beni comuni; al termine ci si sposta nell&#8217;adiacente area 7 per inaugurare la mostra di poesie e disegni con un piccolo buffet e rinfresco per tutti. L&#8217;esposizione sar\u00e0 visitabile fino a gioved\u00ec 8 novembre ogni marted\u00ec e gioved\u00ec dalle 16 alle 19.30.\u00a0Venerd\u00ec 12 ottobre l&#8217;appuntamento \u00e8 alle 15.30 a Casa Conz.\u00a0Sabato 13 ottobre alle 15.30 ci sar\u00e0 infine la conferenza \u201cIl programma Erasmus+: opportunit\u00e0 e prospettive future\u201d al secondo piano della Casa del Volontariato di Belluno.<\/p>\n<p>&nbsp;<\/p>\n<p>&nbsp;<\/p>\n<p>&nbsp;<\/p>\n<p>&nbsp;<\/p>\n<p>&nbsp;<\/p>\n<h1>IERI SERA A BELLUNO<\/h1>\n<blockquote class=\"wp-embedded-content\" data-secret=\"aDX8BWQiIZ\"><p><a href=\"http:\/\/www.radiopiu.net\/wordpress\/alle-due-zitelle-emozione-e-applausi-con-lara-e-sara-nel-ricordo-di-mozart\/\">ALLE &#8220;DUE ZITELLE&#8221; EMOZIONE E APPLAUSI CON LARA E SARA NEL RICORDO DI MOZART<\/a><\/p><\/blockquote>\n<p><iframe loading=\"lazy\" class=\"wp-embedded-content\" sandbox=\"allow-scripts\" security=\"restricted\" style=\"position: absolute; clip: rect(1px, 1px, 1px, 1px);\" src=\"http:\/\/www.radiopiu.net\/wordpress\/alle-due-zitelle-emozione-e-applausi-con-lara-e-sara-nel-ricordo-di-mozart\/embed\/#?secret=aDX8BWQiIZ\" data-secret=\"aDX8BWQiIZ\" width=\"600\" height=\"338\" title=\"&#8220;ALLE &#8220;DUE ZITELLE&#8221; EMOZIONE E APPLAUSI CON LARA E SARA NEL RICORDO DI MOZART&#8221; &#8212; Radio Pi\u00f9\" frameborder=\"0\" marginwidth=\"0\" marginheight=\"0\" scrolling=\"no\"><\/iframe><\/p>\n<p>&nbsp;<\/p>\n<p>&nbsp;<\/p>\n<h1><\/h1>\n<h1><\/h1>\n<h1>GLI ULTIMI ROMANTICI LA NUOVA EDIZIONE<\/h1>\n<p><strong>FELTRE<\/strong> La musica di assoluta qualit\u00e0 ancora una volta protagonista a Feltre. L&#8217;Ensemble BlaueReiter, compagine orchestrale formata da studenti e<a class=\"dt-pswp-item\" href=\"http:\/\/www.radiopiu.net\/wordpress\/wp-content\/uploads\/2018\/10\/Ultimi-Romantici-2018.jpg\" data-dt-img-description=\"\" data-large_image_width=\"3508\" data-large_image_height=\"4961\"><img loading=\"lazy\" decoding=\"async\" class=\" wp-image-62927 alignleft\" src=\"http:\/\/www.radiopiu.net\/wordpress\/wp-content\/uploads\/2018\/10\/Ultimi-Romantici-2018-212x300.jpg\" alt=\"\" width=\"228\" height=\"323\" srcset=\"https:\/\/www.radiopiu.net\/wordpress\/wp-content\/uploads\/2018\/10\/Ultimi-Romantici-2018-212x300.jpg 212w, https:\/\/www.radiopiu.net\/wordpress\/wp-content\/uploads\/2018\/10\/Ultimi-Romantici-2018-768x1086.jpg 768w, https:\/\/www.radiopiu.net\/wordpress\/wp-content\/uploads\/2018\/10\/Ultimi-Romantici-2018-724x1024.jpg 724w\" sizes=\"auto, (max-width: 228px) 100vw, 228px\" \/><\/a> giovani diplomati nei Conservatori del Veneto, ripropone anche quest\u2019anno, durante tutto l\u2019arco del mese di ottobre, una rassegna di 8 concerti, legati dal filo conduttore della musica romantica e tardo romantica. La rassegna, dal titolo \u201cGli ultimi romantici\u201d, con la direzione artistica di Daniele Bertoldin, prevede il susseguirsi di 7 formazioni da camera (un quartetto, un quintetto e un sestetto d&#8217;archi, due trii con pianoforte e un duo), vincitrici di Concorsi Nazionali e Internazionali e un&#8217;orchestra da camera. Si inizia sabato 6 Ottobre, alle 21.00, a Palazzo Borgasio con Antonio Caneve al clarinetto e Chinami Matsushima al pianoforte, che proporranno musiche di R. Schumann, J. Brahms e F. Liszt. Il giorno seguente, domenica 7 Ottobre, alle 18.00, sempre a Palazzo Borgasio, Giovanni Inglese al violoncello e Beniamino Iozzelli al pianoforte si esibiranno su musiche di C.A. Piatti e F. Chopin. Il programma prevede poi altri sei appuntamenti, fino alla conclusione di domenica 28 ottobre. La rassegna \u00e8 organizzata con la collaborazione del Comune di Feltre, della Scuola comunale di musica \u201cF. Sandi\u201d e con gli studenti del Conservatorio di Musica \u201cA. Steffani\u201d di Castelfranco Veneto. Il biglietto per il singolo spettacolo \u00e8 fissato in 10 euro; l\u2019abbonamento all\u2019intera rassegna 50 euro. Prenotazione obbligatoria sul sito: www.visitfeltre.info. Info cell. 346\/1796955 Ensemble BlaueReiter e tel. 0439\/885242 Ufficio Musei.<\/p>\n<p>&nbsp;<\/p>\n<p>&nbsp;<\/p>\n<p>&nbsp;<\/p>\n<p>&nbsp;<\/p>\n<p>&nbsp;<\/p>\n<p>&nbsp;<\/p>\n<p>&nbsp;<\/p>\n<p>&nbsp;<\/p>\n<p>&nbsp;<\/p>\n<p>&nbsp;<\/p>\n<blockquote><p><a class=\"dt-pswp-item\" href=\"http:\/\/www.radiopiu.net\/wordpress\/wp-content\/uploads\/2018\/09\/appuntamenti.jpeg\" data-dt-img-description=\"\" data-large_image_width=\"800\" data-large_image_height=\"100\"><img loading=\"lazy\" decoding=\"async\" class=\"alignnone wp-image-61958 size-full\" src=\"http:\/\/www.radiopiu.net\/wordpress\/wp-content\/uploads\/2018\/09\/appuntamenti.jpeg\" alt=\"\" width=\"800\" height=\"100\" srcset=\"https:\/\/www.radiopiu.net\/wordpress\/wp-content\/uploads\/2018\/09\/appuntamenti.jpeg 800w, https:\/\/www.radiopiu.net\/wordpress\/wp-content\/uploads\/2018\/09\/appuntamenti-300x38.jpeg 300w, https:\/\/www.radiopiu.net\/wordpress\/wp-content\/uploads\/2018\/09\/appuntamenti-768x96.jpeg 768w\" sizes=\"auto, (max-width: 800px) 100vw, 800px\" \/><\/a><\/p><\/blockquote>\n<p>&nbsp;<\/p>\n<p>&nbsp;<\/p>\n<h1>OGGI E DOMANI A FALCADE DOLOMITES STREET<\/h1>\n<blockquote class=\"wp-embedded-content\" data-secret=\"X5GS3PK2dF\"><p><a href=\"http:\/\/www.radiopiu.net\/wordpress\/dolomites-street-2-sabato-e-domenica-motori-e-festa-da-malga-ciapela-a-falcade\/\">DOLOMITES STREET -2, SABATO E DOMENICA MOTORI E FESTA! DA MALGA CIAPELA A FALCADE<\/a><\/p><\/blockquote>\n<p><iframe loading=\"lazy\" class=\"wp-embedded-content\" sandbox=\"allow-scripts\" security=\"restricted\" style=\"position: absolute; clip: rect(1px, 1px, 1px, 1px);\" src=\"http:\/\/www.radiopiu.net\/wordpress\/dolomites-street-2-sabato-e-domenica-motori-e-festa-da-malga-ciapela-a-falcade\/embed\/#?secret=X5GS3PK2dF\" data-secret=\"X5GS3PK2dF\" width=\"600\" height=\"338\" title=\"&#8220;DOLOMITES STREET -2, SABATO E DOMENICA MOTORI E FESTA! DA MALGA CIAPELA A FALCADE&#8221; &#8212; Radio Pi\u00f9\" frameborder=\"0\" marginwidth=\"0\" marginheight=\"0\" scrolling=\"no\"><\/iframe><\/p>\n<p>&nbsp;<\/p>\n<p>&nbsp;<\/p>\n<p>&nbsp;<\/p>\n<p><a class=\"dt-pswp-item\" href=\"http:\/\/www.radiopiu.net\/wordpress\/wp-content\/uploads\/2018\/10\/foto.jpg\" data-dt-img-description=\"\" data-large_image_width=\"763\" data-large_image_height=\"268\"><img loading=\"lazy\" decoding=\"async\" class=\"alignnone wp-image-62995 size-full\" src=\"http:\/\/www.radiopiu.net\/wordpress\/wp-content\/uploads\/2018\/10\/foto.jpg\" alt=\"\" width=\"763\" height=\"268\" srcset=\"https:\/\/www.radiopiu.net\/wordpress\/wp-content\/uploads\/2018\/10\/foto.jpg 763w, https:\/\/www.radiopiu.net\/wordpress\/wp-content\/uploads\/2018\/10\/foto-300x105.jpg 300w\" sizes=\"auto, (max-width: 763px) 100vw, 763px\" \/><\/a><\/p>\n<p><strong>TAIBON<\/strong> Grazie al contributo di alcuni sponsor il Gruppo Sportivo Taibon potr\u00e0 far salire i propri iscritti sul nuovo pullmino per spostamenti pi\u00f9 comodi e sicuri. Sabato 13 ottobre alle 17.45 in piazza del Municipio sar\u00e0 presentato alla popolazione, momento ideale per ringraziare quanti hanno contribuito. A seguire riconsocimenti alla squadra del GS Taibon vincitrice del 25esimo campionato agordino di calcio giovanile in sala San Rocco dell&#8217;ex Municipio.<\/p>\n<p>&nbsp;<\/p>\n<blockquote><p>La classe 1970 organizza la cena per il 20 Ottobre all\u2019Hotel Sport Cristal di Falcade. Iscrizioni presso Roxy bar Agordo, Gipsy bar Cencenighe e Hotel Sport Cristal.<\/p><\/blockquote>\n<p>&nbsp;<\/p>\n<p>&nbsp;<\/p>\n<h1><a class=\"dt-pswp-item\" href=\"http:\/\/www.radiopiu.net\/wordpress\/wp-content\/uploads\/2018\/09\/sport.jpg\" data-dt-img-description=\"\" data-large_image_width=\"800\" data-large_image_height=\"100\"><img loading=\"lazy\" decoding=\"async\" class=\"alignnone wp-image-60761 size-full\" src=\"http:\/\/www.radiopiu.net\/wordpress\/wp-content\/uploads\/2018\/09\/sport.jpg\" alt=\"\" width=\"800\" height=\"100\" srcset=\"https:\/\/www.radiopiu.net\/wordpress\/wp-content\/uploads\/2018\/09\/sport.jpg 800w, https:\/\/www.radiopiu.net\/wordpress\/wp-content\/uploads\/2018\/09\/sport-300x38.jpg 300w, https:\/\/www.radiopiu.net\/wordpress\/wp-content\/uploads\/2018\/09\/sport-768x96.jpg 768w\" sizes=\"auto, (max-width: 800px) 100vw, 800px\" \/><\/a><\/h1>\n<h1><\/h1>\n<p>&nbsp;<\/p>\n<h1>HOCKEY FEMMINILE EVENTO AD ALLEGHE<\/h1>\n<p><strong>ALLEGHE<\/strong> In occasione del weekend mondiale dell&#8217;hockey su ghiaccio femminile, promosso dall&#8217;IIHF,\u00a0 col patrocinio del Comitato Veneto FISG domenica dalle 9 alla 14 al palaghiaccio Alvise De Toni di Alleghe,\u00a0 mattinata all&#8217;insegna dello sport per tutte le ragazzine che praticano l&#8217;hockey su ghiaccio in territorio veneto. Le parole d&#8217;ordine: divertimento e coesione. Evento importante, per la prima volta proposta in Italia. La presentazione con Linda De Rocco, colonna della formazione agordina di hockey su ghiaccio.<\/p>\n<audio class=\"wp-audio-shortcode\" id=\"audio-62935-6\" preload=\"none\" style=\"width: 100%;\" controls=\"controls\"><source type=\"audio\/mpeg\" src=\"http:\/\/www.radiopiu.net\/wordpress\/wp-content\/uploads\/2018\/10\/linda.mp3?_=6\" \/><a href=\"http:\/\/www.radiopiu.net\/wordpress\/wp-content\/uploads\/2018\/10\/linda.mp3\">http:\/\/www.radiopiu.net\/wordpress\/wp-content\/uploads\/2018\/10\/linda.mp3<\/a><\/audio>\n<h1>E IL 21 OTTOBRE VIA AL CAMPIONATO CON ALLEGHE-EGNA E LA NOVITA&#8217; DOBBIACO<\/h1>\n<p>Presentazione del primo incontro e campionato con coach Cristian Schivo, la vera novit\u00e0 \u00e8 l&#8217;iscrizione del Dobbiaco con un campionato a 6 squadre. L&#8217;Alleghe \u00e8 sul ghiaccio da settembre con ottimi allenamenti, anche a secco. Ma sentiamo l&#8217;allenatore.<\/p>\n<audio class=\"wp-audio-shortcode\" id=\"audio-62935-7\" preload=\"none\" style=\"width: 100%;\" controls=\"controls\"><source type=\"audio\/mpeg\" src=\"http:\/\/www.radiopiu.net\/wordpress\/wp-content\/uploads\/2018\/10\/CRISTIAN.mp3?_=7\" \/><a href=\"http:\/\/www.radiopiu.net\/wordpress\/wp-content\/uploads\/2018\/10\/CRISTIAN.mp3\">http:\/\/www.radiopiu.net\/wordpress\/wp-content\/uploads\/2018\/10\/CRISTIAN.mp3<\/a><\/audio>\n<p><a class=\"dt-pswp-item\" href=\"http:\/\/www.radiopiu.net\/wordpress\/wp-content\/uploads\/2018\/10\/WhatsApp-Image-2018-10-05-at-07.30.09.jpeg\" data-dt-img-description=\"\" data-large_image_width=\"1600\" data-large_image_height=\"898\"><img loading=\"lazy\" decoding=\"async\" class=\"alignnone wp-image-62989 size-large\" src=\"http:\/\/www.radiopiu.net\/wordpress\/wp-content\/uploads\/2018\/10\/WhatsApp-Image-2018-10-05-at-07.30.09-1024x575.jpeg\" alt=\"\" width=\"1024\" height=\"575\" srcset=\"https:\/\/www.radiopiu.net\/wordpress\/wp-content\/uploads\/2018\/10\/WhatsApp-Image-2018-10-05-at-07.30.09-1024x575.jpeg 1024w, https:\/\/www.radiopiu.net\/wordpress\/wp-content\/uploads\/2018\/10\/WhatsApp-Image-2018-10-05-at-07.30.09-300x168.jpeg 300w, https:\/\/www.radiopiu.net\/wordpress\/wp-content\/uploads\/2018\/10\/WhatsApp-Image-2018-10-05-at-07.30.09-768x431.jpeg 768w, https:\/\/www.radiopiu.net\/wordpress\/wp-content\/uploads\/2018\/10\/WhatsApp-Image-2018-10-05-at-07.30.09.jpeg 1600w\" sizes=\"auto, (max-width: 1024px) 100vw, 1024px\" \/><\/a><\/p>\n<p>&nbsp;<\/p>\n<p>&nbsp;<\/p>\n<p>&nbsp;<\/p>\n<div class=\"moz-text-html\" lang=\"x-unicode\">\n<div dir=\"ltr\">\n<h1>HOCKEY: ALLEGHE IN CASA STASERA CONTRO IL CALDARO<\/h1>\n<p>di Marco Gaz<\/p>\n<p>Alleghe in casa questa sera alle ore 20:30 contro il Caldaro, match valido per la quarta giornata della IHL che Radio Pi\u00f9 seguir\u00e0 in diretta all&#8217;interno di \u201cHockey Al Punto Giusto\u201d. Settore giovanile dell&#8217;Alleghe impegnato nel fine settimana con la under 19 che domani giocher\u00e0 in casa contro il Merano alle ore 18. Under 17 che giocher\u00e0 oggi pomeriggio alle 16:30 in trasferta contro il Bolzano. L&#8217;under 15 che domani alle 15:45 giocher\u00e0 in trasferta contro il Vipiteno mentre la under 13 scender\u00e0 in campo al \u201cDe Toni\u201d oggi alle 17 per scontrarsi con il Bressanone<\/p>\n<h1>CALCIO: LE VILLE IN TRASFERTA, FIORI BARP E AGORDINA GIOCANO IN CASA<\/h1>\n<p>Continua il campionato Open CSI del Le Ville che oggi pomeriggio alle ore 15 giocher\u00e0 in trasferta con il Nemeggio<\/p>\n<h1>AGORDINA GIOVANILI<\/h1>\n<\/div>\n<div dir=\"ltr\">\n<p>Settore giovanile dell&#8217;Agordina con la juoniores di Piergiorgio De Bastiani che gioca in trasferta contro il San Giorgio oggi pomeriggio alle 15:30. Gli allievi provinciali allenati da Renato Orzetti giocheranno domani mattina alle 10, in casa contro il Fiori Barp. Per quanto riguarda gli esordienti a 9 allenato da Giorgio Tormen, domani alle 10 giocheranno in casa contro la Juventina<\/p>\n<h1>FIORI BARP IN CASA, AGORDINA PURE<\/h1>\n<p>Fiori Barp gioca in casa contro il Cavarzano (Prima Categoria gir. G del Veneto). Agordina in campo ad Agordo contro il Union Feletto Vallata (Seconda Categoria gir. R del Veneto).<\/p>\n<\/div>\n<blockquote><p><em>Domani pomeriggio su Radio Pi\u00f9 seguiremo la prima squadra dell&#8217;Agordina e il Fioribarp in diretta all&#8217;interno di DOMENICA PIU&#8217; SPORT a partire dalle 15:30.<\/em><\/p><\/blockquote>\n<\/div>\n<p>&nbsp;<\/p>\n<p>&nbsp;<\/p>\n<p>&nbsp;<\/p>\n<p>&nbsp;<\/p>\n<p>&nbsp;<\/p>\n<p><a class=\"dt-pswp-item\" href=\"http:\/\/www.radiopiu.net\/wordpress\/wp-content\/uploads\/2018\/09\/WhatsApp-Image-2018-09-20-at-16.04.06.jpeg\" data-dt-img-description=\"\" data-large_image_width=\"800\" data-large_image_height=\"100\"><img loading=\"lazy\" decoding=\"async\" class=\"alignnone wp-image-61378 size-full\" src=\"http:\/\/www.radiopiu.net\/wordpress\/wp-content\/uploads\/2018\/09\/WhatsApp-Image-2018-09-20-at-16.04.06.jpeg\" alt=\"\" width=\"800\" height=\"100\" srcset=\"https:\/\/www.radiopiu.net\/wordpress\/wp-content\/uploads\/2018\/09\/WhatsApp-Image-2018-09-20-at-16.04.06.jpeg 800w, https:\/\/www.radiopiu.net\/wordpress\/wp-content\/uploads\/2018\/09\/WhatsApp-Image-2018-09-20-at-16.04.06-300x38.jpeg 300w, https:\/\/www.radiopiu.net\/wordpress\/wp-content\/uploads\/2018\/09\/WhatsApp-Image-2018-09-20-at-16.04.06-768x96.jpeg 768w\" sizes=\"auto, (max-width: 800px) 100vw, 800px\" \/><\/a><\/p>\n<h1>PREVISIONI DEL TEMPO DA OGGI A LUNEDI<\/h1>\n<p><strong>Sabato 6<\/strong><br \/>\nTempo atteso: Cielo perlopi\u00f9 molto nuvoloso, a tratti coperto specie nelle ore centrali, con fenomeni temporaneamente anche diffusi. Clima diurno pi\u00f9 fresco. Precipitazioni: Nella notte sporadiche e deboli (40%); in giornata sulle Prealpi a tratti diffuse e solo temporaneamente moderate, soprattutto nelle ore centrali (60\/80%), con possibili accumuli nelle 24 ore mediamente di 10\/20 mm. Sulle Dolomiti fenomeni a carattere pi\u00f9 sparso e generalmente deboli (50\/70%), con accumuli di 2\/10 mm. Limite delle deboli nevicate a 2800\/3000 m. I fenomeni saranno in attenuazione dal tardo pomeriggio\/sera a partire dalle Dolomiti.<br \/>\nTemperature: Minime in aumento nelle valli, in lieve calo in quota; massime in calo. Su Prealpi a 1500 m min 8\u00b0C max 10\u00b0C, a 2000 m min 4\u00b0C max 7\u00b0C. Su Dolomiti a 2000 m min 4\u00b0C max 7\u00b0C, a 3000 m min 0\u00b0C max 1\u00b0C.<br \/>\nVenti: Nelle valli deboli di direzione variabile; in quota in attenuazione da moderati a deboli meridionali, a 5-20 km\/h a 2000 m, 15-35 km\/h a 3000 m.<br \/>\n<strong>Domenica 7<\/strong><br \/>\nTempo atteso: Tempo in miglioramento, nonostante possibili nubi basse mattutine specie sui settori prealpini, dove qualche residuo fenomeno sar\u00e0 possibile nella notte. In giornata nuvolosit\u00e0 variabile pi\u00f9 insistente sulle Prealpi, con formazione di qualche addensamento che potr\u00e0 produrre qualche locale fenomeno. Clima umido e solo relativamente mite. Precipitazioni: Nella notte possibili residui piovaschi, specie su Prealpi (30\/40%); in mattinata perlopi\u00f9 assenti (0\/10%); al pomeriggio non escluso qualche isolato e breve piovasco, specie su Prealpi (20\/30%). Temperature: Senza variazioni di rilievo su Prealpi e nelle zone interessate da nubi basse insistenti; minime stazionarie e massime in aumento in quota e nei settori assolati. Su Prealpi a 1500 m min 7\u00b0C max 12\u00b0C, a 2000 m min 5\u00b0C max 8\u00b0C. Su Dolomiti a 2000 m min 4\u00b0C max 9\u00b0C, a 3000 m min 0\u00b0C max 1\u00b0C. Venti: Nelle valli deboli di direzione variabile; in quota deboli, al pi\u00f9 temporaneamente moderati, da Nord-Est, a 5-10 km\/h a 2000 m, 5-20 km\/h a 3000 m.<br \/>\n<strong>Lunedi 8<\/strong><br \/>\nTempo in ulteriore miglioramento, anche se persister\u00e0 una nuvolosit\u00e0 variabile sia per locali nubi basse che per modesti addensamenti diurni, specie su Prealpi, con rischio contenuto di qualche isolato e breve piovasco. Temperature mattutine pi\u00f9 fresche, in aumento di giorno nelle valli in funzione del maggiore soleggiamento.<br \/>\n<strong>Martedi 9<\/strong><br \/>\nTempo abbastanza soleggiato, specie sulle Dolomiti. Sulle Prealpi possibili ancora nubi basse specie al mattino; in giornata locali addensamenti, che non si esclude possano provocare qualche isolato piovasco. Temperature senza notevoli variazioni. Previsore:<\/p>\n<p>&nbsp;<\/p>\n","protected":false},"excerpt":{"rendered":"<p>I NOTIZIARI ALLA RADIO: 8 05 RASSEGNA STAMPA. 9 30 GIORNALE RADIO MATTINA. 12.30 GIORNALE RADIO PRINCIPALE. 14 30 E 16 30 GIORNALE RADIO POMERIGGIO, 18 30 GIORNALE RADIO SERA. ALLA MEZZANOTTE IL GR DELLA MEZZANOTTE. ALLE 10.30 E 1900 LA RASSEGNA STAMPA DA L&#8217;AMICO DEL POPOLO DI GIANNI SANTOMASO. QUESTA SERA 20.30 HOCKEY AL&hellip;<\/p>\n","protected":false},"author":1,"featured_media":61729,"comment_status":"closed","ping_status":"closed","sticky":false,"template":"","format":"standard","meta":{"_monsterinsights_skip_tracking":false,"_monsterinsights_sitenote_active":false,"_monsterinsights_sitenote_note":"","_monsterinsights_sitenote_category":0,"footnotes":""},"categories":[1,86],"tags":[],"class_list":["post-62935","post","type-post","status-publish","format-standard","has-post-thumbnail","hentry","category-senza-categoria","category-gr","category-1","category-86","description-off"],"img_url":"https:\/\/www.radiopiu.net\/wordpress\/wp-content\/uploads\/2018\/09\/DS-2.jpg","_links":{"self":[{"href":"https:\/\/www.radiopiu.net\/wordpress\/wp-json\/wp\/v2\/posts\/62935","targetHints":{"allow":["GET"]}}],"collection":[{"href":"https:\/\/www.radiopiu.net\/wordpress\/wp-json\/wp\/v2\/posts"}],"about":[{"href":"https:\/\/www.radiopiu.net\/wordpress\/wp-json\/wp\/v2\/types\/post"}],"author":[{"embeddable":true,"href":"https:\/\/www.radiopiu.net\/wordpress\/wp-json\/wp\/v2\/users\/1"}],"replies":[{"embeddable":true,"href":"https:\/\/www.radiopiu.net\/wordpress\/wp-json\/wp\/v2\/comments?post=62935"}],"version-history":[{"count":0,"href":"https:\/\/www.radiopiu.net\/wordpress\/wp-json\/wp\/v2\/posts\/62935\/revisions"}],"wp:featuredmedia":[{"embeddable":true,"href":"https:\/\/www.radiopiu.net\/wordpress\/wp-json\/wp\/v2\/media\/61729"}],"wp:attachment":[{"href":"https:\/\/www.radiopiu.net\/wordpress\/wp-json\/wp\/v2\/media?parent=62935"}],"wp:term":[{"taxonomy":"category","embeddable":true,"href":"https:\/\/www.radiopiu.net\/wordpress\/wp-json\/wp\/v2\/categories?post=62935"},{"taxonomy":"post_tag","embeddable":true,"href":"https:\/\/www.radiopiu.net\/wordpress\/wp-json\/wp\/v2\/tags?post=62935"}],"curies":[{"name":"wp","href":"https:\/\/api.w.org\/{rel}","templated":true}]}}