{"id":62959,"date":"2018-10-06T05:29:06","date_gmt":"2018-10-06T03:29:06","guid":{"rendered":"http:\/\/www.radiopiu.net\/wordpress\/?p=62959"},"modified":"2018-10-07T17:24:39","modified_gmt":"2018-10-07T15:24:39","slug":"marmolada-i-trentini-vogliono-di-piu-scuola-unica-ad-alleghe-che-vengano-loro-a-rocca-pietore-ribatte-il-sindaco-di-rocca-lago-di-alleghe-dopo-i-lavori-al-ponte-materiale-nel-lago","status":"publish","type":"post","link":"https:\/\/www.radiopiu.net\/wordpress\/marmolada-i-trentini-vogliono-di-piu-scuola-unica-ad-alleghe-che-vengano-loro-a-rocca-pietore-ribatte-il-sindaco-di-rocca-lago-di-alleghe-dopo-i-lavori-al-ponte-materiale-nel-lago\/","title":{"rendered":"MARMOLADA I TRENTINI VOGLIONO DI PIU&#8217;, SCUOLA UNICA AD ALLEGHE? &#8220;CHE VENGANO LORO A ROCCA PIETORE&#8221; RIBATTE IL SINDACO DI ROCCA. LAGO DI ALLEGHE, DOPO I LAVORI AL PONTE MATERIALE  NEL LAGO"},"content":{"rendered":"<h1>TRE DOMANDE AD ANDREA DE BERNARDIN<\/h1>\n<p><strong><a class=\"dt-pswp-item\" href=\"http:\/\/www.radiopiu.net\/wordpress\/wp-content\/uploads\/2018\/10\/nuovo-ponte-al-posto-della-passerella.jpg\" data-dt-img-description=\"\" data-large_image_width=\"3989\" data-large_image_height=\"2244\"><img loading=\"lazy\" decoding=\"async\" class=\"size-medium wp-image-62437 alignleft\" src=\"http:\/\/www.radiopiu.net\/wordpress\/wp-content\/uploads\/2018\/10\/nuovo-ponte-al-posto-della-passerella-300x169.jpg\" alt=\"\" width=\"300\" height=\"169\" srcset=\"https:\/\/www.radiopiu.net\/wordpress\/wp-content\/uploads\/2018\/10\/nuovo-ponte-al-posto-della-passerella-300x169.jpg 300w, https:\/\/www.radiopiu.net\/wordpress\/wp-content\/uploads\/2018\/10\/nuovo-ponte-al-posto-della-passerella-768x432.jpg 768w, https:\/\/www.radiopiu.net\/wordpress\/wp-content\/uploads\/2018\/10\/nuovo-ponte-al-posto-della-passerella-1024x576.jpg 1024w\" sizes=\"auto, (max-width: 300px) 100vw, 300px\" \/><\/a>ROCCA PIETORE-ALLEGHE IL LAGO DOPO I LAVORI\u00a0\u00a0<\/strong>\u00a0nuovi lavori per il rifacimento del ponte sul torrente Cordevole cha ha sostituito la vecchia passerella &#8220;tibetana&#8221;. Un ottimo lavoro, lo dicono tutti, perch\u00e9 la passerella era ormai obsoleta e perch\u00e9 esteticamente il nuovo ponte fa la sua bella figura. Ma c&#8217;\u00e8 un problema, con il cantiere ci sono stati spostamenti di materiale finito nel lago, l&#8217;effetto \u00e8 bene evidente soprattutto nei periodi di abbassamento del lago. Abbiamo fatto presente la segnalazione al sindaco di Rocca Pietore che \u00e8 a capo (con il Comune che amministra) del progettone che prevede la realizzazione della ciclabile.<\/p>\n<audio class=\"wp-audio-shortcode\" id=\"audio-62959-1\" preload=\"none\" style=\"width: 100%;\" controls=\"controls\"><source type=\"audio\/mpeg\" src=\"http:\/\/www.radiopiu.net\/wordpress\/wp-content\/uploads\/2018\/10\/ANDREA1.mp3?_=1\" \/><a href=\"http:\/\/www.radiopiu.net\/wordpress\/wp-content\/uploads\/2018\/10\/ANDREA1.mp3\">http:\/\/www.radiopiu.net\/wordpress\/wp-content\/uploads\/2018\/10\/ANDREA1.mp3<\/a><\/audio>\n\n\t\t\t<style type='text\/css'>\n\t\t\t\t#gallery-1 {\n\t\t\t\t\tmargin: auto;\n\t\t\t\t}\n\t\t\t\t#gallery-1 .gallery-item {\n\t\t\t\t\tfloat: left;\n\t\t\t\t\tmargin-top: 10px;\n\t\t\t\t\ttext-align: center;\n\t\t\t\t\twidth: 33%;\n\t\t\t\t}\n\t\t\t\t#gallery-1 img {\n\t\t\t\t\tborder: 2px solid #cfcfcf;\n\t\t\t\t}\n\t\t\t\t#gallery-1 .gallery-caption {\n\t\t\t\t\tmargin-left: 0;\n\t\t\t\t}\n\t\t\t\t\/* see gallery_shortcode() in wp-includes\/media.php *\/\n\t\t\t<\/style>\n\t\t<div id='gallery-1' class='dt-gallery-container gallery galleryid-62959 gallery-columns-3 gallery-size-thumbnail'><dl class='gallery-item'>\n\t\t\t\t<dt class='gallery-icon landscape'>\n\t\t\t\t\t<a class=\"rollover\" href='https:\/\/www.radiopiu.net\/wordpress\/giornale-radiopiu-06-ottobre-2018-direttore-mirko-mezzacasagiornale-radiopiu-06-ottobre-2018-direttore-mirko-mezzacasa\/e1b4f2eb-f6ff-45bd-8a46-911e5adb7c0d\/'><img loading=\"lazy\" decoding=\"async\" width=\"150\" height=\"150\" src=\"https:\/\/www.radiopiu.net\/wordpress\/wp-content\/uploads\/2018\/10\/e1b4f2eb-f6ff-45bd-8a46-911e5adb7c0d-150x150.jpg\" class=\"attachment-thumbnail size-thumbnail\" alt=\"\" \/><\/a>\n\t\t\t\t<\/dt><\/dl><dl class='gallery-item'>\n\t\t\t\t<dt class='gallery-icon landscape'>\n\t\t\t\t\t<a class=\"rollover\" href='https:\/\/www.radiopiu.net\/wordpress\/giornale-radiopiu-06-ottobre-2018-direttore-mirko-mezzacasagiornale-radiopiu-06-ottobre-2018-direttore-mirko-mezzacasa\/5114e40b-f50c-4fdf-ba15-465741c414d0\/'><img loading=\"lazy\" decoding=\"async\" width=\"150\" height=\"150\" src=\"https:\/\/www.radiopiu.net\/wordpress\/wp-content\/uploads\/2018\/10\/5114e40b-f50c-4fdf-ba15-465741c414d0-150x150.jpg\" class=\"attachment-thumbnail size-thumbnail\" alt=\"\" \/><\/a>\n\t\t\t\t<\/dt><\/dl><dl class='gallery-item'>\n\t\t\t\t<dt class='gallery-icon landscape'>\n\t\t\t\t\t<a class=\"rollover\" href='https:\/\/www.radiopiu.net\/wordpress\/giornale-radiopiu-06-ottobre-2018-direttore-mirko-mezzacasagiornale-radiopiu-06-ottobre-2018-direttore-mirko-mezzacasa\/2ee2aac3-d301-4086-9b55-bb7270718c35\/'><img loading=\"lazy\" decoding=\"async\" width=\"150\" height=\"150\" src=\"https:\/\/www.radiopiu.net\/wordpress\/wp-content\/uploads\/2018\/10\/2ee2aac3-d301-4086-9b55-bb7270718c35-150x150.jpg\" class=\"attachment-thumbnail size-thumbnail\" alt=\"\" \/><\/a>\n\t\t\t\t<\/dt><\/dl><br style=\"clear: both\" \/>\n\t\t\t<\/div>\n\n<p><strong>VAL CORDEVOLE, LA SCUOLA\u00a0 DOPO LA PROPOSTA ALLEGHESE\u00a0<\/strong>I genitori di Alleghe propongono un&#8217;unica scuola Alleghe-Rocca Pietore senza alcun riferimento a Colle Santa Lucia e Selva di Cadore e tutti i comuni hanno lo stesso problema, per questo l&#8217;idea non piace al sindaco di Rocca Pietore che rilancia invitando gli alleghesi a iscrivere i propri figli a Rocca Pietore. Esiste un edificio in grado eventualmente di ospitare tutti gli alunni\u00a0 dei Comuni della Val Cordevole?<\/p>\n<audio class=\"wp-audio-shortcode\" id=\"audio-62959-2\" preload=\"none\" style=\"width: 100%;\" controls=\"controls\"><source type=\"audio\/mpeg\" src=\"http:\/\/www.radiopiu.net\/wordpress\/wp-content\/uploads\/2018\/10\/ANDREA2.mp3?_=2\" \/><a href=\"http:\/\/www.radiopiu.net\/wordpress\/wp-content\/uploads\/2018\/10\/ANDREA2.mp3\">http:\/\/www.radiopiu.net\/wordpress\/wp-content\/uploads\/2018\/10\/ANDREA2.mp3<\/a><\/audio>\n<p><strong>ROCCA PIETORE LA MARMOLADA\u00a0 UN NUOVO RICORSO TRENTINO <\/strong>Canazei torna al Tar contro l&#8217;Agenzia delle entrate contestando anche l&#8217;ultimo decreto chiedendo anche le stazioni a monte. Per il sindaco De Bernardin \u00e8 ora di opporsi di nuovo rimettendo tutto in discussione<\/p>\n<audio class=\"wp-audio-shortcode\" id=\"audio-62959-3\" preload=\"none\" style=\"width: 100%;\" controls=\"controls\"><source type=\"audio\/mpeg\" src=\"http:\/\/www.radiopiu.net\/wordpress\/wp-content\/uploads\/2018\/10\/ANDREA3.mp3?_=3\" \/><a href=\"http:\/\/www.radiopiu.net\/wordpress\/wp-content\/uploads\/2018\/10\/ANDREA3.mp3\">http:\/\/www.radiopiu.net\/wordpress\/wp-content\/uploads\/2018\/10\/ANDREA3.mp3<\/a><\/audio>\n<p>&nbsp;<\/p>\n<p>&nbsp;<\/p>\n<p>&nbsp;<\/p>\n","protected":false},"excerpt":{"rendered":"<p>TRE DOMANDE AD ANDREA DE BERNARDIN ROCCA PIETORE-ALLEGHE IL LAGO DOPO I LAVORI\u00a0\u00a0\u00a0nuovi lavori per il rifacimento del ponte sul torrente Cordevole cha ha sostituito la vecchia passerella &#8220;tibetana&#8221;. Un ottimo lavoro, lo dicono tutti, perch\u00e9 la passerella era ormai obsoleta e perch\u00e9 esteticamente il nuovo ponte fa la sua bella figura. Ma c&#8217;\u00e8 un&hellip;<\/p>\n","protected":false},"author":1,"featured_media":62954,"comment_status":"closed","ping_status":"closed","sticky":false,"template":"","format":"standard","meta":{"_monsterinsights_skip_tracking":false,"_monsterinsights_sitenote_active":false,"_monsterinsights_sitenote_note":"","_monsterinsights_sitenote_category":0,"footnotes":""},"categories":[1],"tags":[],"class_list":["post-62959","post","type-post","status-publish","format-standard","has-post-thumbnail","hentry","category-senza-categoria","category-1","description-off"],"img_url":"https:\/\/www.radiopiu.net\/wordpress\/wp-content\/uploads\/2018\/10\/6de54253-2f8b-4967-8955-899cc8ab6c19.jpg","_links":{"self":[{"href":"https:\/\/www.radiopiu.net\/wordpress\/wp-json\/wp\/v2\/posts\/62959","targetHints":{"allow":["GET"]}}],"collection":[{"href":"https:\/\/www.radiopiu.net\/wordpress\/wp-json\/wp\/v2\/posts"}],"about":[{"href":"https:\/\/www.radiopiu.net\/wordpress\/wp-json\/wp\/v2\/types\/post"}],"author":[{"embeddable":true,"href":"https:\/\/www.radiopiu.net\/wordpress\/wp-json\/wp\/v2\/users\/1"}],"replies":[{"embeddable":true,"href":"https:\/\/www.radiopiu.net\/wordpress\/wp-json\/wp\/v2\/comments?post=62959"}],"version-history":[{"count":0,"href":"https:\/\/www.radiopiu.net\/wordpress\/wp-json\/wp\/v2\/posts\/62959\/revisions"}],"wp:featuredmedia":[{"embeddable":true,"href":"https:\/\/www.radiopiu.net\/wordpress\/wp-json\/wp\/v2\/media\/62954"}],"wp:attachment":[{"href":"https:\/\/www.radiopiu.net\/wordpress\/wp-json\/wp\/v2\/media?parent=62959"}],"wp:term":[{"taxonomy":"category","embeddable":true,"href":"https:\/\/www.radiopiu.net\/wordpress\/wp-json\/wp\/v2\/categories?post=62959"},{"taxonomy":"post_tag","embeddable":true,"href":"https:\/\/www.radiopiu.net\/wordpress\/wp-json\/wp\/v2\/tags?post=62959"}],"curies":[{"name":"wp","href":"https:\/\/api.w.org\/{rel}","templated":true}]}}