{"id":62973,"date":"2018-10-05T17:28:00","date_gmt":"2018-10-05T15:28:00","guid":{"rendered":"http:\/\/www.radiopiu.net\/wordpress\/?p=62973"},"modified":"2018-10-05T17:28:00","modified_gmt":"2018-10-05T15:28:00","slug":"carcere-di-belluno-stop-allo-sciopero-della-mensa-ma-lo-stato-di-agitazione-continua","status":"publish","type":"post","link":"https:\/\/www.radiopiu.net\/wordpress\/carcere-di-belluno-stop-allo-sciopero-della-mensa-ma-lo-stato-di-agitazione-continua\/","title":{"rendered":"Carcere di Belluno: stop allo sciopero della mensa, ma lo stato di agitazione continua"},"content":{"rendered":"<h1><\/h1>\n<p><strong><a class=\"dt-pswp-item\" href=\"http:\/\/www.radiopiu.net\/wordpress\/wp-content\/uploads\/2016\/01\/carcere-bl.jpg\" data-dt-img-description=\"\" data-large_image_width=\"1600\" data-large_image_height=\"1067\"><img loading=\"lazy\" decoding=\"async\" class=\"size-medium wp-image-15619 alignleft\" src=\"http:\/\/www.radiopiu.net\/wordpress\/wp-content\/uploads\/2016\/01\/carcere-bl-300x200.jpg\" alt=\"\" width=\"300\" height=\"200\" \/><\/a>BELLUNO\u00a0<\/strong>\u00a0La protesta era scattata all\u2019inizio di settembre per denunciare la situazione critica in cui versa la sezione Articolazione per la Tutela della Salute Mentale del penitenziario di Baldenich, della quale sindacati e personale chiedono la chiusura e il trasferimento in altra sede. \u201cDopo un mese &#8211; spiegano i rappresentanti di Cisl Fns, Cgil Fp, Uspp, Sappe, Osapp e Fsa Cnpp &#8211; abbiamo deciso di tornare a mangiare nella mensa di servizio, ma metteremo in atto altre forme di protesta per porre rimedio a una situazione drammatica e insostenibile che concretizza ogni giorno di pi\u00f9 il rischio per l\u2019incolumit\u00e0 del personale del corpo e il fallimento complessivo nella gestione dei detenuti con problemi psichici\u201d. Lo scorso 20 settembre le sigle sindacali hanno potuto finalmente incontrare il provveditore regionale dell\u2019amministrazione penitenziaria per il Triveneto Enrico Sbriglia, il quale ha assicurato l\u2019imminenza di un sopralluogo da parte dei commissari del dipartimento amministrazione penitenziaria per l\u2019individuazione dell\u2019istituto in cui spostare la sezione bellunese per la tutela di salute mentale. \u201cAbbiamo apprezzato la disponibilit\u00e0 e l\u2019impegno dimostrato dal provveditore &#8211; spiegano i rappresentanti sindacali &#8211; ma ci siamo anche resi conto ancora una volta del peso delle lungaggini della burocrazia di fronte a questioni che invece richiedono soluzioni efficaci e veloci perch\u00e9 mettono a rischio l\u2019incolumit\u00e0 del personale\u201d.<\/p>\n<blockquote><p><em>Nella sofferta e dibattuta assemblea sindacale dello scorso 28 settembre, \u00e8 emersa tutta l\u2019insofferenza che grava sui poliziotti che \u201cespletano i turni all\u2019interno della Sezione in esame, senza alcuna protezione per se stessi n\u00e9 per gli altri operatori che vi accedono\u201d, denunciano i sindacati. \u201cIn sostanza &#8211; proseguono &#8211; sui poliziotti bellunesi, scippati in 5 anni di 27 unit\u00e0 dall\u2019organico, a causa di scelte unilaterali del Dipartimento dell\u2019amministrazione penitenziaria, e pi\u00f9 in generale su tutta la struttura, ricadono le carenze e inadeguatezze gestionali e organizzative delle istituzioni, inclusa l\u2019azienda socio-sanitaria. Questo dal punto di vista professionale scoraggia ed affligge i poliziotti, perch\u00e9 sono stati i primi a rendersi conto che la sezione in esame non \u00e8 conforme alle necessit\u00e0 gestionali e terapeutiche di questi pazienti-detenuti, che rischiano di peggiorare la loro situazione di disagio, depauperati della speranza e delle legittime aspettative sul proprio percorso di vita con la conseguenza di sentirsi sempre pi\u00f9 isolati dalla societ\u00e0 che dovrebbe proteggerli e curarli\u201d.<\/em><\/p><\/blockquote>\n<p>&nbsp;<\/p>\n","protected":false},"excerpt":{"rendered":"<p>BELLUNO\u00a0\u00a0La protesta era scattata all\u2019inizio di settembre per denunciare la situazione critica in cui versa la sezione Articolazione per la Tutela della Salute Mentale del penitenziario di Baldenich, della quale sindacati e personale chiedono la chiusura e il trasferimento in altra sede. \u201cDopo un mese &#8211; spiegano i rappresentanti di Cisl Fns, Cgil Fp, Uspp,&hellip;<\/p>\n","protected":false},"author":1,"featured_media":0,"comment_status":"closed","ping_status":"closed","sticky":false,"template":"","format":"standard","meta":{"_monsterinsights_skip_tracking":false,"_monsterinsights_sitenote_active":false,"_monsterinsights_sitenote_note":"","_monsterinsights_sitenote_category":0,"footnotes":""},"categories":[49],"tags":[],"class_list":["post-62973","post","type-post","status-publish","format-standard","hentry","category-news-18","category-49","description-off"],"img_url":false,"_links":{"self":[{"href":"https:\/\/www.radiopiu.net\/wordpress\/wp-json\/wp\/v2\/posts\/62973","targetHints":{"allow":["GET"]}}],"collection":[{"href":"https:\/\/www.radiopiu.net\/wordpress\/wp-json\/wp\/v2\/posts"}],"about":[{"href":"https:\/\/www.radiopiu.net\/wordpress\/wp-json\/wp\/v2\/types\/post"}],"author":[{"embeddable":true,"href":"https:\/\/www.radiopiu.net\/wordpress\/wp-json\/wp\/v2\/users\/1"}],"replies":[{"embeddable":true,"href":"https:\/\/www.radiopiu.net\/wordpress\/wp-json\/wp\/v2\/comments?post=62973"}],"version-history":[{"count":0,"href":"https:\/\/www.radiopiu.net\/wordpress\/wp-json\/wp\/v2\/posts\/62973\/revisions"}],"wp:attachment":[{"href":"https:\/\/www.radiopiu.net\/wordpress\/wp-json\/wp\/v2\/media?parent=62973"}],"wp:term":[{"taxonomy":"category","embeddable":true,"href":"https:\/\/www.radiopiu.net\/wordpress\/wp-json\/wp\/v2\/categories?post=62973"},{"taxonomy":"post_tag","embeddable":true,"href":"https:\/\/www.radiopiu.net\/wordpress\/wp-json\/wp\/v2\/tags?post=62973"}],"curies":[{"name":"wp","href":"https:\/\/api.w.org\/{rel}","templated":true}]}}