{"id":62997,"date":"2018-10-06T05:25:42","date_gmt":"2018-10-06T03:25:42","guid":{"rendered":"http:\/\/www.radiopiu.net\/wordpress\/?p=62997"},"modified":"2018-10-08T04:58:36","modified_gmt":"2018-10-08T02:58:36","slug":"lavori-allex-follador-con-i-fondi-di-confine-il-ritardo-di-un-anno-e-mezzo-per-linquinamento-del-sottosuolo-chi-paghera","status":"publish","type":"post","link":"https:\/\/www.radiopiu.net\/wordpress\/lavori-allex-follador-con-i-fondi-di-confine-il-ritardo-di-un-anno-e-mezzo-per-linquinamento-del-sottosuolo-chi-paghera\/","title":{"rendered":"LAVORI ALL&#8217;EX FOLLADOR CON I FONDI DI CONFINE, IL RITARDO DI UN ANNO E MEZZO PER L&#8217;INQUINAMENTO DEL SOTTOSUOLO. CHI PAGHERA&#8217;?"},"content":{"rendered":"<p><strong><a class=\"dt-pswp-item\" href=\"http:\/\/www.radiopiu.net\/wordpress\/wp-content\/uploads\/2018\/07\/37652010_2054466788149994_2164759853300449280_o.jpg\" data-dt-img-description=\"\" data-large_image_width=\"1440\" data-large_image_height=\"1080\"><img loading=\"lazy\" decoding=\"async\" class=\"size-medium wp-image-55088 alignleft\" src=\"http:\/\/www.radiopiu.net\/wordpress\/wp-content\/uploads\/2018\/07\/37652010_2054466788149994_2164759853300449280_o-300x225.jpg\" alt=\"\" width=\"300\" height=\"225\" srcset=\"https:\/\/www.radiopiu.net\/wordpress\/wp-content\/uploads\/2018\/07\/37652010_2054466788149994_2164759853300449280_o-300x225.jpg 300w, https:\/\/www.radiopiu.net\/wordpress\/wp-content\/uploads\/2018\/07\/37652010_2054466788149994_2164759853300449280_o-768x576.jpg 768w, https:\/\/www.radiopiu.net\/wordpress\/wp-content\/uploads\/2018\/07\/37652010_2054466788149994_2164759853300449280_o-1024x768.jpg 1024w, https:\/\/www.radiopiu.net\/wordpress\/wp-content\/uploads\/2018\/07\/37652010_2054466788149994_2164759853300449280_o.jpg 1440w\" sizes=\"auto, (max-width: 300px) 100vw, 300px\" \/><\/a><\/strong><\/p>\n<p>&nbsp;<\/p>\n<p>&nbsp;<\/p>\n<p>&nbsp;<\/p>\n<p><strong>AGORDO<\/strong> Indagini e sondaggio all&#8217;ex istituto minerario. Storia nota, due cisternoni sistemati nel giardino dello storico Follador sono gi\u00e0 costati al Comune oltre 11 mila euro, ma il peggio \u00e8 che il sottosuolo \u00e8 risultato inquinato e da bonificare. Chi pagher\u00e0? Quale sar\u00e0 l&#8217;atteggiamento della ditta incaricata dei lavori che per un anno e mezzo non ha potuto lavorare?<\/p>\n<audio class=\"wp-audio-shortcode\" id=\"audio-62997-1\" preload=\"none\" style=\"width: 100%;\" controls=\"controls\"><source type=\"audio\/mpeg\" src=\"http:\/\/www.radiopiu.net\/wordpress\/wp-content\/uploads\/2018\/10\/CHISSALE-3.mp3?_=1\" \/><a href=\"http:\/\/www.radiopiu.net\/wordpress\/wp-content\/uploads\/2018\/10\/CHISSALE-3.mp3\">http:\/\/www.radiopiu.net\/wordpress\/wp-content\/uploads\/2018\/10\/CHISSALE-3.mp3<\/a><\/audio>\n<p>All&#8217;interrogazione di Chissal\u00e8 ha risposto il vicesindaco Stefano Tome&#8217;<\/p>\n<audio class=\"wp-audio-shortcode\" id=\"audio-62997-2\" preload=\"none\" style=\"width: 100%;\" controls=\"controls\"><source type=\"audio\/mpeg\" src=\"http:\/\/www.radiopiu.net\/wordpress\/wp-content\/uploads\/2018\/10\/TOME-1.mp3?_=2\" \/><a href=\"http:\/\/www.radiopiu.net\/wordpress\/wp-content\/uploads\/2018\/10\/TOME-1.mp3\">http:\/\/www.radiopiu.net\/wordpress\/wp-content\/uploads\/2018\/10\/TOME-1.mp3<\/a><\/audio>\n<p>&nbsp;<\/p>\n<p>&nbsp;<\/p>\n<p><strong>ARTICOLO 25 LUGLIO 2018<\/strong><\/p>\n<blockquote class=\"wp-embedded-content\" data-secret=\"o0UfQn6Mc2\"><p><a href=\"http:\/\/www.radiopiu.net\/wordpress\/lavori-allex-minerario\/\">LAVORI ALL&#8217;EX MINERARIO<\/a><\/p><\/blockquote>\n<p><iframe loading=\"lazy\" class=\"wp-embedded-content\" sandbox=\"allow-scripts\" security=\"restricted\" style=\"position: absolute; clip: rect(1px, 1px, 1px, 1px);\" src=\"http:\/\/www.radiopiu.net\/wordpress\/lavori-allex-minerario\/embed\/#?secret=o0UfQn6Mc2\" data-secret=\"o0UfQn6Mc2\" width=\"600\" height=\"338\" title=\"&#8220;LAVORI ALL&#8217;EX MINERARIO&#8221; &#8212; Radio Pi\u00f9\" frameborder=\"0\" marginwidth=\"0\" marginheight=\"0\" scrolling=\"no\"><\/iframe><\/p>\n<p>&nbsp;<\/p>\n<p><strong>ARTICOLO 15 APRILE 2018<\/strong><\/p>\n<blockquote class=\"wp-embedded-content\" data-secret=\"pTMQtArb6q\"><p><a href=\"http:\/\/www.radiopiu.net\/wordpress\/minerario-tutto-fermo\/\">MINERARIO, TUTTO FERMO<\/a><\/p><\/blockquote>\n<p><iframe loading=\"lazy\" class=\"wp-embedded-content\" sandbox=\"allow-scripts\" security=\"restricted\" style=\"position: absolute; clip: rect(1px, 1px, 1px, 1px);\" src=\"http:\/\/www.radiopiu.net\/wordpress\/minerario-tutto-fermo\/embed\/#?secret=pTMQtArb6q\" data-secret=\"pTMQtArb6q\" width=\"600\" height=\"338\" title=\"&#8220;MINERARIO, TUTTO FERMO&#8221; &#8212; Radio Pi\u00f9\" frameborder=\"0\" marginwidth=\"0\" marginheight=\"0\" scrolling=\"no\"><\/iframe><\/p>\n<p>&nbsp;<\/p>\n<p>&nbsp;<\/p>\n<p>&nbsp;<\/p>\n","protected":false},"excerpt":{"rendered":"<p>&nbsp; &nbsp; &nbsp; AGORDO Indagini e sondaggio all&#8217;ex istituto minerario. Storia nota, due cisternoni sistemati nel giardino dello storico Follador sono gi\u00e0 costati al Comune oltre 11 mila euro, ma il peggio \u00e8 che il sottosuolo \u00e8 risultato inquinato e da bonificare. Chi pagher\u00e0? Quale sar\u00e0 l&#8217;atteggiamento della ditta incaricata dei lavori che per un&hellip;<\/p>\n","protected":false},"author":1,"featured_media":55089,"comment_status":"closed","ping_status":"closed","sticky":false,"template":"","format":"standard","meta":{"_monsterinsights_skip_tracking":false,"_monsterinsights_sitenote_active":false,"_monsterinsights_sitenote_note":"","_monsterinsights_sitenote_category":0,"footnotes":""},"categories":[49],"tags":[],"class_list":["post-62997","post","type-post","status-publish","format-standard","has-post-thumbnail","hentry","category-news-18","category-49","description-off"],"img_url":"https:\/\/www.radiopiu.net\/wordpress\/wp-content\/uploads\/2018\/07\/37342221_10217334007809031_8737378023247970304_o.jpg","_links":{"self":[{"href":"https:\/\/www.radiopiu.net\/wordpress\/wp-json\/wp\/v2\/posts\/62997","targetHints":{"allow":["GET"]}}],"collection":[{"href":"https:\/\/www.radiopiu.net\/wordpress\/wp-json\/wp\/v2\/posts"}],"about":[{"href":"https:\/\/www.radiopiu.net\/wordpress\/wp-json\/wp\/v2\/types\/post"}],"author":[{"embeddable":true,"href":"https:\/\/www.radiopiu.net\/wordpress\/wp-json\/wp\/v2\/users\/1"}],"replies":[{"embeddable":true,"href":"https:\/\/www.radiopiu.net\/wordpress\/wp-json\/wp\/v2\/comments?post=62997"}],"version-history":[{"count":0,"href":"https:\/\/www.radiopiu.net\/wordpress\/wp-json\/wp\/v2\/posts\/62997\/revisions"}],"wp:featuredmedia":[{"embeddable":true,"href":"https:\/\/www.radiopiu.net\/wordpress\/wp-json\/wp\/v2\/media\/55089"}],"wp:attachment":[{"href":"https:\/\/www.radiopiu.net\/wordpress\/wp-json\/wp\/v2\/media?parent=62997"}],"wp:term":[{"taxonomy":"category","embeddable":true,"href":"https:\/\/www.radiopiu.net\/wordpress\/wp-json\/wp\/v2\/categories?post=62997"},{"taxonomy":"post_tag","embeddable":true,"href":"https:\/\/www.radiopiu.net\/wordpress\/wp-json\/wp\/v2\/tags?post=62997"}],"curies":[{"name":"wp","href":"https:\/\/api.w.org\/{rel}","templated":true}]}}