{"id":63052,"date":"2018-10-06T14:14:35","date_gmt":"2018-10-06T12:14:35","guid":{"rendered":"http:\/\/www.radiopiu.net\/wordpress\/?p=63052"},"modified":"2018-10-06T14:14:35","modified_gmt":"2018-10-06T12:14:35","slug":"lavoro-le-imprese-incontrano-i-lavoratori-nei-centri-per-limpiego-del-veneto-prima-edizione-di-incontralavoro","status":"publish","type":"post","link":"https:\/\/www.radiopiu.net\/wordpress\/lavoro-le-imprese-incontrano-i-lavoratori-nei-centri-per-limpiego-del-veneto-prima-edizione-di-incontralavoro\/","title":{"rendered":"LAVORO: LE IMPRESE INCONTRANO I LAVORATORI NEI CENTRI PER L\u2019IMPIEGO DEL VENETO, PRIMA EDIZIONE DI \u201cINCONTRALAVORO\u201d"},"content":{"rendered":"<p>La Regione Veneto e Veneto Lavoro organizzano la prima edizione di \u201cIncontraLavoro\u201d, un evento di recruiting diffuso su tutto il territorio regionale e dedicato a far incontrare le imprese che offrono lavoro con i disoccupati in cerca di occupazione.<\/p>\n<p>L\u2019iniziativa, in programma mercoled\u00ec 7 novembre 2018 presso i principali Centri per l\u2019Impiego del Veneto, dar\u00e0 alle persone in cerca di lavoro l\u2019opportunit\u00e0 di conoscere da vicino le aziende che offrono posti di lavoro e di svolgere colloqui per le posizioni in linea con le proprie competenze e aspirazioni professionali. Saranno inoltre presenti le agenzie per il lavoro accreditate e gli operatori dei Centri per l\u2019Impiego, che illustreranno a disoccupati e inoccupati tutte le offerte di lavoro attualmente disponibili nei propri archivi.<\/p>\n<p>Per le aziende IncontraLavoro sar\u00e0 l\u2019occasione per incontrare potenziali candidati, opportunamente preselezionati dagli operatori del mercato del lavoro sulla base dei circa 100 mila curricula vitae presenti negli archivi del sistema pubblico per l\u2019impiego del Veneto.<\/p>\n<p>Le aziende interessate a partecipare possono contattare i Centri per l\u2019Impiego presso i quali si svolger\u00e0 la giornata di recruiting, che saranno resi noti a breve, mentre i lavoratori dovranno registrarsi online e candidarsi alle preselezioni secondo le modalit\u00e0 che saranno indicate sul sito di ClicLavoro Veneto, www.cliclavoroveneto.it. Sul portale sar\u00e0 possibile consultare l\u2019elenco delle sedi dei CPI coinvolti, il dettaglio delle aziende presenti e le figure professionali ricercate.<\/p>\n<p>Maggiori informazioni sull\u2019iniziativa saranno diffuse anche sui principali social network con l\u2019hashtag ufficiale #incontralavoro.<\/p>\n<p>\u201cIncontraLavoro intende rispondere a una duplice necessit\u00e0 \u2013 commenta l\u2019assessore regionale al lavoro e alla formazione, Elena Donazzan &#8211; da un lato, consentire alle imprese, soprattutto a quelle che hanno maggiori difficolt\u00e0 nel trovare i lavoratori di cui hanno bisogno, di accedere a una banca dati di 100 mila curricula e di usufruire della consulenza qualificata degli operatori dei Centri per l\u2019Impiego del Veneto; dall\u2019altro, permettere a disoccupati e inoccupati di scoprire le offerte di lavoro attualmente disponibili sul territorio e svolgere colloqui di lavoro con aziende che hanno bisogno di competenze e professionalit\u00e0 specifiche\u201d.<\/p>\n<p>\u201cTra i compiti istituzionali della Regione \u2013 prosegue l\u2019assessore &#8211; c\u2019\u00e8 quello di favorire l\u2019incrocio tra domanda e offerta di lavoro e tale attivit\u00e0 non pu\u00f2 prescindere da iniziative come questa. Quello del 7 novembre non rester\u00e0 un evento isolato, ma sar\u00e0 replicato periodicamente sulla base delle esigenze delle nostre imprese e delle richieste professionali che perverranno dal sistema produttivo del nostro territorio, perch\u00e9 non ci pu\u00f2 essere occupazione senza domanda di lavoro. La logica resta quella di un modello misto pubblico-privato, gi\u00e0 ampiamente collaudato in Veneto, che riporti al centro delle politiche del lavoro i Centri per l\u2019Impiego, tanto in termini di assistenza all\u2019utenza, sia imprese che cittadini, quanto di ricollocazione e rinvio alle politiche attive\u201d.<\/p>\n","protected":false},"excerpt":{"rendered":"<p>La Regione Veneto e Veneto Lavoro organizzano la prima edizione di \u201cIncontraLavoro\u201d, un evento di recruiting diffuso su tutto il territorio regionale e dedicato a far incontrare le imprese che offrono lavoro con i disoccupati in cerca di occupazione. L\u2019iniziativa, in programma mercoled\u00ec 7 novembre 2018 presso i principali Centri per l\u2019Impiego del Veneto, dar\u00e0&hellip;<\/p>\n","protected":false},"author":1,"featured_media":63053,"comment_status":"closed","ping_status":"closed","sticky":false,"template":"","format":"standard","meta":{"_monsterinsights_skip_tracking":false,"_monsterinsights_sitenote_active":false,"_monsterinsights_sitenote_note":"","_monsterinsights_sitenote_category":0,"footnotes":""},"categories":[49],"tags":[],"class_list":["post-63052","post","type-post","status-publish","format-standard","has-post-thumbnail","hentry","category-news-18","category-49","description-off"],"img_url":"https:\/\/www.radiopiu.net\/wordpress\/wp-content\/uploads\/2018\/10\/workplace-1245776_1280.jpg","_links":{"self":[{"href":"https:\/\/www.radiopiu.net\/wordpress\/wp-json\/wp\/v2\/posts\/63052","targetHints":{"allow":["GET"]}}],"collection":[{"href":"https:\/\/www.radiopiu.net\/wordpress\/wp-json\/wp\/v2\/posts"}],"about":[{"href":"https:\/\/www.radiopiu.net\/wordpress\/wp-json\/wp\/v2\/types\/post"}],"author":[{"embeddable":true,"href":"https:\/\/www.radiopiu.net\/wordpress\/wp-json\/wp\/v2\/users\/1"}],"replies":[{"embeddable":true,"href":"https:\/\/www.radiopiu.net\/wordpress\/wp-json\/wp\/v2\/comments?post=63052"}],"version-history":[{"count":0,"href":"https:\/\/www.radiopiu.net\/wordpress\/wp-json\/wp\/v2\/posts\/63052\/revisions"}],"wp:featuredmedia":[{"embeddable":true,"href":"https:\/\/www.radiopiu.net\/wordpress\/wp-json\/wp\/v2\/media\/63053"}],"wp:attachment":[{"href":"https:\/\/www.radiopiu.net\/wordpress\/wp-json\/wp\/v2\/media?parent=63052"}],"wp:term":[{"taxonomy":"category","embeddable":true,"href":"https:\/\/www.radiopiu.net\/wordpress\/wp-json\/wp\/v2\/categories?post=63052"},{"taxonomy":"post_tag","embeddable":true,"href":"https:\/\/www.radiopiu.net\/wordpress\/wp-json\/wp\/v2\/tags?post=63052"}],"curies":[{"name":"wp","href":"https:\/\/api.w.org\/{rel}","templated":true}]}}