{"id":63057,"date":"2018-10-06T14:23:31","date_gmt":"2018-10-06T12:23:31","guid":{"rendered":"http:\/\/www.radiopiu.net\/wordpress\/?p=63057"},"modified":"2018-10-06T14:25:34","modified_gmt":"2018-10-06T12:25:34","slug":"apertura-del-museo-musal-per-la-valle-del-biois","status":"publish","type":"post","link":"https:\/\/www.radiopiu.net\/wordpress\/apertura-del-museo-musal-per-la-valle-del-biois\/","title":{"rendered":"APERTURA DEL MUSEO MUSAL PER LA VALLE DEL BIOIS"},"content":{"rendered":"<p>Domenica 7 ottobre 2018 l&#8217;entrata al Museo Albino Luciani di Canale d&#8217;Agordo MusAL sar\u00e0 gratuita per tutti gli abitanti della Val del Biois. L&#8217;iniziativa, rivola alla cittadinanza locale, \u00e8 un&#8217;invito a conoscere la giovane realt\u00e0 museale inaugurata nel 2016, le attivit\u00e0 e i servizi messi a disposizione al suo interno.<\/p>\n","protected":false},"excerpt":{"rendered":"<p>Domenica 7 ottobre 2018 l&#8217;entrata al Museo Albino Luciani di Canale d&#8217;Agordo MusAL sar\u00e0 gratuita per tutti gli abitanti della Val del Biois. L&#8217;iniziativa, rivola alla cittadinanza locale, \u00e8 un&#8217;invito a conoscere la giovane realt\u00e0 museale inaugurata nel 2016, le attivit\u00e0 e i servizi messi a disposizione al suo interno.<\/p>\n","protected":false},"author":1,"featured_media":63058,"comment_status":"closed","ping_status":"closed","sticky":false,"template":"","format":"standard","meta":{"_monsterinsights_skip_tracking":false,"_monsterinsights_sitenote_active":false,"_monsterinsights_sitenote_note":"","_monsterinsights_sitenote_category":0,"footnotes":""},"categories":[49],"tags":[],"class_list":["post-63057","post","type-post","status-publish","format-standard","has-post-thumbnail","hentry","category-news-18","category-49","description-off"],"img_url":"https:\/\/www.radiopiu.net\/wordpress\/wp-content\/uploads\/2018\/10\/musal.jpg","_links":{"self":[{"href":"https:\/\/www.radiopiu.net\/wordpress\/wp-json\/wp\/v2\/posts\/63057","targetHints":{"allow":["GET"]}}],"collection":[{"href":"https:\/\/www.radiopiu.net\/wordpress\/wp-json\/wp\/v2\/posts"}],"about":[{"href":"https:\/\/www.radiopiu.net\/wordpress\/wp-json\/wp\/v2\/types\/post"}],"author":[{"embeddable":true,"href":"https:\/\/www.radiopiu.net\/wordpress\/wp-json\/wp\/v2\/users\/1"}],"replies":[{"embeddable":true,"href":"https:\/\/www.radiopiu.net\/wordpress\/wp-json\/wp\/v2\/comments?post=63057"}],"version-history":[{"count":0,"href":"https:\/\/www.radiopiu.net\/wordpress\/wp-json\/wp\/v2\/posts\/63057\/revisions"}],"wp:featuredmedia":[{"embeddable":true,"href":"https:\/\/www.radiopiu.net\/wordpress\/wp-json\/wp\/v2\/media\/63058"}],"wp:attachment":[{"href":"https:\/\/www.radiopiu.net\/wordpress\/wp-json\/wp\/v2\/media?parent=63057"}],"wp:term":[{"taxonomy":"category","embeddable":true,"href":"https:\/\/www.radiopiu.net\/wordpress\/wp-json\/wp\/v2\/categories?post=63057"},{"taxonomy":"post_tag","embeddable":true,"href":"https:\/\/www.radiopiu.net\/wordpress\/wp-json\/wp\/v2\/tags?post=63057"}],"curies":[{"name":"wp","href":"https:\/\/api.w.org\/{rel}","templated":true}]}}