{"id":63085,"date":"2018-10-08T04:50:23","date_gmt":"2018-10-08T02:50:23","guid":{"rendered":"http:\/\/www.radiopiu.net\/wordpress\/?p=63085"},"modified":"2018-10-08T09:46:31","modified_gmt":"2018-10-08T07:46:31","slug":"giornale-radiopiu-08-ottobre-2018","status":"publish","type":"post","link":"https:\/\/www.radiopiu.net\/wordpress\/giornale-radiopiu-08-ottobre-2018\/","title":{"rendered":"GIORNALE RADIOPIU 08 OTTOBRE 2018 DIRETTORE MIRKO MEZZACASA"},"content":{"rendered":"<p>&nbsp;<\/p>\n<p>&nbsp;<\/p>\n<h1>PER DUE DONNE DOMENICA AL PRONTO SOCCORSO E ORTOPEDIA<\/h1>\n<p><strong>BELLUNO<\/strong> Due donne di 71 anni sono finite\u00a0 in ortopedia per cadute accidentali, avvenute in due distinti incidenti. P.N., 71 anni,\u00a0a Fonzaso, mentre assisteva alla festa dell\u2019uva\u00a0\u00e8 caduta a terra,\u00a0\u00a0prognosi di una quarantina di giorni per la frattura di un femore. Si \u00e8 fratturata una caviglia.\u00a0\u00a0R.R., anche \u00a0caduta accidentalmente a Porcen di Seren del Grappa, e anche per lei la prognosi \u00e8 di una quarantina di giorni.<\/p>\n<p>&nbsp;<\/p>\n<p>&nbsp;<\/p>\n<p>&nbsp;<\/p>\n<h1>USTIONATA DA RITORNO DI FIAMMA<\/h1>\n<p><strong>SOSPIROLO\u00a0<\/strong>Non \u00e8 in pericolo di vita la quarantatreenne ucraina O.K., ricoverata al centro grandi ustionati di Padova<br \/>\nin seguito alle ustioni in parte di terzo grado riportate a causa del ritorno di fiamma della stufa di casa. La vampata<br \/>\nsarebbe stata innescata nel tentativo di accendere il fuoco spruzzando dell\u2019alcool sulla legna bagnata. L\u2019incidente\u00a0\u00a0a Pascoli di Sospirolo e ha provocato lesioni anche ad altre due persone. Un\u2019altra donna ucraina, M.D. di 55 anni\u00a0 &#8211;\u00a0prognosi di guarigione di 40 giorni- e un\u00a0uomo italiano gi\u00e0 dimesso<\/p>\n<p>&nbsp;<\/p>\n<p>&nbsp;<\/p>\n<p>&nbsp;<\/p>\n<h1>MARMOLADA, LA MISURA E COLMA<\/h1>\n<blockquote><p><em>INTERVENTO DI DARIO BOND DOPO LE ULTIME VICENDE<\/em><\/p>\n<p>e allora si rimetta tutto in discussione, ha ragione De Bernardin. Se guerra ci deve essere allora ci sia<\/p><\/blockquote>\n<audio class=\"wp-audio-shortcode\" id=\"audio-63085-1\" preload=\"none\" style=\"width: 100%;\" controls=\"controls\"><source type=\"audio\/mpeg\" src=\"http:\/\/www.radiopiu.net\/wordpress\/wp-content\/uploads\/2018\/10\/DARIO.mp3?_=1\" \/><a href=\"http:\/\/www.radiopiu.net\/wordpress\/wp-content\/uploads\/2018\/10\/DARIO.mp3\">http:\/\/www.radiopiu.net\/wordpress\/wp-content\/uploads\/2018\/10\/DARIO.mp3<\/a><\/audio>\n<p>&nbsp;<\/p>\n<p>&nbsp;<\/p>\n<p>&nbsp;<\/p>\n<p>&nbsp;<\/p>\n<h1>IL PRODOTTO LOCALE DA SALVAGUARDARE APPRODA IN MUNICIPIO<\/h1>\n<p><strong>FALCADE\u00a0<\/strong> Venerdi in consiglio comunale il regolamento per la tutela del prodotto. Ecco l&#8217;etichetta come per la patata di Cesiomaggiore in una valle dove le ricette di allora rischiano di perdersi nella polvere dei ricordi.<\/p>\n<p>di Gianni Santomaso<\/p>\n<audio class=\"wp-audio-shortcode\" id=\"audio-63085-2\" preload=\"none\" style=\"width: 100%;\" controls=\"controls\"><source type=\"audio\/ogg\" src=\"http:\/\/www.radiopiu.net\/wordpress\/wp-content\/uploads\/2018\/10\/GIANNI.ogg?_=2\" \/><a href=\"http:\/\/www.radiopiu.net\/wordpress\/wp-content\/uploads\/2018\/10\/GIANNI.ogg\">http:\/\/www.radiopiu.net\/wordpress\/wp-content\/uploads\/2018\/10\/GIANNI.ogg<\/a><\/audio>\n<p>&nbsp;<\/p>\n<p>&nbsp;<\/p>\n<p>&nbsp;<\/p>\n<p>&nbsp;<\/p>\n<h1 dir=\"auto\">AGRICOLTURA -\u201cPROPOSTA DI LEGGE PER ISTITUIRE IL MINISTERO DEL CIBO, PROMESSA DIMENTICATA DAL GOVERNO\u201d<\/h1>\n<div dir=\"auto\"><strong><a class=\"dt-pswp-item\" href=\"http:\/\/www.radiopiu.net\/wordpress\/wp-content\/uploads\/2018\/09\/BOND.jpg\" data-dt-img-description=\"\" data-large_image_width=\"109\" data-large_image_height=\"160\"><img loading=\"lazy\" decoding=\"async\" class=\"size-full wp-image-59772 alignleft\" src=\"http:\/\/www.radiopiu.net\/wordpress\/wp-content\/uploads\/2018\/09\/BOND.jpg\" alt=\"\" width=\"109\" height=\"160\" \/><\/a>ROMA\u00a0<\/strong> \u201cIl settore agroalimentare italiano \u00e8 tra i leader a livello mondiale, ma il Governo si \u00e8 dimenticato la promessa fatta in campagna agli agricoltori dell\u2019istituzione di un Ministero del cibo\u201d: a sottolineare il mancato rispetto degli impegni da parte di Lega e Movimento 5 Stelle \u00e8 il deputato di Forza Italia, Dario Bond, presente al Villaggio della Coldiretti insediatosi nel fine settimana al Circo Massimo di Roma. \u201cEra una delle promesse fatte ai rappresentanti di Coldiretti direttamente dagli attuali vicepremier, i ministri Di Maio e Salvini\u201d, ricorda Bond. \u201cSi era annunciata l\u2019istituzione di un Ministero che si occupasse di tutti gli aspetti del settore agroalimentare, destinato a coordinare tutta la politica di settore e cio\u00e8 produzione, trasformazione, tutela, consumo ed export, ma non se ne \u00e8 fatto nulla\u201d.\u00a0 \u201cGli agricoltori\u201d sottolinea Bond \u201cda tempo evidenziano gravi problematiche: sparizione delle fattorie e delle variet\u00e0 agricole tipiche; importazione e consumo di cibo spazzatura; acquisizione dall\u2019estero di aziende e brand agroalimentari di prestigio; difficolt\u00e0 per le piccole e medie imprese a modernizzarsi senza snaturarsi, ad essere competitive e a raggiungere mercati pi\u00f9 vasti\u201d. \u00c8 quindi il deputato forzista a prendere in mano la situazione: \u201cHo presentato, a nome di Forza Italia, una proposta di legge per istituire il Ministero del cibo, raccogliendo tutte le istanze che il mondo agricolo ha avanzato su questo argomento. La proposta, a costo zero, arriva da noi, nonostante gli impegni presi da altri, che avrebbero avuto l\u2019occasione di rispettarli con il decreto legge di riordino dei ministeri. Il valore del cibo italiano nel mondo \u00e8 ai massimi livelli, 209 miliardi di euro il volume di affari stimato, secondo solo alla Cina, ma manca l\u2019appoggio della politica: la Francia, che verso il settore ha particolare attenzione, esporta 70 miliardi di euro di agroalimentare l\u2019anno, contro i 40 italiani\u201d. \u201cSpero\u201d conclude Bond \u201cche questa proposta di legge apra il dibattito parlamentare sul tema e che possa presto trovare approvazione\u201d.<\/div>\n<div dir=\"auto\"><\/div>\n<div dir=\"auto\"><\/div>\n<div dir=\"auto\"><\/div>\n<div dir=\"auto\"><\/div>\n<div dir=\"auto\"><\/div>\n<div dir=\"auto\">\n<h1 dir=\"auto\">SICUREZZA\u201cVIGILEREMO SU NUOVE ASSUNZIONI. SI ALLARGHINO A VVF VOLONTARI\u201d<\/h1>\n<p><a class=\"dt-pswp-item\" href=\"http:\/\/www.radiopiu.net\/wordpress\/wp-content\/uploads\/2016\/08\/Incidente-Stradale-Longarone-10.07.2016-018logo.jpg\" data-dt-img-description=\"\" data-large_image_width=\"3768\" data-large_image_height=\"2703\"><img loading=\"lazy\" decoding=\"async\" class=\" wp-image-22209 alignleft\" src=\"http:\/\/www.radiopiu.net\/wordpress\/wp-content\/uploads\/2016\/08\/Incidente-Stradale-Longarone-10.07.2016-018logo-300x215.jpg\" alt=\"\" width=\"173\" height=\"124\" \/><\/a><strong>ROMA\u00a0\u00a0<\/strong>\u201cGli oltre 8mila nuovi posti di lavoro nella sicurezza e i 400 milioni di euro di investimenti ci fanno ben sperare, ma verificheremo affinch\u00e9 questi annunci vengano rispettati\u201d: cos\u00ec il deputato di Forza Italia, Dario Bond, commenta le dichiarazioni del Ministro dell\u2019Interno, Matteo Salvini. \u201cNon possiamo che accogliere con fiducia questo piano di assunzioni\u201d commenta Bond \u201cma per troppi anni abbiamo assistito a promesse poi cadute nel vuoto in tema di sicurezza. Ci impegniamo quindi a vigilare e a verificare se realmente nei prossimi mesi questi nuovi ingressi si concretizzeranno\u201d. \u201cPersonalmente, sono soddisfatto dei 1500 nuovi posti tra i Vigili del Fuoco\u201d conclude Bond \u201ce anche in questa occasione rilancio la mia proposta, presentata qualche settimana fa anche in audizione in Prima Commissione: stabilizziamo i vigili del fuoco volontari. Conoscono il lavoro e il territorio ed hanno grande esperienza: con il loro ingresso in pianta stabile, avremo forze fresche con il valore aggiunto di conoscere gi\u00e0 l\u2019attivit\u00e0 da svolgere\u201d.<\/p>\n<\/div>\n<p>&nbsp;<\/p>\n<p>&nbsp;<\/p>\n<p>&nbsp;<\/p>\n<p>&nbsp;<\/p>\n<h1>GIORNATA ECOLOGICA TRA IL CHIOIT, COI E VILLAGRANDE<\/h1>\n<p>AUDIO, IL SINDACO MAURO SOPPELSA<\/p>\n<audio class=\"wp-audio-shortcode\" id=\"audio-63085-3\" preload=\"none\" style=\"width: 100%;\" controls=\"controls\"><source type=\"audio\/mpeg\" src=\"http:\/\/www.radiopiu.net\/wordpress\/wp-content\/uploads\/2018\/10\/MAURO.mp3?_=3\" \/><a href=\"http:\/\/www.radiopiu.net\/wordpress\/wp-content\/uploads\/2018\/10\/MAURO.mp3\">http:\/\/www.radiopiu.net\/wordpress\/wp-content\/uploads\/2018\/10\/MAURO.mp3<\/a><\/audio>\n<p><strong>DI luisa Manfroi<\/strong><\/p>\n\n\t\t\t<style type='text\/css'>\n\t\t\t\t#gallery-1 {\n\t\t\t\t\tmargin: auto;\n\t\t\t\t}\n\t\t\t\t#gallery-1 .gallery-item {\n\t\t\t\t\tfloat: left;\n\t\t\t\t\tmargin-top: 10px;\n\t\t\t\t\ttext-align: center;\n\t\t\t\t\twidth: 33%;\n\t\t\t\t}\n\t\t\t\t#gallery-1 img {\n\t\t\t\t\tborder: 2px solid #cfcfcf;\n\t\t\t\t}\n\t\t\t\t#gallery-1 .gallery-caption {\n\t\t\t\t\tmargin-left: 0;\n\t\t\t\t}\n\t\t\t\t\/* see gallery_shortcode() in wp-includes\/media.php *\/\n\t\t\t<\/style>\n\t\t<div id='gallery-1' class='dt-gallery-container gallery galleryid-63085 gallery-columns-3 gallery-size-thumbnail'><dl class='gallery-item'>\n\t\t\t\t<dt class='gallery-icon landscape'>\n\t\t\t\t\t<a class=\"rollover\" href='https:\/\/www.radiopiu.net\/wordpress\/giornale-radiopiu-08-ottobre-2018\/80cdde90-4784-49c2-95e6-d992ba591b46\/'><img loading=\"lazy\" decoding=\"async\" width=\"150\" height=\"150\" src=\"https:\/\/www.radiopiu.net\/wordpress\/wp-content\/uploads\/2018\/10\/80cdde90-4784-49c2-95e6-d992ba591b46-150x150.jpg\" class=\"attachment-thumbnail size-thumbnail\" alt=\"\" \/><\/a>\n\t\t\t\t<\/dt><\/dl><dl class='gallery-item'>\n\t\t\t\t<dt class='gallery-icon landscape'>\n\t\t\t\t\t<a class=\"rollover\" href='https:\/\/www.radiopiu.net\/wordpress\/giornale-radiopiu-08-ottobre-2018\/957c17a1-235f-49b1-bb0c-870dcc08c27f\/'><img loading=\"lazy\" decoding=\"async\" width=\"150\" height=\"150\" src=\"https:\/\/www.radiopiu.net\/wordpress\/wp-content\/uploads\/2018\/10\/957c17a1-235f-49b1-bb0c-870dcc08c27f-150x150.jpg\" class=\"attachment-thumbnail size-thumbnail\" alt=\"\" \/><\/a>\n\t\t\t\t<\/dt><\/dl><dl class='gallery-item'>\n\t\t\t\t<dt class='gallery-icon landscape'>\n\t\t\t\t\t<a class=\"rollover\" href='https:\/\/www.radiopiu.net\/wordpress\/giornale-radiopiu-08-ottobre-2018\/ee8927fc-e4af-4bf8-87b4-6fe34a3ca0ef\/'><img loading=\"lazy\" decoding=\"async\" width=\"150\" height=\"150\" src=\"https:\/\/www.radiopiu.net\/wordpress\/wp-content\/uploads\/2018\/10\/ee8927fc-e4af-4bf8-87b4-6fe34a3ca0ef-150x150.jpg\" class=\"attachment-thumbnail size-thumbnail\" alt=\"\" \/><\/a>\n\t\t\t\t<\/dt><\/dl><br style=\"clear: both\" \/><dl class='gallery-item'>\n\t\t\t\t<dt class='gallery-icon portrait'>\n\t\t\t\t\t<a class=\"rollover\" href='https:\/\/www.radiopiu.net\/wordpress\/giornale-radiopiu-08-ottobre-2018\/16739554-2fd6-40d3-9bae-dd7086d9b35b\/'><img loading=\"lazy\" decoding=\"async\" width=\"150\" height=\"150\" src=\"https:\/\/www.radiopiu.net\/wordpress\/wp-content\/uploads\/2018\/10\/16739554-2fd6-40d3-9bae-dd7086d9b35b-150x150.jpg\" class=\"attachment-thumbnail size-thumbnail\" alt=\"\" \/><\/a>\n\t\t\t\t<\/dt><\/dl><dl class='gallery-item'>\n\t\t\t\t<dt class='gallery-icon landscape'>\n\t\t\t\t\t<a class=\"rollover\" href='https:\/\/www.radiopiu.net\/wordpress\/giornale-radiopiu-08-ottobre-2018\/f0c591fd-e41b-43e8-b7e7-e4e79ff617a2\/'><img loading=\"lazy\" decoding=\"async\" width=\"150\" height=\"150\" src=\"https:\/\/www.radiopiu.net\/wordpress\/wp-content\/uploads\/2018\/10\/f0c591fd-e41b-43e8-b7e7-e4e79ff617a2-150x150.jpg\" class=\"attachment-thumbnail size-thumbnail\" alt=\"\" \/><\/a>\n\t\t\t\t<\/dt><\/dl><dl class='gallery-item'>\n\t\t\t\t<dt class='gallery-icon portrait'>\n\t\t\t\t\t<a class=\"rollover\" href='https:\/\/www.radiopiu.net\/wordpress\/giornale-radiopiu-08-ottobre-2018\/6e7c76ad-7057-4c74-9fd8-79347ea7f864\/'><img loading=\"lazy\" decoding=\"async\" width=\"150\" height=\"150\" src=\"https:\/\/www.radiopiu.net\/wordpress\/wp-content\/uploads\/2018\/10\/6e7c76ad-7057-4c74-9fd8-79347ea7f864-150x150.jpg\" class=\"attachment-thumbnail size-thumbnail\" alt=\"\" \/><\/a>\n\t\t\t\t<\/dt><\/dl><br style=\"clear: both\" \/>\n\t\t\t<\/div>\n\n<p><strong>CENCENIGHE<\/strong>\u00a0 A distanza di qualche anno dalla precedente pulizia, l&#8217;alveo del torrente Chioit, in particolare nel tratto terminale che va dal ponte della Roa, lungo la SR 203, a ritroso, \u00e8 stato invaso dalla crescita di arbusti. Per questo, l&#8217;amministrazione comunale ha deciso di coinvolgere gli alpini e la locale Protezione Civile, il Gruppo Amici della Montagna di Cencenighe e altri volontari, oltre a operai del comune, organizzando un intervento finalizzato al taglio degli arbusti e alle piante di basso fusto che si sono sviluppati lungo il corso del \u201cRu de la Val da Ci\u00f3it\u201d. Il lavoro \u00e8 stato effettuato con l&#8217;autorizzazione dei Servizi forestali sabato 6 ottobre, malgrado il tempo piovoso. L&#8217;obiettivo \u00e8 stato quello di tagliare ed estirpare le piante che hanno invaso il letto del torrente la cui portata in condizioni di normalit\u00e0, \u00e8 esigua se non inconsistente, ma richiede attenzione nell&#8217;eventualit\u00e0 di piogge di una certa consistenza. Basti pensare all&#8217;alluvione del &#8217;66 che ha modificato in alcuni punti l&#8217;aspetto della valle cui \u00e8 seguita la crescita di una florida vegetazione, oppure alle forti piogge dell&#8217;ottobre di venticinque anni fa, quando gli apporti solidi del Chi\u00f3it ostruirono quasi completamente le luci del sottostante ponte della Roa. Durante le operazioni di pulizia, le piante sono state tagliate con l&#8217;aiuto di motoseghe e quindi caricate per essere portate via. Contemporaneamente, un escavatore ha divelto le radici e le ceppaie degli arbusti abbattuti per evitare che ricrescano a breve in maniera ancora pi\u00f9 rigogliosa. Le ramaglie sono state macinate con la cippatrice nello spiazzo sotto il ponte della Roa. Come ha precisato il sindaco Mauro Soppelsa, i volontari si occuperanno di sistemare l&#8217;alveo fino alla passerella poi, entro l&#8217;anno, saranno invece i Servizi Forestali a completare i lavori a monte della stessa. L&#8217;intenzione \u00e8 quella di pulire il letto di un corso d&#8217;acqua del territorio comunale almeno una volta l&#8217;anno. Sia il torrente Chi\u00f3it che il T\u00f2rcol, a pi\u00f9 riprese, sono stati oggetto di sistemazione grazie ai finanziamenti della L.267\/1998 (legge di conversione del \u201cDecreto Sarno\u201d) con il consolidamento del corpo di frana sulla destra orografica e la costruzione di argini a monte degli abitati di Pascol e Roa, mentre il T\u00f2rcol con la regimazione e la costruzione di opere di difesa. \u00c8 evidente che tenere sgomberi gli alvei \u00e8 necessaria tenuto conto della periodicit\u00e0 del verificarsi di fenomeni atmosferici di un certo peso che non \u00e8 possibile prevedere. Nello stesso giorno, un&#8217;altra squadra di volontari ha provveduto alla pulizia della scarpata tra Coi e Villagrande dove in questi anni \u00e8 proliferata la vegetazione. A fine mattinata, i partecipanti a entrambe le operazioni, si sono ritrovati al Nof Fil\u00f2 per il pranzo preparato dal cuoco della Scuola dell&#8217;Infanzia con il supporto della Pro Loco. Soddisfazione \u00e8 stata espressa dal sindaco per l&#8217;impegno degli oltre venti volontari che hanno operato anche sotto la pioggia per portare avanti il lavoro.<\/p>\n<p>&nbsp;<\/p>\n<p>&nbsp;<\/p>\n<p>&nbsp;<\/p>\n<p>&nbsp;<\/p>\n<h1>AUGURI SERAFINI! L&#8217;EMOZIONE DI GIULIA, LA FORZA DI EMMA<\/h1>\n<p>di Brunella Moro<\/p>\n<p><strong>FALCADE<\/strong> Festeggiata dal Coro Val Biois, abbracciata dalla sua gente, Emma, Giulia, i figli, Luciano&#8230;L&#8217;Hotel Stella Alpina ha compiuto i 50 anni nella sua Falcade. Radio Pi\u00f9 lo testimonia e documento con la foto, soprattutto con la voci..<\/p>\n<p><strong>L&#8217;EMOZIONE DI GIULIA<\/strong><\/p>\n<audio class=\"wp-audio-shortcode\" id=\"audio-63085-4\" preload=\"none\" style=\"width: 100%;\" controls=\"controls\"><source type=\"audio\/mpeg\" src=\"http:\/\/www.radiopiu.net\/wordpress\/wp-content\/uploads\/2018\/10\/GIULIA-SERAFINI.mp3?_=4\" \/><a href=\"http:\/\/www.radiopiu.net\/wordpress\/wp-content\/uploads\/2018\/10\/GIULIA-SERAFINI.mp3\">http:\/\/www.radiopiu.net\/wordpress\/wp-content\/uploads\/2018\/10\/GIULIA-SERAFINI.mp3<\/a><\/audio>\n<p><strong>L&#8217;INTERVISTA DI BRUNELLA A GIULIA<\/strong><\/p>\n<audio class=\"wp-audio-shortcode\" id=\"audio-63085-5\" preload=\"none\" style=\"width: 100%;\" controls=\"controls\"><source type=\"audio\/mpeg\" src=\"http:\/\/www.radiopiu.net\/wordpress\/wp-content\/uploads\/2018\/10\/GIULIA-CON-BRUNELLA.mp3?_=5\" \/><a href=\"http:\/\/www.radiopiu.net\/wordpress\/wp-content\/uploads\/2018\/10\/GIULIA-CON-BRUNELLA.mp3\">http:\/\/www.radiopiu.net\/wordpress\/wp-content\/uploads\/2018\/10\/GIULIA-CON-BRUNELLA.mp3<\/a><\/audio>\n<p><strong>IL FUTURO NEI FIGLI<\/strong><\/p>\n<audio class=\"wp-audio-shortcode\" id=\"audio-63085-6\" preload=\"none\" style=\"width: 100%;\" controls=\"controls\"><source type=\"audio\/mpeg\" src=\"http:\/\/www.radiopiu.net\/wordpress\/wp-content\/uploads\/2018\/10\/FIGLI.mp3?_=6\" \/><a href=\"http:\/\/www.radiopiu.net\/wordpress\/wp-content\/uploads\/2018\/10\/FIGLI.mp3\">http:\/\/www.radiopiu.net\/wordpress\/wp-content\/uploads\/2018\/10\/FIGLI.mp3<\/a><\/audio>\n<p>FOTO CLICCA PER INGRANDIRE<\/p>\n\n\t\t\t<style type='text\/css'>\n\t\t\t\t#gallery-2 {\n\t\t\t\t\tmargin: auto;\n\t\t\t\t}\n\t\t\t\t#gallery-2 .gallery-item {\n\t\t\t\t\tfloat: left;\n\t\t\t\t\tmargin-top: 10px;\n\t\t\t\t\ttext-align: center;\n\t\t\t\t\twidth: 33%;\n\t\t\t\t}\n\t\t\t\t#gallery-2 img {\n\t\t\t\t\tborder: 2px solid #cfcfcf;\n\t\t\t\t}\n\t\t\t\t#gallery-2 .gallery-caption {\n\t\t\t\t\tmargin-left: 0;\n\t\t\t\t}\n\t\t\t\t\/* see gallery_shortcode() in wp-includes\/media.php *\/\n\t\t\t<\/style>\n\t\t<div id='gallery-2' class='dt-gallery-container gallery galleryid-63085 gallery-columns-3 gallery-size-thumbnail'><dl class='gallery-item'>\n\t\t\t\t<dt class='gallery-icon portrait'>\n\t\t\t\t\t<a class=\"rollover\" href='https:\/\/www.radiopiu.net\/wordpress\/giornale-radiopiu-08-ottobre-2018\/e7a7bb27-2547-430a-bd63-f3415fe25e32\/'><img loading=\"lazy\" decoding=\"async\" width=\"150\" height=\"150\" src=\"https:\/\/www.radiopiu.net\/wordpress\/wp-content\/uploads\/2018\/10\/e7a7bb27-2547-430a-bd63-f3415fe25e32-150x150.jpg\" class=\"attachment-thumbnail size-thumbnail\" alt=\"\" \/><\/a>\n\t\t\t\t<\/dt><\/dl><dl class='gallery-item'>\n\t\t\t\t<dt class='gallery-icon portrait'>\n\t\t\t\t\t<a class=\"rollover\" href='https:\/\/www.radiopiu.net\/wordpress\/giornale-radiopiu-08-ottobre-2018\/1f3efe14-9a10-4582-9408-e388b305d6e1\/'><img loading=\"lazy\" decoding=\"async\" width=\"150\" height=\"150\" src=\"https:\/\/www.radiopiu.net\/wordpress\/wp-content\/uploads\/2018\/10\/1f3efe14-9a10-4582-9408-e388b305d6e1-150x150.jpg\" class=\"attachment-thumbnail size-thumbnail\" alt=\"\" \/><\/a>\n\t\t\t\t<\/dt><\/dl><dl class='gallery-item'>\n\t\t\t\t<dt class='gallery-icon portrait'>\n\t\t\t\t\t<a class=\"rollover\" href='https:\/\/www.radiopiu.net\/wordpress\/giornale-radiopiu-08-ottobre-2018\/22469194-f308-46ce-b8a2-67f357dc06f0\/'><img loading=\"lazy\" decoding=\"async\" width=\"150\" height=\"150\" src=\"https:\/\/www.radiopiu.net\/wordpress\/wp-content\/uploads\/2018\/10\/22469194-f308-46ce-b8a2-67f357dc06f0-150x150.jpg\" class=\"attachment-thumbnail size-thumbnail\" alt=\"\" \/><\/a>\n\t\t\t\t<\/dt><\/dl><br style=\"clear: both\" \/><dl class='gallery-item'>\n\t\t\t\t<dt class='gallery-icon portrait'>\n\t\t\t\t\t<a class=\"rollover\" href='https:\/\/www.radiopiu.net\/wordpress\/giornale-radiopiu-08-ottobre-2018\/f99c4855-9025-4370-981d-df30b4590cca\/'><img loading=\"lazy\" decoding=\"async\" width=\"150\" height=\"150\" src=\"https:\/\/www.radiopiu.net\/wordpress\/wp-content\/uploads\/2018\/10\/f99c4855-9025-4370-981d-df30b4590cca-150x150.jpg\" class=\"attachment-thumbnail size-thumbnail\" alt=\"\" \/><\/a>\n\t\t\t\t<\/dt><\/dl><dl class='gallery-item'>\n\t\t\t\t<dt class='gallery-icon portrait'>\n\t\t\t\t\t<a class=\"rollover\" href='https:\/\/www.radiopiu.net\/wordpress\/giornale-radiopiu-08-ottobre-2018\/feeba140-2215-4ce4-a15e-1d46742c6735\/'><img loading=\"lazy\" decoding=\"async\" width=\"150\" height=\"150\" src=\"https:\/\/www.radiopiu.net\/wordpress\/wp-content\/uploads\/2018\/10\/feeba140-2215-4ce4-a15e-1d46742c6735-150x150.jpg\" class=\"attachment-thumbnail size-thumbnail\" alt=\"\" \/><\/a>\n\t\t\t\t<\/dt><\/dl><dl class='gallery-item'>\n\t\t\t\t<dt class='gallery-icon portrait'>\n\t\t\t\t\t<a class=\"rollover\" href='https:\/\/www.radiopiu.net\/wordpress\/giornale-radiopiu-08-ottobre-2018\/2ae136ec-87b8-456a-bc17-67cac1461bcc\/'><img loading=\"lazy\" decoding=\"async\" width=\"150\" height=\"150\" src=\"https:\/\/www.radiopiu.net\/wordpress\/wp-content\/uploads\/2018\/10\/2ae136ec-87b8-456a-bc17-67cac1461bcc-150x150.jpg\" class=\"attachment-thumbnail size-thumbnail\" alt=\"\" \/><\/a>\n\t\t\t\t<\/dt><\/dl><br style=\"clear: both\" \/><dl class='gallery-item'>\n\t\t\t\t<dt class='gallery-icon portrait'>\n\t\t\t\t\t<a class=\"rollover\" href='https:\/\/www.radiopiu.net\/wordpress\/giornale-radiopiu-08-ottobre-2018\/f97f2ab4-3ee3-4be8-9547-d9c46fb9e5d4\/'><img loading=\"lazy\" decoding=\"async\" width=\"150\" height=\"150\" src=\"https:\/\/www.radiopiu.net\/wordpress\/wp-content\/uploads\/2018\/10\/f97f2ab4-3ee3-4be8-9547-d9c46fb9e5d4-150x150.jpg\" class=\"attachment-thumbnail size-thumbnail\" alt=\"\" \/><\/a>\n\t\t\t\t<\/dt><\/dl><dl class='gallery-item'>\n\t\t\t\t<dt class='gallery-icon portrait'>\n\t\t\t\t\t<a class=\"rollover\" href='https:\/\/www.radiopiu.net\/wordpress\/giornale-radiopiu-08-ottobre-2018\/d2930904-4873-4c88-b898-95c1afee1a9e\/'><img loading=\"lazy\" decoding=\"async\" width=\"150\" height=\"150\" src=\"https:\/\/www.radiopiu.net\/wordpress\/wp-content\/uploads\/2018\/10\/d2930904-4873-4c88-b898-95c1afee1a9e-150x150.jpg\" class=\"attachment-thumbnail size-thumbnail\" alt=\"\" \/><\/a>\n\t\t\t\t<\/dt><\/dl><dl class='gallery-item'>\n\t\t\t\t<dt class='gallery-icon portrait'>\n\t\t\t\t\t<a class=\"rollover\" href='https:\/\/www.radiopiu.net\/wordpress\/giornale-radiopiu-08-ottobre-2018\/b19bab6c-1a9e-4f86-9af5-7650ba3de620\/'><img loading=\"lazy\" decoding=\"async\" width=\"150\" height=\"150\" src=\"https:\/\/www.radiopiu.net\/wordpress\/wp-content\/uploads\/2018\/10\/b19bab6c-1a9e-4f86-9af5-7650ba3de620-150x150.jpg\" class=\"attachment-thumbnail size-thumbnail\" alt=\"\" \/><\/a>\n\t\t\t\t<\/dt><\/dl><br style=\"clear: both\" \/><dl class='gallery-item'>\n\t\t\t\t<dt class='gallery-icon portrait'>\n\t\t\t\t\t<a class=\"rollover\" href='https:\/\/www.radiopiu.net\/wordpress\/giornale-radiopiu-08-ottobre-2018\/8aa642a4-4f31-4a7d-a61e-406ad3f5f816\/'><img loading=\"lazy\" decoding=\"async\" width=\"150\" height=\"150\" src=\"https:\/\/www.radiopiu.net\/wordpress\/wp-content\/uploads\/2018\/10\/8aa642a4-4f31-4a7d-a61e-406ad3f5f816-150x150.jpg\" class=\"attachment-thumbnail size-thumbnail\" alt=\"\" \/><\/a>\n\t\t\t\t<\/dt><\/dl><dl class='gallery-item'>\n\t\t\t\t<dt class='gallery-icon portrait'>\n\t\t\t\t\t<a class=\"rollover\" href='https:\/\/www.radiopiu.net\/wordpress\/giornale-radiopiu-08-ottobre-2018\/3d1f3c4f-b8d4-43d1-9146-6d585b3df078\/'><img loading=\"lazy\" decoding=\"async\" width=\"150\" height=\"150\" src=\"https:\/\/www.radiopiu.net\/wordpress\/wp-content\/uploads\/2018\/10\/3d1f3c4f-b8d4-43d1-9146-6d585b3df078-150x150.jpg\" class=\"attachment-thumbnail size-thumbnail\" alt=\"\" \/><\/a>\n\t\t\t\t<\/dt><\/dl>\n\t\t\t\t<br style='clear: both' \/>\n\t\t\t<\/div>\n\n<p>&nbsp;<\/p>\n<p>&nbsp;<\/p>\n<p>&nbsp;<\/p>\n<p>&nbsp;<\/p>\n<p>&nbsp;<\/p>\n<h1>TRATTORI IN PIAZZA, ED E&#8217; SUCCESSO<\/h1>\n\n\t\t\t<style type='text\/css'>\n\t\t\t\t#gallery-3 {\n\t\t\t\t\tmargin: auto;\n\t\t\t\t}\n\t\t\t\t#gallery-3 .gallery-item {\n\t\t\t\t\tfloat: left;\n\t\t\t\t\tmargin-top: 10px;\n\t\t\t\t\ttext-align: center;\n\t\t\t\t\twidth: 33%;\n\t\t\t\t}\n\t\t\t\t#gallery-3 img {\n\t\t\t\t\tborder: 2px solid #cfcfcf;\n\t\t\t\t}\n\t\t\t\t#gallery-3 .gallery-caption {\n\t\t\t\t\tmargin-left: 0;\n\t\t\t\t}\n\t\t\t\t\/* see gallery_shortcode() in wp-includes\/media.php *\/\n\t\t\t<\/style>\n\t\t<div id='gallery-3' class='dt-gallery-container gallery galleryid-63085 gallery-columns-3 gallery-size-thumbnail'><dl class='gallery-item'>\n\t\t\t\t<dt class='gallery-icon portrait'>\n\t\t\t\t\t<a class=\"rollover\" href='https:\/\/www.radiopiu.net\/wordpress\/giornale-radiopiu-08-ottobre-2018\/281dd486-ce0d-4b08-9dd4-ca6abddcd760\/'><img loading=\"lazy\" decoding=\"async\" width=\"150\" height=\"150\" src=\"https:\/\/www.radiopiu.net\/wordpress\/wp-content\/uploads\/2018\/10\/281dd486-ce0d-4b08-9dd4-ca6abddcd760-150x150.jpg\" class=\"attachment-thumbnail size-thumbnail\" alt=\"\" \/><\/a>\n\t\t\t\t<\/dt><\/dl><dl class='gallery-item'>\n\t\t\t\t<dt class='gallery-icon portrait'>\n\t\t\t\t\t<a class=\"rollover\" href='https:\/\/www.radiopiu.net\/wordpress\/giornale-radiopiu-08-ottobre-2018\/9e2fa003-ba39-49a8-b2f0-4e5d6e010cc6\/'><img loading=\"lazy\" decoding=\"async\" width=\"150\" height=\"150\" src=\"https:\/\/www.radiopiu.net\/wordpress\/wp-content\/uploads\/2018\/10\/9e2fa003-ba39-49a8-b2f0-4e5d6e010cc6-150x150.jpg\" class=\"attachment-thumbnail size-thumbnail\" alt=\"\" \/><\/a>\n\t\t\t\t<\/dt><\/dl><dl class='gallery-item'>\n\t\t\t\t<dt class='gallery-icon portrait'>\n\t\t\t\t\t<a class=\"rollover\" href='https:\/\/www.radiopiu.net\/wordpress\/giornale-radiopiu-08-ottobre-2018\/05da8139-d83c-4956-9d78-bdca87f6d935\/'><img loading=\"lazy\" decoding=\"async\" width=\"150\" height=\"150\" src=\"https:\/\/www.radiopiu.net\/wordpress\/wp-content\/uploads\/2018\/10\/05da8139-d83c-4956-9d78-bdca87f6d935-150x150.jpg\" class=\"attachment-thumbnail size-thumbnail\" alt=\"\" \/><\/a>\n\t\t\t\t<\/dt><\/dl><br style=\"clear: both\" \/>\n\t\t\t<\/div>\n\n<p><strong>CANALE D&#8217;AGORDO<\/strong> Obiettivo centrato, ma ormai non \u00e8 pi\u00f9 una novit\u00e0. L&#8217;organizzazione di Canale d&#8217;Agordo ha fatto il pieno, di partecipanti e partecipazione riempendo la grande piazza del paese. Appuntamento fisso nel calendario nella giornata dedicata\u00a0\u00a0all\u2019agricoltura e alla zootecnia in quota. Una festa organizzata benissimo dal gruppo di ragazzi.\u00a0Protagonista assoluta la sfilata dei trattori. Apprezzato lo\u00a0stand dedicato alle vecchie motoseghe.<\/p>\n<p><span style=\"color: #0000ff;\"><strong>DA FACEBOOK LE FOTO<\/strong><\/span><\/p>\n<h1><a href=\"https:\/\/www.facebook.com\/mirko.mezzacasa\/media_set?set=a.10217983677890377&amp;type=3\">CLICCA QUI<\/a><\/h1>\n<p>&nbsp;<\/p>\n<p>&nbsp;<\/p>\n<p>&nbsp;<\/p>\n<h1>LA FESTA DEI MENOGIOVANI<\/h1>\n<p><strong>ALLEGHE<\/strong> Anziani che non si vedevano da tempo hanno avuto modo di incontrarsi e scambiare due parole. Ieri il pranzo e la festa per i\u00a0 Comuni di Alleghe, Selva di Cadore e Rocca Pietore<br \/>\n<strong>ANDREA DE BERNARDIN<\/strong><\/p>\n<audio class=\"wp-audio-shortcode\" id=\"audio-63085-7\" preload=\"none\" style=\"width: 100%;\" controls=\"controls\"><source type=\"audio\/mpeg\" src=\"http:\/\/www.radiopiu.net\/wordpress\/wp-content\/uploads\/2018\/10\/ANDREA.mp3?_=7\" \/><a href=\"http:\/\/www.radiopiu.net\/wordpress\/wp-content\/uploads\/2018\/10\/ANDREA.mp3\">http:\/\/www.radiopiu.net\/wordpress\/wp-content\/uploads\/2018\/10\/ANDREA.mp3<\/a><\/audio>\n<p>FOTO<\/p>\n\n\t\t\t<style type='text\/css'>\n\t\t\t\t#gallery-4 {\n\t\t\t\t\tmargin: auto;\n\t\t\t\t}\n\t\t\t\t#gallery-4 .gallery-item {\n\t\t\t\t\tfloat: left;\n\t\t\t\t\tmargin-top: 10px;\n\t\t\t\t\ttext-align: center;\n\t\t\t\t\twidth: 33%;\n\t\t\t\t}\n\t\t\t\t#gallery-4 img {\n\t\t\t\t\tborder: 2px solid #cfcfcf;\n\t\t\t\t}\n\t\t\t\t#gallery-4 .gallery-caption {\n\t\t\t\t\tmargin-left: 0;\n\t\t\t\t}\n\t\t\t\t\/* see gallery_shortcode() in wp-includes\/media.php *\/\n\t\t\t<\/style>\n\t\t<div id='gallery-4' class='dt-gallery-container gallery galleryid-63085 gallery-columns-3 gallery-size-thumbnail'><dl class='gallery-item'>\n\t\t\t\t<dt class='gallery-icon landscape'>\n\t\t\t\t\t<a class=\"rollover\" href='https:\/\/www.radiopiu.net\/wordpress\/giornale-radiopiu-08-ottobre-2018\/d0a0009b-a547-4adf-939e-4a4feccafcca\/'><img loading=\"lazy\" decoding=\"async\" width=\"150\" height=\"150\" src=\"https:\/\/www.radiopiu.net\/wordpress\/wp-content\/uploads\/2018\/10\/d0a0009b-a547-4adf-939e-4a4feccafcca-150x150.jpg\" class=\"attachment-thumbnail size-thumbnail\" alt=\"\" \/><\/a>\n\t\t\t\t<\/dt><\/dl><dl class='gallery-item'>\n\t\t\t\t<dt class='gallery-icon landscape'>\n\t\t\t\t\t<a class=\"rollover\" href='https:\/\/www.radiopiu.net\/wordpress\/giornale-radiopiu-08-ottobre-2018\/c1c7c842-a65c-4284-91b2-07915335c578\/'><img loading=\"lazy\" decoding=\"async\" width=\"150\" height=\"150\" src=\"https:\/\/www.radiopiu.net\/wordpress\/wp-content\/uploads\/2018\/10\/c1c7c842-a65c-4284-91b2-07915335c578-150x150.jpg\" class=\"attachment-thumbnail size-thumbnail\" alt=\"\" \/><\/a>\n\t\t\t\t<\/dt><\/dl><dl class='gallery-item'>\n\t\t\t\t<dt class='gallery-icon portrait'>\n\t\t\t\t\t<a class=\"rollover\" href='https:\/\/www.radiopiu.net\/wordpress\/giornale-radiopiu-08-ottobre-2018\/bb79d6e1-365f-4a86-918a-25eb1603fc6e\/'><img loading=\"lazy\" decoding=\"async\" width=\"150\" height=\"150\" src=\"https:\/\/www.radiopiu.net\/wordpress\/wp-content\/uploads\/2018\/10\/bb79d6e1-365f-4a86-918a-25eb1603fc6e-150x150.jpg\" class=\"attachment-thumbnail size-thumbnail\" alt=\"\" \/><\/a>\n\t\t\t\t<\/dt><\/dl><br style=\"clear: both\" \/><dl class='gallery-item'>\n\t\t\t\t<dt class='gallery-icon landscape'>\n\t\t\t\t\t<a class=\"rollover\" href='https:\/\/www.radiopiu.net\/wordpress\/giornale-radiopiu-08-ottobre-2018\/b72eaaa9-593a-47ae-b0dc-b0947451571f\/'><img loading=\"lazy\" decoding=\"async\" width=\"150\" height=\"150\" src=\"https:\/\/www.radiopiu.net\/wordpress\/wp-content\/uploads\/2018\/10\/b72eaaa9-593a-47ae-b0dc-b0947451571f-150x150.jpg\" class=\"attachment-thumbnail size-thumbnail\" alt=\"\" \/><\/a>\n\t\t\t\t<\/dt><\/dl><dl class='gallery-item'>\n\t\t\t\t<dt class='gallery-icon landscape'>\n\t\t\t\t\t<a class=\"rollover\" href='https:\/\/www.radiopiu.net\/wordpress\/giornale-radiopiu-08-ottobre-2018\/7ad3b6ca-a86f-4a77-a45a-5b074e00c17c\/'><img loading=\"lazy\" decoding=\"async\" width=\"150\" height=\"150\" src=\"https:\/\/www.radiopiu.net\/wordpress\/wp-content\/uploads\/2018\/10\/7ad3b6ca-a86f-4a77-a45a-5b074e00c17c-150x150.jpg\" class=\"attachment-thumbnail size-thumbnail\" alt=\"\" \/><\/a>\n\t\t\t\t<\/dt><\/dl><dl class='gallery-item'>\n\t\t\t\t<dt class='gallery-icon landscape'>\n\t\t\t\t\t<a class=\"rollover\" href='https:\/\/www.radiopiu.net\/wordpress\/giornale-radiopiu-08-ottobre-2018\/8d607f11-febd-4ba2-93a3-992d6ff37153\/'><img loading=\"lazy\" decoding=\"async\" width=\"150\" height=\"150\" src=\"https:\/\/www.radiopiu.net\/wordpress\/wp-content\/uploads\/2018\/10\/8d607f11-febd-4ba2-93a3-992d6ff37153-150x150.jpg\" class=\"attachment-thumbnail size-thumbnail\" alt=\"\" \/><\/a>\n\t\t\t\t<\/dt><\/dl><br style=\"clear: both\" \/><dl class='gallery-item'>\n\t\t\t\t<dt class='gallery-icon landscape'>\n\t\t\t\t\t<a class=\"rollover\" href='https:\/\/www.radiopiu.net\/wordpress\/giornale-radiopiu-08-ottobre-2018\/585876bb-1deb-4bdf-9f56-6f046ba7a7de\/'><img loading=\"lazy\" decoding=\"async\" width=\"150\" height=\"150\" src=\"https:\/\/www.radiopiu.net\/wordpress\/wp-content\/uploads\/2018\/10\/585876bb-1deb-4bdf-9f56-6f046ba7a7de-150x150.jpg\" class=\"attachment-thumbnail size-thumbnail\" alt=\"\" \/><\/a>\n\t\t\t\t<\/dt><\/dl>\n\t\t\t\t<br style='clear: both' \/>\n\t\t\t<\/div>\n\n<p>&nbsp;<\/p>\n<p>&nbsp;<\/p>\n<p>&nbsp;<\/p>\n<p>&nbsp;<\/p>\n<blockquote class=\"wp-embedded-content\" data-secret=\"X7DZTjeXth\"><p><a href=\"http:\/\/www.radiopiu.net\/wordpress\/solo-il-5-dei-sindaci-collabora-con-il-fisco-per-contrastare-levasione-al-sud-quasi-nessuno-a-napoli-recuperati-solo-150-euro\/\">SOLO IL  5% DEI SINDACI COLLABORA CON IL FISCO PER CONTRASTARE L\u2019EVASIONE. AL  SUD QUASI NESSUNO. A NAPOLI \u201cRECUPERATI\u201d SOLO 150 EURO<\/a><\/p><\/blockquote>\n<p><iframe loading=\"lazy\" class=\"wp-embedded-content\" sandbox=\"allow-scripts\" security=\"restricted\" style=\"position: absolute; clip: rect(1px, 1px, 1px, 1px);\" src=\"http:\/\/www.radiopiu.net\/wordpress\/solo-il-5-dei-sindaci-collabora-con-il-fisco-per-contrastare-levasione-al-sud-quasi-nessuno-a-napoli-recuperati-solo-150-euro\/embed\/#?secret=X7DZTjeXth\" data-secret=\"X7DZTjeXth\" width=\"600\" height=\"338\" title=\"&#8220;SOLO IL  5% DEI SINDACI COLLABORA CON IL FISCO PER CONTRASTARE L\u2019EVASIONE. AL  SUD QUASI NESSUNO. A NAPOLI \u201cRECUPERATI\u201d SOLO 150 EURO&#8221; &#8212; Radio Pi\u00f9\" frameborder=\"0\" marginwidth=\"0\" marginheight=\"0\" scrolling=\"no\"><\/iframe><\/p>\n<p>&nbsp;<\/p>\n<p>&nbsp;<\/p>\n<h1>SOCIALE: VIVERLO OGGI PER SCRIVERLO DOMANI<\/h1>\n<p><strong>BELLUNO<\/strong> Sabato 13 ottobre alle ore 20.15 presso l&#8217;istituto Canossiano di Feltre\u00a0 &#8220;Sociale, viverlo oggi per scriverlo domani&#8221;. Ospiti di rilievo (vedi locandina) con ingresso gratuito e rinfresco a fine serata. L&#8217;Associazione &#8220;IL SOCIALE PREMIA LO SPORT&#8221;. \u00e8 un&#8217; organizzazione di volontari,\u00a0 che organizza eventi il cui scopo \u00e8 sensibilizzare l&#8217;opinione pubblica su importanti tematiche di carattere sociale nonch\u00e9 raccogliere fondi da destinare a chi necessita di sostegno e a coloro che direttamente operano nel sociale.<\/p>\n<p>clicca per ingrandire la locandina<\/p>\n\n\t\t\t<style type='text\/css'>\n\t\t\t\t#gallery-5 {\n\t\t\t\t\tmargin: auto;\n\t\t\t\t}\n\t\t\t\t#gallery-5 .gallery-item {\n\t\t\t\t\tfloat: left;\n\t\t\t\t\tmargin-top: 10px;\n\t\t\t\t\ttext-align: center;\n\t\t\t\t\twidth: 33%;\n\t\t\t\t}\n\t\t\t\t#gallery-5 img {\n\t\t\t\t\tborder: 2px solid #cfcfcf;\n\t\t\t\t}\n\t\t\t\t#gallery-5 .gallery-caption {\n\t\t\t\t\tmargin-left: 0;\n\t\t\t\t}\n\t\t\t\t\/* see gallery_shortcode() in wp-includes\/media.php *\/\n\t\t\t<\/style>\n\t\t<div id='gallery-5' class='dt-gallery-container gallery galleryid-63085 gallery-columns-3 gallery-size-thumbnail'><dl class='gallery-item'>\n\t\t\t\t<dt class='gallery-icon portrait'>\n\t\t\t\t\t<a class=\"rollover\" href='https:\/\/www.radiopiu.net\/wordpress\/giornale-radiopiu-08-ottobre-2018\/img-20181005-wa0030\/'><img loading=\"lazy\" decoding=\"async\" width=\"150\" height=\"150\" src=\"https:\/\/www.radiopiu.net\/wordpress\/wp-content\/uploads\/2018\/10\/IMG-20181005-WA0030-150x150.jpg\" class=\"attachment-thumbnail size-thumbnail\" alt=\"\" \/><\/a>\n\t\t\t\t<\/dt><\/dl>\n\t\t\t\t<br style='clear: both' \/>\n\t\t\t<\/div>\n\n<p>&nbsp;<\/p>\n<p>&nbsp;<\/p>\n<p>&nbsp;<\/p>\n<p>&nbsp;<\/p>\n<p align=\"LEFT\"><span style=\"color: #000000;\"><span style=\"font-family: verdana, sans-serif; font-size: large;\"><b>AD ALESSANDRA SEGAFREDDO E MICHELE ROSSET IL PREMIO GIORNALISTICO GIUSEPPE \u201cBEPI\u201d ZANFRON<\/b><\/span><\/span><\/p>\n<p align=\"LEFT\"><span style=\"color: #000080;\"><span lang=\"zxx\"><span style=\"color: #000000;\"><span style=\"font-family: verdana, sans-serif;\"><strong><a class=\"dt-pswp-item\" href=\"http:\/\/www.radiopiu.net\/wordpress\/wp-content\/uploads\/2018\/10\/finalisti-premio-zanfron-06.10.2018.jpg\" data-dt-img-description=\"\" data-large_image_width=\"1900\" data-large_image_height=\"891\"><img loading=\"lazy\" decoding=\"async\" class=\"size-medium wp-image-63128 alignleft\" src=\"http:\/\/www.radiopiu.net\/wordpress\/wp-content\/uploads\/2018\/10\/finalisti-premio-zanfron-06.10.2018-300x141.jpg\" alt=\"\" width=\"300\" height=\"141\" srcset=\"https:\/\/www.radiopiu.net\/wordpress\/wp-content\/uploads\/2018\/10\/finalisti-premio-zanfron-06.10.2018-300x141.jpg 300w, https:\/\/www.radiopiu.net\/wordpress\/wp-content\/uploads\/2018\/10\/finalisti-premio-zanfron-06.10.2018-768x360.jpg 768w, https:\/\/www.radiopiu.net\/wordpress\/wp-content\/uploads\/2018\/10\/finalisti-premio-zanfron-06.10.2018-1024x480.jpg 1024w, https:\/\/www.radiopiu.net\/wordpress\/wp-content\/uploads\/2018\/10\/finalisti-premio-zanfron-06.10.2018.jpg 1900w\" sizes=\"auto, (max-width: 300px) 100vw, 300px\" \/><\/a>LONGARONE<\/strong>\u00a0 \u00c8 stata assegnato ad Alessandra Segafreddo per la sezione \u201ccarta stampata e web\u201d e a Michele Rosset per la categoria \u201ctelevisione\u201d il premio giornalistico intitolato alla memoria di Giuseppe \u201cBepi\u201d Zanfon, alla sua prima edizione.<br \/>\nL\u2019iniziativa, che vuole ricordare il collega fotografo, scomparso nel 2017, autore dei primi scatti della tragedia del Vajont il 9 ottobre 1963 e professionista che per mezzo secolo ha documentato con le sue fotografie la realt\u00e0 bellunese, \u00e8 stata proposta dal Sindacato giornalisti Veneto e da Assostampa Belluno, con il patrocinio della Regione Veneto, della Provincia di Belluno, del Comune di Longarone, dell\u2019Associazione Bellunesi nel Mondo e della Fondazione Vajont. L&#8217;obiettivo del premio \u00e8 valorizzare coloro che si sono distinti nell\u2019informazione di fatti di cronaca legati al dissesto idrogeologico o a eventi climatici, raccontandoli tramite le immagini.<br \/>\n<a class=\"dt-pswp-item\" href=\"http:\/\/www.radiopiu.net\/wordpress\/wp-content\/uploads\/2018\/10\/alessandra-segafreddo-vincitrice-premio-zanfron-sezione-stampa-web.jpg\" data-dt-img-description=\"\" data-large_image_width=\"1500\" data-large_image_height=\"1000\"><img loading=\"lazy\" decoding=\"async\" class=\"size-medium wp-image-63127 alignright\" src=\"http:\/\/www.radiopiu.net\/wordpress\/wp-content\/uploads\/2018\/10\/alessandra-segafreddo-vincitrice-premio-zanfron-sezione-stampa-web-300x200.jpg\" alt=\"\" width=\"300\" height=\"200\" srcset=\"https:\/\/www.radiopiu.net\/wordpress\/wp-content\/uploads\/2018\/10\/alessandra-segafreddo-vincitrice-premio-zanfron-sezione-stampa-web-300x200.jpg 300w, https:\/\/www.radiopiu.net\/wordpress\/wp-content\/uploads\/2018\/10\/alessandra-segafreddo-vincitrice-premio-zanfron-sezione-stampa-web-768x512.jpg 768w, https:\/\/www.radiopiu.net\/wordpress\/wp-content\/uploads\/2018\/10\/alessandra-segafreddo-vincitrice-premio-zanfron-sezione-stampa-web-1024x683.jpg 1024w, https:\/\/www.radiopiu.net\/wordpress\/wp-content\/uploads\/2018\/10\/alessandra-segafreddo-vincitrice-premio-zanfron-sezione-stampa-web.jpg 1500w\" sizes=\"auto, (max-width: 300px) 100vw, 300px\" \/><\/a>La cerimonia di premiazione si \u00e8 tenuta nella serata di sabato 6 ottobre nella sala del consiglio del municipio di Longarone, alla presenza della autorit\u00e0 e della giuria, composta dalla presidentessa Sara Zanfron, fotografa professionista e figlia di \u201cBepi\u201d, dalla segretaria del Sindacato giornalisti del Veneto, Monica Andolfatto, dal presidente di Assostampa Belluno, Ilario Tancon, dalla consigliera nazionale dell\u2019Ordine dei giornalisti, Michela Canova, dal fotografo professionista Adriano Barioli e dal geologo Luca Salti. A fare gli onori di casa, il sindaco di Longarone, presidente della Provincia di Belluno e della Fondazione Vajont, Roberto Padrin. All&#8217;intervento di Padrin hanno fatto seguito i saluti dei rappresentnti degli enti che hanno patrocinato l\u2019iniziativa: l\u2019assessore Gianpaolo Bottacin per la Regione Veneto e il presidente dell\u2019Associazione Bellunesi nel Mondo, Oscar De Bona.<br \/>\nPer quanto riguarda la sezione carta stampata e web, la terna finalista era composta da Marcella Corr\u00e0, Alessandra Segafreddo e Alessio Viscardi.<br \/>\nLa scelta della giuria \u00e8 caduta su Alessandra Segafreddo, collaboratrice del Corriere delle Alpi e voce di Radio Cortina: ad essere premiato \u00e8 stato il servizio sulla frana di Alver\u00e0 a Cortina d\u2019Ampezzo del 5 agosto 2017 pubblicato sulla pagina web del quotidiano: \u201cper la narrazione con gli scatti fotografici e le riprese video, nei momenti immediatamente successivi all\u2019evento, e per la confezione del materiale lavorato in maniera da adattarsi al meglio all\u2019informazione web caratterizzata da sintesi e presa diretta\u201d si legge nelle motivazioni.<br \/>\n<a class=\"dt-pswp-item\" href=\"http:\/\/www.radiopiu.net\/wordpress\/wp-content\/uploads\/2018\/10\/michele-rosset-vincitore-premio-zanfron-sezione-video.jpg\" data-dt-img-description=\"\" data-large_image_width=\"1347\" data-large_image_height=\"1000\"><img loading=\"lazy\" decoding=\"async\" class=\"size-medium wp-image-63129 alignleft\" src=\"http:\/\/www.radiopiu.net\/wordpress\/wp-content\/uploads\/2018\/10\/michele-rosset-vincitore-premio-zanfron-sezione-video-300x223.jpg\" alt=\"\" width=\"300\" height=\"223\" srcset=\"https:\/\/www.radiopiu.net\/wordpress\/wp-content\/uploads\/2018\/10\/michele-rosset-vincitore-premio-zanfron-sezione-video-300x223.jpg 300w, https:\/\/www.radiopiu.net\/wordpress\/wp-content\/uploads\/2018\/10\/michele-rosset-vincitore-premio-zanfron-sezione-video-768x570.jpg 768w, https:\/\/www.radiopiu.net\/wordpress\/wp-content\/uploads\/2018\/10\/michele-rosset-vincitore-premio-zanfron-sezione-video-1024x760.jpg 1024w, https:\/\/www.radiopiu.net\/wordpress\/wp-content\/uploads\/2018\/10\/michele-rosset-vincitore-premio-zanfron-sezione-video.jpg 1347w\" sizes=\"auto, (max-width: 300px) 100vw, 300px\" \/><\/a>I finalisti della sezione video sono stati invece Paolo Colombatti, Michele Maran e Michele Rosset.<br \/>\nAnche in questo caso, tema del servizio \u00e8 stata la frana di Alver\u00e0, raccontata dalle immagini e dal montaggio di Rosset, operatore dell&#8217;emittente Telebelluno; la giuria ha motivato la scelta \u201cper le immagini e il ritmo del montaggio compenetrati con il racconto senza mai sovrastarlo, anzi valorizzandolo; per aver colto nei dettagli lo scenario che scorreva davanti alla telecamera; per aver sottolineato i momenti emotivamente pi\u00f9 coinvolgenti, riuscendo a renderli nella loro forte emotivit\u00e0 al riparo dalla facile sensazionalit\u00e0\u201d.<br \/>\nUna menzione speciale \u00e8 andata a Paolo Colombatti, della sede Rai di Venezia, per un servizio sullo sversamento di fanghi nel torrente Boite e sui problemi ambientali che ne derivano.\u00a0La giuria e la presidentessa hanno apprezzato la completezza del servizio, completo di immagini di copertura e di intervista. In particolar modo, Sara Zanfron ha sottolineato la corrispondenza con lo stile e lo spirito del padre.<\/span><\/span><\/span><\/span><\/p>\n<p>&nbsp;<\/p>\n<p>&nbsp;<\/p>\n<p>&nbsp;<\/p>\n<p>&nbsp;<\/p>\n<h1>DOLOMITES STREET, DA RECORD<\/h1>\n<p><strong>di ROBERTO BONA<\/strong><\/p>\n<audio class=\"wp-audio-shortcode\" id=\"audio-63085-8\" preload=\"none\" style=\"width: 100%;\" controls=\"controls\"><source type=\"audio\/mpeg\" src=\"http:\/\/www.radiopiu.net\/wordpress\/wp-content\/uploads\/2018\/10\/DOLOMITES-STREET-2.mp3?_=8\" \/><a href=\"http:\/\/www.radiopiu.net\/wordpress\/wp-content\/uploads\/2018\/10\/DOLOMITES-STREET-2.mp3\">http:\/\/www.radiopiu.net\/wordpress\/wp-content\/uploads\/2018\/10\/DOLOMITES-STREET-2.mp3<\/a><\/audio>\n<blockquote class=\"wp-embedded-content\" data-secret=\"CxBdpxBLo1\"><p><a href=\"http:\/\/www.radiopiu.net\/wordpress\/edizione-dei-record-per-dolomites-street\/\">EDIZIONE DEI RECORD PER DOLOMITES STREET<\/a><\/p><\/blockquote>\n<p><iframe loading=\"lazy\" class=\"wp-embedded-content\" sandbox=\"allow-scripts\" security=\"restricted\" style=\"position: absolute; clip: rect(1px, 1px, 1px, 1px);\" src=\"http:\/\/www.radiopiu.net\/wordpress\/edizione-dei-record-per-dolomites-street\/embed\/#?secret=CxBdpxBLo1\" data-secret=\"CxBdpxBLo1\" width=\"600\" height=\"338\" title=\"&#8220;EDIZIONE DEI RECORD PER DOLOMITES STREET&#8221; &#8212; Radio Pi\u00f9\" frameborder=\"0\" marginwidth=\"0\" marginheight=\"0\" scrolling=\"no\"><\/iframe><\/p>\n<p>&nbsp;<\/p>\n<p>&nbsp;<\/p>\n<blockquote><p>&nbsp;<\/p><\/blockquote>\n<p>&nbsp;<\/p>\n<p>&nbsp;<\/p>\n<p>&nbsp;<\/p>\n<p>&nbsp;<\/p>\n<h1><a class=\"dt-pswp-item\" href=\"http:\/\/www.radiopiu.net\/wordpress\/wp-content\/uploads\/2018\/09\/sport.jpg\" data-dt-img-description=\"\" data-large_image_width=\"800\" data-large_image_height=\"100\"><img loading=\"lazy\" decoding=\"async\" class=\"alignnone wp-image-60761 size-full\" src=\"http:\/\/www.radiopiu.net\/wordpress\/wp-content\/uploads\/2018\/09\/sport.jpg\" alt=\"\" width=\"800\" height=\"100\" srcset=\"https:\/\/www.radiopiu.net\/wordpress\/wp-content\/uploads\/2018\/09\/sport.jpg 800w, https:\/\/www.radiopiu.net\/wordpress\/wp-content\/uploads\/2018\/09\/sport-300x38.jpg 300w, https:\/\/www.radiopiu.net\/wordpress\/wp-content\/uploads\/2018\/09\/sport-768x96.jpg 768w\" sizes=\"auto, (max-width: 800px) 100vw, 800px\" \/><\/a><\/h1>\n<p>&nbsp;<\/p>\n<p>&nbsp;<\/p>\n<p>&nbsp;<\/p>\n<h1><a class=\"dt-pswp-item\" href=\"http:\/\/www.radiopiu.net\/wordpress\/wp-content\/uploads\/2016\/05\/2016_LBST_02_Silverstone_FONTANA-23_opt.jpg\" data-dt-img-description=\"\" data-large_image_width=\"1000\" data-large_image_height=\"667\"><img loading=\"lazy\" decoding=\"async\" class=\" wp-image-20036 alignleft\" src=\"http:\/\/www.radiopiu.net\/wordpress\/wp-content\/uploads\/2016\/05\/2016_LBST_02_Silverstone_FONTANA-23_opt-300x200.jpg\" alt=\"\" width=\"152\" height=\"101\" \/><\/a>PER ANDREA FONTANA CON DANIEL MANCINELLI\u00a0 FINE SETTIMANA COSTELLATO DI GRANE E INCIDENTI NELLA TRASFERTA BRIANZOLA.<\/h1>\n<p><span style=\"color: #ff0000;\">di Roberto Bona<\/span><\/p>\n<audio class=\"wp-audio-shortcode\" id=\"audio-63085-9\" preload=\"none\" style=\"width: 100%;\" controls=\"controls\"><source type=\"audio\/mpeg\" src=\"http:\/\/www.radiopiu.net\/wordpress\/wp-content\/uploads\/2018\/10\/ANDREA-FONTANA-2.mp3?_=9\" \/><a href=\"http:\/\/www.radiopiu.net\/wordpress\/wp-content\/uploads\/2018\/10\/ANDREA-FONTANA-2.mp3\">http:\/\/www.radiopiu.net\/wordpress\/wp-content\/uploads\/2018\/10\/ANDREA-FONTANA-2.mp3<\/a><\/audio>\n<p>&nbsp;<\/p>\n<p>&nbsp;<\/p>\n<p>&nbsp;<\/p>\n<p>&nbsp;<\/p>\n<p>&nbsp;<\/p>\n<blockquote class=\"wp-embedded-content\" data-secret=\"dREhmVekYA\"><p><a href=\"http:\/\/www.radiopiu.net\/wordpress\/agordina-seconda-categoria-e-settore-giovanile\/\">AGORDINA: SECONDA CATEGORIA E SETTORE GIOVANILE<\/a><\/p><\/blockquote>\n<p><iframe loading=\"lazy\" class=\"wp-embedded-content\" sandbox=\"allow-scripts\" security=\"restricted\" style=\"position: absolute; clip: rect(1px, 1px, 1px, 1px);\" src=\"http:\/\/www.radiopiu.net\/wordpress\/agordina-seconda-categoria-e-settore-giovanile\/embed\/#?secret=dREhmVekYA\" data-secret=\"dREhmVekYA\" width=\"600\" height=\"338\" title=\"&#8220;AGORDINA: SECONDA CATEGORIA E SETTORE GIOVANILE&#8221; &#8212; Radio Pi\u00f9\" frameborder=\"0\" marginwidth=\"0\" marginheight=\"0\" scrolling=\"no\"><\/iframe><\/p>\n<p>&nbsp;<\/p>\n<p>&nbsp;<\/p>\n<p>&nbsp;<\/p>\n<blockquote class=\"wp-embedded-content\" data-secret=\"nNBi837nsf\"><p><a href=\"http:\/\/www.radiopiu.net\/wordpress\/prima-sconfitta-per-il-fiori-barp-mas\/\">PRIMA SCONFITTA PER IL FIORI BARP MAS<\/a><\/p><\/blockquote>\n<p><iframe loading=\"lazy\" class=\"wp-embedded-content\" sandbox=\"allow-scripts\" security=\"restricted\" style=\"position: absolute; clip: rect(1px, 1px, 1px, 1px);\" src=\"http:\/\/www.radiopiu.net\/wordpress\/prima-sconfitta-per-il-fiori-barp-mas\/embed\/#?secret=nNBi837nsf\" data-secret=\"nNBi837nsf\" width=\"600\" height=\"338\" title=\"&#8220;PRIMA SCONFITTA PER IL FIORI BARP MAS&#8221; &#8212; Radio Pi\u00f9\" frameborder=\"0\" marginwidth=\"0\" marginheight=\"0\" scrolling=\"no\"><\/iframe><\/p>\n<p>&nbsp;<\/p>\n<p>&nbsp;<\/p>\n<p>&nbsp;<\/p>\n<blockquote class=\"wp-embedded-content\" data-secret=\"UDF2CSlVoo\"><p><a href=\"http:\/\/www.radiopiu.net\/wordpress\/ancora-una-vittoria-per-lalleghe-in-ihl\/\">ANCORA UNA VITTORIA PER L\u2019ALLEGHE IN IHL<\/a><\/p><\/blockquote>\n<p><iframe loading=\"lazy\" class=\"wp-embedded-content\" sandbox=\"allow-scripts\" security=\"restricted\" style=\"position: absolute; clip: rect(1px, 1px, 1px, 1px);\" src=\"http:\/\/www.radiopiu.net\/wordpress\/ancora-una-vittoria-per-lalleghe-in-ihl\/embed\/#?secret=UDF2CSlVoo\" data-secret=\"UDF2CSlVoo\" width=\"600\" height=\"338\" title=\"&#8220;ANCORA UNA VITTORIA PER L\u2019ALLEGHE IN IHL&#8221; &#8212; Radio Pi\u00f9\" frameborder=\"0\" marginwidth=\"0\" marginheight=\"0\" scrolling=\"no\"><\/iframe><\/p>\n<p>&nbsp;<\/p>\n<p>&nbsp;<\/p>\n<p>&nbsp;<\/p>\n<p><a class=\"dt-pswp-item\" href=\"http:\/\/www.radiopiu.net\/wordpress\/wp-content\/uploads\/2018\/09\/download-11.jpg\" data-dt-img-description=\"\" data-large_image_width=\"278\" data-large_image_height=\"181\"><img loading=\"lazy\" decoding=\"async\" class=\"alignnone wp-image-61629\" src=\"http:\/\/www.radiopiu.net\/wordpress\/wp-content\/uploads\/2018\/09\/download-11.jpg\" alt=\"\" width=\"169\" height=\"110\" \/><\/a><\/p>\n<h1>LA CHIESA DI SAN LORENZO A SELVA DI CADORE<\/h1>\n<p><img decoding=\"async\" class=\"_jf2 img\" title=\"Visualizzato da Renatobruno Bona alle 05:15\" src=\"https:\/\/scontent-mxp1-1.xx.fbcdn.net\/v\/t1.0-1\/c13.0.50.50\/p50x50\/553085_385905871470280_1626001170_n.jpg?_nc_cat=110&amp;oh=e0aa69af4f5709e32081588300fd6032&amp;oe=5C14EC19\" alt=\"Visualizzato da Renatobruno Bona alle 05:15\" \/>\u00a0di Renato Bona.<\/p>\n<div class=\"_4u-c _1wfr _9hq\">\n<div class=\"_5f0v uiScrollableArea fade contentBefore\" tabindex=\"0\">\n<div id=\"js_j\" class=\"uiScrollableAreaWrap scrollable\">\n<div class=\"uiScrollableAreaBody\">\n<div class=\"uiScrollableAreaContent\">\n<div class=\"__i_\" role=\"region\" aria-label=\"Messaggi\">\n<div id=\"js_2\">\n<div>\n<div class=\"_1t_p clearfix\">\n<div class=\"_41ud\">\n<div class=\"clearfix _o46 _3erg _29_7 direction_ltr text_align_ltr\">\n<div class=\"_3058 _ui9 _hh7 _s1- _52mr _3oh-\" data-tooltip-content=\"05:15\" data-hover=\"tooltip\" data-tooltip-position=\"left\" aria-describedby=\"js_26\">\n<div class=\"_aok\" tabindex=\"0\" aria-label=\"Rieccomi, caro Mirko; sto per postare la chiesa di San Lorewnzo a Selva DI Cadore. Ti invio il testo e le foto. Buona giornata. SAN LORENZO DI SELVA La prima notizia sulla chiesa di San Lorenzo a Selva di Cadore, provincia di Belluno, \u00e8 in un lascito del 1234 e pare sia stata edificata dalla Comunit\u00e0 di Selva o, secondo la leggenda, da un Torre Negrone. Venne consacrata nel 1438, il 6 ottobre (ma il settimanale \u201cDomenica\u201d edito dalla Diocesi di Belluno-Feltre scrive 8 ottobre) e dunque ricorre comunque il cinquecentottantesimo anniversario. In proposito, Anna Maria Spiazzi nel libro \u201cLe chiese di Selva di Cadore\u201d annota: \u201c\u2026lo ricorda ancora la lapide murata sulle pareti del presbiterio. Ma per un fatto di sangue accaduto in chiesa, consumato a distanza di pochi anni, un\u2019altra lapide nel presbiterio ne ricorda la riconsacrazione avvenuta il 19 ottobre del 1447. In quest\u2019occasione fu ricostruita e assunse aspetto e dimensioni simili all\u2019odierna Santa Fosca\u201d. Ancora dal testo della dott. Spiazzi: \u201cAl 1554 risalgono gli affreschi del coro. Nel 1626 la chiesa aveva tre altari: Altare Maggiore, della B.M. Vergine dei Battuti, di S. Sisto\u2026 La chiesa conserv\u00f2 pressappoco le dimensioni originarie fino al 1811 anno in cui si chiese alla Curia di Udine il permesso di rompere le pareti dell\u2019edificio e di scavare nel recinto del cimitero. Il lavoro fu aggiudicato per \u00a3. 990 a Simeone Zambelli che ne affid\u00f2 l\u2019esecuzione alla ditta Manfroi di Cencenighe. I documenti parlano di un restauro generale e della costruzione della sacrestia nuova\u201d. Aggiunge poi l\u2019autrice che nel 1825 vengono fatte le due cappelle del Carmine e di Sant\u2019Antonio\u2026 Negli anni 1850-52 su progetto dell\u2019ing. Osvaldo Palatini, la chiesa fi prolungata ed arricchita d\u2019altre due cappelle: di S. Sisto e della Scuola dei Battuti. Fu demolita la vecchia facciata che aveva sopra la porta principale un affresco raffigurante S. Lorenzo ed un altro con S. Cristoforo\u201d. San Lorenzo di Selva di Cadore divenne parrocchiale nel 1857. Il campanile originario, restaurato nel 1647, fu demolito e nel 1909 fu inaugurato quello attuale, progettato dall\u2019ing. Gio. Batta Pezz\u00e8 di Caprile. Quanto alle opere d\u2019arte, vanta, fra l\u2019altro, la \u201cMadonna e Confratelli della Fraglia dei Battuti\u201d di Francesco Frigimelica; \u201cEpisodi del martirio di S. Lorenzo\u201d, di Antonio Rosso; \u201cS. Antonio da Padova tra S. Nicola da Bari e S. Domenico, ancora di Frigimelica; la \u201cMadonna con Bambino in trono tra i santi Lorenzo, Sebastiano, Rocco e Fosca, pure di Rosso; \u201cS. Lorenzo\u201d, di scultore austriaco oltre ad altari lignei ed altri preziosi dipinti. NELLE FOTO (riproduzioni dal libro di Anna Maria Spiazzi):la chiesa di San Lorenzo; \u201cMadonna e santi\u201d di Antonio Rosso; \u201cAssunta\u201d di Francesco Frigimelica; \u201cSant\u2019Antonio Abate\u201d e \u201cSan Sisto Papa\u201d dello stesso autore.\"><span class=\"_3oh- _58nk\"><strong>SAN LORENZO DI SELVA<\/strong> La prima notizia sulla chiesa di San Lorenzo a Selva di Cadore, provincia di Belluno, \u00e8 in un lascito del 1234 e pare sia stata edificata dalla Comunit\u00e0 di Selva o, secondo la leggenda, da un Torre Negrone. Venne consacrata nel 1438, il 6 ottobre (ma il settimanale \u201cDomenica\u201d edito dalla Diocesi di Belluno-Feltre scrive 8 ottobre) e dunque ricorre comunque il cinquecentottantesimo anniversario. In proposito, Anna Maria Spiazzi nel libro \u201cLe chiese di Selva di Cadore\u201d annota: \u201c\u2026lo ricorda ancora la lapide murata sulle pareti del presbiterio. Ma per un fatto di sangue accaduto in chiesa, consumato a distanza di pochi anni, un\u2019altra lapide nel presbiterio ne ricorda la riconsacrazione avvenuta il 19 ottobre del 1447. In quest\u2019occasione fu ricostruita e assunse aspetto e dimensioni simili all\u2019odierna Santa Fosca\u201d. Ancora dal testo della dott. Spiazzi: \u201cAl 1554 risalgono gli affreschi del coro. Nel 1626 la chiesa aveva tre altari: Altare Maggiore, della B.M. Vergine dei Battuti, di S. Sisto\u2026 La chiesa conserv\u00f2 pressappoco le dimensioni originarie fino al 1811 anno in cui si chiese alla Curia di Udine il permesso di rompere le pareti dell\u2019edificio e di scavare nel recinto del cimitero. Il lavoro fu aggiudicato per \u00a3. 990 a Simeone Zambelli che ne affid\u00f2 l\u2019esecuzione alla ditta Manfroi di Cencenighe. I documenti parlano di un restauro generale e della costruzione della sacrestia nuova\u201d. Aggiunge poi l\u2019autrice che nel 1825 vengono fatte le due cappelle del Carmine e di Sant\u2019Anto<\/span><span class=\"_3oh- _58nk\">nio\u2026 Negli anni 1850-52 su progetto dell\u2019ing. Osvaldo Palatini, la chiesa fi prolungata ed arricchita d\u2019altre due cappelle: di S. Sisto e della Scuola dei Battuti. Fu demolita la vecchia facciata che aveva sopra la porta principale un affresco raffigurante S. Lorenzo ed un altro con S. Cristoforo\u201d. San Lorenzo di Selva di Cadore divenne parrocchiale nel 1857. Il campanile originario, restaurato nel 1647, fu demolito e nel 1909 fu inaugurato quello attuale, progettato dall\u2019ing. Gio. Batta Pezz\u00e8 di Caprile. Quanto alle opere d\u2019arte, vanta, fra l\u2019altro, la \u201cMadonna e Confratelli della Fraglia dei Battuti\u201d di Francesco Frigimelica; \u201cEpisodi del martirio di S. Lorenzo\u201d, di Antonio Rosso; \u201cS. Antonio da Padova tra S. Nicola da Bari e S. Domenico, ancora di Frigimelica; la \u201cMadonna con Bambino in trono tra i santi Lorenzo, Sebastiano, Rocco e Fosca, pure di Rosso; \u201cS. Lore<\/span>nzo\u201d, di scultore austriaco oltre ad altari lignei ed altri preziosi dipinti. NELLE FOTO (riproduzioni dal libro di Anna Maria Spiazzi):la chiesa di San Lorenzo; \u201cMadonna e santi\u201d di Antonio Rosso; \u201cAssunta\u201d di Francesco Frigimelica; \u201cSant\u2019Antonio Abate\u201d e \u201cSan Sisto Papa\u201d dello stesso autore.<\/div>\n<div tabindex=\"0\" aria-label=\"Rieccomi, caro Mirko; sto per postare la chiesa di San Lorewnzo a Selva DI Cadore. Ti invio il testo e le foto. Buona giornata. SAN LORENZO DI SELVA La prima notizia sulla chiesa di San Lorenzo a Selva di Cadore, provincia di Belluno, \u00e8 in un lascito del 1234 e pare sia stata edificata dalla Comunit\u00e0 di Selva o, secondo la leggenda, da un Torre Negrone. Venne consacrata nel 1438, il 6 ottobre (ma il settimanale \u201cDomenica\u201d edito dalla Diocesi di Belluno-Feltre scrive 8 ottobre) e dunque ricorre comunque il cinquecentottantesimo anniversario. In proposito, Anna Maria Spiazzi nel libro \u201cLe chiese di Selva di Cadore\u201d annota: \u201c\u2026lo ricorda ancora la lapide murata sulle pareti del presbiterio. Ma per un fatto di sangue accaduto in chiesa, consumato a distanza di pochi anni, un\u2019altra lapide nel presbiterio ne ricorda la riconsacrazione avvenuta il 19 ottobre del 1447. In quest\u2019occasione fu ricostruita e assunse aspetto e dimensioni simili all\u2019odierna Santa Fosca\u201d. Ancora dal testo della dott. Spiazzi: \u201cAl 1554 risalgono gli affreschi del coro. Nel 1626 la chiesa aveva tre altari: Altare Maggiore, della B.M. Vergine dei Battuti, di S. Sisto\u2026 La chiesa conserv\u00f2 pressappoco le dimensioni originarie fino al 1811 anno in cui si chiese alla Curia di Udine il permesso di rompere le pareti dell\u2019edificio e di scavare nel recinto del cimitero. Il lavoro fu aggiudicato per \u00a3. 990 a Simeone Zambelli che ne affid\u00f2 l\u2019esecuzione alla ditta Manfroi di Cencenighe. I documenti parlano di un restauro generale e della costruzione della sacrestia nuova\u201d. Aggiunge poi l\u2019autrice che nel 1825 vengono fatte le due cappelle del Carmine e di Sant\u2019Antonio\u2026 Negli anni 1850-52 su progetto dell\u2019ing. Osvaldo Palatini, la chiesa fi prolungata ed arricchita d\u2019altre due cappelle: di S. Sisto e della Scuola dei Battuti. Fu demolita la vecchia facciata che aveva sopra la porta principale un affresco raffigurante S. Lorenzo ed un altro con S. Cristoforo\u201d. San Lorenzo di Selva di Cadore divenne parrocchiale nel 1857. Il campanile originario, restaurato nel 1647, fu demolito e nel 1909 fu inaugurato quello attuale, progettato dall\u2019ing. Gio. Batta Pezz\u00e8 di Caprile. Quanto alle opere d\u2019arte, vanta, fra l\u2019altro, la \u201cMadonna e Confratelli della Fraglia dei Battuti\u201d di Francesco Frigimelica; \u201cEpisodi del martirio di S. Lorenzo\u201d, di Antonio Rosso; \u201cS. Antonio da Padova tra S. Nicola da Bari e S. Domenico, ancora di Frigimelica; la \u201cMadonna con Bambino in trono tra i santi Lorenzo, Sebastiano, Rocco e Fosca, pure di Rosso; \u201cS. Lorenzo\u201d, di scultore austriaco oltre ad altari lignei ed altri preziosi dipinti. NELLE FOTO (riproduzioni dal libro di Anna Maria Spiazzi):la chiesa di San Lorenzo; \u201cMadonna e santi\u201d di Antonio Rosso; \u201cAssunta\u201d di Francesco Frigimelica; \u201cSant\u2019Antonio Abate\u201d e \u201cSan Sisto Papa\u201d dello stesso autore.\">\n\n\t\t\t<style type='text\/css'>\n\t\t\t\t#gallery-6 {\n\t\t\t\t\tmargin: auto;\n\t\t\t\t}\n\t\t\t\t#gallery-6 .gallery-item {\n\t\t\t\t\tfloat: left;\n\t\t\t\t\tmargin-top: 10px;\n\t\t\t\t\ttext-align: center;\n\t\t\t\t\twidth: 33%;\n\t\t\t\t}\n\t\t\t\t#gallery-6 img {\n\t\t\t\t\tborder: 2px solid #cfcfcf;\n\t\t\t\t}\n\t\t\t\t#gallery-6 .gallery-caption {\n\t\t\t\t\tmargin-left: 0;\n\t\t\t\t}\n\t\t\t\t\/* see gallery_shortcode() in wp-includes\/media.php *\/\n\t\t\t<\/style>\n\t\t<div id='gallery-6' class='dt-gallery-container gallery galleryid-63085 gallery-columns-3 gallery-size-thumbnail'><dl class='gallery-item'>\n\t\t\t\t<dt class='gallery-icon portrait'>\n\t\t\t\t\t<a class=\"rollover\" href='https:\/\/www.radiopiu.net\/wordpress\/giornale-radiopiu-08-ottobre-2018\/43354592_1409695389174902_6548317373835771904_n\/'><img loading=\"lazy\" decoding=\"async\" width=\"150\" height=\"150\" src=\"https:\/\/www.radiopiu.net\/wordpress\/wp-content\/uploads\/2018\/10\/43354592_1409695389174902_6548317373835771904_n-150x150.jpg\" class=\"attachment-thumbnail size-thumbnail\" alt=\"\" \/><\/a>\n\t\t\t\t<\/dt><\/dl><dl class='gallery-item'>\n\t\t\t\t<dt class='gallery-icon portrait'>\n\t\t\t\t\t<a class=\"rollover\" href='https:\/\/www.radiopiu.net\/wordpress\/giornale-radiopiu-08-ottobre-2018\/43514732_284870705464315_3621519864256004096_n\/'><img loading=\"lazy\" decoding=\"async\" width=\"150\" height=\"150\" src=\"https:\/\/www.radiopiu.net\/wordpress\/wp-content\/uploads\/2018\/10\/43514732_284870705464315_3621519864256004096_n-150x150.jpg\" class=\"attachment-thumbnail size-thumbnail\" alt=\"\" \/><\/a>\n\t\t\t\t<\/dt><\/dl><dl class='gallery-item'>\n\t\t\t\t<dt class='gallery-icon portrait'>\n\t\t\t\t\t<a class=\"rollover\" href='https:\/\/www.radiopiu.net\/wordpress\/giornale-radiopiu-08-ottobre-2018\/43450418_240949823234448_5468491569747197952_n\/'><img loading=\"lazy\" decoding=\"async\" width=\"150\" height=\"150\" src=\"https:\/\/www.radiopiu.net\/wordpress\/wp-content\/uploads\/2018\/10\/43450418_240949823234448_5468491569747197952_n-150x150.jpg\" class=\"attachment-thumbnail size-thumbnail\" alt=\"\" \/><\/a>\n\t\t\t\t<\/dt><\/dl><br style=\"clear: both\" \/><dl class='gallery-item'>\n\t\t\t\t<dt class='gallery-icon portrait'>\n\t\t\t\t\t<a class=\"rollover\" href='https:\/\/www.radiopiu.net\/wordpress\/giornale-radiopiu-08-ottobre-2018\/43473440_178255783053519_4681390215200243712_n\/'><img loading=\"lazy\" decoding=\"async\" width=\"150\" height=\"150\" src=\"https:\/\/www.radiopiu.net\/wordpress\/wp-content\/uploads\/2018\/10\/43473440_178255783053519_4681390215200243712_n-150x150.jpg\" class=\"attachment-thumbnail size-thumbnail\" alt=\"\" \/><\/a>\n\t\t\t\t<\/dt><\/dl><dl class='gallery-item'>\n\t\t\t\t<dt class='gallery-icon portrait'>\n\t\t\t\t\t<a class=\"rollover\" href='https:\/\/www.radiopiu.net\/wordpress\/giornale-radiopiu-08-ottobre-2018\/43389631_171231943780188_3502030386567839744_n\/'><img loading=\"lazy\" decoding=\"async\" width=\"150\" height=\"150\" src=\"https:\/\/www.radiopiu.net\/wordpress\/wp-content\/uploads\/2018\/10\/43389631_171231943780188_3502030386567839744_n-150x150.jpg\" class=\"attachment-thumbnail size-thumbnail\" alt=\"\" \/><\/a>\n\t\t\t\t<\/dt><\/dl>\n\t\t\t\t<br style='clear: both' \/>\n\t\t\t<\/div>\n\n<\/div>\n<\/div>\n<\/div>\n<\/div>\n<\/div>\n<\/div>\n<div>\n<div class=\"_1t_p clearfix\">\n<div class=\"_41ud\"><\/div>\n<\/div>\n<\/div>\n<\/div>\n<\/div>\n<\/div>\n<\/div>\n<\/div>\n<\/div>\n<\/div>\n<div>\n<div class=\"_4rv3\" role=\"region\" aria-label=\"Nuovo messaggio\">\n<div class=\"_5irm _1_73\">\n<div class=\"_kmc _2swd navigationFocus\" role=\"presentation\">\n<div class=\"_3-8x _3oh-\">\n<div tabindex=\"-1\">\n<div class=\"_5rp7 _5rp8\">\n<div class=\"_1p1t\">\n<div id=\"placeholder-avtv3\" class=\"_1p1v\"><\/div>\n<\/div>\n<div class=\"_5rpb\">A<\/div>\n<\/div>\n<\/div>\n<\/div>\n<\/div>\n<\/div>\n<\/div>\n<\/div>\n<p>&nbsp;<\/p>\n<p>&nbsp;<\/p>\n<p>&nbsp;<\/p>\n<p><a class=\"dt-pswp-item\" href=\"http:\/\/www.radiopiu.net\/wordpress\/wp-content\/uploads\/2018\/09\/WhatsApp-Image-2018-09-20-at-16.04.06.jpeg\" data-dt-img-description=\"\" data-large_image_width=\"800\" data-large_image_height=\"100\"><img loading=\"lazy\" decoding=\"async\" class=\"alignnone wp-image-61378 size-full\" src=\"http:\/\/www.radiopiu.net\/wordpress\/wp-content\/uploads\/2018\/09\/WhatsApp-Image-2018-09-20-at-16.04.06.jpeg\" alt=\"\" width=\"800\" height=\"100\" srcset=\"https:\/\/www.radiopiu.net\/wordpress\/wp-content\/uploads\/2018\/09\/WhatsApp-Image-2018-09-20-at-16.04.06.jpeg 800w, https:\/\/www.radiopiu.net\/wordpress\/wp-content\/uploads\/2018\/09\/WhatsApp-Image-2018-09-20-at-16.04.06-300x38.jpeg 300w, https:\/\/www.radiopiu.net\/wordpress\/wp-content\/uploads\/2018\/09\/WhatsApp-Image-2018-09-20-at-16.04.06-768x96.jpeg 768w\" sizes=\"auto, (max-width: 800px) 100vw, 800px\" \/><\/a><\/p>\n<p>&nbsp;<\/p>\n<h1><strong>PREVISIONI DEL TEMPO DA OGGI A GIOVEDI<\/strong><\/h1>\n<p><center><b>Lunedi 8<\/b><\/center><b>Tempo atteso: <\/b>Al mattino cielo poco nuvoloso, nel pomeriggio nuvolosit\u00e0 irregolare. Possibili nebbie o nubi basse nelle valli prealpine al primo mattino, in successivo dissolvimento.<br \/>\n<b>Precipitazioni: <\/b>Generalmente assenti (0-10%)<br \/>\n<b>Temperature: <\/b>Minime in diminuzione a fondovalle, massime in lieve aumento. Su Prealpi a 1500 m min 8\u00b0C max 11\u00b0C, a 2000 m min 6\u00b0C max 7\u00b0C. Su Dolomiti a 2000 m min 4\u00b0C max 10\u00b0C, a 3000 m min -2\u00b0C max 0\u00b0C.<br \/>\n<b>Venti: <\/b>Nelle valli deboli, salvo le consuete tese brezze notturne e mattutine in qualche valle prealpina; in quota generalmente deboli, di direzione variabile, a 5-10 km\/h a 2000 m, 5-10 km\/h a 3000 m.<\/p>\n<hr \/>\n<p><center><b>Martedi 9<\/b><\/center><b>Tempo atteso: <\/b>Giornata soleggiata con cielo da sereno a poco nuvoloso, salvo qualche nebbia o nube bassa in Val Belluna al primo mattino. In serata possibile maggiore nuvolosit\u00e0.<br \/>\n<b>Precipitazioni: <\/b>Assenti (0%)<br \/>\n<b>Temperature: <\/b>Minime stazionarie a fondovalle, massime in lieve aumento, su valori ancora leggermente superiori alla norma. Su Prealpi a 1500 m min 8\u00b0C max 11\u00b0C, a 2000 m min 6\u00b0C max 7\u00b0C. Su Dolomiti a 2000 m min 4\u00b0C max 10\u00b0C, a 3000 m min -1\u00b0C max 0\u00b0C.<br \/>\n<b>Venti: <\/b>Nelle valli generalmente deboli; in quota deboli o al pi\u00f9 moderati orientali, a 5-10 km\/h a 2000 m, 5-15 km\/h a 3000 m.<\/p>\n<hr \/>\n<p><center><b>Mercoledi 10<\/b><\/center>Giornata bella e mite, con cielo sereno o poco nuvoloso, anche se non si escludono iniziali nubi basse in molte valli al mattino, eventualmente in rapido dissolvimento. Temperature stazionarie, salvo diminuire leggermente le massime in quota. Venti in montagna deboli o moderati da Sud Sud-Est, a tratti tesi sulle vette, in graduale intensificazione.<\/p>\n<hr \/>\n<p><center><b>Giovedi 11<\/b><\/center>Nuvolosit\u00e0 in graduale aumento ma senza precipitazioni, salvo qualche pioggia in serata sul Veronese. Temperature massime in diminuzione. Venti in quota deboli o moderati da Sud-Ovest, anche tesi sulle cime pi\u00f9 alte. Previsore: B.R.<\/p>\n<p>&nbsp;<\/p>\n","protected":false},"excerpt":{"rendered":"<p>&nbsp; &nbsp; PER DUE DONNE DOMENICA AL PRONTO SOCCORSO E ORTOPEDIA BELLUNO Due donne di 71 anni sono finite\u00a0 in ortopedia per cadute accidentali, avvenute in due distinti incidenti. P.N., 71 anni,\u00a0a Fonzaso, mentre assisteva alla festa dell\u2019uva\u00a0\u00e8 caduta a terra,\u00a0\u00a0prognosi di una quarantina di giorni per la frattura di un femore. Si \u00e8 fratturata&hellip;<\/p>\n","protected":false},"author":1,"featured_media":63102,"comment_status":"closed","ping_status":"closed","sticky":false,"template":"","format":"standard","meta":{"_monsterinsights_skip_tracking":false,"_monsterinsights_sitenote_active":false,"_monsterinsights_sitenote_note":"","_monsterinsights_sitenote_category":0,"footnotes":""},"categories":[1,86],"tags":[],"class_list":["post-63085","post","type-post","status-publish","format-standard","has-post-thumbnail","hentry","category-senza-categoria","category-gr","category-1","category-86","description-off"],"img_url":"https:\/\/www.radiopiu.net\/wordpress\/wp-content\/uploads\/2018\/10\/22469194-f308-46ce-b8a2-67f357dc06f0.jpg","_links":{"self":[{"href":"https:\/\/www.radiopiu.net\/wordpress\/wp-json\/wp\/v2\/posts\/63085","targetHints":{"allow":["GET"]}}],"collection":[{"href":"https:\/\/www.radiopiu.net\/wordpress\/wp-json\/wp\/v2\/posts"}],"about":[{"href":"https:\/\/www.radiopiu.net\/wordpress\/wp-json\/wp\/v2\/types\/post"}],"author":[{"embeddable":true,"href":"https:\/\/www.radiopiu.net\/wordpress\/wp-json\/wp\/v2\/users\/1"}],"replies":[{"embeddable":true,"href":"https:\/\/www.radiopiu.net\/wordpress\/wp-json\/wp\/v2\/comments?post=63085"}],"version-history":[{"count":0,"href":"https:\/\/www.radiopiu.net\/wordpress\/wp-json\/wp\/v2\/posts\/63085\/revisions"}],"wp:featuredmedia":[{"embeddable":true,"href":"https:\/\/www.radiopiu.net\/wordpress\/wp-json\/wp\/v2\/media\/63102"}],"wp:attachment":[{"href":"https:\/\/www.radiopiu.net\/wordpress\/wp-json\/wp\/v2\/media?parent=63085"}],"wp:term":[{"taxonomy":"category","embeddable":true,"href":"https:\/\/www.radiopiu.net\/wordpress\/wp-json\/wp\/v2\/categories?post=63085"},{"taxonomy":"post_tag","embeddable":true,"href":"https:\/\/www.radiopiu.net\/wordpress\/wp-json\/wp\/v2\/tags?post=63085"}],"curies":[{"name":"wp","href":"https:\/\/api.w.org\/{rel}","templated":true}]}}