{"id":63176,"date":"2018-10-08T05:50:07","date_gmt":"2018-10-08T03:50:07","guid":{"rendered":"http:\/\/www.radiopiu.net\/wordpress\/?p=63176"},"modified":"2018-10-08T09:44:10","modified_gmt":"2018-10-08T07:44:10","slug":"trattori-in-piazza-ed-e-successo","status":"publish","type":"post","link":"https:\/\/www.radiopiu.net\/wordpress\/trattori-in-piazza-ed-e-successo\/","title":{"rendered":"TRATTORI IN PIAZZA, ED E&#8217; SUCCESSO"},"content":{"rendered":"<h1><\/h1>\n\n\t\t\t<style type='text\/css'>\n\t\t\t\t#gallery-1 {\n\t\t\t\t\tmargin: auto;\n\t\t\t\t}\n\t\t\t\t#gallery-1 .gallery-item {\n\t\t\t\t\tfloat: left;\n\t\t\t\t\tmargin-top: 10px;\n\t\t\t\t\ttext-align: center;\n\t\t\t\t\twidth: 33%;\n\t\t\t\t}\n\t\t\t\t#gallery-1 img {\n\t\t\t\t\tborder: 2px solid #cfcfcf;\n\t\t\t\t}\n\t\t\t\t#gallery-1 .gallery-caption {\n\t\t\t\t\tmargin-left: 0;\n\t\t\t\t}\n\t\t\t\t\/* see gallery_shortcode() in wp-includes\/media.php *\/\n\t\t\t<\/style>\n\t\t<div id='gallery-1' class='dt-gallery-container gallery galleryid-63176 gallery-columns-3 gallery-size-thumbnail'><dl class='gallery-item'>\n\t\t\t\t<dt class='gallery-icon portrait'>\n\t\t\t\t\t<a class=\"rollover\" href='https:\/\/www.radiopiu.net\/wordpress\/giornale-radiopiu-08-ottobre-2018\/281dd486-ce0d-4b08-9dd4-ca6abddcd760\/'><img loading=\"lazy\" decoding=\"async\" width=\"150\" height=\"150\" src=\"https:\/\/www.radiopiu.net\/wordpress\/wp-content\/uploads\/2018\/10\/281dd486-ce0d-4b08-9dd4-ca6abddcd760-150x150.jpg\" class=\"attachment-thumbnail size-thumbnail\" alt=\"\" \/><\/a>\n\t\t\t\t<\/dt><\/dl><dl class='gallery-item'>\n\t\t\t\t<dt class='gallery-icon portrait'>\n\t\t\t\t\t<a class=\"rollover\" href='https:\/\/www.radiopiu.net\/wordpress\/giornale-radiopiu-08-ottobre-2018\/9e2fa003-ba39-49a8-b2f0-4e5d6e010cc6\/'><img loading=\"lazy\" decoding=\"async\" width=\"150\" height=\"150\" src=\"https:\/\/www.radiopiu.net\/wordpress\/wp-content\/uploads\/2018\/10\/9e2fa003-ba39-49a8-b2f0-4e5d6e010cc6-150x150.jpg\" class=\"attachment-thumbnail size-thumbnail\" alt=\"\" \/><\/a>\n\t\t\t\t<\/dt><\/dl><dl class='gallery-item'>\n\t\t\t\t<dt class='gallery-icon portrait'>\n\t\t\t\t\t<a class=\"rollover\" href='https:\/\/www.radiopiu.net\/wordpress\/giornale-radiopiu-08-ottobre-2018\/05da8139-d83c-4956-9d78-bdca87f6d935\/'><img loading=\"lazy\" decoding=\"async\" width=\"150\" height=\"150\" src=\"https:\/\/www.radiopiu.net\/wordpress\/wp-content\/uploads\/2018\/10\/05da8139-d83c-4956-9d78-bdca87f6d935-150x150.jpg\" class=\"attachment-thumbnail size-thumbnail\" alt=\"\" \/><\/a>\n\t\t\t\t<\/dt><\/dl><br style=\"clear: both\" \/>\n\t\t\t<\/div>\n\n<p><strong>CANALE D&#8217;AGORDO<\/strong> Obiettivo centrato, ma ormai non \u00e8 pi\u00f9 una novit\u00e0. L&#8217;organizzazione di Canale d&#8217;Agordo ha fatto il pieno, di partecipanti e partecipazione riempendo la grande piazza del paese. Appuntamento fisso nel calendario nella giornata dedicata\u00a0\u00a0all\u2019agricoltura e alla zootecnia in quota. Una festa organizzata benissimo dal gruppo di ragazzi.\u00a0Protagonista assoluta la sfilata dei trattori. Apprezzato lo\u00a0stand dedicato alle vecchie motoseghe.<\/p>\n<p><span style=\"color: #0000ff;\"><strong>DA FACEBOOK LE FOTO<\/strong><\/span><\/p>\n<h1><a href=\"https:\/\/www.facebook.com\/mirko.mezzacasa\/media_set?set=a.10217983677890377&amp;type=3\">CLICCA QUI<\/a><\/h1>\n<p>&nbsp;<\/p>\n","protected":false},"excerpt":{"rendered":"<p>CANALE D&#8217;AGORDO Obiettivo centrato, ma ormai non \u00e8 pi\u00f9 una novit\u00e0. L&#8217;organizzazione di Canale d&#8217;Agordo ha fatto il pieno, di partecipanti e partecipazione riempendo la grande piazza del paese. Appuntamento fisso nel calendario nella giornata dedicata\u00a0\u00a0all\u2019agricoltura e alla zootecnia in quota. Una festa organizzata benissimo dal gruppo di ragazzi.\u00a0Protagonista assoluta la sfilata dei trattori. Apprezzato&hellip;<\/p>\n","protected":false},"author":1,"featured_media":63167,"comment_status":"closed","ping_status":"closed","sticky":false,"template":"","format":"standard","meta":{"_monsterinsights_skip_tracking":false,"_monsterinsights_sitenote_active":false,"_monsterinsights_sitenote_note":"","_monsterinsights_sitenote_category":0,"footnotes":""},"categories":[49],"tags":[],"class_list":["post-63176","post","type-post","status-publish","format-standard","has-post-thumbnail","hentry","category-news-18","category-49","description-off"],"img_url":"https:\/\/www.radiopiu.net\/wordpress\/wp-content\/uploads\/2018\/10\/9e2fa003-ba39-49a8-b2f0-4e5d6e010cc6.jpg","_links":{"self":[{"href":"https:\/\/www.radiopiu.net\/wordpress\/wp-json\/wp\/v2\/posts\/63176","targetHints":{"allow":["GET"]}}],"collection":[{"href":"https:\/\/www.radiopiu.net\/wordpress\/wp-json\/wp\/v2\/posts"}],"about":[{"href":"https:\/\/www.radiopiu.net\/wordpress\/wp-json\/wp\/v2\/types\/post"}],"author":[{"embeddable":true,"href":"https:\/\/www.radiopiu.net\/wordpress\/wp-json\/wp\/v2\/users\/1"}],"replies":[{"embeddable":true,"href":"https:\/\/www.radiopiu.net\/wordpress\/wp-json\/wp\/v2\/comments?post=63176"}],"version-history":[{"count":0,"href":"https:\/\/www.radiopiu.net\/wordpress\/wp-json\/wp\/v2\/posts\/63176\/revisions"}],"wp:featuredmedia":[{"embeddable":true,"href":"https:\/\/www.radiopiu.net\/wordpress\/wp-json\/wp\/v2\/media\/63167"}],"wp:attachment":[{"href":"https:\/\/www.radiopiu.net\/wordpress\/wp-json\/wp\/v2\/media?parent=63176"}],"wp:term":[{"taxonomy":"category","embeddable":true,"href":"https:\/\/www.radiopiu.net\/wordpress\/wp-json\/wp\/v2\/categories?post=63176"},{"taxonomy":"post_tag","embeddable":true,"href":"https:\/\/www.radiopiu.net\/wordpress\/wp-json\/wp\/v2\/tags?post=63176"}],"curies":[{"name":"wp","href":"https:\/\/api.w.org\/{rel}","templated":true}]}}