{"id":63368,"date":"2018-10-09T06:02:57","date_gmt":"2018-10-09T04:02:57","guid":{"rendered":"http:\/\/www.radiopiu.net\/wordpress\/?p=63368"},"modified":"2018-10-09T10:05:06","modified_gmt":"2018-10-09T08:05:06","slug":"giornale-radiopiu-09-ottobre-2018-direttore-mirko-mezzacasa","status":"publish","type":"post","link":"https:\/\/www.radiopiu.net\/wordpress\/giornale-radiopiu-09-ottobre-2018-direttore-mirko-mezzacasa\/","title":{"rendered":"GIORNALE RADIOPIU 09 OTTOBRE 2018 DIRETTORE MIRKO MEZZACASA"},"content":{"rendered":"<blockquote><p><em><strong><span style=\"color: #ff0000;\">WELFARE LUXOTTICA-COMUNE DI AGORDO. 400 MILA EURO PER L&#8217;ASILO E IL CENTRO DIURNO ALZHAIMER. OGGI ALLE 15.30 RADIO PIU TRASMETTE GLI INTERVENTI DI: SERGIO DE RIVA, PRESIDENTE AZIENDA AGORDO SERVIZI (FARMACIA_ASILO NIDO) E MARIA CHIARA SANTIN, AMMINISTRATORE UNICO ASCA.<\/span><\/strong><\/em><\/p><\/blockquote>\n<p>&nbsp;<\/p>\n<p>&nbsp;<\/p>\n<h1>SOCCORSE PERSONE IN DIFFICOLT\u00c0<\/h1>\n<p><strong>FREGONA\u00a0<\/strong> Ieri nel tardo pomeriggio \u00e8 scattato l&#8217;allarme per due escursonisti che avevano perso l&#8217;orientamento nella zona di Malga Zuel in Pian Cansiglio in localit\u00e0 Crosetta. Sul posto si sono portate le squadre del Soccorso alpino dell&#8217;Alpago e delle Prealpi Trevigiane. Fortunatamente i due ragazzi M.C., 23 anni, di Fontanafredda (PN), lui, e M.B., 21 anni, di Sacile (PN), lei, che si erano smarriti sul sentiero 1036 A &#8211; 982 B, sono stati ritrovati attorno alle 21 e riaccompagnati alla macchina.<\/p>\n<p>&nbsp;<\/p>\n<h1><\/h1>\n<h1><\/h1>\n<h1>PANDA FUORI STRADA, 80ENNE FERITO<\/h1>\n<p><strong>SANTA GIUSTINA<\/strong>\u00a0Uscita di strada autonoma per\u00a0\u00a0G.P., 80enne di Santa Giustina. L\u2019uomo ne avr\u00e0 per una quarantina di giorni<br \/>\navendo riportato la frattura del polso sinistro e una serie contusioni. L\u2019incidente ieri pomeriggio all\u2019incrocio tra Rive di Bivai e Rive di Salmenega, ovvero lungo la strada che corre parallela tra la Sr 50 e la ferrovia. Da una prima ricostruzione l\u2019auto ha cominciato a zigzagare per poi finire fuori della carreggiata. Sul posto l\u2019ambulanza inviata dal pronto soccorso dell\u2019ospedale di Feltre,\u00a0 vigili<br \/>\ndel fuoco e\u00a0 carabinieri \u00a0di Trichiana<\/p>\n<p>&nbsp;<\/p>\n<p>&nbsp;<\/p>\n<p>&nbsp;<\/p>\n<p>&nbsp;<\/p>\n<h1>FURTO IN AUTO IN VAL CANZOI<\/h1>\n<p><strong>CESIOMAGGIORE<\/strong> Domenica, al ritorno da un&#8217;escursione\u00a0si sono trovati il vetro rotto\u00a0dell\u2019auto. Sottratto il borsellino con dentro solo<br \/>\ndocumenti elevato il danno all&#8217;auto. I due escursionisti avevano parcheggiato\u00a0 su una piazzola vicino alla centrale Enel. PResentata<br \/>\nregolare denuncia ai Carabinieri<\/p>\n<p>&nbsp;<\/p>\n<p>&nbsp;<\/p>\n<p>&nbsp;<\/p>\n<p>&nbsp;<\/p>\n<h1>GIOVANE SCOMPARSO, SUBITO RITROVATO<\/h1>\n<p><strong>MEL<\/strong>\u00a0 Un 14enne feltrino ieri mattina \u00e8 sceso\u00a0dal bus senza lasciare traccia. Avrebbe detto agli amici di non sentirsi bene \u00a0lasciando sul sedile il suo zaino. Immediata la notizia via social, intorno a mezzogiorno e mezzo l\u2019allarme \u00e8 rientrato: il giovane studente aveva preso un altro bus per tornare a Feltre e aveva passato la mattinata con altri amici.<\/p>\n<p>&nbsp;<\/p>\n<p>&nbsp;<\/p>\n<blockquote><p><em>Gestione Servizi Pubblici informa che, per lavori alla rete idrica comunale domani e giovedi dalle 8 alle 17 potrebbe mancare l&#8217;acqua ad AGORDO in localit\u00e0 RIF. Il personale addetto operer\u00e0 per limitare il pi\u00f9 possibile i disagi alla popolazione. <\/em><\/p><\/blockquote>\n<p>&nbsp;<\/p>\n<p>&nbsp;<\/p>\n<p>&nbsp;<\/p>\n<p>&nbsp;<\/p>\n<h1>LICENZIAMENTI ALLA FEDON, OGGI SCIOPERO DI 8 ORE<\/h1>\n<p><strong><a class=\"dt-pswp-item\" href=\"http:\/\/www.radiopiu.net\/wordpress\/wp-content\/uploads\/2018\/10\/download-8.jpg\" data-dt-img-description=\"\" data-large_image_width=\"306\" data-large_image_height=\"164\"><img loading=\"lazy\" decoding=\"async\" class=\"size-medium wp-image-63384 alignleft\" src=\"http:\/\/www.radiopiu.net\/wordpress\/wp-content\/uploads\/2018\/10\/download-8-300x161.jpg\" alt=\"\" width=\"300\" height=\"161\" srcset=\"https:\/\/www.radiopiu.net\/wordpress\/wp-content\/uploads\/2018\/10\/download-8-300x161.jpg 300w, https:\/\/www.radiopiu.net\/wordpress\/wp-content\/uploads\/2018\/10\/download-8.jpg 306w\" sizes=\"auto, (max-width: 300px) 100vw, 300px\" \/><\/a>ALPAGO<\/strong> Otto ore di sciopero, oggi tutto io giorno per dire no ai 45 licenziamenti annunciati venerd\u00ec ai sindacati dalla Giorgio Fedon spa, storica azienda che produce astucci per occhiali con base in Alpago. E\u2019 la risposta dei lavoratori alla riorganizzazione aziendale illustrata venerd\u00ec pomeriggio ai rappresentanti sindacali di Femca Cisl e Filctem Cgil Belluno. Ieri mattina Milena Cesca (Femca Cisl) e Denise Casanova (Filctem Cgil) hanno spiegato la situazione ai 185 lavoratori riuniti in assemblea, il cui esito \u00e8 stato la proclamazione dello sciopero. <em>\u201cLa decisione presa dalla maggioranza dei lavoratori &#8211; spiegano Cesca e Casanova &#8211; rispecchia la preoccupazione per il piano di riduzione del personale annunciato dall\u2019azienda: un taglio di 25 impiegati e 10 operai e l\u2019intenzione di esternalizzare il magazzino, scelta che comporterebbe il licenziamento di altri 10 dipendenti. Siamo molto preoccupati perch\u00e9 siamo convinti che i tagli al personale non siano la soluzione che consenta di mettere in sicurezza i conti. Ricordiamo che Fedon ha chiuso il 2017 con una perdita di 4 milioni e il primo semestre 2018 con un risultato netto in perdita per 3,2 milioni di euro. \u00c8 necessario un piano di rilancio per rendere l\u2019azienda nuovamente competitiva: abbiamo rivendicato un piano industriale strategico di investimenti, ma per il momento ci hanno risposto solo con delle dichiarazioni di intenti\u201d.\u201cAll\u2019azienda &#8211; proseguono Cesca e Casanova &#8211; abbiamo anche chiesto che non ci siano licenziamenti forzati, ma solo uscite volontarie e la dirigenza ci ha garantito l\u2019intenzione di trovare soluzioni il meno possibile impattanti sui lavoratori e strategie per il rilancio. Li misureremo nei fatti. I lavoratori che abbiamo incontrato in assemblea per\u00f2, oltre che preoccupati si sono sentiti offesi perch\u00e9 hanno appreso dei licenziamenti dalle pagine dei giornali: evidentemente l\u2019azienda ha preferito informare prima la stampa che i suoi dipendenti\u201d.<\/em><\/p>\n<p>&nbsp;<\/p>\n<p>&nbsp;<\/p>\n<p>&nbsp;<\/p>\n<p>&nbsp;<\/p>\n<p>&nbsp;<\/p>\n<blockquote>\n<h1><strong>55\u00b0 Anniversario del disastro del Vajont. Presenza del Sottosegretario all\u2019Interno, Sen. Stefano Candiani alle cerimonie commemorative.\u00a0<\/strong><\/h1>\n<p><strong>BELLUNO_LONGARONE\u00a0<\/strong>In occasione del 55\u00b0 Anniversario del disastro del Vajont sar\u00e0 presente in provincia il Sottosegretario di Stato all\u2019Interno, Senatore. Stefano Candiani. Il Sottosegretario prender\u00e0 parte alla commemorazione civile in programma\u00a0 alle 15, presso il Cimitero Monumentale di Fortogna nonch\u00e9 alla S. Messa in suffragio delle vittime. Successivamente visiter\u00e0 la sede del nuovo Comando Provinciale dei Vigili del Fuoco di Belluno, in via Col Da Ren, attualmente in costruzione.<\/p>\n<p>&nbsp;<\/p><\/blockquote>\n<p>&nbsp;<\/p>\n<p>&nbsp;<\/p>\n<p>&nbsp;<\/p>\n<p>&nbsp;<\/p>\n<p>&nbsp;<\/p>\n<h1>VAJONT: PRESIDENTE ZAIA, \u201cIL DOVERE DI RICORDARE 55 ANNI DOPO, NON SOLO LACRIME MA ATTENZIONE RESPONSABILE AL NOSTRO TERRITORIO\u201d<\/h1>\n<p><strong><a class=\"dt-pswp-item\" href=\"http:\/\/www.radiopiu.net\/wordpress\/wp-content\/uploads\/2018\/10\/212px-Diga_del_Vajont_.jpg\" data-dt-img-description=\"\" data-large_image_width=\"212\" data-large_image_height=\"300\"><img loading=\"lazy\" decoding=\"async\" class=\" wp-image-63385 alignleft\" src=\"http:\/\/www.radiopiu.net\/wordpress\/wp-content\/uploads\/2018\/10\/212px-Diga_del_Vajont_-212x300.jpg\" alt=\"\" width=\"196\" height=\"277\" \/><\/a>VENEZIA\u00a0<\/strong> \u201cCi sono tragedie che non possono essere mai archiviate ed una di queste \u00e8 il Vajont: abbiamo il dovere di piangere le vittime ma soprattutto di tenere bene a mente le responsabilit\u00e0\u201d. Cos\u00ec il presidente della Regione Veneto Luca Zaia alla vigilia del 55\u00b0 anniversario dell\u2019\u2019onda assassina\u2019 provocata dalla frana del monte Toc che precipitando nel bacino creato dalla diga del Vajont la notte del 9 ottobre 1963 spazz\u00f2 via case e abitanti di Longarone, Castellavazzo, Codissago e i paesini friulani di Erto e Casso. <em>\u201cUn\u2019ondata spaventosa di fango travolse e uccise quasi 2 mila persone, di queste un quarto erano bambini e ragazzi \u2013 ricorda il presidente \u2013 ma non fu una calamit\u00e0. E\u2019 stata una tragedia annunciata, temuta e negata fino all\u2019ultimo anche da chi doveva controllare\u201d.\u00a0<\/em><em>\u201cI veneti non possono, non vogliono e non devono dimenticare quelle giornate tragiche \u2013 afferma Zaia \u2013 Come ci ricordano gli scatti immortali di Bepi Zanfron, l\u2019impavido fotografo bellunese alla cui memoria quest\u2019anno \u00e8 stato assegnato il primo premio giornalistico, quelle furono le giornate della grande e immensa solidariet\u00e0 e della volont\u00e0 di ricostruzione, ma anche della vergogna nazionale per un disastro ambientale e umano, che poteva essere evitato\u201d.\u00a0\u201cFare memoria di quella tragedia significa \u2013 conclude il presidente del Veneto \u2013 assumere la consapevolezza che l\u2019interesse del territorio non pu\u00f2 mai essere piegato a quello degli affari e che la salvaguardia delle persone e dell\u2019ambiente \u00e8 la prima responsabilit\u00e0 della \u2018buona\u2019 amministrazione e della \u2018buona\u2019 politica. Un impegno che oggi per noi si traduce nel piano di piccole e grandi opere avviato dal 2010 per la messa in sicurezza del Veneto e soprattutto, in un diverso modo di pensare ai grandi interventi infrastrutturali, che devono \u2013 sin dai primi calcoli progettuali \u2013 anteporre sicurezza e prevenzione\u201d.<\/em><\/p>\n<p>&nbsp;<\/p>\n<p>&nbsp;<\/p>\n<p>&nbsp;<\/p>\n<p>&nbsp;<\/p>\n<h1>DOCENTE CERCASI<\/h1>\n<p>AGORDO<strong> Presso l&#8217;Istituto Superiore FOLLADOR DE ROSSI \u00e8 necessario reperire un docente per l&#8217;insegnamento di A042 discipline meccaniche e tecnologia. I titoli di accesso sono: lauree in ingegneria meccanica, ingegneria spaziale, aeuronautica, ingegneria navale.\u00a0\u00a0<\/strong><strong>Con il docente individuato dar\u00e0 stipulato un contratto fino ale 30 giugno 2019 per 5 ore settimanale, due giornate di servizio.\u00a0<\/strong><span style=\"color: #ff0000;\"><strong>LE DOMANDE DEVONO PERVENIRE ENTRO IL 13 OTTOBRE ALL&#8217;INDIRIZZO: blis00600e@istruzione.it<\/strong><\/span><\/p>\n<p>&nbsp;<\/p>\n<p>&nbsp;<\/p>\n<h1><\/h1>\n<h1><\/h1>\n<h1><\/h1>\n<h1><\/h1>\n<h1>PROGETTO COMPRENSORIALE PER L&#8217;IVANO DORIGO. LO AUSPICA L&#8217;AMMINISTRAZIONE COMUNALE DI AGORDO GUARDANDO AI FONDI DI CONFINE D&#8217;AREA VASTA, PURCHE&#8217; DA ROIT METTA DACCORDO I COLLEGHI SINDACI<\/h1>\n<p><strong><a class=\"dt-pswp-item\" href=\"http:\/\/www.radiopiu.net\/wordpress\/wp-content\/uploads\/2018\/10\/download-9.jpg\" data-dt-img-description=\"\" data-large_image_width=\"260\" data-large_image_height=\"194\"><img loading=\"lazy\" decoding=\"async\" class=\"size-full wp-image-63395 alignleft\" src=\"http:\/\/www.radiopiu.net\/wordpress\/wp-content\/uploads\/2018\/10\/download-9.jpg\" alt=\"\" width=\"260\" height=\"194\" \/><\/a><\/strong><\/p>\n<p>&nbsp;<\/p>\n<p><strong>AGORDO<\/strong> Ammontano a 42 mila euro i costi progettuali per la realizzazione delle tribune coperte allo stadio Ivano Dorigo di Agordo e per la riqualificazione del Municipio. L&#8217;obiettivo dell&#8217;amministrazione \u00e8 di farsi trovare pronta con un progetto che interessi tutto l&#8217;Agordino, quindi di area vasta, per poter accedere ai fondi di confine. In proposito il consigliere di Immaginiamo Agordo Roberto Chissal\u00e8 ha interrogato il sindaco Sisto Da Roit.<\/p>\n<audio class=\"wp-audio-shortcode\" id=\"audio-63368-1\" preload=\"none\" style=\"width: 100%;\" controls=\"controls\"><source type=\"audio\/mpeg\" src=\"http:\/\/www.radiopiu.net\/wordpress\/wp-content\/uploads\/2018\/10\/CHISSALE-4.mp3?_=1\" \/><a href=\"http:\/\/www.radiopiu.net\/wordpress\/wp-content\/uploads\/2018\/10\/CHISSALE-4.mp3\">http:\/\/www.radiopiu.net\/wordpress\/wp-content\/uploads\/2018\/10\/CHISSALE-4.mp3<\/a><\/audio>\n<p>Ecco la risposta del sindaco e le idee dell&#8217;amministrazione comunale che fa riferimento anche ai bandi del Coni purch\u00e9 l&#8217;amministrazione si faccia trovare pronta con progetti alla mano.<\/p>\n<audio class=\"wp-audio-shortcode\" id=\"audio-63368-2\" preload=\"none\" style=\"width: 100%;\" controls=\"controls\"><source type=\"audio\/mpeg\" src=\"http:\/\/www.radiopiu.net\/wordpress\/wp-content\/uploads\/2018\/10\/SISTO3.mp3?_=2\" \/><a href=\"http:\/\/www.radiopiu.net\/wordpress\/wp-content\/uploads\/2018\/10\/SISTO3.mp3\">http:\/\/www.radiopiu.net\/wordpress\/wp-content\/uploads\/2018\/10\/SISTO3.mp3<\/a><\/audio>\n<p>Invece a proposito del Municipio ecco il commento del sindaco<\/p>\n<audio class=\"wp-audio-shortcode\" id=\"audio-63368-3\" preload=\"none\" style=\"width: 100%;\" controls=\"controls\"><source type=\"audio\/mpeg\" src=\"http:\/\/www.radiopiu.net\/wordpress\/wp-content\/uploads\/2018\/10\/SISTO-4.mp3?_=3\" \/><a href=\"http:\/\/www.radiopiu.net\/wordpress\/wp-content\/uploads\/2018\/10\/SISTO-4.mp3\">http:\/\/www.radiopiu.net\/wordpress\/wp-content\/uploads\/2018\/10\/SISTO-4.mp3<\/a><\/audio>\n<p>Pertanto riassumendo ecco il totale delle spese progettuali<\/p>\n<audio class=\"wp-audio-shortcode\" id=\"audio-63368-4\" preload=\"none\" style=\"width: 100%;\" controls=\"controls\"><source type=\"audio\/mpeg\" src=\"http:\/\/www.radiopiu.net\/wordpress\/wp-content\/uploads\/2018\/10\/SISTO-5.mp3?_=4\" \/><a href=\"http:\/\/www.radiopiu.net\/wordpress\/wp-content\/uploads\/2018\/10\/SISTO-5.mp3\">http:\/\/www.radiopiu.net\/wordpress\/wp-content\/uploads\/2018\/10\/SISTO-5.mp3<\/a><\/audio>\n<p>Anche Cristina Bien ha auspicato un accordo tra i sindaci e che i fondi di confine trovino concretezza meglio che in altri progetti<\/p>\n<audio class=\"wp-audio-shortcode\" id=\"audio-63368-5\" preload=\"none\" style=\"width: 100%;\" controls=\"controls\"><source type=\"audio\/mpeg\" src=\"http:\/\/www.radiopiu.net\/wordpress\/wp-content\/uploads\/2018\/10\/CRISTINA-2.mp3?_=5\" \/><a href=\"http:\/\/www.radiopiu.net\/wordpress\/wp-content\/uploads\/2018\/10\/CRISTINA-2.mp3\">http:\/\/www.radiopiu.net\/wordpress\/wp-content\/uploads\/2018\/10\/CRISTINA-2.mp3<\/a><\/audio>\n<p>Per il consigliere Paolo Selva Moretti sar\u00e0 importante comunque mettere mano al campo sintetico richiamando alla memoria l&#8217;ex consigliere Graziano Ronchi<\/p>\n<audio class=\"wp-audio-shortcode\" id=\"audio-63368-6\" preload=\"none\" style=\"width: 100%;\" controls=\"controls\"><source type=\"audio\/mpeg\" src=\"http:\/\/www.radiopiu.net\/wordpress\/wp-content\/uploads\/2018\/10\/SELVA-4.mp3?_=6\" \/><a href=\"http:\/\/www.radiopiu.net\/wordpress\/wp-content\/uploads\/2018\/10\/SELVA-4.mp3\">http:\/\/www.radiopiu.net\/wordpress\/wp-content\/uploads\/2018\/10\/SELVA-4.mp3<\/a><\/audio>\n<p>Infine il consigliere comunale Roberto Chissal\u00e8 pur condividendo le grandi progettualit\u00e0 non ha mancato di criticare l&#8217;operato dell&#8217;amministrazione per lo stato in cui versa il tappeto erboso dell&#8217;Ivano Dorigo, in buono stato secondo il sindaco, ma non per Chissal\u00e8.<\/p>\n<audio class=\"wp-audio-shortcode\" id=\"audio-63368-7\" preload=\"none\" style=\"width: 100%;\" controls=\"controls\"><source type=\"audio\/mpeg\" src=\"http:\/\/www.radiopiu.net\/wordpress\/wp-content\/uploads\/2018\/10\/CHISSALE-5.mp3?_=7\" \/><a href=\"http:\/\/www.radiopiu.net\/wordpress\/wp-content\/uploads\/2018\/10\/CHISSALE-5.mp3\">http:\/\/www.radiopiu.net\/wordpress\/wp-content\/uploads\/2018\/10\/CHISSALE-5.mp3<\/a><\/audio>\n<p>&nbsp;<\/p>\n<p>&nbsp;<\/p>\n<p>&nbsp;<\/p>\n<p>&nbsp;<\/p>\n<p>&nbsp;<\/p>\n<p>&nbsp;<\/p>\n<h1>ANTICIPATA ANCORA DI PIU\u2019 LA MANOVRA DI BILANCIO 2019-2021. FORCOLIN: \u201cGARANTITA LA COPERTURA DI TUTTE LE POSTE STRATEGICHE SU CUI LA REGIONE SI \u00c8 IMPEGNATA\u201d<\/h1>\n<p><strong><a class=\"dt-pswp-item\" href=\"http:\/\/www.radiopiu.net\/wordpress\/wp-content\/uploads\/2016\/06\/1435664065538_Forcolin_Gianluca-2.jpg\" data-dt-img-description=\"\" data-large_image_width=\"580\" data-large_image_height=\"800\"><img loading=\"lazy\" decoding=\"async\" class=\"size-medium wp-image-20331 alignleft\" src=\"http:\/\/www.radiopiu.net\/wordpress\/wp-content\/uploads\/2016\/06\/1435664065538_Forcolin_Gianluca-2-218x300.jpg\" alt=\"\" width=\"218\" height=\"300\" \/><\/a>VENEZIA<\/strong>\u00a0 \u201cL\u2019anno scorso la giunta regionale aveva approvato la proposta di manovra di bilancio il 17 ottobre, anticipandola rispetto all\u2019anno precedente in cui era stata approvata il 26 ottobre. Quest\u2019anno abbiamo ulteriormente anticipato i tempi, approvandola l\u20198 ottobre. Il nostro obiettivo \u00e8 sempre quello di avviare il pi\u00f9 rapidamente possibile l\u2019iter per arrivare all\u2019approvazione finale da parte del consiglio regionale in modo che le risorse siano messe quanto prima a disposizione degli enti locali, delle imprese e dei cittadini veneti. La \u201csoddisfazione del cliente\u201d \u00e8 una, se non la principale, delle nostre priorit\u00e0\u201d. Lo ha sottolineato il vicepresidente e assessore al bilancio Gianluca Forcolin, dopo che la giunta veneta ha licenziato nella seduta odierna la manovra di bilancio previsionale 2019-2021, abbinata alla legge di stabilit\u00e0 e al collegato. Una manovra che si attesta per il 2019 su un valore complessivo (comprese le partite di giro) di 16 miliardi 73 milioni di euro, di cui 9 miliardi 159 milioni relativi al Fondo sanitario regionale. \u201cCon le risorse disponibili che continuano a risentire dei continui tagli imposti dai precedenti governi &#8211; fa rilevare Forcolin &#8211; abbiamo comunque presentato un bilancio che ha come parole chiave \u201ccredibilit\u00e0 e sobriet\u00e0\u201d. Garantisce la copertura di tutte le poste strategiche su cui la Regione ha preso precisi impegni. Ma soprattutto viene confermato che il Veneto non far\u00e0 ricorso a nessuna manovra fiscale, lasciando i circa 1150 milioni che ne sarebbero derivati nelle tasche di cittadini e imprese\u201d. \u201cRiuscire a cominciare da inizio anno con un bilancio approvato e non provvisorio \u2013 aggiunge &#8211; significa poter avviare da subito liquidazioni verso creditori. Ma significa anche poter aprire da subito i bandi in tutte le linee di spesa che hanno copertura. Bandi per le imprese, azioni per il turismo, per l\u2019agricoltura, per lo sviluppo economico, risorse per le scuole paritarie, per la formazione, per il lavoro per il sociale e per la sanit\u00e0. Attivare e dare continuit\u00e0 ai contratti con i forestali, all\u2019erogazione dei servizi da parte delle aziende di trasporto pubblico locale, di Trenitalia, alla programmazione comunitaria. Dare al sistema delle Province la copertura finanziaria delle funzioni cosiddette non fondamentali e, quindi, garantirne l\u2019equilibrio finanziario compromesso dallo Stato con la riforma Delrio, con cui lo Stato ha praticamente svaligiato le casse provinciali\u201d. \u201cCon il Bilancio e il Collegato alla Stabilit\u00e0 2019-2021 \u2013 conclude Forcolin &#8211; si d\u00e0 inoltre certezza di risorse agli enti strumentali per operare nel territorio, rafforzandone il ruolo operativo per offrire sempre migliori e maggiori servizi per i cittadini, anche sburocratizzando l\u2019azione amministrativa e riducendo i tempi di risposta. Avviare e proseguire opere, infrastrutture e lavori pubblici, una fra tutte la superstrada Pedemontana Veneta, nonch\u00e9 sostenere le politiche ambientali, la protezione civile, gli interventi di messa in sicurezza del territorio, lo sport, la cultura, i grandi eventi\u201d.\u00f9<\/p>\n<p>&nbsp;<\/p>\n<p>&nbsp;<\/p>\n<p>&nbsp;<\/p>\n<p>&nbsp;<\/p>\n<p>&nbsp;<\/p>\n<h1><\/h1>\n<h1><\/h1>\n<h1><\/h1>\n<h1>AL VIA BANDO PER ROTTAMAZIONE VEICOLI COMMERCIALI. BOTTACIN: &#8220;GRANDISSIMA ATTENZIONE PER LE MISURE VOLTE A MIGLIORARE LA QUALIT\u00c0 DELL&#8217;ARIA\u201d. CONTRIBUTI FINO A 10 MILA EURO<\/h1>\n<p><strong>VENEZIA\u00a0\u00a0<\/strong>E\u2019 stato approvato dalla Giunta regionale su proposta dell&#8217;assessore all&#8217;ambiente Gianpaolo Bottacin un nuovo bando, collegato alle diverse iniziative promosse per il risanamento dell&#8217;aria, che prevede contributi per le aziende micro, piccole e medie che intendano acquistare nuovi veicoli commerciali N1 e N2 con la contestuale rottamazione di mezzi di categoria fino a Euro3. <em>&#8220;Si tratta di una delle diverse azioni che ho proposto di finanziarie tra quelle concertate nell&#8217;ambito dell&#8217;accordo del Bacino Padano &#8211; spiega Bottacin &#8211; che abbiamo firmato con il Ministero dell&#8217;Ambiente assieme alle Regioni Lombardia, Piemonte ed Emilia nel giugno dello scorso anno. Una delibera che, per quest&#8217;anno, nasce a livello sperimentale, ma in cui abbiamo recepito alcuni spunti raccolti anche da un incontro che, insieme al collega assessore alle attivit\u00e0 produttive Marcato, abbiamo avuto con i rappresentanti di categoria di Confcommercio e Confartigianato&#8221;.\u00a0<\/em>Nel dettaglio la delibera prevede diverse forme di contributo a seconda delle dimensioni dei vari mezzi arrivando fino a 10.000 euro per un nuovo veicolo elettrico, 8.000 euro per un ibrido, 7.000 per mezzi GPL. <em>&#8220;Cifre importanti, in alcuni casi anche superiori a quanto proposto dalle altre Regioni &#8211; aggiunge l&#8217;assessore &#8211; ma che abbiamo deciso di proporre al fine di dare un vero incentivo al cambio dei vecchi veicoli ad uso commerciale. Essendo in via sperimentale non \u00e8 stata ancora quantificata la cifra di bilancio, in quanto sar\u00e0 collegata al livello di interesse che ci sar\u00e0 da parte del privati e dal conseguente numero delle domande, ma conto di poter mettere a disposizione per questa parte residua dell&#8217;anno almeno mezzo milione di euro&#8221;.\u00a0<\/em>A breve il bando sar\u00e0 pubblicato sul BUR e da quel giorno ci saranno 30 giorni per presentare le domande, ma fin d&#8217;ora si possono chiedere informazioni alla Direzione Atmosfera della Regione (tel. 041.2792442 o mail:\u00a0 tmosfera@regione.veneto.it).\u00a0<em>&#8220;Si tratta dell&#8217;ennesimo provvedimento &#8211; conclude Bottacin &#8211; con cui il Veneto manifesta la sua grandissima attenzione per tutte quelle misure che possano aiutare a migliorare la qualit\u00e0 dell&#8217;aria oltre che, in questo caso, risultare anche un valido incentivo per le imprese&#8221;.<\/em><\/p>\n<p>&nbsp;<\/p>\n<p>&nbsp;<\/p>\n<p>&nbsp;<\/p>\n<p>&nbsp;<\/p>\n<p>&nbsp;<\/p>\n<h1>ALESSANDRA FONTANA RIMANE ALLA GUIDA DELLA FILT CGIL, FEDERAZIONE LAVORI TRASPORTI.<\/h1>\n\n\t\t\t<style type='text\/css'>\n\t\t\t\t#gallery-1 {\n\t\t\t\t\tmargin: auto;\n\t\t\t\t}\n\t\t\t\t#gallery-1 .gallery-item {\n\t\t\t\t\tfloat: left;\n\t\t\t\t\tmargin-top: 10px;\n\t\t\t\t\ttext-align: center;\n\t\t\t\t\twidth: 33%;\n\t\t\t\t}\n\t\t\t\t#gallery-1 img {\n\t\t\t\t\tborder: 2px solid #cfcfcf;\n\t\t\t\t}\n\t\t\t\t#gallery-1 .gallery-caption {\n\t\t\t\t\tmargin-left: 0;\n\t\t\t\t}\n\t\t\t\t\/* see gallery_shortcode() in wp-includes\/media.php *\/\n\t\t\t<\/style>\n\t\t<div id='gallery-1' class='dt-gallery-container gallery galleryid-63368 gallery-columns-3 gallery-size-thumbnail'><dl class='gallery-item'>\n\t\t\t\t<dt class='gallery-icon landscape'>\n\t\t\t\t\t<a class=\"rollover\" href='https:\/\/www.radiopiu.net\/wordpress\/giornale-radiopiu-09-ottobre-2018-direttore-mirko-mezzacasa\/whatsapp-image-2018-10-08-at-10-16-21-1-2\/'><img loading=\"lazy\" decoding=\"async\" width=\"150\" height=\"150\" src=\"https:\/\/www.radiopiu.net\/wordpress\/wp-content\/uploads\/2018\/10\/WhatsApp-Image-2018-10-08-at-10.16.21-1-1-150x150.jpeg\" class=\"attachment-thumbnail size-thumbnail\" alt=\"\" \/><\/a>\n\t\t\t\t<\/dt><\/dl><dl class='gallery-item'>\n\t\t\t\t<dt class='gallery-icon landscape'>\n\t\t\t\t\t<a class=\"rollover\" href='https:\/\/www.radiopiu.net\/wordpress\/giornale-radiopiu-09-ottobre-2018-direttore-mirko-mezzacasa\/whatsapp-image-2018-10-08-at-10-16-21-1\/'><img loading=\"lazy\" decoding=\"async\" width=\"150\" height=\"150\" src=\"https:\/\/www.radiopiu.net\/wordpress\/wp-content\/uploads\/2018\/10\/WhatsApp-Image-2018-10-08-at-10.16.21-1-150x150.jpeg\" class=\"attachment-thumbnail size-thumbnail\" alt=\"\" \/><\/a>\n\t\t\t\t<\/dt><\/dl>\n\t\t\t\t<br style='clear: both' \/>\n\t\t\t<\/div>\n\n<p><strong>BELLUNO<\/strong> 11esimo congresso Cgil\u00a0 alla Nogherazza di Castion, incisiva la relazione della Fontana con un bilancio del lavoro svolto nell&#8217;ultimo mandato, impegno condiviso.<\/p>\n<p><strong>DI ROBERTO BONA<\/strong><\/p>\n<audio class=\"wp-audio-shortcode\" id=\"audio-63368-8\" preload=\"none\" style=\"width: 100%;\" controls=\"controls\"><source type=\"audio\/mpeg\" src=\"http:\/\/www.radiopiu.net\/wordpress\/wp-content\/uploads\/2018\/10\/ROBERTO-COMPLESTO.mp3?_=8\" \/><a href=\"http:\/\/www.radiopiu.net\/wordpress\/wp-content\/uploads\/2018\/10\/ROBERTO-COMPLESTO.mp3\">http:\/\/www.radiopiu.net\/wordpress\/wp-content\/uploads\/2018\/10\/ROBERTO-COMPLESTO.mp3<\/a><\/audio>\n<p>&nbsp;<\/p>\n<p>&nbsp;<\/p>\n<p>&nbsp;<\/p>\n<p>&nbsp;<\/p>\n<p>&nbsp;<\/p>\n<p>&nbsp;<\/p>\n<p>&nbsp;<\/p>\n<p>&nbsp;<\/p>\n<h1>IL SOCIALE PREMIA LO SPORT, PER SENSIBILIZZARE.<\/h1>\n<p><strong><a class=\"dt-pswp-item\" href=\"http:\/\/www.radiopiu.net\/wordpress\/wp-content\/uploads\/2018\/10\/Locandina-13-ottobre-2018.jpg\" data-dt-img-description=\"\" data-large_image_width=\"1131\" data-large_image_height=\"1600\"><img loading=\"lazy\" decoding=\"async\" class=\" wp-image-63386 alignleft\" src=\"http:\/\/www.radiopiu.net\/wordpress\/wp-content\/uploads\/2018\/10\/Locandina-13-ottobre-2018-212x300.jpg\" alt=\"\" width=\"125\" height=\"177\" srcset=\"https:\/\/www.radiopiu.net\/wordpress\/wp-content\/uploads\/2018\/10\/Locandina-13-ottobre-2018-212x300.jpg 212w, https:\/\/www.radiopiu.net\/wordpress\/wp-content\/uploads\/2018\/10\/Locandina-13-ottobre-2018-768x1086.jpg 768w, https:\/\/www.radiopiu.net\/wordpress\/wp-content\/uploads\/2018\/10\/Locandina-13-ottobre-2018-724x1024.jpg 724w, https:\/\/www.radiopiu.net\/wordpress\/wp-content\/uploads\/2018\/10\/Locandina-13-ottobre-2018.jpg 1131w\" sizes=\"auto, (max-width: 125px) 100vw, 125px\" \/><\/a>FELTRE<\/strong>\u00a0Sabato\u00a0 dalle\u00a0 20.15,si terr\u00e0 a Feltre presso l\u2019Istituto Canossiano, una serata organizzata dalla\u00a0 Associazione \u201cIL SOCIALE PREMIA LO SPORT \u201c, sodalizio che opera a sostegno del sociale ed organizza degli eventi il cui scopo \u00e8 quello di sensibilizzare l\u2019opinione pubblica su importanti tematiche di carattere sociale. L\u2019appuntamento di sabato 13 ottobre, giunto alla sesta edizione, vedr\u00e0 la partecipazione di importanti figure del mondo dello sport. Gli ospiti: MARCELLO NICCHI: Presidente Associazione Italiana Arbitri; GABRIELE DE NARD: mezzofondista italiano; ORAZIO ZANIN : Delegato Provinciale F.I.G.C. Belluno SAURO CORO\u2019: Allenatore Whellchair Hockey Black Lions Venezia, neo Campione del mondo con la Nazionale Italiana STEFANO BUOSI: Capitano Nazionale di calcio trapiantati AXEL BASSANI: pilota motociclistico. Nel corso della serata, avente come tema : \u201cSOCIALE: VIVERLO OGGI PER SCRIVERLO DOMANI\u201d, verr\u00e0 sottolineato come sia importante vivere e capire il sociale di oggi per migliorare quello di domani. Gli ospiti\u00a0 porteranno il loro contributo e la loro esperienza in un dibattito. Nella fase clou della serata \u00e8 prevista la consegna di un riconoscimento all\u2019Associazione Italiana Arbitri, ritirato dal suo massimo rappresentante, il Presidente Marcello Nicchi.<\/p>\n<blockquote><p>L\u2019Associazione \u201cIL SOCIALE PREMIA LO SPORT\u201d ha inteso premiare l\u2019A.I.A. per il suo quotidiano contributo fatto di impegno, di rispetto delle regole, di garanzia nel corretto svolgimento delle competizioni calcistiche ad ogni livello, nella valorizzazione dei giovani.<\/p><\/blockquote>\n<p>&nbsp;<\/p>\n<p>&nbsp;<\/p>\n<p>&nbsp;<\/p>\n<p>&nbsp;<\/p>\n<p>&nbsp;<\/p>\n<p>&nbsp;<\/p>\n<h1>UNA NUOVA CASA PER GLI ARBITRI<\/h1>\n<p><a class=\"dt-pswp-item\" href=\"http:\/\/www.radiopiu.net\/wordpress\/wp-content\/uploads\/2018\/10\/pp.jpg\" data-dt-img-description=\"\" data-large_image_width=\"640\" data-large_image_height=\"640\"><img loading=\"lazy\" decoding=\"async\" class=\" wp-image-63382 alignleft\" src=\"http:\/\/www.radiopiu.net\/wordpress\/wp-content\/uploads\/2018\/10\/pp-300x300.jpg\" alt=\"\" width=\"194\" height=\"194\" srcset=\"https:\/\/www.radiopiu.net\/wordpress\/wp-content\/uploads\/2018\/10\/pp-300x300.jpg 300w, https:\/\/www.radiopiu.net\/wordpress\/wp-content\/uploads\/2018\/10\/pp-150x150.jpg 150w, https:\/\/www.radiopiu.net\/wordpress\/wp-content\/uploads\/2018\/10\/pp.jpg 640w\" sizes=\"auto, (max-width: 194px) 100vw, 194px\" \/><\/a>Dopo quasi 85 anni di attivit\u00e0, finalmente la Sezione AIA di Belluno avr\u00e0 una\u00a0 sede definitiva.\u00a0 E&#8217;\u00a0stata firmata dal Presidente Da Riz e da un funzionario del comune di Belluno, il Dott. Carlo Erranti responsabile dell&#8217;ufficio edilizia del comune di Belluno, la convenzione per la concessione di alcuni locali presso l&#8217;ex caserma Piave in via Tiziano Vecellio a Belluno. &#8220;Con dei lavori di ristrutturazione, che gli arbitri bellunesi dovranno realizzare &#8211; si legge nella nota dell&#8217;Aia &#8211;\u00a0 si conta di adibire una stanza a ufficio per la presidenza, la segreteria e le designazioni, un altra stanza sar\u00e0 dedicata alla zona svago, dove i giovani arbitri possono incontrarsi per scambiare opinioni e pareri, e una spaziosa sala riunioni, dove si terranno le riunioni tecniche obbligatorie dove i fischietti e gli osservatori bellunesi si aggiornano e si formano in un ottica di crescita continua. Si prevede di entrare ufficialmente nella sede nuova nella primavera del 2019 e da li comincer\u00e0 una nuova era per l&#8217;AIA di Belluno&#8221;. Il responsabile dei lavori sar\u00e0 il segretario sezionale, Nicholas Cesco, che, dopo aver seguito la parte burocratica,\u00a0 sta gi\u00e0 coordinando le varie forze per i vari lavori che dovranno essere effettuati. Il Presidente Da Riz (foto)\u00a0 esprime una grossa soddisfazione per il risultato ottenuto e si augura che con questa nuova casa i giovani bellunesi si avvicinino a questo mondo, per praticare uno sport un po&#8217; diverso ma appassionante e appagante.<\/p>\n<p><strong>AUDIO, DEVIS DA RIZ<\/strong><\/p>\n<audio class=\"wp-audio-shortcode\" id=\"audio-63368-9\" preload=\"none\" style=\"width: 100%;\" controls=\"controls\"><source type=\"audio\/mpeg\" src=\"http:\/\/www.radiopiu.net\/wordpress\/wp-content\/uploads\/2018\/10\/DEVIS.mp3?_=9\" \/><a href=\"http:\/\/www.radiopiu.net\/wordpress\/wp-content\/uploads\/2018\/10\/DEVIS.mp3\">http:\/\/www.radiopiu.net\/wordpress\/wp-content\/uploads\/2018\/10\/DEVIS.mp3<\/a><\/audio>\n<p>&nbsp;<\/p>\n<h1><\/h1>\n<p>&nbsp;<\/p>\n<p>&nbsp;<\/p>\n<p>&nbsp;<\/p>\n<blockquote>\n<h1>IL CONVEGNO DEL CONSORZIO BIM PIAVE SULLA MOBILITA&#8217;<\/h1>\n<p><strong>BELLUNO<\/strong> Il Consorzio BIM Piave di Belluno si \u00e8 fatto promotore dell&#8217;evento \u201cOpportunit\u00e0 per una mobilit\u00e0 intelligente e sostenibile in provincia di Belluno: iniziative di trasporto non convenzionale e condivisione del mezzo privato per la realt\u00e0 locale\u201d organizzato nell\u2019ambito del progetto europeo ASTUS \u201cAlpine Smart Transport and Urbanism Strategies\u201d.\u00a0 E&#8217; in programma luned\u00ec 15 ottobre\u00a0 alle\u00a0 9\u00a0 presso l\u2019Hotel Villa Carpenada a Belluno. Il progetto ASTUS, inserito all\u2019interno del programma Interreg Spazio Alpino 2014-2020, ha lo scopo di ridurre l&#8217;impatto ambientale dovuto agli spostamenti in auto e nasce dall\u2019esigenza di trovare soluzioni sostenibili per rispondere al costante aumento del volume di traffico nell\u2019area alpina dove la diffusione di strutture abitative auto-dipendenti costringe spesso gli abitanti a utilizzare la propria auto per i viaggi quotidiani. Esso mira ad aiutare le autorit\u00e0 locali a identificare e implementare soluzioni a lungo termine sia nella mobilit\u00e0 che nella pianificazione territoriale per ridurre gli impatti di CO2 legati agli spostamenti quotidiani nell\u2019area alpina.<\/p><\/blockquote>\n<p>&nbsp;<\/p>\n<p>&nbsp;<\/p>\n<p>&nbsp;<\/p>\n<p>&nbsp;<\/p>\n<p>&nbsp;<\/p>\n<h1>LE MALGHE AGORDINE, ECCO LA CARTINA<\/h1>\n<blockquote><p>\u00a0<em>Tradizione, gastronomia, tutela del territorio\u201d 28.9.2018<\/em><\/p><\/blockquote>\n<p><a class=\"dt-pswp-item\" href=\"http:\/\/www.radiopiu.net\/wordpress\/wp-content\/uploads\/2018\/10\/2018_foto-per-CS-1.jpg\" data-dt-img-description=\"\" data-large_image_width=\"939\" data-large_image_height=\"954\"><img loading=\"lazy\" decoding=\"async\" class=\" wp-image-63380 alignleft\" src=\"http:\/\/www.radiopiu.net\/wordpress\/wp-content\/uploads\/2018\/10\/2018_foto-per-CS-1-295x300.jpg\" alt=\"\" width=\"162\" height=\"162\" \/><\/a>In occasione della manifestazione \u201cSe desmonteghea 2018\u201d il Consorzio Pro Loco dell\u2019Agordino ha presentato la nuova cartina \u201cLe malghe agordine\u201d. Il progetto nato un paio di anni fa ha avuto, oltre all\u2019aiuto concreto, anche il patrocinio dell\u2019Union Ladina Val Biois e del Gruppo Folk Val Biois, ed \u00e8 stato realizzato grazie al Contributo dell\u2019Unione Montana Agordina e del Consorzio dei Comuni del Bacino Imbrifero Montano del Piave appartenenti alla Provincia di Belluno (Bim Piave). La cartina riporta le malghe agordine caricate con gli animali e su un lato la loro collocazione sul territorio, mentre sull\u2019altro lato una breve descrizione sul come raggiungerle. Completa l\u2019informazione una descrizione sull\u2019importanza del ruolo delle malghe dal punto di vista della tradizione, dei prodotti tipici e della tutela ambientale. Viene infine riportata sulla mappa l\u2019indicazione dell\u2019Alta Via dei Pastori. Il materiale verr\u00e0 distribuito e per la prossima stagione \u00e8 prevista la creazione e la diffusione di materiale informativo aggiornato con i contatti delle malghe ed i servizi offerti da affiancare alla cartina. Verr\u00e0 anche aggiornato, una volta di nuovo attivo, il servizio Open Alp Maps con le informazioni sulle strutture ed i pascoli.<\/p>\n\n\t\t\t<style type='text\/css'>\n\t\t\t\t#gallery-2 {\n\t\t\t\t\tmargin: auto;\n\t\t\t\t}\n\t\t\t\t#gallery-2 .gallery-item {\n\t\t\t\t\tfloat: left;\n\t\t\t\t\tmargin-top: 10px;\n\t\t\t\t\ttext-align: center;\n\t\t\t\t\twidth: 33%;\n\t\t\t\t}\n\t\t\t\t#gallery-2 img {\n\t\t\t\t\tborder: 2px solid #cfcfcf;\n\t\t\t\t}\n\t\t\t\t#gallery-2 .gallery-caption {\n\t\t\t\t\tmargin-left: 0;\n\t\t\t\t}\n\t\t\t\t\/* see gallery_shortcode() in wp-includes\/media.php *\/\n\t\t\t<\/style>\n\t\t<div id='gallery-2' class='dt-gallery-container gallery galleryid-63368 gallery-columns-3 gallery-size-thumbnail'><dl class='gallery-item'>\n\t\t\t\t<dt class='gallery-icon landscape'>\n\t\t\t\t\t<a class=\"rollover\" href='https:\/\/www.radiopiu.net\/wordpress\/giornale-radiopiu-09-ottobre-2018-direttore-mirko-mezzacasa\/2018_foto-per-cs-2\/'><img loading=\"lazy\" decoding=\"async\" width=\"150\" height=\"150\" src=\"https:\/\/www.radiopiu.net\/wordpress\/wp-content\/uploads\/2018\/10\/2018_foto-per-CS-2-150x150.jpg\" class=\"attachment-thumbnail size-thumbnail\" alt=\"\" aria-describedby=\"gallery-2-63379\" \/><\/a>\n\t\t\t\t<\/dt>\n\t\t\t\t\t<dd class='wp-caption-text gallery-caption' id='gallery-2-63379'>\n\t\t\t\t\tCLICCA PER INGRANDIRE \n\t\t\t\t\t<\/dd><\/dl>\n\t\t\t\t<br style='clear: both' \/>\n\t\t\t<\/div>\n\n<p>&nbsp;<\/p>\n<p>&nbsp;<\/p>\n<p>&nbsp;<\/p>\n<p>&nbsp;<\/p>\n<h1>Fiera del Bestiam e rassegna enogastronomica Formai e Vin &#8211; edizione 2018<\/h1>\n<p><strong><a class=\"dt-pswp-item\" href=\"http:\/\/www.radiopiu.net\/wordpress\/wp-content\/uploads\/2018\/10\/42787705_1739931949451148_1077264221168730112_n.jpg\" data-dt-img-description=\"\" data-large_image_width=\"877\" data-large_image_height=\"459\"><img loading=\"lazy\" decoding=\"async\" class=\"size-medium wp-image-62567 alignleft\" src=\"http:\/\/www.radiopiu.net\/wordpress\/wp-content\/uploads\/2018\/10\/42787705_1739931949451148_1077264221168730112_n-300x157.jpg\" alt=\"\" width=\"300\" height=\"157\" srcset=\"https:\/\/www.radiopiu.net\/wordpress\/wp-content\/uploads\/2018\/10\/42787705_1739931949451148_1077264221168730112_n-300x157.jpg 300w, https:\/\/www.radiopiu.net\/wordpress\/wp-content\/uploads\/2018\/10\/42787705_1739931949451148_1077264221168730112_n-768x402.jpg 768w, https:\/\/www.radiopiu.net\/wordpress\/wp-content\/uploads\/2018\/10\/42787705_1739931949451148_1077264221168730112_n.jpg 877w\" sizes=\"auto, (max-width: 300px) 100vw, 300px\" \/><\/a>AGORDO<\/strong> Dal 11 al 13 ottobre 2018 ad Agordo si svolger\u00e0 la \u201cFiera del Bestiam\u201d, annuale appuntamento dedicato alle tradizioni rurali, che ha lo scopo di promuovere i prodotti agro-alimentari ed artigianali della cultura montana agordina. All&#8217;interno dell&#8217;evento, \u201cAd Agordo Pro Loco\u201d organizza l&#8217;importante rassegna enogastronomica \u201cFormai e Vin\u201d, dove si potranno degustare i formaggi dei produttori agordini abbinati a vini di importanti cantine nazionali. La presentazione avverr\u00e0 gioved\u00ec 11 ottobre 2018 alle ore 18.00 presso il suggestivo scenario di Palazzo Crotta- De&#8217; Manzoni, la pi\u00f9 settentrionale delle ville venete, circondata dalla cornice delle Dolomiti Agordine. L&#8217;evento proseguir\u00e0 venerd\u00ec e sabato nei locali aderenti all&#8217;iniziativa, con assaggio dei formaggi del nostro territorio in abbinamento ad un vino selezionato.<\/p>\n<p><span style=\"color: #ff0000;\"><strong>DOMANI ALLE 15.10 E 20.10 SPECIALE, PRESENTAZIONE DELLA 19ESIMA EDIZIONE CON Stefano Tome&#8217;, Damiano Soppelsa e Alessandro Savio.<\/strong><\/span><\/p>\n<p>&nbsp;<\/p>\n<p>&nbsp;<\/p>\n<p>&nbsp;<\/p>\n<p>&nbsp;<\/p>\n<h1>L&#8217;OPINIONE, DI CLAUDIO PRA<\/h1>\n<blockquote><p><a class=\"dt-pswp-item\" href=\"http:\/\/www.radiopiu.net\/wordpress\/wp-content\/uploads\/2018\/10\/1091864_579878235404146_921876384_n.jpg\" data-dt-img-description=\"\" data-large_image_width=\"472\" data-large_image_height=\"711\"><img loading=\"lazy\" decoding=\"async\" class=\" wp-image-63413 alignleft\" src=\"http:\/\/www.radiopiu.net\/wordpress\/wp-content\/uploads\/2018\/10\/1091864_579878235404146_921876384_n-199x300.jpg\" alt=\"\" width=\"104\" height=\"157\" srcset=\"https:\/\/www.radiopiu.net\/wordpress\/wp-content\/uploads\/2018\/10\/1091864_579878235404146_921876384_n-199x300.jpg 199w, https:\/\/www.radiopiu.net\/wordpress\/wp-content\/uploads\/2018\/10\/1091864_579878235404146_921876384_n.jpg 472w\" sizes=\"auto, (max-width: 104px) 100vw, 104px\" \/><\/a>Lettera inviata agli organizzatori di Oltre Le Vette<\/p>\n<p>Oltre l&#8217;alpinismo?<\/p>\n<p>Posso permettermi di dire che il programma di &#8220;Oltre le Vette&#8221; degli ultimi anni non mi attira per niente? Con tutto il rispetto dell&#8217;alpinismo \u00e8 rimasto poco o nulla. Un bilanciamento alpinismo e cultura sarebbe l&#8217;ideale, ma cos\u00ec non \u00e8 pi\u00f9. Davvero un peccato secondo la mia modestissima opinione ovviamente opinabile. L&#8217;impressione \u00e8 che manchi nella cabina di regia qualcuno che riporti le cose in equilibrio. Non occorre invitare sempre il personaggione, bastano tanti locali silenziosi che avrebbero molto da raccontare. &#8220;Sere d&#8217;autunno&#8221; del CAI Agordo mi pare possa a questo punto la manifestazione pi\u00f9 importante in provincia<\/p>\n<p><strong>Claudio Pra_RADIO PIU\u00a0<\/strong><\/p><\/blockquote>\n<p>&nbsp;<\/p>\n<p>&nbsp;<\/p>\n<p>&nbsp;<\/p>\n<p>&nbsp;<\/p>\n<blockquote>\n<h1>SASS DE LA PALAZA Gruppo della Marmolada Escursionismo<\/h1>\n<p><strong>AGORDO<\/strong> Ultima escursione in programma per questo anno ove la sezione del Cai di Agordo festeggia il suo 150\u00b0 compleanno. A farla da padrona sono i colori caldi dell&#8217;autunno che con le loro tonalit\u00e0 che vanno dal giallo all&#8217;arancio per poi confluire nel pi\u00f9 triste marrone, segno inesorabile dell&#8217;avvicinarsi dell&#8217;inverno. Ancora una volta protagoniste le montagne di casa: Il Sass de la Pal\u00e0za, cima prativa e panoramica raggiungibile attraversando boschi di larici e prati d&#8217;alta quota, partendo poco a monte della frazione Sappade, in comune di Falcade. L&#8217;escursione ad anello presenta tratti valutati EE. info su 365.org<\/p>\n<p>&nbsp;<\/p><\/blockquote>\n<p>&nbsp;<\/p>\n<p>&nbsp;<\/p>\n<p>&nbsp;<\/p>\n<blockquote>\n<h1>ACCESSIBILITA&#8217;, IL CONVEGNO ASSI<\/h1>\n<p><strong>BELLUNO\u00a0<\/strong> &#8220;Accessibilit\u00e0:non solo una normativa,\u00a0 ma un modo di ripensare l&#8217;ambiente a misura d&#8217;uomo&#8221; che si terr\u00e0 dalle\u00a0 8.45 alle 13 di venerd\u00ec al Centro Giovanni XXIII a Belluno. L&#8217;evento \u00e8 organizzato dall&#8217;Ordine degli ingegneri di Belluno in collaborazione con l&#8217;ASSI Onlus. Interventi: Luca Luchetta persidente ordine ingegneri Belluno, Fabio De Battista presidente ordine architetti Belluno, Roberto Padrin presidente della Provincia, Arch. Stefano Maurizio libero professionista, Ing. Renzo Andrich Fondazione Don Gnocchi, Oscar De Pellegrino presidente Assi Onlus.<\/p><\/blockquote>\n<p>&nbsp;<\/p>\n<p>&nbsp;<\/p>\n<p>&nbsp;<\/p>\n<p>&nbsp;<\/p>\n<p>&nbsp;<\/p>\n<h1>IL COMUNE CERCA ISTRUTTORE DIRETTIVO<\/h1>\n<p><strong><a class=\"dt-pswp-item\" href=\"http:\/\/www.radiopiu.net\/wordpress\/wp-content\/uploads\/2016\/11\/bandi-e-concorsi-1.jpg\" data-dt-img-description=\"\" data-large_image_width=\"285\" data-large_image_height=\"270\"><img loading=\"lazy\" decoding=\"async\" class=\" wp-image-25480 alignleft\" src=\"http:\/\/www.radiopiu.net\/wordpress\/wp-content\/uploads\/2016\/11\/bandi-e-concorsi-1.jpg\" alt=\"\" width=\"85\" height=\"80\" \/><\/a>FELTRE<\/strong> Il Comune di Feltre ha emesso un concorso pubblico\u00a0\u00a0&#8220;PER SOLI ESAMI, PER L\u2019ASSUNZIONE A TEMPO INDETERMINATO DI\u00a0 UN ISTRUTTORE DIRETTIVO TECNICO \u2013 CATEGORIA D \u2013 ISTRUTTORE DIRETTIVO &#8211; PRESSO L\u2019U.O. FABBRICATI-CIMITERI-NETTEZZA URBANA DEL SETTORE GESTIONE DEL TERRITORIO&#8221;. SCADENZA PRESENTAZIONE DOMANDE:\u00a0 La data certa di scadenza per la presentazione delle domande sar\u00e0 pubblicata sul sito del Comune di Feltre.\u00a0Il bando integrale \u00e8 scaricabile dal sito del Comune di Feltre www.comune.feltre.bl.it.\u00a0Per informazioni rivolgersi all&#8217;Ufficio del Personale del Comune di Feltre &#8211; Tel. 0439\/885223. &#8221;<\/p>\n<p>&nbsp;<\/p>\n<p>&nbsp;<\/p>\n<p>&nbsp;<\/p>\n<p>&nbsp;<\/p>\n<p>&nbsp;<\/p>\n<p>&nbsp;<\/p>\n<h1>IL ROMANZO DI EZIO FRANCESCHINI, NELLA BATTAGLIA DELLE CENTRALINE UN INASPETTATO FINALE<\/h1>\n<p><strong><a class=\"dt-pswp-item\" href=\"http:\/\/www.radiopiu.net\/wordpress\/wp-content\/uploads\/2018\/10\/accadue\u00f2-franceschini.jpg\" data-dt-img-description=\"\" data-large_image_width=\"202\" data-large_image_height=\"292\"><img loading=\"lazy\" decoding=\"async\" class=\" wp-image-63397 alignleft\" src=\"http:\/\/www.radiopiu.net\/wordpress\/wp-content\/uploads\/2018\/10\/accadue\u00f2-franceschini.jpg\" alt=\"\" width=\"129\" height=\"186\" \/><\/a><\/strong><\/p>\n<p>&nbsp;<\/p>\n<p>&nbsp;<\/p>\n<p>&nbsp;<\/p>\n<p><strong>BELLUNO<\/strong> Domani alle 18 in Sala Bianche\u00a0 presentazione del romanzo \u201cACCADUE\u00d2\u201d di Ezio Franceschini. Interverr\u00e0 Michela Canova, componente del Consiglio nazionale dell\u2019Ordine dei giornalisti. La presentazione avverr\u00e0 nell\u2019ambito della 22a edizione della manifestazione \u201cOltre le Vette\u201d \u2013 Metafore, uomini, luoghi della montagna. Un giallo costruito sulla battaglia per contrastare l\u2019assalto\u00a0 ai torrenti con lo sfruttamento idrico.<\/p>\n<p>&nbsp;<\/p>\n<p><strong><a class=\"dt-pswp-item\" href=\"http:\/\/www.radiopiu.net\/wordpress\/wp-content\/uploads\/2018\/10\/25723_1364760719716_5721627_n.jpg\" data-dt-img-description=\"\" data-large_image_width=\"604\" data-large_image_height=\"403\"><img loading=\"lazy\" decoding=\"async\" class=\"alignnone wp-image-63412\" src=\"http:\/\/www.radiopiu.net\/wordpress\/wp-content\/uploads\/2018\/10\/25723_1364760719716_5721627_n-300x200.jpg\" alt=\"\" width=\"216\" height=\"144\" srcset=\"https:\/\/www.radiopiu.net\/wordpress\/wp-content\/uploads\/2018\/10\/25723_1364760719716_5721627_n-300x200.jpg 300w, https:\/\/www.radiopiu.net\/wordpress\/wp-content\/uploads\/2018\/10\/25723_1364760719716_5721627_n.jpg 604w\" sizes=\"auto, (max-width: 216px) 100vw, 216px\" \/>\u00a0\u00a0\u00a0\u00a0\u00a0\u00a0<\/a>AUDIO, EZIO FRANCESCHINI A RADIO PIU<\/strong><\/p>\n<audio class=\"wp-audio-shortcode\" id=\"audio-63368-10\" preload=\"none\" style=\"width: 100%;\" controls=\"controls\"><source type=\"audio\/mpeg\" src=\"http:\/\/www.radiopiu.net\/wordpress\/wp-content\/uploads\/2018\/10\/gr-09-ezio-francechini-1.mp3?_=10\" \/><a href=\"http:\/\/www.radiopiu.net\/wordpress\/wp-content\/uploads\/2018\/10\/gr-09-ezio-francechini-1.mp3\">http:\/\/www.radiopiu.net\/wordpress\/wp-content\/uploads\/2018\/10\/gr-09-ezio-francechini-1.mp3<\/a><\/audio>\n<p>&nbsp;<\/p>\n<p>&nbsp;<\/p>\n<p>&nbsp;<\/p>\n<p>&nbsp;<\/p>\n<p>&nbsp;<\/p>\n<p><strong>SERATE AL BURCIO PER VIVERE MEGLIO IL NOSTRO TERRITORIO<\/strong><\/p>\n<p>VENERDI ALLE 20.30 CON L&#8217;ASSOCIAZIONE VITICOLTORI ALPAGO<\/p>\n<p>20.30 APERTURA CON NICOLA BALCON, COMITATO FRAZIONALE RONCAN-CORNOLADE<\/p>\n<p>20.30 SHEILA DE BATTISTA ASS. VITICOLTORI ALPAGO<\/p>\n<p>21.00 MICHELA DAL BORGO ASS. VITICOLTORI ALPAGO<\/p>\n<p>Ingrresso libero nella sede dei circolo il Burcio, frazione Roncan 3 Ponte nelle Alpi<\/p>\n<p><strong>info 3402139945<\/strong><\/p>\n<p><a class=\"dt-pswp-item\" href=\"http:\/\/www.radiopiu.net\/wordpress\/wp-content\/uploads\/2018\/10\/43493507_274835756478233_8134611463839940608_n-1.png\" data-dt-img-description=\"\" data-large_image_width=\"720\" data-large_image_height=\"911\"><img loading=\"lazy\" decoding=\"async\" class=\"alignnone size-medium wp-image-63434\" src=\"http:\/\/www.radiopiu.net\/wordpress\/wp-content\/uploads\/2018\/10\/43493507_274835756478233_8134611463839940608_n-1-237x300.png\" alt=\"\" width=\"237\" height=\"300\" srcset=\"https:\/\/www.radiopiu.net\/wordpress\/wp-content\/uploads\/2018\/10\/43493507_274835756478233_8134611463839940608_n-1-237x300.png 237w, https:\/\/www.radiopiu.net\/wordpress\/wp-content\/uploads\/2018\/10\/43493507_274835756478233_8134611463839940608_n-1.png 720w\" sizes=\"auto, (max-width: 237px) 100vw, 237px\" \/><\/a><\/p>\n<p>&nbsp;<\/p>\n<p>&nbsp;<\/p>\n<p>&nbsp;<\/p>\n<p>&nbsp;<\/p>\n<p>&nbsp;<\/p>\n<p><a class=\"dt-pswp-item\" href=\"http:\/\/www.radiopiu.net\/wordpress\/wp-content\/uploads\/2018\/09\/banner-speciali.png\" data-dt-img-description=\"\" data-large_image_width=\"250\" data-large_image_height=\"175\"><img loading=\"lazy\" decoding=\"async\" class=\"alignnone size-full wp-image-59738\" src=\"http:\/\/www.radiopiu.net\/wordpress\/wp-content\/uploads\/2018\/09\/banner-speciali.png\" alt=\"\" width=\"250\" height=\"175\" \/><\/a><\/p>\n<h1>DALLA RASSEGNA STAMPA DA L&#8217;AMICO DEL POPOLO<\/h1>\n<h1>\u00a0DI GIANNI SANTOMASO<\/h1>\n<h1><a class=\"dt-pswp-item\" href=\"http:\/\/www.radiopiu.net\/wordpress\/wp-content\/uploads\/2018\/10\/13413038_10210298539766079_3992998824406160411_n.jpg\" data-dt-img-description=\"\" data-large_image_width=\"401\" data-large_image_height=\"401\"><img loading=\"lazy\" decoding=\"async\" class=\"alignnone wp-image-63442\" src=\"http:\/\/www.radiopiu.net\/wordpress\/wp-content\/uploads\/2018\/10\/13413038_10210298539766079_3992998824406160411_n-300x300.jpg\" alt=\"\" width=\"143\" height=\"143\" srcset=\"https:\/\/www.radiopiu.net\/wordpress\/wp-content\/uploads\/2018\/10\/13413038_10210298539766079_3992998824406160411_n-300x300.jpg 300w, https:\/\/www.radiopiu.net\/wordpress\/wp-content\/uploads\/2018\/10\/13413038_10210298539766079_3992998824406160411_n-150x150.jpg 150w, https:\/\/www.radiopiu.net\/wordpress\/wp-content\/uploads\/2018\/10\/13413038_10210298539766079_3992998824406160411_n.jpg 401w\" sizes=\"auto, (max-width: 143px) 100vw, 143px\" \/><\/a>CON LISA DE LUCA, FILOSOFA AD AGORDO<\/h1>\n<audio class=\"wp-audio-shortcode\" id=\"audio-63368-11\" preload=\"none\" style=\"width: 100%;\" controls=\"controls\"><source type=\"audio\/mpeg\" src=\"http:\/\/www.radiopiu.net\/wordpress\/wp-content\/uploads\/2018\/10\/02_Rassegna-Adp-05_10_18-Lisa-De-Luca.mp3?_=11\" \/><a href=\"http:\/\/www.radiopiu.net\/wordpress\/wp-content\/uploads\/2018\/10\/02_Rassegna-Adp-05_10_18-Lisa-De-Luca.mp3\">http:\/\/www.radiopiu.net\/wordpress\/wp-content\/uploads\/2018\/10\/02_Rassegna-Adp-05_10_18-Lisa-De-Luca.mp3<\/a><\/audio>\n<h1><\/h1>\n<h1><\/h1>\n<h1><\/h1>\n<p>&nbsp;<\/p>\n<p>&nbsp;<\/p>\n<h1>&#8220;QUESTI SIAMO NOI&#8221;\u00a0 L&#8217;IMPEGNO DI INSIEME SI PUO&#8217;<\/h1>\n<p><strong><a class=\"dt-pswp-item\" href=\"http:\/\/www.radiopiu.net\/wordpress\/wp-content\/uploads\/2018\/10\/incontro_annuale18.jpg\" data-dt-img-description=\"\" data-large_image_width=\"3216\" data-large_image_height=\"2136\"><img loading=\"lazy\" decoding=\"async\" class=\" wp-image-63398 alignleft\" src=\"http:\/\/www.radiopiu.net\/wordpress\/wp-content\/uploads\/2018\/10\/incontro_annuale18-300x199.jpg\" alt=\"\" width=\"381\" height=\"253\" srcset=\"https:\/\/www.radiopiu.net\/wordpress\/wp-content\/uploads\/2018\/10\/incontro_annuale18-300x199.jpg 300w, https:\/\/www.radiopiu.net\/wordpress\/wp-content\/uploads\/2018\/10\/incontro_annuale18-768x510.jpg 768w, https:\/\/www.radiopiu.net\/wordpress\/wp-content\/uploads\/2018\/10\/incontro_annuale18-1024x680.jpg 1024w\" sizes=\"auto, (max-width: 381px) 100vw, 381px\" \/><\/a><\/strong><strong>SEDICO<\/strong>\u00a0 Da oltre un anno Insieme si pu\u00f2 \u00e8 fortemente impegnata a incontrare i Gruppi che compongono l\u2019associazione: 64 in provincia di Belluno, i rimanenti 13 nelle province di Milano, Torino, Alessandria, Lecco, Ferrara, Treviso, Pavia, Pordenone, Udine, Novara, Pavia, Bolzano, Modena. Le storie, le suggestioni, le buone prassi, emerse durante questi incontri, sono state raccolte in \u201cQuesti siamo noi\u201d, il librone dei Gruppi \u2013 probabilmente la pubblicazione pi\u00f9 importante della storia di Insieme si pu\u00f2 \u2013 che racconta chi siamo, cosa abbiamo fatto, cosa vorremmo fare da grandi. Il librone verr\u00e0 consegnato ufficialmente ai responsabili dei Gruppi durante l\u2019assemblea prevista nel pomeriggio.<br \/>\nL\u2019incontro naturalmente \u00e8 aperto anche tutti i donatori, sostenitori a distanza, volontari e amici.\u00a0 L\u2019appuntamento \u00e8 per domenica 14 ottobre, ore 9.00, presso la Casa della Dottrina di Sedico. I lavori termineranno alle 17.00; \u00e8 previsto un pranzo di condivisione. Sar\u00e0 probabilmente l\u2019Incontro annuale pi\u00f9 bello e importante di sempre, l\u2019inizio di un nuovo straordinario viaggio insieme a chi vuole costruire per davvero un mondo migliore!<\/p>\n<p>&nbsp;<\/p>\n<p>&nbsp;<\/p>\n<p>&nbsp;<\/p>\n<p>&nbsp;<\/p>\n<p>&nbsp;<\/p>\n<p><a class=\"dt-pswp-item\" href=\"http:\/\/www.radiopiu.net\/wordpress\/wp-content\/uploads\/2018\/09\/sport.jpg\" data-dt-img-description=\"\" data-large_image_width=\"800\" data-large_image_height=\"100\"><img loading=\"lazy\" decoding=\"async\" class=\"alignnone wp-image-60761 size-full\" src=\"http:\/\/www.radiopiu.net\/wordpress\/wp-content\/uploads\/2018\/09\/sport.jpg\" alt=\"\" width=\"800\" height=\"100\" srcset=\"https:\/\/www.radiopiu.net\/wordpress\/wp-content\/uploads\/2018\/09\/sport.jpg 800w, https:\/\/www.radiopiu.net\/wordpress\/wp-content\/uploads\/2018\/09\/sport-300x38.jpg 300w, https:\/\/www.radiopiu.net\/wordpress\/wp-content\/uploads\/2018\/09\/sport-768x96.jpg 768w\" sizes=\"auto, (max-width: 800px) 100vw, 800px\" \/><\/a><\/p>\n<h1><\/h1>\n<h1><\/h1>\n<h1><\/h1>\n<h1>ALLE 24 ORE LA GARA&#8230;. DI SOLIDARIETA&#8217;<\/h1>\n<p><strong>DI DAMIANO TORMEN<\/strong><\/p>\n<audio class=\"wp-audio-shortcode\" id=\"audio-63368-12\" preload=\"none\" style=\"width: 100%;\" controls=\"controls\"><source type=\"audio\/mpeg\" src=\"http:\/\/www.radiopiu.net\/wordpress\/wp-content\/uploads\/2018\/10\/DAMIANO-2.mp3?_=12\" \/><a href=\"http:\/\/www.radiopiu.net\/wordpress\/wp-content\/uploads\/2018\/10\/DAMIANO-2.mp3\">http:\/\/www.radiopiu.net\/wordpress\/wp-content\/uploads\/2018\/10\/DAMIANO-2.mp3<\/a><\/audio>\n<p><strong>OGGI ALLA RADIO\u00a0<\/strong><br \/>\nalle 15.10 puntata di\u00a0<a class=\"profileLink\" href=\"https:\/\/www.facebook.com\/TeamAlpenPlus\/?__tn__=K-R-R&amp;eid=ARDfg2yb--xD5gjQ_Fb8NnR_H_sUUZPE7mwpkmEZdpDCNYUck49Z_jGDvGuBs9wblXg_0NMTn-XhMr2L&amp;fref=mentions&amp;__xts__%5B0%5D=68.ARBSa8DcThx8JLTGx9L69tDRbK3PMbnUpO6yh6SPe4sTmu5QMD0FFomr810GtWtMLtS_LP9A9qUa5wA69OdmQ7YTJNW_ZUjNyZazk0TZ8kmmktWQM3dUG3f_9c1lEOJNzLl5AbzPgC9tQDyR_5iCTTmj5hUkpPvkt-ydWZdCTtOz_DhyhG8c0S4\" data-hovercard=\"\/ajax\/hovercard\/page.php?id=1821608521469536&amp;extragetparams=%7B%22__tn__%22%3A%22%2CdK-R-R-R%22%2C%22eid%22%3A%22ARDfg2yb--xD5gjQ_Fb8NnR_H_sUUZPE7mwpkmEZdpDCNYUck49Z_jGDvGuBs9wblXg_0NMTn-XhMr2L%22%2C%22fref%22%3A%22mentions%22%7D\" data-hovercard-prefer-more-content-show=\"1\">Team AlpenPlus<\/a>\u00a0talent news dedicata alla 24 ore di san martino che si correra&#8217; il prossimo fine settimana al comunale di Belluno. Per il primo anno\u00a0<a class=\"profileLink\" href=\"https:\/\/www.facebook.com\/TeamAlpenPlus\/?__tn__=K-R-R&amp;eid=ARD7ILkhesux8EV9JGtXjCl7SjHsuNVK8jPpsLNM8R3vDlxR51wldZTyqRqs0dROEQyR4oH8kIjCIQlp&amp;fref=mentions&amp;__xts__%5B0%5D=68.ARBSa8DcThx8JLTGx9L69tDRbK3PMbnUpO6yh6SPe4sTmu5QMD0FFomr810GtWtMLtS_LP9A9qUa5wA69OdmQ7YTJNW_ZUjNyZazk0TZ8kmmktWQM3dUG3f_9c1lEOJNzLl5AbzPgC9tQDyR_5iCTTmj5hUkpPvkt-ydWZdCTtOz_DhyhG8c0S4\" data-hovercard=\"\/ajax\/hovercard\/page.php?id=1821608521469536&amp;extragetparams=%7B%22__tn__%22%3A%22%2CdK-R-R-R%22%2C%22eid%22%3A%22ARD7ILkhesux8EV9JGtXjCl7SjHsuNVK8jPpsLNM8R3vDlxR51wldZTyqRqs0dROEQyR4oH8kIjCIQlp%22%2C%22fref%22%3A%22mentions%22%7D\" data-hovercard-prefer-more-content-show=\"1\">Team AlpenPlus<\/a>\u00a0presenta una propria squadra, che si annuncia come una delle protagoniste indiscusse. ne parliamo con\u00a0<a class=\"profileLink\" href=\"https:\/\/www.facebook.com\/devis.zasso?__tn__=K-R-R&amp;eid=ARDcnPBK90p9w74AL4JAAYC2B7WYOtGg_BWRGRUGYTO3l5_dL6vjnAZRbRsXYb0r6JUGoRrtZICD15Xs&amp;fref=mentions&amp;__xts__%5B0%5D=68.ARBSa8DcThx8JLTGx9L69tDRbK3PMbnUpO6yh6SPe4sTmu5QMD0FFomr810GtWtMLtS_LP9A9qUa5wA69OdmQ7YTJNW_ZUjNyZazk0TZ8kmmktWQM3dUG3f_9c1lEOJNzLl5AbzPgC9tQDyR_5iCTTmj5hUkpPvkt-ydWZdCTtOz_DhyhG8c0S4\" data-hovercard=\"\/ajax\/hovercard\/user.php?id=100011347824082&amp;extragetparams=%7B%22__tn__%22%3A%22%2CdK-R-R-R%22%2C%22eid%22%3A%22ARDcnPBK90p9w74AL4JAAYC2B7WYOtGg_BWRGRUGYTO3l5_dL6vjnAZRbRsXYb0r6JUGoRrtZICD15Xs%22%2C%22fref%22%3A%22mentions%22%7D\" data-hovercard-prefer-more-content-show=\"1\">Devis Zasso<\/a>\u00a0ed\u00a0<a class=\"profileLink\" href=\"https:\/\/www.facebook.com\/erwin.ronchi?__tn__=K-R-R&amp;eid=ARCVGAhdnyrLgYppdiTpkzuJQBwBZIq5s-7-Sm2TEG3A1UYNXEH5xNYDhJOMPGemLDyuXlWH7TYNRRZo&amp;fref=mentions&amp;__xts__%5B0%5D=68.ARBSa8DcThx8JLTGx9L69tDRbK3PMbnUpO6yh6SPe4sTmu5QMD0FFomr810GtWtMLtS_LP9A9qUa5wA69OdmQ7YTJNW_ZUjNyZazk0TZ8kmmktWQM3dUG3f_9c1lEOJNzLl5AbzPgC9tQDyR_5iCTTmj5hUkpPvkt-ydWZdCTtOz_DhyhG8c0S4\" data-hovercard=\"\/ajax\/hovercard\/user.php?id=1553111650&amp;extragetparams=%7B%22__tn__%22%3A%22%2CdK-R-R-R%22%2C%22eid%22%3A%22ARCVGAhdnyrLgYppdiTpkzuJQBwBZIq5s-7-Sm2TEG3A1UYNXEH5xNYDhJOMPGemLDyuXlWH7TYNRRZo%22%2C%22fref%22%3A%22mentions%22%7D\" data-hovercard-prefer-more-content-show=\"1\">Erwin Gioianera Ronchi<\/a>\u00a0Per l&#8217;agordino, sono attesi tra l&#8217;altro anche i campioni locali\u00a0<a class=\"profileLink\" href=\"https:\/\/www.facebook.com\/lorenzo.cagnati?__tn__=K-R-R&amp;eid=ARBmF84s0E_DTsEGjPFHfXvpATers4q9YCsFseshDNcdqz4WLmVBJVxawh468qTi2ejk4fpfliFE1Dhq&amp;fref=mentions&amp;__xts__%5B0%5D=68.ARBSa8DcThx8JLTGx9L69tDRbK3PMbnUpO6yh6SPe4sTmu5QMD0FFomr810GtWtMLtS_LP9A9qUa5wA69OdmQ7YTJNW_ZUjNyZazk0TZ8kmmktWQM3dUG3f_9c1lEOJNzLl5AbzPgC9tQDyR_5iCTTmj5hUkpPvkt-ydWZdCTtOz_DhyhG8c0S4\" data-hovercard=\"\/ajax\/hovercard\/user.php?id=100001022437394&amp;extragetparams=%7B%22__tn__%22%3A%22%2CdK-R-R-R%22%2C%22eid%22%3A%22ARBmF84s0E_DTsEGjPFHfXvpATers4q9YCsFseshDNcdqz4WLmVBJVxawh468qTi2ejk4fpfliFE1Dhq%22%2C%22fref%22%3A%22mentions%22%7D\" data-hovercard-prefer-more-content-show=\"1\">Lorenzo Cagnati<\/a>\u00a0<a class=\"profileLink\" href=\"https:\/\/www.facebook.com\/valentino.costa.129?__tn__=K-R-R&amp;eid=ARACqsJq7pg_d1v1NmUCd5t6XM4-uVt3Ln93d7tr_GWmfXYy0o4YVOCLv_z8uDzMLPGiDf22hzsavbXW&amp;fref=mentions&amp;__xts__%5B0%5D=68.ARBSa8DcThx8JLTGx9L69tDRbK3PMbnUpO6yh6SPe4sTmu5QMD0FFomr810GtWtMLtS_LP9A9qUa5wA69OdmQ7YTJNW_ZUjNyZazk0TZ8kmmktWQM3dUG3f_9c1lEOJNzLl5AbzPgC9tQDyR_5iCTTmj5hUkpPvkt-ydWZdCTtOz_DhyhG8c0S4\" data-hovercard=\"\/ajax\/hovercard\/user.php?id=100000768609154&amp;extragetparams=%7B%22__tn__%22%3A%22%2CdK-R-R-R%22%2C%22eid%22%3A%22ARACqsJq7pg_d1v1NmUCd5t6XM4-uVt3Ln93d7tr_GWmfXYy0o4YVOCLv_z8uDzMLPGiDf22hzsavbXW%22%2C%22fref%22%3A%22mentions%22%7D\" data-hovercard-prefer-more-content-show=\"1\">Valentino Costa<\/a>, Valentino De Nardin, Daniel<span class=\"text_exposed_show\">e De Colo&#8217;, mentre per i bellunesi in pista ci saranno Michail Sirbu e Alessio Fontana, insieme ad altri grandi nomi veneti.<\/span><\/p>\n<h1><\/h1>\n<p>&nbsp;<\/p>\n<p>&nbsp;<\/p>\n<p>&nbsp;<\/p>\n<blockquote>\n<h1>37 SQUADRE ALLA 24 ORE DI SAN MARTINO CHE METTE AL CENTRO SPORT E SOLIDARIET\u00c0<\/h1>\n<p><em>Partenza alle 15 di sabato 13<\/em><\/p><\/blockquote>\n<p><strong><a class=\"dt-pswp-item\" href=\"http:\/\/www.radiopiu.net\/wordpress\/wp-content\/uploads\/2018\/10\/24-ore-san-Martino.jpg\" data-dt-img-description=\"\" data-large_image_width=\"960\" data-large_image_height=\"720\"><img loading=\"lazy\" decoding=\"async\" class=\" wp-image-63381 alignleft\" src=\"http:\/\/www.radiopiu.net\/wordpress\/wp-content\/uploads\/2018\/10\/24-ore-san-Martino-300x225.jpg\" alt=\"\" width=\"321\" height=\"242\" srcset=\"https:\/\/www.radiopiu.net\/wordpress\/wp-content\/uploads\/2018\/10\/24-ore-san-Martino-300x225.jpg 300w, https:\/\/www.radiopiu.net\/wordpress\/wp-content\/uploads\/2018\/10\/24-ore-san-Martino-768x576.jpg 768w, https:\/\/www.radiopiu.net\/wordpress\/wp-content\/uploads\/2018\/10\/24-ore-san-Martino.jpg 960w\" sizes=\"auto, (max-width: 321px) 100vw, 321px\" \/><\/a>BELLUNO<\/strong> Dopo 45 anni di edizioni ininterrotte la \u201c24 Ore di San Martino\u201d sa regalare ancora spettacolo, ma soprattutto sa unire una provincia intera nel segno dello sport e della solidariet\u00e0. Gara a staffetta ormai unica nel suo genere in Italia, sar\u00e0 corsa da centinaia di sportivi e applaudita da altrettante persone. La partenza degli 888 concorrenti appartenenti alle 37 squadre iscritte \u00e8 alle 15 di sabato 13 ottobre, l\u2019arrivo alla stessa ora di domenica 14. Alle 15.15 partir\u00e0 la ventina di squadre della 24 Ore Giovani per i ragazzi dai 10 ai 15 anni. Le premiazioni saranno fatte per gli assoluti e per 5 fasce d\u2019et\u00e0, tra cui gli over 65. La manifestazione rappresenta un meraviglioso strumento di promozione di iniziative sociali e solidali a livello sportivo: \u00ab\u00c8 grazie all\u2019impegno delle molte associazioni del territorio che la 24 Ore \u00e8 diventata un\u2019importante giornata dedicata alla solidariet\u00e0 bellunese\u00bb, sottolinea il presidente Maurizio Fontanelle, \u00abringrazio i volontari della pro loco e tutti coloro che permettono di arrichire le attivit\u00e0 all&#8217;interno dello stadio\u00bb. \u00abIn questa cornice vengono messi alla luce valori importanti e credibili: \u00e8 bello vedere quanto la gente e la citt\u00e0 amino questa manifestazione\u00bb, aggiunge il presidente del Comitato d\u2019Intesa e Csv Belluno Giorgio Zampieri. \u00abUna gara storica non basata sull&#8217;agonismo, ma sulla valorizzazione del tessuto sociale\u00bb, evidenzia l\u2019assessore allo sport Marco Bogo, \u00abanche le associazioni sportive fanno molto per il territorio\u00bb. Un pensiero anche a Renzo Stefano Mattei da parte di Giovanni Viel, storico speaker dell\u2019evento, perch\u00e9 \u00abha dato tanto al volontariato sportivo bellunese e anche alla maratona di San Martino. Peccato che la comunit\u00e0 bellunese non abbia ancora saputo rendergli il giusto omaggio\u00bb.<\/p>\n<blockquote><p><strong>24 ORE DI SAN MARTINO<\/strong> La \u201cMaratona di San Martino\u201d nasceva nel 1974 per protestare contro la situazione in cui versavano tutti gli sport, eccezion fatta per il calcio, a Belluno, con carenza o assenza di impianti adeguati, strutture fatiscenti ed orari impossibili per utilizzarle. Furono allora 24 atleti i protagonisti nella prima edizione, partita alla vigilia della festa del patrono della citt\u00e0,forzando l\u2019ingresso allo stadio \u201cpolisportivo\u201d. Oggi la manifestazione ha raggiunto un mix eccellente tra parte agonistica e ludica, mettendo assieme formazioni che cercano il risultato tecnico e quelle che prediligono pi\u00f9 l\u2019aspetto festoso ed aggregativo. Da molti anni \u00e8 viva la collaborazione con il \u201c Circolo Artistico Mario Morales\u201d, che unisce e rappresenta una quota molto significativa di artisti bellunesi che, tra l\u2019altro, realizzano delle opere che sono poi consegnate alle squadre partecipanti, oltre al trofeo per quella vincitrice che, di norma, \u00e8 una scultura realizzata, a turno, proprio da uno di questi artisti. Tra i protagonisti della corsa Agnese Possamai, Ornella Cadamuro, Massimo Vincenzo Modica e Gabriele De Nard, Dino Tadello e Ivano Marcon, Said Boudalia.<\/p><\/blockquote>\n<p>&nbsp;<\/p>\n<p>&nbsp;<\/p>\n<p>&nbsp;<\/p>\n<p>&nbsp;<\/p>\n<h1>SCADE IL 28 SETTEMBRE IL BANDO DI SERVIZIO CIVILE NAZIONALE 57 POSTI IN PROVINCIA DI BELLUNO<\/h1>\n<blockquote><p><em>Tra assistenza, cultura, ambiente e territorio le opportunit\u00e0 di crescita e professionalizzazione sono altissime<\/em><\/p><\/blockquote>\n<p><strong>BELLUNO<\/strong> \u00c8 da poco pi\u00f9 di 10 anni che si sente parlare di disturbo dello spettro autistico. Prima di allora le problematiche delle persone affette dalla sindrome non erano riconosciute come tali, ma come disturbi mentali. Non dovrebbe pi\u00f9 essere cos\u00ec, ma ancora oggi al compimento dei 18 anni di et\u00e0 i ragazzi autistici vengono sistematicamente riclassificati come \u201cpazienti psichiatrici generici\u201d. E il \u201cdopo di noi\u201d? Meglio non parlarne. Allora \u00e8 tempo di agire, come sta facendo da anni il Gruppo Autismo Belluno, che lavora sul territorio provinciale per dare risposte laddove \u2013 manco a dirlo \u2013 i servizi ancora non rispondono. Ecco perch\u00e9 l&#8217;associazione \u00e8 arrivata a organizzare la quarta edizione del convegno \u201cGuardami negli occhi\u201d, quest&#8217;anno a Feltre invece che a Belluno per essere pi\u00f9 capillari nel territorio, un momento aperto alla popolazione per conoscere le difficolt\u00e0 che possono affrontare ogni giorno le persone autistiche, quest&#8217;anno dedicato all&#8217;inserimento sociale e lavorativo. Dal titolo \u201cpercorsi di integrazione a scuola e nel mondo del lavoro\u201d, sar\u00e0 ospitato sabato 13 ottobre dalle 15 alle 18 nell&#8217;auditorium dell&#8217;ospedale Santa Maria del Prato. Con la moderazione di Luisa Venturin, avr\u00e0 come ospiti Cristina Menazza e Fabio Comunello (psicologi e psicoterapeuti), Gabriella Faoro (Veneto Lavoro) ed Enrico Verdozzi (Ulss-Sil). A Enrico Cazzaro andr\u00e0 il premio &#8220;Un amico speciale&#8221;. Prologo dell&#8217;importante conferenza la proiezione del docufilm \u201cTommy e gli altri\u201d organizzata in collaborazione con l&#8217;ufficio stampa del Csv di Belluno. Pensata per le scuole, la pellicola sta girando l&#8217;Italia per raccontare agli studenti delle scuole superiori le vicende quotidiane di giovani con autismo e loro amici e familiari, come quelle di Tommy e Gianluca Nicoletti (giornalista). Alle due proiezioni scolastiche del venerd\u00ec mattina al cinema Italia di Belluno e del sabato mattina all&#8217;Officinema di Feltre \u00e8 stata aggiunta una replica gratuita e aperta al pubblico che sar\u00e0 ospitata dal cinema Italia venerd\u00ec 12 ottobre alle 15. Dopo di questo, il 20 ottobre il Gab comincer\u00e0 un importantissimo percorso formativo nei 10 istituti comprensivi della provincia (Feltre, Cadore, Agordo, Alpago, ponte nelle Alpi, Belluno, Sedico e Trichiana) per spiegare agli insegnanti, con l&#8217;ausilio di un gruppo di psicologi, cos&#8217;\u00e8 l&#8217;autismo e come gestirlo. Il percorso \u00e8 finanziato interamente dall&#8217;associazione e sostenuto dal Miur (ministero istruzione) e dal Cti (centro territoriale istruzione). Nelle intenzioni c&#8217;\u00e8 la volont\u00e0 di estendere gradualmente il progetto a tutti gli altri istituti della provincia. \u00abAbbiamo 85 casi registrati in 13 classi\u00bb, enumera il presidente del Gab Flavio Mares, \u00abquesta casistica rientra perfettamente nelle statistiche nazionali secondo cui gli autistici sono lo 0,3 per cento della popolazione. Ma se in provincia siamo in 210 mila (stando all&#8217;ultimo rilevamento Istat, ndc), allora dobbiamo aspettarci un&#8217;incidenza della sindrome in almeno 600 persone\u00bb. Ecco tradotta in numeri l&#8217;importanza di un servizio gratuito quale quello offerto dal gruppo. \u00abMolte di queste persone o non sono state identificate, oppure non vengono trattate nel modo corretto: ecco perch\u00e9 investiamo tanto nell&#8217;informazione\u00bb. Per farsi conoscere ancora di pi\u00f9, il Gab parteciper\u00e0 all&#8217;imminente 24 Ore di San Martino (gara a staffetta in programma a Belluno questo fine settimana) con 2 squadre. \u00abNoi veterani del mestiere riteniamo che state facendo un bel percorso, felice, che riuscir\u00e0 a portare conoscenza e attenzione verso questo problema\u00bb, ha sottolineato il presidente del Comitato d&#8217;Intesa-Csv Giorgio Zampieri durante la conferenza stampa, \u00ab\u00e8 fondamentale parlare alla cittadinanza di civilt\u00e0: non possiamo definirci tali se non sappiamo trattare situazioni come queste\u00bb. La collaborazione tra le due realt\u00e0 di volontariato \u00e8 nata con la mostra \u201cMosaicoUno\u201d di Nicola Tropea, ragazzo affetto dalla sindrome di Asperger, ospitata nel mese di aprile al primo piano della Casa del volontariato.<\/p>\n<p>&nbsp;<\/p>\n<p>&nbsp;<\/p>\n<p>&nbsp;<\/p>\n<p>&nbsp;<\/p>\n<p>&nbsp;<\/p>\n<p>&nbsp;<\/p>\n<p>&nbsp;<\/p>\n<p><a class=\"dt-pswp-item\" href=\"http:\/\/www.radiopiu.net\/wordpress\/wp-content\/uploads\/2018\/09\/viabilita.jpeg\" data-dt-img-description=\"\" data-large_image_width=\"800\" data-large_image_height=\"100\"><img loading=\"lazy\" decoding=\"async\" class=\"alignnone size-medium wp-image-61954\" src=\"http:\/\/www.radiopiu.net\/wordpress\/wp-content\/uploads\/2018\/09\/viabilita-300x38.jpeg\" alt=\"\" width=\"300\" height=\"38\" srcset=\"https:\/\/www.radiopiu.net\/wordpress\/wp-content\/uploads\/2018\/09\/viabilita-300x38.jpeg 300w, https:\/\/www.radiopiu.net\/wordpress\/wp-content\/uploads\/2018\/09\/viabilita-768x96.jpeg 768w, https:\/\/www.radiopiu.net\/wordpress\/wp-content\/uploads\/2018\/09\/viabilita.jpeg 800w\" sizes=\"auto, (max-width: 300px) 100vw, 300px\" \/><\/a><\/p>\n<blockquote>\n<h1><em>A SINGHIOZZO A PASSO GIAU<\/em><\/h1>\n<\/blockquote>\n<audio class=\"wp-audio-shortcode\" id=\"audio-63368-13\" preload=\"none\" style=\"width: 100%;\" controls=\"controls\"><source type=\"audio\/mpeg\" src=\"http:\/\/www.radiopiu.net\/wordpress\/wp-content\/uploads\/2018\/10\/gr-03-veneto-strade.mp3?_=13\" \/><a href=\"http:\/\/www.radiopiu.net\/wordpress\/wp-content\/uploads\/2018\/10\/gr-03-veneto-strade.mp3\">http:\/\/www.radiopiu.net\/wordpress\/wp-content\/uploads\/2018\/10\/gr-03-veneto-strade.mp3<\/a><\/audio>\n<p>&nbsp;<\/p>\n<p>&nbsp;<\/p>\n<p>&nbsp;<\/p>\n<p>&nbsp;<\/p>\n<p>&nbsp;<\/p>\n<p>&nbsp;<\/p>\n<p><a class=\"dt-pswp-item\" href=\"http:\/\/www.radiopiu.net\/wordpress\/wp-content\/uploads\/2018\/09\/WhatsApp-Image-2018-09-20-at-16.04.06.jpeg\" data-dt-img-description=\"\" data-large_image_width=\"800\" data-large_image_height=\"100\"><img loading=\"lazy\" decoding=\"async\" class=\"alignnone wp-image-61378 size-full\" src=\"http:\/\/www.radiopiu.net\/wordpress\/wp-content\/uploads\/2018\/09\/WhatsApp-Image-2018-09-20-at-16.04.06.jpeg\" alt=\"\" width=\"800\" height=\"100\" srcset=\"https:\/\/www.radiopiu.net\/wordpress\/wp-content\/uploads\/2018\/09\/WhatsApp-Image-2018-09-20-at-16.04.06.jpeg 800w, https:\/\/www.radiopiu.net\/wordpress\/wp-content\/uploads\/2018\/09\/WhatsApp-Image-2018-09-20-at-16.04.06-300x38.jpeg 300w, https:\/\/www.radiopiu.net\/wordpress\/wp-content\/uploads\/2018\/09\/WhatsApp-Image-2018-09-20-at-16.04.06-768x96.jpeg 768w\" sizes=\"auto, (max-width: 800px) 100vw, 800px\" \/><\/a><\/p>\n<h1><\/h1>\n<h1>PREVISIONI DEL TEMPO DA OGGI A VENERDI<\/h1>\n<p><strong>Martedi 9<\/strong><br \/>\nTempo atteso: Tempo in prevalenza soleggiato con cielo da sereno a poco nuvoloso, salvo locali nebbie e nubi basse in Val Belluna al primo mattino, le quali potrebbero riformarsi in serata negli stessi posti. Aria nitida ed ottima visibilit\u00e0 sulle Dolomiti ed in quota sulle Prealpi. Clima diurno sempre piuttosto mite per la stagione.<br \/>\nPrecipitazioni: Assenti (0%)<br \/>\nTemperature: Minime in aumento in alta quota e in calo nelle valli, massime in leggera ripresa a tutte le quote, su valori leggermente superiori alla norma con punte di 21\/23\u00b0C nei fondovalle prealpini e di 17\/18\u00b0C a 1000\/1200 m. Su Prealpi a 1500 m min 8\u00b0C max 13\u00b0C, a 2000 m min 6\u00b0C max 9\u00b0C. Su Dolomiti a 2000 m min 4\u00b0C max 10\u00b0C, a 3000 m min 1\u00b0C max 2\u00b0C.<br \/>\nVenti: Nelle valli generalmente deboli, salvo consuete e locali brezze tese notturne e mattutine in alcune valli prealpine; in quota deboli orientali al mattino e da Sud-Est al pomeriggio, a 5-10 km\/h a 2000 m, 5-15 km\/h a 3000 m.<br \/>\n<strong>Mercoledi 10<\/strong><br \/>\nTempo atteso: Giornata bella e mite con sole, cielo sereno o poco nuvoloso. Non si escludono iniziali nubi basse mattutine in qualche fondovalle prealpino, in rapido dissolvimento. Clima pi\u00f9 fresco di notte e sempre mite di giorno con forte escursione termica diurna nelle valli.<br \/>\nPrecipitazioni: Assenti (0%).<br \/>\nTemperature: Minime in leggera diminuzione a tutte le quote, massime pressoch\u00e9 stazionarie o in leggera flessione con punte di 20\/21\u00b0C nei fondovalle e di 16\/17\u00b0C a 1000\/1200 m. Su Prealpi a 1500 m min 6\u00b0C max 12\u00b0C, a 2000 m min 5\u00b0C max 8\u00b0C. Su Dolomiti a 2000 m min 3\u00b0C max 9\u00b0C, a 3000 m min -1\u00b0C max 1\u00b0C.<br \/>\nVenti: Nelle valli deboli per brezze, salvo consueti rinforzi per brezze notturne in alcune valli prealpina; in quota deboli\/moderati da Sud-Est, in lieve rinforzo dal pomeriggio, a 5-15 km\/h a 2000 m, 15-25 km\/h a 3000 m.<br \/>\n<strong>Giovedi 11<\/strong><br \/>\nTempo buono ed in prevalenza soleggiato con alcuni annuvolamenti stratiformi. L&#8217;insidia nubi basse sar\u00e0 minore rispetto ai gironi precedenti. Temperature massime in leggero aumento. Venti in quota deboli o moderati da Sud-Ovest.<br \/>\n<strong>Venerdi 12<\/strong><br \/>\nTempo buono ed in prevalenza soleggiato con alcuni annuvolamenti stratiformi e qualche velatura. L&#8217;insidia nubi basse sar\u00e0 piuttosto remota. Temperature minime stazionarie e massime in leggero aumento. Venti in quota deboli o moderati da Sud-Ovest. Previsore: R.L.Th.<\/p>\n","protected":false},"excerpt":{"rendered":"<p>WELFARE LUXOTTICA-COMUNE DI AGORDO. 400 MILA EURO PER L&#8217;ASILO E IL CENTRO DIURNO ALZHAIMER. OGGI ALLE 15.30 RADIO PIU TRASMETTE GLI INTERVENTI DI: SERGIO DE RIVA, PRESIDENTE AZIENDA AGORDO SERVIZI (FARMACIA_ASILO NIDO) E MARIA CHIARA SANTIN, AMMINISTRATORE UNICO ASCA. &nbsp; &nbsp; SOCCORSE PERSONE IN DIFFICOLT\u00c0 FREGONA\u00a0 Ieri nel tardo pomeriggio \u00e8 scattato l&#8217;allarme per due&hellip;<\/p>\n","protected":false},"author":1,"featured_media":63385,"comment_status":"closed","ping_status":"closed","sticky":false,"template":"","format":"standard","meta":{"_monsterinsights_skip_tracking":false,"_monsterinsights_sitenote_active":false,"_monsterinsights_sitenote_note":"","_monsterinsights_sitenote_category":0,"footnotes":""},"categories":[1,86],"tags":[],"class_list":["post-63368","post","type-post","status-publish","format-standard","has-post-thumbnail","hentry","category-senza-categoria","category-gr","category-1","category-86","description-off"],"img_url":"https:\/\/www.radiopiu.net\/wordpress\/wp-content\/uploads\/2018\/10\/212px-Diga_del_Vajont_.jpg","_links":{"self":[{"href":"https:\/\/www.radiopiu.net\/wordpress\/wp-json\/wp\/v2\/posts\/63368","targetHints":{"allow":["GET"]}}],"collection":[{"href":"https:\/\/www.radiopiu.net\/wordpress\/wp-json\/wp\/v2\/posts"}],"about":[{"href":"https:\/\/www.radiopiu.net\/wordpress\/wp-json\/wp\/v2\/types\/post"}],"author":[{"embeddable":true,"href":"https:\/\/www.radiopiu.net\/wordpress\/wp-json\/wp\/v2\/users\/1"}],"replies":[{"embeddable":true,"href":"https:\/\/www.radiopiu.net\/wordpress\/wp-json\/wp\/v2\/comments?post=63368"}],"version-history":[{"count":0,"href":"https:\/\/www.radiopiu.net\/wordpress\/wp-json\/wp\/v2\/posts\/63368\/revisions"}],"wp:featuredmedia":[{"embeddable":true,"href":"https:\/\/www.radiopiu.net\/wordpress\/wp-json\/wp\/v2\/media\/63385"}],"wp:attachment":[{"href":"https:\/\/www.radiopiu.net\/wordpress\/wp-json\/wp\/v2\/media?parent=63368"}],"wp:term":[{"taxonomy":"category","embeddable":true,"href":"https:\/\/www.radiopiu.net\/wordpress\/wp-json\/wp\/v2\/categories?post=63368"},{"taxonomy":"post_tag","embeddable":true,"href":"https:\/\/www.radiopiu.net\/wordpress\/wp-json\/wp\/v2\/tags?post=63368"}],"curies":[{"name":"wp","href":"https:\/\/api.w.org\/{rel}","templated":true}]}}