{"id":63516,"date":"2018-10-09T19:04:25","date_gmt":"2018-10-09T17:04:25","guid":{"rendered":"http:\/\/www.radiopiu.net\/wordpress\/?p=63516"},"modified":"2018-10-09T19:04:25","modified_gmt":"2018-10-09T17:04:25","slug":"vajont-il-dovere-del-ricordo-per-evitare-il-ripetersi-di-simili-catastrofi","status":"publish","type":"post","link":"https:\/\/www.radiopiu.net\/wordpress\/vajont-il-dovere-del-ricordo-per-evitare-il-ripetersi-di-simili-catastrofi\/","title":{"rendered":"VAJONT: \u201cIL DOVERE DEL RICORDO PER EVITARE IL RIPETERSI DI SIMILI CATASTROFI\u201d."},"content":{"rendered":"<p>&nbsp;<\/p>\n<blockquote><p><em><strong>Il Sottosegretario all\u2019Interno, Sen. Stefano Candiani, ha partecipato alle cerimonie commemorative nel 55\u00b0 anniversario del disastro del Vajont.<\/strong><\/em><\/p>\n<p><em>\u201cLa memoria del disastro del Vajont appartiene a tutto il Paese e non solo alla comunit\u00e0 locale colpita. In giornate come quella di oggi \u00e8 dovere di tutti ricordare quanto avvenuto e lavorare perch\u00e9 non si ripeta mai pi\u00f9. Il rispetto della vita umana deve sempre precedere qualunque interesse economico\u201d.<\/em><\/p><\/blockquote>\n<p><a class=\"dt-pswp-item\" href=\"http:\/\/www.radiopiu.net\/wordpress\/wp-content\/uploads\/2018\/10\/IMG-20181009-WA0071.jpg\" data-dt-img-description=\"\" data-large_image_width=\"1600\" data-large_image_height=\"900\"><img loading=\"lazy\" decoding=\"async\" class=\"size-medium wp-image-63518 alignleft\" src=\"http:\/\/www.radiopiu.net\/wordpress\/wp-content\/uploads\/2018\/10\/IMG-20181009-WA0071-300x169.jpg\" alt=\"\" width=\"300\" height=\"169\" srcset=\"https:\/\/www.radiopiu.net\/wordpress\/wp-content\/uploads\/2018\/10\/IMG-20181009-WA0071-300x169.jpg 300w, https:\/\/www.radiopiu.net\/wordpress\/wp-content\/uploads\/2018\/10\/IMG-20181009-WA0071-768x432.jpg 768w, https:\/\/www.radiopiu.net\/wordpress\/wp-content\/uploads\/2018\/10\/IMG-20181009-WA0071-1024x576.jpg 1024w, https:\/\/www.radiopiu.net\/wordpress\/wp-content\/uploads\/2018\/10\/IMG-20181009-WA0071.jpg 1600w\" sizes=\"auto, (max-width: 300px) 100vw, 300px\" \/><\/a>Con queste parole il Sottosegretario di Stato all\u2019Interno, Sen. Stefano Candiani, ha preso parte alla commemorazione civile in occasione del 55\u00b0 anniversario del disastro del Vajont presso il Cimitero Monumentale di Fortogna, dove ha deposto una corona in ricordo delle vittime. Alla cerimonia erano presenti le massime autorit\u00e0 civili, militari e religiose della provincia di Belluno. Il Sindaco di Longarone, Roberto Padrin, prima del suo intervento ha dato lettura della dichiarazione rilasciata per l\u2019occasione dal Presidente della Repubblica.<\/p>\n<blockquote><p><em> \u201cil disastro del Vajont\u00a0 oltre che unire il paese nel raccoglimento e nel ricordo &#8211; queste le parole del Presidente Mattarella -, sollecita un\u2019assunzione di responsabilit\u00e0, anzitutto delle istituzioni a tutti i livelli, della societ\u00e0 civile, di scienziati e tecnici, del mondo degli operatori industriali affinch\u00e9 gli standard di sicurezza siano sempre garantiti in ogni opera pubblica al massimo livello e l\u2019equilibrio ambientale venga ovunque assicurato, a tutela della vita dei cittadini e delle comunit\u00e0\u201d.<\/em><\/p><\/blockquote>\n<p>Successivamente, il Sen. Candiani ha visitato la sede del nuovo Comando Provinciale dei Vigili del Fuoco di Belluno, attualmente in costruzione. Durante la visita il Sottosegretario ha fatto, insieme al Prefetto, Francesco Esposito, al Direttore Interregionale Veneto \u2013 Trentino Alto Adige dei Vigili del Fuoco ed al Comandante Provinciale dei Vigili del Fuoco di Belluno, il punto della situazione sull\u2019andamento dei lavori, soffermandosi sui locali nei quali la Prefettura, d\u2019intesa con il Comando Provinciale dei Vigili del Fuoco, ha individuato la nuova sede del Centro Coordinamento Soccorsi e della Sala Operativa Provinciale Integrata di protezione civile. Il Sottosegretario ha poi incontrato il personale del Comando Provinciale di Belluno nonch\u00e9 i Comandanti dei Vigili del Fuoco delle altre province del Veneto e Trentino Alto Adige ringraziandoli per il prezioso lavoro svolto e sottolineando come il ruolo del Corpo sia fondamentale non solo per il soccorso tecnico urgente ma anche per lo sviluppo di efficaci strategie di prevenzione.<\/p>\n<p>&nbsp;<\/p>\n<p>&nbsp;<\/p>\n<p>&nbsp;<\/p>\n","protected":false},"excerpt":{"rendered":"<p>&nbsp; Il Sottosegretario all\u2019Interno, Sen. Stefano Candiani, ha partecipato alle cerimonie commemorative nel 55\u00b0 anniversario del disastro del Vajont. \u201cLa memoria del disastro del Vajont appartiene a tutto il Paese e non solo alla comunit\u00e0 locale colpita. In giornate come quella di oggi \u00e8 dovere di tutti ricordare quanto avvenuto e lavorare perch\u00e9 non si&hellip;<\/p>\n","protected":false},"author":1,"featured_media":63517,"comment_status":"closed","ping_status":"closed","sticky":false,"template":"","format":"standard","meta":{"_monsterinsights_skip_tracking":false,"_monsterinsights_sitenote_active":false,"_monsterinsights_sitenote_note":"","_monsterinsights_sitenote_category":0,"footnotes":""},"categories":[49],"tags":[],"class_list":["post-63516","post","type-post","status-publish","format-standard","has-post-thumbnail","hentry","category-news-18","category-49","description-off"],"img_url":"https:\/\/www.radiopiu.net\/wordpress\/wp-content\/uploads\/2018\/10\/IMG-20181009-WA0024.jpg","_links":{"self":[{"href":"https:\/\/www.radiopiu.net\/wordpress\/wp-json\/wp\/v2\/posts\/63516","targetHints":{"allow":["GET"]}}],"collection":[{"href":"https:\/\/www.radiopiu.net\/wordpress\/wp-json\/wp\/v2\/posts"}],"about":[{"href":"https:\/\/www.radiopiu.net\/wordpress\/wp-json\/wp\/v2\/types\/post"}],"author":[{"embeddable":true,"href":"https:\/\/www.radiopiu.net\/wordpress\/wp-json\/wp\/v2\/users\/1"}],"replies":[{"embeddable":true,"href":"https:\/\/www.radiopiu.net\/wordpress\/wp-json\/wp\/v2\/comments?post=63516"}],"version-history":[{"count":0,"href":"https:\/\/www.radiopiu.net\/wordpress\/wp-json\/wp\/v2\/posts\/63516\/revisions"}],"wp:featuredmedia":[{"embeddable":true,"href":"https:\/\/www.radiopiu.net\/wordpress\/wp-json\/wp\/v2\/media\/63517"}],"wp:attachment":[{"href":"https:\/\/www.radiopiu.net\/wordpress\/wp-json\/wp\/v2\/media?parent=63516"}],"wp:term":[{"taxonomy":"category","embeddable":true,"href":"https:\/\/www.radiopiu.net\/wordpress\/wp-json\/wp\/v2\/categories?post=63516"},{"taxonomy":"post_tag","embeddable":true,"href":"https:\/\/www.radiopiu.net\/wordpress\/wp-json\/wp\/v2\/tags?post=63516"}],"curies":[{"name":"wp","href":"https:\/\/api.w.org\/{rel}","templated":true}]}}