{"id":63733,"date":"2018-10-12T05:46:21","date_gmt":"2018-10-12T03:46:21","guid":{"rendered":"http:\/\/www.radiopiu.net\/wordpress\/?p=63733"},"modified":"2018-10-12T05:46:21","modified_gmt":"2018-10-12T03:46:21","slug":"apre-la-chiesa-dei-gesuiti-domenica-famiglie-al-fulcis","status":"publish","type":"post","link":"https:\/\/www.radiopiu.net\/wordpress\/apre-la-chiesa-dei-gesuiti-domenica-famiglie-al-fulcis\/","title":{"rendered":"APRE LA CHIESA DEI GESUITI, DOMENICA FAMIGLIE AL FULCIS"},"content":{"rendered":"<h1>PORTE APERTE ALL&#8217;EX CHIESA DEI GESUITI<\/h1>\n<blockquote><p><em>\u00abIl Comune crede ancora nel progetto\u00bb<\/em><\/p><\/blockquote>\n\n\t\t\t<style type='text\/css'>\n\t\t\t\t#gallery-1 {\n\t\t\t\t\tmargin: auto;\n\t\t\t\t}\n\t\t\t\t#gallery-1 .gallery-item {\n\t\t\t\t\tfloat: left;\n\t\t\t\t\tmargin-top: 10px;\n\t\t\t\t\ttext-align: center;\n\t\t\t\t\twidth: 33%;\n\t\t\t\t}\n\t\t\t\t#gallery-1 img {\n\t\t\t\t\tborder: 2px solid #cfcfcf;\n\t\t\t\t}\n\t\t\t\t#gallery-1 .gallery-caption {\n\t\t\t\t\tmargin-left: 0;\n\t\t\t\t}\n\t\t\t\t\/* see gallery_shortcode() in wp-includes\/media.php *\/\n\t\t\t<\/style>\n\t\t<div id='gallery-1' class='dt-gallery-container gallery galleryid-63733 gallery-columns-3 gallery-size-thumbnail'><dl class='gallery-item'>\n\t\t\t\t<dt class='gallery-icon landscape'>\n\t\t\t\t\t<a class=\"rollover\" href='https:\/\/www.radiopiu.net\/wordpress\/giornale-radiopiu-12-ottobre-2018-direttore-mirko-mezzacasa\/fronte-chiesa-e1\/'><img loading=\"lazy\" decoding=\"async\" width=\"150\" height=\"150\" src=\"https:\/\/www.radiopiu.net\/wordpress\/wp-content\/uploads\/2018\/10\/Fronte-chiesa-e1-150x150.jpg\" class=\"attachment-thumbnail size-thumbnail\" alt=\"\" \/><\/a>\n\t\t\t\t<\/dt><\/dl><dl class='gallery-item'>\n\t\t\t\t<dt class='gallery-icon landscape'>\n\t\t\t\t\t<a class=\"rollover\" href='https:\/\/www.radiopiu.net\/wordpress\/giornale-radiopiu-12-ottobre-2018-direttore-mirko-mezzacasa\/ex-chiesa-gesuiti-interni-1-2\/'><img loading=\"lazy\" decoding=\"async\" width=\"150\" height=\"150\" src=\"https:\/\/www.radiopiu.net\/wordpress\/wp-content\/uploads\/2018\/10\/Ex-Chiesa-Gesuiti-Interni-1-150x150.jpg\" class=\"attachment-thumbnail size-thumbnail\" alt=\"\" \/><\/a>\n\t\t\t\t<\/dt><\/dl><dl class='gallery-item'>\n\t\t\t\t<dt class='gallery-icon landscape'>\n\t\t\t\t\t<a class=\"rollover\" href='https:\/\/www.radiopiu.net\/wordpress\/giornale-radiopiu-12-ottobre-2018-direttore-mirko-mezzacasa\/ex-chiesa-gesuiti-interni-2-2\/'><img loading=\"lazy\" decoding=\"async\" width=\"150\" height=\"150\" src=\"https:\/\/www.radiopiu.net\/wordpress\/wp-content\/uploads\/2018\/10\/Ex-Chiesa-Gesuiti-Interni-2-150x150.jpg\" class=\"attachment-thumbnail size-thumbnail\" alt=\"\" \/><\/a>\n\t\t\t\t<\/dt><\/dl><br style=\"clear: both\" \/>\n\t\t\t<\/div>\n\n<p><strong>BELLUNO\u00a0\u00a0<\/strong>Porte aperte sabato e domenica all&#8217;ex Chiesa dei Gesuiti, in via Tasso: l&#8217;iniziativa \u00e8 possibile grazie alla collaborazione tra il Comune di Belluno, proprietario da qualche mese dell&#8217;immobile grazie al federalismo demaniale, e la delegazione FAI di Belluno, che impegner\u00e0 come ciceroni, oltre ai propri volontari, anche gli studenti dei Licei \u201cG. Renier\u201d e dell&#8217;Istituto \u201cFollador De Rossi\u201d. La Chiesa dei Gesuiti rientra tra le opere oggetto del \u201cProgetto Belluno\u201d per la riqualificazione. In occasione delle Giornate di autunno del FAI, sar\u00e0 possibile visitare l&#8217;ex Chiesa dei Gesuiti nei seguenti orari: sabato dalle 09:30 alle 13:00 (ultimo accesso ore 12.30) e dalle 14:00 alle 16:00; domenica dalle 14:30 alle 16:30 (con l&#8217;ultimo ingresso alle 16:30).<\/p>\n<p><strong>HAI MICROFONI DI RADIO PIU&#8217; L&#8217;ASSESSORE FRANCO FRISON<\/strong><\/p>\n<audio class=\"wp-audio-shortcode\" id=\"audio-63733-1\" preload=\"none\" style=\"width: 100%;\" controls=\"controls\"><source type=\"audio\/mpeg\" src=\"http:\/\/www.radiopiu.net\/wordpress\/wp-content\/uploads\/2018\/10\/Frison-FAI-Chiesa-dei-Gesuiti.mp3?_=1\" \/><a href=\"http:\/\/www.radiopiu.net\/wordpress\/wp-content\/uploads\/2018\/10\/Frison-FAI-Chiesa-dei-Gesuiti.mp3\">http:\/\/www.radiopiu.net\/wordpress\/wp-content\/uploads\/2018\/10\/Frison-FAI-Chiesa-dei-Gesuiti.mp3<\/a><\/audio>\n<p>&nbsp;<\/p>\n<p>&nbsp;<\/p>\n<p>&nbsp;<\/p>\n<p>&nbsp;<\/p>\n<p>&nbsp;<\/p>\n<h1>FAMIGLIE AL MUSEO, DOMENICA AL FULCIS<\/h1>\n<blockquote><p><em>Iniziative per bimbi e famiglie<\/em><\/p><\/blockquote>\n<p><strong><a class=\"dt-pswp-item\" href=\"http:\/\/www.radiopiu.net\/wordpress\/wp-content\/uploads\/2018\/10\/image-3.jpg\" data-dt-img-description=\"\" data-large_image_width=\"558\" data-large_image_height=\"220\"><img loading=\"lazy\" decoding=\"async\" class=\" wp-image-63721 alignleft\" src=\"http:\/\/www.radiopiu.net\/wordpress\/wp-content\/uploads\/2018\/10\/image-3-300x118.jpg\" alt=\"\" width=\"336\" height=\"132\" srcset=\"https:\/\/www.radiopiu.net\/wordpress\/wp-content\/uploads\/2018\/10\/image-3-300x118.jpg 300w, https:\/\/www.radiopiu.net\/wordpress\/wp-content\/uploads\/2018\/10\/image-3.jpg 558w\" sizes=\"auto, (max-width: 336px) 100vw, 336px\" \/><\/a>BELLUNO\u00a0\u00a0<\/strong>In occasione della Giornata nazionale delle famiglie al museo, in calendario per domenica 14 ottobre, Palazzo Fulcis apre le sue porte ad una serie di iniziative dedicate di pi\u00f9 piccoli e alle famiglie. Si inizia gi\u00e0 dalla mattina, alle 10.00: il programma apre rivolgendosi ai bambini della scuola primaria. Alle 11 tempo di gioco con &#8220;Il quiz degli oggetti piccoli\u2026ma preziosi!!!&#8221;, a cura di Valentina Pellegrinon. Alle 14 e alle 16 a cura di Andrea Massimo Basana, &#8220;Piccoli segreti quotidiani: usanze e consuetudini delle famiglie del passato&#8221;. Inizier\u00e0 invece alle 15 \u201cBelluno in palmo di mano\u201d, a cura di Caterina De March, con un laboratorio che prevede anche la realizzazione in gesso, da parte dei bimbi partecipanti, di un oggetto legato alla storia della citt\u00e0 di Belluno. Per chiudere, alle 17.00, Annamaria Canepa cura \u201cLe lacrime delle Eliadi\u201d. Per tutta la giornata, il biglietto di ingresso coster\u00e0 5 euro a famiglia.\u00a0<em>\u00ab\u00c8 un&#8217;iniziativa che non solo permette di avvicinare i pi\u00f9 piccoli al mondo dell&#8217;arte, &#8211; commentano l&#8217;assessore alle politiche educative, Valentina Tomasi, e l&#8217;assessore alle politiche culturali, Marco Perale \u2013 ma coinvolge anche i genitori in questo percorso di conoscenza del nostro patrimonio culturale. Innanzitutto, le attivit\u00e0 rivolte ai pi\u00f9 piccoli permettono loro di partecipare attivamente e guardare con curiosit\u00e0 a quadri e sculture, facendo osservare loro l&#8217;arte con occhi diversi; poi, si crea l&#8217;occasione di unire le famiglie in attivit\u00e0 che coinvolgono genitori e figli, portandole a trascorrere una domenica \u201cdiversa\u201d in un museo che diventa spazio di aggregazione. Infine, si fa un&#8217;opera di promozione culturale, facendo conoscere a tutti, grandi e piccini, le bellezze ospitate a Palazzo Fulcis\u00bb.<\/em><\/p>\n<p>&nbsp;<\/p>\n","protected":false},"excerpt":{"rendered":"<p>PORTE APERTE ALL&#8217;EX CHIESA DEI GESUITI \u00abIl Comune crede ancora nel progetto\u00bb BELLUNO\u00a0\u00a0Porte aperte sabato e domenica all&#8217;ex Chiesa dei Gesuiti, in via Tasso: l&#8217;iniziativa \u00e8 possibile grazie alla collaborazione tra il Comune di Belluno, proprietario da qualche mese dell&#8217;immobile grazie al federalismo demaniale, e la delegazione FAI di Belluno, che impegner\u00e0 come ciceroni, oltre&hellip;<\/p>\n","protected":false},"author":1,"featured_media":63707,"comment_status":"closed","ping_status":"closed","sticky":false,"template":"","format":"standard","meta":{"_monsterinsights_skip_tracking":false,"_monsterinsights_sitenote_active":false,"_monsterinsights_sitenote_note":"","_monsterinsights_sitenote_category":0,"footnotes":""},"categories":[49],"tags":[],"class_list":["post-63733","post","type-post","status-publish","format-standard","has-post-thumbnail","hentry","category-news-18","category-49","description-off"],"img_url":"https:\/\/www.radiopiu.net\/wordpress\/wp-content\/uploads\/2018\/10\/Fronte-chiesa-1.jpg","_links":{"self":[{"href":"https:\/\/www.radiopiu.net\/wordpress\/wp-json\/wp\/v2\/posts\/63733","targetHints":{"allow":["GET"]}}],"collection":[{"href":"https:\/\/www.radiopiu.net\/wordpress\/wp-json\/wp\/v2\/posts"}],"about":[{"href":"https:\/\/www.radiopiu.net\/wordpress\/wp-json\/wp\/v2\/types\/post"}],"author":[{"embeddable":true,"href":"https:\/\/www.radiopiu.net\/wordpress\/wp-json\/wp\/v2\/users\/1"}],"replies":[{"embeddable":true,"href":"https:\/\/www.radiopiu.net\/wordpress\/wp-json\/wp\/v2\/comments?post=63733"}],"version-history":[{"count":0,"href":"https:\/\/www.radiopiu.net\/wordpress\/wp-json\/wp\/v2\/posts\/63733\/revisions"}],"wp:featuredmedia":[{"embeddable":true,"href":"https:\/\/www.radiopiu.net\/wordpress\/wp-json\/wp\/v2\/media\/63707"}],"wp:attachment":[{"href":"https:\/\/www.radiopiu.net\/wordpress\/wp-json\/wp\/v2\/media?parent=63733"}],"wp:term":[{"taxonomy":"category","embeddable":true,"href":"https:\/\/www.radiopiu.net\/wordpress\/wp-json\/wp\/v2\/categories?post=63733"},{"taxonomy":"post_tag","embeddable":true,"href":"https:\/\/www.radiopiu.net\/wordpress\/wp-json\/wp\/v2\/tags?post=63733"}],"curies":[{"name":"wp","href":"https:\/\/api.w.org\/{rel}","templated":true}]}}