{"id":63840,"date":"2018-10-13T05:30:37","date_gmt":"2018-10-13T03:30:37","guid":{"rendered":"http:\/\/www.radiopiu.net\/wordpress\/?p=63840"},"modified":"2018-10-13T05:35:18","modified_gmt":"2018-10-13T03:35:18","slug":"questura-2-nuovi-poliziotti-anziche-3","status":"publish","type":"post","link":"https:\/\/www.radiopiu.net\/wordpress\/questura-2-nuovi-poliziotti-anziche-3\/","title":{"rendered":"QUESTURA: 2 NUOVI POLIZIOTTI ANZICHE\u2019 3"},"content":{"rendered":"<blockquote>\n<h2>\n<p><em>SAP: \u201cDisatteso quanto previsto. Si conferma <\/em><br \/>\n<em>sempre pi\u00f9 nulla l\u2019attenzione per<\/em><br \/>\n<em>questa provincia\u201d<\/em><\/h2>\n<\/blockquote>\n<p><strong><a class=\"dt-pswp-item\" href=\"http:\/\/www.radiopiu.net\/wordpress\/wp-content\/uploads\/2018\/10\/Volante-Questura.jpg\" data-dt-img-description=\"\" data-large_image_width=\"768\" data-large_image_height=\"510\"><img loading=\"lazy\" decoding=\"async\" class=\"size-medium wp-image-63842 alignleft\" src=\"http:\/\/www.radiopiu.net\/wordpress\/wp-content\/uploads\/2018\/10\/Volante-Questura-300x199.jpg\" alt=\"\" width=\"300\" height=\"199\" \/><\/a>BELLUNO\u00a0<\/strong>\u00a0\u00a0 Apprendiamo con amarezza e forte disappunto che parte di quanto era stato comunicato dal Ministero a marzo, in termini di assegnazioni di personale, \u00e8 stato oggi disatteso &#8211; afferma la Segreteria Provinciale del Sap (Sindacato Autonomo di Polizia). Con il piano di potenziamenti &#8211; che sarebbe pi\u00f9 corretto definire ripianamenti considerata la cronica carenza di personale \u2013 il Dipartimento aveva previsto per la Questura di Belluno\/Commissariato di Cortina zero unit\u00e0 ad aprile e cinque ad ottobre (tre effettivi e due allievi agenti). Ma dei tre effettivi &#8211; \u00e8 notizia di oggi &#8211; ne arriveranno solo due. Presteranno servizio dal prossimo 26 ottobre al Commissariato di Cortina d\u2019Ampezzo, ufficio di Polizia assolutamente sotto organico al punto tale da non riuscire a garantire talvolta nemmeno una Volante al giorno, abdicando di fatto il controllo del territorio ai soli Carabinieri. Manca quindi all\u2019appello una unit\u00e0, che potr\u00e0 sembrare poco, ma assicuriamo che in una realt\u00e0 come quella bellunese &#8211; che da giugno 2010 ad oggi registra tra Questura e Commissariato un saldo negativo pari a 21 unit\u00e0, \u00e8 tanto. Tramite la Segreteria Nazionale &#8211; prosegue il Sap bellunese &#8211; chiederemo spiegazioni al Ministero, auspicando che l\u2019unit\u00e0 ora mancante venga compensata con le imminenti assegnazioni di allievi agenti o con i prossimi trasferimenti di febbraio 2019.L\u2019amarezza e il disappunto aumenta &#8211; conclude il Sap &#8211; apprendendo che Belluno risulta essere l\u2019unica\u00a0 provincia veneta per la quale il piano di assegnazioni non \u00e8 stato rispettato.<\/p>\n<p>&nbsp;<\/p>\n","protected":false},"excerpt":{"rendered":"<p>SAP: \u201cDisatteso quanto previsto. Si conferma sempre pi\u00f9 nulla l\u2019attenzione per questa provincia\u201d BELLUNO\u00a0\u00a0\u00a0 Apprendiamo con amarezza e forte disappunto che parte di quanto era stato comunicato dal Ministero a marzo, in termini di assegnazioni di personale, \u00e8 stato oggi disatteso &#8211; afferma la Segreteria Provinciale del Sap (Sindacato Autonomo di Polizia). Con il piano&hellip;<\/p>\n","protected":false},"author":1,"featured_media":63841,"comment_status":"closed","ping_status":"closed","sticky":false,"template":"","format":"standard","meta":{"_monsterinsights_skip_tracking":false,"_monsterinsights_sitenote_active":false,"_monsterinsights_sitenote_note":"","_monsterinsights_sitenote_category":0,"footnotes":""},"categories":[49],"tags":[],"class_list":["post-63840","post","type-post","status-publish","format-standard","has-post-thumbnail","hentry","category-news-18","category-49","description-off"],"img_url":"https:\/\/www.radiopiu.net\/wordpress\/wp-content\/uploads\/2018\/10\/Volante-Questura-2.jpg","_links":{"self":[{"href":"https:\/\/www.radiopiu.net\/wordpress\/wp-json\/wp\/v2\/posts\/63840","targetHints":{"allow":["GET"]}}],"collection":[{"href":"https:\/\/www.radiopiu.net\/wordpress\/wp-json\/wp\/v2\/posts"}],"about":[{"href":"https:\/\/www.radiopiu.net\/wordpress\/wp-json\/wp\/v2\/types\/post"}],"author":[{"embeddable":true,"href":"https:\/\/www.radiopiu.net\/wordpress\/wp-json\/wp\/v2\/users\/1"}],"replies":[{"embeddable":true,"href":"https:\/\/www.radiopiu.net\/wordpress\/wp-json\/wp\/v2\/comments?post=63840"}],"version-history":[{"count":0,"href":"https:\/\/www.radiopiu.net\/wordpress\/wp-json\/wp\/v2\/posts\/63840\/revisions"}],"wp:featuredmedia":[{"embeddable":true,"href":"https:\/\/www.radiopiu.net\/wordpress\/wp-json\/wp\/v2\/media\/63841"}],"wp:attachment":[{"href":"https:\/\/www.radiopiu.net\/wordpress\/wp-json\/wp\/v2\/media?parent=63840"}],"wp:term":[{"taxonomy":"category","embeddable":true,"href":"https:\/\/www.radiopiu.net\/wordpress\/wp-json\/wp\/v2\/categories?post=63840"},{"taxonomy":"post_tag","embeddable":true,"href":"https:\/\/www.radiopiu.net\/wordpress\/wp-json\/wp\/v2\/tags?post=63840"}],"curies":[{"name":"wp","href":"https:\/\/api.w.org\/{rel}","templated":true}]}}