{"id":63888,"date":"2018-10-13T15:32:32","date_gmt":"2018-10-13T13:32:32","guid":{"rendered":"http:\/\/www.radiopiu.net\/wordpress\/?p=63888"},"modified":"2018-10-13T15:32:32","modified_gmt":"2018-10-13T13:32:32","slug":"abbiamo-un-paese-spaccato-a-meta-il-nord-regge-la-sfida-tedesca-il-sud-invece-sta-peggio-della-grecia","status":"publish","type":"post","link":"https:\/\/www.radiopiu.net\/wordpress\/abbiamo-un-paese-spaccato-a-meta-il-nord-regge-la-sfida-tedesca-il-sud-invece-sta-peggio-della-grecia\/","title":{"rendered":"ABBIAMO UN PAESE SPACCATO A META\u2019: IL NORD REGGE LA SFIDA TEDESCA;  IL SUD, INVECE, STA PEGGIO DELLA GRECIA"},"content":{"rendered":"<p>L\u2019Italia \u00e8 un Paese sempre pi\u00f9 spaccato a met\u00e0: se, dopo la crisi, il Nord ha ripreso a correre e con qualche difficolt\u00e0 tiene il passo della locomotiva d\u2019Europa, vale a dire la Germania, il Sud, invece, arranca e presenta una situazione socio\/occupazionale addirittura peggiore della Grecia, che da oltre un decennio \u00e8 stabilmente il fanalino di coda dell\u2019Eurozona. E\u2019 questo il risultato a cui \u00e8 giunto l\u2019Ufficio studi della CGIA dopo aver comparato una serie di indicatori economici, occupazionali e sociali della Germania con il Nord Italia e della Grecia con il nostro Mezzogiorno.<br \/>\nLe variabili messe a confronto dall\u2019Ufficio studi si raggruppano in 3 grandi aree:<br \/>\neconomia (Pil pro capite; produttivit\u00e0 del lavoro, export\/Pil e saldo commerciale\/Pil);<br \/>\nlavoro (tasso di occupazione, tasso di occupazione femminile, tasso di disoccupazione e tasso di disoccupazione giovanile);<br \/>\nsociale (rischio di povert\u00e0 o esclusione sociale).<\/p>\n<p>\u201cIl divario tra il Nord e il Sud del nostro Paese \u2013 commenta il segretario Renato Mason &#8211; ha radici lontane che risalgono addirittura all\u2019unit\u00e0 d\u2019Italia. Purtroppo, le politiche pubbliche di sviluppo messe in campo in questi ultimi 70 anni non hanno accorciato le distanze tra queste realt\u00e0. Anzi, per certi versi sono aumentate, poich\u00e9 i livelli di crescita delle regioni settentrionali sono stati decisamente superiori a quelli registrati nel meridione, che si conferma una delle aree economiche pi\u00f9 disagiate dell\u2019intera Eurozona\u201d.<\/p>\n<p><a class=\"dt-pswp-item\" href=\"http:\/\/www.radiopiu.net\/wordpress\/wp-content\/uploads\/2018\/10\/t1.jpeg\" data-dt-img-description=\"\" data-large_image_width=\"984\" data-large_image_height=\"1592\"><img loading=\"lazy\" decoding=\"async\" class=\"size-medium wp-image-63891 alignleft\" src=\"http:\/\/www.radiopiu.net\/wordpress\/wp-content\/uploads\/2018\/10\/t1-185x300.jpeg\" alt=\"\" width=\"185\" height=\"300\" srcset=\"https:\/\/www.radiopiu.net\/wordpress\/wp-content\/uploads\/2018\/10\/t1-185x300.jpeg 185w, https:\/\/www.radiopiu.net\/wordpress\/wp-content\/uploads\/2018\/10\/t1-768x1243.jpeg 768w, https:\/\/www.radiopiu.net\/wordpress\/wp-content\/uploads\/2018\/10\/t1-633x1024.jpeg 633w, https:\/\/www.radiopiu.net\/wordpress\/wp-content\/uploads\/2018\/10\/t1.jpeg 984w\" sizes=\"auto, (max-width: 185px) 100vw, 185px\" \/><\/a>E con un Paese che presenta uno squilibrio cos\u00ec marcato tra le principali ripartizioni geografiche che non ha eguali nel resto d\u2019Europa, i dati statistici medi dell\u2019Italia vanno sempre interpretati con le dovute cautele. In particolar modo per la forte presenza dell\u2019economia non osservata che, solo per la parte del lavoro irregolare, produce nel Mezzogiorno oltre 27 miliardi di euro di valore aggiunto sommerso all\u2019anno (vedi Tab. 1).<\/p>\n<p>\u201cIl Sud \u2013 chiarisce il coordinatore dell\u2019Ufficio studi Paolo Zabeo &#8211; pu\u00f2 contare su una presenza di oltre 1 milione e 300 mila lavoratori in nero che rende le statistiche ufficiali sul mercato del lavoro meno allarmanti di quanto appaiono. Detto ci\u00f2, nessuno giustifica questo fenomeno quando \u00e8 controllato da organizzazioni criminali o da caporali. Tuttavia, se il sommerso \u00e8 una conseguenza del mancato sviluppo economico di un territorio, al tempo stesso rappresenta un ammortizzatore che consente a migliaia e migliaia di famiglie di non scivolare nella povert\u00e0 o nell\u2019esclusione sociale\u201d.<\/p>\n<p><a class=\"dt-pswp-item\" href=\"http:\/\/www.radiopiu.net\/wordpress\/wp-content\/uploads\/2018\/10\/1.jpeg\" data-dt-img-description=\"\" data-large_image_width=\"1414\" data-large_image_height=\"402\"><img loading=\"lazy\" decoding=\"async\" class=\"alignnone wp-image-63889\" src=\"http:\/\/www.radiopiu.net\/wordpress\/wp-content\/uploads\/2018\/10\/1-300x85.jpeg\" alt=\"\" width=\"750\" height=\"186\" \/><\/a><\/p>\n<p><a class=\"dt-pswp-item\" href=\"http:\/\/www.radiopiu.net\/wordpress\/wp-content\/uploads\/2018\/10\/2.jpeg\" data-dt-img-description=\"\" data-large_image_width=\"1406\" data-large_image_height=\"404\"><img loading=\"lazy\" decoding=\"async\" class=\"alignnone wp-image-63890\" src=\"http:\/\/www.radiopiu.net\/wordpress\/wp-content\/uploads\/2018\/10\/2-300x86.jpeg\" alt=\"\" width=\"746\" height=\"161\" \/><\/a><\/p>\n<p><a class=\"dt-pswp-item\" href=\"http:\/\/www.radiopiu.net\/wordpress\/wp-content\/uploads\/2018\/10\/t2.jpeg\" data-dt-img-description=\"\" data-large_image_width=\"1304\" data-large_image_height=\"1578\"><img loading=\"lazy\" decoding=\"async\" class=\"alignnone size-medium wp-image-63892\" src=\"http:\/\/www.radiopiu.net\/wordpress\/wp-content\/uploads\/2018\/10\/t2-248x300.jpeg\" alt=\"\" width=\"248\" height=\"300\" srcset=\"https:\/\/www.radiopiu.net\/wordpress\/wp-content\/uploads\/2018\/10\/t2-248x300.jpeg 248w, https:\/\/www.radiopiu.net\/wordpress\/wp-content\/uploads\/2018\/10\/t2-768x929.jpeg 768w, https:\/\/www.radiopiu.net\/wordpress\/wp-content\/uploads\/2018\/10\/t2-846x1024.jpeg 846w, https:\/\/www.radiopiu.net\/wordpress\/wp-content\/uploads\/2018\/10\/t2.jpeg 1304w\" sizes=\"auto, (max-width: 248px) 100vw, 248px\" \/><\/a><\/p>\n<p>IN VERDE I RISULTATI DEL NORD MIGLIORI DI QUELLI TEDESCHI E DEL SUD MIGLIORI DI QUELLI GRECI<br \/>\nIN ROSSO I RISULTATI DEL NORD PEGGIORI DI QUELLI TEDESCHI E DEL SUD PEGGIORI DI QUELLI GRECI<\/p>\n<p>(*) Come da ripartizione territoriale Istat, il Nord \u00e8 costituito da Piemonte, Valle d&#8217;Aosta, Lombardia, Liguria, Trentino Alto Adige, Veneto, Friuli Venezia Giulia, Emilia Romagna.<br \/>\n(**) Come da ripartizione territoriale Istat, il Mezzogiorno \u00e8 costituito da Abruzzo, Molise, Campania, Puglia, Basilicata, Calabria, Sicilia, Sardegna.<br \/>\n(***) Indicatore nell&#8217;ambito della strategia Europa 2020 che deriva dalla combinazione di 3 elementi: 1) rischio di povert\u00e0 (persone che vivono in famiglie con reddito familiare equivalente inferiore al 60% del reddito mediano dello stesso paese); 2) grave deprivazione materiale (persone che vivono in famiglie con almeno 4 sintomi di disagio tra una platea di 9 sintomi); 3) bassa intensit\u00e0 lavorativa (persone che vivono in famiglie i cui componenti di et\u00e0 18-59 lavorano meno di un quinto del loro tempo). Il rischio di povert\u00e0 o di esclusione sociale si verifica quando sussiste almeno una delle tre condizioni descritte. Per i 2 indicatori sulla povert\u00e0, il Nord \u00e8 stato calcolato come media semplice dei 2 indicatori relativi al Nord Ovest e al Nord Est.<\/p>\n","protected":false},"excerpt":{"rendered":"<p>L\u2019Italia \u00e8 un Paese sempre pi\u00f9 spaccato a met\u00e0: se, dopo la crisi, il Nord ha ripreso a correre e con qualche difficolt\u00e0 tiene il passo della locomotiva d\u2019Europa, vale a dire la Germania, il Sud, invece, arranca e presenta una situazione socio\/occupazionale addirittura peggiore della Grecia, che da oltre un decennio \u00e8 stabilmente il&hellip;<\/p>\n","protected":false},"author":1,"featured_media":63893,"comment_status":"closed","ping_status":"closed","sticky":false,"template":"","format":"standard","meta":{"_monsterinsights_skip_tracking":false,"_monsterinsights_sitenote_active":false,"_monsterinsights_sitenote_note":"","_monsterinsights_sitenote_category":0,"footnotes":""},"categories":[49],"tags":[],"class_list":["post-63888","post","type-post","status-publish","format-standard","has-post-thumbnail","hentry","category-news-18","category-49","description-off"],"img_url":"https:\/\/www.radiopiu.net\/wordpress\/wp-content\/uploads\/2018\/10\/connect-20333_1280.jpg","_links":{"self":[{"href":"https:\/\/www.radiopiu.net\/wordpress\/wp-json\/wp\/v2\/posts\/63888","targetHints":{"allow":["GET"]}}],"collection":[{"href":"https:\/\/www.radiopiu.net\/wordpress\/wp-json\/wp\/v2\/posts"}],"about":[{"href":"https:\/\/www.radiopiu.net\/wordpress\/wp-json\/wp\/v2\/types\/post"}],"author":[{"embeddable":true,"href":"https:\/\/www.radiopiu.net\/wordpress\/wp-json\/wp\/v2\/users\/1"}],"replies":[{"embeddable":true,"href":"https:\/\/www.radiopiu.net\/wordpress\/wp-json\/wp\/v2\/comments?post=63888"}],"version-history":[{"count":0,"href":"https:\/\/www.radiopiu.net\/wordpress\/wp-json\/wp\/v2\/posts\/63888\/revisions"}],"wp:featuredmedia":[{"embeddable":true,"href":"https:\/\/www.radiopiu.net\/wordpress\/wp-json\/wp\/v2\/media\/63893"}],"wp:attachment":[{"href":"https:\/\/www.radiopiu.net\/wordpress\/wp-json\/wp\/v2\/media?parent=63888"}],"wp:term":[{"taxonomy":"category","embeddable":true,"href":"https:\/\/www.radiopiu.net\/wordpress\/wp-json\/wp\/v2\/categories?post=63888"},{"taxonomy":"post_tag","embeddable":true,"href":"https:\/\/www.radiopiu.net\/wordpress\/wp-json\/wp\/v2\/tags?post=63888"}],"curies":[{"name":"wp","href":"https:\/\/api.w.org\/{rel}","templated":true}]}}