{"id":63909,"date":"2018-10-15T06:00:23","date_gmt":"2018-10-15T04:00:23","guid":{"rendered":"http:\/\/www.radiopiu.net\/wordpress\/?p=63909"},"modified":"2018-10-15T10:03:52","modified_gmt":"2018-10-15T08:03:52","slug":"giornale-radiopiu-15-ottobre-2018-direttore-mirko-mezzacasa","status":"publish","type":"post","link":"https:\/\/www.radiopiu.net\/wordpress\/giornale-radiopiu-15-ottobre-2018-direttore-mirko-mezzacasa\/","title":{"rendered":"GIORNALE RADIOPIU 15 OTTOBRE 2018 DIRETTORE MIRKO MEZZACASA"},"content":{"rendered":"<h1><\/h1>\n<h1>DRAMMI DELLA MONTAGNA, DUE PERSONE PERDONO LA VITA SCIVOLANDO SU PENDII SCOSCESI<\/h1>\n<p><strong>CESIOMAGGIORE Armando De Nardin, 62enne di Cesiomaggiore <\/strong>ha perso la vita\u00a0precipitando in Val Canzoi. La Centrale del Suem ha inviato l&#8217;elicottero di Pieve di Cadore e il Soccorso alpino di Feltre. Dopo una quarantina di minuti di cammino, i soccorritori sono arrivati sul luogo dell&#8217;incidente, dove con un verricello di 30 metri sono stati sbarcati medico e tecnico di elisoccorso. Purtroppo non c&#8217;\u00e8 stato nulla da fare, se non constatare il decesso dell&#8217;uomo. Ad allertare i soccorsi \u00e8 stato il fratello e un gruppo di cacciatori in localit\u00e0 Sant&#8217;Eustachio. De Nardin \u00e8\u00a0 scivolato nel bosco su un pendio scosceso, ruzzolando per un centinaio di metri e riportando traumi fatali.<\/p>\n<p>&nbsp;<\/p>\n<p><strong>AURONZO<\/strong>\u00a0Ieri mattina\u00a0 alcuni escursionisti si sono imbattuti in un uomo gravemente ferito lungo il sentiero numero 101, non distante dal Rifugio Auronzo. Per cause in corso di accertamento, non si eslcude il malore\u00a0 <strong>Andrea Larese<\/strong><br \/>\n<strong>Filon, 74 anni, di Auronzo\u00a0<\/strong> \u00e8\u00a0 scivolato da una traccia sul ghiaione. Sbarcato nelle vicinanze, il personale medico dell&#8217;elicottero dell&#8217;Aiut Alpin Dolomites di Bolzano ha solamente potuto procedere con la constatazione del decesso. Sul posto anche i soccorritori del Sagf.<\/p>\n<p>&nbsp;<\/p>\n<p>&nbsp;<\/p>\n<h1>INTERVENTI IN MONTAGNA<\/h1>\n<p><span style=\"color: #ff0000;\">IERI IL SOCCORSO ALPINO<\/span><\/p>\n<p><strong>SAN GREGORIO NELLE ALP<\/strong>I L&#8217;elicottero del Suem di Pieve di Cadore \u00e8 intervenuto lungo il sentiero numero 853, tra Bivacco Palia e Casera Ere, nel comune di San Gregorio nelle Alpi, per un escursionista che era caduto e aveva sbattuto il volto.<strong> A.R., 35 anni, di Mel (BL),<\/strong> che si trovava con una coppia di amici, \u00e8 stato recuperato con un verricello di 30 metri e trasportato all&#8217;ospedale di Belluno.<\/p>\n<p><strong>CORTINA<\/strong>\u00a0 all&#8217;uscita della Ferrata degli alpini sul Col dei Bos, per una turista austriaca colta da malore. La donna, <strong>K.B., 52 anni,<\/strong> \u00e8 stata imbarcata sempre con il verricello e accompagnata al San Martino per i controlli del caso.<\/p>\n<p><strong>DOMEGGE<\/strong>\u00a0 sugli Spalti di Toro. Scendendo da Forcella Segnata un escursionista era caduto sulle rocce procurandosi probabili trauma alla gamba e a un braccio. Recuperato dall&#8217; equipaggio,<strong> C.G., 44 anni, di Pocenia (UD)<\/strong>, \u00e8 stato portato all&#8217;ospedale di Belluno.<\/p>\n<p><strong>VAL DI ZOLDO<\/strong>\u00a0 una squadra del Soccorso alpino della Val di Zoldo ha raggiunto con la jeep un&#8217;escursionista che si era slogata una caviglia scendendo dal Coldai verso Malga Pioda e la ha riaccompagnata a valle.<\/p>\n<p>&nbsp;<\/p>\n<p>&nbsp;<\/p>\n<h1>MALORE TRA LE MURA DI CASA, GRAVE UN AGORDINO<\/h1>\n<p><strong>AGORDO\u00a0<\/strong>\u00a0Un agordino di 57 anni si \u00e8 sentito male nel tardo pomeriggio di ieri. O.B. \u00e8 stato prontamente soccorso \u00a0e trasportato d\u2019urgenza\u00a0al San Martino di Belluno, dove i medici hanno deciso di ricoverarlo in Rianimazione. Il quadro \u00e8 molto serio.<\/p>\n<p>&nbsp;<\/p>\n<h1>MOTOCICLISTA ESCE DI STRADA IN ALPAGO<\/h1>\n<p><strong>ALPAGO\u00a0<\/strong>Non sono preoccupanti le condizioni di un motociclista, che \u00e8 uscito di strada da solo, nella zona di Spert, in Alpago. C.N., 55 anni ha riportato un politrauma ed \u00e8 stato soccorso dall\u2019eliambulanza del 118 e poi ricoverato in ospedale a Belluno.<\/p>\n<p>&nbsp;<\/p>\n<p>&nbsp;<\/p>\n<h1>IL PIRATA DELLA STRADA ANCORA SCONOSCIUTO<\/h1>\n<p><strong>FELTRE<\/strong>\u00a0Continua la caccia al pirata della strada che sabato pomeriggio ha compiuto una serie di scorribande tra Feltre e Pedavena. I carabinieri di Feltre hanno recuperato in una via laterale del quartiere di Farra 2000 l\u2019Audi scura con targa straniera utilizzata dal pirata della strada ed anche la\u00a0Fiat Punto, utilizzata probabilmente dalla stessa<br \/>\npersona in un momento successivo.<\/p>\n<p>&nbsp;<\/p>\n<p>&nbsp;<\/p>\n<p>&nbsp;<\/p>\n<h1>DOMENICA DI FUOCO VICINO ALL&#8217;AEROPORTO<\/h1>\n<p><strong>BELLUNO\u00a0<\/strong>Vigili del fuoco impegnati per\u00a0 tre ore a spegnere le fiamme\u00a0nella zona di San Pietro in Campo. L\u2019allarme \u00e8 giunto alla caserma dei pompieri alle 16.30, A fuoco un\u00a0\u00a0manufatto in lamiera e della legna. All\u2019origine dell\u2019incendio potrebbero esserci stati dei lavori di pulizia all\u2019area contermine.<\/p>\n<p>&nbsp;<\/p>\n<p>&nbsp;<\/p>\n<p>&nbsp;<\/p>\n<h1>IL SINDACO DI RIVAMONTE RINGRAZIA GLI AMMINISTRATORI DI SOSPIROLO\u00a0 PER LA SOLIDARIETA&#8217;.<\/h1>\n<p><strong><a class=\"dt-pswp-item\" href=\"http:\/\/www.radiopiu.net\/wordpress\/wp-content\/uploads\/2017\/05\/GIOVANNI-NINO-DEON.jpg\" data-dt-img-description=\"\" data-large_image_width=\"745\" data-large_image_height=\"721\"><img loading=\"lazy\" decoding=\"async\" class=\"wp-image-32109 alignleft\" src=\"http:\/\/www.radiopiu.net\/wordpress\/wp-content\/uploads\/2017\/05\/GIOVANNI-NINO-DEON-300x290.jpg\" alt=\"\" width=\"142\" height=\"137\" \/><\/a><\/strong><\/p>\n<p>&nbsp;<\/p>\n<p>&nbsp;<\/p>\n<p>&nbsp;<\/p>\n<p><strong>RIVAMONTE<\/strong><\/p>\n<p><strong>di Gianni Santomaso<\/strong><\/p>\n<audio class=\"wp-audio-shortcode\" id=\"audio-63909-1\" preload=\"none\" style=\"width: 100%;\" controls=\"controls\"><source type=\"audio\/ogg\" src=\"http:\/\/www.radiopiu.net\/wordpress\/wp-content\/uploads\/2018\/10\/sospirolo-solidarieta-1.ogg?_=1\" \/><a href=\"http:\/\/www.radiopiu.net\/wordpress\/wp-content\/uploads\/2018\/10\/sospirolo-solidarieta-1.ogg\">http:\/\/www.radiopiu.net\/wordpress\/wp-content\/uploads\/2018\/10\/sospirolo-solidarieta-1.ogg<\/a><\/audio>\n<p><span style=\"color: #ff0000;\"><strong>SERVIZIO PRECEDENTE DEL 12 OTTOBRE<\/strong><\/span><\/p>\n<blockquote class=\"wp-embedded-content\" data-secret=\"U7c0uFuVPK\"><p><a href=\"http:\/\/www.radiopiu.net\/wordpress\/disparita-da-fondi-di-confine-rivamonte-senza-soldi-non-e-in-grado-di-rimettere-in-strada-il-pullmino-per-gli-studenti\/\">DISPARITA&#8217; DA FONDI DI CONFINE, RIVAMONTE SENZA SOLDI NON E&#8217; IN GRADO DI RIMETTERE IN STRADA IL PULLMINO PER GLI STUDENTI<\/a><\/p><\/blockquote>\n<p><iframe loading=\"lazy\" class=\"wp-embedded-content\" sandbox=\"allow-scripts\" security=\"restricted\" style=\"position: absolute; clip: rect(1px, 1px, 1px, 1px);\" src=\"http:\/\/www.radiopiu.net\/wordpress\/disparita-da-fondi-di-confine-rivamonte-senza-soldi-non-e-in-grado-di-rimettere-in-strada-il-pullmino-per-gli-studenti\/embed\/#?secret=U7c0uFuVPK\" data-secret=\"U7c0uFuVPK\" width=\"600\" height=\"338\" title=\"&#8220;DISPARITA&#8217; DA FONDI DI CONFINE, RIVAMONTE SENZA SOLDI NON E&#8217; IN GRADO DI RIMETTERE IN STRADA IL PULLMINO PER GLI STUDENTI&#8221; &#8212; Radio Pi\u00f9\" frameborder=\"0\" marginwidth=\"0\" marginheight=\"0\" scrolling=\"no\"><\/iframe><\/p>\n<p><span style=\"color: #ff0000;\"><strong>SERVIZIO PRECEDENTE DEL 13 OTTOBRE<\/strong><\/span><\/p>\n<h3>UN APPELLO ALLA SOLIDARIETA&#8217; MA ANCHE AD UNA PROGRAMMAZIONE PUNTUALE, DI\u00a0 PAOLO SAVIANE (PRESIDENTE COMITATO FONDI DI CONFINE) A COMMENTO DEI PROBLEMI DEL COMUNE DI RIVAMONTE SENZA SOLDI ANCHE PER CAMBIARE LO SCUOLABUS.<\/h3>\n<h3><span style=\"color: #000000;\"><strong>DI GIANNI SANTOMASO<\/strong><\/span><\/h3>\n<audio class=\"wp-audio-shortcode\" id=\"audio-63909-2\" preload=\"none\" style=\"width: 100%;\" controls=\"controls\"><source type=\"audio\/mpeg\" src=\"http:\/\/www.radiopiu.net\/wordpress\/wp-content\/uploads\/2018\/10\/SAVIANE-SOSTITUISCE-PRECEDENTI.mp3?_=2\" \/><a href=\"http:\/\/www.radiopiu.net\/wordpress\/wp-content\/uploads\/2018\/10\/SAVIANE-SOSTITUISCE-PRECEDENTI.mp3\">http:\/\/www.radiopiu.net\/wordpress\/wp-content\/uploads\/2018\/10\/SAVIANE-SOSTITUISCE-PRECEDENTI.mp3<\/a><\/audio>\n<p>&nbsp;<\/p>\n<p>&nbsp;<\/p>\n<p>&nbsp;<\/p>\n<p>&nbsp;<\/p>\n<blockquote>\n<h1>UNCEM e CONFINDUSTRIA PER LA MONTAGNA<br \/>\n<em style=\"font-size: 14px; font-weight: normal;\">Insieme per lo sviluppo delle Terre Alte<\/em><\/h1>\n<\/blockquote>\n<div style=\"text-align: left;\"><strong><a class=\"dt-pswp-item\" href=\"http:\/\/www.radiopiu.net\/wordpress\/wp-content\/uploads\/2018\/10\/argentera_ferrere.jpg\" data-dt-img-description=\"\" data-large_image_width=\"865\" data-large_image_height=\"330\"><img loading=\"lazy\" decoding=\"async\" class=\" wp-image-63916 alignleft\" src=\"http:\/\/www.radiopiu.net\/wordpress\/wp-content\/uploads\/2018\/10\/argentera_ferrere-300x114.jpg\" alt=\"\" width=\"403\" height=\"153\" srcset=\"https:\/\/www.radiopiu.net\/wordpress\/wp-content\/uploads\/2018\/10\/argentera_ferrere-300x114.jpg 300w, https:\/\/www.radiopiu.net\/wordpress\/wp-content\/uploads\/2018\/10\/argentera_ferrere-768x293.jpg 768w, https:\/\/www.radiopiu.net\/wordpress\/wp-content\/uploads\/2018\/10\/argentera_ferrere.jpg 865w\" sizes=\"auto, (max-width: 403px) 100vw, 403px\" \/><\/a>BELLUNO\u00a0\u00a0<\/strong>Alla vigilia degli Stati generali della Montagna, convocati a Roma dal Ministero delle Autonomie e degli Affari Regionali marted\u00ec 16 ottobre , Confindustria per la Montagna e Uncem condividono la necessit\u00e0 di una sinergia tra sistema delle imprese ed Enti locali per lo sviluppo economico e sociale delle Terre Alte, in particolare su alcuni temi che saranno illustrati oggi alla stampa. Interverranno Marco Bussone,\u00a0 Presidente nazionale UNCEM e\u00a0\u00a0Andrea Ferrazzi, Direttore di Confindustria Belluno Dolomiti<\/div>\n<div><strong>CONFINDUSTRIA PER LA MONTAGNA<\/strong> \u00e8 la rete interna al sistema associativo composta dalle territoriali e dalle federazioni regionali interessate a promuovere lo sviluppo delle terre alte, attraverso progetti, provvedimenti e politiche pubbliche coerenti e finalizzate a sostenere la crescita economica e sociale di queste aree connotate da una riconosciuta e oggettiva specificit\u00e0.<\/div>\n<div><strong>UNCEM<\/strong> &#8211; Unione nazionale Comuni Comunit\u00e0 Enti montani &#8211; \u00e8 l&#8217;organizzazione nazionale unitaria, presente in ogni realt\u00e0 regionale con proprie Delegazioni, che da oltre 60 anni raggruppa e rappresenta i Comuni montani e le forme aggregative, Unioni e Comunit\u00e0 montane, oltre ad associare varie amministrazioni ed enti (province, consorzi, camere di commercio) operanti in montagna, per un bacino territoriale pari al 54% di quello nazionale e nel quale risiedono oltre 10 milioni di abitanti.<\/div>\n<div><\/div>\n<div><\/div>\n<blockquote>\n<div><\/div>\n<\/blockquote>\n<div><\/div>\n<blockquote>\n<div><\/div>\n<\/blockquote>\n<div><\/div>\n<blockquote>\n<div><\/div>\n<\/blockquote>\n<div><\/div>\n<h1>4 MILIONI E MEZZO PER L&#8217;ACQUEDOTTO<\/h1>\n<p><strong><a class=\"dt-pswp-item\" href=\"http:\/\/www.radiopiu.net\/wordpress\/wp-content\/uploads\/2018\/10\/WhatsApp-Image-2018-10-12-at-21.03.09.jpeg\" data-dt-img-description=\"\" data-large_image_width=\"1599\" data-large_image_height=\"1200\"><img loading=\"lazy\" decoding=\"async\" class=\"size-medium wp-image-63821 alignleft\" src=\"http:\/\/www.radiopiu.net\/wordpress\/wp-content\/uploads\/2018\/10\/WhatsApp-Image-2018-10-12-at-21.03.09-300x225.jpeg\" alt=\"\" width=\"300\" height=\"225\" srcset=\"https:\/\/www.radiopiu.net\/wordpress\/wp-content\/uploads\/2018\/10\/WhatsApp-Image-2018-10-12-at-21.03.09-300x225.jpeg 300w, https:\/\/www.radiopiu.net\/wordpress\/wp-content\/uploads\/2018\/10\/WhatsApp-Image-2018-10-12-at-21.03.09-768x576.jpeg 768w, https:\/\/www.radiopiu.net\/wordpress\/wp-content\/uploads\/2018\/10\/WhatsApp-Image-2018-10-12-at-21.03.09-1024x768.jpeg 1024w, https:\/\/www.radiopiu.net\/wordpress\/wp-content\/uploads\/2018\/10\/WhatsApp-Image-2018-10-12-at-21.03.09.jpeg 1599w\" sizes=\"auto, (max-width: 300px) 100vw, 300px\" \/><\/a><\/strong><\/p>\n<p>&nbsp;<\/p>\n<p>&nbsp;<\/p>\n<p>&nbsp;<\/p>\n<p>&nbsp;<\/p>\n<p>&nbsp;<\/p>\n<p><strong>FALCADE<\/strong><\/p>\n<p><strong>DI GIANNI SANTOMASO<\/strong><\/p>\n<audio class=\"wp-audio-shortcode\" id=\"audio-63909-3\" preload=\"none\" style=\"width: 100%;\" controls=\"controls\"><source type=\"audio\/mpeg\" src=\"http:\/\/www.radiopiu.net\/wordpress\/wp-content\/uploads\/2018\/10\/GIANNI-FALCADE.mp3?_=3\" \/><a href=\"http:\/\/www.radiopiu.net\/wordpress\/wp-content\/uploads\/2018\/10\/GIANNI-FALCADE.mp3\">http:\/\/www.radiopiu.net\/wordpress\/wp-content\/uploads\/2018\/10\/GIANNI-FALCADE.mp3<\/a><\/audio>\n<p><strong>12ESIMA VARIAZIONE AL BILANCIO, IL SINDACO MICHELE COSTA<\/strong><\/p>\n<audio class=\"wp-audio-shortcode\" id=\"audio-63909-4\" preload=\"none\" style=\"width: 100%;\" controls=\"controls\"><source type=\"audio\/mpeg\" src=\"http:\/\/www.radiopiu.net\/wordpress\/wp-content\/uploads\/2018\/10\/MICHELE-1.mp3?_=4\" \/><a href=\"http:\/\/www.radiopiu.net\/wordpress\/wp-content\/uploads\/2018\/10\/MICHELE-1.mp3\">http:\/\/www.radiopiu.net\/wordpress\/wp-content\/uploads\/2018\/10\/MICHELE-1.mp3<\/a><\/audio>\n<p><strong>L&#8217;INTERO DIBATTITO<\/strong><\/p>\n<div>\n<audio class=\"wp-audio-shortcode\" id=\"audio-63909-5\" preload=\"none\" style=\"width: 100%;\" controls=\"controls\"><source type=\"audio\/mpeg\" src=\"http:\/\/www.radiopiu.net\/wordpress\/wp-content\/uploads\/2018\/10\/CONSIGLIO-COMUNALE-FALCADE-VARIZIAZIONE.mp3?_=5\" \/><a href=\"http:\/\/www.radiopiu.net\/wordpress\/wp-content\/uploads\/2018\/10\/CONSIGLIO-COMUNALE-FALCADE-VARIZIAZIONE.mp3\">http:\/\/www.radiopiu.net\/wordpress\/wp-content\/uploads\/2018\/10\/CONSIGLIO-COMUNALE-FALCADE-VARIZIAZIONE.mp3<\/a><\/audio>\n<\/div>\n<div><\/div>\n<div>\n<div><\/div>\n<div><\/div>\n<blockquote>\n<div><\/div>\n<\/blockquote>\n<div><\/div>\n<blockquote>\n<div><\/div>\n<\/blockquote>\n<div><\/div>\n<blockquote>\n<div><\/div>\n<\/blockquote>\n<div><\/div>\n<h1><\/h1>\n<\/div>\n<div><\/div>\n<div><\/div>\n<div><\/div>\n<blockquote>\n<h1>CORSO D&#8217;ARRAMPICATA CON LA LIA DA MONT FODOM E COL<\/h1>\n\n\t\t\t<style type='text\/css'>\n\t\t\t\t#gallery-1 {\n\t\t\t\t\tmargin: auto;\n\t\t\t\t}\n\t\t\t\t#gallery-1 .gallery-item {\n\t\t\t\t\tfloat: left;\n\t\t\t\t\tmargin-top: 10px;\n\t\t\t\t\ttext-align: center;\n\t\t\t\t\twidth: 33%;\n\t\t\t\t}\n\t\t\t\t#gallery-1 img {\n\t\t\t\t\tborder: 2px solid #cfcfcf;\n\t\t\t\t}\n\t\t\t\t#gallery-1 .gallery-caption {\n\t\t\t\t\tmargin-left: 0;\n\t\t\t\t}\n\t\t\t\t\/* see gallery_shortcode() in wp-includes\/media.php *\/\n\t\t\t<\/style>\n\t\t<div id='gallery-1' class='dt-gallery-container gallery galleryid-63909 gallery-columns-3 gallery-size-thumbnail'><dl class='gallery-item'>\n\t\t\t\t<dt class='gallery-icon landscape'>\n\t\t\t\t\t<a class=\"rollover\" href='https:\/\/www.radiopiu.net\/wordpress\/giornale-radiopiu-15-ottobre-2018-direttore-mirko-mezzacasa\/ef7db09a-8d2e-48ce-bf7f-d5810a27b74f\/'><img loading=\"lazy\" decoding=\"async\" width=\"150\" height=\"150\" src=\"https:\/\/www.radiopiu.net\/wordpress\/wp-content\/uploads\/2018\/10\/ef7db09a-8d2e-48ce-bf7f-d5810a27b74f-150x150.jpg\" class=\"attachment-thumbnail size-thumbnail\" alt=\"\" \/><\/a>\n\t\t\t\t<\/dt><\/dl><dl class='gallery-item'>\n\t\t\t\t<dt class='gallery-icon portrait'>\n\t\t\t\t\t<a class=\"rollover\" href='https:\/\/www.radiopiu.net\/wordpress\/giornale-radiopiu-15-ottobre-2018-direttore-mirko-mezzacasa\/bfeb7ff0-2eba-4a85-b9be-f48807949f94\/'><img loading=\"lazy\" decoding=\"async\" width=\"150\" height=\"150\" src=\"https:\/\/www.radiopiu.net\/wordpress\/wp-content\/uploads\/2018\/10\/bfeb7ff0-2eba-4a85-b9be-f48807949f94-150x150.jpg\" class=\"attachment-thumbnail size-thumbnail\" alt=\"\" \/><\/a>\n\t\t\t\t<\/dt><\/dl><dl class='gallery-item'>\n\t\t\t\t<dt class='gallery-icon portrait'>\n\t\t\t\t\t<a class=\"rollover\" href='https:\/\/www.radiopiu.net\/wordpress\/giornale-radiopiu-15-ottobre-2018-direttore-mirko-mezzacasa\/2a146120-fc2a-4b89-9ad7-f4e444d8bf25\/'><img loading=\"lazy\" decoding=\"async\" width=\"150\" height=\"150\" src=\"https:\/\/www.radiopiu.net\/wordpress\/wp-content\/uploads\/2018\/10\/2a146120-fc2a-4b89-9ad7-f4e444d8bf25-150x150.jpg\" class=\"attachment-thumbnail size-thumbnail\" alt=\"\" \/><\/a>\n\t\t\t\t<\/dt><\/dl><br style=\"clear: both\" \/>\n\t\t\t<\/div>\n<\/blockquote>\n<div><strong><a class=\"dt-pswp-item\" href=\"http:\/\/www.radiopiu.net\/wordpress\/wp-content\/uploads\/2018\/10\/448272fb-3131-47e1-932b-967865004d25.jpg\" data-dt-img-description=\"\" data-large_image_width=\"1600\" data-large_image_height=\"900\"><img loading=\"lazy\" decoding=\"async\" class=\"size-medium wp-image-63921 alignleft\" src=\"http:\/\/www.radiopiu.net\/wordpress\/wp-content\/uploads\/2018\/10\/448272fb-3131-47e1-932b-967865004d25-300x169.jpg\" alt=\"\" width=\"300\" height=\"169\" srcset=\"https:\/\/www.radiopiu.net\/wordpress\/wp-content\/uploads\/2018\/10\/448272fb-3131-47e1-932b-967865004d25-300x169.jpg 300w, https:\/\/www.radiopiu.net\/wordpress\/wp-content\/uploads\/2018\/10\/448272fb-3131-47e1-932b-967865004d25-768x432.jpg 768w, https:\/\/www.radiopiu.net\/wordpress\/wp-content\/uploads\/2018\/10\/448272fb-3131-47e1-932b-967865004d25-1024x576.jpg 1024w, https:\/\/www.radiopiu.net\/wordpress\/wp-content\/uploads\/2018\/10\/448272fb-3131-47e1-932b-967865004d25.jpg 1600w\" sizes=\"auto, (max-width: 300px) 100vw, 300px\" \/><\/a>LIVINALLONGO\u00a0\u00a0<\/strong>Sabato Lia da Mont Fodom e C\u00f2l hanno organizzato grazie alla collaborazione del Soccorso Alpino Livinallongo e la guida alpina Filippo Beccari il \u201ecorso da ji a cr\u00ebp\u201c un corso di arrampicata gratuito per bambini e grandi alla falesia Sas de Stria fra il Passo Falzarego e il Valparola.\u00a0 Hanno partecipato \u00a0in gran parte bambini in massima sicurezza grazie ai consigli e al supporto di persone competenti. Sei gli istruttrori: la guida alpina Filippo Beccari, quattro del Soccorso Alpino Marino Zorz, Andrea Dorigo, Marco Nardini, Davide Testor e Pierantoni Ballan per la Lia da Mont. Sono stati attrezzazi 6 tiri con corda dall\u00b4alto con vari livelli di difficolt\u00e1 e per il divertimento dei bambini \u00e9 stata messa una teleferica per la discesa, per provare l\u00b4ebrezza del vuoto a 25 m di altezza. Fra un tiro e l\u00b4altro pizzette e biscotti accompagnati da succhi e bibite. Birra dall\u00b4Oktoberfest per i pap\u00e1.<\/div>\n<div><\/div>\n<div><strong><a class=\"dt-pswp-item\" href=\"http:\/\/www.radiopiu.net\/wordpress\/wp-content\/uploads\/2018\/09\/Il-vincitore-Filippo-Beccari.jpg\" data-dt-img-description=\"\" data-large_image_width=\"511\" data-large_image_height=\"768\"><img loading=\"lazy\" decoding=\"async\" class=\"size-medium wp-image-61559 alignleft\" src=\"http:\/\/www.radiopiu.net\/wordpress\/wp-content\/uploads\/2018\/09\/Il-vincitore-Filippo-Beccari-200x300.jpg\" alt=\"\" width=\"200\" height=\"300\" srcset=\"https:\/\/www.radiopiu.net\/wordpress\/wp-content\/uploads\/2018\/09\/Il-vincitore-Filippo-Beccari-200x300.jpg 200w, https:\/\/www.radiopiu.net\/wordpress\/wp-content\/uploads\/2018\/09\/Il-vincitore-Filippo-Beccari.jpg 511w\" sizes=\"auto, (max-width: 200px) 100vw, 200px\" \/><\/a>FILIPPO BECCARI<\/strong> \u2013 classe 79, bolognese ma da 15 anni residente a Livinallongo dove lavora come guida alpina, Ambassador La Sportiva per los ci alpinismo. La montagna \u00e9 la sua passione eredita dal nonno. Partecipa a molte gare di sci alpinismo: Sellaronada Ski Marathon 1 volata secondo e 2 volte terzo, Mezzalama 2 volte quarto, La Grand Course quarto, Campionati Italiani staffetta 3 terzi posti, la ultima stagione lo hanno portato in Spagna dove a vinto e in Norvagia dove ha fatto il secondo posto ai campionati nazionali norvagesi a Tromso. Nella corsa a settembre 2018 ha vinto la Delicius Trail Dolomiti, Sellaronda trail runnin 1 primo, 1 secondo e 1 terzo posto. Vertical di Fully ottavo posto con 33`55. \u00c8 ideatore dalla gara di corsa in montagna Vertical KM C\u00f2l de Lana. <em><strong>\u00c8 sposato con la svedese e appassionata di corsa Anna N. de Ag\u00e9, dal loro amore il 24 lugli<a class=\"dt-pswp-item\" href=\"http:\/\/www.radiopiu.net\/wordpress\/wp-content\/uploads\/2018\/10\/54386e18-4d18-4f31-8732-3048a6614884.jpg\" data-dt-img-description=\"\" data-large_image_width=\"900\" data-large_image_height=\"1600\"><img loading=\"lazy\" decoding=\"async\" class=\"size-medium wp-image-63920 alignright\" src=\"http:\/\/www.radiopiu.net\/wordpress\/wp-content\/uploads\/2018\/10\/54386e18-4d18-4f31-8732-3048a6614884-169x300.jpg\" alt=\"\" width=\"169\" height=\"300\" srcset=\"https:\/\/www.radiopiu.net\/wordpress\/wp-content\/uploads\/2018\/10\/54386e18-4d18-4f31-8732-3048a6614884-169x300.jpg 169w, https:\/\/www.radiopiu.net\/wordpress\/wp-content\/uploads\/2018\/10\/54386e18-4d18-4f31-8732-3048a6614884-768x1365.jpg 768w, https:\/\/www.radiopiu.net\/wordpress\/wp-content\/uploads\/2018\/10\/54386e18-4d18-4f31-8732-3048a6614884-576x1024.jpg 576w, https:\/\/www.radiopiu.net\/wordpress\/wp-content\/uploads\/2018\/10\/54386e18-4d18-4f31-8732-3048a6614884.jpg 900w\" sizes=\"auto, (max-width: 169px) 100vw, 169px\" \/><\/a>o \u00e8 nata Amelia.<\/strong><\/em><\/div>\n<div><\/div>\n<div><strong>SOCCORSO ALPINO LIVINALLONGO<\/strong>, fondato nel 1976 quando un gruppo di volontari guidati da Luciano De Cassan, insieme a Ivo Devich, Giuseppe Testor, Mario Testor e Paolo Martini mettono in piedi la Sezione Fodom che nasce come distaccamento della Val Pettorina. Subito la famiglia si ingrandisce con l\u00b4arrivo di Gilberto Salvatore, Siro Dorigo, Paolino Delfauro, Aldo Rossi, Carlo Tollardo, Gasparino Bagnara e Walter De Cassan. La stazione diventa autonoma nel 1983 con la guida di Giuseppe Testor per i successivi 18 anni. Tragica fu la scomparsa del volontario Franco Soratroi mentre si allenava per il corso di guida alpina sulle rocce del Sas de Stria. Dal 2002 al 2015 il caposezione \u00e9 Marino Zorz. Nel 2003 il comune mette a disposizione una nuova sede ad Arabba nel centro servizi. Nel 2016 il garage mezzi si sposta al ex ambulanza. Attuale nella sezione ci sono 16 volontari, caposezione \u00e9 Giorgio Sorarui, insieme a Marino Zorz, Sorarui Matteo, Walter Finazzer, Roberto Denicol\u00f3, Maurizio Denicol\u00f3, Manuel Mucci, Nicoletta Gliera, Marco Nardini, Sandro Soratroi, Gianpaolo Soratroi, Davide Testor, Manuela Ladurner, Jakob Andrea, Andrea Dorigo e Diego Detomaso.<\/div>\n<div><\/div>\n<div><\/div>\n<div>\n<div><\/div>\n<div><\/div>\n<blockquote>\n<div><\/div>\n<\/blockquote>\n<div><\/div>\n<blockquote>\n<div><\/div>\n<\/blockquote>\n<div><\/div>\n<blockquote>\n<div><\/div>\n<\/blockquote>\n<div><\/div>\n<h1><\/h1>\n<\/div>\n<div><\/div>\n<h1>IL GOVERNO LIBERA UNA PARTE DELL&#8217;AVANZO D&#8217;AMMINISTRAZIONE, PER SAN TOMASO 500 MILA EURO DISPONIBILI PER INTERVENTI SUL TERRITORIO<\/h1>\n<div><\/div>\n<div><strong><a class=\"dt-pswp-item\" href=\"http:\/\/www.radiopiu.net\/wordpress\/wp-content\/uploads\/2016\/05\/De_Val_Moreno_Sindaco.jpg\" data-dt-img-description=\"\" data-large_image_width=\"200\" data-large_image_height=\"228\"><img loading=\"lazy\" decoding=\"async\" class=\" wp-image-19619 alignleft\" src=\"http:\/\/www.radiopiu.net\/wordpress\/wp-content\/uploads\/2016\/05\/De_Val_Moreno_Sindaco.jpg\" alt=\"\" width=\"99\" height=\"113\" \/><\/a><\/strong><\/div>\n<div><\/div>\n<div><\/div>\n<div><strong>SAN TOMASO<\/strong> Buone notizie dal Governo, per il Comune di San Tomaso via libera ai nuovi lavori dal cimitero alle asfaltature delle strade comunali. Soddisfatto il sindaco Moreno De Val<\/div>\n<div><\/div>\n<div>\n<audio class=\"wp-audio-shortcode\" id=\"audio-63909-6\" preload=\"none\" style=\"width: 100%;\" controls=\"controls\"><source type=\"audio\/mpeg\" src=\"http:\/\/www.radiopiu.net\/wordpress\/wp-content\/uploads\/2018\/10\/MORENO-SOLDI.mp3?_=6\" \/><a href=\"http:\/\/www.radiopiu.net\/wordpress\/wp-content\/uploads\/2018\/10\/MORENO-SOLDI.mp3\">http:\/\/www.radiopiu.net\/wordpress\/wp-content\/uploads\/2018\/10\/MORENO-SOLDI.mp3<\/a><\/audio>\n<\/div>\n<div>\n<div><\/div>\n<div><\/div>\n<blockquote>\n<div><\/div>\n<\/blockquote>\n<div><\/div>\n<blockquote>\n<div><\/div>\n<\/blockquote>\n<div><\/div>\n<blockquote>\n<div><\/div>\n<\/blockquote>\n<div><\/div>\n<h1><\/h1>\n<\/div>\n<div><\/div>\n<div><\/div>\n<div><\/div>\n<div>\n<h1>SPORT \u2013 INAUGURATO CENTRO DI TIRO CON L&#8217;ARCO. DARIO BOND (FORZA ITALIA): \u201cIMPEGNO RISPETTATO CON OSCAR DE PELLEGRIN, GRANDE ATLETA E PERSONA\u201d<\/h1>\n<p><strong><a class=\"dt-pswp-item\" href=\"http:\/\/www.radiopiu.net\/wordpress\/wp-content\/uploads\/2018\/10\/Bond-De-Pellegrin.jpeg\" data-dt-img-description=\"\" data-large_image_width=\"655\" data-large_image_height=\"874\"><img loading=\"lazy\" decoding=\"async\" class=\" wp-image-63928 alignleft\" src=\"http:\/\/www.radiopiu.net\/wordpress\/wp-content\/uploads\/2018\/10\/Bond-De-Pellegrin-225x300.jpeg\" alt=\"\" width=\"143\" height=\"191\" srcset=\"https:\/\/www.radiopiu.net\/wordpress\/wp-content\/uploads\/2018\/10\/Bond-De-Pellegrin-225x300.jpeg 225w, https:\/\/www.radiopiu.net\/wordpress\/wp-content\/uploads\/2018\/10\/Bond-De-Pellegrin.jpeg 655w\" sizes=\"auto, (max-width: 143px) 100vw, 143px\" \/><\/a>ROMA\u00a0<\/strong> Inaugurato\u00a0 a Limana il nuovo centro di tiro con l&#8217;arco degli Arcieri del Piave. Tra i protagonisti dei festeggiamenti, anche il deputato di Forza Italia, Dario Bond: \u201cOggi \u00e8 una giornata di grande festa. Da consigliere regionale, ho aiutato in tutti i modi Oscar De Pellegrin e la sua societ\u00e0 nella realizzazione di quest&#8217;opera, e oggi non posso che essere soddisfatto\u201d.<\/p>\n<\/div>\n<p><strong>AUDIO<\/strong><\/p>\n<audio class=\"wp-audio-shortcode\" id=\"audio-63909-7\" preload=\"none\" style=\"width: 100%;\" controls=\"controls\"><source type=\"audio\/mpeg\" src=\"http:\/\/www.radiopiu.net\/wordpress\/wp-content\/uploads\/2018\/10\/BOND-CAMPO-ARCO-DE-PELLEGRIN.mp3?_=7\" \/><a href=\"http:\/\/www.radiopiu.net\/wordpress\/wp-content\/uploads\/2018\/10\/BOND-CAMPO-ARCO-DE-PELLEGRIN.mp3\">http:\/\/www.radiopiu.net\/wordpress\/wp-content\/uploads\/2018\/10\/BOND-CAMPO-ARCO-DE-PELLEGRIN.mp3<\/a><\/audio>\n<div><\/div>\n<div>\n<div><\/div>\n<div><\/div>\n<blockquote>\n<div><\/div>\n<\/blockquote>\n<div><\/div>\n<blockquote>\n<div><\/div>\n<\/blockquote>\n<div><\/div>\n<blockquote>\n<div><\/div>\n<\/blockquote>\n<div><\/div>\n<h1><\/h1>\n<\/div>\n<div><\/div>\n<div><\/div>\n<div>\n<blockquote>\n<h1 class=\"western\" align=\"CENTER\"><span style=\"font-size: large;\"><b>Attenzione Viabilit\u00e0 Modificata &#8211; Incontro Pubblico<\/b><\/span><\/h1>\n<p class=\"western\" align=\"JUSTIFY\"><span style=\"font-size: medium;\"><span style=\"color: #000000;\"><span style=\"font-family: Times-Roman, Times New Roman, serif;\"><strong>FELTRE<\/strong> I gruppi consiliari Lega Nord, Cambiare per Feltre, Feltre Civica ricordano l\u2019incontro pubblico di questa sera in sala Ocri (sopra la Farmacia comunale) alle 20,30\u00a0sul tema dell\u2019aggiornamento 2018 del Piano Generale del Traffico Urbano della citt\u00e0 di Feltre.\u00a0 Q<\/span><\/span><\/span><span style=\"color: #000000;\"><span style=\"font-family: Times-Roman, Times New Roman, serif;\"><span style=\"font-size: medium;\">uali ripercussioni porter\u00e0 alla viabilit\u00e0 cittadina, e conseguentemente sulle abitudini di frequentazione della citt\u00e0 da parte dei cittadini, la chiusura veicolare del centro che spacca sostanzialmente Feltre in due?\u00a0<\/span><\/span><\/span><span style=\"font-size: medium;\"><span style=\"color: #000000;\"><span style=\"font-family: Times-Roman, Times New Roman, serif;\">Andrea De Checchi, vicesindaco di Treviso, presente alla serata porter\u00e0 l\u2019esperienza in corso nella sua citt\u00e0 dove, dopo anni di pedonalizzazione del centro, si stanno sperimentando percorsi diversi al fine di mitigare i disagi causati dalla chiusura veicolare.<\/span><\/span><\/span><\/p>\n<\/blockquote>\n<\/div>\n<blockquote>\n<p align=\"JUSTIFY\">\n<\/blockquote>\n<h1><\/h1>\n<blockquote>\n<h1><\/h1>\n<\/blockquote>\n<h1>AL VIA I LAVORI DEL MARCIAPIEDE DI FOEN<\/h1>\n<p><strong><a class=\"dt-pswp-item\" href=\"http:\/\/www.radiopiu.net\/wordpress\/wp-content\/uploads\/2015\/10\/truffa-asfalto.jpg\" data-dt-img-description=\"\" data-large_image_width=\"420\" data-large_image_height=\"294\"><img loading=\"lazy\" decoding=\"async\" class=\" wp-image-11432 alignleft\" src=\"http:\/\/www.radiopiu.net\/wordpress\/wp-content\/uploads\/2015\/10\/truffa-asfalto-300x210.jpg\" alt=\"\" width=\"211\" height=\"148\" \/><\/a>FELTRE\u00a0\u00a0<\/strong>Sar\u00e0 aperto all\u2019inizio della prossima settimana l\u2019atteso cantiere relativo al primo stralcio dei lavori per la realizzazione del marciapiede laterale alla strada che porta da Feltre a Villabruna, in localit\u00e0 Foen.\u00a0 L\u2019opera rappresenta uno degli impegni di mandato dell\u2019amministrazione comunale per garantire la sicurezza dei pedoni e dei ciclisti in un tratto stradale contraddistinto da un elevato tasso di traffico automobilistico, nel collegamento tra la frazione di Foen e il centro cittadino e lungo l\u2019asse della pedemontana in direzione Cesiomaggiore, anche a seguito dello sviluppo urbanistico della zona. L\u2019intervento riguarder\u00e0 alcuni tratti tra via S. Anna e via Facina, per un impegno complessivo di risorse pari a 150 mila euro.<\/p>\n<p><strong>AI MICROFONI DI RADIO PIU L&#8217;ASSESSORE ADIS ZATTA<\/strong><\/p>\n<audio class=\"wp-audio-shortcode\" id=\"audio-63909-8\" preload=\"none\" style=\"width: 100%;\" controls=\"controls\"><source type=\"audio\/mpeg\" src=\"http:\/\/www.radiopiu.net\/wordpress\/wp-content\/uploads\/2018\/10\/ZATTA.mp3?_=8\" \/><a href=\"http:\/\/www.radiopiu.net\/wordpress\/wp-content\/uploads\/2018\/10\/ZATTA.mp3\">http:\/\/www.radiopiu.net\/wordpress\/wp-content\/uploads\/2018\/10\/ZATTA.mp3<\/a><\/audio>\n<p>Per consentire all\u2019azienda appaltatrice\u00a0 La Bellunese\u201d di Santa Giustina\u00a0 \u00e8 stata emessa un\u2019ordinanza che prevede l\u2019istituzione di un senso unico alternato, regolato da semaforo, nel tratto di via S. Anna compreso tra l\u2019incrocio con via della Casazza e l\u2019accesso al parcheggio sud del Quartiere Citt\u00e0 Gemellate; in alcune aree limitrofe alla zona interessata dai lavori \u00e8 inoltre previsto il divieto di sosta delle autovetture.\u00a0 L\u2019ordinanza comunale sar\u00e0 valida tutti i giorni, esclusi i festivi, dalle 08 alle 18 sino al prossimo 30 novembre.<\/p>\n<p><strong>IL COMMENTO DI MANUEL SACCHET, CONSIGLIERE COMUNALE<\/strong><\/p>\n<p><em>\u201cCon questi lavori andiamo a migliorare sensibilmente uno dei punti neri della viabilit\u00e0 cittadina sul quale ci eravamo impegnati ad intervenire. La zona \u00e8 molto trafficata, basti pensare che \u00e8 stato misurato un flusso veicolare medio di quasi 7.000 automezzi al giorno, costituiti non soltanto da autoveicoli, ma anche da alcuni mezzi pesanti che ritirano materiali dal vicino impianto di laterizi a Villabruna. A seguito dello sviluppo del nuovo quartiere residenziale, l\u2019area si \u00e8 pi\u00f9 densamente popolata, in particolare con nuove famiglie con bambini, che necessitano naturalmente di ulteriori tutele. Siamo certi che il nuovo marciapiede contribuir\u00e0 in maniera importante ad alzare il livello di sicurezza per pedoni e ciclisti nella zona\u201d, il commento del consigliere comunale di zona Manuel Sacchet.<\/em><\/p>\n<p>&nbsp;<\/p>\n<p>&nbsp;<\/p>\n<p>&nbsp;<\/p>\n<p>&nbsp;<\/p>\n<h1>LA FIERA DEL BESTIAM AD AGORDO, INEVITABILE SUCCESSO foto Ad Agordo Proloco-Ufficio Turistico)<\/h1>\n<p><strong><a class=\"dt-pswp-item\" href=\"http:\/\/www.radiopiu.net\/wordpress\/wp-content\/uploads\/2018\/10\/22549870_1808825049409152_3879565251510437940_n.jpg\" data-dt-img-description=\"\" data-large_image_width=\"960\" data-large_image_height=\"670\"><img loading=\"lazy\" decoding=\"async\" class=\"alignnone wp-image-63939 size-full\" src=\"http:\/\/www.radiopiu.net\/wordpress\/wp-content\/uploads\/2018\/10\/22549870_1808825049409152_3879565251510437940_n.jpg\" alt=\"\" width=\"960\" height=\"670\" srcset=\"https:\/\/www.radiopiu.net\/wordpress\/wp-content\/uploads\/2018\/10\/22549870_1808825049409152_3879565251510437940_n.jpg 960w, https:\/\/www.radiopiu.net\/wordpress\/wp-content\/uploads\/2018\/10\/22549870_1808825049409152_3879565251510437940_n-300x209.jpg 300w, https:\/\/www.radiopiu.net\/wordpress\/wp-content\/uploads\/2018\/10\/22549870_1808825049409152_3879565251510437940_n-768x536.jpg 768w\" sizes=\"auto, (max-width: 960px) 100vw, 960px\" \/><\/a>AGORDO<\/strong><\/p>\n<p><strong>DI GIANNI SANTOMASO<\/strong><\/p>\n<audio class=\"wp-audio-shortcode\" id=\"audio-63909-9\" preload=\"none\" style=\"width: 100%;\" controls=\"controls\"><source type=\"audio\/ogg\" src=\"http:\/\/www.radiopiu.net\/wordpress\/wp-content\/uploads\/2018\/10\/la-fiera-del-bestiam.ogg?_=9\" \/><a href=\"http:\/\/www.radiopiu.net\/wordpress\/wp-content\/uploads\/2018\/10\/la-fiera-del-bestiam.ogg\">http:\/\/www.radiopiu.net\/wordpress\/wp-content\/uploads\/2018\/10\/la-fiera-del-bestiam.ogg<\/a><\/audio>\n<p><strong>IL VICESINDACO STEFANO TOME&#8217;<\/strong><\/p>\n<audio class=\"wp-audio-shortcode\" id=\"audio-63909-10\" preload=\"none\" style=\"width: 100%;\" controls=\"controls\"><source type=\"audio\/mpeg\" src=\"http:\/\/www.radiopiu.net\/wordpress\/wp-content\/uploads\/2018\/10\/stefano-tome3.mp3?_=10\" \/><a href=\"http:\/\/www.radiopiu.net\/wordpress\/wp-content\/uploads\/2018\/10\/stefano-tome3.mp3\">http:\/\/www.radiopiu.net\/wordpress\/wp-content\/uploads\/2018\/10\/stefano-tome3.mp3<\/a><\/audio>\n<p><a href=\"https:\/\/www.facebook.com\/mirko.mezzacasa\/videos\/10218029529356635\/\"><strong>VIDEO<\/strong><\/a><\/p>\n<p>&nbsp;<\/p>\n<p>&nbsp;<\/p>\n<p>&nbsp;<\/p>\n<p>&nbsp;<\/p>\n<p>&nbsp;<\/p>\n<blockquote class=\"wp-embedded-content\" data-secret=\"eHSOFcxF9J\"><p><a href=\"http:\/\/www.radiopiu.net\/wordpress\/il-nuovo-pulmino-del-g-s-taibon\/\">IL NUOVO PULMINO DEL G.S. TAIBON<\/a><\/p><\/blockquote>\n<p><iframe loading=\"lazy\" class=\"wp-embedded-content\" sandbox=\"allow-scripts\" security=\"restricted\" style=\"position: absolute; clip: rect(1px, 1px, 1px, 1px);\" src=\"http:\/\/www.radiopiu.net\/wordpress\/il-nuovo-pulmino-del-g-s-taibon\/embed\/#?secret=eHSOFcxF9J\" data-secret=\"eHSOFcxF9J\" width=\"600\" height=\"338\" title=\"&#8220;IL NUOVO PULMINO DEL G.S. TAIBON&#8221; &#8212; Radio Pi\u00f9\" frameborder=\"0\" marginwidth=\"0\" marginheight=\"0\" scrolling=\"no\"><\/iframe><\/p>\n<p>&nbsp;<\/p>\n<p>&nbsp;<\/p>\n<p>&nbsp;<\/p>\n<p>&nbsp;<\/p>\n<blockquote class=\"wp-embedded-content\" data-secret=\"Wlot8jP5Rs\"><p><a href=\"http:\/\/www.radiopiu.net\/wordpress\/abbiamo-un-paese-spaccato-a-meta-il-nord-regge-la-sfida-tedesca-il-sud-invece-sta-peggio-della-grecia\/\">ABBIAMO UN PAESE SPACCATO A META\u2019: IL NORD REGGE LA SFIDA TEDESCA;  IL SUD, INVECE, STA PEGGIO DELLA GRECIA<\/a><\/p><\/blockquote>\n<p><iframe loading=\"lazy\" class=\"wp-embedded-content\" sandbox=\"allow-scripts\" security=\"restricted\" style=\"position: absolute; clip: rect(1px, 1px, 1px, 1px);\" src=\"http:\/\/www.radiopiu.net\/wordpress\/abbiamo-un-paese-spaccato-a-meta-il-nord-regge-la-sfida-tedesca-il-sud-invece-sta-peggio-della-grecia\/embed\/#?secret=Wlot8jP5Rs\" data-secret=\"Wlot8jP5Rs\" width=\"600\" height=\"338\" title=\"&#8220;ABBIAMO UN PAESE SPACCATO A META\u2019: IL NORD REGGE LA SFIDA TEDESCA;  IL SUD, INVECE, STA PEGGIO DELLA GRECIA&#8221; &#8212; Radio Pi\u00f9\" frameborder=\"0\" marginwidth=\"0\" marginheight=\"0\" scrolling=\"no\"><\/iframe><\/p>\n<div><\/div>\n<div>\n<div><\/div>\n<div><\/div>\n<blockquote>\n<div><\/div>\n<\/blockquote>\n<div><\/div>\n<blockquote>\n<div><\/div>\n<\/blockquote>\n<div><\/div>\n<blockquote>\n<div><\/div>\n<\/blockquote>\n<div><\/div>\n<h1><\/h1>\n<\/div>\n<div><\/div>\n<div>\n<h1>&#8220;SEMPRE CONNESSI&#8221;, DA MERCOLEDI SU RADIO PIU CON LUISA MANFROI<\/h1>\n<p><strong><a class=\"dt-pswp-item\" href=\"http:\/\/www.radiopiu.net\/wordpress\/wp-content\/uploads\/2018\/10\/12801676_10205644020449008_4922269349434422761_n.jpg\" data-dt-img-description=\"\" data-large_image_width=\"960\" data-large_image_height=\"960\"><img loading=\"lazy\" decoding=\"async\" class=\"wp-image-63913 alignleft\" src=\"http:\/\/www.radiopiu.net\/wordpress\/wp-content\/uploads\/2018\/10\/12801676_10205644020449008_4922269349434422761_n-300x300.jpg\" alt=\"\" width=\"168\" height=\"168\" srcset=\"https:\/\/www.radiopiu.net\/wordpress\/wp-content\/uploads\/2018\/10\/12801676_10205644020449008_4922269349434422761_n-300x300.jpg 300w, https:\/\/www.radiopiu.net\/wordpress\/wp-content\/uploads\/2018\/10\/12801676_10205644020449008_4922269349434422761_n-150x150.jpg 150w, https:\/\/www.radiopiu.net\/wordpress\/wp-content\/uploads\/2018\/10\/12801676_10205644020449008_4922269349434422761_n-768x768.jpg 768w, https:\/\/www.radiopiu.net\/wordpress\/wp-content\/uploads\/2018\/10\/12801676_10205644020449008_4922269349434422761_n.jpg 960w\" sizes=\"auto, (max-width: 168px) 100vw, 168px\" \/><\/a>TAIBON<\/strong> Non si pu\u00f2 negare che internet ci accompagna ovunque. L&#8217;introduzione via via pi\u00f9 diffusa di pc, notebook e pi\u00f9 recentemente di tablet e smartphone, ha reso la rete uno strumento sempre pi\u00f9 familiare e indispensabile, rivoluzionando il modo di comunicare e di interagire attraverso l&#8217;uso di social e della messaggistica istantanea. Queste innovazioni hanno coinvolto anche i ragazzi che spesso si trovano ad utilizzare questi dispositivi senza tuttavia avere la giusta consapevolezza dei rischi potenziali ai quali possono andare incontro con un uso improprio.<\/p>\n<p>Non a caso il cyberbullismo costituisce una delle problematiche pi\u00f9 attuali, senza contare l&#8217;adescamento online, il furto d&#8217;identit\u00e0, il sexting, le truffe in cui cadono spesso gli adulti. Tematiche di cui si occupa in prima persona la Polizia postale. Non si pu\u00f2 del resto sottovalutare il problema della dipendenza dai videogiochi. Luisa Manfroi, come insegnante e animatore digitale, titolare della funzione strumentale di informatica presso l&#8217;Istituto Comprensivo di Cencenighe e componente del direttivo di Dolomiti Concept Lab, ancora nel corso del precedente anno scolastico, ha tenuto degli incontri con gli alunni di alcune classi della scuola primaria e della scuola secondaria di I\u00b0 grado, per cercare di educarli ad un utilizzo consapevole di internet e dei dispositivi che usano prevalentemente in ambiente domestico e talvolta senza controlli.<\/p>\n<p><em>Per questo l&#8217;insegnante di Cencenighe ha ritenuto utile realizzare una serie di puntate sull&#8217;argomento, in tutto nove, dirette proprio ai genitori ma non solo, perch\u00e9 i consigli si possono estendere ad una platea pi\u00f9 vasta. Non a caso il titolo \u00e8: \u201cSempre connessi\u201d. Radio pi\u00f9 coglie l&#8217;opportunit\u00e0 di diffondere la conoscenza di queste problematiche ad un pubblico pi\u00f9 ampio.<\/em><\/p>\n<blockquote>\n<h2><strong> Le puntate tratteranno il tema di internet e dei rischi legati ad esso, dei contenuti inadeguati ai minori, del cyberbullismo, oltre che dei social e della privacy. <\/strong><strong>In onda da mercoled\u00ec alle 13.10 e 20.10, la domenica alle 9.<\/strong><\/h2>\n<\/blockquote>\n<\/div>\n<div><\/div>\n<div><\/div>\n<blockquote>\n<div><\/div>\n<\/blockquote>\n<div><\/div>\n<blockquote>\n<div><\/div>\n<\/blockquote>\n<div><\/div>\n<blockquote>\n<div><\/div>\n<\/blockquote>\n<div><\/div>\n<h1><\/h1>\n<p>&nbsp;<\/p>\n<p>&nbsp;<\/p>\n<p><a class=\"dt-pswp-item\" href=\"http:\/\/www.radiopiu.net\/wordpress\/wp-content\/uploads\/2018\/09\/sport.jpg\" data-dt-img-description=\"\" data-large_image_width=\"800\" data-large_image_height=\"100\"><img loading=\"lazy\" decoding=\"async\" class=\"alignnone wp-image-60761 size-full\" src=\"http:\/\/www.radiopiu.net\/wordpress\/wp-content\/uploads\/2018\/09\/sport.jpg\" alt=\"\" width=\"800\" height=\"100\" srcset=\"https:\/\/www.radiopiu.net\/wordpress\/wp-content\/uploads\/2018\/09\/sport.jpg 800w, https:\/\/www.radiopiu.net\/wordpress\/wp-content\/uploads\/2018\/09\/sport-300x38.jpg 300w, https:\/\/www.radiopiu.net\/wordpress\/wp-content\/uploads\/2018\/09\/sport-768x96.jpg 768w\" sizes=\"auto, (max-width: 800px) 100vw, 800px\" \/><\/a><\/p>\n<p>&nbsp;<\/p>\n<h1>AL TEAM ALPEN PLUS LA 24 ORE DI SAN MARTINO<\/h1>\n<p>LA VITTORIA IN DIRETTA ALLA RADIO NEL PROGRAMMA DOMENICA PIU&#8217; SPORT<\/p>\n<audio class=\"wp-audio-shortcode\" id=\"audio-63909-11\" preload=\"none\" style=\"width: 100%;\" controls=\"controls\"><source type=\"audio\/mpeg\" src=\"http:\/\/www.radiopiu.net\/wordpress\/wp-content\/uploads\/2018\/10\/24-ore.mp3?_=11\" \/><a href=\"http:\/\/www.radiopiu.net\/wordpress\/wp-content\/uploads\/2018\/10\/24-ore.mp3\">http:\/\/www.radiopiu.net\/wordpress\/wp-content\/uploads\/2018\/10\/24-ore.mp3<\/a><\/audio>\n<div id=\"js_by3\" class=\"_5pbx userContent _3576\" data-ad-preview=\"message\" data-ft=\"{&quot;tn&quot;:&quot;K&quot;}\">\n<div id=\"id_5bc4266555c590599466142\" class=\"text_exposed_root text_exposed\">\n<p>DALLA PAGINA FACEBOOK TEAM ALPEN PLUS<\/p>\n<p style=\"text-align: left;\">Sono state 24ore fantastiche e che ci hanno regalato un sacco di soddisfazioni. Quando inizi una cosa nuova e parti da zero \u00e8 giusto porsi dei grandi obbiettivi e noi lo abbiamo fatto. Al primo tentativo abbiamo centrato il bersaglio grosso, conquistando una bellissima vittoria contro avversari agguerriti. Ci sono voluti tanti mesi di preparativi, viaggi, telefonate, <a class=\"dt-pswp-item\" href=\"http:\/\/www.radiopiu.net\/wordpress\/wp-content\/uploads\/2018\/10\/44037822_1965703710393349_6049702259527254016_n.jpg\" data-dt-img-description=\"\" data-large_image_width=\"720\" data-large_image_height=\"960\"><img loading=\"lazy\" decoding=\"async\" class=\"size-medium wp-image-64029 alignleft\" src=\"http:\/\/www.radiopiu.net\/wordpress\/wp-content\/uploads\/2018\/10\/44037822_1965703710393349_6049702259527254016_n-225x300.jpg\" alt=\"\" width=\"225\" height=\"300\" srcset=\"https:\/\/www.radiopiu.net\/wordpress\/wp-content\/uploads\/2018\/10\/44037822_1965703710393349_6049702259527254016_n-225x300.jpg 225w, https:\/\/www.radiopiu.net\/wordpress\/wp-content\/uploads\/2018\/10\/44037822_1965703710393349_6049702259527254016_n.jpg 720w\" sizes=\"auto, (max-width: 225px) 100vw, 225px\" \/><\/a>riunioni, idee, impegno e costanza, ma ne \u00e8 valsa la pena per ogni singola goccia di sudore spesa.<\/p>\n<p style=\"text-align: left;\">Abbiamo vin<span class=\"text_exposed_show\">to la 45esima edizione della 24ore di San Martino e lo abbiamo fatto con un gruppo di persone eccezionali che ci hanno resi fieri di vederli indossare la nostra divisa<\/span><\/p>\n<p style=\"text-align: left;\"><a class=\"profileLink\" href=\"https:\/\/www.facebook.com\/lorenzo.cagnati?__tn__=K-R&amp;eid=ARAGvyDICu5AUEKWna4FkwOgq2YzRyyzlopXeETX0-1c91CtGuyx8HFVPVcir-4GOjVeBlMEIeI4m-0q&amp;fref=mentions&amp;__xts__%5B0%5D=68.ARBYTcCrFao5FQFGnFUkSrDh0ULD-LxKtqBtuZAqPjytx1XPPYb9ekslP757MOBtSoOVpN1aZpiGtzQIIU8b3HIxKKl06DNjexNvweHuiDPz220S4JUBxr9HkWuQJqM1XcByFNFvv11wMwb9j64U6rY2q3W_rdCSI3vwoz1joV0Oj0pcZH2hIA\" data-hovercard=\"\/ajax\/hovercard\/user.php?id=100001022437394&amp;extragetparams=%7B%22__tn__%22%3A%22%2CdK-R-R%22%2C%22eid%22%3A%22ARAGvyDICu5AUEKWna4FkwOgq2YzRyyzlopXeETX0-1c91CtGuyx8HFVPVcir-4GOjVeBlMEIeI4m-0q%22%2C%22fref%22%3A%22mentions%22%7D\" data-hovercard-prefer-more-content-show=\"1\">Lorenzo Cagnati<\/a>\u00a0\u00a0<a class=\"profileLink\" href=\"https:\/\/www.facebook.com\/pages\/Pierre-C%C3%A9lestin-Nihorimbere\/180735448926117?__tn__=K-R&amp;eid=ARAnIcJg1hWvAKuFNkcnf2w5kvB1ebhW09J5IUuFkfgYGhtm0GrQWJY6a6rT7pfP1brhs4me6KLeIyHJ&amp;fref=mentions&amp;__xts__%5B0%5D=68.ARBYTcCrFao5FQFGnFUkSrDh0ULD-LxKtqBtuZAqPjytx1XPPYb9ekslP757MOBtSoOVpN1aZpiGtzQIIU8b3HIxKKl06DNjexNvweHuiDPz220S4JUBxr9HkWuQJqM1XcByFNFvv11wMwb9j64U6rY2q3W_rdCSI3vwoz1joV0Oj0pcZH2hIA\" data-hovercard=\"\/ajax\/hovercard\/page.php?id=180735448926117&amp;extragetparams=%7B%22__tn__%22%3A%22%2CdK-R-R%22%2C%22eid%22%3A%22ARAnIcJg1hWvAKuFNkcnf2w5kvB1ebhW09J5IUuFkfgYGhtm0GrQWJY6a6rT7pfP1brhs4me6KLeIyHJ%22%2C%22fref%22%3A%22mentions%22%7D\" data-hovercard-prefer-more-content-show=\"1\">Pierre-C\u00e9lestin Nihorimbere<\/a>\u00a0Wolkeba Asmerawork Alfredh Ronoh Robert Kirui Giacomo Esposito Giuseppe Di Stefano Steve Bibalo\u00a0<a class=\"profileLink\" href=\"https:\/\/www.facebook.com\/giorgio.dellosta.7?__tn__=K-R&amp;eid=ARDLnQxKzHUzZqyRGsJlz3T2-qJzH3tsFVOA8HvEVAcMWVgWWFoUdyTmBalp4bMY-fn6y6LdZ7qwNbfy&amp;fref=mentions&amp;__xts__%5B0%5D=68.ARBYTcCrFao5FQFGnFUkSrDh0ULD-LxKtqBtuZAqPjytx1XPPYb9ekslP757MOBtSoOVpN1aZpiGtzQIIU8b3HIxKKl06DNjexNvweHuiDPz220S4JUBxr9HkWuQJqM1XcByFNFvv11wMwb9j64U6rY2q3W_rdCSI3vwoz1joV0Oj0pcZH2hIA\" data-hovercard=\"\/ajax\/hovercard\/user.php?id=1578370856&amp;extragetparams=%7B%22__tn__%22%3A%22%2CdK-R-R%22%2C%22eid%22%3A%22ARDLnQxKzHUzZqyRGsJlz3T2-qJzH3tsFVOA8HvEVAcMWVgWWFoUdyTmBalp4bMY-fn6y6LdZ7qwNbfy%22%2C%22fref%22%3A%22mentions%22%7D\" data-hovercard-prefer-more-content-show=\"1\">Giorgio Dell&#8217;Osta<\/a>\u00a0 Michele Flumian\u00a0<a class=\"profileLink\" href=\"https:\/\/www.facebook.com\/profile.php?id=100009532843810&amp;__tn__=K-R&amp;eid=ARAw6zNbrcZwOXT1mP8Xh0pjQMwOorUtB7DdWdL-mZAO9qU7tj9XtA84D9xEjhZ9_sPCCm2pYqOOIgkX&amp;fref=mentions&amp;__xts__%5B0%5D=68.ARBYTcCrFao5FQFGnFUkSrDh0ULD-LxKtqBtuZAqPjytx1XPPYb9ekslP757MOBtSoOVpN1aZpiGtzQIIU8b3HIxKKl06DNjexNvweHuiDPz220S4JUBxr9HkWuQJqM1XcByFNFvv11wMwb9j64U6rY2q3W_rdCSI3vwoz1joV0Oj0pcZH2hIA\" data-hovercard=\"\/ajax\/hovercard\/user.php?id=100009532843810&amp;extragetparams=%7B%22__tn__%22%3A%22%2CdK-R-R%22%2C%22eid%22%3A%22ARAw6zNbrcZwOXT1mP8Xh0pjQMwOorUtB7DdWdL-mZAO9qU7tj9XtA84D9xEjhZ9_sPCCm2pYqOOIgkX%22%2C%22fref%22%3A%22mentions%22%7D\" data-hovercard-prefer-more-content-show=\"1\">Dario Turchetto<\/a>\u00a0 Daniele DeColo&#8217;\u00a0<a class=\"profileLink\" href=\"https:\/\/www.facebook.com\/valentino.costa.129?__tn__=K-R&amp;eid=ARBfR2lVIgfT6Jlg_lOvETQaUrgnowuR1n2hy7S7ZHk-_Kvgvw-Zrfe7hUAIoLtKmTjmyPBSrRu7oivu&amp;fref=mentions&amp;__xts__%5B0%5D=68.ARBYTcCrFao5FQFGnFUkSrDh0ULD-LxKtqBtuZAqPjytx1XPPYb9ekslP757MOBtSoOVpN1aZpiGtzQIIU8b3HIxKKl06DNjexNvweHuiDPz220S4JUBxr9HkWuQJqM1XcByFNFvv11wMwb9j64U6rY2q3W_rdCSI3vwoz1joV0Oj0pcZH2hIA\" data-hovercard=\"\/ajax\/hovercard\/user.php?id=100000768609154&amp;extragetparams=%7B%22__tn__%22%3A%22%2CdK-R-R%22%2C%22eid%22%3A%22ARBfR2lVIgfT6Jlg_lOvETQaUrgnowuR1n2hy7S7ZHk-_Kvgvw-Zrfe7hUAIoLtKmTjmyPBSrRu7oivu%22%2C%22fref%22%3A%22mentions%22%7D\" data-hovercard-prefer-more-content-show=\"1\">Valentino Costa<\/a>\u00a0 Claudio Bagnara\u00a0<a class=\"profileLink\" href=\"https:\/\/www.facebook.com\/alessio.fontana1?__tn__=K-R&amp;eid=ARAr8KQe9oJWnI8xykTp8pvygTwbMSzMKiZ7KusHB6aPIdjVQ_4hPU005orv9giSyH291cKAAk_SYd-b&amp;fref=mentions&amp;__xts__%5B0%5D=68.ARBYTcCrFao5FQFGnFUkSrDh0ULD-LxKtqBtuZAqPjytx1XPPYb9ekslP757MOBtSoOVpN1aZpiGtzQIIU8b3HIxKKl06DNjexNvweHuiDPz220S4JUBxr9HkWuQJqM1XcByFNFvv11wMwb9j64U6rY2q3W_rdCSI3vwoz1joV0Oj0pcZH2hIA\" data-hovercard=\"\/ajax\/hovercard\/user.php?id=1582557613&amp;extragetparams=%7B%22__tn__%22%3A%22%2CdK-R-R%22%2C%22eid%22%3A%22ARAr8KQe9oJWnI8xykTp8pvygTwbMSzMKiZ7KusHB6aPIdjVQ_4hPU005orv9giSyH291cKAAk_SYd-b%22%2C%22fref%22%3A%22mentions%22%7D\" data-hovercard-prefer-more-content-show=\"1\">Alessio Kemboi Fontana<\/a>\u00a0\u00a0<a class=\"profileLink\" href=\"https:\/\/www.facebook.com\/profile.php?id=100015218914004&amp;__tn__=K-R&amp;eid=ARDrp8bJTuLY8egFKwUKXMrlUE275BMX5rP7PulNjJRWb6vXGYb2uQtTLowhrcARAR66165Sz3kt7MjW&amp;fref=mentions&amp;__xts__%5B0%5D=68.ARBYTcCrFao5FQFGnFUkSrDh0ULD-LxKtqBtuZAqPjytx1XPPYb9ekslP757MOBtSoOVpN1aZpiGtzQIIU8b3HIxKKl06DNjexNvweHuiDPz220S4JUBxr9HkWuQJqM1XcByFNFvv11wMwb9j64U6rY2q3W_rdCSI3vwoz1joV0Oj0pcZH2hIA\" data-hovercard=\"\/ajax\/hovercard\/user.php?id=100015218914004&amp;extragetparams=%7B%22__tn__%22%3A%22%2CdK-R-R%22%2C%22eid%22%3A%22ARDrp8bJTuLY8egFKwUKXMrlUE275BMX5rP7PulNjJRWb6vXGYb2uQtTLowhrcARAR66165Sz3kt7MjW%22%2C%22fref%22%3A%22mentions%22%7D\" data-hovercard-prefer-more-content-show=\"1\">Alessandro Marin<\/a>\u00a0 Valentino de Nardin Nicola Semproniel Fabrizio Casagrande Tobia Beltrame Giulio Quattrone Marco Fontana Luca Piccolella\u00a0<a class=\"profileLink\" href=\"https:\/\/www.facebook.com\/dorina.gamurari?__tn__=K-R&amp;eid=ARDyNmdQFiO-c96BKnN9OVZMhvgHCFydqbGHYNsHNiRslT2kNrZq9-7zhI_NYMOWtoU2Kefyaljj8pAb&amp;fref=mentions&amp;__xts__%5B0%5D=68.ARBYTcCrFao5FQFGnFUkSrDh0ULD-LxKtqBtuZAqPjytx1XPPYb9ekslP757MOBtSoOVpN1aZpiGtzQIIU8b3HIxKKl06DNjexNvweHuiDPz220S4JUBxr9HkWuQJqM1XcByFNFvv11wMwb9j64U6rY2q3W_rdCSI3vwoz1joV0Oj0pcZH2hIA\" data-hovercard=\"\/ajax\/hovercard\/user.php?id=100001575035501&amp;extragetparams=%7B%22__tn__%22%3A%22%2CdK-R-R%22%2C%22eid%22%3A%22ARDyNmdQFiO-c96BKnN9OVZMhvgHCFydqbGHYNsHNiRslT2kNrZq9-7zhI_NYMOWtoU2Kefyaljj8pAb%22%2C%22fref%22%3A%22mentions%22%7D\" data-hovercard-prefer-more-content-show=\"1\">Mihail Sirbu<\/a><\/p>\n<p style=\"text-align: left;\">Questa \u00e8 x tutti voi\u00a0<a class=\"_58cn\" href=\"https:\/\/www.facebook.com\/hashtag\/teamalpenplus?source=feed_text&amp;__xts__%5B0%5D=68.ARBYTcCrFao5FQFGnFUkSrDh0ULD-LxKtqBtuZAqPjytx1XPPYb9ekslP757MOBtSoOVpN1aZpiGtzQIIU8b3HIxKKl06DNjexNvweHuiDPz220S4JUBxr9HkWuQJqM1XcByFNFvv11wMwb9j64U6rY2q3W_rdCSI3vwoz1joV0Oj0pcZH2hIA&amp;__tn__=%2ANK-R\" data-ft=\"{&quot;type&quot;:104,&quot;tn&quot;:&quot;*N&quot;}\"><span class=\"_5afx\"><span class=\"_58cl _5afz\" aria-label=\"hashtag\">#<\/span><span class=\"_58cm\">TeamAlpenPlus<\/span><\/span><\/a>\u00a0<a class=\"_58cn\" href=\"https:\/\/www.facebook.com\/hashtag\/beyourself?source=feed_text&amp;__xts__%5B0%5D=68.ARBYTcCrFao5FQFGnFUkSrDh0ULD-LxKtqBtuZAqPjytx1XPPYb9ekslP757MOBtSoOVpN1aZpiGtzQIIU8b3HIxKKl06DNjexNvweHuiDPz220S4JUBxr9HkWuQJqM1XcByFNFvv11wMwb9j64U6rY2q3W_rdCSI3vwoz1joV0Oj0pcZH2hIA&amp;__tn__=%2ANK-R\" data-ft=\"{&quot;type&quot;:104,&quot;tn&quot;:&quot;*N&quot;}\"><span class=\"_5afx\"><span class=\"_58cl _5afz\" aria-label=\"hashtag\">#<\/span><span class=\"_58cm\">BeYourself<\/span><\/span><\/a><\/p>\n<\/div>\n<\/div>\n<div class=\"_3x-2\" data-ft=\"{&quot;tn&quot;:&quot;H&quot;}\">\n<div data-ft=\"{&quot;tn&quot;:&quot;H&quot;}\">\n<div class=\"mtm\">\n<div>\n<div class=\"_1ktf\" data-ft=\"{&quot;tn&quot;:&quot;E&quot;}\"><\/div>\n<\/div>\n<\/div>\n<\/div>\n<\/div>\n<p>&nbsp;<\/p>\n<p>&nbsp;<\/p>\n<p>&nbsp;<\/p>\n<p>&nbsp;<\/p>\n<p>&nbsp;<\/p>\n<blockquote class=\"wp-embedded-content\" data-secret=\"SMntiREWvw\"><p><a href=\"http:\/\/www.radiopiu.net\/wordpress\/memorial-danilo-manfroi-e-memorial-danilo-sibillon\/\">MEMORIAL DANILO MANFROI E MEMORIAL DANILO SIBILLON<\/a><\/p><\/blockquote>\n<p><iframe loading=\"lazy\" class=\"wp-embedded-content\" sandbox=\"allow-scripts\" security=\"restricted\" style=\"position: absolute; clip: rect(1px, 1px, 1px, 1px);\" src=\"http:\/\/www.radiopiu.net\/wordpress\/memorial-danilo-manfroi-e-memorial-danilo-sibillon\/embed\/#?secret=SMntiREWvw\" data-secret=\"SMntiREWvw\" width=\"600\" height=\"338\" title=\"&#8220;MEMORIAL DANILO MANFROI E MEMORIAL DANILO SIBILLON&#8221; &#8212; Radio Pi\u00f9\" frameborder=\"0\" marginwidth=\"0\" marginheight=\"0\" scrolling=\"no\"><\/iframe><\/p>\n<p>&nbsp;<\/p>\n<p>&nbsp;<\/p>\n<p>&nbsp;<\/p>\n<blockquote class=\"wp-embedded-content\" data-secret=\"ykFji86Xn7\"><p><a href=\"http:\/\/www.radiopiu.net\/wordpress\/lalleghe-sotterra-il-pergine-e-tutti-i-risultati-delle-giovanili\/\">L&#8217;ALLEGHE SOTTERRA IL PERGINE E TUTTI I RISULTATI DELLE GIOVANILI<\/a><\/p><\/blockquote>\n<p><iframe loading=\"lazy\" class=\"wp-embedded-content\" sandbox=\"allow-scripts\" security=\"restricted\" style=\"position: absolute; clip: rect(1px, 1px, 1px, 1px);\" src=\"http:\/\/www.radiopiu.net\/wordpress\/lalleghe-sotterra-il-pergine-e-tutti-i-risultati-delle-giovanili\/embed\/#?secret=ykFji86Xn7\" data-secret=\"ykFji86Xn7\" width=\"600\" height=\"338\" title=\"&#8220;L&#8217;ALLEGHE SOTTERRA IL PERGINE E TUTTI I RISULTATI DELLE GIOVANILI&#8221; &#8212; Radio Pi\u00f9\" frameborder=\"0\" marginwidth=\"0\" marginheight=\"0\" scrolling=\"no\"><\/iframe><\/p>\n<p>&nbsp;<\/p>\n<blockquote class=\"wp-embedded-content\" data-secret=\"32U5Oq7rwn\"><p><a href=\"http:\/\/www.radiopiu.net\/wordpress\/calcio-male-lagordina-bene-il-fiori-barp\/\">CALCIO: MALE L\u2019AGORDINA, BENE IL FIORI BARP<\/a><\/p><\/blockquote>\n<p><iframe loading=\"lazy\" class=\"wp-embedded-content\" sandbox=\"allow-scripts\" security=\"restricted\" style=\"position: absolute; clip: rect(1px, 1px, 1px, 1px);\" src=\"http:\/\/www.radiopiu.net\/wordpress\/calcio-male-lagordina-bene-il-fiori-barp\/embed\/#?secret=32U5Oq7rwn\" data-secret=\"32U5Oq7rwn\" width=\"600\" height=\"338\" title=\"&#8220;CALCIO: MALE L\u2019AGORDINA, BENE IL FIORI BARP&#8221; &#8212; Radio Pi\u00f9\" frameborder=\"0\" marginwidth=\"0\" marginheight=\"0\" scrolling=\"no\"><\/iframe><\/p>\n<div><\/div>\n<div><\/div>\n<div><\/div>\n<div><\/div>\n<div><a class=\"dt-pswp-item\" href=\"http:\/\/www.radiopiu.net\/wordpress\/wp-content\/uploads\/2018\/09\/WhatsApp-Image-2018-09-20-at-16.04.06.jpeg\" data-dt-img-description=\"\" data-large_image_width=\"800\" data-large_image_height=\"100\"><img loading=\"lazy\" decoding=\"async\" class=\"alignnone wp-image-61378 size-full\" src=\"http:\/\/www.radiopiu.net\/wordpress\/wp-content\/uploads\/2018\/09\/WhatsApp-Image-2018-09-20-at-16.04.06.jpeg\" alt=\"\" width=\"800\" height=\"100\" srcset=\"https:\/\/www.radiopiu.net\/wordpress\/wp-content\/uploads\/2018\/09\/WhatsApp-Image-2018-09-20-at-16.04.06.jpeg 800w, https:\/\/www.radiopiu.net\/wordpress\/wp-content\/uploads\/2018\/09\/WhatsApp-Image-2018-09-20-at-16.04.06-300x38.jpeg 300w, https:\/\/www.radiopiu.net\/wordpress\/wp-content\/uploads\/2018\/09\/WhatsApp-Image-2018-09-20-at-16.04.06-768x96.jpeg 768w\" sizes=\"auto, (max-width: 800px) 100vw, 800px\" \/><\/a><\/div>\n<h1>PREVISIONI DEL TEMPO DA OGGI A GIOVEDI<\/h1>\n<div><center><b>Lunedi 15<\/b><\/center><b>Tempo atteso: <\/b>Moderata variabilit\u00e0, con alternanza di fasi nuvolose e spazi di sereno. Le nubi saranno pi\u00f9 compatte fino al mattino, ma si presenteranno anche in seguito con un po&#8217; di attivit\u00e0 cumuliforme. Di primo mattino, non si esclude qualche locale nebbia nelle valli.<br \/>\n<b>Precipitazioni: <\/b>Probabilit\u00e0 medio-bassa (30-50%) di fenomeni da locali a sparsi, generalmente modesti e discontinui, con limite delle nevicate sui 2200-2500 m.<br \/>\n<b>Temperature: <\/b>Per le minime prevarranno valori stazionari o in lieve aumento, per le massime un calo lieve nelle valli e moderato in quota. Sulle Prealpi min 8 \u00b0C max 9 \u00b0C a 1500 m e min 4 \u00b0C max 5 \u00b0C a 2000 m, sulle Dolomiti min 3 \u00b0C max 5 \u00b0C a 2000 m e min -3 \u00b0C max 2 \u00b0C a 3000 m.<br \/>\n<b>Venti: <\/b>Nelle valli, prevalentemente deboli di direzione variabile. In quota perlopi\u00f9 moderati, dai quadranti meridionali; 10-20 km\/h a 2000 m, 20-40 km\/h a 3000 m.<\/div>\n<hr \/>\n<p><center><b>Martedi 16<\/b><\/center><b>Tempo atteso: <\/b>All&#8217;inizio, nubi medio-basse si alterneranno a crescenti spazi di sereno; da met\u00e0 giornata in poi, si noteranno anche velature via via pi\u00f9 significative. Di primo mattino, sar\u00e0 possibile qualche locale nebbia nelle valli.<br \/>\n<b>Precipitazioni: <\/b>Generalmente assenti, salvo qualche occasionale modesto fenomeno pi\u00f9 probabile (0-10%) nelle prime ore.<br \/>\n<b>Temperature: <\/b>Prevarr\u00e0 un moderato aumento. Sulle Prealpi min 7 \u00b0C max 10 \u00b0C a 1500 m e min 5 \u00b0C max 7 \u00b0C a 2000 m, sulle Dolomiti min 4 \u00b0C max 8 \u00b0C a 2000 m e min -1 \u00b0C max 0 \u00b0C a 3000 m.<br \/>\n<b>Venti: <\/b>Nelle valli, deboli di direzione variabile. In quota sud-occientali, da moderati a deboli; 5-10 km\/h a 2000 m, 10-30 km\/h a 3000 m.<\/p>\n<hr \/>\n<p><center><b>Mercoledi 17<\/b><\/center>Cielo da parzialmente nuvoloso a nuvoloso, soprattutto per nubi medio-alte. Per le temperature minime prevarr\u00e0 un contenuto calo, per le massime un leggero aumento.<\/p>\n<hr \/>\n<p><center><b>Giovedi 18<\/b><\/center>Nuvolosit\u00e0 irregolare, alternata a schiarite soprattutto in serata. A tratti non si esclude qualche locale modesta precipitazione, eventualmente nevosa da circa 2600-2900 m. Le temperature minime subiranno un moderato aumento, le massime contenute variazioni di carattere locale. Previsore: AB.<\/p>\n<div><\/div>\n<div><\/div>\n<div><\/div>\n<div><\/div>\n<p>&nbsp;<\/p>\n<p>&nbsp;<\/p>\n<p>&nbsp;<\/p>\n","protected":false},"excerpt":{"rendered":"<p>DRAMMI DELLA MONTAGNA, DUE PERSONE PERDONO LA VITA SCIVOLANDO SU PENDII SCOSCESI CESIOMAGGIORE Armando De Nardin, 62enne di Cesiomaggiore ha perso la vita\u00a0precipitando in Val Canzoi. La Centrale del Suem ha inviato l&#8217;elicottero di Pieve di Cadore e il Soccorso alpino di Feltre. Dopo una quarantina di minuti di cammino, i soccorritori sono arrivati sul&hellip;<\/p>\n","protected":false},"author":1,"featured_media":63949,"comment_status":"closed","ping_status":"closed","sticky":false,"template":"","format":"standard","meta":{"_monsterinsights_skip_tracking":false,"_monsterinsights_sitenote_active":false,"_monsterinsights_sitenote_note":"","_monsterinsights_sitenote_category":0,"footnotes":""},"categories":[1,86],"tags":[],"class_list":["post-63909","post","type-post","status-publish","format-standard","has-post-thumbnail","hentry","category-senza-categoria","category-gr","category-1","category-86","description-off"],"img_url":"https:\/\/www.radiopiu.net\/wordpress\/wp-content\/uploads\/2018\/10\/b766d29d-ba46-4a9c-bcb7-2c81918dcae5.jpg","_links":{"self":[{"href":"https:\/\/www.radiopiu.net\/wordpress\/wp-json\/wp\/v2\/posts\/63909","targetHints":{"allow":["GET"]}}],"collection":[{"href":"https:\/\/www.radiopiu.net\/wordpress\/wp-json\/wp\/v2\/posts"}],"about":[{"href":"https:\/\/www.radiopiu.net\/wordpress\/wp-json\/wp\/v2\/types\/post"}],"author":[{"embeddable":true,"href":"https:\/\/www.radiopiu.net\/wordpress\/wp-json\/wp\/v2\/users\/1"}],"replies":[{"embeddable":true,"href":"https:\/\/www.radiopiu.net\/wordpress\/wp-json\/wp\/v2\/comments?post=63909"}],"version-history":[{"count":0,"href":"https:\/\/www.radiopiu.net\/wordpress\/wp-json\/wp\/v2\/posts\/63909\/revisions"}],"wp:featuredmedia":[{"embeddable":true,"href":"https:\/\/www.radiopiu.net\/wordpress\/wp-json\/wp\/v2\/media\/63949"}],"wp:attachment":[{"href":"https:\/\/www.radiopiu.net\/wordpress\/wp-json\/wp\/v2\/media?parent=63909"}],"wp:term":[{"taxonomy":"category","embeddable":true,"href":"https:\/\/www.radiopiu.net\/wordpress\/wp-json\/wp\/v2\/categories?post=63909"},{"taxonomy":"post_tag","embeddable":true,"href":"https:\/\/www.radiopiu.net\/wordpress\/wp-json\/wp\/v2\/tags?post=63909"}],"curies":[{"name":"wp","href":"https:\/\/api.w.org\/{rel}","templated":true}]}}