{"id":63925,"date":"2018-10-15T05:00:47","date_gmt":"2018-10-15T03:00:47","guid":{"rendered":"http:\/\/www.radiopiu.net\/wordpress\/?p=63925"},"modified":"2018-10-15T05:01:26","modified_gmt":"2018-10-15T03:01:26","slug":"corso-darrampicata-con-la-lia-da-mont-fodom-e-col","status":"publish","type":"post","link":"https:\/\/www.radiopiu.net\/wordpress\/corso-darrampicata-con-la-lia-da-mont-fodom-e-col\/","title":{"rendered":"CORSO D&#8217;ARRAMPICATA CON LA LIA DA MONT FODOM E COL"},"content":{"rendered":"<blockquote>\n<h1>CORSO D&#8217;ARRAMPICATA CON LA LIA DA MONT FODOM E COL<\/h1>\n\n\t\t\t<style type='text\/css'>\n\t\t\t\t#gallery-1 {\n\t\t\t\t\tmargin: auto;\n\t\t\t\t}\n\t\t\t\t#gallery-1 .gallery-item {\n\t\t\t\t\tfloat: left;\n\t\t\t\t\tmargin-top: 10px;\n\t\t\t\t\ttext-align: center;\n\t\t\t\t\twidth: 33%;\n\t\t\t\t}\n\t\t\t\t#gallery-1 img {\n\t\t\t\t\tborder: 2px solid #cfcfcf;\n\t\t\t\t}\n\t\t\t\t#gallery-1 .gallery-caption {\n\t\t\t\t\tmargin-left: 0;\n\t\t\t\t}\n\t\t\t\t\/* see gallery_shortcode() in wp-includes\/media.php *\/\n\t\t\t<\/style>\n\t\t<div id='gallery-1' class='dt-gallery-container gallery galleryid-63925 gallery-columns-3 gallery-size-thumbnail'><dl class='gallery-item'>\n\t\t\t\t<dt class='gallery-icon landscape'>\n\t\t\t\t\t<a class=\"rollover\" href='https:\/\/www.radiopiu.net\/wordpress\/giornale-radiopiu-15-ottobre-2018-direttore-mirko-mezzacasa\/ef7db09a-8d2e-48ce-bf7f-d5810a27b74f\/'><img loading=\"lazy\" decoding=\"async\" width=\"150\" height=\"150\" src=\"https:\/\/www.radiopiu.net\/wordpress\/wp-content\/uploads\/2018\/10\/ef7db09a-8d2e-48ce-bf7f-d5810a27b74f-150x150.jpg\" class=\"attachment-thumbnail size-thumbnail\" alt=\"\" \/><\/a>\n\t\t\t\t<\/dt><\/dl><dl class='gallery-item'>\n\t\t\t\t<dt class='gallery-icon portrait'>\n\t\t\t\t\t<a class=\"rollover\" href='https:\/\/www.radiopiu.net\/wordpress\/giornale-radiopiu-15-ottobre-2018-direttore-mirko-mezzacasa\/bfeb7ff0-2eba-4a85-b9be-f48807949f94\/'><img loading=\"lazy\" decoding=\"async\" width=\"150\" height=\"150\" src=\"https:\/\/www.radiopiu.net\/wordpress\/wp-content\/uploads\/2018\/10\/bfeb7ff0-2eba-4a85-b9be-f48807949f94-150x150.jpg\" class=\"attachment-thumbnail size-thumbnail\" alt=\"\" \/><\/a>\n\t\t\t\t<\/dt><\/dl><dl class='gallery-item'>\n\t\t\t\t<dt class='gallery-icon portrait'>\n\t\t\t\t\t<a class=\"rollover\" href='https:\/\/www.radiopiu.net\/wordpress\/giornale-radiopiu-15-ottobre-2018-direttore-mirko-mezzacasa\/2a146120-fc2a-4b89-9ad7-f4e444d8bf25\/'><img loading=\"lazy\" decoding=\"async\" width=\"150\" height=\"150\" src=\"https:\/\/www.radiopiu.net\/wordpress\/wp-content\/uploads\/2018\/10\/2a146120-fc2a-4b89-9ad7-f4e444d8bf25-150x150.jpg\" class=\"attachment-thumbnail size-thumbnail\" alt=\"\" \/><\/a>\n\t\t\t\t<\/dt><\/dl><br style=\"clear: both\" \/>\n\t\t\t<\/div>\n<\/blockquote>\n<div><strong><a class=\"dt-pswp-item\" href=\"http:\/\/www.radiopiu.net\/wordpress\/wp-content\/uploads\/2018\/10\/448272fb-3131-47e1-932b-967865004d25.jpg\" data-dt-img-description=\"\" data-large_image_width=\"1600\" data-large_image_height=\"900\"><img loading=\"lazy\" decoding=\"async\" class=\"size-medium wp-image-63921 alignleft\" src=\"http:\/\/www.radiopiu.net\/wordpress\/wp-content\/uploads\/2018\/10\/448272fb-3131-47e1-932b-967865004d25-300x169.jpg\" alt=\"\" width=\"300\" height=\"169\" srcset=\"https:\/\/www.radiopiu.net\/wordpress\/wp-content\/uploads\/2018\/10\/448272fb-3131-47e1-932b-967865004d25-300x169.jpg 300w, https:\/\/www.radiopiu.net\/wordpress\/wp-content\/uploads\/2018\/10\/448272fb-3131-47e1-932b-967865004d25-768x432.jpg 768w, https:\/\/www.radiopiu.net\/wordpress\/wp-content\/uploads\/2018\/10\/448272fb-3131-47e1-932b-967865004d25-1024x576.jpg 1024w, https:\/\/www.radiopiu.net\/wordpress\/wp-content\/uploads\/2018\/10\/448272fb-3131-47e1-932b-967865004d25.jpg 1600w\" sizes=\"auto, (max-width: 300px) 100vw, 300px\" \/><\/a>LIVINALLONGO\u00a0\u00a0<\/strong>Sabato Lia da Mont Fodom e C\u00f2l hanno organizzato grazie alla collaborazione del Soccorso Alpino Livinallongo e la guida alpina Filippo Beccari il \u201ecorso da ji a cr\u00ebp\u201c un corso di arrampicata gratuito per bambini e grandi alla falesia Sas de Stria fra il Passo Falzarego e il Valparola.\u00a0 Hanno partecipato \u00a0in gran parte bambini in massima sicurezza grazie ai consigli e al supporto di persone competenti. Sei gli istruttrori: la guida alpina Filippo Beccari, quattro del Soccorso Alpino Marino Zorz, Andrea Dorigo, Marco Nardini, Davide Testor e Pierantoni Ballan per la Lia da Mont. Sono stati attrezzazi 6 tiri con corda dall\u00b4alto con vari livelli di difficolt\u00e1 e per il divertimento dei bambini \u00e9 stata messa una teleferica per la discesa, per provare l\u00b4ebrezza del vuoto a 25 m di altezza. Fra un tiro e l\u00b4altro pizzette e biscotti accompagnati da succhi e bibite. Birra dall\u00b4Oktoberfest per i pap\u00e1.<\/div>\n<div><\/div>\n<div><strong><a class=\"dt-pswp-item\" href=\"http:\/\/www.radiopiu.net\/wordpress\/wp-content\/uploads\/2018\/09\/Il-vincitore-Filippo-Beccari.jpg\" data-dt-img-description=\"\" data-large_image_width=\"511\" data-large_image_height=\"768\"><img loading=\"lazy\" decoding=\"async\" class=\"size-medium wp-image-61559 alignleft\" src=\"http:\/\/www.radiopiu.net\/wordpress\/wp-content\/uploads\/2018\/09\/Il-vincitore-Filippo-Beccari-200x300.jpg\" alt=\"\" width=\"200\" height=\"300\" srcset=\"https:\/\/www.radiopiu.net\/wordpress\/wp-content\/uploads\/2018\/09\/Il-vincitore-Filippo-Beccari-200x300.jpg 200w, https:\/\/www.radiopiu.net\/wordpress\/wp-content\/uploads\/2018\/09\/Il-vincitore-Filippo-Beccari.jpg 511w\" sizes=\"auto, (max-width: 200px) 100vw, 200px\" \/><\/a>FILIPPO BECCARI<\/strong> \u2013 classe 79, bolognese ma da 15 anni residente a Livinallongo dove lavora come guida alpina, Ambassador La Sportiva per los ci alpinismo. La montagna \u00e9 la sua passione eredita dal nonno. Partecipa a molte gare di sci alpinismo: Sellaronada Ski Marathon 1 volata secondo e 2 volte terzo, Mezzalama 2 volte quarto, La Grand Course quarto, Campionati Italiani staffetta 3 terzi posti, la ultima stagione lo hanno portato in Spagna dove a vinto e in Norvagia dove ha fatto il secondo posto ai campionati nazionali norvagesi a Tromso. Nella corsa a settembre 2018 ha vinto la Delicius Trail Dolomiti, Sellaronda trail runnin 1 primo, 1 secondo e 1 terzo posto. Vertical di Fully ottavo posto con 33`55. \u00c8 ideatore dalla gara di corsa in montagna Vertical KM C\u00f2l de Lana. <em><strong>\u00c8 sposato con la svedese e appassionata di corsa Anna N. de Ag\u00e9, dal loro amore il 24 lugli<a class=\"dt-pswp-item\" href=\"http:\/\/www.radiopiu.net\/wordpress\/wp-content\/uploads\/2018\/10\/54386e18-4d18-4f31-8732-3048a6614884.jpg\" data-dt-img-description=\"\" data-large_image_width=\"900\" data-large_image_height=\"1600\"><img loading=\"lazy\" decoding=\"async\" class=\"size-medium wp-image-63920 alignright\" src=\"http:\/\/www.radiopiu.net\/wordpress\/wp-content\/uploads\/2018\/10\/54386e18-4d18-4f31-8732-3048a6614884-169x300.jpg\" alt=\"\" width=\"169\" height=\"300\" srcset=\"https:\/\/www.radiopiu.net\/wordpress\/wp-content\/uploads\/2018\/10\/54386e18-4d18-4f31-8732-3048a6614884-169x300.jpg 169w, https:\/\/www.radiopiu.net\/wordpress\/wp-content\/uploads\/2018\/10\/54386e18-4d18-4f31-8732-3048a6614884-768x1365.jpg 768w, https:\/\/www.radiopiu.net\/wordpress\/wp-content\/uploads\/2018\/10\/54386e18-4d18-4f31-8732-3048a6614884-576x1024.jpg 576w, https:\/\/www.radiopiu.net\/wordpress\/wp-content\/uploads\/2018\/10\/54386e18-4d18-4f31-8732-3048a6614884.jpg 900w\" sizes=\"auto, (max-width: 169px) 100vw, 169px\" \/><\/a>o \u00e8 nata Amelia.<\/strong><\/em><\/div>\n<div><\/div>\n<div>\n<strong>SOCCORSO ALPINO LIVINALLONGO<\/strong>, fondato nel 1976 quando un gruppo di volontari guidati da Luciano De Cassan, insieme a Ivo Devich, Giuseppe Testor, Mario Testor e Paolo Martini mettono in piedi la Sezione Fodom che nasce come distaccamento della Val Pettorina. Subito la famiglia si ingrandisce con l\u00b4arrivo di Gilberto Salvatore, Siro Dorigo, Paolino Delfauro, Aldo Rossi, Carlo Tollardo, Gasparino Bagnara e Walter De Cassan. La stazione diventa autonoma nel 1983 con la guida di Giuseppe Testor per i successivi 18 anni. Tragica fu la scomparsa del volontario Franco Soratroi mentre si allenava per il corso di guida alpina sulle rocce del Sas de Stria. Dal 2002 al 2015 il caposezione \u00e9 Marino Zorz. Nel 2003 il comune mette a disposizione una nuova sede ad Arabba nel centro servizi. Nel 2016 il garage mezzi si sposta al ex ambulanza. Attuale nella sezione ci sono 16 volontari, caposezione \u00e9 Giorgio Sorarui, insieme a Marino Zorz, Sorarui Matteo, Walter Finazzer, Roberto Denicol\u00f3, Maurizio Denicol\u00f3, Manuel Mucci, Nicoletta Gliera, Marco Nardini, Sandro Soratroi, Gianpaolo Soratroi, Davide Testor, Manuela Ladurner, Jakob Andrea, Andrea Dorigo e Diego Detomaso.<\/div>\n<div><\/div>\n<div><\/div>\n<div><\/div>\n","protected":false},"excerpt":{"rendered":"<p>CORSO D&#8217;ARRAMPICATA CON LA LIA DA MONT FODOM E COL LIVINALLONGO\u00a0\u00a0Sabato Lia da Mont Fodom e C\u00f2l hanno organizzato grazie alla collaborazione del Soccorso Alpino Livinallongo e la guida alpina Filippo Beccari il \u201ecorso da ji a cr\u00ebp\u201c un corso di arrampicata gratuito per bambini e grandi alla falesia Sas de Stria fra il Passo&hellip;<\/p>\n","protected":false},"author":1,"featured_media":63923,"comment_status":"closed","ping_status":"closed","sticky":false,"template":"","format":"standard","meta":{"_monsterinsights_skip_tracking":false,"_monsterinsights_sitenote_active":false,"_monsterinsights_sitenote_note":"","_monsterinsights_sitenote_category":0,"footnotes":""},"categories":[49],"tags":[],"class_list":["post-63925","post","type-post","status-publish","format-standard","has-post-thumbnail","hentry","category-news-18","category-49","description-off"],"img_url":"https:\/\/www.radiopiu.net\/wordpress\/wp-content\/uploads\/2018\/10\/ef7db09a-8d2e-48ce-bf7f-d5810a27b74f.jpg","_links":{"self":[{"href":"https:\/\/www.radiopiu.net\/wordpress\/wp-json\/wp\/v2\/posts\/63925","targetHints":{"allow":["GET"]}}],"collection":[{"href":"https:\/\/www.radiopiu.net\/wordpress\/wp-json\/wp\/v2\/posts"}],"about":[{"href":"https:\/\/www.radiopiu.net\/wordpress\/wp-json\/wp\/v2\/types\/post"}],"author":[{"embeddable":true,"href":"https:\/\/www.radiopiu.net\/wordpress\/wp-json\/wp\/v2\/users\/1"}],"replies":[{"embeddable":true,"href":"https:\/\/www.radiopiu.net\/wordpress\/wp-json\/wp\/v2\/comments?post=63925"}],"version-history":[{"count":0,"href":"https:\/\/www.radiopiu.net\/wordpress\/wp-json\/wp\/v2\/posts\/63925\/revisions"}],"wp:featuredmedia":[{"embeddable":true,"href":"https:\/\/www.radiopiu.net\/wordpress\/wp-json\/wp\/v2\/media\/63923"}],"wp:attachment":[{"href":"https:\/\/www.radiopiu.net\/wordpress\/wp-json\/wp\/v2\/media?parent=63925"}],"wp:term":[{"taxonomy":"category","embeddable":true,"href":"https:\/\/www.radiopiu.net\/wordpress\/wp-json\/wp\/v2\/categories?post=63925"},{"taxonomy":"post_tag","embeddable":true,"href":"https:\/\/www.radiopiu.net\/wordpress\/wp-json\/wp\/v2\/tags?post=63925"}],"curies":[{"name":"wp","href":"https:\/\/api.w.org\/{rel}","templated":true}]}}