{"id":64056,"date":"2018-10-16T06:14:53","date_gmt":"2018-10-16T04:14:53","guid":{"rendered":"http:\/\/www.radiopiu.net\/wordpress\/?p=64056"},"modified":"2018-10-17T05:49:21","modified_gmt":"2018-10-17T03:49:21","slug":"giornale-radiopiu-16-ottobre-2018-direttore-mirko-mezzacasa","status":"publish","type":"post","link":"https:\/\/www.radiopiu.net\/wordpress\/giornale-radiopiu-16-ottobre-2018-direttore-mirko-mezzacasa\/","title":{"rendered":"GIORNALE RADIOPIU 16 OTTOBRE 2018 DIRETTORE MIRKO MEZZACASA"},"content":{"rendered":"<p>&nbsp;<\/p>\n<blockquote>\n<h2>IL FINE SETTIMANA DALLA POLIZIA: ARRESTATA DAI POLIZIOTTI DI QUARTIERE , DENUNCIATO FALSIFICATORE DI DOCUMENTI<\/h2>\n<h3><em>INTERVENTI DELLA POLIZIA DI STATO. CONTROLLO DEL TERRITORIO<\/em><br \/>\n<em>Fine settimana di controlli serrati per la Squadra Volanti.<\/em><\/h3>\n<\/blockquote>\n<p><strong><a class=\"dt-pswp-item\" href=\"http:\/\/www.radiopiu.net\/wordpress\/wp-content\/uploads\/2018\/10\/Volante-Questura-2.jpg\" data-dt-img-description=\"\" data-large_image_width=\"200\" data-large_image_height=\"200\"><img loading=\"lazy\" decoding=\"async\" class=\"size-full wp-image-63841 alignleft\" src=\"http:\/\/www.radiopiu.net\/wordpress\/wp-content\/uploads\/2018\/10\/Volante-Questura-2.jpg\" alt=\"\" width=\"200\" height=\"200\" srcset=\"https:\/\/www.radiopiu.net\/wordpress\/wp-content\/uploads\/2018\/10\/Volante-Questura-2.jpg 200w, https:\/\/www.radiopiu.net\/wordpress\/wp-content\/uploads\/2018\/10\/Volante-Questura-2-150x150.jpg 150w\" sizes=\"auto, (max-width: 200px) 100vw, 200px\" \/><\/a>Venerd\u00ec<\/strong>\u00a0gli uomini delle Volanti, durante il servizio finalizzato alla prevenzione e repressione dei reati in genere, hanno controllato un gruppo di ragazzi in Piazza Martiri. Uno dei giovani ha esibito una carta d\u2019identit\u00e0 che \u00e8 apparsa subito sospetta in quanto riportava un nome differente rispetto a quello noto agli agenti, tenuto conto che il ragazzo \u00e8 ben conosciuto alle forze dell\u2019ordine. Dagli accertamenti eseguiti \u00e8 subito emerso infatti che qualcosa non tornava e il ragazzo, un cadorino del 2001 \u00e8 stato accompagnato in Questura gli approfondimenti necessari.\u00a0 \u00c8 emerso che il nome sulla carta d\u2019identit\u00e0 era stato contraffatto e l\u2019alterazione compiuta, tra l\u2019altro, \u00e8 risultata particolarmente accurata e di difficile rilevazione.\u00a0 Il giovane \u00e8 stato indagato per uso di atto falso e il documento alterato \u00e8 stato sequestrato.<\/p>\n<p><strong>Nella notte tra venerd\u00ec e sabato\u00a0<\/strong>\u00a0una pattuglia delle Volanti, in via Feltre, ha fermato un veicolo che aveva azzardato delle manovre che agli agenti sono sembrate sospette. A bordo dell\u2019autovettura c\u2019era un 28enne kossovaro, che in seguito agli accertamenti svolti dagli agenti \u00e8 risultato non aver mai conseguito la patente di guida. Il ragazzo dovr\u00e0 pagare una sanzione amministrativa di 5 mila euro, mentre la sua auto \u00e8 stata sottoposta a fermo amministrativo per tre mesi. Un\u2019altra pattuglia della Squadra Volanti in via Feltre a Sedico, nei pressi del mobilificio \u201cSanson\u201d, durante un servizio appositamente predisposto per la prevenzione e repressione dei furti, ha controllato una autovettura nera, sospetta; a bordo c\u2019era un ventenne di Feltre\u00a0 trovato in possesso di un \u201cgrinder\u201d contenente tracce di hashish. All\u2019interno dell\u2019auto c\u2019era anche un involucro di cellophane contenente circa 2 grammi della stessa sostanza. Il giovane \u00e8 stato, cos\u00ec, accompagnato in Questura dove, tenuto conto delle circostanze, \u00e8 stato deferito alla Prefettura per uso di sostanze stupefacenti e la sua patente ritirata.<\/p>\n<p><strong>Sabato<\/strong> La pattuglia dei Poliziotti di Quartiere, incardinati in seno alle Volanti, ha arrestato una cittadina rumena, residente a Mestre. La ragazza, M.C. di 34 anni, \u00e8 stata controllata dagli agenti ed \u00e8 subito emerso che aveva a suo carico un ordine di carcerazione per non aver ottemperato a diverse misure di prevenzione \u201ccollezionate\u201d nei mesi scorsi. I poliziotti hanno quindi eseguito l\u2019arresto e accompagnato la donna in carcere a Venezia.<\/p>\n<p>&nbsp;<\/p>\n<p>&nbsp;<\/p>\n<h1>PERDE IL CONTROLLO DELLA VESPA, FINISCE CONTRO IL MURO<\/h1>\n<p><strong>ALANO DI PIAVE<\/strong>\u00a0Cade con la vespa e sbatte la testa contro un muretto. E&#8217; in gravi condizioni\u00a0Luciano Mondin, 63 anni di Campo, ricoverato in prognosi riservata all\u2019ospedale di Feltre, per un\u2019emorragia cerebrale. L\u2019incidente nel fine settimana\u00a0a pochi metri dalla casa dove Mondin abita con la famiglia.\u00a0 Secondo una prima ricostruzione \u00a0al vaglio dei carabinieri di Arsi\u00e8\u00a0 l\u2019incidente sarebbe avvenuto al momento Dell\u2019incrocio con un altro veicolo dal senso opposto.Non c\u2019\u00e8 stato l\u2019impatto contro l\u2019altro veicolo<\/p>\n<p>&nbsp;<\/p>\n<p>&nbsp;<\/p>\n<h1>URTA IL BUS NAVETTA E SCAPPA, E&#8217; L&#8217;INIZIO DEI GUAI PER UN GIOVANE CONDUCENTE DI MEL<\/h1>\n<p><strong>MEL<\/strong> Durante il grande evento del fine settimana Mele a Mel c&#8217;\u00e8 anche chi si \u00e8 messo in guai seri. L&#8217;automobilista al volante di una Punto Bianca ha urtato il bus navetta che trasportava i visitatori della festa (nessuno ferito) e poi ha cercato di far perdere le propie tracce. Il pirata della strada \u00e8 per\u00f2 stato rintracciato poco dopo dai carabinieri. Il conducente: un giovane di Mel, \u00e8 stato ritrovato nel parcheggio del bar Dassie di Mel ed era\u00a0 pure\u00a0piuttosto alticcio.<\/p>\n<p>&nbsp;<\/p>\n<h1><\/h1>\n<h1>NEL TAMPONAMENTO COINVOLTA ANCHE L&#8217;AUTO DEI CARABINIERI<\/h1>\n<p><strong>BORCA DI CADORE<\/strong>\u00a0Tamponamento a catena in prossimit\u00e0 di un passaggio pedonale, coinvolta anche l&#8217;auto dei Carabinieri,\u00a0un solo militare che stava rientrando al volante della Panda dell\u2019Arma, dopo essere andato a un corso per lavoro, il secondo veicolo dopo il furgoncino di una societ\u00e0 sportiva di Hockey che si era fermato per far attraversare la persona sulle strisce. Un arresto in prossimit\u00e0 del punto della statale 51, dove la velocit\u00e0 deve essere ridotta, che ha trovato pronto il carabiniere che seguiva il furgoncino, ma non il terzo veicolo che ha tamponato la Panda spingendola contro il furgone. Nessun ferito.<\/p>\n<p>&nbsp;<\/p>\n<p>&nbsp;<\/p>\n<h1>ASCA, BILANCIO DI PREVISIONE APPROVATO ALL&#8217;UNANIMITA&#8217;, NON AUMENTANO LE RETTE, IL CORSO OSS INIZIERA&#8217; AD AGORDO CON 20 ISCRITTI, 13 DELL&#8217;AGORDINO. INTANTO LE RETTE SONO DIMINUITE DI 7 EURO AL GIORNO<\/h1>\n<p><strong><a class=\"dt-pswp-item\" href=\"http:\/\/www.radiopiu.net\/wordpress\/wp-content\/uploads\/2018\/10\/WhatsApp-Image-2018-10-03-at-17.40.19.jpeg\" data-dt-img-description=\"\" data-large_image_width=\"1599\" data-large_image_height=\"1200\"><img loading=\"lazy\" decoding=\"async\" class=\"size-medium wp-image-62689 alignleft\" src=\"http:\/\/www.radiopiu.net\/wordpress\/wp-content\/uploads\/2018\/10\/WhatsApp-Image-2018-10-03-at-17.40.19-300x225.jpeg\" alt=\"\" width=\"300\" height=\"225\" srcset=\"https:\/\/www.radiopiu.net\/wordpress\/wp-content\/uploads\/2018\/10\/WhatsApp-Image-2018-10-03-at-17.40.19-300x225.jpeg 300w, https:\/\/www.radiopiu.net\/wordpress\/wp-content\/uploads\/2018\/10\/WhatsApp-Image-2018-10-03-at-17.40.19-768x576.jpeg 768w, https:\/\/www.radiopiu.net\/wordpress\/wp-content\/uploads\/2018\/10\/WhatsApp-Image-2018-10-03-at-17.40.19-1024x768.jpeg 1024w, https:\/\/www.radiopiu.net\/wordpress\/wp-content\/uploads\/2018\/10\/WhatsApp-Image-2018-10-03-at-17.40.19.jpeg 1599w\" sizes=\"auto, (max-width: 300px) 100vw, 300px\" \/><\/a>AGORDO<\/strong> La dettagliata relazione della dottoressa Mariachiara Santin, i numeri senza segreti del revisore dei conti Giorgio Teso, i risparmi ed i programmi in economia del direttore Arrigo Boito convincono i sindaci agordini che ieri sera (12 presenti, assenti Rocca Pietore, Selva di Cadore, San Tomaso e Gosaldo) hanno approvato all&#8217;unanimit\u00e0 il bilancio di previsione per l&#8217;esercizio 2019. Tante belle notizie, le rette ridotte che non inficiano l&#8217;equilibrio economico, l&#8217;avvio di un corso per Oss (20 persone almeno) che si terr\u00e0 ad Agordo con 13 iscritti dell&#8217;Agordino, la fidelizzazione del personale anche con l&#8217;investimento dell&#8217;welfare aziendale, un pareggio di bilancio (sui 5 milioni di euro) garantito comunque nonostante le sorprese del 2018 come l&#8217;Imu da pagare o l&#8217;aumento del gasolio per il riscaldamento. Difficile non dare la fiducia ad un&#8217;azienda voluta dai sindaci che conferma il personale in pianta organica compresa la logopedista e il potenziamento del servizio di fisioterapia. Il tasso di occupazione degli utenti con impegnativa balza dall&#8217;83 al 90 per cento dopo anni di decrescita che ha messo a rischio il servizio. Anche per il 2019 saranno mantenute le rette per la RSA e per ridurre i costi e&#8217; intenzione dell&#8217;azienda ripristinare la produzione di energia tramite metano con l&#8217;impegno di costruire una propria centrale termica staccata dalla Ulss1. Le attivit\u00e0 innovative e altri investimenti verranno finanziate con i fondi di confine cos\u00ec come la messa a norma del polifunzionale e il rifacimento della cucina situata presso il polifunzionale 1 che fa da spalla a quella principale della Ulss1 che presto chiuder\u00e0 a seguito del progetto regionale cook&amp;chill (servizio esterno).<br \/>\n<strong>DI GIANNI SANTOMASO<\/strong><\/p>\n<audio class=\"wp-audio-shortcode\" id=\"audio-64056-1\" preload=\"none\" style=\"width: 100%;\" controls=\"controls\"><source type=\"audio\/ogg\" src=\"http:\/\/www.radiopiu.net\/wordpress\/wp-content\/uploads\/2018\/10\/GIANNI-1.ogg?_=1\" \/><a href=\"http:\/\/www.radiopiu.net\/wordpress\/wp-content\/uploads\/2018\/10\/GIANNI-1.ogg\">http:\/\/www.radiopiu.net\/wordpress\/wp-content\/uploads\/2018\/10\/GIANNI-1.ogg<\/a><\/audio>\n<blockquote><p><span style=\"color: #ff0000;\"><strong>OGGI DALLE 15.10 ALLA RADIO: LA RELAZIONE DELLA DOTTORESSA SANTIN,\u00a0I DUBBI DI MAURO SOPPELSA, SINDACO DI CENCENIGHE CHE HA RACCOLTO LA VOCE DEL TERRITORIO E LA RISPOSTA\u00a0 DELL&#8217;AMMINISTRATORE UNICO MARIACHIARA SANTIN.\u00a0 L&#8217;INTERVENTO\u00a0 DI FABIO LUCHETTA, PRESIDENTE DELL&#8217;UNIONE MONTANA. L&#8217;INTERVENTO DEL SINDACO DI TAIBON SILVIA TORMEN E DI FALCADE MICHELE COSTA\u00a0<\/strong><\/span><\/p><\/blockquote>\n<p>&nbsp;<\/p>\n<p>&nbsp;<\/p>\n<p>&nbsp;<\/p>\n<blockquote><p><strong>LIVINALLONGO Il 26 ottobre sar\u00e0 l\u2019ultimo giorno di lavoro per il medico di famiglia Giuliano Federa e dal giorno dopo\u00a0\u00a0l\u2019assistenza medica verr\u00e0 garantita dai medici della \u201cMedicina di rete Alto Agordino-Fodom\u201d Claudio Allegro, Pietro Demattia e Agostino Mascanzoni, che si sono resi disponibili a svolgere la propria attivit\u00e0 anche a Selva e Colle Santa Lucia. Per agevolare gli assistiti, \u00e8 stata prevista l\u2019apertura di uno sportello in municipio a Selva (dal 29 ottobre al 2 novembre, 8.30-12.0 e 14.30-16.30), dove la popolazione potr\u00e0 effettuare le operazioni di scelta del medico.<\/strong><\/p><\/blockquote>\n<p>&nbsp;<\/p>\n<p>&nbsp;<\/p>\n<blockquote><p><strong>ROCCA PIETORE Gestione Servizi Pubblici informa che, per lavori alla rete idrica comunale DOMANI dalle 8.30 a fine lavori,\u00a0 verr\u00e0 sospesa l\u2019erogazione dell\u2019acqua a ROCCA PIETORE nelle localit\u00e0 COL DI ROCCA e CAPOLUOGO. Il personale addetto operer\u00e0 per limitare il pi\u00f9 possibile i disagi alla popolazione.<\/strong><\/p><\/blockquote>\n<p>&nbsp;<\/p>\n<blockquote><p><strong>TAIBON Gestione Servizi Pubblici informa che, per lavori alla rete idrica comunale, GIOVEDI\u00a0 dalle 8.30 a FINE LAVORI verr\u00e0 sospesa l\u2019erogazione dell\u2019acqua a TAIBON AGORDINO, nelle VIE LAGUNAL e AL FORTE. Il personale addetto operer\u00e0 per limitare il pi\u00f9 possibile i disagi alla popolazione.\u00a0<\/strong><\/p><\/blockquote>\n<p>&nbsp;<\/p>\n<blockquote><p><strong>VOLTAGO FINO AL 19 OTTOBRE A FORCELLA AURINE (VOLTAGO) SENSO UNICO ALTERNATO E INTERRUZIONI AL TRAFFICO DELLA DURATA MASSIMA DI 15 MINUTI IN ENTRAMBI I SENSI DI MARCIA PER LAVORI TAGLIO ALBERI IN PROSSIMITA&#8217; DELLA SEDE STRADALE<\/strong><\/p><\/blockquote>\n<p>&nbsp;<\/p>\n<p>&nbsp;<\/p>\n<p>&nbsp;<\/p>\n<h1>VIGILI DEL FUOCO VOLONTARI: &#8220;MANCA LA FORMAZIONE E NON VIENE GARANTITA L&#8217;OPERATIVITA'&#8221;. LETTERA AL COMANDO PROVINCIALE DAI DISTACCAMENTI DEL TERRITORIO<\/h1>\n<blockquote><p><em>I vigili del fuoco volontari chiedono attenzione al Comando Provinciale in quanto a formazione, soprattutto per dare un futuro\u00a0 a sodalizi indispensabili per il territorio. Previste forme di protesta se non saranno organizzati al pi\u00f9 presto i corsi di formazione<\/em><\/p><\/blockquote>\n<p><strong>LA LETTERA INVIATA AL COMANDO<\/strong><\/p>\n<p><strong><a class=\"dt-pswp-item\" href=\"http:\/\/www.radiopiu.net\/wordpress\/wp-content\/uploads\/2018\/10\/IMG-20161007-WA0006.jpg\" data-dt-img-description=\"\" data-large_image_width=\"1328\" data-large_image_height=\"747\"><img loading=\"lazy\" decoding=\"async\" class=\" wp-image-64094 alignleft\" src=\"http:\/\/www.radiopiu.net\/wordpress\/wp-content\/uploads\/2018\/10\/IMG-20161007-WA0006-300x169.jpg\" alt=\"\" width=\"410\" height=\"231\" srcset=\"https:\/\/www.radiopiu.net\/wordpress\/wp-content\/uploads\/2018\/10\/IMG-20161007-WA0006-300x169.jpg 300w, https:\/\/www.radiopiu.net\/wordpress\/wp-content\/uploads\/2018\/10\/IMG-20161007-WA0006-768x432.jpg 768w, https:\/\/www.radiopiu.net\/wordpress\/wp-content\/uploads\/2018\/10\/IMG-20161007-WA0006-1024x576.jpg 1024w, https:\/\/www.radiopiu.net\/wordpress\/wp-content\/uploads\/2018\/10\/IMG-20161007-WA0006.jpg 1328w\" sizes=\"auto, (max-width: 410px) 100vw, 410px\" \/><\/a>BELLUNO<\/strong> A fine settembre i Capi Distaccamento Volontari del Bellunese si sono riuniti per cercare di trovare una soluzione alla continua mancanza di formazione al personale volontario da parte del Comando Provinciale di Belluno che ormai da troppo tempo non da pi\u00f9 corsi e alle scarse iscrizioni dei futuri volontari. Nonostante i continui solleciti per risolvere questi importanti problemi che ormai da anni ci tormentano, purtroppo constatiamo la poca volont\u00e0 da parte del Comando ad agevolare la possibilit\u00e0 di partecipare ai vari corsi di formazione. Questo problema che si sta presentando, mai come ora, in quanto quasi nessuno ormai garantisce pi\u00f9 l&#8217;operativit\u00e0 e purtroppo non si riesce nemmeno a garantire i codici rossi. Ci\u00f2 significa non garantire al cittadino la sicurezza di una squadra di Vigili del Fuoco sul posto, che reputiamo sia veramente molto grave. Detto ci\u00f2 noi tutti siamo intenzionati a NON svolgere pi\u00f9 le\u00a0 12 ore e a NON svolgere pi\u00f9 i richiami di 12 giorni finch\u00e9 il problema non verr\u00e0 risolto. Si chiede venga stilata una programmazione in tempi brevi, con il programma di pi\u00f9 corsi per il bienni 2019-2020 dove tutti gli aspiranti gi\u00e0 idoneii e i ragazzi che entro quest&#8217;anno vogliano fare domanda per diventare volontari, abbiano la possibilit\u00e0 di poter diventare Vigili del Fuoco Volontari. Si chiede che l&#8217;organizzazione del corso venga programmata in modo da agevolare la frequenza degli aspiranti vigili. Riteniamo opportuno considerare che nessun gruppo volontario sia escluso o considerato meno importante di un altro.<\/p>\n<blockquote><p><strong>LA MISSIVA PORTA LA FIRMA DEI RESPONSABILI I DISTACCAMENTI:<\/strong> <em>Agordo, Arabba, Basso Feltrino, Belluno, Borca di Cadore, Canale d&#8217;Agordo, Caprile, Colle Santa Lucia, Costalissoio, Feltre, Gosaldo, Longarone, Lorenzago, Lozzo di Cadore, Padola, Selva di Cadore, San Vito di Cadore, Valle di Cadore e Zolto Alto.<\/em><\/p><\/blockquote>\n<p>foto archivio radio piu\u00a07 ottobre 2016 esami finali il corso 2016 per Vigili del fuoco volontari.<\/p>\n<p>&nbsp;<\/p>\n<p>&nbsp;<\/p>\n<p>&nbsp;<\/p>\n<blockquote><p>&nbsp;<\/p><\/blockquote>\n<h1>ESERCITAZIONE DI PROTEZIONE CIVILE<\/h1>\n<h2><a class=\"dt-pswp-item\" href=\"http:\/\/www.radiopiu.net\/wordpress\/wp-content\/uploads\/2018\/01\/SEDICO.jpg\" data-dt-img-description=\"\" data-large_image_width=\"259\" data-large_image_height=\"194\"><img loading=\"lazy\" decoding=\"async\" class=\"size-full wp-image-42055 alignleft\" src=\"http:\/\/www.radiopiu.net\/wordpress\/wp-content\/uploads\/2018\/01\/SEDICO.jpg\" alt=\"\" width=\"259\" height=\"194\" \/><\/a>SEDICO<\/h2>\n<h3>DI DAMIANO TORMEN<\/h3>\n<audio class=\"wp-audio-shortcode\" id=\"audio-64056-2\" preload=\"none\" style=\"width: 100%;\" controls=\"controls\"><source type=\"audio\/ogg\" src=\"http:\/\/www.radiopiu.net\/wordpress\/wp-content\/uploads\/2018\/10\/DAMIANO-SEDICO-PROTEZIONE-CIVILE.ogg?_=2\" \/><a href=\"http:\/\/www.radiopiu.net\/wordpress\/wp-content\/uploads\/2018\/10\/DAMIANO-SEDICO-PROTEZIONE-CIVILE.ogg\">http:\/\/www.radiopiu.net\/wordpress\/wp-content\/uploads\/2018\/10\/DAMIANO-SEDICO-PROTEZIONE-CIVILE.ogg<\/a><\/audio>\n<p>&nbsp;<\/p>\n<p>&nbsp;<\/p>\n<p>&nbsp;<\/p>\n<p>&nbsp;<\/p>\n<blockquote><p>&nbsp;<\/p><\/blockquote>\n<h1>DALL&#8217;UNCEM L&#8217;INVITO AI PARLAMENTARI E ALLA GIUNTA REGIONALE A DARSI DA FARE PER COMBATTERE LO SPOPOLAMENTO CONCRETAMENTE.<\/h1>\n<p><a class=\"dt-pswp-item\" href=\"http:\/\/www.radiopiu.net\/wordpress\/wp-content\/uploads\/2018\/10\/U_57d7b92194-2.jpg\" data-dt-img-description=\"\" data-large_image_width=\"510\" data-large_image_height=\"510\"><img loading=\"lazy\" decoding=\"async\" class=\"size-medium wp-image-64057 alignleft\" src=\"http:\/\/www.radiopiu.net\/wordpress\/wp-content\/uploads\/2018\/10\/U_57d7b92194-2-300x300.jpg\" alt=\"\" width=\"300\" height=\"300\" srcset=\"https:\/\/www.radiopiu.net\/wordpress\/wp-content\/uploads\/2018\/10\/U_57d7b92194-2-300x300.jpg 300w, https:\/\/www.radiopiu.net\/wordpress\/wp-content\/uploads\/2018\/10\/U_57d7b92194-2-150x150.jpg 150w, https:\/\/www.radiopiu.net\/wordpress\/wp-content\/uploads\/2018\/10\/U_57d7b92194-2.jpg 510w\" sizes=\"auto, (max-width: 300px) 100vw, 300px\" \/><\/a>L&#8217;Unione nazionale dei Comuni e delle Unioni Montane chiede ai parlamentari di promulgare una legge a vantaggio di chi ha deciso di perseverare o aprire una nuova attivit\u00e0 in montagna. Meno tasse, pi\u00f9 incentivi. In Italia, oltre 200 Comuni non hanno un negozio. La desertificazione commerciale \u00e8 in crescita. Salvare i negozi sotto casa, il commercio di prossimit\u00e0, nei piccoli Comuni e nei centri delle aree montane, \u00e8 una necessit\u00e0 sociale, culturale, economica, politico-istituzionale. Oltre 500 Comuni italiani hanno solo un esercizio commerciale, sono cio\u00e8 a rischio desertificazione. &#8221; \u00c8 determinante difendere e valorizzare i negozi sotto casa, schiacciati negli ultimi due decenni dai supermercati e dai centri commerciali che comunque oggi rappresentano un modello inadeguato sotto il profilo economico e sociale\u00a0 -chiarisce l&#8217;Uncem &#8211; nei Comuni montani, il negozio \u00e8 un ancoraggio della comunit\u00e0. Luogo di aggregazione prima ancora che di acquisto. Punto multifunzionale dove comprare alimentari, frutta, verdura, prosciutto e formaggi, biscotti e succhi di frutta, poi tabacchi e giornali. Punto dove matura la comunit\u00e0&#8221;. Ci\u00f2 che serve sono\u00a0\u00a0scelte politiche chiare per la difesa dei negozi e delle botteghe di paese, ma anche una diversa consapevolezza da parte della comunit\u00e0 che vive su un territorio. Salvare i piccoli negozi nei Comuni di montagna passa dalla nuova consapevolezza e dalle nuove scelte culturali di chi vive e frequenta la montagna.<\/p>\n<h2>LA RICHIESTA AI PARLAMENTARI<\/h2>\n<blockquote>\n<h2><strong><em>&#8220;COMPRA IN VALLE, LA MONTAGNA VIVRA'&#8221; NON E&#8217; SOLO UNO SLOGAN.<\/em><\/strong><\/h2>\n<\/blockquote>\n<p>Individuare \u2013 in primo luogo nella Legge di bilancio 2019 &#8211; sgravi fiscali e minor carico burocratico per chi possiede un negozio in un Comune montano, per chi avvia un&#8217;attivit\u00e0 nelle Terre Alte, per chi vuole potenziare una piccola impresa, per chi apre una partita iva, per i passaggi generazionali e la cessione attivit\u00e0.\u00a0 Stabilire un\u2019aliquota unica e fissa, progressiva a secondo dell\u2019imponibile e del grado di marginalit\u00e0 del Comune dove \u00e8 collocata. Individuare opportune \u201cZone a fiscalit\u00e0 di vantaggio\u201d ovvero le \u201cZES \u2013 Zone economiche speciali montane\u201d. Nei Comuni con meno di mille abitanti individuati ad alta e altissima marginalit\u00e0 socio-economica, vengono azzerate le imposte per imprese ed esercizi commerciali. Incentivare i centri multifunzionali, \u201cnegozi che vendono prodotti e allo stesso tempo svolgono dei servizi\u201d, d\u2019intesa anche con associazioni locali presenti nei piccoli Comuni, quali ad esempio le Pro Loco e i gruppi dell\u2019Associazione nazionale Alpini.\u00a0 Favorire l\u2019e-commerce con corsi di formazione specifici. Sostenere la campagna \u201cCompra in valle, la Montagna vivr\u00e0\u201d con una mobilitazione sui media e con manifesti in tutti i Comuni montani.\u00a0 Favorire nuovi progetti di sostegno agli esercizi commerciali di prossimit\u00e0 dei piccoli Comuni, come gi\u00e0 promossi in passato dal Ministero degli Affari regionali e dalle Regioni.<\/p>\n<p>&nbsp;<\/p>\n<p>&nbsp;<\/p>\n<p>&nbsp;<\/p>\n<p>&nbsp;<\/p>\n<p>&nbsp;<\/p>\n<h1>STATI GENERALI DELLA MONTAGNA A ROMA. BOTTACIN: \u201cMANTENERE LA POPOLAZIONE SUL TERRITORIO AFFRANCANDOLA DA TANTA E INCOMPRENSIBILE BUROCRAZIA\u201d<\/h1>\n<p><strong>VENEZIA\u00a0<\/strong> \u201cRingrazio vivamente il ministro Stefani per aver voluto porre al centro dell&#8217;attenzione politica il tema dei territori montani, evidenziando ancora una volta la sua sensibilit\u00e0 per le aree periferiche del Paese\u201d: a dirlo \u00e8 l\u2019assessore regionale all\u2019ambiente, difesa del suolo e specificit\u00e0 di Belluno, Gianpaolo Bottacin, in merito alla convocazione degli Stati Generali della Montagna previsti domani a Roma. <em>\u201cPurtroppo a questo primo incontro non potr\u00f2 partecipare essendo impegnato con i lavori della Giunta e del Consiglio regionale \u2013 spiega l\u2019assessore \u2013 ma da montanaro, quale sono, garantisco fin d\u2019ora massimo supporto e collaborazione al ministro sulla tematica. Stiamo infatti parlando di una realt\u00e0, quella montana, spesso poco conosciuta ai pi\u00f9 negli aspetti di criticit\u00e0 che presenta. La montagna infatti non \u00e8 solo vacanza e aria pulita: per chi ci vive dodici mesi all&#8217;anno significa anche difficolt\u00e0 nell&#8217;accesso ai servizi, costi di riscaldamento, dissesto idrogeologico, spopolamento, invecchiamento, a cui spesso si aggiunge tanta e incomprensibile burocrazia per questioni di normalit\u00e0 quotidiana da cui le piccolissime realt\u00e0 del territorio dovrebbero essere affrancate\u201d.\u00a0\u201cDi converso per\u00f2 \u2013 aggiunge \u2013 montagna significa anche garanzia per la pianura. Solo tutelando la montagna, cosa che pu\u00f2 essere fatta in primis da chi ci vive, si difende anche la pianura. Basti pensare agli effetti devastanti che una frana non gestita in montagna pu\u00f2 avere in pianura. Ne discende quindi la necessit\u00e0 di garantire una montagna popolata, cosa che si pu\u00f2 ottenere solo andando incontro alle esigenze dei cittadini che la vivono, tenendo conto dei costi aggiuntivi ma anche semplificando le procedure per le piccolissime realt\u00e0 montane\u201d.\u00a0<\/em><em>\u201cIn questa battaglia, che parte da un momento di importante approfondimento come quello di domani \u2013 conclude Bottacin -, sono al fianco e a totale disposizione del ministro per supportarne l\u2019azione\u201d.<\/em><\/p>\n<p>&nbsp;<\/p>\n<p>&nbsp;<\/p>\n<p>&nbsp;<\/p>\n<p>&nbsp;<\/p>\n<h1>I COMUNI DELL&#8217;AGORDINO CON MENO DI 75MILA PRESENZE ENTRANO NELLA DMO CON<br \/>\nL&#8217;UNIONE MONTANA: PROPOSTA LA MODIFICA AL REGOLAMENTO<\/h1>\n<p><strong><a class=\"dt-pswp-item\" href=\"http:\/\/www.radiopiu.net\/wordpress\/wp-content\/uploads\/2018\/10\/WhatsApp-Image-2018-10-12-at-21.02.11.jpeg\" data-dt-img-description=\"\" data-large_image_width=\"1599\" data-large_image_height=\"1200\"><img loading=\"lazy\" decoding=\"async\" class=\" wp-image-63819 alignleft\" src=\"http:\/\/www.radiopiu.net\/wordpress\/wp-content\/uploads\/2018\/10\/WhatsApp-Image-2018-10-12-at-21.02.11-300x225.jpeg\" alt=\"\" width=\"313\" height=\"235\" srcset=\"https:\/\/www.radiopiu.net\/wordpress\/wp-content\/uploads\/2018\/10\/WhatsApp-Image-2018-10-12-at-21.02.11-300x225.jpeg 300w, https:\/\/www.radiopiu.net\/wordpress\/wp-content\/uploads\/2018\/10\/WhatsApp-Image-2018-10-12-at-21.02.11-768x576.jpeg 768w, https:\/\/www.radiopiu.net\/wordpress\/wp-content\/uploads\/2018\/10\/WhatsApp-Image-2018-10-12-at-21.02.11-1024x768.jpeg 1024w, https:\/\/www.radiopiu.net\/wordpress\/wp-content\/uploads\/2018\/10\/WhatsApp-Image-2018-10-12-at-21.02.11.jpeg 1599w\" sizes=\"auto, (max-width: 313px) 100vw, 313px\" \/><\/a>FALCADE<\/strong> Il Comune \u00e8 protagonista nella Dmo che si propone di sviluppare\u00a0 e incrementare lo sviluppo turistico, ne fa parte di diritto con le sue\u00a0 75mila presenze. L&#8217;altra sera in consiglio comunale ha approvato una\u00a0 modifica importante del regolamento, una sorta di solidariet\u00e0 per i\u00a0 Comuni che le 75 mila presenze se le sognano. Per questo saranno\u00a0 rappresentanti dall&#8217;Unione Montana che avr\u00e0 voce in capitolo sulla\u00a0 scorta della delega dei Comuni. I Comuni Agordini di diritto nella Dmo\u00a0 sono Falcade, Alleghe, Livinallongo del Col di Lana, Rocca Pietore e<br \/>\nSelva di Cadore.<\/p>\n<p><strong>MICHELE COSTA<\/strong><\/p>\n<blockquote><audio class=\"wp-audio-shortcode\" id=\"audio-64056-3\" preload=\"none\" style=\"width: 100%;\" controls=\"controls\"><source type=\"audio\/mpeg\" src=\"http:\/\/www.radiopiu.net\/wordpress\/wp-content\/uploads\/2018\/10\/MICHELE-2.mp3?_=3\" \/><a href=\"http:\/\/www.radiopiu.net\/wordpress\/wp-content\/uploads\/2018\/10\/MICHELE-2.mp3\">http:\/\/www.radiopiu.net\/wordpress\/wp-content\/uploads\/2018\/10\/MICHELE-2.mp3<\/a><\/audio>\n<p><strong>La modifica al regolamento \u00e8 stata approvata all&#8217;unanimit\u00e0. Una bella\u00a0 iniziativa, solidale. L&#8217;esatto opposto di quello che succede con di\u00a0 Fondi di Confine dove i Comuni agordini che non si fregiano di prima e\u00a0 seconda fascia rimangono fuori da ogni logica spartitoria.<\/strong><\/p>\n<p><strong>L&#8217;INTERO INTERVENTO<\/strong><\/p>\n<audio class=\"wp-audio-shortcode\" id=\"audio-64056-4\" preload=\"none\" style=\"width: 100%;\" controls=\"controls\"><source type=\"audio\/mpeg\" src=\"http:\/\/www.radiopiu.net\/wordpress\/wp-content\/uploads\/2018\/10\/LINTERO-INTERVENTO.mp3?_=4\" \/><a href=\"http:\/\/www.radiopiu.net\/wordpress\/wp-content\/uploads\/2018\/10\/LINTERO-INTERVENTO.mp3\">http:\/\/www.radiopiu.net\/wordpress\/wp-content\/uploads\/2018\/10\/LINTERO-INTERVENTO.mp3<\/a><\/audio><\/blockquote>\n<p>&nbsp;<\/p>\n<p>&nbsp;<\/p>\n<p>&nbsp;<\/p>\n<p>&nbsp;<\/p>\n<p>&nbsp;<\/p>\n<blockquote class=\"wp-embedded-content\" data-secret=\"tHysGbfV5d\"><p><a href=\"http:\/\/www.radiopiu.net\/wordpress\/luxottica-il-ponte-autunnale-quasi-per-tutti\/\">LUXOTTICA, IL PONTE AUTUNNALE? QUASI PER TUTTI<\/a><\/p><\/blockquote>\n<p><iframe loading=\"lazy\" class=\"wp-embedded-content\" sandbox=\"allow-scripts\" security=\"restricted\" style=\"position: absolute; clip: rect(1px, 1px, 1px, 1px);\" src=\"http:\/\/www.radiopiu.net\/wordpress\/luxottica-il-ponte-autunnale-quasi-per-tutti\/embed\/#?secret=tHysGbfV5d\" data-secret=\"tHysGbfV5d\" width=\"600\" height=\"338\" title=\"&#8220;LUXOTTICA, IL PONTE AUTUNNALE? QUASI PER TUTTI&#8221; &#8212; Radio Pi\u00f9\" frameborder=\"0\" marginwidth=\"0\" marginheight=\"0\" scrolling=\"no\"><\/iframe><\/p>\n<h3>Oltre al ponte del primo novembre, nella giornata di ieri \u00e8 stato firmato anche un accordo di straordinario incentivato che riguarda solamente il reparto avanserie. Infatti la RSU ha concordato con Luxottica che sabato 20 e 27 ottobre il reparto in questione sia chiamato al lavoro dalle 7 alle 13 per coloro che fanno l&#8217;orario a giornata, dalle 6 alle 12 e dalle 12 alle 18 per coloro che lavorano a turno.<\/h3>\n<p>&nbsp;<\/p>\n<p>&nbsp;<\/p>\n<p>&nbsp;<\/p>\n<p>&nbsp;<\/p>\n<h1>PUBBLICATO BANDO PER ROTTAMAZIONE VEICOLI COMMERCIALI.<\/h1>\n<p><strong><a class=\"dt-pswp-item\" href=\"http:\/\/www.radiopiu.net\/wordpress\/wp-content\/uploads\/2018\/10\/download-12.jpg\" data-dt-img-description=\"\" data-large_image_width=\"275\" data-large_image_height=\"183\"><img loading=\"lazy\" decoding=\"async\" class=\"size-full wp-image-64077 alignleft\" src=\"http:\/\/www.radiopiu.net\/wordpress\/wp-content\/uploads\/2018\/10\/download-12.jpg\" alt=\"\" width=\"275\" height=\"183\" \/><\/a>VENEZIA<\/strong>\u00a0 E\u2019 stato pubblicato sul BUR di venerd\u00ec 12 ottobre il provvedimento regionale che apre il bando &#8211; collegato alle diverse iniziative promosse per il risanamento dell&#8217;aria &#8211; che prevede contributi per le aziende micro, piccole e medie che intendano acquistare nuovi veicoli commerciali N1 e N2 con la contestuale rottamazione di mezzi di categoria fino a Euro3. Sono previste diverse forme di contributo a seconda delle dimensioni dei vari mezzi arrivando fino a 10.000 euro per un nuovo veicolo elettrico, 8.000 euro per un ibrido, 7.000 per mezzi GPL. <em>&#8220;Si tratta di cifre importanti \u2013 fa presente l\u2019assessore regionale all\u2019ambiente Gianpaolo Bottacin &#8211; ma che il Veneto ha ritenuto di mettere a disposizione al fine di dare un vero incentivo al cambio dei vecchi veicoli ad uso commerciale. Rientra tra le misure che possano aiutare a migliorare la qualit\u00e0 dell&#8217;aria. Essendo in via sperimentale non \u00e8 stata ancora quantificata la cifra di bilancio, in quanto sar\u00e0 collegata al livello di interesse che ci sar\u00e0 da parte del privati e dal conseguente numero delle domande &#8220;.\u00a0<\/em>Dalla data di pubblicazione sul BUR ci sono 30 giorni per presentare le domande. E\u2019 possibile chiedere informazioni alla Direzione Atmosfera della Regione (tel. 041.2792442 o mail: atmosfera@regione.veneto.it).<\/p>\n<p>&nbsp;<\/p>\n<p>&nbsp;<\/p>\n<p>&nbsp;<\/p>\n<p>&nbsp;<\/p>\n<p>&nbsp;<\/p>\n<h1>RIGENERAZIONE URBANA, PRESTO LA CONFERENZA UNIFICATA<\/h1>\n<blockquote>\n<h2><em>\u00abSperiamo sblocchi la situazione\u00bb<\/em><\/h2>\n<\/blockquote>\n<p><strong><a class=\"dt-pswp-item\" href=\"http:\/\/www.radiopiu.net\/wordpress\/wp-content\/uploads\/2017\/12\/Premiazione-concorso-stazione-Massaro.jpg\" data-dt-img-description=\"\" data-large_image_width=\"5184\" data-large_image_height=\"3456\"><img loading=\"lazy\" decoding=\"async\" class=\" wp-image-39967 alignright\" src=\"http:\/\/www.radiopiu.net\/wordpress\/wp-content\/uploads\/2017\/12\/Premiazione-concorso-stazione-Massaro-300x200.jpg\" alt=\"\" width=\"203\" height=\"135\" \/><\/a>BELLUNO<\/strong> Nei prossimi giorni a Roma ANCI e Governo a confronto per la Conferenza Stato \u2013 citt\u00e0 ed autonomie locali: sul tavolo, ovviamente la questione dei fondi della rigenerazione urbana, sul destino dei quali regna ancora l&#8217;incertezza. \u00abSperiamo che questo ennesimo confronto sblocchi la situazione&#8221; &#8211; commenta il Sindaco di Belluno, Jacopo Massaro, che ricorda\u00a0 come i progetti sono tutti gi\u00e0 pronti a partire<\/p>\n<p><strong>IL SINDACO MASSARO<\/strong><\/p>\n<audio class=\"wp-audio-shortcode\" id=\"audio-64056-5\" preload=\"none\" style=\"width: 100%;\" controls=\"controls\"><source type=\"audio\/mpeg\" src=\"http:\/\/www.radiopiu.net\/wordpress\/wp-content\/uploads\/2018\/10\/MAS-BIS.mp3?_=5\" \/><a href=\"http:\/\/www.radiopiu.net\/wordpress\/wp-content\/uploads\/2018\/10\/MAS-BIS.mp3\">http:\/\/www.radiopiu.net\/wordpress\/wp-content\/uploads\/2018\/10\/MAS-BIS.mp3<\/a><\/audio>\n<p>&nbsp;<\/p>\n<p>&nbsp;<\/p>\n<p>&nbsp;<\/p>\n<h1>INIZIATI I LAVORI PER LA COSTRUZIONE DELLA CENTRALINA<\/h1>\n<p><strong>SAN TOMASO Soldi per le casse comunali, denaro fresco <a class=\"dt-pswp-item\" href=\"http:\/\/www.radiopiu.net\/wordpress\/wp-content\/uploads\/2016\/02\/Planetario-1.jpg\" data-dt-img-description=\"\" data-large_image_width=\"640\" data-large_image_height=\"433\"><img loading=\"lazy\" decoding=\"async\" class=\" wp-image-16272 alignleft\" src=\"http:\/\/www.radiopiu.net\/wordpress\/wp-content\/uploads\/2016\/02\/Planetario-1-300x203.jpg\" alt=\"\" width=\"136\" height=\"92\" \/><\/a>dalla centralina.<br \/>\n<\/strong><\/p>\n<p>&nbsp;<\/p>\n<p><strong>IL SINDACO DI SAN TOMASO MORENO DE VAL<\/strong><\/p>\n<audio class=\"wp-audio-shortcode\" id=\"audio-64056-6\" preload=\"none\" style=\"width: 100%;\" controls=\"controls\"><source type=\"audio\/ogg\" src=\"http:\/\/www.radiopiu.net\/wordpress\/wp-content\/uploads\/2018\/10\/moreno-centralina.ogg?_=6\" \/><a href=\"http:\/\/www.radiopiu.net\/wordpress\/wp-content\/uploads\/2018\/10\/moreno-centralina.ogg\">http:\/\/www.radiopiu.net\/wordpress\/wp-content\/uploads\/2018\/10\/moreno-centralina.ogg<\/a><\/audio>\n<p><strong>e con 30 mila euro dal Consorzio Bim il &#8220;nuovo&#8221; Planetario, a breve anche l&#8217;inaugurazione.<\/strong><\/p>\n<p><strong>MORENO\u00a0<\/strong><strong>DE VAL<\/strong><\/p>\n<audio class=\"wp-audio-shortcode\" id=\"audio-64056-7\" preload=\"none\" style=\"width: 100%;\" controls=\"controls\"><source type=\"audio\/ogg\" src=\"http:\/\/www.radiopiu.net\/wordpress\/wp-content\/uploads\/2018\/10\/planetario.ogg?_=7\" \/><a href=\"http:\/\/www.radiopiu.net\/wordpress\/wp-content\/uploads\/2018\/10\/planetario.ogg\">http:\/\/www.radiopiu.net\/wordpress\/wp-content\/uploads\/2018\/10\/planetario.ogg<\/a><\/audio>\n<p>&nbsp;<\/p>\n<p>&nbsp;<\/p>\n<p>&nbsp;<\/p>\n<p>&nbsp;<\/p>\n<h1>ROBIN A BELLUNO TRA 75MILA DOLOMITICI<\/h1>\n<p><strong><a class=\"dt-pswp-item\" href=\"http:\/\/www.radiopiu.net\/wordpress\/wp-content\/uploads\/2018\/10\/unnamed.jpg\" data-dt-img-description=\"\" data-large_image_width=\"288\" data-large_image_height=\"288\"><img loading=\"lazy\" decoding=\"async\" class=\" wp-image-64082 alignleft\" src=\"http:\/\/www.radiopiu.net\/wordpress\/wp-content\/uploads\/2018\/10\/unnamed.jpg\" alt=\"\" width=\"230\" height=\"230\" srcset=\"https:\/\/www.radiopiu.net\/wordpress\/wp-content\/uploads\/2018\/10\/unnamed.jpg 288w, https:\/\/www.radiopiu.net\/wordpress\/wp-content\/uploads\/2018\/10\/unnamed-150x150.jpg 150w\" sizes=\"auto, (max-width: 230px) 100vw, 230px\" \/><\/a>BELLUNO<\/strong>\u00a0 Robin Good arriva a Belluno per conoscere i bellunesi e la comunit\u00e0\u00a0 &#8220;DoloMitici!&#8221; che celebra quest\u2019anno i dieci anni e che ha quasi raggiunto quota 75.000 iscritti. Robin Good \u00e8 un esperto di comunicazione e di marketing \u201calternativo\u201d online, una fonte inesauribile di nuove idee e modi di fare che aiutano a differenziarsi dalla concorrenza e a farsi apprezzare attraverso la condivisione di contenuti di spessore e il coltivare relazioni di lunga durata. Robin \u00e8 il primo Italiano ad aver fatturato oltre un milione di dollari a Google e ad essere menzionato in oltre cento libri in Inglese per il suo contributo. &#8220;Incredibile ma vero &#8211; dice Dario Ganz-\u00a0 grazie al supporto di tutti i DoloMitici! e della Camera di Commercio di Treviso-Belluno siamo riusciti ad essere selezionati come una delle tappe ufficiali del terzo tour \u201cda Brand a Friend\u201d che Robin far\u00e0 a Ottobre-Novembre&#8221;. Mercoled\u00ec 31 Ottobre Robin Good sar\u00e0\u00a0 ospite per una serata gratuita presso la Sala Luciani della Camera di Commercio di Belluno in piazza S.Stefano 15-17. Sono invitati imprenditori digitali, liberi professionisti, consulenti, giornalisti, formatori, coach, esperti di settore, piccole aziende, attivit\u00e0 commerciali, negozi. L&#8217;evento \u00e8 100% gratuito.\u00a0 Prenotazioni\u00a0 <strong><span style=\"color: #ff0000;\"><a style=\"color: #ff0000;\" href=\"https:\/\/facebook.com\/events\/467913260375507\/\">clicca qui<\/a><\/span><\/strong><br \/>\n<strong>INVITO PERSONALIZZATO RADIOPIU_DI ROBIN GOOD<\/strong><\/p>\n<audio class=\"wp-audio-shortcode\" id=\"audio-64056-8\" preload=\"none\" style=\"width: 100%;\" controls=\"controls\"><source type=\"audio\/ogg\" src=\"http:\/\/www.radiopiu.net\/wordpress\/wp-content\/uploads\/2018\/10\/ROBIN.ogg?_=8\" \/><a href=\"http:\/\/www.radiopiu.net\/wordpress\/wp-content\/uploads\/2018\/10\/ROBIN.ogg\">http:\/\/www.radiopiu.net\/wordpress\/wp-content\/uploads\/2018\/10\/ROBIN.ogg<\/a><\/audio>\n<h1>Guardati il suo canale dall&#8217;isola di Terceira (Azzorre)<\/h1>\n<h1><a href=\"https:\/\/www.youtube.com\/channel\/UC7L7pkOg0AIxTwhLshb9tGg\">\u00a0\u00a0CLICCA QUI\u00a0<\/a><\/h1>\n<p>&nbsp;<\/p>\n<p>&nbsp;<\/p>\n<p>&nbsp;<\/p>\n<p>&nbsp;<\/p>\n<blockquote>\n<h1>Quando la paura diventa patologia<\/h1>\n<p style=\"font-size: 14px; font-weight: 400;\"><strong>FELTRE<\/strong>. Per il ciclo Mercoled\u00ec della salute, mercoled\u00ec 17 ottobre alle 18.00 nella sala convegni dell\u2019ospedale di Feltre, si parler\u00e0 di disturbi d\u2019ansia, malattia sempre pi\u00f9 diffusa, con il direttore della psichiatria di Feltre Massimo Semenzin.<\/p>\n<\/blockquote>\n<h1><\/h1>\n<blockquote>\n<h1><\/h1>\n<\/blockquote>\n<h1><\/h1>\n<h1><\/h1>\n<h1><\/h1>\n<blockquote>\n<h1><\/h1>\n<\/blockquote>\n<h1>SCRIVERE\u00a0 IN LADINO, CORSO GRATUITO ALL&#8217;ISTITUTO LADINO<\/h1>\n<p><strong><a class=\"dt-pswp-item\" href=\"http:\/\/www.radiopiu.net\/wordpress\/wp-content\/uploads\/2018\/10\/Locandina-MPARON-a-SCRIVE-001.jpg\" data-dt-img-description=\"\" data-large_image_width=\"839\" data-large_image_height=\"595\"><img loading=\"lazy\" decoding=\"async\" class=\"alignnone size-medium wp-image-64058\" src=\"http:\/\/www.radiopiu.net\/wordpress\/wp-content\/uploads\/2018\/10\/Locandina-MPARON-a-SCRIVE-001-300x213.jpg\" alt=\"\" width=\"300\" height=\"213\" srcset=\"https:\/\/www.radiopiu.net\/wordpress\/wp-content\/uploads\/2018\/10\/Locandina-MPARON-a-SCRIVE-001-300x213.jpg 300w, https:\/\/www.radiopiu.net\/wordpress\/wp-content\/uploads\/2018\/10\/Locandina-MPARON-a-SCRIVE-001-768x545.jpg 768w, https:\/\/www.radiopiu.net\/wordpress\/wp-content\/uploads\/2018\/10\/Locandina-MPARON-a-SCRIVE-001.jpg 839w\" sizes=\"auto, (max-width: 300px) 100vw, 300px\" \/><\/a><a class=\"dt-pswp-item\" href=\"http:\/\/www.radiopiu.net\/wordpress\/wp-content\/uploads\/2018\/10\/Locandina-MPARON-a-SCRIVE-002.jpg\" data-dt-img-description=\"\" data-large_image_width=\"839\" data-large_image_height=\"595\"><img loading=\"lazy\" decoding=\"async\" class=\"alignnone wp-image-64059\" src=\"http:\/\/www.radiopiu.net\/wordpress\/wp-content\/uploads\/2018\/10\/Locandina-MPARON-a-SCRIVE-002-300x213.jpg\" alt=\"\" width=\"398\" height=\"282\" srcset=\"https:\/\/www.radiopiu.net\/wordpress\/wp-content\/uploads\/2018\/10\/Locandina-MPARON-a-SCRIVE-002-300x213.jpg 300w, https:\/\/www.radiopiu.net\/wordpress\/wp-content\/uploads\/2018\/10\/Locandina-MPARON-a-SCRIVE-002-768x545.jpg 768w, https:\/\/www.radiopiu.net\/wordpress\/wp-content\/uploads\/2018\/10\/Locandina-MPARON-a-SCRIVE-002.jpg 839w\" sizes=\"auto, (max-width: 398px) 100vw, 398px\" \/><\/a><\/strong><\/p>\n<p><strong>COLLE SANTA LUCIA<\/strong> L\u2019Istitut Cultural Ladin Cesa de Jan ha organizzato\u00a0anche quest\u2019anno il corso \u201cImpariamo a scrivere in Ladino\u201d. Il corso \u00e8 aperto a tutti coloro che vogliono riscoprire il piacere di saper scrivere nella nostra antica lingua ladina o semplicemente sono curiosi di conoscere come si scrivono le parole che quotidianamente utilizziamo nella lingua parlata. Le lezioni si terranno dalle 17 alle 19 per quattro gioved\u00ec consecutivi (8-15-22-29 di novembre) alle\u00a0Scuole Elementari di Pieve di Livinallongo e si svolgeranno nel consueto clima cordiale e informale che ha caratterizzato anche le edizioni precedenti. Una seconda parte si svolger\u00e0 poi in primavera. Il corso \u00e8 completamente gratuito ed \u00e8 aperto a tutti: dai ragazzi delle medie, agli studenti delle scuole superiori, agli insegnanti, agli operatori turistici e a tutti coloro che amano o vogliono riscoprire la propria lingua. Per partecipare \u00e8 sufficiente iscriversi entro il 31 ottobre 2018 mandando una mail a info@istitutoladino.org o inviando semplicemente un sms o un massaggio whatsapp al 393\/9597990.<\/p>\n<p>&nbsp;<\/p>\n<h1><\/h1>\n<p>&nbsp;<\/p>\n<blockquote>\n<h1>LA PRESENTAZIONE DEL LIBRO DI GIORGIO FORNASIER AD AGORDO<\/h1>\n<p>Iniziativa della Biblioteca Civica di Agordo-Circolo Culturale Agordino:\u00a0 la presentazione del volume di Giorgio Fornasier &#8220;I fioi de la roda: storie e notizie sull&#8217;istituto degli esposti di Belluno&#8221;, venerd\u00ec alle\u00a0 20.30 nella sala riunioni della Biblioteca Civica in via 27 aprile di Agordo.\u00a0 L&#8217;autore presenta il suo primo libro storico in cui racconta la storia della roda, cio\u00e8 di quella bussola posta davanti alla chiesa di Loreto a Belluno, dove venivano introdotti nottetempo i bambini rifiutati dalle mamme. L&#8217;opera colma una lacuna nella nostra conoscenza storica non solo della citt\u00e0 ma di tutta la provincia. Infatti i bambini esposti venivano non tanto dalla citt\u00e0, ma specialmente da Agordo, Cadore, Comelico. Il volume mette in evidenza anche la bont\u00e0 della gente di chiesa che si prestava affinch\u00e9 questi esseri indifesi potessero sopravvivere.<\/p>\n<p>&nbsp;<\/p><\/blockquote>\n<h1><\/h1>\n<h1><\/h1>\n<p>&nbsp;<\/p>\n<blockquote><p>&nbsp;<\/p><\/blockquote>\n<h1>SI PUO&#8217; FARE&#8230; IL 3 NOVEMBRE A FALCADE. UN EVENTO PER L&#8217;AGORDINO, UNA SERATA A SCOPO BENIFICO A FAVORE DELLA PETTIROSSO AGORDINO E ASSOCIAZIONE NUOVI TRAGUARDI.<\/h1>\n<p><a class=\"dt-pswp-item\" href=\"http:\/\/www.radiopiu.net\/wordpress\/wp-content\/uploads\/2018\/10\/WhatsApp-Image-2018-10-15-at-15.41.31.jpeg\" data-dt-img-description=\"\" data-large_image_width=\"1599\" data-large_image_height=\"1200\"><img loading=\"lazy\" decoding=\"async\" class=\"size-medium wp-image-64069 alignleft\" src=\"http:\/\/www.radiopiu.net\/wordpress\/wp-content\/uploads\/2018\/10\/WhatsApp-Image-2018-10-15-at-15.41.31-300x225.jpeg\" alt=\"\" width=\"300\" height=\"225\" srcset=\"https:\/\/www.radiopiu.net\/wordpress\/wp-content\/uploads\/2018\/10\/WhatsApp-Image-2018-10-15-at-15.41.31-300x225.jpeg 300w, https:\/\/www.radiopiu.net\/wordpress\/wp-content\/uploads\/2018\/10\/WhatsApp-Image-2018-10-15-at-15.41.31-768x576.jpeg 768w, https:\/\/www.radiopiu.net\/wordpress\/wp-content\/uploads\/2018\/10\/WhatsApp-Image-2018-10-15-at-15.41.31-1024x768.jpeg 1024w, https:\/\/www.radiopiu.net\/wordpress\/wp-content\/uploads\/2018\/10\/WhatsApp-Image-2018-10-15-at-15.41.31.jpeg 1599w\" sizes=\"auto, (max-width: 300px) 100vw, 300px\" \/><\/a><\/p>\n<p>&nbsp;<\/p>\n<p>&nbsp;<\/p>\n<h3>Lo spettacolo teatrale approda al Palafalcade in una grande serata tra attori che hanno gi\u00e0 incantato la provincia da Quero al Teatro Comunale della citt\u00e0. &#8220;Si Pu\u00f2 fare&#8221; \u00e8 la commedia liberamente ispirata dal film Frankenstein Junior a marchio Belluno Ciak. I biglietti al prezzo unico 10 euro sono gi\u00e0 in prevendita, anche a RADIO PIU, Agordo, Alleghe, Belluno, Cencenighe e Falcade.<\/h3>\n<h2>L&#8217;INTERVISTA ALLA RADIO<\/h2>\n<audio class=\"wp-audio-shortcode\" id=\"audio-64056-9\" preload=\"none\" style=\"width: 100%;\" controls=\"controls\"><source type=\"audio\/mpeg\" src=\"http:\/\/www.radiopiu.net\/wordpress\/wp-content\/uploads\/2018\/10\/FONTANA.mp3?_=9\" \/><a href=\"http:\/\/www.radiopiu.net\/wordpress\/wp-content\/uploads\/2018\/10\/FONTANA.mp3\">http:\/\/www.radiopiu.net\/wordpress\/wp-content\/uploads\/2018\/10\/FONTANA.mp3<\/a><\/audio>\n<p>&nbsp;<\/p>\n<h2>L&#8217;INVITO DELL&#8217;ATTORE<\/h2>\n<p><span style=\"color: #ff0000;\">GIULIA SPONGA<\/span><\/p>\n<audio class=\"wp-audio-shortcode\" id=\"audio-64056-10\" preload=\"none\" style=\"width: 100%;\" controls=\"controls\"><source type=\"audio\/mpeg\" src=\"http:\/\/www.radiopiu.net\/wordpress\/wp-content\/uploads\/2018\/10\/SI-PUO-FARE-1.mp3?_=10\" \/><a href=\"http:\/\/www.radiopiu.net\/wordpress\/wp-content\/uploads\/2018\/10\/SI-PUO-FARE-1.mp3\">http:\/\/www.radiopiu.net\/wordpress\/wp-content\/uploads\/2018\/10\/SI-PUO-FARE-1.mp3<\/a><\/audio>\n<p>&nbsp;<\/p>\n<p>&nbsp;<\/p>\n<p>&nbsp;<\/p>\n<p>&nbsp;<\/p>\n<p>&nbsp;<\/p>\n<h1>LA FESTA ALL&#8217;ALBERGHIERO, RADUNO PER 800<\/h1>\n<p class=\"ox-a490eb7aac-MsoNormal\"><a class=\"dt-pswp-item\" href=\"http:\/\/www.radiopiu.net\/wordpress\/wp-content\/uploads\/2018\/10\/MG_4046-1.jpg\" data-dt-img-description=\"\" data-large_image_width=\"3777\" data-large_image_height=\"2458\"><img loading=\"lazy\" decoding=\"async\" class=\"alignnone wp-image-64103 size-large\" src=\"http:\/\/www.radiopiu.net\/wordpress\/wp-content\/uploads\/2018\/10\/MG_4046-1-1024x666.jpg\" alt=\"\" width=\"1024\" height=\"666\" srcset=\"https:\/\/www.radiopiu.net\/wordpress\/wp-content\/uploads\/2018\/10\/MG_4046-1-1024x666.jpg 1024w, https:\/\/www.radiopiu.net\/wordpress\/wp-content\/uploads\/2018\/10\/MG_4046-1-300x195.jpg 300w, https:\/\/www.radiopiu.net\/wordpress\/wp-content\/uploads\/2018\/10\/MG_4046-1-768x500.jpg 768w\" sizes=\"auto, (max-width: 1024px) 100vw, 1024px\" \/><\/a>Si \u00e8 svolto a Falcade il Terzo Maxiraduno degli ex studenti dell\u2019I.P.A.S.\/I.P.S.S.A.R. Presso la sede attuale dell\u2019istituto si sono ritrovati coloro che, nati tra il 1965 ed il 1984, hanno frequentato negli anni \u201980 e \u201990 l\u2019istituto stesso. Oltre 800 le persone contattate, 300 i presenti provenienti da tutto il Veneto (dalle provincie di Belluno, Treviso e Venezia la maggior parte), ma anche dal Friuli Venezia Giulia, Lombardia, Emilia Romagna, dalla Toscana, da Abruzzo, Marche e Spagna i pi\u00f9 lontani. Presenti i docenti che hanno insegnato in quegli anni provenienti dal Bellunese e da altre provincie per ritrovare i loro ex alunni, con grande e piacevole sorpresa di chi li ha avuti come insegnante. Non potevano mancare gli istitutori\/istitutrici che hanno seguito all\u2019epoca i ragazzi\u00a0 ospitati nel convitto. Per L&#8217;occasione sono stati allestiti un grande aperitivo e la cena a Buffet da &#8220;La Rocca Banchetti&#8221;\u00a0 presso il palazzetto dello sport di Falcade. Una grande festa per tutti che si e&#8217; potuta svolgere grazie ad Angelo Piccolo (anche lui ex allievo: ha frequentato dal 1987 al 1992) che per 3 mesi, senza sosta, con entusiasmo e tanta buona volont\u00e0,\u00a0 ha lavorato per l\u2019evento.<\/p>\n<p>&nbsp;<\/p>\n<p>&nbsp;<\/p>\n<p>&nbsp;<\/p>\n<p>&nbsp;<\/p>\n<p>&nbsp;<\/p>\n<h1 style=\"text-align: left;\" align=\"CENTER\">BONUS LIBRI, BUROCRAZIA ECCESSIVA PER GLI STRANIERI, SENZA LA REGIONE PROVVEDERA&#8217; IL COMUNE<\/h1>\n<p><strong>BELLUNO<\/strong>\u00a0\u00abNoi ci comportiamo in maniera uguale con tutti i nostri cittadini, italiani o stranieri, tanto pi\u00f9 se sono bambini. L&#8217;obbiettivo di un&#8217;amministrazione deve essere quello di garantire a tutti parit\u00e0 di accesso ai servizi e pari opportunit\u00e0. Se la Regione Veneto riterr\u00e0 di non sostenere le richieste di Bonus libri senza gli ulteriori documenti richiesti, allora ci penser\u00e0 il Comune\u00bb: l&#8217;assessore alle politiche sociali e dell&#8217;istruzione, Valentina Tomasi, commenta cos\u00ec le indicazioni presenti nelle \u201crichieste per il richiedente\u201d in merito al bonus libri regionale. \u00abQuesto aggravio di burocrazia, solamente per i cittadini non comunitari, \u00e8 ingiusta: rende quasi impossibile presentare la domanda e carica di ulteriore lavoro gli uffici pubblici. &#8211; continua Tomasi \u2013 Serve semplificazione, non nuove scartoffie: \u00e8 chiaro che a tutti gli utenti va richiesta la documentazione necessaria per capire se l&#8217;aiuto \u00e8 necessario o no, ma non pu\u00f2 esserci disparit\u00e0 di trattamento tra bambini figli di genitori italiani, bambini nati in Italia da genitori stranieri e bambini nati all&#8217;estero e poi arrivati qui con la famiglia. Va difeso il principio di equit\u00e0 nell&#8217;accesso ai servizi\u00bb. \u00abLe indicazioni che abbiamo dato agli uffici sono quelle di inviare i documenti ricevuti, i modelli ISEE e le autodichiarazioni. Aspettiamo di conoscere dalla Regione, dalle ambasciate e dal Ministero degli Esteri l&#8217;esistenza di eventuali convenzioni tra l&#8217;Italia e i Paesi stranieri di origine dei richiedenti, visto che si fa riferimento a questa norma nazionale in materia di erogazione di contributi, ma ad oggi non ci \u00e8 stata data ancora risposta\u00bb, spiega Tomasi, che annuncia: \u00abSe la Regione decidesse di non accettare queste domande, allora faremo il possibile per finanziarle come Comune, magari anche coinvolgendo i cittadini, fermo restando che \u00e8 competenza della Regione sostenerle. Vogliamo garantire questo servizio, perch\u00e8 non si pu\u00f2 negare a nessuno il diritto allo studio e la parit\u00e0 dei diritti\u00bb. Per Tomasi, questa situazione rischia di amplificare i problemi sociali: \u00abSi va nella direzione opposta all&#8217;integrazione, con questi provvedimenti. Come pu\u00f2 sentirsi parte di una comunit\u00e0 una famiglia, un bambino, un ragazzo a cui, per burocrazia, viene negato un servizio? La Regione dovrebbe concentrarsi sui veri problemi dei suoi cittadini: invece di intervenire su sistemi rodati, si cancellino disequilibri e iniquit\u00e0 sociali, ad esempio incrementando i fondi per i minori in comunit\u00e0, italiani e non\u00bb, chiede Tomasi. \u00abLe politiche del nostro Comune \u2013 conclude l&#8217;assessore \u2013 mirano all&#8217;inclusione sociale, andando incontro a chiunque abbia delle difficolt\u00e0, da quelle economiche a quelle sociali; combattiamo l&#8217;esclusione dai servizi dei residenti nelle cosiddette \u201cterre alte\u201d, di chi lotta contro le barriere architettoniche, di chi parla una lingua straniera. Lavoriamo per la garanzia della parit\u00e0 di accesso ai servizi; l&#8217;esclusione mina l&#8217;equilibrio della societ\u00e0\u00bb.<\/p>\n<p>&nbsp;<\/p>\n<p>&nbsp;<\/p>\n<p>&nbsp;<\/p>\n<p>&nbsp;<\/p>\n<p>&nbsp;<\/p>\n<p>&nbsp;<\/p>\n<p><a class=\"dt-pswp-item\" href=\"http:\/\/www.radiopiu.net\/wordpress\/wp-content\/uploads\/2018\/09\/WhatsApp-Image-2018-09-20-at-16.04.06.jpeg\" data-dt-img-description=\"\" data-large_image_width=\"800\" data-large_image_height=\"100\"><img loading=\"lazy\" decoding=\"async\" class=\"alignnone wp-image-61378 size-full\" src=\"http:\/\/www.radiopiu.net\/wordpress\/wp-content\/uploads\/2018\/09\/WhatsApp-Image-2018-09-20-at-16.04.06.jpeg\" alt=\"\" width=\"800\" height=\"100\" srcset=\"https:\/\/www.radiopiu.net\/wordpress\/wp-content\/uploads\/2018\/09\/WhatsApp-Image-2018-09-20-at-16.04.06.jpeg 800w, https:\/\/www.radiopiu.net\/wordpress\/wp-content\/uploads\/2018\/09\/WhatsApp-Image-2018-09-20-at-16.04.06-300x38.jpeg 300w, https:\/\/www.radiopiu.net\/wordpress\/wp-content\/uploads\/2018\/09\/WhatsApp-Image-2018-09-20-at-16.04.06-768x96.jpeg 768w\" sizes=\"auto, (max-width: 800px) 100vw, 800px\" \/><\/a><\/p>\n<h1>PREVISIONI DEL TEMPO DA OGGI A VENERDI<\/h1>\n<p><center><b>Martedi 16<\/b><\/center><b>Tempo atteso: <\/b>Nuvolosit\u00e0 irregolare, sia per probabili nubi medio-basse localmente insistenti che per nubi alte durante la giornata, che limiteranno ulteriormente il soleggiamento, con schiarite a carattere locale. Clima piuttosto uggioso con debole escursione termica giornaliera specie in quota.<br \/>\n<b>Precipitazioni: <\/b>Generalmente assenti, al pi\u00f9 limitate a qualche sporadico piovasco sulle Prealpi (10\/20%).<br \/>\n<b>Temperature: <\/b>In generale lieve aumento. Su Prealpi a 1500 m min 6\u00b0C max 10\u00b0C, a 2000 m min 4\u00b0C max 7\u00b0C. Su Dolomiti a 2000 m min 4\u00b0C max 8\u00b0C, a 3000 m min -1\u00b0C max 1\u00b0C.<br \/>\n<b>Venti: <\/b>Nelle valli deboli di direzione variabile; in quota deboli\/moderati da Sud Sud-Ovest, a 5-15 km\/h a 2000 m, 10-25 km\/h a 3000 m.<\/p>\n<hr \/>\n<p><center><b>Mercoledi 17<\/b><\/center><b>Tempo atteso: <\/b>Cielo perlopi\u00f9 nuvoloso, a tratti anche molto nuvoloso, sia per nubi basse spesso insistenti, che per nubi medio-alte anche estese, con nuvolosit\u00e0 in parziale attenuazione al pomeriggio\/sera. Qualche locale fenomeno sar\u00e0 un po&#8217; pi\u00f9 probabile dei giorni precedenti.<br \/>\n<b>Precipitazioni: <\/b>Fino alle ore centrali possibili brevi piovaschi, specie sulle Prealpi, in particolare quelle centro-occidentali (40\/50%), meno presenti sulle Dolomiti (20\/40%). Al pomeriggio\/sera fenomeni in esaurimento ovunque (10\/30%).<br \/>\n<b>Temperature: <\/b>Senza variazioni significative, con massime in lieve calo nelle valli. Su Prealpi a 1500 m min 8\u00b0C max 10\u00b0C, a 2000 m min 5\u00b0C max 8\u00b0C. Su Dolomiti a 2000 m min 5\u00b0C max 8\u00b0C, a 3000 m min 0\u00b0C max 2\u00b0C.<br \/>\n<b>Venti: <\/b>Nelle valli, deboli di direzione variabile; in quota deboli sud-occidentali, a 5-10 km\/h a 2000 m, 5-15 km\/h a 3000 m.<\/p>\n<hr \/>\n<p><center><b>Giovedi 18<\/b><\/center>Tempo maggiormente soleggiato, anche se permarr\u00e0 l&#8217;insidia di nubi basse, specie al mattino, mentre in giornata si faranno strada schiarite pi\u00f9 ampie dei giorni precedenti. Precipitazioni perlopi\u00f9 assenti. Rialzo termico diurno.<\/p>\n<hr \/>\n<p><center><b>Venerdi 19<\/b><\/center>Tempo perlopi\u00f9 soleggiato e stabile, ancora con possibili locali nubi basse al mattino, ma con ampie schiarite in giornata, senza precipitazioni. Clima diurno mite per la stagione, pi\u00f9 fresco al mattino con modesta inversione termica in caso di notte serena. Previsore: G.M.<\/p>\n","protected":false},"excerpt":{"rendered":"<p>&nbsp; IL FINE SETTIMANA DALLA POLIZIA: ARRESTATA DAI POLIZIOTTI DI QUARTIERE , DENUNCIATO FALSIFICATORE DI DOCUMENTI INTERVENTI DELLA POLIZIA DI STATO. CONTROLLO DEL TERRITORIO Fine settimana di controlli serrati per la Squadra Volanti. Venerd\u00ec\u00a0gli uomini delle Volanti, durante il servizio finalizzato alla prevenzione e repressione dei reati in genere, hanno controllato un gruppo di ragazzi&hellip;<\/p>\n","protected":false},"author":1,"featured_media":64057,"comment_status":"closed","ping_status":"closed","sticky":false,"template":"","format":"standard","meta":{"_monsterinsights_skip_tracking":false,"_monsterinsights_sitenote_active":false,"_monsterinsights_sitenote_note":"","_monsterinsights_sitenote_category":0,"footnotes":""},"categories":[1,86],"tags":[],"class_list":["post-64056","post","type-post","status-publish","format-standard","has-post-thumbnail","hentry","category-senza-categoria","category-gr","category-1","category-86","description-off"],"img_url":"https:\/\/www.radiopiu.net\/wordpress\/wp-content\/uploads\/2018\/10\/U_57d7b92194-2.jpg","_links":{"self":[{"href":"https:\/\/www.radiopiu.net\/wordpress\/wp-json\/wp\/v2\/posts\/64056","targetHints":{"allow":["GET"]}}],"collection":[{"href":"https:\/\/www.radiopiu.net\/wordpress\/wp-json\/wp\/v2\/posts"}],"about":[{"href":"https:\/\/www.radiopiu.net\/wordpress\/wp-json\/wp\/v2\/types\/post"}],"author":[{"embeddable":true,"href":"https:\/\/www.radiopiu.net\/wordpress\/wp-json\/wp\/v2\/users\/1"}],"replies":[{"embeddable":true,"href":"https:\/\/www.radiopiu.net\/wordpress\/wp-json\/wp\/v2\/comments?post=64056"}],"version-history":[{"count":0,"href":"https:\/\/www.radiopiu.net\/wordpress\/wp-json\/wp\/v2\/posts\/64056\/revisions"}],"wp:featuredmedia":[{"embeddable":true,"href":"https:\/\/www.radiopiu.net\/wordpress\/wp-json\/wp\/v2\/media\/64057"}],"wp:attachment":[{"href":"https:\/\/www.radiopiu.net\/wordpress\/wp-json\/wp\/v2\/media?parent=64056"}],"wp:term":[{"taxonomy":"category","embeddable":true,"href":"https:\/\/www.radiopiu.net\/wordpress\/wp-json\/wp\/v2\/categories?post=64056"},{"taxonomy":"post_tag","embeddable":true,"href":"https:\/\/www.radiopiu.net\/wordpress\/wp-json\/wp\/v2\/tags?post=64056"}],"curies":[{"name":"wp","href":"https:\/\/api.w.org\/{rel}","templated":true}]}}