{"id":64136,"date":"2018-10-17T05:49:34","date_gmt":"2018-10-17T03:49:34","guid":{"rendered":"http:\/\/www.radiopiu.net\/wordpress\/?p=64136"},"modified":"2018-10-17T17:07:21","modified_gmt":"2018-10-17T15:07:21","slug":"giornale-radiopiu-17-ottobre-2018-direttore-mirko-mezzacasa","status":"publish","type":"post","link":"https:\/\/www.radiopiu.net\/wordpress\/giornale-radiopiu-17-ottobre-2018-direttore-mirko-mezzacasa\/","title":{"rendered":"GIORNALE RADIOPIU 17 OTTOBRE 2018 DIRETTORE MIRKO MEZZACASA"},"content":{"rendered":"<p>&nbsp;<\/p>\n<h1>RITROVATA PERSONA IN DIFFICOLT\u00c0<\/h1>\n<p><strong>Ieri sera verso le 21 il Soccorso alpino di Pieve di Cadore \u00e8 stato allertato per un escursionista in difficolt\u00e0 al rientro da una camminata al Rifugio Chiggiato. Una squadra si \u00e8 portata in Val d&#8217;Oten e ha illuminato con un faro il versante tagliato dal sentiero. Fortunatamente l&#8217;uomo, un turista straniero di 69 anni, ha risposto accendendo la sua pila e permettendo di essere localizzato. I soccorritori lo hanno quindi raggiunto nel punto dove, perso l&#8217;orientamento, era uscito dalla traccia fermandosi in un punto scosceso. Riportato sul sentiero, l&#8217;escursionista \u00e8 stato riaccompagnato a valle. L&#8217;intervento si \u00e8 concluso alle 23.40 circa.<\/strong><\/p>\n<p>&nbsp;<\/p>\n<p>&nbsp;<\/p>\n<p>&nbsp;<\/p>\n<h1>MALORE FATALE, MUORE CONTRO UN MURO<\/h1>\n<blockquote>\n<h3><em>\u00a0TROVATO INCOSCIENTE RIVERSO SUL VOLANTE INUTILI LE MANOVRE RIANIMATORIE <\/em><\/h3>\n<\/blockquote>\n<p><strong><a class=\"dt-pswp-item\" href=\"http:\/\/www.radiopiu.net\/wordpress\/wp-content\/uploads\/2018\/10\/INT.-3409-2018-10-16-2-1.jpg\" data-dt-img-description=\"\" data-large_image_width=\"1280\" data-large_image_height=\"720\"><img loading=\"lazy\" decoding=\"async\" class=\"size-medium wp-image-64213 alignleft\" src=\"http:\/\/www.radiopiu.net\/wordpress\/wp-content\/uploads\/2018\/10\/INT.-3409-2018-10-16-2-1-300x169.jpg\" alt=\"\" width=\"300\" height=\"169\" srcset=\"https:\/\/www.radiopiu.net\/wordpress\/wp-content\/uploads\/2018\/10\/INT.-3409-2018-10-16-2-1-300x169.jpg 300w, https:\/\/www.radiopiu.net\/wordpress\/wp-content\/uploads\/2018\/10\/INT.-3409-2018-10-16-2-1-768x432.jpg 768w, https:\/\/www.radiopiu.net\/wordpress\/wp-content\/uploads\/2018\/10\/INT.-3409-2018-10-16-2-1-1024x576.jpg 1024w, https:\/\/www.radiopiu.net\/wordpress\/wp-content\/uploads\/2018\/10\/INT.-3409-2018-10-16-2-1.jpg 1280w\" sizes=\"auto, (max-width: 300px) 100vw, 300px\" \/><\/a>BELLUNO<\/strong> Un anziano, Pericle Calmasini, 81enne di Stra (Venezia) ma residente in Alpago, \u00e8 morto dopo uno schianto contro un muretto di un condominio, vicino alla agenzia di assicurazione Cattolica.\u00a0 Il presumibile attacco di cuore gli ha fatto perdere il controllo della vettura che \u00e8 finita col cozzare contro il muro. Il fatto ieri sera alle 18.30 l\u201981enne era al volante di una Lancia Delta e si \u00e8 infilato nel piccolo parcheggio tra un condominio e l\u2019altro forse resosi conto di quanto gli stava accadendo<\/p>\n<p>&nbsp;<\/p>\n<p>&nbsp;<\/p>\n<h1>LA DOLOMITIBUS TOGLIE UN PULLMAN TRA TAIBON E AGORDO E GLI STUDENTI SI FANNO SENTIRE<\/h1>\n<p><strong><a class=\"dt-pswp-item\" href=\"http:\/\/www.radiopiu.net\/wordpress\/wp-content\/uploads\/2018\/10\/WhatsApp-Image-2018-10-16-at-18.17.36-1.jpeg\" data-dt-img-description=\"\" data-large_image_width=\"768\" data-large_image_height=\"1024\"><img loading=\"lazy\" decoding=\"async\" class=\" wp-image-64190 alignleft\" src=\"http:\/\/www.radiopiu.net\/wordpress\/wp-content\/uploads\/2018\/10\/WhatsApp-Image-2018-10-16-at-18.17.36-1-225x300.jpeg\" alt=\"\" width=\"168\" height=\"224\" srcset=\"https:\/\/www.radiopiu.net\/wordpress\/wp-content\/uploads\/2018\/10\/WhatsApp-Image-2018-10-16-at-18.17.36-1-225x300.jpeg 225w, https:\/\/www.radiopiu.net\/wordpress\/wp-content\/uploads\/2018\/10\/WhatsApp-Image-2018-10-16-at-18.17.36-1.jpeg 768w\" sizes=\"auto, (max-width: 168px) 100vw, 168px\" \/><\/a>TAIBON<\/strong> Un gruppo di studenti di Taibon, Bries, Toccol, hanno inviato una lettera alla Dolomitibus chiedendo chiarimenti sul perch\u00e9 \u00e8 stata cancellata una corsa importante alle 6.45 del mattino che da Taibon portava gli studenti ad Agordo e quindi a Belluno. Sono almeno 30 gli studenti che ora devono salire sui pullman che arrivano dall&#8217;Alto Agordino con il rischio di farsi l&#8217;intero viaggio in piedi.<br \/>\n<strong>ECCO IL TESTO DELLA LETTERA<\/strong><\/p>\n<p><em>Siamo studenti delle scuole di Belluno, residenti in zona Taibon Agordino, che usufruiscono del servizio Dolomitibus delle ore 6:45 da Taibon-San Cipriano e Toccol. Con l&#8217;inizio dell&#8217;anno scolastico abbiamo riscontrato la mancanza di una corriera nella quale fino a giugno potevamo agevolmente prendere posto a sedere.\u00a0\u00a0Chiedendo ad alcuni conducenti \u00e8 emerso che la corriera che fino all&#8217;anno scolastico precedente iniziava la sua tratta a Taibon-San Cipriano, quest&#8217;anno parte dall&#8217;autostazione di Agordo.\u00a0\u00a0\u00a0A causa di ci\u00f2 siamo obbligati a salire sui mezzi gi\u00e0 saturi provenienti da Caprile e Falcade, arrivare in autostazione ad Agordo e tentare la fortuna cercando posto nei pullman che iniziano l\u00ec la loro tratta, raramente con esito positivo.\u00a0 Ci chiedevamo la motivazione per la quale \u00e8 stata cancellata la tratta San Cipriano-Agordo autostazione di questa corriera di cui per anni avevamo usufruito in tanti. \u00a0Effettivamente sommando le utenze delle fermate interessate si arriva ad una trentina di persone, corrispondente al 70% circa dei posti di un normale pullman.<\/em><em>\u00a0Una trentina di persone che si ritrova in piedi nelle altre due corriere dove \u00e8 quasi impossibile prendere posto, oltre al fatto che, una volta arrivati ad Agordo, i posti negli altri pullman sono gi\u00e0 stati occupati dai pendolari di quella fermata, rendendo ancora pi\u00f9 difficoltosa la ricerca di posto a sedere.<\/em><\/p>\n<p><strong>ECCO LE FOTO (CLICCA PER INGRANDIRE) CHE METTONO IN EVIDENZA IL PROBLEMA, LA PRIMA SCATTATA SUL PULLMAN AGORDO BELLUNO, LE ALTRE SULLA FALCADE-AGORDO<\/strong><\/p>\n\n\t\t\t<style type='text\/css'>\n\t\t\t\t#gallery-1 {\n\t\t\t\t\tmargin: auto;\n\t\t\t\t}\n\t\t\t\t#gallery-1 .gallery-item {\n\t\t\t\t\tfloat: left;\n\t\t\t\t\tmargin-top: 10px;\n\t\t\t\t\ttext-align: center;\n\t\t\t\t\twidth: 33%;\n\t\t\t\t}\n\t\t\t\t#gallery-1 img {\n\t\t\t\t\tborder: 2px solid #cfcfcf;\n\t\t\t\t}\n\t\t\t\t#gallery-1 .gallery-caption {\n\t\t\t\t\tmargin-left: 0;\n\t\t\t\t}\n\t\t\t\t\/* see gallery_shortcode() in wp-includes\/media.php *\/\n\t\t\t<\/style>\n\t\t<div id='gallery-1' class='dt-gallery-container gallery galleryid-64136 gallery-columns-3 gallery-size-thumbnail'><dl class='gallery-item'>\n\t\t\t\t<dt class='gallery-icon landscape'>\n\t\t\t\t\t<a class=\"rollover\" href='https:\/\/www.radiopiu.net\/wordpress\/giornale-radiopiu-17-ottobre-2018-direttore-mirko-mezzacasa\/whatsapp-image-2018-10-16-at-18-17-08\/'><img loading=\"lazy\" decoding=\"async\" width=\"150\" height=\"150\" src=\"https:\/\/www.radiopiu.net\/wordpress\/wp-content\/uploads\/2018\/10\/WhatsApp-Image-2018-10-16-at-18.17.08-150x150.jpeg\" class=\"attachment-thumbnail size-thumbnail\" alt=\"\" \/><\/a>\n\t\t\t\t<\/dt><\/dl><dl class='gallery-item'>\n\t\t\t\t<dt class='gallery-icon portrait'>\n\t\t\t\t\t<a class=\"rollover\" href='https:\/\/www.radiopiu.net\/wordpress\/giornale-radiopiu-17-ottobre-2018-direttore-mirko-mezzacasa\/whatsapp-image-2018-10-16-at-18-17-20\/'><img loading=\"lazy\" decoding=\"async\" width=\"150\" height=\"150\" src=\"https:\/\/www.radiopiu.net\/wordpress\/wp-content\/uploads\/2018\/10\/WhatsApp-Image-2018-10-16-at-18.17.20-150x150.jpeg\" class=\"attachment-thumbnail size-thumbnail\" alt=\"\" \/><\/a>\n\t\t\t\t<\/dt><\/dl><dl class='gallery-item'>\n\t\t\t\t<dt class='gallery-icon portrait'>\n\t\t\t\t\t<a class=\"rollover\" href='https:\/\/www.radiopiu.net\/wordpress\/giornale-radiopiu-17-ottobre-2018-direttore-mirko-mezzacasa\/whatsapp-image-2018-10-16-at-18-17-36-1\/'><img loading=\"lazy\" decoding=\"async\" width=\"150\" height=\"150\" src=\"https:\/\/www.radiopiu.net\/wordpress\/wp-content\/uploads\/2018\/10\/WhatsApp-Image-2018-10-16-at-18.17.36-1-150x150.jpeg\" class=\"attachment-thumbnail size-thumbnail\" alt=\"\" \/><\/a>\n\t\t\t\t<\/dt><\/dl><br style=\"clear: both\" \/>\n\t\t\t<\/div>\n\n<p>&nbsp;<\/p>\n<p>&nbsp;<\/p>\n<p>&nbsp;<\/p>\n<h1>LA PROVINCIA DI BELLUNO DIFENDE I SUOI CONFINI: LA MARMOLADA<\/h1>\n<blockquote><p><em>Un percorso oltre la disputa dei confini, l&#8217;ordine del giorno dalla Provincia<\/em><\/p><\/blockquote>\n<p><a class=\"dt-pswp-item\" href=\"http:\/\/www.radiopiu.net\/wordpress\/wp-content\/uploads\/2018\/08\/MARMOALDA-2.jpg\" data-dt-img-description=\"\" data-large_image_width=\"4128\" data-large_image_height=\"2322\"><img loading=\"lazy\" decoding=\"async\" class=\"alignnone size-medium wp-image-58776\" src=\"http:\/\/www.radiopiu.net\/wordpress\/wp-content\/uploads\/2018\/08\/MARMOALDA-2-300x169.jpg\" alt=\"\" width=\"300\" height=\"169\" srcset=\"https:\/\/www.radiopiu.net\/wordpress\/wp-content\/uploads\/2018\/08\/MARMOALDA-2-300x169.jpg 300w, https:\/\/www.radiopiu.net\/wordpress\/wp-content\/uploads\/2018\/08\/MARMOALDA-2-768x432.jpg 768w, https:\/\/www.radiopiu.net\/wordpress\/wp-content\/uploads\/2018\/08\/MARMOALDA-2-1024x576.jpg 1024w\" sizes=\"auto, (max-width: 300px) 100vw, 300px\" \/><\/a><strong>DI DAMIANO TORMEN<\/strong><\/p>\n<audio class=\"wp-audio-shortcode\" id=\"audio-64136-1\" preload=\"none\" style=\"width: 100%;\" controls=\"controls\"><source type=\"audio\/ogg\" src=\"http:\/\/www.radiopiu.net\/wordpress\/wp-content\/uploads\/2018\/10\/giu-le-mani-dalla-marmolada-damiano.ogg?_=1\" \/><a href=\"http:\/\/www.radiopiu.net\/wordpress\/wp-content\/uploads\/2018\/10\/giu-le-mani-dalla-marmolada-damiano.ogg\">http:\/\/www.radiopiu.net\/wordpress\/wp-content\/uploads\/2018\/10\/giu-le-mani-dalla-marmolada-damiano.ogg<\/a><\/audio>\n<p>&nbsp;<\/p>\n<p>&nbsp;<\/p>\n<p>&nbsp;<\/p>\n<h1><a class=\"dt-pswp-item\" href=\"http:\/\/www.radiopiu.net\/wordpress\/wp-content\/uploads\/2018\/06\/suem.jpg\" data-dt-img-description=\"\" data-large_image_width=\"1312\" data-large_image_height=\"1045\"><img loading=\"lazy\" decoding=\"async\" class=\" wp-image-51048 alignleft\" src=\"http:\/\/www.radiopiu.net\/wordpress\/wp-content\/uploads\/2018\/06\/suem-300x239.jpg\" alt=\"\" width=\"212\" height=\"169\" srcset=\"https:\/\/www.radiopiu.net\/wordpress\/wp-content\/uploads\/2018\/06\/suem-300x239.jpg 300w, https:\/\/www.radiopiu.net\/wordpress\/wp-content\/uploads\/2018\/06\/suem-768x612.jpg 768w, https:\/\/www.radiopiu.net\/wordpress\/wp-content\/uploads\/2018\/06\/suem-1024x816.jpg 1024w, https:\/\/www.radiopiu.net\/wordpress\/wp-content\/uploads\/2018\/06\/suem.jpg 1312w\" sizes=\"auto, (max-width: 212px) 100vw, 212px\" \/><\/a>ORAZIO BALCON\u00a0 STA BENE, L&#8217;IMMEDIATO INTERVENTO DEL PRONTO SOCCORSO DI AGORDO E L&#8217;ELICOTTERO DEL SUEM GLI HANNO SALVATO LA VITA, IL GRAZIE DELLA FAMIGLIA<\/h1>\n<p><span style=\"color: #ff0000;\">AUDIO<\/span><\/p>\n<audio class=\"wp-audio-shortcode\" id=\"audio-64136-2\" preload=\"none\" style=\"width: 100%;\" controls=\"controls\"><source type=\"audio\/mpeg\" src=\"http:\/\/www.radiopiu.net\/wordpress\/wp-content\/uploads\/2018\/10\/lionella.mp3?_=2\" \/><a href=\"http:\/\/www.radiopiu.net\/wordpress\/wp-content\/uploads\/2018\/10\/lionella.mp3\">http:\/\/www.radiopiu.net\/wordpress\/wp-content\/uploads\/2018\/10\/lionella.mp3<\/a><\/audio>\n<p>&nbsp;<\/p>\n<p>&nbsp;<\/p>\n<p>&nbsp;<\/p>\n<p>&nbsp;<\/p>\n<p>&nbsp;<\/p>\n<h1>BENTIVOGLIO: AL VIA I CORSI PER ASPIRANTI VOLONTARI<\/h1>\n<blockquote>\n<h4><em>OGGI SUL CORRIERE DELLE ALPI LA RISPOSTA AI 19 DISTACCAMENTI DEI VIGILI DEL FUOCO VOLONTARI<\/em><\/h4>\n<\/blockquote>\n<p><strong><a class=\"dt-pswp-item\" href=\"http:\/\/www.radiopiu.net\/wordpress\/wp-content\/uploads\/2015\/12\/corrierealpi.png\" data-dt-img-description=\"\" data-large_image_width=\"1500\" data-large_image_height=\"700\"><img loading=\"lazy\" decoding=\"async\" class=\" wp-image-13642 alignleft\" src=\"http:\/\/www.radiopiu.net\/wordpress\/wp-content\/uploads\/2015\/12\/corrierealpi-300x140.png\" alt=\"\" width=\"266\" height=\"124\" \/><\/a>BELLUNO<\/strong> Una protesta provocatrice\u00a0 che non \u00e8 piaciuta al comandante provinciale dei vigili del fuoco. Per Girolamo Bentivoglio Fiandra\u00a0quindi la lettera-appello siglata dai 19 responsabili dei distaccamenti provinciali di vigili volontari \u00e8 decisamente di troppo.\u00a0\u00abA Gosaldo e a Longarone, in occasione della consegna di due nuovi mezzi \u201caps\u201d\u00bb, sottolinea il comandante provinciale, \u00abavevo anticipato che entro la fine dell\u2019anno sarebbe partito un corso di formazione per nuovi volontari. E i capi di distaccamento erano al corrente di tutto ci\u00f2. Ora lo confermo: il 5 o il 12 novembre partir\u00e0 il corso da 120 ore per 30 aspiranti vigili volontari. La promessa \u00e8 mantenuta\u00bb. Il comandante Bentivoglio Fiandra non nasconde l\u2019importanza dei 19 distaccamenti di volontari sparsi in ogni angolo della provincia <strong>\u00abSono fondamentali e contribuiscono a garantire la sicurezza del cittadino in un territorio vasto e difficile com\u2019\u00e8 la provincia di Belluno.\u00a0 Senza i volontari sarebbe difficile, se non impossibile, effettuare soccorsi in tempi rapidi<\/strong><\/p>\n<p><span style=\"color: #ff0000;\"><strong>LA LETTERA PROTESTA DEI DISTACCAMENTI DAL NOTIZIARIO DI IERI\u00a0<\/strong><\/span><\/p>\n<blockquote class=\"wp-embedded-content\" data-secret=\"ldQHfB5Jd8\"><p><a href=\"http:\/\/www.radiopiu.net\/wordpress\/vigili-del-fuoco-volontari-manca-la-formazione-e-non-viene-garantita-loperativita-lettera-al-comando-provinciale-dai-distaccamenti-del-territorio\/\">VIGILI DEL FUOCO VOLONTARI: &#8220;MANCA LA FORMAZIONE E NON VIENE GARANTITA L&#8217;OPERATIVITA&#8217;&#8221;. LETTERA AL COMANDO PROVINCIALE DAI DISTACCAMENTI DEL TERRITORIO<\/a><\/p><\/blockquote>\n<p><iframe loading=\"lazy\" class=\"wp-embedded-content\" sandbox=\"allow-scripts\" security=\"restricted\" style=\"position: absolute; clip: rect(1px, 1px, 1px, 1px);\" src=\"http:\/\/www.radiopiu.net\/wordpress\/vigili-del-fuoco-volontari-manca-la-formazione-e-non-viene-garantita-loperativita-lettera-al-comando-provinciale-dai-distaccamenti-del-territorio\/embed\/#?secret=ldQHfB5Jd8\" data-secret=\"ldQHfB5Jd8\" width=\"600\" height=\"338\" title=\"&#8220;VIGILI DEL FUOCO VOLONTARI: &#8220;MANCA LA FORMAZIONE E NON VIENE GARANTITA L&#8217;OPERATIVITA&#039;&#8221;. LETTERA AL COMANDO PROVINCIALE DAI DISTACCAMENTI DEL TERRITORIO&#8221; &#8212; Radio Pi\u00f9\" frameborder=\"0\" marginwidth=\"0\" marginheight=\"0\" scrolling=\"no\"><\/iframe><\/p>\n<p>&nbsp;<\/p>\n<p>&nbsp;<\/p>\n<p>&nbsp;<\/p>\n<p>&nbsp;<\/p>\n<p>&nbsp;<\/p>\n<p>&nbsp;<\/p>\n<h1>LACRIME E SANGUE NELLE CASSE\u00a0 DEL COMUNE DI CANALE D&#8217;AGORDO, IL SINDACO PARLA ALLA POPOLAZIONE<\/h1>\n<h1><strong><a class=\"dt-pswp-item\" href=\"http:\/\/www.radiopiu.net\/wordpress\/wp-content\/uploads\/2018\/08\/FLAVIO-COLCE.jpg\" data-dt-img-description=\"\" data-large_image_width=\"575\" data-large_image_height=\"1024\"><img loading=\"lazy\" decoding=\"async\" class=\"wp-image-56267 alignleft\" src=\"http:\/\/www.radiopiu.net\/wordpress\/wp-content\/uploads\/2018\/08\/FLAVIO-COLCE-168x300.jpg\" alt=\"\" width=\"91\" height=\"163\" srcset=\"https:\/\/www.radiopiu.net\/wordpress\/wp-content\/uploads\/2018\/08\/FLAVIO-COLCE-168x300.jpg 168w, https:\/\/www.radiopiu.net\/wordpress\/wp-content\/uploads\/2018\/08\/FLAVIO-COLCE.jpg 575w\" sizes=\"auto, (max-width: 91px) 100vw, 91px\" \/><\/a>CANALE D&#8217;AGORDO\u00a0<\/strong><\/h1>\n<p>&nbsp;<\/p>\n<p>&nbsp;<\/p>\n<p>&nbsp;<\/p>\n<p><strong>DI GIANNI SANTOMASO<\/strong><\/p>\n<audio class=\"wp-audio-shortcode\" id=\"audio-64136-3\" preload=\"none\" style=\"width: 100%;\" controls=\"controls\"><source type=\"audio\/ogg\" src=\"http:\/\/www.radiopiu.net\/wordpress\/wp-content\/uploads\/2018\/10\/GIANNI-BILANCIO-CANALE-DAGORDO.ogg?_=3\" \/><a href=\"http:\/\/www.radiopiu.net\/wordpress\/wp-content\/uploads\/2018\/10\/GIANNI-BILANCIO-CANALE-DAGORDO.ogg\">http:\/\/www.radiopiu.net\/wordpress\/wp-content\/uploads\/2018\/10\/GIANNI-BILANCIO-CANALE-DAGORDO.ogg<\/a><\/audio>\n<p>&nbsp;<\/p>\n<p>&nbsp;<\/p>\n<p>&nbsp;<\/p>\n<p>&nbsp;<\/p>\n<p>&nbsp;<\/p>\n<h1>ASCA VERSO NUOVI TRAGUARDI, CON I FONDI DI CONFINE<strong><a class=\"dt-pswp-item\" href=\"http:\/\/www.radiopiu.net\/wordpress\/wp-content\/uploads\/2018\/09\/POLIFUNZIONALE.jpg\" data-dt-img-description=\"\" data-large_image_width=\"216\" data-large_image_height=\"234\"><img loading=\"lazy\" decoding=\"async\" class=\"wp-image-61889 alignright\" src=\"http:\/\/www.radiopiu.net\/wordpress\/wp-content\/uploads\/2018\/09\/POLIFUNZIONALE.jpg\" alt=\"\" width=\"140\" height=\"152\" \/><\/a><\/strong><\/h1>\n<h1><\/h1>\n<h1><strong>AGORDO<\/strong><\/h1>\n<p><strong>DI GIANNI SANTOMASO<\/strong><\/p>\n<audio class=\"wp-audio-shortcode\" id=\"audio-64136-4\" preload=\"none\" style=\"width: 100%;\" controls=\"controls\"><source type=\"audio\/mpeg\" src=\"http:\/\/www.radiopiu.net\/wordpress\/wp-content\/uploads\/2018\/10\/ASCA-2.mp3?_=4\" \/><a href=\"http:\/\/www.radiopiu.net\/wordpress\/wp-content\/uploads\/2018\/10\/ASCA-2.mp3\">http:\/\/www.radiopiu.net\/wordpress\/wp-content\/uploads\/2018\/10\/ASCA-2.mp3<\/a><\/audio>\n<p>&nbsp;<\/p>\n<p>&nbsp;<\/p>\n<p>&nbsp;<\/p>\n<p>&nbsp;<\/p>\n<p>&nbsp;<\/p>\n<h1>SERVIZI \u2013 DARIO BOND: \u201cIMPEGNO DEL GOVERNO PER RETE TELEFONICA AL COLDAI.<\/h1>\n<p><strong><a class=\"dt-pswp-item\" href=\"http:\/\/www.radiopiu.net\/wordpress\/wp-content\/uploads\/2018\/10\/4D4A4EA2336A3097333522B12304B0A7.jpg\" data-dt-img-description=\"\" data-large_image_width=\"340\" data-large_image_height=\"255\"><img loading=\"lazy\" decoding=\"async\" class=\" wp-image-64134 alignleft\" src=\"http:\/\/www.radiopiu.net\/wordpress\/wp-content\/uploads\/2018\/10\/4D4A4EA2336A3097333522B12304B0A7-300x225.jpg\" alt=\"\" width=\"207\" height=\"155\" srcset=\"https:\/\/www.radiopiu.net\/wordpress\/wp-content\/uploads\/2018\/10\/4D4A4EA2336A3097333522B12304B0A7-300x225.jpg 300w, https:\/\/www.radiopiu.net\/wordpress\/wp-content\/uploads\/2018\/10\/4D4A4EA2336A3097333522B12304B0A7.jpg 340w\" sizes=\"auto, (max-width: 207px) 100vw, 207px\" \/><\/a><\/strong><\/p>\n<p>&nbsp;<\/p>\n<p><strong>ROMA<\/strong> \u00c8 stata discussa ieri mattina alla Camera l&#8217;interrogazione presentata dal deputato di Forza Italia, Dario Bond, relativa ai disservizi della rete telefonica al Rifugio Sonnino, al Coldai, segnalati questa estate. \u201cIl Governo\u201d spiega Bond \u201cha annunciato che cercher\u00e0 soluzioni con Telecom e TIM affinch\u00e9 queste situazioni non si ripetano.<\/p>\n<audio class=\"wp-audio-shortcode\" id=\"audio-64136-5\" preload=\"none\" style=\"width: 100%;\" controls=\"controls\"><source type=\"audio\/mpeg\" src=\"http:\/\/www.radiopiu.net\/wordpress\/wp-content\/uploads\/2018\/10\/BOND-INTERROGAZIONE-COLDAI.mp3?_=5\" \/><a href=\"http:\/\/www.radiopiu.net\/wordpress\/wp-content\/uploads\/2018\/10\/BOND-INTERROGAZIONE-COLDAI.mp3\">http:\/\/www.radiopiu.net\/wordpress\/wp-content\/uploads\/2018\/10\/BOND-INTERROGAZIONE-COLDAI.mp3<\/a><\/audio>\n<p>&nbsp;<\/p>\n<p>&nbsp;<\/p>\n<p>&nbsp;<\/p>\n<p>&nbsp;<\/p>\n<p>&nbsp;<\/p>\n<h1>OLIMPIADI 2026. ZAIA AL CONI A ROMA PER INCONTRO CON MALAGO\u2019, FONTANA, SALA E GHEDINA<\/h1>\n<p><strong><a class=\"dt-pswp-item\" href=\"http:\/\/www.radiopiu.net\/wordpress\/wp-content\/uploads\/2018\/07\/olimp.jpg\" data-dt-img-description=\"\" data-large_image_width=\"1280\" data-large_image_height=\"720\"><img loading=\"lazy\" decoding=\"async\" class=\" wp-image-53375 alignleft\" src=\"http:\/\/www.radiopiu.net\/wordpress\/wp-content\/uploads\/2018\/07\/olimp-300x169.jpg\" alt=\"\" width=\"170\" height=\"96\" \/><\/a>VENEZIA\u00a0\u00a0<\/strong>Il Presidente della Regione Veneto, Luca Zaia, sar\u00e0 oggi nella sede del Comitato Olimpico Nazionale al Foro Italico dove, alle ore 11, si terr\u00e0 il previsto vertice per proseguire il lavoro comune per la candidatura italiana di Milano-Cortina alle Olimpiadi invernali del 2026. All\u2019incontro saranno presenti il Presidente del Coni Giovanni Malag\u00f2 con i suoi tecnici, il Presidente della Regione Lombardia Attilio Fontana, il Sindaco di Milano Beppe Sala e quello di Cortina Gianpietro Ghedina. La riunione \u00e8 stata convocata all\u2019indomani della decisione del Comitato Olimpico Internazionale (Cio), presa a Buenos Aires, di inserire ufficialmente Milano-Cortina nella short list delle candidate a ospitare i Giochi della Neve del 2026.<\/p>\n<p>&nbsp;<\/p>\n<p>&nbsp;<\/p>\n<p>&nbsp;<\/p>\n<p>&nbsp;<\/p>\n<h1><\/h1>\n<h1>\u00a0\u201cSTATI GENERALI DELLA MONTAGNA CREINO SENSIBILIZZAZIONE SUL TEMA. ANCHE LE REGIONI SI OCCUPINO DELLA MONTAGNA\u201d<\/h1>\n<p><strong><a class=\"dt-pswp-item\" href=\"http:\/\/www.radiopiu.net\/wordpress\/wp-content\/uploads\/2018\/09\/BOND.jpg\" data-dt-img-description=\"\" data-large_image_width=\"109\" data-large_image_height=\"160\"><img loading=\"lazy\" decoding=\"async\" class=\"size-full wp-image-59772 alignleft\" src=\"http:\/\/www.radiopiu.net\/wordpress\/wp-content\/uploads\/2018\/09\/BOND.jpg\" alt=\"\" width=\"109\" height=\"160\" \/><\/a><\/strong><\/p>\n<p>&nbsp;<\/p>\n<p>&nbsp;<\/p>\n<p>&nbsp;<\/p>\n<p><strong>ROMA<\/strong> Primo incontro a Roma per gli Stati generali della montagna: tra i protagonisti, anche il deputato di Forza Italia, Dario Bond.<\/p>\n<audio class=\"wp-audio-shortcode\" id=\"audio-64136-6\" preload=\"none\" style=\"width: 100%;\" controls=\"controls\"><source type=\"audio\/mpeg\" src=\"http:\/\/www.radiopiu.net\/wordpress\/wp-content\/uploads\/2018\/10\/BOND-STATI-GENERALI-MONTAGNA.mp3?_=6\" \/><a href=\"http:\/\/www.radiopiu.net\/wordpress\/wp-content\/uploads\/2018\/10\/BOND-STATI-GENERALI-MONTAGNA.mp3\">http:\/\/www.radiopiu.net\/wordpress\/wp-content\/uploads\/2018\/10\/BOND-STATI-GENERALI-MONTAGNA.mp3<\/a><\/audio>\n<p>&nbsp;<\/p>\n<p>&nbsp;<\/p>\n<p>&nbsp;<\/p>\n<p>&nbsp;<\/p>\n<h1>STATI GENERALI MONTAGNA<\/h1>\n<blockquote>\n<h3><em>\u00abErogare tutti i soldi gi\u00e0 disponibili\u00bb<\/em> La richiesta di De Menech al ministro per attuare leggi esistenti<\/h3>\n<\/blockquote>\n<p>audio dal giornale radio principale<\/p>\n<audio class=\"wp-audio-shortcode\" id=\"audio-64136-7\" preload=\"none\" style=\"width: 100%;\" controls=\"controls\"><source type=\"audio\/mpeg\" src=\"http:\/\/www.radiopiu.net\/wordpress\/wp-content\/uploads\/2018\/10\/ROGER-3.mp3?_=7\" \/><a href=\"http:\/\/www.radiopiu.net\/wordpress\/wp-content\/uploads\/2018\/10\/ROGER-3.mp3\">http:\/\/www.radiopiu.net\/wordpress\/wp-content\/uploads\/2018\/10\/ROGER-3.mp3<\/a><\/audio>\n<p>&nbsp;<\/p>\n<p><strong><a class=\"dt-pswp-item\" href=\"http:\/\/www.radiopiu.net\/wordpress\/wp-content\/uploads\/2018\/05\/Roger_De_Menech_daticamera.jpg\" data-dt-img-description=\"\" data-large_image_width=\"165\" data-large_image_height=\"228\"><img loading=\"lazy\" decoding=\"async\" class=\"size-full wp-image-49599 alignleft\" src=\"http:\/\/www.radiopiu.net\/wordpress\/wp-content\/uploads\/2018\/05\/Roger_De_Menech_daticamera.jpg\" alt=\"\" width=\"165\" height=\"228\" \/><\/a>ROMA\u00a0<\/strong>_ \u00abIl governo faccia prima possibile i provvedimenti necessari per attuare una serie di leggi a favore della montagna pronte dalla passata legislatura\u00bb. Lo ha chiesto il deputato bellunese Roger De Menech al ministro degli affari regionali Erika Stefani, in occasione degli Stati Generali della Montagna riuniti questa mattina a Roma. Dal collegato ambientale alla legge sui piccoli comuni, dalle leggi sulle professioni di montagna alla fiscalit\u00e0 di vantaggio, sono moltissimi i file che il governo sta lasciando dormienti. Senza contare i pi\u00f9 importanti, ovvero quelli sui fondi perequativi: Fondo Comuni confinanti, Fondo Letta, Aree interne (per la provincia di Belluno sono coinvolti il Comelico e l\u2019Agordino con progetti specifici). \u00abSolo quelli citati hanno un valore di alcune centinaia di milioni di euro per i prossimi cinque anni\u00bb, ha sottolineato De Menech, preoccupato per l\u2019arresto della catena decisionale e del conseguente rallentamento nell\u2019attuazione dei progetti. \u00abNon vorrei ci trovassimo tra un anno a dover rifare il tutto il lavoro gi\u00e0 fatto nel 2014, quando ci siamo trovati con progetti fermi, amministrazioni che litigavano e centinaia di milioni non utilizzati\u00bb. Uno stimolo al ministro \u00e8 arrivato anche dalla richiesta di approvazione delle norme per la sicurezza nella pratica degli sport invernali, la sicurezza del volo dei mezzi di soccorso, provvedimento molto atteso dal personale del Soccorso Alpino e la regolamentazione delle professioni di montagna. \u00abC\u2019\u00e8 molto lavoro da fare\u00bb, ha concluso De Menech, \u00abil mio pungolo all\u2019esecutivo \u00e8 perch\u00e9 non si perda ulteriore tempo\u00bb.<\/p>\n<p>&nbsp;<\/p>\n<p>&nbsp;<\/p>\n<h1><\/h1>\n<h1>GLI STATI GENERALI ELLA MONTAGNA PER VINCERE LO SPOPOLAMENTO<\/h1>\n<p>audio dal notiziario principale di RADIO PIU<\/p>\n<audio class=\"wp-audio-shortcode\" id=\"audio-64136-8\" preload=\"none\" style=\"width: 100%;\" controls=\"controls\"><source type=\"audio\/ogg\" src=\"http:\/\/www.radiopiu.net\/wordpress\/wp-content\/uploads\/2018\/10\/D0INCA.ogg?_=8\" \/><a href=\"http:\/\/www.radiopiu.net\/wordpress\/wp-content\/uploads\/2018\/10\/D0INCA.ogg\">http:\/\/www.radiopiu.net\/wordpress\/wp-content\/uploads\/2018\/10\/D0INCA.ogg<\/a><\/audio>\n<p>&nbsp;<\/p>\n<p><strong><a class=\"dt-pswp-item\" href=\"http:\/\/www.radiopiu.net\/wordpress\/wp-content\/uploads\/2018\/07\/DInc\u00e0-festa-vitalizi.jpg\" data-dt-img-description=\"\" data-large_image_width=\"1264\" data-large_image_height=\"1280\"><img loading=\"lazy\" decoding=\"async\" class=\" wp-image-53845 alignleft\" src=\"http:\/\/www.radiopiu.net\/wordpress\/wp-content\/uploads\/2018\/07\/DInc\u00e0-festa-vitalizi-296x300.jpg\" alt=\"\" width=\"127\" height=\"129\" srcset=\"https:\/\/www.radiopiu.net\/wordpress\/wp-content\/uploads\/2018\/07\/DInc\u00e0-festa-vitalizi-296x300.jpg 296w, https:\/\/www.radiopiu.net\/wordpress\/wp-content\/uploads\/2018\/07\/DInc\u00e0-festa-vitalizi-768x778.jpg 768w, https:\/\/www.radiopiu.net\/wordpress\/wp-content\/uploads\/2018\/07\/DInc\u00e0-festa-vitalizi-1011x1024.jpg 1011w, https:\/\/www.radiopiu.net\/wordpress\/wp-content\/uploads\/2018\/07\/DInc\u00e0-festa-vitalizi.jpg 1264w\" sizes=\"auto, (max-width: 127px) 100vw, 127px\" \/><\/a>ROMA\u00a0<\/strong>\u00a0 Federico D\u2019Inc\u00e0, deputato Questore alla Camera dei Deputati, commenta l\u2019avvio dei tavoli degli Stati Generali della Montagna. \u201cGli Stati Generali della Montagna \u2013 commenta il deputato bellunese del Movimento 5 Stelle \u2013 dimostrano ancora una volta la grande attenzione di questo Governo, in particolare del Ministro Erika Stefani, ai problemi della montagna\u201d.\u00a0\u00a0<em>\u201cNel mio intervento in occasione dell\u2019avvio dei tavoli \u2013 dichiara D\u2019Inc\u00e0 \u2013 ho voluto ancora una volta sottolineare la pi\u00f9 grave problematica che affligge questa parte d\u2019Italia: lo spopolamento. Perdere la popolazione residente di 3500 comuni montani d\u2019Italia che rappresentano la met\u00e0 del nostro Paese ha due principali conseguenze. La prima \u00e8 la perdita della cultura, storia e delle tradizioni di met\u00e0 del nostro Paese. La seconda di carattere economico \u00e8 dovuta al fatto che se vogliamo crescere dal punto di vista economico dobbiamo puntare su queste aree\u201d.\u00a0 \u00a0<\/em><em>\u201cSe lasciamo che vinca lo spopolamento non saremo pi\u00f9 in grado di avere uno sviluppo sostenibile e creare ricchezza in met\u00e0 del Paese \u2013 prosegue il parlamentare del Movimento 5 Stelle \u2013 Se invece riusciamo a comprendere la bellezza e i grandi margini di crescita sotto il profilo economico, turistico e culturale di queste aree, potremo aiutare l\u2019Italia a uscire da quel declino che in questo momento stiamo subendo\u201d.\u00a0\u00a0<\/em><em>\u201cPer questo motivo credo che sia giunto il momento di collaborare tutti, senza nemmeno guardare i colori politici, per vincere questa grande battaglia e salvare l\u2019identit\u00e0 montana \u2013 conclude D\u2019Inc\u00e0 \u2013Questi tavoli sono molto importanti e devono diventare nel corso del tempo operativit\u00e0 legislativa diretta sul territorio\u201d.<\/em><\/p>\n<p>&nbsp;<\/p>\n<p>&nbsp;<\/p>\n<p>&nbsp;<\/p>\n<h1>DICHIARAZIONE DEL PRESIDENTE DI DI CONFINDUSTRIA LUCA BARBINI<\/h1>\n<p><strong><a class=\"dt-pswp-item\" href=\"http:\/\/www.radiopiu.net\/wordpress\/wp-content\/uploads\/2018\/09\/barbini.jpg\" data-dt-img-description=\"\" data-large_image_width=\"305\" data-large_image_height=\"165\"><img loading=\"lazy\" decoding=\"async\" class=\"size-medium wp-image-61130 alignleft\" src=\"http:\/\/www.radiopiu.net\/wordpress\/wp-content\/uploads\/2018\/09\/barbini-300x162.jpg\" alt=\"\" width=\"300\" height=\"162\" srcset=\"https:\/\/www.radiopiu.net\/wordpress\/wp-content\/uploads\/2018\/09\/barbini-300x162.jpg 300w, https:\/\/www.radiopiu.net\/wordpress\/wp-content\/uploads\/2018\/09\/barbini.jpg 305w\" sizes=\"auto, (max-width: 300px) 100vw, 300px\" \/><\/a>BELLUNO<\/strong> \u00abLa grande e attiva partecipazione agli Stati Generali della Montagna, convocati al Ministero delle Autonomie e degli Affari Regionali e fortemente voluti dal ministro Erika Stefani sono un segnale positivo e incoraggiante per il futuro delle Terre Alte. L\u2019auspicio \u00e8 che dai singoli tavoli tematici escano proposte concrete e positive, all\u2019interno di una visione complessiva dello sviluppo di questi territori, dove il sistema delle imprese manifatturiere svolge un ruolo decisivo, come giustamente sottolineato dal nostro Vicepresidente Stafan Pan. Per quanto concerne la nostra Associazione, non possiamo non esprimere grande soddisfazione nel vedere che l\u2019importante evento di oggi arriva, non a caso, dopo l\u2019avvio, a Cortina d\u2019Ampezzo, della rete Confindustria per la Montagna\u00bb. Questo il commento di Luca Barbini, presidente di Confindustria Belluno Dolomiti, a margine degli Stati Generali che si sono svolti oggi (marted\u00ec 16 ottobre) a Roma, al Ministero delle Autonomie e degli Affari Regionali.<\/p>\n<p>&nbsp;<\/p>\n<h1><\/h1>\n<p>&nbsp;<\/p>\n<h1><\/h1>\n<h1>LEGGE BILANCIO 2019: BENE LA RIDUZIONE TASSE SULLE PARTITE IVA, MA\u00a0 \u00a0META\u2019 DELLA MANOVRA E\u2019 SPESA CORRENTE<\/h1>\n<p><strong><a class=\"dt-pswp-item\" href=\"http:\/\/www.radiopiu.net\/wordpress\/wp-content\/uploads\/2017\/12\/CGIA-OK.png\" data-dt-img-description=\"\" data-large_image_width=\"490\" data-large_image_height=\"263\"><img loading=\"lazy\" decoding=\"async\" class=\"size-medium wp-image-39837 alignleft\" src=\"http:\/\/www.radiopiu.net\/wordpress\/wp-content\/uploads\/2017\/12\/CGIA-OK-300x161.png\" alt=\"\" width=\"300\" height=\"161\" \/><\/a>VENEZIA\u00a0<\/strong> \u201cFinalmente con l\u2019introduzione della flat tax e della cedolare secca sui negozi si cominciano a ridurre le tasse agli artigiani, ai commercianti e alle micro imprese; in maniera ancora insufficiente, certo, anche se in controtendenza rispetto alle ultime finanziarie che, invece, non avevano introdotto alcun beneficio fiscale a favore di queste categorie produttive\u201d. A dirlo \u00e8 il segretario della CGIA, Renato Mason, che assieme all\u2019Ufficio studi hanno redatto un primo bilancio sulle misure approvate ieri sera dal Consiglio dei Ministri. Tuttavia, non mancano nemmeno le critiche: \u201cQuasi la met\u00e0 della manovra \u00e8 costituita da spesa corrente \u2013 segnala il coordinatore dell\u2019Ufficio studi Paolo Zabeo \u2013 e una buona parte delle coperture sono ancora tutte da definire.\u00a0 Con una crescita economica che a livello internazionale sta rallentando, credo sar\u00e0 molto difficile raggiungere gli obbiettivi di crescita previsti nella nota di aggiornamento all DEF che ai pi\u00f9 sembrano, giustamente, sovradimensionati\u201d.<\/p>\n<p>&nbsp;<\/p>\n<p>&nbsp;<\/p>\n<p>&nbsp;<\/p>\n<p>&nbsp;<\/p>\n<h1>VITALIZI: &#8220;CON L&#8217;APPROVAZIONE AL SENATO FINISCE L&#8217;ERA DELLA CASTA&#8221;<\/h1>\n<p><strong><span style=\"color: #000000;\">di Federico D&#8217;inc\u00e0<\/span><\/strong><\/p>\n<p><strong><a class=\"dt-pswp-item\" href=\"http:\/\/www.radiopiu.net\/wordpress\/wp-content\/uploads\/2018\/10\/download-1-2.jpg\" data-dt-img-description=\"\" data-large_image_width=\"305\" data-large_image_height=\"165\"><img loading=\"lazy\" decoding=\"async\" class=\"wp-image-64168 alignleft\" src=\"http:\/\/www.radiopiu.net\/wordpress\/wp-content\/uploads\/2018\/10\/download-1-2-300x162.jpg\" alt=\"\" width=\"204\" height=\"110\" srcset=\"https:\/\/www.radiopiu.net\/wordpress\/wp-content\/uploads\/2018\/10\/download-1-2-300x162.jpg 300w, https:\/\/www.radiopiu.net\/wordpress\/wp-content\/uploads\/2018\/10\/download-1-2.jpg 305w\" sizes=\"auto, (max-width: 204px) 100vw, 204px\" \/><\/a><\/strong><\/p>\n<p>&nbsp;<\/p>\n<p><strong>ROMA\u00a0<\/strong>L\u2019era della casta \u00e8 finita: il privilegio di pochi diventa un diritto di tutti, quello al risparmio di risorse pubbliche.\u00a0 Cos\u00ec il questore della Camera dei Deputati e portavoce del Movimento 5 Stelle, Federico D\u2019Inc\u00e0.<\/p>\n<audio class=\"wp-audio-shortcode\" id=\"audio-64136-9\" preload=\"none\" style=\"width: 100%;\" controls=\"controls\"><source type=\"audio\/ogg\" src=\"http:\/\/www.radiopiu.net\/wordpress\/wp-content\/uploads\/2018\/10\/INCA-2.ogg?_=9\" \/><a href=\"http:\/\/www.radiopiu.net\/wordpress\/wp-content\/uploads\/2018\/10\/INCA-2.ogg\">http:\/\/www.radiopiu.net\/wordpress\/wp-content\/uploads\/2018\/10\/INCA-2.ogg<\/a><\/audio>\n<p>&nbsp;<\/p>\n<p>&nbsp;<\/p>\n<p>&nbsp;<\/p>\n<p>&nbsp;<\/p>\n<p>&nbsp;<\/p>\n<h1>CROCE VERDE IN ASSEMBLEA, QUESTA SERA A CAVIOLA<\/h1>\n<p><strong><a class=\"dt-pswp-item\" href=\"http:\/\/www.radiopiu.net\/wordpress\/wp-content\/uploads\/2018\/04\/croce-ambulanza-logo-9046CDA5AE-seeklogo.com_.png\" data-dt-img-description=\"\" data-large_image_width=\"300\" data-large_image_height=\"300\"><img loading=\"lazy\" decoding=\"async\" class=\"wp-image-45838 alignleft\" src=\"http:\/\/www.radiopiu.net\/wordpress\/wp-content\/uploads\/2018\/04\/croce-ambulanza-logo-9046CDA5AE-seeklogo.com_.png\" alt=\"\" width=\"95\" height=\"95\" srcset=\"https:\/\/www.radiopiu.net\/wordpress\/wp-content\/uploads\/2018\/04\/croce-ambulanza-logo-9046CDA5AE-seeklogo.com_.png 300w, https:\/\/www.radiopiu.net\/wordpress\/wp-content\/uploads\/2018\/04\/croce-ambulanza-logo-9046CDA5AE-seeklogo.com_-150x150.png 150w\" sizes=\"auto, (max-width: 95px) 100vw, 95px\" \/><\/a>FALCADE<\/strong> Questa sera alle 18 alla casa della Giovent\u00f9 di Caviola assemblea dei volontari della Croce Verde Val Biois per la proposta di adesione a rete associativa Anpas nonch\u00e9 per l&#8217;adozione del codice etico e carta d&#8217;indentit\u00e0 Anpas.\u00a0 Il presidente Stefano Murer<\/p>\n<audio class=\"wp-audio-shortcode\" id=\"audio-64136-10\" preload=\"none\" style=\"width: 100%;\" controls=\"controls\"><source type=\"audio\/mpeg\" src=\"http:\/\/www.radiopiu.net\/wordpress\/wp-content\/uploads\/2018\/10\/STEFANO-MURER.mp3?_=10\" \/><a href=\"http:\/\/www.radiopiu.net\/wordpress\/wp-content\/uploads\/2018\/10\/STEFANO-MURER.mp3\">http:\/\/www.radiopiu.net\/wordpress\/wp-content\/uploads\/2018\/10\/STEFANO-MURER.mp3<\/a><\/audio>\n<p>&nbsp;<\/p>\n<p>&nbsp;<\/p>\n<p>&nbsp;<\/p>\n<h1>PROTEZIONE CIVILE: L&#8217;UNIONE RENDE POSSIBILE LA SICUREZZA E L&#8217;EMERGENZA<\/h1>\n<blockquote><p><em><a class=\"dt-pswp-item\" href=\"http:\/\/www.radiopiu.net\/wordpress\/wp-content\/uploads\/2018\/10\/ana-alpini.png\" data-dt-img-description=\"\" data-large_image_width=\"225\" data-large_image_height=\"225\"><img loading=\"lazy\" decoding=\"async\" class=\"wp-image-62421 alignleft\" src=\"http:\/\/www.radiopiu.net\/wordpress\/wp-content\/uploads\/2018\/10\/ana-alpini.png\" alt=\"\" width=\"90\" height=\"90\" srcset=\"https:\/\/www.radiopiu.net\/wordpress\/wp-content\/uploads\/2018\/10\/ana-alpini.png 225w, https:\/\/www.radiopiu.net\/wordpress\/wp-content\/uploads\/2018\/10\/ana-alpini-150x150.png 150w\" sizes=\"auto, (max-width: 90px) 100vw, 90px\" \/><\/a>La convenzione firmata in Provincia e tutti i mezzi in un unico luogo ben accentrati a Limana, l&#8217;ottimizzazione degli spazi richiede anche gli uomini. La Provincia mette i mezzi gli alpini teste, braccia e cuori<\/em><\/p><\/blockquote>\n<p><strong>DI DAMIANO TORMEN<\/strong><\/p>\n<audio class=\"wp-audio-shortcode\" id=\"audio-64136-11\" preload=\"none\" style=\"width: 100%;\" controls=\"controls\"><source type=\"audio\/ogg\" src=\"http:\/\/www.radiopiu.net\/wordpress\/wp-content\/uploads\/2018\/10\/damiano-protezione-civile.ogg?_=11\" \/><a href=\"http:\/\/www.radiopiu.net\/wordpress\/wp-content\/uploads\/2018\/10\/damiano-protezione-civile.ogg\">http:\/\/www.radiopiu.net\/wordpress\/wp-content\/uploads\/2018\/10\/damiano-protezione-civile.ogg<\/a><\/audio>\n<p>&nbsp;<\/p>\n<p>&nbsp;<\/p>\n<p>&nbsp;<\/p>\n<blockquote class=\"wp-embedded-content\" data-secret=\"eJb0FWxKyb\"><p><a href=\"http:\/\/www.radiopiu.net\/wordpress\/sepolture-fai-da-te-al-cimitero-di-salce-grave-e-ingiustificato-inconveniente-parla-il-sindaco\/\">SEPOLTURE FAI DA TE AL CIMITERO DI SALCE, GRAVE E INGIUSTIFICATO INCONVENIENTE. PARLA IL SINDACO.<\/a><\/p><\/blockquote>\n<p><iframe loading=\"lazy\" class=\"wp-embedded-content\" sandbox=\"allow-scripts\" security=\"restricted\" style=\"position: absolute; clip: rect(1px, 1px, 1px, 1px);\" src=\"http:\/\/www.radiopiu.net\/wordpress\/sepolture-fai-da-te-al-cimitero-di-salce-grave-e-ingiustificato-inconveniente-parla-il-sindaco\/embed\/#?secret=eJb0FWxKyb\" data-secret=\"eJb0FWxKyb\" width=\"600\" height=\"338\" title=\"&#8220;SEPOLTURE FAI DA TE AL CIMITERO DI SALCE, GRAVE E INGIUSTIFICATO INCONVENIENTE. PARLA IL SINDACO.&#8221; &#8212; Radio Pi\u00f9\" frameborder=\"0\" marginwidth=\"0\" marginheight=\"0\" scrolling=\"no\"><\/iframe><\/p>\n<p>&nbsp;<\/p>\n<p>&nbsp;<\/p>\n<p>&nbsp;<\/p>\n<p>&nbsp;<\/p>\n<h1>PANNOLINI BIODEGRADABILI, CHE LA SPERIMENTAZIONE ABBIA INIZIO<\/h1>\n<p><strong><a class=\"dt-pswp-item\" href=\"http:\/\/www.radiopiu.net\/wordpress\/wp-content\/uploads\/2018\/10\/Le-varie-taglie-dei-pannolini-biodegradabili-Nappynat-realizzati-con-materiali-naturali-come-la-fibra-di-amido-di-mais-non-contengono-additivi-chimici-o-creme-pre-inserite.jpg\" data-dt-img-description=\"\" data-large_image_width=\"1024\" data-large_image_height=\"640\"><img loading=\"lazy\" decoding=\"async\" class=\" wp-image-64166 alignleft\" src=\"http:\/\/www.radiopiu.net\/wordpress\/wp-content\/uploads\/2018\/10\/Le-varie-taglie-dei-pannolini-biodegradabili-Nappynat-realizzati-con-materiali-naturali-come-la-fibra-di-amido-di-mais-non-contengono-additivi-chimici-o-creme-pre-inserite-300x188.jpg\" alt=\"\" width=\"278\" height=\"174\" srcset=\"https:\/\/www.radiopiu.net\/wordpress\/wp-content\/uploads\/2018\/10\/Le-varie-taglie-dei-pannolini-biodegradabili-Nappynat-realizzati-con-materiali-naturali-come-la-fibra-di-amido-di-mais-non-contengono-additivi-chimici-o-creme-pre-inserite-300x188.jpg 300w, https:\/\/www.radiopiu.net\/wordpress\/wp-content\/uploads\/2018\/10\/Le-varie-taglie-dei-pannolini-biodegradabili-Nappynat-realizzati-con-materiali-naturali-come-la-fibra-di-amido-di-mais-non-contengono-additivi-chimici-o-creme-pre-inserite-768x480.jpg 768w, https:\/\/www.radiopiu.net\/wordpress\/wp-content\/uploads\/2018\/10\/Le-varie-taglie-dei-pannolini-biodegradabili-Nappynat-realizzati-con-materiali-naturali-come-la-fibra-di-amido-di-mais-non-contengono-additivi-chimici-o-creme-pre-inserite.jpg 1024w\" sizes=\"auto, (max-width: 278px) 100vw, 278px\" \/><\/a><\/strong><\/p>\n<p>&nbsp;<\/p>\n<p>&nbsp;<\/p>\n<p><strong>BELLUNO\u00a0\u00a0<\/strong>La Giunta Comunale ha deliberato il via libera alla sperimentazione dei pannolini biodegradabili all&#8217;asilo nido comunale \u201cPiccolo Girasole\u201d.<\/p>\n<p><strong>L&#8217;ASSESSORE ALLE POLITICHE EDUCATIVE E ISTRUZIONE VALENTINA TOMASI<\/strong><\/p>\n<audio class=\"wp-audio-shortcode\" id=\"audio-64136-12\" preload=\"none\" style=\"width: 100%;\" controls=\"controls\"><source type=\"audio\/mpeg\" src=\"http:\/\/www.radiopiu.net\/wordpress\/wp-content\/uploads\/2018\/10\/Tomasi-Pannolini-biodegradabili.mp3?_=12\" \/><a href=\"http:\/\/www.radiopiu.net\/wordpress\/wp-content\/uploads\/2018\/10\/Tomasi-Pannolini-biodegradabili.mp3\">http:\/\/www.radiopiu.net\/wordpress\/wp-content\/uploads\/2018\/10\/Tomasi-Pannolini-biodegradabili.mp3<\/a><\/audio>\n<p>L&#8217;amministrazione ha comunque deciso di dare il via alla sperimentazione, impegnando 2500 euro per l&#8217;acquisto dei pannolini che saranno messi a disposizione gratuitamente gi\u00e0 da quest&#8217;anno alle famiglie dell&#8217;asilo nido. L&#8217;utilizzo dei pannolini biodegradabili permetter\u00e0 un doppio vantaggio ambientale.<\/p>\n<p><strong>L&#8217;ASSESSORE ALLE POLITICHE AMBIENTALI STEFANIA GANZ<\/strong><\/p>\n<audio class=\"wp-audio-shortcode\" id=\"audio-64136-13\" preload=\"none\" style=\"width: 100%;\" controls=\"controls\"><source type=\"audio\/mpeg\" src=\"http:\/\/www.radiopiu.net\/wordpress\/wp-content\/uploads\/2018\/10\/Ganz-Pannolini-biodegradabili.mp3?_=13\" \/><a href=\"http:\/\/www.radiopiu.net\/wordpress\/wp-content\/uploads\/2018\/10\/Ganz-Pannolini-biodegradabili.mp3\">http:\/\/www.radiopiu.net\/wordpress\/wp-content\/uploads\/2018\/10\/Ganz-Pannolini-biodegradabili.mp3<\/a><\/audio>\n<p>&nbsp;<\/p>\n<p>&nbsp;<\/p>\n<p>&nbsp;<\/p>\n<p>&nbsp;<\/p>\n<p>&nbsp;<\/p>\n<h1>SAP, ASSEMBLEA\u00a0 GENERALE<\/h1>\n<p><strong><a class=\"dt-pswp-item\" href=\"http:\/\/www.radiopiu.net\/wordpress\/wp-content\/uploads\/2018\/03\/SAP-Sindacato-Autonomo-di-Polizia-sezione-Belluno-678x381.jpg\" data-dt-img-description=\"\" data-large_image_width=\"678\" data-large_image_height=\"381\"><img loading=\"lazy\" decoding=\"async\" class=\"size-medium wp-image-45650 alignleft\" src=\"http:\/\/www.radiopiu.net\/wordpress\/wp-content\/uploads\/2018\/03\/SAP-Sindacato-Autonomo-di-Polizia-sezione-Belluno-678x381-300x169.jpg\" alt=\"\" width=\"300\" height=\"169\" srcset=\"https:\/\/www.radiopiu.net\/wordpress\/wp-content\/uploads\/2018\/03\/SAP-Sindacato-Autonomo-di-Polizia-sezione-Belluno-678x381-300x169.jpg 300w, https:\/\/www.radiopiu.net\/wordpress\/wp-content\/uploads\/2018\/03\/SAP-Sindacato-Autonomo-di-Polizia-sezione-Belluno-678x381.jpg 678w\" sizes=\"auto, (max-width: 300px) 100vw, 300px\" \/><\/a>BELLUNO<\/strong> Domani dalle 11 alle 14 lavori assembleari del Sindacato Autonomo di Polizia in\u00a0Sala Bianchi, viale Fantuzzi 11 alla presenza del segretario generale\u00a0 Stefano Paoloni. In discussione: l\u2019attuale situazione della sicurezza in Italia.\u00a0\u00a0Garanzie funzionali &#8211; Chi difende i difensori?\u00a0\u00a0Riordino delle Carriere\u00a0Previdenza\u00a0\u00a0\u00a0Rivendicazioni sindacali SAP a livello locale e nazionale<em> &#8220;Riunirsi in assemblea sindacale &#8211; dice la segreteria Sap ai colleghi &#8211;\u00a0 \u00e8 un diritto contemplato nella normativa vigente la Segreteria ha gi\u00e0 provveduto a richiedere tutte le autorizzazioni necessarie, con esito positivo. Possono tenersi riunioni durante l\u2019orario di servizio nel limite di dieci ore annue per dipendente. Chi svolge attivit\u00e0 amministrativae burocratica pu\u00f2 astenersi senza alcuna limitazione mentre chi svolge attivit\u00e0 operativa dovr\u00e0 verificare con il proprio ufficio la possibilit\u00e0 di potersi fermare senza far venire meno i servizi di soccorso e pronto intervento&#8221;.<\/em><\/p>\n<p>&nbsp;<\/p>\n<p>&nbsp;<\/p>\n<h1><\/h1>\n<h1><\/h1>\n<h1>APPARTENIAMO ALLA TERRA E&#8217; UN FILM<\/h1>\n<p><strong><a class=\"dt-pswp-item\" href=\"http:\/\/www.radiopiu.net\/wordpress\/wp-content\/uploads\/2018\/10\/44065451_2208779249155789_1957059620027498496_n.jpg\" data-dt-img-description=\"\" data-large_image_width=\"679\" data-large_image_height=\"960\"><img loading=\"lazy\" decoding=\"async\" class=\" wp-image-64179 alignleft\" src=\"http:\/\/www.radiopiu.net\/wordpress\/wp-content\/uploads\/2018\/10\/44065451_2208779249155789_1957059620027498496_n-212x300.jpg\" alt=\"\" width=\"273\" height=\"386\" srcset=\"https:\/\/www.radiopiu.net\/wordpress\/wp-content\/uploads\/2018\/10\/44065451_2208779249155789_1957059620027498496_n-212x300.jpg 212w, https:\/\/www.radiopiu.net\/wordpress\/wp-content\/uploads\/2018\/10\/44065451_2208779249155789_1957059620027498496_n.jpg 679w\" sizes=\"auto, (max-width: 273px) 100vw, 273px\" \/><\/a><\/strong><\/p>\n<p><strong>CANALE D&#8217;AGORDO<\/strong> Ricordate la storia al miele di Stefano e Daniela? Tre anni fa subito dopo le nozze hanno deciso di partire per un lungo viaggio attorno al mondo nel segno di &#8220;Apparteniamo alla terra&#8221;, da questo viaggio \u00e8 nato un film per raccontare le storie straordinarie di mondi nuovi. Sar\u00e0 presentato in anteprima mercoledi 24 ottobre alle 20.45 in sala emigranti di via Lotta a Canale d&#8217;Agordo e sabto nella casa parrocchiale di Caviola. Ingresso Libero<\/p>\n<p><em>Il film documentario \u201cApparteniamo alla Terra\u201d, nato da un viaggio intorno al mondo di 266 giorni durante il quale Stefano (bellunese di Canale d\u2019Agordo) e Daniela hanno incontrato ed intervistato movimenti sociali, collettivi, organizzazioni comunitarie, cooperative, imprese sociali, ONG locali e istituti di ricerca impegnati a difendere i beni comuni, come acqua e terra e proporre soluzioni solidali, comunitarie, dal basso. Il film documentario \u201cApparteniamo alla Terra\u201d (durata 114 min.) \u00e8 il prodotto di un progetto pi\u00f9 ampio chiamato ALTERRATIVE, un\u2019iniziativa itinerante di carattere esplorativo e sociale. Il cuore dell\u2019iniziativa \u00e8 un giro del mondo \u201csociale\u201d per andare a incontrare e documentare di persona l\u2019impegno di persone che difendono il proprio territorio da progetti nocivi come megainfrastrutture, la privatizzazione dell\u2019acqua, l\u2019estrattivismo minerario e politiche agricole nocive.\u00a0 Apparteniamo alla Terra vuole raccontare come ognuno di noi pu\u00f2 cambiare la realt\u00e0 che lo circonda, non importa quanto complicata e difficile essa possa sembrare. L\u2019impegno e l\u2019unione permettono di affrontare qualsiasi tipo di problema e di cercare mondi diversi dove costruire realt\u00e0 nuove, pi\u00f9 sostenibili e pi\u00f9 armoniose, con allegria e speranza.\u00a0 \u201cUn inno alla speranza, ma anche alla forza individuale e collettiva che fiorisce dentro di noi, quando meno ce l\u2019aspettiamo\u201d<\/em><\/p>\n<h1>l&#8217;invito di Stefano e Daniela<\/h1>\n<audio class=\"wp-audio-shortcode\" id=\"audio-64136-14\" preload=\"none\" style=\"width: 100%;\" controls=\"controls\"><source type=\"audio\/mpeg\" src=\"http:\/\/www.radiopiu.net\/wordpress\/wp-content\/uploads\/2018\/10\/stefano-daniela.mp3?_=14\" \/><a href=\"http:\/\/www.radiopiu.net\/wordpress\/wp-content\/uploads\/2018\/10\/stefano-daniela.mp3\">http:\/\/www.radiopiu.net\/wordpress\/wp-content\/uploads\/2018\/10\/stefano-daniela.mp3<\/a><\/audio>\n<p>&nbsp;<\/p>\n<p>&nbsp;<\/p>\n<p>&nbsp;<\/p>\n<p>&nbsp;<\/p>\n<h2>APERTO L&#8217;ANNO ACCADEMICO DI TECNICHE ALLA PREVENZIONE<\/h2>\n<p><strong><a class=\"dt-pswp-item\" href=\"http:\/\/www.radiopiu.net\/wordpress\/wp-content\/uploads\/2018\/10\/IMG_20181016_151312_1.jpg\" data-dt-img-description=\"\" data-large_image_width=\"3968\" data-large_image_height=\"2976\"><img loading=\"lazy\" decoding=\"async\" class=\"size-medium wp-image-64160 alignleft\" src=\"http:\/\/www.radiopiu.net\/wordpress\/wp-content\/uploads\/2018\/10\/IMG_20181016_151312_1-300x225.jpg\" alt=\"\" width=\"300\" height=\"225\" srcset=\"https:\/\/www.radiopiu.net\/wordpress\/wp-content\/uploads\/2018\/10\/IMG_20181016_151312_1-300x225.jpg 300w, https:\/\/www.radiopiu.net\/wordpress\/wp-content\/uploads\/2018\/10\/IMG_20181016_151312_1-768x576.jpg 768w, https:\/\/www.radiopiu.net\/wordpress\/wp-content\/uploads\/2018\/10\/IMG_20181016_151312_1-1024x768.jpg 1024w\" sizes=\"auto, (max-width: 300px) 100vw, 300px\" \/><\/a>FELTRE.<\/strong> E&#8217; stato ufficialmente aperto l\u2019anno accademico del corso di laurea triennale in tecniche della prevenzione negli ambienti e nei luoghi di lavoro nella sede di Feltre, riavviato dopo un anno di sospensione per il taglio dei posti da parte del MIUR. Quest\u2019anno i posti a disposizione della sede erano 15 e, anche se alcune iscrizioni devono ancora essere perfezionate, dovrebbero essere coperti totalmente. Gli studenti sono stati accolti dal direttore generale dell\u2019Ulss Dolomiti, Adriano Rasi Caldogno, che ha spronato gli studenti ad essere curiosi per imparare il pi\u00f9 possibile in questi anni e ha approfondito il tema della sicurezza sul lavoro. Il consigliere regionale Franco Gidoni, in qualit\u00e0 di componente della V Commissione consiliare, ha inviato un messaggio di saluto nel quale ha evidenziato come il corso sia stato riattivato anche grazie alla forte sollecitazione delle aziende del territorio che necessitano di questa figura professionale. \u201cE\u2019 questo il miglior segnale di quanto siano importanti i tecnici della prevenzione\u201d ha sottolineato il consigliere Gidoni, \u201ca voi studenti l\u2019augurio di poter essere protagonisti del nuovo Piano strategico voluto dalla Regione Veneto, in collaborazione con ARPAV e INPS, per consolidare e migliorare le attivit\u00e0 di prevenzione, vigilanza e tutela per la salute e la sicurezza dei lavoratori\u201d. Ha portato il suo saluto anche il vicesindaco di Feltre, Alessandro Del Bianco, che ha confermato che il campus di Borgo Ruga torner\u00e0 presto agibile e ha invitato gli studenti, per la maggior parte non feltrini, a vivere la citt\u00e0 che ha tradizione universitaria. Ad accogliere gli studenti erano presenti anche il direttore sanitario dell\u2019Ulss Dolomiti Giovanni Maria Pittoni, che ha spronato gli studenti ad approfondire le tematiche legate alla prevenzione.<\/p>\n<p>&nbsp;<\/p>\n<p>&nbsp;<\/p>\n<h1><\/h1>\n<h1><\/h1>\n<h1>MUSEO ARCHEOLOGICO, APPROVATO IL PROGETTO DEFINITIVO<\/h1>\n<p>audio dal gr principale<\/p>\n<audio class=\"wp-audio-shortcode\" id=\"audio-64136-15\" preload=\"none\" style=\"width: 100%;\" controls=\"controls\"><source type=\"audio\/mpeg\" src=\"http:\/\/www.radiopiu.net\/wordpress\/wp-content\/uploads\/2018\/10\/gr-16-feltre-museo-luisa.mp3?_=15\" \/><a href=\"http:\/\/www.radiopiu.net\/wordpress\/wp-content\/uploads\/2018\/10\/gr-16-feltre-museo-luisa.mp3\">http:\/\/www.radiopiu.net\/wordpress\/wp-content\/uploads\/2018\/10\/gr-16-feltre-museo-luisa.mp3<\/a><\/audio>\n<p>&nbsp;<\/p>\n<p><strong><a class=\"dt-pswp-item\" href=\"http:\/\/www.radiopiu.net\/wordpress\/wp-content\/uploads\/2018\/10\/IMG_20181016_123502.jpg\" data-dt-img-description=\"\" data-large_image_width=\"4943\" data-large_image_height=\"2839\"><img loading=\"lazy\" decoding=\"async\" class=\" wp-image-64169 alignleft\" src=\"http:\/\/www.radiopiu.net\/wordpress\/wp-content\/uploads\/2018\/10\/IMG_20181016_123502-300x172.jpg\" alt=\"\" width=\"344\" height=\"197\" srcset=\"https:\/\/www.radiopiu.net\/wordpress\/wp-content\/uploads\/2018\/10\/IMG_20181016_123502-300x172.jpg 300w, https:\/\/www.radiopiu.net\/wordpress\/wp-content\/uploads\/2018\/10\/IMG_20181016_123502-768x441.jpg 768w, https:\/\/www.radiopiu.net\/wordpress\/wp-content\/uploads\/2018\/10\/IMG_20181016_123502-1024x588.jpg 1024w\" sizes=\"auto, (max-width: 344px) 100vw, 344px\" \/><\/a>FELTRE\u00a0\u00a0<\/strong>Passo decisivo verso il varo del museo archeologico feltrino, che vedr\u00e0 la luce nel corso del 2019. Durante l\u2019ultima seduta di giunta, l\u2019amministrazione comunale di Feltre ha infatti approvato il progetto definitivo dell\u2019intervento, che riguarder\u00e0 il piano terra dell\u2019attuale Museo Civico e alcune stanze dell\u2019attiguo Palazzo Gaggia, in via Luzzo.<br \/>\nPer la nuova sezione archeologica del museo civico feltrino sono gi\u00e0 state impegnate risorse per complessivi 418 mila euro, derivanti in parte (141 mila) da un progetto Interreg Italia-Austria, e per la parte rimanente (277 mila euro) da un mutuo. Il progettista, l\u2019architetto Vio di Venezia, produrr\u00e0 ora nell\u2019arco di circa un mese il progetto esecutivo, a seguito del quale sar\u00e0 possibile istruire le pratiche per la messa a bando dei lavori, che dovrebbero partire all\u2019inizio del prossimo anno. Nei nuovi locali \u00e8 previsto, tra l\u2019altro, un ampio ricorso alla tecnologia multimediale per valorizzare al meglio il racconto storico della citt\u00e0 e del suo territorio; oltre all\u2019esposizione dei reperti gi\u00e0 attualmente visibili, nei locali saranno ospitati nuovi reperti, oggi custoditi nei magazzini della Soprintendenza.\u00a0 \u201cSi tratta del primo passo di un progetto pi\u00f9 vasto e articolato, quello del percorso archeologico che partir\u00e0 dalla parte bassa della citt\u00e0, dove si trova l\u2019area archeologica sottostante il sagrato del Domo e arriver\u00e0 sino alla cittadella, commenta l\u2019assessore alla cultura del Comune di Feltre Alessandro Del Bianco. Contiamo di rispettare i tempi previsti e completare i lavori gi\u00e0 entro la primavera del prossimo anno, in modo da poter dare alla citt\u00e0 un altro tassello importante del progetto di qualificazione e sviluppo culturale e turistico in cui siamo impegnati da tempo. Si tratta naturalmente del primo stralcio di interventi, che si completer\u00e0 in seguito con i lavori su Palazzo Villabruna. Il tema archeologico, grazie ad alcune importanti indagini di recente esecuzione, \u00e8 di grande attualit\u00e0 in tutto il nostro territorio; stiamo anche pensando alla nascita di una sorta \u201cfestival\u201d archeologico del Feltrino che permetta di valorizzare le grandi ricchezze che stanno emergendo in questo ambito\u201d, conclude Del Bianco.<\/p>\n<p>&nbsp;<\/p>\n<p>&nbsp;<\/p>\n<p>&nbsp;<\/p>\n<h1><\/h1>\n<h1>DOMANI GIOVANNI MORO A FELTRE &#8220;SERVE ANCORA IL VOLONTARIATO?&#8221;<\/h1>\n<p><strong><a class=\"dt-pswp-item\" href=\"http:\/\/www.radiopiu.net\/wordpress\/wp-content\/uploads\/2015\/10\/il-corteo-dei-volontari-anpas-a-bologna1.jpg\" data-dt-img-description=\"\" data-large_image_width=\"660\" data-large_image_height=\"350\"><img loading=\"lazy\" decoding=\"async\" class=\"size-medium wp-image-11614 alignleft\" src=\"http:\/\/www.radiopiu.net\/wordpress\/wp-content\/uploads\/2015\/10\/il-corteo-dei-volontari-anpas-a-bologna1-300x159.jpg\" alt=\"\" width=\"300\" height=\"159\" \/><\/a>FELTRE\u00a0<\/strong> Domani\u00a0 presso il Museo Diocesano di Feltre, si svolger\u00e0 un interessante pubblico incontro, promosso da Auser e Portaperta, al quale parteciper\u00e0 anche il sociologo, prof. Giovanni Moro. Due i titoli provocatori: \u00a0&#8220;oggi serve ancora il volontariato ?&#8221; e &#8221; contro il non profit&#8221; (titolo del libro di Giovanni Moro). Volutamente i promotori dell&#8217;incontro hanno evidenziato questi due imput di riflessione, per chiedere ai relatori di approfondire, in una visione di positivit\u00e0 e criticit\u00e0, la recente riforma del Terzo Settore. Una riforma, attesa da oltre vent&#8217;anni, che \u00e8 stata declinata in un complesso (oltre cento articoli) Codice del Terzo Settore. Serve ancora il volontariato ? Questa domanda se rivolta oggi alle rappresentanze istituzionali, sociali \u00a0e sindacali del Bellunese, per quanto avvenuto negli ultimi giorni nella sede istituzionale della Provincia, la risposta sarebbe NO ! Questa drastica risposta, \u00e8 l&#8217;inevitabile conseguenza del non coinvolgimento, del mancato invito, dei soggetti che da oltre quarant&#8217;anni anni, sono i portavoce di migliaia di volontari che quotidianamente, nel welfare di sussidiariet\u00e0 e di solidariet\u00e0, aiutano persone fragili, povere, disabili e non autosufficienti.<\/p>\n<blockquote><p><em>&#8220;Un prezioso impegno finalizzato anche a frenare lo spopolamento delle Terre Alte &#8211; dice Franco Piacentini dell&#8217;Auser Feltre &#8211;\u00a0 \u00e8 incomprensibile (per non affermare: inaccettabile) la non presenza del Volontariato al &#8220;Tavolo Provinciale Welfare Terre Alte&#8221;. In particolare CGIL Cisl Uil, che al loro interno hanno le associazioni di volontariato: Auser, Antea e Ada, per quel tavolo, dovevano proporre il formale coinvolgimento del Terzo Settore, all&#8217;interno del quale il volontariato svolge un compito di notevole rilievo sociale. Anche questo spiacevole rilievo, sar\u00e0 oggetto di discussione nell&#8217;incontro del 18 ottobre al Museo Diocesano di Feltre&#8221;.<\/em><\/p><\/blockquote>\n<p>&nbsp;<\/p>\n<p>&nbsp;<\/p>\n<p>&nbsp;<\/p>\n<p><a class=\"dt-pswp-item\" href=\"http:\/\/www.radiopiu.net\/wordpress\/wp-content\/uploads\/2018\/09\/banner-speciali-1.png\" data-dt-img-description=\"\" data-large_image_width=\"250\" data-large_image_height=\"175\"><img loading=\"lazy\" decoding=\"async\" class=\"alignnone wp-image-59743\" src=\"http:\/\/www.radiopiu.net\/wordpress\/wp-content\/uploads\/2018\/09\/banner-speciali-1.png\" alt=\"\" width=\"156\" height=\"109\" \/><\/a><\/p>\n<h1><a class=\"dt-pswp-item\" href=\"http:\/\/www.radiopiu.net\/wordpress\/wp-content\/uploads\/2018\/09\/POLIFUNZIONALE3.jpg\" data-dt-img-description=\"\" data-large_image_width=\"251\" data-large_image_height=\"201\"><img loading=\"lazy\" decoding=\"async\" class=\"size-full wp-image-61887 alignleft\" src=\"http:\/\/www.radiopiu.net\/wordpress\/wp-content\/uploads\/2018\/09\/POLIFUNZIONALE3.jpg\" alt=\"\" width=\"251\" height=\"201\" \/><\/a>ASCA, BILANCIO DI PREVISIONE APPROVATO ALL&#8217;UNANIMITA&#8217;, NON AUMENTANO LE RETTE, IL CORSO OSS INIZIERA&#8217; AD AGORDO CON 20 ISCRITTI, 13 DELL&#8217;AGORDINO. INTANTO LE RETTE SONO DIMINUITE DI 7 EURO AL GIORNO<\/h1>\n<p><strong><span style=\"color: #ff0000;\">RELAZIONE DELL&#8217;AMMINISTRATORE UNICO MARIA CHIARA SANTIN<\/span><\/strong><\/p>\n<audio class=\"wp-audio-shortcode\" id=\"audio-64136-16\" preload=\"none\" style=\"width: 100%;\" controls=\"controls\"><source type=\"audio\/mpeg\" src=\"http:\/\/www.radiopiu.net\/wordpress\/wp-content\/uploads\/2018\/10\/SANTIN.mp3?_=16\" \/><a href=\"http:\/\/www.radiopiu.net\/wordpress\/wp-content\/uploads\/2018\/10\/SANTIN.mp3\">http:\/\/www.radiopiu.net\/wordpress\/wp-content\/uploads\/2018\/10\/SANTIN.mp3<\/a><\/audio>\n<p><span style=\"color: #ff0000;\"><strong> DUBBI DI MAURO SOPPELSA, SINDACO DI CENCENIGHE CHE HA RACCOLTO LA VOCE DEL TERRITORIO E LA RISPOSTA\u00a0 DELL&#8217;AMMINISTRATORE UNICO MARIACHIARA SANTIN.\u00a0 L&#8217;INTERVENTO\u00a0 DI FABIO LUCHETTA, PRESIDENTE DELL&#8217;UNIONE MONTANA. L&#8217;INTERVENTO DEL SINDACO DI TAIBON SILVIA TORMEN E DI FALCADE MICHELE COSTA\u00a0<\/strong><\/span><\/p>\n<audio class=\"wp-audio-shortcode\" id=\"audio-64136-17\" preload=\"none\" style=\"width: 100%;\" controls=\"controls\"><source type=\"audio\/mpeg\" src=\"http:\/\/www.radiopiu.net\/wordpress\/wp-content\/uploads\/2018\/10\/SINDACI.mp3?_=17\" \/><a href=\"http:\/\/www.radiopiu.net\/wordpress\/wp-content\/uploads\/2018\/10\/SINDACI.mp3\">http:\/\/www.radiopiu.net\/wordpress\/wp-content\/uploads\/2018\/10\/SINDACI.mp3<\/a><\/audio>\n<p>&nbsp;<\/p>\n<p>&nbsp;<\/p>\n<p>&nbsp;<\/p>\n<p>&nbsp;<\/p>\n<blockquote><p><strong>LIVINALLONGO Il 26 ottobre sar\u00e0 l\u2019ultimo giorno di lavoro per il medico di famiglia Giuliano Federa e dal giorno dopo\u00a0\u00a0l\u2019assistenza medica verr\u00e0 garantita dai medici della \u201cMedicina di rete Alto Agordino-Fodom\u201d Claudio Allegro, Pietro Demattia e Agostino Mascanzoni, che si sono resi disponibili a svolgere la propria attivit\u00e0 anche a Selva e Colle Santa Lucia. Per agevolare gli assistiti, \u00e8 stata prevista l\u2019apertura di uno sportello in municipio a Selva (dal 29 ottobre al 2 novembre, 8.30-12.0 e 14.30-16.30), dove la popolazione potr\u00e0 effettuare le operazioni di scelta del medico.<\/strong><\/p><\/blockquote>\n<p>&nbsp;<\/p>\n<blockquote><p><strong>ROCCA PIETORE Gestione Servizi Pubblici informa che, per lavori alla rete idrica comunale OGGI\u00a0 dalle 8.30 a fine lavori,\u00a0 verr\u00e0 sospesa l\u2019erogazione dell\u2019acqua a ROCCA PIETORE nelle localit\u00e0 COL DI ROCCA e CAPOLUOGO. Il personale addetto operer\u00e0 per limitare il pi\u00f9 possibile i disagi alla popolazione.<\/strong><\/p><\/blockquote>\n<p>&nbsp;<\/p>\n<blockquote><p><strong>TAIBON Gestione Servizi Pubblici informa che, per lavori alla rete idrica comunale, OGGI dalle 8.30 a FINE LAVORI verr\u00e0 sospesa l\u2019erogazione dell\u2019acqua a TAIBON AGORDINO, nelle VIE LAGUNAL e AL FORTE. Il personale addetto operer\u00e0 per limitare il pi\u00f9 possibile i disagi alla popolazione.\u00a0<\/strong><\/p><\/blockquote>\n<p>&nbsp;<\/p>\n<blockquote><p><strong>TAIBON Domani nella scuola Primaria di Taibon alle 16 si riunisce il consiglio comunale dei ragazzi. Ordine del giorno: elezione presidente e vice nonch\u00e8 scelta dei responsabili di settore. Programma impegni e progetti. Preparazione dell&#8217;intervento per la festa del 4 novembre.<\/strong><\/p>\n<p>&nbsp;<\/p><\/blockquote>\n<blockquote><p>&nbsp;<\/p><\/blockquote>\n<p>&nbsp;<\/p>\n<p>&nbsp;<\/p>\n<h1>MANOVRA ,CONFEDILIZIA: BENE L\u2019AVVIO DELLA CEDOLARE SECCA PER GLI AFFITTI COMMERCIALI<\/h1>\n<p><strong><a class=\"dt-pswp-item\" href=\"http:\/\/www.radiopiu.net\/wordpress\/wp-content\/uploads\/2018\/10\/logoApeBelluno-green@2x.png\" data-dt-img-description=\"\" data-large_image_width=\"258\" data-large_image_height=\"262\"><img loading=\"lazy\" decoding=\"async\" class=\" wp-image-64173 alignleft\" src=\"http:\/\/www.radiopiu.net\/wordpress\/wp-content\/uploads\/2018\/10\/logoApeBelluno-green@2x.png\" alt=\"\" width=\"159\" height=\"161\" \/><\/a>BELLUNO<\/strong>\u00a0 Il comunicato stampa del Consiglio dei ministri conferma che nel disegno di legge di bilancio \u00e8 previsto l\u2019avvio di una misura da tempo proposta da Confedilizia, la cedolare secca per le locazioni commerciali. In attesa di leggere il contenuto esatto della norma, rileviamo che si tratta di un passo importante che contribuir\u00e0 ad attenuare la piaga dei locali vuoti, favorendo l\u2019avvio di nuove attivit\u00e0 economiche e scongiurando il dilagare di situazioni di degrado. Per il settore immobiliare \u2013 sfiancato da una crisi superiore a quella di altri comparti \u2013 c\u2019\u00e8 molto da fare: dalla stabilizzazione della cedolare per gli affitti abitativi a canone calmierato a misure per favorire l\u2019investimento nel residenziale da parte dei grandi operatori; da una riduzione del carico di imposizione patrimoniale Imu-Tasi alla conferma delle detrazioni per gli interventi sugli immobili. Nel corso del cammino della manovra, Confedilizia continuer\u00e0 a fare le sue proposte, ma il primo tassello \u00e8 stato posto\u201d.<\/p>\n<p>&nbsp;<\/p>\n<p>&nbsp;<\/p>\n<p>&nbsp;<\/p>\n<p>&nbsp;<\/p>\n<p>&nbsp;<\/p>\n<p>&nbsp;<\/p>\n<h2>NUOVO CORSO PER VOLONTARI DELLA CROCE ROSSA<\/h2>\n<p><strong><a class=\"dt-pswp-item\" href=\"http:\/\/www.radiopiu.net\/wordpress\/wp-content\/uploads\/2018\/05\/croce-rossa-1.png\" data-dt-img-description=\"\" data-large_image_width=\"225\" data-large_image_height=\"225\"><img loading=\"lazy\" decoding=\"async\" class=\" wp-image-47472 alignleft\" src=\"http:\/\/www.radiopiu.net\/wordpress\/wp-content\/uploads\/2018\/05\/croce-rossa-1.png\" alt=\"\" width=\"136\" height=\"136\" srcset=\"https:\/\/www.radiopiu.net\/wordpress\/wp-content\/uploads\/2018\/05\/croce-rossa-1.png 225w, https:\/\/www.radiopiu.net\/wordpress\/wp-content\/uploads\/2018\/05\/croce-rossa-1-150x150.png 150w\" sizes=\"auto, (max-width: 136px) 100vw, 136px\" \/><\/a>FELTRE<\/strong> Il Comitato della Croce rossa italiana di Feltre organizza un corso per aspiranti volontari che si svolger\u00e0 nelle sedi del Comitato (iscrizioni entro luned\u00ec 5 novembre). Il corso, che non richiede titoli di studio specifici, far\u00e0 conoscere le origini e la struttura della Croce Rossa, garantendo una completa preparazione di base al primo soccorso non dimenticando il sostegno psico-emozionale.<\/p>\n<p>Terminato il corso di accesso (della durata di 9 lezioni, con cadenza bisettimanale), la preparazione proseguir\u00e0 con un secondo modulo di approfondimento (30 lezioni) che verter\u00e0 sul soccorso in ambulanza e permetter\u00e0 di ottenere la qualifica di soccorritore. La conoscenza di mezzi, attrezzature e apparecchiature, nonch\u00e9 la teoria relativa alla fisiologia e di talune patologie, metteranno i partecipanti in grado di poter prestare un intervento di primo soccorso qualificato a bordo delle ambulanze.\u00a0 Per iscrizioni e\u00a0 informazioni: e-mail feltre@cri.it.\u00a0 Telefono 0439-81711.<\/p>\n<p>&nbsp;<\/p>\n<p>&nbsp;<\/p>\n<p>&nbsp;<\/p>\n<p>&nbsp;<\/p>\n<p>&nbsp;<\/p>\n<h1>PRODOTTI ED EVENTI A DENOMINAZIONE CONTROLLATA<\/h1>\n<p><strong><a class=\"dt-pswp-item\" href=\"http:\/\/www.radiopiu.net\/wordpress\/wp-content\/uploads\/2016\/04\/Falcade_plan_ortofoto.jpg\" data-dt-img-description=\"\" data-large_image_width=\"3308\" data-large_image_height=\"2339\"><img loading=\"lazy\" decoding=\"async\" class=\"size-medium wp-image-19095 alignleft\" src=\"http:\/\/www.radiopiu.net\/wordpress\/wp-content\/uploads\/2016\/04\/Falcade_plan_ortofoto-300x212.jpg\" alt=\"\" width=\"300\" height=\"212\" \/><\/a><\/strong><\/p>\n<p>&nbsp;<\/p>\n<p>&nbsp;<\/p>\n<p><strong>FALCADE<\/strong> L&#8217;amministrazione comunale ha deciso di dotarsi di un regolamento per la tutela e la valorizzazione delle attivit\u00e0 agro-alimentari, tradizionali, locali. Per questo istituisce la De.Co. acronimo di Denominazione Comunale.<br \/>\n<strong>Il sindaco Michele Costa<\/strong><\/p>\n<audio class=\"wp-audio-shortcode\" id=\"audio-64136-18\" preload=\"none\" style=\"width: 100%;\" controls=\"controls\"><source type=\"audio\/mpeg\" src=\"http:\/\/www.radiopiu.net\/wordpress\/wp-content\/uploads\/2018\/10\/DECO1.mp3?_=18\" \/><a href=\"http:\/\/www.radiopiu.net\/wordpress\/wp-content\/uploads\/2018\/10\/DECO1.mp3\">http:\/\/www.radiopiu.net\/wordpress\/wp-content\/uploads\/2018\/10\/DECO1.mp3<\/a><\/audio>\n<p>Il regolamento prevede alcuni articoli che delineano quali sono le attivit\u00e0 e i prodotti della tradizioni locali, il logo che sar\u00e0 usato<\/p>\n<audio class=\"wp-audio-shortcode\" id=\"audio-64136-19\" preload=\"none\" style=\"width: 100%;\" controls=\"controls\"><source type=\"audio\/mpeg\" src=\"http:\/\/www.radiopiu.net\/wordpress\/wp-content\/uploads\/2018\/10\/DECO2.mp3?_=19\" \/><a href=\"http:\/\/www.radiopiu.net\/wordpress\/wp-content\/uploads\/2018\/10\/DECO2.mp3\">http:\/\/www.radiopiu.net\/wordpress\/wp-content\/uploads\/2018\/10\/DECO2.mp3<\/a><\/audio>\n<p>Sar\u00e0 istituita una commissione comunale per le valutazioni del caso ma anche per sanzionare eventuali difformit\u00e0 al regolamento. Il regolamento falcadino apre le porte anche a collaborazioni con i Comuni vicini.<br \/>\n<strong>l&#8217;assessore Andrea Zampieri.<\/strong><\/p>\n<audio class=\"wp-audio-shortcode\" id=\"audio-64136-20\" preload=\"none\" style=\"width: 100%;\" controls=\"controls\"><source type=\"audio\/mpeg\" src=\"http:\/\/www.radiopiu.net\/wordpress\/wp-content\/uploads\/2018\/10\/DECO3.mp3?_=20\" \/><a href=\"http:\/\/www.radiopiu.net\/wordpress\/wp-content\/uploads\/2018\/10\/DECO3.mp3\">http:\/\/www.radiopiu.net\/wordpress\/wp-content\/uploads\/2018\/10\/DECO3.mp3<\/a><\/audio>\n<p>Nel bellunese Falcade \u00e8 uno primi comuni a dotarsi della De.Co. dopo Cesiomaggiore con la patata e la comunit\u00e0 longaronese-zoldana. Il Veneto \u00e8 tra l&#8217;altro la regione italiana che ha pi\u00f9 marchi agro-alimentari.<br \/>\nancora l&#8217;assessore Zampieri.<\/p>\n<audio class=\"wp-audio-shortcode\" id=\"audio-64136-21\" preload=\"none\" style=\"width: 100%;\" controls=\"controls\"><source type=\"audio\/mpeg\" src=\"http:\/\/www.radiopiu.net\/wordpress\/wp-content\/uploads\/2018\/10\/DECO4.mp3?_=21\" \/><a href=\"http:\/\/www.radiopiu.net\/wordpress\/wp-content\/uploads\/2018\/10\/DECO4.mp3\">http:\/\/www.radiopiu.net\/wordpress\/wp-content\/uploads\/2018\/10\/DECO4.mp3<\/a><\/audio>\n<p>DAL CONSIGLIO COMUNALE DI RADIO PIU&#8217; L&#8217;INTERO DIBATTITO CON L&#8217;INTERVENTO DAGLI SCRANNI DELLA MINORANZA DI SILVANO SAVIO E FLAVIO MURER. LA DELIBERA E&#8217; STA APPROVATA ALL&#8217;UNANIMITA&#8217;<\/p>\n<audio class=\"wp-audio-shortcode\" id=\"audio-64136-22\" preload=\"none\" style=\"width: 100%;\" controls=\"controls\"><source type=\"audio\/mpeg\" src=\"http:\/\/www.radiopiu.net\/wordpress\/wp-content\/uploads\/2018\/10\/REGOLAMENTO-DECO-INTERO-DIBATTITO.mp3?_=22\" \/><a href=\"http:\/\/www.radiopiu.net\/wordpress\/wp-content\/uploads\/2018\/10\/REGOLAMENTO-DECO-INTERO-DIBATTITO.mp3\">http:\/\/www.radiopiu.net\/wordpress\/wp-content\/uploads\/2018\/10\/REGOLAMENTO-DECO-INTERO-DIBATTITO.mp3<\/a><\/audio>\n<p>&nbsp;<\/p>\n<p>&nbsp;<\/p>\n<p>&nbsp;<\/p>\n<p>&nbsp;<\/p>\n<p>&nbsp;<\/p>\n<blockquote>\n<h1><a class=\"dt-pswp-item\" href=\"http:\/\/www.radiopiu.net\/wordpress\/wp-content\/uploads\/2018\/09\/appuntamenti.jpeg\" data-dt-img-description=\"\" data-large_image_width=\"800\" data-large_image_height=\"100\"><img loading=\"lazy\" decoding=\"async\" class=\"alignnone wp-image-61958 size-full\" src=\"http:\/\/www.radiopiu.net\/wordpress\/wp-content\/uploads\/2018\/09\/appuntamenti.jpeg\" alt=\"\" width=\"800\" height=\"100\" srcset=\"https:\/\/www.radiopiu.net\/wordpress\/wp-content\/uploads\/2018\/09\/appuntamenti.jpeg 800w, https:\/\/www.radiopiu.net\/wordpress\/wp-content\/uploads\/2018\/09\/appuntamenti-300x38.jpeg 300w, https:\/\/www.radiopiu.net\/wordpress\/wp-content\/uploads\/2018\/09\/appuntamenti-768x96.jpeg 768w\" sizes=\"auto, (max-width: 800px) 100vw, 800px\" \/><\/a><\/h1>\n<\/blockquote>\n<h1><\/h1>\n<p>&nbsp;<\/p>\n<h1><span style=\"color: #ff0000;\">DA OGGI E PER 9 SETTIMANE IL NUOVO PROGRAMMA DI LUISA MANFROI, ALLE 13.10 E 20.10<\/span><\/h1>\n<blockquote class=\"wp-embedded-content\" data-secret=\"VtY02fP6Pb\"><p><a href=\"http:\/\/www.radiopiu.net\/wordpress\/sempre-connessi-da-mercoledi-su-radio-piu-con-luisa-manfroi-2\/\">&#8220;SEMPRE CONNESSI&#8221;, DA MERCOLEDI SU RADIO PIU CON LUISA MANFROI<\/a><\/p><\/blockquote>\n<p><iframe loading=\"lazy\" class=\"wp-embedded-content\" sandbox=\"allow-scripts\" security=\"restricted\" style=\"position: absolute; clip: rect(1px, 1px, 1px, 1px);\" src=\"http:\/\/www.radiopiu.net\/wordpress\/sempre-connessi-da-mercoledi-su-radio-piu-con-luisa-manfroi-2\/embed\/#?secret=VtY02fP6Pb\" data-secret=\"VtY02fP6Pb\" width=\"600\" height=\"338\" title=\"&#8220;&#8220;SEMPRE CONNESSI&#8221;, DA MERCOLEDI SU RADIO PIU CON LUISA MANFROI&#8221; &#8212; Radio Pi\u00f9\" frameborder=\"0\" marginwidth=\"0\" marginheight=\"0\" scrolling=\"no\"><\/iframe><\/p>\n<p>&nbsp;<\/p>\n<p>&nbsp;<\/p>\n<h1>ALIMENTAZIONE E BENESSERE STASERA UNA CONFERENZA<\/h1>\n<p><strong>AGORDO<\/strong> \u201cAlimentazione equilibrata per il benessere, la salute e la resa sportiva\u201d \u00e8 il titolo dell\u2019incontro in programma alle 20.30, nella sala convegni \u201cDon Tamis\u201d dell\u2019Unionemontana Agordina. Relatore il dottor Aronne Romano. L\u2019iniziativa fa parte della rassegna \u201cConvivium\u201d proposta dal dottor Roberto Favero iniziata a fine ottobre con una conferenza dedicata alle glaciazioni.<\/p>\n<p>&nbsp;<\/p>\n<p>&nbsp;<\/p>\n<blockquote>\n<h1>Quando la paura diventa patologia<\/h1>\n<p style=\"font-size: 14px; font-weight: 400;\"><strong>FELTRE<\/strong>. Per il ciclo Mercoled\u00ec della salute, oggi alle 18.00 nella sala convegni dell\u2019ospedale di Feltre, si parler\u00e0 di disturbi d\u2019ansia, malattia sempre pi\u00f9 diffusa, con il direttore della psichiatria di Feltre Massimo Semenzin.<\/p>\n<\/blockquote>\n<p>&nbsp;<\/p>\n<p><strong>CANALE D&#8217;AGORDO<\/strong> La Santa Messa a ricordo\u00a0 della nascita di Papa Giovanni Paolo I in programma per oggi (compleanno di Albino Luciani) \u00e8 stata posticipata a domani\u00a0 sempre alle ore 18.00 nella chiesa arcipretale di Canale d&#8217;Agordo.<\/p>\n<p>&nbsp;<\/p>\n<p><strong>CENCENIGHE<\/strong> Domenica alle 12.30 tradizionale pranzo annuale della Famiglia Agordina ex Emigranti, all&#8217;Hotel Stella Alpina di Falcade. Sar\u00e0 preceduto dalle messa che verr\u00e0 celebrata alle 10.30 nella chiesa di Canale d&#8217;Agordo in occasione del 40esimo dell&#8217;elezione e morte di Papa Giovanni Paolo Primo ed a ricordo di tutti gli emigranti deceduti in Italia e all&#8217;estero. Informazioni e prenotazioni: Lucia De Toffol, 0437 591492 o presso Hotel Stella Alpina 0437 599046<\/p>\n<p>&nbsp;<\/p>\n<p><strong>ROCCA PIETORE<\/strong> Il Grop de Bal Marmoleda di Rocca Pietore festeggia i suoi primi 25 anni facendo rivivere la manifestazione Foklor Jalp\u00e8 de la Marmoleda (folclore ai piedi della Marmolada).\u00a0Ricorrono infatti quest&#8217;anno i 5 lustri di attivit\u00e0 del gruppo di ballo che, dopo diverse esibizioni estive in alta quota e in varie vallate ha deciso di fa rivivere la manifestazione che per anni \u00e8 stata momento di incontro di giovani, adulti, bambini e anziani, tutti accumunati dal desiderio di celebrare insieme la passione per il ballo e per le proprie tradizioni. Venerdi, sabato e domenica verr\u00e0 riproposta la festa nella versione 2.0 per festeggiare l&#8217;importante compleanno all&#8217;insegna della buona musica e dell&#8217;ottima cucina ladina, quella tradizionale.\u00a0OGGI ALLE 15.10 E ALLE 21.00, PRESENTAZIONE UFFICIALE ALLA RADIO. OSPITI IN STUDIO DANIEL SIRENA, VALERIO DAVARE, FRANCESCA DE CASSAN<\/p>\n<p>&nbsp;<\/p>\n<p>&nbsp;<\/p>\n<h1>VENERDI\u00a0 GIORGIO FORNASIER AD AGORDO<\/h1>\n<p><strong>AGORDO<\/strong> Iniziativa della Biblioteca Civica di Agordo-Circolo Culturale Agordino:\u00a0 la presentazione del volume di Giorgio Fornasier &#8220;I fioi de la roda: storie e notizie sull&#8217;istituto degli esposti di Belluno&#8221;, venerd\u00ec alle\u00a0 20.30 nella sala riunioni della Biblioteca Civica in via 27 aprile di Agordo.\u00a0 L&#8217;autore presenta il suo primo libro storico in cui racconta la storia della roda, cio\u00e8 di quella bussola posta davanti alla chiesa di Loreto a Belluno, dove venivano introdotti nottetempo i bambini rifiutati dalle mamme. L&#8217;opera colma una lacuna nella nostra conoscenza storica non solo della citt\u00e0 ma di tutta la provincia. Infatti i bambini esposti venivano non tanto dalla citt\u00e0, ma specialmente da Agordo, Cadore, Comelico. Il volume mette in evidenza anche la bont\u00e0 della gente di chiesa che si prestava affinch\u00e9 questi esseri indifesi potessero sopravvivere.<\/p>\n<p>&nbsp;<\/p>\n<p>&nbsp;<\/p>\n<p>&nbsp;<\/p>\n<p>&nbsp;<\/p>\n<blockquote class=\"wp-embedded-content\" data-secret=\"jCxwb8TvGG\"><p><a href=\"http:\/\/www.radiopiu.net\/wordpress\/scrivere-in-ladino-corso-gratuito-allistituto-ladino\/\">SCRIVERE\u00a0 IN LADINO, CORSO GRATUITO ALL&#8217;ISTITUTO LADINO<\/a><\/p><\/blockquote>\n<p><iframe loading=\"lazy\" class=\"wp-embedded-content\" sandbox=\"allow-scripts\" security=\"restricted\" style=\"position: absolute; clip: rect(1px, 1px, 1px, 1px);\" src=\"http:\/\/www.radiopiu.net\/wordpress\/scrivere-in-ladino-corso-gratuito-allistituto-ladino\/embed\/#?secret=jCxwb8TvGG\" data-secret=\"jCxwb8TvGG\" width=\"600\" height=\"338\" title=\"&#8220;SCRIVERE\u00a0 IN LADINO, CORSO GRATUITO ALL&#8217;ISTITUTO LADINO&#8221; &#8212; Radio Pi\u00f9\" frameborder=\"0\" marginwidth=\"0\" marginheight=\"0\" scrolling=\"no\"><\/iframe><\/p>\n<h1><\/h1>\n<p>&nbsp;<\/p>\n<p>&nbsp;<\/p>\n<p>&nbsp;<\/p>\n<h1>SI PUO&#8217; FARE&#8230; IL 3 NOVEMBRE A FALCADE. UN EVENTO PER L&#8217;AGORDINO, UNA SERATA A SCOPO BENIFICO A FAVORE DELLA PETTIROSSO AGORDINO E ASSOCIAZIONE NUOVI TRAGUARDI.<\/h1>\n<h2>L&#8217;INVITO DELL&#8217;ATTORE\u00a0\u00a0<span style=\"color: #ff0000;\">CLAUDIO DAL FARRA<\/span><\/h2>\n<audio class=\"wp-audio-shortcode\" id=\"audio-64136-23\" preload=\"none\" style=\"width: 100%;\" controls=\"controls\"><source type=\"audio\/mpeg\" src=\"http:\/\/www.radiopiu.net\/wordpress\/wp-content\/uploads\/2018\/10\/SI-PUO-FARE-2-1.mp3?_=23\" \/><a href=\"http:\/\/www.radiopiu.net\/wordpress\/wp-content\/uploads\/2018\/10\/SI-PUO-FARE-2-1.mp3\">http:\/\/www.radiopiu.net\/wordpress\/wp-content\/uploads\/2018\/10\/SI-PUO-FARE-2-1.mp3<\/a><\/audio>\n<p><a class=\"dt-pswp-item\" href=\"http:\/\/www.radiopiu.net\/wordpress\/wp-content\/uploads\/2018\/10\/WhatsApp-Image-2018-09-14-at-09.35.20.jpeg\" data-dt-img-description=\"\" data-large_image_width=\"709\" data-large_image_height=\"1418\"><img loading=\"lazy\" decoding=\"async\" class=\"size-medium wp-image-64060 alignleft\" src=\"http:\/\/www.radiopiu.net\/wordpress\/wp-content\/uploads\/2018\/10\/WhatsApp-Image-2018-09-14-at-09.35.20-150x300.jpeg\" alt=\"\" width=\"150\" height=\"300\" srcset=\"https:\/\/www.radiopiu.net\/wordpress\/wp-content\/uploads\/2018\/10\/WhatsApp-Image-2018-09-14-at-09.35.20-150x300.jpeg 150w, https:\/\/www.radiopiu.net\/wordpress\/wp-content\/uploads\/2018\/10\/WhatsApp-Image-2018-09-14-at-09.35.20-512x1024.jpeg 512w, https:\/\/www.radiopiu.net\/wordpress\/wp-content\/uploads\/2018\/10\/WhatsApp-Image-2018-09-14-at-09.35.20.jpeg 709w\" sizes=\"auto, (max-width: 150px) 100vw, 150px\" \/><\/a><\/p>\n<p>&nbsp;<\/p>\n<h3>FALCADE Lo spettacolo teatrale approda al Palafalcade in una grande serata tra attori che hanno gi\u00e0 incantato la provincia da Quero al Teatro Comunale della citt\u00e0. &#8220;Si Pu\u00f2 fare&#8221; \u00e8 la commedia liberamente ispirata dal film Frankenstein Junior a marchio Belluno Ciak. I biglietti al prezzo unico 10 euro sono gi\u00e0 in prevendita, anche a RADIO PIU, Agordo, Alleghe, Belluno, Cencenighe e Falcade.<\/h3>\n<h2><\/h2>\n<h2><\/h2>\n<h2>L&#8217;INTERVISTA ALLA RADIO<\/h2>\n<audio class=\"wp-audio-shortcode\" id=\"audio-64136-24\" preload=\"none\" style=\"width: 100%;\" controls=\"controls\"><source type=\"audio\/mpeg\" src=\"http:\/\/www.radiopiu.net\/wordpress\/wp-content\/uploads\/2018\/10\/FONTANA.mp3?_=24\" \/><a href=\"http:\/\/www.radiopiu.net\/wordpress\/wp-content\/uploads\/2018\/10\/FONTANA.mp3\">http:\/\/www.radiopiu.net\/wordpress\/wp-content\/uploads\/2018\/10\/FONTANA.mp3<\/a><\/audio>\n<p>&nbsp;<\/p>\n<p>&nbsp;<\/p>\n<p>&nbsp;<\/p>\n<p>&nbsp;<\/p>\n<p>&nbsp;<\/p>\n<p>&nbsp;<\/p>\n<p>&nbsp;<\/p>\n<h1>RITROVO IN MUSICA ALLA CASA ROSSA<\/h1>\n\n\t\t\t<style type='text\/css'>\n\t\t\t\t#gallery-2 {\n\t\t\t\t\tmargin: auto;\n\t\t\t\t}\n\t\t\t\t#gallery-2 .gallery-item {\n\t\t\t\t\tfloat: left;\n\t\t\t\t\tmargin-top: 10px;\n\t\t\t\t\ttext-align: center;\n\t\t\t\t\twidth: 33%;\n\t\t\t\t}\n\t\t\t\t#gallery-2 img {\n\t\t\t\t\tborder: 2px solid #cfcfcf;\n\t\t\t\t}\n\t\t\t\t#gallery-2 .gallery-caption {\n\t\t\t\t\tmargin-left: 0;\n\t\t\t\t}\n\t\t\t\t\/* see gallery_shortcode() in wp-includes\/media.php *\/\n\t\t\t<\/style>\n\t\t<div id='gallery-2' class='dt-gallery-container gallery galleryid-64136 gallery-columns-3 gallery-size-thumbnail'><dl class='gallery-item'>\n\t\t\t\t<dt class='gallery-icon portrait'>\n\t\t\t\t\t<a class=\"rollover\" href='https:\/\/www.radiopiu.net\/wordpress\/giornale-radiopiu-17-ottobre-2018-direttore-mirko-mezzacasa\/emma-fiabane\/'><img loading=\"lazy\" decoding=\"async\" width=\"150\" height=\"150\" src=\"https:\/\/www.radiopiu.net\/wordpress\/wp-content\/uploads\/2018\/10\/emma-fiabane-150x150.jpg\" class=\"attachment-thumbnail size-thumbnail\" alt=\"\" \/><\/a>\n\t\t\t\t<\/dt><\/dl><dl class='gallery-item'>\n\t\t\t\t<dt class='gallery-icon portrait'>\n\t\t\t\t\t<a class=\"rollover\" href='https:\/\/www.radiopiu.net\/wordpress\/giornale-radiopiu-17-ottobre-2018-direttore-mirko-mezzacasa\/giordano-dal-pont\/'><img loading=\"lazy\" decoding=\"async\" width=\"150\" height=\"150\" src=\"https:\/\/www.radiopiu.net\/wordpress\/wp-content\/uploads\/2018\/10\/giordano-dal-pont-150x150.jpg\" class=\"attachment-thumbnail size-thumbnail\" alt=\"\" \/><\/a>\n\t\t\t\t<\/dt><\/dl>\n\t\t\t\t<br style='clear: both' \/>\n\t\t\t<\/div>\n\n<p><strong>MEANO<\/strong> Alla <b>Casa Rossa di Meano<\/b> nonna <b>Angela Rech<\/b> si ritrover\u00e0 con amici che condividono bei Pensieri. <b>Domenica 21 ottobre<\/b> il centrotavola sar\u00e0<i> Il diamante \u00e8 un pezzo di carbone che ha creduto in se stesso &#8211; affinch\u00e8 il nuovo arrivi \u00e8 necessario che altro si chiuda -.\u00a0<\/i>L&#8217;incontro sar\u00e0 aperto alle ore dieci dal ritorno straordinario alla musica del batterista Giorgio Zanier, accompagnato da Giordano Dal Pont alla chitarra. Zanier ha abitato nella sua carriera i palcoscenici pi\u00f9 prestigiosi con stelle di prima grandezza come Jean Michel Jarre e Patty Pravo. per diversi anni ha suonato con gli antenati Fiabane Band 1 e 2 di Antonio e Piero Fiabane. La giornata si concluder\u00e0 con gli &#8220;eterni Fiabane&#8221; Emma ( Piero) che canter\u00e0 accompagnata dal cugino Giordano ( Paola) e Santiago (Sara). Diriger\u00e0 da altri mondi Alice ( Antonio) e con amore e gratitudine ci riporteranno alle nostre case.<\/p>\n<p>&nbsp;<\/p>\n<p>&nbsp;<\/p>\n<h1>ANGEL GALZERANO TRIO<\/h1>\n<p><strong><a class=\"dt-pswp-item\" href=\"http:\/\/www.radiopiu.net\/wordpress\/wp-content\/uploads\/2018\/10\/564595_351096758356621_1859018732_n-1.jpg\" data-dt-img-description=\"\" data-large_image_width=\"960\" data-large_image_height=\"643\"><img loading=\"lazy\" decoding=\"async\" class=\" wp-image-64212 alignleft\" src=\"http:\/\/www.radiopiu.net\/wordpress\/wp-content\/uploads\/2018\/10\/564595_351096758356621_1859018732_n-1-300x201.jpg\" alt=\"\" width=\"243\" height=\"163\" srcset=\"https:\/\/www.radiopiu.net\/wordpress\/wp-content\/uploads\/2018\/10\/564595_351096758356621_1859018732_n-1-300x201.jpg 300w, https:\/\/www.radiopiu.net\/wordpress\/wp-content\/uploads\/2018\/10\/564595_351096758356621_1859018732_n-1-768x514.jpg 768w, https:\/\/www.radiopiu.net\/wordpress\/wp-content\/uploads\/2018\/10\/564595_351096758356621_1859018732_n-1.jpg 960w\" sizes=\"auto, (max-width: 243px) 100vw, 243px\" \/><\/a>BELLUNO<\/strong> Sabato 27 ottobre alle 20.30, il chitarrista, cantautore e scrittore italo uruguayo Angel Galzerano \u00a0sar\u00e0\u00a0 in concerto a Belluno presso la Sala Parrocchiale di Cavarzano e ci porter\u00e0 attraverso le suggestive sonorit\u00e0 della migliore musica d\u2019autore latinoamericana, ma non solo. Sar\u00e0\u00a0 accompagnato da due musicisti di diversa formazione, il polistrumentista Giorgio Guindani e il percussionista Maurizio Murdocca, suonatore di Tabla indiane che insieme a Galzerano presentano il\u00a0 progetto <strong>\u201cUn camino en el mar\u201d<\/strong> che riunisce in un&#8217;unica melodia, \u00a0i colori dall&#8217;America Latina, i suoni dall&#8217;Europa e i profumi dall\u2019Oriente, portando il pubblico in un viaggio dalle Ande al Rio de la Plata, e dall&#8217;Irlanda e \u00a0passando per il Mar Mediterraneo incontra le suggestioni delle sonorit\u00e0 dell&#8217;India. Attraversando diverse culture la magia della musica, ancora una volta, vince ogni frontiera.<\/p>\n<p>&nbsp;<\/p>\n<p>&nbsp;<\/p>\n<p>&nbsp;<\/p>\n<p><a class=\"dt-pswp-item\" href=\"http:\/\/www.radiopiu.net\/wordpress\/wp-content\/uploads\/2018\/09\/viabilita.jpeg\" data-dt-img-description=\"\" data-large_image_width=\"800\" data-large_image_height=\"100\"><img loading=\"lazy\" decoding=\"async\" class=\"alignnone wp-image-61954 size-full\" src=\"http:\/\/www.radiopiu.net\/wordpress\/wp-content\/uploads\/2018\/09\/viabilita.jpeg\" alt=\"\" width=\"800\" height=\"100\" srcset=\"https:\/\/www.radiopiu.net\/wordpress\/wp-content\/uploads\/2018\/09\/viabilita.jpeg 800w, https:\/\/www.radiopiu.net\/wordpress\/wp-content\/uploads\/2018\/09\/viabilita-300x38.jpeg 300w, https:\/\/www.radiopiu.net\/wordpress\/wp-content\/uploads\/2018\/09\/viabilita-768x96.jpeg 768w\" sizes=\"auto, (max-width: 800px) 100vw, 800px\" \/><\/a><\/p>\n<p>&nbsp;<\/p>\n<p>&nbsp;<\/p>\n<p><strong>STATALE 641 DI PASSA FEDAIA COMUNE DI CANAZEI IN PROSSIMITA&#8217; DEL LAGO<\/strong> fino a venerdi chiusura al transito dalle 7 alle 18<br \/>\n&#8212;<br \/>\n<strong>PROVINCIALE 347 DEL DURAN E CEREDA IN LOCALITA&#8217; FORCELLA AURINE<\/strong>, fino a venerdi senso unico alternato regolato da movieri con possibili interruzioni al traffico della durata massima di 15 minuti in entrambi i sensi di marcia, per lavoro taglio alberi in prossimit\u00e0 della strada.<br \/>\n&#8212;<br \/>\n<strong>PROVINCIALE 3 DELLA VAL IMPERINA IN COMUNE DI RIVAMONTE LOCALITA&#8217; PONTE ALTO<\/strong>, fino all&#8217;8 novembre inclusi sabato e domenica, senso unico alternato regolato da impianto semaforico, lavori di ripristino funzionale del muro di sostegno e posa barriere laterali.<br \/>\n&#8212;<br \/>\n<strong>PROVINCIALE 346 DEL SAN PELLEGRINO IN COMUNE DI FALCADE LOCALITA&#8217; BIVIO PASSO VALLES<\/strong> fino al 5 novembre sabato e domenica compresi, senso unico alternato regolato da semaforo per il ripristino della funzionalit\u00e0 delle barriera di sicurezza<\/p>\n<p>&nbsp;<\/p>\n<p>&nbsp;<\/p>\n<p>&nbsp;<\/p>\n<p>&nbsp;<\/p>\n<p><a class=\"dt-pswp-item\" href=\"http:\/\/www.radiopiu.net\/wordpress\/wp-content\/uploads\/2018\/09\/WhatsApp-Image-2018-09-20-at-16.04.06.jpeg\" data-dt-img-description=\"\" data-large_image_width=\"800\" data-large_image_height=\"100\"><img loading=\"lazy\" decoding=\"async\" class=\"alignnone wp-image-61378 size-full\" src=\"http:\/\/www.radiopiu.net\/wordpress\/wp-content\/uploads\/2018\/09\/WhatsApp-Image-2018-09-20-at-16.04.06.jpeg\" alt=\"\" width=\"800\" height=\"100\" srcset=\"https:\/\/www.radiopiu.net\/wordpress\/wp-content\/uploads\/2018\/09\/WhatsApp-Image-2018-09-20-at-16.04.06.jpeg 800w, https:\/\/www.radiopiu.net\/wordpress\/wp-content\/uploads\/2018\/09\/WhatsApp-Image-2018-09-20-at-16.04.06-300x38.jpeg 300w, https:\/\/www.radiopiu.net\/wordpress\/wp-content\/uploads\/2018\/09\/WhatsApp-Image-2018-09-20-at-16.04.06-768x96.jpeg 768w\" sizes=\"auto, (max-width: 800px) 100vw, 800px\" \/><\/a><\/p>\n<h1>PREVISIONI DEL TEMPO DA OGGI A SABATO<\/h1>\n<p><strong>Mercoledi 17<\/strong><br \/>\nTempo atteso: Cielo perlopi\u00f9 nuvoloso al mattino con annuvolamenti irregolari medio-alti e locali nubi basse, con qualche sporadico fenomeno non escluso sulle Prealpi. Al pomeriggio attenuazione della nuvolosit\u00e0 e assenza di fenomeni. Clima diurno relativamente mite.<br \/>\nPrecipitazioni: Fino alle ore centrali non esclusi isolati piovaschi sulle Prealpi (30\/40%), perlopi\u00f9 assenti sulle Dolomiti (10\/20%). Al pomeriggio generalmente assenti (0\/10%).<br \/>\nTemperature: Minime in contenuto aumento; massime stazionarie. Su Prealpi a 1500 m min 8\u00b0C max 10\u00b0C, a 2000 m min 5\u00b0C max 7\u00b0C. Su Dolomiti a 2000 m min 4\u00b0C max 8\u00b0C, a 3000 m min 0\u00b0C max 2\u00b0C.<br \/>\nVenti: Nelle valli deboli di direzione variabile; in quota deboli sud-occidentali, a 5-10 km\/h a 2000 m, 5-15 km\/h a 3000 m.<br \/>\n<strong>Giovedi 18<\/strong><br \/>\nTempo atteso: Tempo maggiormente soleggiato, anche se permarr\u00e0 l&#8217;insidia di nubi basse, specie al mattino, mentre in giornata si faranno strada schiarite pi\u00f9 ampie dei giorni precedenti con cielo poco nuvoloso anche per sottili velature.<br \/>\nPrecipitazioni: Assenti (0%).<br \/>\nTemperature: Minime in lieve calo nelle valli, in lieve rialzo in quota; massime in lieve aumento. Su Prealpi a 1500 m min 9\u00b0C max 12\u00b0C, a 2000 m min 6\u00b0C max 9\u00b0C. Su Dolomiti a 2000 m min 5\u00b0C max 10\u00b0C, a 3000 m min 1\u00b0C max 2\u00b0C<br \/>\nVenti: Nelle valli deboli di direzione variabile; in quota deboli da Nord-Est, a 5-10 km\/h a 2000 m, 5-15 km\/h a 3000 m.<br \/>\n<strong>Venerdi 19<\/strong><br \/>\nTempo perlopi\u00f9 soleggiato e stabile, ancora con possibili locali nubi basse al mattino, con cielo sereno o poco nuvoloso. Clima diurno mite per la stagione, fresco al mattino con modesta inversione termica in caso di notte serena.<br \/>\n<strong>Sabato 20<\/strong><br \/>\nTempo soleggiato e stabile con cielo perlopi\u00f9 sereno o poco nuvoloso, fresco al mattino con modesta inversione termica, mite di giorno per la stagione. Venti deboli nord-orientali. Previsore: G.M.<\/p>\n<p>&nbsp;<\/p>\n","protected":false},"excerpt":{"rendered":"<p>&nbsp; RITROVATA PERSONA IN DIFFICOLT\u00c0 Ieri sera verso le 21 il Soccorso alpino di Pieve di Cadore \u00e8 stato allertato per un escursionista in difficolt\u00e0 al rientro da una camminata al Rifugio Chiggiato. Una squadra si \u00e8 portata in Val d&#8217;Oten e ha illuminato con un faro il versante tagliato dal sentiero. Fortunatamente l&#8217;uomo, un&hellip;<\/p>\n","protected":false},"author":1,"featured_media":64210,"comment_status":"closed","ping_status":"closed","sticky":false,"template":"","format":"standard","meta":{"_monsterinsights_skip_tracking":false,"_monsterinsights_sitenote_active":false,"_monsterinsights_sitenote_note":"","_monsterinsights_sitenote_category":0,"footnotes":""},"categories":[86],"tags":[],"class_list":["post-64136","post","type-post","status-publish","format-standard","has-post-thumbnail","hentry","category-gr","category-86","description-off"],"img_url":"https:\/\/www.radiopiu.net\/wordpress\/wp-content\/uploads\/2018\/10\/INT.-3409-2018-10-16-2.jpg","_links":{"self":[{"href":"https:\/\/www.radiopiu.net\/wordpress\/wp-json\/wp\/v2\/posts\/64136","targetHints":{"allow":["GET"]}}],"collection":[{"href":"https:\/\/www.radiopiu.net\/wordpress\/wp-json\/wp\/v2\/posts"}],"about":[{"href":"https:\/\/www.radiopiu.net\/wordpress\/wp-json\/wp\/v2\/types\/post"}],"author":[{"embeddable":true,"href":"https:\/\/www.radiopiu.net\/wordpress\/wp-json\/wp\/v2\/users\/1"}],"replies":[{"embeddable":true,"href":"https:\/\/www.radiopiu.net\/wordpress\/wp-json\/wp\/v2\/comments?post=64136"}],"version-history":[{"count":0,"href":"https:\/\/www.radiopiu.net\/wordpress\/wp-json\/wp\/v2\/posts\/64136\/revisions"}],"wp:featuredmedia":[{"embeddable":true,"href":"https:\/\/www.radiopiu.net\/wordpress\/wp-json\/wp\/v2\/media\/64210"}],"wp:attachment":[{"href":"https:\/\/www.radiopiu.net\/wordpress\/wp-json\/wp\/v2\/media?parent=64136"}],"wp:term":[{"taxonomy":"category","embeddable":true,"href":"https:\/\/www.radiopiu.net\/wordpress\/wp-json\/wp\/v2\/categories?post=64136"},{"taxonomy":"post_tag","embeddable":true,"href":"https:\/\/www.radiopiu.net\/wordpress\/wp-json\/wp\/v2\/tags?post=64136"}],"curies":[{"name":"wp","href":"https:\/\/api.w.org\/{rel}","templated":true}]}}