{"id":64239,"date":"2018-10-18T05:54:41","date_gmt":"2018-10-18T03:54:41","guid":{"rendered":"http:\/\/www.radiopiu.net\/wordpress\/?p=64239"},"modified":"2018-10-18T10:53:21","modified_gmt":"2018-10-18T08:53:21","slug":"giornale-radiopiu-18-ottobre-2018-direttore-mirko-mezzacasa","status":"publish","type":"post","link":"https:\/\/www.radiopiu.net\/wordpress\/giornale-radiopiu-18-ottobre-2018-direttore-mirko-mezzacasa\/","title":{"rendered":"GIORNALE RADIOPIU 18 OTTOBRE 2018 DIRETTORE MIRKO MEZZACASA"},"content":{"rendered":"<p>TROVATA SENZA VITA DONNA SCOMPARSA<\/p>\n<p>Lentiai (BL), 18 &#8211; 10 &#8211; 18<br \/>\n\u00c8 stata purtroppo ritrovata senza vita S.P., 58 anni, di Lentiai (BL), le cui ricerche erano partite nella notte, dopo che la donna non aveva fatto rientro nella propria abitazione a Stabie. Si trovava vicino a una casera, non distante da casa. Una volta ottenuto il nulla osta dalla magistratura per la rimozione, la salma ricomposta e imbarellata \u00e8 stata trasportata dai soccorritori fino alla strada, per essere affidata al carro funebre. Erano presenti il Soccorso alpino di Feltre, i Vigili del fuoco e i carabinieri.<\/p>\n<p>&nbsp;<\/p>\n<p>&nbsp;<\/p>\n<div class=\"\" data-block=\"true\" data-editor=\"aidit\" data-offset-key=\"bhnkg-0-0\">\n<blockquote>\n<div class=\"_1mf _1mj\" data-offset-key=\"bhnkg-0-0\"><strong>Gestione Servizi Pubblici informa che ad AGORDO nelle LOCALITA&#8217; PARECH, PROMPICAI e TOCCOL, l&#8217;acqua erogata dall&#8217;acquedotto \u00e8 di nuovo potabile e pu\u00f2 essere usata, quindi, per scopi alimentari. Per informazioni \u00e8 possibile contattare il Servizio Clienti ai numeri 800 306 999 (da rete fissa) o 0437\/381299 (da mobile).<\/strong><\/div>\n<\/blockquote>\n<\/div>\n<blockquote>\n<div class=\"\" data-block=\"true\" data-editor=\"aidit\" data-offset-key=\"ck1eu-0-0\"><\/div>\n<\/blockquote>\n<div class=\"\" data-block=\"true\" data-editor=\"aidit\" data-offset-key=\"4q6vs-0-0\">\n<blockquote>\n<div class=\"_1mf _1mj\" data-offset-key=\"4q6vs-0-0\"><\/div>\n<\/blockquote>\n<\/div>\n<div class=\"\" data-block=\"true\" data-editor=\"aidit\" data-offset-key=\"8f8f5-0-0\"><\/div>\n<p>&nbsp;<\/p>\n<p>&nbsp;<\/p>\n<h1>OLIMPIADI, L&#8217;INCONTRO DI IERI A ROMA<\/h1>\n\n\t\t\t<style type='text\/css'>\n\t\t\t\t#gallery-1 {\n\t\t\t\t\tmargin: auto;\n\t\t\t\t}\n\t\t\t\t#gallery-1 .gallery-item {\n\t\t\t\t\tfloat: left;\n\t\t\t\t\tmargin-top: 10px;\n\t\t\t\t\ttext-align: center;\n\t\t\t\t\twidth: 33%;\n\t\t\t\t}\n\t\t\t\t#gallery-1 img {\n\t\t\t\t\tborder: 2px solid #cfcfcf;\n\t\t\t\t}\n\t\t\t\t#gallery-1 .gallery-caption {\n\t\t\t\t\tmargin-left: 0;\n\t\t\t\t}\n\t\t\t\t\/* see gallery_shortcode() in wp-includes\/media.php *\/\n\t\t\t<\/style>\n\t\t<div id='gallery-1' class='dt-gallery-container gallery galleryid-64239 gallery-columns-3 gallery-size-thumbnail'><dl class='gallery-item'>\n\t\t\t\t<dt class='gallery-icon landscape'>\n\t\t\t\t\t<a class=\"rollover\" href='https:\/\/www.radiopiu.net\/wordpress\/giornale-radiopiu-18-ottobre-2018-direttore-mirko-mezzacasa\/zaia-al-coni-4\/'><img loading=\"lazy\" decoding=\"async\" width=\"150\" height=\"150\" src=\"https:\/\/www.radiopiu.net\/wordpress\/wp-content\/uploads\/2018\/10\/Zaia-al-Coni-4-150x150.jpeg\" class=\"attachment-thumbnail size-thumbnail\" alt=\"\" \/><\/a>\n\t\t\t\t<\/dt><\/dl><dl class='gallery-item'>\n\t\t\t\t<dt class='gallery-icon landscape'>\n\t\t\t\t\t<a class=\"rollover\" href='https:\/\/www.radiopiu.net\/wordpress\/giornale-radiopiu-18-ottobre-2018-direttore-mirko-mezzacasa\/zaia-al-coni-3\/'><img loading=\"lazy\" decoding=\"async\" width=\"150\" height=\"150\" src=\"https:\/\/www.radiopiu.net\/wordpress\/wp-content\/uploads\/2018\/10\/Zaia-al-Coni-3-150x150.jpeg\" class=\"attachment-thumbnail size-thumbnail\" alt=\"\" \/><\/a>\n\t\t\t\t<\/dt><\/dl><dl class='gallery-item'>\n\t\t\t\t<dt class='gallery-icon landscape'>\n\t\t\t\t\t<a class=\"rollover\" href='https:\/\/www.radiopiu.net\/wordpress\/giornale-radiopiu-18-ottobre-2018-direttore-mirko-mezzacasa\/zaia-al-coni-2\/'><img loading=\"lazy\" decoding=\"async\" width=\"150\" height=\"150\" src=\"https:\/\/www.radiopiu.net\/wordpress\/wp-content\/uploads\/2018\/10\/Zaia-al-Coni-2-150x150.jpeg\" class=\"attachment-thumbnail size-thumbnail\" alt=\"\" \/><\/a>\n\t\t\t\t<\/dt><\/dl><br style=\"clear: both\" \/>\n\t\t\t<\/div>\n\n<p align=\"JUSTIFY\"><strong>ROMA<\/strong> Il Governatore de Veneto Luca Zaia ha partecipato all&#8217;incontro, tenutosi a Roma, tra il CONI, le Regioni Veneto e Lombardia, e i Comuni di Milano e Cortina, nel quale si \u00e8 intrapresa la fase operativa per la predisposizione del dossier di candidatura per le Olimpiadi invernali 2026.<\/p>\n<p align=\"JUSTIFY\">LUCA ZAIA AI MICROFONI DEI GIORNALISTI\u00a0 \u00a0DOPO L&#8217;INCONTRO<\/p>\n<audio class=\"wp-audio-shortcode\" id=\"audio-64239-1\" preload=\"none\" style=\"width: 100%;\" controls=\"controls\"><source type=\"audio\/mpeg\" src=\"http:\/\/www.radiopiu.net\/wordpress\/wp-content\/uploads\/2018\/10\/ZAIA-OLIMPICO.mp3?_=1\" \/><a href=\"http:\/\/www.radiopiu.net\/wordpress\/wp-content\/uploads\/2018\/10\/ZAIA-OLIMPICO.mp3\">http:\/\/www.radiopiu.net\/wordpress\/wp-content\/uploads\/2018\/10\/ZAIA-OLIMPICO.mp3<\/a><\/audio>\n<p>&nbsp;<\/p>\n<p>&nbsp;<\/p>\n<p>&nbsp;<\/p>\n<h1>FERITI LEGGERI NELL&#8217;INCIDENTE A PIZ<\/h1>\n<p><strong><a class=\"dt-pswp-item\" href=\"http:\/\/www.radiopiu.net\/wordpress\/wp-content\/uploads\/2018\/10\/giornali.jpg\" data-dt-img-description=\"\" data-large_image_width=\"4048\" data-large_image_height=\"2308\"><img loading=\"lazy\" decoding=\"async\" class=\"size-medium wp-image-64321 alignleft\" src=\"http:\/\/www.radiopiu.net\/wordpress\/wp-content\/uploads\/2018\/10\/giornali-300x171.jpg\" alt=\"\" width=\"300\" height=\"171\" srcset=\"https:\/\/www.radiopiu.net\/wordpress\/wp-content\/uploads\/2018\/10\/giornali-300x171.jpg 300w, https:\/\/www.radiopiu.net\/wordpress\/wp-content\/uploads\/2018\/10\/giornali-768x438.jpg 768w, https:\/\/www.radiopiu.net\/wordpress\/wp-content\/uploads\/2018\/10\/giornali-1024x584.jpg 1024w\" sizes=\"auto, (max-width: 300px) 100vw, 300px\" \/><\/a>SOSPIROLO\u00a0<\/strong> Nessuna grave conseguenza per i due giovani a bordo dello \u00a0scooter che ieri \u00e8 finito contro un furgone. I due\u00a0quindicenni, un ragazzo e una ragazza sono stati affidati alle cure mediche del San Martino, il ragazzo per un politrauma, la ragazza per delle botte ma gi\u00e0 ieri sera \u00e8 stata dimessa.\u00a0Hanno urtato un furgone proveniente dalla direzione opposta lungo la strada in localit\u00e0 Piz, a Sospirolo.<\/p>\n<p>&nbsp;<\/p>\n<p>&nbsp;<\/p>\n<p>&nbsp;<\/p>\n<p>&nbsp;<\/p>\n<p>&nbsp;<\/p>\n<h1>IL DEPURATORE IN FUNZIONE ENTRO FINE MESE. NUOVA NOMINA PER L&#8217;UFFICIO TECNICO<\/h1>\n<p><strong><a class=\"dt-pswp-item\" href=\"http:\/\/www.radiopiu.net\/wordpress\/wp-content\/uploads\/2018\/06\/Falcade.jpg\" data-dt-img-description=\"\" data-large_image_width=\"1536\" data-large_image_height=\"2048\"><img loading=\"lazy\" decoding=\"async\" class=\" wp-image-50776 alignleft\" src=\"http:\/\/www.radiopiu.net\/wordpress\/wp-content\/uploads\/2018\/06\/Falcade-225x300.jpg\" alt=\"\" width=\"115\" height=\"153\" srcset=\"https:\/\/www.radiopiu.net\/wordpress\/wp-content\/uploads\/2018\/06\/Falcade-225x300.jpg 225w, https:\/\/www.radiopiu.net\/wordpress\/wp-content\/uploads\/2018\/06\/Falcade-768x1024.jpg 768w, https:\/\/www.radiopiu.net\/wordpress\/wp-content\/uploads\/2018\/06\/Falcade.jpg 1536w\" sizes=\"auto, (max-width: 115px) 100vw, 115px\" \/><\/a>FALCADE<\/strong> Il depuratore del Comune di Falcade entro fine ottobre entrer\u00e0 in funzione a pieno regime, ne da notizia il sindaco Michele Costa. Altra importante comunicazione la nomina del nuovo tecnico comunale sulla base della graduatoria, al primo posto su 5 candidati (1 uomo 4 donne) L&#8217;architetto Roberta Pelizza gi\u00e0 in aiuto all&#8217;ufficio tecnico falcadino e negli uffici dell&#8217;Unione Montana Agordina.<\/p>\n<p>&nbsp;<\/p>\n<p>&nbsp;<\/p>\n<p><strong>il sindaco Michele Costa<\/strong><\/p>\n<audio class=\"wp-audio-shortcode\" id=\"audio-64239-2\" preload=\"none\" style=\"width: 100%;\" controls=\"controls\"><source type=\"audio\/mpeg\" src=\"http:\/\/www.radiopiu.net\/wordpress\/wp-content\/uploads\/2018\/10\/FALCADE-UFFICIO-TECNICO.mp3?_=2\" \/><a href=\"http:\/\/www.radiopiu.net\/wordpress\/wp-content\/uploads\/2018\/10\/FALCADE-UFFICIO-TECNICO.mp3\">http:\/\/www.radiopiu.net\/wordpress\/wp-content\/uploads\/2018\/10\/FALCADE-UFFICIO-TECNICO.mp3<\/a><\/audio>\n<p>&nbsp;<\/p>\n<p>&nbsp;<\/p>\n<p>&nbsp;<\/p>\n<p>&nbsp;<\/p>\n<h1>AUTONOMIA UN ANNO DOPO IL REFERENDUM, UNA STORIA TUTTA DA SCRIVERE. LUNEDI RISULTATI E STRATEGIE, I SINDACI NE PARLERANNO CON I PARLAMENTARI<\/h1>\n<p><strong>DI DAMIANO TORMEN<\/strong><\/p>\n<audio class=\"wp-audio-shortcode\" id=\"audio-64239-3\" preload=\"none\" style=\"width: 100%;\" controls=\"controls\"><source type=\"audio\/mpeg\" src=\"http:\/\/www.radiopiu.net\/wordpress\/wp-content\/uploads\/2018\/10\/la-strada-per-la-sopravvivenza.mp3?_=3\" \/><a href=\"http:\/\/www.radiopiu.net\/wordpress\/wp-content\/uploads\/2018\/10\/la-strada-per-la-sopravvivenza.mp3\">http:\/\/www.radiopiu.net\/wordpress\/wp-content\/uploads\/2018\/10\/la-strada-per-la-sopravvivenza.mp3<\/a><\/audio>\n<p>&nbsp;<\/p>\n<p>&nbsp;<\/p>\n<p>&nbsp;<\/p>\n<blockquote><p><span style=\"font-family: Arial, sans-serif;\"><strong>PERAROLO<\/strong> Gestione Servizi Pubblici informa che a Perarolo di Cadore nel capoluogo e nelle localita&#8217; Belvedere, Fontanelle, Sacco e San Rocco l&#8217;acqua erogata dall&#8217;acquedotto non \u00e8 potabile e pu\u00f2 essere usata per scopi alimentari solo previa bollitura.<\/span><\/p><\/blockquote>\n<p>&nbsp;<\/p>\n<blockquote><p><strong>TAIBON Gestione Servizi Pubblici informa che, per lavori alla rete idrica comunale, OGGI dalle 8.30 a FINE LAVORI verr\u00e0 sospesa l\u2019erogazione dell\u2019acqua a TAIBON AGORDINO, nelle VIE LAGUNAL e AL FORTE. Il personale addetto operer\u00e0 per limitare il pi\u00f9 possibile i disagi alla popolazione.\u00a0<\/strong><\/p><\/blockquote>\n<p>&nbsp;<\/p>\n<blockquote>\n<p align=\"JUSTIFY\">\n<\/blockquote>\n<p>&nbsp;<\/p>\n<p>&nbsp;<\/p>\n<p>&nbsp;<\/p>\n<h1>APPROVATO IL PROGRAMMA STRAORDINARIO DI MANUTENZIONI NEI CORSI D\u2019ACQUA DEL VENETO. SU 5 MILIONI, 500 MILA EURO PER BELLUNO.<\/h1>\n<p><strong><a class=\"dt-pswp-item\" href=\"http:\/\/www.radiopiu.net\/wordpress\/wp-content\/uploads\/2018\/10\/IMG_8755.jpg\" data-dt-img-description=\"\" data-large_image_width=\"1024\" data-large_image_height=\"682\"><img loading=\"lazy\" decoding=\"async\" class=\" wp-image-64243 alignleft\" src=\"http:\/\/www.radiopiu.net\/wordpress\/wp-content\/uploads\/2018\/10\/IMG_8755-300x200.jpg\" alt=\"\" width=\"245\" height=\"163\" srcset=\"https:\/\/www.radiopiu.net\/wordpress\/wp-content\/uploads\/2018\/10\/IMG_8755-300x200.jpg 300w, https:\/\/www.radiopiu.net\/wordpress\/wp-content\/uploads\/2018\/10\/IMG_8755-768x512.jpg 768w, https:\/\/www.radiopiu.net\/wordpress\/wp-content\/uploads\/2018\/10\/IMG_8755.jpg 1024w\" sizes=\"auto, (max-width: 245px) 100vw, 245px\" \/><\/a>VENEZIA\u00a0<\/strong> Per il Veneto vale quasi 5 milioni di euro (4.950.000 il dato preciso) il piano straordinario di manutenzioni nei corsi d\u2019acqua della rete idrografica che \u00e8 stato approvato nelle Conferenze Istituzionali delle Autorit\u00e0 di Distretto delle Alpi Orientali e del Po. A comunicare la buona notizia a conclusione degli incontri \u00e8 l\u2019assessore regionale alla Difesa del Suolo Gianpaolo Bottacin. \u201cSu un complessivo di 50 milioni di euro stanziati dal Ministero dell\u2019Ambiente per questa operazione \u2013 rileva l\u2019Assessore Bottacin \u2013 ben il 10%, arriva in Veneto. Mi pare un segnale decisamente positivo e in controtendenza con il recente passato\u201d.<\/p>\n<blockquote><p><em><strong>In provincia di Belluno sono stati stanziati 500.000 euro per interventi di ripristino e sistemazione degli argini dei torrenti Runal e Tesa, a valle della traversa del ponte di Puos nel Comune di Alpago.<\/strong><\/em><\/p><\/blockquote>\n<p>&nbsp;<\/p>\n<p>&nbsp;<\/p>\n<p>&nbsp;<\/p>\n<h1>DA BELLUNO LIBERI E UGUALI ATTACCA LE POLITICHE DEL MINISTRO SALVINI<\/h1>\n<p><strong>DI<\/strong><\/p>\n<p><strong>DAMIANO TORMEN<\/strong><\/p>\n<audio class=\"wp-audio-shortcode\" id=\"audio-64239-4\" preload=\"none\" style=\"width: 100%;\" controls=\"controls\"><source type=\"audio\/mpeg\" src=\"http:\/\/www.radiopiu.net\/wordpress\/wp-content\/uploads\/2018\/10\/liberi-e-uguali-contro-salvini.mp3?_=4\" \/><a href=\"http:\/\/www.radiopiu.net\/wordpress\/wp-content\/uploads\/2018\/10\/liberi-e-uguali-contro-salvini.mp3\">http:\/\/www.radiopiu.net\/wordpress\/wp-content\/uploads\/2018\/10\/liberi-e-uguali-contro-salvini.mp3<\/a><\/audio>\n<p>&nbsp;<\/p>\n<p>&nbsp;<\/p>\n<p>&nbsp;<\/p>\n<h2>MINORI: IN VENETO LO SCORSO ANNO 573 VITTIME DI ABUSI SESSUALI O MALTRATTAMENTI, ASSESSORE LANZARIN, \u201cIL LAVORO DELLE 5 EQUIPE TERRITORIALI DIVENTI STABILE E PERMANENTE\u201d<\/h2>\n<p><strong><a class=\"dt-pswp-item\" href=\"http:\/\/www.radiopiu.net\/wordpress\/wp-content\/uploads\/2018\/10\/1567-assessore-Lanzarin-presenta-linee-guida-vittime-abusi.jpg\" data-dt-img-description=\"\" data-large_image_width=\"1600\" data-large_image_height=\"1200\"><img loading=\"lazy\" decoding=\"async\" class=\"size-medium wp-image-64257 alignleft\" src=\"http:\/\/www.radiopiu.net\/wordpress\/wp-content\/uploads\/2018\/10\/1567-assessore-Lanzarin-presenta-linee-guida-vittime-abusi-300x225.jpg\" alt=\"\" width=\"300\" height=\"225\" srcset=\"https:\/\/www.radiopiu.net\/wordpress\/wp-content\/uploads\/2018\/10\/1567-assessore-Lanzarin-presenta-linee-guida-vittime-abusi-300x225.jpg 300w, https:\/\/www.radiopiu.net\/wordpress\/wp-content\/uploads\/2018\/10\/1567-assessore-Lanzarin-presenta-linee-guida-vittime-abusi-768x576.jpg 768w, https:\/\/www.radiopiu.net\/wordpress\/wp-content\/uploads\/2018\/10\/1567-assessore-Lanzarin-presenta-linee-guida-vittime-abusi-1024x768.jpg 1024w, https:\/\/www.radiopiu.net\/wordpress\/wp-content\/uploads\/2018\/10\/1567-assessore-Lanzarin-presenta-linee-guida-vittime-abusi.jpg 1600w\" sizes=\"auto, (max-width: 300px) 100vw, 300px\" \/><\/a>VENEZIA<\/strong>\u00a0 Da progetto-pilota, sperimentale, a struttura stabile e permanente, garantita dai livelli essenziali di assistenza sociale: questo il percorso in Veneto del servizio di presa in carico di minori maltrattati, vittime o autori di abusi sessuali, svolto dalle cinque equipe interprovinciali multidisciplinari coordinate dalla Regione Veneto. Oggi l\u2019assessore al sociale, Manuela Lanzarin, ha presentato ai referenti delle cinque \u00e9quipes territoriali le linee guida regionali e gli obiettivi di consolidamento e potenziamento del servizio. \u201cL\u2019esperienza di questi anni conferma la necessit\u00e0 e la validit\u00e0 del servizio specialistico offerto dalle cinque \u00e9quipes interprovinciali attive nelle Ulss di Padova, Venezia, Treviso, Vicenza, Verona a beneficio dell\u2019intero territorio regionale \u2013 ha sottolineato l\u2019assessore &#8211; Dei 573 i minori presi in carico lo scorso anno, 423 sono stati nuovi accessi. Nei primi sei mesi di quest\u2019anno i casi affrontati dalle cinque \u00e9quipes sono stati 499, di cui 290 di primo accesso. Anche questo \u00e8 un indicatore della consistenza fenomeno e del bisogno di attivare su scala regionale percorsi organizzati di ascolto, protezione, accompagnamento e terapia\u201d. I 25 professionisti delle cinque \u00e9quipes (psicologi-psicoterapeuti coadiuvati dalla consulenza di neuropsichiatri infantili e <a class=\"dt-pswp-item\" href=\"http:\/\/www.radiopiu.net\/wordpress\/wp-content\/uploads\/2018\/10\/1567-2018-operatori-equipe-interprovinciali-vittime-abusi.jpg\" data-dt-img-description=\"\" data-large_image_width=\"1600\" data-large_image_height=\"1200\"><img loading=\"lazy\" decoding=\"async\" class=\"size-medium wp-image-64256 alignright\" src=\"http:\/\/www.radiopiu.net\/wordpress\/wp-content\/uploads\/2018\/10\/1567-2018-operatori-equipe-interprovinciali-vittime-abusi-300x225.jpg\" alt=\"\" width=\"300\" height=\"225\" srcset=\"https:\/\/www.radiopiu.net\/wordpress\/wp-content\/uploads\/2018\/10\/1567-2018-operatori-equipe-interprovinciali-vittime-abusi-300x225.jpg 300w, https:\/\/www.radiopiu.net\/wordpress\/wp-content\/uploads\/2018\/10\/1567-2018-operatori-equipe-interprovinciali-vittime-abusi-768x576.jpg 768w, https:\/\/www.radiopiu.net\/wordpress\/wp-content\/uploads\/2018\/10\/1567-2018-operatori-equipe-interprovinciali-vittime-abusi-1024x768.jpg 1024w, https:\/\/www.radiopiu.net\/wordpress\/wp-content\/uploads\/2018\/10\/1567-2018-operatori-equipe-interprovinciali-vittime-abusi.jpg 1600w\" sizes=\"auto, (max-width: 300px) 100vw, 300px\" \/><\/a>da altre figure tecniche come gli esperti di psicomotricit\u00e0) lo scorso anno hanno incontrato e valutato 573 bambini e ragazzi che hanno vissuto situazioni di abuso sessuale o di grave maltrattamento: di questi, 328 erano bambine o ragazze. I minori vittime di abuso sessuale sono state 313; per altri 60 gli abusi sessuali si sommavano anche a gravi maltrattamenti; 181 denunciavano maltrattamenti, in famiglia o per fenomeni di bullismo; 19 gli autori di reato. Le prestazioni erogate sono state quasi 13 mila tra ascolto giudiziario (1480), consulenza (1897), valutazione diagnostica (5052) e presa in carico terapeutica (4376). \u201cQuesta amministrazione regionale ha incrementato il numero delle \u00e9quipes interprovinciali da 2 a 5 e ha adottato un modello operativo uniforme per prevenire, proteggere e curare i minori vittime\/autori di abuso sessuale e grave maltrattamento \u2013 ha sottolineato l\u2019assessore &#8211; Con l\u2019adozione di linee guida regionali e con la stabilizzazione del finanziamento annuo (700 mila euro a bilancio nelle due ultime annualit\u00e0) il Veneto supera la sperimentazione e garantisce un servizio qualificato e permanente, dotato di banca dati e di procedure operative condivise nell\u2019intero territorio regionale, supportato dal lavoro di ricerca del Dipartimento di Psicologia dello Sviluppo dell\u2019Universit\u00e0 di Padova. L\u2019assistenza delle \u00e9quipes multidisciplinari a bambini e ragazzi vittime o testimoni di violenze e\/o maltrattamenti pu\u00f2 cos\u00ec diventare un percorso garantito, qualificato ed efficace al quale servizi territoriali, autorit\u00e0 giudiziaria, famiglie e singoli possono accedere senza oneri\u201d.<\/p>\n<p>&nbsp;<\/p>\n<p>&nbsp;<\/p>\n<p>&nbsp;<\/p>\n<p>&nbsp;<\/p>\n<p>&nbsp;<\/p>\n<p>&nbsp;<\/p>\n<h1>TRE BELLUNESI NEL CONSIGLIO AUTONOMIE LOCALI<\/h1>\n<blockquote><p><em>\u00abCONGRATULAZIONI, ORA AL LAVORO PER L&#8217;AUTONOMIA\u00bb<\/em><\/p><\/blockquote>\n<p><a class=\"dt-pswp-item\" href=\"http:\/\/www.radiopiu.net\/wordpress\/wp-content\/uploads\/2015\/12\/bard.jpg\" data-dt-img-description=\"\" data-large_image_width=\"128\" data-large_image_height=\"128\"><img loading=\"lazy\" decoding=\"async\" class=\" wp-image-14147 alignleft\" src=\"http:\/\/www.radiopiu.net\/wordpress\/wp-content\/uploads\/2015\/12\/bard.jpg\" alt=\"\" width=\"74\" height=\"74\" \/><\/a>Domenico Belfi, Mario De Bon, Roberto Padrin: questi, in rigoroso ordine alfabetico, i rappresentanti bellunesi entrati pochi giorni fa nel Consiglio delle Autonomie Locali. \u00abCongratulazioni a loro e in bocca al lupo per l&#8217;importante ruolo che occuperanno per la nostra provincia. &#8211; commentano dal movimento Belluno Autonoma Regione Dolomiti \u2013 In quella sede, dove viene data voce agli enti locali nel loro rapporto con la Regione, si dovranno battere per portare avanti provvedimenti che riconoscano e concretizzino l&#8217;autonomia della Provincia di Belluno\u00bb. \u00abQualcosa si \u00e8 mosso a Roma per l&#8217;autonomia del Veneto, e vedremo se e come sar\u00e0 rispettata la data del 22 ottobre per il passaggio dell&#8217;intesa in Consiglio dei Ministri e entro l&#8217;anno in Parlamento. &#8211; continuano dal BARD \u2013 Ma, e lo dimostrano gli Stati generali della montagna convocati ieri a Roma, per il Bellunese \u00e8 stato fatto poco o nulla, sia a livello nazionale che regionale\u00bb. \u00abConfidiamo che la Provincia sieda al pi\u00f9 presto al tavolo delle trattative nazionali, e che i nostri rappresentanti al CAL difendano le istanze dei bellunesi, rimarcate dal successo del referendum provinciale del 22 ottobre scorso. &#8211; concludono dal movimento \u2013 Invitiamo poi tutti loro, cos\u00ec come abbiamo gi\u00e0 fatto in via formale con tutti i sindaci della provincia, ad aderire ai \u201cfuochi dell&#8217;autonomia\u201d in programma sabato sera. Serve il sostegno di tutti per mantenere viva la fiamma dell&#8217;autonomia bellunese\u00bb.<\/p>\n<p>&nbsp;<\/p>\n<p>&nbsp;<\/p>\n<p>&nbsp;<\/p>\n<h1>LUNEDI IN PROVINCIA IL PUNTO SULL&#8217;ATTIVITA&#8217; DEL SERVIZIO DIFESA DEL SUOLO<\/h1>\n<p><strong><a class=\"dt-pswp-item\" href=\"http:\/\/www.radiopiu.net\/wordpress\/wp-content\/uploads\/2018\/10\/image-4.jpg\" data-dt-img-description=\"\" data-large_image_width=\"250\" data-large_image_height=\"375\"><img loading=\"lazy\" decoding=\"async\" class=\"size-medium wp-image-64288 alignright\" src=\"http:\/\/www.radiopiu.net\/wordpress\/wp-content\/uploads\/2018\/10\/image-4-200x300.jpg\" alt=\"\" width=\"200\" height=\"300\" srcset=\"https:\/\/www.radiopiu.net\/wordpress\/wp-content\/uploads\/2018\/10\/image-4-200x300.jpg 200w, https:\/\/www.radiopiu.net\/wordpress\/wp-content\/uploads\/2018\/10\/image-4.jpg 250w\" sizes=\"auto, (max-width: 200px) 100vw, 200px\" \/><\/a>BELLUNO<\/strong> Lo scopo dell&#8217;incontro, voluto dal Presidente della Provincia Roberto Padrin e dal consigliere con delega alla Difesa del Suolo e alla Protezione Civile Massimo Bortoluzzi, \u00e8 fornire informazioni e dati puntuali sullo stato del lavoro svolto dalla Provincia di Belluno in materia di Difesa del Suolo. Sono di competenza provinciale la programmazione, progettazione ed esecuzione degli interventi di difesa idrogeologica e di consolidamento mirati a garantire o, comunque, migliorare la sicurezza dei centri abitati soggetti a dissesti quali frane e valanghe.\u00a0 <em>&#8220;Si tratta di una fotografia dell\u2019operativit\u00e0 svolta dagli uffici sia in tema di studio e di monitoraggio dei fenomeni di dissest, sia sullo stato di attuazione dei progetti e dei lavori realizzati, in fase di attuazione e pronti a partire nell\u2019anno in corso &#8211; dice\u00a0\u00a0Pierantonio Zanchetta (foto) della Direzione Generale Settore Difesa del Suolo, Protezione Civile, Caccia e Pesca &#8211;\u00a0\u00e8 importante perch\u00e9 fa percepire prontamente e puntualmente quanto \u00e8 stato realizzato, \u00e8 in fase di realizzazione e sar\u00e0 realizzato nel prossimo futuro su tutto il territorio della Provincia di Belluno.\u00a0 Suddivisi in momenti distinti e in base al diverso impegno le opere in fase di realizzazione e i relativi importi per dare maggior risalto al lavoro che il Settore Difesa del Suolo e Protezione Civile sta svolgendo: Il censimento e l\u2019analisi dei dissesti (in dodici anni di attivit\u00e0 sono stati eseguiti ed ufficialmente censiti 689 sopralluoghi, per ognuno dei quali \u00e8 stata compilata una scheda tecnica e in molti casi hanno fatto seguito interventi risolutivi o di mitigazione dei fenomeni di dissesto riscontrati); Il monitoraggio delle situazioni a rischio\/ frane\/ crolli potenziali (in alcuni siti particolarmente fragili, a tutela dei centri abitati e delle infrastrutture viarie interessati da fenomeni di dissesto, sono state posizionati strumenti di rilevazione [inclinometri, estensimetri, fessurimetri, ecc.], finalizzati a rilevare il comportamento dei movimenti franosi; gli interventi programmati; gli interventi di urgenza e di somma urgenza, a servizio e\/o supporto ai Comuni, per fronteggiare situazioni di emergenza dovute a calamit\u00e0 naturali che interessano la rete viaria provinciale, le infrastrutture ed abitati; gli interventi vengono effettuati qualora sussista un pericolo per la pubblica incolumit\u00e0 e la immediata necessit\u00e0 di ripristinare la normalit\u00e0; erogazione di contributi ad Unioni Montane e Comuni per interventi di Difesa Idrogeologica&#8221; .<\/em><\/p>\n<p>&nbsp;<\/p>\n<p>&nbsp;<\/p>\n<p>&nbsp;<\/p>\n<p>&nbsp;<\/p>\n<blockquote class=\"wp-embedded-content\" data-secret=\"UFwKoFhKIw\"><p><a href=\"http:\/\/www.radiopiu.net\/wordpress\/belluno-zanoni-pd-guarda-amp-e-bartelle-m5s-ancora-un-cervo-lasciato-morire-bordo-strada-lulss-non-puo-nascondersi-dietro-la-burocrazia\/\">BELLUNO &#8211; Zanoni (PD), Guarda (AMP) e Bartelle (M5S): &#8220;Ancora un cervo lasciato morire bordo strada. L&#8217;Ulss non pu\u00f2 nascondersi dietro la burocrazia&#8221;<\/a><\/p><\/blockquote>\n<p><iframe loading=\"lazy\" class=\"wp-embedded-content\" sandbox=\"allow-scripts\" security=\"restricted\" style=\"position: absolute; clip: rect(1px, 1px, 1px, 1px);\" src=\"http:\/\/www.radiopiu.net\/wordpress\/belluno-zanoni-pd-guarda-amp-e-bartelle-m5s-ancora-un-cervo-lasciato-morire-bordo-strada-lulss-non-puo-nascondersi-dietro-la-burocrazia\/embed\/#?secret=UFwKoFhKIw\" data-secret=\"UFwKoFhKIw\" width=\"600\" height=\"338\" title=\"&#8220;BELLUNO &#8211; Zanoni (PD), Guarda (AMP) e Bartelle (M5S): &#8220;Ancora un cervo lasciato morire bordo strada. L&#8217;Ulss non pu\u00f2 nascondersi dietro la burocrazia&#8221;&#8221; &#8212; Radio Pi\u00f9\" frameborder=\"0\" marginwidth=\"0\" marginheight=\"0\" scrolling=\"no\"><\/iframe><\/p>\n<p>&nbsp;<\/p>\n<p>&nbsp;<\/p>\n<p>&nbsp;<\/p>\n<h1>SPECIALE CENCENIGHE<\/h1>\n<p><strong><a class=\"dt-pswp-item\" href=\"http:\/\/www.radiopiu.net\/wordpress\/wp-content\/uploads\/2018\/10\/38842012_1887316081329244_637022716049752064_n.jpg\" data-dt-img-description=\"\" data-large_image_width=\"960\" data-large_image_height=\"635\"><img loading=\"lazy\" decoding=\"async\" class=\"size-medium wp-image-64266 alignleft\" src=\"http:\/\/www.radiopiu.net\/wordpress\/wp-content\/uploads\/2018\/10\/38842012_1887316081329244_637022716049752064_n-300x198.jpg\" alt=\"\" width=\"300\" height=\"198\" srcset=\"https:\/\/www.radiopiu.net\/wordpress\/wp-content\/uploads\/2018\/10\/38842012_1887316081329244_637022716049752064_n-300x198.jpg 300w, https:\/\/www.radiopiu.net\/wordpress\/wp-content\/uploads\/2018\/10\/38842012_1887316081329244_637022716049752064_n-768x508.jpg 768w, https:\/\/www.radiopiu.net\/wordpress\/wp-content\/uploads\/2018\/10\/38842012_1887316081329244_637022716049752064_n.jpg 960w\" sizes=\"auto, (max-width: 300px) 100vw, 300px\" \/><\/a><\/strong><\/p>\n<p>&nbsp;<\/p>\n<p>&nbsp;<\/p>\n<p>&nbsp;<\/p>\n<p>&nbsp;<\/p>\n<p><strong>DI GIANNI SANTOMASO<\/strong><\/p>\n<h1>PALACENCE 20 ANNI TRA LUNGHE CHIUSURE E QUALCHE APERTURA, STRUTTURA STRATEGICA PER LA VALLATA?<\/h1>\n<audio class=\"wp-audio-shortcode\" id=\"audio-64239-5\" preload=\"none\" style=\"width: 100%;\" controls=\"controls\"><source type=\"audio\/ogg\" src=\"http:\/\/www.radiopiu.net\/wordpress\/wp-content\/uploads\/2018\/10\/gianni-cencenighe-palacence.ogg?_=5\" \/><a href=\"http:\/\/www.radiopiu.net\/wordpress\/wp-content\/uploads\/2018\/10\/gianni-cencenighe-palacence.ogg\">http:\/\/www.radiopiu.net\/wordpress\/wp-content\/uploads\/2018\/10\/gianni-cencenighe-palacence.ogg<\/a><\/audio>\n<p><a class=\"dt-pswp-item\" href=\"http:\/\/www.radiopiu.net\/wordpress\/wp-content\/uploads\/2018\/05\/Mauro-Soppelsa-libero-professionista-perito-edile-56-anni.jpg\" data-dt-img-description=\"Mauro-Soppelsa-libero-professionista-perito-edile-56-anni.jpg\" data-large_image_width=\"1852\" data-large_image_height=\"2218\"><img loading=\"lazy\" decoding=\"async\" class=\" wp-image-48070\" src=\"http:\/\/www.radiopiu.net\/wordpress\/wp-content\/uploads\/2018\/05\/Mauro-Soppelsa-libero-professionista-perito-edile-56-anni-250x300.jpg\" alt=\"\" width=\"98\" height=\"118\" srcset=\"https:\/\/www.radiopiu.net\/wordpress\/wp-content\/uploads\/2018\/05\/Mauro-Soppelsa-libero-professionista-perito-edile-56-anni-250x300.jpg 250w, https:\/\/www.radiopiu.net\/wordpress\/wp-content\/uploads\/2018\/05\/Mauro-Soppelsa-libero-professionista-perito-edile-56-anni-768x920.jpg 768w, https:\/\/www.radiopiu.net\/wordpress\/wp-content\/uploads\/2018\/05\/Mauro-Soppelsa-libero-professionista-perito-edile-56-anni-855x1024.jpg 855w, https:\/\/www.radiopiu.net\/wordpress\/wp-content\/uploads\/2018\/05\/Mauro-Soppelsa-libero-professionista-perito-edile-56-anni.jpg 1852w\" sizes=\"auto, (max-width: 98px) 100vw, 98px\" \/><\/a><\/p>\n<h1>ROTATORIA IN CENTRO, LE PERPLESSITA&#8217; DEL SINDACO, IL CONFRONTO CON VENETO STRADE<\/h1>\n<audio class=\"wp-audio-shortcode\" id=\"audio-64239-6\" preload=\"none\" style=\"width: 100%;\" controls=\"controls\"><source type=\"audio\/ogg\" src=\"http:\/\/www.radiopiu.net\/wordpress\/wp-content\/uploads\/2018\/10\/gianni-rotatoria.ogg?_=6\" \/><a href=\"http:\/\/www.radiopiu.net\/wordpress\/wp-content\/uploads\/2018\/10\/gianni-rotatoria.ogg\">http:\/\/www.radiopiu.net\/wordpress\/wp-content\/uploads\/2018\/10\/gianni-rotatoria.ogg<\/a><\/audio>\n<p>&nbsp;<\/p>\n<p>&nbsp;<\/p>\n<p>&nbsp;<\/p>\n<h1><\/h1>\n<h1>MAURO CORONA A #CARTA BIANCA\u00a0 ACCENNA ALLA CHIUSURA DELLA LATTERIA DI TAIBON<\/h1>\n<p>Mauro Corona chiamato in causa dalla giornalista Bianca Berlinguer sulle recenti elezioni in Germania ha espresso alcune opinioni sull&#8217;aumento dell&#8221;onda&#8221; verde. Per l&#8217;uomo di Erto l&#8217;occasione di parlare della terra di montagna, in questo caso di Taibon e della latteria che ha chiuso i battenti.<\/p>\n<audio class=\"wp-audio-shortcode\" id=\"audio-64239-7\" preload=\"none\" style=\"width: 100%;\" controls=\"controls\"><source type=\"audio\/mpeg\" src=\"http:\/\/www.radiopiu.net\/wordpress\/wp-content\/uploads\/2018\/10\/CORONA.mp3?_=7\" \/><a href=\"http:\/\/www.radiopiu.net\/wordpress\/wp-content\/uploads\/2018\/10\/CORONA.mp3\">http:\/\/www.radiopiu.net\/wordpress\/wp-content\/uploads\/2018\/10\/CORONA.mp3<\/a><\/audio>\n<p><strong>SERVIZIO RADIO PIU SULLA CHIUSURA DELLA LATTERIA 2 GIORNI FA\u00a0<\/strong><\/p>\n<blockquote class=\"wp-embedded-content\" data-secret=\"e5MBrbjSnV\"><p><a href=\"http:\/\/www.radiopiu.net\/wordpress\/la-chiusura-della-latteria-di-peden-e-una-grossa-perdita-per-tutta-la-comunita\/\">La chiusura della latteria di Peden \u00e8 una grossa perdita per tutta la\u00a0 comunit\u00e0<\/a><\/p><\/blockquote>\n<p><iframe loading=\"lazy\" class=\"wp-embedded-content\" sandbox=\"allow-scripts\" security=\"restricted\" style=\"position: absolute; clip: rect(1px, 1px, 1px, 1px);\" src=\"http:\/\/www.radiopiu.net\/wordpress\/la-chiusura-della-latteria-di-peden-e-una-grossa-perdita-per-tutta-la-comunita\/embed\/#?secret=e5MBrbjSnV\" data-secret=\"e5MBrbjSnV\" width=\"600\" height=\"338\" title=\"&#8220;La chiusura della latteria di Peden \u00e8 una grossa perdita per tutta la\u00a0 comunit\u00e0&#8221; &#8212; Radio Pi\u00f9\" frameborder=\"0\" marginwidth=\"0\" marginheight=\"0\" scrolling=\"no\"><\/iframe><\/p>\n<p>&nbsp;<\/p>\n<p>&nbsp;<\/p>\n<p>&nbsp;<\/p>\n<h1>GIORNATA IN COMPAGNIA A SEDICO<\/h1>\n<p><strong><a class=\"dt-pswp-item\" href=\"http:\/\/www.radiopiu.net\/wordpress\/wp-content\/uploads\/2018\/01\/SEDICO.jpg\" data-dt-img-description=\"\" data-large_image_width=\"259\" data-large_image_height=\"194\"><img loading=\"lazy\" decoding=\"async\" class=\"size-full wp-image-42055 alignleft\" src=\"http:\/\/www.radiopiu.net\/wordpress\/wp-content\/uploads\/2018\/01\/SEDICO.jpg\" alt=\"\" width=\"259\" height=\"194\" \/><\/a><\/strong><\/p>\n<p>&nbsp;<\/p>\n<p>&nbsp;<\/p>\n<p>&nbsp;<\/p>\n<p>&nbsp;<\/p>\n<p>&nbsp;<\/p>\n<p><strong>DI DAMIANO TORMEN<\/strong><\/p>\n<audio class=\"wp-audio-shortcode\" id=\"audio-64239-8\" preload=\"none\" style=\"width: 100%;\" controls=\"controls\"><source type=\"audio\/mpeg\" src=\"http:\/\/www.radiopiu.net\/wordpress\/wp-content\/uploads\/2018\/10\/giornata-in-compagnia-a-sedico.mp3?_=8\" \/><a href=\"http:\/\/www.radiopiu.net\/wordpress\/wp-content\/uploads\/2018\/10\/giornata-in-compagnia-a-sedico.mp3\">http:\/\/www.radiopiu.net\/wordpress\/wp-content\/uploads\/2018\/10\/giornata-in-compagnia-a-sedico.mp3<\/a><\/audio>\n<p>&nbsp;<\/p>\n<p>&nbsp;<\/p>\n<p>&nbsp;<\/p>\n<h1>DALLA MOSTRA DEL CINEMA DI VENEZIA AD ARABBA, IL FILM SULLA GRANDE GUERRA RACCONTATO DAI PROTAGONISTI DI ALLORA<\/h1>\n<p><strong><a class=\"dt-pswp-item\" href=\"http:\/\/www.radiopiu.net\/wordpress\/wp-content\/uploads\/2018\/10\/locandina.jpg\" data-dt-img-description=\"\" data-large_image_width=\"420\" data-large_image_height=\"592\"><img loading=\"lazy\" decoding=\"async\" class=\"size-medium wp-image-64241 alignleft\" src=\"http:\/\/www.radiopiu.net\/wordpress\/wp-content\/uploads\/2018\/10\/locandina-213x300.jpg\" alt=\"\" width=\"213\" height=\"300\" srcset=\"https:\/\/www.radiopiu.net\/wordpress\/wp-content\/uploads\/2018\/10\/locandina-213x300.jpg 213w, https:\/\/www.radiopiu.net\/wordpress\/wp-content\/uploads\/2018\/10\/locandina.jpg 420w\" sizes=\"auto, (max-width: 213px) 100vw, 213px\" \/><\/a><\/strong><\/p>\n<p>&nbsp;<\/p>\n<p><strong>LIVINALLONGO<\/strong> I bambini della Grande Guerra \u00e8 un film di Alessandro Bettero ambientato ai tempi della Prima Guerra Mondiale anche sentendo le testimonianze di tre anziane del territorio Fodom. Paola cenentaria, Rosa e Guglielmina ultra novantenni e due persone importanti del territorio: Benigno e Rosa. Il film gi\u00e0 presentato alla Mostra del Cinema al Lido di Venezia, sabato alle 14.30 verr\u00e0 proiettato a Villa San Giuseppe di Livinallongo ed in serata alle 20.30 al centro congressi di Arabba, ingresso gratuito e libero a tutti.<\/p>\n<p><strong>Ne abbiamo parlato con il regista del film, Alessandro Bettero.<\/strong><\/p>\n<audio class=\"wp-audio-shortcode\" id=\"audio-64239-9\" preload=\"none\" style=\"width: 100%;\" controls=\"controls\"><source type=\"audio\/mpeg\" src=\"http:\/\/www.radiopiu.net\/wordpress\/wp-content\/uploads\/2018\/10\/regista.mp3?_=9\" \/><a href=\"http:\/\/www.radiopiu.net\/wordpress\/wp-content\/uploads\/2018\/10\/regista.mp3\">http:\/\/www.radiopiu.net\/wordpress\/wp-content\/uploads\/2018\/10\/regista.mp3<\/a><\/audio>\n<p><strong>I Bambini della Grande Guerra, l&#8217;unica storia al mondo della Grande Guerra raccontata dagli ultimi superstiti: i bambini di allora<\/strong><\/p>\n<blockquote><p><em>Un film di Alessandro Bettero. Documentario, durata 108 min. &#8211; Italia 2018. Centenari e ltracentenari, e i figli dei soldati. Sono gli ultimi testimoni della Prima Guerra mondiale combattuta sul fronte italiano. Vissero la guerra in casa, dall&#8217;Isonzo all&#8217;Adige quando l&#8217;Italia Nord orientale era contemporaneamente un campo di battaglia e un territorio abitato. Famiglie intere, spesso imparentate tra loro, si ritrovarono involontariamente nemiche su fronti opposti. Da una parte: italiani, francesi, inglesi, americani e cecoslovacchi. Dall&#8217;altra: austriaci, tedeschi e ungheresi. Questa \u00e8 l&#8217;unica storia al mondo della Grande Guerra raccontata dagli ultimi superstiti: i bambini di allora. (da www.mymovies.it)<\/em><\/p><\/blockquote>\n<p><strong>ALESSANDRO BETTERO<\/strong>\u00a0sceneggiatore e regista: \u201cI bambini della Grande Guerra\u201d (2018), \u201cBullies in the Kitchen\u201d (2016), \u201cThe Lace, a Venetian Art\u201d (2012, Gold Remi Award al 45\u00b0 WorldFest di Houston, USA), \u201cAround the World in 80 Years\u201d (2011, Biografilm Festival Bologna, Selezione ufficiale; Gold Remi Award al 44\u00b0 WorldFest di Houston, USA), \u201cGenesis\u201d (2010), \u201cCarlo Goldoni \u2013 Venezia Gran Teatro del Mondo\u201d (2007, 64\u00b0 Mostra del Cinema di Venezia; 27\u00b0 Festival of Film on Arts di Montr\u00e9al, Canada), \u201cBino Rebellato \u2013 Ritratto di un Poeta\u201d (2006, Giornata mondiale della Poesia UNESCO), \u201cLezioni di volo per giovani delfini\u201d (2002), \u201cCon gli occhi del cuore\u201d (2000), \u201cLe mie radici \u2013 My Roots\u201d (1999<\/p>\n<p>VIDEO PROMO<br \/>\n<iframe loading=\"lazy\" src=\"https:\/\/player.vimeo.com\/video\/279331203?title=0&amp;byline=0&amp;portrait=0\" width=\"640\" height=\"360\" frameborder=\"0\" allowfullscreen=\"allowfullscreen\"><\/iframe><\/p>\n<p><a href=\"https:\/\/vimeo.com\/279331203\">I BAMBINI DELLA GRANDE GUERRA (THE CHILDREN OF THE GREAT WAR) &#8211; Trailer<\/a> from <a href=\"https:\/\/vimeo.com\/thechildrenofthegreatwar\">I BAMBINI DELLA GRANDE GUERRA<\/a> on <a href=\"https:\/\/vimeo.com\">Vimeo<\/a>.<\/p>\n<p>&nbsp;<\/p>\n<p>&nbsp;<\/p>\n<p>&nbsp;<\/p>\n<p>&nbsp;<\/p>\n<p>&nbsp;<\/p>\n<p>&nbsp;<\/p>\n<p>&nbsp;<\/p>\n<p>&nbsp;<\/p>\n<blockquote><p>&nbsp;<\/p><\/blockquote>\n<h1><\/h1>\n<blockquote><p>&nbsp;<\/p><\/blockquote>\n<h1>IL COMITATO D&#8217;INTESA AVR\u00c0 UN NUOVO PRESIDENTE UNIONE DEI CSV DI BELLUNO E TREVISO IN CORSO<\/h1>\n<p><strong><a class=\"dt-pswp-item\" href=\"http:\/\/www.radiopiu.net\/wordpress\/wp-content\/uploads\/2018\/10\/Giorgio-Zampieri.jpg\" data-dt-img-description=\"\" data-large_image_width=\"1920\" data-large_image_height=\"1080\"><img loading=\"lazy\" decoding=\"async\" class=\"size-medium wp-image-64245 alignleft\" src=\"http:\/\/www.radiopiu.net\/wordpress\/wp-content\/uploads\/2018\/10\/Giorgio-Zampieri-300x169.jpg\" alt=\"\" width=\"300\" height=\"169\" srcset=\"https:\/\/www.radiopiu.net\/wordpress\/wp-content\/uploads\/2018\/10\/Giorgio-Zampieri-300x169.jpg 300w, https:\/\/www.radiopiu.net\/wordpress\/wp-content\/uploads\/2018\/10\/Giorgio-Zampieri-768x432.jpg 768w, https:\/\/www.radiopiu.net\/wordpress\/wp-content\/uploads\/2018\/10\/Giorgio-Zampieri-1024x576.jpg 1024w, https:\/\/www.radiopiu.net\/wordpress\/wp-content\/uploads\/2018\/10\/Giorgio-Zampieri.jpg 1920w\" sizes=\"auto, (max-width: 300px) 100vw, 300px\" \/><\/a>BELLUNO<\/strong> Giorgio Zampieri non si ricandider\u00e0 a consigliere del Comitato d&#8217;Intesa. La decisione \u00e8 stata presa alla soglia della prossima assemblea del Comitato d&#8217;Intesa, in programma sabato 27 ottobre alle 15.30 nella sala riunioni dell&#8217;ospedale San Martino di Belluno, durante la quale saranno anche rinnovati gli organi sociali con l&#8217;elezione del nuovo direttivo. All&#8217;assemblea sono come sempre invitate tutte le associazioni aderenti, ma anche quelle non aderenti e comunque interessate a sostenere del coordinamento delle associazioni volontaristiche della provincia. Contestualmente, anche lo storico segretario Dario Emeri ha deciso di rimettere il suo incarico in nuove mani. Cambier\u00e0\u00a0 l\u2019assetto dei Centri di servizio per il volontariato (Csv) di tutto il territorio nazionale: entro il 2019 ne saranno operativi soltanto 49. Lo ha deciso l\u2019Organismo nazionale di controllo dei Csv (Onc) che nell\u2019ultima riunione della fondazione del 10 ottobre ha dato seguito ad un percorso gi\u00e0 avviato in questi ultimi anni, che ha portato i Csv attivi dai 78 iniziali ai 65 attuali. Cambier\u00e0 contestualmente anche il volto dei Csv del Veneto: dai sette centri di servizio attivi fino ad oggi ne resteranno cinque: soltanto Venezia, Verona e Vicenza non subiranno cambiamenti, mentre Belluno (primo Csv d\u2019Italia) si fonder\u00e0 con Treviso, Padova con Rovigo. I dettagli dell&#8217;operazione devono ancora essere chiaramente definiti e condivisi.<\/p>\n<p>&nbsp;<\/p>\n<p>&nbsp;<\/p>\n<p>&nbsp;<\/p>\n<p>&nbsp;<\/p>\n<p>&nbsp;<\/p>\n<h1>PIETRO URPI UN NON BASCO ALLA RICERCA DI LIBERTA&#8217;,\u00a0 TRA I BASCHI DEL MONDO. A VENEZIA SCATTA L&#8217;INTERVISTA<\/h1>\n<p><a class=\"dt-pswp-item\" href=\"http:\/\/www.radiopiu.net\/wordpress\/wp-content\/uploads\/2018\/10\/1623751_10202412855775657_1009350856_n.jpg\" data-dt-img-description=\"\" data-large_image_width=\"150\" data-large_image_height=\"150\"><img loading=\"lazy\" decoding=\"async\" class=\"alignnone size-full wp-image-64268\" src=\"http:\/\/www.radiopiu.net\/wordpress\/wp-content\/uploads\/2018\/10\/1623751_10202412855775657_1009350856_n.jpg\" alt=\"\" width=\"150\" height=\"150\" \/><\/a><strong>DI GIANNI SANTOMASO<\/strong><\/p>\n<audio class=\"wp-audio-shortcode\" id=\"audio-64239-10\" preload=\"none\" style=\"width: 100%;\" controls=\"controls\"><source type=\"audio\/ogg\" src=\"http:\/\/www.radiopiu.net\/wordpress\/wp-content\/uploads\/2018\/10\/BASCO.ogg?_=10\" \/><a href=\"http:\/\/www.radiopiu.net\/wordpress\/wp-content\/uploads\/2018\/10\/BASCO.ogg\">http:\/\/www.radiopiu.net\/wordpress\/wp-content\/uploads\/2018\/10\/BASCO.ogg<\/a><\/audio>\n<p>&nbsp;<\/p>\n<p>&nbsp;<\/p>\n<p>&nbsp;<\/p>\n<blockquote class=\"wp-embedded-content\" data-secret=\"5x9R33hc6A\"><p><a href=\"http:\/\/www.radiopiu.net\/wordpress\/prezzi-dei-carburanti-alle-stelle-roccon-al-via-subito-una-raccolta-firme\/\">PREZZI DEI CARBURANTI ALLE STELLE &#8211; ROCCON \u201cAL VIA SUBITO UNA RACCOLTA FIRME\u201d<\/a><\/p><\/blockquote>\n<p><iframe loading=\"lazy\" class=\"wp-embedded-content\" sandbox=\"allow-scripts\" security=\"restricted\" style=\"position: absolute; clip: rect(1px, 1px, 1px, 1px);\" src=\"http:\/\/www.radiopiu.net\/wordpress\/prezzi-dei-carburanti-alle-stelle-roccon-al-via-subito-una-raccolta-firme\/embed\/#?secret=5x9R33hc6A\" data-secret=\"5x9R33hc6A\" width=\"600\" height=\"338\" title=\"&#8220;PREZZI DEI CARBURANTI ALLE STELLE &#8211; ROCCON \u201cAL VIA SUBITO UNA RACCOLTA FIRME\u201d&#8221; &#8212; Radio Pi\u00f9\" frameborder=\"0\" marginwidth=\"0\" marginheight=\"0\" scrolling=\"no\"><\/iframe><\/p>\n<p>&nbsp;<\/p>\n<p>&nbsp;<\/p>\n<p>&nbsp;<\/p>\n<p>&nbsp;<\/p>\n<h1>15ESIMA GIORNATA NAZIONALE DEL TREKKING URBANO<\/h1>\n<p><strong><a class=\"dt-pswp-item\" href=\"http:\/\/www.radiopiu.net\/wordpress\/wp-content\/uploads\/2018\/10\/trekking-urbano-2018.png\" data-dt-img-description=\"\" data-large_image_width=\"1587\" data-large_image_height=\"2245\"><img loading=\"lazy\" decoding=\"async\" class=\" wp-image-64247 alignleft\" src=\"http:\/\/www.radiopiu.net\/wordpress\/wp-content\/uploads\/2018\/10\/trekking-urbano-2018-212x300.png\" alt=\"\" width=\"238\" height=\"337\" srcset=\"https:\/\/www.radiopiu.net\/wordpress\/wp-content\/uploads\/2018\/10\/trekking-urbano-2018-212x300.png 212w, https:\/\/www.radiopiu.net\/wordpress\/wp-content\/uploads\/2018\/10\/trekking-urbano-2018-768x1086.png 768w, https:\/\/www.radiopiu.net\/wordpress\/wp-content\/uploads\/2018\/10\/trekking-urbano-2018-724x1024.png 724w, https:\/\/www.radiopiu.net\/wordpress\/wp-content\/uploads\/2018\/10\/trekking-urbano-2018.png 1587w\" sizes=\"auto, (max-width: 238px) 100vw, 238px\" \/><\/a>FELTRE\u00a0<\/strong> Il 2018 \u00e8 stato proclamato \u201cAnno Internazionale del cibo italiano\u201d, con l\u2019obiettivo di valorizzare il patrimonio enogastronomico italiano, con le sue eccellenze e lo stretto legame che unisce il cibo alla cultura. In questa edizione della \u201cGiornata Nazionale del Trekking Urbano\u201d, promossa dal Comune di Siena, si \u00e8 cos\u00ec pensato di coniugare la tematica del trekking alla tradizione enogastronomica nel tema \u201cRaccontami come mangi e ti dir\u00f2 chi sei. Camminando tra cibo, arte e paesaggi alla scoperta della citt\u00e0\u201d. Il progetto del trekking urbano risponde ad esigenze di decentramento e destagionalizzazione dei flussi turistici e propone ai cittadini uno stile di vita pi\u00f9 salutare in cui i percorsi pedonali diventano un modo per conoscere e apprezzare meglio la citt\u00e0.\u00a0 Anche per questa edizione, il Comune di Feltre ha dato la propria adesione \u2013 unico in Provincia di Belluno \u2013 all\u2019iniziativa, organizzando per sabato 27 ottobre una passeggiata guidata che partir\u00e0 dal sagrato del Duomo, salir\u00e0 fino alle pendici del Col Marcelon per poi ridiscendere verso Borgo Ruga e risalire nella Cittadella. Il cibo, aneddoti ad essi legati, e prodotti del territorio saranno il filo conduttore di tutta la passeggiata nel territorio aderente alle Dolomiti patrimonio Unesco, come una sorta di anteprima dell&#8217;antica fiera di S. Matteo. Lungo il percorso saranno allestiti dei piccoli punti di ristoro e di degustazione dei prodotti locali del territorio. La visita guidata sar\u00e0 curata dal personale interno dell&#8217;ufficio cultura. E\u2019 possibile dare la propria adesione attraverso il sito www.visitfeltre.info, sino al raggiungimento dei posti disponibili.<\/p>\n<p>&nbsp;<\/p>\n<p>&nbsp;<\/p>\n<p>&nbsp;<\/p>\n<p>&nbsp;<\/p>\n<h1><\/h1>\n<h1>ARREDAMONT, DAL 27 OTTOBRE\u00a0 PER IL 41ESIMO ANNO<\/h1>\n<p><strong><a class=\"dt-pswp-item\" href=\"http:\/\/www.radiopiu.net\/wordpress\/wp-content\/uploads\/2018\/10\/download-14.jpg\" data-dt-img-description=\"\" data-large_image_width=\"290\" data-large_image_height=\"174\"><img loading=\"lazy\" decoding=\"async\" class=\"size-full wp-image-64244 alignleft\" src=\"http:\/\/www.radiopiu.net\/wordpress\/wp-content\/uploads\/2018\/10\/download-14.jpg\" alt=\"\" width=\"290\" height=\"174\" \/><\/a>LONGARONE<\/strong> La 41.Mostra dell\u2019arredare in montagna va in scena a Longaronefiere da sabato 27 ottobre al 4 novembre:\u00a0 212 diretti e 249 marchi aziendali, provenienti da 13 Regioni italiane (Veneto, Friuli Venezia Giulia, Trentino Alto Adige, Lombardia, Piemonte, Emilia Romagna, Liguria, Puglia, Valle d\u2019Aosta, Toscana, Abruzzo, Lazio e Sicilia) e 9 Paesi esteri (Austria, Svizzera, Lussemburgo, Romania, Polonia, Estonia, Norvegia, Lettonia e Finlandia).<br \/>\nVISITATORI attesi: oltre 30.000 su una superfice di\u00a017.000 metri quadrati.\u00a0<strong>SETTORI ESPOSITIVI\u00a0<\/strong>Mobili e arredi per la casa di montagna \u2013 Complementi di arredo \u2013 Serramenti, scale, pavimenti \u2013 Stufe, caminetti e sistemi di riscaldamento \u2013 Arredobagno \u2013 Materiali per il restauro edilizio.\u00a0<strong>ORARIO D\u2019APERTURA<\/strong> Tutti i giorni: dalle 10.00 alle 19.00 Orario ridotto 29 &#8211; 30 &#8211; 31 ottobre: dalle 14.00 alle 19.00 <strong>INGRESSO<\/strong> Biglietto intero \u20ac 10 &#8211; ridotto \u20ac 6 29-30-31 ottobre: biglietto Intero \u20ac 8 \u2013 gratuito per gli over 65.<\/p>\n<p>&nbsp;<\/p>\n<p>&nbsp;<\/p>\n<p>&nbsp;<\/p>\n<p>&nbsp;<\/p>\n<p>&nbsp;<\/p>\n<h1>COMUNE DI FELTRE: NUOVO BANDO POLITICHE GIOVANILI<\/h1>\n<p align=\"JUSTIFY\"><b><a class=\"dt-pswp-item\" href=\"http:\/\/www.radiopiu.net\/wordpress\/wp-content\/uploads\/2016\/11\/bandi-e-concorsi.jpg\" data-dt-img-description=\"\" data-large_image_width=\"285\" data-large_image_height=\"270\"><img loading=\"lazy\" decoding=\"async\" class=\" wp-image-25479 alignleft\" src=\"http:\/\/www.radiopiu.net\/wordpress\/wp-content\/uploads\/2016\/11\/bandi-e-concorsi.jpg\" alt=\"\" width=\"67\" height=\"63\" \/><\/a>CONCORSO PUBBLICO, PER SOLI ESAMI, PER L\u2019ASSUNZIONE A TEMPO DETERMINATO (36 MESI) E A TEMPO PIENO (36 ORE SETTIMANALI) DI UN ISTRUTTORE DIRETTIVO AMMINISTRATIVO\u00a0<\/b><span style=\"font-size: small;\">La data certa di scadenza per la presentazione delle domande sar\u00e0 pubblicata sul sito del Comune di Feltre.\u00a0<\/span><span style=\"font-size: small;\">Il calendario della preselezione\u00a0 della prova scritta, della prova teorico-pratica e della prova orale sar\u00e0 pubblicato sul sito\u00a0<\/span><span style=\"font-size: small;\"> internet del Comune di Feltre\u00a0<\/span><strong><em><span style=\"color: #000000;\"><span style=\"font-size: small;\">Il bando integrale \u00e8 <\/span><\/span><span style=\"font-size: small;\">scaricabile dal sito del Comune di Feltre\u00a0<\/span><\/em><\/strong><\/p>\n<p>&nbsp;<\/p>\n<p>&nbsp;<\/p>\n<p>&nbsp;<\/p>\n<p>&nbsp;<\/p>\n<h1>GLI INCONTRI DEL CEIS<\/h1>\n<blockquote><p><strong><em>Il primo a Borgo Piave: alcool, cannabis e azzardo<\/em><\/strong><br \/>\n<strong><em>ALCOL, CANNABIS, AZZARDO<\/em><\/strong><\/p><\/blockquote>\n<p><strong><a class=\"dt-pswp-item\" href=\"http:\/\/www.radiopiu.net\/wordpress\/wp-content\/uploads\/2018\/10\/image001.jpg\" data-dt-img-description=\"\" data-large_image_width=\"241\" data-large_image_height=\"70\"><img loading=\"lazy\" decoding=\"async\" class=\"size-full wp-image-64270 alignleft\" src=\"http:\/\/www.radiopiu.net\/wordpress\/wp-content\/uploads\/2018\/10\/image001.jpg\" alt=\"\" width=\"241\" height=\"70\" \/><\/a>BELLUNO\u00a0\u00a0<\/strong>Quale pu\u00f2 essere il prossimo futuro sociale con l\u2019avanzata dirompente di dipendenze vecchie e nuove? Esse divorano soldi, minano il cervello e la mente, distruggono le relazioni familiari e soprattutto la libert\u00e0. Stanno appiattendo al basso, impoverendo, metropoli e paesi, anche quelli della nostra montagna che si spospola. Su questo tema dirompente, di \u201calcol droga e ludopatia\u201d, oggi alle ore 20, nel salone del Centro Ceis in via Rugo 21, a Borgo Piave, parte il ciclo di incontri sui pi\u00f9 scottanti problemi sociali del momento. Gli incontri sono organizzati dal Comitato Popolare di Borgo Piave e Oltrepiave.\u00a0 Il primo ospite relatore \u00e8 il presidente del Ceis don Gigetto De Bortoli, che opera nel Borgo dal 1983. Nell\u2019ex-asilo sorse infatti il primo Centro di Accoglienza, secondo Progetto Uomo. I Bellunesi conoscono tutti bene la passione per gli alcolici, che fa parte della cultura locale, ed \u00e8 nota per le conseguenze pratiche, che si verificano poi sulle strade e non solo. C\u2019\u00e8 un po\u2019 meno consapevolezza che, poco dopo la prima bevuta fatta tra ragazzini, cresce quasi in automatico l\u2019interesse per gli spinelli e quanto va davanti e dietro alla questione della cannabis. In merito a ci\u00f2, al centro della relazione sta il ruolo nel mondo che viene giocato dalla cannabis, che in meno di cinque anni circa, ha attirato gli interessi degli investitori finanziari, alcuni dei quali sono arrivati in borsa e hanno come scopo la liberalizzazione ricreativa della cannabis in tutto il mondo. Famiglie, scuola, sanit\u00e0 non possono pi\u00f9 far finta di niente e possono cominciare a prendere seria posizione, cos\u00ec come lo devono fare per il gioco d\u2019azzardo, che nel solo Bellunese divora \u2013 in loco &#8211; oltre 5 milioni di euro l\u2019anno. E qui non ci sono in ballo soltanto i ragazzi e i giovani. Entrano di scena pure persone adulte e superadulte, cio\u00e8 gli nziani, vari dei quali lasciano tutta la pensione nella macchinette o sui gratta e vinci. Meccanismi tutti interconnessi (per usare un termine digitale) capaci di distruggere risparmi, ricchezza economica, salute e pace sociale. Di qui l\u2019urgenza di vedere e porre in atto delle strategie educative e relazionali capaci di bloccare questa deriva, comprendente ormai tutte le et\u00e0. Al di l\u00e0 della conoscenza o informazione sui temi, questo \u00e8 il vero argomento della serata: la presa di posizione costruttiva e positiva per far fronte al fenomeno dipendenza. Essa \u00e8 chiaramente in mano ai pescecani della finanza, che qui trova il \u201cpetrolio facile\u201d di far contanti, il pieno delle casse senza alcuna fatica. Nessuna attivit\u00e0 al mondo infatti fa girare tanti miliardi in contanti come l\u2019area della dipendenza.<\/p>\n<p>&nbsp;<\/p>\n<p>&nbsp;<\/p>\n<p>&nbsp;<\/p>\n<h1><a class=\"dt-pswp-item\" href=\"http:\/\/www.radiopiu.net\/wordpress\/wp-content\/uploads\/2018\/10\/WhatsApp-Image-2018-09-14-at-09.36.09.jpeg\" data-dt-img-description=\"\" data-large_image_width=\"394\" data-large_image_height=\"591\"><img loading=\"lazy\" decoding=\"async\" class=\" wp-image-64061 alignleft\" src=\"http:\/\/www.radiopiu.net\/wordpress\/wp-content\/uploads\/2018\/10\/WhatsApp-Image-2018-09-14-at-09.36.09-200x300.jpeg\" alt=\"\" width=\"204\" height=\"306\" srcset=\"https:\/\/www.radiopiu.net\/wordpress\/wp-content\/uploads\/2018\/10\/WhatsApp-Image-2018-09-14-at-09.36.09-200x300.jpeg 200w, https:\/\/www.radiopiu.net\/wordpress\/wp-content\/uploads\/2018\/10\/WhatsApp-Image-2018-09-14-at-09.36.09.jpeg 394w\" sizes=\"auto, (max-width: 204px) 100vw, 204px\" \/><\/a><\/h1>\n<h1><\/h1>\n<h1><\/h1>\n<h1><\/h1>\n<h1>SI PUO&#8217; FARE&#8230; IL 3 NOVEMBRE A FALCADE. UN EVENTO PER L&#8217;AGORDINO, UNA SERATA A SCOPO BENIFICO A FAVORE DELLA PETTIROSSO AGORDINO E ASSOCIAZIONE NUOVI TRAGUARDI.<\/h1>\n<p><strong>L&#8217;INVITO DELL&#8217;ATTRICE\u00a0\u00a0<span style=\"color: #ff0000;\"> SILVIA CHIERZI<\/span><\/strong><\/p>\n<audio class=\"wp-audio-shortcode\" id=\"audio-64239-11\" preload=\"none\" style=\"width: 100%;\" controls=\"controls\"><source type=\"audio\/mpeg\" src=\"http:\/\/www.radiopiu.net\/wordpress\/wp-content\/uploads\/2018\/10\/SI-PUO-FARE-3-1.mp3?_=11\" \/><a href=\"http:\/\/www.radiopiu.net\/wordpress\/wp-content\/uploads\/2018\/10\/SI-PUO-FARE-3-1.mp3\">http:\/\/www.radiopiu.net\/wordpress\/wp-content\/uploads\/2018\/10\/SI-PUO-FARE-3-1.mp3<\/a><\/audio>\n<p>&nbsp;<\/p>\n<p>&nbsp;<\/p>\n<p>&nbsp;<\/p>\n<p>&nbsp;<\/p>\n<p>&nbsp;<\/p>\n<p>&nbsp;<\/p>\n<p><a class=\"dt-pswp-item\" href=\"http:\/\/www.radiopiu.net\/wordpress\/wp-content\/uploads\/2018\/09\/appuntamenti.jpeg\" data-dt-img-description=\"\" data-large_image_width=\"800\" data-large_image_height=\"100\"><img loading=\"lazy\" decoding=\"async\" class=\"alignnone wp-image-61958 size-full\" src=\"http:\/\/www.radiopiu.net\/wordpress\/wp-content\/uploads\/2018\/09\/appuntamenti.jpeg\" alt=\"\" width=\"800\" height=\"100\" srcset=\"https:\/\/www.radiopiu.net\/wordpress\/wp-content\/uploads\/2018\/09\/appuntamenti.jpeg 800w, https:\/\/www.radiopiu.net\/wordpress\/wp-content\/uploads\/2018\/09\/appuntamenti-300x38.jpeg 300w, https:\/\/www.radiopiu.net\/wordpress\/wp-content\/uploads\/2018\/09\/appuntamenti-768x96.jpeg 768w\" sizes=\"auto, (max-width: 800px) 100vw, 800px\" \/><\/a><\/p>\n<p>&nbsp;<\/p>\n<p><strong>CENCENIGHE<\/strong> Domenica alle 12.30 tradizionale pranzo annuale della Famiglia Agordina ex Emigranti, all&#8217;Hotel Stella Alpina di Falcade. Sar\u00e0 preceduto dalle messa che verr\u00e0 celebrata alle 10.30 nella chiesa di Canale d&#8217;Agordo in occasione del 40esimo dell&#8217;elezione e morte di Papa Giovanni Paolo Primo ed a ricordo di tutti gli emigranti deceduti in Italia e all&#8217;estero. Informazioni e prenotazioni: Lucia De Toffol, 0437 591492 o presso Hotel Stella Alpina 0437 599046<\/p>\n<p>&nbsp;<\/p>\n<p><strong>TAIBON<\/strong> Domani nella scuola Primaria di Taibon alle 16 si riunisce il consiglio comunale dei ragazzi. Ordine del giorno: elezione presidente e vice nonch\u00e8 scelta dei responsabili di settore. Programma impegni e progetti. Preparazione dell&#8217;intervento per la festa del 4 novembre.<\/p>\n<p>&nbsp;<\/p>\n<p><strong>CANALE D&#8217;AGORDO<\/strong> La Santa Messa nel ricordo della nascita di Papa Giovanni Paolo I \u00e8 in programma per oggi\u00a0 alle ore 18.00 nella chiesa arcipretale di Canale d&#8217;Agordo.<\/p>\n<p>&nbsp;<\/p>\n<p><strong>AGORDO<\/strong> Iniziativa della Biblioteca Civica di Agordo-Circolo Culturale Agordino:\u00a0 la presentazione del volume di Giorgio Fornasier &#8220;I fioi de la roda: storie e notizie sull&#8217;istituto degli esposti di Belluno&#8221;, domani\u00a0 alle\u00a0 20.30 nella sala riunioni della Biblioteca Civica in via 27 aprile di Agordo.\u00a0 L&#8217;autore presenta il suo primo libro storico in cui racconta la storia della roda, cio\u00e8 di quella bussola posta davanti alla chiesa di Loreto a Belluno, dove venivano introdotti nottetempo i bambini rifiutati dalle mamme. L&#8217;opera colma una lacuna nella nostra conoscenza storica non solo della citt\u00e0 ma di tutta la provincia. Infatti i bambini esposti venivano non tanto dalla citt\u00e0, ma specialmente da Agordo, Cadore, Comelico. Il volume mette in evidenza anche la bont\u00e0 della gente di chiesa che si prestava affinch\u00e9 questi esseri indifesi potessero sopravvivere.<\/p>\n<p>&nbsp;<\/p>\n<p><strong>ROCCA PIETORE<\/strong> Il Grop de Bal Marmoleda di Rocca Pietore festeggia i suoi primi 25 anni facendo rivivere la manifestazione Foklor Jalp\u00e8 de la Marmoleda (folclore ai piedi della Marmolada).\u00a0Ricorrono infatti quest&#8217;anno i 5 lustri di attivit\u00e0 del gruppo di ballo che, dopo diverse esibizioni estive in alta quota e in varie vallate ha deciso di fa rivivere la manifestazione che per anni \u00e8 stata momento di incontro di giovani, adulti, bambini e anziani, tutti accumunati dal desiderio di celebrare insieme la passione per il ballo e per le proprie tradizioni. Venerdi, sabato e domenica verr\u00e0 riproposta la festa nella versione 2.0 per festeggiare l&#8217;importante compleanno all&#8217;insegna della buona musica e dell&#8217;ottima cucina ladina, quella tradizionale.\u00a0OGGI ALLE 15.10 E ALLE 21.00, PRESENTAZIONE UFFICIALE ALLA RADIO. OSPITI IN STUDIO DANIEL SIRENA, VALERIO DAVARE, FRANCESCA DE CASSAN<\/p>\n<p>&nbsp;<\/p>\n<p><strong>AGORDO<\/strong> Domani terzo appuntamento con Sere d&#8217;Autunno in Sala Don Tamis con il Cai di Agordo. Ospite l\u2019accademico del Cai Sergio Martini istruttore di alpinismo e scialpinismo, membrodel Gruppo alta montagna<br \/>\nfrancese,\u00a0 proporr\u00e0 un intervento dal titolo \u201cHimalaya montagne del cielo\u201d.<\/p>\n<p>&nbsp;<\/p>\n<p>&nbsp;<\/p>\n<p><a class=\"dt-pswp-item\" href=\"http:\/\/www.radiopiu.net\/wordpress\/wp-content\/uploads\/2018\/09\/viabilita.jpeg\" data-dt-img-description=\"\" data-large_image_width=\"800\" data-large_image_height=\"100\"><img loading=\"lazy\" decoding=\"async\" class=\"alignnone wp-image-61954 size-full\" src=\"http:\/\/www.radiopiu.net\/wordpress\/wp-content\/uploads\/2018\/09\/viabilita.jpeg\" alt=\"\" width=\"800\" height=\"100\" srcset=\"https:\/\/www.radiopiu.net\/wordpress\/wp-content\/uploads\/2018\/09\/viabilita.jpeg 800w, https:\/\/www.radiopiu.net\/wordpress\/wp-content\/uploads\/2018\/09\/viabilita-300x38.jpeg 300w, https:\/\/www.radiopiu.net\/wordpress\/wp-content\/uploads\/2018\/09\/viabilita-768x96.jpeg 768w\" sizes=\"auto, (max-width: 800px) 100vw, 800px\" \/><\/a><\/p>\n<p><strong>STATALE 641 DI PASSA FEDAIA COMUNE DI CANAZEI IN PROSSIMITA&#8217; DEL LAGO<\/strong> fino a domani chiusura al transito dalle 7 alle 18<br \/>\n&#8212;<br \/>\n<strong>PROVINCIALE 347 DEL DURAN E CEREDA IN LOCALITA&#8217; FORCELLA AURINE<\/strong>, fino a domani senso unico alternato regolato da movieri con possibili interruzioni al traffico della durata massima di 15 minuti in entrambi i sensi di marcia, per lavoro taglio alberi in prossimit\u00e0 della strada.<br \/>\n&#8212;<br \/>\n<strong>PROVINCIALE 3 DELLA VAL IMPERINA IN COMUNE DI RIVAMONTE LOCALITA&#8217; PONTE ALTO,<\/strong> fino all&#8217;8 novembre inclusi sabato e domenica, senso unico alternato regolato da impianto semaforico, lavori di ripristino funzionale del muro di sostegno e posa barriere laterali.<br \/>\n&#8212;<br \/>\n<strong>PROVINCIALE 346 DEL SAN PELLEGRINO IN COMUNE DI FALCADE LOCALITA&#8217; BIVIO PASSO VALLES<\/strong> fino al 5 novembre sabato e domenica compresi, senso unico alternato regolato da semaforo per il ripristino della funzionalit\u00e0 delle barriera di sicurezza<\/p>\n<p>&nbsp;<\/p>\n<p>&nbsp;<\/p>\n<h1><a class=\"dt-pswp-item\" href=\"http:\/\/www.radiopiu.net\/wordpress\/wp-content\/uploads\/2018\/09\/sport.jpg\" data-dt-img-description=\"\" data-large_image_width=\"800\" data-large_image_height=\"100\"><img loading=\"lazy\" decoding=\"async\" class=\"alignnone wp-image-60761 size-full\" src=\"http:\/\/www.radiopiu.net\/wordpress\/wp-content\/uploads\/2018\/09\/sport.jpg\" alt=\"\" width=\"800\" height=\"100\" srcset=\"https:\/\/www.radiopiu.net\/wordpress\/wp-content\/uploads\/2018\/09\/sport.jpg 800w, https:\/\/www.radiopiu.net\/wordpress\/wp-content\/uploads\/2018\/09\/sport-300x38.jpg 300w, https:\/\/www.radiopiu.net\/wordpress\/wp-content\/uploads\/2018\/09\/sport-768x96.jpg 768w\" sizes=\"auto, (max-width: 800px) 100vw, 800px\" \/><\/a><\/h1>\n<h1><\/h1>\n<p>&nbsp;<\/p>\n<h1>AGORDINA CALCIO UNDER 18<\/h1>\n<blockquote>\n<h2><em>sono ancora lontani gli obiettivi di stagione<\/em><\/h2>\n<\/blockquote>\n<p><strong>DI MARCO GAZ<\/strong><\/p>\n<audio class=\"wp-audio-shortcode\" id=\"audio-64239-12\" preload=\"none\" style=\"width: 100%;\" controls=\"controls\"><source type=\"audio\/mpeg\" src=\"http:\/\/www.radiopiu.net\/wordpress\/wp-content\/uploads\/2018\/10\/gr-18-agordina-calcio-marco-lorenzi.mp3?_=12\" \/><a href=\"http:\/\/www.radiopiu.net\/wordpress\/wp-content\/uploads\/2018\/10\/gr-18-agordina-calcio-marco-lorenzi.mp3\">http:\/\/www.radiopiu.net\/wordpress\/wp-content\/uploads\/2018\/10\/gr-18-agordina-calcio-marco-lorenzi.mp3<\/a><\/audio>\n<p>&nbsp;<\/p>\n<p>&nbsp;<\/p>\n<p>&nbsp;<\/p>\n<p><a class=\"dt-pswp-item\" href=\"http:\/\/www.radiopiu.net\/wordpress\/wp-content\/uploads\/2018\/09\/WhatsApp-Image-2018-09-20-at-16.04.06.jpeg\" data-dt-img-description=\"\" data-large_image_width=\"800\" data-large_image_height=\"100\"><img loading=\"lazy\" decoding=\"async\" class=\"alignnone wp-image-61378 size-full\" src=\"http:\/\/www.radiopiu.net\/wordpress\/wp-content\/uploads\/2018\/09\/WhatsApp-Image-2018-09-20-at-16.04.06.jpeg\" alt=\"\" width=\"800\" height=\"100\" srcset=\"https:\/\/www.radiopiu.net\/wordpress\/wp-content\/uploads\/2018\/09\/WhatsApp-Image-2018-09-20-at-16.04.06.jpeg 800w, https:\/\/www.radiopiu.net\/wordpress\/wp-content\/uploads\/2018\/09\/WhatsApp-Image-2018-09-20-at-16.04.06-300x38.jpeg 300w, https:\/\/www.radiopiu.net\/wordpress\/wp-content\/uploads\/2018\/09\/WhatsApp-Image-2018-09-20-at-16.04.06-768x96.jpeg 768w\" sizes=\"auto, (max-width: 800px) 100vw, 800px\" \/><\/a><\/p>\n<h1><\/h1>\n<h1>PREVISIONI DEL TEMPO DA OGGI A DOMENICA<\/h1>\n<div><center><b>Giovedi 18<\/b><\/center><b>Tempo atteso: <\/b>Tempo maggiormente soleggiato, anche se permarr\u00e0 l&#8217;insidia di locali nubi basse o foschie\/nebbie al mattino, mentre in giornata si faranno strada schiarite pi\u00f9 ampie dei giorni precedenti con cielo poco nuvoloso, nonostante un&#8217;estesa velatura per sottili nubi alte nelle ore centrali. Clima diurno mite, con debole inversione termica mattutina.<br \/>\n<b>Precipitazioni: <\/b>Assenti (0%).<br \/>\n<b>Temperature: <\/b>Minime stazionarie nelle valli o in lieve calo in quelle prealpine, in lieve rialzo in quota; massime in lieve aumento. Su Prealpi a 1500 m min 8\u00b0C max 12\u00b0C, a 2000 m min 6\u00b0C max 9\u00b0C. Su Dolomiti a 2000 m min 4\u00b0C max 10\u00b0C, a 3000 m min 0\u00b0C max 3\u00b0C.<br \/>\n<b>Venti: <\/b>Nelle valli deboli di direzione variabile; in quota deboli da Nord-Est, a 5-10 km\/h a 2000 m, 5-15 km\/h a 3000 m.<\/div>\n<hr \/>\n<p><center><b>Venerdi 19<\/b><\/center><b>Tempo atteso: <\/b>Tempo perlopi\u00f9 soleggiato e stabile, ancora con possibili locali nubi basse o foschie\/nebbie al mattino, meno probabili dei giorni precedenti, con cielo sereno o poco nuvoloso in giornata per qualche sottile velatura soprattutto al mattino. Clima diurno mite per la stagione, fresco al mattino con modesta inversione termica.<br \/>\n<b>Precipitazioni: <\/b>Assenti (0%).<br \/>\n<b>Temperature: <\/b>Senza notevoli variazioni. Su Prealpi a 1500 m min 9\u00b0C max 12\u00b0C, a 2000 m min 6\u00b0C max 9\u00b0C. Su Dolomiti a 2000 m min 5\u00b0C max 10\u00b0C, a 3000 m min 0\u00b0C max 3\u00b0C.<br \/>\n<b>Venti: <\/b>Nelle valli deboli di direzione variabile; in quota deboli settentrionali, a 5-10 km\/h a 2000 m, 10-20 km\/h a 3000 m.<\/p>\n<hr \/>\n<p><center><b>Sabato 20<\/b><\/center>Tempo perlopi\u00f9 soleggiato e stabile con cielo perlopi\u00f9 sereno o poco nuvoloso per qualche temporanea velatura, fresco al mattino con modesta inversione termica, sempre mite di giorno per la stagione, anche se con lieve calo termico in quota. Venti in intensificazione a moderati in quota, settentrionali.<\/p>\n<hr \/>\n<p><center><b>Domenica 21<\/b><\/center>Tempo ancora complessivamente abbastanza soleggiato, anche se alcuni passaggi nuvolosi potranno in parte ridurre il soleggiamento. Lieve calo termico. Previsore: G.M.<\/p>\n<hr \/>\n<p>&nbsp;<\/p>\n","protected":false},"excerpt":{"rendered":"<p>TROVATA SENZA VITA DONNA SCOMPARSA Lentiai (BL), 18 &#8211; 10 &#8211; 18 \u00c8 stata purtroppo ritrovata senza vita S.P., 58 anni, di Lentiai (BL), le cui ricerche erano partite nella notte, dopo che la donna non aveva fatto rientro nella propria abitazione a Stabie. Si trovava vicino a una casera, non distante da casa. Una&hellip;<\/p>\n","protected":false},"author":1,"featured_media":64263,"comment_status":"closed","ping_status":"closed","sticky":false,"template":"","format":"standard","meta":{"_monsterinsights_skip_tracking":false,"_monsterinsights_sitenote_active":false,"_monsterinsights_sitenote_note":"","_monsterinsights_sitenote_category":0,"footnotes":""},"categories":[1,86],"tags":[],"class_list":["post-64239","post","type-post","status-publish","format-standard","has-post-thumbnail","hentry","category-senza-categoria","category-gr","category-1","category-86","description-off"],"img_url":"https:\/\/www.radiopiu.net\/wordpress\/wp-content\/uploads\/2018\/10\/Zaia-al-Coni-4.jpeg","_links":{"self":[{"href":"https:\/\/www.radiopiu.net\/wordpress\/wp-json\/wp\/v2\/posts\/64239","targetHints":{"allow":["GET"]}}],"collection":[{"href":"https:\/\/www.radiopiu.net\/wordpress\/wp-json\/wp\/v2\/posts"}],"about":[{"href":"https:\/\/www.radiopiu.net\/wordpress\/wp-json\/wp\/v2\/types\/post"}],"author":[{"embeddable":true,"href":"https:\/\/www.radiopiu.net\/wordpress\/wp-json\/wp\/v2\/users\/1"}],"replies":[{"embeddable":true,"href":"https:\/\/www.radiopiu.net\/wordpress\/wp-json\/wp\/v2\/comments?post=64239"}],"version-history":[{"count":0,"href":"https:\/\/www.radiopiu.net\/wordpress\/wp-json\/wp\/v2\/posts\/64239\/revisions"}],"wp:featuredmedia":[{"embeddable":true,"href":"https:\/\/www.radiopiu.net\/wordpress\/wp-json\/wp\/v2\/media\/64263"}],"wp:attachment":[{"href":"https:\/\/www.radiopiu.net\/wordpress\/wp-json\/wp\/v2\/media?parent=64239"}],"wp:term":[{"taxonomy":"category","embeddable":true,"href":"https:\/\/www.radiopiu.net\/wordpress\/wp-json\/wp\/v2\/categories?post=64239"},{"taxonomy":"post_tag","embeddable":true,"href":"https:\/\/www.radiopiu.net\/wordpress\/wp-json\/wp\/v2\/tags?post=64239"}],"curies":[{"name":"wp","href":"https:\/\/api.w.org\/{rel}","templated":true}]}}