{"id":64271,"date":"2018-10-17T17:00:25","date_gmt":"2018-10-17T15:00:25","guid":{"rendered":"http:\/\/www.radiopiu.net\/wordpress\/?p=64271"},"modified":"2018-10-17T17:00:25","modified_gmt":"2018-10-17T15:00:25","slug":"belluno-zanoni-pd-guarda-amp-e-bartelle-m5s-ancora-un-cervo-lasciato-morire-bordo-strada-lulss-non-puo-nascondersi-dietro-la-burocrazia","status":"publish","type":"post","link":"https:\/\/www.radiopiu.net\/wordpress\/belluno-zanoni-pd-guarda-amp-e-bartelle-m5s-ancora-un-cervo-lasciato-morire-bordo-strada-lulss-non-puo-nascondersi-dietro-la-burocrazia\/","title":{"rendered":"BELLUNO &#8211; Zanoni (PD), Guarda (AMP) e Bartelle (M5S): &#8220;Ancora un cervo lasciato morire bordo strada. L&#8217;Ulss non pu\u00f2 nascondersi dietro la burocrazia&#8221;"},"content":{"rendered":"<p>(Arv) Venezia 17 ott. 2018<br \/>\n\u201cAncora un animale selvatico, questa volta un cervo, lasciato agonizzante ai bordi della strada per un\u2019intera notte lungo la Strada provinciale 1, in zona Cadola. \u00c8 un comportamento abominevole, occorre agire subito, non possiamo rimanere inchiodati alla burocrazia. La Provincia di Belluno ha aperto un bando per una convenzione con i veterinari privati pubblicato sul suo sito istituzionale alla voce \u2018Gare, appalti, aste avvisi di pre e post informazione\u2019 che scadr\u00e0 il prossimo 24 ottobre, nel frattempo per\u00f2 nessuno interviene\u201d. Ad affermarlo sono Andrea Zanoni (PD), Cristina Guarda (AMP) e Patrizia Bartelle (M5S) dell\u2019Intergruppo per il benessere e la conservazione degli animali e della natura. \u201c\u00c8 inaudito lo scaricabarile dell\u2019Ulss che si nasconde dietro il paravento dell\u2019attivit\u00e0 non compresa tra i livelli essenziali di assistenza (Lea) erogati dal Servizio sanitario nazionale. \u00c8 una risposta bizzarra, poich\u00e9 la fauna selvatica, considerata patrimonio indisponibile dello Stato, dovrebbe per logica rientrare tra le competenze delle Ulss. E comunque in episodi del genere non si pu\u00f2 parlare di problemi di burocrazia, si tratta di umanit\u00e0. Non possiamo credere che non si trovi nessuno in grado di porre fine alle sofferenze di un cervo, un animale che lo stesso trattato di Lisbona dell\u2019Ue considera \u2018essere senziente\u2019. Senza dimenticare che la presenza di un animale agonizzante cos\u00ec imponente sulle strade rappresenta un pericolo per la circolazione\u201d.<\/p>\n","protected":false},"excerpt":{"rendered":"<p>(Arv) Venezia 17 ott. 2018 \u201cAncora un animale selvatico, questa volta un cervo, lasciato agonizzante ai bordi della strada per un\u2019intera notte lungo la Strada provinciale 1, in zona Cadola. \u00c8 un comportamento abominevole, occorre agire subito, non possiamo rimanere inchiodati alla burocrazia. La Provincia di Belluno ha aperto un bando per una convenzione con&hellip;<\/p>\n","protected":false},"author":1,"featured_media":64272,"comment_status":"closed","ping_status":"closed","sticky":false,"template":"","format":"standard","meta":{"_monsterinsights_skip_tracking":false,"_monsterinsights_sitenote_active":false,"_monsterinsights_sitenote_note":"","_monsterinsights_sitenote_category":0,"footnotes":""},"categories":[49],"tags":[],"class_list":["post-64271","post","type-post","status-publish","format-standard","has-post-thumbnail","hentry","category-news-18","category-49","description-off"],"img_url":"https:\/\/www.radiopiu.net\/wordpress\/wp-content\/uploads\/2018\/10\/cervo.jpg","_links":{"self":[{"href":"https:\/\/www.radiopiu.net\/wordpress\/wp-json\/wp\/v2\/posts\/64271","targetHints":{"allow":["GET"]}}],"collection":[{"href":"https:\/\/www.radiopiu.net\/wordpress\/wp-json\/wp\/v2\/posts"}],"about":[{"href":"https:\/\/www.radiopiu.net\/wordpress\/wp-json\/wp\/v2\/types\/post"}],"author":[{"embeddable":true,"href":"https:\/\/www.radiopiu.net\/wordpress\/wp-json\/wp\/v2\/users\/1"}],"replies":[{"embeddable":true,"href":"https:\/\/www.radiopiu.net\/wordpress\/wp-json\/wp\/v2\/comments?post=64271"}],"version-history":[{"count":0,"href":"https:\/\/www.radiopiu.net\/wordpress\/wp-json\/wp\/v2\/posts\/64271\/revisions"}],"wp:featuredmedia":[{"embeddable":true,"href":"https:\/\/www.radiopiu.net\/wordpress\/wp-json\/wp\/v2\/media\/64272"}],"wp:attachment":[{"href":"https:\/\/www.radiopiu.net\/wordpress\/wp-json\/wp\/v2\/media?parent=64271"}],"wp:term":[{"taxonomy":"category","embeddable":true,"href":"https:\/\/www.radiopiu.net\/wordpress\/wp-json\/wp\/v2\/categories?post=64271"},{"taxonomy":"post_tag","embeddable":true,"href":"https:\/\/www.radiopiu.net\/wordpress\/wp-json\/wp\/v2\/tags?post=64271"}],"curies":[{"name":"wp","href":"https:\/\/api.w.org\/{rel}","templated":true}]}}