{"id":64416,"date":"2018-10-19T09:52:24","date_gmt":"2018-10-19T07:52:24","guid":{"rendered":"http:\/\/www.radiopiu.net\/wordpress\/?p=64416"},"modified":"2018-10-19T09:52:21","modified_gmt":"2018-10-19T07:52:21","slug":"bim-gsp-chiude-positivamente-il-bilancio-semestrale","status":"publish","type":"post","link":"https:\/\/www.radiopiu.net\/wordpress\/bim-gsp-chiude-positivamente-il-bilancio-semestrale\/","title":{"rendered":"BIM GSP CHIUDE POSITIVAMENTE IL BILANCIO SEMESTRALE"},"content":{"rendered":"<h1><\/h1>\n<p><strong>BELLUNO<\/strong><\/p>\n<p><strong>DAMIANO TORMEN<\/strong><\/p>\n<audio class=\"wp-audio-shortcode\" id=\"audio-64416-1\" preload=\"none\" style=\"width: 100%;\" controls=\"controls\"><source type=\"audio\/ogg\" src=\"http:\/\/www.radiopiu.net\/wordpress\/wp-content\/uploads\/2018\/10\/DAMIANO-GSP.ogg?_=1\" \/><a href=\"http:\/\/www.radiopiu.net\/wordpress\/wp-content\/uploads\/2018\/10\/DAMIANO-GSP.ogg\">http:\/\/www.radiopiu.net\/wordpress\/wp-content\/uploads\/2018\/10\/DAMIANO-GSP.ogg<\/a><\/audio>\n<p><strong><a class=\"dt-pswp-item\" href=\"http:\/\/www.radiopiu.net\/wordpress\/wp-content\/uploads\/2017\/04\/Au_Vignato_1.jpg\" data-dt-img-description=\"\" data-large_image_width=\"800\" data-large_image_height=\"978\"><img loading=\"lazy\" decoding=\"async\" class=\"wp-image-31580 alignleft\" src=\"http:\/\/www.radiopiu.net\/wordpress\/wp-content\/uploads\/2017\/04\/Au_Vignato_1-245x300.jpg\" alt=\"\" width=\"64\" height=\"78\" \/><\/a><\/strong><\/p>\n<p>&nbsp;<\/p>\n<p>&nbsp;<\/p>\n<p><strong>INTANTO DA MARTEDI&#8217; ENTRA IN FUNZIONE IL NUOVO DEPURATORE DI FALCADE, AI MICROFONI DI RADIO PIU&#8217; L&#8217;AMMINISTRATORE UNICO GIUSEPPE VIGNATO<\/strong><\/p>\n<audio class=\"wp-audio-shortcode\" id=\"audio-64416-2\" preload=\"none\" style=\"width: 100%;\" controls=\"controls\"><source type=\"audio\/mpeg\" src=\"http:\/\/www.radiopiu.net\/wordpress\/wp-content\/uploads\/2018\/10\/VIGNATO.mp3?_=2\" \/><a href=\"http:\/\/www.radiopiu.net\/wordpress\/wp-content\/uploads\/2018\/10\/VIGNATO.mp3\">http:\/\/www.radiopiu.net\/wordpress\/wp-content\/uploads\/2018\/10\/VIGNATO.mp3<\/a><\/audio>\n<p>&nbsp;<\/p>\n<blockquote><p><strong><em>In forte crescita investimenti infrastrutturali e patrimonio.<\/em><\/strong><\/p><\/blockquote>\n<p><strong><a class=\"dt-pswp-item\" href=\"http:\/\/www.radiopiu.net\/wordpress\/wp-content\/uploads\/2015\/06\/bimgsp.jpg\" data-dt-img-description=\"\" data-large_image_width=\"300\" data-large_image_height=\"168\"><img loading=\"lazy\" decoding=\"async\" class=\"size-medium wp-image-6703 alignleft\" src=\"http:\/\/www.radiopiu.net\/wordpress\/wp-content\/uploads\/2015\/06\/bimgsp-300x168.jpg\" alt=\"\" width=\"300\" height=\"168\" \/><\/a>BELLUNO<\/strong>\u00a0Si \u00e8 tenuta ieri\u00a0 al\u00a0 Centro Congressi di Belluno l\u2019assemblea dei soci di Bim Gsp: all\u2019ordine del giorno l\u2019approvazione del bilancio al 30 giugno 2018 della societ\u00e0. Queste, in sintesi, le principali performance\u00a0 presentate ai Sindaci dall\u2019Amministratore Unico, Giuseppe Vignato.<br \/>\n<strong>Bollettato, margini e risparmi<\/strong><br \/>\nIl bollettato nel semestre \u00e8 stato di 16 milioni di euro, invariato rispetto al 2017, con previsione di raggiungere quota 26 milioni a fine anno. Ridotte ulteriormente anche le spese operative, contenute di 300 mila euro. In crescita il margine lordo industriale, aumentato a 2,3 milioni dai 2 milioni dell\u2019anno prima. Maggiori anche le risorse alloccate per l\u2019acquisto di materiali, le manutenzioni ordinarie e straordinarie alle reti idriche e fognarie, per una gestione in efficienza dei depuratori nuovi ed esistenti.<br \/>\n<strong>Cassa generata<\/strong><br \/>\nIl buon andamento degli incassi (il 99% del bollettato) ha generato nel semestre, al netto delle spese correnti, nuova cassa per 6 milioni: per fine anno il valore complessivo sar\u00e0 di 14 milioni. \u201cSi tratta di liquidit\u00e0 importante \u2013 spiega Giuseppe Vignato, Amministratore Unico di Bim Gsp \u2013 destinata a supporto degli oltre 9 milioni di euro di investimenti programmati nell\u2019anno. Sono opere che, \u00e8 bene ricordarlo, indispensabili pe la crescita del sistema idrico provinciale\u201d. Nell\u2019ultimo biennio la cassa generata \u00e8 stata di 30 milioni di euro, 20 dei quali sono stati destinati a finanziare gli investimenti, realizzati quindi in totale autofinanziamento, senza ricorso a mutui bancari.<br \/>\n<strong>Patrimonio e debiti<\/strong><br \/>\nCon i 2,6 milioni di euro di utili netti realizzati al 30 giugno 2018, il patrimonio societario al 30 giugno 2018 \u00e8 salito a 34 milioni di euro e superer\u00e0 quota 35 milioni a fine anno. Positivo, in parallelo, anche il calo del debito della societ\u00e0, scender\u00e0 a 34 milioni (-2 milioni nel semestre, -5 per fine anno, -55 dal 2011). \u201dDopo sei anni di ristrutturazione \u2013 spiega Vignato \u2013 per la prima volta il patrimonio della societ\u00e0 supera il valore dei debiti: segnale di solidit\u00e0 ed affidabilit\u00e0 finanziaria\u201d.<br \/>\n<strong>Investimenti<\/strong><br \/>\nIl valore dei lavori realizzati nel semestre si attesta a 4 milioni di euro ed arriver\u00e0 a 9 milioni entro la fine dell\u2019anno, il 100 per cento di quanto pianificato per l\u2019intero ambito servito. Tra le principali opere spiccano i nuovi depuratori di Longarone e Falcade, in corso di ultimazione e a breve in esercizio, la realizzazione del nuovo acquedotto Coltron-Piaia avviata di recente, la posa del nuovo collettore fognario di Meli-Oselete, di imminente avvio. In corso di progettazione esecutiva, inoltre, il nuovo acquedotto della Valle del Biois, il potenziamento della captazione di Rio Frari, il nuovo depuratore di Borca di Cadore. \u201cNel prossimo triennio (2019\/2021) \u2013 spiega Vignato \u2013 abbiamo un fitto programma lavori: parliamo di oltre 25 milioni di euro dei 165 previsti nel Piano d\u2019Ambito pluriennale. Opere finalizzate a garantire una gestione organica e coerente delle risorse idriche ma anche e soprattutto sostenibilit\u00e0 ambientale: il 57% delle risorse saranno per fognature e nuovi depuratori, il 43% andranno alla messa in sicurezza del sistema acquedottistico provinciale\u201d.<\/p>\n","protected":false},"excerpt":{"rendered":"<p>BELLUNO DAMIANO TORMEN &nbsp; &nbsp; INTANTO DA MARTEDI&#8217; ENTRA IN FUNZIONE IL NUOVO DEPURATORE DI FALCADE, AI MICROFONI DI RADIO PIU&#8217; L&#8217;AMMINISTRATORE UNICO GIUSEPPE VIGNATO &nbsp; In forte crescita investimenti infrastrutturali e patrimonio. BELLUNO\u00a0Si \u00e8 tenuta ieri\u00a0 al\u00a0 Centro Congressi di Belluno l\u2019assemblea dei soci di Bim Gsp: all\u2019ordine del giorno l\u2019approvazione del bilancio al&hellip;<\/p>\n","protected":false},"author":1,"featured_media":0,"comment_status":"closed","ping_status":"closed","sticky":false,"template":"","format":"standard","meta":{"_monsterinsights_skip_tracking":false,"_monsterinsights_sitenote_active":false,"_monsterinsights_sitenote_note":"","_monsterinsights_sitenote_category":0,"footnotes":""},"categories":[49],"tags":[],"class_list":["post-64416","post","type-post","status-publish","format-standard","hentry","category-news-18","category-49","description-off"],"img_url":false,"_links":{"self":[{"href":"https:\/\/www.radiopiu.net\/wordpress\/wp-json\/wp\/v2\/posts\/64416","targetHints":{"allow":["GET"]}}],"collection":[{"href":"https:\/\/www.radiopiu.net\/wordpress\/wp-json\/wp\/v2\/posts"}],"about":[{"href":"https:\/\/www.radiopiu.net\/wordpress\/wp-json\/wp\/v2\/types\/post"}],"author":[{"embeddable":true,"href":"https:\/\/www.radiopiu.net\/wordpress\/wp-json\/wp\/v2\/users\/1"}],"replies":[{"embeddable":true,"href":"https:\/\/www.radiopiu.net\/wordpress\/wp-json\/wp\/v2\/comments?post=64416"}],"version-history":[{"count":0,"href":"https:\/\/www.radiopiu.net\/wordpress\/wp-json\/wp\/v2\/posts\/64416\/revisions"}],"wp:attachment":[{"href":"https:\/\/www.radiopiu.net\/wordpress\/wp-json\/wp\/v2\/media?parent=64416"}],"wp:term":[{"taxonomy":"category","embeddable":true,"href":"https:\/\/www.radiopiu.net\/wordpress\/wp-json\/wp\/v2\/categories?post=64416"},{"taxonomy":"post_tag","embeddable":true,"href":"https:\/\/www.radiopiu.net\/wordpress\/wp-json\/wp\/v2\/tags?post=64416"}],"curies":[{"name":"wp","href":"https:\/\/api.w.org\/{rel}","templated":true}]}}