{"id":64426,"date":"2018-10-19T05:38:01","date_gmt":"2018-10-19T03:38:01","guid":{"rendered":"http:\/\/www.radiopiu.net\/wordpress\/?p=64426"},"modified":"2018-10-19T05:38:01","modified_gmt":"2018-10-19T03:38:01","slug":"fine-settimana-di-appuntamenti","status":"publish","type":"post","link":"https:\/\/www.radiopiu.net\/wordpress\/fine-settimana-di-appuntamenti\/","title":{"rendered":"FINE SETTIMANA DI APPUNTAMENTI&#8230;."},"content":{"rendered":"<p>&nbsp;<\/p>\n<p><a class=\"dt-pswp-item\" href=\"http:\/\/www.radiopiu.net\/wordpress\/wp-content\/uploads\/2018\/09\/appuntamenti.jpeg\" data-dt-img-description=\"\" data-large_image_width=\"800\" data-large_image_height=\"100\"><img loading=\"lazy\" decoding=\"async\" class=\"alignnone wp-image-61958 size-full\" src=\"http:\/\/www.radiopiu.net\/wordpress\/wp-content\/uploads\/2018\/09\/appuntamenti.jpeg\" alt=\"\" width=\"800\" height=\"100\" srcset=\"https:\/\/www.radiopiu.net\/wordpress\/wp-content\/uploads\/2018\/09\/appuntamenti.jpeg 800w, https:\/\/www.radiopiu.net\/wordpress\/wp-content\/uploads\/2018\/09\/appuntamenti-300x38.jpeg 300w, https:\/\/www.radiopiu.net\/wordpress\/wp-content\/uploads\/2018\/09\/appuntamenti-768x96.jpeg 768w\" sizes=\"auto, (max-width: 800px) 100vw, 800px\" \/><\/a><\/p>\n<p>&nbsp;<\/p>\n<h3>DALLA MOSTRA DEL CINEMA DI VENEZIA AD ARABBA, IL FILM SULLA GRANDE GUERRA RACCONTATO DAI PROTAGONISTI DI ALLORA<\/h3>\n<p><strong> <a class=\"dt-pswp-item\" href=\"http:\/\/www.radiopiu.net\/wordpress\/wp-content\/uploads\/2018\/10\/locandina.jpg\" data-dt-img-description=\"\" data-large_image_width=\"420\" data-large_image_height=\"592\"><img loading=\"lazy\" decoding=\"async\" class=\" wp-image-64241 alignleft\" src=\"http:\/\/www.radiopiu.net\/wordpress\/wp-content\/uploads\/2018\/10\/locandina-213x300.jpg\" alt=\"\" width=\"177\" height=\"249\" srcset=\"https:\/\/www.radiopiu.net\/wordpress\/wp-content\/uploads\/2018\/10\/locandina-213x300.jpg 213w, https:\/\/www.radiopiu.net\/wordpress\/wp-content\/uploads\/2018\/10\/locandina.jpg 420w\" sizes=\"auto, (max-width: 177px) 100vw, 177px\" \/><\/a>LIVINALLONGO<\/strong> I bambini della Grande Guerra \u00e8 un film di Alessandro Bettero ambientato ai tempi della Prima Guerra Mondiale anche sentendo le testimonianze di tre anziane del territorio Fodom. Paola cenentaria, Rosa e Guglielmina ultra novantenni e due persone importanti del territorio: Benigno e Rosa. Il film gi\u00e0 presentato alla Mostra del Cinema al Lido di Venezia, sabato alle 14.30 verr\u00e0 proiettato a Villa San Giuseppe di Livinallongo ed in serata alle 20.30 al centro congressi di Arabba,ingresso gratuito e libero a tutti.<\/p>\n<p>&nbsp;<\/p>\n<p>&nbsp;<\/p>\n<audio class=\"wp-audio-shortcode\" id=\"audio-64426-1\" preload=\"none\" style=\"width: 100%;\" controls=\"controls\"><source type=\"audio\/mpeg\" src=\"http:\/\/www.radiopiu.net\/wordpress\/wp-content\/uploads\/2018\/10\/gr-18-appuntamento-arabba-iliana.mp3?_=1\" \/><a href=\"http:\/\/www.radiopiu.net\/wordpress\/wp-content\/uploads\/2018\/10\/gr-18-appuntamento-arabba-iliana.mp3\">http:\/\/www.radiopiu.net\/wordpress\/wp-content\/uploads\/2018\/10\/gr-18-appuntamento-arabba-iliana.mp3<\/a><\/audio>\n<p>&nbsp;<\/p>\n<p>&nbsp;<\/p>\n<p><strong>TAIBON <\/strong>Oggi\u00a0nella scuola Primaria di Taibon alle 16 si riunisce il consiglio comunale dei ragazzi. Ordine del giorno: elezione presidente e vice nonch\u00e8 scelta dei responsabili di settore. Programma impegni e progetti. Preparazione dell&#8217;intervento per la festa del 4 novembre.<\/p>\n<p>&nbsp;<\/p>\n<p><strong>AGORDO<\/strong> Iniziativa della Biblioteca Civica di Agordo-Circolo Culturale Agordino:\u00a0 la presentazione del volume di Giorgio Fornasier &#8220;I fioi de la roda: storie e notizie sull&#8217;istituto degli esposti di Belluno&#8221;,\u00a0 questa sera\u00a0 alle\u00a0 20.30 nella sala riunioni della Biblioteca Civica in via 27 aprile di Agordo.\u00a0 L&#8217;autore presenta il suo primo libro storico in cui racconta la storia della roda, cio\u00e8 di quella bussola posta davanti alla chiesa di Loreto a Belluno, dove venivano introdotti nottetempo i bambini rifiutati dalle mamme. L&#8217;opera colma una lacuna nella nostra conoscenza storica non solo della citt\u00e0 ma di tutta la provincia. Infatti i bambini esposti venivano non tanto dalla citt\u00e0, ma specialmente da Agordo, Cadore, Comelico. Il volume mette in evidenza anche la bont\u00e0 della gente di chiesa che si prestava affinch\u00e9 questi esseri indifesi potessero sopravvivere.<\/p>\n<p>&nbsp;<\/p>\n<p><strong>AGORDO<\/strong>\u00a0Questa sera\u00a0 terzo appuntamento con Sere d&#8217;Autunno in Sala Don Tamis con il Cai di Agordo. Ospite l\u2019accademico del Cai Sergio Martini istruttore di alpinismo e scialpinismo, membrodel Gruppo alta montagna francese,\u00a0 proporr\u00e0 un intervento dal titolo \u201cHimalaya montagne del cielo\u201d.<\/p>\n<p>&nbsp;<\/p>\n<p><strong>AGORDO\u00a0<\/strong>Il Gruppo giovani\u00a0organizza la \u201cFesta dei boce\u201d per domani\u00a0 al centro parrocchiale \u201cMonsignor Vincenzo Savio\u201d. Dalle 15.30 alle 18 musica e sei prove nelle quali sfidarsi tra amici<\/p>\n<p>&nbsp;<\/p>\n<p>&nbsp;<\/p>\n<p><strong><a class=\"dt-pswp-item\" href=\"http:\/\/www.radiopiu.net\/wordpress\/wp-content\/uploads\/2018\/10\/42646706_2250267054986648_6630135147909873664_n.jpg\" data-dt-img-description=\"\" data-large_image_width=\"960\" data-large_image_height=\"540\"><img loading=\"lazy\" decoding=\"async\" class=\" wp-image-64377 alignleft\" src=\"http:\/\/www.radiopiu.net\/wordpress\/wp-content\/uploads\/2018\/10\/42646706_2250267054986648_6630135147909873664_n-300x169.jpg\" alt=\"\" width=\"311\" height=\"175\" srcset=\"https:\/\/www.radiopiu.net\/wordpress\/wp-content\/uploads\/2018\/10\/42646706_2250267054986648_6630135147909873664_n-300x169.jpg 300w, https:\/\/www.radiopiu.net\/wordpress\/wp-content\/uploads\/2018\/10\/42646706_2250267054986648_6630135147909873664_n-768x432.jpg 768w, https:\/\/www.radiopiu.net\/wordpress\/wp-content\/uploads\/2018\/10\/42646706_2250267054986648_6630135147909873664_n.jpg 960w\" sizes=\"auto, (max-width: 311px) 100vw, 311px\" \/><\/a>ROCCA PIETORE<\/strong> Il Grop de Bal Marmoleda di Rocca Pietore festeggia i suoi primi 25 anni facendo rivivere la manifestazione Foklor Jalp\u00e8 de la Marmoleda (folclore ai piedi della Marmolada).\u00a0Ricorrono infatti quest&#8217;anno i 5 lustri di attivit\u00e0 del gruppo di ballo che, dopo diverse esibizioni estive in alta quota e in varie vallate ha deciso di fa rivivere la manifestazione che per anni \u00e8 stata momento di incontro di giovani, adulti, bambini e anziani, tutti accumunati dal desiderio di celebrare insieme la passione per il ballo e per le proprie tradizioni. Venerdi, sabato e domenica verr\u00e0 riproposta la festa nella versione 2.0 per festeggiare l&#8217;importante compleanno all&#8217;insegna della buona musica e dell&#8217;ottima cucina ladina, quella tradizionale.<\/p>\n<p>LO SPECIALE ALLA RADIO\u00a0con\u00a0<a id=\"js_2u4\" class=\"profileLink\" href=\"https:\/\/www.facebook.com\/dsirena?__tn__=K-R&amp;eid=ARC77u7h1Ay9me0cnzmv272U_y-63yvkPwQ60ysX1080BKSuaTVE2Jr875ErWKZPNt8e4v4cbyAxmBjM&amp;fref=mentions&amp;__xts__%5B0%5D=68.ARDwX5AMVcStqGUdDUhp0bh8wzzXvVAjTirN5tTAUqpqLMU_t8q8qvg2O1ZA1GwyeIJ0t6aGwMRV1wwy0Raof4d-06FdnfIFh7gZ64KHM0CVBlVvMr_GsdaRLtPE1U1H3ve2WH6nM9v3GGc9PkmCkYjplov6F5f5yoxN8DvV0s8ViVUP-71DqDsIoJXUhW9ZJizU80wiZ9tWgA\" data-hovercard=\"\/ajax\/hovercard\/user.php?id=1486967666&amp;extragetparams=%7B%22__tn__%22%3A%22%2CdK-R-R%22%2C%22eid%22%3A%22ARC77u7h1Ay9me0cnzmv272U_y-63yvkPwQ60ysX1080BKSuaTVE2Jr875ErWKZPNt8e4v4cbyAxmBjM%22%2C%22fref%22%3A%22mentions%22%7D\" data-hovercard-prefer-more-content-show=\"1\" aria-describedby=\"u_6t_1\" aria-owns=\"js_2ro\">Daniel Sirena<\/a>,\u00a0<a class=\"profileLink\" href=\"https:\/\/www.facebook.com\/valerio.davare?__tn__=K-R&amp;eid=ARCW7C61btIqCBniYrzrJCwZRJNWIEyyu35SFDgy1N7jDhMrnxHAXXeMfHOe79oay8IxEgjudU6uE51D&amp;fref=mentions&amp;__xts__%5B0%5D=68.ARDwX5AMVcStqGUdDUhp0bh8wzzXvVAjTirN5tTAUqpqLMU_t8q8qvg2O1ZA1GwyeIJ0t6aGwMRV1wwy0Raof4d-06FdnfIFh7gZ64KHM0CVBlVvMr_GsdaRLtPE1U1H3ve2WH6nM9v3GGc9PkmCkYjplov6F5f5yoxN8DvV0s8ViVUP-71DqDsIoJXUhW9ZJizU80wiZ9tWgA\" data-hovercard=\"\/ajax\/hovercard\/user.php?id=100003540506586&amp;extragetparams=%7B%22__tn__%22%3A%22%2CdK-R-R%22%2C%22eid%22%3A%22ARCW7C61btIqCBniYrzrJCwZRJNWIEyyu35SFDgy1N7jDhMrnxHAXXeMfHOe79oay8IxEgjudU6uE51D%22%2C%22fref%22%3A%22mentions%22%7D\" data-hovercard-prefer-more-content-show=\"1\">Valerio Davare<\/a>\u00a0e\u00a0<a class=\"profileLink\" href=\"https:\/\/www.facebook.com\/Francesca.DeCassan?__tn__=K-R&amp;eid=ARB58ta_wa60cEfg87lNQPX-5jEon7qVsD_8bsJla1W4nGSHYHfnptjBjmNZSdZCo-rWS-LYGDLp65Yf&amp;fref=mentions&amp;__xts__%5B0%5D=68.ARDwX5AMVcStqGUdDUhp0bh8wzzXvVAjTirN5tTAUqpqLMU_t8q8qvg2O1ZA1GwyeIJ0t6aGwMRV1wwy0Raof4d-06FdnfIFh7gZ64KHM0CVBlVvMr_GsdaRLtPE1U1H3ve2WH6nM9v3GGc9PkmCkYjplov6F5f5yoxN8DvV0s8ViVUP-71DqDsIoJXUhW9ZJizU80wiZ9tWgA\" data-hovercard=\"\/ajax\/hovercard\/user.php?id=1092111711&amp;extragetparams=%7B%22__tn__%22%3A%22%2CdK-R-R%22%2C%22eid%22%3A%22ARB58ta_wa60cEfg87lNQPX-5jEon7qVsD_8bsJla1W4nGSHYHfnptjBjmNZSdZCo-rWS-LYGDLp65Yf%22%2C%22fref%22%3A%22mentions%22%7D\" data-hovercard-prefer-more-content-show=\"1\">Francesca De Cassan<\/a>\u00a0il ritorno in occasione del 25 esimo del\u00a0<a class=\"profileLink\" href=\"https:\/\/www.facebook.com\/GropdeBalMarmoleda\/?__tn__=K-R&amp;eid=ARCAsVLFKxUV1N7sjCflpaNdN-RklkspGpOEm-8ykQXiZ0htvmKdgcDgHy6q0TuUfC1lqdXcGYZuN4YW&amp;fref=mentions&amp;__xts__%5B0%5D=68.ARDwX5AMVcStqGUdDUhp0bh8wzzXvVAjTirN5tTAUqpqLMU_t8q8qvg2O1ZA1GwyeIJ0t6aGwMRV1wwy0Raof4d-06FdnfIFh7gZ64KHM0CVBlVvMr_GsdaRLtPE1U1H3ve2WH6nM9v3GGc9PkmCkYjplov6F5f5yoxN8DvV0s8ViVUP-71DqDsIoJXUhW9ZJizU80wiZ9tWgA\" data-hovercard=\"\/ajax\/hovercard\/page.php?id=456402704525822&amp;extragetparams=%7B%22__tn__%22%3A%22%2CdK-R-R%22%2C%22eid%22%3A%22ARCAsVLFKxUV1N7sjCflpaNdN-RklkspGpOEm-8ykQXiZ0htvmKdgcDgHy6q0TuUfC1lqdXcGYZuN4YW%22%2C%22fref%22%3A%22mentions%22%7D\" data-hovercard-prefer-more-content-show=\"1\">Grop de Bal Marmol\u00e8da &#8211; Gruppo Folk Marmolada<\/a><\/p>\n<audio class=\"wp-audio-shortcode\" id=\"audio-64426-2\" preload=\"none\" style=\"width: 100%;\" controls=\"controls\"><source type=\"audio\/mpeg\" src=\"http:\/\/www.radiopiu.net\/wordpress\/wp-content\/uploads\/2018\/10\/609.mp3?_=2\" \/><a href=\"http:\/\/www.radiopiu.net\/wordpress\/wp-content\/uploads\/2018\/10\/609.mp3\">http:\/\/www.radiopiu.net\/wordpress\/wp-content\/uploads\/2018\/10\/609.mp3<\/a><\/audio>\n<p>&nbsp;<\/p>\n<p><strong>CENCENIGHE<\/strong> Domenica alle 12.30 tradizionale pranzo annuale della Famiglia Agordina ex Emigranti, all&#8217;Hotel Stella Alpina di Falcade. Sar\u00e0 preceduto dalle messa che verr\u00e0 celebrata alle 10.30 nella chiesa di Canale d&#8217;Agordo in occasione del 40esimo dell&#8217;elezione e morte di Papa Giovanni Paolo Primo ed a ricordo di tutti gli emigranti deceduti in Italia e all&#8217;estero. Informazioni e prenotazioni: Lucia De Toffol, 0437 591492 o presso Hotel Stella Alpina 0437 599046<\/p>\n<p>&nbsp;<\/p>\n<p>&nbsp;<\/p>\n<p>&nbsp;<\/p>\n<p>&nbsp;<\/p>\n<p>&nbsp;<\/p>\n<p><a class=\"dt-pswp-item\" href=\"http:\/\/www.radiopiu.net\/wordpress\/wp-content\/uploads\/2018\/09\/viabilita.jpeg\" data-dt-img-description=\"\" data-large_image_width=\"800\" data-large_image_height=\"100\"><img loading=\"lazy\" decoding=\"async\" class=\"alignnone wp-image-61954 size-full\" src=\"http:\/\/www.radiopiu.net\/wordpress\/wp-content\/uploads\/2018\/09\/viabilita.jpeg\" alt=\"\" width=\"800\" height=\"100\" srcset=\"https:\/\/www.radiopiu.net\/wordpress\/wp-content\/uploads\/2018\/09\/viabilita.jpeg 800w, https:\/\/www.radiopiu.net\/wordpress\/wp-content\/uploads\/2018\/09\/viabilita-300x38.jpeg 300w, https:\/\/www.radiopiu.net\/wordpress\/wp-content\/uploads\/2018\/09\/viabilita-768x96.jpeg 768w\" sizes=\"auto, (max-width: 800px) 100vw, 800px\" \/><\/a><\/p>\n<p>&nbsp;<\/p>\n","protected":false},"excerpt":{"rendered":"<p>&nbsp; &nbsp; DALLA MOSTRA DEL CINEMA DI VENEZIA AD ARABBA, IL FILM SULLA GRANDE GUERRA RACCONTATO DAI PROTAGONISTI DI ALLORA LIVINALLONGO I bambini della Grande Guerra \u00e8 un film di Alessandro Bettero ambientato ai tempi della Prima Guerra Mondiale anche sentendo le testimonianze di tre anziane del territorio Fodom. Paola cenentaria, Rosa e Guglielmina ultra&hellip;<\/p>\n","protected":false},"author":1,"featured_media":64377,"comment_status":"closed","ping_status":"closed","sticky":false,"template":"","format":"standard","meta":{"_monsterinsights_skip_tracking":false,"_monsterinsights_sitenote_active":false,"_monsterinsights_sitenote_note":"","_monsterinsights_sitenote_category":0,"footnotes":""},"categories":[49],"tags":[],"class_list":["post-64426","post","type-post","status-publish","format-standard","has-post-thumbnail","hentry","category-news-18","category-49","description-off"],"img_url":"https:\/\/www.radiopiu.net\/wordpress\/wp-content\/uploads\/2018\/10\/42646706_2250267054986648_6630135147909873664_n.jpg","_links":{"self":[{"href":"https:\/\/www.radiopiu.net\/wordpress\/wp-json\/wp\/v2\/posts\/64426","targetHints":{"allow":["GET"]}}],"collection":[{"href":"https:\/\/www.radiopiu.net\/wordpress\/wp-json\/wp\/v2\/posts"}],"about":[{"href":"https:\/\/www.radiopiu.net\/wordpress\/wp-json\/wp\/v2\/types\/post"}],"author":[{"embeddable":true,"href":"https:\/\/www.radiopiu.net\/wordpress\/wp-json\/wp\/v2\/users\/1"}],"replies":[{"embeddable":true,"href":"https:\/\/www.radiopiu.net\/wordpress\/wp-json\/wp\/v2\/comments?post=64426"}],"version-history":[{"count":0,"href":"https:\/\/www.radiopiu.net\/wordpress\/wp-json\/wp\/v2\/posts\/64426\/revisions"}],"wp:featuredmedia":[{"embeddable":true,"href":"https:\/\/www.radiopiu.net\/wordpress\/wp-json\/wp\/v2\/media\/64377"}],"wp:attachment":[{"href":"https:\/\/www.radiopiu.net\/wordpress\/wp-json\/wp\/v2\/media?parent=64426"}],"wp:term":[{"taxonomy":"category","embeddable":true,"href":"https:\/\/www.radiopiu.net\/wordpress\/wp-json\/wp\/v2\/categories?post=64426"},{"taxonomy":"post_tag","embeddable":true,"href":"https:\/\/www.radiopiu.net\/wordpress\/wp-json\/wp\/v2\/tags?post=64426"}],"curies":[{"name":"wp","href":"https:\/\/api.w.org\/{rel}","templated":true}]}}