{"id":64467,"date":"2018-10-21T10:15:39","date_gmt":"2018-10-21T08:15:39","guid":{"rendered":"http:\/\/www.radiopiu.net\/wordpress\/?p=64467"},"modified":"2018-11-25T11:33:28","modified_gmt":"2018-11-25T10:33:28","slug":"disattenzione-da-autovelox-che-aiuta-a-fare-cassa-prevenzione-questa-sconosciuta","status":"publish","type":"post","link":"https:\/\/www.radiopiu.net\/wordpress\/disattenzione-da-autovelox-che-aiuta-a-fare-cassa-prevenzione-questa-sconosciuta\/","title":{"rendered":"DISATTENZIONE DA AUTOVELOX, CHE AIUTA A FARE CASSA. PREVENZIONE, QUESTA SCONOSCIUTA."},"content":{"rendered":"<p><strong>AGORDO<\/strong> L&#8217;amministrazione comunale decide di collocare 3 autovelox a Pragrande, Veran e Bries. I vigili urbani muniti di macchina fotografica elettronica, penna e blocco per le sanzioni continuano a staccare multe a chi non osserva il limite dei 50 orari, ma nel caso dell&#8217;autovelox di Bries, lungo la regionale 203 agordina, qualcuno potrebbe anche protestare ed avere qualche cosa da ridire e contestare.<br \/>\n<strong>DA AGORDO<\/strong><br \/>\nPer chi \u00e8 diretto a Taibon da Agordo, l&#8217;unico modo per conoscere il limite di velocit\u00e0 dopo il centro abitato di Toccol \u00e8 quello dell&#8217;intuizione, l&#8217;unico cartello del limite dei 50 orari \u00e8 all&#8217;altezza della stretta di Toccol ben nascosto da un palo della luce. Non si legge il limite dei 50 orari, potrebbe essere facilmente scambiato per un 90. Il cartello successivo \u00e8 quello dopo l&#8217;autovelox, tre pali dell&#8217;illuminazione oltre il controllo della velocit\u00e0, pi\u00f9 di 50 metri.<br \/>\n<strong>DA CAL DE LE MULE<\/strong><br \/>\nChi sale dalla comunale Cal de le Mule e prende la regionale 203 agordina nota sulla destra verso Agordo il limite dei 50 orari, verso il centro abitato. Ma dall&#8217;altra verso Taibon? Nulla. Anche in questo caso l&#8217;automobilista \u00e8 chiamato ad intuire il limite, spesso il dubbio comporta anche una frenata da tamponamento in prossimit\u00e0 del controllo.<br \/>\n<strong>A PROPOSITO DI PREVENZIONE.<\/strong><br \/>\nComuni, gestori delle strade, dimostrino che l&#8217;autovelox non \u00e8 solo il modo pi\u00f9 semplice per fare cassa mettendo le mani nelle tasche del cittadino, inizino quindi a farlo in modo pratico mettendo la giusta segnaletica, a Morbiach di Cencenighe ad esempio ed a Candaten di Sedico (sempre lungo la regionale 203 agordina) il limite dei 90 va segnalato meglio, magari con il cartello in prossimit\u00e0 dell&#8217;autovelox, eviterebbe frenate improvvise e tamponamenti, ormai all&#8217;ordine del giorno<\/p>\n<h4><strong>Mirko Mezzacasa<\/strong><\/h4>\n<h1>L&#8217;INTERVENTO DI DARIO BOND<\/h1>\n<audio class=\"wp-audio-shortcode\" id=\"audio-64467-1\" preload=\"none\" style=\"width: 100%;\" controls=\"controls\"><source type=\"audio\/mpeg\" src=\"http:\/\/www.radiopiu.net\/wordpress\/wp-content\/uploads\/2018\/10\/dario-bond.mp3?_=1\" \/><a href=\"http:\/\/www.radiopiu.net\/wordpress\/wp-content\/uploads\/2018\/10\/dario-bond.mp3\">http:\/\/www.radiopiu.net\/wordpress\/wp-content\/uploads\/2018\/10\/dario-bond.mp3<\/a><\/audio>\n<p>FOTO<\/p>\n<p><strong>BRIES IL LIMITE CHE NON SI VEDE<\/strong><\/p>\n<p><a class=\"dt-pswp-item\" href=\"http:\/\/www.radiopiu.net\/wordpress\/wp-content\/uploads\/2018\/10\/97f96aad-82ca-4ab4-a3bf-157ca50c9219.jpg\" data-dt-img-description=\"\" data-large_image_width=\"1200\" data-large_image_height=\"1599\"><img loading=\"lazy\" decoding=\"async\" class=\"alignnone size-medium wp-image-64469\" src=\"http:\/\/www.radiopiu.net\/wordpress\/wp-content\/uploads\/2018\/10\/97f96aad-82ca-4ab4-a3bf-157ca50c9219-225x300.jpg\" alt=\"\" width=\"225\" height=\"300\" srcset=\"https:\/\/www.radiopiu.net\/wordpress\/wp-content\/uploads\/2018\/10\/97f96aad-82ca-4ab4-a3bf-157ca50c9219-225x300.jpg 225w, https:\/\/www.radiopiu.net\/wordpress\/wp-content\/uploads\/2018\/10\/97f96aad-82ca-4ab4-a3bf-157ca50c9219-768x1024.jpg 768w, https:\/\/www.radiopiu.net\/wordpress\/wp-content\/uploads\/2018\/10\/97f96aad-82ca-4ab4-a3bf-157ca50c9219.jpg 1200w\" sizes=\"auto, (max-width: 225px) 100vw, 225px\" \/><\/a><\/p>\n<p><strong>BRIES IL LIMITE BEN DOPO L&#8217;AUTOVELOX<\/strong><\/p>\n<p><a class=\"dt-pswp-item\" href=\"http:\/\/www.radiopiu.net\/wordpress\/wp-content\/uploads\/2018\/10\/9df4d239-1371-42f1-9442-910a0ea93ffc.jpg\" data-dt-img-description=\"\" data-large_image_width=\"1200\" data-large_image_height=\"1599\"><img loading=\"lazy\" decoding=\"async\" class=\"alignnone size-medium wp-image-64468\" src=\"http:\/\/www.radiopiu.net\/wordpress\/wp-content\/uploads\/2018\/10\/9df4d239-1371-42f1-9442-910a0ea93ffc-225x300.jpg\" alt=\"\" width=\"225\" height=\"300\" srcset=\"https:\/\/www.radiopiu.net\/wordpress\/wp-content\/uploads\/2018\/10\/9df4d239-1371-42f1-9442-910a0ea93ffc-225x300.jpg 225w, https:\/\/www.radiopiu.net\/wordpress\/wp-content\/uploads\/2018\/10\/9df4d239-1371-42f1-9442-910a0ea93ffc-768x1024.jpg 768w, https:\/\/www.radiopiu.net\/wordpress\/wp-content\/uploads\/2018\/10\/9df4d239-1371-42f1-9442-910a0ea93ffc.jpg 1200w\" sizes=\"auto, (max-width: 225px) 100vw, 225px\" \/><\/a><\/p>\n<p><strong>DA CAL DE LE MULE, IL LIMITE VERSO AGORDO, IL NULLA VERSO TAIBON<\/strong><\/p>\n<p><a class=\"dt-pswp-item\" href=\"http:\/\/www.radiopiu.net\/wordpress\/wp-content\/uploads\/2018\/10\/ff1d7ac9-5ea0-4481-9b57-90546ba15097.jpg\" data-dt-img-description=\"\" data-large_image_width=\"1200\" data-large_image_height=\"1599\"><img loading=\"lazy\" decoding=\"async\" class=\"alignnone size-medium wp-image-64470\" src=\"http:\/\/www.radiopiu.net\/wordpress\/wp-content\/uploads\/2018\/10\/ff1d7ac9-5ea0-4481-9b57-90546ba15097-225x300.jpg\" alt=\"\" width=\"225\" height=\"300\" srcset=\"https:\/\/www.radiopiu.net\/wordpress\/wp-content\/uploads\/2018\/10\/ff1d7ac9-5ea0-4481-9b57-90546ba15097-225x300.jpg 225w, https:\/\/www.radiopiu.net\/wordpress\/wp-content\/uploads\/2018\/10\/ff1d7ac9-5ea0-4481-9b57-90546ba15097-768x1024.jpg 768w, https:\/\/www.radiopiu.net\/wordpress\/wp-content\/uploads\/2018\/10\/ff1d7ac9-5ea0-4481-9b57-90546ba15097.jpg 1200w\" sizes=\"auto, (max-width: 225px) 100vw, 225px\" \/><\/a><a class=\"dt-pswp-item\" href=\"http:\/\/www.radiopiu.net\/wordpress\/wp-content\/uploads\/2018\/10\/08d47f6e-23a0-40dc-8c7c-09f41c995151.jpg\" data-dt-img-description=\"\" data-large_image_width=\"1599\" data-large_image_height=\"1200\"><img loading=\"lazy\" decoding=\"async\" class=\"alignnone size-medium wp-image-64471\" src=\"http:\/\/www.radiopiu.net\/wordpress\/wp-content\/uploads\/2018\/10\/08d47f6e-23a0-40dc-8c7c-09f41c995151-300x225.jpg\" alt=\"\" width=\"300\" height=\"225\" srcset=\"https:\/\/www.radiopiu.net\/wordpress\/wp-content\/uploads\/2018\/10\/08d47f6e-23a0-40dc-8c7c-09f41c995151-300x225.jpg 300w, https:\/\/www.radiopiu.net\/wordpress\/wp-content\/uploads\/2018\/10\/08d47f6e-23a0-40dc-8c7c-09f41c995151-768x576.jpg 768w, https:\/\/www.radiopiu.net\/wordpress\/wp-content\/uploads\/2018\/10\/08d47f6e-23a0-40dc-8c7c-09f41c995151-1024x768.jpg 1024w, https:\/\/www.radiopiu.net\/wordpress\/wp-content\/uploads\/2018\/10\/08d47f6e-23a0-40dc-8c7c-09f41c995151.jpg 1599w\" sizes=\"auto, (max-width: 300px) 100vw, 300px\" \/><\/a><\/p>\n","protected":false},"excerpt":{"rendered":"<p>AGORDO L&#8217;amministrazione comunale decide di collocare 3 autovelox a Pragrande, Veran e Bries. I vigili urbani muniti di macchina fotografica elettronica, penna e blocco per le sanzioni continuano a staccare multe a chi non osserva il limite dei 50 orari, ma nel caso dell&#8217;autovelox di Bries, lungo la regionale 203 agordina, qualcuno potrebbe anche protestare&hellip;<\/p>\n","protected":false},"author":1,"featured_media":64469,"comment_status":"closed","ping_status":"closed","sticky":false,"template":"","format":"standard","meta":{"_monsterinsights_skip_tracking":false,"_monsterinsights_sitenote_active":false,"_monsterinsights_sitenote_note":"","_monsterinsights_sitenote_category":0,"footnotes":""},"categories":[1,49],"tags":[],"class_list":["post-64467","post","type-post","status-publish","format-standard","has-post-thumbnail","hentry","category-senza-categoria","category-news-18","category-1","category-49","description-off"],"img_url":"https:\/\/www.radiopiu.net\/wordpress\/wp-content\/uploads\/2018\/10\/97f96aad-82ca-4ab4-a3bf-157ca50c9219.jpg","_links":{"self":[{"href":"https:\/\/www.radiopiu.net\/wordpress\/wp-json\/wp\/v2\/posts\/64467","targetHints":{"allow":["GET"]}}],"collection":[{"href":"https:\/\/www.radiopiu.net\/wordpress\/wp-json\/wp\/v2\/posts"}],"about":[{"href":"https:\/\/www.radiopiu.net\/wordpress\/wp-json\/wp\/v2\/types\/post"}],"author":[{"embeddable":true,"href":"https:\/\/www.radiopiu.net\/wordpress\/wp-json\/wp\/v2\/users\/1"}],"replies":[{"embeddable":true,"href":"https:\/\/www.radiopiu.net\/wordpress\/wp-json\/wp\/v2\/comments?post=64467"}],"version-history":[{"count":0,"href":"https:\/\/www.radiopiu.net\/wordpress\/wp-json\/wp\/v2\/posts\/64467\/revisions"}],"wp:featuredmedia":[{"embeddable":true,"href":"https:\/\/www.radiopiu.net\/wordpress\/wp-json\/wp\/v2\/media\/64469"}],"wp:attachment":[{"href":"https:\/\/www.radiopiu.net\/wordpress\/wp-json\/wp\/v2\/media?parent=64467"}],"wp:term":[{"taxonomy":"category","embeddable":true,"href":"https:\/\/www.radiopiu.net\/wordpress\/wp-json\/wp\/v2\/categories?post=64467"},{"taxonomy":"post_tag","embeddable":true,"href":"https:\/\/www.radiopiu.net\/wordpress\/wp-json\/wp\/v2\/tags?post=64467"}],"curies":[{"name":"wp","href":"https:\/\/api.w.org\/{rel}","templated":true}]}}