{"id":64477,"date":"2018-10-20T10:48:23","date_gmt":"2018-10-20T08:48:23","guid":{"rendered":"http:\/\/www.radiopiu.net\/wordpress\/?p=64477"},"modified":"2018-10-20T10:52:02","modified_gmt":"2018-10-20T08:52:02","slug":"verso-il-quinto-supermercato-nella-ex-caserma-degli-alpini-a-quando-linizio-dei-lavori-sulla-storica-palazzina","status":"publish","type":"post","link":"https:\/\/www.radiopiu.net\/wordpress\/verso-il-quinto-supermercato-nella-ex-caserma-degli-alpini-a-quando-linizio-dei-lavori-sulla-storica-palazzina\/","title":{"rendered":"VERSO IL QUINTO SUPERMERCATO NELLA EX CASERMA DEGLI ALPINI. A QUANDO L&#8217;INIZIO DEI LAVORI SULLA STORICA PALAZZINA?"},"content":{"rendered":"<p>&nbsp;<\/p>\n<p><strong>AGORDO<\/strong> Proseguono spediti i lavori per la costruzione del quinto supermercato ad Agordo, \u00e8 recente l&#8217;inaugurazione del W STORE a marchio Walber in localit\u00e0 Le Campe, ai confini con il capoluogo di vallata. La prossima inaugurazione sar\u00e0 dunque quella del nuovo Kanguro di via 27 aprile (oltre al gi\u00e0 esistente di Cencenighe a 8 chilometri a nord di Agordo),\u00a0 dopo lo storico SuperW\u00a0 sempre di via 27 aprile che conta 40 anni di storia, dopo l&#8217;apertura del MD in localit\u00e0 Valcozzena e della Coop nel condominio La Corte.<\/p>\n<p>I lavori procedono spediti per la costruzione del supermercato, come dimostrano le foto nel cantiere, \u00e8 invece ancora tutto fermo sulla palazzina che guarda sulla regionale 203 Agordina e che dovrebbe diventare il nuovo centro della citt\u00e0 con attivit\u00e0 commerciali, uffici direzionali e appartamenti. Sar\u00e0 vero?<\/p>\n<p><strong>CANTIERI NELLA EX CASERMA DI AGORDO, 19 OTTOBRE 2018<\/strong><\/p>\n<p><a class=\"dt-pswp-item\" href=\"http:\/\/www.radiopiu.net\/wordpress\/wp-content\/uploads\/2018\/10\/58980c2e-36fd-4560-a72e-10f5951f6604.jpg\" data-dt-img-description=\"\" data-large_image_width=\"1599\" data-large_image_height=\"1200\"><img loading=\"lazy\" decoding=\"async\" class=\"alignnone size-medium wp-image-64474\" src=\"http:\/\/www.radiopiu.net\/wordpress\/wp-content\/uploads\/2018\/10\/58980c2e-36fd-4560-a72e-10f5951f6604-300x225.jpg\" alt=\"\" width=\"300\" height=\"225\" srcset=\"https:\/\/www.radiopiu.net\/wordpress\/wp-content\/uploads\/2018\/10\/58980c2e-36fd-4560-a72e-10f5951f6604-300x225.jpg 300w, https:\/\/www.radiopiu.net\/wordpress\/wp-content\/uploads\/2018\/10\/58980c2e-36fd-4560-a72e-10f5951f6604-768x576.jpg 768w, https:\/\/www.radiopiu.net\/wordpress\/wp-content\/uploads\/2018\/10\/58980c2e-36fd-4560-a72e-10f5951f6604-1024x768.jpg 1024w, https:\/\/www.radiopiu.net\/wordpress\/wp-content\/uploads\/2018\/10\/58980c2e-36fd-4560-a72e-10f5951f6604.jpg 1599w\" sizes=\"auto, (max-width: 300px) 100vw, 300px\" \/><\/a><a class=\"dt-pswp-item\" href=\"http:\/\/www.radiopiu.net\/wordpress\/wp-content\/uploads\/2018\/10\/73cb2909-0a1b-4f50-b8d0-6e57b1a1a370.jpg\" data-dt-img-description=\"\" data-large_image_width=\"1599\" data-large_image_height=\"1200\"><img loading=\"lazy\" decoding=\"async\" class=\"alignnone size-medium wp-image-64472\" src=\"http:\/\/www.radiopiu.net\/wordpress\/wp-content\/uploads\/2018\/10\/73cb2909-0a1b-4f50-b8d0-6e57b1a1a370-300x225.jpg\" alt=\"\" width=\"300\" height=\"225\" srcset=\"https:\/\/www.radiopiu.net\/wordpress\/wp-content\/uploads\/2018\/10\/73cb2909-0a1b-4f50-b8d0-6e57b1a1a370-300x225.jpg 300w, https:\/\/www.radiopiu.net\/wordpress\/wp-content\/uploads\/2018\/10\/73cb2909-0a1b-4f50-b8d0-6e57b1a1a370-768x576.jpg 768w, https:\/\/www.radiopiu.net\/wordpress\/wp-content\/uploads\/2018\/10\/73cb2909-0a1b-4f50-b8d0-6e57b1a1a370-1024x768.jpg 1024w, https:\/\/www.radiopiu.net\/wordpress\/wp-content\/uploads\/2018\/10\/73cb2909-0a1b-4f50-b8d0-6e57b1a1a370.jpg 1599w\" sizes=\"auto, (max-width: 300px) 100vw, 300px\" \/><\/a><a class=\"dt-pswp-item\" href=\"http:\/\/www.radiopiu.net\/wordpress\/wp-content\/uploads\/2018\/10\/81fd8d99-0fcc-46d6-be86-732b36032c1b.jpg\" data-dt-img-description=\"\" data-large_image_width=\"1599\" data-large_image_height=\"1200\"><img loading=\"lazy\" decoding=\"async\" class=\"alignnone size-medium wp-image-64473\" src=\"http:\/\/www.radiopiu.net\/wordpress\/wp-content\/uploads\/2018\/10\/81fd8d99-0fcc-46d6-be86-732b36032c1b-300x225.jpg\" alt=\"\" width=\"300\" height=\"225\" srcset=\"https:\/\/www.radiopiu.net\/wordpress\/wp-content\/uploads\/2018\/10\/81fd8d99-0fcc-46d6-be86-732b36032c1b-300x225.jpg 300w, https:\/\/www.radiopiu.net\/wordpress\/wp-content\/uploads\/2018\/10\/81fd8d99-0fcc-46d6-be86-732b36032c1b-768x576.jpg 768w, https:\/\/www.radiopiu.net\/wordpress\/wp-content\/uploads\/2018\/10\/81fd8d99-0fcc-46d6-be86-732b36032c1b-1024x768.jpg 1024w, https:\/\/www.radiopiu.net\/wordpress\/wp-content\/uploads\/2018\/10\/81fd8d99-0fcc-46d6-be86-732b36032c1b.jpg 1599w\" sizes=\"auto, (max-width: 300px) 100vw, 300px\" \/><\/a><\/p>\n<p>&nbsp;<\/p>\n<p>&nbsp;<\/p>\n<h1>COSA SI DICEVA, CRONISTORIA DAGLI ARCHIVI DI RADIO PIU<\/h1>\n<p>&nbsp;<\/p>\n<p><strong>MARZO 2016<\/strong><\/p>\n<blockquote><p><strong><img loading=\"lazy\" decoding=\"async\" class=\"alignleft size-medium wp-image-15541\" src=\"http:\/\/www.radiopiu.net\/wordpress\/wp-content\/uploads\/2016\/01\/20140526_da-roit-sisto-300x104.jpg\" alt=\"20140526_da-roit-sisto\" width=\"300\" height=\"104\" \/>FILE AUDIO INTERVISTA AL SINDACO DI AGORDO \u00a0SISTO DA ROIT\u00a0<\/strong><\/p><\/blockquote>\n<audio class=\"wp-audio-shortcode\" id=\"audio-64477-1\" preload=\"none\" style=\"width: 100%;\" controls=\"controls\"><source type=\"audio\/mpeg\" src=\"http:\/\/www.radiopiu.net\/wordpress\/wp-content\/uploads\/2016\/10\/AGORDINO-DA-VICINOSITOdaroit.mp3?_=1\" \/><a href=\"http:\/\/www.radiopiu.net\/wordpress\/wp-content\/uploads\/2016\/10\/AGORDINO-DA-VICINOSITOdaroit.mp3\">http:\/\/www.radiopiu.net\/wordpress\/wp-content\/uploads\/2016\/10\/AGORDINO-DA-VICINOSITOdaroit.mp3<\/a><\/audio>\n<p>&nbsp;<\/p>\n<p>&nbsp;<\/p>\n<p><strong><img loading=\"lazy\" decoding=\"async\" class=\"alignleft size-medium wp-image-23636\" src=\"http:\/\/www.radiopiu.net\/wordpress\/wp-content\/uploads\/2016\/09\/image012-300x200.jpg\" alt=\"image012\" width=\"300\" height=\"200\" \/>GIORNALE RADIO 8 OTTOBRE 2016\u00a0<\/strong><br \/>\n<strong>AGORDO<\/strong> Che il restyling della caserma 22 marzo 1848 di Agordo possa terminare entro un paio d&#8217;anni (primavera 2018) non convince il sindaco di Agordo Sisto Da Roit, che il progetto ufficiale non lo ha ancora toccato con mano.<br \/>\n&#8220;Quanto visto anche sulla stampa &#8211; dice il primo cittadino &#8211; \u00e8 un atto ufficioso&#8221;.<br \/>\nLe perplessit\u00e0 del sindaco sono legate tra l&#8217;altro ai tempi per la revisione del piano particolareggiato che comprende non solo l&#8217;ex caserma e l&#8217;area officina Parissenti dove dovrebbe essere edificato il nuovo supermercato, ma anche la ex caserma dei Carabinieri sulla strada per l&#8217;ospedale.<br \/>\n&#8220;L&#8217;intervento dovr\u00e0 comprendere tutti i comparti &#8211; dice il sindaco Sisto Da Roit &#8211; la ristrutturazione della caserma \u00e8 solo una parte della problematica. Il piano particolareggiato esistente \u00e8 stato approvato, ma sullo stesso insiste anche un ricorso al Tar da parte degli aquirenti quindi per procedere amministrativamente sar\u00e0 necessaria una convenzione con le propriet\u00e0 per la ristrutturazione e al contempo riprendere la discussione del piano particolareggiato, il ricorso al Tar dovr\u00e0 essere ritirato, senza questi passi propedeutici non parte nulla&#8221;.<br \/>\nIl piano particolareggiato quindi non interessa solo la Turinvest di Padova, ma anche la Belluno Iniziative (proprietaria dell&#8217;area ex Parissenti) e il Comune di Agordo che vanta la propriet\u00e0 della ex caserma Carabinieri.<br \/>\nCome le \u00e8 sembrata l&#8217;idea progettuale presentata dalla Turinvest?<br \/>\n&#8220;Speravo sorgesse una struttura ricettiva, avevamo dei contatti anche con un&#8217;immobiliare, sembrava pronta ad intervenire con investitori disponibili all&#8217;operazione, ma purtroppo l&#8217;intervento non \u00e8 stato considerato redditizio e tutto si \u00e8 arenato&#8221;.<br \/>\n<strong>Quindi un altro supermercato ad Agordo?<\/strong><br \/>\n&#8220;Lo subiamo &#8211; dice Sisto Da Roit &#8211; l&#8217;attuale grande distribuzione per il capoluogo \u00e8 sufficiente cos\u00ec come le superfici ad essa destinate. I piani regolatori e particolareggiati lo prevedono e non \u00e8 possibile dire di no se non modificando tutto o aprendo un contenzioso. Speravo in una cordata tra imprenditori locali interessati non dico a rilevare l&#8217;intera propriet\u00e0, ma almeno le superfici commerciali per creare negozi pi\u00f9 piccoli a dimensioni di paese. Al di l\u00e0 del piacere o non piacere, poniamo al centro l&#8217;interesse della comunit\u00e0 e l&#8217;interesse che quell&#8217;area in centro ad Agordo venga recuperata e messa a disposizione della popolazione quanto prima&#8221;.<\/p>\n<p><strong>Mirko Mezzacasa<\/strong><\/p>\n<p>&nbsp;<\/p>\n<p><strong>27 SETTEMBRE 2016<\/strong><\/p>\n<p><strong><img loading=\"lazy\" decoding=\"async\" class=\"alignleft size-medium wp-image-23626\" src=\"http:\/\/www.radiopiu.net\/wordpress\/wp-content\/uploads\/2016\/09\/image002-1-300x200.jpg\" alt=\"image002\" width=\"300\" height=\"200\" \/>GIORNALE RADIO\u00a0<\/strong><\/p>\n<p><strong>AGORDO<\/strong> Il supermercato nel perimetro della ex Caserma degli Alpini 22 marzo 1848 non piaceva a tutti, per questo la Turinvest Srl di Padova ha preso una decisione: acquistare i terreni circosanti (ex officine Parissenti) dove sorger\u00e0 il nuovo punto per la grande distribuzione su 1500 metri quadrati. E&#8217; la novit\u00e0 principale dell&#8217;ultimissimo progetto, quello cantierabile che dar\u00e0 il via ai lavori. Da Padova la rassicurazione che la ex Caserma sar\u00e0 disponibile con oltre 20 appartamenti, una decina di negozi ed uffici e tutto entro e non oltre la Pasqua del 2018. Obiettivo ambizioso, ma pare che le premesse per il suo raggiungimento ci siano tutte, a partire dal nuovo progetto del supermercato e da chi gi\u00e0 \u00e8 interessato ad inserirsi sul mercato. La Aspiag ad esempio, quindi circuito della Despar con sede principale a Bolzano. Paul Klotz, l&#8217;amministratore delegato della Aspiag alla precisa domanda risponde: &#8220;E&#8217; vero siamo interessati al mercato bellunese, Agordino in particolare, noi siamo della montagna e quindi ci piace investire sul territorio. A Belluno storicamente la Despar non \u00e8 molto presente, sono una dozzina gli imprenditori-associati con il nostro marchio, i supermercati di propiet\u00e0 sono invece quelli di Calalzo e Belluno fronte ospedale, ci siamo resi conto che i negozi funzionano bene, per questo abbiamo deciso di allargarci in provincia&#8221;.<br \/>\nIl nuovo progetto oltre alla nuova struttura che sorger\u00e0 sull&#8217;ex area Parissenti, lascia intatta nelle due dimensioni e peculiarit\u00e0 la palazzina principale, quella storica che da su via 27 aprile. La piazza d&#8217;armi diventer\u00e0 un grande parcheggio con circa 100 stalli. Anche le vecchie scuderie rimarranno al loro posto delimitandone il perimetro verso la chiesa Arcidiaconale. Il futuro di Agordo passa anche per la Turinvest Srl dopo il via libera della Soprintendenza, ed \u00e8 senz&#8217;altro arrivato il momento di mettere mano ad un edificio che sta cadendo a pezzi e che \u00e8 la porta al centro di Agordo. Un lungo percorso quello della ristrutturazione della ex Caserma Alpini 22 marzo 1848, gi\u00e0 il compianto sindaco Vito Valcozzena 20 anni fa aveva provato ad acquistarla all&#8217;asta, dopo tante vicissitudini finalmente una propriet\u00e0 decisa a realizzare 20 appartamenti, negozi, uffici e un supermercato da 1500 metri quadrati. L&#8217;edificio accanto alla caserma (ex ufficio immobiliare) sar\u00e0 demolito per fare spazio alla strada che porta all&#8217;interno della caserma, nell&#8217; ampia ex piazza d&#8217;armi. Non cambier\u00e0 il volto esterno della struttura tanto cara agli alpini, tutte le strutture interne non protette saranno ricostruite, non le ex stalle dei muli che rimangono bene intoccabile e sar\u00e0 quindi riportato all&#8217;antico splendore.<br \/>\n<strong>Mirko Mezzacasa<\/strong><\/p>\n<p>&nbsp;<\/p>\n<p><strong> 28 SETTEMBRE 2016<\/strong><\/p>\n<p><strong><img loading=\"lazy\" decoding=\"async\" class=\"alignleft size-medium wp-image-23630\" src=\"http:\/\/www.radiopiu.net\/wordpress\/wp-content\/uploads\/2016\/09\/image006-300x200.jpg\" alt=\"image006\" width=\"300\" height=\"200\" \/>GIORNALE RADIO<\/strong><\/p>\n<p><strong>AGORDO<\/strong> &#8220;L&#8217;e ora de cava&#8217; chele quatro barache&#8221;, commento raccolto nei pressi della Caserma xx marzo 1848 di Agordo riferito alle reti di protezione tutt&#8217;attorno alla caserma lungo via 27 aprile. Protezioni che hanno eliminato una quindicina di parcheggi ma che si sono rivelate necessarie perch\u00e9 dall&#8217;alto piovono pezzi di tegola, legno e calcinacci. E&#8217; il risultato in cui versa lo stabile dopo il totale abbandono ultradecennale, per questo Agordo guarda con favore al recupero della caserma che sar\u00e0 trasformata in appartamenti, negozi con accanto un grande supermercato su 1500 metri quadrati sul quale avrebbe gi\u00e0 messo gli occhi la Despar con sede a Bolzano e interessata al mercato di vallata. Anche l&#8217;amministrazione comunale guarda al nuovo progetto con interesse seppur tra qualche perplessit\u00e0. &#8220;Infatti &#8211; dice il sindaco Sisto Da Roit &#8211; l&#8217;amministrazione comunale e quindi i nostri concittadini auspicano che vi sia un recupero di tutta l&#8217;area, non solo della ex Caserma. Nei nostri piani da tempo c&#8217;e&#8217; oltre all&#8217;edificio ex militare l&#8217;area delle ex officine Parissenti, gli edifici annessi ed anche la ex caserma dei Carabinieri di propriet\u00e0 del Comune di Agordo. Queste sono le nostre indicazioni che collimano con quelle della Regione. Il primo passaggio sar\u00e0 quindi quello di rivedere in alcuni aspetti il piano particolareggiato&#8221;.<\/p>\n<p>&nbsp;<\/p>\n<p>&nbsp;<\/p>\n<p>&nbsp;<\/p>\n<p>&nbsp;<\/p>\n<p>&nbsp;<\/p>\n<h1>PRECEDENTE, MARZO 2018<\/h1>\n<blockquote>\n<h1>EX CASERMA ALPINI, PENDE UN RICORSO, AL MOMENTO NESSUNA SOSPENSIVA<\/h1>\n<\/blockquote>\n<p><strong><img loading=\"lazy\" decoding=\"async\" class=\"aligncenter wp-image-44719 size-large\" src=\"http:\/\/www.radiopiu.net\/wordpress\/wp-content\/uploads\/2018\/03\/28951397_720333274829024_4130100986318422016_o-1024x582.jpg\" sizes=\"auto, (max-width: 1024px) 100vw, 1024px\" srcset=\"http:\/\/www.radiopiu.net\/wordpress\/wp-content\/uploads\/2018\/03\/28951397_720333274829024_4130100986318422016_o-1024x582.jpg 1024w, http:\/\/www.radiopiu.net\/wordpress\/wp-content\/uploads\/2018\/03\/28951397_720333274829024_4130100986318422016_o-300x171.jpg 300w, http:\/\/www.radiopiu.net\/wordpress\/wp-content\/uploads\/2018\/03\/28951397_720333274829024_4130100986318422016_o-768x437.jpg 768w, http:\/\/www.radiopiu.net\/wordpress\/wp-content\/uploads\/2018\/03\/28951397_720333274829024_4130100986318422016_o.jpg 1440w\" alt=\"\" width=\"1024\" height=\"582\" \/>AGORDO<\/strong>\u00a0Recupero della ex Caserma degli Alpini ad Agordo qualche cosa si muove, anche un ricorso presentato al Tar da parte di una proprietaria di un immobile, di diritto nel piano particolareggiato, ma che al momento non ha chiesto la sospensiva. Sollecitato da Giulio Favretti del gruppo di opposizione lo ha spiegato il tecnico comunale Sergio Benvegn\u00f9 nel recente consiglio a palazzo Marconi.<br \/>\n\u201cLa giunta comunale \u2013 ha detto Benvegn\u00f9 \u2013 con una delibera apposita ha approvato lo strumento urbanistico del piano particolareggiato esecutivo decennale. Su questa delibera pende un ricorso al Tar. La ditta costruttrice ha quindi proceduto per comparti autonomi presentando tre diverse pratiche per il comparto A (ex caserma Alpini): la prima per la demolizione degli immobili anche in base alle direttive della Sovrintendenza, una seconda per le opere urbanizazione con gli accessi e una pratica per la costruzione del supermercato (Kanguro) con un piano superiore destinato a garage. Ci sar\u00e0 poi un quarto progetto per la vecchia stalla dei muli e la ex Caserma vincolati in base alla ex legge 1089 quindi con determinati parametri da rispettare\u201d.<br \/>\nLe tre pratiche finiranno in conferenza dei servizi per i pareri dei vari enti, Comune compreso entro il termine dei 90 giorni. Ma c\u2019\u00e8 sempre quel ricorso al Tar. \u201cInfatti -ha spiegato il tecnico comunale \u2013 una volta rilasciati i provvedimenti edilizi ci potrebbe essere un ricorso al Tar per motivi aggiunti con sospensione dei lavori costringendo Comune e privati alle contro deduzioni\u201d. Circa gli oneri di urbanizzazione nei quali il Comune confida per ripinguare il bilancio, sar\u00e0 necessario attendere la presentazione di tutti i progetti, compreso il computo metrico estimativo per la costruzione del supermercato. \u201cSolo una volta conosciute le varie voumetrie si potranno definire gli importi\u201d, ha concluso Sergio Benvegn\u00f9.<br \/>\nIn merito all\u2019ex Caserma dei Carabinieri che sar\u00e0 alienata, il consigliere d\u2019opposizione Giulio Favretti ha chiesto chiarimenti circa i possibili introiti. Il Comune per questo ha incaricato l\u2019archiettetto Sandro Botter affinch\u00e9 faccia una stima anche in considerazione che l\u2019amministrazione comunale ha chiesto un riesame delle autorizzazione alla Sovrintendenza di Venezia che nel luglio 2002 l\u2019ha ritenuta di interesse storico e culturale, autorizzandone l\u2019alienazione mantenendo volumetrie e muri perimetrali. Il Comune chieder\u00e0, vista la situazione di grave degrado dell\u2019immobile, di provvedere alla demolizione con successiva ricostruzione perch\u00e9 metterci mano nelle attuali condizioni non risulta semplice. Ad ora in Municipio per la ex Caserma Carabinieri non c\u2019\u00e8 stata alcuna manifestazione di interesse, le cifre anche in questo caso non sono note ma non sono pi\u00f9 i 600 mila euro delle prima perizia in seguito a nuove volumetrie e operazioni di perequazione. Il sindaco Sisto Da Roit auspica che dagli oneri di urbanizzazione entrino almeno 170 mila euro. \u201cMagari \u2013 dice \u2013 non risolvono i problemi di bilancio ma permetterebbero di recuperare quanto perso dalla tassazione Irpef\u201d. FOTO\u00a0<a id=\"js_8tc\" class=\"_hli\" href=\"https:\/\/www.facebook.com\/alberto.cabalisti?fref=gs&amp;dti=1420205028223120&amp;hc_location=group_dialog\" data-hovercard=\"\/ajax\/hovercard\/user.php?id=100005570733590&amp;extragetparams=%7B%22directed_target_id%22%3A1420205028223120%2C%22fref%22%3A%22gs%22%2C%22dti%22%3A1420205028223120%2C%22hc_location%22%3A%22group_dialog%22%7D\" data-hovercard-prefer-more-content-show=\"1\" aria-controls=\"js_8ta\" aria-haspopup=\"true\" aria-describedby=\"js_8tb\">Alberto Cabalisti<\/a>\u200e<\/p>\n","protected":false},"excerpt":{"rendered":"<p>&nbsp; AGORDO Proseguono spediti i lavori per la costruzione del quinto supermercato ad Agordo, \u00e8 recente l&#8217;inaugurazione del W STORE a marchio Walber in localit\u00e0 Le Campe, ai confini con il capoluogo di vallata. La prossima inaugurazione sar\u00e0 dunque quella del nuovo Kanguro di via 27 aprile (oltre al gi\u00e0 esistente di Cencenighe a 8&hellip;<\/p>\n","protected":false},"author":1,"featured_media":64475,"comment_status":"closed","ping_status":"closed","sticky":false,"template":"","format":"standard","meta":{"_monsterinsights_skip_tracking":false,"_monsterinsights_sitenote_active":false,"_monsterinsights_sitenote_note":"","_monsterinsights_sitenote_category":0,"footnotes":""},"categories":[1,49],"tags":[],"class_list":["post-64477","post","type-post","status-publish","format-standard","has-post-thumbnail","hentry","category-senza-categoria","category-news-18","category-1","category-49","description-off"],"img_url":"https:\/\/www.radiopiu.net\/wordpress\/wp-content\/uploads\/2018\/10\/1f575520-e98c-42dc-955e-b61111cb5086.jpg","_links":{"self":[{"href":"https:\/\/www.radiopiu.net\/wordpress\/wp-json\/wp\/v2\/posts\/64477","targetHints":{"allow":["GET"]}}],"collection":[{"href":"https:\/\/www.radiopiu.net\/wordpress\/wp-json\/wp\/v2\/posts"}],"about":[{"href":"https:\/\/www.radiopiu.net\/wordpress\/wp-json\/wp\/v2\/types\/post"}],"author":[{"embeddable":true,"href":"https:\/\/www.radiopiu.net\/wordpress\/wp-json\/wp\/v2\/users\/1"}],"replies":[{"embeddable":true,"href":"https:\/\/www.radiopiu.net\/wordpress\/wp-json\/wp\/v2\/comments?post=64477"}],"version-history":[{"count":0,"href":"https:\/\/www.radiopiu.net\/wordpress\/wp-json\/wp\/v2\/posts\/64477\/revisions"}],"wp:featuredmedia":[{"embeddable":true,"href":"https:\/\/www.radiopiu.net\/wordpress\/wp-json\/wp\/v2\/media\/64475"}],"wp:attachment":[{"href":"https:\/\/www.radiopiu.net\/wordpress\/wp-json\/wp\/v2\/media?parent=64477"}],"wp:term":[{"taxonomy":"category","embeddable":true,"href":"https:\/\/www.radiopiu.net\/wordpress\/wp-json\/wp\/v2\/categories?post=64477"},{"taxonomy":"post_tag","embeddable":true,"href":"https:\/\/www.radiopiu.net\/wordpress\/wp-json\/wp\/v2\/tags?post=64477"}],"curies":[{"name":"wp","href":"https:\/\/api.w.org\/{rel}","templated":true}]}}