{"id":64484,"date":"2018-10-19T15:10:29","date_gmt":"2018-10-19T13:10:29","guid":{"rendered":"http:\/\/www.radiopiu.net\/wordpress\/?p=64484"},"modified":"2018-10-20T10:49:36","modified_gmt":"2018-10-20T08:49:36","slug":"incidente-mortale-difronte-al-mega","status":"publish","type":"post","link":"https:\/\/www.radiopiu.net\/wordpress\/incidente-mortale-difronte-al-mega\/","title":{"rendered":"INCIDENTE MORTALE DIFRONTE AL CENTRO COMMERCIALE  VENEGGIA"},"content":{"rendered":"<p>&nbsp;<\/p>\n<h1>VOLO MORTALE IN VIA VITTORIO VENETO<\/h1>\n<p><strong>BELLUNO<\/strong>\u00a0Incidente mortale oggi poco prima delle 13, vittima l&#8217;autista del\u00a0 mezzo finito fuori strada, sotto al ponte. Un autocarro della ditta Bartolini\u00a0 di Spilimbergo, guidato da Ivano Bonaldo 61enne di\u00a0 Tessera-Venezia\u00a0 \u00e8 uscito di strada all&#8217;altezza del centro commerciale Veneggia di via Vittorio Veneto, il muretto non ha retto al peso dell&#8217;autocarro. Da una prima ricostruzione il conducente del mezzo dopo l&#8217;impatto con una Golf station vagon condotta da \u00a0M.D.N, 44enne di Longarone (portato in ospedale ma non \u00e8 in pericolo di vita),\u00a0 \u00e8 uscito dalla careggiata finendo sotto al ponte in pietra. L&#8217;uomo sbalzato fuori dal camion \u00e8 morto per le gravi ferite riportate. La dinamica \u00e8 al vaglio dei carabinieri del Nucleo operativo di Belluno, diretti dal sottotenente Giorgio Bergamo.La statale 50 tra Belluno e Ponte \u00e8 rimasta bloccata per un paio d&#8217;ore nel tratto tra la rotatoria di Nogar\u00e8 e la via di accesso al centro commerciale<\/p>\n<p>&nbsp;<\/p>\n<p>foto clicca per ingrandire<\/p>\n\n\t\t\t<style type='text\/css'>\n\t\t\t\t#gallery-1 {\n\t\t\t\t\tmargin: auto;\n\t\t\t\t}\n\t\t\t\t#gallery-1 .gallery-item {\n\t\t\t\t\tfloat: left;\n\t\t\t\t\tmargin-top: 10px;\n\t\t\t\t\ttext-align: center;\n\t\t\t\t\twidth: 33%;\n\t\t\t\t}\n\t\t\t\t#gallery-1 img {\n\t\t\t\t\tborder: 2px solid #cfcfcf;\n\t\t\t\t}\n\t\t\t\t#gallery-1 .gallery-caption {\n\t\t\t\t\tmargin-left: 0;\n\t\t\t\t}\n\t\t\t\t\/* see gallery_shortcode() in wp-includes\/media.php *\/\n\t\t\t<\/style>\n\t\t<div id='gallery-1' class='dt-gallery-container gallery galleryid-64484 gallery-columns-3 gallery-size-thumbnail'><dl class='gallery-item'>\n\t\t\t\t<dt class='gallery-icon portrait'>\n\t\t\t\t\t<a class=\"rollover\" href='https:\/\/www.radiopiu.net\/wordpress\/incidente-mortale-difronte-al-mega\/57ece860-4eeb-4c16-82ff-9f33f355ec8f\/'><img loading=\"lazy\" decoding=\"async\" width=\"150\" height=\"150\" src=\"https:\/\/www.radiopiu.net\/wordpress\/wp-content\/uploads\/2018\/10\/57ece860-4eeb-4c16-82ff-9f33f355ec8f-150x150.jpg\" class=\"attachment-thumbnail size-thumbnail\" alt=\"\" \/><\/a>\n\t\t\t\t<\/dt><\/dl><dl class='gallery-item'>\n\t\t\t\t<dt class='gallery-icon portrait'>\n\t\t\t\t\t<a class=\"rollover\" href='https:\/\/www.radiopiu.net\/wordpress\/incidente-mortale-difronte-al-mega\/9c24a0cd-d132-405b-a343-f5a068f5bc47\/'><img loading=\"lazy\" decoding=\"async\" width=\"150\" height=\"150\" src=\"https:\/\/www.radiopiu.net\/wordpress\/wp-content\/uploads\/2018\/10\/9c24a0cd-d132-405b-a343-f5a068f5bc47-150x150.jpg\" class=\"attachment-thumbnail size-thumbnail\" alt=\"\" \/><\/a>\n\t\t\t\t<\/dt><\/dl><dl class='gallery-item'>\n\t\t\t\t<dt class='gallery-icon portrait'>\n\t\t\t\t\t<a class=\"rollover\" href='https:\/\/www.radiopiu.net\/wordpress\/incidente-mortale-difronte-al-mega\/5f015a93-f308-41d8-bd57-9ef5faa28cda\/'><img loading=\"lazy\" decoding=\"async\" width=\"150\" height=\"150\" src=\"https:\/\/www.radiopiu.net\/wordpress\/wp-content\/uploads\/2018\/10\/5f015a93-f308-41d8-bd57-9ef5faa28cda-150x150.jpg\" class=\"attachment-thumbnail size-thumbnail\" alt=\"\" \/><\/a>\n\t\t\t\t<\/dt><\/dl><br style=\"clear: both\" \/><dl class='gallery-item'>\n\t\t\t\t<dt class='gallery-icon portrait'>\n\t\t\t\t\t<a class=\"rollover\" href='https:\/\/www.radiopiu.net\/wordpress\/incidente-mortale-difronte-al-mega\/524793a6-b69c-4e86-8907-f1c7cfe58ae5\/'><img loading=\"lazy\" decoding=\"async\" width=\"150\" height=\"150\" src=\"https:\/\/www.radiopiu.net\/wordpress\/wp-content\/uploads\/2018\/10\/524793a6-b69c-4e86-8907-f1c7cfe58ae5-150x150.jpg\" class=\"attachment-thumbnail size-thumbnail\" alt=\"\" \/><\/a>\n\t\t\t\t<\/dt><\/dl><dl class='gallery-item'>\n\t\t\t\t<dt class='gallery-icon portrait'>\n\t\t\t\t\t<a class=\"rollover\" href='https:\/\/www.radiopiu.net\/wordpress\/incidente-mortale-difronte-al-mega\/3787a48d-c436-4ffa-98d6-d72b8d95ee23\/'><img loading=\"lazy\" decoding=\"async\" width=\"150\" height=\"150\" src=\"https:\/\/www.radiopiu.net\/wordpress\/wp-content\/uploads\/2018\/10\/3787a48d-c436-4ffa-98d6-d72b8d95ee23-150x150.jpg\" class=\"attachment-thumbnail size-thumbnail\" alt=\"\" \/><\/a>\n\t\t\t\t<\/dt><\/dl><dl class='gallery-item'>\n\t\t\t\t<dt class='gallery-icon landscape'>\n\t\t\t\t\t<a class=\"rollover\" href='https:\/\/www.radiopiu.net\/wordpress\/giornale-radiopiu-20-ottobre-2018-direttore-mirko-mezzacasa\/0c47ea9c-9cba-4da7-86be-33ce4defe048\/'><img loading=\"lazy\" decoding=\"async\" width=\"150\" height=\"150\" src=\"https:\/\/www.radiopiu.net\/wordpress\/wp-content\/uploads\/2018\/10\/0c47ea9c-9cba-4da7-86be-33ce4defe048-150x150.jpg\" class=\"attachment-thumbnail size-thumbnail\" alt=\"\" \/><\/a>\n\t\t\t\t<\/dt><\/dl><br style=\"clear: both\" \/><dl class='gallery-item'>\n\t\t\t\t<dt class='gallery-icon landscape'>\n\t\t\t\t\t<a class=\"rollover\" href='https:\/\/www.radiopiu.net\/wordpress\/giornale-radiopiu-20-ottobre-2018-direttore-mirko-mezzacasa\/2ace8ce5-f4d0-49c2-a97c-508b94309f26\/'><img loading=\"lazy\" decoding=\"async\" width=\"150\" height=\"150\" src=\"https:\/\/www.radiopiu.net\/wordpress\/wp-content\/uploads\/2018\/10\/2ace8ce5-f4d0-49c2-a97c-508b94309f26-150x150.jpg\" class=\"attachment-thumbnail size-thumbnail\" alt=\"\" \/><\/a>\n\t\t\t\t<\/dt><\/dl><dl class='gallery-item'>\n\t\t\t\t<dt class='gallery-icon portrait'>\n\t\t\t\t\t<a class=\"rollover\" href='https:\/\/www.radiopiu.net\/wordpress\/giornale-radiopiu-20-ottobre-2018-direttore-mirko-mezzacasa\/9c39bb54-da36-48b4-95c4-671c9d7343ca\/'><img loading=\"lazy\" decoding=\"async\" width=\"150\" height=\"150\" src=\"https:\/\/www.radiopiu.net\/wordpress\/wp-content\/uploads\/2018\/10\/9c39bb54-da36-48b4-95c4-671c9d7343ca-150x150.jpg\" class=\"attachment-thumbnail size-thumbnail\" alt=\"\" \/><\/a>\n\t\t\t\t<\/dt><\/dl>\n\t\t\t\t<br style='clear: both' \/>\n\t\t\t<\/div>\n\n","protected":false},"excerpt":{"rendered":"<p>&nbsp; VOLO MORTALE IN VIA VITTORIO VENETO BELLUNO\u00a0Incidente mortale oggi poco prima delle 13, vittima l&#8217;autista del\u00a0 mezzo finito fuori strada, sotto al ponte. Un autocarro della ditta Bartolini\u00a0 di Spilimbergo, guidato da Ivano Bonaldo 61enne di\u00a0 Tessera-Venezia\u00a0 \u00e8 uscito di strada all&#8217;altezza del centro commerciale Veneggia di via Vittorio Veneto, il muretto non ha&hellip;<\/p>\n","protected":false},"author":1,"featured_media":64487,"comment_status":"closed","ping_status":"closed","sticky":false,"template":"","format":"standard","meta":{"_monsterinsights_skip_tracking":false,"_monsterinsights_sitenote_active":false,"_monsterinsights_sitenote_note":"","_monsterinsights_sitenote_category":0,"footnotes":""},"categories":[49],"tags":[],"class_list":["post-64484","post","type-post","status-publish","format-standard","has-post-thumbnail","hentry","category-news-18","category-49","description-off"],"img_url":"https:\/\/www.radiopiu.net\/wordpress\/wp-content\/uploads\/2018\/10\/524793a6-b69c-4e86-8907-f1c7cfe58ae5.jpg","_links":{"self":[{"href":"https:\/\/www.radiopiu.net\/wordpress\/wp-json\/wp\/v2\/posts\/64484","targetHints":{"allow":["GET"]}}],"collection":[{"href":"https:\/\/www.radiopiu.net\/wordpress\/wp-json\/wp\/v2\/posts"}],"about":[{"href":"https:\/\/www.radiopiu.net\/wordpress\/wp-json\/wp\/v2\/types\/post"}],"author":[{"embeddable":true,"href":"https:\/\/www.radiopiu.net\/wordpress\/wp-json\/wp\/v2\/users\/1"}],"replies":[{"embeddable":true,"href":"https:\/\/www.radiopiu.net\/wordpress\/wp-json\/wp\/v2\/comments?post=64484"}],"version-history":[{"count":0,"href":"https:\/\/www.radiopiu.net\/wordpress\/wp-json\/wp\/v2\/posts\/64484\/revisions"}],"wp:featuredmedia":[{"embeddable":true,"href":"https:\/\/www.radiopiu.net\/wordpress\/wp-json\/wp\/v2\/media\/64487"}],"wp:attachment":[{"href":"https:\/\/www.radiopiu.net\/wordpress\/wp-json\/wp\/v2\/media?parent=64484"}],"wp:term":[{"taxonomy":"category","embeddable":true,"href":"https:\/\/www.radiopiu.net\/wordpress\/wp-json\/wp\/v2\/categories?post=64484"},{"taxonomy":"post_tag","embeddable":true,"href":"https:\/\/www.radiopiu.net\/wordpress\/wp-json\/wp\/v2\/tags?post=64484"}],"curies":[{"name":"wp","href":"https:\/\/api.w.org\/{rel}","templated":true}]}}