{"id":64493,"date":"2018-10-20T05:45:18","date_gmt":"2018-10-20T03:45:18","guid":{"rendered":"http:\/\/www.radiopiu.net\/wordpress\/?p=64493"},"modified":"2018-10-20T15:13:12","modified_gmt":"2018-10-20T13:13:12","slug":"giornale-radiopiu-20-ottobre-2018-direttore-mirko-mezzacasa","status":"publish","type":"post","link":"https:\/\/www.radiopiu.net\/wordpress\/giornale-radiopiu-20-ottobre-2018-direttore-mirko-mezzacasa\/","title":{"rendered":"GIORNALE RADIOPIU 20 OTTOBRE 2018 DIRETTORE MIRKO MEZZACASA"},"content":{"rendered":"<blockquote>\n<h1>CON GRANDE DOLORE APPRENDIAMO DELLA MORTE DI PATRICK BOGO, IL CORPO E&#8217; STATO RITROVATO NELLA ZONA DELLA SCOMPARSA<\/h1>\n<p>SELVA DI CADORE Il corpo del diciottenne che mancava da casa da ieri \u00e8 stato ritrovato nei pressi della Forcella Giau. Per cause in corso di accertamento mentre percorreva il sentiero roccioso \u00e8 precipitato per un centinaio di metri sbattendo sulle pareti sottostanti<\/p><\/blockquote>\n<p>&nbsp;<\/p>\n<blockquote class=\"wp-embedded-content\" data-secret=\"TJBK6mDyXJ\"><p><a href=\"http:\/\/www.radiopiu.net\/wordpress\/arrestato-per-spaccio-di-droga-a-minori\/\">ARRESTATO PER SPACCIO DI DROGA A MINORI<\/a><\/p><\/blockquote>\n<p><iframe loading=\"lazy\" class=\"wp-embedded-content\" sandbox=\"allow-scripts\" security=\"restricted\" style=\"position: absolute; clip: rect(1px, 1px, 1px, 1px);\" src=\"http:\/\/www.radiopiu.net\/wordpress\/arrestato-per-spaccio-di-droga-a-minori\/embed\/#?secret=TJBK6mDyXJ\" data-secret=\"TJBK6mDyXJ\" width=\"600\" height=\"338\" title=\"&#8220;ARRESTATO PER SPACCIO DI DROGA A MINORI&#8221; &#8212; Radio Pi\u00f9\" frameborder=\"0\" marginwidth=\"0\" marginheight=\"0\" scrolling=\"no\"><\/iframe><\/p>\n<h1><\/h1>\n<h1><\/h1>\n<h1>VOLO MORTALE IN VIA VITTORIO VENETO<\/h1>\n\n\t\t\t<style type='text\/css'>\n\t\t\t\t#gallery-1 {\n\t\t\t\t\tmargin: auto;\n\t\t\t\t}\n\t\t\t\t#gallery-1 .gallery-item {\n\t\t\t\t\tfloat: left;\n\t\t\t\t\tmargin-top: 10px;\n\t\t\t\t\ttext-align: center;\n\t\t\t\t\twidth: 33%;\n\t\t\t\t}\n\t\t\t\t#gallery-1 img {\n\t\t\t\t\tborder: 2px solid #cfcfcf;\n\t\t\t\t}\n\t\t\t\t#gallery-1 .gallery-caption {\n\t\t\t\t\tmargin-left: 0;\n\t\t\t\t}\n\t\t\t\t\/* see gallery_shortcode() in wp-includes\/media.php *\/\n\t\t\t<\/style>\n\t\t<div id='gallery-1' class='dt-gallery-container gallery galleryid-64493 gallery-columns-3 gallery-size-thumbnail'><dl class='gallery-item'>\n\t\t\t\t<dt class='gallery-icon portrait'>\n\t\t\t\t\t<a class=\"rollover\" href='https:\/\/www.radiopiu.net\/wordpress\/giornale-radiopiu-20-ottobre-2018-direttore-mirko-mezzacasa\/photo_2018-10-19_18-33-08\/'><img loading=\"lazy\" decoding=\"async\" width=\"150\" height=\"150\" src=\"https:\/\/www.radiopiu.net\/wordpress\/wp-content\/uploads\/2018\/10\/photo_2018-10-19_18-33-08-150x150.jpg\" class=\"attachment-thumbnail size-thumbnail\" alt=\"\" \/><\/a>\n\t\t\t\t<\/dt><\/dl><dl class='gallery-item'>\n\t\t\t\t<dt class='gallery-icon portrait'>\n\t\t\t\t\t<a class=\"rollover\" href='https:\/\/www.radiopiu.net\/wordpress\/giornale-radiopiu-20-ottobre-2018-direttore-mirko-mezzacasa\/photo_2018-10-19_18-33-15\/'><img loading=\"lazy\" decoding=\"async\" width=\"150\" height=\"150\" src=\"https:\/\/www.radiopiu.net\/wordpress\/wp-content\/uploads\/2018\/10\/photo_2018-10-19_18-33-15-150x150.jpg\" class=\"attachment-thumbnail size-thumbnail\" alt=\"\" \/><\/a>\n\t\t\t\t<\/dt><\/dl><dl class='gallery-item'>\n\t\t\t\t<dt class='gallery-icon landscape'>\n\t\t\t\t\t<a class=\"rollover\" href='https:\/\/www.radiopiu.net\/wordpress\/giornale-radiopiu-20-ottobre-2018-direttore-mirko-mezzacasa\/photo_2018-10-19_18-33-20\/'><img loading=\"lazy\" decoding=\"async\" width=\"150\" height=\"150\" src=\"https:\/\/www.radiopiu.net\/wordpress\/wp-content\/uploads\/2018\/10\/photo_2018-10-19_18-33-20-150x150.jpg\" class=\"attachment-thumbnail size-thumbnail\" alt=\"\" \/><\/a>\n\t\t\t\t<\/dt><\/dl><br style=\"clear: both\" \/>\n\t\t\t<\/div>\n\n<p><strong>BELLUNO<\/strong>\u00a0Incidente mortale, vittima l&#8217;autista del\u00a0 mezzo finito fuori strada, 30 metri sotto al ponte. Un autocarro della ditta Bartolini\u00a0 di Spilimbergo, guidato da Ivano Bonaldo 61enne di\u00a0 Tessera-Venezia\u00a0 \u00e8 uscito di strada all&#8217;altezza del centro commerciale Veneggia di via Vittorio Veneto, il muretto non ha retto al peso dell&#8217;autocarro. Da una prima ricostruzione il conducente del mezzo dopo l&#8217;impatto con una Golf station vagon condotta da \u00a0Massimo De Nardi, 44enne di Longarone (portato in ospedale ma non \u00e8 in pericolo di vita),\u00a0 \u00e8 uscito dalla careggiata finendo sotto al ponte in pietra. L&#8217;uomo \u00e8 morto per le gravi ferite riportate. La dinamica \u00e8 al vaglio dei carabinieri del Nucleo operativo di Belluno, diretti dal sottotenente Giorgio Bergamo.La statale 50 tra Belluno e Ponte \u00e8 rimasta bloccata per un paio d&#8217;ore nel tratto tra la rotatoria di Nogar\u00e8 e la via di accesso al centro commerciale. Tra le ipotesi anche la possibilit\u00e0 che il longaronese a bordo della Golf abbia avuto un malore e per questo avrebbe invaso la corsia opposta.<\/p>\n\n\t\t\t<style type='text\/css'>\n\t\t\t\t#gallery-2 {\n\t\t\t\t\tmargin: auto;\n\t\t\t\t}\n\t\t\t\t#gallery-2 .gallery-item {\n\t\t\t\t\tfloat: left;\n\t\t\t\t\tmargin-top: 10px;\n\t\t\t\t\ttext-align: center;\n\t\t\t\t\twidth: 33%;\n\t\t\t\t}\n\t\t\t\t#gallery-2 img {\n\t\t\t\t\tborder: 2px solid #cfcfcf;\n\t\t\t\t}\n\t\t\t\t#gallery-2 .gallery-caption {\n\t\t\t\t\tmargin-left: 0;\n\t\t\t\t}\n\t\t\t\t\/* see gallery_shortcode() in wp-includes\/media.php *\/\n\t\t\t<\/style>\n\t\t<div id='gallery-2' class='dt-gallery-container gallery galleryid-64493 gallery-columns-3 gallery-size-thumbnail'><dl class='gallery-item'>\n\t\t\t\t<dt class='gallery-icon landscape'>\n\t\t\t\t\t<a class=\"rollover\" href='https:\/\/www.radiopiu.net\/wordpress\/giornale-radiopiu-20-ottobre-2018-direttore-mirko-mezzacasa\/0c47ea9c-9cba-4da7-86be-33ce4defe048\/'><img loading=\"lazy\" decoding=\"async\" width=\"150\" height=\"150\" src=\"https:\/\/www.radiopiu.net\/wordpress\/wp-content\/uploads\/2018\/10\/0c47ea9c-9cba-4da7-86be-33ce4defe048-150x150.jpg\" class=\"attachment-thumbnail size-thumbnail\" alt=\"\" \/><\/a>\n\t\t\t\t<\/dt><\/dl><dl class='gallery-item'>\n\t\t\t\t<dt class='gallery-icon landscape'>\n\t\t\t\t\t<a class=\"rollover\" href='https:\/\/www.radiopiu.net\/wordpress\/giornale-radiopiu-20-ottobre-2018-direttore-mirko-mezzacasa\/2ace8ce5-f4d0-49c2-a97c-508b94309f26\/'><img loading=\"lazy\" decoding=\"async\" width=\"150\" height=\"150\" src=\"https:\/\/www.radiopiu.net\/wordpress\/wp-content\/uploads\/2018\/10\/2ace8ce5-f4d0-49c2-a97c-508b94309f26-150x150.jpg\" class=\"attachment-thumbnail size-thumbnail\" alt=\"\" \/><\/a>\n\t\t\t\t<\/dt><\/dl><dl class='gallery-item'>\n\t\t\t\t<dt class='gallery-icon portrait'>\n\t\t\t\t\t<a class=\"rollover\" href='https:\/\/www.radiopiu.net\/wordpress\/giornale-radiopiu-20-ottobre-2018-direttore-mirko-mezzacasa\/9c39bb54-da36-48b4-95c4-671c9d7343ca\/'><img loading=\"lazy\" decoding=\"async\" width=\"150\" height=\"150\" src=\"https:\/\/www.radiopiu.net\/wordpress\/wp-content\/uploads\/2018\/10\/9c39bb54-da36-48b4-95c4-671c9d7343ca-150x150.jpg\" class=\"attachment-thumbnail size-thumbnail\" alt=\"\" \/><\/a>\n\t\t\t\t<\/dt><\/dl><br style=\"clear: both\" \/>\n\t\t\t<\/div>\n\n<p>&nbsp;<\/p>\n<p>&nbsp;<\/p>\n<p>&nbsp;<\/p>\n<h1>GRAVE MA NON IN PERICOLO DI VITA UN ANZIANO USTIONATO DAL CHEROSENE, CASA SEMI DISTRUTTA<\/h1>\n<blockquote><p><em>Salvato dall&#8217;amico eroe Sergio Arrighi, 71enne di Belluno<\/em><\/p><\/blockquote>\n<p><strong><a class=\"dt-pswp-item\" href=\"http:\/\/www.radiopiu.net\/wordpress\/wp-content\/uploads\/2018\/10\/IMG_20181019_184919_966_wm.jpg\" data-dt-img-description=\"\" data-large_image_width=\"1280\" data-large_image_height=\"960\"><img loading=\"lazy\" decoding=\"async\" class=\"wp-image-64563 alignright\" src=\"http:\/\/www.radiopiu.net\/wordpress\/wp-content\/uploads\/2018\/10\/IMG_20181019_184919_966_wm-300x225.jpg\" alt=\"\" width=\"248\" height=\"186\" srcset=\"https:\/\/www.radiopiu.net\/wordpress\/wp-content\/uploads\/2018\/10\/IMG_20181019_184919_966_wm-300x225.jpg 300w, https:\/\/www.radiopiu.net\/wordpress\/wp-content\/uploads\/2018\/10\/IMG_20181019_184919_966_wm-768x576.jpg 768w, https:\/\/www.radiopiu.net\/wordpress\/wp-content\/uploads\/2018\/10\/IMG_20181019_184919_966_wm-1024x768.jpg 1024w, https:\/\/www.radiopiu.net\/wordpress\/wp-content\/uploads\/2018\/10\/IMG_20181019_184919_966_wm.jpg 1280w\" sizes=\"auto, (max-width: 248px) 100vw, 248px\" \/><\/a>ALANO DI PIAVE<\/strong> Nel pomeriggio di ieri in localit\u00e0 Fener (via Dante) i Carabinieri e Vigili del Fuoco sono intervenuti presso l&#8217;abitazione (seconda casa) di Giorgio Fabbiane 82enne, residente a Belluno. L&#8217;anziano nell&#8217;accendere la stufa con l&#8217;ausilio di alcool \u00e8 stato investito dal ritorno di fiamma in pieno volto. L&#8217;anziano (soccorso e trascinato fuori casa dall&#8217;amico che da Belluno lo aveva accompagnato a Fener) \u00e8 stato trasportato con l&#8217;elicottero del Suem al centro grandi ustionati di Padova con ustioni di terzo grado, prognosi 30 giorni.<\/p>\n<p>&nbsp;<\/p>\n<p>&nbsp;<\/p>\n<h1>CENTAURO ALL&#8217;OSPEDALE, CADUTA AUTONOMA<\/h1>\n<p><strong>SOVRAMONTE<\/strong>\u00a0Cadue in moto forse tradito da una chiazza d\u2019olio in strada. A\u00a0Ponte di Oltra, il centauro procedeva in direzione San Martino. C.B. 52 anni, nato a Vicenza, \u00e8 uscito di strada: ha riportato un trauma cranico commotivo, la frattura del femore e trauma al torace. La prognosi<br \/>\n\u00e8 di 40 giorni, ma non sarebbe in pericolo di vita.<\/p>\n<p>&nbsp;<\/p>\n<p>&nbsp;<\/p>\n<h1>INSEGUIMENTO ED ARRESTO. LA POLIZIA BLOCCA LO SPACCIO DESTINATO AL BELLUNESE<\/h1>\n<blockquote><p><em>Sequestrata al termine di un inseguimento per le strade di Sedico un\u2019ingente partita di stupefacente, destinata al bellunese.\u00a0 Indagato anche un altro insospettabile.<\/em><\/p><\/blockquote>\n<p style=\"text-align: left;\"><strong><a class=\"dt-pswp-item\" href=\"http:\/\/www.radiopiu.net\/wordpress\/wp-content\/uploads\/2018\/07\/image1.jpeg\" data-dt-img-description=\"\" data-large_image_width=\"259\" data-large_image_height=\"194\"><img loading=\"lazy\" decoding=\"async\" class=\"size-full wp-image-54495 alignleft\" src=\"http:\/\/www.radiopiu.net\/wordpress\/wp-content\/uploads\/2018\/07\/image1.jpeg\" alt=\"\" width=\"259\" height=\"194\" \/><\/a>BELLUNO<\/strong> Un pusher capace di smistare importanti quantitativi di droga \u00e8 stato arrestato la scorsa notte\u00a0al termine di un inseguimento. Il pregiudicato bellunese era in possesso di una partita di droga, insieme ad un complice. Luca Tommasini, pur di non essere controllato, aveva ingaggiato con la propria autovettura di grossa cilindrata una folle fuga, dopo aver percorso ad alta velocit\u00e0 la Strada Provinciale 1 bis senza fermarsi all\u2019alt e non rispettando gli incroci. E&#8217; stato bloccato dai poliziotti\u00a0della Squadra Mobile i quali\u00a0 al termine di accurate perquisizioni hanno sequestrato marijuana ed eroina, droga che sarebbe poi stata confezionata al dettaglio per i clienti, probabilmente giovani bellunesi. L\u2019arrestato, di\u00a0 Longarone ma da tempo a Sedico, 36 anni, gi\u00e0 noto alle forze di polizia, \u00e8 stato portato su disposizione del Sostituto Procuratore Katjuscia D\u2019Orlando in carcere di Baldenich. Di Longarone \u00e8 anche l\u2019altra persona, Paolo Piucco 21enne incensurato indagato a piede libero per detenzione in concorso ai fini di spaccio di sostanze stupefacenti; sono in corso approfondite indagini per risalire la filiera di spaccio e verificare il suo ruolo nell\u2019attivit\u00e0 illecita.<\/p>\n<p>&nbsp;<\/p>\n<p>&nbsp;<\/p>\n<p>&nbsp;<\/p>\n<h1><\/h1>\n<h1><\/h1>\n<h1>DISATTENZIONE DA AUTOVELOX, CHE AIUTA A FARE CASSA. PREVENZIONE, QUESTA SCONOSCIUTA.<\/h1>\n<p><strong>AGORDO<\/strong> L&#8217;amministrazione comunale decide di collocare 3 autovelox a Pragrande, Veran e Bries. I vigili urbani muniti di macchina fotografica elettronica, penna e blocco per le sanzioni continuano a staccare multe a chi non osserva il limite dei 50 orari, ma nel caso dell&#8217;autovelox di Bries, lungo la regionale 203 agordina, qualcuno potrebbe anche protestare ed avere qualche cosa da ridire e contestare.<br \/>\n<strong>DA AGORDO<\/strong><br \/>\nPer chi \u00e8 diretto a Taibon da Agordo, l&#8217;unico modo per conoscere il limite di velocit\u00e0 dopo il centro abitato di Toccol \u00e8 quello dell&#8217;intuizione, l&#8217;unico cartello del limite dei 50 orari \u00e8 all&#8217;altezza della stretta di Toccol ben nascosto da un palo della luce. Non si legge il limite dei 50 orari, potrebbe essere facilmente scambiato per un 90. Il cartello successivo \u00e8 quello dopo l&#8217;autovelox, tre pali dell&#8217;illuminazione oltre il controllo della velocit\u00e0, pi\u00f9 di 50 metri.<br \/>\n<strong>DA CAL DE LE MULE<\/strong><br \/>\nChi sale dalla comunale Cal de le Mule e prende la regionale 203 agordina nota sulla destra verso Agordo il limite dei 50 orari, verso il centro abitato. Ma dall&#8217;altra verso Taibon? Nulla. Anche in questo caso l&#8217;automobilista \u00e8 chiamato ad intuire il limite, spesso il dubbio comporta anche una frenata da tamponamento in prossimit\u00e0 del controllo.<br \/>\n<strong>A PROPOSITO DI PREVENZIONE.<\/strong><br \/>\nComuni, gestori delle strade, dimostrino che l&#8217;autovelox non \u00e8 solo il modo pi\u00f9 semplice per fare cassa mettendo le mani nelle tasche del cittadino, inizino quindi a farlo in modo pratico mettendo la giusta segnaletica, ad Alleghe in prossimit\u00e0 del distributore Beifin, Morbiach di Cencenighe ad esempio ed a Candaten di Sedico (sempre lungo la regionale 203 agordina) il limite dei 90 va segnalato meglio, magari con il cartello in prossimit\u00e0 dell&#8217;autovelox, eviterebbe frenate improvvise e tamponamenti, ormai all&#8217;ordine del giorno<\/p>\n<h4><strong>Mirko Mezzacasa<\/strong><\/h4>\n<h1>L&#8217;INTERVENTO DI DARIO BOND<\/h1>\n<audio class=\"wp-audio-shortcode\" id=\"audio-64493-1\" preload=\"none\" style=\"width: 100%;\" controls=\"controls\"><source type=\"audio\/mpeg\" src=\"http:\/\/www.radiopiu.net\/wordpress\/wp-content\/uploads\/2018\/10\/dario-bond.mp3?_=1\" \/><a href=\"http:\/\/www.radiopiu.net\/wordpress\/wp-content\/uploads\/2018\/10\/dario-bond.mp3\">http:\/\/www.radiopiu.net\/wordpress\/wp-content\/uploads\/2018\/10\/dario-bond.mp3<\/a><\/audio>\n<p>FOTO<\/p>\n<p><strong>BRIES IL LIMITE CHE NON SI VEDE<\/strong><\/p>\n<p><a class=\"dt-pswp-item\" href=\"http:\/\/www.radiopiu.net\/wordpress\/wp-content\/uploads\/2018\/10\/97f96aad-82ca-4ab4-a3bf-157ca50c9219.jpg\" data-dt-img-description=\"\" data-large_image_width=\"1200\" data-large_image_height=\"1599\"><img loading=\"lazy\" decoding=\"async\" class=\"alignnone size-medium wp-image-64469\" src=\"http:\/\/www.radiopiu.net\/wordpress\/wp-content\/uploads\/2018\/10\/97f96aad-82ca-4ab4-a3bf-157ca50c9219-225x300.jpg\" alt=\"\" width=\"225\" height=\"300\" srcset=\"https:\/\/www.radiopiu.net\/wordpress\/wp-content\/uploads\/2018\/10\/97f96aad-82ca-4ab4-a3bf-157ca50c9219-225x300.jpg 225w, https:\/\/www.radiopiu.net\/wordpress\/wp-content\/uploads\/2018\/10\/97f96aad-82ca-4ab4-a3bf-157ca50c9219-768x1024.jpg 768w, https:\/\/www.radiopiu.net\/wordpress\/wp-content\/uploads\/2018\/10\/97f96aad-82ca-4ab4-a3bf-157ca50c9219.jpg 1200w\" sizes=\"auto, (max-width: 225px) 100vw, 225px\" \/><\/a><\/p>\n<p><strong>BRIES IL LIMITE BEN DOPO L&#8217;AUTOVELOX<\/strong><\/p>\n<p><a class=\"dt-pswp-item\" href=\"http:\/\/www.radiopiu.net\/wordpress\/wp-content\/uploads\/2018\/10\/9df4d239-1371-42f1-9442-910a0ea93ffc.jpg\" data-dt-img-description=\"\" data-large_image_width=\"1200\" data-large_image_height=\"1599\"><img loading=\"lazy\" decoding=\"async\" class=\"alignnone size-medium wp-image-64468\" src=\"http:\/\/www.radiopiu.net\/wordpress\/wp-content\/uploads\/2018\/10\/9df4d239-1371-42f1-9442-910a0ea93ffc-225x300.jpg\" alt=\"\" width=\"225\" height=\"300\" srcset=\"https:\/\/www.radiopiu.net\/wordpress\/wp-content\/uploads\/2018\/10\/9df4d239-1371-42f1-9442-910a0ea93ffc-225x300.jpg 225w, https:\/\/www.radiopiu.net\/wordpress\/wp-content\/uploads\/2018\/10\/9df4d239-1371-42f1-9442-910a0ea93ffc-768x1024.jpg 768w, https:\/\/www.radiopiu.net\/wordpress\/wp-content\/uploads\/2018\/10\/9df4d239-1371-42f1-9442-910a0ea93ffc.jpg 1200w\" sizes=\"auto, (max-width: 225px) 100vw, 225px\" \/><\/a><\/p>\n<p><strong>DA CAL DE LE MULE, IL LIMITE VERSO AGORDO, IL NULLA VERSO TAIBON<\/strong><\/p>\n<p><a class=\"dt-pswp-item\" href=\"http:\/\/www.radiopiu.net\/wordpress\/wp-content\/uploads\/2018\/10\/ff1d7ac9-5ea0-4481-9b57-90546ba15097.jpg\" data-dt-img-description=\"\" data-large_image_width=\"1200\" data-large_image_height=\"1599\"><img loading=\"lazy\" decoding=\"async\" class=\"alignnone size-medium wp-image-64470\" src=\"http:\/\/www.radiopiu.net\/wordpress\/wp-content\/uploads\/2018\/10\/ff1d7ac9-5ea0-4481-9b57-90546ba15097-225x300.jpg\" alt=\"\" width=\"225\" height=\"300\" srcset=\"https:\/\/www.radiopiu.net\/wordpress\/wp-content\/uploads\/2018\/10\/ff1d7ac9-5ea0-4481-9b57-90546ba15097-225x300.jpg 225w, https:\/\/www.radiopiu.net\/wordpress\/wp-content\/uploads\/2018\/10\/ff1d7ac9-5ea0-4481-9b57-90546ba15097-768x1024.jpg 768w, https:\/\/www.radiopiu.net\/wordpress\/wp-content\/uploads\/2018\/10\/ff1d7ac9-5ea0-4481-9b57-90546ba15097.jpg 1200w\" sizes=\"auto, (max-width: 225px) 100vw, 225px\" \/><\/a><a class=\"dt-pswp-item\" href=\"http:\/\/www.radiopiu.net\/wordpress\/wp-content\/uploads\/2018\/10\/08d47f6e-23a0-40dc-8c7c-09f41c995151.jpg\" data-dt-img-description=\"\" data-large_image_width=\"1599\" data-large_image_height=\"1200\"><img loading=\"lazy\" decoding=\"async\" class=\"alignnone size-medium wp-image-64471\" src=\"http:\/\/www.radiopiu.net\/wordpress\/wp-content\/uploads\/2018\/10\/08d47f6e-23a0-40dc-8c7c-09f41c995151-300x225.jpg\" alt=\"\" width=\"300\" height=\"225\" srcset=\"https:\/\/www.radiopiu.net\/wordpress\/wp-content\/uploads\/2018\/10\/08d47f6e-23a0-40dc-8c7c-09f41c995151-300x225.jpg 300w, https:\/\/www.radiopiu.net\/wordpress\/wp-content\/uploads\/2018\/10\/08d47f6e-23a0-40dc-8c7c-09f41c995151-768x576.jpg 768w, https:\/\/www.radiopiu.net\/wordpress\/wp-content\/uploads\/2018\/10\/08d47f6e-23a0-40dc-8c7c-09f41c995151-1024x768.jpg 1024w, https:\/\/www.radiopiu.net\/wordpress\/wp-content\/uploads\/2018\/10\/08d47f6e-23a0-40dc-8c7c-09f41c995151.jpg 1599w\" sizes=\"auto, (max-width: 300px) 100vw, 300px\" \/><\/a><\/p>\n<p>&nbsp;<\/p>\n<p>&nbsp;<\/p>\n<p>&nbsp;<\/p>\n<p>&nbsp;<\/p>\n<h1>VERSO IL QUINTO SUPERMERCATO NELLA EX CASERMA DEGLI ALPINI. A QUANDO L&#8217;INIZIO DEI LAVORI SULLA STORICA PALAZZINA?<\/h1>\n<p><strong>AGORDO<\/strong> Proseguono spediti i lavori per la costruzione del quinto supermercato ad Agordo, \u00e8 recente l&#8217;inaugurazione del W STORE a marchio Walber in localit\u00e0 Le Campe, ai confini con il capoluogo di vallata. La prossima inaugurazione sar\u00e0 dunque quella del nuovo Kanguro di via 27 aprile (oltre al gi\u00e0 esistente di Cencenighe a 8 chilometri a nord di Agordo),\u00a0 dopo lo storico SuperW\u00a0 sempre di via 27 aprile che conta 40 anni di storia, dopo l&#8217;apertura del MD in localit\u00e0 Valcozzena e della Coop nel condominio La Corte.<\/p>\n<blockquote><p><em>I lavori procedono spediti per la costruzione del supermercato, come dimostrano le foto nel cantiere, \u00e8 invece ancora tutto fermo sulla palazzina che guarda sulla regionale 203 Agordina e che dovrebbe diventare il nuovo centro della citt\u00e0 con attivit\u00e0 commerciali, uffici direzionali e appartamenti. Sar\u00e0 vero?<\/em><\/p><\/blockquote>\n<p><strong>CANTIERI NELLA EX CASERMA DI AGORDO, 19 OTTOBRE 2018<\/strong><\/p>\n<p><a class=\"dt-pswp-item\" href=\"http:\/\/www.radiopiu.net\/wordpress\/wp-content\/uploads\/2018\/10\/58980c2e-36fd-4560-a72e-10f5951f6604.jpg\" data-dt-img-description=\"\" data-large_image_width=\"1599\" data-large_image_height=\"1200\"><img loading=\"lazy\" decoding=\"async\" class=\"alignnone size-medium wp-image-64474\" src=\"http:\/\/www.radiopiu.net\/wordpress\/wp-content\/uploads\/2018\/10\/58980c2e-36fd-4560-a72e-10f5951f6604-300x225.jpg\" alt=\"\" width=\"300\" height=\"225\" srcset=\"https:\/\/www.radiopiu.net\/wordpress\/wp-content\/uploads\/2018\/10\/58980c2e-36fd-4560-a72e-10f5951f6604-300x225.jpg 300w, https:\/\/www.radiopiu.net\/wordpress\/wp-content\/uploads\/2018\/10\/58980c2e-36fd-4560-a72e-10f5951f6604-768x576.jpg 768w, https:\/\/www.radiopiu.net\/wordpress\/wp-content\/uploads\/2018\/10\/58980c2e-36fd-4560-a72e-10f5951f6604-1024x768.jpg 1024w, https:\/\/www.radiopiu.net\/wordpress\/wp-content\/uploads\/2018\/10\/58980c2e-36fd-4560-a72e-10f5951f6604.jpg 1599w\" sizes=\"auto, (max-width: 300px) 100vw, 300px\" \/><\/a><a class=\"dt-pswp-item\" href=\"http:\/\/www.radiopiu.net\/wordpress\/wp-content\/uploads\/2018\/10\/73cb2909-0a1b-4f50-b8d0-6e57b1a1a370.jpg\" data-dt-img-description=\"\" data-large_image_width=\"1599\" data-large_image_height=\"1200\"><img loading=\"lazy\" decoding=\"async\" class=\"alignnone size-medium wp-image-64472\" src=\"http:\/\/www.radiopiu.net\/wordpress\/wp-content\/uploads\/2018\/10\/73cb2909-0a1b-4f50-b8d0-6e57b1a1a370-300x225.jpg\" alt=\"\" width=\"300\" height=\"225\" srcset=\"https:\/\/www.radiopiu.net\/wordpress\/wp-content\/uploads\/2018\/10\/73cb2909-0a1b-4f50-b8d0-6e57b1a1a370-300x225.jpg 300w, https:\/\/www.radiopiu.net\/wordpress\/wp-content\/uploads\/2018\/10\/73cb2909-0a1b-4f50-b8d0-6e57b1a1a370-768x576.jpg 768w, https:\/\/www.radiopiu.net\/wordpress\/wp-content\/uploads\/2018\/10\/73cb2909-0a1b-4f50-b8d0-6e57b1a1a370-1024x768.jpg 1024w, https:\/\/www.radiopiu.net\/wordpress\/wp-content\/uploads\/2018\/10\/73cb2909-0a1b-4f50-b8d0-6e57b1a1a370.jpg 1599w\" sizes=\"auto, (max-width: 300px) 100vw, 300px\" \/><\/a><a class=\"dt-pswp-item\" href=\"http:\/\/www.radiopiu.net\/wordpress\/wp-content\/uploads\/2018\/10\/81fd8d99-0fcc-46d6-be86-732b36032c1b.jpg\" data-dt-img-description=\"\" data-large_image_width=\"1599\" data-large_image_height=\"1200\"><img loading=\"lazy\" decoding=\"async\" class=\"alignnone size-medium wp-image-64473\" src=\"http:\/\/www.radiopiu.net\/wordpress\/wp-content\/uploads\/2018\/10\/81fd8d99-0fcc-46d6-be86-732b36032c1b-300x225.jpg\" alt=\"\" width=\"300\" height=\"225\" srcset=\"https:\/\/www.radiopiu.net\/wordpress\/wp-content\/uploads\/2018\/10\/81fd8d99-0fcc-46d6-be86-732b36032c1b-300x225.jpg 300w, https:\/\/www.radiopiu.net\/wordpress\/wp-content\/uploads\/2018\/10\/81fd8d99-0fcc-46d6-be86-732b36032c1b-768x576.jpg 768w, https:\/\/www.radiopiu.net\/wordpress\/wp-content\/uploads\/2018\/10\/81fd8d99-0fcc-46d6-be86-732b36032c1b-1024x768.jpg 1024w, https:\/\/www.radiopiu.net\/wordpress\/wp-content\/uploads\/2018\/10\/81fd8d99-0fcc-46d6-be86-732b36032c1b.jpg 1599w\" sizes=\"auto, (max-width: 300px) 100vw, 300px\" \/><\/a><\/p>\n<h1>ARTICOLI PRECEDENTI, CRONISTORIA<\/h1>\n<blockquote class=\"wp-embedded-content\" data-secret=\"qOpl6enRgQ\"><p><a href=\"http:\/\/www.radiopiu.net\/wordpress\/verso-il-quinto-supermercato-nella-ex-caserma-degli-alpini-a-quando-linizio-dei-lavori-sulla-storica-palazzina\/\">VERSO IL QUINTO SUPERMERCATO NELLA EX CASERMA DEGLI ALPINI. A QUANDO L&#8217;INIZIO DEI LAVORI SULLA STORICA PALAZZINA?<\/a><\/p><\/blockquote>\n<p><iframe loading=\"lazy\" class=\"wp-embedded-content\" sandbox=\"allow-scripts\" security=\"restricted\" style=\"position: absolute; clip: rect(1px, 1px, 1px, 1px);\" src=\"http:\/\/www.radiopiu.net\/wordpress\/verso-il-quinto-supermercato-nella-ex-caserma-degli-alpini-a-quando-linizio-dei-lavori-sulla-storica-palazzina\/embed\/#?secret=qOpl6enRgQ\" data-secret=\"qOpl6enRgQ\" width=\"600\" height=\"338\" title=\"&#8220;VERSO IL QUINTO SUPERMERCATO NELLA EX CASERMA DEGLI ALPINI. A QUANDO L&#8217;INIZIO DEI LAVORI SULLA STORICA PALAZZINA?&#8221; &#8212; Radio Pi\u00f9\" frameborder=\"0\" marginwidth=\"0\" marginheight=\"0\" scrolling=\"no\"><\/iframe><\/p>\n<p>&nbsp;<\/p>\n<p>&nbsp;<\/p>\n<p>&nbsp;<\/p>\n<h1><strong>IERI CON LA LEGA NORD CONFERENZA STAMPA SUI CONFINI DELLA MARMOLADA<\/strong><\/h1>\n<h1><a class=\"dt-pswp-item\" href=\"http:\/\/www.radiopiu.net\/wordpress\/wp-content\/uploads\/2018\/10\/WhatsApp-Image-2018-10-19-at-17.34.22-1.jpeg\" data-dt-img-description=\"\" data-large_image_width=\"1599\" data-large_image_height=\"1200\"><img loading=\"lazy\" decoding=\"async\" class=\"alignnone wp-image-64557 size-large\" src=\"http:\/\/www.radiopiu.net\/wordpress\/wp-content\/uploads\/2018\/10\/WhatsApp-Image-2018-10-19-at-17.34.22-1-1024x768.jpeg\" alt=\"\" width=\"1024\" height=\"768\" srcset=\"https:\/\/www.radiopiu.net\/wordpress\/wp-content\/uploads\/2018\/10\/WhatsApp-Image-2018-10-19-at-17.34.22-1-1024x768.jpeg 1024w, https:\/\/www.radiopiu.net\/wordpress\/wp-content\/uploads\/2018\/10\/WhatsApp-Image-2018-10-19-at-17.34.22-1-300x225.jpeg 300w, https:\/\/www.radiopiu.net\/wordpress\/wp-content\/uploads\/2018\/10\/WhatsApp-Image-2018-10-19-at-17.34.22-1-768x576.jpeg 768w, https:\/\/www.radiopiu.net\/wordpress\/wp-content\/uploads\/2018\/10\/WhatsApp-Image-2018-10-19-at-17.34.22-1.jpeg 1599w\" sizes=\"auto, (max-width: 1024px) 100vw, 1024px\" \/><\/a><\/h1>\n<h1>I COMMENTI<br \/>\nAndrea De Bernardin sindaco Rocca Pietore<\/h1>\n<audio class=\"wp-audio-shortcode\" id=\"audio-64493-2\" preload=\"none\" style=\"width: 100%;\" controls=\"controls\"><source type=\"audio\/ogg\" src=\"http:\/\/www.radiopiu.net\/wordpress\/wp-content\/uploads\/2018\/10\/andrea.ogg?_=2\" \/><a href=\"http:\/\/www.radiopiu.net\/wordpress\/wp-content\/uploads\/2018\/10\/andrea.ogg\">http:\/\/www.radiopiu.net\/wordpress\/wp-content\/uploads\/2018\/10\/andrea.ogg<\/a><\/audio>\n<h1>Massimo Bortoluzzi, consigliere provinciale<\/h1>\n<audio class=\"wp-audio-shortcode\" id=\"audio-64493-3\" preload=\"none\" style=\"width: 100%;\" controls=\"controls\"><source type=\"audio\/mpeg\" src=\"http:\/\/www.radiopiu.net\/wordpress\/wp-content\/uploads\/2018\/10\/bortoluzzi.mp3?_=3\" \/><a href=\"http:\/\/www.radiopiu.net\/wordpress\/wp-content\/uploads\/2018\/10\/bortoluzzi.mp3\">http:\/\/www.radiopiu.net\/wordpress\/wp-content\/uploads\/2018\/10\/bortoluzzi.mp3<\/a><\/audio>\n<p>&nbsp;<\/p>\n<p>&nbsp;<\/p>\n<p>&nbsp;<\/p>\n<h1>CANALE COME CATANIA? RISCHIO DEFAULT<\/h1>\n\n\t\t\t<style type='text\/css'>\n\t\t\t\t#gallery-3 {\n\t\t\t\t\tmargin: auto;\n\t\t\t\t}\n\t\t\t\t#gallery-3 .gallery-item {\n\t\t\t\t\tfloat: left;\n\t\t\t\t\tmargin-top: 10px;\n\t\t\t\t\ttext-align: center;\n\t\t\t\t\twidth: 33%;\n\t\t\t\t}\n\t\t\t\t#gallery-3 img {\n\t\t\t\t\tborder: 2px solid #cfcfcf;\n\t\t\t\t}\n\t\t\t\t#gallery-3 .gallery-caption {\n\t\t\t\t\tmargin-left: 0;\n\t\t\t\t}\n\t\t\t\t\/* see gallery_shortcode() in wp-includes\/media.php *\/\n\t\t\t<\/style>\n\t\t<div id='gallery-3' class='dt-gallery-container gallery galleryid-64493 gallery-columns-3 gallery-size-thumbnail'><dl class='gallery-item'>\n\t\t\t\t<dt class='gallery-icon landscape'>\n\t\t\t\t\t<a class=\"rollover\" href='https:\/\/www.radiopiu.net\/wordpress\/giornale-radiopiu-20-ottobre-2018-direttore-mirko-mezzacasa\/ee98d184-8f0d-4dd5-b4e7-994c66b47783\/'><img loading=\"lazy\" decoding=\"async\" width=\"150\" height=\"150\" src=\"https:\/\/www.radiopiu.net\/wordpress\/wp-content\/uploads\/2018\/10\/ee98d184-8f0d-4dd5-b4e7-994c66b47783-150x150.jpg\" class=\"attachment-thumbnail size-thumbnail\" alt=\"\" \/><\/a>\n\t\t\t\t<\/dt><\/dl><dl class='gallery-item'>\n\t\t\t\t<dt class='gallery-icon landscape'>\n\t\t\t\t\t<a class=\"rollover\" href='https:\/\/www.radiopiu.net\/wordpress\/giornale-radiopiu-20-ottobre-2018-direttore-mirko-mezzacasa\/cb9ae66c-582a-495f-9c88-e3ba3aae68b7\/'><img loading=\"lazy\" decoding=\"async\" width=\"150\" height=\"150\" src=\"https:\/\/www.radiopiu.net\/wordpress\/wp-content\/uploads\/2018\/10\/cb9ae66c-582a-495f-9c88-e3ba3aae68b7-150x150.jpg\" class=\"attachment-thumbnail size-thumbnail\" alt=\"\" \/><\/a>\n\t\t\t\t<\/dt><\/dl><dl class='gallery-item'>\n\t\t\t\t<dt class='gallery-icon landscape'>\n\t\t\t\t\t<a class=\"rollover\" href='https:\/\/www.radiopiu.net\/wordpress\/giornale-radiopiu-20-ottobre-2018-direttore-mirko-mezzacasa\/64ec7b4e-27e1-444b-be4b-32fa21e1f5b0\/'><img loading=\"lazy\" decoding=\"async\" width=\"150\" height=\"150\" src=\"https:\/\/www.radiopiu.net\/wordpress\/wp-content\/uploads\/2018\/10\/64ec7b4e-27e1-444b-be4b-32fa21e1f5b0-150x150.jpg\" class=\"attachment-thumbnail size-thumbnail\" alt=\"\" \/><\/a>\n\t\t\t\t<\/dt><\/dl><br style=\"clear: both\" \/>\n\t\t\t<\/div>\n\n<p><strong>CANALE D&#8217;AGORDO Una sala gremita di gente ieri sera a Canale d&#8217;Agordo per conoscere lo stato di cassa del Comune. Mancano entrate, la centralina idroelettrica senza certificati verdi rende molto meno e c&#8217;\u00e8 pure una causa da 300 mila euro.<\/strong><\/p>\n<p><strong>DI GIANNI SANTOMASO<\/strong><\/p>\n<audio class=\"wp-audio-shortcode\" id=\"audio-64493-4\" preload=\"none\" style=\"width: 100%;\" controls=\"controls\"><source type=\"audio\/ogg\" src=\"http:\/\/www.radiopiu.net\/wordpress\/wp-content\/uploads\/2018\/10\/GIANNI-3.ogg?_=4\" \/><a href=\"http:\/\/www.radiopiu.net\/wordpress\/wp-content\/uploads\/2018\/10\/GIANNI-3.ogg\">http:\/\/www.radiopiu.net\/wordpress\/wp-content\/uploads\/2018\/10\/GIANNI-3.ogg<\/a><\/audio>\n<p><strong>IL SINDACO, FLAVIO COLCERGNAN<\/strong><\/p>\n<audio class=\"wp-audio-shortcode\" id=\"audio-64493-5\" preload=\"none\" style=\"width: 100%;\" controls=\"controls\"><source type=\"audio\/mpeg\" src=\"http:\/\/www.radiopiu.net\/wordpress\/wp-content\/uploads\/2018\/10\/Canale-dAgordo-19_10_18-Intervista-Colcergnan-su-stato-bilancio-comunale.mp3?_=5\" \/><a href=\"http:\/\/www.radiopiu.net\/wordpress\/wp-content\/uploads\/2018\/10\/Canale-dAgordo-19_10_18-Intervista-Colcergnan-su-stato-bilancio-comunale.mp3\">http:\/\/www.radiopiu.net\/wordpress\/wp-content\/uploads\/2018\/10\/Canale-dAgordo-19_10_18-Intervista-Colcergnan-su-stato-bilancio-comunale.mp3<\/a><\/audio>\n<p>&nbsp;<\/p>\n<p>&nbsp;<\/p>\n<p>&nbsp;<\/p>\n<h1>INFLUENZA. DAL 5 NOVEMBRE PARTE LA CAMPAGNA VACCINALE DELLA REGIONE VENETO. APPELLO DI COLETTO PER LA MASSIMA ADESIONE<\/h1>\n<p><strong>VENEZIA\u00a0<\/strong> Prender\u00e0 avvio nella settimana tra il 5 e il 10 novembre la campagna antinfluenzale 2018-2019 gestita dalla Regione Veneto attraverso le Ullss territoriali e la rete dei Medici di Medicina Generale e dei Pediatri di Libera Scelta. La data \u00e8 stata definita sulla base della circolare ministeriale sull\u2019argomento, che indica il periodo ottimale per l\u2019avvio tra la fine di ottobre e i primi giorni di novembre.<\/p>\n<p>&nbsp;<\/p>\n<p>&nbsp;<\/p>\n<h1>SKISAFARI, LA NOVITA&#8217; AD ARABBA<\/h1>\n<p><strong><a class=\"dt-pswp-item\" href=\"http:\/\/www.radiopiu.net\/wordpress\/wp-content\/uploads\/2018\/01\/Funifor_Arabba_Porta_Vescovo.jpg\" data-dt-img-description=\"\" data-large_image_width=\"1200\" data-large_image_height=\"801\"><img loading=\"lazy\" decoding=\"async\" class=\" wp-image-42607 alignleft\" src=\"http:\/\/www.radiopiu.net\/wordpress\/wp-content\/uploads\/2018\/01\/Funifor_Arabba_Porta_Vescovo-300x200.jpg\" alt=\"\" width=\"134\" height=\"89\" srcset=\"https:\/\/www.radiopiu.net\/wordpress\/wp-content\/uploads\/2018\/01\/Funifor_Arabba_Porta_Vescovo-300x200.jpg 300w, https:\/\/www.radiopiu.net\/wordpress\/wp-content\/uploads\/2018\/01\/Funifor_Arabba_Porta_Vescovo-768x513.jpg 768w, https:\/\/www.radiopiu.net\/wordpress\/wp-content\/uploads\/2018\/01\/Funifor_Arabba_Porta_Vescovo-1024x684.jpg 1024w, https:\/\/www.radiopiu.net\/wordpress\/wp-content\/uploads\/2018\/01\/Funifor_Arabba_Porta_Vescovo.jpg 1200w\" sizes=\"auto, (max-width: 134px) 100vw, 134px\" \/><\/a>LIVINALLONGO<\/strong> Presentato ad Arabba il progetto che coinvolge una trentina di esercizi pubblici. L&#8217;idea: prendere il turista all&#8217;aeroporto e dopo aver noleggiato l&#8217;attrezzatura e trascorsa la prima notte in hotel inizia il tour da rifugio a rifugio con il maestro di sci al seguito<\/p>\n<p><strong>l&#8217;intervista al maestro di sci\u00a0 Nicola Costa<\/strong><\/p>\n<p>Giovedi&#8217; si e&#8217; tenuto ad Arabba un incontro dalla Scuola Sci Arabba e Arabba Holidays per spiegare a operatori e cittadinanza lo ski safari, che maestri e agenzia propongono ai turisti e agli sciatori in genere per la prossima stagione. dormire nei rifugi, spostarsi sci ai piedi con il trasporto materiali a cura dell&#8217;organizzazione. Nicola Costa ci spiega queste altre iniziative dei maestri per la prossima stagione.<\/p>\n<audio class=\"wp-audio-shortcode\" id=\"audio-64493-6\" preload=\"none\" style=\"width: 100%;\" controls=\"controls\"><source type=\"audio\/mpeg\" src=\"http:\/\/www.radiopiu.net\/wordpress\/wp-content\/uploads\/2018\/10\/scuola-sci-arabbaa.mp3?_=6\" \/><a href=\"http:\/\/www.radiopiu.net\/wordpress\/wp-content\/uploads\/2018\/10\/scuola-sci-arabbaa.mp3\">http:\/\/www.radiopiu.net\/wordpress\/wp-content\/uploads\/2018\/10\/scuola-sci-arabbaa.mp3<\/a><\/audio>\n<p>&nbsp;<\/p>\n<p>&nbsp;<\/p>\n<p>&nbsp;<\/p>\n<h1 class=\"entry-title\">CARMEN STELLA DA FELTRE AL CUORE DEL TERREMOTO A MANO TESA, L\u2019INIZIATIVA CON LA TERRA TREMA IL CUORE NO<\/h1>\n<p><strong><a class=\"dt-pswp-item\" href=\"http:\/\/www.radiopiu.net\/wordpress\/wp-content\/uploads\/2018\/10\/33993999_1998918337092740_8188509717107048448_n.jpg\" data-dt-img-description=\"\" data-large_image_width=\"960\" data-large_image_height=\"960\"><img loading=\"lazy\" decoding=\"async\" class=\" wp-image-64527 alignleft\" src=\"http:\/\/www.radiopiu.net\/wordpress\/wp-content\/uploads\/2018\/10\/33993999_1998918337092740_8188509717107048448_n-300x300.jpg\" alt=\"\" width=\"130\" height=\"130\" srcset=\"https:\/\/www.radiopiu.net\/wordpress\/wp-content\/uploads\/2018\/10\/33993999_1998918337092740_8188509717107048448_n-300x300.jpg 300w, https:\/\/www.radiopiu.net\/wordpress\/wp-content\/uploads\/2018\/10\/33993999_1998918337092740_8188509717107048448_n-150x150.jpg 150w, https:\/\/www.radiopiu.net\/wordpress\/wp-content\/uploads\/2018\/10\/33993999_1998918337092740_8188509717107048448_n-768x768.jpg 768w, https:\/\/www.radiopiu.net\/wordpress\/wp-content\/uploads\/2018\/10\/33993999_1998918337092740_8188509717107048448_n.jpg 960w\" sizes=\"auto, (max-width: 130px) 100vw, 130px\" \/><\/a>Carmen Stella, feltrina, da 2 anni fa la spola tra Feltre e\u00a0 le zone terremotate per portare il suo aiuto concreto. Tra i progetti importanti anche quello di dare un campo di calcetto polivalente a Muccia, ma \u00e8 solo una delle importanti iniziative benefiche a favore dei terrermotati. Oggi a Radio Pi\u00f9, Carmen Stella presenta\u00a0 il progetto\u00a0\u00a0<a class=\"profileLink\" href=\"https:\/\/www.facebook.com\/groups\/236429976941252\/?ref=gs&amp;fref=gs&amp;dti=236429976941252&amp;hc_location=group\" data-hovercard=\"\/ajax\/hovercard\/group.php?id=236429976941252&amp;extragetparams=%7B%22fref%22%3A%22gs%22%2C%22directed_target_id%22%3A236429976941252%2C%22dti%22%3A236429976941252%2C%22hc_location%22%3A%22group%22%7D&amp;ref=gs\" data-hovercard-prefer-more-content-show=\"1\">La terra trema il cuore no &#8211; ONLUS<\/a>, lo\u00a0 sostiene da qualche mese: un campo da calcetto polivalente, che funger\u00e0 da luogo di aggregazione per la popolazione di Muccia(MC) &#8220;Vogliamo continuare ad essere vicini alle persone colpite dal terribile sisma del 2016. Aiutateci ad aiutare&#8221;, dice Carmen Stella.\u00a0 Tutte le donazioni fatte alla Onlus sono detraibili.\u00a0 IBAN PER DONAZIONE\u00a0 IT 11F0359901899089048508739\u00a0 FACEBOOK <a href=\"https:\/\/www.facebook.com\/groups\/236429976941252\/\">CLICCA QUI<\/a><\/strong><\/p>\n<p><strong>l&#8217;intervista alla radio<\/strong><\/p>\n<audio class=\"wp-audio-shortcode\" id=\"audio-64493-7\" preload=\"none\" style=\"width: 100%;\" controls=\"controls\"><source type=\"audio\/mpeg\" src=\"http:\/\/www.radiopiu.net\/wordpress\/wp-content\/uploads\/2018\/10\/CARMEN.mp3?_=7\" \/><a href=\"http:\/\/www.radiopiu.net\/wordpress\/wp-content\/uploads\/2018\/10\/CARMEN.mp3\">http:\/\/www.radiopiu.net\/wordpress\/wp-content\/uploads\/2018\/10\/CARMEN.mp3<\/a><\/audio>\n<p>&nbsp;<\/p>\n<p>&nbsp;<\/p>\n<p>&nbsp;<\/p>\n<p>&nbsp;<\/p>\n<h1>CAMBIAMENTI CLIMATICI. NON SI PU\u00d2 ASPETTARE LA TRAGEDIA PER ASSUMERE LE DECISIONI<\/h1>\n<p><strong><a class=\"dt-pswp-item\" href=\"http:\/\/www.radiopiu.net\/wordpress\/wp-content\/uploads\/2018\/10\/Bottacin-a-convegno-Ca-Foscari-sul-clima-19.10.2018-.jpg\" data-dt-img-description=\"\" data-large_image_width=\"1004\" data-large_image_height=\"1336\"><img loading=\"lazy\" decoding=\"async\" class=\"size-medium wp-image-64515 alignleft\" src=\"http:\/\/www.radiopiu.net\/wordpress\/wp-content\/uploads\/2018\/10\/Bottacin-a-convegno-Ca-Foscari-sul-clima-19.10.2018--225x300.jpg\" alt=\"\" width=\"225\" height=\"300\" srcset=\"https:\/\/www.radiopiu.net\/wordpress\/wp-content\/uploads\/2018\/10\/Bottacin-a-convegno-Ca-Foscari-sul-clima-19.10.2018--225x300.jpg 225w, https:\/\/www.radiopiu.net\/wordpress\/wp-content\/uploads\/2018\/10\/Bottacin-a-convegno-Ca-Foscari-sul-clima-19.10.2018--768x1022.jpg 768w, https:\/\/www.radiopiu.net\/wordpress\/wp-content\/uploads\/2018\/10\/Bottacin-a-convegno-Ca-Foscari-sul-clima-19.10.2018--770x1024.jpg 770w, https:\/\/www.radiopiu.net\/wordpress\/wp-content\/uploads\/2018\/10\/Bottacin-a-convegno-Ca-Foscari-sul-clima-19.10.2018-.jpg 1004w\" sizes=\"auto, (max-width: 225px) 100vw, 225px\" \/><\/a>VENEZIA\u00a0\u00a0<\/strong>Invitato in veste di relatore a un convegno presso l&#8217;Universit\u00e0 Ca&#8217; Foscari di Venezia in tema di cambiamenti climatici, l&#8217;assessore regionale all&#8217;Ambiente e Protezione Civile Gianpaolo Bottacin nel suo intervento ha approfondito l&#8217;aspetto collegato alla pianificazione in relazione alle problematiche collegate in particolare alla difesa del suolo. <em>&#8220;Purtroppo per molto tempo la pianificazione \u00e8 stata scarsa o ancor peggio in talune realt\u00e0 \u00e8 stata aggravata da scelte che hanno privilegiato la pianificazione urbanistica a discapito della sicurezza idraulica &#8211; ha sottolineato Bottacin -, che invece dovrebbe essere posta alla base delle scelte. E poco si \u00e8 fatto anche per limitare gli effetti collegati alle evoluzioni climatiche. Per questo, anche se il rischio zero non esiste, oggi pi\u00f9 che mai il compito di amministrazioni e cittadini \u00e8 comunque lavorare per ridurlo massimamente. Negli ultimi anni la Regione Veneto ha definito un piano di mitigazione del rischio idrogeologico che cuba 3,2 miliardi di euro. Abbiamo gi\u00e0 attivato opere per oltre 900 milioni di euro in centinaia di interventi&#8221;.\u00a0<\/em>Soffermandosi anche sui concetti di informazione e formazione, di gestione dell&#8217;emergenza, di previsione e prevenzione, l&#8217;assessore ha poi sottolineato che in ogni aspetto &#8220;fondamentale \u00e8 l&#8217;approccio scientifico, da abbinare a una giusta comunicazione per evitare inutili chiamate alle armi, che, a causa di scarsa conoscenza, creano spesso confusione&#8221;. Burocrazia, sindrome di nimby, risorse, appalti sono altre tematiche toccate da Bottacin che ha concluso il suo intervento sottolineando &#8220;l&#8217;importanza e il coraggio di prendere le dovute decisioni. Ascoltare tutti ma poi fare sintesi, non si pu\u00f2 aspettare la tragedia per assumere le decisioni&#8221;. Al convegno, promosso dalla Societ\u00e0 Italiana per le Scienze del Clima, hanno preso parte anche tecnici del Ministero dell&#8217;Ambiente, del Centro Euro-Mediterraneo sui Cambiamenti Climatici, di Ispra, di altre Regioni e di Anci.<\/p>\n<p>&nbsp;<\/p>\n<p>&nbsp;<\/p>\n<h1 class=\"post-title entry-title\">Luxottica: iniziato il rinnovo del contratto integrativo.<\/h1>\n<div class=\"post-header\">\n<div class=\"post-header-line-1\"><a href=\"https:\/\/2.bp.blogspot.com\/-9sR6vBTD-9U\/W8ooj51zryI\/AAAAAAAAAcU\/WEdZEcgAX8I4LiqM6NXFHEQaosGuwUIpgCLcBGAs\/s1600\/under-construction-2891888_640.jpg\"><img loading=\"lazy\" decoding=\"async\" class=\"alignleft\" src=\"https:\/\/2.bp.blogspot.com\/-9sR6vBTD-9U\/W8ooj51zryI\/AAAAAAAAAcU\/WEdZEcgAX8I4LiqM6NXFHEQaosGuwUIpgCLcBGAs\/s320\/under-construction-2891888_640.jpg\" width=\"320\" height=\"240\" border=\"0\" data-original-height=\"480\" data-original-width=\"640\" \/><\/a><\/div>\n<\/div>\n<div id=\"post-body-4277236616992074741\" class=\"post-body entry-content\">\n<div class=\"separator\"><\/div>\n<div style=\"text-align: left;\" align=\"center\">Ad Agordo si \u00e8 tenuto il primo incontro di Coordinamento Luxottica per il rinnovo del Contratto Integrativo scaduto a fine anno scorso. Oltre nove mesi di attesa non sono pochi ma quantomeno entrambe le parti, sindacato e azienda, hanno concordato sull&#8217;opportunit\u00e0 di accelerare i tempi nei limiti del possibile. La giornata \u00e8 iniziata con l&#8217;illustrazione all&#8217;Azienda della piattaforma sindacale, approvata dai lavoratori nelle assemblee di qualche mese fa. I temi sono quindi quelli gi\u00e0 noti: innanzitutto la necessit\u00e0 di potenziare il sistema di relazioni industriali e di confronto tra le parti,\u00a0vista la dimensione assunta\u00a0dall&#8217;Azienda grazie\u00a0al matrimonio\u00a0Essilor-Luxottica e ad\u00a0altre operazioni di grande rilievo, tra le\u00a0quali l&#8217;acquisto di Salmoiraghi &amp; Vigan\u00f2 e di Barberini.\u00a0Molti sono comunque i temi\u00a0della piattaforma, dall&#8217;orario di lavoro (nell&#8217;intento di una migliore\u00a0conciliazione tra i tempi del lavoro e quelli della vita privata) fino al\u00a0consolidamento dell&#8217;occupazione e\u00a0al premio di risultato che dovr\u00e0 essere adeguato alla nuova situazione aziendale\u00a0ma tenendo conto delle\u00a0evolute e pi\u00f9 stringenti\u00a0normative fiscali.\u00a0 &#8220;Da parte sua &#8211; dice Emilio Bez della Uil &#8211;\u00a0 l&#8217;Azienda ha\u00a0mostrato una panoramica della nuova situazione aziendale che\u00a0pu\u00f2 vantare\u00a0numeri di rilievo assoluto\u00a0a tutto campo:\u00a0dipendenti,\u00a0produzione, punti vendita, fatturato complessivo. Numeri che potranno migliorare ulteriormente viste le\u00a0potenzialit\u00e0 che offre l&#8217;integrazione, non solo per quando riguarda la produzione ma\u00a0anche a livello di\u00a0ricerca e progettazione. Vi\u00a0\u00e8 la volont\u00e0 di continuare il percorso di\u00a0sostanziosi investimenti\u00a0fatti negli ultimi anni anche qui in Italia, segno che\u00a0gli stabilimenti del\u00a0nostro Paese avranno un\u00a0peso importante anche nella nuova organizzazione post fusione. L&#8217;Azienda ha per\u00f2 portato al tavolo\u00a0alcune tematiche, tra cui una maggior\u00a0flessibilit\u00e0 produttiva, necessaria per\u00a0seguire al meglio un mercato che chiede sempre\u00a0pi\u00f9 tempestivit\u00e0,\u00a0ma anche\u00a0l&#8217;attenzione ai costi e alla competitivit\u00e0.\u00a0 Tutti argomenti che saranno oggetto di ampio confronto\u00a0nei successivi incontri, due dei quali\u00a0gi\u00e0\u00a0programmati a breve&#8221;.<\/div>\n<\/div>\n<h1><\/h1>\n<h1><\/h1>\n<h1>FUOCHI PER L&#8217;AUTONOMIA, 49 POSTAZIONI<\/h1>\n<p><strong>AUDIO MARINELLA PIAZZA<\/strong><\/p>\n<audio class=\"wp-audio-shortcode\" id=\"audio-64493-8\" preload=\"none\" style=\"width: 100%;\" controls=\"controls\"><source type=\"audio\/ogg\" src=\"http:\/\/www.radiopiu.net\/wordpress\/wp-content\/uploads\/2018\/10\/marinella-piazza.ogg?_=8\" \/><a href=\"http:\/\/www.radiopiu.net\/wordpress\/wp-content\/uploads\/2018\/10\/marinella-piazza.ogg\">http:\/\/www.radiopiu.net\/wordpress\/wp-content\/uploads\/2018\/10\/marinella-piazza.ogg<\/a><\/audio>\n<p><strong>AUDIO ANDREA BONA<\/strong><\/p>\n<audio class=\"wp-audio-shortcode\" id=\"audio-64493-9\" preload=\"none\" style=\"width: 100%;\" controls=\"controls\"><source type=\"audio\/mpeg\" src=\"http:\/\/www.radiopiu.net\/wordpress\/wp-content\/uploads\/2018\/10\/ANDREA-BONA.mp3?_=9\" \/><a href=\"http:\/\/www.radiopiu.net\/wordpress\/wp-content\/uploads\/2018\/10\/ANDREA-BONA.mp3\">http:\/\/www.radiopiu.net\/wordpress\/wp-content\/uploads\/2018\/10\/ANDREA-BONA.mp3<\/a><\/audio>\n<p><strong><a class=\"dt-pswp-item\" href=\"http:\/\/www.radiopiu.net\/wordpress\/wp-content\/uploads\/2015\/12\/bard.jpg\" data-dt-img-description=\"\" data-large_image_width=\"128\" data-large_image_height=\"128\"><img loading=\"lazy\" decoding=\"async\" class=\"size-full wp-image-14147 alignleft\" src=\"http:\/\/www.radiopiu.net\/wordpress\/wp-content\/uploads\/2015\/12\/bard.jpg\" alt=\"\" width=\"128\" height=\"128\" \/><\/a>BELLUNO\u00a0<\/strong> Saranno 49 i \u201cfuochi per l&#8217;autonomia\u201d che saranno accesi nella sera di domani, sabato 20 ottobre, sui monti e nelle piazze bellunesi. Torna per la settima edizione la manifestazione, organizzata dal movimento Belluno Autonoma Regione Dolomiti, nata in occasione della grande mobilitazione in difesa della Provincia del 2012. Viene quindi praticamente eguagliato il risultato dello scorso anno, a cui si aggiungeranno i tanti fuochi \u201cnon ufficiali\u201d che i bellunesi, tra le Dolomiti e in ogni parte del mondo, accenderanno: \u00abAnche quest&#8217;anno, infatti, &#8211; sottolineano dal movimento &#8211; abbiamo gi\u00e0 ricevuto adesioni dei nostri conterranei anche dall&#8217;estero. Chiunque pu\u00f2 partecipare, basta accendere anche una semplice candela fuori dalla finestra di casa\u00bb. Non mancheranno poi i \u201ctradizionali\u201d fuochi accesi dagli aderenti al movimento e da semplici cittadini, dal Piave al Monte Garda, da Zorzoi di Sovramonte a Falcade, dall&#8217;Alpago al Comelico: \u00abConfidiamo che anche i sindaci partecipino a questa iniziativa. Nei giorni scorsi, abbiamo inviato loro una lettera per spiegare le nostre motivazioni e per chiedere di accendere una fiammella davanti ai loro municipi; speriamo di poter contare su di loro\u00bb, aggiungono dal BARD. Quella di quest&#8217;anno sar\u00e0 un&#8217;edizione dedicata a ricordare il primo anniversario del referendum provinciale per l&#8217;autonomia e a sensibilizzare il mondo civile e politico sulla questione. Proprio per questo, il movimento sar\u00e0 presente anche luned\u00ec pomeriggio fuori da Palazzo Piloni, in occasione dell&#8217;assemblea dei sindaci che ha come tema proprio lo stato dell&#8217;arte sul referendum autonomistico provinciale: \u00abSaremo l\u00ec per sostenere i nostri sindaci e per ricordare loro la volont\u00e0 dei bellunesi. &#8211; spiegano dal BARD \u2013 Ad ognuno di loro, offriremo la coccarda blu, con il simbolo della nostra provincia, che abbiamo realizzato proprio lo scorso anno, in occasione della consultazione provinciale\u00bb. \u00abCrediamo \u2013 concludono dal movimento \u2013 che iniziative pacifiche e di sostegno come queste possano smuovere le acque nella trattativa tra Stato, Regione e Provincia di Belluno sul tema autonomia; ad oggi, molto si \u00e8 detto e scritto sulla futura autonomia regionale, ma il discorso provinciale \u00e8 rimasto molto indietro. \u00c8 necessario che tanto a Roma quanto a Venezia l&#8217;autonomia bellunese entri nell&#8217;agenda politica\u00bb.<\/p>\n<p>&nbsp;<\/p>\n<p>&nbsp;<\/p>\n<p>&nbsp;<\/p>\n<p>&nbsp;<\/p>\n<h1>CON IL PEDIBUS DA MUSSOI RIPARTE ANCHE LA RICERCA VOLONTARI<\/h1>\n<p><strong><a class=\"dt-pswp-item\" href=\"http:\/\/www.radiopiu.net\/wordpress\/wp-content\/uploads\/2018\/10\/Pedibus-Mussoi-1.jpg\" data-dt-img-description=\"\" data-large_image_width=\"920\" data-large_image_height=\"1632\"><img loading=\"lazy\" decoding=\"async\" class=\" wp-image-64494 alignleft\" src=\"http:\/\/www.radiopiu.net\/wordpress\/wp-content\/uploads\/2018\/10\/Pedibus-Mussoi-1-169x300.jpg\" alt=\"\" width=\"120\" height=\"213\" srcset=\"https:\/\/www.radiopiu.net\/wordpress\/wp-content\/uploads\/2018\/10\/Pedibus-Mussoi-1-169x300.jpg 169w, https:\/\/www.radiopiu.net\/wordpress\/wp-content\/uploads\/2018\/10\/Pedibus-Mussoi-1-768x1362.jpg 768w, https:\/\/www.radiopiu.net\/wordpress\/wp-content\/uploads\/2018\/10\/Pedibus-Mussoi-1-577x1024.jpg 577w, https:\/\/www.radiopiu.net\/wordpress\/wp-content\/uploads\/2018\/10\/Pedibus-Mussoi-1.jpg 920w\" sizes=\"auto, (max-width: 120px) 100vw, 120px\" \/><\/a>BELLUNO\u00a0\u00a0<\/strong>\u00c8 ripartito nei giorni scorsi il servizio di Pedibus a Mussoi, che si va cos\u00ec ad aggiungere a quello gi\u00e0 rodato alle scuole di Badilet. Al momento, sono due i Pedibus in attivit\u00e0: quello di Badilet, organizzato dal comitato di volontari locali che hanno seguito un corso di formazione promosso dalla Protezione Civile comunale, e quello di Mussoi, che pu\u00f2 contare sulla collaborazione del Comune di Belluno con il Servizio Igiene e Sanit\u00e0 Pubblica dell&#8217;ULSS e la Polizia Locale, che si occupa della formazione dei volontari &#8220;M<em>a servono i volontari: alcuni Pedibus non sono stati avviati proprio per la loro mancanza&#8221; <\/em>lo dice l&#8217;assessore Valentina Tomasi, ecco il suo intervento nel notizario principale di RADIO PIU<\/p>\n<audio class=\"wp-audio-shortcode\" id=\"audio-64493-10\" preload=\"none\" style=\"width: 100%;\" controls=\"controls\"><source type=\"audio\/mpeg\" src=\"http:\/\/www.radiopiu.net\/wordpress\/wp-content\/uploads\/2018\/10\/TOMASI.mp3?_=10\" \/><a href=\"http:\/\/www.radiopiu.net\/wordpress\/wp-content\/uploads\/2018\/10\/TOMASI.mp3\">http:\/\/www.radiopiu.net\/wordpress\/wp-content\/uploads\/2018\/10\/TOMASI.mp3<\/a><\/audio>\n<p>&nbsp;<\/p>\n<h1><\/h1>\n<p>&nbsp;<\/p>\n<h1>LIMANA, DOLCE\u00a0 FINE SETTIMANA<\/h1>\n<p><a class=\"dt-pswp-item\" href=\"http:\/\/www.radiopiu.net\/wordpress\/wp-content\/uploads\/2018\/08\/stock-photo-bee-honeycombs-with-honey-and-bees-apiculture-602677247-1.jpg\" data-dt-img-description=\"\" data-large_image_width=\"450\" data-large_image_height=\"319\"><img loading=\"lazy\" decoding=\"async\" class=\" wp-image-57206 alignleft\" src=\"http:\/\/www.radiopiu.net\/wordpress\/wp-content\/uploads\/2018\/08\/stock-photo-bee-honeycombs-with-honey-and-bees-apiculture-602677247-1-300x213.jpg\" alt=\"\" width=\"137\" height=\"97\" srcset=\"https:\/\/www.radiopiu.net\/wordpress\/wp-content\/uploads\/2018\/08\/stock-photo-bee-honeycombs-with-honey-and-bees-apiculture-602677247-1-300x213.jpg 300w, https:\/\/www.radiopiu.net\/wordpress\/wp-content\/uploads\/2018\/08\/stock-photo-bee-honeycombs-with-honey-and-bees-apiculture-602677247-1.jpg 450w\" sizes=\"auto, (max-width: 137px) 100vw, 137px\" \/><\/a><strong>DI DAMIANO TORMEN<\/strong><\/p>\n<audio class=\"wp-audio-shortcode\" id=\"audio-64493-11\" preload=\"none\" style=\"width: 100%;\" controls=\"controls\"><source type=\"audio\/ogg\" src=\"http:\/\/www.radiopiu.net\/wordpress\/wp-content\/uploads\/2018\/10\/damiano-fine-setimana-miele-limana.ogg?_=11\" \/><a href=\"http:\/\/www.radiopiu.net\/wordpress\/wp-content\/uploads\/2018\/10\/damiano-fine-setimana-miele-limana.ogg\">http:\/\/www.radiopiu.net\/wordpress\/wp-content\/uploads\/2018\/10\/damiano-fine-setimana-miele-limana.ogg<\/a><\/audio>\n<h1><\/h1>\n<p>&nbsp;<\/p>\n<p>&nbsp;<\/p>\n<p>&nbsp;<\/p>\n<h1>GIORNATA PER IL DIALOGO CRISTIANO-ISLAMICO<\/h1>\n<p><strong>BELLUNO<\/strong> \u00abIl viaggio del dialogo. Le strade della comunit\u00e0 bellunese\u00bb \u00e8 il titolo che la diocesi di Belluno-Feltre e la comunit\u00e0 islamica, in collaborazione con pi\u00f9 enti e associazioni, hanno dato all\u2019edizione locale della Giornata nazionale per il dialogo cristiano islamico, prevista per il prossimo 27 ottobre.\u00a0 Oggi la presentazione con l&#8217;intervento del\u00a0 Vescovo di Belluno-Feltre Renato Marangoni;\u00a0 Hasan Frague, imam e presidente della Comunit\u00e0 islamica bellunese, con il segretario e portavoce Aziz Elaamari;\u00a0 il dirigente dell\u2019Ufficio scolastico provinciale Gianni De Bastiani con Franco Chemello, referente delle Scuole in rete per un mondo di solidariet\u00e0 e pace della provincia di Belluno;\u00a0 Marco Crepaz, direttore dell\u2019associazione \u00abBellunesi nel mondo\u00bb; don Giuseppe Bernardi, Giulio Battaiola, Massimo Pomar\u00e8 del Movimento dei Focolari di Belluno.<\/p>\n<p>&nbsp;<\/p>\n<p>&nbsp;<\/p>\n<p>&nbsp;<\/p>\n<h1>A SOSTEGNO DELLA GENITORIALITA&#8217; CON MINORI A RISCHIO ALLONTANAMENTO<\/h1>\n<p align=\"JUSTIFY\"><span style=\"font-family: Calibri, sans-serif;\"><span style=\"font-size: medium;\"><strong><a class=\"dt-pswp-item\" href=\"http:\/\/www.radiopiu.net\/wordpress\/wp-content\/uploads\/2018\/10\/Volantino-Pippi_def_15.10.18.png\" data-dt-img-description=\"\" data-large_image_width=\"2480\" data-large_image_height=\"3508\"><img loading=\"lazy\" decoding=\"async\" class=\"size-medium wp-image-64514 alignleft\" src=\"http:\/\/www.radiopiu.net\/wordpress\/wp-content\/uploads\/2018\/10\/Volantino-Pippi_def_15.10.18-212x300.png\" alt=\"\" width=\"212\" height=\"300\" srcset=\"https:\/\/www.radiopiu.net\/wordpress\/wp-content\/uploads\/2018\/10\/Volantino-Pippi_def_15.10.18-212x300.png 212w, https:\/\/www.radiopiu.net\/wordpress\/wp-content\/uploads\/2018\/10\/Volantino-Pippi_def_15.10.18-768x1086.png 768w, https:\/\/www.radiopiu.net\/wordpress\/wp-content\/uploads\/2018\/10\/Volantino-Pippi_def_15.10.18-724x1024.png 724w\" sizes=\"auto, (max-width: 212px) 100vw, 212px\" \/><\/a>FELTRE<\/strong> L\u2019ULSS 1 Dolomiti ha aderito al Progetto Nazionale denominato P.I.P.P.I. (Programma di Intervento Per Prevenire l\u2019Istituzionalizzazione) promosso dal <\/span><\/span><span style=\"font-family: Calibri, sans-serif;\"><span style=\"font-size: medium;\">Ministero del Lavoro e delle Politiche Sociali.\u00a0<\/span><\/span><span style=\"font-family: Calibri, sans-serif;\"><span style=\"font-size: medium;\">Il Progetto <\/span><\/span><span style=\"font-family: Calibri, sans-serif;\"><span style=\"font-size: medium;\">ha avuto come obiettivo prioritario la prevenzione del collocamento esterno alla famiglia di origine dei bambini\/ragazzi e\/o la riduzione al minimo indispensabile dei tempi di allontanamento.\u00a0<\/span><\/span><span style=\"font-family: Calibri, sans-serif;\"><span style=\"font-size: medium;\">P.I.P.P.I. \u00e8 un Programma di ricerca\/intervento intensivo per i nuclei familiari, prioritariamente con figli da 0 a 11 anni a rischio di allontanamento, che si \u00e8 realizzato<\/span><\/span><span style=\"font-family: Calibri, sans-serif;\"><span style=\"font-size: medium;\"> negli anni 2017-2018 attraverso un partenariato tra la Direzione Generale per l&#8217;Inclusione e i Diritti Sociali del Ministero del Lavoro e delle Politiche Sociali, il Dipartimento di Scienze dell&#8217;Educazione dell\u2019Universit\u00e0 di Padova e l\u2019Azienda ULSS 1 Dolomiti che hanno aderito alla proposta del Ministero.\u00a0<\/span><\/span><span style=\"font-family: Calibri, sans-serif;\"><span style=\"font-size: medium;\">Il Programma ha individuato, sperimentato, monitorato, valutato e codificato un approccio intensivo, continuo, flessibile, ma allo stesso tempo strutturato, di presa in carico del nucleo familiare, capace di ridurre significativamente i rischi di allontanamento del bambino o del ragazzo (<\/span><\/span><span style=\"font-family: Calibri, sans-serif;\"><span style=\"font-size: medium;\"><i>home care intensive program<\/i><\/span><\/span><span style=\"font-family: Calibri, sans-serif;\"><span style=\"font-size: medium;\">) dalla famiglia e\/o di rendere l\u2019allontanamento, quando comunque necessario, un\u2019azione fortemente limitata nel tempo facilitando i processi di riunificazione familiare.\u00a0<\/span><\/span><span style=\"font-family: Calibri, sans-serif;\"><span style=\"font-size: medium;\"><u><b>A conclusione del citato progetto verr\u00e0 realizzato mercoledi 24 ottobre un convegno, a partire dalle ore 8,30 e fino alle ore 13,30 presso la sala convegni di Villa Patt a Sedico (via villa Patt n. 2).\u00a0<\/b><\/u><\/span><\/span><span style=\"font-family: Courier New, monospace;\"><b> <\/b><span style=\"font-family: Calibri, sans-serif;\"><span style=\"font-size: medium;\">Il Convegno, <\/span><\/span><span style=\"font-family: Calibri, sans-serif;\"><span style=\"font-size: medium;\">organizzato dall&#8217;ULSS n. 1 vedr\u00e0 tra i relatori, Maria Arrigoni, Responsabile UOC infanzia Adolescenza Famiglia e Consultori del Distretto n. 1 di Belluno, Alessandra Magalini dell\u2019U.O. Et\u00e0 Evolutiva del Distretto di Feltre, i Direttori dei Dipartimenti Dipendenze e Salute Mentale, Alfio De Sandre e Bruno Forti, gli educatori dell\u2019ULSS 1 e della Cooperativa Itaca.<\/span><\/span><\/span><\/p>\n<h1 align=\"JUSTIFY\">DAL NOTIZIARIO PRINCIPALE DI RADIO PIU L&#8217;ASSESSORE ADIS ZATTA<\/h1>\n<audio class=\"wp-audio-shortcode\" id=\"audio-64493-12\" preload=\"none\" style=\"width: 100%;\" controls=\"controls\"><source type=\"audio\/mpeg\" src=\"http:\/\/www.radiopiu.net\/wordpress\/wp-content\/uploads\/2018\/10\/ZATTA-1.mp3?_=12\" \/><a href=\"http:\/\/www.radiopiu.net\/wordpress\/wp-content\/uploads\/2018\/10\/ZATTA-1.mp3\">http:\/\/www.radiopiu.net\/wordpress\/wp-content\/uploads\/2018\/10\/ZATTA-1.mp3<\/a><\/audio>\n<blockquote class=\"wp-embedded-content\" data-secret=\"5Rjtx21EJG\"><p><a href=\"http:\/\/www.radiopiu.net\/wordpress\/piano-triennale-dei-lavori-pubblici-programmati-interventi-per-oltre-22-milioni-di-euro\/\">Piano triennale dei lavori pubblici: programmati interventi per oltre 22 milioni di euro.<\/a><\/p><\/blockquote>\n<p><iframe loading=\"lazy\" class=\"wp-embedded-content\" sandbox=\"allow-scripts\" security=\"restricted\" style=\"position: absolute; clip: rect(1px, 1px, 1px, 1px);\" src=\"http:\/\/www.radiopiu.net\/wordpress\/piano-triennale-dei-lavori-pubblici-programmati-interventi-per-oltre-22-milioni-di-euro\/embed\/#?secret=5Rjtx21EJG\" data-secret=\"5Rjtx21EJG\" width=\"600\" height=\"338\" title=\"&#8220;Piano triennale dei lavori pubblici: programmati interventi per oltre 22 milioni di euro.&#8221; &#8212; Radio Pi\u00f9\" frameborder=\"0\" marginwidth=\"0\" marginheight=\"0\" scrolling=\"no\"><\/iframe><\/p>\n<p>&nbsp;<\/p>\n<p>&nbsp;<\/p>\n<p>&nbsp;<\/p>\n<p><strong><a class=\"dt-pswp-item\" href=\"http:\/\/www.radiopiu.net\/wordpress\/wp-content\/uploads\/2018\/09\/banner-speciali-1.png\" data-dt-img-description=\"\" data-large_image_width=\"250\" data-large_image_height=\"175\"><img loading=\"lazy\" decoding=\"async\" class=\"alignnone size-full wp-image-59743\" src=\"http:\/\/www.radiopiu.net\/wordpress\/wp-content\/uploads\/2018\/09\/banner-speciali-1.png\" alt=\"\" width=\"250\" height=\"175\" \/><\/a><\/strong><\/p>\n<h1>LONGARONE FIERE: L\u2019ATTESISSIMA 41. EDIZIONE DI ARREDAMONT<\/h1>\n<p><a class=\"dt-pswp-item\" href=\"http:\/\/www.radiopiu.net\/wordpress\/wp-content\/uploads\/2015\/10\/DSC_3515-Arredamont-2014.jpg\" data-dt-img-description=\"\" data-large_image_width=\"1200\" data-large_image_height=\"800\"><img loading=\"lazy\" decoding=\"async\" class=\" wp-image-12181 alignleft\" src=\"http:\/\/www.radiopiu.net\/wordpress\/wp-content\/uploads\/2015\/10\/DSC_3515-Arredamont-2014-300x200.jpg\" alt=\"\" width=\"333\" height=\"222\" \/><\/a>Molte le novit\u00e0 che ci riserva questa edizione di Arredamont, il Salone dell\u2019abitare e dell\u2019arredare in montagna che si apre sabato 27 ottobre nel Quartiere fieristico di Longarone per concludersi domenica 4 novembre prossimi, con 17.000 metri quadri espositivi interamente occupati.\u00a0 Un\u2019esposizione a tutto tondo di arredamento, complementi, tessuti, oggettistica: cose tipiche degli ambienti delle aree alpine. E non solo per case di abitazione, ma anche per alberghi e ristoranti. Ad Arredamont si trovano sempre nuove soluzioni e idee giuste con protagonista indiscusso il legno; ma in fiera hanno spazio anche gli altri materiali naturali, dalla pietra al ferro, dal vetro alla lana lavorata nelle terre di montagna. \u201cUn&#8217;esposizione veramente unica \u2013 afferma il presidente di Longarone Fiere, Giorgio Balzan \u2013 che vede di anno in anno crescere sia la qualit\u00e0 espositiva che il numero di visitatori interessati (oltre 30.000 nella scorsa edizione), dimostrando di conquistare un pubblico sempre pi\u00f9 esigente e qualificato e confermandosi quale punto di riferimento del settore, merito questo soprattutto dei nostri espositori che ne rappresentano il valore aggiunto\u201d. Arredamont si conferma quindi la mostra per eccellenza dell\u2019arredare in montagna e costituisce un evento unico nel panorama fieristico nazionale, e non solo, in grado di attirare l\u2019attenzione di migliaia di operatori del settore mobile-arredo e delle famiglie. Una rete specializzata di piccole e medie imprese, prevalentemente artigiane \u2013 249 i marchi aziendali presenti in rappresentanza di 13 Regioni italiane e 9 Paesi esteri \u2013 che si presenta in fiera all\u2019attenzione di un pubblico numeroso che giunge nelle Dolomiti da tutto il Nord e Centro Italia, ma anche da Francia, Svizzera, Slovenia e Croazia, Austria e Germania dimostrandosi sempre pi\u00f9 accattivante in un panorama sempre pi\u00f9 internazionale. E molte saranno anche le iniziative e le dimostrazioni che animeranno le nove giornate di Arredamont, che vedranno ad esempio i mascherai alpini alternarsi nella realizzazione di un pannello in legno in altorilievo: un\u2019opera composta da una serie di pannelli pi\u00f9 piccoli intagliati dove ogni pezzo rappresenter\u00e0 una maschera carnevalesca tipica della zona di provenienza dell\u2019artista. Mentre nello stand-laboratorio della Consociazione Italiana Tappezzieri Arredatori, trasformato in una bottega aperta, i Maestri arrivati da ogni parte d\u2019Italia taglieranno e cuciranno in diretta con il loro ago curvo un arazzo che rappresenta un Tappezziere al lavoro, coinvolgendo nell\u2019opera anche il pubblico. Nello stand invece dell\u2019Associazione Io Amo Castellavazzo si terranno dei laboratori permanenti aperti a tutti con la creazione di piccoli oggetti e la realizzazione di un dinosauro gigante, naturalmente tutto in legno. Nello stesso, in occasione dell\u2019inaugurazione di Arredamont, che si terr\u00e0 sabato 27 ottobre alle 11.30, verr\u00e0 scoperta l\u2019ultima opera dell\u2019artista Mauro Lampo \u201cOmaggio a Leonardo Da Vinci\u201d: un grande bassorilievo in cirmolo, rivisitazione di una delle opere pi\u00f9 discusse di Leonardo, \u201cLa battaglia di Anghiari\u201d.\u00a0 Spazio anche ai futuri falegnami con l\u2019Istituto di Istruzione Superiore Statale Enrico Fermi dove gli alunni eseguiranno dei manufatti in legno; il C.F.S., Centro per la Formazione e la Sicurezza di Belluno, che presenta \u201cL\u2019artigiano 4.0\u201d dal modello digitale alla realizzazione manuale degli arredi; infine lo spazio del Centro Consorzi che si presenter\u00e0 come un laboratorio dove si potr\u00e0 sperimentare la realt\u00e0 virtuale applicata al settore arredo.<\/p>\n<h1>ARREDAMONT, LA PRESENTAZIONE DEL PRESIDENTE GIORGIO BALZAN<\/h1>\n<p>AUDIO<\/p>\n<audio class=\"wp-audio-shortcode\" id=\"audio-64493-13\" preload=\"none\" style=\"width: 100%;\" controls=\"controls\"><source type=\"audio\/mpeg\" src=\"http:\/\/www.radiopiu.net\/wordpress\/wp-content\/uploads\/2018\/10\/BALZAN-1.mp3?_=13\" \/><a href=\"http:\/\/www.radiopiu.net\/wordpress\/wp-content\/uploads\/2018\/10\/BALZAN-1.mp3\">http:\/\/www.radiopiu.net\/wordpress\/wp-content\/uploads\/2018\/10\/BALZAN-1.mp3<\/a><\/audio>\n<p><strong> <a class=\"dt-pswp-item\" href=\"http:\/\/www.radiopiu.net\/wordpress\/wp-content\/uploads\/2018\/10\/01-1.jpg\" data-dt-img-description=\"\" data-large_image_width=\"2000\" data-large_image_height=\"1351\"><img loading=\"lazy\" decoding=\"async\" class=\" wp-image-64520 alignleft\" src=\"http:\/\/www.radiopiu.net\/wordpress\/wp-content\/uploads\/2018\/10\/01-1-300x203.jpg\" alt=\"\" width=\"356\" height=\"241\" srcset=\"https:\/\/www.radiopiu.net\/wordpress\/wp-content\/uploads\/2018\/10\/01-1-300x203.jpg 300w, https:\/\/www.radiopiu.net\/wordpress\/wp-content\/uploads\/2018\/10\/01-1-768x519.jpg 768w, https:\/\/www.radiopiu.net\/wordpress\/wp-content\/uploads\/2018\/10\/01-1-1024x692.jpg 1024w, https:\/\/www.radiopiu.net\/wordpress\/wp-content\/uploads\/2018\/10\/01-1.jpg 2000w\" sizes=\"auto, (max-width: 356px) 100vw, 356px\" \/><\/a>LONGARONE<\/strong>\u00a0 Arredamont, la Mostra dell\u2019arredare in montagna, vi da\u2019 il benvenuto alla sua 41^ edizione. Un\u2019esposizione completa e moderna dedicata all\u2019arredamento, ai complementi, ai tessuti e all\u2019oggettistica delle case di montagna. L\u2019evento \u00e8 dedicato a chi vuole arredare la propria abitazione e agli operatori del settore turistico sempre pi\u00f9 attenti all\u2019arredamento delle proprie strutture ricettive. Un appuntamento unico nel suo genere in Italia che propone ai visitatori le novit\u00e0 del settore arredamento presentando prodotti originali accanto ai mobili e complementi d\u2019arredo tradizionali. All\u2019interno di Arredamont, camminando fra i numerosi stand, si possono trovare oggetti particolari e spunti per caratterizzare le situazioni pi\u00f9 diverse: dall\u2019angolo del soggiorno di casa alle camere moderne realizzate con legni antichi. Cornici su misura con essenze particolari di legno, oggetti di design, particolari di rustiche case di montagna, tessuti pregiati e rari: ed anche quello che non \u00e8 usuale, ad Arredamont, lo si pu\u00f2 trovare. Protagonista indiscusso il legno quindi che gli artigiani trasformano in vere e proprie opere d&#8217;arte: boiserie, mobili nuovi e tradizionali, ristrutturazioni con antichi legni ed anche costruzioni con nuovo legname. In fiera, assieme al legno, trovano spazio anche gli altri materiali naturali: pietra, ferro e lana lavorati nelle terre di montagn<a class=\"dt-pswp-item\" href=\"http:\/\/www.radiopiu.net\/wordpress\/wp-content\/uploads\/2018\/10\/02.jpg\" data-dt-img-description=\"\" data-large_image_width=\"2000\" data-large_image_height=\"1351\"><img loading=\"lazy\" decoding=\"async\" class=\" wp-image-64521 alignright\" src=\"http:\/\/www.radiopiu.net\/wordpress\/wp-content\/uploads\/2018\/10\/02-300x203.jpg\" alt=\"\" width=\"341\" height=\"231\" srcset=\"https:\/\/www.radiopiu.net\/wordpress\/wp-content\/uploads\/2018\/10\/02-300x203.jpg 300w, https:\/\/www.radiopiu.net\/wordpress\/wp-content\/uploads\/2018\/10\/02-768x519.jpg 768w, https:\/\/www.radiopiu.net\/wordpress\/wp-content\/uploads\/2018\/10\/02-1024x692.jpg 1024w, https:\/\/www.radiopiu.net\/wordpress\/wp-content\/uploads\/2018\/10\/02.jpg 2000w\" sizes=\"auto, (max-width: 341px) 100vw, 341px\" \/><\/a>a. La passione per la lavorazione del legno e dei materiali naturali crea complementi d\u2019arredo che soddisfano i sogni dei clienti, creazioni realizzate non solo con le mani ma soprattutto con la mente e il cuore&#8230;\u00e8 questa l\u2019anima di Arredamont. Arredamont \u00e8 un cantiere in continua evoluzione ed accoglie proposte che non provengono solo dalle Dolomiti e dalla montagna veneta. Le esperienze, le tradizioni, i materiali di tutte le regioni dell\u2019arco alpino, dal Friuli Venezia Giulia alla Valle d\u2019Aosta, sono gli elementi sui quali si focalizza l\u2019interesse di un pubblico che guarda con attenzione all\u2019arredamento e agli aspetti costruttivi oltre che agli spazi esterni della casa. E sempre provenienti da tutto l\u2019arco alpino, non solo italiano, si alterneranno durante la manifestazione i mascherai alpini con la realizzazione di un pannello in legno in altorilievo: un\u2019opera composta da una serie di pannelli pi\u00f9 piccoli intagliati dove ogni pezzo rappresenter\u00e0 una maschera carnevalesca tipica della zona di provenienza dell\u2019artista. E per dare spazio anche ai piccoli artigiani di complementi d\u2019arredo e realizzazioni artistiche, la fiera continua con il progetto che ha riscosso negli ultimi due anni un grande successo, \u201cL\u2019Artigiano sotto l\u2019Albero\u201d: degli spazi ai piedi di una struttura lignea a forma di albero dedicati al piccolo artigianato di qualit\u00e0. A completamento di quest\u2019esposizione unica, Arredamont anche quest\u2019anno propone per i suoi visitatori importanti momenti di formazione e approfondimento, come i laboratori di Dolomiti Handmade e gli incontri della Consociazione Italiana Tappezzieri Arredatori che racconter\u00e0 il mestiere attraverso i suoi artigiani e con la realizzazione dal vivo di un arazzo gigante per tutti e nove i giorni della manifestazione. Spazio anche ai futuri falegnami con l\u2019Istituto di Istruzione Superiore Statale Enrico Fermi dove gli alunni eseguiranno dei manufatti in legno; il C.F.S., Centro per la Formazione e la Sicurezza di Belluno, che presenta \u201cL\u2019artigiano 4.0\u201d dal modello digitale alla realizzazione manuale degli arredi; infine lo spazio del Centro Consorzi che si presenter\u00e0 come un laboratorio dove si potr\u00e0 sperimentare la realt\u00e0 virtuale applicata al settore arredo.<\/p>\n<p>ERNESTO CONTESSA CITA<\/p>\n<audio class=\"wp-audio-shortcode\" id=\"audio-64493-14\" preload=\"none\" style=\"width: 100%;\" controls=\"controls\"><source type=\"audio\/mpeg\" src=\"http:\/\/www.radiopiu.net\/wordpress\/wp-content\/uploads\/2018\/10\/CONTESSA.mp3?_=14\" \/><a href=\"http:\/\/www.radiopiu.net\/wordpress\/wp-content\/uploads\/2018\/10\/CONTESSA.mp3\">http:\/\/www.radiopiu.net\/wordpress\/wp-content\/uploads\/2018\/10\/CONTESSA.mp3<\/a><\/audio>\n<p>DANILO DE ZAIACOMO CFS<\/p>\n<audio class=\"wp-audio-shortcode\" id=\"audio-64493-15\" preload=\"none\" style=\"width: 100%;\" controls=\"controls\"><source type=\"audio\/mpeg\" src=\"http:\/\/www.radiopiu.net\/wordpress\/wp-content\/uploads\/2018\/10\/DE-ZAIACOMO.mp3?_=15\" \/><a href=\"http:\/\/www.radiopiu.net\/wordpress\/wp-content\/uploads\/2018\/10\/DE-ZAIACOMO.mp3\">http:\/\/www.radiopiu.net\/wordpress\/wp-content\/uploads\/2018\/10\/DE-ZAIACOMO.mp3<\/a><\/audio>\n<p>MICHELE TALO CENTRO SERVIZI SEDICO<\/p>\n<audio class=\"wp-audio-shortcode\" id=\"audio-64493-16\" preload=\"none\" style=\"width: 100%;\" controls=\"controls\"><source type=\"audio\/mpeg\" src=\"http:\/\/www.radiopiu.net\/wordpress\/wp-content\/uploads\/2018\/10\/TALO.mp3?_=16\" \/><a href=\"http:\/\/www.radiopiu.net\/wordpress\/wp-content\/uploads\/2018\/10\/TALO.mp3\">http:\/\/www.radiopiu.net\/wordpress\/wp-content\/uploads\/2018\/10\/TALO.mp3<\/a><\/audio>\n<p>ITALO D&#8217;INCA&#8217; CONFAGRICOLTURA<\/p>\n<audio class=\"wp-audio-shortcode\" id=\"audio-64493-17\" preload=\"none\" style=\"width: 100%;\" controls=\"controls\"><source type=\"audio\/mpeg\" src=\"http:\/\/www.radiopiu.net\/wordpress\/wp-content\/uploads\/2018\/10\/INCA-2.mp3?_=17\" \/><a href=\"http:\/\/www.radiopiu.net\/wordpress\/wp-content\/uploads\/2018\/10\/INCA-2.mp3\">http:\/\/www.radiopiu.net\/wordpress\/wp-content\/uploads\/2018\/10\/INCA-2.mp3<\/a><\/audio>\n<p>&nbsp;<\/p>\n<p>&nbsp;<\/p>\n<p>&nbsp;<\/p>\n<h1><a class=\"dt-pswp-item\" href=\"http:\/\/www.radiopiu.net\/wordpress\/wp-content\/uploads\/2018\/09\/banner-speciali.png\" data-dt-img-description=\"\" data-large_image_width=\"250\" data-large_image_height=\"175\"><img loading=\"lazy\" decoding=\"async\" class=\"alignnone size-full wp-image-59738\" src=\"http:\/\/www.radiopiu.net\/wordpress\/wp-content\/uploads\/2018\/09\/banner-speciali.png\" alt=\"\" width=\"250\" height=\"175\" \/><\/a>DOMENICA LA SALI SCENDI A FORCELLA AURINE, OGGI LO SPECIALE ALLA RADIO ALLE 15.10 E 21.00<\/h1>\n<p>PRESENTIAMO LA SALI SCENDI A FORCELLA AURINE\u00a0<a class=\"profileLink\" href=\"https:\/\/www.facebook.com\/michele.costantini.16?__tn__=K-R&amp;eid=ARADVhYY25WFYpJSwOZhSEKhSBzMP-CvmRfaa1-DzaRFbVioS53nqMbxN6uOJmdb4Nq2WIEXEYV8FJz0&amp;fref=mentions&amp;__xts__%5B0%5D=68.ARCV-4Daj9scsjlJFgDWtAbl1r725g2hsXjeUGCnbEIDKscEiBJrdPcTZHyUVwO7x0UMrTVEeI3ZNcOxQ0LkmpZDqh1TgRGgFACghQo4_AQoWR0cstMq2EhU59GZSRsjRn8rbXyp1IYwwaKk0gKzaJ4wvcqu0SUm0PlI41pScsjitkRrJGAcEc6l0SL_CbvQUyXIiRTg8Opx4Q\" data-hovercard=\"\/ajax\/hovercard\/user.php?id=1266216469&amp;extragetparams=%7B%22__tn__%22%3A%22%2CdK-R-R%22%2C%22eid%22%3A%22ARADVhYY25WFYpJSwOZhSEKhSBzMP-CvmRfaa1-DzaRFbVioS53nqMbxN6uOJmdb4Nq2WIEXEYV8FJz0%22%2C%22fref%22%3A%22mentions%22%7D\" data-hovercard-prefer-more-content-show=\"1\">Michele Costantini<\/a>\u00a0e\u00a0<a class=\"profileLink\" href=\"https:\/\/www.facebook.com\/morganito?__tn__=K-R&amp;eid=ARAJyb6U9U0oAARCYd-X4WBAqQwpv0iuHI1jPrAbKKW_TP3aI6fsPUUhMlpr-d4xUcwHqDWkmgD5zGe_&amp;fref=mentions&amp;__xts__%5B0%5D=68.ARCV-4Daj9scsjlJFgDWtAbl1r725g2hsXjeUGCnbEIDKscEiBJrdPcTZHyUVwO7x0UMrTVEeI3ZNcOxQ0LkmpZDqh1TgRGgFACghQo4_AQoWR0cstMq2EhU59GZSRsjRn8rbXyp1IYwwaKk0gKzaJ4wvcqu0SUm0PlI41pScsjitkRrJGAcEc6l0SL_CbvQUyXIiRTg8Opx4Q\" data-hovercard=\"\/ajax\/hovercard\/user.php?id=1289447306&amp;extragetparams=%7B%22__tn__%22%3A%22%2CdK-R-R%22%2C%22eid%22%3A%22ARAJyb6U9U0oAARCYd-X4WBAqQwpv0iuHI1jPrAbKKW_TP3aI6fsPUUhMlpr-d4xUcwHqDWkmgD5zGe_%22%2C%22fref%22%3A%22mentions%22%7D\" data-hovercard-prefer-more-content-show=\"1\">Morgan Gnech<\/a>\u00a0ospiti in studio per presentare la sali scendi, gara di corsa di 5 chlometri che si terra&#8217; domenica mattina con partenza alle 10.30 a Forcella Aurine.\u00a0<a class=\"profileLink\" href=\"https:\/\/www.facebook.com\/morganito?__tn__=K-R&amp;eid=ARAppq-igFUMijgY1gW88EEXYYAVcQbZvLDoWlOMd2N-EgCfRnSo1V6F3KmCROsaZTWUt53ANCClluFf&amp;fref=mentions&amp;__xts__%5B0%5D=68.ARCV-4Daj9scsjlJFgDWtAbl1r725g2hsXjeUGCnbEIDKscEiBJrdPcTZHyUVwO7x0UMrTVEeI3ZNcOxQ0LkmpZDqh1TgRGgFACghQo4_AQoWR0cstMq2EhU59GZSRsjRn8rbXyp1IYwwaKk0gKzaJ4wvcqu0SUm0PlI41pScsjitkRrJGAcEc6l0SL_CbvQUyXIiRTg8Opx4Q\" data-hovercard=\"\/ajax\/hovercard\/user.php?id=1289447306&amp;extragetparams=%7B%22__tn__%22%3A%22%2CdK-R-R%22%2C%22eid%22%3A%22ARAppq-igFUMijgY1gW88EEXYYAVcQbZvLDoWlOMd2N-EgCfRnSo1V6F3KmCROsaZTWUt53ANCClluFf%22%2C%22fref%22%3A%22mentions%22%7D\" data-hovercard-prefer-more-content-show=\"1\">Morgan Gnech<\/a>\u00a0anticipa anche le serate gastronomiche in programma per novembre.\u00a0<a class=\"profileLink\" href=\"https:\/\/www.facebook.com\/aurineskidolomiti\/?__tn__=K-R&amp;eid=ARBSanKJu55SfIxcA-P19opWFX4I-gluxx_FhR5on0tKl1ntdBPvSockomJuaoUK2OkxPTbA1B4iEVsK&amp;fref=mentions&amp;__xts__%5B0%5D=68.ARCV-4Daj9scsjlJFgDWtAbl1r725g2hsXjeUGCnbEIDKscEiBJrdPcTZHyUVwO7x0UMrTVEeI3ZNcOxQ0LkmpZDqh1TgRGgFACghQo4_AQoWR0cstMq2EhU59GZSRsjRn8rbXyp1IYwwaKk0gKzaJ4wvcqu0SUm0PlI41pScsjitkRrJGAcEc6l0SL_CbvQUyXIiRTg8Opx4Q\" data-hovercard=\"\/ajax\/hovercard\/page.php?id=1988164748062617&amp;extragetparams=%7B%22__tn__%22%3A%22%2CdK-R-R%22%2C%22eid%22%3A%22ARBSanKJu55SfIxcA-P19opWFX4I-gluxx_FhR5on0tKl1ntdBPvSockomJuaoUK2OkxPTbA1B4iEVsK%22%2C%22fref%22%3A%22mentions%22%7D\" data-hovercard-prefer-more-content-show=\"1\">Aurine SKI Dolomiti -Progetto Desma &#8211;<\/a><\/p>\n<p><span style=\"color: #ff0000;\">lo speciale alla radio<\/span><\/p>\n<audio class=\"wp-audio-shortcode\" id=\"audio-64493-18\" preload=\"none\" style=\"width: 100%;\" controls=\"controls\"><source type=\"audio\/mpeg\" src=\"http:\/\/www.radiopiu.net\/wordpress\/wp-content\/uploads\/2018\/10\/594.mp3?_=18\" \/><a href=\"http:\/\/www.radiopiu.net\/wordpress\/wp-content\/uploads\/2018\/10\/594.mp3\">http:\/\/www.radiopiu.net\/wordpress\/wp-content\/uploads\/2018\/10\/594.mp3<\/a><\/audio>\n<p>&nbsp;<\/p>\n<p>&nbsp;<\/p>\n<p>&nbsp;<\/p>\n<p><a class=\"dt-pswp-item\" href=\"http:\/\/www.radiopiu.net\/wordpress\/wp-content\/uploads\/2018\/09\/appuntamenti.jpeg\" data-dt-img-description=\"\" data-large_image_width=\"800\" data-large_image_height=\"100\"><img loading=\"lazy\" decoding=\"async\" class=\"alignnone wp-image-61958 size-full\" src=\"http:\/\/www.radiopiu.net\/wordpress\/wp-content\/uploads\/2018\/09\/appuntamenti.jpeg\" alt=\"\" width=\"800\" height=\"100\" srcset=\"https:\/\/www.radiopiu.net\/wordpress\/wp-content\/uploads\/2018\/09\/appuntamenti.jpeg 800w, https:\/\/www.radiopiu.net\/wordpress\/wp-content\/uploads\/2018\/09\/appuntamenti-300x38.jpeg 300w, https:\/\/www.radiopiu.net\/wordpress\/wp-content\/uploads\/2018\/09\/appuntamenti-768x96.jpeg 768w\" sizes=\"auto, (max-width: 800px) 100vw, 800px\" \/><\/a><\/p>\n<h2><\/h2>\n<p>&nbsp;<\/p>\n<h1>100 ANNI DOPO. IL VOLUME SULLA LIBERAZIONE<\/h1>\n<p><strong>BELLUNO<\/strong> Nell&#8217;ambito delle iniziative per il centenario della Liberazione di Belluno, oggi alle 18 in sala consiliare verr\u00e0 presentata la\u00a0\u00a0pubblicazione &#8220;La Liberazione di Belluno. 1 novembre 1918&#8221;. Saranno presenti il Presidente del Consiglio Comunale, Francesco Rasera Berna; Roberto Mezzacasa, autore del volume; Enrico Bacchetti, direttore dell&#8217;Isbrec.<\/p>\n<p>&nbsp;<\/p>\n<p>&nbsp;<\/p>\n<h3>DALLA MOSTRA DEL CINEMA DI VENEZIA AD ARABBA, IL FILM SULLA GRANDE GUERRA RACCONTATO DAI PROTAGONISTI DI ALLORA<\/h3>\n<p><strong>LIVINALLONGO<\/strong> I bambini della Grande Guerra \u00e8 un film di Alessandro Bettero ambientato ai tempi della Prima Guerra Mondiale anche sentendo le testimonianze di tre anziane del territorio Fodom.\u00a0 Oggi alle 14.30 verr\u00e0 proiettato a Villa San Giuseppe di Livinallongo ed in serata alle 20.30 al centro congressi di Arabba,ingresso gratuito e libero a tutti.<\/p>\n<p>&nbsp;<\/p>\n<blockquote><p><strong>AGORDO\u00a0<\/strong>Il Gruppo giovani\u00a0organizza la \u201cFesta dei boce\u201d per oggi\u00a0 al centro parrocchiale \u201cMonsignor Vincenzo Savio\u201d. Dalle 15.30 alle 18 musica e sei prove nelle quali sfidarsi tra amici<\/p><\/blockquote>\n<p>&nbsp;<\/p>\n<h1 style=\"text-align: left;\">DOMANI LO SKI COLLEGE VENETO DI FALCADE PRESENTA LA STAGIONE<\/h1>\n<h3>FALCADE Un&#8217;altra stagione agonistica per lo Ski College Veneto di Falcade. La struttura bellunese, che ospita una sessantina di studenti-sciatori provenienti da tutta Italia, presenter\u00e0 l\u2019annata 2018-2019 domani presso la sede di via Trieste. Alla vernice, che avr\u00e0 inizio alle 15.30, verranno presentate le diverse formazioni impegnate nell\u2019 ambito sci alpino, sci fondo e snowboard.\u00a0 Per tutti i dettagli sullo Ski College: www.skicollegeveneto.it.<\/h3>\n<p>&nbsp;<\/p>\n<p>&nbsp;<\/p>\n<p><strong><a class=\"dt-pswp-item\" href=\"http:\/\/www.radiopiu.net\/wordpress\/wp-content\/uploads\/2018\/10\/42646706_2250267054986648_6630135147909873664_n.jpg\" data-dt-img-description=\"\" data-large_image_width=\"960\" data-large_image_height=\"540\"><img loading=\"lazy\" decoding=\"async\" class=\" wp-image-64377 alignleft\" src=\"http:\/\/www.radiopiu.net\/wordpress\/wp-content\/uploads\/2018\/10\/42646706_2250267054986648_6630135147909873664_n-300x169.jpg\" alt=\"\" width=\"311\" height=\"175\" srcset=\"https:\/\/www.radiopiu.net\/wordpress\/wp-content\/uploads\/2018\/10\/42646706_2250267054986648_6630135147909873664_n-300x169.jpg 300w, https:\/\/www.radiopiu.net\/wordpress\/wp-content\/uploads\/2018\/10\/42646706_2250267054986648_6630135147909873664_n-768x432.jpg 768w, https:\/\/www.radiopiu.net\/wordpress\/wp-content\/uploads\/2018\/10\/42646706_2250267054986648_6630135147909873664_n.jpg 960w\" sizes=\"auto, (max-width: 311px) 100vw, 311px\" \/><\/a>ROCCA PIETORE<\/strong> Il Grop de Bal Marmoleda di Rocca Pietore festeggia i suoi primi 25 anni facendo rivivere la manifestazione Foklor Jalp\u00e8 de la Marmoleda (folclore ai piedi della Marmolada).\u00a0Ricorrono infatti quest&#8217;anno i 5 lustri di attivit\u00e0 del gruppo di ballo che, dopo diverse esibizioni estive in alta quota e in varie vallate ha deciso di fa rivivere la manifestazione che per anni \u00e8 stata momento di incontro di giovani, adulti, bambini e anziani, tutti accumunati dal desiderio di celebrare insieme la passione per il ballo e per le proprie tradizioni. Venerdi, sabato e domenica verr\u00e0 riproposta la festa nella versione 2.0 per festeggiare l&#8217;importante compleanno all&#8217;insegna della buona musica e dell&#8217;ottima cucina ladina, quella tradizionale.<\/p>\n<p>LO SPECIALE ALLA RADIO\u00a0con\u00a0<a id=\"js_2u4\" class=\"profileLink\" href=\"https:\/\/www.facebook.com\/dsirena?__tn__=K-R&amp;eid=ARC77u7h1Ay9me0cnzmv272U_y-63yvkPwQ60ysX1080BKSuaTVE2Jr875ErWKZPNt8e4v4cbyAxmBjM&amp;fref=mentions&amp;__xts__%5B0%5D=68.ARDwX5AMVcStqGUdDUhp0bh8wzzXvVAjTirN5tTAUqpqLMU_t8q8qvg2O1ZA1GwyeIJ0t6aGwMRV1wwy0Raof4d-06FdnfIFh7gZ64KHM0CVBlVvMr_GsdaRLtPE1U1H3ve2WH6nM9v3GGc9PkmCkYjplov6F5f5yoxN8DvV0s8ViVUP-71DqDsIoJXUhW9ZJizU80wiZ9tWgA\" data-hovercard=\"\/ajax\/hovercard\/user.php?id=1486967666&amp;extragetparams=%7B%22__tn__%22%3A%22%2CdK-R-R%22%2C%22eid%22%3A%22ARC77u7h1Ay9me0cnzmv272U_y-63yvkPwQ60ysX1080BKSuaTVE2Jr875ErWKZPNt8e4v4cbyAxmBjM%22%2C%22fref%22%3A%22mentions%22%7D\" data-hovercard-prefer-more-content-show=\"1\" aria-describedby=\"u_6t_1\" aria-owns=\"js_2ro\">Daniel Sirena<\/a>,\u00a0<a class=\"profileLink\" href=\"https:\/\/www.facebook.com\/valerio.davare?__tn__=K-R&amp;eid=ARCW7C61btIqCBniYrzrJCwZRJNWIEyyu35SFDgy1N7jDhMrnxHAXXeMfHOe79oay8IxEgjudU6uE51D&amp;fref=mentions&amp;__xts__%5B0%5D=68.ARDwX5AMVcStqGUdDUhp0bh8wzzXvVAjTirN5tTAUqpqLMU_t8q8qvg2O1ZA1GwyeIJ0t6aGwMRV1wwy0Raof4d-06FdnfIFh7gZ64KHM0CVBlVvMr_GsdaRLtPE1U1H3ve2WH6nM9v3GGc9PkmCkYjplov6F5f5yoxN8DvV0s8ViVUP-71DqDsIoJXUhW9ZJizU80wiZ9tWgA\" data-hovercard=\"\/ajax\/hovercard\/user.php?id=100003540506586&amp;extragetparams=%7B%22__tn__%22%3A%22%2CdK-R-R%22%2C%22eid%22%3A%22ARCW7C61btIqCBniYrzrJCwZRJNWIEyyu35SFDgy1N7jDhMrnxHAXXeMfHOe79oay8IxEgjudU6uE51D%22%2C%22fref%22%3A%22mentions%22%7D\" data-hovercard-prefer-more-content-show=\"1\">Valerio Davare<\/a>\u00a0e\u00a0<a class=\"profileLink\" href=\"https:\/\/www.facebook.com\/Francesca.DeCassan?__tn__=K-R&amp;eid=ARB58ta_wa60cEfg87lNQPX-5jEon7qVsD_8bsJla1W4nGSHYHfnptjBjmNZSdZCo-rWS-LYGDLp65Yf&amp;fref=mentions&amp;__xts__%5B0%5D=68.ARDwX5AMVcStqGUdDUhp0bh8wzzXvVAjTirN5tTAUqpqLMU_t8q8qvg2O1ZA1GwyeIJ0t6aGwMRV1wwy0Raof4d-06FdnfIFh7gZ64KHM0CVBlVvMr_GsdaRLtPE1U1H3ve2WH6nM9v3GGc9PkmCkYjplov6F5f5yoxN8DvV0s8ViVUP-71DqDsIoJXUhW9ZJizU80wiZ9tWgA\" data-hovercard=\"\/ajax\/hovercard\/user.php?id=1092111711&amp;extragetparams=%7B%22__tn__%22%3A%22%2CdK-R-R%22%2C%22eid%22%3A%22ARB58ta_wa60cEfg87lNQPX-5jEon7qVsD_8bsJla1W4nGSHYHfnptjBjmNZSdZCo-rWS-LYGDLp65Yf%22%2C%22fref%22%3A%22mentions%22%7D\" data-hovercard-prefer-more-content-show=\"1\">Francesca De Cassan<\/a>\u00a0il ritorno in occasione del 25 esimo del\u00a0<a class=\"profileLink\" href=\"https:\/\/www.facebook.com\/GropdeBalMarmoleda\/?__tn__=K-R&amp;eid=ARCAsVLFKxUV1N7sjCflpaNdN-RklkspGpOEm-8ykQXiZ0htvmKdgcDgHy6q0TuUfC1lqdXcGYZuN4YW&amp;fref=mentions&amp;__xts__%5B0%5D=68.ARDwX5AMVcStqGUdDUhp0bh8wzzXvVAjTirN5tTAUqpqLMU_t8q8qvg2O1ZA1GwyeIJ0t6aGwMRV1wwy0Raof4d-06FdnfIFh7gZ64KHM0CVBlVvMr_GsdaRLtPE1U1H3ve2WH6nM9v3GGc9PkmCkYjplov6F5f5yoxN8DvV0s8ViVUP-71DqDsIoJXUhW9ZJizU80wiZ9tWgA\" data-hovercard=\"\/ajax\/hovercard\/page.php?id=456402704525822&amp;extragetparams=%7B%22__tn__%22%3A%22%2CdK-R-R%22%2C%22eid%22%3A%22ARCAsVLFKxUV1N7sjCflpaNdN-RklkspGpOEm-8ykQXiZ0htvmKdgcDgHy6q0TuUfC1lqdXcGYZuN4YW%22%2C%22fref%22%3A%22mentions%22%7D\" data-hovercard-prefer-more-content-show=\"1\">Grop de Bal Marmol\u00e8da &#8211; Gruppo Folk Marmolada<\/a><\/p>\n<audio class=\"wp-audio-shortcode\" id=\"audio-64493-19\" preload=\"none\" style=\"width: 100%;\" controls=\"controls\"><source type=\"audio\/mpeg\" src=\"http:\/\/www.radiopiu.net\/wordpress\/wp-content\/uploads\/2018\/10\/609.mp3?_=19\" \/><a href=\"http:\/\/www.radiopiu.net\/wordpress\/wp-content\/uploads\/2018\/10\/609.mp3\">http:\/\/www.radiopiu.net\/wordpress\/wp-content\/uploads\/2018\/10\/609.mp3<\/a><\/audio>\n<p>&nbsp;<\/p>\n<p>&nbsp;<\/p>\n<p><strong>CENCENIGHE<\/strong> Domani alle 12.30 tradizionale pranzo annuale della Famiglia Agordina ex Emigranti, all&#8217;Hotel Stella Alpina di Falcade. Sar\u00e0 preceduto dalle messa che verr\u00e0 celebrata alle 10.30 nella chiesa di Canale d&#8217;Agordo in occasione del 40esimo dell&#8217;elezione e morte di Papa Giovanni Paolo Primo ed a ricordo di tutti gli emigranti deceduti in Italia e all&#8217;estero. Informazioni e prenotazioni: Lucia De Toffol, 0437 591492 o presso Hotel Stella Alpina 0437 599046<\/p>\n<h2><\/h2>\n<p>&nbsp;<\/p>\n<h2>GISELLA A FELTRE<\/h2>\n<p><strong><a class=\"dt-pswp-item\" href=\"http:\/\/www.radiopiu.net\/wordpress\/wp-content\/uploads\/2018\/10\/44293526_2131584350219559_3764342138326745088_n.jpg\" data-dt-img-description=\"\" data-large_image_width=\"960\" data-large_image_height=\"695\"><img loading=\"lazy\" decoding=\"async\" class=\"wp-image-64496 alignleft\" src=\"http:\/\/www.radiopiu.net\/wordpress\/wp-content\/uploads\/2018\/10\/44293526_2131584350219559_3764342138326745088_n-300x217.jpg\" alt=\"\" width=\"221\" height=\"160\" srcset=\"https:\/\/www.radiopiu.net\/wordpress\/wp-content\/uploads\/2018\/10\/44293526_2131584350219559_3764342138326745088_n-300x217.jpg 300w, https:\/\/www.radiopiu.net\/wordpress\/wp-content\/uploads\/2018\/10\/44293526_2131584350219559_3764342138326745088_n-768x556.jpg 768w, https:\/\/www.radiopiu.net\/wordpress\/wp-content\/uploads\/2018\/10\/44293526_2131584350219559_3764342138326745088_n.jpg 960w\" sizes=\"auto, (max-width: 221px) 100vw, 221px\" \/><\/a>FELTRE<\/strong> Dopo la partecipata serata di presentazione nella sua Lamon, Gisella Canzian scende a Feltre per presentare il libro &#8220;2 Ottobre&#8221;. Questa sera alle 17 all&#8217;Hostaria El Fil\u00f2 di Piazzale Guarnieri.<\/p>\n<p>&nbsp;<\/p>\n<p>&nbsp;<\/p>\n<p>&nbsp;<\/p>\n<p>&nbsp;<\/p>\n<p>&nbsp;<\/p>\n<p>&nbsp;<\/p>\n<p>&nbsp;<\/p>\n<h1>LA GRANDE GUERRA DEI RIMASTI<\/h1>\n<p><strong>BELLUNO\u00a0\u00a0<\/strong>La Filarmonica di Belluno propone un concerto-spettacolo dal titolo &#8220;La Grande Guerra dei Rimasti. Voci, musiche, storia e storie&#8221; . Sabato 27 ottobre 2018, ore 17 &#8211; Prefettura di Belluno. Sullo sfondo la grande storia, quella con la &#8220;S&#8221; maiuscola, quella fatta di politica, battaglie e guerre. In scena, in primo piano, invece, una vicenda a tutti sconosciuta, una vicenda come tante, quella della famiglia De Martin. Gli attori\u00a0\u00a0Marco Corazza e Mara Formenti &#8211; rispettivamente nei panni di un rigoroso storico e di una scrittrice narratrice &#8211; daranno vita a un dialogo recitato che far\u00e0 riflettere sugli ultimi anni della Prima guerra mondiale. Il tutto sar\u00e0 accompagnato dalla musica suonata della Filarmonica di Belluno diretta dal maestro Sandro De Marchi che vi trasciner\u00e0 nelle atmosfere di quel particolare momento storico. Testi scritti da Paola Zambelli e Nicola De Toffol. Ingresso libero fino ad esaurimento posti.<\/p>\n<p>&nbsp;<\/p>\n<p>&nbsp;<\/p>\n<p>&nbsp;<\/p>\n<p>&nbsp;<\/p>\n<p>&nbsp;<\/p>\n<p>&nbsp;<\/p>\n<p><a class=\"dt-pswp-item\" href=\"http:\/\/www.radiopiu.net\/wordpress\/wp-content\/uploads\/2018\/09\/sport.jpg\" data-dt-img-description=\"\" data-large_image_width=\"800\" data-large_image_height=\"100\"><img loading=\"lazy\" decoding=\"async\" class=\"alignnone wp-image-60761 size-full\" src=\"http:\/\/www.radiopiu.net\/wordpress\/wp-content\/uploads\/2018\/09\/sport.jpg\" alt=\"\" width=\"800\" height=\"100\" srcset=\"https:\/\/www.radiopiu.net\/wordpress\/wp-content\/uploads\/2018\/09\/sport.jpg 800w, https:\/\/www.radiopiu.net\/wordpress\/wp-content\/uploads\/2018\/09\/sport-300x38.jpg 300w, https:\/\/www.radiopiu.net\/wordpress\/wp-content\/uploads\/2018\/09\/sport-768x96.jpg 768w\" sizes=\"auto, (max-width: 800px) 100vw, 800px\" \/><\/a><\/p>\n<h1><\/h1>\n<h1>33 RALLY BELLUNESE LE ULTIME NOTIZIE NEL RICORDO DI DA LAN<\/h1>\n<h3><a class=\"dt-pswp-item\" href=\"http:\/\/www.radiopiu.net\/wordpress\/wp-content\/uploads\/2018\/10\/WhatsApp-Image-2018-10-20-at-09.52.30.jpeg\" data-dt-img-description=\"\" data-large_image_width=\"960\" data-large_image_height=\"640\"><img loading=\"lazy\" decoding=\"async\" class=\"size-medium wp-image-64627 alignleft\" src=\"http:\/\/www.radiopiu.net\/wordpress\/wp-content\/uploads\/2018\/10\/WhatsApp-Image-2018-10-20-at-09.52.30-300x200.jpeg\" alt=\"\" width=\"300\" height=\"200\" srcset=\"https:\/\/www.radiopiu.net\/wordpress\/wp-content\/uploads\/2018\/10\/WhatsApp-Image-2018-10-20-at-09.52.30-300x200.jpeg 300w, https:\/\/www.radiopiu.net\/wordpress\/wp-content\/uploads\/2018\/10\/WhatsApp-Image-2018-10-20-at-09.52.30-768x512.jpeg 768w, https:\/\/www.radiopiu.net\/wordpress\/wp-content\/uploads\/2018\/10\/WhatsApp-Image-2018-10-20-at-09.52.30.jpeg 960w\" sizes=\"auto, (max-width: 300px) 100vw, 300px\" \/><\/a>ROBERTO BONA<\/h3>\n<audio class=\"wp-audio-shortcode\" id=\"audio-64493-20\" preload=\"none\" style=\"width: 100%;\" controls=\"controls\"><source type=\"audio\/mpeg\" src=\"http:\/\/www.radiopiu.net\/wordpress\/wp-content\/uploads\/2018\/10\/ROBERTO-3.mp3?_=20\" \/><a href=\"http:\/\/www.radiopiu.net\/wordpress\/wp-content\/uploads\/2018\/10\/ROBERTO-3.mp3\">http:\/\/www.radiopiu.net\/wordpress\/wp-content\/uploads\/2018\/10\/ROBERTO-3.mp3<\/a><\/audio>\n<p>&nbsp;<\/p>\n<p>&nbsp;<\/p>\n<p>&nbsp;<\/p>\n<h1>GLI APPUNTAMENTI DEL FINE SETTIMANA<\/h1>\n<p><strong>MARCO GAZ<\/strong><\/p>\n<audio class=\"wp-audio-shortcode\" id=\"audio-64493-21\" preload=\"none\" style=\"width: 100%;\" controls=\"controls\"><source type=\"audio\/mpeg\" src=\"http:\/\/www.radiopiu.net\/wordpress\/wp-content\/uploads\/2018\/10\/gr-20-sport-appuntamenti.mp3?_=21\" \/><a href=\"http:\/\/www.radiopiu.net\/wordpress\/wp-content\/uploads\/2018\/10\/gr-20-sport-appuntamenti.mp3\">http:\/\/www.radiopiu.net\/wordpress\/wp-content\/uploads\/2018\/10\/gr-20-sport-appuntamenti.mp3<\/a><\/audio>\n<p>&nbsp;<\/p>\n<p><a class=\"dt-pswp-item\" href=\"http:\/\/www.radiopiu.net\/wordpress\/wp-content\/uploads\/2018\/09\/WhatsApp-Image-2018-09-20-at-16.04.06.jpeg\" data-dt-img-description=\"\" data-large_image_width=\"800\" data-large_image_height=\"100\"><img loading=\"lazy\" decoding=\"async\" class=\"alignnone wp-image-61378 size-full\" src=\"http:\/\/www.radiopiu.net\/wordpress\/wp-content\/uploads\/2018\/09\/WhatsApp-Image-2018-09-20-at-16.04.06.jpeg\" alt=\"\" width=\"800\" height=\"100\" srcset=\"https:\/\/www.radiopiu.net\/wordpress\/wp-content\/uploads\/2018\/09\/WhatsApp-Image-2018-09-20-at-16.04.06.jpeg 800w, https:\/\/www.radiopiu.net\/wordpress\/wp-content\/uploads\/2018\/09\/WhatsApp-Image-2018-09-20-at-16.04.06-300x38.jpeg 300w, https:\/\/www.radiopiu.net\/wordpress\/wp-content\/uploads\/2018\/09\/WhatsApp-Image-2018-09-20-at-16.04.06-768x96.jpeg 768w\" sizes=\"auto, (max-width: 800px) 100vw, 800px\" \/><\/a><\/p>\n<h1>PREVISIONI DEL TEMPO DA OGGI A MARTEDI<\/h1>\n<p><center><b>Sabato 20<\/b><\/center><b>Tempo atteso: <\/b>Tempo perlopi\u00f9 soleggiato e stabile; al primo mattino aumenter\u00e0 leggermente il rischio di qualche banco di nebbia o nubi basse in alcuni fondovalle; poi cielo in genere sereno per buona parte della giornata; in serata possibili nubi alte da sottovento (lee-clouds). Clima fresco al mattino con modesta inversione termica, sempre mite di giorno per la stagione. Clima ventoso in quota dal pomeriggio.<br \/>\n<b>Precipitazioni: <\/b>Assenti (0%).<br \/>\n<b>Temperature: <\/b>Senza notevoli variazioni. Su Prealpi a 1500 m min 9\u00b0C max 13\u00b0C, a 2000 m min 6\u00b0C max 10\u00b0C. Su Dolomiti a 2000 m min 5\u00b0C max 10\u00b0C, a 3000 m min 0\u00b0C max 3\u00b0C.<br \/>\n<b>Venti: <\/b>Nelle valli deboli di direzione variabile, con qualche locale episodio di F\u00f6hn verso sera in qualche settore dolomitico; in quota in rinforzo da moderati a tesi settentrionali, a 10-30 km\/h a 2000 m, 25-55 km\/h a 3000 m.<\/p>\n<hr \/>\n<p><center><b>Domenica 21<\/b><\/center><b>Tempo atteso: <\/b>Tempo ancora perlopi\u00f9 soleggiato, con qualche modesto addensamento e possibili temporanee nubi alte da sottovento, specie al mattino; al pomeriggio\/sera aumento della copertura soprattutto sulle Prealpi, dove qualche locale fenomeno non sar\u00e0 escluso. Clima ventoso in quota ed anche in qualche valle per F\u00f6hn.<br \/>\n<b>Precipitazioni: <\/b>Assenti fino al pomeriggio (0%). Verso sera non escluso del tutto qualche locale piovasco sulle Prealpi, specie i settori esposti ad Est (20%).<br \/>\n<b>Temperature: <\/b>In locale lieve calo nelle valli, stazionarie in quota. Su Prealpi a 1500 m min 10\u00b0C max 14\u00b0C, a 2000 m min 7\u00b0C max 11\u00b0C. Su Dolomiti a 2000 m min 5\u00b0C max 10\u00b0C, a 3000 m min 0\u00b0C max 3\u00b0C.<br \/>\n<b>Venti: <\/b>Nelle valli deboli di direzione variabile, con qualche locale episodio di F\u00f6hn in qualche settore dolomitico; in quota tesi\/forti settentrionali, a 15-40 km\/h a 2000 m, 50-70 km\/h a 3000 m.<\/p>\n<hr \/>\n<p><center><b>Lunedi 22<\/b><\/center>Possibile modesta nuvolosit\u00e0 nelle prime ore, specie sulle Prealpi, poi cielo pressoch\u00e8 sereno ovunque con aria tersa. Clima pi\u00f9 fresco, specie alle quote medio basse e sulle Prealpi. Vento ancora sostenuto da Nord, in attenuazione.<\/p>\n<hr \/>\n<p><center><b>Martedi 23<\/b><\/center>Tempo solo in parte soleggiato per nubi alte e medio alte anche estese. Clima pi\u00f9 fresco nelle valli, pi\u00f9 mite del giorno precedente in quota per avvezione di aria mite. Venti in nuova intensificazione in quota. Previsore: G.M.<\/p>\n<p>&nbsp;<\/p>\n<p>&nbsp;<\/p>\n<p>&nbsp;<\/p>\n","protected":false},"excerpt":{"rendered":"<p>CON GRANDE DOLORE APPRENDIAMO DELLA MORTE DI PATRICK BOGO, IL CORPO E&#8217; STATO RITROVATO NELLA ZONA DELLA SCOMPARSA SELVA DI CADORE Il corpo del diciottenne che mancava da casa da ieri \u00e8 stato ritrovato nei pressi della Forcella Giau. Per cause in corso di accertamento mentre percorreva il sentiero roccioso \u00e8 precipitato per un centinaio&hellip;<\/p>\n","protected":false},"author":1,"featured_media":64572,"comment_status":"closed","ping_status":"closed","sticky":false,"template":"","format":"standard","meta":{"_monsterinsights_skip_tracking":false,"_monsterinsights_sitenote_active":false,"_monsterinsights_sitenote_note":"","_monsterinsights_sitenote_category":0,"footnotes":""},"categories":[1,86],"tags":[],"class_list":["post-64493","post","type-post","status-publish","format-standard","has-post-thumbnail","hentry","category-senza-categoria","category-gr","category-1","category-86","description-off"],"img_url":"https:\/\/www.radiopiu.net\/wordpress\/wp-content\/uploads\/2018\/10\/64ec7b4e-27e1-444b-be4b-32fa21e1f5b0.jpg","_links":{"self":[{"href":"https:\/\/www.radiopiu.net\/wordpress\/wp-json\/wp\/v2\/posts\/64493","targetHints":{"allow":["GET"]}}],"collection":[{"href":"https:\/\/www.radiopiu.net\/wordpress\/wp-json\/wp\/v2\/posts"}],"about":[{"href":"https:\/\/www.radiopiu.net\/wordpress\/wp-json\/wp\/v2\/types\/post"}],"author":[{"embeddable":true,"href":"https:\/\/www.radiopiu.net\/wordpress\/wp-json\/wp\/v2\/users\/1"}],"replies":[{"embeddable":true,"href":"https:\/\/www.radiopiu.net\/wordpress\/wp-json\/wp\/v2\/comments?post=64493"}],"version-history":[{"count":0,"href":"https:\/\/www.radiopiu.net\/wordpress\/wp-json\/wp\/v2\/posts\/64493\/revisions"}],"wp:featuredmedia":[{"embeddable":true,"href":"https:\/\/www.radiopiu.net\/wordpress\/wp-json\/wp\/v2\/media\/64572"}],"wp:attachment":[{"href":"https:\/\/www.radiopiu.net\/wordpress\/wp-json\/wp\/v2\/media?parent=64493"}],"wp:term":[{"taxonomy":"category","embeddable":true,"href":"https:\/\/www.radiopiu.net\/wordpress\/wp-json\/wp\/v2\/categories?post=64493"},{"taxonomy":"post_tag","embeddable":true,"href":"https:\/\/www.radiopiu.net\/wordpress\/wp-json\/wp\/v2\/tags?post=64493"}],"curies":[{"name":"wp","href":"https:\/\/api.w.org\/{rel}","templated":true}]}}