{"id":64593,"date":"2018-10-20T06:05:28","date_gmt":"2018-10-20T04:05:28","guid":{"rendered":"http:\/\/www.radiopiu.net\/wordpress\/?p=64593"},"modified":"2018-10-20T06:05:28","modified_gmt":"2018-10-20T04:05:28","slug":"fuochi-per-lautonomia-49-postazioni","status":"publish","type":"post","link":"https:\/\/www.radiopiu.net\/wordpress\/fuochi-per-lautonomia-49-postazioni\/","title":{"rendered":"FUOCHI PER L&#8217;AUTONOMIA, 49 POSTAZIONI"},"content":{"rendered":"<h1><\/h1>\n<p><strong>AUDIO MARINELLA PIAZZA<\/strong><\/p>\n<audio class=\"wp-audio-shortcode\" id=\"audio-64593-1\" preload=\"none\" style=\"width: 100%;\" controls=\"controls\"><source type=\"audio\/ogg\" src=\"http:\/\/www.radiopiu.net\/wordpress\/wp-content\/uploads\/2018\/10\/marinella-piazza.ogg?_=1\" \/><a href=\"http:\/\/www.radiopiu.net\/wordpress\/wp-content\/uploads\/2018\/10\/marinella-piazza.ogg\">http:\/\/www.radiopiu.net\/wordpress\/wp-content\/uploads\/2018\/10\/marinella-piazza.ogg<\/a><\/audio>\n<p><strong>AUDIO ANDREA BONA<\/strong><\/p>\n<audio class=\"wp-audio-shortcode\" id=\"audio-64593-2\" preload=\"none\" style=\"width: 100%;\" controls=\"controls\"><source type=\"audio\/mpeg\" src=\"http:\/\/www.radiopiu.net\/wordpress\/wp-content\/uploads\/2018\/10\/ANDREA-BONA.mp3?_=2\" \/><a href=\"http:\/\/www.radiopiu.net\/wordpress\/wp-content\/uploads\/2018\/10\/ANDREA-BONA.mp3\">http:\/\/www.radiopiu.net\/wordpress\/wp-content\/uploads\/2018\/10\/ANDREA-BONA.mp3<\/a><\/audio>\n<p><strong><a class=\"dt-pswp-item\" href=\"http:\/\/www.radiopiu.net\/wordpress\/wp-content\/uploads\/2015\/12\/bard.jpg\" data-dt-img-description=\"\" data-large_image_width=\"128\" data-large_image_height=\"128\"><img loading=\"lazy\" decoding=\"async\" class=\"size-full wp-image-14147 alignleft\" src=\"http:\/\/www.radiopiu.net\/wordpress\/wp-content\/uploads\/2015\/12\/bard.jpg\" alt=\"\" width=\"128\" height=\"128\" \/><\/a>BELLUNO\u00a0<\/strong> Saranno 49 i \u201cfuochi per l&#8217;autonomia\u201d che saranno accesi nella sera di domani, sabato 20 ottobre, sui monti e nelle piazze bellunesi. Torna per la settima edizione la manifestazione, organizzata dal movimento Belluno Autonoma Regione Dolomiti, nata in occasione della grande mobilitazione in difesa della Provincia del 2012. Viene quindi praticamente eguagliato il risultato dello scorso anno, a cui si aggiungeranno i tanti fuochi \u201cnon ufficiali\u201d che i bellunesi, tra le Dolomiti e in ogni parte del mondo, accenderanno: \u00abAnche quest&#8217;anno, infatti, &#8211; sottolineano dal movimento &#8211; abbiamo gi\u00e0 ricevuto adesioni dei nostri conterranei anche dall&#8217;estero. Chiunque pu\u00f2 partecipare, basta accendere anche una semplice candela fuori dalla finestra di casa\u00bb. Non mancheranno poi i \u201ctradizionali\u201d fuochi accesi dagli aderenti al movimento e da semplici cittadini, dal Piave al Monte Garda, da Zorzoi di Sovramonte a Falcade, dall&#8217;Alpago al Comelico: \u00abConfidiamo che anche i sindaci partecipino a questa iniziativa. Nei giorni scorsi, abbiamo inviato loro una lettera per spiegare le nostre motivazioni e per chiedere di accendere una fiammella davanti ai loro municipi; speriamo di poter contare su di loro\u00bb, aggiungono dal BARD. Quella di quest&#8217;anno sar\u00e0 un&#8217;edizione dedicata a ricordare il primo anniversario del referendum provinciale per l&#8217;autonomia e a sensibilizzare il mondo civile e politico sulla questione. Proprio per questo, il movimento sar\u00e0 presente anche luned\u00ec pomeriggio fuori da Palazzo Piloni, in occasione dell&#8217;assemblea dei sindaci che ha come tema proprio lo stato dell&#8217;arte sul referendum autonomistico provinciale: \u00abSaremo l\u00ec per sostenere i nostri sindaci e per ricordare loro la volont\u00e0 dei bellunesi. &#8211; spiegano dal BARD \u2013 Ad ognuno di loro, offriremo la coccarda blu, con il simbolo della nostra provincia, che abbiamo realizzato proprio lo scorso anno, in occasione della consultazione provinciale\u00bb. \u00abCrediamo \u2013 concludono dal movimento \u2013 che iniziative pacifiche e di sostegno come queste possano smuovere le acque nella trattativa tra Stato, Regione e Provincia di Belluno sul tema autonomia; ad oggi, molto si \u00e8 detto e scritto sulla futura autonomia regionale, ma il discorso provinciale \u00e8 rimasto molto indietro. \u00c8 necessario che tanto a Roma quanto a Venezia l&#8217;autonomia bellunese entri nell&#8217;agenda politica\u00bb.<\/p>\n<p>&nbsp;<\/p>\n<p>&nbsp;<\/p>\n","protected":false},"excerpt":{"rendered":"<p>AUDIO MARINELLA PIAZZA AUDIO ANDREA BONA BELLUNO\u00a0 Saranno 49 i \u201cfuochi per l&#8217;autonomia\u201d che saranno accesi nella sera di domani, sabato 20 ottobre, sui monti e nelle piazze bellunesi. Torna per la settima edizione la manifestazione, organizzata dal movimento Belluno Autonoma Regione Dolomiti, nata in occasione della grande mobilitazione in difesa della Provincia del 2012.&hellip;<\/p>\n","protected":false},"author":1,"featured_media":0,"comment_status":"closed","ping_status":"closed","sticky":false,"template":"","format":"standard","meta":{"_monsterinsights_skip_tracking":false,"_monsterinsights_sitenote_active":false,"_monsterinsights_sitenote_note":"","_monsterinsights_sitenote_category":0,"footnotes":""},"categories":[49],"tags":[],"class_list":["post-64593","post","type-post","status-publish","format-standard","hentry","category-news-18","category-49","description-off"],"img_url":false,"_links":{"self":[{"href":"https:\/\/www.radiopiu.net\/wordpress\/wp-json\/wp\/v2\/posts\/64593","targetHints":{"allow":["GET"]}}],"collection":[{"href":"https:\/\/www.radiopiu.net\/wordpress\/wp-json\/wp\/v2\/posts"}],"about":[{"href":"https:\/\/www.radiopiu.net\/wordpress\/wp-json\/wp\/v2\/types\/post"}],"author":[{"embeddable":true,"href":"https:\/\/www.radiopiu.net\/wordpress\/wp-json\/wp\/v2\/users\/1"}],"replies":[{"embeddable":true,"href":"https:\/\/www.radiopiu.net\/wordpress\/wp-json\/wp\/v2\/comments?post=64593"}],"version-history":[{"count":0,"href":"https:\/\/www.radiopiu.net\/wordpress\/wp-json\/wp\/v2\/posts\/64593\/revisions"}],"wp:attachment":[{"href":"https:\/\/www.radiopiu.net\/wordpress\/wp-json\/wp\/v2\/media?parent=64593"}],"wp:term":[{"taxonomy":"category","embeddable":true,"href":"https:\/\/www.radiopiu.net\/wordpress\/wp-json\/wp\/v2\/categories?post=64593"},{"taxonomy":"post_tag","embeddable":true,"href":"https:\/\/www.radiopiu.net\/wordpress\/wp-json\/wp\/v2\/tags?post=64593"}],"curies":[{"name":"wp","href":"https:\/\/api.w.org\/{rel}","templated":true}]}}