{"id":64596,"date":"2018-10-20T06:14:38","date_gmt":"2018-10-20T04:14:38","guid":{"rendered":"http:\/\/www.radiopiu.net\/wordpress\/?p=64596"},"modified":"2019-02-18T15:47:49","modified_gmt":"2019-02-18T14:47:49","slug":"gli-speciali-di-radio-piu-arredamont","status":"publish","type":"post","link":"https:\/\/www.radiopiu.net\/wordpress\/gli-speciali-di-radio-piu-arredamont\/","title":{"rendered":"GLI SPECIALI DI RADIO PIU, ARREDAMONT"},"content":{"rendered":"<p>&nbsp;<\/p>\n<p>&nbsp;<\/p>\n<p><strong><a class=\"dt-pswp-item\" href=\"http:\/\/www.radiopiu.net\/wordpress\/wp-content\/uploads\/2018\/09\/banner-speciali-1.png\" data-dt-img-description=\"\" data-large_image_width=\"250\" data-large_image_height=\"175\"><img loading=\"lazy\" decoding=\"async\" class=\"alignnone size-full wp-image-59743\" src=\"http:\/\/www.radiopiu.net\/wordpress\/wp-content\/uploads\/2018\/09\/banner-speciali-1.png\" alt=\"\" width=\"250\" height=\"175\" \/><\/a><\/strong><\/p>\n<h1>LONGARONE FIERE: L\u2019ATTESISSIMA 41. EDIZIONE DI ARREDAMONT<\/h1>\n<p><a class=\"dt-pswp-item\" href=\"http:\/\/www.radiopiu.net\/wordpress\/wp-content\/uploads\/2015\/10\/DSC_3515-Arredamont-2014.jpg\" data-dt-img-description=\"\" data-large_image_width=\"1200\" data-large_image_height=\"800\"><img loading=\"lazy\" decoding=\"async\" class=\" wp-image-12181 alignleft\" src=\"http:\/\/www.radiopiu.net\/wordpress\/wp-content\/uploads\/2015\/10\/DSC_3515-Arredamont-2014-300x200.jpg\" alt=\"\" width=\"333\" height=\"222\" \/><\/a>Molte le novit\u00e0 che ci riserva questa edizione di Arredamont, il Salone dell\u2019abitare e dell\u2019arredare in montagna che si apre sabato 27 ottobre nel Quartiere fieristico di Longarone per concludersi domenica 4 novembre prossimi, con 17.000 metri quadri espositivi interamente occupati.\u00a0 Un\u2019esposizione a tutto tondo di arredamento, complementi, tessuti, oggettistica: cose tipiche degli ambienti delle aree alpine. E non solo per case di abitazione, ma anche per alberghi e ristoranti. Ad Arredamont si trovano sempre nuove soluzioni e idee giuste con protagonista indiscusso il legno; ma in fiera hanno spazio anche gli altri materiali naturali, dalla pietra al ferro, dal vetro alla lana lavorata nelle terre di montagna. \u201cUn&#8217;esposizione veramente unica \u2013 afferma il presidente di Longarone Fiere, Giorgio Balzan \u2013 che vede di anno in anno crescere sia la qualit\u00e0 espositiva che il numero di visitatori interessati (oltre 30.000 nella scorsa edizione), dimostrando di conquistare un pubblico sempre pi\u00f9 esigente e qualificato e confermandosi quale punto di riferimento del settore, merito questo soprattutto dei nostri espositori che ne rappresentano il valore aggiunto\u201d. Arredamont si conferma quindi la mostra per eccellenza dell\u2019arredare in montagna e costituisce un evento unico nel panorama fieristico nazionale, e non solo, in grado di attirare l\u2019attenzione di migliaia di operatori del settore mobile-arredo e delle famiglie. Una rete specializzata di piccole e medie imprese, prevalentemente artigiane \u2013 249 i marchi aziendali presenti in rappresentanza di 13 Regioni italiane e 9 Paesi esteri \u2013 che si presenta in fiera all\u2019attenzione di un pubblico numeroso che giunge nelle Dolomiti da tutto il Nord e Centro Italia, ma anche da Francia, Svizzera, Slovenia e Croazia, Austria e Germania dimostrandosi sempre pi\u00f9 accattivante in un panorama sempre pi\u00f9 internazionale. E molte saranno anche le iniziative e le dimostrazioni che animeranno le nove giornate di Arredamont, che vedranno ad esempio i mascherai alpini alternarsi nella realizzazione di un pannello in legno in altorilievo: un\u2019opera composta da una serie di pannelli pi\u00f9 piccoli intagliati dove ogni pezzo rappresenter\u00e0 una maschera carnevalesca tipica della zona di provenienza dell\u2019artista. Mentre nello stand-laboratorio della Consociazione Italiana Tappezzieri Arredatori, trasformato in una bottega aperta, i Maestri arrivati da ogni parte d\u2019Italia taglieranno e cuciranno in diretta con il loro ago curvo un arazzo che rappresenta un Tappezziere al lavoro, coinvolgendo nell\u2019opera anche il pubblico. Nello stand invece dell\u2019Associazione Io Amo Castellavazzo si terranno dei laboratori permanenti aperti a tutti con la creazione di piccoli oggetti e la realizzazione di un dinosauro gigante, naturalmente tutto in legno. Nello stesso, in occasione dell\u2019inaugurazione di Arredamont, che si terr\u00e0 sabato 27 ottobre alle 11.30, verr\u00e0 scoperta l\u2019ultima opera dell\u2019artista Mauro Lampo \u201cOmaggio a Leonardo Da Vinci\u201d: un grande bassorilievo in cirmolo, rivisitazione di una delle opere pi\u00f9 discusse di Leonardo, \u201cLa battaglia di Anghiari\u201d.\u00a0 Spazio anche ai futuri falegnami con l\u2019Istituto di Istruzione Superiore Statale Enrico Fermi dove gli alunni eseguiranno dei manufatti in legno; il C.F.S., Centro per la Formazione e la Sicurezza di Belluno, che presenta \u201cL\u2019artigiano 4.0\u201d dal modello digitale alla realizzazione manuale degli arredi; infine lo spazio del Centro Consorzi che si presenter\u00e0 come un laboratorio dove si potr\u00e0 sperimentare la realt\u00e0 virtuale applicata al settore arredo.<\/p>\n<h1>ARREDAMONT, LA PRESENTAZIONE DEL PRESIDENTE GIORGIO BALZAN<\/h1>\n<p>AUDIO<\/p>\n<audio class=\"wp-audio-shortcode\" id=\"audio-64596-1\" preload=\"none\" style=\"width: 100%;\" controls=\"controls\"><source type=\"audio\/mpeg\" src=\"http:\/\/www.radiopiu.net\/wordpress\/wp-content\/uploads\/2018\/10\/BALZAN-1.mp3?_=1\" \/><a href=\"http:\/\/www.radiopiu.net\/wordpress\/wp-content\/uploads\/2018\/10\/BALZAN-1.mp3\">http:\/\/www.radiopiu.net\/wordpress\/wp-content\/uploads\/2018\/10\/BALZAN-1.mp3<\/a><\/audio>\n<p><strong> <a class=\"dt-pswp-item\" href=\"http:\/\/www.radiopiu.net\/wordpress\/wp-content\/uploads\/2018\/10\/01-1.jpg\" data-dt-img-description=\"\" data-large_image_width=\"2000\" data-large_image_height=\"1351\"><img loading=\"lazy\" decoding=\"async\" class=\" wp-image-64520 alignleft\" src=\"http:\/\/www.radiopiu.net\/wordpress\/wp-content\/uploads\/2018\/10\/01-1-300x203.jpg\" alt=\"\" width=\"356\" height=\"241\" srcset=\"https:\/\/www.radiopiu.net\/wordpress\/wp-content\/uploads\/2018\/10\/01-1-300x203.jpg 300w, https:\/\/www.radiopiu.net\/wordpress\/wp-content\/uploads\/2018\/10\/01-1-768x519.jpg 768w, https:\/\/www.radiopiu.net\/wordpress\/wp-content\/uploads\/2018\/10\/01-1-1024x692.jpg 1024w, https:\/\/www.radiopiu.net\/wordpress\/wp-content\/uploads\/2018\/10\/01-1.jpg 2000w\" sizes=\"auto, (max-width: 356px) 100vw, 356px\" \/><\/a>LONGARONE<\/strong>\u00a0 Arredamont, la Mostra dell\u2019arredare in montagna, vi da\u2019 il benvenuto alla sua 41^ edizione. Un\u2019esposizione completa e moderna dedicata all\u2019arredamento, ai complementi, ai tessuti e all\u2019oggettistica delle case di montagna. L\u2019evento \u00e8 dedicato a chi vuole arredare la propria abitazione e agli operatori del settore turistico sempre pi\u00f9 attenti all\u2019arredamento delle proprie strutture ricettive. Un appuntamento unico nel suo genere in Italia che propone ai visitatori le novit\u00e0 del settore arredamento presentando prodotti originali accanto ai mobili e complementi d\u2019arredo tradizionali. All\u2019interno di Arredamont, camminando fra i numerosi stand, si possono trovare oggetti particolari e spunti per caratterizzare le situazioni pi\u00f9 diverse: dall\u2019angolo del soggiorno di casa alle camere moderne realizzate con legni antichi. Cornici su misura con essenze particolari di legno, oggetti di design, particolari di rustiche case di montagna, tessuti pregiati e rari: ed anche quello che non \u00e8 usuale, ad Arredamont, lo si pu\u00f2 trovare. Protagonista indiscusso il legno quindi che gli artigiani trasformano in vere e proprie opere d&#8217;arte: boiserie, mobili nuovi e tradizionali, ristrutturazioni con antichi legni ed anche costruzioni con nuovo legname. In fiera, assieme al legno, trovano spazio anche gli altri materiali naturali: pietra, ferro e lana lavorati nelle terre di montagn<a class=\"dt-pswp-item\" href=\"http:\/\/www.radiopiu.net\/wordpress\/wp-content\/uploads\/2018\/10\/02.jpg\" data-dt-img-description=\"\" data-large_image_width=\"2000\" data-large_image_height=\"1351\"><img loading=\"lazy\" decoding=\"async\" class=\" wp-image-64521 alignright\" src=\"http:\/\/www.radiopiu.net\/wordpress\/wp-content\/uploads\/2018\/10\/02-300x203.jpg\" alt=\"\" width=\"341\" height=\"231\" srcset=\"https:\/\/www.radiopiu.net\/wordpress\/wp-content\/uploads\/2018\/10\/02-300x203.jpg 300w, https:\/\/www.radiopiu.net\/wordpress\/wp-content\/uploads\/2018\/10\/02-768x519.jpg 768w, https:\/\/www.radiopiu.net\/wordpress\/wp-content\/uploads\/2018\/10\/02-1024x692.jpg 1024w, https:\/\/www.radiopiu.net\/wordpress\/wp-content\/uploads\/2018\/10\/02.jpg 2000w\" sizes=\"auto, (max-width: 341px) 100vw, 341px\" \/><\/a>a. La passione per la lavorazione del legno e dei materiali naturali crea complementi d\u2019arredo che soddisfano i sogni dei clienti, creazioni realizzate non solo con le mani ma soprattutto con la mente e il cuore&#8230;\u00e8 questa l\u2019anima di Arredamont. Arredamont \u00e8 un cantiere in continua evoluzione ed accoglie proposte che non provengono solo dalle Dolomiti e dalla montagna veneta. Le esperienze, le tradizioni, i materiali di tutte le regioni dell\u2019arco alpino, dal Friuli Venezia Giulia alla Valle d\u2019Aosta, sono gli elementi sui quali si focalizza l\u2019interesse di un pubblico che guarda con attenzione all\u2019arredamento e agli aspetti costruttivi oltre che agli spazi esterni della casa. E sempre provenienti da tutto l\u2019arco alpino, non solo italiano, si alterneranno durante la manifestazione i mascherai alpini con la realizzazione di un pannello in legno in altorilievo: un\u2019opera composta da una serie di pannelli pi\u00f9 piccoli intagliati dove ogni pezzo rappresenter\u00e0 una maschera carnevalesca tipica della zona di provenienza dell\u2019artista. E per dare spazio anche ai piccoli artigiani di complementi d\u2019arredo e realizzazioni artistiche, la fiera continua con il progetto che ha riscosso negli ultimi due anni un grande successo, \u201cL\u2019Artigiano sotto l\u2019Albero\u201d: degli spazi ai piedi di una struttura lignea a forma di albero dedicati al piccolo artigianato di qualit\u00e0. A completamento di quest\u2019esposizione unica, Arredamont anche quest\u2019anno propone per i suoi visitatori importanti momenti di formazione e approfondimento, come i laboratori di Dolomiti Handmade e gli incontri della Consociazione Italiana Tappezzieri Arredatori che racconter\u00e0 il mestiere attraverso i suoi artigiani e con la realizzazione dal vivo di un arazzo gigante per tutti e nove i giorni della manifestazione. Spazio anche ai futuri falegnami con l\u2019Istituto di Istruzione Superiore Statale Enrico Fermi dove gli alunni eseguiranno dei manufatti in legno; il C.F.S., Centro per la Formazione e la Sicurezza di Belluno, che presenta \u201cL\u2019artigiano 4.0\u201d dal modello digitale alla realizzazione manuale degli arredi; infine lo spazio del Centro Consorzi che si presenter\u00e0 come un laboratorio dove si potr\u00e0 sperimentare la realt\u00e0 virtuale applicata al settore arredo.<\/p>\n<p>ERNESTO CONTESSA CITA<\/p>\n<audio class=\"wp-audio-shortcode\" id=\"audio-64596-2\" preload=\"none\" style=\"width: 100%;\" controls=\"controls\"><source type=\"audio\/mpeg\" src=\"http:\/\/www.radiopiu.net\/wordpress\/wp-content\/uploads\/2018\/10\/CONTESSA.mp3?_=2\" \/><a href=\"http:\/\/www.radiopiu.net\/wordpress\/wp-content\/uploads\/2018\/10\/CONTESSA.mp3\">http:\/\/www.radiopiu.net\/wordpress\/wp-content\/uploads\/2018\/10\/CONTESSA.mp3<\/a><\/audio>\n<p>DANILO DE ZAIACOMO CFS<\/p>\n<audio class=\"wp-audio-shortcode\" id=\"audio-64596-3\" preload=\"none\" style=\"width: 100%;\" controls=\"controls\"><source type=\"audio\/mpeg\" src=\"http:\/\/www.radiopiu.net\/wordpress\/wp-content\/uploads\/2018\/10\/DE-ZAIACOMO.mp3?_=3\" \/><a href=\"http:\/\/www.radiopiu.net\/wordpress\/wp-content\/uploads\/2018\/10\/DE-ZAIACOMO.mp3\">http:\/\/www.radiopiu.net\/wordpress\/wp-content\/uploads\/2018\/10\/DE-ZAIACOMO.mp3<\/a><\/audio>\n<p>MICHELE TALO CENTRO SERVIZI SEDICO<\/p>\n<audio class=\"wp-audio-shortcode\" id=\"audio-64596-4\" preload=\"none\" style=\"width: 100%;\" controls=\"controls\"><source type=\"audio\/mpeg\" src=\"http:\/\/www.radiopiu.net\/wordpress\/wp-content\/uploads\/2018\/10\/TALO.mp3?_=4\" \/><a href=\"http:\/\/www.radiopiu.net\/wordpress\/wp-content\/uploads\/2018\/10\/TALO.mp3\">http:\/\/www.radiopiu.net\/wordpress\/wp-content\/uploads\/2018\/10\/TALO.mp3<\/a><\/audio>\n<p>ITALO D&#8217;INCA&#8217; CONFAGRICOLTURA<\/p>\n<audio class=\"wp-audio-shortcode\" id=\"audio-64596-5\" preload=\"none\" style=\"width: 100%;\" controls=\"controls\"><source type=\"audio\/mpeg\" src=\"http:\/\/www.radiopiu.net\/wordpress\/wp-content\/uploads\/2018\/10\/INCA-2.mp3?_=5\" \/><a href=\"http:\/\/www.radiopiu.net\/wordpress\/wp-content\/uploads\/2018\/10\/INCA-2.mp3\">http:\/\/www.radiopiu.net\/wordpress\/wp-content\/uploads\/2018\/10\/INCA-2.mp3<\/a><\/audio>\n<p>&nbsp;<\/p>\n","protected":false},"excerpt":{"rendered":"<p>&nbsp; &nbsp; LONGARONE FIERE: L\u2019ATTESISSIMA 41. EDIZIONE DI ARREDAMONT Molte le novit\u00e0 che ci riserva questa edizione di Arredamont, il Salone dell\u2019abitare e dell\u2019arredare in montagna che si apre sabato 27 ottobre nel Quartiere fieristico di Longarone per concludersi domenica 4 novembre prossimi, con 17.000 metri quadri espositivi interamente occupati.\u00a0 Un\u2019esposizione a tutto tondo di&hellip;<\/p>\n","protected":false},"author":1,"featured_media":64521,"comment_status":"closed","ping_status":"closed","sticky":false,"template":"","format":"standard","meta":{"_monsterinsights_skip_tracking":false,"_monsterinsights_sitenote_active":false,"_monsterinsights_sitenote_note":"","_monsterinsights_sitenote_category":0,"footnotes":""},"categories":[49,84],"tags":[],"class_list":["post-64596","post","type-post","status-publish","format-standard","has-post-thumbnail","hentry","category-news-18","category-speciali","category-49","category-84","description-off"],"img_url":"https:\/\/www.radiopiu.net\/wordpress\/wp-content\/uploads\/2018\/10\/02.jpg","_links":{"self":[{"href":"https:\/\/www.radiopiu.net\/wordpress\/wp-json\/wp\/v2\/posts\/64596","targetHints":{"allow":["GET"]}}],"collection":[{"href":"https:\/\/www.radiopiu.net\/wordpress\/wp-json\/wp\/v2\/posts"}],"about":[{"href":"https:\/\/www.radiopiu.net\/wordpress\/wp-json\/wp\/v2\/types\/post"}],"author":[{"embeddable":true,"href":"https:\/\/www.radiopiu.net\/wordpress\/wp-json\/wp\/v2\/users\/1"}],"replies":[{"embeddable":true,"href":"https:\/\/www.radiopiu.net\/wordpress\/wp-json\/wp\/v2\/comments?post=64596"}],"version-history":[{"count":0,"href":"https:\/\/www.radiopiu.net\/wordpress\/wp-json\/wp\/v2\/posts\/64596\/revisions"}],"wp:featuredmedia":[{"embeddable":true,"href":"https:\/\/www.radiopiu.net\/wordpress\/wp-json\/wp\/v2\/media\/64521"}],"wp:attachment":[{"href":"https:\/\/www.radiopiu.net\/wordpress\/wp-json\/wp\/v2\/media?parent=64596"}],"wp:term":[{"taxonomy":"category","embeddable":true,"href":"https:\/\/www.radiopiu.net\/wordpress\/wp-json\/wp\/v2\/categories?post=64596"},{"taxonomy":"post_tag","embeddable":true,"href":"https:\/\/www.radiopiu.net\/wordpress\/wp-json\/wp\/v2\/tags?post=64596"}],"curies":[{"name":"wp","href":"https:\/\/api.w.org\/{rel}","templated":true}]}}