{"id":64738,"date":"2018-10-22T15:20:58","date_gmt":"2018-10-22T13:20:58","guid":{"rendered":"http:\/\/www.radiopiu.net\/wordpress\/?p=64738"},"modified":"2018-10-22T15:24:24","modified_gmt":"2018-10-22T13:24:24","slug":"lo-ski-college-veneto-di-falcade-pronto-per-la-stagione-agonistica-2018-2019","status":"publish","type":"post","link":"https:\/\/www.radiopiu.net\/wordpress\/lo-ski-college-veneto-di-falcade-pronto-per-la-stagione-agonistica-2018-2019\/","title":{"rendered":"LO SKI COLLEGE VENETO DI FALCADE PRONTO PER LA STAGIONE AGONISTICA 2018-2019"},"content":{"rendered":"<p><span style=\"color: #222222;\"><span style=\"font-family: verdana, sans-serif;\"><b>FALCADE <\/b>\u00a0Al via la stagione 2018-2019 dello <b>Ski College Veneto di Falcade<\/b>, la struttura bellunese che ospita una sessantina di studenti-sciatori da tutta Italia e anche dall\u2019estero. Domenica 21 ottobre nella sede dello Ski College sono state presentate le squadre agonistiche e gli staff, oltre agli sponsor principali.<\/span><\/span><\/p>\n<p><span style=\"font-family: verdana, sans-serif;\"><span style=\"color: #222222;\"><a class=\"dt-pswp-item\" href=\"http:\/\/www.radiopiu.net\/wordpress\/wp-content\/uploads\/2018\/10\/ski-college-veneto-falcade-il-presidente-luca-marchetto-21.10.2018.jpg\" data-dt-img-description=\"\" data-large_image_width=\"1600\" data-large_image_height=\"1066\"><img loading=\"lazy\" decoding=\"async\" class=\"size-medium wp-image-64739 alignleft\" src=\"http:\/\/www.radiopiu.net\/wordpress\/wp-content\/uploads\/2018\/10\/ski-college-veneto-falcade-il-presidente-luca-marchetto-21.10.2018-300x200.jpg\" alt=\"\" width=\"300\" height=\"200\" srcset=\"https:\/\/www.radiopiu.net\/wordpress\/wp-content\/uploads\/2018\/10\/ski-college-veneto-falcade-il-presidente-luca-marchetto-21.10.2018-300x200.jpg 300w, https:\/\/www.radiopiu.net\/wordpress\/wp-content\/uploads\/2018\/10\/ski-college-veneto-falcade-il-presidente-luca-marchetto-21.10.2018-768x512.jpg 768w, https:\/\/www.radiopiu.net\/wordpress\/wp-content\/uploads\/2018\/10\/ski-college-veneto-falcade-il-presidente-luca-marchetto-21.10.2018-1024x682.jpg 1024w, https:\/\/www.radiopiu.net\/wordpress\/wp-content\/uploads\/2018\/10\/ski-college-veneto-falcade-il-presidente-luca-marchetto-21.10.2018.jpg 1600w\" sizes=\"auto, (max-width: 300px) 100vw, 300px\" \/><\/a><em>\u00ab<\/em><\/span><em><span style=\"color: #222222;\">Anche nella scorsa stagione abbiamo ottenuto diversi risultati importanti: nello sci alpino, ad esempio, ci sono state la conquista della vittoria nella graduatoria per societ\u00e0 della Coppa Veneto per la categoria Giovani e la conquista del titolo tricolore Aspiranti di discesa. Dallo sci di fondo \u00e8 arrivato invece un argento ai tricolori Allievi\u00bb ha affermato il <b>presidente dello Ski College<\/b>, <\/span><span style=\"color: #222222;\"><b>Luca Marchetto<\/b>. \u00abPer l&#8217;annata 2018-2019 vogliamo ripeterci anche se non sar\u00e0 facile. Importante, inoltre, sar\u00e0 consolidare il rapporto con il territorio, quello di Falcade ma pi\u00f9 in generale quello veneto, per proseguire nel cammino di crescita che abbiamo intrapreso. In futuro potrebbe esserci l&#8217;apertura ad altre discipline, ad esempio il biathlon\u00bb. <\/span><\/em> <\/span><\/p>\n<p><span style=\"font-family: verdana, sans-serif;\"><span style=\"color: #222222;\">\u00ab<em>Istruzione e sport sono un binomio fondamentale per la crescita dei ragazzi\u00bb ha sottolineato <b>Paolo Giovanni Zanin<\/b>, <b>dirigente scolastico dell&#8217;istituto Follador \u2013 De Rossi<\/b>, la realt\u00e0 scolastica con la quale lo Ski College ha da tempo stretto una convenzione che d\u00e0 la possibilit\u00e0 agli studenti sciatori di scegliere tra istituto tecnico tecnologico, istituto tecnico economico, liceo scientifico, liceo scientifico sportivo e istituto professionale. \u00abNon \u00e8 facile portare avanti i due impegni ma \u00e8 possibile e i risultati ottenuti dai ragazzi in questi anni lo dimostrano\u00bb.<\/em><\/span><\/span><\/p>\n<p><span style=\"color: #222222; font-family: verdana, sans-serif;\"><a class=\"dt-pswp-item\" href=\"http:\/\/www.radiopiu.net\/wordpress\/wp-content\/uploads\/2018\/10\/ski-college-veneto-falcade-presentazione-21.10.2018.jpg\" data-dt-img-description=\"\" data-large_image_width=\"1600\" data-large_image_height=\"1066\"><img loading=\"lazy\" decoding=\"async\" class=\"alignnone wp-image-64741 size-large\" src=\"http:\/\/www.radiopiu.net\/wordpress\/wp-content\/uploads\/2018\/10\/ski-college-veneto-falcade-presentazione-21.10.2018-1024x682.jpg\" alt=\"\" width=\"1024\" height=\"682\" srcset=\"https:\/\/www.radiopiu.net\/wordpress\/wp-content\/uploads\/2018\/10\/ski-college-veneto-falcade-presentazione-21.10.2018-1024x682.jpg 1024w, https:\/\/www.radiopiu.net\/wordpress\/wp-content\/uploads\/2018\/10\/ski-college-veneto-falcade-presentazione-21.10.2018-300x200.jpg 300w, https:\/\/www.radiopiu.net\/wordpress\/wp-content\/uploads\/2018\/10\/ski-college-veneto-falcade-presentazione-21.10.2018-768x512.jpg 768w, https:\/\/www.radiopiu.net\/wordpress\/wp-content\/uploads\/2018\/10\/ski-college-veneto-falcade-presentazione-21.10.2018.jpg 1600w\" sizes=\"auto, (max-width: 1024px) 100vw, 1024px\" \/><\/a>Oltre che con l\u2019istituto Follador \u2013 De Rossi, diverse sono le collaborazioni avviate dallo Ski College: in particolare quella con il <b>mondo aziendale<\/b> (Energiapura, Pastificio Felicetti, Cooperativa di consumo di Falcade e Caviola, Societ\u00e0 impianti Cima Uomo), e quella con il mondo sportivo (con lo Sci club Val Biois, per quanto riguarda lo sci di fondo, e quella con il comitato Veneto Fisi per lo sci alpino e lo snowboard).\u00a0<\/span><span style=\"font-family: verdana, sans-serif;\"><span style=\"color: #222222;\">Alla presentazione sono intervenuti, tra gli altri, la presidente di Fisi Belluno, Federica Monti, il presidente di Fisi Veneto, Roberto Bortoluzzi, e il sindaco di Falcade, Michele Costa. Nel corso della presentazione della Ski College \u00e8 stata <\/span><b style=\"color: #222222;\">premiata l&#8217;avvocato Laura De Biasi<\/b><span style=\"color: #222222;\"> per la collaborazione portata avanti negli anni.<\/span>\u00a0<\/span><span style=\"color: #222222; font-family: verdana, sans-serif;\">Nel corso della stagione invernale 2018-2019 lo Ski College Veneto sar\u00e0 impegnato, oltre che sul fronte agonistico, anche in <\/span><b style=\"color: #222222; font-family: verdana, sans-serif;\">ambito organizzativo<\/b><span style=\"color: #222222; font-family: verdana, sans-serif;\"> con i supegG della fase circoscrizionale per il circuito Ragazzi Allievi e tre gare Fis per la categoria Giovani.<\/span><\/p>\n","protected":false},"excerpt":{"rendered":"<p>FALCADE \u00a0Al via la stagione 2018-2019 dello Ski College Veneto di Falcade, la struttura bellunese che ospita una sessantina di studenti-sciatori da tutta Italia e anche dall\u2019estero. Domenica 21 ottobre nella sede dello Ski College sono state presentate le squadre agonistiche e gli staff, oltre agli sponsor principali. \u00abAnche nella scorsa stagione abbiamo ottenuto diversi&hellip;<\/p>\n","protected":false},"author":1,"featured_media":64740,"comment_status":"closed","ping_status":"closed","sticky":false,"template":"","format":"standard","meta":{"_monsterinsights_skip_tracking":false,"_monsterinsights_sitenote_active":false,"_monsterinsights_sitenote_note":"","_monsterinsights_sitenote_category":0,"footnotes":""},"categories":[1,49],"tags":[],"class_list":["post-64738","post","type-post","status-publish","format-standard","has-post-thumbnail","hentry","category-senza-categoria","category-news-18","category-1","category-49","description-off"],"img_url":"https:\/\/www.radiopiu.net\/wordpress\/wp-content\/uploads\/2018\/10\/ski-college-veneto-falcade-presentazione-esterno-21.10.2018.jpg","_links":{"self":[{"href":"https:\/\/www.radiopiu.net\/wordpress\/wp-json\/wp\/v2\/posts\/64738","targetHints":{"allow":["GET"]}}],"collection":[{"href":"https:\/\/www.radiopiu.net\/wordpress\/wp-json\/wp\/v2\/posts"}],"about":[{"href":"https:\/\/www.radiopiu.net\/wordpress\/wp-json\/wp\/v2\/types\/post"}],"author":[{"embeddable":true,"href":"https:\/\/www.radiopiu.net\/wordpress\/wp-json\/wp\/v2\/users\/1"}],"replies":[{"embeddable":true,"href":"https:\/\/www.radiopiu.net\/wordpress\/wp-json\/wp\/v2\/comments?post=64738"}],"version-history":[{"count":0,"href":"https:\/\/www.radiopiu.net\/wordpress\/wp-json\/wp\/v2\/posts\/64738\/revisions"}],"wp:featuredmedia":[{"embeddable":true,"href":"https:\/\/www.radiopiu.net\/wordpress\/wp-json\/wp\/v2\/media\/64740"}],"wp:attachment":[{"href":"https:\/\/www.radiopiu.net\/wordpress\/wp-json\/wp\/v2\/media?parent=64738"}],"wp:term":[{"taxonomy":"category","embeddable":true,"href":"https:\/\/www.radiopiu.net\/wordpress\/wp-json\/wp\/v2\/categories?post=64738"},{"taxonomy":"post_tag","embeddable":true,"href":"https:\/\/www.radiopiu.net\/wordpress\/wp-json\/wp\/v2\/tags?post=64738"}],"curies":[{"name":"wp","href":"https:\/\/api.w.org\/{rel}","templated":true}]}}