{"id":64832,"date":"2018-10-23T06:02:34","date_gmt":"2018-10-23T04:02:34","guid":{"rendered":"http:\/\/www.radiopiu.net\/wordpress\/?p=64832"},"modified":"2018-10-23T08:43:53","modified_gmt":"2018-10-23T06:43:53","slug":"autonomia-roberto-padrin-convoca-i-sindaci-rispondono-in-pochi-ed-annuncia-vado-a-roma","status":"publish","type":"post","link":"https:\/\/www.radiopiu.net\/wordpress\/autonomia-roberto-padrin-convoca-i-sindaci-rispondono-in-pochi-ed-annuncia-vado-a-roma\/","title":{"rendered":"AUTONOMIA: ROBERTO PADRIN CONVOCA I SINDACI (RISPONDONO IN POCHI) ED ANNUNCIA: VADO A ROMA"},"content":{"rendered":"<h1><\/h1>\n<blockquote><p><em><strong>`Su 64 sindaci erano in ventidue, Padrin:\u00a0\u00abIn questo momento serve l\u2019apporto di tutti\u00bb<\/strong><\/em><\/p><\/blockquote>\n<div id=\"attachment_61182\" style=\"width: 190px\" class=\"wp-caption alignleft\"><a class=\"dt-pswp-item\" href=\"http:\/\/www.radiopiu.net\/wordpress\/wp-content\/uploads\/2018\/09\/Erika_Stefani.jpg\" data-dt-img-description=\"00029185\" data-large_image_width=\"180\" data-large_image_height=\"240\"><img loading=\"lazy\" decoding=\"async\" aria-describedby=\"caption-attachment-61182\" class=\"size-full wp-image-61182\" src=\"http:\/\/www.radiopiu.net\/wordpress\/wp-content\/uploads\/2018\/09\/Erika_Stefani.jpg\" alt=\"\" width=\"180\" height=\"240\" \/><\/a><p id=\"caption-attachment-61182\" class=\"wp-caption-text\"><strong>BELLUNO<\/strong><\/p><\/div>\n<p>&nbsp;<\/p>\n<p>&nbsp;<\/p>\n<p>&nbsp;<\/p>\n<p>&nbsp;<\/p>\n<p>&nbsp;<\/p>\n<p>&nbsp;<\/p>\n<p>&nbsp;<\/p>\n<p>&nbsp;<\/p>\n<p>&nbsp;<\/p>\n<p><strong>DI DAMIANO TORMEN<\/strong><\/p>\n<audio class=\"wp-audio-shortcode\" id=\"audio-64832-1\" preload=\"none\" style=\"width: 100%;\" controls=\"controls\"><source type=\"audio\/mpeg\" src=\"http:\/\/www.radiopiu.net\/wordpress\/wp-content\/uploads\/2018\/10\/PADRINA-A-ROMA-DAMIANO.mp3?_=1\" \/><a href=\"http:\/\/www.radiopiu.net\/wordpress\/wp-content\/uploads\/2018\/10\/PADRINA-A-ROMA-DAMIANO.mp3\">http:\/\/www.radiopiu.net\/wordpress\/wp-content\/uploads\/2018\/10\/PADRINA-A-ROMA-DAMIANO.mp3<\/a><\/audio>\n<h1>IL PRESIDENTE DELLA PROVINCIA ROBERTO PADRIN<\/h1>\n<audio class=\"wp-audio-shortcode\" id=\"audio-64832-2\" preload=\"none\" style=\"width: 100%;\" controls=\"controls\"><source type=\"audio\/mpeg\" src=\"http:\/\/www.radiopiu.net\/wordpress\/wp-content\/uploads\/2018\/10\/PADRIN-2.mp3?_=2\" \/><a href=\"http:\/\/www.radiopiu.net\/wordpress\/wp-content\/uploads\/2018\/10\/PADRIN-2.mp3\">http:\/\/www.radiopiu.net\/wordpress\/wp-content\/uploads\/2018\/10\/PADRIN-2.mp3<\/a><\/audio>\n<p>&nbsp;<\/p>\n<p>&nbsp;<\/p>\n<p>&nbsp;<\/p>\n<h1>AUTONOMIA. LA CONFERENZA STAMPA DI VENEZIA<\/h1>\n<p><strong>VENEZIA\u00a0<\/strong> Si \u00e8 tenuta ieri a Venezia la Conferenza Stampa del Ministro per gli Affari Regionali e le Autonomie Erika Stefani e del Presidente della Regione del Veneto Luca Zaia, in occasione del primo anniversario del referendum con il quale i cittadini veneti hanno votato per l\u2019autonomia della loro Regione.<\/p>\n<p><strong>DICHIARAZIONI DEL MINISTRO ERIKA STEFANI<\/strong><\/p>\n<audio class=\"wp-audio-shortcode\" id=\"audio-64832-3\" preload=\"none\" style=\"width: 100%;\" controls=\"controls\"><source type=\"audio\/mpeg\" src=\"http:\/\/www.radiopiu.net\/wordpress\/wp-content\/uploads\/2018\/10\/STEFANI.mp3?_=3\" \/><a href=\"http:\/\/www.radiopiu.net\/wordpress\/wp-content\/uploads\/2018\/10\/STEFANI.mp3\">http:\/\/www.radiopiu.net\/wordpress\/wp-content\/uploads\/2018\/10\/STEFANI.mp3<\/a><\/audio>\n<p><strong>DICHIARAZIONI DEL PRESIDENTE DELLA REGIONE LUCA ZAIA<\/strong><\/p>\n<audio class=\"wp-audio-shortcode\" id=\"audio-64832-4\" preload=\"none\" style=\"width: 100%;\" controls=\"controls\"><source type=\"audio\/mpeg\" src=\"http:\/\/www.radiopiu.net\/wordpress\/wp-content\/uploads\/2018\/10\/ZAIA.mp3?_=4\" \/><a href=\"http:\/\/www.radiopiu.net\/wordpress\/wp-content\/uploads\/2018\/10\/ZAIA.mp3\">http:\/\/www.radiopiu.net\/wordpress\/wp-content\/uploads\/2018\/10\/ZAIA.mp3<\/a><\/audio>\n<p>&nbsp;<\/p>\n\n\t\t\t<style type='text\/css'>\n\t\t\t\t#gallery-1 {\n\t\t\t\t\tmargin: auto;\n\t\t\t\t}\n\t\t\t\t#gallery-1 .gallery-item {\n\t\t\t\t\tfloat: left;\n\t\t\t\t\tmargin-top: 10px;\n\t\t\t\t\ttext-align: center;\n\t\t\t\t\twidth: 33%;\n\t\t\t\t}\n\t\t\t\t#gallery-1 img {\n\t\t\t\t\tborder: 2px solid #cfcfcf;\n\t\t\t\t}\n\t\t\t\t#gallery-1 .gallery-caption {\n\t\t\t\t\tmargin-left: 0;\n\t\t\t\t}\n\t\t\t\t\/* see gallery_shortcode() in wp-includes\/media.php *\/\n\t\t\t<\/style>\n\t\t<div id='gallery-1' class='dt-gallery-container gallery galleryid-64832 gallery-columns-3 gallery-size-thumbnail'><dl class='gallery-item'>\n\t\t\t\t<dt class='gallery-icon landscape'>\n\t\t\t\t\t<a class=\"rollover\" href='https:\/\/www.radiopiu.net\/wordpress\/giornale-radiopiu-23-ottobre-2018-direttore-mirko-mezzacasa\/arrivo-ministro-stefani-con-gonfalone-2\/'><img loading=\"lazy\" decoding=\"async\" width=\"150\" height=\"150\" src=\"https:\/\/www.radiopiu.net\/wordpress\/wp-content\/uploads\/2018\/10\/Arrivo-ministro-Stefani-con-gonfalone-2-150x150.jpeg\" class=\"attachment-thumbnail size-thumbnail\" alt=\"\" \/><\/a>\n\t\t\t\t<\/dt><\/dl><dl class='gallery-item'>\n\t\t\t\t<dt class='gallery-icon landscape'>\n\t\t\t\t\t<a class=\"rollover\" href='https:\/\/www.radiopiu.net\/wordpress\/giornale-radiopiu-23-ottobre-2018-direttore-mirko-mezzacasa\/stefani-zaia-1\/'><img loading=\"lazy\" decoding=\"async\" width=\"150\" height=\"150\" src=\"https:\/\/www.radiopiu.net\/wordpress\/wp-content\/uploads\/2018\/10\/Stefani-Zaia-1-150x150.jpg\" class=\"attachment-thumbnail size-thumbnail\" alt=\"\" \/><\/a>\n\t\t\t\t<\/dt><\/dl><dl class='gallery-item'>\n\t\t\t\t<dt class='gallery-icon landscape'>\n\t\t\t\t\t<a class=\"rollover\" href='https:\/\/www.radiopiu.net\/wordpress\/giornale-radiopiu-23-ottobre-2018-direttore-mirko-mezzacasa\/stefani-zaia-10\/'><img loading=\"lazy\" decoding=\"async\" width=\"150\" height=\"150\" src=\"https:\/\/www.radiopiu.net\/wordpress\/wp-content\/uploads\/2018\/10\/Stefani-Zaia-10-150x150.jpg\" class=\"attachment-thumbnail size-thumbnail\" alt=\"\" \/><\/a>\n\t\t\t\t<\/dt><\/dl><br style=\"clear: both\" \/>\n\t\t\t<\/div>\n\n<h1><\/h1>\n<p>&nbsp;<\/p>\n<p>&nbsp;<\/p>\n<blockquote><p>&nbsp;<\/p><\/blockquote>\n<h2>INCONTRO CON IL MINISTRO STEFANI SULL&#8217;AUTONOMIA BELLUNESE. BOTTACIN: &#8220;A BREVE UN TAVOLO CON RAPPRESENTANTI ISTITUZIONALI DEL TERRITORIO&#8221;<\/h2>\n<p>audio dal giornale radio principale 12.30<\/p>\n<audio class=\"wp-audio-shortcode\" id=\"audio-64832-5\" preload=\"none\" style=\"width: 100%;\" controls=\"controls\"><source type=\"audio\/mpeg\" src=\"http:\/\/www.radiopiu.net\/wordpress\/wp-content\/uploads\/2018\/10\/BOTTACIN.mp3?_=5\" \/><a href=\"http:\/\/www.radiopiu.net\/wordpress\/wp-content\/uploads\/2018\/10\/BOTTACIN.mp3\">http:\/\/www.radiopiu.net\/wordpress\/wp-content\/uploads\/2018\/10\/BOTTACIN.mp3<\/a><\/audio>\n<p>&nbsp;<\/p>\n<p><strong><a class=\"dt-pswp-item\" href=\"http:\/\/www.radiopiu.net\/wordpress\/wp-content\/uploads\/2018\/10\/Bottacin-con-ministro-Stefani_1.jpg\" data-dt-img-description=\"\" data-large_image_width=\"1600\" data-large_image_height=\"1424\"><img loading=\"lazy\" decoding=\"async\" class=\"size-medium wp-image-64760 alignleft\" src=\"http:\/\/www.radiopiu.net\/wordpress\/wp-content\/uploads\/2018\/10\/Bottacin-con-ministro-Stefani_1-300x267.jpg\" alt=\"\" width=\"300\" height=\"267\" srcset=\"https:\/\/www.radiopiu.net\/wordpress\/wp-content\/uploads\/2018\/10\/Bottacin-con-ministro-Stefani_1-300x267.jpg 300w, https:\/\/www.radiopiu.net\/wordpress\/wp-content\/uploads\/2018\/10\/Bottacin-con-ministro-Stefani_1-768x684.jpg 768w, https:\/\/www.radiopiu.net\/wordpress\/wp-content\/uploads\/2018\/10\/Bottacin-con-ministro-Stefani_1-1024x911.jpg 1024w, https:\/\/www.radiopiu.net\/wordpress\/wp-content\/uploads\/2018\/10\/Bottacin-con-ministro-Stefani_1.jpg 1600w\" sizes=\"auto, (max-width: 300px) 100vw, 300px\" \/><\/a>VENEZIA\u00a0\u00a0<\/strong>&#8220;A latere dell&#8217;incontro svoltosi oggi a Palazzo Balbi con il Ministro Stefani in occasione dell&#8217;anniversario del referendum sull&#8217;autonomia del Veneto, l&#8217;occasione \u00e8 stata proficua anche per approfondire la tematica sull&#8217;autonomia bellunese e su come concretizzare i risultati anche del locale referendum&#8221;. A dirlo \u00e8 l&#8217;assessore regionale alla specificit\u00e0 di Belluno Gianpaolo Bottacin che si \u00e8 soffermato con il ministro agli Affari Regionali Erika Stefani proprio per parlare anche di alcune problematiche collegate alla provincia di Belluno e al territorio montano. &#8220;Ringrazio in particolare il ministro \u2013 sottolinea Bottacin \u2013 per aver deciso di convocare nelle prossime settimane un incontro al ministero a cui saranno inviati i rappresentanti istituzionali della provincia di Belluno per fare il punto sulla nostra specifica realt\u00e0. Stiamo parlando di questioni importanti come, ad esempio, quello del rinnovo delle concessioni idroelettriche, che \u00e8 di grandissimo impatto per la Provincia di Belluno, gi\u00e0 contenuto nel testo di legge sottoposto al ministro\u201d. \u201cCome Regione la nostra parte l\u2019abbiamo fatta e continuiamo a farla \u2013 afferma Bottacin &#8211; tant\u2019\u00e8 che la Provincia ha accumulato un avanzo di amministrazione di oltre di trenta milioni euro derivanti da nostri trasferimenti che ora, grazie al nuovo governo, potranno essere utilizzati. Si conferma che se non ci fosse stata la Regione a compensare i tagli del governo nazionale, la Provincia di Belluno sarebbe gi\u00e0 andata in default. Ci\u00f2 che ora serve di pi\u00f9 \u00e8 poter trattenere il gettito e avere norme semplificate, ma queste due cose non dipendono dalla Regione purtroppo in quanto, differentemente da Trento e Bolzano che possono farsi le leggi e si trattengono il gettito, per Belluno questo si potrebbe ottenere solo modificando la Costituzione\u201d. \u201cTuttavia, col basilare passaggio dell\u2019approvazione dell\u2019autonomia per il Veneto \u2013 conclude Bottacin &#8211; potremo trattenere pi\u00f9 soldi sul territorio e avere pi\u00f9 autonomia nel fare le leggi regionali. In tal modo, a caduta, il Veneto potr\u00e0 dare ancora pi\u00f9 soldi a Belluno ma soprattutto fare leggi che tengano conto della montagna senza dover sottostare ai vincoli statali, come ad esempio &#8211; cosa che oggi non accade &#8211; la possibilit\u00e0 di ripulire i corsi d&#8217;acqua senza incorrere in sanzioni penali\u201d.<\/p>\n<p>&nbsp;<\/p>\n<p>&nbsp;<\/p>\n","protected":false},"excerpt":{"rendered":"<p>`Su 64 sindaci erano in ventidue, Padrin:\u00a0\u00abIn questo momento serve l\u2019apporto di tutti\u00bb &nbsp; &nbsp; &nbsp; &nbsp; &nbsp; &nbsp; &nbsp; &nbsp; &nbsp; DI DAMIANO TORMEN IL PRESIDENTE DELLA PROVINCIA ROBERTO PADRIN &nbsp; &nbsp; &nbsp; AUTONOMIA. LA CONFERENZA STAMPA DI VENEZIA VENEZIA\u00a0 Si \u00e8 tenuta ieri a Venezia la Conferenza Stampa del Ministro per gli Affari&hellip;<\/p>\n","protected":false},"author":1,"featured_media":53089,"comment_status":"closed","ping_status":"closed","sticky":false,"template":"","format":"standard","meta":{"_monsterinsights_skip_tracking":false,"_monsterinsights_sitenote_active":false,"_monsterinsights_sitenote_note":"","_monsterinsights_sitenote_category":0,"footnotes":""},"categories":[49],"tags":[],"class_list":["post-64832","post","type-post","status-publish","format-standard","has-post-thumbnail","hentry","category-news-18","category-49","description-off"],"img_url":"https:\/\/www.radiopiu.net\/wordpress\/wp-content\/uploads\/2018\/07\/Erika_Stefani.jpg","_links":{"self":[{"href":"https:\/\/www.radiopiu.net\/wordpress\/wp-json\/wp\/v2\/posts\/64832","targetHints":{"allow":["GET"]}}],"collection":[{"href":"https:\/\/www.radiopiu.net\/wordpress\/wp-json\/wp\/v2\/posts"}],"about":[{"href":"https:\/\/www.radiopiu.net\/wordpress\/wp-json\/wp\/v2\/types\/post"}],"author":[{"embeddable":true,"href":"https:\/\/www.radiopiu.net\/wordpress\/wp-json\/wp\/v2\/users\/1"}],"replies":[{"embeddable":true,"href":"https:\/\/www.radiopiu.net\/wordpress\/wp-json\/wp\/v2\/comments?post=64832"}],"version-history":[{"count":0,"href":"https:\/\/www.radiopiu.net\/wordpress\/wp-json\/wp\/v2\/posts\/64832\/revisions"}],"wp:featuredmedia":[{"embeddable":true,"href":"https:\/\/www.radiopiu.net\/wordpress\/wp-json\/wp\/v2\/media\/53089"}],"wp:attachment":[{"href":"https:\/\/www.radiopiu.net\/wordpress\/wp-json\/wp\/v2\/media?parent=64832"}],"wp:term":[{"taxonomy":"category","embeddable":true,"href":"https:\/\/www.radiopiu.net\/wordpress\/wp-json\/wp\/v2\/categories?post=64832"},{"taxonomy":"post_tag","embeddable":true,"href":"https:\/\/www.radiopiu.net\/wordpress\/wp-json\/wp\/v2\/tags?post=64832"}],"curies":[{"name":"wp","href":"https:\/\/api.w.org\/{rel}","templated":true}]}}