{"id":64875,"date":"2018-10-24T05:57:53","date_gmt":"2018-10-24T03:57:53","guid":{"rendered":"http:\/\/www.radiopiu.net\/wordpress\/?p=64875"},"modified":"2018-10-24T09:36:46","modified_gmt":"2018-10-24T07:36:46","slug":"giornale-radiopiu-24-ottobre-2018-direttore-mirko-mezzacasa","status":"publish","type":"post","link":"https:\/\/www.radiopiu.net\/wordpress\/giornale-radiopiu-24-ottobre-2018-direttore-mirko-mezzacasa\/","title":{"rendered":"GIORNALE RADIOPIU 24 OTTOBRE 2018 DIRETTORE MIRKO MEZZACASA"},"content":{"rendered":"<p>&nbsp;<\/p>\n<blockquote><p><strong><em>AGORDO Da oggi hanno inizio i lavori di asfaltatura alla rotonda\u00a0 della nuova tangenziale di Agordo in localit\u00e0 Ponte Alto. Pazienza, ma soprattutto prudenza. Salendo da Belluno verso Agordo attenzione alle possibili improvvise colonne per rallentamento all&#8217;altezza della curva a gomito (bivio per Rivamonte-Gosaldo).<\/em><\/strong><\/p><\/blockquote>\n<p>&nbsp;<\/p>\n<p><strong>SEGNALAZIONE METEO:\u00a0Fino alle prime ore di DOMANI\u00a0 intensificazione dei venti da Nord sui rilievi: saranno da tesi a forti, molto forti in alta quota. Mercoled\u00ec 24 episodi di Foehn con forti raffiche nelle valli e sulle zone pedemontane.<\/strong><\/p>\n<p>&nbsp;<\/p>\n<p>&nbsp;<\/p>\n<h1>PEDOPORNOGRAFIA ANCHE IN PROVINCIA<\/h1>\n<p><strong>BELLUNO Anche il bellunese \u00e8 stato interessato dalla maxi operazione contro la pedopornografia on line, operazione condotta dalla polizia postale di Catania con 14 denunce in Italia e l&#8217;arresto di un 32enne veronese, 200 gli stranieri segnalati alle autorit\u00e0. Disposte perquisizioni anche in provincia per reati di detenzione e divulgazione di materiale pedo pornografico.\u00a0<\/strong><\/p>\n<p>&nbsp;<\/p>\n<p>&nbsp;<\/p>\n<h1>SCOMPARSO? NO E&#8217; IN VACANZA<\/h1>\n<p><strong>FELTRE<\/strong>\u00a0Se ne va con l\u2019auto e decolla in aereo da Venezia senza avvisare casa a Villabruna. Genitori in allarme per la scomparsa del figlio diciannovenne che ha preso un volo per l\u2019estero. Il giovane ha deciso di andarsene cos\u00ec, senza avvertire nessuno \u00a0gettando nel panico per diverse ore genitori e parenti, almeno fino a quando non \u00e8 arrivata la conferma che il giovane \u00e8 salito su un aereo ed \u00e8 decollato regolarmente dall\u2019aeroporto \u201cMarco Polo\u201d di Venezia.<\/p>\n<p>&nbsp;<\/p>\n<p>&nbsp;<\/p>\n<h1>MULTATO PER L&#8217;ABBANDONO DI RIFIUTI<\/h1>\n<p><strong>SAN TOMASO<\/strong> Avvocato multato, stava scaricando da un bidone da 120 litri l&#8217;accumulo di carta. I Carabinieri Forestali hanno staccato il verbale.<\/p>\n<p><strong>IL COMMENTO DEL SINDACO MORENO DE VAL<\/strong><\/p>\n<audio class=\"wp-audio-shortcode\" id=\"audio-64875-1\" preload=\"none\" style=\"width: 100%;\" controls=\"controls\"><source type=\"audio\/ogg\" src=\"http:\/\/www.radiopiu.net\/wordpress\/wp-content\/uploads\/2018\/10\/MORENO.ogg?_=1\" \/><a href=\"http:\/\/www.radiopiu.net\/wordpress\/wp-content\/uploads\/2018\/10\/MORENO.ogg\">http:\/\/www.radiopiu.net\/wordpress\/wp-content\/uploads\/2018\/10\/MORENO.ogg<\/a><\/audio>\n<blockquote class=\"wp-embedded-content\" data-secret=\"dUYrFVqqCd\"><p><a href=\"http:\/\/www.radiopiu.net\/wordpress\/avvocato-abbandona-i-rifiuti-paga-600-euro-di-multa\/\">AVVOCATO ABBANDONA I RIFIUTI  PAGA 600 EURO DI MULTA<\/a><\/p><\/blockquote>\n<p><iframe loading=\"lazy\" class=\"wp-embedded-content\" sandbox=\"allow-scripts\" security=\"restricted\" style=\"position: absolute; clip: rect(1px, 1px, 1px, 1px);\" src=\"http:\/\/www.radiopiu.net\/wordpress\/avvocato-abbandona-i-rifiuti-paga-600-euro-di-multa\/embed\/#?secret=dUYrFVqqCd\" data-secret=\"dUYrFVqqCd\" width=\"600\" height=\"338\" title=\"&#8220;AVVOCATO ABBANDONA I RIFIUTI  PAGA 600 EURO DI MULTA&#8221; &#8212; Radio Pi\u00f9\" frameborder=\"0\" marginwidth=\"0\" marginheight=\"0\" scrolling=\"no\"><\/iframe><\/p>\n<p>&nbsp;<\/p>\n<p>&nbsp;<\/p>\n<h1>DOMANI IN DUOMO LA MESSA PER PATRICK<\/h1>\n<p><strong>BELLUNO<\/strong> La scomparsa di Patrick Bogo\u00a0di\u00a0 18 anni ha lasciato nel dolore\u00a0mamma Petra con il pap\u00e0 Michele e il fratello Samuel, i nonni, gli zii, i familiari e gli amici. Una Santa Messa in ricordo verr\u00e0 celebrata\u00a0 domani alle 15 nella Basilica Cattedrale di Belluno. Non fiori, saranno gradite offerte che saranno raccolte e devolute ad associazioni per la difesa dell&#8217;ambiente.<\/p>\n<p>&nbsp;<\/p>\n<p>&nbsp;<\/p>\n<p>&nbsp;<\/p>\n<blockquote class=\"wp-embedded-content\" data-secret=\"AJ8kebH1oj\"><p><a href=\"http:\/\/www.radiopiu.net\/wordpress\/domani-sasfalta-la-rotonda-prudenza\/\">OGGI S&#8217;ASFALTA LA ROTONDA. PRUDENZA.<\/a><\/p><\/blockquote>\n<p><iframe loading=\"lazy\" class=\"wp-embedded-content\" sandbox=\"allow-scripts\" security=\"restricted\" style=\"position: absolute; clip: rect(1px, 1px, 1px, 1px);\" src=\"http:\/\/www.radiopiu.net\/wordpress\/domani-sasfalta-la-rotonda-prudenza\/embed\/#?secret=AJ8kebH1oj\" data-secret=\"AJ8kebH1oj\" width=\"600\" height=\"338\" title=\"&#8220;OGGI S&#8217;ASFALTA LA ROTONDA. PRUDENZA.&#8221; &#8212; Radio Pi\u00f9\" frameborder=\"0\" marginwidth=\"0\" marginheight=\"0\" scrolling=\"no\"><\/iframe><\/p>\n<p>&nbsp;<\/p>\n<p>&nbsp;<\/p>\n<p>&nbsp;<\/p>\n<p>&nbsp;<\/p>\n<h1>DOMANI IN MUNICIPIO SINDACO E AMMINISTRAZIONE CON I GIORNALISTI, IERI LA CONSEGNA DELLE 1072 FIRME CONTRO<\/h1>\n<blockquote><p><em>Teatro all\u2019aperto e copertura telefonica in Valle di San Lucano<\/em><\/p><\/blockquote>\n<p><strong><a class=\"dt-pswp-item\" href=\"http:\/\/www.radiopiu.net\/wordpress\/wp-content\/uploads\/2018\/07\/lac-de-le-peschiere.jpg\" data-dt-img-description=\"\" data-large_image_width=\"800\" data-large_image_height=\"508\"><img loading=\"lazy\" decoding=\"async\" class=\" wp-image-52871 alignleft\" src=\"http:\/\/www.radiopiu.net\/wordpress\/wp-content\/uploads\/2018\/07\/lac-de-le-peschiere-300x191.jpg\" alt=\"\" width=\"203\" height=\"129\" srcset=\"https:\/\/www.radiopiu.net\/wordpress\/wp-content\/uploads\/2018\/07\/lac-de-le-peschiere-300x191.jpg 300w, https:\/\/www.radiopiu.net\/wordpress\/wp-content\/uploads\/2018\/07\/lac-de-le-peschiere-768x488.jpg 768w, https:\/\/www.radiopiu.net\/wordpress\/wp-content\/uploads\/2018\/07\/lac-de-le-peschiere.jpg 800w\" sizes=\"auto, (max-width: 203px) 100vw, 203px\" \/><\/a>TAIBON<\/strong> E dopo un lungo periodo di silenzio si riparla dell&#8217;oasi al laghetto delle Peschiere. L&#8217;opportunit\u00e0 \u00e8 la consegna della firme contro l&#8217;ipotesi progettuale, 1072 persone hanno chiesto al Comune di non realizzare l&#8217;arena in riva al lago. Ma tant&#8217;\u00e8 ormai il taglio alberi, lo sbancamento per la cementificazione \u00e8 stato fatto, quindi l&#8217;arena come si sa da tempo verr\u00e0 realizzata.<br \/>\n&#8220;Grazie alle 1072 persone che hanno firmato e che hanno sperato fino alla fine di poter fermare questo scempio&#8221;, ha scritto Luigi Parissenti che alla raccolta di firme ha dato il via. Le firme sono state messe agli atti, unica soddisfazione per il migliaio di firmatari<\/p>\n<p><em>&#8220;Il sindaco &#8211; dice Chiara Ben che le firme le ha consegnate &#8211; si \u00e8 dimostrato molto gentile e disponibile sia nell&#8217;ascoltare le nostre perplessit\u00e0 sia nello spiegare la situazione. Ci ha fatto vedere anche il progetto iniziale datato gennaio 2011, firmato e approvato dal precedente sindaco. Ci ha spiegato che l\u2019Arena e tutta la zona Peschiere sar\u00e0 data in gestione assieme al nuovo locale (ex Baita Peschiere) e diventer\u00e0 molto probabilmente un\u2019area servizi a pagamento. Ho ribadito che, oltre a rovinare ulteriormente quell&#8217;oasi di pace (dopo il camminamento) non avr\u00e0 futuro e si dimostrer\u00e0 che son stati buttati soldi in un progetto inutile e anche controproducente per il turismo tanto sbandierato come cavallo di battaglia&#8221;.<\/em><\/p>\n<p>Intanto il sindaco preannuncia l&#8217;incontro per domani, il tema all&#8217;ordine del giorno non potr\u00e0 essere &#8220;si o no&#8221; all&#8217;Arena, visto che \u00e8 in costruzione, ma i prossimi progetti che passano per la fibra ottica in Valle di San Lucano (copertura telefonica), il recupero dell&#8217;ex segheria (sala congressi, attivit\u00e0 commerciale) e forse altre idee visto che per ora il pozzo dei fondi di confine \u00e8 ancora a disposizione dei Comuni con annualit\u00e0 da 500 mila euro e progetti milionari d&#8217;aria vasta.<\/p>\n<p>&nbsp;<\/p>\n<p>&nbsp;<\/p>\n<p>&nbsp;<\/p>\n<h1>SUPER MAMME, DA CENCENIGHE CON ELISA MANFROI L&#8217;AIUTO ALLA TIN DI CAMPOSAMPIERO<\/h1>\n<p><strong>AGORDO\u00a0<em> &#8220;<\/em><\/strong><em>Come promesso abbiamo consegnanto al Governatore Zaia la raccolta firme!\u00a0 Ringraziamo per l&#8217;opportunita&#8217; concessa di portare all&#8217;attenzione della Regione Veneto<span class=\"text_exposed_show\">\u00a0le problematiche emerse in questi mesi nei reparti di pediatria e Tin di Csp.\u00a0 E&#8217; stato un incontro propositivo. Noi siamo solo mamme e, come e&#8217; giusto che sia, le soluzioni non le abbiamo. Ora lasciamo lavorare chi di dovere : Regione Veneto, Territorio e Ulss&#8221;.\u00a0<\/span><\/em><\/p>\n<p>le mamme<\/p>\n\n\t\t\t<style type='text\/css'>\n\t\t\t\t#gallery-1 {\n\t\t\t\t\tmargin: auto;\n\t\t\t\t}\n\t\t\t\t#gallery-1 .gallery-item {\n\t\t\t\t\tfloat: left;\n\t\t\t\t\tmargin-top: 10px;\n\t\t\t\t\ttext-align: center;\n\t\t\t\t\twidth: 33%;\n\t\t\t\t}\n\t\t\t\t#gallery-1 img {\n\t\t\t\t\tborder: 2px solid #cfcfcf;\n\t\t\t\t}\n\t\t\t\t#gallery-1 .gallery-caption {\n\t\t\t\t\tmargin-left: 0;\n\t\t\t\t}\n\t\t\t\t\/* see gallery_shortcode() in wp-includes\/media.php *\/\n\t\t\t<\/style>\n\t\t<div id='gallery-1' class='dt-gallery-container gallery galleryid-64875 gallery-columns-3 gallery-size-thumbnail'><dl class='gallery-item'>\n\t\t\t\t<dt class='gallery-icon landscape'>\n\t\t\t\t\t<a class=\"rollover\" href='https:\/\/www.radiopiu.net\/wordpress\/giornale-radiopiu-24-ottobre-2018-direttore-mirko-mezzacasa\/44783358_10155584304292027_1984548394269409280_n\/'><img loading=\"lazy\" decoding=\"async\" width=\"150\" height=\"150\" src=\"https:\/\/www.radiopiu.net\/wordpress\/wp-content\/uploads\/2018\/10\/44783358_10155584304292027_1984548394269409280_n-150x150.jpg\" class=\"attachment-thumbnail size-thumbnail\" alt=\"\" \/><\/a>\n\t\t\t\t<\/dt><\/dl><dl class='gallery-item'>\n\t\t\t\t<dt class='gallery-icon portrait'>\n\t\t\t\t\t<a class=\"rollover\" href='https:\/\/www.radiopiu.net\/wordpress\/giornale-radiopiu-24-ottobre-2018-direttore-mirko-mezzacasa\/44675104_10155584304157027_8247953769585704960_n\/'><img loading=\"lazy\" decoding=\"async\" width=\"150\" height=\"150\" src=\"https:\/\/www.radiopiu.net\/wordpress\/wp-content\/uploads\/2018\/10\/44675104_10155584304157027_8247953769585704960_n-150x150.jpg\" class=\"attachment-thumbnail size-thumbnail\" alt=\"\" \/><\/a>\n\t\t\t\t<\/dt><\/dl><dl class='gallery-item'>\n\t\t\t\t<dt class='gallery-icon landscape'>\n\t\t\t\t\t<a class=\"rollover\" href='https:\/\/www.radiopiu.net\/wordpress\/giornale-radiopiu-24-ottobre-2018-direttore-mirko-mezzacasa\/44577906_10155584304072027_8027979679421956096_n\/'><img loading=\"lazy\" decoding=\"async\" width=\"150\" height=\"150\" src=\"https:\/\/www.radiopiu.net\/wordpress\/wp-content\/uploads\/2018\/10\/44577906_10155584304072027_8027979679421956096_n-150x150.jpg\" class=\"attachment-thumbnail size-thumbnail\" alt=\"\" \/><\/a>\n\t\t\t\t<\/dt><\/dl><br style=\"clear: both\" \/>\n\t\t\t<\/div>\n\n<p><span style=\"color: #ff0000;\">DAL NOTIZIARIO DEL 25 SETTEMBRE<\/span><\/p>\n<h1>LA RACCOLTA DI FIRME PER LA COSMA CONTINUA<\/h1>\n<blockquote><p><em>Elisa Manfroi ha messo su chang.org la sua petizione in favore del reparto<\/em><\/p><\/blockquote>\n<p><strong>CENCENIGHE<\/strong> La notizia da giorni gira anche sulle nostre pagine facebook. Elisa Manfroi una mamma di Cencenighe ha scatenato la mobilitazione per il \u201cCosma\u201d.\u00a0 Raccolte oltre 4.400 firme per il reparto di terapia intensiva di Camposampiero di Padova.\u00a0 Due anni fa l\u2019\u00e9quipe padovana salv\u00f2 suo figlio, \u00aboggi &#8211; dice la mamma di Sebastian &#8211;\u00a0 lotto per questa struttura\u00bb<\/p>\n<p>&nbsp;<\/p>\n<p>&nbsp;<\/p>\n<p>&nbsp;<\/p>\n<h1>FILIERA CORTA: E&#8217; LEGGE. D&#8217;INCA&#8217;: &#8220;DI GRANDE AIUTO PER IL BELLUNESE&#8221;<\/h1>\n<p><strong><a class=\"dt-pswp-item\" href=\"http:\/\/www.radiopiu.net\/wordpress\/wp-content\/uploads\/2016\/03\/Federico-DInc\u00e0-e1466659213762.jpg\" data-dt-img-description=\"\" data-large_image_width=\"480\" data-large_image_height=\"360\"><img loading=\"lazy\" decoding=\"async\" class=\"size-medium wp-image-18062 alignleft\" src=\"http:\/\/www.radiopiu.net\/wordpress\/wp-content\/uploads\/2016\/03\/Federico-DInc\u00e0-e1466659213762-300x225.jpg\" alt=\"\" width=\"300\" height=\"225\" \/><\/a>ROMA<\/strong>\u00a0 Prodotti freschi ogni giorno, che favoriscono la crescita dell&#8217;economia locale delle produzioni primarie e la tutela delle tradizioni culinarie e artigianali: \u00e8 stata approvata alla Camera la Legge sulla filiera corta, proposta dal Movimento 5 Stelle per valorizzare e promuovere la vendita di prodotti agroalimentari provenienti da filiera corta, a chilometro zero o utile. La legge \u00e8 stata concepita con lo scopo di rispondere alla volont\u00e0 dei consumatori che ricercano sempre di pi\u00f9 prodotti locali di chiara provenienza, in contrasto con quelli che &#8211; per esempio &#8211; hanno percorso 2000 chilometri per arrivare nei supermercati. Prodotti di cui non si ha certezza del numero di intermediari, tra il produttore e il consumatore finale, che hanno contribuito a farli arrivare sui nostri scaffali, con ovvie conseguenze sulla conservazione e sulla freschezza.<\/p>\n<p><strong>AI MICROFONI DI RADIO PIU IL PARLAMENTARE FEDERICO D&#8217;INCA&#8217;<\/strong><\/p>\n<audio class=\"wp-audio-shortcode\" id=\"audio-64875-2\" preload=\"none\" style=\"width: 100%;\" controls=\"controls\"><source type=\"audio\/mpeg\" src=\"http:\/\/www.radiopiu.net\/wordpress\/wp-content\/uploads\/2018\/10\/INCA-3.mp3?_=2\" \/><a href=\"http:\/\/www.radiopiu.net\/wordpress\/wp-content\/uploads\/2018\/10\/INCA-3.mp3\">http:\/\/www.radiopiu.net\/wordpress\/wp-content\/uploads\/2018\/10\/INCA-3.mp3<\/a><\/audio>\n<p>&nbsp;<\/p>\n<p>&nbsp;<\/p>\n<p>&nbsp;<\/p>\n<h1>INTESA CORTINA-DOBBIACO \u2013, BOND \u201cACCORDO DA REPLICARE&#8221;<\/h1>\n<p><strong>ROMA<\/strong> \u201cL&#8217;intesa siglata pochi giorni fa tra le Province di Belluno e Bolzano e i sindaci di Cortina e Dobbiaco deve essere un esempio anche per le altre realt\u00e0 di confine, investendo su un grande progetto di sviluppo e puntando sui Fondi dei Comuni Confinanti\u201d: cos\u00ec il deputato di Forza Italia, Dario Bond, commenta l&#8217;accordo sottoscritto per la valorizzazione della Val del Boite e Val di Landro, ma sentiamo la sua dichiarazione al giornale radio di RADIO PIU<\/p>\n<audio class=\"wp-audio-shortcode\" id=\"audio-64875-3\" preload=\"none\" style=\"width: 100%;\" controls=\"controls\"><source type=\"audio\/mpeg\" src=\"http:\/\/www.radiopiu.net\/wordpress\/wp-content\/uploads\/2018\/10\/BOND-INTESA-CORTINA-DOBBIACO-1.mp3?_=3\" \/><a href=\"http:\/\/www.radiopiu.net\/wordpress\/wp-content\/uploads\/2018\/10\/BOND-INTESA-CORTINA-DOBBIACO-1.mp3\">http:\/\/www.radiopiu.net\/wordpress\/wp-content\/uploads\/2018\/10\/BOND-INTESA-CORTINA-DOBBIACO-1.mp3<\/a><\/audio>\n<p>&nbsp;<\/p>\n<p>&nbsp;<\/p>\n<p>&nbsp;<\/p>\n<h1>WELFARE IL CONVEGNO DI LONGARONE<\/h1>\n<blockquote><p><em>\u00a0quali vantaggi per aziende, lavoratori e territorio bellunese?<\/em><\/p>\n<p><a class=\"dt-pswp-item\" href=\"http:\/\/www.radiopiu.net\/wordpress\/wp-content\/uploads\/2018\/10\/IMG_3295.jpg\" data-dt-img-description=\"\" data-large_image_width=\"2016\" data-large_image_height=\"1512\"><img loading=\"lazy\" decoding=\"async\" class=\"size-medium wp-image-64896 alignleft\" src=\"http:\/\/www.radiopiu.net\/wordpress\/wp-content\/uploads\/2018\/10\/IMG_3295-300x225.jpg\" alt=\"\" width=\"300\" height=\"225\" srcset=\"https:\/\/www.radiopiu.net\/wordpress\/wp-content\/uploads\/2018\/10\/IMG_3295-300x225.jpg 300w, https:\/\/www.radiopiu.net\/wordpress\/wp-content\/uploads\/2018\/10\/IMG_3295-768x576.jpg 768w, https:\/\/www.radiopiu.net\/wordpress\/wp-content\/uploads\/2018\/10\/IMG_3295-1024x768.jpg 1024w, https:\/\/www.radiopiu.net\/wordpress\/wp-content\/uploads\/2018\/10\/IMG_3295.jpg 2016w\" sizes=\"auto, (max-width: 300px) 100vw, 300px\" \/><\/a><\/p><\/blockquote>\n<p><strong>LONGARONE <\/strong>Venerdi\u00a0 dalle 9 nella sala polifunzionale di Roa (zona Malcom) al convegno sul\u00a0welfare aziendale i sindacalisti della Cisl risponderanno a domande importanti:\u00a0 pu\u00f2 contribuire allo sviluppo del territorio? Esistono forme di welfare costruite sulle reali esigenze dei lavoratori? Come pu\u00f2 la diversa ripartizione della retribuzione incidere in maniera significativa sulla conciliazione di vita e lavoro dentro e fuori le fabbriche? Il convegno si era posto l\u2019obiettivo di approfondire il dibattito per una migliore diffusione del welfare aziendale tra le imprese del territorio e di promuovere interventi in grado di incidere, con ricadute positive economiche e sociali, anche al di fuori dei perimetri delle stesse aziende.\u00a0\u00a0<span style=\"color: #000000; font-family: Helvetica;\">Il convegno si pone l\u2019obiettivo di <b>approfondire il dibattito per una migliore diffusione del welfare aziendale<\/b> tra le imprese del territorio e di promuovere interventi in grado di incidere, con<b> ricadute positive economiche e sociali<\/b>, anche al di fuori dei perimetri delle stesse aziende. L\u2019<b>apertura territoriale <\/b>del welfare aziendale rappresenta, infatti, uno strumento per promuovere la <b>responsabilit\u00e0 sociale d\u2019impresa<\/b>, ma anche un <b>volano economico per le aziende locali<\/b> e una interessante <b>opportunit\u00e0 per i lavoratori<\/b><\/span><span style=\"color: #000000; font-family: TimesNewRomanPSMT;\">.<\/span><\/p>\n<p>ORGANIZZAZIONE\u00a0<span style=\"color: #000000; font-family: Helvetica;\"><b>Cisl Belluno Treviso<\/b>, Centro studi e ricerche <b>FormArte<\/b> e <b>TreCuori,<\/b> societ\u00e0 benefit di Conegliano Veneto, con il supporto dell\u2019istituto <b>Salus<\/b> e il patrocinio del <b>Comune di Longarone<\/b> e della <b>Regione del Veneto<\/b>.\u00a0<\/span><\/p>\n<p><strong>LE ANTICIPAZIONI DI RUDY ROFFARE&#8217; DELLA CISL<\/strong><\/p>\n<audio class=\"wp-audio-shortcode\" id=\"audio-64875-4\" preload=\"none\" style=\"width: 100%;\" controls=\"controls\"><source type=\"audio\/ogg\" src=\"http:\/\/www.radiopiu.net\/wordpress\/wp-content\/uploads\/2018\/10\/roffare.ogg?_=4\" \/><a href=\"http:\/\/www.radiopiu.net\/wordpress\/wp-content\/uploads\/2018\/10\/roffare.ogg\">http:\/\/www.radiopiu.net\/wordpress\/wp-content\/uploads\/2018\/10\/roffare.ogg<\/a><\/audio>\n<p>&nbsp;<\/p>\n<p>&nbsp;<\/p>\n<p>&nbsp;<\/p>\n<h1>LEGA DI QUA E LEGA DI LA&#8217;, COSA CAMBIA NELLA GUERRA PER LA MARMOLADA?<\/h1>\n<p><strong>ROCCA PIETORE<\/strong> Balzo avanti della Lega trentina alle recenti elezioni. Cosa cambier\u00e0 nella vicenda Marmolada? Gi\u00e0 ieri il vice sindaco di Canazei, Luca Guglielmi, non nascondeva la volont\u00e0 di arrivare fino a Punta Rocca e se questi sono i toni iniziali la battaglia potrebbe essere ancora lunga.<\/p>\n<p><strong>IL SINDACO ANDREA DE BERNARDIN<\/strong><\/p>\n<audio class=\"wp-audio-shortcode\" id=\"audio-64875-5\" preload=\"none\" style=\"width: 100%;\" controls=\"controls\"><source type=\"audio\/ogg\" src=\"http:\/\/www.radiopiu.net\/wordpress\/wp-content\/uploads\/2018\/10\/andrea-1.ogg?_=5\" \/><a href=\"http:\/\/www.radiopiu.net\/wordpress\/wp-content\/uploads\/2018\/10\/andrea-1.ogg\">http:\/\/www.radiopiu.net\/wordpress\/wp-content\/uploads\/2018\/10\/andrea-1.ogg<\/a><\/audio>\n<p><strong>L&#8217;ARTICOLO DI IERI DEL CORRIERE DELLE ALPI (CLICCA PER INGRANDIRE)<\/strong><\/p>\n\n\t\t\t<style type='text\/css'>\n\t\t\t\t#gallery-2 {\n\t\t\t\t\tmargin: auto;\n\t\t\t\t}\n\t\t\t\t#gallery-2 .gallery-item {\n\t\t\t\t\tfloat: left;\n\t\t\t\t\tmargin-top: 10px;\n\t\t\t\t\ttext-align: center;\n\t\t\t\t\twidth: 33%;\n\t\t\t\t}\n\t\t\t\t#gallery-2 img {\n\t\t\t\t\tborder: 2px solid #cfcfcf;\n\t\t\t\t}\n\t\t\t\t#gallery-2 .gallery-caption {\n\t\t\t\t\tmargin-left: 0;\n\t\t\t\t}\n\t\t\t\t\/* see gallery_shortcode() in wp-includes\/media.php *\/\n\t\t\t<\/style>\n\t\t<div id='gallery-2' class='dt-gallery-container gallery galleryid-64875 gallery-columns-3 gallery-size-thumbnail'><dl class='gallery-item'>\n\t\t\t\t<dt class='gallery-icon landscape'>\n\t\t\t\t\t<a class=\"rollover\" href='https:\/\/www.radiopiu.net\/wordpress\/giornale-radiopiu-24-ottobre-2018-direttore-mirko-mezzacasa\/whatsapp-image-2018-10-23-at-14-41-32\/'><img loading=\"lazy\" decoding=\"async\" width=\"150\" height=\"150\" src=\"https:\/\/www.radiopiu.net\/wordpress\/wp-content\/uploads\/2018\/10\/WhatsApp-Image-2018-10-23-at-14.41.32-150x150.jpeg\" class=\"attachment-thumbnail size-thumbnail\" alt=\"\" \/><\/a>\n\t\t\t\t<\/dt><\/dl>\n\t\t\t\t<br style='clear: both' \/>\n\t\t\t<\/div>\n\n<p>&nbsp;<\/p>\n<p>&nbsp;<\/p>\n<p>&nbsp;<\/p>\n<div align=\"center\">\n<table border=\"0\" width=\"865\" cellspacing=\"0\" cellpadding=\"0\" align=\"center\">\n<tbody>\n<tr>\n<td><img loading=\"lazy\" decoding=\"async\" src=\"http:\/\/admin12.antherica.com\/newsletter\/\/binary_files\/newsletter_uncem_nazionale\/templates\/template1\/argentera_ferrere.jpg\" alt=\"\" width=\"865\" height=\"330\" border=\"0\" \/><\/td>\n<\/tr>\n<tr>\n<td align=\"center\"><\/td>\n<\/tr>\n<tr>\n<td bgcolor=\"#ffffff\">\n<table border=\"0\" width=\"98%\" cellspacing=\"0\" cellpadding=\"0\" align=\"center\" bgcolor=\"#ffffff\">\n<tbody>\n<tr>\n<td>\n<table border=\"0\" width=\"100%\" cellspacing=\"4\" cellpadding=\"0\">\n<tbody>\n<tr>\n<td id=\"tdBodyMessage\" class=\"tdBodyMessage\" valign=\"top\">\n<h2><strong>MATTARELLA SU PICCOLI COMUNI E I TERRITORI MONTANI, UNCEM: &#8220;PAROLE PREZIOSE CHE IMPEGNANO GOVERNO E PARLAMENTO AD AGIRE SULL&#8217;ATTUAZIONE DELLA LEGGE 158 E NEL RENDERE STABILE LA STRATEGIA AREE INTERNE&#8221;<\/strong><\/h2>\n<div><em>&#8220;Sono ancora una volta molto <strong>significative le parole del Presidente della Repubblica Sergio Mattarella<\/strong> pronunciate all&#8217;apertura del Congresso dell&#8217;Anci. Le accogliamo con grande favore, rispetto e stima verso il pi\u00f9 alto Rappresentante dell&#8217;Italia, unita e coesa, comunit\u00e0 e territorio&#8221;.\u00a0 Cos\u00ec il Presidente nazionale Uncem, Marco Bussone.\u00a0<\/em><br \/>\n<strong><br \/>\n&#8220;Mattarella <\/strong>&#8211; prosegue Bussone &#8211;<strong> ha evidenziato stasera l&#8217;importanza della legge sui piccoli Comuni<\/strong>, del superamento delle sperequazioni territoriali e sociali, dei diritti di cittadinanza e anche delle azioni per le aree interne che sono state messe in campo. Non a caso ha parlato di &#8216;Agenda per le aree interne&#8217;. Riteniamo da tempo che la Strategia finora varata coinvolgendo 72 aree pilota italiane, montane e rurali altamente periferiche, debba tradursi in tempi rapidissimi in un&#8217;ampia agenda di politiche che tocchino tutti i fondi nazionali, regionali e strutturali europei, ma soprattutto contagi questa agenda anche le vigenti leggi nazionali, mettendo al centro le comunit\u00e0 e le istanze delle aree interne. <strong>Vanno superati vincoli e rallentamenti burocratici per investimenti<\/strong> e per iniziative che favoriscano nuove imprese e nuovi residenti, anche <strong>con un sistema fiscale peculiare, prima necessit\u00e0.<\/strong> Un segnale in questa direzione deve essere dato gi\u00e0 sulla legge di bilancio 2019. Auspichiamo venga celermente <strong>data attuazione, da parte del Governo e del Parlamento, alla legge 158\/2017 sui piccoli Comuni<\/strong>. Devono essere ancora definite le modalit\u00e0 di investimento delle risorse disponibili. Quella legge \u00e8 &#8216;un passo avanti&#8217;, secondo la definizione di Mattarella stasera. Ma va fatto ancora di pi\u00f9, anche in vista della nuova programmazione di risorse UE 2021-2027 concretizzando l&#8217;Agenda per la montagna e le aree interne che il Parlamento europeo ha gi\u00e0 varato, unendo, come richiamato dal Presidente, in un indissolubile\u00a0legame &#8216;natura, sviluppo e sicurezza&#8217;. Proseguiamo dunque un lavoro intenso, per il quale come Uncem non alleggeriremo la pressione istituzionale verso Governo, Parlamento e Regioni&#8221;.<\/div>\n<\/td>\n<\/tr>\n<\/tbody>\n<\/table>\n<\/td>\n<\/tr>\n<\/tbody>\n<\/table>\n<\/td>\n<\/tr>\n<\/tbody>\n<\/table>\n<\/div>\n<p>&nbsp;<\/p>\n<p>&nbsp;<\/p>\n<p>&nbsp;<\/p>\n<p>&nbsp;<\/p>\n<h1>PRONTO SOCCORSO E FONDI DI CONFINE, QUESTA SERA L&#8217;INCONTRO TRA SINDACI<\/h1>\n<p><strong>AGORDO<\/strong> I sindaci agordini si riuniranno \u00a0alle 17.30 nella sede dell\u2019Unione montana di via IV novembre ad Agordo per parlare della questione relativa alla concessione del finanziamento di 2,5 milioni di euro\u00a0per la ristrutturazione del pronto soccorso. L\u2019incontro \u00e8 stato convocato dal presidente dell\u2019Unione montana agordina, Fabio Luchetta, su invito del sindaco di Cencenighe, Mauro Soppelsa, e in seguito alla lettera del presidente della Provincia Padrin che ha dato ai sindaci non pi\u00f9 di 15 giorni per decidere.<\/p>\n<p>&nbsp;<\/p>\n<p>&nbsp;<\/p>\n<p>&nbsp;<\/p>\n<h1>INCENTIVI PER LE IMPRESE. MARCATO: \u201cASSEGNATE NUOVE RISORSE PER FINANZIARE TUTTE LE DOMANDE&#8221;.<\/h1>\n<p><strong><a class=\"dt-pswp-item\" href=\"http:\/\/www.radiopiu.net\/wordpress\/wp-content\/uploads\/2016\/11\/Marcato_Baldan-ACI-su-incidenti-stradali.jpg\" data-dt-img-description=\"\" data-large_image_width=\"640\" data-large_image_height=\"480\"><img loading=\"lazy\" decoding=\"async\" class=\"size-medium wp-image-25367 alignleft\" src=\"http:\/\/www.radiopiu.net\/wordpress\/wp-content\/uploads\/2016\/11\/Marcato_Baldan-ACI-su-incidenti-stradali-300x225.jpg\" alt=\"\" width=\"300\" height=\"225\" \/><\/a>VENEZIA\u00a0<\/strong> Con un ulteriore stanziamento di quasi un milione di euro sono state finanziate dalla Regione tutte le richieste di contributo presentate a seguito di un bando per l&#8217;efficientamento energetico delle piccole e medie imprese. Lo annuncia l\u2019assessore regionale allo sviluppo economico, ricerca e innovazione Roberto Marcato, a seguito dell\u2019approvazione del relativo provvedimento da parte della giunta veneta. Con una linea di finanziamento alimentata da fondi POR FESR 2014-2020, questo bando aveva una dotazione iniziale di 6 milioni di euro a favore delle PMI per poter contenere la spesa energetica, l\u2019inquinamento e le emissioni in atmosfera, utilizzare in maniera efficiente le risorse e valorizzare le fonti rinnovabili. Il POR FESR con l\u2019azione 4.2.1 prevede infatti \u201cIncentivi finalizzati alla riduzione dei consumi energetici e delle emissioni di gas climalteranti delle imprese e delle aree produttive compresa l&#8217;installazione di impianti di produzione di energia da fonte rinnovabile per l&#8217;autoconsumo, dando priorit\u00e0 alle tecnologie ad alta efficienza\u201d. Alla chiusura dei termini era stata approvata una graduatoria regionale con 75 domande ammissibili, ma la richiesta di contributi superava l\u2019importo disponibile e le domande finanziabili erano 66. Con questa ulteriore assegnazione di 828.067,65 euro tutte le domande ammesse sono state finanziate. \u201cAnche questo bando della Regione \u2013 commenta l\u2019assessore \u2013 ha ottenuto un lusinghiero riscontro da parte del territorio e conferma che stiamo operando in linea con le attese delle aziende. Le iniziative adottate dalla Regione sul fronte dell\u2019efficientamento energetico sono infatti il risultato del costante dialogo con il mondo dell\u2019impresa\u201d. I requisiti richiesti prevedono anche la coerenza dei progetti con il Piano Energetico Regionale.<\/p>\n<p>&nbsp;<\/p>\n<p>&nbsp;<\/p>\n<p>&nbsp;<\/p>\n<p>&nbsp;<\/p>\n<p>&nbsp;<\/p>\n<p>&nbsp;<\/p>\n<blockquote class=\"wp-embedded-content\" data-secret=\"0FVZTtbwT8\"><p><a href=\"http:\/\/www.radiopiu.net\/wordpress\/la-ricetta-per-il-medio-alto-agordino\/\">LA RICETTA PER IL MEDIO ALTO AGORDINO<\/a><\/p><\/blockquote>\n<p><iframe loading=\"lazy\" class=\"wp-embedded-content\" sandbox=\"allow-scripts\" security=\"restricted\" style=\"position: absolute; clip: rect(1px, 1px, 1px, 1px);\" src=\"http:\/\/www.radiopiu.net\/wordpress\/la-ricetta-per-il-medio-alto-agordino\/embed\/#?secret=0FVZTtbwT8\" data-secret=\"0FVZTtbwT8\" width=\"600\" height=\"338\" title=\"&#8220;LA RICETTA PER IL MEDIO ALTO AGORDINO&#8221; &#8212; Radio Pi\u00f9\" frameborder=\"0\" marginwidth=\"0\" marginheight=\"0\" scrolling=\"no\"><\/iframe><\/p>\n<p>&nbsp;<\/p>\n<p>&nbsp;<\/p>\n<p>&nbsp;<\/p>\n<h1>AVANZO DI AMMINISTRAZIONE APRE A NUOVE INVESTIMENTI PER IL PAESE<\/h1>\n<p><strong><a class=\"dt-pswp-item\" href=\"http:\/\/www.radiopiu.net\/wordpress\/wp-content\/uploads\/2016\/08\/AUTUNNO-AD-ALLEGHE.jpg\" data-dt-img-description=\"\" data-large_image_width=\"500\" data-large_image_height=\"375\"><img loading=\"lazy\" decoding=\"async\" class=\" wp-image-22432 alignleft\" src=\"http:\/\/www.radiopiu.net\/wordpress\/wp-content\/uploads\/2016\/08\/AUTUNNO-AD-ALLEGHE-300x225.jpg\" alt=\"\" width=\"147\" height=\"110\" \/><\/a>ALLEGHE<\/strong> Nel consiglio comunale di Alleghe questa sera alle 18.30 la quinta variazione dal bilancio dopo la liberazione degli avanzi di amministrazione 2018. Nel caso di paese rivierasco 142 mila euro da spendere che permetteranno alcuni lavori, dalla telesorveglianza del territorio ai nuovi idranti, ma l&#8217;intervento principale \u00e8 l&#8217;acquisto del nuovo scuolabus quasi ventennale. Ai microfoni di Radio Pi\u00f9 il sindaco Siro De Biasio che accenna anche al mutuo da 100 mila euro (e non con i fondi di confine) per l&#8217;illuminazione sulla passeggiata e ciclabile Alleghe-Santa Maria. Altro punto all&#8217;ordine del giorno la DMO (nuova azienda turistica provinciale) che apre anche ai Comuni meno turistici, questa sera l&#8217;approvazione del regolamento. Infine l&#8217;eliporto, dopo il ricorso di un cittadino l&#8217;amminsitrazione comunale passa al piano B.<\/p>\n<audio class=\"wp-audio-shortcode\" id=\"audio-64875-6\" preload=\"none\" style=\"width: 100%;\" controls=\"controls\"><source type=\"audio\/ogg\" src=\"http:\/\/www.radiopiu.net\/wordpress\/wp-content\/uploads\/2018\/10\/siro.ogg?_=6\" \/><a href=\"http:\/\/www.radiopiu.net\/wordpress\/wp-content\/uploads\/2018\/10\/siro.ogg\">http:\/\/www.radiopiu.net\/wordpress\/wp-content\/uploads\/2018\/10\/siro.ogg<\/a><\/audio>\n<p>&nbsp;<\/p>\n<p>&nbsp;<\/p>\n<p>&nbsp;<\/p>\n<p>&nbsp;<\/p>\n<h1>AL TRASFUSIONALE IL REGALO DEI DONATORI DEL SANGUE<\/h1>\n<p><strong><a class=\"dt-pswp-item\" href=\"http:\/\/www.radiopiu.net\/wordpress\/wp-content\/uploads\/2018\/10\/IMG_4871.jpg\" data-dt-img-description=\"\" data-large_image_width=\"640\" data-large_image_height=\"480\"><img loading=\"lazy\" decoding=\"async\" class=\"size-medium wp-image-64893 alignleft\" src=\"http:\/\/www.radiopiu.net\/wordpress\/wp-content\/uploads\/2018\/10\/IMG_4871-300x225.jpg\" alt=\"\" width=\"300\" height=\"225\" srcset=\"https:\/\/www.radiopiu.net\/wordpress\/wp-content\/uploads\/2018\/10\/IMG_4871-300x225.jpg 300w, https:\/\/www.radiopiu.net\/wordpress\/wp-content\/uploads\/2018\/10\/IMG_4871.jpg 640w\" sizes=\"auto, (max-width: 300px) 100vw, 300px\" \/><\/a>BELLUNO<\/strong>\u00a0 Si \u00e8 tenuto l\u2019incontro per la consegna formale da parte dell&#8217;Associazione Bellunese Volontari del Sangue alla Struttura Trasfusionale dell&#8217;Ospedale di Belluno di cinque poltrone per prelievi ai donatori e trattamenti terapeutici da parte dell&#8217;Associazione Bellunese Volontari del Sangue. La donazione, del valore di circa 18.000 euro, si inserisce in un clima di sinergia che da anni caratterizza la collaborazione tra l&#8217;Abvs e la Struttura Trasfusionale. Sono stati numerosi, infatti, gli interventi posti in essere dall&#8217;Azienda, oltre che nella struttura di Belluno, anche nei centri di raccolta di Agordo e Pieve di Cadore. Il tutto al fine di rendere conformi, cio\u00e8 rispondenti alle normative via via susseguitesi nel tempo, le diverse sedi di prelievo e dare la possibilit\u00e0 ai donatori cadorini e agordini di procedere alla donazione nelle proprie vallate. Questa offerta si inserisce nell&#8217; ottica di attenzione per il donatore: le nuove poltrone, infatti, completano l&#8217;ammodernamento di un\u2019ala della sala prelievi dell&#8217;Ospedale San Martino. Le poltrone progettate, qualificate e certificate per l&#8217;utilizzo in donazione di sangue, permettono anche e in sicurezza per donatore, paziente e personale preposto la gestione dei possibili eventi avversi correlati agli utilizzi di cui sopraessendo motorizzate, sono di pi\u00f9 facile utilizzo per il personale.<\/p>\n<blockquote><p><em>\u201c Alla fine dei lavori di adeguamento ci \u00e8 sembrato opportuno aderire alla richiesta di sostituzione anche delle poltrone pensando alla comodit\u00e0 dei nostri Donatori &#8211; Gina Bortot, presidente ABVS &#8211; quindi la donazione \u00e8 stata finalizzata all\u2019ULSS 1 Dolomiti ma indirizzata al maggior comfort ed efficienza di tutti coloro che l\u00ec sosteranno per donare un po\u2019 del loro sangue\u201d\u00a0<\/em><\/p><\/blockquote>\n<p>&nbsp;<\/p>\n<p>&nbsp;<\/p>\n<p>&nbsp;<\/p>\n<p>&nbsp;<\/p>\n<p>&nbsp;<\/p>\n<h1>GIORNATA MONDIALE DELLA POLIO<\/h1>\n<blockquote>\n<h2>la sfida del Rotary International<\/h2>\n<\/blockquote>\n<p><strong><a class=\"dt-pswp-item\" href=\"http:\/\/www.radiopiu.net\/wordpress\/wp-content\/uploads\/2018\/10\/ROTARY.png\" data-dt-img-description=\"\" data-large_image_width=\"200\" data-large_image_height=\"200\"><img loading=\"lazy\" decoding=\"async\" class=\"size-full wp-image-64882 alignleft\" src=\"http:\/\/www.radiopiu.net\/wordpress\/wp-content\/uploads\/2018\/10\/ROTARY.png\" alt=\"\" width=\"200\" height=\"200\" srcset=\"https:\/\/www.radiopiu.net\/wordpress\/wp-content\/uploads\/2018\/10\/ROTARY.png 200w, https:\/\/www.radiopiu.net\/wordpress\/wp-content\/uploads\/2018\/10\/ROTARY-150x150.png 150w\" sizes=\"auto, (max-width: 200px) 100vw, 200px\" \/><\/a>BELLUNO\u00a0\u00a0<\/strong>I Club Rotary della provincia di Belluno: Belluno, Cadore \u2013 Cortina e Feltre ricordano oggi il\u00a0 30\u00b0 anniversario della azione a livello globale creata nel 1988 dal Rotary International assieme ad altri partner per l\u2019eradicazione della Polio nel mondo. Tale azione ha portato dal 1988 ad oggi alla riduzione dei casi del 99,9%, infatti solo in tre Paesi la malattia \u00e8 ancora endemica: Afghanistan, Nigeria e Pakistan. L\u2019aver relegato la polio in soli tre Paesi \u00e8 un risultato straordinario ed \u00e8 la prova di ci\u00f2 che \u00e8 possibile realizzare con azioni congiunte. End Polio \u00e8 infatti una iniziativa del Rotary International fatta assieme a diversi partner tra i quali l\u2019OMS \u2013 organizzazione mondiale della sanit\u00e0 e la Melinda e Bill Gates Foundation. La Polio colpisce soprattutto i bambini sotto i cinque anni, non esiste cura, ma \u00e8 prevenibile con un vaccino. Se non eradichiamo la polio, entro 10 anni potremmo assistere all\u2019insorgere di ben 200mila casi l\u2019anno, in tutto il mondo. Per questo deve continuare l\u2019azione di immunizzazione di 2,5 miliardi di bambini in tutto il mondo. Occorre quindi essere consapevoli che se grandi passi sono stati fatti, non si pu\u00f2 mollare la tensione, tenendo i riflettori sulla polio, educare la gente sulla necessit\u00e0 di porre fine alla polio. Per questo anche i Rotary Club di Belluno, Cadore- Cortina e Feltre nella Giornata Mondiale della Polio intendono sensibilizzare la comunit\u00e0 della provincia di Belluno al tema, anche perch\u00e9 molti pensano che la Polio si stata oramai eradicata e che nessun problema pu\u00f2 portare oggigiorno.<\/p>\n<p align=\"JUSTIFY\"><strong><em><span style=\"font-family: Source Sans Pro Light, Malgun Gothic;\">Per saperne di pi\u00f9:\u00a0<span style=\"color: #0000ff;\"> <u><a style=\"color: #0000ff;\" href=\"http:\/\/www.rotary.org\/\">www.rotary.org<\/a><\/u><\/span>\u00a0 \u00a0 oppure\u00a0 \u00a0 \u00a0 \u00a0<span style=\"color: #0000ff;\"><u><a style=\"color: #0000ff;\" href=\"http:\/\/www.endpolio.org\/\">www.endpolio.org<\/a><\/u><\/span><\/span><\/em><\/strong><\/p>\n<p>&nbsp;<\/p>\n<p>&nbsp;<\/p>\n<p>&nbsp;<\/p>\n<h1>CORSO DI FORMAZIONE PER NUOVI VOLONTARI OSPEDALIERI<\/h1>\n<blockquote>\n<h2><em>Partenza luned\u00ec 29 ottobre nella sala riunioni dell&#8217;ospedale. Il 27 ottobre \u00e8 la decima giornata nazionale Avo<\/em><\/h2>\n<\/blockquote>\n<p><strong><a class=\"dt-pswp-item\" href=\"http:\/\/www.radiopiu.net\/wordpress\/wp-content\/uploads\/2018\/10\/fotogallery.jpg\" data-dt-img-description=\"\" data-large_image_width=\"344\" data-large_image_height=\"170\"><img loading=\"lazy\" decoding=\"async\" class=\"size-medium wp-image-64899 alignleft\" src=\"http:\/\/www.radiopiu.net\/wordpress\/wp-content\/uploads\/2018\/10\/fotogallery-300x148.jpg\" alt=\"\" width=\"300\" height=\"148\" srcset=\"https:\/\/www.radiopiu.net\/wordpress\/wp-content\/uploads\/2018\/10\/fotogallery-300x148.jpg 300w, https:\/\/www.radiopiu.net\/wordpress\/wp-content\/uploads\/2018\/10\/fotogallery.jpg 344w\" sizes=\"auto, (max-width: 300px) 100vw, 300px\" \/><\/a>BELLUNO<\/strong> Il 29 ottobre alle 17 nella sala riunioni dell&#8217;ospedale San Martino di Belluno avr\u00e0 inizio il corso di formazione per nuovi volontari ospedalieri organizzato da Avo Belluno. Il 28esimo corso di formazione sar\u00e0 inaugurato dalla presidente triveneto Katia Manera. Per un saluto saranno presenti i rappresentanti delle istituzioni con Ulss 1 Dolomiti, Csv e la societ\u00e0 Sersa. Seguiranno due relazioni presentate dai volontari Avo di maggiore esperienza e quattro conferenze proposte da qualificati relatori: Mons. A. Zanderigo, parroco del Duomo di Belluno, la psicologa Chiara Sgorlon, il dott. Martinelli, Primario del reparto di Medicina Nucleare di Belluno, e Alex Barattin, delegato provinciale Corpo Nazionale Soccorso Alpino e Speleologico. Le persone che si iscrivono al corso devono essere presenti ad almeno sei incontri; poi si sottoporranno a una valutazione psicologica e quindi a partire da gennaio 2019 faranno 5 mesi di servizio affiancati da un tutor. Al termine del percorso e se tutte le valutazioni sono positive, diventeranno volontari AVO a tutti gli effetti e potranno iniziare a prestare il loro servizio. Viene di norma richiesto un impegno settimanale di 3 ore, articolato in pi\u00f9 turni. Il programma completo \u00e8 reperibile al Csv di Belluno. <strong>INFORMAZIONI\u00a0<\/strong>Segreteria (ex-portineria esterna ospedale di Belluno) marted\u00ec e gioved\u00ec dalle 15.30 alle 17.30 (tel. 0437 516614).<\/p>\n<blockquote><p><em><strong>ASSOCIAZIONE VOLONTARI OSPEDALIERI<\/strong><\/em><\/p>\n<p><em>L&#8217;Associazione Volontari Ospedalieri \u00e8 un&#8217;associazione apartitica e aconfessionale i cui membri rigidamente volontari, adulti di ambo i sensi, assistono, come farebbero con un fratello o con un parente, i ricoverati in ospedale o i degenti in Casa di Riposo. Dal fondatore dell&#8217;associazione, il primario di un reparto di Medicina generale milanese, viene un motto riassuntivo del comportamento del volontario: &#8220;Ascoltare, consolare, fare piccoli servizi&#8221;. I servizi a cui si allude non devono invadere le mansioni infermieristiche n\u00e9 sostituirsi ad esse, ma vanno calibrati a seconda dello stato di necessit\u00e0 del paziente in semplici gesti di aiuto o di affiancamento. Il senso dell&#8217;attivit\u00e0 del volontario lo rivela l&#8217;aneddoto che il fondatore ha raccontato, e cio\u00e8 di aver sentito il paziente del suo reparto chiedere: &#8220;Non c&#8217;\u00e8 nessuno che mi possa dare un bicchiere d&#8217;acqua?&#8221; Da Milano a partire dal 1975 l&#8217;associazione si \u00e8 poi diffusa in tutta Italia; attualmente operano sul territorio nazionale 25800 soci riuniti in 227 sezioni. Nel Triveneto ci sono 29 sezioni con 1800 soci. A Belluno l&#8217;associazione \u00e8 nata nel 1992 per impulso della signora Nina Barcelloni Corte e conta circa 80 volontari che operano nel Pronto Soccorso e in 5 reparti dell&#8217;ospedale cittadino San Martino, nel reparto di Medicina dell&#8217;Ospedale S. Giovanni Paolo II di Pieve di Cadore e nella Casa di Riposo di Belluno, Maria Gaggia Lante, dove opera circa la met\u00e0 dei volontari.<\/em><\/p><\/blockquote>\n<p>&nbsp;<\/p>\n<h1><\/h1>\n<p>&nbsp;<\/p>\n<h1>MONDO ANZIANI, CHE SARA\u2019?<\/h1>\n<blockquote>\n<h2><em>Secondo incontro a Borgo Piave<\/em><\/h2>\n<\/blockquote>\n<p><strong>BELLUNO<\/strong> \u201cMondo anziani\u201d. Questo l\u2019argomento proposto per gioved\u00ec 25 ottobre, ore 20, secondo incontro organizzato dal Comitato Popolare di Borgo Piave e Oltrepiave, nel salone del Centro Ceis in via Rugo 21, appunto al Borgo. Protagonista a tutto campo sar\u00e0 la dr. Anna Casanova, direttrice Uoc di Geriatria e responsabile di lungodegenza nell\u2019ospedale di Feltre, e operante pure con la Neurologia per il progetto di accertare, controllare e fermare, quando si pu\u00f2, il decadimento cognitivo degli anziani.\u00a0 Il tema riguarda in modo specifico la popolazione bellunese. Provincia che si spopola, tanto da perdere circa 1000 residenti ogni anno, ma \u2013 data la denatalit\u00e0 \u2013 con crescente numero di persone che raggiungono \u2013 grazie a Dio \u2013 la terza e quarta et\u00e0. Et\u00e0 che non omette sorprese, visto che con gli anni l\u2019organismo diventa meno efficiente, aumentano i rischi di patologie e accidenti vari, tra cui \u00e8 a tutti noto il decadimento legato all\u2019Alzheimer, nome del medico che ha individuato tale sindrome.<br \/>\nDati e situazioni, magari qualche storia, ruolo delle famiglie, assistenza in ospedale o a casa, ruolo di medici infermieri, familiari e badanti, problema della solitudine possono entrare nella relazione, ma pure nel dibattito che segue ed \u00e8 richiesto. Tra l\u2019altro, tra noi, c\u2019\u00e8 un numero di persone che arrivano ai 100 anni e i centenari magari hanno pi\u00f9 salute dei settantenni. Questo futuro attende tutti, pi\u00f9 o meno velocemente, dato l\u2019aspetto anche soggettivo del tempo. Ma la prova della verit\u00e0 comincia o scatta con l\u2019et\u00e0 della pensione, cambio o salto di vita.<br \/>\nLa faccenda dell\u2019invecchiamento non \u00e8 per niente semplice. Non coinvolge solo la persona titolare dell\u2019et\u00e0, ma figli e nipoti, che sono sempre meno di numero e spesso sono nella necessit\u00e0 di sobbarcarsi scelte non facili e perfino di oneri finanziari, cui non sono preparati o sono impossibili.<\/p>\n<p>&nbsp;<\/p>\n<p>&nbsp;<\/p>\n<p>&nbsp;<\/p>\n<h1>IL SALUTO E IL GRAZIE\u00a0 DI GIORGIO ZAMPIERI, PRESIDENTE COMITATO D&#8217;INTESA CSV BELLUNO<\/h1>\n<p><strong><a class=\"dt-pswp-item\" href=\"http:\/\/www.radiopiu.net\/wordpress\/wp-content\/uploads\/2018\/10\/Giorgio-Zampieri.jpg\" data-dt-img-description=\"\" data-large_image_width=\"1920\" data-large_image_height=\"1080\"><img loading=\"lazy\" decoding=\"async\" class=\" wp-image-64245 alignleft\" src=\"http:\/\/www.radiopiu.net\/wordpress\/wp-content\/uploads\/2018\/10\/Giorgio-Zampieri-300x169.jpg\" alt=\"\" width=\"135\" height=\"76\" srcset=\"https:\/\/www.radiopiu.net\/wordpress\/wp-content\/uploads\/2018\/10\/Giorgio-Zampieri-300x169.jpg 300w, https:\/\/www.radiopiu.net\/wordpress\/wp-content\/uploads\/2018\/10\/Giorgio-Zampieri-768x432.jpg 768w, https:\/\/www.radiopiu.net\/wordpress\/wp-content\/uploads\/2018\/10\/Giorgio-Zampieri-1024x576.jpg 1024w, https:\/\/www.radiopiu.net\/wordpress\/wp-content\/uploads\/2018\/10\/Giorgio-Zampieri.jpg 1920w\" sizes=\"auto, (max-width: 135px) 100vw, 135px\" \/><\/a>BELLUNO<\/strong> A compimento del mandato conferito nel 2015 e al termine del terzo triennio da Presidente del Comitato d&#8217;Intesa\u00a0 e del CSV di Belluno,\u00a0 Giorgio Zampieri lascia,\u00a0 non sar\u00e0 candidato in occasione della prossima assemblea elettiva di sabato.<\/p>\n<p><span style=\"color: #0000ff;\"><strong>RADIO PIU&#8217; HA RACCOLTO IL MESSAGGIO DI SALUTO E IL RINGRAZIAMENTO<\/strong><\/span><\/p>\n<audio class=\"wp-audio-shortcode\" id=\"audio-64875-7\" preload=\"none\" style=\"width: 100%;\" controls=\"controls\"><source type=\"audio\/ogg\" src=\"http:\/\/www.radiopiu.net\/wordpress\/wp-content\/uploads\/2018\/10\/zampieri.ogg?_=7\" \/><a href=\"http:\/\/www.radiopiu.net\/wordpress\/wp-content\/uploads\/2018\/10\/zampieri.ogg\">http:\/\/www.radiopiu.net\/wordpress\/wp-content\/uploads\/2018\/10\/zampieri.ogg<\/a><\/audio>\n<p>&nbsp;<\/p>\n<p>&nbsp;<\/p>\n<p>&nbsp;<\/p>\n<h1>FORCELLA AURINE, LA RINASCITA<\/h1>\n<blockquote><p><em>Una storia che continua<\/em><\/p><\/blockquote>\n<p><strong>GOSALDO<\/strong> Un inverno eccezionale non solo per la abbondanti nevicate ma per il grande lavoro della Desma che sul colle tanto caro alla Conca Agordina ha portato eventi e tanti sciatori. Un&#8217;estate di sole tra competizione e bici elettriche hanno contribuito a far crescere la localit\u00e0 anche oltre il gelido inverno. L&#8217;autunno non \u00e8 da meno, domenica la Sali Scendi vinta da Luca Cagnati e nelle prossime settimane l&#8217;abbinamento montagna-tradizione-cucina con grandi chef.<\/p>\n<p><strong>ai microfoni di radio pi\u00f9 Morgan Gnech (Desma)<\/strong><\/p>\n<audio class=\"wp-audio-shortcode\" id=\"audio-64875-8\" preload=\"none\" style=\"width: 100%;\" controls=\"controls\"><source type=\"audio\/ogg\" src=\"http:\/\/www.radiopiu.net\/wordpress\/wp-content\/uploads\/2018\/10\/MORGAN.ogg?_=8\" \/><a href=\"http:\/\/www.radiopiu.net\/wordpress\/wp-content\/uploads\/2018\/10\/MORGAN.ogg\">http:\/\/www.radiopiu.net\/wordpress\/wp-content\/uploads\/2018\/10\/MORGAN.ogg<\/a><\/audio>\n<p><strong>Nuovo Evento, clicca per ingrandire<\/strong><\/p>\n\n\t\t\t<style type='text\/css'>\n\t\t\t\t#gallery-3 {\n\t\t\t\t\tmargin: auto;\n\t\t\t\t}\n\t\t\t\t#gallery-3 .gallery-item {\n\t\t\t\t\tfloat: left;\n\t\t\t\t\tmargin-top: 10px;\n\t\t\t\t\ttext-align: center;\n\t\t\t\t\twidth: 33%;\n\t\t\t\t}\n\t\t\t\t#gallery-3 img {\n\t\t\t\t\tborder: 2px solid #cfcfcf;\n\t\t\t\t}\n\t\t\t\t#gallery-3 .gallery-caption {\n\t\t\t\t\tmargin-left: 0;\n\t\t\t\t}\n\t\t\t\t\/* see gallery_shortcode() in wp-includes\/media.php *\/\n\t\t\t<\/style>\n\t\t<div id='gallery-3' class='dt-gallery-container gallery galleryid-64875 gallery-columns-3 gallery-size-thumbnail'><dl class='gallery-item'>\n\t\t\t\t<dt class='gallery-icon portrait'>\n\t\t\t\t\t<a class=\"rollover\" href='https:\/\/www.radiopiu.net\/wordpress\/avvocato-abbandona-i-rifiuti-paga-600-euro-di-multa\/44585386_2201802450032178_8127489682213699584_o\/'><img loading=\"lazy\" decoding=\"async\" width=\"150\" height=\"150\" src=\"https:\/\/www.radiopiu.net\/wordpress\/wp-content\/uploads\/2018\/10\/44585386_2201802450032178_8127489682213699584_o-150x150.jpg\" class=\"attachment-thumbnail size-thumbnail\" alt=\"\" \/><\/a>\n\t\t\t\t<\/dt><\/dl>\n\t\t\t\t<br style='clear: both' \/>\n\t\t\t<\/div>\n\n<p>&nbsp;<\/p>\n<p>&nbsp;<\/p>\n<p>&nbsp;<\/p>\n<p>&nbsp;<\/p>\n<h1>INCONTRO ANNUALE DEI GRUPPI \u201cINSIEME SI PU\u00d2\u2026\u201d A SEDICO<\/h1>\n<p><strong><a class=\"dt-pswp-item\" href=\"http:\/\/www.radiopiu.net\/wordpress\/wp-content\/uploads\/2017\/02\/INSIEME-SI-PIUO.png\" data-dt-img-description=\"\" data-large_image_width=\"225\" data-large_image_height=\"225\"><img loading=\"lazy\" decoding=\"async\" class=\"size-full wp-image-28219 alignleft\" src=\"http:\/\/www.radiopiu.net\/wordpress\/wp-content\/uploads\/2017\/02\/INSIEME-SI-PIUO.png\" alt=\"\" width=\"225\" height=\"225\" \/><\/a>SEDICO<\/strong> Si \u00e8 svolto domenica 14 ottobre presso la Casa della Dottrina di Sedico l\u2019incontro annuale dei 60 Gruppi che compongono l\u2019associazione \u201cInsieme Si Pu\u00f2\u2026\u201d Onlus. Un incontro un po\u2019 diverso rispetto agli anni precedenti, sia per le modalit\u00e0 con cui \u00e8 stato proposto che per la grande novit\u00e0 presentata nel pomeriggio: il \u201cLibrone dei Gruppi\u201d, una pubblicazione frutto degli incontri che lo staff dell\u2019associazione ha fatto con i membri di ogni singolo Gruppo durante l\u2019ultimo anno. Il Librone, intitolato \u201cQuesti siamo noi\u201d, \u00e8 probabilmente l\u2019opera pi\u00f9 importante della storia di Insieme Si Pu\u00f2: racconta cos\u2019\u00e8 l\u2019associazione, qual \u00e8 lo spirito che la anima, le buone prassi consolidate e i propositi per il futuro, ma anche le storie e le suggestioni emerse durante gli incontri. Un grande raccoglitore non solo di fogli, che intende essere una guida per le attivit\u00e0 dei Gruppi e al contempo uno stimolo per nuove idee o azioni. La mattinata si \u00e8 aperta con i saluti del presidente Luigi Da Corte, che ha invitato i presenti (circa un centinaio) a ragionare sui tre punti di sospensione che seguono il nome dell\u2019associazione: quei tre puntini devono rappresentare una spinta continua all\u2019impegno, ognuno secondo le proprie possibilit\u00e0, con l\u2019idea che il contributo di tutti \u00e8 fondamentale. In seguito le persone sono state divise in tre gruppi ed hanno assistito ad altrettanti laboratori: il primo sul tema del contagio, il secondo su assuefazione e indignazione, il terzo sulla perseveranza, princ\u00ecpi basilari dell\u2019associazione e quanto mai attuali. Sara Barchet, ragazza di Sedico che ha raccolto i soldi per la costruzione di un pozzo in Uganda, ha raccontato qual \u00e8 stata la scintilla che ha acceso in lei la voglia di impegnarsi concretamente per il prossimo, sottolineando poi come la sua storia sia stata a sua volta contagiosa per altre persone. Marilisa Battocchio, responsabile dei progetti di Insieme Si Pu\u00f2 a Kampala (Uganda), nonostante gli anni trascorsi a vedere quotidianamente situazioni di sofferenza e ingiustizia, ha sottolineato come non bisogna arrendersi all\u2019indifferenza ma continuare ad agire per cambiare le cose, anche solo di poco. Mariuccia Barp, Anna Della Lucia e Mauro Giatti, attraverso le loro storie personali di volontari dell\u2019associazione, hanno testimoniato la perseveranza intesa come la \u201cbenzina\u201d che tiene viva la scintilla dell\u2019impegno. Al direttore Piergiorgio Da Rold \u00e8 spettato il compito di riunire i partecipanti e coinvolgerli in una riflessione sul dono, l\u2019aiuto e la scelta.<br \/>\nDopo un pranzo di condivisione, allietato anche dal saluto del Vescovo Renato, i lavori sono ripresi con la presentazione dei contenuti del Librone, impreziosito dai disegni donati per l\u2019occasione dall\u2019artista Fabio Vettori, e la consegna ufficiale di una copia ai responsabili di ogni gruppo. Si \u00e8 poi svolta l\u2019assemblea, che ha visto l\u2019approvazione all\u2019unanimit\u00e0 dell\u2019entrata di un nuovo Gruppo nell\u2019associazione, quello di Bellano in Provincia di Lecco, e dell\u2019ingresso nel Coordinamento di Angela Rui in sostituzione della dimissionaria Martina Garlet, alla quale sono andati i ringraziamenti per quanto fatto in questi anni. L\u2019incontro si \u00e8 concluso con una Messa animata dal coro di Gron e con l\u2019augurio ai presenti di continuare nell\u2019impegno collettivo per la costruzione di un mondo migliore.<\/p>\n<p>&nbsp;<\/p>\n<p>&nbsp;<\/p>\n<p>&nbsp;<\/p>\n<p>&nbsp;<\/p>\n<h1>GIOVEDI DELLA SALUTE, IL DISTURBO DEPRESSIVO<\/h1>\n<p align=\"JUSTIFY\"><span style=\"font-family: Calibri, sans-serif; font-size: medium;\"><b>BELLUNO\u00a0\u00a0<\/b><\/span><span style=\"font-family: Calibri, sans-serif;\"><span style=\"font-size: medium;\">Sar\u00e0 il disturbo depressivo il tema del prossimo incontro dei \u201cGioved\u00ec della salute\u201d, condotto dal dr. Bruno Forti, Direttore dell\u2019U.O. di Psichiatria. Titolo dell\u2019evento, che si terr\u00e0 come di consueto presso la sala riunioni dell\u2019ospedale San Martino a partire dalle ore 18,00, \u201c La depressione: Passato, Presente e Futuro di un disturbo in evoluzione\u201d.\u00a0<\/span><\/span><span style=\"font-size: medium; font-family: Calibri, sans-serif;\">La depressione \u00e8 la patologia psichiatrica pi\u00f9 diffusa nella popolazione e si avvia a diventare nei prossimi anni la seconda causa di disabilit\u00e0 per malattia, subito dopo i disturbi cardiovascolari. \u00c8 un disturbo che si pu\u00f2 manifestare in forme diverse e presentare differenti livelli di gravit\u00e0. In ogni caso, per\u00f2, comporta un grado molto elevato di sofferenza soggettiva.\u00a0<\/span><span style=\"font-family: Calibri, sans-serif;\"><span style=\"font-size: medium;\">Nonostante la depressione possa essere curata nella grande maggioranza delle situazioni, molte persone non ricevono cure adeguate. I motivi possono essere molti, dalla difficolt\u00e0 di percepire la depressione come una patologia da curare alla paura dello stigma, da una diagnosi non corretta alla mancata effettuazione di trattamenti idonei. Per questo, come suggerisce l\u2019Organizzazione Mondiale per la Sanit\u00e0, il primo passo verso le cure e la guarigione \u00e8 la possibilit\u00e0 di parlare della malattia. Con i familiari, gli amici, il proprio medico curante e lo specialista.\u00a0<\/span><\/span><span style=\"font-family: Calibri, sans-serif;\"><span style=\"font-size: medium;\">La depressione \u00e8 conosciuta sin dall\u2019antichit\u00e0, ma la visione di questo disturbo \u00e8 molto cambiata nel corso degli anni, anche grazie ai profondi cambiamenti nelle nostre conoscenze, nell\u2019assetto assistenziale della psichiatria, transitata dall\u2019ospedale psichiatrico ai servizi territoriali, e nella gamma di trattamenti disponibili. Negli ultimi anni l\u2019attenzione \u00e8 sempre pi\u00f9 rivolta ai giovani e ai soggetti anziani, anche in funzione dell\u2019aumento dell\u2019aspettativa di vita, e alla possibile concomitanza di altre patologie, che rendono pi\u00f9 accidentato il percorso diagnostico e terapeutico.\u00a0<\/span><\/span><span style=\"font-family: Calibri, sans-serif;\"><span style=\"font-size: medium;\">Le sfide che la depressione pone al giorno d\u2019oggi sono quelle relative all\u2019utilizzo di trattamenti sempre pi\u00f9 efficaci e privi di effetti collaterali, all\u2019importanza di una diagnosi precoce, ad un atteggiamento terapeutico mirato alla prevenzione, al riconoscimento dei suoi confini nei confronti di altri disturbi psichiatrici e di malattie somatiche, alla necessit\u00e0 di una visione globale della persona, dai suoi aspetti psicologici, relazionali e sociali a quelli relativi alla salute fisica.<\/span><\/span><\/p>\n<p>&nbsp;<\/p>\n<p>&nbsp;<\/p>\n<h1>DOVE ANDIAMO?<\/h1>\n<p>Questa sera alle 18.30 Consiglio Comunale ad Alleghe, a Feltre sala convegni dell&#8217;ospedale alle 18 per i mercoled\u00ec della salute convegno sulle malattie reumatiche, alle 20.30 in sala emigranti a Canale d&#8217;Agordo Stefano Battain e Daniela Biocca raccontano il loro viaggio atorno al mondo con proiezioni di video e foto, alle 20 al centro culturale di Santa Giustina &#8220;Autostop per la notte&#8221; di Massimo Anania, introduce Luisa Alchini.<\/p>\n<p>&nbsp;<\/p>\n<h1><\/h1>\n<h1>SERE D&#8217;AUTUNNO, GRAN FINALE\u00a0 AFRICANO<\/h1>\n<p><strong>AGORDO<\/strong>\u00a0 Anche per quest&#8217;anno la rassegna autunnale proposta dalla Sezione Agordina volge al termine e lo fa in grande stile proponendo una serata in cui si racconta, nella spedizione sul tetto d&#8217;Africa effettuata appena un mese fa. Per condividere assieme ai protagonisti tutte le emozioni di quest&#8217;avventura,\u00a0 venerd\u00ec alle ore 20.45\u00a0in Sala Don Tamis ad Agordo per la serata conclusiva delle Sere d&#8217;autunno 2018.<\/p>\n<p>&nbsp;<\/p>\n<h3>SI PUO&#8217; FARE&#8230; IL 3 NOVEMBRE A FALCADE. UN EVENTO PER L&#8217;AGORDINO, UNA SERATA A SCOPO BENIFICO A FAVORE DELLA PETTIROSSO AGORDINO E ASSOCIAZIONE NUOVI TRAGUARDI. BIGLIETTI IN PREVENDITA A RADIO PIU (PREZZO UNICO 10 EURO)<\/h3>\n<p><span style=\"color: #ff0000;\">L&#8217;INVITO DELL&#8217;ATTORE ERIC SACCO ZIRIO &#8220;IGOR&#8221;<\/span><\/p>\n<audio class=\"wp-audio-shortcode\" id=\"audio-64875-9\" preload=\"none\" style=\"width: 100%;\" controls=\"controls\"><source type=\"audio\/mpeg\" src=\"http:\/\/www.radiopiu.net\/wordpress\/wp-content\/uploads\/2018\/10\/ERIK-SACCO-ZIRIO.mp3?_=9\" \/><a href=\"http:\/\/www.radiopiu.net\/wordpress\/wp-content\/uploads\/2018\/10\/ERIK-SACCO-ZIRIO.mp3\">http:\/\/www.radiopiu.net\/wordpress\/wp-content\/uploads\/2018\/10\/ERIK-SACCO-ZIRIO.mp3<\/a><\/audio>\n<p>&nbsp;<\/p>\n<p>&nbsp;<\/p>\n<p>&nbsp;<\/p>\n<p>&nbsp;<\/p>\n<p>&nbsp;<\/p>\n<h1>I CORSI DELLA TRADIZIONE CON LA FORZA DELLE DONNE<\/h1>\n<p><strong>AGORDO<\/strong> Torna con una nuova iniziativa il gruppo Agordino \u201cLa forza delle donne\u201d, stanno infatti per partire i primi due corsi per imparare tradizionali attivit\u00e0 manuali, una volta patrimonio di ogni donna in famiglia. Dapprima\u00a0i rudimenti per l\u2019utilizzo della macchina per cucire: luned\u00ec dalle 15 alle 17.30. \u00a0Marted\u00ec 30 ottobre sempre dalle 15 alle 17.30\u00a0 le basi per lavorare a maglia. L\u2019obiettivo di questi pomeriggi \u00e8 riscoprire attivit\u00e0 tradizionali, ma anche quello di stare insieme, chiacchierare, condividere tempo e idee.\u00a0 Il gruppo \u00e8 piccolo ma motivato e interessato a coinvolgere altre appassionate.Prossimamente altri corsi: decori natalizi, uncinetto e altro. Se siete interessate o incuriosite chiamate per informazioni Sonia 3204951000<\/p>\n<p>&nbsp;<\/p>\n<p>&nbsp;<\/p>\n<p>&nbsp;<\/p>\n<h2><em><span style=\"color: #ff0000;\">&#8220;Dio del cielo, Signore delle cime&#8230;.&#8221;<\/span><\/em><\/h2>\n<blockquote class=\"wp-embedded-content\" data-secret=\"3R6qeYkAxR\"><p><a href=\"http:\/\/www.radiopiu.net\/wordpress\/s-messa-per-i-caduti-della-montagna-dal-1976-domenica-alle-18-30-ad-agordo-e-in-tutto-il-mondo-su-www-radiopiu-net\/\">S. MESSA PER I CADUTI DELLA MONTAGNA, DAL 1976 &#8211; Domenica alle 18.30 ad Agordo e in tutto il mondo su www.radiopiu.net<\/a><\/p><\/blockquote>\n<p><iframe loading=\"lazy\" class=\"wp-embedded-content\" sandbox=\"allow-scripts\" security=\"restricted\" style=\"position: absolute; clip: rect(1px, 1px, 1px, 1px);\" src=\"http:\/\/www.radiopiu.net\/wordpress\/s-messa-per-i-caduti-della-montagna-dal-1976-domenica-alle-18-30-ad-agordo-e-in-tutto-il-mondo-su-www-radiopiu-net\/embed\/#?secret=3R6qeYkAxR\" data-secret=\"3R6qeYkAxR\" width=\"600\" height=\"338\" title=\"&#8220;S. MESSA PER I CADUTI DELLA MONTAGNA, DAL 1976 &#8211; Domenica alle 18.30 ad Agordo e in tutto il mondo su www.radiopiu.net&#8221; &#8212; Radio Pi\u00f9\" frameborder=\"0\" marginwidth=\"0\" marginheight=\"0\" scrolling=\"no\"><\/iframe><\/p>\n<p>&nbsp;<\/p>\n<p>&nbsp;<\/p>\n<p>&nbsp;<\/p>\n<p>&nbsp;<\/p>\n<blockquote class=\"wp-embedded-content\" data-secret=\"ciro6oVb9b\"><p><a href=\"http:\/\/www.radiopiu.net\/wordpress\/gli-speciali-di-renato-bona-vallada-e-sacro-cuore-di-gesu-dedicazione-e-crisi-mondiale\/\">GLI SPECIALI, DI RENATO BONA \/\/ VALLADA E SACRO CUORE DI GESU\u2019 (DEDICAZIONE E\u2026 CRISI MONDIALE)<\/a><\/p><\/blockquote>\n<p><iframe loading=\"lazy\" class=\"wp-embedded-content\" sandbox=\"allow-scripts\" security=\"restricted\" style=\"position: absolute; clip: rect(1px, 1px, 1px, 1px);\" src=\"http:\/\/www.radiopiu.net\/wordpress\/gli-speciali-di-renato-bona-vallada-e-sacro-cuore-di-gesu-dedicazione-e-crisi-mondiale\/embed\/#?secret=ciro6oVb9b\" data-secret=\"ciro6oVb9b\" width=\"600\" height=\"338\" title=\"&#8220;GLI SPECIALI, DI RENATO BONA \/\/ VALLADA E SACRO CUORE DI GESU\u2019 (DEDICAZIONE E\u2026 CRISI MONDIALE)&#8221; &#8212; Radio Pi\u00f9\" frameborder=\"0\" marginwidth=\"0\" marginheight=\"0\" scrolling=\"no\"><\/iframe><\/p>\n<p>&nbsp;<\/p>\n<p>&nbsp;<\/p>\n<p>&nbsp;<\/p>\n<p>&nbsp;<\/p>\n<h1><a class=\"dt-pswp-item\" href=\"http:\/\/www.radiopiu.net\/wordpress\/wp-content\/uploads\/2018\/09\/sport.jpg\" data-dt-img-description=\"\" data-large_image_width=\"800\" data-large_image_height=\"100\"><img loading=\"lazy\" decoding=\"async\" class=\"alignnone size-medium wp-image-60761\" src=\"http:\/\/www.radiopiu.net\/wordpress\/wp-content\/uploads\/2018\/09\/sport-300x38.jpg\" alt=\"\" width=\"300\" height=\"38\" srcset=\"https:\/\/www.radiopiu.net\/wordpress\/wp-content\/uploads\/2018\/09\/sport-300x38.jpg 300w, https:\/\/www.radiopiu.net\/wordpress\/wp-content\/uploads\/2018\/09\/sport-768x96.jpg 768w, https:\/\/www.radiopiu.net\/wordpress\/wp-content\/uploads\/2018\/09\/sport.jpg 800w\" sizes=\"auto, (max-width: 300px) 100vw, 300px\" \/><\/a><\/h1>\n<h1><\/h1>\n<h1>75 EQUIPAGGI AL 33\u00b0 RALLY BELLUNESE, NONOSTANTE I TEMPI EVENTO CHE &#8220;TIENE BOTTA&#8221;<\/h1>\n<p><a class=\"dt-pswp-item\" href=\"http:\/\/www.radiopiu.net\/wordpress\/wp-content\/uploads\/2018\/10\/904a16ae-9f00-458c-b468-440c864d646d.jpg\" data-dt-img-description=\"\" data-large_image_width=\"960\" data-large_image_height=\"641\"><img loading=\"lazy\" decoding=\"async\" class=\"size-medium wp-image-63502 alignleft\" src=\"http:\/\/www.radiopiu.net\/wordpress\/wp-content\/uploads\/2018\/10\/904a16ae-9f00-458c-b468-440c864d646d-300x200.jpg\" alt=\"\" width=\"300\" height=\"200\" srcset=\"https:\/\/www.radiopiu.net\/wordpress\/wp-content\/uploads\/2018\/10\/904a16ae-9f00-458c-b468-440c864d646d-300x200.jpg 300w, https:\/\/www.radiopiu.net\/wordpress\/wp-content\/uploads\/2018\/10\/904a16ae-9f00-458c-b468-440c864d646d-768x513.jpg 768w, https:\/\/www.radiopiu.net\/wordpress\/wp-content\/uploads\/2018\/10\/904a16ae-9f00-458c-b468-440c864d646d.jpg 960w\" sizes=\"auto, (max-width: 300px) 100vw, 300px\" \/><\/a><strong>DI ROBERTO BONA<\/strong><\/p>\n<audio class=\"wp-audio-shortcode\" id=\"audio-64875-10\" preload=\"none\" style=\"width: 100%;\" controls=\"controls\"><source type=\"audio\/mpeg\" src=\"http:\/\/www.radiopiu.net\/wordpress\/wp-content\/uploads\/2018\/10\/ROBERTO-4.mp3?_=10\" \/><a href=\"http:\/\/www.radiopiu.net\/wordpress\/wp-content\/uploads\/2018\/10\/ROBERTO-4.mp3\">http:\/\/www.radiopiu.net\/wordpress\/wp-content\/uploads\/2018\/10\/ROBERTO-4.mp3<\/a><\/audio>\n<p>&nbsp;<\/p>\n<p>&nbsp;<\/p>\n<p>&nbsp;<\/p>\n<h1>NUOVI ARBITRI CERCASI, VIA AI CORSI<\/h1>\n<p><strong><a class=\"dt-pswp-item\" href=\"http:\/\/www.radiopiu.net\/wordpress\/wp-content\/uploads\/2018\/05\/arbitri.jpg\" data-dt-img-description=\"\" data-large_image_width=\"230\" data-large_image_height=\"219\"><img loading=\"lazy\" decoding=\"async\" class=\"size-full wp-image-47568 alignleft\" src=\"http:\/\/www.radiopiu.net\/wordpress\/wp-content\/uploads\/2018\/05\/arbitri.jpg\" alt=\"\" width=\"230\" height=\"219\" \/><\/a><\/strong><\/p>\n<p>&nbsp;<\/p>\n<p>&nbsp;<\/p>\n<p>&nbsp;<\/p>\n<p>&nbsp;<\/p>\n<h2><strong>BELLUNO<\/strong> Da sabato via ai nuovi corsi per arbitri con l&#8217;Aia Belluno.\u00a0 Ai microfoni di Radio Pi\u00f9 il presidente Devis Da Riz<\/h2>\n<audio class=\"wp-audio-shortcode\" id=\"audio-64875-11\" preload=\"none\" style=\"width: 100%;\" controls=\"controls\"><source type=\"audio\/ogg\" src=\"http:\/\/www.radiopiu.net\/wordpress\/wp-content\/uploads\/2018\/10\/DEVIS.ogg?_=11\" \/><a href=\"http:\/\/www.radiopiu.net\/wordpress\/wp-content\/uploads\/2018\/10\/DEVIS.ogg\">http:\/\/www.radiopiu.net\/wordpress\/wp-content\/uploads\/2018\/10\/DEVIS.ogg<\/a><\/audio>\n<p>&nbsp;<\/p>\n<p>&nbsp;<\/p>\n<p>&nbsp;<\/p>\n<h1>LA PASSEGGIATA DA SAN GOTTARDO<\/h1>\n<p><strong>SOSPIROLO<\/strong> Proseguono gli \u201cSpettacoli di Mistero\u201d della Pro loco \u201cMonti del Sole\u201d di Sospirolo con la passeggiata guidata e animata, che si terr\u00e0 sabato. \u201cPrima se sgambetea, po\u2019 se polsa a far fil\u00f2\u201d, questo il titolo. Il tema \u00e8, infatti, ispirato al fil\u00f2 o veglia di stalla, fondamentale esperienza comunitaria del mondo contadino (tema comune a tutte le date della Pro loco). La passeggiata avr\u00e0 partenza da San Gottardo alle\u00a0 15.30, presso il caratteristico borgo,\u00a0 non impegnativa di circa un&#8217;ora e mezza,\u00a0 adatta a tutti, ma si richiedono scarpe da trekking. Si pu\u00f2 parcheggiare lungo la via di accesso a San Gottardo sul lato sinistro provenendo dal bivio Certosa; partecipazione libera e gratuita. L\u2019evento \u00e8 realizzato in collaborazione con l\u2019Anonima Lettori Srl, Gigi Bristot e Al Mazarol.<\/p>\n<p>&nbsp;<\/p>\n<p>&nbsp;<\/p>\n<p>&nbsp;<\/p>\n<h1><a class=\"dt-pswp-item\" href=\"http:\/\/www.radiopiu.net\/wordpress\/wp-content\/uploads\/2018\/09\/WhatsApp-Image-2018-09-20-at-16.04.06.jpeg\" data-dt-img-description=\"\" data-large_image_width=\"800\" data-large_image_height=\"100\"><img loading=\"lazy\" decoding=\"async\" class=\"alignnone wp-image-61378 size-full\" src=\"http:\/\/www.radiopiu.net\/wordpress\/wp-content\/uploads\/2018\/09\/WhatsApp-Image-2018-09-20-at-16.04.06.jpeg\" alt=\"\" width=\"800\" height=\"100\" srcset=\"https:\/\/www.radiopiu.net\/wordpress\/wp-content\/uploads\/2018\/09\/WhatsApp-Image-2018-09-20-at-16.04.06.jpeg 800w, https:\/\/www.radiopiu.net\/wordpress\/wp-content\/uploads\/2018\/09\/WhatsApp-Image-2018-09-20-at-16.04.06-300x38.jpeg 300w, https:\/\/www.radiopiu.net\/wordpress\/wp-content\/uploads\/2018\/09\/WhatsApp-Image-2018-09-20-at-16.04.06-768x96.jpeg 768w\" sizes=\"auto, (max-width: 800px) 100vw, 800px\" \/><\/a><\/h1>\n<h1>PREVISIONI DEL TEMPO DA OGGI A SABATO<\/h1>\n<p><strong>Mercoledi 24<\/strong> Tempo atteso: Il cielo sar\u00e0 perlopi\u00f9 velato per gran parte della giornata, velature pi\u00f9 estese e compatte al mattino, mentre la suddetta nuvolosit\u00e0 si attenuer\u00e0 al pomeriggio, lasciando spazio a qualche tratto soleggiato. Clima meno fresco di notte e assai pi\u00f9 mite di giorno, specie nelle valli, anche per episodi di Foehn. L&#8217;atmosfera sar\u00e0 particolarmente ventosa in quota.<br \/>\nPrecipitazioni: Assenti (0%).<br \/>\nTemperature: In generale rialzo con valori al di sopra delle medie del periodo, specie in quota. In alcune valli il Foehn potrebbe favorire punte attorno ai 20\/21\u00b0C a 1000\/1200 m e ai 23\/24\u00b0C tra i fondovalle prealpini e la pedemontana. Su Prealpi a 1500 m min 8\u00b0C max 12\u00b0C, a 2000 m min 6\u00b0C max 9\u00b0C. Su Dolomiti a 2000 m min 5\u00b0C max 10\u00b0C, a 3000 m min 2\u00b0C max 5\u00b0C.<br \/>\nVenti: Nelle valli moderati settentrionali con significativi rinforzi per episodi di Foehn; in quota venti da Nord Nord-Ovest molto forti sulle vette e forti oltre i 2000\/2300 m, a tratti anche sulle dorsali prealpine, a 35-70 km\/h a 2000 m, 95\/130 km\/h a 3000 m, (raffiche oltre i 140\/150 km\/h sulle cime dolomitiche pi\u00f9 alte).<br \/>\n<strong>Giovedi 25<\/strong> Tempo atteso: Tempo piuttosto soleggiato, nonostante le residue velature e i modesti cumuli diurno a ridosso dei rilievi sulle Dolomiti, nubi un po&#8217; pi\u00f9 sviluppate sulle Prealpi, dove si potr\u00e0 avere la formazione di nubi basse. Clima ancora mite nei settori pi\u00f9 assolati, fresco ed uggioso in caso di nubi basse.<br \/>\nPrecipitazioni: Assenti (0%).<br \/>\nTemperature: Minime in generale lieve calo; massime in leggera dminuzione in quota, mentre la stessa diminuzione sar\u00e0 pi\u00f9 sensibile nelle valli (assenza di Foehn) con punte massime di 15\/17\u00b0C nel catino bellunese e di 13\/14\u00b0C a 1000\/1200 m. Su Prealpi a 1500 m min 6\u00b0C max 10\u00b0C, a 2000 m min 5\u00b0C max 8\u00b0C. Su Dolomiti a 2000 m min 4\u00b0C max 8\u00b0C, a 3000 m min 1\u00b0C max 4\u00b0C.<br \/>\nVenti: Nelle valli deboli di direzione variabile, salvo residui rinforzi per Foehn tra la notte e il primo mattino; in quota venti da Nord Nord-Ovest ancora forti nella notte,poi in sensibile attenuazione in giornata, a 5-20 km\/h a 2000 m, 25-35 km\/h a 3000 m.<br \/>\n<strong>Venerdi 26\u00a0<\/strong>Al mattino in parte soleggiato sulle Dolomiti, ma non sulle Prealpi, dove le nubi basse saranno gi\u00e0 ben presenti. Nel corso del pomeriggio progressivo aumento della nuvolosit\u00e0 fino a cielo molto nuvoloso quasi ovunque, assieme al rischio di qualche debole pioggia sparsa. Temperature massime in calo. Venti moderati dai quadranti meridionali in quota.<br \/>\n<strong>Sabato 27\u00a0<\/strong>Peggioramento del tempo fino a risultare perturbato con cielo coperto associato a fenomeni inizialmente sparsi, poi le precipitazioni saranno via via pi\u00f9 diffuse, anche abbondanti tra le Prealpi e le Dolomiti meridionali, meno sui settori pi\u00f9 settentrionali. Il limite della neve si aggirer\u00e0 tra i 2100\/2400 m. Temperature minime in aumento e massime in calo. Venti moderati\/tesi da Sud-Ovest in quota. Previsore: R.L.Th.<\/p>\n","protected":false},"excerpt":{"rendered":"<p>&nbsp; AGORDO Da oggi hanno inizio i lavori di asfaltatura alla rotonda\u00a0 della nuova tangenziale di Agordo in localit\u00e0 Ponte Alto. Pazienza, ma soprattutto prudenza. Salendo da Belluno verso Agordo attenzione alle possibili improvvise colonne per rallentamento all&#8217;altezza della curva a gomito (bivio per Rivamonte-Gosaldo). &nbsp; SEGNALAZIONE METEO:\u00a0Fino alle prime ore di DOMANI\u00a0 intensificazione dei&hellip;<\/p>\n","protected":false},"author":1,"featured_media":0,"comment_status":"closed","ping_status":"closed","sticky":false,"template":"","format":"standard","meta":{"_monsterinsights_skip_tracking":false,"_monsterinsights_sitenote_active":false,"_monsterinsights_sitenote_note":"","_monsterinsights_sitenote_category":0,"footnotes":""},"categories":[1,86],"tags":[],"class_list":["post-64875","post","type-post","status-publish","format-standard","hentry","category-senza-categoria","category-gr","category-1","category-86","description-off"],"img_url":false,"_links":{"self":[{"href":"https:\/\/www.radiopiu.net\/wordpress\/wp-json\/wp\/v2\/posts\/64875","targetHints":{"allow":["GET"]}}],"collection":[{"href":"https:\/\/www.radiopiu.net\/wordpress\/wp-json\/wp\/v2\/posts"}],"about":[{"href":"https:\/\/www.radiopiu.net\/wordpress\/wp-json\/wp\/v2\/types\/post"}],"author":[{"embeddable":true,"href":"https:\/\/www.radiopiu.net\/wordpress\/wp-json\/wp\/v2\/users\/1"}],"replies":[{"embeddable":true,"href":"https:\/\/www.radiopiu.net\/wordpress\/wp-json\/wp\/v2\/comments?post=64875"}],"version-history":[{"count":0,"href":"https:\/\/www.radiopiu.net\/wordpress\/wp-json\/wp\/v2\/posts\/64875\/revisions"}],"wp:attachment":[{"href":"https:\/\/www.radiopiu.net\/wordpress\/wp-json\/wp\/v2\/media?parent=64875"}],"wp:term":[{"taxonomy":"category","embeddable":true,"href":"https:\/\/www.radiopiu.net\/wordpress\/wp-json\/wp\/v2\/categories?post=64875"},{"taxonomy":"post_tag","embeddable":true,"href":"https:\/\/www.radiopiu.net\/wordpress\/wp-json\/wp\/v2\/tags?post=64875"}],"curies":[{"name":"wp","href":"https:\/\/api.w.org\/{rel}","templated":true}]}}