{"id":64905,"date":"2018-10-23T18:21:53","date_gmt":"2018-10-23T16:21:53","guid":{"rendered":"http:\/\/www.radiopiu.net\/wordpress\/?p=64905"},"modified":"2018-10-24T05:14:56","modified_gmt":"2018-10-24T03:14:56","slug":"gli-speciali-di-renato-bona-vallada-e-sacro-cuore-di-gesu-dedicazione-e-crisi-mondiale","status":"publish","type":"post","link":"https:\/\/www.radiopiu.net\/wordpress\/gli-speciali-di-renato-bona-vallada-e-sacro-cuore-di-gesu-dedicazione-e-crisi-mondiale\/","title":{"rendered":"GLI SPECIALI, DI RENATO BONA \/\/ VALLADA E SACRO CUORE DI GESU\u2019 (DEDICAZIONE E\u2026 CRISI MONDIALE)"},"content":{"rendered":"<p>Per singolarissima coincidenza, la cerimonia di dedicazione della Chiesa parrocchiale del Sacro cuore di Ges\u00f9 (parroco l\u2019arciprete don Mariano Baldovin) a Sachet di Vallada Agordina, in provincia di Belluno, avvenne 89 anni fa, nel 1929 (lo ricorda anche \u201cDomenica\u201d, settimanale edito dalla Diocesi di Belluno-Feltre e diretto dal vescovo emerito Giuseppe Andrich), e proprio quel 24 ottobre, era di gioved\u00ec, dopo alcuni anni di boom economico, si registr\u00f2 il pi\u00f9 rovinoso crollo della borsa di New Jork e la giornata \u00e8 ricordata come \u201cIl gioved\u00ec nero di Wall Street\u201d e diede inizio ad una terribile crisi economico-finanziaria a livello mondiale. Anche Infodolomiti pubblica una citazione della chiesa di Vallada Agordina nel contesto delle numerose costruzioni a funzione religiosa che caratterizzano il paese: sacelli, chiese e chiesette che si trovano in tutte le frazioni. Scrive infatti: \u201cLa parrocchiale, dedicata al Sacro Cuore e costruita negli anni Venti del Novecento, \u00e8 in localit\u00e0 Sachet\u201d aggiungendo che \u201ca Andrich si trova la chiesetta di San Giuseppe, a Cogul quella di Santa Lucia, a Mas quella di Sant\u2019Antonio Abate, mentre a Celat si pu\u00f2 ammirare l\u2019antica chiesa di San Rocco (XVI secolo). La pi\u00f9 importante dal punto di vista storico e artistico, e sicuramente anche una di quelle pi\u00f9 caratteristiche per posizione e pi\u00f9 importante per sentimento popolare, \u00e8 la chiesa di San Simon, dedicata ai Santi Simone e Giuda Taddeo (celebrati il 28 ottobre con una grande festa paesana) e dichiarata monumento nazionale\u201d. Dal sito parrocchiacanaledagordo si pu\u00f2 invece leggere: \u201cSacro Cuore. E\u2019 la chiesa parrocchiale di Vallada. Edificata tra il 1926 ed il 1929 per opera dell\u2019Arciprete di Canale don Filippo Carli e del Mansionario don Ettore Zanetti. Consacrata il 24 ottobre 1929 dal vescovo mons. G. Cattarossi. Nel 1938 fu eretta in parrocchia\u201d. Non possiamo trascurare la citazione che compare nel libro, fuori commercio, \u201cStoria breve dell\u2019Agordino\u201d scritto dall\u2019agordino prof. don Ferdinando Tamis, prestigioso storico, stampato dalla tipografia Piave di Belluno nel marzo 1989 con copertina dedicata alla \u201cDonna della Montagna\u201d, disegno 75 di Augusto Murer. Eccola, tratta dal capitolo intitolato \u201cLenta evoluzione\u201d in cui l\u2019autore cita una relazione del 1710 che fa conoscere come si \u00e8 andata svolgendo l\u2019organizzazione ecclesiale agordina\u2026 \u201cVallada. La chiesa dei santi Simon e Giuda \u00e8 documentata nel 1185, ed ebbe sacerdote proprio nel 1681. La nuova chiesa, dedicata al S. Cuore di Ges\u00f9, fu consacrata il 24 ottobre 1929 ed eretta a parrocchia il primo agosto 1938\u201d. NELLE FOTO (Roby Brics, Dario Zanatta, riproduzione dai testi di Tamis): interni ed esterni del Sacro Cuore di Vallada Agordina; lo storico don Ferdinando Tamis; la copertina col il disegno di Augusto Murer e quella dell\u2019altra pubblicazione di Tamis.<\/p>\n\n\t\t\t<style type='text\/css'>\n\t\t\t\t#gallery-1 {\n\t\t\t\t\tmargin: auto;\n\t\t\t\t}\n\t\t\t\t#gallery-1 .gallery-item {\n\t\t\t\t\tfloat: left;\n\t\t\t\t\tmargin-top: 10px;\n\t\t\t\t\ttext-align: center;\n\t\t\t\t\twidth: 33%;\n\t\t\t\t}\n\t\t\t\t#gallery-1 img {\n\t\t\t\t\tborder: 2px solid #cfcfcf;\n\t\t\t\t}\n\t\t\t\t#gallery-1 .gallery-caption {\n\t\t\t\t\tmargin-left: 0;\n\t\t\t\t}\n\t\t\t\t\/* see gallery_shortcode() in wp-includes\/media.php *\/\n\t\t\t<\/style>\n\t\t<div id='gallery-1' class='dt-gallery-container gallery galleryid-64905 gallery-columns-3 gallery-size-thumbnail'><dl class='gallery-item'>\n\t\t\t\t<dt class='gallery-icon portrait'>\n\t\t\t\t\t<a class=\"rollover\" href='https:\/\/www.radiopiu.net\/wordpress\/gli-speciali-di-renato-bona-vallada-e-sacro-cuore-di-gesu-dedicazione-e-crisi-mondiale\/44603361_250958838870603_5565282776636194816_n\/'><img loading=\"lazy\" decoding=\"async\" width=\"150\" height=\"150\" src=\"https:\/\/www.radiopiu.net\/wordpress\/wp-content\/uploads\/2018\/10\/44603361_250958838870603_5565282776636194816_n-150x150.jpg\" class=\"attachment-thumbnail size-thumbnail\" alt=\"\" \/><\/a>\n\t\t\t\t<\/dt><\/dl><dl class='gallery-item'>\n\t\t\t\t<dt class='gallery-icon portrait'>\n\t\t\t\t\t<a class=\"rollover\" href='https:\/\/www.radiopiu.net\/wordpress\/gli-speciali-di-renato-bona-vallada-e-sacro-cuore-di-gesu-dedicazione-e-crisi-mondiale\/44687689_242648949765864_749884470789668864_n\/'><img loading=\"lazy\" decoding=\"async\" width=\"150\" height=\"150\" src=\"https:\/\/www.radiopiu.net\/wordpress\/wp-content\/uploads\/2018\/10\/44687689_242648949765864_749884470789668864_n-150x150.jpg\" class=\"attachment-thumbnail size-thumbnail\" alt=\"\" \/><\/a>\n\t\t\t\t<\/dt><\/dl><dl class='gallery-item'>\n\t\t\t\t<dt class='gallery-icon portrait'>\n\t\t\t\t\t<a class=\"rollover\" href='https:\/\/www.radiopiu.net\/wordpress\/gli-speciali-di-renato-bona-vallada-e-sacro-cuore-di-gesu-dedicazione-e-crisi-mondiale\/44585379_1929811607321395_4501788212028506112_n\/'><img loading=\"lazy\" decoding=\"async\" width=\"150\" height=\"150\" src=\"https:\/\/www.radiopiu.net\/wordpress\/wp-content\/uploads\/2018\/10\/44585379_1929811607321395_4501788212028506112_n-150x150.jpg\" class=\"attachment-thumbnail size-thumbnail\" alt=\"\" \/><\/a>\n\t\t\t\t<\/dt><\/dl><br style=\"clear: both\" \/><dl class='gallery-item'>\n\t\t\t\t<dt class='gallery-icon portrait'>\n\t\t\t\t\t<a class=\"rollover\" href='https:\/\/www.radiopiu.net\/wordpress\/gli-speciali-di-renato-bona-vallada-e-sacro-cuore-di-gesu-dedicazione-e-crisi-mondiale\/44645690_2051748891555390_2944970761749659648_n\/'><img loading=\"lazy\" decoding=\"async\" width=\"150\" height=\"150\" src=\"https:\/\/www.radiopiu.net\/wordpress\/wp-content\/uploads\/2018\/10\/44645690_2051748891555390_2944970761749659648_n-150x150.jpg\" class=\"attachment-thumbnail size-thumbnail\" alt=\"\" \/><\/a>\n\t\t\t\t<\/dt><\/dl><dl class='gallery-item'>\n\t\t\t\t<dt class='gallery-icon portrait'>\n\t\t\t\t\t<a class=\"rollover\" href='https:\/\/www.radiopiu.net\/wordpress\/gli-speciali-di-renato-bona-vallada-e-sacro-cuore-di-gesu-dedicazione-e-crisi-mondiale\/44545758_1646126758865856_9019358577738907648_n\/'><img loading=\"lazy\" decoding=\"async\" width=\"150\" height=\"150\" src=\"https:\/\/www.radiopiu.net\/wordpress\/wp-content\/uploads\/2018\/10\/44545758_1646126758865856_9019358577738907648_n-150x150.jpg\" class=\"attachment-thumbnail size-thumbnail\" alt=\"\" \/><\/a>\n\t\t\t\t<\/dt><\/dl>\n\t\t\t\t<br style='clear: both' \/>\n\t\t\t<\/div>\n\n","protected":false},"excerpt":{"rendered":"<p>Per singolarissima coincidenza, la cerimonia di dedicazione della Chiesa parrocchiale del Sacro cuore di Ges\u00f9 (parroco l\u2019arciprete don Mariano Baldovin) a Sachet di Vallada Agordina, in provincia di Belluno, avvenne 89 anni fa, nel 1929 (lo ricorda anche \u201cDomenica\u201d, settimanale edito dalla Diocesi di Belluno-Feltre e diretto dal vescovo emerito Giuseppe Andrich), e proprio quel&hellip;<\/p>\n","protected":false},"author":1,"featured_media":64910,"comment_status":"closed","ping_status":"closed","sticky":false,"template":"","format":"standard","meta":{"_monsterinsights_skip_tracking":false,"_monsterinsights_sitenote_active":false,"_monsterinsights_sitenote_note":"","_monsterinsights_sitenote_category":0,"footnotes":""},"categories":[1,49,84],"tags":[],"class_list":["post-64905","post","type-post","status-publish","format-standard","has-post-thumbnail","hentry","category-senza-categoria","category-news-18","category-speciali","category-1","category-49","category-84","description-off"],"img_url":"https:\/\/www.radiopiu.net\/wordpress\/wp-content\/uploads\/2018\/10\/44603361_250958838870603_5565282776636194816_n.jpg","_links":{"self":[{"href":"https:\/\/www.radiopiu.net\/wordpress\/wp-json\/wp\/v2\/posts\/64905","targetHints":{"allow":["GET"]}}],"collection":[{"href":"https:\/\/www.radiopiu.net\/wordpress\/wp-json\/wp\/v2\/posts"}],"about":[{"href":"https:\/\/www.radiopiu.net\/wordpress\/wp-json\/wp\/v2\/types\/post"}],"author":[{"embeddable":true,"href":"https:\/\/www.radiopiu.net\/wordpress\/wp-json\/wp\/v2\/users\/1"}],"replies":[{"embeddable":true,"href":"https:\/\/www.radiopiu.net\/wordpress\/wp-json\/wp\/v2\/comments?post=64905"}],"version-history":[{"count":0,"href":"https:\/\/www.radiopiu.net\/wordpress\/wp-json\/wp\/v2\/posts\/64905\/revisions"}],"wp:featuredmedia":[{"embeddable":true,"href":"https:\/\/www.radiopiu.net\/wordpress\/wp-json\/wp\/v2\/media\/64910"}],"wp:attachment":[{"href":"https:\/\/www.radiopiu.net\/wordpress\/wp-json\/wp\/v2\/media?parent=64905"}],"wp:term":[{"taxonomy":"category","embeddable":true,"href":"https:\/\/www.radiopiu.net\/wordpress\/wp-json\/wp\/v2\/categories?post=64905"},{"taxonomy":"post_tag","embeddable":true,"href":"https:\/\/www.radiopiu.net\/wordpress\/wp-json\/wp\/v2\/tags?post=64905"}],"curies":[{"name":"wp","href":"https:\/\/api.w.org\/{rel}","templated":true}]}}