{"id":64920,"date":"2018-10-23T18:35:18","date_gmt":"2018-10-23T16:35:18","guid":{"rendered":"http:\/\/www.radiopiu.net\/wordpress\/?p=64920"},"modified":"2018-10-23T18:35:18","modified_gmt":"2018-10-23T16:35:18","slug":"3-novembre-si-puo-fare-a-falcade-linvito-di-claudio-dal-farra-e-lintervista-alla-radio","status":"publish","type":"post","link":"https:\/\/www.radiopiu.net\/wordpress\/3-novembre-si-puo-fare-a-falcade-linvito-di-claudio-dal-farra-e-lintervista-alla-radio\/","title":{"rendered":"3 NOVEMBRE &#8220;SI PUO&#8217; FARE&#8221; A FALCADE, L&#8217;INVITO DI CLAUDIO DAL FARRA E L&#8217;INTERVISTA ALLA RADIO"},"content":{"rendered":"<h1>SI PUO&#8217; FARE&#8230; IL 3 NOVEMBRE A FALCADE. UN EVENTO PER L&#8217;AGORDINO, UNA SERATA A SCOPO BENIFICO A FAVORE DELLA PETTIROSSO AGORDINO E ASSOCIAZIONE NUOVI TRAGUARDI.<\/h1>\n<h2>L&#8217;INVITO DELL&#8217;ATTORE\u00a0\u00a0<span style=\"color: #ff0000;\">CLAUDIO DAL FARRA<\/span><\/h2>\n<audio class=\"wp-audio-shortcode\" id=\"audio-64920-1\" preload=\"none\" style=\"width: 100%;\" controls=\"controls\"><source type=\"audio\/mpeg\" src=\"http:\/\/www.radiopiu.net\/wordpress\/wp-content\/uploads\/2018\/10\/SI-PUO-FARE-2-1.mp3?_=1\" \/><a href=\"http:\/\/www.radiopiu.net\/wordpress\/wp-content\/uploads\/2018\/10\/SI-PUO-FARE-2-1.mp3\">http:\/\/www.radiopiu.net\/wordpress\/wp-content\/uploads\/2018\/10\/SI-PUO-FARE-2-1.mp3<\/a><\/audio>\n<p><a class=\"dt-pswp-item\" href=\"http:\/\/www.radiopiu.net\/wordpress\/wp-content\/uploads\/2018\/10\/WhatsApp-Image-2018-09-14-at-09.35.20.jpeg\" data-dt-img-description=\"\" data-large_image_width=\"709\" data-large_image_height=\"1418\"><img loading=\"lazy\" decoding=\"async\" class=\"size-medium wp-image-64060 alignleft\" src=\"http:\/\/www.radiopiu.net\/wordpress\/wp-content\/uploads\/2018\/10\/WhatsApp-Image-2018-09-14-at-09.35.20-150x300.jpeg\" alt=\"\" width=\"150\" height=\"300\" srcset=\"https:\/\/www.radiopiu.net\/wordpress\/wp-content\/uploads\/2018\/10\/WhatsApp-Image-2018-09-14-at-09.35.20-150x300.jpeg 150w, https:\/\/www.radiopiu.net\/wordpress\/wp-content\/uploads\/2018\/10\/WhatsApp-Image-2018-09-14-at-09.35.20-512x1024.jpeg 512w, https:\/\/www.radiopiu.net\/wordpress\/wp-content\/uploads\/2018\/10\/WhatsApp-Image-2018-09-14-at-09.35.20.jpeg 709w\" sizes=\"auto, (max-width: 150px) 100vw, 150px\" \/><\/a><\/p>\n<p>&nbsp;<\/p>\n<h3>FALCADE Lo spettacolo teatrale approda al Palafalcade in una grande serata tra attori che hanno gi\u00e0 incantato la provincia da Quero al Teatro Comunale della citt\u00e0. &#8220;Si Pu\u00f2 fare&#8221; \u00e8 la commedia liberamente ispirata dal film Frankenstein Junior a marchio Belluno Ciak. I biglietti al prezzo unico 10 euro sono gi\u00e0 in prevendita, anche a RADIO PIU, Agordo, Alleghe, Belluno, Cencenighe e Falcade.<\/h3>\n<h2><\/h2>\n<h2><\/h2>\n<h2>L&#8217;INTERVISTA ALLA RADIO<\/h2>\n<audio class=\"wp-audio-shortcode\" id=\"audio-64920-2\" preload=\"none\" style=\"width: 100%;\" controls=\"controls\"><source type=\"audio\/mpeg\" src=\"http:\/\/www.radiopiu.net\/wordpress\/wp-content\/uploads\/2018\/10\/FONTANA.mp3?_=2\" \/><a href=\"http:\/\/www.radiopiu.net\/wordpress\/wp-content\/uploads\/2018\/10\/FONTANA.mp3\">http:\/\/www.radiopiu.net\/wordpress\/wp-content\/uploads\/2018\/10\/FONTANA.mp3<\/a><\/audio>\n<p>&nbsp;<\/p>\n<p>&nbsp;<\/p>\n","protected":false},"excerpt":{"rendered":"<p>SI PUO&#8217; FARE&#8230; IL 3 NOVEMBRE A FALCADE. UN EVENTO PER L&#8217;AGORDINO, UNA SERATA A SCOPO BENIFICO A FAVORE DELLA PETTIROSSO AGORDINO E ASSOCIAZIONE NUOVI TRAGUARDI. L&#8217;INVITO DELL&#8217;ATTORE\u00a0\u00a0CLAUDIO DAL FARRA &nbsp; FALCADE Lo spettacolo teatrale approda al Palafalcade in una grande serata tra attori che hanno gi\u00e0 incantato la provincia da Quero al Teatro Comunale&hellip;<\/p>\n","protected":false},"author":1,"featured_media":0,"comment_status":"closed","ping_status":"closed","sticky":false,"template":"","format":"standard","meta":{"_monsterinsights_skip_tracking":false,"_monsterinsights_sitenote_active":false,"_monsterinsights_sitenote_note":"","_monsterinsights_sitenote_category":0,"footnotes":""},"categories":[1],"tags":[],"class_list":["post-64920","post","type-post","status-publish","format-standard","hentry","category-senza-categoria","category-1","description-off"],"img_url":false,"_links":{"self":[{"href":"https:\/\/www.radiopiu.net\/wordpress\/wp-json\/wp\/v2\/posts\/64920","targetHints":{"allow":["GET"]}}],"collection":[{"href":"https:\/\/www.radiopiu.net\/wordpress\/wp-json\/wp\/v2\/posts"}],"about":[{"href":"https:\/\/www.radiopiu.net\/wordpress\/wp-json\/wp\/v2\/types\/post"}],"author":[{"embeddable":true,"href":"https:\/\/www.radiopiu.net\/wordpress\/wp-json\/wp\/v2\/users\/1"}],"replies":[{"embeddable":true,"href":"https:\/\/www.radiopiu.net\/wordpress\/wp-json\/wp\/v2\/comments?post=64920"}],"version-history":[{"count":0,"href":"https:\/\/www.radiopiu.net\/wordpress\/wp-json\/wp\/v2\/posts\/64920\/revisions"}],"wp:attachment":[{"href":"https:\/\/www.radiopiu.net\/wordpress\/wp-json\/wp\/v2\/media?parent=64920"}],"wp:term":[{"taxonomy":"category","embeddable":true,"href":"https:\/\/www.radiopiu.net\/wordpress\/wp-json\/wp\/v2\/categories?post=64920"},{"taxonomy":"post_tag","embeddable":true,"href":"https:\/\/www.radiopiu.net\/wordpress\/wp-json\/wp\/v2\/tags?post=64920"}],"curies":[{"name":"wp","href":"https:\/\/api.w.org\/{rel}","templated":true}]}}