{"id":65124,"date":"2018-10-26T06:06:07","date_gmt":"2018-10-26T04:06:07","guid":{"rendered":"http:\/\/www.radiopiu.net\/wordpress\/?p=65124"},"modified":"2018-10-26T06:06:24","modified_gmt":"2018-10-26T04:06:24","slug":"intitolazione-della-biblioteca-a-gigio-lazzaris-budareti","status":"publish","type":"post","link":"https:\/\/www.radiopiu.net\/wordpress\/intitolazione-della-biblioteca-a-gigio-lazzaris-budareti\/","title":{"rendered":"INTITOLAZIONE DELLA BIBLIOTECA A GIGIO LAZZARIS BUDARETI\u00a0"},"content":{"rendered":"<blockquote>\n<h1><\/h1>\n<h3><em>Il programma corretto degli eventi<\/em><\/h3>\n<\/blockquote>\n<p><strong>VALLADA\u00a0<\/strong> Quale miglior cosa \u00e8 per un poeta, a distanza di 112 anni dalla sua morte, che venga ricordato dai suoi concittadini con l\u2019intitolazione di una sede bibliotecaria? Succeder\u00e0\u00a0 domani alle\u00a0 18 presso la biblioteca di Vallada Agordina, l\u2019intitolazione a Gigio Lazzaris \u201cBudareti\u201d (1816-1906) scrittore-falegname di Celat di Vallada, autore del poema in ottave e in dialetto \u201cLi gran dafai de tut el temp de l\u2019ann\u201d. La testimonianza scritta del Lazzaris \u00e8 un prezioso ritratto della Valle del Biois, dei suoi usi e costumi, suddiviso in quattro capitoli caratterizzati dalle stagioni (Ansuda, Ist\u00e0, Fardima e Invern). La serata d\u2019intitolazione \u00e8 ricca di eventi ed inizier\u00e0 con Liana Cavallet che avr\u00e0 il compito di motivare l\u2019omaggio che il comitato della biblioteca ha inteso rendere al Lazzaris; Cesare Andrich illustrer\u00e0 la vita e l\u2019operato letteariario del poeta e sar\u00e0 compito invece di Ivonne Tomaselli e Bepi Della Zassa leggere alcune ottave tratte dal poema. La serata proseguir\u00e0 con lo scoprimento della targa d\u2019intitolazione e la presentazione del grande trittico in legno, dipinto dal pittore Dunio Piccolin, ispirato ai mestieri, usi, costumi e curiosi aneddoti nelle quattro stagioni raccontate dal Lazzaris. Seguir\u00e0 un conviviale rinfresco allietato dagli intermezzi musicali del talentuoso gruppo musicale agordino dei Tirataie.<\/p>\n<blockquote>\n\t\t\t<style type='text\/css'>\n\t\t\t\t#gallery-1 {\n\t\t\t\t\tmargin: auto;\n\t\t\t\t}\n\t\t\t\t#gallery-1 .gallery-item {\n\t\t\t\t\tfloat: left;\n\t\t\t\t\tmargin-top: 10px;\n\t\t\t\t\ttext-align: center;\n\t\t\t\t\twidth: 33%;\n\t\t\t\t}\n\t\t\t\t#gallery-1 img {\n\t\t\t\t\tborder: 2px solid #cfcfcf;\n\t\t\t\t}\n\t\t\t\t#gallery-1 .gallery-caption {\n\t\t\t\t\tmargin-left: 0;\n\t\t\t\t}\n\t\t\t\t\/* see gallery_shortcode() in wp-includes\/media.php *\/\n\t\t\t<\/style>\n\t\t<div id='gallery-1' class='dt-gallery-container gallery galleryid-65124 gallery-columns-3 gallery-size-thumbnail'><dl class='gallery-item'>\n\t\t\t\t<dt class='gallery-icon landscape'>\n\t\t\t\t\t<a class=\"rollover\" href='https:\/\/www.radiopiu.net\/wordpress\/giornale-radiopiu-25-ottobre-2018-direttore-mirko-mezzacasa\/20181023_213548\/'><img loading=\"lazy\" decoding=\"async\" width=\"150\" height=\"150\" src=\"https:\/\/www.radiopiu.net\/wordpress\/wp-content\/uploads\/2018\/10\/20181023_213548-150x150.jpg\" class=\"attachment-thumbnail size-thumbnail\" alt=\"\" \/><\/a>\n\t\t\t\t<\/dt><\/dl><dl class='gallery-item'>\n\t\t\t\t<dt class='gallery-icon landscape'>\n\t\t\t\t\t<a class=\"rollover\" href='https:\/\/www.radiopiu.net\/wordpress\/giornale-radiopiu-25-ottobre-2018-direttore-mirko-mezzacasa\/20181021_150843\/'><img loading=\"lazy\" decoding=\"async\" width=\"150\" height=\"150\" src=\"https:\/\/www.radiopiu.net\/wordpress\/wp-content\/uploads\/2018\/10\/20181021_150843-150x150.jpg\" class=\"attachment-thumbnail size-thumbnail\" alt=\"\" \/><\/a>\n\t\t\t\t<\/dt><\/dl><dl class='gallery-item'>\n\t\t\t\t<dt class='gallery-icon portrait'>\n\t\t\t\t\t<a class=\"rollover\" href='https:\/\/www.radiopiu.net\/wordpress\/giornale-radiopiu-25-ottobre-2018-direttore-mirko-mezzacasa\/20181024_154350\/'><img loading=\"lazy\" decoding=\"async\" width=\"150\" height=\"150\" src=\"https:\/\/www.radiopiu.net\/wordpress\/wp-content\/uploads\/2018\/10\/20181024_154350-150x150.jpg\" class=\"attachment-thumbnail size-thumbnail\" alt=\"\" \/><\/a>\n\t\t\t\t<\/dt><\/dl><br style=\"clear: both\" \/>\n\t\t\t<\/div>\n\n<p>&nbsp;<\/p>\n<p>&nbsp;<\/p>\n<p>&nbsp;<\/p>\n<p>&nbsp;<\/p><\/blockquote>\n","protected":false},"excerpt":{"rendered":"<p>Il programma corretto degli eventi VALLADA\u00a0 Quale miglior cosa \u00e8 per un poeta, a distanza di 112 anni dalla sua morte, che venga ricordato dai suoi concittadini con l\u2019intitolazione di una sede bibliotecaria? Succeder\u00e0\u00a0 domani alle\u00a0 18 presso la biblioteca di Vallada Agordina, l\u2019intitolazione a Gigio Lazzaris \u201cBudareti\u201d (1816-1906) scrittore-falegname di Celat di Vallada, autore&hellip;<\/p>\n","protected":false},"author":1,"featured_media":65127,"comment_status":"closed","ping_status":"closed","sticky":false,"template":"","format":"standard","meta":{"_monsterinsights_skip_tracking":false,"_monsterinsights_sitenote_active":false,"_monsterinsights_sitenote_note":"","_monsterinsights_sitenote_category":0,"footnotes":""},"categories":[49],"tags":[],"class_list":["post-65124","post","type-post","status-publish","format-standard","has-post-thumbnail","hentry","category-news-18","category-49","description-off"],"img_url":"https:\/\/www.radiopiu.net\/wordpress\/wp-content\/uploads\/2018\/10\/20181024_154350.jpg","_links":{"self":[{"href":"https:\/\/www.radiopiu.net\/wordpress\/wp-json\/wp\/v2\/posts\/65124","targetHints":{"allow":["GET"]}}],"collection":[{"href":"https:\/\/www.radiopiu.net\/wordpress\/wp-json\/wp\/v2\/posts"}],"about":[{"href":"https:\/\/www.radiopiu.net\/wordpress\/wp-json\/wp\/v2\/types\/post"}],"author":[{"embeddable":true,"href":"https:\/\/www.radiopiu.net\/wordpress\/wp-json\/wp\/v2\/users\/1"}],"replies":[{"embeddable":true,"href":"https:\/\/www.radiopiu.net\/wordpress\/wp-json\/wp\/v2\/comments?post=65124"}],"version-history":[{"count":0,"href":"https:\/\/www.radiopiu.net\/wordpress\/wp-json\/wp\/v2\/posts\/65124\/revisions"}],"wp:featuredmedia":[{"embeddable":true,"href":"https:\/\/www.radiopiu.net\/wordpress\/wp-json\/wp\/v2\/media\/65127"}],"wp:attachment":[{"href":"https:\/\/www.radiopiu.net\/wordpress\/wp-json\/wp\/v2\/media?parent=65124"}],"wp:term":[{"taxonomy":"category","embeddable":true,"href":"https:\/\/www.radiopiu.net\/wordpress\/wp-json\/wp\/v2\/categories?post=65124"},{"taxonomy":"post_tag","embeddable":true,"href":"https:\/\/www.radiopiu.net\/wordpress\/wp-json\/wp\/v2\/tags?post=65124"}],"curies":[{"name":"wp","href":"https:\/\/api.w.org\/{rel}","templated":true}]}}