{"id":65164,"date":"2018-10-25T14:28:27","date_gmt":"2018-10-25T12:28:27","guid":{"rendered":"http:\/\/www.radiopiu.net\/wordpress\/?p=65164"},"modified":"2018-10-25T14:50:47","modified_gmt":"2018-10-25T12:50:47","slug":"ultime-da-taibon","status":"publish","type":"post","link":"https:\/\/www.radiopiu.net\/wordpress\/ultime-da-taibon\/","title":{"rendered":"ULTIME DA TAIBON"},"content":{"rendered":"<p class=\"western\"><b>INCENDIO IN AGORDINO. FIRMATO DA ZAIA LO STATO DI CRISI<\/b><\/p>\n<p class=\"western\">Il Presidente della Regione del Veneto, Luca Zaia, ha firmato poco fa lo stato di crisi in relazione all\u2019esteso incendio che sta interessando la zona dell\u2019Agordino, in provincia di Belluno. Oggi alle 17 in Comune a Taibon Agordino, si terr\u00e0 un vertice di tutte le forze impegnate nelle operazioni di spegnimento, convocato dall\u2019Assessore alla Protezione Civile Gianpaolo Bottacin.<\/p>\n<p><strong>DALLA PREFETTURA<\/strong><\/p>\n<p>Alle\u00a0 17 di oggi si terr\u00e0 presso il Municipio\u00a0 di Taibon Agordino un incontro, convocato d\u2019intesa tra il Prefetto e l\u2019Assessore Regionale alla Protezione Civile, per fare il punto della situazione sul grave incendio boschivo che da ieri interessa la zona dell\u2019agordino. Alla riunione parteciperanno tutte le componenti del sistema di protezione civile impegnate nello spegnimento dell\u2019incendio oltre ai Sindaci dei Comuni interessati.<\/p>\n<p><strong>TECNICI ARPAV SUL POSTO<\/strong><\/p>\n<p class=\"gmail-Standard\">I tecnici ARPAV sono sul posto per monitorare l\u2019evolversi della situazione.\u00a0Sulla pagina web del sito dell\u2019Agenzia dedicata ai dati in diretta delle polveri PM10, sono disponibili i valori registrati nelle stazioni di monitoraggio della qualit\u00e0 dell\u2019aria della provincia di Belluno negli ultimi giorni. (&#8230;)<\/p>\n<p class=\"gmail-Standard\"><span style=\"font-family: Liberation Serif, serif;\"><a href=\"http:\/\/www.arpa.veneto.it\/arpavinforma\/comunicati-stampa\/archivio\/comunicati-2018\/aggiornamento-incendio-boschivo-a-taibon-agordino\">http:\/\/www.arpa.veneto.it\/arpavinforma\/comunicati-stampa\/archivio\/comunicati-2018\/aggiornamento-incendio-boschivo-a-taibon-agordino<\/a><\/span><\/p>\n<p>&nbsp;<\/p>\n<p align=\"CENTER\"><strong><span style=\"color: #000000;\"><span style=\"font-family: Arial, sans-serif;\"><span style=\"font-size: medium;\"><b>Incendio in Agordino<\/b><\/span><\/span><\/span><\/strong><\/p>\n<p align=\"CENTER\"><strong><span style=\"color: #000000;\"><span style=\"font-family: Arial, sans-serif;\"><span style=\"font-size: medium;\">\u00abElettrodotto interrato l&#8217;unica soluzione sicura\u00bb<br \/>\n<\/span><\/span><\/span><\/strong><\/p>\n<p align=\"LEFT\"><strong><span style=\"color: #000000;\"><span style=\"font-family: Arial, sans-serif;\"><span style=\"font-size: medium;\">\u00abIl drammatico incendio che da ieri sta mettendo in ginocchio l&#8217;Agordino deve far capire una cosa: l&#8217;unica soluzione sicura \u00e8 l&#8217;interramento dell&#8217;elettrodotto. Non importa se la realizzazione \u00e8 pi\u00f9 costosa: vogliamo dare un prezzo ai disagi per i cittadini e per le aziende che si sono trovate senza energia elettrica, alla paura che si vive a Taibon e Cencenighe oggi, al pericolo che hanno corso gli escursionisti?\u00bb: il Sindaco di Belluno, Jacopo Massaro, riporta al centro della discussione la sicurezza legata alla razionalizzazione dell&#8217;elettrodotto, dopo che nella giornata di ieri un albero, a causa del forte vento, \u00e8 caduto sulla linea elettrica, dando il via al furioso incendio che ha distrutto la valle di San Lucano.<\/span><\/span><\/span><\/strong><\/p>\n<p align=\"LEFT\"><strong><span style=\"color: #000000;\"><span style=\"font-family: Arial, sans-serif;\"><span style=\"font-size: medium;\">\u00abInterrare in montagna non \u00e8 un opzione, \u00e8 l&#8217;unica via sicura: lo ribadiamo ora, ma lo avevamo gi\u00e0 messo nero su bianco nelle nostre osservazioni al progetto di razionalizzazione presentato da Terna, sottolineando come fosse l&#8217;unico strumento per contrastare le situazioni di pericolo. &#8211; continua il sindaco \u2013 Le linee aree non possono continuare a esistere nel nostro territorio: neve, vento, o pioggia che causa frane, ogni condizione meteo rischia di creare gravi problemi per la sicurezza. Terna riveda le sue intenzioni e decida di interrare; le nostre comunit\u00e0 non possono vivere con questo incubo\u00bb.<\/span><\/span><\/span><\/strong><\/p>\n<p align=\"LEFT\"><strong><span style=\"color: #000000;\"><span style=\"font-family: Arial, sans-serif;\"><span style=\"font-size: medium;\">\u00abSpero che quanto sta accadendo contribuisca anche a mobilitare la politica nazionale, dal Ministero dell&#8217;Ambiente ai parlamentari bellunesi che gi\u00e0 al vertice in Municipio dello scorso aprile avevano garantito il loro sostegno alle richieste del Comune e dei comitati. &#8211; conclude Massaro \u2013 Infine, un ringraziamento a tutte le persone che da ieri sono impegnate con tutti i mezzi a disposizione nelle operazioni di spegnimento e di soccorso, dai Vigili del Fuoco al Soccorso Alpino, passando per le forze dell&#8217;ordine, la Regione Veneto, la Protezione Civile. Un grazie speciale alla squadra che ha permesso questa mattina di recuperare sani e salvi i due escursionisti rimasti bloccati dall&#8217;incendio per tutta la notte\u00bb.<\/span><\/span><\/span><\/strong><\/p>\n<p align=\"LEFT\"><strong><span style=\"color: #000000;\"><span style=\"font-family: Arial, sans-serif;\"><span style=\"font-size: medium;\">Continua intanto il monitoraggio sull&#8217;inquinamento atmosferico: a Belluno, nella giornata di mercoled\u00ec, le polveri sono salite impercettibilmente, arrivando a 10 microgrammi per metro cubo, mentre a Feltre si \u00e8 passati da 23 a 38 microgrammi\/mc, comunque sotto il limite giornaliero dei 50 microgrammi\/mc. \u00abVisti i dati, &#8211; commenta Massaro &#8211; per la nostra citt\u00e0 per ora non \u00e8 pi\u00f9 necessario prendere le particolari precauzioni segnalateci invece nelle prime ore del rogo\u00bb.<\/span><\/span><\/span><\/strong><\/p>\n","protected":false},"excerpt":{"rendered":"<p>INCENDIO IN AGORDINO. FIRMATO DA ZAIA LO STATO DI CRISI Il Presidente della Regione del Veneto, Luca Zaia, ha firmato poco fa lo stato di crisi in relazione all\u2019esteso incendio che sta interessando la zona dell\u2019Agordino, in provincia di Belluno. Oggi alle 17 in Comune a Taibon Agordino, si terr\u00e0 un vertice di tutte le&hellip;<\/p>\n","protected":false},"author":1,"featured_media":65048,"comment_status":"closed","ping_status":"closed","sticky":false,"template":"","format":"standard","meta":{"_monsterinsights_skip_tracking":false,"_monsterinsights_sitenote_active":false,"_monsterinsights_sitenote_note":"","_monsterinsights_sitenote_category":0,"footnotes":""},"categories":[49],"tags":[],"class_list":["post-65164","post","type-post","status-publish","format-standard","has-post-thumbnail","hentry","category-news-18","category-49","description-off"],"img_url":"https:\/\/www.radiopiu.net\/wordpress\/wp-content\/uploads\/2018\/10\/IMG-20181024-WA0010.jpg","_links":{"self":[{"href":"https:\/\/www.radiopiu.net\/wordpress\/wp-json\/wp\/v2\/posts\/65164","targetHints":{"allow":["GET"]}}],"collection":[{"href":"https:\/\/www.radiopiu.net\/wordpress\/wp-json\/wp\/v2\/posts"}],"about":[{"href":"https:\/\/www.radiopiu.net\/wordpress\/wp-json\/wp\/v2\/types\/post"}],"author":[{"embeddable":true,"href":"https:\/\/www.radiopiu.net\/wordpress\/wp-json\/wp\/v2\/users\/1"}],"replies":[{"embeddable":true,"href":"https:\/\/www.radiopiu.net\/wordpress\/wp-json\/wp\/v2\/comments?post=65164"}],"version-history":[{"count":0,"href":"https:\/\/www.radiopiu.net\/wordpress\/wp-json\/wp\/v2\/posts\/65164\/revisions"}],"wp:featuredmedia":[{"embeddable":true,"href":"https:\/\/www.radiopiu.net\/wordpress\/wp-json\/wp\/v2\/media\/65048"}],"wp:attachment":[{"href":"https:\/\/www.radiopiu.net\/wordpress\/wp-json\/wp\/v2\/media?parent=65164"}],"wp:term":[{"taxonomy":"category","embeddable":true,"href":"https:\/\/www.radiopiu.net\/wordpress\/wp-json\/wp\/v2\/categories?post=65164"},{"taxonomy":"post_tag","embeddable":true,"href":"https:\/\/www.radiopiu.net\/wordpress\/wp-json\/wp\/v2\/tags?post=65164"}],"curies":[{"name":"wp","href":"https:\/\/api.w.org\/{rel}","templated":true}]}}