{"id":65173,"date":"2018-10-26T06:04:09","date_gmt":"2018-10-26T04:04:09","guid":{"rendered":"http:\/\/www.radiopiu.net\/wordpress\/?p=65173"},"modified":"2018-10-26T13:56:22","modified_gmt":"2018-10-26T11:56:22","slug":"giornale-radiopiu-26-ottobre-2018-direttore-mirko-mezzacasa","status":"publish","type":"post","link":"https:\/\/www.radiopiu.net\/wordpress\/giornale-radiopiu-26-ottobre-2018-direttore-mirko-mezzacasa\/","title":{"rendered":"GIORNALE RADIOPIU 26 OTTOBRE 2018 DIRETTORE MIRKO MEZZACASA"},"content":{"rendered":"<p>&nbsp;<\/p>\n<h2>CINESE OFFRE 50 EURO AL CARABINIERE PER &#8220;METTERLA VIA&#8221;, DENUNCIATO PER TENTATA CORRUZIONE, CON LUI ALTRI 3 CINESI DENUNCIATI PER INGRESSO E SOGGIORNO ILLEGATE NEL TERRITORIO ITALIANO.<\/h2>\n<p><a class=\"dt-pswp-item\" href=\"http:\/\/www.radiopiu.net\/wordpress\/wp-content\/uploads\/2016\/09\/cara_-_blitz.jpg\" data-dt-img-description=\"\" data-large_image_width=\"500\" data-large_image_height=\"339\"><img loading=\"lazy\" decoding=\"async\" class=\" wp-image-23557 alignleft\" src=\"http:\/\/www.radiopiu.net\/wordpress\/wp-content\/uploads\/2016\/09\/cara_-_blitz-300x203.jpg\" alt=\"\" width=\"179\" height=\"121\" \/><\/a>I carabinieri del Norm di Belluno hanno denunciato in stato di libert\u00e0\u00a0 quattro cittadini cinesi di\u00a0 et\u00e0 compresa tra i 28 e i 45 anni,\u00a0 senza fissa dimora. Sono entrati in Italia\u00a0 illegalmente ed illegalmente vi hanno soggiornato. Sono stati denunciati per tentata corruzione. Nella notte del 22 ottobre i militari venivano chiamati dal titolare del Bar Paloma di Via Vittorio Veneto perch\u00e9 disturbavano i clienti. L&#8217;identificazione permetteva di stabilire che erano privi di qualsiasi titolo per la permanenza sul territorio italiano e durante le operazioni uno di loro offriva 50 euro ad un militare per evitare di essere trasferito al Comando. Il militare ovviamente rifiutava e i 4 venivano accompagnati presso il comando provinciale e poi in questura per le pratiche di espulsione<\/p>\n<p>&nbsp;<\/p>\n<p>&nbsp;<\/p>\n<blockquote><p>&nbsp;<\/p>\n<p>&nbsp;<\/p>\n<p>&nbsp;<\/p>\n<p><strong>Gestione Servizi Pubblici informa che a Perarolo di Cadore capoluogo e nelle localita&#8217; Belvedere, Fontanelle, Sacco e San Rocco, l&#8217;acqua erogata dall&#8217;acquedotto \u00e8 di nuovo potabile e pu\u00f2 essere usata, quindi, per scopi alimentari.<\/strong><\/p><\/blockquote>\n<p>&nbsp;<\/p>\n<p>&nbsp;<\/p>\n<h1>L&#8217;INCENDIO SULLE PALE DI SAN LUCANO<\/h1>\n<p><strong>IERI A FORNO VAL DI TAIBON AGORDINO, AL PUNTO DI BLOCCO VERSO LA VALLE DI SAN LUCANO<\/strong><\/p>\n<div style=\"width: 320px;\" class=\"wp-video\"><video class=\"wp-video-shortcode\" id=\"video-65173-1\" width=\"320\" height=\"240\" preload=\"metadata\" controls=\"controls\"><source type=\"video\/mp4\" src=\"http:\/\/www.radiopiu.net\/wordpress\/wp-content\/uploads\/2018\/10\/WhatsApp-Video-2018-10-26-at-04.59.00.mp4?_=1\" \/><a href=\"http:\/\/www.radiopiu.net\/wordpress\/wp-content\/uploads\/2018\/10\/WhatsApp-Video-2018-10-26-at-04.59.00.mp4\">http:\/\/www.radiopiu.net\/wordpress\/wp-content\/uploads\/2018\/10\/WhatsApp-Video-2018-10-26-at-04.59.00.mp4<\/a><\/video><\/div>\n<p>&nbsp;<\/p>\n<p>&nbsp;<\/p>\n<h1>PROSEGUONO LE OPERAZIONI DI SPEGNIMENTO DELL\u2019INCENDIO NELL\u2019AGORDINO<\/h1>\n<p><strong><a class=\"dt-pswp-item\" href=\"http:\/\/www.radiopiu.net\/wordpress\/wp-content\/uploads\/2018\/10\/INCENDIO-VERTICE.jpg\" data-dt-img-description=\"\" data-large_image_width=\"1336\" data-large_image_height=\"1004\"><img loading=\"lazy\" decoding=\"async\" class=\"size-medium wp-image-65189 alignleft\" src=\"http:\/\/www.radiopiu.net\/wordpress\/wp-content\/uploads\/2018\/10\/INCENDIO-VERTICE-300x225.jpg\" alt=\"\" width=\"300\" height=\"225\" srcset=\"https:\/\/www.radiopiu.net\/wordpress\/wp-content\/uploads\/2018\/10\/INCENDIO-VERTICE-300x225.jpg 300w, https:\/\/www.radiopiu.net\/wordpress\/wp-content\/uploads\/2018\/10\/INCENDIO-VERTICE-768x577.jpg 768w, https:\/\/www.radiopiu.net\/wordpress\/wp-content\/uploads\/2018\/10\/INCENDIO-VERTICE-1024x770.jpg 1024w, https:\/\/www.radiopiu.net\/wordpress\/wp-content\/uploads\/2018\/10\/INCENDIO-VERTICE.jpg 1336w\" sizes=\"auto, (max-width: 300px) 100vw, 300px\" \/><\/a><\/strong><\/p>\n<p>&nbsp;<\/p>\n<p>&nbsp;<\/p>\n<p>&nbsp;<\/p>\n<p>&nbsp;<\/p>\n<p>&nbsp;<\/p>\n<p><strong>DI GIANNI SANTOMASO<\/strong><\/p>\n<audio class=\"wp-audio-shortcode\" id=\"audio-65173-1\" preload=\"none\" style=\"width: 100%;\" controls=\"controls\"><source type=\"audio\/ogg\" src=\"http:\/\/www.radiopiu.net\/wordpress\/wp-content\/uploads\/2018\/10\/gianni1.ogg?_=1\" \/><a href=\"http:\/\/www.radiopiu.net\/wordpress\/wp-content\/uploads\/2018\/10\/gianni1.ogg\">http:\/\/www.radiopiu.net\/wordpress\/wp-content\/uploads\/2018\/10\/gianni1.ogg<\/a><\/audio>\n<p>&nbsp;<\/p>\n<p><strong><a class=\"dt-pswp-item\" href=\"http:\/\/www.radiopiu.net\/wordpress\/wp-content\/uploads\/2018\/10\/WhatsApp-Image-2018-10-26-at-04.58.34.jpeg\" data-dt-img-description=\"\" data-large_image_width=\"1599\" data-large_image_height=\"1200\"><img loading=\"lazy\" decoding=\"async\" class=\"size-medium wp-image-65193 alignleft\" src=\"http:\/\/www.radiopiu.net\/wordpress\/wp-content\/uploads\/2018\/10\/WhatsApp-Image-2018-10-26-at-04.58.34-300x225.jpeg\" alt=\"\" width=\"300\" height=\"225\" srcset=\"https:\/\/www.radiopiu.net\/wordpress\/wp-content\/uploads\/2018\/10\/WhatsApp-Image-2018-10-26-at-04.58.34-300x225.jpeg 300w, https:\/\/www.radiopiu.net\/wordpress\/wp-content\/uploads\/2018\/10\/WhatsApp-Image-2018-10-26-at-04.58.34-768x576.jpeg 768w, https:\/\/www.radiopiu.net\/wordpress\/wp-content\/uploads\/2018\/10\/WhatsApp-Image-2018-10-26-at-04.58.34-1024x768.jpeg 1024w, https:\/\/www.radiopiu.net\/wordpress\/wp-content\/uploads\/2018\/10\/WhatsApp-Image-2018-10-26-at-04.58.34.jpeg 1599w\" sizes=\"auto, (max-width: 300px) 100vw, 300px\" \/><\/a><\/strong><\/p>\n<p>&nbsp;<\/p>\n<p><strong>TAIBON<\/strong> Nel pomeriggio di oggi si \u00e8 tenuta, presso il municipio di Taibon Agordino, una riunione operativa, convocata d\u2019intesa tra il Prefetto di Belluno, Francesco Esposito, e l\u2019Assessore Regionale alla Protezione Civile, Gianpaolo Bottacin, per fare il punto della situazione sul vasto incendio che, da ieri, interessa l\u2019area dei Comuni di Taibon e Cencenighe Agordino. Nonostante non vi siano, al momento, situazioni di immediato pericolo per la popolazione, si \u00e8 deciso di procedere all\u2019evacuazione degli abitanti della frazione di Col di Pra\u2019, sia per il fumo intenso presente nell\u2019area che per le criticit\u00e0 registratesi lungo la strada che conduce alla frazione, della quale \u00e8 gi\u00e0 stata disposta, nella serata di ieri, la chiusura. Il Comando Provinciale dei Carabinieri assicurer\u00e0, nella zona evacuata, un apposito servizio antisciacallaggio. Le operazioni di spegnimento, coordinate dai Servizi Forestali Regionali, sono proseguite per tutta la giornata, con il supporto di elicotteri del Servizio Forestale Regionale e dei Canadair messi a disposizione dal Dipartimento della Protezione Civile della Presidenza del Consiglio dei Ministri. Tali attivit\u00e0 proseguiranno nei prossimi giorni, durante i quali, peraltro, \u00e8 previsto un peggioramento delle condizioni meteorologiche in tutta la provincia con precipitazioni intense che \u2013 pur agevolando lo spegnimento dei roghi \u2013 potrebbero creare criticit\u00e0 di carattere idrogeologico. Per questo motivo \u00e8 stata convocata domani, alle 14.30, in Prefettura, una riunione, alla quale prenderanno parte tutte le componenti del sistema provinciale di protezione civile, per la valutazione degli scenari previsionali e delle eventuali misure di prevenzione da assumere a tutela della pubblica incolumit\u00e0.<\/p>\n<p><strong>IL PREFETTO FRANCESCO ESPOSITO AI MICROFONI DI RADIO PIU<\/strong><\/p>\n<audio class=\"wp-audio-shortcode\" id=\"audio-65173-2\" preload=\"none\" style=\"width: 100%;\" controls=\"controls\"><source type=\"audio\/mpeg\" src=\"http:\/\/www.radiopiu.net\/wordpress\/wp-content\/uploads\/2018\/10\/esposito.mp3?_=2\" \/><a href=\"http:\/\/www.radiopiu.net\/wordpress\/wp-content\/uploads\/2018\/10\/esposito.mp3\">http:\/\/www.radiopiu.net\/wordpress\/wp-content\/uploads\/2018\/10\/esposito.mp3<\/a><\/audio>\n<p>&nbsp;<\/p>\n<h1>IL SINDACO SILVIA TORMEN<\/h1>\n<audio class=\"wp-audio-shortcode\" id=\"audio-65173-3\" preload=\"none\" style=\"width: 100%;\" controls=\"controls\"><source type=\"audio\/mpeg\" src=\"http:\/\/www.radiopiu.net\/wordpress\/wp-content\/uploads\/2018\/10\/SILVIA-TORMEN-1.mp3?_=3\" \/><a href=\"http:\/\/www.radiopiu.net\/wordpress\/wp-content\/uploads\/2018\/10\/SILVIA-TORMEN-1.mp3\">http:\/\/www.radiopiu.net\/wordpress\/wp-content\/uploads\/2018\/10\/SILVIA-TORMEN-1.mp3<\/a><\/audio>\n<h1><\/h1>\n<p>&nbsp;<\/p>\n<h1>I 9 ABITANTI DI COL DI PRA LASCIANO LE LORO ABITAZIONI<\/h1>\n<blockquote><p><strong>L&#8217;INTERVENTO DEL SINDACO SILVIA TORMEN, GIORNALE RADIO DI IERI<\/strong><\/p>\n<audio class=\"wp-audio-shortcode\" id=\"audio-65173-4\" preload=\"none\" style=\"width: 100%;\" controls=\"controls\"><source type=\"audio\/mpeg\" src=\"http:\/\/www.radiopiu.net\/wordpress\/wp-content\/uploads\/2018\/10\/COL-DI-PRA.mp3?_=4\" \/><a href=\"http:\/\/www.radiopiu.net\/wordpress\/wp-content\/uploads\/2018\/10\/COL-DI-PRA.mp3\">http:\/\/www.radiopiu.net\/wordpress\/wp-content\/uploads\/2018\/10\/COL-DI-PRA.mp3<\/a><\/audio><\/blockquote>\n<h2><\/h2>\n<p><strong><a class=\"dt-pswp-item\" href=\"http:\/\/www.radiopiu.net\/wordpress\/wp-content\/uploads\/2018\/10\/WhatsApp-Image-2018-10-26-at-04.57.59.jpeg\" data-dt-img-description=\"\" data-large_image_width=\"1599\" data-large_image_height=\"1200\"><img loading=\"lazy\" decoding=\"async\" class=\"size-medium wp-image-65192 alignleft\" src=\"http:\/\/www.radiopiu.net\/wordpress\/wp-content\/uploads\/2018\/10\/WhatsApp-Image-2018-10-26-at-04.57.59-300x225.jpeg\" alt=\"\" width=\"300\" height=\"225\" srcset=\"https:\/\/www.radiopiu.net\/wordpress\/wp-content\/uploads\/2018\/10\/WhatsApp-Image-2018-10-26-at-04.57.59-300x225.jpeg 300w, https:\/\/www.radiopiu.net\/wordpress\/wp-content\/uploads\/2018\/10\/WhatsApp-Image-2018-10-26-at-04.57.59-768x576.jpeg 768w, https:\/\/www.radiopiu.net\/wordpress\/wp-content\/uploads\/2018\/10\/WhatsApp-Image-2018-10-26-at-04.57.59-1024x768.jpeg 1024w, https:\/\/www.radiopiu.net\/wordpress\/wp-content\/uploads\/2018\/10\/WhatsApp-Image-2018-10-26-at-04.57.59.jpeg 1599w\" sizes=\"auto, (max-width: 300px) 100vw, 300px\" \/><\/a><\/strong><\/p>\n<p>&nbsp;<\/p>\n<p>&nbsp;<\/p>\n<p>&nbsp;<\/p>\n<p>&nbsp;<\/p>\n<p>&nbsp;<\/p>\n<p>&nbsp;<\/p>\n<p>&nbsp;<\/p>\n<p><strong>DI GIANNI SANTOMASO<\/strong><\/p>\n<audio class=\"wp-audio-shortcode\" id=\"audio-65173-5\" preload=\"none\" style=\"width: 100%;\" controls=\"controls\"><source type=\"audio\/ogg\" src=\"http:\/\/www.radiopiu.net\/wordpress\/wp-content\/uploads\/2018\/10\/gianni3.ogg?_=5\" \/><a href=\"http:\/\/www.radiopiu.net\/wordpress\/wp-content\/uploads\/2018\/10\/gianni3.ogg\">http:\/\/www.radiopiu.net\/wordpress\/wp-content\/uploads\/2018\/10\/gianni3.ogg<\/a><\/audio>\n<h2><\/h2>\n<h2>IN VALLE RIMANGONO GLI ANIMALI<\/h2>\n<audio class=\"wp-audio-shortcode\" id=\"audio-65173-6\" preload=\"none\" style=\"width: 100%;\" controls=\"controls\"><source type=\"audio\/ogg\" src=\"http:\/\/www.radiopiu.net\/wordpress\/wp-content\/uploads\/2018\/10\/gianni4.ogg?_=6\" \/><a href=\"http:\/\/www.radiopiu.net\/wordpress\/wp-content\/uploads\/2018\/10\/gianni4.ogg\">http:\/\/www.radiopiu.net\/wordpress\/wp-content\/uploads\/2018\/10\/gianni4.ogg<\/a><\/audio>\n<p>&nbsp;<\/p>\n<p>&nbsp;<\/p>\n<p>&nbsp;<\/p>\n<p>&nbsp;<\/p>\n<p><span style=\"color: #ff0000;\"><strong>FOTO SANDRO VERARDO<\/strong><\/span><\/p>\n\n\t\t\t<style type='text\/css'>\n\t\t\t\t#gallery-1 {\n\t\t\t\t\tmargin: auto;\n\t\t\t\t}\n\t\t\t\t#gallery-1 .gallery-item {\n\t\t\t\t\tfloat: left;\n\t\t\t\t\tmargin-top: 10px;\n\t\t\t\t\ttext-align: center;\n\t\t\t\t\twidth: 33%;\n\t\t\t\t}\n\t\t\t\t#gallery-1 img {\n\t\t\t\t\tborder: 2px solid #cfcfcf;\n\t\t\t\t}\n\t\t\t\t#gallery-1 .gallery-caption {\n\t\t\t\t\tmargin-left: 0;\n\t\t\t\t}\n\t\t\t\t\/* see gallery_shortcode() in wp-includes\/media.php *\/\n\t\t\t<\/style>\n\t\t<div id='gallery-1' class='dt-gallery-container gallery galleryid-65173 gallery-columns-3 gallery-size-thumbnail'><dl class='gallery-item'>\n\t\t\t\t<dt class='gallery-icon landscape'>\n\t\t\t\t\t<a class=\"rollover\" href='https:\/\/www.radiopiu.net\/wordpress\/giornale-radiopiu-26-ottobre-2018-direttore-mirko-mezzacasa\/rzhkjss\/'><img loading=\"lazy\" decoding=\"async\" width=\"150\" height=\"150\" src=\"https:\/\/www.radiopiu.net\/wordpress\/wp-content\/uploads\/2018\/10\/RZHKJSS-150x150.jpg\" class=\"attachment-thumbnail size-thumbnail\" alt=\"\" \/><\/a>\n\t\t\t\t<\/dt><\/dl><dl class='gallery-item'>\n\t\t\t\t<dt class='gallery-icon landscape'>\n\t\t\t\t\t<a class=\"rollover\" href='https:\/\/www.radiopiu.net\/wordpress\/giornale-radiopiu-26-ottobre-2018-direttore-mirko-mezzacasa\/rzcctpg\/'><img loading=\"lazy\" decoding=\"async\" width=\"150\" height=\"150\" src=\"https:\/\/www.radiopiu.net\/wordpress\/wp-content\/uploads\/2018\/10\/RZCCTPG-150x150.jpg\" class=\"attachment-thumbnail size-thumbnail\" alt=\"\" \/><\/a>\n\t\t\t\t<\/dt><\/dl><dl class='gallery-item'>\n\t\t\t\t<dt class='gallery-icon portrait'>\n\t\t\t\t\t<a class=\"rollover\" href='https:\/\/www.radiopiu.net\/wordpress\/giornale-radiopiu-26-ottobre-2018-direttore-mirko-mezzacasa\/rnotkur\/'><img loading=\"lazy\" decoding=\"async\" width=\"150\" height=\"150\" src=\"https:\/\/www.radiopiu.net\/wordpress\/wp-content\/uploads\/2018\/10\/RNOTKUR-150x150.jpg\" class=\"attachment-thumbnail size-thumbnail\" alt=\"\" \/><\/a>\n\t\t\t\t<\/dt><\/dl><br style=\"clear: both\" \/>\n\t\t\t<\/div>\n\n<blockquote><p><strong>TAIBON\u00a0\u00a0<\/strong>I nove abitanti di Col di Pra, la frazione in fondo alla Valle di San Lucano scendono in paese. La decisione presa dall&#8217;amministrazione comunale preoccupata per il fuoco in valle, ma anche per il denso fumo che tra Agner e Pale di San Lucano<\/p><\/blockquote>\n<h2><\/h2>\n<p>&nbsp;<\/p>\n<p>&nbsp;<\/p>\n<h1>AMBIENTE: SITUAZIONE CATASTROFICA, PAURA DELLA PIOGGIA<\/h1>\n\n\t\t\t<style type='text\/css'>\n\t\t\t\t#gallery-2 {\n\t\t\t\t\tmargin: auto;\n\t\t\t\t}\n\t\t\t\t#gallery-2 .gallery-item {\n\t\t\t\t\tfloat: left;\n\t\t\t\t\tmargin-top: 10px;\n\t\t\t\t\ttext-align: center;\n\t\t\t\t\twidth: 33%;\n\t\t\t\t}\n\t\t\t\t#gallery-2 img {\n\t\t\t\t\tborder: 2px solid #cfcfcf;\n\t\t\t\t}\n\t\t\t\t#gallery-2 .gallery-caption {\n\t\t\t\t\tmargin-left: 0;\n\t\t\t\t}\n\t\t\t\t\/* see gallery_shortcode() in wp-includes\/media.php *\/\n\t\t\t<\/style>\n\t\t<div id='gallery-2' class='dt-gallery-container gallery galleryid-65173 gallery-columns-3 gallery-size-thumbnail'><dl class='gallery-item'>\n\t\t\t\t<dt class='gallery-icon landscape'>\n\t\t\t\t\t<a class=\"rollover\" href='https:\/\/www.radiopiu.net\/wordpress\/giornale-radiopiu-26-ottobre-2018-direttore-mirko-mezzacasa\/whatsapp-image-2018-10-25-at-21-23-54\/'><img loading=\"lazy\" decoding=\"async\" width=\"150\" height=\"150\" src=\"https:\/\/www.radiopiu.net\/wordpress\/wp-content\/uploads\/2018\/10\/WhatsApp-Image-2018-10-25-at-21.23.54-150x150.jpeg\" class=\"attachment-thumbnail size-thumbnail\" alt=\"\" \/><\/a>\n\t\t\t\t<\/dt><\/dl><dl class='gallery-item'>\n\t\t\t\t<dt class='gallery-icon landscape'>\n\t\t\t\t\t<a class=\"rollover\" href='https:\/\/www.radiopiu.net\/wordpress\/giornale-radiopiu-26-ottobre-2018-direttore-mirko-mezzacasa\/whatsapp-image-2018-10-25-at-21-24-09\/'><img loading=\"lazy\" decoding=\"async\" width=\"150\" height=\"150\" src=\"https:\/\/www.radiopiu.net\/wordpress\/wp-content\/uploads\/2018\/10\/WhatsApp-Image-2018-10-25-at-21.24.09-150x150.jpeg\" class=\"attachment-thumbnail size-thumbnail\" alt=\"\" \/><\/a>\n\t\t\t\t<\/dt><\/dl><dl class='gallery-item'>\n\t\t\t\t<dt class='gallery-icon landscape'>\n\t\t\t\t\t<a class=\"rollover\" href='https:\/\/www.radiopiu.net\/wordpress\/giornale-radiopiu-26-ottobre-2018-direttore-mirko-mezzacasa\/incendio-fiamme\/'><img loading=\"lazy\" decoding=\"async\" width=\"150\" height=\"150\" src=\"https:\/\/www.radiopiu.net\/wordpress\/wp-content\/uploads\/2018\/10\/INCENDIO-FIAMME-150x150.jpg\" class=\"attachment-thumbnail size-thumbnail\" alt=\"\" \/><\/a>\n\t\t\t\t<\/dt><\/dl><br style=\"clear: both\" \/>\n\t\t\t<\/div>\n\n<p><strong>DI GIANNI SANTOMASO<\/strong><\/p>\n<audio class=\"wp-audio-shortcode\" id=\"audio-65173-7\" preload=\"none\" style=\"width: 100%;\" controls=\"controls\"><source type=\"audio\/ogg\" src=\"http:\/\/www.radiopiu.net\/wordpress\/wp-content\/uploads\/2018\/10\/gianni2-1.ogg?_=7\" \/><a href=\"http:\/\/www.radiopiu.net\/wordpress\/wp-content\/uploads\/2018\/10\/gianni2-1.ogg\">http:\/\/www.radiopiu.net\/wordpress\/wp-content\/uploads\/2018\/10\/gianni2-1.ogg<\/a><\/audio>\n<h1><\/h1>\n<h1><\/h1>\n<h1>DALL&#8217;ALTO<\/h1>\n<p>GRAZIE AD ANDY DE BIASIO<\/p>\n\n\t\t\t<style type='text\/css'>\n\t\t\t\t#gallery-3 {\n\t\t\t\t\tmargin: auto;\n\t\t\t\t}\n\t\t\t\t#gallery-3 .gallery-item {\n\t\t\t\t\tfloat: left;\n\t\t\t\t\tmargin-top: 10px;\n\t\t\t\t\ttext-align: center;\n\t\t\t\t\twidth: 33%;\n\t\t\t\t}\n\t\t\t\t#gallery-3 img {\n\t\t\t\t\tborder: 2px solid #cfcfcf;\n\t\t\t\t}\n\t\t\t\t#gallery-3 .gallery-caption {\n\t\t\t\t\tmargin-left: 0;\n\t\t\t\t}\n\t\t\t\t\/* see gallery_shortcode() in wp-includes\/media.php *\/\n\t\t\t<\/style>\n\t\t<div id='gallery-3' class='dt-gallery-container gallery galleryid-65173 gallery-columns-3 gallery-size-thumbnail'><dl class='gallery-item'>\n\t\t\t\t<dt class='gallery-icon landscape'>\n\t\t\t\t\t<a class=\"rollover\" href='https:\/\/www.radiopiu.net\/wordpress\/giornale-radiopiu-26-ottobre-2018-direttore-mirko-mezzacasa\/27df5581-7df6-467f-90b2-70b1049803ac\/'><img loading=\"lazy\" decoding=\"async\" width=\"150\" height=\"150\" src=\"https:\/\/www.radiopiu.net\/wordpress\/wp-content\/uploads\/2018\/10\/27df5581-7df6-467f-90b2-70b1049803ac-150x150.jpg\" class=\"attachment-thumbnail size-thumbnail\" alt=\"\" \/><\/a>\n\t\t\t\t<\/dt><\/dl><dl class='gallery-item'>\n\t\t\t\t<dt class='gallery-icon landscape'>\n\t\t\t\t\t<a class=\"rollover\" href='https:\/\/www.radiopiu.net\/wordpress\/giornale-radiopiu-26-ottobre-2018-direttore-mirko-mezzacasa\/391f6efe-b3a6-46f1-8e67-439c69545026\/'><img loading=\"lazy\" decoding=\"async\" width=\"150\" height=\"150\" src=\"https:\/\/www.radiopiu.net\/wordpress\/wp-content\/uploads\/2018\/10\/391f6efe-b3a6-46f1-8e67-439c69545026-150x150.jpg\" class=\"attachment-thumbnail size-thumbnail\" alt=\"\" \/><\/a>\n\t\t\t\t<\/dt><\/dl><dl class='gallery-item'>\n\t\t\t\t<dt class='gallery-icon landscape'>\n\t\t\t\t\t<a class=\"rollover\" href='https:\/\/www.radiopiu.net\/wordpress\/giornale-radiopiu-26-ottobre-2018-direttore-mirko-mezzacasa\/487ee2ae-ef35-4a32-a908-9db128c45a8d\/'><img loading=\"lazy\" decoding=\"async\" width=\"150\" height=\"150\" src=\"https:\/\/www.radiopiu.net\/wordpress\/wp-content\/uploads\/2018\/10\/487ee2ae-ef35-4a32-a908-9db128c45a8d-150x150.jpg\" class=\"attachment-thumbnail size-thumbnail\" alt=\"\" \/><\/a>\n\t\t\t\t<\/dt><\/dl><br style=\"clear: both\" \/><dl class='gallery-item'>\n\t\t\t\t<dt class='gallery-icon landscape'>\n\t\t\t\t\t<a class=\"rollover\" href='https:\/\/www.radiopiu.net\/wordpress\/giornale-radiopiu-26-ottobre-2018-direttore-mirko-mezzacasa\/aa771bf9-ecc5-47d7-bd8d-2a05427ff145\/'><img loading=\"lazy\" decoding=\"async\" width=\"150\" height=\"150\" src=\"https:\/\/www.radiopiu.net\/wordpress\/wp-content\/uploads\/2018\/10\/aa771bf9-ecc5-47d7-bd8d-2a05427ff145-150x150.jpg\" class=\"attachment-thumbnail size-thumbnail\" alt=\"\" \/><\/a>\n\t\t\t\t<\/dt><\/dl>\n\t\t\t\t<br style='clear: both' \/>\n\t\t\t<\/div>\n\n<h1><\/h1>\n<p>&nbsp;<\/p>\n<h1 class=\"western\"><b>FIRMATO DA ZAIA LO STATO DI CRISI<\/b><\/h1>\n<p class=\"western\">Il Presidente della Regione del Veneto, Luca Zaia, ha firmato ieri lo stato di crisi in relazione all\u2019esteso incendio.\u00a0I tecnici ARPAV sono sul posto per monitorare l\u2019evolversi della situazione.\u00a0Sulla pagina web del sito dell\u2019Agenzia dedicata ai dati in diretta delle polveri PM10, sono disponibili i valori registrati nelle stazioni di monitoraggio della qualit\u00e0 dell\u2019aria della provincia di Belluno negli ultimi giorni. (&#8230;)<\/p>\n<p class=\"gmail-Standard\"><span style=\"font-family: Liberation Serif, serif;\"><a href=\"http:\/\/www.arpa.veneto.it\/arpavinforma\/comunicati-stampa\/archivio\/comunicati-2018\/aggiornamento-incendio-boschivo-a-taibon-agordino\">http:\/\/www.arpa.veneto.it\/arpavinforma\/comunicati-stampa\/archivio\/comunicati-2018\/aggiornamento-incendio-boschivo-a-taibon-agordino<\/a><\/span><\/p>\n<h2><\/h2>\n<p>&nbsp;<\/p>\n<p>&nbsp;<\/p>\n<h2 class=\"western\"><b>INCENDIO NELL\u2019AGORDINO. BOTTACIN PRESIEDE VERTICE A TAIBON, \u201cSITUAZIONE MIGLIORA MA SIAMO ALL\u2019INIZIO DELL\u2019EMERGENZA. IN CAMPO 9 VELIVOLI. POTREBBE ESSERE L\u2019EVENTO PIU\u2019 ESTESO IN VENETO DA DECENNI\u201d. DICHIARATO DA ZAIA LO STATO DI CRISI<\/b><\/h2>\n<p class=\"western\"><strong><a class=\"dt-pswp-item\" href=\"http:\/\/www.radiopiu.net\/wordpress\/wp-content\/uploads\/2018\/10\/INCENDIO-BOTTACIN.jpg\" data-dt-img-description=\"\" data-large_image_width=\"1336\" data-large_image_height=\"1004\"><img loading=\"lazy\" decoding=\"async\" class=\" wp-image-65187 alignleft\" src=\"http:\/\/www.radiopiu.net\/wordpress\/wp-content\/uploads\/2018\/10\/INCENDIO-BOTTACIN-300x225.jpg\" alt=\"\" width=\"155\" height=\"116\" srcset=\"https:\/\/www.radiopiu.net\/wordpress\/wp-content\/uploads\/2018\/10\/INCENDIO-BOTTACIN-300x225.jpg 300w, https:\/\/www.radiopiu.net\/wordpress\/wp-content\/uploads\/2018\/10\/INCENDIO-BOTTACIN-768x577.jpg 768w, https:\/\/www.radiopiu.net\/wordpress\/wp-content\/uploads\/2018\/10\/INCENDIO-BOTTACIN-1024x770.jpg 1024w, https:\/\/www.radiopiu.net\/wordpress\/wp-content\/uploads\/2018\/10\/INCENDIO-BOTTACIN.jpg 1336w\" sizes=\"auto, (max-width: 155px) 100vw, 155px\" \/><\/a>VENEZIA<\/strong>\u00a0 \u201cLa situazione \u00e8 in miglioramento. Ma siamo all\u2019inizio dell\u2019emergenza e c\u2019\u00e8 ancora molto da lavorare. L\u2019intera macchina operativa \u00e8 attiva al 100% e lo rimarr\u00e0 fino a che sar\u00e0 necessario. Ringrazio enti, strutture tecniche regionali e non, uomini e donne, i volontari che stanno dando il massimo. Abbiamo in campo 4 Canadair, 4 elicotteri della Regione, uno dei Vigili del Fuoco e domani arriver\u00e0 dalla Protezione Civile Nazionale uno speciale elicottero Ericcson, capace di pescare acqua da fonti di captazione anche molto piccole e di volare anche nelle condizioni pi\u00f9 disagiate. L\u2019incendio ha un\u2019estensione stimabile in almeno 600-700 ettari, il che significa che siamo di fronte a uno dei pi\u00f9 importanti eventi degli ultimi 30-40 anni in Veneto\u201d. Lo ha detto l\u2019Assessore regionale alla Protezione Civile, Gianpaolo Bottacin, presiedendo nel pomeriggio, in Comune a Taibon Agordino, un vertice per fare il punto della situazione rispetto all\u2019evolversi dell\u2019incendio che da ieri interessa una vasta area dell\u2019Agordino, in provincia di Belluno. Con Bottacin, erano presenti il Prefetto di Belluno, il Direttore dell\u2019Area Ambiente e Territorio della Regione Nicola dell\u2019Acqua, i tecnici regionali della Protezione Civile, dei Servizi Forestali e dell\u2019Antincendio Boschivo, l\u2019Arpav, i Carabinieri, i Vigili del Fuoco, la Provincia di Belluno, il Comuni di Cencenighe e Taibon Agordino e i Volontari Antincendio Boschivo. L\u2019Assessore, ricordando che nelle prime ore del pomeriggio il Presidente della Regione Luca Zaia ha dichiarato lo stato di crisi, ha confermato l\u2019avvenuta evacuazione di una ventina di persone residenti nella frazione Col di Pra di Taibon. Si tratta di una misura precauzionale legata alla presenza di molto fumo e non dalla vicinanza del fuoco. Arpav sta monitorando la qualit\u00e0 dell\u2019aria nella zona e domani, risultati alla mano, si potr\u00e0 valutare i tempi del possibile rientro a casa di queste persone. La situazione, \u00e8 stato confermato, si \u00e8 rivelata estremamente complessa a causa del vento, delle temperature eccezionalmente elevate, e della secchezza del terreno interessato. Un aiuto potrebbe arrivare anche dal meteo che, a partire da domani, indica la possibilit\u00e0 di pioggia, anche nel corso del week end.<\/p>\n<p>&nbsp;<\/p>\n<p>&nbsp;<\/p>\n<h2><\/h2>\n<h2><\/h2>\n<h2><\/h2>\n<h2>IL SINDACO JACOPO MASSARO INTERVIENE SULL&#8217;INCENDIO E SUGLI ELETRODOTTI DA INTERRARE<\/h2>\n<p><strong>BELLUNO\u00a0 Il sindaco di Belluno si rif\u00e0 all&#8217;ipotesi che l&#8217;incendio sotto alle Pale di San Lucano sia stato scatenato dalla linea elettrica e da qui\u00a0ha inizio il suo intervento per ribadire come l&#8217;unica soluzione sicura sia l&#8217;interramento.\u00a0 Massaro riporta al centro della discussione la sicurezza legata alla razionalizzazione dell&#8217;elettrodotto. Il primo cittadino invita Terna a rivedere le sue intenzione e decidere di interrare. Ma sentiamo il sindaco che parler\u00e0 anche del monitoraggio sull&#8217;inquinamento atmosferico.\u00a0<\/strong><\/p>\n<audio class=\"wp-audio-shortcode\" id=\"audio-65173-8\" preload=\"none\" style=\"width: 100%;\" controls=\"controls\"><source type=\"audio\/mpeg\" src=\"http:\/\/www.radiopiu.net\/wordpress\/wp-content\/uploads\/2018\/10\/MASSARO-1.mp3?_=8\" \/><a href=\"http:\/\/www.radiopiu.net\/wordpress\/wp-content\/uploads\/2018\/10\/MASSARO-1.mp3\">http:\/\/www.radiopiu.net\/wordpress\/wp-content\/uploads\/2018\/10\/MASSARO-1.mp3<\/a><\/audio>\n<h1><\/h1>\n<h1><\/h1>\n<p>&nbsp;<\/p>\n<h1>INCENDIO DI TAIBON, TERNA INTERRI LE LINEE\u201d<\/h1>\n<p><strong>ROMA<\/strong> \u201cQuanto accaduto a Taibon e Cencenighe \u00e8 gravissimo e preoccupante. Nel progetto di razionalizzazione dell&#8217;elettrodotto bellunese, Terna deve assolutamente interrare le linee aeree, come chiesto dai comitati\u201d: il deputato di Forza Italia, Dario Bond, torna all&#8217;attacco, dopo l&#8217;incendio che ieri ha devastato l&#8217;Agordino anche ricordando la\u00a0\u00a0nevicata di Santo Stefano 2013 e i giorni di blackout. \u201cIn un territorio ricco di vegetazione come quello bellunese, non \u00e8 ammissibile mantenere ancora cavi in linea aerea. Serve una manutenzione costante, bisogna pulire le tratte non solo al di sotto dei cavi, ma creando una larga fascia di sicurezza; insomma, costi e tempi di lavoro che con una linea interrata non ci sarebbero\u201d.<\/p>\n<audio class=\"wp-audio-shortcode\" id=\"audio-65173-9\" preload=\"none\" style=\"width: 100%;\" controls=\"controls\"><source type=\"audio\/mpeg\" src=\"http:\/\/www.radiopiu.net\/wordpress\/wp-content\/uploads\/2018\/10\/BOND-INCENDIO-INTERRAMENTO-TERNA.mp3?_=9\" \/><a href=\"http:\/\/www.radiopiu.net\/wordpress\/wp-content\/uploads\/2018\/10\/BOND-INCENDIO-INTERRAMENTO-TERNA.mp3\">http:\/\/www.radiopiu.net\/wordpress\/wp-content\/uploads\/2018\/10\/BOND-INCENDIO-INTERRAMENTO-TERNA.mp3<\/a><\/audio>\n<p>&nbsp;<\/p>\n<p>&nbsp;<\/p>\n<p>&nbsp;<\/p>\n<h1 class=\"gmail-documentFirstHeading\"><span id=\"gmail-parent-fieldname-title\" class=\"gmail-\">INCENDIO ANALISI METEOROLOGICA<\/span><\/h1>\n<div class=\"gmail-data\"><strong>VENEZIA\u00a0<i>\u00a0<\/i><\/strong>A partire da marted\u00ec 23 ottobre 2018, il Veneto si \u00e8 trovato in posizione intermedia tra un\u2019area anticiclonica sull\u2019Europa occidentale ed un\u2019area ciclonica a Est, tra le quali si \u00e8 generato un marcato gradiente di pressione; questo ha fatto s\u00ec che sul Veneto siano affluite correnti dai quadranti settentrionali di forte intensit\u00e0 in quota.<\/div>\n<div>LINK AL COMUNICATO COMPLETO<\/div>\n<div><a href=\"http:\/\/www.arpa.veneto.it\/arpavinforma\/comunicati-stampa\/archivio\/comunicati-2018\/incendio-valle-agordina.-analisi-meteorologica\">http:\/\/www.arpa.veneto.it\/arpavinforma\/comunicati-stampa\/archivio\/comunicati-2018\/incendio-valle-agordina.-analisi-meteorologica<\/a><\/div>\n<p>&nbsp;<\/p>\n<p>&nbsp;<\/p>\n<p>&nbsp;<\/p>\n<h1>CATASTE DI LEGNA DATE ALLE FIAMME<\/h1>\n<p><strong>CANALE D&#8217;AGORDO\u00a0CANALE D\u2019AGORDO<\/strong> Tentato incendio doloso nella zona di \u201cNonteval\u201d lungo il torrente Liera a poche centinaia di metri dall\u2019abitato di Soia.\u00a0 L&#8217;altra sera\u00a0le fiamme si sono alzate al di l\u00e0 del Liera, stava prendendo fuoco una catasta di legna sotto ad un piccolo boschetto. Incendio spento dalla gente del posto,\u00a0\u00a0i vigili del fuoco volontari di Canale erano impegnati a Taibon. Purtroppo non solo questo episodio ma anche un secondo\u00a0, poco distante dal primo con richiesta di intervento dei vigili del fuoco che sono arrivati prontamente e con la motopompa\u00a0 e hanno evitato il peggio. Scongiurata la possibilit\u00e0 che si aprisse un fronte di incendio vasto<\/p>\n<p>&nbsp;<\/p>\n<p>&nbsp;<\/p>\n<p>&nbsp;<\/p>\n<h1>INVESTITA SULLE STRISCE PEDONALI<\/h1>\n<p><strong>BELLUNO<\/strong> Era appena scesa dall&#8217;autobus quando l&#8217;anziana \u00e8 stata investita. E&#8217; in ospedale, ma fortunatamente non in pericolo di vita. L\u2019incidente \u00e8 avvenuto ieri mattina attorno alle 9 quando la donna, O.D.M. classe 1933 di Belluno, stava attraversando la strada nella zona dell\u2019imbocco del viale del cimitero tra via Feltre e via Prade. E&#8217; stata investita\u00a0da una Mercedes guidata da U.F., classe 1940<\/p>\n<p>&nbsp;<\/p>\n<p>&nbsp;<\/p>\n<h1>LUXOTTICA, APPROVATO IL DOCUMENTO DI OFFERTA<\/h1>\n<p><strong><a class=\"dt-pswp-item\" href=\"http:\/\/www.radiopiu.net\/wordpress\/wp-content\/uploads\/2017\/03\/PARCHEGGI-LUX-1.jpg\" data-dt-img-description=\"\" data-large_image_width=\"1000\" data-large_image_height=\"563\"><img loading=\"lazy\" decoding=\"async\" class=\"size-medium wp-image-30164 alignleft\" src=\"http:\/\/www.radiopiu.net\/wordpress\/wp-content\/uploads\/2017\/03\/PARCHEGGI-LUX-1-300x169.jpg\" alt=\"\" width=\"300\" height=\"169\" \/><\/a><\/strong><\/p>\n<p>&nbsp;<\/p>\n<p><strong>MILANO\u00a0\u00a0<\/strong>\u00a0Consob ha approvato il Documento di Offerta relativo all\u2019offerta pubblica di scambio obbligatoria totalitaria promossa da EssilorLuxottica sulle azioni ordinarie di Luxottica Group S.p.A. non gi\u00e0 direttamente o indirettamente detenute da EssilorLuxottica \u2022 Corrispettivo per azione: 0,4613 azioni of EssilorLuxottica di nuova emissione, con valore nominale pari a Euro 0,18, ammesse alla negoziazione su Euronext Paris, per ogni azione Luxottica portata in adesione all\u2019Offerta. \u2022 Periodo di adesione: dalle ore 8:30 (ora italiana) del 29 ottobre 2018 alle ore 17:30 (ora italiana) del 28 novembre 2018, estremi inclusi, salvo proroghe. \u2022 Data di pagamento del corrispettivo: 5 dicembre 2018, salvo proroghe. \u2022 Eventuale riapertura dei termini: dalle ore 8:30 (ora italiana) del 6 dicembre 2018 alle ore 17:30 (ora italiana) del 12 dicembre 2018, estremi inclusi<\/p>\n<p>&nbsp;<\/p>\n<p>&nbsp;<\/p>\n<p>&nbsp;<\/p>\n<p>&nbsp;<\/p>\n<p>&nbsp;<\/p>\n<h1>SI AGLI STUDI DI FATTIBILITA&#8217; PER IL TRENO DELLE DOLOMITI E PER LA PRIMOLANO FELTRE<\/h1>\n<p><span style=\"color: #ff0000;\"><strong>AUDIO<\/strong><\/span><\/p>\n<audio class=\"wp-audio-shortcode\" id=\"audio-65173-10\" preload=\"none\" style=\"width: 100%;\" controls=\"controls\"><source type=\"audio\/mpeg\" src=\"http:\/\/www.radiopiu.net\/wordpress\/wp-content\/uploads\/2018\/10\/AUDIO-Federico-DInc\u00e0-MP3.mp3?_=10\" \/><a href=\"http:\/\/www.radiopiu.net\/wordpress\/wp-content\/uploads\/2018\/10\/AUDIO-Federico-DInc\u00e0-MP3.mp3\">http:\/\/www.radiopiu.net\/wordpress\/wp-content\/uploads\/2018\/10\/AUDIO-Federico-DInc\u00e0-MP3.mp3<\/a><\/audio>\n<p>&nbsp;<\/p>\n<p><strong><a class=\"dt-pswp-item\" href=\"http:\/\/www.radiopiu.net\/wordpress\/wp-content\/uploads\/2015\/07\/treno-di-legno-del-giocattolo-1080886.jpg\" data-dt-img-description=\"\" data-large_image_width=\"1300\" data-large_image_height=\"957\"><img loading=\"lazy\" decoding=\"async\" class=\"size-medium wp-image-7786 alignleft\" src=\"http:\/\/www.radiopiu.net\/wordpress\/wp-content\/uploads\/2015\/07\/treno-di-legno-del-giocattolo-1080886-300x221.jpg\" alt=\"\" width=\"300\" height=\"221\" \/><\/a>ROMA<\/strong>\u00a0 Il Deputato Federico D&#8217;Inc\u00e0 parla di un grande risultato raggiunto in Parlamento, per Belluno e per il Veneto. &#8220;E&#8217; stato espresso &#8211; afferma &#8211;\u00a0 un voto favorevole all&#8217;unanimit\u00e0 al parere che le commissioni trasporti di Camera e Senato hanno dato sul Contratto di Programma, nella parte riguardante gli investimenti tra il Ministero delle Infrastrutture e dei Trasporti e Rete Ferroviaria Italiana. E proprio grazie al nostro parere a quest&#8217;atto, che determina la politica per il settore ferroviario dei prossimi 5 anni \u2013 spiega il deputato veneto del Movimento 5 Stelle Federico D\u2019Inc\u00e0 &#8211; siamo riusciti ad inserire sia lo studio di fattibilit\u00e0 per il Treno delle Dolomiti da Calalzo a Cortina e poi Dobbiaco, sia quello per la Primolano \u2013 Feltre\u201d. In questo modo viene rafforzata la posizione di queste due\u00a0 tratte all\u2019interno del sistema Paese\u00a0 &#8220;Possiamo pensare di programmare il futuro delle ferrovie bellunesi \u2013 continua D\u2019Inc\u00e0 &#8211; passando innanzitutto per un studio di fattibilit\u00e0 che indichi una volta per tutte la strada maestra da seguire nello sviluppo infrastrutturale a turistico delle Dolomiti\u201d. \u201cVoglio infine ricordare che attraverso uno stanziamento gi\u00e0 previsto dei fondi per i Comuni di confine \u2013 conclude il deputato bellunese &#8211; possiamo operare queste progettazione in modo veloce e in coordinamento con la Provincia di Belluno e la Regione Veneto. Adesso \u00e8 compito di tutti correre e adempiere a tutti i passaggi burocratici per raggiungere l\u2019obiettivo dell\u2019anello ferroviario delle Dolomiti\u201d.<\/p>\n<p>&nbsp;<\/p>\n<p>&nbsp;<\/p>\n<p>&nbsp;<\/p>\n<h1>IL CARCERE APRE AI COMMISSARI PER LA VALUTAZIONE DELLA SALUTE MENTALE<\/h1>\n<blockquote><p><em>Prosegue la battaglia dei sindacati di polizia penitenziaria Cisl Fns, Cgil Fp, Uspp, Sappe, Osapp, Fsa Cnpp, in stato d\u2019agitazione da settembre<\/em><\/p><\/blockquote>\n<p><a class=\"dt-pswp-item\" href=\"http:\/\/www.radiopiu.net\/wordpress\/wp-content\/uploads\/2016\/01\/carcere-bl.jpg\" data-dt-img-description=\"\" data-large_image_width=\"1600\" data-large_image_height=\"1067\"><img loading=\"lazy\" decoding=\"async\" class=\"size-medium wp-image-15619 alignleft\" src=\"http:\/\/www.radiopiu.net\/wordpress\/wp-content\/uploads\/2016\/01\/carcere-bl-300x200.jpg\" alt=\"\" width=\"300\" height=\"200\" \/><\/a>Carcere di Belluno, attesa per i prossimi giorni la ricognizione da parte di due commissari di Polizia penitenziaria delle sedi candidate ad ospitare la sezione Articolazione per la Tutela della Salute Mentale, prima tra tutte la Casa Circondariale di Padova. \u201cUna buona notizia &#8211; commentano i sindacati di polizia penitenziaria Cisl Fns, Cgil Fp, Uspp, Sappe, Osapp, Fsa Cnpp -, ma conoscendo la lentezza della macchina burocratica, manteniamo saldo lo stato di agitazione del personale proclamato a settembre\u201d. Prosegue lo stato di agitazione degli agenti di polizia penitenziaria che da tempo denunciano la criticit\u00e0 della situazione in cui versa la sezione del carcere di Baldenich che ospita i detenuti con problemi psichici, chiedendone la chiusura e il trasferimento. \u201cSiamo impegnati in questa battaglia da quasi tre anni, ossia da prima dell\u2019apertura della sezione psichiatrica &#8211; proseguono i rappresentanti sindacali &#8211; e seppur consapevoli della complessit\u00e0 delle procedure amministrative, ribadiamo l\u2019urgenza di una risoluzione del problema, poich\u00e9 le condizioni attuali non sono pi\u00f9 tollerabili in considerazione del concreto rischio di episodi che mettano a repentaglio l\u2019incolumit\u00e0 psico-fisica dei poliziotti\u201d. \u201cNella sezione Articolazione per la Tutela della Salute Mentale &#8211; spiegano i rappresentanti dei sindacati di polizia penitenziaria Cisl Fns, Cgil Fp, Uspp, Sappe, Osapp, Fsa Cnpp &#8211; vi sono persone detenute con patologie psichiche, alle quali, a differenza da quanto dichiara la Ulss di Belluno, non \u00e8 garantita un\u2019assistenza efficace, poich\u00e9 il personale infermieristico non \u00e8 affatto specializzato nel campo psichiatrico, ma sono dipendenti di cooperative, anch\u2019essi vittime di scelte scellerate da parte dell\u2019Amministrazione penitenziaria e della Sanit\u00e0 veneta: si limitano alla somministrazione della terapia, quando ci riescono, coprendo, quando va bene, solo la met\u00e0 dell\u2019orario, per altro gi\u00e0 insufficiente, impartito dalle varie disposizioni di servizio. Stessa cosa o anche peggio per quanto riguarda gli specialisti: \u00e8 tutto documentato nei registri di sezione\u201d. \u201cLa regressione dei soggetti ristretti presso la sezione psichiatrica del penitenziario di Baldenich &#8211; concludono i sindacati &#8211; potrebbe rivelarsi un grave problema sociale, qualora a fine pena, gli stessi vengano riversati nel territorio. Una cosa che le istituzioni locali non dovrebbero sottovalutare\u201d.<\/p>\n<p>&nbsp;<\/p>\n<p>&nbsp;<\/p>\n<p>&nbsp;<\/p>\n<p>&nbsp;<\/p>\n<h1>NOVITA&#8217; PER GLI ASSISTITI DI CESIOMAGGIORE, SAN GREGORIO, SANTA GIUSTINA E SOSPIROLO<\/h1>\n<p><strong>BELLUNO\u00a0\u00a0<\/strong>L&#8217;Azienda ULSS n. 1 Dolomiti informa gli assistiti residenti nell&#8217;ambito territoriale dei Comuni di Cesiomaggiore, San Gregorio nelle Alpi, Santa Giustina, Sedico e Sospirolo, che dal giorno 5 novembre 2018 il dr. Andrea ROTA,\u00a0 gi\u00e0 incaricato provvisoriamente,\u00a0 continuer\u00e0 l&#8217;attivit\u00e0 di medico di assistenza primaria &#8211; a titolo definitivo &#8211;\u00a0 presso il predetto ambito. Ci\u00f2 rende necessaria l&#8217;effettuazione, da parte degli assistiti del dott. Rota, della scelta tra uno dei medici che operano nell&#8217;ambito predetto nei limiti della disponibilit\u00e0 del massimale di ciascuno di essi. A breve gli assistiti stessi riceveranno un lettera dalla ULSS Dolomiti nella quale verranno indicate le modalit\u00e0 per effettuare la scelta del medico rivolgendosi agli sportelli anagrafe aziendali.\u00a0 Per agevolare l&#8217;utenza, ed esclusivamente per il cambio del medico, \u00e8 stato allestito uno sportello, con 2 operatori dedicati, presso il Centro Civico, in Piazza Girolamo Segato n. 135 a Sospirolo con apertura da luned\u00ec 5 a gioved\u00ec 8 novembre 2018 con orario 8.30 &#8211; 12.30 e 14.30 &#8211; 16.30 e nella mattinata di venerd\u00ec 9 novembre con orario 8.30 &#8211; 12.30.<\/p>\n<blockquote><p><em>Gli orari degli sportelli anagrafe pi\u00f9 vicini alla residenza della maggior parte degli assistiti che dovranno effettuare la scelta del medico: &#8211; sede distrettuale di SEDICO: marted\u00ec e venerd\u00ec dalle ore 9.00 alle ore 12.00, gioved\u00ec dalle ore 9.00 alle ore 12.30, mercoled\u00ec dalle ore 14.15 alle ore 17.30; &#8211; sede distrettuale di SANTA GIUSTINA : luned\u00ec e gioved\u00ec dalle ore 14.15 alle ore 17.30, mercoled\u00ec dalle ore 9.00 alle ore 12.00: &#8211; sede distrettuale di BELLUNO:\u00a0 da luned\u00ec a venerd\u00ec dalle ore 8.00 alle ore 12.00 e i pomeriggi di luned\u00ec e gioved\u00ec dalle ore 15.00 alle ore 17.00.<\/em><\/p><\/blockquote>\n<p>&nbsp;<\/p>\n<p>&nbsp;<\/p>\n<p>&nbsp;<\/p>\n<p>&nbsp;<\/p>\n<h1>DALLA CAMERA LA CONFERMA SULLA &#8220;CURA DEL FERRO&#8221;<\/h1>\n<p><em>De Menech: \u00abIn Veneto 1,87 mld. Alcuni lavori gi\u00e0 avviati\u00bb<\/em><\/p>\n<p><strong><a class=\"dt-pswp-item\" href=\"http:\/\/www.radiopiu.net\/wordpress\/wp-content\/uploads\/2018\/05\/Roger_De_Menech_daticamera.jpg\" data-dt-img-description=\"\" data-large_image_width=\"165\" data-large_image_height=\"228\"><img loading=\"lazy\" decoding=\"async\" class=\"size-full wp-image-49599 alignleft\" src=\"http:\/\/www.radiopiu.net\/wordpress\/wp-content\/uploads\/2018\/05\/Roger_De_Menech_daticamera.jpg\" alt=\"\" width=\"165\" height=\"228\" \/><\/a>ROMA<\/strong> La commissione trasporti della Camera ha dato oggi il via libera allo schema di contratto con Rete Ferroviaria Italiana per il periodo 2017-2021. Il contratto, predisposto due anni fa dal ministro Delrio, prevede investimenti per lo sviluppo delle infrastrutture ferroviarie che verranno fatti regione per regione e stanzia nuove risorse aggiuntive pari a 17 miliardi e 372 milioni di euro.\u00a0 L\u2019accordo di programma ratifica lo stanziamento dei fondi gi\u00e0 previsti dai governi Renzi e Gentiloni in cui sono inserite opere come l\u2019elettrificazione della ferrovia nel Bellunese per 146 milioni di euro. Il parere della Commissione ha ribadito che la progettazione delle tratte Calalzo Dobbiaco e Feltre Primolano deve essere fatta utilizzando i finanziamenti del Fondo Comuni Confinanti gi\u00e0 stanziati nel 2017.\u00a0In Veneto gli investimenti da qui al 2021 valgono 1,87 miliardi di euro\u00bb, ricorda il coordinatore dei parlamentari del Partito democratico, Roger De Menech. \u00abOggi sono particolarmente contento perch\u00e9 la maggioranza ha confermato senza modificare un virgola la \u2018cura del ferro\u2019 voluta dal ministro Delrio, cio\u00e8 le risorse messe prioritariamente sul potenziamento delle ferrovie. Non era scontato, visto l\u2019andamento di alcuni provvedimenti e l\u2019incedere della maggioranza secondo l\u2019altalenare dell\u2019opinione pubblica. Per\u00f2 siamo riusciti a convincere i colleghi di Lega e 5Stelle e credo ci abbiano messo lo zampino anche i tecnici di Rfi e del Ministero\u00bb. In Veneto, conclude De Menech, \u00abmolti lavori sono gi\u00e0 partiti, come l\u2019elettrificazione di alcune tratte ferroviarie della pianura e della linea Conegliano Ponte nelle Alpi\u00bb. Su questa tratta Rfi ha gi\u00e0 realizzato i pozzetti per la posa dei pali di sostegno dei fili elettrici. \u00abNel prossimo contratto, sar\u00e0 compito dell\u2019attuale governo e della maggioranza che lo sostiene, impegnarsi a trovare i fondi per l\u2019elettrificazione da Ponte nelle Alpi fino a Calalzo e quelli per i collegamenti per chiudere l\u2019anello delle Dolomiti a nord veso Cortina e Dobbiaco e a sud verso la Valsugana\u00bb.<\/p>\n<p>&nbsp;<\/p>\n<p>&nbsp;<\/p>\n<p>&nbsp;<\/p>\n<p>&nbsp;<\/p>\n<h2>OGGI IL CONVEGNO WELFARE AZIENDALE, QUALI VANTAGGI?<\/h2>\n<blockquote><p><em>\u00a0A Longarone venerd\u00ec 26 ottobre a partire dalle 9.00<\/em><\/p><\/blockquote>\n<p><strong><a class=\"dt-pswp-item\" href=\"http:\/\/www.radiopiu.net\/wordpress\/wp-content\/uploads\/2018\/05\/roffare.jpg\" data-dt-img-description=\"\" data-large_image_width=\"960\" data-large_image_height=\"959\"><img loading=\"lazy\" decoding=\"async\" class=\" wp-image-48457 alignleft\" src=\"http:\/\/www.radiopiu.net\/wordpress\/wp-content\/uploads\/2018\/05\/roffare-300x300.jpg\" alt=\"\" width=\"143\" height=\"143\" srcset=\"https:\/\/www.radiopiu.net\/wordpress\/wp-content\/uploads\/2018\/05\/roffare-300x300.jpg 300w, https:\/\/www.radiopiu.net\/wordpress\/wp-content\/uploads\/2018\/05\/roffare-150x150.jpg 150w, https:\/\/www.radiopiu.net\/wordpress\/wp-content\/uploads\/2018\/05\/roffare-768x767.jpg 768w, https:\/\/www.radiopiu.net\/wordpress\/wp-content\/uploads\/2018\/05\/roffare.jpg 960w\" sizes=\"auto, (max-width: 143px) 100vw, 143px\" \/><\/a><\/strong><\/p>\n<p>&nbsp;<\/p>\n<p>&nbsp;<\/p>\n<p><strong>LONGARONE<\/strong> Il welfare aziendale pu\u00f2 contribuire allo sviluppo del territorio? Esistono forme di welfare costruite sulle reali esigenze dei lavoratori? Come pu\u00f2 la diversa ripartizione della retribuzione incidere in maniera significativa sulla conciliazione di vita e lavoro dentro e fuori le fabbriche? Sono alcune delle domande a cui intende rispondere il convegno &#8220;Welfare aziendale. Quali vantaggi per aziende, lavoratori e territorio bellunese?&#8221;, organizzato da Cisl Belluno Treviso, Centro studi e ricerche FormArte e TreCuori, societ\u00e0 benefit di Conegliano Veneto, con il supporto dell\u2019istituto Salus e il patrocinio del Comune di Longarone e della Regione del Veneto. L\u2019appuntamento \u00e8 per\u00a0 oggi alle 9 nella sala polifunzionale di Roa (zona Malcom) a Longarone. Ai microfoni di Radio Pi\u00f9 Rudy Roffare&#8217; della Cisl<\/p>\n<audio class=\"wp-audio-shortcode\" id=\"audio-65173-11\" preload=\"none\" style=\"width: 100%;\" controls=\"controls\"><source type=\"audio\/ogg\" src=\"http:\/\/www.radiopiu.net\/wordpress\/wp-content\/uploads\/2018\/10\/roffare.ogg?_=11\" \/><a href=\"http:\/\/www.radiopiu.net\/wordpress\/wp-content\/uploads\/2018\/10\/roffare.ogg\">http:\/\/www.radiopiu.net\/wordpress\/wp-content\/uploads\/2018\/10\/roffare.ogg<\/a><\/audio>\n<blockquote>\n<h1><\/h1>\n<\/blockquote>\n<h1><\/h1>\n<h1><\/h1>\n<h1><\/h1>\n<p>&nbsp;<\/p>\n<blockquote><p>&nbsp;<\/p><\/blockquote>\n<h1>COMPRENSIVO DI FELTRE, ESCURSIONE SUL MONTE AVENA<\/h1>\n<p><strong><a class=\"dt-pswp-item\" href=\"http:\/\/www.radiopiu.net\/wordpress\/wp-content\/uploads\/2018\/10\/IC-FELTRE-Montagna-Amica-1.jpg\" data-dt-img-description=\"\" data-large_image_width=\"1600\" data-large_image_height=\"1196\"><img loading=\"lazy\" decoding=\"async\" class=\"size-medium wp-image-65182 alignleft\" src=\"http:\/\/www.radiopiu.net\/wordpress\/wp-content\/uploads\/2018\/10\/IC-FELTRE-Montagna-Amica-1-300x224.jpg\" alt=\"\" width=\"300\" height=\"224\" srcset=\"https:\/\/www.radiopiu.net\/wordpress\/wp-content\/uploads\/2018\/10\/IC-FELTRE-Montagna-Amica-1-300x224.jpg 300w, https:\/\/www.radiopiu.net\/wordpress\/wp-content\/uploads\/2018\/10\/IC-FELTRE-Montagna-Amica-1-768x574.jpg 768w, https:\/\/www.radiopiu.net\/wordpress\/wp-content\/uploads\/2018\/10\/IC-FELTRE-Montagna-Amica-1-1024x765.jpg 1024w, https:\/\/www.radiopiu.net\/wordpress\/wp-content\/uploads\/2018\/10\/IC-FELTRE-Montagna-Amica-1.jpg 1600w\" sizes=\"auto, (max-width: 300px) 100vw, 300px\" \/><\/a>FELTRE<\/strong> Si chiama \u201cMontagna Amica\u201d, l\u2019iniziativa promossa dal Cai, che vede coinvolti i ragazzi della scuola media \u201cRocca\u201d di Feltre. Un centinaio gli studenti delle terze che tra ieri e luned\u00ec scorso si sono recati sul Monte Avena. \u201cSi tratta \u2013 spiega la docente Egle Possamai, che assieme ai colleghi Vanz, Perer e Valdetara, ha accompagnato gli allievi nell\u2019escursione \u2013 di un\u2019esperienza sportiva che mira a fare apprendere ai ragazzi come frequentare la montagna in sicurezza, cogliendo nel frattempo spunti di educazione ambientale, storia locale, aspetti geografici e naturalistici di una zona in parte situata all\u2019interno del territorio del Parco nazionale delle Dolomiti bellunesi che non \u00e8 conosciuta da molti, seppur vicina\u201d. Ad illustrare i percorsi della montagna \u00e8 stata la guida Cai Davide Bronca, geologo. La partenza \u00e8 stata da Casere dei Bosch fino al bivacco Yale con arrivo a Cima Campon e visita del campo decollo di parapendio con dimostrazione da parte dell\u2019associazione Paradelta Club. Dopo aver pranzato i ragazzi sono rientrati nel pomeriggio a scuola. A maggio replica della iniziativa per le seconde medie.<\/p>\n\n\t\t\t<style type='text\/css'>\n\t\t\t\t#gallery-4 {\n\t\t\t\t\tmargin: auto;\n\t\t\t\t}\n\t\t\t\t#gallery-4 .gallery-item {\n\t\t\t\t\tfloat: left;\n\t\t\t\t\tmargin-top: 10px;\n\t\t\t\t\ttext-align: center;\n\t\t\t\t\twidth: 33%;\n\t\t\t\t}\n\t\t\t\t#gallery-4 img {\n\t\t\t\t\tborder: 2px solid #cfcfcf;\n\t\t\t\t}\n\t\t\t\t#gallery-4 .gallery-caption {\n\t\t\t\t\tmargin-left: 0;\n\t\t\t\t}\n\t\t\t\t\/* see gallery_shortcode() in wp-includes\/media.php *\/\n\t\t\t<\/style>\n\t\t<div id='gallery-4' class='dt-gallery-container gallery galleryid-65173 gallery-columns-3 gallery-size-thumbnail'><dl class='gallery-item'>\n\t\t\t\t<dt class='gallery-icon portrait'>\n\t\t\t\t\t<a class=\"rollover\" href='https:\/\/www.radiopiu.net\/wordpress\/giornale-radiopiu-26-ottobre-2018-direttore-mirko-mezzacasa\/ic-feltre-montagna-amica-2\/'><img loading=\"lazy\" decoding=\"async\" width=\"150\" height=\"150\" src=\"https:\/\/www.radiopiu.net\/wordpress\/wp-content\/uploads\/2018\/10\/IC-FELTRE-Montagna-Amica-2-150x150.jpg\" class=\"attachment-thumbnail size-thumbnail\" alt=\"\" \/><\/a>\n\t\t\t\t<\/dt><\/dl><dl class='gallery-item'>\n\t\t\t\t<dt class='gallery-icon landscape'>\n\t\t\t\t\t<a class=\"rollover\" href='https:\/\/www.radiopiu.net\/wordpress\/giornale-radiopiu-26-ottobre-2018-direttore-mirko-mezzacasa\/ic-feltre-montagna-amica-1\/'><img loading=\"lazy\" decoding=\"async\" width=\"150\" height=\"150\" src=\"https:\/\/www.radiopiu.net\/wordpress\/wp-content\/uploads\/2018\/10\/IC-FELTRE-Montagna-Amica-1-150x150.jpg\" class=\"attachment-thumbnail size-thumbnail\" alt=\"\" \/><\/a>\n\t\t\t\t<\/dt><\/dl><dl class='gallery-item'>\n\t\t\t\t<dt class='gallery-icon portrait'>\n\t\t\t\t\t<a class=\"rollover\" href='https:\/\/www.radiopiu.net\/wordpress\/giornale-radiopiu-26-ottobre-2018-direttore-mirko-mezzacasa\/ic-feltre-montagna-amica-4\/'><img loading=\"lazy\" decoding=\"async\" width=\"150\" height=\"150\" src=\"https:\/\/www.radiopiu.net\/wordpress\/wp-content\/uploads\/2018\/10\/IC-FELTRE-Montagna-Amica-4-150x150.jpg\" class=\"attachment-thumbnail size-thumbnail\" alt=\"\" \/><\/a>\n\t\t\t\t<\/dt><\/dl><br style=\"clear: both\" \/>\n\t\t\t<\/div>\n\n<p>&nbsp;<\/p>\n<p>&nbsp;<\/p>\n<p>&nbsp;<\/p>\n<p>&nbsp;<\/p>\n<h2>LONGARONE FIERE, LA LETTERA DI FINE MANDATO DI GIORGIO BALZAN<\/h2>\n<blockquote><p><em><a class=\"dt-pswp-item\" href=\"http:\/\/www.radiopiu.net\/wordpress\/wp-content\/uploads\/2018\/07\/20180720-Calici-di-Stelle-Venezia-intervento-Giorgio-Balzan.jpg\" data-dt-img-description=\"\" data-large_image_width=\"2000\" data-large_image_height=\"1331\"><img loading=\"lazy\" decoding=\"async\" class=\"size-medium wp-image-55129 alignleft\" src=\"http:\/\/www.radiopiu.net\/wordpress\/wp-content\/uploads\/2018\/07\/20180720-Calici-di-Stelle-Venezia-intervento-Giorgio-Balzan-300x200.jpg\" alt=\"\" width=\"300\" height=\"200\" srcset=\"https:\/\/www.radiopiu.net\/wordpress\/wp-content\/uploads\/2018\/07\/20180720-Calici-di-Stelle-Venezia-intervento-Giorgio-Balzan-300x200.jpg 300w, https:\/\/www.radiopiu.net\/wordpress\/wp-content\/uploads\/2018\/07\/20180720-Calici-di-Stelle-Venezia-intervento-Giorgio-Balzan-768x511.jpg 768w, https:\/\/www.radiopiu.net\/wordpress\/wp-content\/uploads\/2018\/07\/20180720-Calici-di-Stelle-Venezia-intervento-Giorgio-Balzan-1024x681.jpg 1024w, https:\/\/www.radiopiu.net\/wordpress\/wp-content\/uploads\/2018\/07\/20180720-Calici-di-Stelle-Venezia-intervento-Giorgio-Balzan.jpg 2000w\" sizes=\"auto, (max-width: 300px) 100vw, 300px\" \/><\/a>Pregiatissimi Soci, cari colleghi del CDA, gentili collaboratori, dipendenti e non, collaboratori vari e stampa, sono stati quattro anni per me molto impegnativi ma anche molto belli, che mi hanno arricchito dal punto di vista professionale e umano, sia nel rapporto con gli altri componenti del Consiglio Direttivo, sia in quello con i soci, nei rapporti istituzionali, che con tutto il personale ed i collaboratori vari di Longarone Fiere, ma anche con tutti coloro che hanno avuto la voglia e la pazienza di interagire direttamente con me. Senza l\u2019ambizione di tracciare un bilancio generale di questi 4 anni, meglio evidenziato nelle relazioni allegate al bilancio, lascio questo incarico per scelta e, a voi tutti voglio comunque dedicare alcune parole di chiusura. Toccare con mano la gestione, l\u2019amministrazione, larappresentanza anche quotidiana della nostra Societ\u00e0, permette infatti di avere un osservatorio privilegiato sui problemi, sia nostri sia del sistema in generale. Molte, certamente, sono le cose che ancora vanno migliorate, ma in molti settori della nostra Azienda abbiamo, in questi quattro anni, misurato dei notevoli progressi con importanti passi avanti. Anche se molte altre cose restano da fare, penso che il messaggio fondamentale sia quello di riconoscere che il bilancio complessivo \u00e8 senza dubbio pi\u00f9 che positivo sia dal punto di vista economico e soprattutto umano. Ciascuno di noi ha ben presente le difficolt\u00e0 quotidiane, che il sistema delle fiere in generale ha tutt\u2019ora, aveva all\u2019epoca dell\u2019insediamento e che sta attraversando e complessivamente il momento non facile dell\u2019intero sistema. Ma quello che, a mio modesto parere, ci deve rendere fiduciosi e invogliarci a mettere ancora pi\u00f9 energie nel nostro lavoro, in tutti i ruoli, a tutti i livelli, \u00e8 la consapevolezza che il nostro modello \u00e8 vincente perch\u00e9 si regge sul pilastro della passione, della qualit\u00e0, dei rapporti umani con le aziende, ma sopratutto su un modello di governance responsabile. Se c\u2019\u00e8, allora, un vero auspicio per il futuro che posso modestamente fare, \u00e8 quello di ampliare le occasioni di partecipazione della nostra comunit\u00e0 del nostro territorio, delle nostre associazioni di categoria, delle nostre aziende, unendo insieme, e non solo a parole ma con i fatti, gli sforzi di tutti senza egoismi, senza rivalit\u00e0, ma esclusivamente nell\u2019interesse dello sviluppo socio economico e fieristico del nostro territorio provinciale veneto e internazionale. Non solo nella fase decisionale, ma in tutto il processo in cui un\u2019idea, una scelta o una proposta si viene a formare e successivamente si sviluppa. Sentire e tenere in considerazione il parere di tutti non pu\u00f2 che essere una ricchezza, un aiuto per chi, poi, porta sulle spalle l\u2019onere della responsabilit\u00e0 finale, uno stimolo a non perdere entusiasmo e senso di appartenenza per tutti. Questo \u00e8 il mio pi\u00f9 importante messaggio che voglio lasciarVi, in particolare al personale, ringraziando tutti per l\u2019opportunit\u00e0, con un carissimo saluto e l\u2019augurio di un buon lavoro al nuovo presidente e al futuro C.D.A., nell\u2019interesse esclusivo del nostro territorio e della nostra fiera. <span style=\"color: #000000;\"><strong>Giorgio Balzan<\/strong><\/span><\/em><\/p><\/blockquote>\n<p>&nbsp;<\/p>\n<p>&nbsp;<\/p>\n<p>&nbsp;<\/p>\n<h1>LA POESIA DI TRIMERI SULLA MIOPIA DELL&#8217;ABITUDINE<\/h1>\n<p><strong><a class=\"dt-pswp-item\" href=\"http:\/\/www.radiopiu.net\/wordpress\/wp-content\/uploads\/2018\/10\/Trimeri.jpg\" data-dt-img-description=\"\" data-large_image_width=\"756\" data-large_image_height=\"1077\"><img loading=\"lazy\" decoding=\"async\" class=\"size-medium wp-image-65176 alignleft\" src=\"http:\/\/www.radiopiu.net\/wordpress\/wp-content\/uploads\/2018\/10\/Trimeri-211x300.jpg\" alt=\"\" width=\"211\" height=\"300\" srcset=\"https:\/\/www.radiopiu.net\/wordpress\/wp-content\/uploads\/2018\/10\/Trimeri-211x300.jpg 211w, https:\/\/www.radiopiu.net\/wordpress\/wp-content\/uploads\/2018\/10\/Trimeri-719x1024.jpg 719w, https:\/\/www.radiopiu.net\/wordpress\/wp-content\/uploads\/2018\/10\/Trimeri.jpg 756w\" sizes=\"auto, (max-width: 211px) 100vw, 211px\" \/><\/a>BELLUNO Questa sera alle 18.30 alla Libreria Mondadori di Belluno per incontri d&#8217;autore, Giovanni Trimeri presenta &#8220;Miopia dell&#8217;abitudine&#8221; con l&#8217;introduzione di Serena Dal Borgo, ingresso libero.<\/strong><\/p>\n<p>&nbsp;<\/p>\n<p><strong>Nota biografica\u00a0 \u00a0<\/strong><\/p>\n<p><strong>Giovanni Trimeri (Arten, Belluno, 1953), dal 1983 al 1995 (anno di chiusura) \u00e8 stato redattore di Abiti Lavoro. Quaderni di scrittura operaia. Ha pubblicato tre libri per bambini, la scelta di monologhi A portata di voce (2010) e le raccolte di poesia Il panico dei pollai (Libreria Pilotto, 1991), Luoghi d\u2019uso (Campanotto, 2000), Geografia minima (Manni, 2007), Declinazioni imperfette (Moby Dick, 2013), La vita al grezzo (Pellicano, 2015), oltre a una trentina di plaquette d\u2019arte con piccoli editori, tra i quali Pulcinoelefante e Il ragazzo innocuo. Si interessa di poesia visiva, libri d\u2019artista e scrive testi per teatro di figura.<\/strong><\/p>\n<p>&nbsp;<\/p>\n<p>&nbsp;<\/p>\n<p>&nbsp;<\/p>\n<p>&nbsp;<\/p>\n<p>&nbsp;<\/p>\n<p>&nbsp;<\/p>\n<p>&nbsp;<\/p>\n<p>&nbsp;<\/p>\n<p>&nbsp;<\/p>\n<p><a class=\"dt-pswp-item\" href=\"http:\/\/www.radiopiu.net\/wordpress\/wp-content\/uploads\/2018\/09\/sport.jpg\" data-dt-img-description=\"\" data-large_image_width=\"800\" data-large_image_height=\"100\"><img loading=\"lazy\" decoding=\"async\" class=\"alignnone wp-image-60761 size-full\" src=\"http:\/\/www.radiopiu.net\/wordpress\/wp-content\/uploads\/2018\/09\/sport.jpg\" alt=\"\" width=\"800\" height=\"100\" srcset=\"https:\/\/www.radiopiu.net\/wordpress\/wp-content\/uploads\/2018\/09\/sport.jpg 800w, https:\/\/www.radiopiu.net\/wordpress\/wp-content\/uploads\/2018\/09\/sport-300x38.jpg 300w, https:\/\/www.radiopiu.net\/wordpress\/wp-content\/uploads\/2018\/09\/sport-768x96.jpg 768w\" sizes=\"auto, (max-width: 800px) 100vw, 800px\" \/><\/a><\/p>\n<h1>SPECIALE AGORDINA ALLIEVI<\/h1>\n<p><strong>MARCO GAZ<\/strong><\/p>\n<audio class=\"wp-audio-shortcode\" id=\"audio-65173-12\" preload=\"none\" style=\"width: 100%;\" controls=\"controls\"><source type=\"audio\/mpeg\" src=\"http:\/\/www.radiopiu.net\/wordpress\/wp-content\/uploads\/2018\/10\/gr-26-allievi-agordina-renato-orzetti.mp3?_=12\" \/><a href=\"http:\/\/www.radiopiu.net\/wordpress\/wp-content\/uploads\/2018\/10\/gr-26-allievi-agordina-renato-orzetti.mp3\">http:\/\/www.radiopiu.net\/wordpress\/wp-content\/uploads\/2018\/10\/gr-26-allievi-agordina-renato-orzetti.mp3<\/a><\/audio>\n<p>&nbsp;<\/p>\n<p>&nbsp;<\/p>\n<p>&nbsp;<\/p>\n<p>&nbsp;<\/p>\n<p>&nbsp;<\/p>\n<p><a class=\"dt-pswp-item\" href=\"http:\/\/www.radiopiu.net\/wordpress\/wp-content\/uploads\/2018\/09\/WhatsApp-Image-2018-09-20-at-16.04.06.jpeg\" data-dt-img-description=\"\" data-large_image_width=\"800\" data-large_image_height=\"100\"><img loading=\"lazy\" decoding=\"async\" class=\"alignnone wp-image-61378 size-full\" src=\"http:\/\/www.radiopiu.net\/wordpress\/wp-content\/uploads\/2018\/09\/WhatsApp-Image-2018-09-20-at-16.04.06.jpeg\" alt=\"\" width=\"800\" height=\"100\" srcset=\"https:\/\/www.radiopiu.net\/wordpress\/wp-content\/uploads\/2018\/09\/WhatsApp-Image-2018-09-20-at-16.04.06.jpeg 800w, https:\/\/www.radiopiu.net\/wordpress\/wp-content\/uploads\/2018\/09\/WhatsApp-Image-2018-09-20-at-16.04.06-300x38.jpeg 300w, https:\/\/www.radiopiu.net\/wordpress\/wp-content\/uploads\/2018\/09\/WhatsApp-Image-2018-09-20-at-16.04.06-768x96.jpeg 768w\" sizes=\"auto, (max-width: 800px) 100vw, 800px\" \/><\/a><\/p>\n<h1><strong>PREVISIONI DEL TEMPO DA OGGI A LUNEDI<\/strong><\/h1>\n<p><strong>Venerdi 26<\/strong><br \/>\nTempo atteso: Al mattino piuttosto soleggiato sulle Dolomiti, ma non sulle Prealpi, dove le nubi basse saranno gi\u00e0 ben presenti. Nel corso del pomeriggio progressivo aumento della nuvolosit\u00e0 fino a cielo molto nuvoloso quasi ovunque, assieme al rischio di qualche debole pioggia sparsa. Clima diurno ancora mite nei posti pi\u00f9 assolati; fresco ed umido nei fondovalle prealpini per nubi basse.<br \/>\nPrecipitazioni: Probabili deboli precipitazioni sparse, specie dalle ore centrali in poi sulle Prealpi (30\/40%), mentre tale rischio sar\u00e0 minore sulle Dolomiti (10\/20%) e solo verso sera.<br \/>\nTemperature: In generale lieve calo, eccetto rialzo delle minime nei settori interessati da nubi basse. In giornata massime di 11\/12\u00b0C nelle conche prealpine con clima uggioso e di 12\/13\u00b0C a 1000\/1200 m nei settori assolati. Su Prealpi a 1500 m min 6\u00b0C max 8\u00b0C, a 2000 m min 4\u00b0C max 5\u00b0C. Su Dolomiti a 2000 m min 3\u00b0C max 6\u00b0C, a 3000 m min 0\u00b0C max 2\u00b0C.<br \/>\nVenti: Nelle valli deboli di direzione variabile, salvo rinforzi notturni e mattutini in alcune vali prealpine; in quota venti occidentali perlopi\u00f9 moderati, a tratti deboli, a 5-10 km\/h a 2000 m, 20-25 km\/h a 3000 m.<br \/>\n<strong>Sabato 27<\/strong><br \/>\nTempo atteso: Peggioramento del tempo fino a risultare perturbato dalla tarda mattinata in poi, con cielo coperto associato a fenomeni inizialmente sparsi, poi diffusi, pi\u00f9 copiose tra le Prealpi e le Dolomiti meridionali, meno sui settori pi\u00f9 settentrionali. Debole escursione termica diurna a tutte le quote con clima pi\u00f9 fresco ed uggioso.<br \/>\nPrecipitazioni: Al mattino precipitazioni sparse (80\/90%) e perlopi\u00f9 deboli, ma gi\u00e0 in intensificazione sulle Prealpi. Al pomeriggio precipitazioni diffuse (100%) di moderata intensit\u00e0, anche forti su Prealpi e Dolomiti meridionali tra il tardo pomeriggio e la sera. Il limite neve sar\u00e0 sui 2300\/2400 m e attorno ai 2000\/2200 m in serata. Gli apporti previsti per sabato saranno compresi mediamente tra 20 e 35 mm, localmente fino sui 50 mm nei settori pi\u00f9 esposti a Sud-Est.<br \/>\nTemperature: Minime in calo in quota e in aumento nelle valli; massime in generale diminuzione con punte massime di 13\/15\u00b0C nel catino bellunese e di 9\/11\u00b0C a 1000\/1200 m. Su Prealpi a 1500 m min 6\u00b0C max 7\u00b0C, a 2000 m min 3\u00b0C max 4\u00b0C. Su Dolomiti a 2000 m min 2\u00b0C max 3\u00b0C, a 3000 m min -2\u00b0C max -1\u00b0C.<br \/>\nVenti: Nelle valli deboli di direzione variabile, salvo rinforzi nei settori aperti a Sud-Est; in quota venti tesi dai quadranti meridionali (Sud-est sotto i 2000 m e Sud-Ovest a 3000 m), Saranno anche forti oltre i 2500\/2600 m, a 15-30 km\/h a 2000 m, 50-65 km\/h a 3000 m.<br \/>\n<strong>Domenica 28<\/strong><br \/>\nSpiccato maltempo con cielo coperto, associato a precipitazioni diffuse di moderata intensit\u00e0, a tratti forti tra Prealpi e Dolomiti meridionali, dove gli apporti pluviometrici saranno abbondanti. Il limite della neve osciller\u00e0 tra i 2200 e 2400 m, solo in modo sporadico ed intermittente sotto tali quote. Temperature senza notevoli variazioni rispetto a sabato, eccetto lieve calo delle minime in quota. Venti moderati\/tesi da Sud-Ovest in alta quota. deboli di direzione variabile nelle valli, con rinforzi nei settori esposti ai quadranti meridionali.<br \/>\n<strong>Lunedi 29<\/strong><br \/>\nAncora forte maltempo con cielo coperto, associato a precipitazioni diffuse di moderata intensit\u00e0, a tratti forti tra Prealpi e Dolomiti meridionali, dove gli apporti pluviometrici saranno abbondanti. Il limite della neve rimarr\u00e0 perlopi\u00f9 sopra i 2300\/2500 m. Temperature in lieve rialzo. Venti forti\/molto forti da Sud in alta quota, deboli di direzione variabile nelle valli. Previsore: R.L.Th.<\/p>\n<p>&nbsp;<\/p>\n<p>&nbsp;<\/p>\n<p>&nbsp;<\/p>\n<p>&nbsp;<\/p>\n<p>&nbsp;<\/p>\n","protected":false},"excerpt":{"rendered":"<p>&nbsp; CINESE OFFRE 50 EURO AL CARABINIERE PER &#8220;METTERLA VIA&#8221;, DENUNCIATO PER TENTATA CORRUZIONE, CON LUI ALTRI 3 CINESI DENUNCIATI PER INGRESSO E SOGGIORNO ILLEGATE NEL TERRITORIO ITALIANO. I carabinieri del Norm di Belluno hanno denunciato in stato di libert\u00e0\u00a0 quattro cittadini cinesi di\u00a0 et\u00e0 compresa tra i 28 e i 45 anni,\u00a0 senza fissa&hellip;<\/p>\n","protected":false},"author":1,"featured_media":65193,"comment_status":"closed","ping_status":"closed","sticky":false,"template":"","format":"standard","meta":{"_monsterinsights_skip_tracking":false,"_monsterinsights_sitenote_active":false,"_monsterinsights_sitenote_note":"","_monsterinsights_sitenote_category":0,"footnotes":""},"categories":[1,86],"tags":[],"class_list":["post-65173","post","type-post","status-publish","format-standard","has-post-thumbnail","hentry","category-senza-categoria","category-gr","category-1","category-86","description-off"],"img_url":"https:\/\/www.radiopiu.net\/wordpress\/wp-content\/uploads\/2018\/10\/WhatsApp-Image-2018-10-26-at-04.58.34.jpeg","_links":{"self":[{"href":"https:\/\/www.radiopiu.net\/wordpress\/wp-json\/wp\/v2\/posts\/65173","targetHints":{"allow":["GET"]}}],"collection":[{"href":"https:\/\/www.radiopiu.net\/wordpress\/wp-json\/wp\/v2\/posts"}],"about":[{"href":"https:\/\/www.radiopiu.net\/wordpress\/wp-json\/wp\/v2\/types\/post"}],"author":[{"embeddable":true,"href":"https:\/\/www.radiopiu.net\/wordpress\/wp-json\/wp\/v2\/users\/1"}],"replies":[{"embeddable":true,"href":"https:\/\/www.radiopiu.net\/wordpress\/wp-json\/wp\/v2\/comments?post=65173"}],"version-history":[{"count":0,"href":"https:\/\/www.radiopiu.net\/wordpress\/wp-json\/wp\/v2\/posts\/65173\/revisions"}],"wp:featuredmedia":[{"embeddable":true,"href":"https:\/\/www.radiopiu.net\/wordpress\/wp-json\/wp\/v2\/media\/65193"}],"wp:attachment":[{"href":"https:\/\/www.radiopiu.net\/wordpress\/wp-json\/wp\/v2\/media?parent=65173"}],"wp:term":[{"taxonomy":"category","embeddable":true,"href":"https:\/\/www.radiopiu.net\/wordpress\/wp-json\/wp\/v2\/categories?post=65173"},{"taxonomy":"post_tag","embeddable":true,"href":"https:\/\/www.radiopiu.net\/wordpress\/wp-json\/wp\/v2\/tags?post=65173"}],"curies":[{"name":"wp","href":"https:\/\/api.w.org\/{rel}","templated":true}]}}